{"id":61168,"date":"2016-01-21T02:22:24","date_gmt":"2016-01-21T01:22:24","guid":{"rendered":"http:\/\/eldigitaldeasturias.com\/magazine365\/?p=61168"},"modified":"2016-01-21T02:22:24","modified_gmt":"2016-01-21T01:22:24","slug":"zoido-critica-que-no-se-promociona-murillo-2017-pese-a-tener-la-colaboracion-de-gobierno","status":"publish","type":"post","link":"https:\/\/eldigitaldeasturias.com\/magazine365\/zoido-critica-que-no-se-promociona-murillo-2017-pese-a-tener-la-colaboracion-de-gobierno\/","title":{"rendered":"Zoido critica que \u00abno se promociona\u00bb Murillo 2017, pese a tener la \u00abcolaboraci\u00f3n\u00bb de Gobierno"},"content":{"rendered":"<p><img fetchpriority=\"high\" decoding=\"async\" class=\"alignleft size-medium wp-image-61169\" src=\"https:\/\/eldigitaldeasturias.com\/magazine365\/wp-content\/uploads\/2016\/01\/fotonoticia_20160119153430_800-360x203.jpg\" alt=\"fotonoticia_20160119153430_800\" width=\"360\" height=\"203\" srcset=\"https:\/\/eldigitaldeasturias.com\/magazine365\/wp-content\/uploads\/2016\/01\/fotonoticia_20160119153430_800-360x203.jpg 360w, https:\/\/eldigitaldeasturias.com\/magazine365\/wp-content\/uploads\/2016\/01\/fotonoticia_20160119153430_800-650x366.jpg 650w, https:\/\/eldigitaldeasturias.com\/magazine365\/wp-content\/uploads\/2016\/01\/fotonoticia_20160119153430_800-768x432.jpg 768w, https:\/\/eldigitaldeasturias.com\/magazine365\/wp-content\/uploads\/2016\/01\/fotonoticia_20160119153430_800-150x84.jpg 150w, https:\/\/eldigitaldeasturias.com\/magazine365\/wp-content\/uploads\/2016\/01\/fotonoticia_20160119153430_800-450x253.jpg 450w, https:\/\/eldigitaldeasturias.com\/magazine365\/wp-content\/uploads\/2016\/01\/fotonoticia_20160119153430_800-696x392.jpg 696w, https:\/\/eldigitaldeasturias.com\/magazine365\/wp-content\/uploads\/2016\/01\/fotonoticia_20160119153430_800-747x420.jpg 747w, https:\/\/eldigitaldeasturias.com\/magazine365\/wp-content\/uploads\/2016\/01\/fotonoticia_20160119153430_800-499x280.jpg 499w, https:\/\/eldigitaldeasturias.com\/magazine365\/wp-content\/uploads\/2016\/01\/fotonoticia_20160119153430_800-510x289.jpg 510w, https:\/\/eldigitaldeasturias.com\/magazine365\/wp-content\/uploads\/2016\/01\/fotonoticia_20160119153430_800.jpg 800w\" sizes=\"(max-width: 360px) 100vw, 360px\" \/>El portavoz del Grupo Popular en el Ayuntamiento de Sevilla, Juan Ignacio Zoido, ha se\u00f1alado que no entiende \u00abpor qu\u00e9 no se est\u00e1 promocionando\u00bb la iniciativa &#8216;Murillo 2017&#8217; en la Feria Internacional del Turismo (Fitur) de Madrid, al tratarse de un acontecimiento \u00abtan importante para Sevilla que se celebra el a\u00f1o que viene y que deber\u00eda estar presente en una feria tur\u00edstica tan importante\u00bb.<\/p>\n<p>\u00abEs fundamental que se vayan produciendo avances en la planificaci\u00f3n de la conmemoraci\u00f3n del cuarto centenario del nacimiento de Murillo, para la que el Gobierno central adem\u00e1s ha ratificado su total colaboraci\u00f3n, porque adem\u00e1s hay que recordar que el Pleno municipal aprob\u00f3 el pasado mes de diciembre por unanimidad una propuesta nuestra para constituir una comisi\u00f3n que impulsara &#8216;Murillo 2017&#8242;\u00bb, asegura en un comunicado.<\/p>\n<p>Zoido ha mantenido este martes una reuni\u00f3n en Madrid con el ministro de Hacienda y Administraciones P\u00fablicas, Crist\u00f3bal Montoro, en la que ha reiterado que la conmemoraci\u00f3n del nacimiento de Murillo tendr\u00e1 \u00abel mismo respaldo por parte del Gobierno central que tuvo por ejemplo el centenario del Greco\u00bb.<\/p>\n<p>As\u00ed, menciona la declaraci\u00f3n como acontecimiento excepcional de inter\u00e9s p\u00fablico, lo que permitir\u00eda a las empresas colaboradoras acogerse \u00aba importantes beneficios fiscales\u00bb, as\u00ed como la elaboraci\u00f3n de un sello y una moneda conmemorativos, im\u00e1genes de obras de Murillo en los billetes de la Loter\u00eda Nacional y otras iniciativas que recuerden y homenajeen al gran artista sevillano. \u00abY as\u00ed se lo transmiti\u00f3 adem\u00e1s al se\u00f1or Espadas cuando se reunieron\u00bb, seg\u00fan detalla.<\/p>\n<p>El portavoz popular ha recordado que en abril del a\u00f1o pasado mantuvo una reuni\u00f3n con la vicepresidenta del Gobierno, Soraya S\u00e1enz de Santamar\u00eda, quien ya destac\u00f3 que el proyecto de &#8216;Murillo 2017&#8217; era \u00abmuy completo y se comprometi\u00f3 a que el Gobierno de Espa\u00f1a impulsar\u00eda todas las medidas que pueda adoptar para que sea viable y factible\u00bb. \u00abUn proyecto de esta dimensi\u00f3n tiene una repercusi\u00f3n muy importante no s\u00f3lo a nivel cultural, sino tambi\u00e9n en el \u00e1mbito econ\u00f3mico y tur\u00edstico, por lo que ya deber\u00eda estar cerr\u00e1ndose su programaci\u00f3n e incluso promocion\u00e1ndose en Fitur\u00bb, agrega.<\/p>\n<p>Zoido ha se\u00f1alado que durante su gobierno se realizaron \u00abnumerosas\u00bb gestiones para impulsar un evento cultural de \u00abun alcance mundial, sabedores de que requiere de la implicaci\u00f3n de la Junta y el Gobierno central\u00bb. \u00abAs\u00ed, siempre hablamos de crear una fundaci\u00f3n p\u00fablica, como \u00f3rgano gestor caracterizado por la neutralidad pol\u00edtica, con un patronato presidido por los Reyes de Espa\u00f1a y en la que estuvieran representadas todas las administraciones p\u00fablicas implicadas, adem\u00e1s de patronos privados\u00bb, recalca.<\/p>\n<p>Por \u00faltimo, se\u00f1ala que, adem\u00e1s de ello, se dej\u00f3 \u00abavanzado un amplio programa de actos muy variados, que contemplaba exposiciones, restauraciones, investigaci\u00f3n y difusi\u00f3n, un programa musical e incluso la recuperaci\u00f3n de la Casa Murillo\u00bb.<\/p>\n","protected":false},"excerpt":{"rendered":"<p>El portavoz del Grupo Popular en el Ayuntamiento de Sevilla, Juan Ignacio Zoido, ha se\u00f1alado que no entiende \u00abpor qu\u00e9 no se est\u00e1 promocionando\u00bb la iniciativa &#8216;Murillo 2017&#8217; en la Feria Internacional del Turismo (Fitur) de Madrid, al tratarse de un acontecimiento \u00abtan importante para Sevilla que se celebra el a\u00f1o que viene y que<\/p>\n","protected":false},"author":1,"featured_media":61169,"comment_status":"open","ping_status":"closed","sticky":false,"template":"","format":"standard","meta":{"footnotes":""},"categories":[224],"tags":[],"class_list":{"0":"post-61168","1":"post","2":"type-post","3":"status-publish","4":"format-standard","5":"has-post-thumbnail","7":"category-noticias-actualidad"},"aioseo_notices":[],"aioseo_head":"\n\t\t<!-- All in One SEO Pro 4.9.6.1 - aioseo.com -->\n\t<meta name=\"description\" content=\"El portavoz del Grupo Popular en el Ayuntamiento de Sevilla, Juan Ignacio Zoido, ha se\u00f1alado que no entiende &quot;por qu\u00e9 no se est\u00e1 promocionando&quot; la iniciativa &#039;Murillo 2017&#039; en la Feria Internacional del Turismo (Fitur) de Madrid, al tratarse de un acontecimiento &quot;tan importante para Sevilla que se celebra el a\u00f1o que viene y que\" \/>\n\t<meta name=\"robots\" content=\"max-image-preview:large\" \/>\n\t<meta name=\"author\" content=\"admin\"\/>\n\t<meta name=\"google-site-verification\" content=\"UA-38556648-1\" \/>\n\t<meta name=\"keywords\" content=\"noticias y actualidad\" \/>\n\t<link rel=\"canonical\" href=\"https:\/\/eldigitaldeasturias.com\/magazine365\/zoido-critica-que-no-se-promociona-murillo-2017-pese-a-tener-la-colaboracion-de-gobierno\/\" \/>\n\t<meta name=\"generator\" content=\"All in One SEO Pro (AIOSEO) 4.9.6.1\" \/>\n\t\t<meta property=\"og:locale\" content=\"es_ES\" \/>\n\t\t<meta property=\"og:site_name\" content=\"El Digital de Asturias \u2013 Revista de ocio, turismo y estilo de vida\" \/>\n\t\t<meta property=\"og:type\" content=\"article\" \/>\n\t\t<meta property=\"og:title\" content=\"Zoido critica que \u00abno se promociona\u00bb Murillo 2017, pese a tener la \u00abcolaboraci\u00f3n\u00bb de Gobierno | El Digital de Asturias\" \/>\n\t\t<meta property=\"og:description\" content=\"El portavoz del Grupo Popular en el Ayuntamiento de Sevilla, Juan Ignacio Zoido, ha se\u00f1alado que no entiende &quot;por qu\u00e9 no se est\u00e1 promocionando&quot; la iniciativa &#039;Murillo 2017&#039; en la Feria Internacional del Turismo (Fitur) de Madrid, al tratarse de un acontecimiento &quot;tan importante para Sevilla que se celebra el a\u00f1o que viene y que\" \/>\n\t\t<meta property=\"og:url\" content=\"https:\/\/eldigitaldeasturias.com\/magazine365\/zoido-critica-que-no-se-promociona-murillo-2017-pese-a-tener-la-colaboracion-de-gobierno\/\" \/>\n\t\t<meta property=\"og:image\" content=\"https:\/\/eldigitaldeasturias.com\/magazine365\/wp-content\/uploads\/2016\/01\/fotonoticia_20160119153430_800.jpg\" \/>\n\t\t<meta property=\"og:image:secure_url\" content=\"https:\/\/eldigitaldeasturias.com\/magazine365\/wp-content\/uploads\/2016\/01\/fotonoticia_20160119153430_800.jpg\" \/>\n\t\t<meta property=\"og:image:width\" content=\"800\" \/>\n\t\t<meta property=\"og:image:height\" content=\"450\" \/>\n\t\t<meta property=\"article:published_time\" content=\"2016-01-21T01:22:24+00:00\" \/>\n\t\t<meta property=\"article:modified_time\" content=\"2016-01-21T01:22:24+00:00\" \/>\n\t\t<meta name=\"twitter:card\" content=\"summary_large_image\" \/>\n\t\t<meta name=\"twitter:title\" content=\"Zoido critica que \u00abno se promociona\u00bb Murillo 2017, pese a tener la \u00abcolaboraci\u00f3n\u00bb de Gobierno | El Digital de Asturias\" \/>\n\t\t<meta name=\"twitter:description\" content=\"El portavoz del Grupo Popular en el Ayuntamiento de Sevilla, Juan Ignacio Zoido, ha se\u00f1alado que no entiende &quot;por qu\u00e9 no se est\u00e1 promocionando&quot; la iniciativa &#039;Murillo 2017&#039; en la Feria Internacional del Turismo (Fitur) de Madrid, al tratarse de un acontecimiento &quot;tan importante para Sevilla que se celebra el a\u00f1o que viene y que\" \/>\n\t\t<meta name=\"twitter:image\" content=\"https:\/\/eldigitaldeasturias.com\/magazine365\/wp-content\/uploads\/2016\/01\/fotonoticia_20160119153430_800.jpg\" \/>\n\t\t<script type=\"application\/ld+json\" class=\"aioseo-schema\">\n\t\t\t{\"@context\":\"https:\\\/\\\/schema.org\",\"@graph\":[{\"@type\":\"Article\",\"@id\":\"https:\\\/\\\/eldigitaldeasturias.com\\\/magazine365\\\/zoido-critica-que-no-se-promociona-murillo-2017-pese-a-tener-la-colaboracion-de-gobierno\\\/#article\",\"name\":\"Zoido critica que \\u00abno se promociona\\u00bb Murillo 2017, pese a tener la \\u00abcolaboraci\\u00f3n\\u00bb de Gobierno | El Digital de Asturias\",\"headline\":\"Zoido critica que \\u00abno se promociona\\u00bb Murillo 2017, pese a tener la \\u00abcolaboraci\\u00f3n\\u00bb de Gobierno\",\"author\":{\"@id\":\"https:\\\/\\\/eldigitaldeasturias.com\\\/magazine365\\\/author\\\/admin\\\/#author\"},\"publisher\":{\"@id\":\"https:\\\/\\\/eldigitaldeasturias.com\\\/magazine365\\\/#organization\"},\"image\":{\"@type\":\"ImageObject\",\"url\":\"https:\\\/\\\/eldigitaldeasturias.com\\\/magazine365\\\/wp-content\\\/uploads\\\/2016\\\/01\\\/fotonoticia_20160119153430_800.jpg\",\"width\":800,\"height\":450},\"datePublished\":\"2016-01-21T02:22:24+01:00\",\"dateModified\":\"2016-01-21T02:22:24+01:00\",\"inLanguage\":\"es-ES\",\"mainEntityOfPage\":{\"@id\":\"https:\\\/\\\/eldigitaldeasturias.com\\\/magazine365\\\/zoido-critica-que-no-se-promociona-murillo-2017-pese-a-tener-la-colaboracion-de-gobierno\\\/#webpage\"},\"isPartOf\":{\"@id\":\"https:\\\/\\\/eldigitaldeasturias.com\\\/magazine365\\\/zoido-critica-que-no-se-promociona-murillo-2017-pese-a-tener-la-colaboracion-de-gobierno\\\/#webpage\"},\"articleSection\":\"Noticias y Actualidad\"},{\"@type\":\"BreadcrumbList\",\"@id\":\"https:\\\/\\\/eldigitaldeasturias.com\\\/magazine365\\\/zoido-critica-que-no-se-promociona-murillo-2017-pese-a-tener-la-colaboracion-de-gobierno\\\/#breadcrumblist\",\"itemListElement\":[{\"@type\":\"ListItem\",\"@id\":\"https:\\\/\\\/eldigitaldeasturias.com\\\/magazine365#listItem\",\"position\":1,\"name\":\"Home\",\"item\":\"https:\\\/\\\/eldigitaldeasturias.com\\\/magazine365\",\"nextItem\":{\"@type\":\"ListItem\",\"@id\":\"https:\\\/\\\/eldigitaldeasturias.com\\\/magazine365\\\/category\\\/noticias-actualidad\\\/#listItem\",\"name\":\"Noticias y Actualidad\"}},{\"@type\":\"ListItem\",\"@id\":\"https:\\\/\\\/eldigitaldeasturias.com\\\/magazine365\\\/category\\\/noticias-actualidad\\\/#listItem\",\"position\":2,\"name\":\"Noticias y Actualidad\",\"item\":\"https:\\\/\\\/eldigitaldeasturias.com\\\/magazine365\\\/category\\\/noticias-actualidad\\\/\",\"nextItem\":{\"@type\":\"ListItem\",\"@id\":\"https:\\\/\\\/eldigitaldeasturias.com\\\/magazine365\\\/zoido-critica-que-no-se-promociona-murillo-2017-pese-a-tener-la-colaboracion-de-gobierno\\\/#listItem\",\"name\":\"Zoido critica que \\u00abno se promociona\\u00bb Murillo 2017, pese a tener la \\u00abcolaboraci\\u00f3n\\u00bb de Gobierno\"},\"previousItem\":{\"@type\":\"ListItem\",\"@id\":\"https:\\\/\\\/eldigitaldeasturias.com\\\/magazine365#listItem\",\"name\":\"Home\"}},{\"@type\":\"ListItem\",\"@id\":\"https:\\\/\\\/eldigitaldeasturias.com\\\/magazine365\\\/zoido-critica-que-no-se-promociona-murillo-2017-pese-a-tener-la-colaboracion-de-gobierno\\\/#listItem\",\"position\":3,\"name\":\"Zoido critica que \\u00abno se promociona\\u00bb Murillo 2017, pese a tener la \\u00abcolaboraci\\u00f3n\\u00bb de Gobierno\",\"previousItem\":{\"@type\":\"ListItem\",\"@id\":\"https:\\\/\\\/eldigitaldeasturias.com\\\/magazine365\\\/category\\\/noticias-actualidad\\\/#listItem\",\"name\":\"Noticias y Actualidad\"}}]},{\"@type\":\"Organization\",\"@id\":\"https:\\\/\\\/eldigitaldeasturias.com\\\/magazine365\\\/#organization\",\"name\":\"El digital de Asturias\",\"description\":\"Revista de ocio, turismo y estilo de vida\",\"url\":\"https:\\\/\\\/eldigitaldeasturias.com\\\/magazine365\\\/\",\"logo\":{\"@type\":\"ImageObject\",\"url\":\"https:\\\/\\\/www.eldigitaldeasturias.com\\\/noticias\\\/wp-content\\\/uploads\\\/2020\\\/12\\\/EDA.jpg\",\"@id\":\"https:\\\/\\\/eldigitaldeasturias.com\\\/magazine365\\\/zoido-critica-que-no-se-promociona-murillo-2017-pese-a-tener-la-colaboracion-de-gobierno\\\/#organizationLogo\"},\"image\":{\"@id\":\"https:\\\/\\\/eldigitaldeasturias.com\\\/magazine365\\\/zoido-critica-que-no-se-promociona-murillo-2017-pese-a-tener-la-colaboracion-de-gobierno\\\/#organizationLogo\"}},{\"@type\":\"Person\",\"@id\":\"https:\\\/\\\/eldigitaldeasturias.com\\\/magazine365\\\/author\\\/admin\\\/#author\",\"url\":\"https:\\\/\\\/eldigitaldeasturias.com\\\/magazine365\\\/author\\\/admin\\\/\",\"name\":\"admin\",\"image\":{\"@type\":\"ImageObject\",\"@id\":\"https:\\\/\\\/eldigitaldeasturias.com\\\/magazine365\\\/zoido-critica-que-no-se-promociona-murillo-2017-pese-a-tener-la-colaboracion-de-gobierno\\\/#authorImage\",\"url\":\"https:\\\/\\\/eldigitaldeasturias.com\\\/magazine365\\\/wp-content\\\/litespeed\\\/avatar\\\/e571bcf59a0edd6fa6838245a470f2fe.jpg?ver=1776969259\",\"width\":96,\"height\":96,\"caption\":\"admin\"}},{\"@type\":\"WebPage\",\"@id\":\"https:\\\/\\\/eldigitaldeasturias.com\\\/magazine365\\\/zoido-critica-que-no-se-promociona-murillo-2017-pese-a-tener-la-colaboracion-de-gobierno\\\/#webpage\",\"url\":\"https:\\\/\\\/eldigitaldeasturias.com\\\/magazine365\\\/zoido-critica-que-no-se-promociona-murillo-2017-pese-a-tener-la-colaboracion-de-gobierno\\\/\",\"name\":\"Zoido critica que \\u00abno se promociona\\u00bb Murillo 2017, pese a tener la \\u00abcolaboraci\\u00f3n\\u00bb de Gobierno | El Digital de Asturias\",\"description\":\"El portavoz del Grupo Popular en el Ayuntamiento de Sevilla, Juan Ignacio Zoido, ha se\\u00f1alado que no entiende \\\"por qu\\u00e9 no se est\\u00e1 promocionando\\\" la iniciativa 'Murillo 2017' en la Feria Internacional del Turismo (Fitur) de Madrid, al tratarse de un acontecimiento \\\"tan importante para Sevilla que se celebra el a\\u00f1o que viene y que\",\"inLanguage\":\"es-ES\",\"isPartOf\":{\"@id\":\"https:\\\/\\\/eldigitaldeasturias.com\\\/magazine365\\\/#website\"},\"breadcrumb\":{\"@id\":\"https:\\\/\\\/eldigitaldeasturias.com\\\/magazine365\\\/zoido-critica-que-no-se-promociona-murillo-2017-pese-a-tener-la-colaboracion-de-gobierno\\\/#breadcrumblist\"},\"author\":{\"@id\":\"https:\\\/\\\/eldigitaldeasturias.com\\\/magazine365\\\/author\\\/admin\\\/#author\"},\"creator\":{\"@id\":\"https:\\\/\\\/eldigitaldeasturias.com\\\/magazine365\\\/author\\\/admin\\\/#author\"},\"image\":{\"@type\":\"ImageObject\",\"url\":\"https:\\\/\\\/eldigitaldeasturias.com\\\/magazine365\\\/wp-content\\\/uploads\\\/2016\\\/01\\\/fotonoticia_20160119153430_800.jpg\",\"@id\":\"https:\\\/\\\/eldigitaldeasturias.com\\\/magazine365\\\/zoido-critica-que-no-se-promociona-murillo-2017-pese-a-tener-la-colaboracion-de-gobierno\\\/#mainImage\",\"width\":800,\"height\":450},\"primaryImageOfPage\":{\"@id\":\"https:\\\/\\\/eldigitaldeasturias.com\\\/magazine365\\\/zoido-critica-que-no-se-promociona-murillo-2017-pese-a-tener-la-colaboracion-de-gobierno\\\/#mainImage\"},\"datePublished\":\"2016-01-21T02:22:24+01:00\",\"dateModified\":\"2016-01-21T02:22:24+01:00\"},{\"@type\":\"WebSite\",\"@id\":\"https:\\\/\\\/eldigitaldeasturias.com\\\/magazine365\\\/#website\",\"url\":\"https:\\\/\\\/eldigitaldeasturias.com\\\/magazine365\\\/\",\"name\":\"El Digital de Asturias\",\"description\":\"Revista de ocio, turismo y estilo de vida\",\"inLanguage\":\"es-ES\",\"publisher\":{\"@id\":\"https:\\\/\\\/eldigitaldeasturias.com\\\/magazine365\\\/#organization\"}}]}\n\t\t<\/script>\n\t\t<!-- All in One SEO Pro -->\r\n\t\t<title>Zoido critica que \u00abno se promociona\u00bb Murillo 2017, pese a tener la \u00abcolaboraci\u00f3n\u00bb de Gobierno | El Digital de Asturias<\/title>\n\n","aioseo_head_json":{"title":"Zoido critica que \u00abno se promociona\u00bb Murillo 2017, pese a tener la \u00abcolaboraci\u00f3n\u00bb de Gobierno | El Digital de Asturias","description":"El portavoz del Grupo Popular en el Ayuntamiento de Sevilla, Juan Ignacio Zoido, ha se\u00f1alado que no entiende \"por qu\u00e9 no se est\u00e1 promocionando\" la iniciativa 'Murillo 2017' en la Feria Internacional del Turismo (Fitur) de Madrid, al tratarse de un acontecimiento \"tan importante para Sevilla que se celebra el a\u00f1o que viene y que","canonical_url":"https:\/\/eldigitaldeasturias.com\/magazine365\/zoido-critica-que-no-se-promociona-murillo-2017-pese-a-tener-la-colaboracion-de-gobierno\/","robots":"max-image-preview:large","keywords":"noticias y actualidad","webmasterTools":{"google-site-verification":"UA-38556648-1","miscellaneous":""},"schema":{"@context":"https:\/\/schema.org","@graph":[{"@type":"Article","@id":"https:\/\/eldigitaldeasturias.com\/magazine365\/zoido-critica-que-no-se-promociona-murillo-2017-pese-a-tener-la-colaboracion-de-gobierno\/#article","name":"Zoido critica que \u00abno se promociona\u00bb Murillo 2017, pese a tener la \u00abcolaboraci\u00f3n\u00bb de Gobierno | El Digital de Asturias","headline":"Zoido critica que \u00abno se promociona\u00bb Murillo 2017, pese a tener la \u00abcolaboraci\u00f3n\u00bb de Gobierno","author":{"@id":"https:\/\/eldigitaldeasturias.com\/magazine365\/author\/admin\/#author"},"publisher":{"@id":"https:\/\/eldigitaldeasturias.com\/magazine365\/#organization"},"image":{"@type":"ImageObject","url":"https:\/\/eldigitaldeasturias.com\/magazine365\/wp-content\/uploads\/2016\/01\/fotonoticia_20160119153430_800.jpg","width":800,"height":450},"datePublished":"2016-01-21T02:22:24+01:00","dateModified":"2016-01-21T02:22:24+01:00","inLanguage":"es-ES","mainEntityOfPage":{"@id":"https:\/\/eldigitaldeasturias.com\/magazine365\/zoido-critica-que-no-se-promociona-murillo-2017-pese-a-tener-la-colaboracion-de-gobierno\/#webpage"},"isPartOf":{"@id":"https:\/\/eldigitaldeasturias.com\/magazine365\/zoido-critica-que-no-se-promociona-murillo-2017-pese-a-tener-la-colaboracion-de-gobierno\/#webpage"},"articleSection":"Noticias y Actualidad"},{"@type":"BreadcrumbList","@id":"https:\/\/eldigitaldeasturias.com\/magazine365\/zoido-critica-que-no-se-promociona-murillo-2017-pese-a-tener-la-colaboracion-de-gobierno\/#breadcrumblist","itemListElement":[{"@type":"ListItem","@id":"https:\/\/eldigitaldeasturias.com\/magazine365#listItem","position":1,"name":"Home","item":"https:\/\/eldigitaldeasturias.com\/magazine365","nextItem":{"@type":"ListItem","@id":"https:\/\/eldigitaldeasturias.com\/magazine365\/category\/noticias-actualidad\/#listItem","name":"Noticias y Actualidad"}},{"@type":"ListItem","@id":"https:\/\/eldigitaldeasturias.com\/magazine365\/category\/noticias-actualidad\/#listItem","position":2,"name":"Noticias y Actualidad","item":"https:\/\/eldigitaldeasturias.com\/magazine365\/category\/noticias-actualidad\/","nextItem":{"@type":"ListItem","@id":"https:\/\/eldigitaldeasturias.com\/magazine365\/zoido-critica-que-no-se-promociona-murillo-2017-pese-a-tener-la-colaboracion-de-gobierno\/#listItem","name":"Zoido critica que \u00abno se promociona\u00bb Murillo 2017, pese a tener la \u00abcolaboraci\u00f3n\u00bb de Gobierno"},"previousItem":{"@type":"ListItem","@id":"https:\/\/eldigitaldeasturias.com\/magazine365#listItem","name":"Home"}},{"@type":"ListItem","@id":"https:\/\/eldigitaldeasturias.com\/magazine365\/zoido-critica-que-no-se-promociona-murillo-2017-pese-a-tener-la-colaboracion-de-gobierno\/#listItem","position":3,"name":"Zoido critica que \u00abno se promociona\u00bb Murillo 2017, pese a tener la \u00abcolaboraci\u00f3n\u00bb de Gobierno","previousItem":{"@type":"ListItem","@id":"https:\/\/eldigitaldeasturias.com\/magazine365\/category\/noticias-actualidad\/#listItem","name":"Noticias y Actualidad"}}]},{"@type":"Organization","@id":"https:\/\/eldigitaldeasturias.com\/magazine365\/#organization","name":"El digital de Asturias","description":"Revista de ocio, turismo y estilo de vida","url":"https:\/\/eldigitaldeasturias.com\/magazine365\/","logo":{"@type":"ImageObject","url":"https:\/\/www.eldigitaldeasturias.com\/noticias\/wp-content\/uploads\/2020\/12\/EDA.jpg","@id":"https:\/\/eldigitaldeasturias.com\/magazine365\/zoido-critica-que-no-se-promociona-murillo-2017-pese-a-tener-la-colaboracion-de-gobierno\/#organizationLogo"},"image":{"@id":"https:\/\/eldigitaldeasturias.com\/magazine365\/zoido-critica-que-no-se-promociona-murillo-2017-pese-a-tener-la-colaboracion-de-gobierno\/#organizationLogo"}},{"@type":"Person","@id":"https:\/\/eldigitaldeasturias.com\/magazine365\/author\/admin\/#author","url":"https:\/\/eldigitaldeasturias.com\/magazine365\/author\/admin\/","name":"admin","image":{"@type":"ImageObject","@id":"https:\/\/eldigitaldeasturias.com\/magazine365\/zoido-critica-que-no-se-promociona-murillo-2017-pese-a-tener-la-colaboracion-de-gobierno\/#authorImage","url":"https:\/\/eldigitaldeasturias.com\/magazine365\/wp-content\/litespeed\/avatar\/e571bcf59a0edd6fa6838245a470f2fe.jpg?ver=1776969259","width":96,"height":96,"caption":"admin"}},{"@type":"WebPage","@id":"https:\/\/eldigitaldeasturias.com\/magazine365\/zoido-critica-que-no-se-promociona-murillo-2017-pese-a-tener-la-colaboracion-de-gobierno\/#webpage","url":"https:\/\/eldigitaldeasturias.com\/magazine365\/zoido-critica-que-no-se-promociona-murillo-2017-pese-a-tener-la-colaboracion-de-gobierno\/","name":"Zoido critica que \u00abno se promociona\u00bb Murillo 2017, pese a tener la \u00abcolaboraci\u00f3n\u00bb de Gobierno | El Digital de Asturias","description":"El portavoz del Grupo Popular en el Ayuntamiento de Sevilla, Juan Ignacio Zoido, ha se\u00f1alado que no entiende \"por qu\u00e9 no se est\u00e1 promocionando\" la iniciativa 'Murillo 2017' en la Feria Internacional del Turismo (Fitur) de Madrid, al tratarse de un acontecimiento \"tan importante para Sevilla que se celebra el a\u00f1o que viene y que","inLanguage":"es-ES","isPartOf":{"@id":"https:\/\/eldigitaldeasturias.com\/magazine365\/#website"},"breadcrumb":{"@id":"https:\/\/eldigitaldeasturias.com\/magazine365\/zoido-critica-que-no-se-promociona-murillo-2017-pese-a-tener-la-colaboracion-de-gobierno\/#breadcrumblist"},"author":{"@id":"https:\/\/eldigitaldeasturias.com\/magazine365\/author\/admin\/#author"},"creator":{"@id":"https:\/\/eldigitaldeasturias.com\/magazine365\/author\/admin\/#author"},"image":{"@type":"ImageObject","url":"https:\/\/eldigitaldeasturias.com\/magazine365\/wp-content\/uploads\/2016\/01\/fotonoticia_20160119153430_800.jpg","@id":"https:\/\/eldigitaldeasturias.com\/magazine365\/zoido-critica-que-no-se-promociona-murillo-2017-pese-a-tener-la-colaboracion-de-gobierno\/#mainImage","width":800,"height":450},"primaryImageOfPage":{"@id":"https:\/\/eldigitaldeasturias.com\/magazine365\/zoido-critica-que-no-se-promociona-murillo-2017-pese-a-tener-la-colaboracion-de-gobierno\/#mainImage"},"datePublished":"2016-01-21T02:22:24+01:00","dateModified":"2016-01-21T02:22:24+01:00"},{"@type":"WebSite","@id":"https:\/\/eldigitaldeasturias.com\/magazine365\/#website","url":"https:\/\/eldigitaldeasturias.com\/magazine365\/","name":"El Digital de Asturias","description":"Revista de ocio, turismo y estilo de vida","inLanguage":"es-ES","publisher":{"@id":"https:\/\/eldigitaldeasturias.com\/magazine365\/#organization"}}]},"og:locale":"es_ES","og:site_name":"El Digital de Asturias \u2013 Revista de ocio, turismo y estilo de vida","og:type":"article","og:title":"Zoido critica que \u00abno se promociona\u00bb Murillo 2017, pese a tener la \u00abcolaboraci\u00f3n\u00bb de Gobierno | El Digital de Asturias","og:description":"El portavoz del Grupo Popular en el Ayuntamiento de Sevilla, Juan Ignacio Zoido, ha se\u00f1alado que no entiende &quot;por qu\u00e9 no se est\u00e1 promocionando&quot; la iniciativa 'Murillo 2017' en la Feria Internacional del Turismo (Fitur) de Madrid, al tratarse de un acontecimiento &quot;tan importante para Sevilla que se celebra el a\u00f1o que viene y que","og:url":"https:\/\/eldigitaldeasturias.com\/magazine365\/zoido-critica-que-no-se-promociona-murillo-2017-pese-a-tener-la-colaboracion-de-gobierno\/","og:image":"https:\/\/eldigitaldeasturias.com\/magazine365\/wp-content\/uploads\/2016\/01\/fotonoticia_20160119153430_800.jpg","og:image:secure_url":"https:\/\/eldigitaldeasturias.com\/magazine365\/wp-content\/uploads\/2016\/01\/fotonoticia_20160119153430_800.jpg","og:image:width":800,"og:image:height":450,"article:published_time":"2016-01-21T01:22:24+00:00","article:modified_time":"2016-01-21T01:22:24+00:00","twitter:card":"summary_large_image","twitter:title":"Zoido critica que \u00abno se promociona\u00bb Murillo 2017, pese a tener la \u00abcolaboraci\u00f3n\u00bb de Gobierno | El Digital de Asturias","twitter:description":"El portavoz del Grupo Popular en el Ayuntamiento de Sevilla, Juan Ignacio Zoido, ha se\u00f1alado que no entiende &quot;por qu\u00e9 no se est\u00e1 promocionando&quot; la iniciativa 'Murillo 2017' en la Feria Internacional del Turismo (Fitur) de Madrid, al tratarse de un acontecimiento &quot;tan importante para Sevilla que se celebra el a\u00f1o que viene y que","twitter:image":"https:\/\/eldigitaldeasturias.com\/magazine365\/wp-content\/uploads\/2016\/01\/fotonoticia_20160119153430_800.jpg"},"aioseo_meta_data":{"post_id":"61168","title":null,"description":null,"keywords":null,"keyphrases":null,"primary_term":null,"canonical_url":null,"og_title":null,"og_description":null,"og_object_type":"default","og_image_type":"default","og_image_url":null,"og_image_width":null,"og_image_height":null,"og_image_custom_url":null,"og_image_custom_fields":null,"og_video":null,"og_custom_url":null,"og_article_section":null,"og_article_tags":null,"twitter_use_og":false,"twitter_card":"default","twitter_image_type":"default","twitter_image_url":null,"twitter_image_custom_url":null,"twitter_image_custom_fields":null,"twitter_title":null,"twitter_description":null,"schema":{"blockGraphs":[],"customGraphs":[],"default":{"data":{"Article":[],"Course":[],"Dataset":[],"FAQPage":[],"Movie":[],"Person":[],"Product":[],"ProductReview":[],"Car":[],"Recipe":[],"Service":[],"SoftwareApplication":[],"WebPage":[]},"graphName":"","isEnabled":true},"graphs":[],"defaultGraph":"","defaultPostTypeGraph":""},"schema_type":null,"schema_type_options":null,"pillar_content":false,"robots_default":true,"robots_noindex":false,"robots_noarchive":false,"robots_nosnippet":false,"robots_nofollow":false,"robots_noimageindex":false,"robots_noodp":false,"robots_notranslate":false,"robots_max_snippet":null,"robots_max_videopreview":null,"robots_max_imagepreview":"large","priority":null,"frequency":null,"location":null,"local_seo":null,"seo_analyzer_scan_date":"2025-09-25 08:22:57","breadcrumb_settings":null,"limit_modified_date":false,"open_ai":null,"ai":null,"created":"2021-03-08 21:52:40","updated":"2025-09-25 08:22:57"},"aioseo_breadcrumb":"<div class=\"aioseo-breadcrumbs\"><span class=\"aioseo-breadcrumb\">\n\t<a href=\"https:\/\/eldigitaldeasturias.com\/magazine365\" title=\"Home\">Home<\/a>\n<\/span><span class=\"aioseo-breadcrumb-separator\">\u2013<\/span><span class=\"aioseo-breadcrumb\">\n\t<a href=\"https:\/\/eldigitaldeasturias.com\/magazine365\/category\/noticias-actualidad\/\" title=\"Noticias y Actualidad\">Noticias y Actualidad<\/a>\n<\/span><span class=\"aioseo-breadcrumb-separator\">\u2013<\/span><span class=\"aioseo-breadcrumb\">\n\t<a href=\"https:\/\/eldigitaldeasturias.com\/magazine365\/zoido-critica-que-no-se-promociona-murillo-2017-pese-a-tener-la-colaboracion-de-gobierno\/\" title=\"Zoido critica que \u00abno se promociona\u00bb Murillo 2017, pese a tener la \u00abcolaboraci\u00f3n\u00bb de Gobierno\">Zoido critica que \u00abno se promociona\u00bb Murillo 2017, pese a tener la \u00abcolaboraci\u00f3n\u00bb de Gobierno<\/a>\n<\/span><\/div>","aioseo_breadcrumb_json":[{"label":"Home","link":"https:\/\/eldigitaldeasturias.com\/magazine365"},{"label":"Noticias y Actualidad","link":"https:\/\/eldigitaldeasturias.com\/magazine365\/category\/noticias-actualidad\/"},{"label":"Zoido critica que \u00abno se promociona\u00bb Murillo 2017, pese a tener la \u00abcolaboraci\u00f3n\u00bb de Gobierno","link":"https:\/\/eldigitaldeasturias.com\/magazine365\/zoido-critica-que-no-se-promociona-murillo-2017-pese-a-tener-la-colaboracion-de-gobierno\/"}],"_links":{"self":[{"href":"https:\/\/eldigitaldeasturias.com\/magazine365\/wp-json\/wp\/v2\/posts\/61168","targetHints":{"allow":["GET"]}}],"collection":[{"href":"https:\/\/eldigitaldeasturias.com\/magazine365\/wp-json\/wp\/v2\/posts"}],"about":[{"href":"https:\/\/eldigitaldeasturias.com\/magazine365\/wp-json\/wp\/v2\/types\/post"}],"author":[{"embeddable":true,"href":"https:\/\/eldigitaldeasturias.com\/magazine365\/wp-json\/wp\/v2\/users\/1"}],"replies":[{"embeddable":true,"href":"https:\/\/eldigitaldeasturias.com\/magazine365\/wp-json\/wp\/v2\/comments?post=61168"}],"version-history":[{"count":0,"href":"https:\/\/eldigitaldeasturias.com\/magazine365\/wp-json\/wp\/v2\/posts\/61168\/revisions"}],"wp:featuredmedia":[{"embeddable":true,"href":"https:\/\/eldigitaldeasturias.com\/magazine365\/wp-json\/wp\/v2\/media\/61169"}],"wp:attachment":[{"href":"https:\/\/eldigitaldeasturias.com\/magazine365\/wp-json\/wp\/v2\/media?parent=61168"}],"wp:term":[{"taxonomy":"category","embeddable":true,"href":"https:\/\/eldigitaldeasturias.com\/magazine365\/wp-json\/wp\/v2\/categories?post=61168"},{"taxonomy":"post_tag","embeddable":true,"href":"https:\/\/eldigitaldeasturias.com\/magazine365\/wp-json\/wp\/v2\/tags?post=61168"}],"curies":[{"name":"wp","href":"https:\/\/api.w.org\/{rel}","templated":true}]}}