{"id":61158,"date":"2016-01-21T02:18:56","date_gmt":"2016-01-21T01:18:56","guid":{"rendered":"http:\/\/eldigitaldeasturias.com\/magazine365\/?p=61158"},"modified":"2016-01-21T02:18:56","modified_gmt":"2016-01-21T01:18:56","slug":"aena-presentara-un-proyecto-pionero-de-personal-shopper-aeroportuario","status":"publish","type":"post","link":"https:\/\/eldigitaldeasturias.com\/magazine365\/aena-presentara-un-proyecto-pionero-de-personal-shopper-aeroportuario\/","title":{"rendered":"Aena presentar\u00e1 un proyecto pionero de &#8216;personal shopper&#8217; aeroportuario"},"content":{"rendered":"<p><img fetchpriority=\"high\" decoding=\"async\" class=\"alignleft size-medium wp-image-61159\" src=\"https:\/\/eldigitaldeasturias.com\/magazine365\/wp-content\/uploads\/2016\/01\/fotonoticia_20160119150902_800-360x270.jpg\" alt=\"fotonoticia_20160119150902_800\" width=\"360\" height=\"270\" srcset=\"https:\/\/eldigitaldeasturias.com\/magazine365\/wp-content\/uploads\/2016\/01\/fotonoticia_20160119150902_800-360x270.jpg 360w, https:\/\/eldigitaldeasturias.com\/magazine365\/wp-content\/uploads\/2016\/01\/fotonoticia_20160119150902_800-650x488.jpg 650w, https:\/\/eldigitaldeasturias.com\/magazine365\/wp-content\/uploads\/2016\/01\/fotonoticia_20160119150902_800-768x576.jpg 768w, https:\/\/eldigitaldeasturias.com\/magazine365\/wp-content\/uploads\/2016\/01\/fotonoticia_20160119150902_800-150x113.jpg 150w, https:\/\/eldigitaldeasturias.com\/magazine365\/wp-content\/uploads\/2016\/01\/fotonoticia_20160119150902_800-450x338.jpg 450w, https:\/\/eldigitaldeasturias.com\/magazine365\/wp-content\/uploads\/2016\/01\/fotonoticia_20160119150902_800-80x60.jpg 80w, https:\/\/eldigitaldeasturias.com\/magazine365\/wp-content\/uploads\/2016\/01\/fotonoticia_20160119150902_800-265x198.jpg 265w, https:\/\/eldigitaldeasturias.com\/magazine365\/wp-content\/uploads\/2016\/01\/fotonoticia_20160119150902_800-696x522.jpg 696w, https:\/\/eldigitaldeasturias.com\/magazine365\/wp-content\/uploads\/2016\/01\/fotonoticia_20160119150902_800-560x420.jpg 560w, https:\/\/eldigitaldeasturias.com\/magazine365\/wp-content\/uploads\/2016\/01\/fotonoticia_20160119150902_800-90x67.jpg 90w, https:\/\/eldigitaldeasturias.com\/magazine365\/wp-content\/uploads\/2016\/01\/fotonoticia_20160119150902_800-164x124.jpg 164w, https:\/\/eldigitaldeasturias.com\/magazine365\/wp-content\/uploads\/2016\/01\/fotonoticia_20160119150902_800-100x75.jpg 100w, https:\/\/eldigitaldeasturias.com\/magazine365\/wp-content\/uploads\/2016\/01\/fotonoticia_20160119150902_800.jpg 800w\" sizes=\"(max-width: 360px) 100vw, 360px\" \/>Los aeropuertos de la red de Aena, que cerraron 2015 con m\u00e1s de 207 millones de pasajeros, estar\u00e1n presentes este a\u00f1o en Fitur 2016, del 20 al 24 de enero, en la que presentar\u00e1n entre otras iniciativas un proyecto pionero de &#8216;personal shopper&#8217; para los viajeros de la T4 Sat\u00e9lite del Aeropuerto Adolfo Su\u00e1rez Madrid-Barajas.<\/p>\n<p>Aena estar\u00e1 presente con esta apuesta en Fitur Shopping, un evento B2B cuyo objetivo es la promoci\u00f3n del turismo de compras, donde presentar\u00e1 esta iniciativa de servicio gratuito de &#8216;personal shopper&#8217;, a trav\u00e9s de la agencia Young Promotion, especialista en &#8216;field marketing&#8217; aeroportuario y promociones de venta, que es responsable de iniciativas similares en los aeropuertos de Frankfurt y Viena.<\/p>\n<p>Entre las marcas participantes se encuentran firmas de moda, alta joyer\u00eda y accesorios como Salvatore Ferragamo, Carolina Herrera, Hour Passion (Swatch Group), Fuho Boss, Montblanc, Bvlgari, Loeww, Versace, Michael Kors, etc.<\/p>\n<p>Con este servicio se ofrece asesoramiento personalizado en distintos idiomas, asistencia con los tr\u00e1mites aduaneros y de gesti\u00f3n de impuestos y beneficios especiales. El servicio podr\u00e1 reservarse con antelaci\u00f3n o en el punto informativo emplazado en la propia terminal.<\/p>\n<p>Tambi\u00e9n ser\u00e1 posible recibir recomendaciones acerca de productos de alta gastronom\u00eda en Sibarium, deportivos en la tienda del Real Madrid e incluso, disfrutar de las \u00faltimas novedades de belleza y salud en el spa de la prestigiosa firma SHA.<\/p>\n<p>CONCURSO EN LAS REDES.<\/p>\n<p>Aena tambi\u00e9n estar\u00e1 presente a trav\u00e9s de las redes sociales e invitar\u00e1 a los visitantes a formar parte del stand a trav\u00e9s de un concurso de fotograf\u00edas en Facebook para subirlas al \u00e1lbum de Aena en Fitur 2016.<\/p>\n<p>Las fotograf\u00edas que m\u00e1s reacciones tengan ganar\u00e1n una tarjeta de acceso para dos personas a las salas VIP de Aena. Se realizar\u00e1n cuatro concursos los d\u00edas 20, 21 y 22 en distintas franjas horarias y las im\u00e1genes subidas al Facebook de Aena podr\u00e1n verse en dos pantallas instaladas en el propio stand.<\/p>\n<p>En el Pabell\u00f3n 10, que compartir\u00e1n con ENAIRE, Adif, Renfe y Puertos del Estado, una gran pantalla ofrecer\u00e1 una visi\u00f3n de la empresa en relaci\u00f3n a su aportaci\u00f3n al turismo con informaci\u00f3n detallada de cada aeropuerto y de los servicios que se prestar\u00e1n.<\/p>\n<p>El expositor cuenta con seis dispositivos desde los que se podr\u00e1 acceder a la App de Aena, una aplicaci\u00f3n gratuita para m\u00f3viles que permite consultar desde el estado de los vuelos en tiempo real a todo tipo de servicios de los aeropuertos, tales como oferta comercial, reserva de plazas de aparcamiento, salas VIP, etc..<\/p>\n<p>Tambi\u00e9n se mostrar\u00e1n las caracter\u00edsticas del Club Cliente que ofrece a loa pasajeros que eligen el avi\u00f3n para viajar entre Madrid y Barcelona ventajas en los aparcamientos de Barajas y El Prat, as\u00ed como descuentos en las salas VIP, restaurantes y alquiler de coche con conductor, entre otros.<\/p>\n","protected":false},"excerpt":{"rendered":"<p>Los aeropuertos de la red de Aena, que cerraron 2015 con m\u00e1s de 207 millones de pasajeros, estar\u00e1n presentes este a\u00f1o en Fitur 2016, del 20 al 24 de enero, en la que presentar\u00e1n entre otras iniciativas un proyecto pionero de &#8216;personal shopper&#8217; para los viajeros de la T4 Sat\u00e9lite del Aeropuerto Adolfo Su\u00e1rez Madrid-Barajas.<\/p>\n","protected":false},"author":1,"featured_media":61159,"comment_status":"open","ping_status":"closed","sticky":false,"template":"","format":"standard","meta":{"footnotes":""},"categories":[224],"tags":[],"class_list":{"0":"post-61158","1":"post","2":"type-post","3":"status-publish","4":"format-standard","5":"has-post-thumbnail","7":"category-noticias-actualidad"},"aioseo_notices":[],"aioseo_head":"\n\t\t<!-- All in One SEO Pro 4.9.6.1 - aioseo.com -->\n\t<meta name=\"description\" content=\"Los aeropuertos de la red de Aena, que cerraron 2015 con m\u00e1s de 207 millones de pasajeros, estar\u00e1n presentes este a\u00f1o en Fitur 2016, del 20 al 24 de enero, en la que presentar\u00e1n entre otras iniciativas un proyecto pionero de &#039;personal shopper&#039; para los viajeros de la T4 Sat\u00e9lite del Aeropuerto Adolfo Su\u00e1rez Madrid-Barajas.\" \/>\n\t<meta name=\"robots\" content=\"max-image-preview:large\" \/>\n\t<meta name=\"author\" content=\"admin\"\/>\n\t<meta name=\"google-site-verification\" content=\"UA-38556648-1\" \/>\n\t<meta name=\"keywords\" content=\"noticias y actualidad\" \/>\n\t<link rel=\"canonical\" href=\"https:\/\/eldigitaldeasturias.com\/magazine365\/aena-presentara-un-proyecto-pionero-de-personal-shopper-aeroportuario\/\" \/>\n\t<meta name=\"generator\" content=\"All in One SEO Pro (AIOSEO) 4.9.6.1\" \/>\n\t\t<meta property=\"og:locale\" content=\"es_ES\" \/>\n\t\t<meta property=\"og:site_name\" content=\"El Digital de Asturias \u2013 Revista de ocio, turismo y estilo de vida\" \/>\n\t\t<meta property=\"og:type\" content=\"article\" \/>\n\t\t<meta property=\"og:title\" content=\"Aena presentar\u00e1 un proyecto pionero de \u2018personal shopper\u2019 aeroportuario | El Digital de Asturias\" \/>\n\t\t<meta property=\"og:description\" content=\"Los aeropuertos de la red de Aena, que cerraron 2015 con m\u00e1s de 207 millones de pasajeros, estar\u00e1n presentes este a\u00f1o en Fitur 2016, del 20 al 24 de enero, en la que presentar\u00e1n entre otras iniciativas un proyecto pionero de &#039;personal shopper&#039; para los viajeros de la T4 Sat\u00e9lite del Aeropuerto Adolfo Su\u00e1rez Madrid-Barajas.\" \/>\n\t\t<meta property=\"og:url\" content=\"https:\/\/eldigitaldeasturias.com\/magazine365\/aena-presentara-un-proyecto-pionero-de-personal-shopper-aeroportuario\/\" \/>\n\t\t<meta property=\"og:image\" content=\"https:\/\/eldigitaldeasturias.com\/magazine365\/wp-content\/uploads\/2016\/01\/fotonoticia_20160119150902_800.jpg\" \/>\n\t\t<meta property=\"og:image:secure_url\" content=\"https:\/\/eldigitaldeasturias.com\/magazine365\/wp-content\/uploads\/2016\/01\/fotonoticia_20160119150902_800.jpg\" \/>\n\t\t<meta property=\"og:image:width\" content=\"800\" \/>\n\t\t<meta property=\"og:image:height\" content=\"600\" \/>\n\t\t<meta property=\"article:published_time\" content=\"2016-01-21T01:18:56+00:00\" \/>\n\t\t<meta property=\"article:modified_time\" content=\"2016-01-21T01:18:56+00:00\" \/>\n\t\t<meta name=\"twitter:card\" content=\"summary_large_image\" \/>\n\t\t<meta name=\"twitter:title\" content=\"Aena presentar\u00e1 un proyecto pionero de \u2018personal shopper\u2019 aeroportuario | El Digital de Asturias\" \/>\n\t\t<meta name=\"twitter:description\" content=\"Los aeropuertos de la red de Aena, que cerraron 2015 con m\u00e1s de 207 millones de pasajeros, estar\u00e1n presentes este a\u00f1o en Fitur 2016, del 20 al 24 de enero, en la que presentar\u00e1n entre otras iniciativas un proyecto pionero de &#039;personal shopper&#039; para los viajeros de la T4 Sat\u00e9lite del Aeropuerto Adolfo Su\u00e1rez Madrid-Barajas.\" \/>\n\t\t<meta name=\"twitter:image\" content=\"https:\/\/eldigitaldeasturias.com\/magazine365\/wp-content\/uploads\/2016\/01\/fotonoticia_20160119150902_800.jpg\" \/>\n\t\t<script type=\"application\/ld+json\" class=\"aioseo-schema\">\n\t\t\t{\"@context\":\"https:\\\/\\\/schema.org\",\"@graph\":[{\"@type\":\"Article\",\"@id\":\"https:\\\/\\\/eldigitaldeasturias.com\\\/magazine365\\\/aena-presentara-un-proyecto-pionero-de-personal-shopper-aeroportuario\\\/#article\",\"name\":\"Aena presentar\\u00e1 un proyecto pionero de \\u2018personal shopper\\u2019 aeroportuario | El Digital de Asturias\",\"headline\":\"Aena presentar\\u00e1 un proyecto pionero de &#8216;personal shopper&#8217; aeroportuario\",\"author\":{\"@id\":\"https:\\\/\\\/eldigitaldeasturias.com\\\/magazine365\\\/author\\\/admin\\\/#author\"},\"publisher\":{\"@id\":\"https:\\\/\\\/eldigitaldeasturias.com\\\/magazine365\\\/#organization\"},\"image\":{\"@type\":\"ImageObject\",\"url\":\"https:\\\/\\\/eldigitaldeasturias.com\\\/magazine365\\\/wp-content\\\/uploads\\\/2016\\\/01\\\/fotonoticia_20160119150902_800.jpg\",\"width\":800,\"height\":600},\"datePublished\":\"2016-01-21T02:18:56+01:00\",\"dateModified\":\"2016-01-21T02:18:56+01:00\",\"inLanguage\":\"es-ES\",\"mainEntityOfPage\":{\"@id\":\"https:\\\/\\\/eldigitaldeasturias.com\\\/magazine365\\\/aena-presentara-un-proyecto-pionero-de-personal-shopper-aeroportuario\\\/#webpage\"},\"isPartOf\":{\"@id\":\"https:\\\/\\\/eldigitaldeasturias.com\\\/magazine365\\\/aena-presentara-un-proyecto-pionero-de-personal-shopper-aeroportuario\\\/#webpage\"},\"articleSection\":\"Noticias y Actualidad\"},{\"@type\":\"BreadcrumbList\",\"@id\":\"https:\\\/\\\/eldigitaldeasturias.com\\\/magazine365\\\/aena-presentara-un-proyecto-pionero-de-personal-shopper-aeroportuario\\\/#breadcrumblist\",\"itemListElement\":[{\"@type\":\"ListItem\",\"@id\":\"https:\\\/\\\/eldigitaldeasturias.com\\\/magazine365#listItem\",\"position\":1,\"name\":\"Home\",\"item\":\"https:\\\/\\\/eldigitaldeasturias.com\\\/magazine365\",\"nextItem\":{\"@type\":\"ListItem\",\"@id\":\"https:\\\/\\\/eldigitaldeasturias.com\\\/magazine365\\\/category\\\/noticias-actualidad\\\/#listItem\",\"name\":\"Noticias y Actualidad\"}},{\"@type\":\"ListItem\",\"@id\":\"https:\\\/\\\/eldigitaldeasturias.com\\\/magazine365\\\/category\\\/noticias-actualidad\\\/#listItem\",\"position\":2,\"name\":\"Noticias y Actualidad\",\"item\":\"https:\\\/\\\/eldigitaldeasturias.com\\\/magazine365\\\/category\\\/noticias-actualidad\\\/\",\"nextItem\":{\"@type\":\"ListItem\",\"@id\":\"https:\\\/\\\/eldigitaldeasturias.com\\\/magazine365\\\/aena-presentara-un-proyecto-pionero-de-personal-shopper-aeroportuario\\\/#listItem\",\"name\":\"Aena presentar\\u00e1 un proyecto pionero de &#8216;personal shopper&#8217; aeroportuario\"},\"previousItem\":{\"@type\":\"ListItem\",\"@id\":\"https:\\\/\\\/eldigitaldeasturias.com\\\/magazine365#listItem\",\"name\":\"Home\"}},{\"@type\":\"ListItem\",\"@id\":\"https:\\\/\\\/eldigitaldeasturias.com\\\/magazine365\\\/aena-presentara-un-proyecto-pionero-de-personal-shopper-aeroportuario\\\/#listItem\",\"position\":3,\"name\":\"Aena presentar\\u00e1 un proyecto pionero de &#8216;personal shopper&#8217; aeroportuario\",\"previousItem\":{\"@type\":\"ListItem\",\"@id\":\"https:\\\/\\\/eldigitaldeasturias.com\\\/magazine365\\\/category\\\/noticias-actualidad\\\/#listItem\",\"name\":\"Noticias y Actualidad\"}}]},{\"@type\":\"Organization\",\"@id\":\"https:\\\/\\\/eldigitaldeasturias.com\\\/magazine365\\\/#organization\",\"name\":\"El digital de Asturias\",\"description\":\"Revista de ocio, turismo y estilo de vida\",\"url\":\"https:\\\/\\\/eldigitaldeasturias.com\\\/magazine365\\\/\",\"logo\":{\"@type\":\"ImageObject\",\"url\":\"https:\\\/\\\/www.eldigitaldeasturias.com\\\/noticias\\\/wp-content\\\/uploads\\\/2020\\\/12\\\/EDA.jpg\",\"@id\":\"https:\\\/\\\/eldigitaldeasturias.com\\\/magazine365\\\/aena-presentara-un-proyecto-pionero-de-personal-shopper-aeroportuario\\\/#organizationLogo\"},\"image\":{\"@id\":\"https:\\\/\\\/eldigitaldeasturias.com\\\/magazine365\\\/aena-presentara-un-proyecto-pionero-de-personal-shopper-aeroportuario\\\/#organizationLogo\"}},{\"@type\":\"Person\",\"@id\":\"https:\\\/\\\/eldigitaldeasturias.com\\\/magazine365\\\/author\\\/admin\\\/#author\",\"url\":\"https:\\\/\\\/eldigitaldeasturias.com\\\/magazine365\\\/author\\\/admin\\\/\",\"name\":\"admin\",\"image\":{\"@type\":\"ImageObject\",\"@id\":\"https:\\\/\\\/eldigitaldeasturias.com\\\/magazine365\\\/aena-presentara-un-proyecto-pionero-de-personal-shopper-aeroportuario\\\/#authorImage\",\"url\":\"https:\\\/\\\/eldigitaldeasturias.com\\\/magazine365\\\/wp-content\\\/litespeed\\\/avatar\\\/e571bcf59a0edd6fa6838245a470f2fe.jpg?ver=1776969259\",\"width\":96,\"height\":96,\"caption\":\"admin\"}},{\"@type\":\"WebPage\",\"@id\":\"https:\\\/\\\/eldigitaldeasturias.com\\\/magazine365\\\/aena-presentara-un-proyecto-pionero-de-personal-shopper-aeroportuario\\\/#webpage\",\"url\":\"https:\\\/\\\/eldigitaldeasturias.com\\\/magazine365\\\/aena-presentara-un-proyecto-pionero-de-personal-shopper-aeroportuario\\\/\",\"name\":\"Aena presentar\\u00e1 un proyecto pionero de \\u2018personal shopper\\u2019 aeroportuario | El Digital de Asturias\",\"description\":\"Los aeropuertos de la red de Aena, que cerraron 2015 con m\\u00e1s de 207 millones de pasajeros, estar\\u00e1n presentes este a\\u00f1o en Fitur 2016, del 20 al 24 de enero, en la que presentar\\u00e1n entre otras iniciativas un proyecto pionero de 'personal shopper' para los viajeros de la T4 Sat\\u00e9lite del Aeropuerto Adolfo Su\\u00e1rez Madrid-Barajas.\",\"inLanguage\":\"es-ES\",\"isPartOf\":{\"@id\":\"https:\\\/\\\/eldigitaldeasturias.com\\\/magazine365\\\/#website\"},\"breadcrumb\":{\"@id\":\"https:\\\/\\\/eldigitaldeasturias.com\\\/magazine365\\\/aena-presentara-un-proyecto-pionero-de-personal-shopper-aeroportuario\\\/#breadcrumblist\"},\"author\":{\"@id\":\"https:\\\/\\\/eldigitaldeasturias.com\\\/magazine365\\\/author\\\/admin\\\/#author\"},\"creator\":{\"@id\":\"https:\\\/\\\/eldigitaldeasturias.com\\\/magazine365\\\/author\\\/admin\\\/#author\"},\"image\":{\"@type\":\"ImageObject\",\"url\":\"https:\\\/\\\/eldigitaldeasturias.com\\\/magazine365\\\/wp-content\\\/uploads\\\/2016\\\/01\\\/fotonoticia_20160119150902_800.jpg\",\"@id\":\"https:\\\/\\\/eldigitaldeasturias.com\\\/magazine365\\\/aena-presentara-un-proyecto-pionero-de-personal-shopper-aeroportuario\\\/#mainImage\",\"width\":800,\"height\":600},\"primaryImageOfPage\":{\"@id\":\"https:\\\/\\\/eldigitaldeasturias.com\\\/magazine365\\\/aena-presentara-un-proyecto-pionero-de-personal-shopper-aeroportuario\\\/#mainImage\"},\"datePublished\":\"2016-01-21T02:18:56+01:00\",\"dateModified\":\"2016-01-21T02:18:56+01:00\"},{\"@type\":\"WebSite\",\"@id\":\"https:\\\/\\\/eldigitaldeasturias.com\\\/magazine365\\\/#website\",\"url\":\"https:\\\/\\\/eldigitaldeasturias.com\\\/magazine365\\\/\",\"name\":\"El Digital de Asturias\",\"description\":\"Revista de ocio, turismo y estilo de vida\",\"inLanguage\":\"es-ES\",\"publisher\":{\"@id\":\"https:\\\/\\\/eldigitaldeasturias.com\\\/magazine365\\\/#organization\"}}]}\n\t\t<\/script>\n\t\t<!-- All in One SEO Pro -->\r\n\t\t<title>Aena presentar\u00e1 un proyecto pionero de \u2018personal shopper\u2019 aeroportuario | El Digital de Asturias<\/title>\n\n","aioseo_head_json":{"title":"Aena presentar\u00e1 un proyecto pionero de \u2018personal shopper\u2019 aeroportuario | El Digital de Asturias","description":"Los aeropuertos de la red de Aena, que cerraron 2015 con m\u00e1s de 207 millones de pasajeros, estar\u00e1n presentes este a\u00f1o en Fitur 2016, del 20 al 24 de enero, en la que presentar\u00e1n entre otras iniciativas un proyecto pionero de 'personal shopper' para los viajeros de la T4 Sat\u00e9lite del Aeropuerto Adolfo Su\u00e1rez Madrid-Barajas.","canonical_url":"https:\/\/eldigitaldeasturias.com\/magazine365\/aena-presentara-un-proyecto-pionero-de-personal-shopper-aeroportuario\/","robots":"max-image-preview:large","keywords":"noticias y actualidad","webmasterTools":{"google-site-verification":"UA-38556648-1","miscellaneous":""},"schema":{"@context":"https:\/\/schema.org","@graph":[{"@type":"Article","@id":"https:\/\/eldigitaldeasturias.com\/magazine365\/aena-presentara-un-proyecto-pionero-de-personal-shopper-aeroportuario\/#article","name":"Aena presentar\u00e1 un proyecto pionero de \u2018personal shopper\u2019 aeroportuario | El Digital de Asturias","headline":"Aena presentar\u00e1 un proyecto pionero de &#8216;personal shopper&#8217; aeroportuario","author":{"@id":"https:\/\/eldigitaldeasturias.com\/magazine365\/author\/admin\/#author"},"publisher":{"@id":"https:\/\/eldigitaldeasturias.com\/magazine365\/#organization"},"image":{"@type":"ImageObject","url":"https:\/\/eldigitaldeasturias.com\/magazine365\/wp-content\/uploads\/2016\/01\/fotonoticia_20160119150902_800.jpg","width":800,"height":600},"datePublished":"2016-01-21T02:18:56+01:00","dateModified":"2016-01-21T02:18:56+01:00","inLanguage":"es-ES","mainEntityOfPage":{"@id":"https:\/\/eldigitaldeasturias.com\/magazine365\/aena-presentara-un-proyecto-pionero-de-personal-shopper-aeroportuario\/#webpage"},"isPartOf":{"@id":"https:\/\/eldigitaldeasturias.com\/magazine365\/aena-presentara-un-proyecto-pionero-de-personal-shopper-aeroportuario\/#webpage"},"articleSection":"Noticias y Actualidad"},{"@type":"BreadcrumbList","@id":"https:\/\/eldigitaldeasturias.com\/magazine365\/aena-presentara-un-proyecto-pionero-de-personal-shopper-aeroportuario\/#breadcrumblist","itemListElement":[{"@type":"ListItem","@id":"https:\/\/eldigitaldeasturias.com\/magazine365#listItem","position":1,"name":"Home","item":"https:\/\/eldigitaldeasturias.com\/magazine365","nextItem":{"@type":"ListItem","@id":"https:\/\/eldigitaldeasturias.com\/magazine365\/category\/noticias-actualidad\/#listItem","name":"Noticias y Actualidad"}},{"@type":"ListItem","@id":"https:\/\/eldigitaldeasturias.com\/magazine365\/category\/noticias-actualidad\/#listItem","position":2,"name":"Noticias y Actualidad","item":"https:\/\/eldigitaldeasturias.com\/magazine365\/category\/noticias-actualidad\/","nextItem":{"@type":"ListItem","@id":"https:\/\/eldigitaldeasturias.com\/magazine365\/aena-presentara-un-proyecto-pionero-de-personal-shopper-aeroportuario\/#listItem","name":"Aena presentar\u00e1 un proyecto pionero de &#8216;personal shopper&#8217; aeroportuario"},"previousItem":{"@type":"ListItem","@id":"https:\/\/eldigitaldeasturias.com\/magazine365#listItem","name":"Home"}},{"@type":"ListItem","@id":"https:\/\/eldigitaldeasturias.com\/magazine365\/aena-presentara-un-proyecto-pionero-de-personal-shopper-aeroportuario\/#listItem","position":3,"name":"Aena presentar\u00e1 un proyecto pionero de &#8216;personal shopper&#8217; aeroportuario","previousItem":{"@type":"ListItem","@id":"https:\/\/eldigitaldeasturias.com\/magazine365\/category\/noticias-actualidad\/#listItem","name":"Noticias y Actualidad"}}]},{"@type":"Organization","@id":"https:\/\/eldigitaldeasturias.com\/magazine365\/#organization","name":"El digital de Asturias","description":"Revista de ocio, turismo y estilo de vida","url":"https:\/\/eldigitaldeasturias.com\/magazine365\/","logo":{"@type":"ImageObject","url":"https:\/\/www.eldigitaldeasturias.com\/noticias\/wp-content\/uploads\/2020\/12\/EDA.jpg","@id":"https:\/\/eldigitaldeasturias.com\/magazine365\/aena-presentara-un-proyecto-pionero-de-personal-shopper-aeroportuario\/#organizationLogo"},"image":{"@id":"https:\/\/eldigitaldeasturias.com\/magazine365\/aena-presentara-un-proyecto-pionero-de-personal-shopper-aeroportuario\/#organizationLogo"}},{"@type":"Person","@id":"https:\/\/eldigitaldeasturias.com\/magazine365\/author\/admin\/#author","url":"https:\/\/eldigitaldeasturias.com\/magazine365\/author\/admin\/","name":"admin","image":{"@type":"ImageObject","@id":"https:\/\/eldigitaldeasturias.com\/magazine365\/aena-presentara-un-proyecto-pionero-de-personal-shopper-aeroportuario\/#authorImage","url":"https:\/\/eldigitaldeasturias.com\/magazine365\/wp-content\/litespeed\/avatar\/e571bcf59a0edd6fa6838245a470f2fe.jpg?ver=1776969259","width":96,"height":96,"caption":"admin"}},{"@type":"WebPage","@id":"https:\/\/eldigitaldeasturias.com\/magazine365\/aena-presentara-un-proyecto-pionero-de-personal-shopper-aeroportuario\/#webpage","url":"https:\/\/eldigitaldeasturias.com\/magazine365\/aena-presentara-un-proyecto-pionero-de-personal-shopper-aeroportuario\/","name":"Aena presentar\u00e1 un proyecto pionero de \u2018personal shopper\u2019 aeroportuario | El Digital de Asturias","description":"Los aeropuertos de la red de Aena, que cerraron 2015 con m\u00e1s de 207 millones de pasajeros, estar\u00e1n presentes este a\u00f1o en Fitur 2016, del 20 al 24 de enero, en la que presentar\u00e1n entre otras iniciativas un proyecto pionero de 'personal shopper' para los viajeros de la T4 Sat\u00e9lite del Aeropuerto Adolfo Su\u00e1rez Madrid-Barajas.","inLanguage":"es-ES","isPartOf":{"@id":"https:\/\/eldigitaldeasturias.com\/magazine365\/#website"},"breadcrumb":{"@id":"https:\/\/eldigitaldeasturias.com\/magazine365\/aena-presentara-un-proyecto-pionero-de-personal-shopper-aeroportuario\/#breadcrumblist"},"author":{"@id":"https:\/\/eldigitaldeasturias.com\/magazine365\/author\/admin\/#author"},"creator":{"@id":"https:\/\/eldigitaldeasturias.com\/magazine365\/author\/admin\/#author"},"image":{"@type":"ImageObject","url":"https:\/\/eldigitaldeasturias.com\/magazine365\/wp-content\/uploads\/2016\/01\/fotonoticia_20160119150902_800.jpg","@id":"https:\/\/eldigitaldeasturias.com\/magazine365\/aena-presentara-un-proyecto-pionero-de-personal-shopper-aeroportuario\/#mainImage","width":800,"height":600},"primaryImageOfPage":{"@id":"https:\/\/eldigitaldeasturias.com\/magazine365\/aena-presentara-un-proyecto-pionero-de-personal-shopper-aeroportuario\/#mainImage"},"datePublished":"2016-01-21T02:18:56+01:00","dateModified":"2016-01-21T02:18:56+01:00"},{"@type":"WebSite","@id":"https:\/\/eldigitaldeasturias.com\/magazine365\/#website","url":"https:\/\/eldigitaldeasturias.com\/magazine365\/","name":"El Digital de Asturias","description":"Revista de ocio, turismo y estilo de vida","inLanguage":"es-ES","publisher":{"@id":"https:\/\/eldigitaldeasturias.com\/magazine365\/#organization"}}]},"og:locale":"es_ES","og:site_name":"El Digital de Asturias \u2013 Revista de ocio, turismo y estilo de vida","og:type":"article","og:title":"Aena presentar\u00e1 un proyecto pionero de \u2018personal shopper\u2019 aeroportuario | El Digital de Asturias","og:description":"Los aeropuertos de la red de Aena, que cerraron 2015 con m\u00e1s de 207 millones de pasajeros, estar\u00e1n presentes este a\u00f1o en Fitur 2016, del 20 al 24 de enero, en la que presentar\u00e1n entre otras iniciativas un proyecto pionero de 'personal shopper' para los viajeros de la T4 Sat\u00e9lite del Aeropuerto Adolfo Su\u00e1rez Madrid-Barajas.","og:url":"https:\/\/eldigitaldeasturias.com\/magazine365\/aena-presentara-un-proyecto-pionero-de-personal-shopper-aeroportuario\/","og:image":"https:\/\/eldigitaldeasturias.com\/magazine365\/wp-content\/uploads\/2016\/01\/fotonoticia_20160119150902_800.jpg","og:image:secure_url":"https:\/\/eldigitaldeasturias.com\/magazine365\/wp-content\/uploads\/2016\/01\/fotonoticia_20160119150902_800.jpg","og:image:width":800,"og:image:height":600,"article:published_time":"2016-01-21T01:18:56+00:00","article:modified_time":"2016-01-21T01:18:56+00:00","twitter:card":"summary_large_image","twitter:title":"Aena presentar\u00e1 un proyecto pionero de \u2018personal shopper\u2019 aeroportuario | El Digital de Asturias","twitter:description":"Los aeropuertos de la red de Aena, que cerraron 2015 con m\u00e1s de 207 millones de pasajeros, estar\u00e1n presentes este a\u00f1o en Fitur 2016, del 20 al 24 de enero, en la que presentar\u00e1n entre otras iniciativas un proyecto pionero de 'personal shopper' para los viajeros de la T4 Sat\u00e9lite del Aeropuerto Adolfo Su\u00e1rez Madrid-Barajas.","twitter:image":"https:\/\/eldigitaldeasturias.com\/magazine365\/wp-content\/uploads\/2016\/01\/fotonoticia_20160119150902_800.jpg"},"aioseo_meta_data":{"post_id":"61158","title":null,"description":null,"keywords":null,"keyphrases":null,"primary_term":null,"canonical_url":null,"og_title":null,"og_description":null,"og_object_type":"default","og_image_type":"default","og_image_url":null,"og_image_width":null,"og_image_height":null,"og_image_custom_url":null,"og_image_custom_fields":null,"og_video":null,"og_custom_url":null,"og_article_section":null,"og_article_tags":null,"twitter_use_og":false,"twitter_card":"default","twitter_image_type":"default","twitter_image_url":null,"twitter_image_custom_url":null,"twitter_image_custom_fields":null,"twitter_title":null,"twitter_description":null,"schema":{"blockGraphs":[],"customGraphs":[],"default":{"data":{"Article":[],"Course":[],"Dataset":[],"FAQPage":[],"Movie":[],"Person":[],"Product":[],"ProductReview":[],"Car":[],"Recipe":[],"Service":[],"SoftwareApplication":[],"WebPage":[]},"graphName":"","isEnabled":true},"graphs":[],"defaultGraph":"","defaultPostTypeGraph":""},"schema_type":null,"schema_type_options":null,"pillar_content":false,"robots_default":true,"robots_noindex":false,"robots_noarchive":false,"robots_nosnippet":false,"robots_nofollow":false,"robots_noimageindex":false,"robots_noodp":false,"robots_notranslate":false,"robots_max_snippet":null,"robots_max_videopreview":null,"robots_max_imagepreview":"large","priority":null,"frequency":null,"location":null,"local_seo":null,"seo_analyzer_scan_date":"2025-09-25 08:21:26","breadcrumb_settings":null,"limit_modified_date":false,"open_ai":null,"ai":null,"created":"2021-03-08 21:52:40","updated":"2025-09-25 08:21:26"},"aioseo_breadcrumb":"<div class=\"aioseo-breadcrumbs\"><span class=\"aioseo-breadcrumb\">\n\t<a href=\"https:\/\/eldigitaldeasturias.com\/magazine365\" title=\"Home\">Home<\/a>\n<\/span><span class=\"aioseo-breadcrumb-separator\">\u2013<\/span><span class=\"aioseo-breadcrumb\">\n\t<a href=\"https:\/\/eldigitaldeasturias.com\/magazine365\/category\/noticias-actualidad\/\" title=\"Noticias y Actualidad\">Noticias y Actualidad<\/a>\n<\/span><span class=\"aioseo-breadcrumb-separator\">\u2013<\/span><span class=\"aioseo-breadcrumb\">\n\t<a href=\"https:\/\/eldigitaldeasturias.com\/magazine365\/aena-presentara-un-proyecto-pionero-de-personal-shopper-aeroportuario\/\" title=\"Aena presentar\u00e1 un proyecto pionero de \u2018personal shopper\u2019 aeroportuario\">Aena presentar\u00e1 un proyecto pionero de \u2018personal shopper\u2019 aeroportuario<\/a>\n<\/span><\/div>","aioseo_breadcrumb_json":[{"label":"Home","link":"https:\/\/eldigitaldeasturias.com\/magazine365"},{"label":"Noticias y Actualidad","link":"https:\/\/eldigitaldeasturias.com\/magazine365\/category\/noticias-actualidad\/"},{"label":"Aena presentar\u00e1 un proyecto pionero de &#8216;personal shopper&#8217; aeroportuario","link":"https:\/\/eldigitaldeasturias.com\/magazine365\/aena-presentara-un-proyecto-pionero-de-personal-shopper-aeroportuario\/"}],"_links":{"self":[{"href":"https:\/\/eldigitaldeasturias.com\/magazine365\/wp-json\/wp\/v2\/posts\/61158","targetHints":{"allow":["GET"]}}],"collection":[{"href":"https:\/\/eldigitaldeasturias.com\/magazine365\/wp-json\/wp\/v2\/posts"}],"about":[{"href":"https:\/\/eldigitaldeasturias.com\/magazine365\/wp-json\/wp\/v2\/types\/post"}],"author":[{"embeddable":true,"href":"https:\/\/eldigitaldeasturias.com\/magazine365\/wp-json\/wp\/v2\/users\/1"}],"replies":[{"embeddable":true,"href":"https:\/\/eldigitaldeasturias.com\/magazine365\/wp-json\/wp\/v2\/comments?post=61158"}],"version-history":[{"count":0,"href":"https:\/\/eldigitaldeasturias.com\/magazine365\/wp-json\/wp\/v2\/posts\/61158\/revisions"}],"wp:featuredmedia":[{"embeddable":true,"href":"https:\/\/eldigitaldeasturias.com\/magazine365\/wp-json\/wp\/v2\/media\/61159"}],"wp:attachment":[{"href":"https:\/\/eldigitaldeasturias.com\/magazine365\/wp-json\/wp\/v2\/media?parent=61158"}],"wp:term":[{"taxonomy":"category","embeddable":true,"href":"https:\/\/eldigitaldeasturias.com\/magazine365\/wp-json\/wp\/v2\/categories?post=61158"},{"taxonomy":"post_tag","embeddable":true,"href":"https:\/\/eldigitaldeasturias.com\/magazine365\/wp-json\/wp\/v2\/tags?post=61158"}],"curies":[{"name":"wp","href":"https:\/\/api.w.org\/{rel}","templated":true}]}}