{"id":61151,"date":"2016-01-20T20:26:44","date_gmt":"2016-01-20T19:26:44","guid":{"rendered":"http:\/\/eldigitaldeasturias.com\/magazine365\/?p=61151"},"modified":"2016-01-20T20:26:44","modified_gmt":"2016-01-20T19:26:44","slug":"nace-la-primera-red-de-hoteles-solidarios-con-el-alzheimer-en-espana","status":"publish","type":"post","link":"https:\/\/eldigitaldeasturias.com\/magazine365\/nace-la-primera-red-de-hoteles-solidarios-con-el-alzheimer-en-espana\/","title":{"rendered":"Nace la primera red de hoteles solidarios con el Alzheimer en Espa\u00f1a"},"content":{"rendered":"<p><img fetchpriority=\"high\" decoding=\"async\" class=\"alignleft size-medium wp-image-61152\" src=\"https:\/\/eldigitaldeasturias.com\/magazine365\/wp-content\/uploads\/2016\/01\/fotonoticia_20160119143936_800-360x270.jpg\" alt=\"fotonoticia_20160119143936_800\" width=\"360\" height=\"270\" srcset=\"https:\/\/eldigitaldeasturias.com\/magazine365\/wp-content\/uploads\/2016\/01\/fotonoticia_20160119143936_800-360x270.jpg 360w, https:\/\/eldigitaldeasturias.com\/magazine365\/wp-content\/uploads\/2016\/01\/fotonoticia_20160119143936_800-650x488.jpg 650w, https:\/\/eldigitaldeasturias.com\/magazine365\/wp-content\/uploads\/2016\/01\/fotonoticia_20160119143936_800-768x576.jpg 768w, https:\/\/eldigitaldeasturias.com\/magazine365\/wp-content\/uploads\/2016\/01\/fotonoticia_20160119143936_800-150x113.jpg 150w, https:\/\/eldigitaldeasturias.com\/magazine365\/wp-content\/uploads\/2016\/01\/fotonoticia_20160119143936_800-450x338.jpg 450w, https:\/\/eldigitaldeasturias.com\/magazine365\/wp-content\/uploads\/2016\/01\/fotonoticia_20160119143936_800-80x60.jpg 80w, https:\/\/eldigitaldeasturias.com\/magazine365\/wp-content\/uploads\/2016\/01\/fotonoticia_20160119143936_800-265x198.jpg 265w, https:\/\/eldigitaldeasturias.com\/magazine365\/wp-content\/uploads\/2016\/01\/fotonoticia_20160119143936_800-696x522.jpg 696w, https:\/\/eldigitaldeasturias.com\/magazine365\/wp-content\/uploads\/2016\/01\/fotonoticia_20160119143936_800-560x420.jpg 560w, https:\/\/eldigitaldeasturias.com\/magazine365\/wp-content\/uploads\/2016\/01\/fotonoticia_20160119143936_800-90x67.jpg 90w, https:\/\/eldigitaldeasturias.com\/magazine365\/wp-content\/uploads\/2016\/01\/fotonoticia_20160119143936_800-164x124.jpg 164w, https:\/\/eldigitaldeasturias.com\/magazine365\/wp-content\/uploads\/2016\/01\/fotonoticia_20160119143936_800-100x75.jpg 100w, https:\/\/eldigitaldeasturias.com\/magazine365\/wp-content\/uploads\/2016\/01\/fotonoticia_20160119143936_800.jpg 800w\" sizes=\"(max-width: 360px) 100vw, 360px\" \/>La Confederaci\u00f3n Espa\u00f1ola de Asociaciones de Familiares de Personas con Alzheimer y otras Demencias (CEAFA) y Bed4U Hotels han creado juntos la primera red en Espa\u00f1a de hoteles solidarios con el Alzheimer, un proyecto puesto en marcha con el objetivo de mejorar la calidad de vida de las personas con esta enfermedad y la de sus familiares y cuidadores.<\/p>\n<p>El acuerdo se ha suscrito este martes en Pamplona y, a partir de ahora, los hoteles de la cadena ofrecer\u00e1n a sus clientes &#8216;Habitaciones Solidarias con el Alzheimer&#8217;, en sus instalaciones de Pamplona, Tudela y Castej\u00f3n (Navarra).<\/p>\n<p>Gracias a esta iniciativa, cada persona que realice la reserva en una de ellas estar\u00e1 donando un porcentaje del precio de la habitaci\u00f3n. En concreto, Bed4U Hotels aportar\u00e1 a CEAFA un donativo de dos euros al d\u00eda por habitaci\u00f3n y, adem\u00e1s, los clientes, de manera opcional, podr\u00e1n a\u00f1adir a la hora de la reserva un euro como donativo.<\/p>\n<p>La presidenta de CEAFA, Cheles Cantabrana, ha recordado que esta iniciativa se enmarca en la campa\u00f1a emprendida en 2012 &#8216;Solidarios con el Alzheimer&#8217;, para reivindicar una pol\u00edtica de Estado sobre esta enfermedad.<\/p>\n<p>Seg\u00fan ha celebrado, \u00abde una forma muy sencilla\u00bb se est\u00e1 contribuyendo a mejorar la calidad de vida de las personas que padecen la enfermedad y la de sus familiares o cuidadores. Con esta acci\u00f3n Bed4U Hotels se suma a casi 600 entidades p\u00fablicas y privadas que ya se han incorporado a este proyecto.<\/p>\n<p>Por su parte, el CEO y socio fundador de Bed4U Hotels, Ram\u00f3n Sola, ha subrayado que la cadena hotelera, pionera en este proyecto, \u00absiempre ha sido una cadena de hoteles innovadora y poco conformista\u00bb, al igual que sus clientes, \u00abque buscan la compra inteligente\u00bb.<\/p>\n<p>\u00abTenemos la intuici\u00f3n de que va funcionar, porque en cuatro d\u00edas que la habitaci\u00f3n solidaria con el Alzheimer lleva publicada en nuestra p\u00e1gina web hemos recibido ya dos reservas\u00bb, ha celebrado.<\/p>\n<p>La Confederaci\u00f3n Espa\u00f1ola de Asociaciones de Familiares de Personas con Alzheimer y otras Demencias (CEAFA) es una entidad que agrupa a m\u00e1s de 300 Asociaciones de Familiares, y que representa los intereses y necesidades de los m\u00e1s de 4,2 millones de personas que conviven en Espa\u00f1a con la enfermedad de Alzheimer y otras demencias (incluyendo tambi\u00e9n a los familiares cuidadores).<\/p>\n<p>El Alzheimer representa m\u00e1s del 60% de la dependencia en el pa\u00eds, y supone un coste anual de 35.000 millones de euros.<\/p>\n<p>Bed4U Hotels es una cadena hotelera navarra gestionada bajo el concepto del &#8216;Smart Cost&#8217; y orientada al turista inteligente. Con hoteles en Pamplona, Tudela y Castej\u00f3n, ofrece un total de 212 habitaciones de dise\u00f1o moderno en el que prevalece la practicidad, los servicios y la tecnolog\u00eda.<\/p>\n","protected":false},"excerpt":{"rendered":"<p>La Confederaci\u00f3n Espa\u00f1ola de Asociaciones de Familiares de Personas con Alzheimer y otras Demencias (CEAFA) y Bed4U Hotels han creado juntos la primera red en Espa\u00f1a de hoteles solidarios con el Alzheimer, un proyecto puesto en marcha con el objetivo de mejorar la calidad de vida de las personas con esta enfermedad y la de<\/p>\n","protected":false},"author":1,"featured_media":61152,"comment_status":"open","ping_status":"closed","sticky":false,"template":"","format":"standard","meta":{"footnotes":""},"categories":[224],"tags":[],"class_list":{"0":"post-61151","1":"post","2":"type-post","3":"status-publish","4":"format-standard","5":"has-post-thumbnail","7":"category-noticias-actualidad"},"aioseo_notices":[],"aioseo_head":"\n\t\t<!-- All in One SEO Pro 4.9.6.1 - aioseo.com -->\n\t<meta name=\"description\" content=\"La Confederaci\u00f3n Espa\u00f1ola de Asociaciones de Familiares de Personas con Alzheimer y otras Demencias (CEAFA) y Bed4U Hotels han creado juntos la primera red en Espa\u00f1a de hoteles solidarios con el Alzheimer, un proyecto puesto en marcha con el objetivo de mejorar la calidad de vida de las personas con esta enfermedad y la de\" \/>\n\t<meta name=\"robots\" content=\"max-image-preview:large\" \/>\n\t<meta name=\"author\" content=\"admin\"\/>\n\t<meta name=\"google-site-verification\" content=\"UA-38556648-1\" \/>\n\t<meta name=\"keywords\" content=\"noticias y actualidad\" \/>\n\t<link rel=\"canonical\" href=\"https:\/\/eldigitaldeasturias.com\/magazine365\/nace-la-primera-red-de-hoteles-solidarios-con-el-alzheimer-en-espana\/\" \/>\n\t<meta name=\"generator\" content=\"All in One SEO Pro (AIOSEO) 4.9.6.1\" \/>\n\t\t<meta property=\"og:locale\" content=\"es_ES\" \/>\n\t\t<meta property=\"og:site_name\" content=\"El Digital de Asturias \u2013 Revista de ocio, turismo y estilo de vida\" \/>\n\t\t<meta property=\"og:type\" content=\"article\" \/>\n\t\t<meta property=\"og:title\" content=\"Nace la primera red de hoteles solidarios con el Alzheimer en Espa\u00f1a | El Digital de Asturias\" \/>\n\t\t<meta property=\"og:description\" content=\"La Confederaci\u00f3n Espa\u00f1ola de Asociaciones de Familiares de Personas con Alzheimer y otras Demencias (CEAFA) y Bed4U Hotels han creado juntos la primera red en Espa\u00f1a de hoteles solidarios con el Alzheimer, un proyecto puesto en marcha con el objetivo de mejorar la calidad de vida de las personas con esta enfermedad y la de\" \/>\n\t\t<meta property=\"og:url\" content=\"https:\/\/eldigitaldeasturias.com\/magazine365\/nace-la-primera-red-de-hoteles-solidarios-con-el-alzheimer-en-espana\/\" \/>\n\t\t<meta property=\"og:image\" content=\"https:\/\/eldigitaldeasturias.com\/magazine365\/wp-content\/uploads\/2016\/01\/fotonoticia_20160119143936_800.jpg\" \/>\n\t\t<meta property=\"og:image:secure_url\" content=\"https:\/\/eldigitaldeasturias.com\/magazine365\/wp-content\/uploads\/2016\/01\/fotonoticia_20160119143936_800.jpg\" \/>\n\t\t<meta property=\"og:image:width\" content=\"800\" \/>\n\t\t<meta property=\"og:image:height\" content=\"600\" \/>\n\t\t<meta property=\"article:published_time\" content=\"2016-01-20T19:26:44+00:00\" \/>\n\t\t<meta property=\"article:modified_time\" content=\"2016-01-20T19:26:44+00:00\" \/>\n\t\t<meta name=\"twitter:card\" content=\"summary_large_image\" \/>\n\t\t<meta name=\"twitter:title\" content=\"Nace la primera red de hoteles solidarios con el Alzheimer en Espa\u00f1a | El Digital de Asturias\" \/>\n\t\t<meta name=\"twitter:description\" content=\"La Confederaci\u00f3n Espa\u00f1ola de Asociaciones de Familiares de Personas con Alzheimer y otras Demencias (CEAFA) y Bed4U Hotels han creado juntos la primera red en Espa\u00f1a de hoteles solidarios con el Alzheimer, un proyecto puesto en marcha con el objetivo de mejorar la calidad de vida de las personas con esta enfermedad y la de\" \/>\n\t\t<meta name=\"twitter:image\" content=\"https:\/\/eldigitaldeasturias.com\/magazine365\/wp-content\/uploads\/2016\/01\/fotonoticia_20160119143936_800.jpg\" \/>\n\t\t<script type=\"application\/ld+json\" class=\"aioseo-schema\">\n\t\t\t{\"@context\":\"https:\\\/\\\/schema.org\",\"@graph\":[{\"@type\":\"Article\",\"@id\":\"https:\\\/\\\/eldigitaldeasturias.com\\\/magazine365\\\/nace-la-primera-red-de-hoteles-solidarios-con-el-alzheimer-en-espana\\\/#article\",\"name\":\"Nace la primera red de hoteles solidarios con el Alzheimer en Espa\\u00f1a | El Digital de Asturias\",\"headline\":\"Nace la primera red de hoteles solidarios con el Alzheimer en Espa\\u00f1a\",\"author\":{\"@id\":\"https:\\\/\\\/eldigitaldeasturias.com\\\/magazine365\\\/author\\\/admin\\\/#author\"},\"publisher\":{\"@id\":\"https:\\\/\\\/eldigitaldeasturias.com\\\/magazine365\\\/#organization\"},\"image\":{\"@type\":\"ImageObject\",\"url\":\"https:\\\/\\\/eldigitaldeasturias.com\\\/magazine365\\\/wp-content\\\/uploads\\\/2016\\\/01\\\/fotonoticia_20160119143936_800.jpg\",\"width\":800,\"height\":600},\"datePublished\":\"2016-01-20T20:26:44+01:00\",\"dateModified\":\"2016-01-20T20:26:44+01:00\",\"inLanguage\":\"es-ES\",\"mainEntityOfPage\":{\"@id\":\"https:\\\/\\\/eldigitaldeasturias.com\\\/magazine365\\\/nace-la-primera-red-de-hoteles-solidarios-con-el-alzheimer-en-espana\\\/#webpage\"},\"isPartOf\":{\"@id\":\"https:\\\/\\\/eldigitaldeasturias.com\\\/magazine365\\\/nace-la-primera-red-de-hoteles-solidarios-con-el-alzheimer-en-espana\\\/#webpage\"},\"articleSection\":\"Noticias y Actualidad\"},{\"@type\":\"BreadcrumbList\",\"@id\":\"https:\\\/\\\/eldigitaldeasturias.com\\\/magazine365\\\/nace-la-primera-red-de-hoteles-solidarios-con-el-alzheimer-en-espana\\\/#breadcrumblist\",\"itemListElement\":[{\"@type\":\"ListItem\",\"@id\":\"https:\\\/\\\/eldigitaldeasturias.com\\\/magazine365#listItem\",\"position\":1,\"name\":\"Home\",\"item\":\"https:\\\/\\\/eldigitaldeasturias.com\\\/magazine365\",\"nextItem\":{\"@type\":\"ListItem\",\"@id\":\"https:\\\/\\\/eldigitaldeasturias.com\\\/magazine365\\\/category\\\/noticias-actualidad\\\/#listItem\",\"name\":\"Noticias y Actualidad\"}},{\"@type\":\"ListItem\",\"@id\":\"https:\\\/\\\/eldigitaldeasturias.com\\\/magazine365\\\/category\\\/noticias-actualidad\\\/#listItem\",\"position\":2,\"name\":\"Noticias y Actualidad\",\"item\":\"https:\\\/\\\/eldigitaldeasturias.com\\\/magazine365\\\/category\\\/noticias-actualidad\\\/\",\"nextItem\":{\"@type\":\"ListItem\",\"@id\":\"https:\\\/\\\/eldigitaldeasturias.com\\\/magazine365\\\/nace-la-primera-red-de-hoteles-solidarios-con-el-alzheimer-en-espana\\\/#listItem\",\"name\":\"Nace la primera red de hoteles solidarios con el Alzheimer en Espa\\u00f1a\"},\"previousItem\":{\"@type\":\"ListItem\",\"@id\":\"https:\\\/\\\/eldigitaldeasturias.com\\\/magazine365#listItem\",\"name\":\"Home\"}},{\"@type\":\"ListItem\",\"@id\":\"https:\\\/\\\/eldigitaldeasturias.com\\\/magazine365\\\/nace-la-primera-red-de-hoteles-solidarios-con-el-alzheimer-en-espana\\\/#listItem\",\"position\":3,\"name\":\"Nace la primera red de hoteles solidarios con el Alzheimer en Espa\\u00f1a\",\"previousItem\":{\"@type\":\"ListItem\",\"@id\":\"https:\\\/\\\/eldigitaldeasturias.com\\\/magazine365\\\/category\\\/noticias-actualidad\\\/#listItem\",\"name\":\"Noticias y Actualidad\"}}]},{\"@type\":\"Organization\",\"@id\":\"https:\\\/\\\/eldigitaldeasturias.com\\\/magazine365\\\/#organization\",\"name\":\"El digital de Asturias\",\"description\":\"Revista de ocio, turismo y estilo de vida\",\"url\":\"https:\\\/\\\/eldigitaldeasturias.com\\\/magazine365\\\/\",\"logo\":{\"@type\":\"ImageObject\",\"url\":\"https:\\\/\\\/www.eldigitaldeasturias.com\\\/noticias\\\/wp-content\\\/uploads\\\/2020\\\/12\\\/EDA.jpg\",\"@id\":\"https:\\\/\\\/eldigitaldeasturias.com\\\/magazine365\\\/nace-la-primera-red-de-hoteles-solidarios-con-el-alzheimer-en-espana\\\/#organizationLogo\"},\"image\":{\"@id\":\"https:\\\/\\\/eldigitaldeasturias.com\\\/magazine365\\\/nace-la-primera-red-de-hoteles-solidarios-con-el-alzheimer-en-espana\\\/#organizationLogo\"}},{\"@type\":\"Person\",\"@id\":\"https:\\\/\\\/eldigitaldeasturias.com\\\/magazine365\\\/author\\\/admin\\\/#author\",\"url\":\"https:\\\/\\\/eldigitaldeasturias.com\\\/magazine365\\\/author\\\/admin\\\/\",\"name\":\"admin\",\"image\":{\"@type\":\"ImageObject\",\"@id\":\"https:\\\/\\\/eldigitaldeasturias.com\\\/magazine365\\\/nace-la-primera-red-de-hoteles-solidarios-con-el-alzheimer-en-espana\\\/#authorImage\",\"url\":\"https:\\\/\\\/eldigitaldeasturias.com\\\/magazine365\\\/wp-content\\\/litespeed\\\/avatar\\\/e571bcf59a0edd6fa6838245a470f2fe.jpg?ver=1776969259\",\"width\":96,\"height\":96,\"caption\":\"admin\"}},{\"@type\":\"WebPage\",\"@id\":\"https:\\\/\\\/eldigitaldeasturias.com\\\/magazine365\\\/nace-la-primera-red-de-hoteles-solidarios-con-el-alzheimer-en-espana\\\/#webpage\",\"url\":\"https:\\\/\\\/eldigitaldeasturias.com\\\/magazine365\\\/nace-la-primera-red-de-hoteles-solidarios-con-el-alzheimer-en-espana\\\/\",\"name\":\"Nace la primera red de hoteles solidarios con el Alzheimer en Espa\\u00f1a | El Digital de Asturias\",\"description\":\"La Confederaci\\u00f3n Espa\\u00f1ola de Asociaciones de Familiares de Personas con Alzheimer y otras Demencias (CEAFA) y Bed4U Hotels han creado juntos la primera red en Espa\\u00f1a de hoteles solidarios con el Alzheimer, un proyecto puesto en marcha con el objetivo de mejorar la calidad de vida de las personas con esta enfermedad y la de\",\"inLanguage\":\"es-ES\",\"isPartOf\":{\"@id\":\"https:\\\/\\\/eldigitaldeasturias.com\\\/magazine365\\\/#website\"},\"breadcrumb\":{\"@id\":\"https:\\\/\\\/eldigitaldeasturias.com\\\/magazine365\\\/nace-la-primera-red-de-hoteles-solidarios-con-el-alzheimer-en-espana\\\/#breadcrumblist\"},\"author\":{\"@id\":\"https:\\\/\\\/eldigitaldeasturias.com\\\/magazine365\\\/author\\\/admin\\\/#author\"},\"creator\":{\"@id\":\"https:\\\/\\\/eldigitaldeasturias.com\\\/magazine365\\\/author\\\/admin\\\/#author\"},\"image\":{\"@type\":\"ImageObject\",\"url\":\"https:\\\/\\\/eldigitaldeasturias.com\\\/magazine365\\\/wp-content\\\/uploads\\\/2016\\\/01\\\/fotonoticia_20160119143936_800.jpg\",\"@id\":\"https:\\\/\\\/eldigitaldeasturias.com\\\/magazine365\\\/nace-la-primera-red-de-hoteles-solidarios-con-el-alzheimer-en-espana\\\/#mainImage\",\"width\":800,\"height\":600},\"primaryImageOfPage\":{\"@id\":\"https:\\\/\\\/eldigitaldeasturias.com\\\/magazine365\\\/nace-la-primera-red-de-hoteles-solidarios-con-el-alzheimer-en-espana\\\/#mainImage\"},\"datePublished\":\"2016-01-20T20:26:44+01:00\",\"dateModified\":\"2016-01-20T20:26:44+01:00\"},{\"@type\":\"WebSite\",\"@id\":\"https:\\\/\\\/eldigitaldeasturias.com\\\/magazine365\\\/#website\",\"url\":\"https:\\\/\\\/eldigitaldeasturias.com\\\/magazine365\\\/\",\"name\":\"El Digital de Asturias\",\"description\":\"Revista de ocio, turismo y estilo de vida\",\"inLanguage\":\"es-ES\",\"publisher\":{\"@id\":\"https:\\\/\\\/eldigitaldeasturias.com\\\/magazine365\\\/#organization\"}}]}\n\t\t<\/script>\n\t\t<!-- All in One SEO Pro -->\r\n\t\t<title>Nace la primera red de hoteles solidarios con el Alzheimer en Espa\u00f1a | El Digital de Asturias<\/title>\n\n","aioseo_head_json":{"title":"Nace la primera red de hoteles solidarios con el Alzheimer en Espa\u00f1a | El Digital de Asturias","description":"La Confederaci\u00f3n Espa\u00f1ola de Asociaciones de Familiares de Personas con Alzheimer y otras Demencias (CEAFA) y Bed4U Hotels han creado juntos la primera red en Espa\u00f1a de hoteles solidarios con el Alzheimer, un proyecto puesto en marcha con el objetivo de mejorar la calidad de vida de las personas con esta enfermedad y la de","canonical_url":"https:\/\/eldigitaldeasturias.com\/magazine365\/nace-la-primera-red-de-hoteles-solidarios-con-el-alzheimer-en-espana\/","robots":"max-image-preview:large","keywords":"noticias y actualidad","webmasterTools":{"google-site-verification":"UA-38556648-1","miscellaneous":""},"schema":{"@context":"https:\/\/schema.org","@graph":[{"@type":"Article","@id":"https:\/\/eldigitaldeasturias.com\/magazine365\/nace-la-primera-red-de-hoteles-solidarios-con-el-alzheimer-en-espana\/#article","name":"Nace la primera red de hoteles solidarios con el Alzheimer en Espa\u00f1a | El Digital de Asturias","headline":"Nace la primera red de hoteles solidarios con el Alzheimer en Espa\u00f1a","author":{"@id":"https:\/\/eldigitaldeasturias.com\/magazine365\/author\/admin\/#author"},"publisher":{"@id":"https:\/\/eldigitaldeasturias.com\/magazine365\/#organization"},"image":{"@type":"ImageObject","url":"https:\/\/eldigitaldeasturias.com\/magazine365\/wp-content\/uploads\/2016\/01\/fotonoticia_20160119143936_800.jpg","width":800,"height":600},"datePublished":"2016-01-20T20:26:44+01:00","dateModified":"2016-01-20T20:26:44+01:00","inLanguage":"es-ES","mainEntityOfPage":{"@id":"https:\/\/eldigitaldeasturias.com\/magazine365\/nace-la-primera-red-de-hoteles-solidarios-con-el-alzheimer-en-espana\/#webpage"},"isPartOf":{"@id":"https:\/\/eldigitaldeasturias.com\/magazine365\/nace-la-primera-red-de-hoteles-solidarios-con-el-alzheimer-en-espana\/#webpage"},"articleSection":"Noticias y Actualidad"},{"@type":"BreadcrumbList","@id":"https:\/\/eldigitaldeasturias.com\/magazine365\/nace-la-primera-red-de-hoteles-solidarios-con-el-alzheimer-en-espana\/#breadcrumblist","itemListElement":[{"@type":"ListItem","@id":"https:\/\/eldigitaldeasturias.com\/magazine365#listItem","position":1,"name":"Home","item":"https:\/\/eldigitaldeasturias.com\/magazine365","nextItem":{"@type":"ListItem","@id":"https:\/\/eldigitaldeasturias.com\/magazine365\/category\/noticias-actualidad\/#listItem","name":"Noticias y Actualidad"}},{"@type":"ListItem","@id":"https:\/\/eldigitaldeasturias.com\/magazine365\/category\/noticias-actualidad\/#listItem","position":2,"name":"Noticias y Actualidad","item":"https:\/\/eldigitaldeasturias.com\/magazine365\/category\/noticias-actualidad\/","nextItem":{"@type":"ListItem","@id":"https:\/\/eldigitaldeasturias.com\/magazine365\/nace-la-primera-red-de-hoteles-solidarios-con-el-alzheimer-en-espana\/#listItem","name":"Nace la primera red de hoteles solidarios con el Alzheimer en Espa\u00f1a"},"previousItem":{"@type":"ListItem","@id":"https:\/\/eldigitaldeasturias.com\/magazine365#listItem","name":"Home"}},{"@type":"ListItem","@id":"https:\/\/eldigitaldeasturias.com\/magazine365\/nace-la-primera-red-de-hoteles-solidarios-con-el-alzheimer-en-espana\/#listItem","position":3,"name":"Nace la primera red de hoteles solidarios con el Alzheimer en Espa\u00f1a","previousItem":{"@type":"ListItem","@id":"https:\/\/eldigitaldeasturias.com\/magazine365\/category\/noticias-actualidad\/#listItem","name":"Noticias y Actualidad"}}]},{"@type":"Organization","@id":"https:\/\/eldigitaldeasturias.com\/magazine365\/#organization","name":"El digital de Asturias","description":"Revista de ocio, turismo y estilo de vida","url":"https:\/\/eldigitaldeasturias.com\/magazine365\/","logo":{"@type":"ImageObject","url":"https:\/\/www.eldigitaldeasturias.com\/noticias\/wp-content\/uploads\/2020\/12\/EDA.jpg","@id":"https:\/\/eldigitaldeasturias.com\/magazine365\/nace-la-primera-red-de-hoteles-solidarios-con-el-alzheimer-en-espana\/#organizationLogo"},"image":{"@id":"https:\/\/eldigitaldeasturias.com\/magazine365\/nace-la-primera-red-de-hoteles-solidarios-con-el-alzheimer-en-espana\/#organizationLogo"}},{"@type":"Person","@id":"https:\/\/eldigitaldeasturias.com\/magazine365\/author\/admin\/#author","url":"https:\/\/eldigitaldeasturias.com\/magazine365\/author\/admin\/","name":"admin","image":{"@type":"ImageObject","@id":"https:\/\/eldigitaldeasturias.com\/magazine365\/nace-la-primera-red-de-hoteles-solidarios-con-el-alzheimer-en-espana\/#authorImage","url":"https:\/\/eldigitaldeasturias.com\/magazine365\/wp-content\/litespeed\/avatar\/e571bcf59a0edd6fa6838245a470f2fe.jpg?ver=1776969259","width":96,"height":96,"caption":"admin"}},{"@type":"WebPage","@id":"https:\/\/eldigitaldeasturias.com\/magazine365\/nace-la-primera-red-de-hoteles-solidarios-con-el-alzheimer-en-espana\/#webpage","url":"https:\/\/eldigitaldeasturias.com\/magazine365\/nace-la-primera-red-de-hoteles-solidarios-con-el-alzheimer-en-espana\/","name":"Nace la primera red de hoteles solidarios con el Alzheimer en Espa\u00f1a | El Digital de Asturias","description":"La Confederaci\u00f3n Espa\u00f1ola de Asociaciones de Familiares de Personas con Alzheimer y otras Demencias (CEAFA) y Bed4U Hotels han creado juntos la primera red en Espa\u00f1a de hoteles solidarios con el Alzheimer, un proyecto puesto en marcha con el objetivo de mejorar la calidad de vida de las personas con esta enfermedad y la de","inLanguage":"es-ES","isPartOf":{"@id":"https:\/\/eldigitaldeasturias.com\/magazine365\/#website"},"breadcrumb":{"@id":"https:\/\/eldigitaldeasturias.com\/magazine365\/nace-la-primera-red-de-hoteles-solidarios-con-el-alzheimer-en-espana\/#breadcrumblist"},"author":{"@id":"https:\/\/eldigitaldeasturias.com\/magazine365\/author\/admin\/#author"},"creator":{"@id":"https:\/\/eldigitaldeasturias.com\/magazine365\/author\/admin\/#author"},"image":{"@type":"ImageObject","url":"https:\/\/eldigitaldeasturias.com\/magazine365\/wp-content\/uploads\/2016\/01\/fotonoticia_20160119143936_800.jpg","@id":"https:\/\/eldigitaldeasturias.com\/magazine365\/nace-la-primera-red-de-hoteles-solidarios-con-el-alzheimer-en-espana\/#mainImage","width":800,"height":600},"primaryImageOfPage":{"@id":"https:\/\/eldigitaldeasturias.com\/magazine365\/nace-la-primera-red-de-hoteles-solidarios-con-el-alzheimer-en-espana\/#mainImage"},"datePublished":"2016-01-20T20:26:44+01:00","dateModified":"2016-01-20T20:26:44+01:00"},{"@type":"WebSite","@id":"https:\/\/eldigitaldeasturias.com\/magazine365\/#website","url":"https:\/\/eldigitaldeasturias.com\/magazine365\/","name":"El Digital de Asturias","description":"Revista de ocio, turismo y estilo de vida","inLanguage":"es-ES","publisher":{"@id":"https:\/\/eldigitaldeasturias.com\/magazine365\/#organization"}}]},"og:locale":"es_ES","og:site_name":"El Digital de Asturias \u2013 Revista de ocio, turismo y estilo de vida","og:type":"article","og:title":"Nace la primera red de hoteles solidarios con el Alzheimer en Espa\u00f1a | El Digital de Asturias","og:description":"La Confederaci\u00f3n Espa\u00f1ola de Asociaciones de Familiares de Personas con Alzheimer y otras Demencias (CEAFA) y Bed4U Hotels han creado juntos la primera red en Espa\u00f1a de hoteles solidarios con el Alzheimer, un proyecto puesto en marcha con el objetivo de mejorar la calidad de vida de las personas con esta enfermedad y la de","og:url":"https:\/\/eldigitaldeasturias.com\/magazine365\/nace-la-primera-red-de-hoteles-solidarios-con-el-alzheimer-en-espana\/","og:image":"https:\/\/eldigitaldeasturias.com\/magazine365\/wp-content\/uploads\/2016\/01\/fotonoticia_20160119143936_800.jpg","og:image:secure_url":"https:\/\/eldigitaldeasturias.com\/magazine365\/wp-content\/uploads\/2016\/01\/fotonoticia_20160119143936_800.jpg","og:image:width":800,"og:image:height":600,"article:published_time":"2016-01-20T19:26:44+00:00","article:modified_time":"2016-01-20T19:26:44+00:00","twitter:card":"summary_large_image","twitter:title":"Nace la primera red de hoteles solidarios con el Alzheimer en Espa\u00f1a | El Digital de Asturias","twitter:description":"La Confederaci\u00f3n Espa\u00f1ola de Asociaciones de Familiares de Personas con Alzheimer y otras Demencias (CEAFA) y Bed4U Hotels han creado juntos la primera red en Espa\u00f1a de hoteles solidarios con el Alzheimer, un proyecto puesto en marcha con el objetivo de mejorar la calidad de vida de las personas con esta enfermedad y la de","twitter:image":"https:\/\/eldigitaldeasturias.com\/magazine365\/wp-content\/uploads\/2016\/01\/fotonoticia_20160119143936_800.jpg"},"aioseo_meta_data":{"post_id":"61151","title":null,"description":null,"keywords":null,"keyphrases":null,"primary_term":null,"canonical_url":null,"og_title":null,"og_description":null,"og_object_type":"default","og_image_type":"default","og_image_url":null,"og_image_width":null,"og_image_height":null,"og_image_custom_url":null,"og_image_custom_fields":null,"og_video":null,"og_custom_url":null,"og_article_section":null,"og_article_tags":null,"twitter_use_og":false,"twitter_card":"default","twitter_image_type":"default","twitter_image_url":null,"twitter_image_custom_url":null,"twitter_image_custom_fields":null,"twitter_title":null,"twitter_description":null,"schema":{"blockGraphs":[],"customGraphs":[],"default":{"data":{"Article":[],"Course":[],"Dataset":[],"FAQPage":[],"Movie":[],"Person":[],"Product":[],"ProductReview":[],"Car":[],"Recipe":[],"Service":[],"SoftwareApplication":[],"WebPage":[]},"graphName":"","isEnabled":true},"graphs":[],"defaultGraph":"","defaultPostTypeGraph":""},"schema_type":null,"schema_type_options":null,"pillar_content":false,"robots_default":true,"robots_noindex":false,"robots_noarchive":false,"robots_nosnippet":false,"robots_nofollow":false,"robots_noimageindex":false,"robots_noodp":false,"robots_notranslate":false,"robots_max_snippet":null,"robots_max_videopreview":null,"robots_max_imagepreview":"large","priority":null,"frequency":null,"location":null,"local_seo":null,"seo_analyzer_scan_date":"2025-09-25 08:21:23","breadcrumb_settings":null,"limit_modified_date":false,"open_ai":null,"ai":null,"created":"2021-03-08 21:52:40","updated":"2025-09-25 08:21:23"},"aioseo_breadcrumb":"<div class=\"aioseo-breadcrumbs\"><span class=\"aioseo-breadcrumb\">\n\t<a href=\"https:\/\/eldigitaldeasturias.com\/magazine365\" title=\"Home\">Home<\/a>\n<\/span><span class=\"aioseo-breadcrumb-separator\">\u2013<\/span><span class=\"aioseo-breadcrumb\">\n\t<a href=\"https:\/\/eldigitaldeasturias.com\/magazine365\/category\/noticias-actualidad\/\" title=\"Noticias y Actualidad\">Noticias y Actualidad<\/a>\n<\/span><span class=\"aioseo-breadcrumb-separator\">\u2013<\/span><span class=\"aioseo-breadcrumb\">\n\t<a href=\"https:\/\/eldigitaldeasturias.com\/magazine365\/nace-la-primera-red-de-hoteles-solidarios-con-el-alzheimer-en-espana\/\" title=\"Nace la primera red de hoteles solidarios con el Alzheimer en Espa\u00f1a\">Nace la primera red de hoteles solidarios con el Alzheimer en Espa\u00f1a<\/a>\n<\/span><\/div>","aioseo_breadcrumb_json":[{"label":"Home","link":"https:\/\/eldigitaldeasturias.com\/magazine365"},{"label":"Noticias y Actualidad","link":"https:\/\/eldigitaldeasturias.com\/magazine365\/category\/noticias-actualidad\/"},{"label":"Nace la primera red de hoteles solidarios con el Alzheimer en Espa\u00f1a","link":"https:\/\/eldigitaldeasturias.com\/magazine365\/nace-la-primera-red-de-hoteles-solidarios-con-el-alzheimer-en-espana\/"}],"_links":{"self":[{"href":"https:\/\/eldigitaldeasturias.com\/magazine365\/wp-json\/wp\/v2\/posts\/61151","targetHints":{"allow":["GET"]}}],"collection":[{"href":"https:\/\/eldigitaldeasturias.com\/magazine365\/wp-json\/wp\/v2\/posts"}],"about":[{"href":"https:\/\/eldigitaldeasturias.com\/magazine365\/wp-json\/wp\/v2\/types\/post"}],"author":[{"embeddable":true,"href":"https:\/\/eldigitaldeasturias.com\/magazine365\/wp-json\/wp\/v2\/users\/1"}],"replies":[{"embeddable":true,"href":"https:\/\/eldigitaldeasturias.com\/magazine365\/wp-json\/wp\/v2\/comments?post=61151"}],"version-history":[{"count":0,"href":"https:\/\/eldigitaldeasturias.com\/magazine365\/wp-json\/wp\/v2\/posts\/61151\/revisions"}],"wp:featuredmedia":[{"embeddable":true,"href":"https:\/\/eldigitaldeasturias.com\/magazine365\/wp-json\/wp\/v2\/media\/61152"}],"wp:attachment":[{"href":"https:\/\/eldigitaldeasturias.com\/magazine365\/wp-json\/wp\/v2\/media?parent=61151"}],"wp:term":[{"taxonomy":"category","embeddable":true,"href":"https:\/\/eldigitaldeasturias.com\/magazine365\/wp-json\/wp\/v2\/categories?post=61151"},{"taxonomy":"post_tag","embeddable":true,"href":"https:\/\/eldigitaldeasturias.com\/magazine365\/wp-json\/wp\/v2\/tags?post=61151"}],"curies":[{"name":"wp","href":"https:\/\/api.w.org\/{rel}","templated":true}]}}