{"id":61145,"date":"2016-01-20T20:23:24","date_gmt":"2016-01-20T19:23:24","guid":{"rendered":"http:\/\/eldigitaldeasturias.com\/magazine365\/?p=61145"},"modified":"2016-01-20T20:23:24","modified_gmt":"2016-01-20T19:23:24","slug":"wwf-denuncia-el-abandono-politico-del-mediterraneo-y-pide-la-integracion-de-los-sectores-que-afectan-a-su-conservacion","status":"publish","type":"post","link":"https:\/\/eldigitaldeasturias.com\/magazine365\/wwf-denuncia-el-abandono-politico-del-mediterraneo-y-pide-la-integracion-de-los-sectores-que-afectan-a-su-conservacion\/","title":{"rendered":"WWF denuncia el abandono pol\u00edtico del Mediterr\u00e1neo y pide la integraci\u00f3n de los sectores que afectan a su conservaci\u00f3n"},"content":{"rendered":"<p><img fetchpriority=\"high\" decoding=\"async\" class=\"alignleft size-medium wp-image-61146\" src=\"https:\/\/eldigitaldeasturias.com\/magazine365\/wp-content\/uploads\/2016\/01\/fotonoticia_20160119142451_800-360x260.jpg\" alt=\"fotonoticia_20160119142451_800\" width=\"360\" height=\"260\" srcset=\"https:\/\/eldigitaldeasturias.com\/magazine365\/wp-content\/uploads\/2016\/01\/fotonoticia_20160119142451_800-360x260.jpg 360w, https:\/\/eldigitaldeasturias.com\/magazine365\/wp-content\/uploads\/2016\/01\/fotonoticia_20160119142451_800-650x469.jpg 650w, https:\/\/eldigitaldeasturias.com\/magazine365\/wp-content\/uploads\/2016\/01\/fotonoticia_20160119142451_800-768x554.jpg 768w, https:\/\/eldigitaldeasturias.com\/magazine365\/wp-content\/uploads\/2016\/01\/fotonoticia_20160119142451_800-150x108.jpg 150w, https:\/\/eldigitaldeasturias.com\/magazine365\/wp-content\/uploads\/2016\/01\/fotonoticia_20160119142451_800-450x325.jpg 450w, https:\/\/eldigitaldeasturias.com\/magazine365\/wp-content\/uploads\/2016\/01\/fotonoticia_20160119142451_800-324x235.jpg 324w, https:\/\/eldigitaldeasturias.com\/magazine365\/wp-content\/uploads\/2016\/01\/fotonoticia_20160119142451_800-696x502.jpg 696w, https:\/\/eldigitaldeasturias.com\/magazine365\/wp-content\/uploads\/2016\/01\/fotonoticia_20160119142451_800-582x420.jpg 582w, https:\/\/eldigitaldeasturias.com\/magazine365\/wp-content\/uploads\/2016\/01\/fotonoticia_20160119142451_800.jpg 800w\" sizes=\"(max-width: 360px) 100vw, 360px\" \/>La organizaci\u00f3n ecol\u00f3gica WWF ha denunciado el abandono pol\u00edtico del Mediterr\u00e1neo que, seg\u00fan han se\u00f1alado, est\u00e1 fuera de todas las agendas pol\u00edticas de Europa. A su juicio, el hecho de que sean 28 los pa\u00edses que influyen en \u00e9l, con diferentes religiones y culturas, dificulta una toma de medidas conjunta, adem\u00e1s de que los organismos que se ocupan de su conservaci\u00f3n \u00abson poco eficaces\u00bb.<\/p>\n<p>Por ello, WWF ha pedido la integraci\u00f3n pol\u00edtica de todos los sectores que intervienen en la vida del mar y que influyen en su ecosistema y biodiversidad, como el turismo, la acuicultura, el transporte mar\u00edtimo o la exploraci\u00f3n de gas y petr\u00f3leo. Adem\u00e1s, abogan porque estos sectores econ\u00f3micos se sienten y tengan un \u00abdi\u00e1logo real\u00bb para crear pol\u00edticas que aprovechen los recursos del Mediterr\u00e1neo sin poner en peligro sus recursos naturales.<\/p>\n<p>Estas reclamaciones surgen tras los resultados del proyecto MedTrends, en el que se tratan los sectores econ\u00f3micos con m\u00e1s auge en el Mediterr\u00e1neo y que, seg\u00fan el trabajo, tienden a crecer. El objetivo de este programa es recoger los datos, no s\u00f3lo del impacto de estos sectores en el mar, sino tambi\u00e9n de su posible evoluci\u00f3n, con las presiones e impactos que \u00e9stos generar\u00edan sobre las especies y h\u00e1bitats marinos.<\/p>\n<p>Jos\u00e9 Luis Garc\u00eda Varas, responsable del Programa Marino de WWF, ha se\u00f1alado que estas actividades est\u00e1n creciendo de manera exponencial y se prev\u00e9 que sigan desarroll\u00e1ndose en los pr\u00f3ximos 20 a\u00f1os, lo que provocar\u00e1 \u00abefectos acumulativos\u00bb en ciertas zonas del Mediterr\u00e1neo. \u00abEs conveniente un desarrollo econ\u00f3mico en el mar, pero tiene l\u00edmites, y a la hora de planificar se debe ser consciente de estos l\u00edmites\u00bb, ha declarado.<\/p>\n<p>En relaci\u00f3n a la explotaci\u00f3n de gas y petr\u00f3leo, el estudio indica que, ante una mayor demanda mundial, se est\u00e1 convirtiendo en un sector emergente, con un 44 por ciento de superficie afectada por esta pr\u00e1ctica. El coordinador de \u00c1reas Marinas Protegidas de la organizaci\u00f3n, \u00d3scar Esparza, ha indicado que de este porcentaje un 23 por ciento es lo que actualmente se est\u00e1 explotando, mientras que el 21 por ciento restante son zonas \u00abde inter\u00e9s\u00bb, que podr\u00edan acabar explotadas en el futuro.<\/p>\n<p>Tambi\u00e9n se ha destacado el tr\u00e1fico marino, en este caso, con previsiones de crecimiento del 4 por ciento en todo el Mediterr\u00e1neo para el 2025. Esparza reconoce el \u00abgran peso comercial\u00bb de este mar en la econom\u00eda mundial, pero apunta que no se ha trabajado bien con los riesgos que esto supone, como las colisiones o el ruido submarino.<\/p>\n<p>A su juicio, se deber\u00eda aumentar la protecci\u00f3n de zonas de alta mar y determinar posibles zonas sensibles para ecosistemas, en donde reducir la velocidad o las presiones. Al respecto, ha destacado que el 57 por ciento del tr\u00e1fico son buques con cargas peligrosas, como petr\u00f3leo, gas, aceite o productos qu\u00edmicos, altamente contaminantes.<\/p>\n<p>\u00abTambi\u00e9n es un impacto directo al ecosistema costero. Cada vez hay m\u00e1s barcos y m\u00e1s grandes y eso lleva a mayores infraestructuras que cambian el paisaje\u00bb, ha denunciado Esparza. En este sentido, ha indicado que, mientras, existen puertos \u00abinfrautilizados\u00bb.<\/p>\n<p>PESCA, EL \u00daNICO SECTOR A LA BAJA<\/p>\n<p>Otro de los resultados que preocupan a WWF es el del sector de la pesca, que consideran de gran importancia, tanto cultural como social, en muchos de los lugares que rodean el Mediterr\u00e1neo. La pesca es el \u00fanico de los sectores estrat\u00e9gicos del que se espera una tendencia a la baja. Contin\u00faa as\u00ed su ca\u00edda, ya que entre 2006 y 2013 se registr\u00f3 una disminuci\u00f3n del 30 por ciento en esta actividad.<\/p>\n<p>Para la organizaci\u00f3n, el estado de los stocks, los subsidios, la falta de uni\u00f3n en el sector y los problemas de comercializaci\u00f3n, son algunos de los retos a los que se enfrentan los pescadores. Adem\u00e1s, Esparza apunta que no existe una \u00abplanificaci\u00f3n espacial\u00bb en el Mediterr\u00e1neo.<\/p>\n<p>Y el \u00faltimo sector estrat\u00e9gico es el turismo que, con el auge de los cruceros tiene una previsi\u00f3n de crecimiento de lo 434 millones de llegadas actualmente, a las m\u00e1s de 500 millones en 2030. \u00abAguas residuales y colisiones\u00bb son algunos de los impactos que ha enumerado Esparza sobre este punto, y ha criticado que no existe \u00abinteracci\u00f3n entre este y otros sectores\u00bb.<\/p>\n<p>UN PAPEL CRUCIAL DE LA UE<\/p>\n<p>Ante esta situaci\u00f3n, Garc\u00eda Vargas ha indicado que \u00abla UE debe desempe\u00f1ar un papel crucial\u00bb a trav\u00e9s de las herramientas que existen sobre el papel, como es la Directiva sobre la ordenaci\u00f3n del espacio marino de julio de 2014.<\/p>\n<p>As\u00ed, desde WWF reclaman un avance en la protecci\u00f3n del Mediterr\u00e1neo, llegando al 10 por ciento de la superficie marina para 2020, como se ha planteado; reconocen la necesidad de integrar a todos los sectores implicados para hacer pol\u00edtica y que \u00e9sta no sea s\u00f3lo nacional, sino tambi\u00e9n a nivel regional.<\/p>\n<p>Adem\u00e1s, reclaman que se recuperen las poblaciones de especies, cumpliendo en t\u00e9rminos de conservaci\u00f3n de biomasas, evitar la acuicultura en zonas costeras, vigilar la descarga de nutrientes, el uso de productis qu\u00edmicos, la gesti\u00f3n de fugas y la cadena de piensos, harinas y aceites de pescado.<\/p>\n<p>Finalmente, sugieren establecer medidas para reducir los niveles de \u00abartificializaci\u00f3n\u00bb de la costa, as\u00ed como reconocer la capacidad de carga en la gesti\u00f3n de espacios m\u00e1s sostenibles.<\/p>\n","protected":false},"excerpt":{"rendered":"<p>La organizaci\u00f3n ecol\u00f3gica WWF ha denunciado el abandono pol\u00edtico del Mediterr\u00e1neo que, seg\u00fan han se\u00f1alado, est\u00e1 fuera de todas las agendas pol\u00edticas de Europa. A su juicio, el hecho de que sean 28 los pa\u00edses que influyen en \u00e9l, con diferentes religiones y culturas, dificulta una toma de medidas conjunta, adem\u00e1s de que los organismos<\/p>\n","protected":false},"author":1,"featured_media":61146,"comment_status":"open","ping_status":"closed","sticky":false,"template":"","format":"standard","meta":{"footnotes":""},"categories":[224],"tags":[],"class_list":{"0":"post-61145","1":"post","2":"type-post","3":"status-publish","4":"format-standard","5":"has-post-thumbnail","7":"category-noticias-actualidad"},"aioseo_notices":[],"aioseo_head":"\n\t\t<!-- All in One SEO Pro 4.9.6.1 - aioseo.com -->\n\t<meta name=\"description\" content=\"La organizaci\u00f3n ecol\u00f3gica WWF ha denunciado el abandono pol\u00edtico del Mediterr\u00e1neo que, seg\u00fan han se\u00f1alado, est\u00e1 fuera de todas las agendas pol\u00edticas de Europa. A su juicio, el hecho de que sean 28 los pa\u00edses que influyen en \u00e9l, con diferentes religiones y culturas, dificulta una toma de medidas conjunta, adem\u00e1s de que los organismos\" \/>\n\t<meta name=\"robots\" content=\"max-image-preview:large\" \/>\n\t<meta name=\"author\" content=\"admin\"\/>\n\t<meta name=\"google-site-verification\" content=\"UA-38556648-1\" \/>\n\t<meta name=\"keywords\" content=\"noticias y actualidad\" \/>\n\t<link rel=\"canonical\" href=\"https:\/\/eldigitaldeasturias.com\/magazine365\/wwf-denuncia-el-abandono-politico-del-mediterraneo-y-pide-la-integracion-de-los-sectores-que-afectan-a-su-conservacion\/\" \/>\n\t<meta name=\"generator\" content=\"All in One SEO Pro (AIOSEO) 4.9.6.1\" \/>\n\t\t<meta property=\"og:locale\" content=\"es_ES\" \/>\n\t\t<meta property=\"og:site_name\" content=\"El Digital de Asturias \u2013 Revista de ocio, turismo y estilo de vida\" \/>\n\t\t<meta property=\"og:type\" content=\"article\" \/>\n\t\t<meta property=\"og:title\" content=\"WWF denuncia el abandono pol\u00edtico del Mediterr\u00e1neo y pide la integraci\u00f3n de los sectores que afectan a su conservaci\u00f3n | El Digital de Asturias\" \/>\n\t\t<meta property=\"og:description\" content=\"La organizaci\u00f3n ecol\u00f3gica WWF ha denunciado el abandono pol\u00edtico del Mediterr\u00e1neo que, seg\u00fan han se\u00f1alado, est\u00e1 fuera de todas las agendas pol\u00edticas de Europa. A su juicio, el hecho de que sean 28 los pa\u00edses que influyen en \u00e9l, con diferentes religiones y culturas, dificulta una toma de medidas conjunta, adem\u00e1s de que los organismos\" \/>\n\t\t<meta property=\"og:url\" content=\"https:\/\/eldigitaldeasturias.com\/magazine365\/wwf-denuncia-el-abandono-politico-del-mediterraneo-y-pide-la-integracion-de-los-sectores-que-afectan-a-su-conservacion\/\" \/>\n\t\t<meta property=\"og:image\" content=\"https:\/\/eldigitaldeasturias.com\/magazine365\/wp-content\/uploads\/2016\/01\/fotonoticia_20160119142451_800.jpg\" \/>\n\t\t<meta property=\"og:image:secure_url\" content=\"https:\/\/eldigitaldeasturias.com\/magazine365\/wp-content\/uploads\/2016\/01\/fotonoticia_20160119142451_800.jpg\" \/>\n\t\t<meta property=\"og:image:width\" content=\"800\" \/>\n\t\t<meta property=\"og:image:height\" content=\"577\" \/>\n\t\t<meta property=\"article:published_time\" content=\"2016-01-20T19:23:24+00:00\" \/>\n\t\t<meta property=\"article:modified_time\" content=\"2016-01-20T19:23:24+00:00\" \/>\n\t\t<meta name=\"twitter:card\" content=\"summary_large_image\" \/>\n\t\t<meta name=\"twitter:title\" content=\"WWF denuncia el abandono pol\u00edtico del Mediterr\u00e1neo y pide la integraci\u00f3n de los sectores que afectan a su conservaci\u00f3n | El Digital de Asturias\" \/>\n\t\t<meta name=\"twitter:description\" content=\"La organizaci\u00f3n ecol\u00f3gica WWF ha denunciado el abandono pol\u00edtico del Mediterr\u00e1neo que, seg\u00fan han se\u00f1alado, est\u00e1 fuera de todas las agendas pol\u00edticas de Europa. A su juicio, el hecho de que sean 28 los pa\u00edses que influyen en \u00e9l, con diferentes religiones y culturas, dificulta una toma de medidas conjunta, adem\u00e1s de que los organismos\" \/>\n\t\t<meta name=\"twitter:image\" content=\"https:\/\/eldigitaldeasturias.com\/magazine365\/wp-content\/uploads\/2016\/01\/fotonoticia_20160119142451_800.jpg\" \/>\n\t\t<script type=\"application\/ld+json\" class=\"aioseo-schema\">\n\t\t\t{\"@context\":\"https:\\\/\\\/schema.org\",\"@graph\":[{\"@type\":\"Article\",\"@id\":\"https:\\\/\\\/eldigitaldeasturias.com\\\/magazine365\\\/wwf-denuncia-el-abandono-politico-del-mediterraneo-y-pide-la-integracion-de-los-sectores-que-afectan-a-su-conservacion\\\/#article\",\"name\":\"WWF denuncia el abandono pol\\u00edtico del Mediterr\\u00e1neo y pide la integraci\\u00f3n de los sectores que afectan a su conservaci\\u00f3n | El Digital de Asturias\",\"headline\":\"WWF denuncia el abandono pol\\u00edtico del Mediterr\\u00e1neo y pide la integraci\\u00f3n de los sectores que afectan a su conservaci\\u00f3n\",\"author\":{\"@id\":\"https:\\\/\\\/eldigitaldeasturias.com\\\/magazine365\\\/author\\\/admin\\\/#author\"},\"publisher\":{\"@id\":\"https:\\\/\\\/eldigitaldeasturias.com\\\/magazine365\\\/#organization\"},\"image\":{\"@type\":\"ImageObject\",\"url\":\"https:\\\/\\\/eldigitaldeasturias.com\\\/magazine365\\\/wp-content\\\/uploads\\\/2016\\\/01\\\/fotonoticia_20160119142451_800.jpg\",\"width\":800,\"height\":577},\"datePublished\":\"2016-01-20T20:23:24+01:00\",\"dateModified\":\"2016-01-20T20:23:24+01:00\",\"inLanguage\":\"es-ES\",\"mainEntityOfPage\":{\"@id\":\"https:\\\/\\\/eldigitaldeasturias.com\\\/magazine365\\\/wwf-denuncia-el-abandono-politico-del-mediterraneo-y-pide-la-integracion-de-los-sectores-que-afectan-a-su-conservacion\\\/#webpage\"},\"isPartOf\":{\"@id\":\"https:\\\/\\\/eldigitaldeasturias.com\\\/magazine365\\\/wwf-denuncia-el-abandono-politico-del-mediterraneo-y-pide-la-integracion-de-los-sectores-que-afectan-a-su-conservacion\\\/#webpage\"},\"articleSection\":\"Noticias y Actualidad\"},{\"@type\":\"BreadcrumbList\",\"@id\":\"https:\\\/\\\/eldigitaldeasturias.com\\\/magazine365\\\/wwf-denuncia-el-abandono-politico-del-mediterraneo-y-pide-la-integracion-de-los-sectores-que-afectan-a-su-conservacion\\\/#breadcrumblist\",\"itemListElement\":[{\"@type\":\"ListItem\",\"@id\":\"https:\\\/\\\/eldigitaldeasturias.com\\\/magazine365#listItem\",\"position\":1,\"name\":\"Home\",\"item\":\"https:\\\/\\\/eldigitaldeasturias.com\\\/magazine365\",\"nextItem\":{\"@type\":\"ListItem\",\"@id\":\"https:\\\/\\\/eldigitaldeasturias.com\\\/magazine365\\\/category\\\/noticias-actualidad\\\/#listItem\",\"name\":\"Noticias y Actualidad\"}},{\"@type\":\"ListItem\",\"@id\":\"https:\\\/\\\/eldigitaldeasturias.com\\\/magazine365\\\/category\\\/noticias-actualidad\\\/#listItem\",\"position\":2,\"name\":\"Noticias y Actualidad\",\"item\":\"https:\\\/\\\/eldigitaldeasturias.com\\\/magazine365\\\/category\\\/noticias-actualidad\\\/\",\"nextItem\":{\"@type\":\"ListItem\",\"@id\":\"https:\\\/\\\/eldigitaldeasturias.com\\\/magazine365\\\/wwf-denuncia-el-abandono-politico-del-mediterraneo-y-pide-la-integracion-de-los-sectores-que-afectan-a-su-conservacion\\\/#listItem\",\"name\":\"WWF denuncia el abandono pol\\u00edtico del Mediterr\\u00e1neo y pide la integraci\\u00f3n de los sectores que afectan a su conservaci\\u00f3n\"},\"previousItem\":{\"@type\":\"ListItem\",\"@id\":\"https:\\\/\\\/eldigitaldeasturias.com\\\/magazine365#listItem\",\"name\":\"Home\"}},{\"@type\":\"ListItem\",\"@id\":\"https:\\\/\\\/eldigitaldeasturias.com\\\/magazine365\\\/wwf-denuncia-el-abandono-politico-del-mediterraneo-y-pide-la-integracion-de-los-sectores-que-afectan-a-su-conservacion\\\/#listItem\",\"position\":3,\"name\":\"WWF denuncia el abandono pol\\u00edtico del Mediterr\\u00e1neo y pide la integraci\\u00f3n de los sectores que afectan a su conservaci\\u00f3n\",\"previousItem\":{\"@type\":\"ListItem\",\"@id\":\"https:\\\/\\\/eldigitaldeasturias.com\\\/magazine365\\\/category\\\/noticias-actualidad\\\/#listItem\",\"name\":\"Noticias y Actualidad\"}}]},{\"@type\":\"Organization\",\"@id\":\"https:\\\/\\\/eldigitaldeasturias.com\\\/magazine365\\\/#organization\",\"name\":\"El digital de Asturias\",\"description\":\"Revista de ocio, turismo y estilo de vida\",\"url\":\"https:\\\/\\\/eldigitaldeasturias.com\\\/magazine365\\\/\",\"logo\":{\"@type\":\"ImageObject\",\"url\":\"https:\\\/\\\/www.eldigitaldeasturias.com\\\/noticias\\\/wp-content\\\/uploads\\\/2020\\\/12\\\/EDA.jpg\",\"@id\":\"https:\\\/\\\/eldigitaldeasturias.com\\\/magazine365\\\/wwf-denuncia-el-abandono-politico-del-mediterraneo-y-pide-la-integracion-de-los-sectores-que-afectan-a-su-conservacion\\\/#organizationLogo\"},\"image\":{\"@id\":\"https:\\\/\\\/eldigitaldeasturias.com\\\/magazine365\\\/wwf-denuncia-el-abandono-politico-del-mediterraneo-y-pide-la-integracion-de-los-sectores-que-afectan-a-su-conservacion\\\/#organizationLogo\"}},{\"@type\":\"Person\",\"@id\":\"https:\\\/\\\/eldigitaldeasturias.com\\\/magazine365\\\/author\\\/admin\\\/#author\",\"url\":\"https:\\\/\\\/eldigitaldeasturias.com\\\/magazine365\\\/author\\\/admin\\\/\",\"name\":\"admin\",\"image\":{\"@type\":\"ImageObject\",\"@id\":\"https:\\\/\\\/eldigitaldeasturias.com\\\/magazine365\\\/wwf-denuncia-el-abandono-politico-del-mediterraneo-y-pide-la-integracion-de-los-sectores-que-afectan-a-su-conservacion\\\/#authorImage\",\"url\":\"https:\\\/\\\/eldigitaldeasturias.com\\\/magazine365\\\/wp-content\\\/litespeed\\\/avatar\\\/e571bcf59a0edd6fa6838245a470f2fe.jpg?ver=1776969259\",\"width\":96,\"height\":96,\"caption\":\"admin\"}},{\"@type\":\"WebPage\",\"@id\":\"https:\\\/\\\/eldigitaldeasturias.com\\\/magazine365\\\/wwf-denuncia-el-abandono-politico-del-mediterraneo-y-pide-la-integracion-de-los-sectores-que-afectan-a-su-conservacion\\\/#webpage\",\"url\":\"https:\\\/\\\/eldigitaldeasturias.com\\\/magazine365\\\/wwf-denuncia-el-abandono-politico-del-mediterraneo-y-pide-la-integracion-de-los-sectores-que-afectan-a-su-conservacion\\\/\",\"name\":\"WWF denuncia el abandono pol\\u00edtico del Mediterr\\u00e1neo y pide la integraci\\u00f3n de los sectores que afectan a su conservaci\\u00f3n | El Digital de Asturias\",\"description\":\"La organizaci\\u00f3n ecol\\u00f3gica WWF ha denunciado el abandono pol\\u00edtico del Mediterr\\u00e1neo que, seg\\u00fan han se\\u00f1alado, est\\u00e1 fuera de todas las agendas pol\\u00edticas de Europa. A su juicio, el hecho de que sean 28 los pa\\u00edses que influyen en \\u00e9l, con diferentes religiones y culturas, dificulta una toma de medidas conjunta, adem\\u00e1s de que los organismos\",\"inLanguage\":\"es-ES\",\"isPartOf\":{\"@id\":\"https:\\\/\\\/eldigitaldeasturias.com\\\/magazine365\\\/#website\"},\"breadcrumb\":{\"@id\":\"https:\\\/\\\/eldigitaldeasturias.com\\\/magazine365\\\/wwf-denuncia-el-abandono-politico-del-mediterraneo-y-pide-la-integracion-de-los-sectores-que-afectan-a-su-conservacion\\\/#breadcrumblist\"},\"author\":{\"@id\":\"https:\\\/\\\/eldigitaldeasturias.com\\\/magazine365\\\/author\\\/admin\\\/#author\"},\"creator\":{\"@id\":\"https:\\\/\\\/eldigitaldeasturias.com\\\/magazine365\\\/author\\\/admin\\\/#author\"},\"image\":{\"@type\":\"ImageObject\",\"url\":\"https:\\\/\\\/eldigitaldeasturias.com\\\/magazine365\\\/wp-content\\\/uploads\\\/2016\\\/01\\\/fotonoticia_20160119142451_800.jpg\",\"@id\":\"https:\\\/\\\/eldigitaldeasturias.com\\\/magazine365\\\/wwf-denuncia-el-abandono-politico-del-mediterraneo-y-pide-la-integracion-de-los-sectores-que-afectan-a-su-conservacion\\\/#mainImage\",\"width\":800,\"height\":577},\"primaryImageOfPage\":{\"@id\":\"https:\\\/\\\/eldigitaldeasturias.com\\\/magazine365\\\/wwf-denuncia-el-abandono-politico-del-mediterraneo-y-pide-la-integracion-de-los-sectores-que-afectan-a-su-conservacion\\\/#mainImage\"},\"datePublished\":\"2016-01-20T20:23:24+01:00\",\"dateModified\":\"2016-01-20T20:23:24+01:00\"},{\"@type\":\"WebSite\",\"@id\":\"https:\\\/\\\/eldigitaldeasturias.com\\\/magazine365\\\/#website\",\"url\":\"https:\\\/\\\/eldigitaldeasturias.com\\\/magazine365\\\/\",\"name\":\"El Digital de Asturias\",\"description\":\"Revista de ocio, turismo y estilo de vida\",\"inLanguage\":\"es-ES\",\"publisher\":{\"@id\":\"https:\\\/\\\/eldigitaldeasturias.com\\\/magazine365\\\/#organization\"}}]}\n\t\t<\/script>\n\t\t<!-- All in One SEO Pro -->\r\n\t\t<title>WWF denuncia el abandono pol\u00edtico del Mediterr\u00e1neo y pide la integraci\u00f3n de los sectores que afectan a su conservaci\u00f3n | El Digital de Asturias<\/title>\n\n","aioseo_head_json":{"title":"WWF denuncia el abandono pol\u00edtico del Mediterr\u00e1neo y pide la integraci\u00f3n de los sectores que afectan a su conservaci\u00f3n | El Digital de Asturias","description":"La organizaci\u00f3n ecol\u00f3gica WWF ha denunciado el abandono pol\u00edtico del Mediterr\u00e1neo que, seg\u00fan han se\u00f1alado, est\u00e1 fuera de todas las agendas pol\u00edticas de Europa. A su juicio, el hecho de que sean 28 los pa\u00edses que influyen en \u00e9l, con diferentes religiones y culturas, dificulta una toma de medidas conjunta, adem\u00e1s de que los organismos","canonical_url":"https:\/\/eldigitaldeasturias.com\/magazine365\/wwf-denuncia-el-abandono-politico-del-mediterraneo-y-pide-la-integracion-de-los-sectores-que-afectan-a-su-conservacion\/","robots":"max-image-preview:large","keywords":"noticias y actualidad","webmasterTools":{"google-site-verification":"UA-38556648-1","miscellaneous":""},"schema":{"@context":"https:\/\/schema.org","@graph":[{"@type":"Article","@id":"https:\/\/eldigitaldeasturias.com\/magazine365\/wwf-denuncia-el-abandono-politico-del-mediterraneo-y-pide-la-integracion-de-los-sectores-que-afectan-a-su-conservacion\/#article","name":"WWF denuncia el abandono pol\u00edtico del Mediterr\u00e1neo y pide la integraci\u00f3n de los sectores que afectan a su conservaci\u00f3n | El Digital de Asturias","headline":"WWF denuncia el abandono pol\u00edtico del Mediterr\u00e1neo y pide la integraci\u00f3n de los sectores que afectan a su conservaci\u00f3n","author":{"@id":"https:\/\/eldigitaldeasturias.com\/magazine365\/author\/admin\/#author"},"publisher":{"@id":"https:\/\/eldigitaldeasturias.com\/magazine365\/#organization"},"image":{"@type":"ImageObject","url":"https:\/\/eldigitaldeasturias.com\/magazine365\/wp-content\/uploads\/2016\/01\/fotonoticia_20160119142451_800.jpg","width":800,"height":577},"datePublished":"2016-01-20T20:23:24+01:00","dateModified":"2016-01-20T20:23:24+01:00","inLanguage":"es-ES","mainEntityOfPage":{"@id":"https:\/\/eldigitaldeasturias.com\/magazine365\/wwf-denuncia-el-abandono-politico-del-mediterraneo-y-pide-la-integracion-de-los-sectores-que-afectan-a-su-conservacion\/#webpage"},"isPartOf":{"@id":"https:\/\/eldigitaldeasturias.com\/magazine365\/wwf-denuncia-el-abandono-politico-del-mediterraneo-y-pide-la-integracion-de-los-sectores-que-afectan-a-su-conservacion\/#webpage"},"articleSection":"Noticias y Actualidad"},{"@type":"BreadcrumbList","@id":"https:\/\/eldigitaldeasturias.com\/magazine365\/wwf-denuncia-el-abandono-politico-del-mediterraneo-y-pide-la-integracion-de-los-sectores-que-afectan-a-su-conservacion\/#breadcrumblist","itemListElement":[{"@type":"ListItem","@id":"https:\/\/eldigitaldeasturias.com\/magazine365#listItem","position":1,"name":"Home","item":"https:\/\/eldigitaldeasturias.com\/magazine365","nextItem":{"@type":"ListItem","@id":"https:\/\/eldigitaldeasturias.com\/magazine365\/category\/noticias-actualidad\/#listItem","name":"Noticias y Actualidad"}},{"@type":"ListItem","@id":"https:\/\/eldigitaldeasturias.com\/magazine365\/category\/noticias-actualidad\/#listItem","position":2,"name":"Noticias y Actualidad","item":"https:\/\/eldigitaldeasturias.com\/magazine365\/category\/noticias-actualidad\/","nextItem":{"@type":"ListItem","@id":"https:\/\/eldigitaldeasturias.com\/magazine365\/wwf-denuncia-el-abandono-politico-del-mediterraneo-y-pide-la-integracion-de-los-sectores-que-afectan-a-su-conservacion\/#listItem","name":"WWF denuncia el abandono pol\u00edtico del Mediterr\u00e1neo y pide la integraci\u00f3n de los sectores que afectan a su conservaci\u00f3n"},"previousItem":{"@type":"ListItem","@id":"https:\/\/eldigitaldeasturias.com\/magazine365#listItem","name":"Home"}},{"@type":"ListItem","@id":"https:\/\/eldigitaldeasturias.com\/magazine365\/wwf-denuncia-el-abandono-politico-del-mediterraneo-y-pide-la-integracion-de-los-sectores-que-afectan-a-su-conservacion\/#listItem","position":3,"name":"WWF denuncia el abandono pol\u00edtico del Mediterr\u00e1neo y pide la integraci\u00f3n de los sectores que afectan a su conservaci\u00f3n","previousItem":{"@type":"ListItem","@id":"https:\/\/eldigitaldeasturias.com\/magazine365\/category\/noticias-actualidad\/#listItem","name":"Noticias y Actualidad"}}]},{"@type":"Organization","@id":"https:\/\/eldigitaldeasturias.com\/magazine365\/#organization","name":"El digital de Asturias","description":"Revista de ocio, turismo y estilo de vida","url":"https:\/\/eldigitaldeasturias.com\/magazine365\/","logo":{"@type":"ImageObject","url":"https:\/\/www.eldigitaldeasturias.com\/noticias\/wp-content\/uploads\/2020\/12\/EDA.jpg","@id":"https:\/\/eldigitaldeasturias.com\/magazine365\/wwf-denuncia-el-abandono-politico-del-mediterraneo-y-pide-la-integracion-de-los-sectores-que-afectan-a-su-conservacion\/#organizationLogo"},"image":{"@id":"https:\/\/eldigitaldeasturias.com\/magazine365\/wwf-denuncia-el-abandono-politico-del-mediterraneo-y-pide-la-integracion-de-los-sectores-que-afectan-a-su-conservacion\/#organizationLogo"}},{"@type":"Person","@id":"https:\/\/eldigitaldeasturias.com\/magazine365\/author\/admin\/#author","url":"https:\/\/eldigitaldeasturias.com\/magazine365\/author\/admin\/","name":"admin","image":{"@type":"ImageObject","@id":"https:\/\/eldigitaldeasturias.com\/magazine365\/wwf-denuncia-el-abandono-politico-del-mediterraneo-y-pide-la-integracion-de-los-sectores-que-afectan-a-su-conservacion\/#authorImage","url":"https:\/\/eldigitaldeasturias.com\/magazine365\/wp-content\/litespeed\/avatar\/e571bcf59a0edd6fa6838245a470f2fe.jpg?ver=1776969259","width":96,"height":96,"caption":"admin"}},{"@type":"WebPage","@id":"https:\/\/eldigitaldeasturias.com\/magazine365\/wwf-denuncia-el-abandono-politico-del-mediterraneo-y-pide-la-integracion-de-los-sectores-que-afectan-a-su-conservacion\/#webpage","url":"https:\/\/eldigitaldeasturias.com\/magazine365\/wwf-denuncia-el-abandono-politico-del-mediterraneo-y-pide-la-integracion-de-los-sectores-que-afectan-a-su-conservacion\/","name":"WWF denuncia el abandono pol\u00edtico del Mediterr\u00e1neo y pide la integraci\u00f3n de los sectores que afectan a su conservaci\u00f3n | El Digital de Asturias","description":"La organizaci\u00f3n ecol\u00f3gica WWF ha denunciado el abandono pol\u00edtico del Mediterr\u00e1neo que, seg\u00fan han se\u00f1alado, est\u00e1 fuera de todas las agendas pol\u00edticas de Europa. A su juicio, el hecho de que sean 28 los pa\u00edses que influyen en \u00e9l, con diferentes religiones y culturas, dificulta una toma de medidas conjunta, adem\u00e1s de que los organismos","inLanguage":"es-ES","isPartOf":{"@id":"https:\/\/eldigitaldeasturias.com\/magazine365\/#website"},"breadcrumb":{"@id":"https:\/\/eldigitaldeasturias.com\/magazine365\/wwf-denuncia-el-abandono-politico-del-mediterraneo-y-pide-la-integracion-de-los-sectores-que-afectan-a-su-conservacion\/#breadcrumblist"},"author":{"@id":"https:\/\/eldigitaldeasturias.com\/magazine365\/author\/admin\/#author"},"creator":{"@id":"https:\/\/eldigitaldeasturias.com\/magazine365\/author\/admin\/#author"},"image":{"@type":"ImageObject","url":"https:\/\/eldigitaldeasturias.com\/magazine365\/wp-content\/uploads\/2016\/01\/fotonoticia_20160119142451_800.jpg","@id":"https:\/\/eldigitaldeasturias.com\/magazine365\/wwf-denuncia-el-abandono-politico-del-mediterraneo-y-pide-la-integracion-de-los-sectores-que-afectan-a-su-conservacion\/#mainImage","width":800,"height":577},"primaryImageOfPage":{"@id":"https:\/\/eldigitaldeasturias.com\/magazine365\/wwf-denuncia-el-abandono-politico-del-mediterraneo-y-pide-la-integracion-de-los-sectores-que-afectan-a-su-conservacion\/#mainImage"},"datePublished":"2016-01-20T20:23:24+01:00","dateModified":"2016-01-20T20:23:24+01:00"},{"@type":"WebSite","@id":"https:\/\/eldigitaldeasturias.com\/magazine365\/#website","url":"https:\/\/eldigitaldeasturias.com\/magazine365\/","name":"El Digital de Asturias","description":"Revista de ocio, turismo y estilo de vida","inLanguage":"es-ES","publisher":{"@id":"https:\/\/eldigitaldeasturias.com\/magazine365\/#organization"}}]},"og:locale":"es_ES","og:site_name":"El Digital de Asturias \u2013 Revista de ocio, turismo y estilo de vida","og:type":"article","og:title":"WWF denuncia el abandono pol\u00edtico del Mediterr\u00e1neo y pide la integraci\u00f3n de los sectores que afectan a su conservaci\u00f3n | El Digital de Asturias","og:description":"La organizaci\u00f3n ecol\u00f3gica WWF ha denunciado el abandono pol\u00edtico del Mediterr\u00e1neo que, seg\u00fan han se\u00f1alado, est\u00e1 fuera de todas las agendas pol\u00edticas de Europa. A su juicio, el hecho de que sean 28 los pa\u00edses que influyen en \u00e9l, con diferentes religiones y culturas, dificulta una toma de medidas conjunta, adem\u00e1s de que los organismos","og:url":"https:\/\/eldigitaldeasturias.com\/magazine365\/wwf-denuncia-el-abandono-politico-del-mediterraneo-y-pide-la-integracion-de-los-sectores-que-afectan-a-su-conservacion\/","og:image":"https:\/\/eldigitaldeasturias.com\/magazine365\/wp-content\/uploads\/2016\/01\/fotonoticia_20160119142451_800.jpg","og:image:secure_url":"https:\/\/eldigitaldeasturias.com\/magazine365\/wp-content\/uploads\/2016\/01\/fotonoticia_20160119142451_800.jpg","og:image:width":800,"og:image:height":577,"article:published_time":"2016-01-20T19:23:24+00:00","article:modified_time":"2016-01-20T19:23:24+00:00","twitter:card":"summary_large_image","twitter:title":"WWF denuncia el abandono pol\u00edtico del Mediterr\u00e1neo y pide la integraci\u00f3n de los sectores que afectan a su conservaci\u00f3n | El Digital de Asturias","twitter:description":"La organizaci\u00f3n ecol\u00f3gica WWF ha denunciado el abandono pol\u00edtico del Mediterr\u00e1neo que, seg\u00fan han se\u00f1alado, est\u00e1 fuera de todas las agendas pol\u00edticas de Europa. A su juicio, el hecho de que sean 28 los pa\u00edses que influyen en \u00e9l, con diferentes religiones y culturas, dificulta una toma de medidas conjunta, adem\u00e1s de que los organismos","twitter:image":"https:\/\/eldigitaldeasturias.com\/magazine365\/wp-content\/uploads\/2016\/01\/fotonoticia_20160119142451_800.jpg"},"aioseo_meta_data":{"post_id":"61145","title":null,"description":null,"keywords":null,"keyphrases":null,"primary_term":null,"canonical_url":null,"og_title":null,"og_description":null,"og_object_type":"default","og_image_type":"default","og_image_url":null,"og_image_width":null,"og_image_height":null,"og_image_custom_url":null,"og_image_custom_fields":null,"og_video":null,"og_custom_url":null,"og_article_section":null,"og_article_tags":null,"twitter_use_og":false,"twitter_card":"default","twitter_image_type":"default","twitter_image_url":null,"twitter_image_custom_url":null,"twitter_image_custom_fields":null,"twitter_title":null,"twitter_description":null,"schema":{"blockGraphs":[],"customGraphs":[],"default":{"data":{"Article":[],"Course":[],"Dataset":[],"FAQPage":[],"Movie":[],"Person":[],"Product":[],"ProductReview":[],"Car":[],"Recipe":[],"Service":[],"SoftwareApplication":[],"WebPage":[]},"graphName":"","isEnabled":true},"graphs":[],"defaultGraph":"","defaultPostTypeGraph":""},"schema_type":null,"schema_type_options":null,"pillar_content":false,"robots_default":true,"robots_noindex":false,"robots_noarchive":false,"robots_nosnippet":false,"robots_nofollow":false,"robots_noimageindex":false,"robots_noodp":false,"robots_notranslate":false,"robots_max_snippet":null,"robots_max_videopreview":null,"robots_max_imagepreview":"large","priority":null,"frequency":null,"location":null,"local_seo":null,"seo_analyzer_scan_date":"2025-09-25 08:19:23","breadcrumb_settings":null,"limit_modified_date":false,"open_ai":null,"ai":null,"created":"2021-03-08 21:52:40","updated":"2025-09-25 08:19:23"},"aioseo_breadcrumb":"<div class=\"aioseo-breadcrumbs\"><span class=\"aioseo-breadcrumb\">\n\t<a href=\"https:\/\/eldigitaldeasturias.com\/magazine365\" title=\"Home\">Home<\/a>\n<\/span><span class=\"aioseo-breadcrumb-separator\">\u2013<\/span><span class=\"aioseo-breadcrumb\">\n\t<a href=\"https:\/\/eldigitaldeasturias.com\/magazine365\/category\/noticias-actualidad\/\" title=\"Noticias y Actualidad\">Noticias y Actualidad<\/a>\n<\/span><span class=\"aioseo-breadcrumb-separator\">\u2013<\/span><span class=\"aioseo-breadcrumb\">\n\t<a href=\"https:\/\/eldigitaldeasturias.com\/magazine365\/wwf-denuncia-el-abandono-politico-del-mediterraneo-y-pide-la-integracion-de-los-sectores-que-afectan-a-su-conservacion\/\" title=\"WWF denuncia el abandono pol\u00edtico del Mediterr\u00e1neo y pide la integraci\u00f3n de los sectores que afectan a su conservaci\u00f3n\">WWF denuncia el abandono pol\u00edtico del Mediterr\u00e1neo y pide la integraci\u00f3n de los sectores que afectan a su conservaci\u00f3n<\/a>\n<\/span><\/div>","aioseo_breadcrumb_json":[{"label":"Home","link":"https:\/\/eldigitaldeasturias.com\/magazine365"},{"label":"Noticias y Actualidad","link":"https:\/\/eldigitaldeasturias.com\/magazine365\/category\/noticias-actualidad\/"},{"label":"WWF denuncia el abandono pol\u00edtico del Mediterr\u00e1neo y pide la integraci\u00f3n de los sectores que afectan a su conservaci\u00f3n","link":"https:\/\/eldigitaldeasturias.com\/magazine365\/wwf-denuncia-el-abandono-politico-del-mediterraneo-y-pide-la-integracion-de-los-sectores-que-afectan-a-su-conservacion\/"}],"_links":{"self":[{"href":"https:\/\/eldigitaldeasturias.com\/magazine365\/wp-json\/wp\/v2\/posts\/61145","targetHints":{"allow":["GET"]}}],"collection":[{"href":"https:\/\/eldigitaldeasturias.com\/magazine365\/wp-json\/wp\/v2\/posts"}],"about":[{"href":"https:\/\/eldigitaldeasturias.com\/magazine365\/wp-json\/wp\/v2\/types\/post"}],"author":[{"embeddable":true,"href":"https:\/\/eldigitaldeasturias.com\/magazine365\/wp-json\/wp\/v2\/users\/1"}],"replies":[{"embeddable":true,"href":"https:\/\/eldigitaldeasturias.com\/magazine365\/wp-json\/wp\/v2\/comments?post=61145"}],"version-history":[{"count":0,"href":"https:\/\/eldigitaldeasturias.com\/magazine365\/wp-json\/wp\/v2\/posts\/61145\/revisions"}],"wp:featuredmedia":[{"embeddable":true,"href":"https:\/\/eldigitaldeasturias.com\/magazine365\/wp-json\/wp\/v2\/media\/61146"}],"wp:attachment":[{"href":"https:\/\/eldigitaldeasturias.com\/magazine365\/wp-json\/wp\/v2\/media?parent=61145"}],"wp:term":[{"taxonomy":"category","embeddable":true,"href":"https:\/\/eldigitaldeasturias.com\/magazine365\/wp-json\/wp\/v2\/categories?post=61145"},{"taxonomy":"post_tag","embeddable":true,"href":"https:\/\/eldigitaldeasturias.com\/magazine365\/wp-json\/wp\/v2\/tags?post=61145"}],"curies":[{"name":"wp","href":"https:\/\/api.w.org\/{rel}","templated":true}]}}