{"id":61142,"date":"2016-01-20T20:22:32","date_gmt":"2016-01-20T19:22:32","guid":{"rendered":"http:\/\/eldigitaldeasturias.com\/magazine365\/?p=61142"},"modified":"2016-01-20T20:22:32","modified_gmt":"2016-01-20T19:22:32","slug":"nuevos-convenios-e-iniciativas-turisticas-principales-acciones-de-palencia-turismo","status":"publish","type":"post","link":"https:\/\/eldigitaldeasturias.com\/magazine365\/nuevos-convenios-e-iniciativas-turisticas-principales-acciones-de-palencia-turismo\/","title":{"rendered":"Nuevos convenios e iniciativas tur\u00edsticas, principales acciones de Palencia Turismo"},"content":{"rendered":"<p><img fetchpriority=\"high\" decoding=\"async\" class=\"alignleft size-medium wp-image-61143\" src=\"https:\/\/eldigitaldeasturias.com\/magazine365\/wp-content\/uploads\/2016\/01\/fotonoticia_20160119142357_800-360x256.jpg\" alt=\"fotonoticia_20160119142357_800\" width=\"360\" height=\"256\" srcset=\"https:\/\/eldigitaldeasturias.com\/magazine365\/wp-content\/uploads\/2016\/01\/fotonoticia_20160119142357_800-360x256.jpg 360w, https:\/\/eldigitaldeasturias.com\/magazine365\/wp-content\/uploads\/2016\/01\/fotonoticia_20160119142357_800-650x462.jpg 650w, https:\/\/eldigitaldeasturias.com\/magazine365\/wp-content\/uploads\/2016\/01\/fotonoticia_20160119142357_800-768x545.jpg 768w, https:\/\/eldigitaldeasturias.com\/magazine365\/wp-content\/uploads\/2016\/01\/fotonoticia_20160119142357_800-150x107.jpg 150w, https:\/\/eldigitaldeasturias.com\/magazine365\/wp-content\/uploads\/2016\/01\/fotonoticia_20160119142357_800-450x320.jpg 450w, https:\/\/eldigitaldeasturias.com\/magazine365\/wp-content\/uploads\/2016\/01\/fotonoticia_20160119142357_800-100x70.jpg 100w, https:\/\/eldigitaldeasturias.com\/magazine365\/wp-content\/uploads\/2016\/01\/fotonoticia_20160119142357_800-696x494.jpg 696w, https:\/\/eldigitaldeasturias.com\/magazine365\/wp-content\/uploads\/2016\/01\/fotonoticia_20160119142357_800-592x420.jpg 592w, https:\/\/eldigitaldeasturias.com\/magazine365\/wp-content\/uploads\/2016\/01\/fotonoticia_20160119142357_800.jpg 800w\" sizes=\"(max-width: 360px) 100vw, 360px\" \/>La firma de nuevos convenios y la presentaci\u00f3n de iniciativas tur\u00edsticas, unidos a los contactos comerciales, son las principales acciones que la marca Palencia Turismo llevar\u00e1 a cabo en la XXXVI edici\u00f3n de la Feria Internacional del Turismo (Fitur) que se llevar\u00e1 a cabo en Madrid del 20 de enero y hasta el pr\u00f3ximo domingo 24.<\/p>\n<p>As\u00ed, Diputaci\u00f3n y Ayuntamiento de Palencia vuelven a aunar fuerzas para continuar creando una Red de Relaciones de calidad entre empresas, instituciones p\u00fablicas y profesionales que trabajan en los distintos \u00e1mbitos del turismo de interior a trav\u00e9s de los mercados de contrataci\u00f3n.<\/p>\n<p>El alcalde de la capital, Alfonso Polanco, acompa\u00f1ado de la presidenta de la Diputaci\u00f3n, \u00c1ngeles Armis\u00e9n, ha presentado este martes la programaci\u00f3n que Palencia desplegar\u00e1 en la capital espa\u00f1ola para promocionar la capital y la provincia.<\/p>\n<p>En concreto, la primera cita tendr\u00e1 lugar este jueves cuando las Diputaciones de Palencia y \u00c1vila y la Junta de Castilla y Le\u00f3n presenten un convenio con la Sociedad Natural Aranzadi para incorporar La Laguna de La Nava a la Ruta Europea de las Aves.<\/p>\n<p>Asimismo, la Instituci\u00f3n Provincial presentar\u00e1 la nueva propuesta cultural &#8216;Palencia en boca. \u00a1Disfr\u00fatala!&#8217;, ideada por la Fundaci\u00f3n Santa Mar\u00eda La Real en colaboraci\u00f3n con la Diputaci\u00f3n, en la que se dar\u00e1 a conocer la riqueza patrimonial cultural de la provincia a trav\u00e9s de distintas rutas con recorridos a la carta que se adaptar\u00e1n a cada visitante.<\/p>\n<p>Tambi\u00e9n se va a presentar la gu\u00eda deportiva &#8216;Escalar en Palencia&#8217;, del autor David Villegas y editada por la Diputaci\u00f3n, que incluye los itinerarios m\u00e1s atractivos y los datos t\u00e9cnicos de las principales instalaciones para la pr\u00e1ctica del deporte de la escalada en la provincia y toda la informaci\u00f3n de contacto.<\/p>\n<p>PROGRAMACI\u00d3N MUNICIPAL<\/p>\n<p>Por otra parte, el viernes 21 ser\u00e1 el d\u00eda de Palencia en Fitur, momento en el que el Ayuntamiento firmar\u00e1 un convenio de colaboraci\u00f3n con la Consejer\u00eda de Cultura para garantizar la colaboraci\u00f3n y la inspecci\u00f3n de la Polic\u00eda Local en el \u00e1mbito tur\u00edstico y perseguir y erradicar el intrusismo.<\/p>\n<p>Asimismo, rubricar\u00e1 con Renfe un nuevo convenio de colaboraci\u00f3n para continuar estrechando el compromiso de la compa\u00f1\u00eda con la ciudad, reforzado tras la llegada del AVE.<\/p>\n<p>Adem\u00e1s, el Consistorio presentar\u00e1 una nueva imagen de marca-ciudad, mientras que la Concejal\u00eda de Turismo aprovechar\u00e1 Fitur para hacer a\u00fan m\u00e1s difusi\u00f3n de los nuevos paquetes tur\u00edsticos que incluye la promoci\u00f3n &#8216;Tiempo de Palencia&#8217;.<\/p>\n","protected":false},"excerpt":{"rendered":"<p>La firma de nuevos convenios y la presentaci\u00f3n de iniciativas tur\u00edsticas, unidos a los contactos comerciales, son las principales acciones que la marca Palencia Turismo llevar\u00e1 a cabo en la XXXVI edici\u00f3n de la Feria Internacional del Turismo (Fitur) que se llevar\u00e1 a cabo en Madrid del 20 de enero y hasta el pr\u00f3ximo domingo<\/p>\n","protected":false},"author":1,"featured_media":61143,"comment_status":"open","ping_status":"closed","sticky":false,"template":"","format":"standard","meta":{"footnotes":""},"categories":[224],"tags":[],"class_list":{"0":"post-61142","1":"post","2":"type-post","3":"status-publish","4":"format-standard","5":"has-post-thumbnail","7":"category-noticias-actualidad"},"aioseo_notices":[],"aioseo_head":"\n\t\t<!-- All in One SEO Pro 4.9.6.1 - aioseo.com -->\n\t<meta name=\"description\" content=\"La firma de nuevos convenios y la presentaci\u00f3n de iniciativas tur\u00edsticas, unidos a los contactos comerciales, son las principales acciones que la marca Palencia Turismo llevar\u00e1 a cabo en la XXXVI edici\u00f3n de la Feria Internacional del Turismo (Fitur) que se llevar\u00e1 a cabo en Madrid del 20 de enero y hasta el pr\u00f3ximo domingo\" \/>\n\t<meta name=\"robots\" content=\"max-image-preview:large\" \/>\n\t<meta name=\"author\" content=\"admin\"\/>\n\t<meta name=\"google-site-verification\" content=\"UA-38556648-1\" \/>\n\t<meta name=\"keywords\" content=\"noticias y actualidad\" \/>\n\t<link rel=\"canonical\" href=\"https:\/\/eldigitaldeasturias.com\/magazine365\/nuevos-convenios-e-iniciativas-turisticas-principales-acciones-de-palencia-turismo\/\" \/>\n\t<meta name=\"generator\" content=\"All in One SEO Pro (AIOSEO) 4.9.6.1\" \/>\n\t\t<meta property=\"og:locale\" content=\"es_ES\" \/>\n\t\t<meta property=\"og:site_name\" content=\"El Digital de Asturias \u2013 Revista de ocio, turismo y estilo de vida\" \/>\n\t\t<meta property=\"og:type\" content=\"article\" \/>\n\t\t<meta property=\"og:title\" content=\"Nuevos convenios e iniciativas tur\u00edsticas, principales acciones de Palencia Turismo | El Digital de Asturias\" \/>\n\t\t<meta property=\"og:description\" content=\"La firma de nuevos convenios y la presentaci\u00f3n de iniciativas tur\u00edsticas, unidos a los contactos comerciales, son las principales acciones que la marca Palencia Turismo llevar\u00e1 a cabo en la XXXVI edici\u00f3n de la Feria Internacional del Turismo (Fitur) que se llevar\u00e1 a cabo en Madrid del 20 de enero y hasta el pr\u00f3ximo domingo\" \/>\n\t\t<meta property=\"og:url\" content=\"https:\/\/eldigitaldeasturias.com\/magazine365\/nuevos-convenios-e-iniciativas-turisticas-principales-acciones-de-palencia-turismo\/\" \/>\n\t\t<meta property=\"og:image\" content=\"https:\/\/eldigitaldeasturias.com\/magazine365\/wp-content\/uploads\/2016\/01\/fotonoticia_20160119142357_800.jpg\" \/>\n\t\t<meta property=\"og:image:secure_url\" content=\"https:\/\/eldigitaldeasturias.com\/magazine365\/wp-content\/uploads\/2016\/01\/fotonoticia_20160119142357_800.jpg\" \/>\n\t\t<meta property=\"og:image:width\" content=\"800\" \/>\n\t\t<meta property=\"og:image:height\" content=\"568\" \/>\n\t\t<meta property=\"article:published_time\" content=\"2016-01-20T19:22:32+00:00\" \/>\n\t\t<meta property=\"article:modified_time\" content=\"2016-01-20T19:22:32+00:00\" \/>\n\t\t<meta name=\"twitter:card\" content=\"summary_large_image\" \/>\n\t\t<meta name=\"twitter:title\" content=\"Nuevos convenios e iniciativas tur\u00edsticas, principales acciones de Palencia Turismo | El Digital de Asturias\" \/>\n\t\t<meta name=\"twitter:description\" content=\"La firma de nuevos convenios y la presentaci\u00f3n de iniciativas tur\u00edsticas, unidos a los contactos comerciales, son las principales acciones que la marca Palencia Turismo llevar\u00e1 a cabo en la XXXVI edici\u00f3n de la Feria Internacional del Turismo (Fitur) que se llevar\u00e1 a cabo en Madrid del 20 de enero y hasta el pr\u00f3ximo domingo\" \/>\n\t\t<meta name=\"twitter:image\" content=\"https:\/\/eldigitaldeasturias.com\/magazine365\/wp-content\/uploads\/2016\/01\/fotonoticia_20160119142357_800.jpg\" \/>\n\t\t<script type=\"application\/ld+json\" class=\"aioseo-schema\">\n\t\t\t{\"@context\":\"https:\\\/\\\/schema.org\",\"@graph\":[{\"@type\":\"Article\",\"@id\":\"https:\\\/\\\/eldigitaldeasturias.com\\\/magazine365\\\/nuevos-convenios-e-iniciativas-turisticas-principales-acciones-de-palencia-turismo\\\/#article\",\"name\":\"Nuevos convenios e iniciativas tur\\u00edsticas, principales acciones de Palencia Turismo | El Digital de Asturias\",\"headline\":\"Nuevos convenios e iniciativas tur\\u00edsticas, principales acciones de Palencia Turismo\",\"author\":{\"@id\":\"https:\\\/\\\/eldigitaldeasturias.com\\\/magazine365\\\/author\\\/admin\\\/#author\"},\"publisher\":{\"@id\":\"https:\\\/\\\/eldigitaldeasturias.com\\\/magazine365\\\/#organization\"},\"image\":{\"@type\":\"ImageObject\",\"url\":\"https:\\\/\\\/eldigitaldeasturias.com\\\/magazine365\\\/wp-content\\\/uploads\\\/2016\\\/01\\\/fotonoticia_20160119142357_800.jpg\",\"width\":800,\"height\":568},\"datePublished\":\"2016-01-20T20:22:32+01:00\",\"dateModified\":\"2016-01-20T20:22:32+01:00\",\"inLanguage\":\"es-ES\",\"mainEntityOfPage\":{\"@id\":\"https:\\\/\\\/eldigitaldeasturias.com\\\/magazine365\\\/nuevos-convenios-e-iniciativas-turisticas-principales-acciones-de-palencia-turismo\\\/#webpage\"},\"isPartOf\":{\"@id\":\"https:\\\/\\\/eldigitaldeasturias.com\\\/magazine365\\\/nuevos-convenios-e-iniciativas-turisticas-principales-acciones-de-palencia-turismo\\\/#webpage\"},\"articleSection\":\"Noticias y Actualidad\"},{\"@type\":\"BreadcrumbList\",\"@id\":\"https:\\\/\\\/eldigitaldeasturias.com\\\/magazine365\\\/nuevos-convenios-e-iniciativas-turisticas-principales-acciones-de-palencia-turismo\\\/#breadcrumblist\",\"itemListElement\":[{\"@type\":\"ListItem\",\"@id\":\"https:\\\/\\\/eldigitaldeasturias.com\\\/magazine365#listItem\",\"position\":1,\"name\":\"Home\",\"item\":\"https:\\\/\\\/eldigitaldeasturias.com\\\/magazine365\",\"nextItem\":{\"@type\":\"ListItem\",\"@id\":\"https:\\\/\\\/eldigitaldeasturias.com\\\/magazine365\\\/category\\\/noticias-actualidad\\\/#listItem\",\"name\":\"Noticias y Actualidad\"}},{\"@type\":\"ListItem\",\"@id\":\"https:\\\/\\\/eldigitaldeasturias.com\\\/magazine365\\\/category\\\/noticias-actualidad\\\/#listItem\",\"position\":2,\"name\":\"Noticias y Actualidad\",\"item\":\"https:\\\/\\\/eldigitaldeasturias.com\\\/magazine365\\\/category\\\/noticias-actualidad\\\/\",\"nextItem\":{\"@type\":\"ListItem\",\"@id\":\"https:\\\/\\\/eldigitaldeasturias.com\\\/magazine365\\\/nuevos-convenios-e-iniciativas-turisticas-principales-acciones-de-palencia-turismo\\\/#listItem\",\"name\":\"Nuevos convenios e iniciativas tur\\u00edsticas, principales acciones de Palencia Turismo\"},\"previousItem\":{\"@type\":\"ListItem\",\"@id\":\"https:\\\/\\\/eldigitaldeasturias.com\\\/magazine365#listItem\",\"name\":\"Home\"}},{\"@type\":\"ListItem\",\"@id\":\"https:\\\/\\\/eldigitaldeasturias.com\\\/magazine365\\\/nuevos-convenios-e-iniciativas-turisticas-principales-acciones-de-palencia-turismo\\\/#listItem\",\"position\":3,\"name\":\"Nuevos convenios e iniciativas tur\\u00edsticas, principales acciones de Palencia Turismo\",\"previousItem\":{\"@type\":\"ListItem\",\"@id\":\"https:\\\/\\\/eldigitaldeasturias.com\\\/magazine365\\\/category\\\/noticias-actualidad\\\/#listItem\",\"name\":\"Noticias y Actualidad\"}}]},{\"@type\":\"Organization\",\"@id\":\"https:\\\/\\\/eldigitaldeasturias.com\\\/magazine365\\\/#organization\",\"name\":\"El digital de Asturias\",\"description\":\"Revista de ocio, turismo y estilo de vida\",\"url\":\"https:\\\/\\\/eldigitaldeasturias.com\\\/magazine365\\\/\",\"logo\":{\"@type\":\"ImageObject\",\"url\":\"https:\\\/\\\/www.eldigitaldeasturias.com\\\/noticias\\\/wp-content\\\/uploads\\\/2020\\\/12\\\/EDA.jpg\",\"@id\":\"https:\\\/\\\/eldigitaldeasturias.com\\\/magazine365\\\/nuevos-convenios-e-iniciativas-turisticas-principales-acciones-de-palencia-turismo\\\/#organizationLogo\"},\"image\":{\"@id\":\"https:\\\/\\\/eldigitaldeasturias.com\\\/magazine365\\\/nuevos-convenios-e-iniciativas-turisticas-principales-acciones-de-palencia-turismo\\\/#organizationLogo\"}},{\"@type\":\"Person\",\"@id\":\"https:\\\/\\\/eldigitaldeasturias.com\\\/magazine365\\\/author\\\/admin\\\/#author\",\"url\":\"https:\\\/\\\/eldigitaldeasturias.com\\\/magazine365\\\/author\\\/admin\\\/\",\"name\":\"admin\",\"image\":{\"@type\":\"ImageObject\",\"@id\":\"https:\\\/\\\/eldigitaldeasturias.com\\\/magazine365\\\/nuevos-convenios-e-iniciativas-turisticas-principales-acciones-de-palencia-turismo\\\/#authorImage\",\"url\":\"https:\\\/\\\/eldigitaldeasturias.com\\\/magazine365\\\/wp-content\\\/litespeed\\\/avatar\\\/e571bcf59a0edd6fa6838245a470f2fe.jpg?ver=1776969259\",\"width\":96,\"height\":96,\"caption\":\"admin\"}},{\"@type\":\"WebPage\",\"@id\":\"https:\\\/\\\/eldigitaldeasturias.com\\\/magazine365\\\/nuevos-convenios-e-iniciativas-turisticas-principales-acciones-de-palencia-turismo\\\/#webpage\",\"url\":\"https:\\\/\\\/eldigitaldeasturias.com\\\/magazine365\\\/nuevos-convenios-e-iniciativas-turisticas-principales-acciones-de-palencia-turismo\\\/\",\"name\":\"Nuevos convenios e iniciativas tur\\u00edsticas, principales acciones de Palencia Turismo | El Digital de Asturias\",\"description\":\"La firma de nuevos convenios y la presentaci\\u00f3n de iniciativas tur\\u00edsticas, unidos a los contactos comerciales, son las principales acciones que la marca Palencia Turismo llevar\\u00e1 a cabo en la XXXVI edici\\u00f3n de la Feria Internacional del Turismo (Fitur) que se llevar\\u00e1 a cabo en Madrid del 20 de enero y hasta el pr\\u00f3ximo domingo\",\"inLanguage\":\"es-ES\",\"isPartOf\":{\"@id\":\"https:\\\/\\\/eldigitaldeasturias.com\\\/magazine365\\\/#website\"},\"breadcrumb\":{\"@id\":\"https:\\\/\\\/eldigitaldeasturias.com\\\/magazine365\\\/nuevos-convenios-e-iniciativas-turisticas-principales-acciones-de-palencia-turismo\\\/#breadcrumblist\"},\"author\":{\"@id\":\"https:\\\/\\\/eldigitaldeasturias.com\\\/magazine365\\\/author\\\/admin\\\/#author\"},\"creator\":{\"@id\":\"https:\\\/\\\/eldigitaldeasturias.com\\\/magazine365\\\/author\\\/admin\\\/#author\"},\"image\":{\"@type\":\"ImageObject\",\"url\":\"https:\\\/\\\/eldigitaldeasturias.com\\\/magazine365\\\/wp-content\\\/uploads\\\/2016\\\/01\\\/fotonoticia_20160119142357_800.jpg\",\"@id\":\"https:\\\/\\\/eldigitaldeasturias.com\\\/magazine365\\\/nuevos-convenios-e-iniciativas-turisticas-principales-acciones-de-palencia-turismo\\\/#mainImage\",\"width\":800,\"height\":568},\"primaryImageOfPage\":{\"@id\":\"https:\\\/\\\/eldigitaldeasturias.com\\\/magazine365\\\/nuevos-convenios-e-iniciativas-turisticas-principales-acciones-de-palencia-turismo\\\/#mainImage\"},\"datePublished\":\"2016-01-20T20:22:32+01:00\",\"dateModified\":\"2016-01-20T20:22:32+01:00\"},{\"@type\":\"WebSite\",\"@id\":\"https:\\\/\\\/eldigitaldeasturias.com\\\/magazine365\\\/#website\",\"url\":\"https:\\\/\\\/eldigitaldeasturias.com\\\/magazine365\\\/\",\"name\":\"El Digital de Asturias\",\"description\":\"Revista de ocio, turismo y estilo de vida\",\"inLanguage\":\"es-ES\",\"publisher\":{\"@id\":\"https:\\\/\\\/eldigitaldeasturias.com\\\/magazine365\\\/#organization\"}}]}\n\t\t<\/script>\n\t\t<!-- All in One SEO Pro -->\r\n\t\t<title>Nuevos convenios e iniciativas tur\u00edsticas, principales acciones de Palencia Turismo | El Digital de Asturias<\/title>\n\n","aioseo_head_json":{"title":"Nuevos convenios e iniciativas tur\u00edsticas, principales acciones de Palencia Turismo | El Digital de Asturias","description":"La firma de nuevos convenios y la presentaci\u00f3n de iniciativas tur\u00edsticas, unidos a los contactos comerciales, son las principales acciones que la marca Palencia Turismo llevar\u00e1 a cabo en la XXXVI edici\u00f3n de la Feria Internacional del Turismo (Fitur) que se llevar\u00e1 a cabo en Madrid del 20 de enero y hasta el pr\u00f3ximo domingo","canonical_url":"https:\/\/eldigitaldeasturias.com\/magazine365\/nuevos-convenios-e-iniciativas-turisticas-principales-acciones-de-palencia-turismo\/","robots":"max-image-preview:large","keywords":"noticias y actualidad","webmasterTools":{"google-site-verification":"UA-38556648-1","miscellaneous":""},"schema":{"@context":"https:\/\/schema.org","@graph":[{"@type":"Article","@id":"https:\/\/eldigitaldeasturias.com\/magazine365\/nuevos-convenios-e-iniciativas-turisticas-principales-acciones-de-palencia-turismo\/#article","name":"Nuevos convenios e iniciativas tur\u00edsticas, principales acciones de Palencia Turismo | El Digital de Asturias","headline":"Nuevos convenios e iniciativas tur\u00edsticas, principales acciones de Palencia Turismo","author":{"@id":"https:\/\/eldigitaldeasturias.com\/magazine365\/author\/admin\/#author"},"publisher":{"@id":"https:\/\/eldigitaldeasturias.com\/magazine365\/#organization"},"image":{"@type":"ImageObject","url":"https:\/\/eldigitaldeasturias.com\/magazine365\/wp-content\/uploads\/2016\/01\/fotonoticia_20160119142357_800.jpg","width":800,"height":568},"datePublished":"2016-01-20T20:22:32+01:00","dateModified":"2016-01-20T20:22:32+01:00","inLanguage":"es-ES","mainEntityOfPage":{"@id":"https:\/\/eldigitaldeasturias.com\/magazine365\/nuevos-convenios-e-iniciativas-turisticas-principales-acciones-de-palencia-turismo\/#webpage"},"isPartOf":{"@id":"https:\/\/eldigitaldeasturias.com\/magazine365\/nuevos-convenios-e-iniciativas-turisticas-principales-acciones-de-palencia-turismo\/#webpage"},"articleSection":"Noticias y Actualidad"},{"@type":"BreadcrumbList","@id":"https:\/\/eldigitaldeasturias.com\/magazine365\/nuevos-convenios-e-iniciativas-turisticas-principales-acciones-de-palencia-turismo\/#breadcrumblist","itemListElement":[{"@type":"ListItem","@id":"https:\/\/eldigitaldeasturias.com\/magazine365#listItem","position":1,"name":"Home","item":"https:\/\/eldigitaldeasturias.com\/magazine365","nextItem":{"@type":"ListItem","@id":"https:\/\/eldigitaldeasturias.com\/magazine365\/category\/noticias-actualidad\/#listItem","name":"Noticias y Actualidad"}},{"@type":"ListItem","@id":"https:\/\/eldigitaldeasturias.com\/magazine365\/category\/noticias-actualidad\/#listItem","position":2,"name":"Noticias y Actualidad","item":"https:\/\/eldigitaldeasturias.com\/magazine365\/category\/noticias-actualidad\/","nextItem":{"@type":"ListItem","@id":"https:\/\/eldigitaldeasturias.com\/magazine365\/nuevos-convenios-e-iniciativas-turisticas-principales-acciones-de-palencia-turismo\/#listItem","name":"Nuevos convenios e iniciativas tur\u00edsticas, principales acciones de Palencia Turismo"},"previousItem":{"@type":"ListItem","@id":"https:\/\/eldigitaldeasturias.com\/magazine365#listItem","name":"Home"}},{"@type":"ListItem","@id":"https:\/\/eldigitaldeasturias.com\/magazine365\/nuevos-convenios-e-iniciativas-turisticas-principales-acciones-de-palencia-turismo\/#listItem","position":3,"name":"Nuevos convenios e iniciativas tur\u00edsticas, principales acciones de Palencia Turismo","previousItem":{"@type":"ListItem","@id":"https:\/\/eldigitaldeasturias.com\/magazine365\/category\/noticias-actualidad\/#listItem","name":"Noticias y Actualidad"}}]},{"@type":"Organization","@id":"https:\/\/eldigitaldeasturias.com\/magazine365\/#organization","name":"El digital de Asturias","description":"Revista de ocio, turismo y estilo de vida","url":"https:\/\/eldigitaldeasturias.com\/magazine365\/","logo":{"@type":"ImageObject","url":"https:\/\/www.eldigitaldeasturias.com\/noticias\/wp-content\/uploads\/2020\/12\/EDA.jpg","@id":"https:\/\/eldigitaldeasturias.com\/magazine365\/nuevos-convenios-e-iniciativas-turisticas-principales-acciones-de-palencia-turismo\/#organizationLogo"},"image":{"@id":"https:\/\/eldigitaldeasturias.com\/magazine365\/nuevos-convenios-e-iniciativas-turisticas-principales-acciones-de-palencia-turismo\/#organizationLogo"}},{"@type":"Person","@id":"https:\/\/eldigitaldeasturias.com\/magazine365\/author\/admin\/#author","url":"https:\/\/eldigitaldeasturias.com\/magazine365\/author\/admin\/","name":"admin","image":{"@type":"ImageObject","@id":"https:\/\/eldigitaldeasturias.com\/magazine365\/nuevos-convenios-e-iniciativas-turisticas-principales-acciones-de-palencia-turismo\/#authorImage","url":"https:\/\/eldigitaldeasturias.com\/magazine365\/wp-content\/litespeed\/avatar\/e571bcf59a0edd6fa6838245a470f2fe.jpg?ver=1776969259","width":96,"height":96,"caption":"admin"}},{"@type":"WebPage","@id":"https:\/\/eldigitaldeasturias.com\/magazine365\/nuevos-convenios-e-iniciativas-turisticas-principales-acciones-de-palencia-turismo\/#webpage","url":"https:\/\/eldigitaldeasturias.com\/magazine365\/nuevos-convenios-e-iniciativas-turisticas-principales-acciones-de-palencia-turismo\/","name":"Nuevos convenios e iniciativas tur\u00edsticas, principales acciones de Palencia Turismo | El Digital de Asturias","description":"La firma de nuevos convenios y la presentaci\u00f3n de iniciativas tur\u00edsticas, unidos a los contactos comerciales, son las principales acciones que la marca Palencia Turismo llevar\u00e1 a cabo en la XXXVI edici\u00f3n de la Feria Internacional del Turismo (Fitur) que se llevar\u00e1 a cabo en Madrid del 20 de enero y hasta el pr\u00f3ximo domingo","inLanguage":"es-ES","isPartOf":{"@id":"https:\/\/eldigitaldeasturias.com\/magazine365\/#website"},"breadcrumb":{"@id":"https:\/\/eldigitaldeasturias.com\/magazine365\/nuevos-convenios-e-iniciativas-turisticas-principales-acciones-de-palencia-turismo\/#breadcrumblist"},"author":{"@id":"https:\/\/eldigitaldeasturias.com\/magazine365\/author\/admin\/#author"},"creator":{"@id":"https:\/\/eldigitaldeasturias.com\/magazine365\/author\/admin\/#author"},"image":{"@type":"ImageObject","url":"https:\/\/eldigitaldeasturias.com\/magazine365\/wp-content\/uploads\/2016\/01\/fotonoticia_20160119142357_800.jpg","@id":"https:\/\/eldigitaldeasturias.com\/magazine365\/nuevos-convenios-e-iniciativas-turisticas-principales-acciones-de-palencia-turismo\/#mainImage","width":800,"height":568},"primaryImageOfPage":{"@id":"https:\/\/eldigitaldeasturias.com\/magazine365\/nuevos-convenios-e-iniciativas-turisticas-principales-acciones-de-palencia-turismo\/#mainImage"},"datePublished":"2016-01-20T20:22:32+01:00","dateModified":"2016-01-20T20:22:32+01:00"},{"@type":"WebSite","@id":"https:\/\/eldigitaldeasturias.com\/magazine365\/#website","url":"https:\/\/eldigitaldeasturias.com\/magazine365\/","name":"El Digital de Asturias","description":"Revista de ocio, turismo y estilo de vida","inLanguage":"es-ES","publisher":{"@id":"https:\/\/eldigitaldeasturias.com\/magazine365\/#organization"}}]},"og:locale":"es_ES","og:site_name":"El Digital de Asturias \u2013 Revista de ocio, turismo y estilo de vida","og:type":"article","og:title":"Nuevos convenios e iniciativas tur\u00edsticas, principales acciones de Palencia Turismo | El Digital de Asturias","og:description":"La firma de nuevos convenios y la presentaci\u00f3n de iniciativas tur\u00edsticas, unidos a los contactos comerciales, son las principales acciones que la marca Palencia Turismo llevar\u00e1 a cabo en la XXXVI edici\u00f3n de la Feria Internacional del Turismo (Fitur) que se llevar\u00e1 a cabo en Madrid del 20 de enero y hasta el pr\u00f3ximo domingo","og:url":"https:\/\/eldigitaldeasturias.com\/magazine365\/nuevos-convenios-e-iniciativas-turisticas-principales-acciones-de-palencia-turismo\/","og:image":"https:\/\/eldigitaldeasturias.com\/magazine365\/wp-content\/uploads\/2016\/01\/fotonoticia_20160119142357_800.jpg","og:image:secure_url":"https:\/\/eldigitaldeasturias.com\/magazine365\/wp-content\/uploads\/2016\/01\/fotonoticia_20160119142357_800.jpg","og:image:width":800,"og:image:height":568,"article:published_time":"2016-01-20T19:22:32+00:00","article:modified_time":"2016-01-20T19:22:32+00:00","twitter:card":"summary_large_image","twitter:title":"Nuevos convenios e iniciativas tur\u00edsticas, principales acciones de Palencia Turismo | El Digital de Asturias","twitter:description":"La firma de nuevos convenios y la presentaci\u00f3n de iniciativas tur\u00edsticas, unidos a los contactos comerciales, son las principales acciones que la marca Palencia Turismo llevar\u00e1 a cabo en la XXXVI edici\u00f3n de la Feria Internacional del Turismo (Fitur) que se llevar\u00e1 a cabo en Madrid del 20 de enero y hasta el pr\u00f3ximo domingo","twitter:image":"https:\/\/eldigitaldeasturias.com\/magazine365\/wp-content\/uploads\/2016\/01\/fotonoticia_20160119142357_800.jpg"},"aioseo_meta_data":{"post_id":"61142","title":null,"description":null,"keywords":null,"keyphrases":null,"primary_term":null,"canonical_url":null,"og_title":null,"og_description":null,"og_object_type":"default","og_image_type":"default","og_image_url":null,"og_image_width":null,"og_image_height":null,"og_image_custom_url":null,"og_image_custom_fields":null,"og_video":null,"og_custom_url":null,"og_article_section":null,"og_article_tags":null,"twitter_use_og":false,"twitter_card":"default","twitter_image_type":"default","twitter_image_url":null,"twitter_image_custom_url":null,"twitter_image_custom_fields":null,"twitter_title":null,"twitter_description":null,"schema":{"blockGraphs":[],"customGraphs":[],"default":{"data":{"Article":[],"Course":[],"Dataset":[],"FAQPage":[],"Movie":[],"Person":[],"Product":[],"ProductReview":[],"Car":[],"Recipe":[],"Service":[],"SoftwareApplication":[],"WebPage":[]},"graphName":"","isEnabled":true},"graphs":[],"defaultGraph":"","defaultPostTypeGraph":""},"schema_type":null,"schema_type_options":null,"pillar_content":false,"robots_default":true,"robots_noindex":false,"robots_noarchive":false,"robots_nosnippet":false,"robots_nofollow":false,"robots_noimageindex":false,"robots_noodp":false,"robots_notranslate":false,"robots_max_snippet":null,"robots_max_videopreview":null,"robots_max_imagepreview":"large","priority":null,"frequency":null,"location":null,"local_seo":null,"seo_analyzer_scan_date":"2025-09-25 08:19:22","breadcrumb_settings":null,"limit_modified_date":false,"open_ai":null,"ai":null,"created":"2021-03-08 21:53:17","updated":"2025-09-25 08:19:22"},"aioseo_breadcrumb":"<div class=\"aioseo-breadcrumbs\"><span class=\"aioseo-breadcrumb\">\n\t<a href=\"https:\/\/eldigitaldeasturias.com\/magazine365\" title=\"Home\">Home<\/a>\n<\/span><span class=\"aioseo-breadcrumb-separator\">\u2013<\/span><span class=\"aioseo-breadcrumb\">\n\t<a href=\"https:\/\/eldigitaldeasturias.com\/magazine365\/category\/noticias-actualidad\/\" title=\"Noticias y Actualidad\">Noticias y Actualidad<\/a>\n<\/span><span class=\"aioseo-breadcrumb-separator\">\u2013<\/span><span class=\"aioseo-breadcrumb\">\n\t<a href=\"https:\/\/eldigitaldeasturias.com\/magazine365\/nuevos-convenios-e-iniciativas-turisticas-principales-acciones-de-palencia-turismo\/\" title=\"Nuevos convenios e iniciativas tur\u00edsticas, principales acciones de Palencia Turismo\">Nuevos convenios e iniciativas tur\u00edsticas, principales acciones de Palencia Turismo<\/a>\n<\/span><\/div>","aioseo_breadcrumb_json":[{"label":"Home","link":"https:\/\/eldigitaldeasturias.com\/magazine365"},{"label":"Noticias y Actualidad","link":"https:\/\/eldigitaldeasturias.com\/magazine365\/category\/noticias-actualidad\/"},{"label":"Nuevos convenios e iniciativas tur\u00edsticas, principales acciones de Palencia Turismo","link":"https:\/\/eldigitaldeasturias.com\/magazine365\/nuevos-convenios-e-iniciativas-turisticas-principales-acciones-de-palencia-turismo\/"}],"_links":{"self":[{"href":"https:\/\/eldigitaldeasturias.com\/magazine365\/wp-json\/wp\/v2\/posts\/61142","targetHints":{"allow":["GET"]}}],"collection":[{"href":"https:\/\/eldigitaldeasturias.com\/magazine365\/wp-json\/wp\/v2\/posts"}],"about":[{"href":"https:\/\/eldigitaldeasturias.com\/magazine365\/wp-json\/wp\/v2\/types\/post"}],"author":[{"embeddable":true,"href":"https:\/\/eldigitaldeasturias.com\/magazine365\/wp-json\/wp\/v2\/users\/1"}],"replies":[{"embeddable":true,"href":"https:\/\/eldigitaldeasturias.com\/magazine365\/wp-json\/wp\/v2\/comments?post=61142"}],"version-history":[{"count":0,"href":"https:\/\/eldigitaldeasturias.com\/magazine365\/wp-json\/wp\/v2\/posts\/61142\/revisions"}],"wp:featuredmedia":[{"embeddable":true,"href":"https:\/\/eldigitaldeasturias.com\/magazine365\/wp-json\/wp\/v2\/media\/61143"}],"wp:attachment":[{"href":"https:\/\/eldigitaldeasturias.com\/magazine365\/wp-json\/wp\/v2\/media?parent=61142"}],"wp:term":[{"taxonomy":"category","embeddable":true,"href":"https:\/\/eldigitaldeasturias.com\/magazine365\/wp-json\/wp\/v2\/categories?post=61142"},{"taxonomy":"post_tag","embeddable":true,"href":"https:\/\/eldigitaldeasturias.com\/magazine365\/wp-json\/wp\/v2\/tags?post=61142"}],"curies":[{"name":"wp","href":"https:\/\/api.w.org\/{rel}","templated":true}]}}