{"id":61132,"date":"2016-01-20T20:15:52","date_gmt":"2016-01-20T19:15:52","guid":{"rendered":"http:\/\/eldigitaldeasturias.com\/magazine365\/?p=61132"},"modified":"2016-01-20T20:17:34","modified_gmt":"2016-01-20T19:17:34","slug":"castilla-y-leon-basa-su-oferta-en-la-innovacion-experiencias-de-calidad-y-la-comercializacion","status":"publish","type":"post","link":"https:\/\/eldigitaldeasturias.com\/magazine365\/castilla-y-leon-basa-su-oferta-en-la-innovacion-experiencias-de-calidad-y-la-comercializacion\/","title":{"rendered":"Castilla y Le\u00f3n basa su oferta en la innovaci\u00f3n, experiencias de calidad y la comercializaci\u00f3n"},"content":{"rendered":"<p><img fetchpriority=\"high\" decoding=\"async\" class=\"alignleft size-medium wp-image-61133\" src=\"https:\/\/eldigitaldeasturias.com\/magazine365\/wp-content\/uploads\/2016\/01\/fotonoticia_20160119141041_800-360x270.jpg\" alt=\"fotonoticia_20160119141041_800\" width=\"360\" height=\"270\" srcset=\"https:\/\/eldigitaldeasturias.com\/magazine365\/wp-content\/uploads\/2016\/01\/fotonoticia_20160119141041_800-360x270.jpg 360w, https:\/\/eldigitaldeasturias.com\/magazine365\/wp-content\/uploads\/2016\/01\/fotonoticia_20160119141041_800-650x488.jpg 650w, https:\/\/eldigitaldeasturias.com\/magazine365\/wp-content\/uploads\/2016\/01\/fotonoticia_20160119141041_800-768x576.jpg 768w, https:\/\/eldigitaldeasturias.com\/magazine365\/wp-content\/uploads\/2016\/01\/fotonoticia_20160119141041_800-150x113.jpg 150w, https:\/\/eldigitaldeasturias.com\/magazine365\/wp-content\/uploads\/2016\/01\/fotonoticia_20160119141041_800-450x338.jpg 450w, https:\/\/eldigitaldeasturias.com\/magazine365\/wp-content\/uploads\/2016\/01\/fotonoticia_20160119141041_800-80x60.jpg 80w, https:\/\/eldigitaldeasturias.com\/magazine365\/wp-content\/uploads\/2016\/01\/fotonoticia_20160119141041_800-265x198.jpg 265w, https:\/\/eldigitaldeasturias.com\/magazine365\/wp-content\/uploads\/2016\/01\/fotonoticia_20160119141041_800-696x522.jpg 696w, https:\/\/eldigitaldeasturias.com\/magazine365\/wp-content\/uploads\/2016\/01\/fotonoticia_20160119141041_800-560x420.jpg 560w, https:\/\/eldigitaldeasturias.com\/magazine365\/wp-content\/uploads\/2016\/01\/fotonoticia_20160119141041_800-90x67.jpg 90w, https:\/\/eldigitaldeasturias.com\/magazine365\/wp-content\/uploads\/2016\/01\/fotonoticia_20160119141041_800-164x124.jpg 164w, https:\/\/eldigitaldeasturias.com\/magazine365\/wp-content\/uploads\/2016\/01\/fotonoticia_20160119141041_800-100x75.jpg 100w, https:\/\/eldigitaldeasturias.com\/magazine365\/wp-content\/uploads\/2016\/01\/fotonoticia_20160119141041_800.jpg 800w\" sizes=\"(max-width: 360px) 100vw, 360px\" \/>La Junta de Castilla y Le\u00f3n centrar\u00e1 la presencia en la Feria Internacional de Turismo (Fitur) 2016 con una oferta basada en el impulso de un sector productivo clave, como el turismo, a trav\u00e9s de la conectividad y la innovaci\u00f3n con nuevas herramientas de informaci\u00f3n, la promoci\u00f3n e imagen de experiencias de calidad y una mejora de la comercializaci\u00f3n del destino tur\u00edstico especializado.<\/p>\n<p>La consejera de Cultura Turismo, Mar\u00eda Josefa Garc\u00eda Cirac, ha se\u00f1alado este martes, en la presentaci\u00f3n, que ha tenido lugar en la Sala Fray P\u00edo del Monasterio de Prado, que la Comunidad \u00abacude a un certamen donde se incidir\u00e1 en la faceta profesional al existir una gran oportunidad de negocio empresarial\u00bb.<\/p>\n<p>En esta edici\u00f3n, la Junta acudir\u00e1 a Fitur con presencia f\u00edsica en dos espacios: el expositor institucional y promocional, en el pabell\u00f3n 9, junto al resto de comunidades aut\u00f3nomas; y un segundo, de car\u00e1cter comercial, y ubicado en la zona de negocio del pabell\u00f3n 8, destinado a los contactos y encuentros profesionales de los empresarios de la Comunidad.<\/p>\n<p>La consejera ha se\u00f1alado que a trav\u00e9s de estos dos espacios \u00abFitur se convierte en una feria de referencia, donde Castilla y Le\u00f3n va a desarrollar las l\u00edneas promocionales contenidas en el Plan Estrat\u00e9gico de Turismo 2014-2018\u00bb.<\/p>\n<p>La presencia de Castilla y Le\u00f3n en Fitur permite la participaci\u00f3n en un certamen de referencia nacional e internacional, punto de encuentro para todos los profesionales del turismo, con m\u00e1s de 222.500 visitantes en la pasada edici\u00f3n, de los cuales m\u00e1s de 125.000 fueron profesionales del sector, aumentando un 12 por ciento los profesionales internacionales.<\/p>\n<p>Adem\u00e1s, durante el fin de semana, en el que la feria se abre al p\u00fablico final, Madrid es un escaparate ideal para la promoci\u00f3n del destino Castilla y Le\u00f3n, ya que es el principal mercado emisor de turistas para la Comunidad, con un 27,82 por ciento del total de visitantes el pasado a\u00f1o.<\/p>\n<p>PARTICIPACI\u00d3N EN FITUR 2016<\/p>\n<p>Como novedad en esta edici\u00f3n, la Consejer\u00eda organizar\u00e1 un evento comercial con ocho turoperadores y agentes de viaje de Portugal en el que los empresarios lusos \u00abconocer\u00e1n de primera mano\u00bb la oferta tur\u00edstica de la Comunidad, con \u00abespecial incidencia\u00bb en la oferta asociada a uno de los principales eventos para el a\u00f1o 2016 como es la celebraci\u00f3n de la exposici\u00f3n de Las Edades del Hombre en la localidad zamorana de Toro, ha a\u00f1adido Cirac.<\/p>\n<p>Adem\u00e1s, participar\u00e1 en 16 encuentros profesionales con las oficinas de turismo de los principales mercados internacionales, seleccionados en base al inter\u00e9s por el producto regional, con el objetivo de seguir potenciando la internacionalizaci\u00f3n de la demanda tur\u00edstica.<\/p>\n<p>De igual forma, la Junta participar\u00e1 en el VI Encuentro de comercializaci\u00f3n internacional &#8216;Workshop Hosted Buyers&#8217;, organizado por la feria, y en el que Castilla y Le\u00f3n ser\u00e1 la comunidad espa\u00f1ola con mayor presencia empresarial, al participar 34 empresas que van a mantener encuentros de trabajo con los 200 compradores internacionales de m\u00e1s de 33 pa\u00edses.<\/p>\n<p>El impulso al car\u00e1cter comercial y m\u00e1s profesional de Fitur, con el objetivo de aumentar la comercializaci\u00f3n del producto tur\u00edstico y las oportunidades de negocio, llegar\u00e1 a trav\u00e9s del expositor que la Junta pondr\u00e1 al servicio de los empresarios de la Comunidad en la zona empresarial del pabell\u00f3n 8, un espacio para reuniones y encuentros de trabajo en el que van a participar alrededor de 140 de empresas tur\u00edsticas de Castilla y Le\u00f3n.<\/p>\n<p>ACTIVIDAD INSTITUCIONAL EN FITUR 2016<\/p>\n<p>Adem\u00e1s de la promoci\u00f3n tur\u00edstica, la Junta aprovechar\u00e1 su presencia en Fitur para presentar sus novedades y diferentes iniciativas para 2016. En este sentido, tendr\u00e1 un especial protagonismo el apoyo del Gobierno auton\u00f3mico \u00abal desarrollo del turismo accesible\u00bb, con la firma de un convenio de colaboraci\u00f3n con la ONCE y la presentaci\u00f3n de la Gu\u00eda del Camino de Santiago accesible, realizada con PREDIF.<\/p>\n<p>El apoyo de la Junta a la celebraci\u00f3n de Las Edades del Hombre en Toro 2016 tendr\u00e1 tambi\u00e9n un espacio protagonista en esta edici\u00f3n de Fitur, con la presentaci\u00f3n de las l\u00edneas generales del Plan de Promoci\u00f3n de Las Edades que desarrollar\u00e1 la Consejer\u00eda de Cultura y Turismo a lo largo del a\u00f1o.<\/p>\n<p>Por otra parte, la colaboraci\u00f3n institucional en el control de la actividad clandestina en el sector tur\u00edstico se ver\u00e1 reflejada en Fitur por medio de la firma de un convenio de colaboraci\u00f3n con los ayuntamientos de Salamanca, \u00c1vila, Palencia y Le\u00f3n.<\/p>\n<p>La marca de calidad del turismo rural Posadas Reales ser\u00e1 objeto de una especial promoci\u00f3n en forma tanto de presentaci\u00f3n al p\u00fablico como de encuentros comerciales y profesionales.<\/p>\n<p>Tambi\u00e9n el expositor de Castilla y Le\u00f3n ser\u00e1 el escenario de distintas presentaciones sobre las novedades y propuestas tur\u00edsticas de las diferentes provincias de la Comunidad.<\/p>\n<p>Finalmente, la colaboraci\u00f3n de la Consejer\u00eda con las Juntas de Semana Santa se plasmar\u00e1 en el \u00e1mbito promocional en una presentaci\u00f3n de los atractivos tur\u00edsticos y culturales de la Semana de Pasi\u00f3n de Castilla y Le\u00f3n.<\/p>\n<p>PROMOCI\u00d3N DEL DESTINO CASTILLA Y LE\u00d3N<\/p>\n<p>Al intenso trabajo de comercializaci\u00f3n e internacionalizaci\u00f3n se sumar\u00e1 una destacada promoci\u00f3n del producto tur\u00edstico especializado, tanto a nivel de la imagen del expositor como a trav\u00e9s del programa de presentaciones y actividades, con el objetivo de promover la calidad del destino tur\u00edstico, a trav\u00e9s de tres grandes bloques tem\u00e1ticos.<\/p>\n<p>Por un lado, las sinergias que ofrece el turismo de naturaleza y de turismo rural y activo en una Comunidad que \u00ablidera a nivel nacional\u00bb un segmento como es el turismo de interior, con una promoci\u00f3n especial de la marca de calidad Posadas Reales, apoyando su comercializaci\u00f3n con operadores internacionales y la promoci\u00f3n de la marca.<\/p>\n<p>La enogastronom\u00eda tendr\u00e1 un \u00abgran protagonismo\u00bb con la presencia de las cinco Rutas del Vino certificadas, una innovadora actividad sensorial en torno al enoturismo y actividades gastron\u00f3micas con restauradores de la Comunidad con estrella Michel\u00edn, o con el ganador del Bocuse D&#8217;Or Espa\u00f1a, cuya competici\u00f3n se ha celebrado en Castilla y Le\u00f3n recientemente.<\/p>\n<p>La oferta cultural ir\u00e1 asociada al patrimonio hist\u00f3rico art\u00edstico, a los eventos culturales y con especial relevancia de Las Edades del Hombre 2016. Tambi\u00e9n la Semana Santa estar\u00e1 presente en toda la promoci\u00f3n que va a desarrollar la Junta en Fitur debido a su cercan\u00eda en fechas.<\/p>\n<p>Esta promoci\u00f3n del destino llegar\u00e1 al potencial turista de forma muy visual, con grandes gr\u00e1ficas que llamar\u00e1n la atenci\u00f3n y a trav\u00e9s de espacios de interacci\u00f3n e innovaci\u00f3n tecnol\u00f3gica como ser\u00e1n el &#8216;Espacio AVE&#8217;, con una zona de realidad virtual que ofrece una selecci\u00f3n de experiencias tur\u00edsticas por Castilla y Le\u00f3n.<\/p>\n<p>A lo largo de los cuatro d\u00edas que dura el certamen en el expositor de la Junta se ha programado una \u00abintensa agenda\u00bb de actividades para todos los p\u00fablicos que cubre todas las disciplinas art\u00edsticas: magia, teatro de calle, m\u00fasica, circo, danzas urbanas, con artistas como Leo Harlem o la m\u00fasica en ac\u00fastico de Celtas Cortos, seg\u00fan ha informado la consejera de Cultura.<\/p>\n<p>Toda la actividad que desarrolle Castilla y Le\u00f3n en Fitur se podr\u00e1 seguir a trav\u00e9s de los perfiles institucionales en redes sociales como Facebook, Twitter e Instagram, adem\u00e1s de la emisi\u00f3n de v\u00eddeos en tiempo real, mediante Periscope. Para aumentar la visibilidad y el impacto online, se contar\u00e1 con la promoci\u00f3n nacional e internacional a trav\u00e9s de la asociaci\u00f3n de bloggers &#8216;Travel Inspirers&#8217;.<\/p>\n","protected":false},"excerpt":{"rendered":"<p>La Junta de Castilla y Le\u00f3n centrar\u00e1 la presencia en la Feria Internacional de Turismo (Fitur) 2016 con una oferta basada en el impulso de un sector productivo clave, como el turismo, a trav\u00e9s de la conectividad y la innovaci\u00f3n con nuevas herramientas de informaci\u00f3n, la promoci\u00f3n e imagen de experiencias de calidad y una<\/p>\n","protected":false},"author":1,"featured_media":61133,"comment_status":"open","ping_status":"closed","sticky":false,"template":"","format":"standard","meta":{"footnotes":""},"categories":[224],"tags":[],"class_list":{"0":"post-61132","1":"post","2":"type-post","3":"status-publish","4":"format-standard","5":"has-post-thumbnail","7":"category-noticias-actualidad"},"aioseo_notices":[],"aioseo_head":"\n\t\t<!-- All in One SEO Pro 4.9.6.1 - aioseo.com -->\n\t<meta name=\"description\" content=\"La Junta de Castilla y Le\u00f3n centrar\u00e1 la presencia en la Feria Internacional de Turismo (Fitur) 2016 con una oferta basada en el impulso de un sector productivo clave, como el turismo, a trav\u00e9s de la conectividad y la innovaci\u00f3n con nuevas herramientas de informaci\u00f3n, la promoci\u00f3n e imagen de experiencias de calidad y una\" \/>\n\t<meta name=\"robots\" content=\"max-image-preview:large\" \/>\n\t<meta name=\"author\" content=\"admin\"\/>\n\t<meta name=\"google-site-verification\" content=\"UA-38556648-1\" \/>\n\t<meta name=\"keywords\" content=\"noticias y actualidad\" \/>\n\t<link rel=\"canonical\" href=\"https:\/\/eldigitaldeasturias.com\/magazine365\/castilla-y-leon-basa-su-oferta-en-la-innovacion-experiencias-de-calidad-y-la-comercializacion\/\" \/>\n\t<meta name=\"generator\" content=\"All in One SEO Pro (AIOSEO) 4.9.6.1\" \/>\n\t\t<meta property=\"og:locale\" content=\"es_ES\" \/>\n\t\t<meta property=\"og:site_name\" content=\"El Digital de Asturias \u2013 Revista de ocio, turismo y estilo de vida\" \/>\n\t\t<meta property=\"og:type\" content=\"article\" \/>\n\t\t<meta property=\"og:title\" content=\"Castilla y Le\u00f3n basa su oferta en la innovaci\u00f3n, experiencias de calidad y la comercializaci\u00f3n | El Digital de Asturias\" \/>\n\t\t<meta property=\"og:description\" content=\"La Junta de Castilla y Le\u00f3n centrar\u00e1 la presencia en la Feria Internacional de Turismo (Fitur) 2016 con una oferta basada en el impulso de un sector productivo clave, como el turismo, a trav\u00e9s de la conectividad y la innovaci\u00f3n con nuevas herramientas de informaci\u00f3n, la promoci\u00f3n e imagen de experiencias de calidad y una\" \/>\n\t\t<meta property=\"og:url\" content=\"https:\/\/eldigitaldeasturias.com\/magazine365\/castilla-y-leon-basa-su-oferta-en-la-innovacion-experiencias-de-calidad-y-la-comercializacion\/\" \/>\n\t\t<meta property=\"og:image\" content=\"https:\/\/eldigitaldeasturias.com\/magazine365\/wp-content\/uploads\/2016\/01\/fotonoticia_20160119141041_800.jpg\" \/>\n\t\t<meta property=\"og:image:secure_url\" content=\"https:\/\/eldigitaldeasturias.com\/magazine365\/wp-content\/uploads\/2016\/01\/fotonoticia_20160119141041_800.jpg\" \/>\n\t\t<meta property=\"og:image:width\" content=\"800\" \/>\n\t\t<meta property=\"og:image:height\" content=\"600\" \/>\n\t\t<meta property=\"article:published_time\" content=\"2016-01-20T19:15:52+00:00\" \/>\n\t\t<meta property=\"article:modified_time\" content=\"2016-01-20T19:17:34+00:00\" \/>\n\t\t<meta name=\"twitter:card\" content=\"summary_large_image\" \/>\n\t\t<meta name=\"twitter:title\" content=\"Castilla y Le\u00f3n basa su oferta en la innovaci\u00f3n, experiencias de calidad y la comercializaci\u00f3n | El Digital de Asturias\" \/>\n\t\t<meta name=\"twitter:description\" content=\"La Junta de Castilla y Le\u00f3n centrar\u00e1 la presencia en la Feria Internacional de Turismo (Fitur) 2016 con una oferta basada en el impulso de un sector productivo clave, como el turismo, a trav\u00e9s de la conectividad y la innovaci\u00f3n con nuevas herramientas de informaci\u00f3n, la promoci\u00f3n e imagen de experiencias de calidad y una\" \/>\n\t\t<meta name=\"twitter:image\" content=\"https:\/\/eldigitaldeasturias.com\/magazine365\/wp-content\/uploads\/2016\/01\/fotonoticia_20160119141041_800.jpg\" \/>\n\t\t<script type=\"application\/ld+json\" class=\"aioseo-schema\">\n\t\t\t{\"@context\":\"https:\\\/\\\/schema.org\",\"@graph\":[{\"@type\":\"Article\",\"@id\":\"https:\\\/\\\/eldigitaldeasturias.com\\\/magazine365\\\/castilla-y-leon-basa-su-oferta-en-la-innovacion-experiencias-de-calidad-y-la-comercializacion\\\/#article\",\"name\":\"Castilla y Le\\u00f3n basa su oferta en la innovaci\\u00f3n, experiencias de calidad y la comercializaci\\u00f3n | El Digital de Asturias\",\"headline\":\"Castilla y Le\\u00f3n basa su oferta en la innovaci\\u00f3n, experiencias de calidad y la comercializaci\\u00f3n\",\"author\":{\"@id\":\"https:\\\/\\\/eldigitaldeasturias.com\\\/magazine365\\\/author\\\/admin\\\/#author\"},\"publisher\":{\"@id\":\"https:\\\/\\\/eldigitaldeasturias.com\\\/magazine365\\\/#organization\"},\"image\":{\"@type\":\"ImageObject\",\"url\":\"https:\\\/\\\/eldigitaldeasturias.com\\\/magazine365\\\/wp-content\\\/uploads\\\/2016\\\/01\\\/fotonoticia_20160119141041_800.jpg\",\"width\":800,\"height\":600},\"datePublished\":\"2016-01-20T20:15:52+01:00\",\"dateModified\":\"2016-01-20T20:17:34+01:00\",\"inLanguage\":\"es-ES\",\"mainEntityOfPage\":{\"@id\":\"https:\\\/\\\/eldigitaldeasturias.com\\\/magazine365\\\/castilla-y-leon-basa-su-oferta-en-la-innovacion-experiencias-de-calidad-y-la-comercializacion\\\/#webpage\"},\"isPartOf\":{\"@id\":\"https:\\\/\\\/eldigitaldeasturias.com\\\/magazine365\\\/castilla-y-leon-basa-su-oferta-en-la-innovacion-experiencias-de-calidad-y-la-comercializacion\\\/#webpage\"},\"articleSection\":\"Noticias y Actualidad\"},{\"@type\":\"BreadcrumbList\",\"@id\":\"https:\\\/\\\/eldigitaldeasturias.com\\\/magazine365\\\/castilla-y-leon-basa-su-oferta-en-la-innovacion-experiencias-de-calidad-y-la-comercializacion\\\/#breadcrumblist\",\"itemListElement\":[{\"@type\":\"ListItem\",\"@id\":\"https:\\\/\\\/eldigitaldeasturias.com\\\/magazine365#listItem\",\"position\":1,\"name\":\"Home\",\"item\":\"https:\\\/\\\/eldigitaldeasturias.com\\\/magazine365\",\"nextItem\":{\"@type\":\"ListItem\",\"@id\":\"https:\\\/\\\/eldigitaldeasturias.com\\\/magazine365\\\/category\\\/noticias-actualidad\\\/#listItem\",\"name\":\"Noticias y Actualidad\"}},{\"@type\":\"ListItem\",\"@id\":\"https:\\\/\\\/eldigitaldeasturias.com\\\/magazine365\\\/category\\\/noticias-actualidad\\\/#listItem\",\"position\":2,\"name\":\"Noticias y Actualidad\",\"item\":\"https:\\\/\\\/eldigitaldeasturias.com\\\/magazine365\\\/category\\\/noticias-actualidad\\\/\",\"nextItem\":{\"@type\":\"ListItem\",\"@id\":\"https:\\\/\\\/eldigitaldeasturias.com\\\/magazine365\\\/castilla-y-leon-basa-su-oferta-en-la-innovacion-experiencias-de-calidad-y-la-comercializacion\\\/#listItem\",\"name\":\"Castilla y Le\\u00f3n basa su oferta en la innovaci\\u00f3n, experiencias de calidad y la comercializaci\\u00f3n\"},\"previousItem\":{\"@type\":\"ListItem\",\"@id\":\"https:\\\/\\\/eldigitaldeasturias.com\\\/magazine365#listItem\",\"name\":\"Home\"}},{\"@type\":\"ListItem\",\"@id\":\"https:\\\/\\\/eldigitaldeasturias.com\\\/magazine365\\\/castilla-y-leon-basa-su-oferta-en-la-innovacion-experiencias-de-calidad-y-la-comercializacion\\\/#listItem\",\"position\":3,\"name\":\"Castilla y Le\\u00f3n basa su oferta en la innovaci\\u00f3n, experiencias de calidad y la comercializaci\\u00f3n\",\"previousItem\":{\"@type\":\"ListItem\",\"@id\":\"https:\\\/\\\/eldigitaldeasturias.com\\\/magazine365\\\/category\\\/noticias-actualidad\\\/#listItem\",\"name\":\"Noticias y Actualidad\"}}]},{\"@type\":\"Organization\",\"@id\":\"https:\\\/\\\/eldigitaldeasturias.com\\\/magazine365\\\/#organization\",\"name\":\"El digital de Asturias\",\"description\":\"Revista de ocio, turismo y estilo de vida\",\"url\":\"https:\\\/\\\/eldigitaldeasturias.com\\\/magazine365\\\/\",\"logo\":{\"@type\":\"ImageObject\",\"url\":\"https:\\\/\\\/www.eldigitaldeasturias.com\\\/noticias\\\/wp-content\\\/uploads\\\/2020\\\/12\\\/EDA.jpg\",\"@id\":\"https:\\\/\\\/eldigitaldeasturias.com\\\/magazine365\\\/castilla-y-leon-basa-su-oferta-en-la-innovacion-experiencias-de-calidad-y-la-comercializacion\\\/#organizationLogo\"},\"image\":{\"@id\":\"https:\\\/\\\/eldigitaldeasturias.com\\\/magazine365\\\/castilla-y-leon-basa-su-oferta-en-la-innovacion-experiencias-de-calidad-y-la-comercializacion\\\/#organizationLogo\"}},{\"@type\":\"Person\",\"@id\":\"https:\\\/\\\/eldigitaldeasturias.com\\\/magazine365\\\/author\\\/admin\\\/#author\",\"url\":\"https:\\\/\\\/eldigitaldeasturias.com\\\/magazine365\\\/author\\\/admin\\\/\",\"name\":\"admin\",\"image\":{\"@type\":\"ImageObject\",\"@id\":\"https:\\\/\\\/eldigitaldeasturias.com\\\/magazine365\\\/castilla-y-leon-basa-su-oferta-en-la-innovacion-experiencias-de-calidad-y-la-comercializacion\\\/#authorImage\",\"url\":\"https:\\\/\\\/eldigitaldeasturias.com\\\/magazine365\\\/wp-content\\\/litespeed\\\/avatar\\\/e571bcf59a0edd6fa6838245a470f2fe.jpg?ver=1776969259\",\"width\":96,\"height\":96,\"caption\":\"admin\"}},{\"@type\":\"WebPage\",\"@id\":\"https:\\\/\\\/eldigitaldeasturias.com\\\/magazine365\\\/castilla-y-leon-basa-su-oferta-en-la-innovacion-experiencias-de-calidad-y-la-comercializacion\\\/#webpage\",\"url\":\"https:\\\/\\\/eldigitaldeasturias.com\\\/magazine365\\\/castilla-y-leon-basa-su-oferta-en-la-innovacion-experiencias-de-calidad-y-la-comercializacion\\\/\",\"name\":\"Castilla y Le\\u00f3n basa su oferta en la innovaci\\u00f3n, experiencias de calidad y la comercializaci\\u00f3n | El Digital de Asturias\",\"description\":\"La Junta de Castilla y Le\\u00f3n centrar\\u00e1 la presencia en la Feria Internacional de Turismo (Fitur) 2016 con una oferta basada en el impulso de un sector productivo clave, como el turismo, a trav\\u00e9s de la conectividad y la innovaci\\u00f3n con nuevas herramientas de informaci\\u00f3n, la promoci\\u00f3n e imagen de experiencias de calidad y una\",\"inLanguage\":\"es-ES\",\"isPartOf\":{\"@id\":\"https:\\\/\\\/eldigitaldeasturias.com\\\/magazine365\\\/#website\"},\"breadcrumb\":{\"@id\":\"https:\\\/\\\/eldigitaldeasturias.com\\\/magazine365\\\/castilla-y-leon-basa-su-oferta-en-la-innovacion-experiencias-de-calidad-y-la-comercializacion\\\/#breadcrumblist\"},\"author\":{\"@id\":\"https:\\\/\\\/eldigitaldeasturias.com\\\/magazine365\\\/author\\\/admin\\\/#author\"},\"creator\":{\"@id\":\"https:\\\/\\\/eldigitaldeasturias.com\\\/magazine365\\\/author\\\/admin\\\/#author\"},\"image\":{\"@type\":\"ImageObject\",\"url\":\"https:\\\/\\\/eldigitaldeasturias.com\\\/magazine365\\\/wp-content\\\/uploads\\\/2016\\\/01\\\/fotonoticia_20160119141041_800.jpg\",\"@id\":\"https:\\\/\\\/eldigitaldeasturias.com\\\/magazine365\\\/castilla-y-leon-basa-su-oferta-en-la-innovacion-experiencias-de-calidad-y-la-comercializacion\\\/#mainImage\",\"width\":800,\"height\":600},\"primaryImageOfPage\":{\"@id\":\"https:\\\/\\\/eldigitaldeasturias.com\\\/magazine365\\\/castilla-y-leon-basa-su-oferta-en-la-innovacion-experiencias-de-calidad-y-la-comercializacion\\\/#mainImage\"},\"datePublished\":\"2016-01-20T20:15:52+01:00\",\"dateModified\":\"2016-01-20T20:17:34+01:00\"},{\"@type\":\"WebSite\",\"@id\":\"https:\\\/\\\/eldigitaldeasturias.com\\\/magazine365\\\/#website\",\"url\":\"https:\\\/\\\/eldigitaldeasturias.com\\\/magazine365\\\/\",\"name\":\"El Digital de Asturias\",\"description\":\"Revista de ocio, turismo y estilo de vida\",\"inLanguage\":\"es-ES\",\"publisher\":{\"@id\":\"https:\\\/\\\/eldigitaldeasturias.com\\\/magazine365\\\/#organization\"}}]}\n\t\t<\/script>\n\t\t<!-- All in One SEO Pro -->\r\n\t\t<title>Castilla y Le\u00f3n basa su oferta en la innovaci\u00f3n, experiencias de calidad y la comercializaci\u00f3n | El Digital de Asturias<\/title>\n\n","aioseo_head_json":{"title":"Castilla y Le\u00f3n basa su oferta en la innovaci\u00f3n, experiencias de calidad y la comercializaci\u00f3n | El Digital de Asturias","description":"La Junta de Castilla y Le\u00f3n centrar\u00e1 la presencia en la Feria Internacional de Turismo (Fitur) 2016 con una oferta basada en el impulso de un sector productivo clave, como el turismo, a trav\u00e9s de la conectividad y la innovaci\u00f3n con nuevas herramientas de informaci\u00f3n, la promoci\u00f3n e imagen de experiencias de calidad y una","canonical_url":"https:\/\/eldigitaldeasturias.com\/magazine365\/castilla-y-leon-basa-su-oferta-en-la-innovacion-experiencias-de-calidad-y-la-comercializacion\/","robots":"max-image-preview:large","keywords":"noticias y actualidad","webmasterTools":{"google-site-verification":"UA-38556648-1","miscellaneous":""},"schema":{"@context":"https:\/\/schema.org","@graph":[{"@type":"Article","@id":"https:\/\/eldigitaldeasturias.com\/magazine365\/castilla-y-leon-basa-su-oferta-en-la-innovacion-experiencias-de-calidad-y-la-comercializacion\/#article","name":"Castilla y Le\u00f3n basa su oferta en la innovaci\u00f3n, experiencias de calidad y la comercializaci\u00f3n | El Digital de Asturias","headline":"Castilla y Le\u00f3n basa su oferta en la innovaci\u00f3n, experiencias de calidad y la comercializaci\u00f3n","author":{"@id":"https:\/\/eldigitaldeasturias.com\/magazine365\/author\/admin\/#author"},"publisher":{"@id":"https:\/\/eldigitaldeasturias.com\/magazine365\/#organization"},"image":{"@type":"ImageObject","url":"https:\/\/eldigitaldeasturias.com\/magazine365\/wp-content\/uploads\/2016\/01\/fotonoticia_20160119141041_800.jpg","width":800,"height":600},"datePublished":"2016-01-20T20:15:52+01:00","dateModified":"2016-01-20T20:17:34+01:00","inLanguage":"es-ES","mainEntityOfPage":{"@id":"https:\/\/eldigitaldeasturias.com\/magazine365\/castilla-y-leon-basa-su-oferta-en-la-innovacion-experiencias-de-calidad-y-la-comercializacion\/#webpage"},"isPartOf":{"@id":"https:\/\/eldigitaldeasturias.com\/magazine365\/castilla-y-leon-basa-su-oferta-en-la-innovacion-experiencias-de-calidad-y-la-comercializacion\/#webpage"},"articleSection":"Noticias y Actualidad"},{"@type":"BreadcrumbList","@id":"https:\/\/eldigitaldeasturias.com\/magazine365\/castilla-y-leon-basa-su-oferta-en-la-innovacion-experiencias-de-calidad-y-la-comercializacion\/#breadcrumblist","itemListElement":[{"@type":"ListItem","@id":"https:\/\/eldigitaldeasturias.com\/magazine365#listItem","position":1,"name":"Home","item":"https:\/\/eldigitaldeasturias.com\/magazine365","nextItem":{"@type":"ListItem","@id":"https:\/\/eldigitaldeasturias.com\/magazine365\/category\/noticias-actualidad\/#listItem","name":"Noticias y Actualidad"}},{"@type":"ListItem","@id":"https:\/\/eldigitaldeasturias.com\/magazine365\/category\/noticias-actualidad\/#listItem","position":2,"name":"Noticias y Actualidad","item":"https:\/\/eldigitaldeasturias.com\/magazine365\/category\/noticias-actualidad\/","nextItem":{"@type":"ListItem","@id":"https:\/\/eldigitaldeasturias.com\/magazine365\/castilla-y-leon-basa-su-oferta-en-la-innovacion-experiencias-de-calidad-y-la-comercializacion\/#listItem","name":"Castilla y Le\u00f3n basa su oferta en la innovaci\u00f3n, experiencias de calidad y la comercializaci\u00f3n"},"previousItem":{"@type":"ListItem","@id":"https:\/\/eldigitaldeasturias.com\/magazine365#listItem","name":"Home"}},{"@type":"ListItem","@id":"https:\/\/eldigitaldeasturias.com\/magazine365\/castilla-y-leon-basa-su-oferta-en-la-innovacion-experiencias-de-calidad-y-la-comercializacion\/#listItem","position":3,"name":"Castilla y Le\u00f3n basa su oferta en la innovaci\u00f3n, experiencias de calidad y la comercializaci\u00f3n","previousItem":{"@type":"ListItem","@id":"https:\/\/eldigitaldeasturias.com\/magazine365\/category\/noticias-actualidad\/#listItem","name":"Noticias y Actualidad"}}]},{"@type":"Organization","@id":"https:\/\/eldigitaldeasturias.com\/magazine365\/#organization","name":"El digital de Asturias","description":"Revista de ocio, turismo y estilo de vida","url":"https:\/\/eldigitaldeasturias.com\/magazine365\/","logo":{"@type":"ImageObject","url":"https:\/\/www.eldigitaldeasturias.com\/noticias\/wp-content\/uploads\/2020\/12\/EDA.jpg","@id":"https:\/\/eldigitaldeasturias.com\/magazine365\/castilla-y-leon-basa-su-oferta-en-la-innovacion-experiencias-de-calidad-y-la-comercializacion\/#organizationLogo"},"image":{"@id":"https:\/\/eldigitaldeasturias.com\/magazine365\/castilla-y-leon-basa-su-oferta-en-la-innovacion-experiencias-de-calidad-y-la-comercializacion\/#organizationLogo"}},{"@type":"Person","@id":"https:\/\/eldigitaldeasturias.com\/magazine365\/author\/admin\/#author","url":"https:\/\/eldigitaldeasturias.com\/magazine365\/author\/admin\/","name":"admin","image":{"@type":"ImageObject","@id":"https:\/\/eldigitaldeasturias.com\/magazine365\/castilla-y-leon-basa-su-oferta-en-la-innovacion-experiencias-de-calidad-y-la-comercializacion\/#authorImage","url":"https:\/\/eldigitaldeasturias.com\/magazine365\/wp-content\/litespeed\/avatar\/e571bcf59a0edd6fa6838245a470f2fe.jpg?ver=1776969259","width":96,"height":96,"caption":"admin"}},{"@type":"WebPage","@id":"https:\/\/eldigitaldeasturias.com\/magazine365\/castilla-y-leon-basa-su-oferta-en-la-innovacion-experiencias-de-calidad-y-la-comercializacion\/#webpage","url":"https:\/\/eldigitaldeasturias.com\/magazine365\/castilla-y-leon-basa-su-oferta-en-la-innovacion-experiencias-de-calidad-y-la-comercializacion\/","name":"Castilla y Le\u00f3n basa su oferta en la innovaci\u00f3n, experiencias de calidad y la comercializaci\u00f3n | El Digital de Asturias","description":"La Junta de Castilla y Le\u00f3n centrar\u00e1 la presencia en la Feria Internacional de Turismo (Fitur) 2016 con una oferta basada en el impulso de un sector productivo clave, como el turismo, a trav\u00e9s de la conectividad y la innovaci\u00f3n con nuevas herramientas de informaci\u00f3n, la promoci\u00f3n e imagen de experiencias de calidad y una","inLanguage":"es-ES","isPartOf":{"@id":"https:\/\/eldigitaldeasturias.com\/magazine365\/#website"},"breadcrumb":{"@id":"https:\/\/eldigitaldeasturias.com\/magazine365\/castilla-y-leon-basa-su-oferta-en-la-innovacion-experiencias-de-calidad-y-la-comercializacion\/#breadcrumblist"},"author":{"@id":"https:\/\/eldigitaldeasturias.com\/magazine365\/author\/admin\/#author"},"creator":{"@id":"https:\/\/eldigitaldeasturias.com\/magazine365\/author\/admin\/#author"},"image":{"@type":"ImageObject","url":"https:\/\/eldigitaldeasturias.com\/magazine365\/wp-content\/uploads\/2016\/01\/fotonoticia_20160119141041_800.jpg","@id":"https:\/\/eldigitaldeasturias.com\/magazine365\/castilla-y-leon-basa-su-oferta-en-la-innovacion-experiencias-de-calidad-y-la-comercializacion\/#mainImage","width":800,"height":600},"primaryImageOfPage":{"@id":"https:\/\/eldigitaldeasturias.com\/magazine365\/castilla-y-leon-basa-su-oferta-en-la-innovacion-experiencias-de-calidad-y-la-comercializacion\/#mainImage"},"datePublished":"2016-01-20T20:15:52+01:00","dateModified":"2016-01-20T20:17:34+01:00"},{"@type":"WebSite","@id":"https:\/\/eldigitaldeasturias.com\/magazine365\/#website","url":"https:\/\/eldigitaldeasturias.com\/magazine365\/","name":"El Digital de Asturias","description":"Revista de ocio, turismo y estilo de vida","inLanguage":"es-ES","publisher":{"@id":"https:\/\/eldigitaldeasturias.com\/magazine365\/#organization"}}]},"og:locale":"es_ES","og:site_name":"El Digital de Asturias \u2013 Revista de ocio, turismo y estilo de vida","og:type":"article","og:title":"Castilla y Le\u00f3n basa su oferta en la innovaci\u00f3n, experiencias de calidad y la comercializaci\u00f3n | El Digital de Asturias","og:description":"La Junta de Castilla y Le\u00f3n centrar\u00e1 la presencia en la Feria Internacional de Turismo (Fitur) 2016 con una oferta basada en el impulso de un sector productivo clave, como el turismo, a trav\u00e9s de la conectividad y la innovaci\u00f3n con nuevas herramientas de informaci\u00f3n, la promoci\u00f3n e imagen de experiencias de calidad y una","og:url":"https:\/\/eldigitaldeasturias.com\/magazine365\/castilla-y-leon-basa-su-oferta-en-la-innovacion-experiencias-de-calidad-y-la-comercializacion\/","og:image":"https:\/\/eldigitaldeasturias.com\/magazine365\/wp-content\/uploads\/2016\/01\/fotonoticia_20160119141041_800.jpg","og:image:secure_url":"https:\/\/eldigitaldeasturias.com\/magazine365\/wp-content\/uploads\/2016\/01\/fotonoticia_20160119141041_800.jpg","og:image:width":800,"og:image:height":600,"article:published_time":"2016-01-20T19:15:52+00:00","article:modified_time":"2016-01-20T19:17:34+00:00","twitter:card":"summary_large_image","twitter:title":"Castilla y Le\u00f3n basa su oferta en la innovaci\u00f3n, experiencias de calidad y la comercializaci\u00f3n | El Digital de Asturias","twitter:description":"La Junta de Castilla y Le\u00f3n centrar\u00e1 la presencia en la Feria Internacional de Turismo (Fitur) 2016 con una oferta basada en el impulso de un sector productivo clave, como el turismo, a trav\u00e9s de la conectividad y la innovaci\u00f3n con nuevas herramientas de informaci\u00f3n, la promoci\u00f3n e imagen de experiencias de calidad y una","twitter:image":"https:\/\/eldigitaldeasturias.com\/magazine365\/wp-content\/uploads\/2016\/01\/fotonoticia_20160119141041_800.jpg"},"aioseo_meta_data":{"post_id":"61132","title":null,"description":null,"keywords":null,"keyphrases":null,"primary_term":null,"canonical_url":null,"og_title":null,"og_description":null,"og_object_type":"default","og_image_type":"default","og_image_url":null,"og_image_width":null,"og_image_height":null,"og_image_custom_url":null,"og_image_custom_fields":null,"og_video":null,"og_custom_url":null,"og_article_section":null,"og_article_tags":null,"twitter_use_og":false,"twitter_card":"default","twitter_image_type":"default","twitter_image_url":null,"twitter_image_custom_url":null,"twitter_image_custom_fields":null,"twitter_title":null,"twitter_description":null,"schema":{"blockGraphs":[],"customGraphs":[],"default":{"data":{"Article":[],"Course":[],"Dataset":[],"FAQPage":[],"Movie":[],"Person":[],"Product":[],"ProductReview":[],"Car":[],"Recipe":[],"Service":[],"SoftwareApplication":[],"WebPage":[]},"graphName":"","isEnabled":true},"graphs":[],"defaultGraph":"","defaultPostTypeGraph":""},"schema_type":null,"schema_type_options":null,"pillar_content":false,"robots_default":true,"robots_noindex":false,"robots_noarchive":false,"robots_nosnippet":false,"robots_nofollow":false,"robots_noimageindex":false,"robots_noodp":false,"robots_notranslate":false,"robots_max_snippet":null,"robots_max_videopreview":null,"robots_max_imagepreview":"large","priority":null,"frequency":null,"location":null,"local_seo":null,"seo_analyzer_scan_date":"2025-09-25 08:16:56","breadcrumb_settings":null,"limit_modified_date":false,"open_ai":null,"ai":null,"created":"2021-03-08 21:53:17","updated":"2025-09-25 08:16:56"},"aioseo_breadcrumb":"<div class=\"aioseo-breadcrumbs\"><span class=\"aioseo-breadcrumb\">\n\t<a href=\"https:\/\/eldigitaldeasturias.com\/magazine365\" title=\"Home\">Home<\/a>\n<\/span><span class=\"aioseo-breadcrumb-separator\">\u2013<\/span><span class=\"aioseo-breadcrumb\">\n\t<a href=\"https:\/\/eldigitaldeasturias.com\/magazine365\/category\/noticias-actualidad\/\" title=\"Noticias y Actualidad\">Noticias y Actualidad<\/a>\n<\/span><span class=\"aioseo-breadcrumb-separator\">\u2013<\/span><span class=\"aioseo-breadcrumb\">\n\t<a href=\"https:\/\/eldigitaldeasturias.com\/magazine365\/castilla-y-leon-basa-su-oferta-en-la-innovacion-experiencias-de-calidad-y-la-comercializacion\/\" title=\"Castilla y Le\u00f3n basa su oferta en la innovaci\u00f3n, experiencias de calidad y la comercializaci\u00f3n\">Castilla y Le\u00f3n basa su oferta en la innovaci\u00f3n, experiencias de calidad y la comercializaci\u00f3n<\/a>\n<\/span><\/div>","aioseo_breadcrumb_json":[{"label":"Home","link":"https:\/\/eldigitaldeasturias.com\/magazine365"},{"label":"Noticias y Actualidad","link":"https:\/\/eldigitaldeasturias.com\/magazine365\/category\/noticias-actualidad\/"},{"label":"Castilla y Le\u00f3n basa su oferta en la innovaci\u00f3n, experiencias de calidad y la comercializaci\u00f3n","link":"https:\/\/eldigitaldeasturias.com\/magazine365\/castilla-y-leon-basa-su-oferta-en-la-innovacion-experiencias-de-calidad-y-la-comercializacion\/"}],"_links":{"self":[{"href":"https:\/\/eldigitaldeasturias.com\/magazine365\/wp-json\/wp\/v2\/posts\/61132","targetHints":{"allow":["GET"]}}],"collection":[{"href":"https:\/\/eldigitaldeasturias.com\/magazine365\/wp-json\/wp\/v2\/posts"}],"about":[{"href":"https:\/\/eldigitaldeasturias.com\/magazine365\/wp-json\/wp\/v2\/types\/post"}],"author":[{"embeddable":true,"href":"https:\/\/eldigitaldeasturias.com\/magazine365\/wp-json\/wp\/v2\/users\/1"}],"replies":[{"embeddable":true,"href":"https:\/\/eldigitaldeasturias.com\/magazine365\/wp-json\/wp\/v2\/comments?post=61132"}],"version-history":[{"count":0,"href":"https:\/\/eldigitaldeasturias.com\/magazine365\/wp-json\/wp\/v2\/posts\/61132\/revisions"}],"wp:featuredmedia":[{"embeddable":true,"href":"https:\/\/eldigitaldeasturias.com\/magazine365\/wp-json\/wp\/v2\/media\/61133"}],"wp:attachment":[{"href":"https:\/\/eldigitaldeasturias.com\/magazine365\/wp-json\/wp\/v2\/media?parent=61132"}],"wp:term":[{"taxonomy":"category","embeddable":true,"href":"https:\/\/eldigitaldeasturias.com\/magazine365\/wp-json\/wp\/v2\/categories?post=61132"},{"taxonomy":"post_tag","embeddable":true,"href":"https:\/\/eldigitaldeasturias.com\/magazine365\/wp-json\/wp\/v2\/tags?post=61132"}],"curies":[{"name":"wp","href":"https:\/\/api.w.org\/{rel}","templated":true}]}}