{"id":61129,"date":"2016-01-20T20:08:46","date_gmt":"2016-01-20T19:08:46","guid":{"rendered":"http:\/\/eldigitaldeasturias.com\/magazine365\/?p=61129"},"modified":"2016-01-20T20:08:46","modified_gmt":"2016-01-20T19:08:46","slug":"el-patrimonio-arqueologico-de-cartagena-viaja-a-la-fitur-2016","status":"publish","type":"post","link":"https:\/\/eldigitaldeasturias.com\/magazine365\/el-patrimonio-arqueologico-de-cartagena-viaja-a-la-fitur-2016\/","title":{"rendered":"El patrimonio arqueol\u00f3gico de Cartagena viaja a la Fitur 2016"},"content":{"rendered":"<p><img fetchpriority=\"high\" decoding=\"async\" class=\"alignleft size-medium wp-image-61130\" src=\"https:\/\/eldigitaldeasturias.com\/magazine365\/wp-content\/uploads\/2016\/01\/fotonoticia_20160119140948_800-360x270.jpg\" alt=\"fotonoticia_20160119140948_800\" width=\"360\" height=\"270\" srcset=\"https:\/\/eldigitaldeasturias.com\/magazine365\/wp-content\/uploads\/2016\/01\/fotonoticia_20160119140948_800-360x270.jpg 360w, https:\/\/eldigitaldeasturias.com\/magazine365\/wp-content\/uploads\/2016\/01\/fotonoticia_20160119140948_800-650x488.jpg 650w, https:\/\/eldigitaldeasturias.com\/magazine365\/wp-content\/uploads\/2016\/01\/fotonoticia_20160119140948_800-768x576.jpg 768w, https:\/\/eldigitaldeasturias.com\/magazine365\/wp-content\/uploads\/2016\/01\/fotonoticia_20160119140948_800-150x113.jpg 150w, https:\/\/eldigitaldeasturias.com\/magazine365\/wp-content\/uploads\/2016\/01\/fotonoticia_20160119140948_800-450x338.jpg 450w, https:\/\/eldigitaldeasturias.com\/magazine365\/wp-content\/uploads\/2016\/01\/fotonoticia_20160119140948_800-80x60.jpg 80w, https:\/\/eldigitaldeasturias.com\/magazine365\/wp-content\/uploads\/2016\/01\/fotonoticia_20160119140948_800-265x198.jpg 265w, https:\/\/eldigitaldeasturias.com\/magazine365\/wp-content\/uploads\/2016\/01\/fotonoticia_20160119140948_800-696x522.jpg 696w, https:\/\/eldigitaldeasturias.com\/magazine365\/wp-content\/uploads\/2016\/01\/fotonoticia_20160119140948_800-560x420.jpg 560w, https:\/\/eldigitaldeasturias.com\/magazine365\/wp-content\/uploads\/2016\/01\/fotonoticia_20160119140948_800-90x67.jpg 90w, https:\/\/eldigitaldeasturias.com\/magazine365\/wp-content\/uploads\/2016\/01\/fotonoticia_20160119140948_800-164x124.jpg 164w, https:\/\/eldigitaldeasturias.com\/magazine365\/wp-content\/uploads\/2016\/01\/fotonoticia_20160119140948_800-100x75.jpg 100w, https:\/\/eldigitaldeasturias.com\/magazine365\/wp-content\/uploads\/2016\/01\/fotonoticia_20160119140948_800.jpg 800w\" sizes=\"(max-width: 360px) 100vw, 360px\" \/>La 36\u00aa Edici\u00f3n de FITUR se prepara para dar el pistoletazo de salida. A las 10.30 horas de este mi\u00e9rcoles tendr\u00e1 lugar la inauguraci\u00f3n de esta internacional feria de turismo en el Pabell\u00f3n de Ifema de Madrid, donde Cartagena dar\u00e1 a conocer los atractivos de la ciudad dentro del stand del Instituto de Turismo de la Regi\u00f3n de Murcia.<\/p>\n<p>El alcalde, Jos\u00e9 L\u00f3pez, y la vicealcaldesa, Ana Bel\u00e9n Castej\u00f3n, llegar\u00e1n a Fitur en compa\u00f1\u00eda de la concejala de Turismo, Obdulia G\u00f3mez, y el concejal de Festejos, Juan Pedro Torralba, para promocionar el patrimonio arqueol\u00f3gico de la ciudad. En esta cita se pretende cerrar acuerdos comerciales y as\u00ed atraer a Cartagena turistas y visitantes que puedan disfrutar de la oferta hotelera y dem\u00e1s atractivos del municipio.<\/p>\n<p>En esta feria, que se producir\u00e1 del 20 al 24 de enero, Cartagena dar\u00e1 a conocer su oferta de yacimientos a un centenar de pa\u00edses de todo el mundo que se dan cita en este evento tur\u00edstico y comercial, seg\u00fan han informado fuentes municipales.<\/p>\n<p>Destacar\u00e1 la promoci\u00f3n de su patrimonio arqueol\u00f3gico como visitas al Teatro Romano y dem\u00e1s productos tur\u00edsticos que ofrece Puerto de Culturas como los yacimientos del Foro Romano, el Augusteum, Fuerte de Navidad, Castillo Medieval de la Concepci\u00f3n y centro de interpretaci\u00f3n, refugios de la Guerra Civil, ascensor panor\u00e1mico o Muralla P\u00fanica.<\/p>\n<p>Coincidiendo con el centenario de la inauguraci\u00f3n del Gran Hotel, otro de los atractivos que se promocionar\u00e1n en Fitur ser\u00e1 la conmemoraci\u00f3n del A\u00f1o del Modernismo en Cartagena durante 2016, dedicando parte de la promoci\u00f3n a edificios y construcciones, cultura y arquitectura modernista de la ciudad.<\/p>\n<p>Adem\u00e1s de la presentaci\u00f3n de la mano de Jos\u00e9 L\u00f3pez y representantes de la Junta de Cofrad\u00edas de Cartagena del cartel de Semana Santa 2016, declarada de Inter\u00e9s Tur\u00edstico Internacional, Cartagena tambi\u00e9n contar\u00e1 con la representaci\u00f3n de las fiestas de Cartagineses y Romanos y material promocional de otros atractivos como la ruta senderista de Gran Recorrido el GR-92 Ruta de los Carabineros o las fiestas de Carnaval 2016, as\u00ed como la programaci\u00f3n art\u00edstica del Teatro Apolo de El Algar.<\/p>\n","protected":false},"excerpt":{"rendered":"<p>La 36\u00aa Edici\u00f3n de FITUR se prepara para dar el pistoletazo de salida. A las 10.30 horas de este mi\u00e9rcoles tendr\u00e1 lugar la inauguraci\u00f3n de esta internacional feria de turismo en el Pabell\u00f3n de Ifema de Madrid, donde Cartagena dar\u00e1 a conocer los atractivos de la ciudad dentro del stand del Instituto de Turismo de<\/p>\n","protected":false},"author":1,"featured_media":61130,"comment_status":"open","ping_status":"closed","sticky":false,"template":"","format":"standard","meta":{"footnotes":""},"categories":[224],"tags":[],"class_list":{"0":"post-61129","1":"post","2":"type-post","3":"status-publish","4":"format-standard","5":"has-post-thumbnail","7":"category-noticias-actualidad"},"aioseo_notices":[],"aioseo_head":"\n\t\t<!-- All in One SEO Pro 4.9.6.1 - aioseo.com -->\n\t<meta name=\"description\" content=\"La 36\u00aa Edici\u00f3n de FITUR se prepara para dar el pistoletazo de salida. A las 10.30 horas de este mi\u00e9rcoles tendr\u00e1 lugar la inauguraci\u00f3n de esta internacional feria de turismo en el Pabell\u00f3n de Ifema de Madrid, donde Cartagena dar\u00e1 a conocer los atractivos de la ciudad dentro del stand del Instituto de Turismo de\" \/>\n\t<meta name=\"robots\" content=\"max-image-preview:large\" \/>\n\t<meta name=\"author\" content=\"admin\"\/>\n\t<meta name=\"google-site-verification\" content=\"UA-38556648-1\" \/>\n\t<meta name=\"keywords\" content=\"noticias y actualidad\" \/>\n\t<link rel=\"canonical\" href=\"https:\/\/eldigitaldeasturias.com\/magazine365\/el-patrimonio-arqueologico-de-cartagena-viaja-a-la-fitur-2016\/\" \/>\n\t<meta name=\"generator\" content=\"All in One SEO Pro (AIOSEO) 4.9.6.1\" \/>\n\t\t<meta property=\"og:locale\" content=\"es_ES\" \/>\n\t\t<meta property=\"og:site_name\" content=\"El Digital de Asturias \u2013 Revista de ocio, turismo y estilo de vida\" \/>\n\t\t<meta property=\"og:type\" content=\"article\" \/>\n\t\t<meta property=\"og:title\" content=\"El patrimonio arqueol\u00f3gico de Cartagena viaja a la Fitur 2016 | El Digital de Asturias\" \/>\n\t\t<meta property=\"og:description\" content=\"La 36\u00aa Edici\u00f3n de FITUR se prepara para dar el pistoletazo de salida. A las 10.30 horas de este mi\u00e9rcoles tendr\u00e1 lugar la inauguraci\u00f3n de esta internacional feria de turismo en el Pabell\u00f3n de Ifema de Madrid, donde Cartagena dar\u00e1 a conocer los atractivos de la ciudad dentro del stand del Instituto de Turismo de\" \/>\n\t\t<meta property=\"og:url\" content=\"https:\/\/eldigitaldeasturias.com\/magazine365\/el-patrimonio-arqueologico-de-cartagena-viaja-a-la-fitur-2016\/\" \/>\n\t\t<meta property=\"og:image\" content=\"https:\/\/eldigitaldeasturias.com\/magazine365\/wp-content\/uploads\/2016\/01\/fotonoticia_20160119140948_800.jpg\" \/>\n\t\t<meta property=\"og:image:secure_url\" content=\"https:\/\/eldigitaldeasturias.com\/magazine365\/wp-content\/uploads\/2016\/01\/fotonoticia_20160119140948_800.jpg\" \/>\n\t\t<meta property=\"og:image:width\" content=\"800\" \/>\n\t\t<meta property=\"og:image:height\" content=\"600\" \/>\n\t\t<meta property=\"article:published_time\" content=\"2016-01-20T19:08:46+00:00\" \/>\n\t\t<meta property=\"article:modified_time\" content=\"2016-01-20T19:08:46+00:00\" \/>\n\t\t<meta name=\"twitter:card\" content=\"summary_large_image\" \/>\n\t\t<meta name=\"twitter:title\" content=\"El patrimonio arqueol\u00f3gico de Cartagena viaja a la Fitur 2016 | El Digital de Asturias\" \/>\n\t\t<meta name=\"twitter:description\" content=\"La 36\u00aa Edici\u00f3n de FITUR se prepara para dar el pistoletazo de salida. A las 10.30 horas de este mi\u00e9rcoles tendr\u00e1 lugar la inauguraci\u00f3n de esta internacional feria de turismo en el Pabell\u00f3n de Ifema de Madrid, donde Cartagena dar\u00e1 a conocer los atractivos de la ciudad dentro del stand del Instituto de Turismo de\" \/>\n\t\t<meta name=\"twitter:image\" content=\"https:\/\/eldigitaldeasturias.com\/magazine365\/wp-content\/uploads\/2016\/01\/fotonoticia_20160119140948_800.jpg\" \/>\n\t\t<script type=\"application\/ld+json\" class=\"aioseo-schema\">\n\t\t\t{\"@context\":\"https:\\\/\\\/schema.org\",\"@graph\":[{\"@type\":\"Article\",\"@id\":\"https:\\\/\\\/eldigitaldeasturias.com\\\/magazine365\\\/el-patrimonio-arqueologico-de-cartagena-viaja-a-la-fitur-2016\\\/#article\",\"name\":\"El patrimonio arqueol\\u00f3gico de Cartagena viaja a la Fitur 2016 | El Digital de Asturias\",\"headline\":\"El patrimonio arqueol\\u00f3gico de Cartagena viaja a la Fitur 2016\",\"author\":{\"@id\":\"https:\\\/\\\/eldigitaldeasturias.com\\\/magazine365\\\/author\\\/admin\\\/#author\"},\"publisher\":{\"@id\":\"https:\\\/\\\/eldigitaldeasturias.com\\\/magazine365\\\/#organization\"},\"image\":{\"@type\":\"ImageObject\",\"url\":\"https:\\\/\\\/eldigitaldeasturias.com\\\/magazine365\\\/wp-content\\\/uploads\\\/2016\\\/01\\\/fotonoticia_20160119140948_800.jpg\",\"width\":800,\"height\":600},\"datePublished\":\"2016-01-20T20:08:46+01:00\",\"dateModified\":\"2016-01-20T20:08:46+01:00\",\"inLanguage\":\"es-ES\",\"mainEntityOfPage\":{\"@id\":\"https:\\\/\\\/eldigitaldeasturias.com\\\/magazine365\\\/el-patrimonio-arqueologico-de-cartagena-viaja-a-la-fitur-2016\\\/#webpage\"},\"isPartOf\":{\"@id\":\"https:\\\/\\\/eldigitaldeasturias.com\\\/magazine365\\\/el-patrimonio-arqueologico-de-cartagena-viaja-a-la-fitur-2016\\\/#webpage\"},\"articleSection\":\"Noticias y Actualidad\"},{\"@type\":\"BreadcrumbList\",\"@id\":\"https:\\\/\\\/eldigitaldeasturias.com\\\/magazine365\\\/el-patrimonio-arqueologico-de-cartagena-viaja-a-la-fitur-2016\\\/#breadcrumblist\",\"itemListElement\":[{\"@type\":\"ListItem\",\"@id\":\"https:\\\/\\\/eldigitaldeasturias.com\\\/magazine365#listItem\",\"position\":1,\"name\":\"Home\",\"item\":\"https:\\\/\\\/eldigitaldeasturias.com\\\/magazine365\",\"nextItem\":{\"@type\":\"ListItem\",\"@id\":\"https:\\\/\\\/eldigitaldeasturias.com\\\/magazine365\\\/category\\\/noticias-actualidad\\\/#listItem\",\"name\":\"Noticias y Actualidad\"}},{\"@type\":\"ListItem\",\"@id\":\"https:\\\/\\\/eldigitaldeasturias.com\\\/magazine365\\\/category\\\/noticias-actualidad\\\/#listItem\",\"position\":2,\"name\":\"Noticias y Actualidad\",\"item\":\"https:\\\/\\\/eldigitaldeasturias.com\\\/magazine365\\\/category\\\/noticias-actualidad\\\/\",\"nextItem\":{\"@type\":\"ListItem\",\"@id\":\"https:\\\/\\\/eldigitaldeasturias.com\\\/magazine365\\\/el-patrimonio-arqueologico-de-cartagena-viaja-a-la-fitur-2016\\\/#listItem\",\"name\":\"El patrimonio arqueol\\u00f3gico de Cartagena viaja a la Fitur 2016\"},\"previousItem\":{\"@type\":\"ListItem\",\"@id\":\"https:\\\/\\\/eldigitaldeasturias.com\\\/magazine365#listItem\",\"name\":\"Home\"}},{\"@type\":\"ListItem\",\"@id\":\"https:\\\/\\\/eldigitaldeasturias.com\\\/magazine365\\\/el-patrimonio-arqueologico-de-cartagena-viaja-a-la-fitur-2016\\\/#listItem\",\"position\":3,\"name\":\"El patrimonio arqueol\\u00f3gico de Cartagena viaja a la Fitur 2016\",\"previousItem\":{\"@type\":\"ListItem\",\"@id\":\"https:\\\/\\\/eldigitaldeasturias.com\\\/magazine365\\\/category\\\/noticias-actualidad\\\/#listItem\",\"name\":\"Noticias y Actualidad\"}}]},{\"@type\":\"Organization\",\"@id\":\"https:\\\/\\\/eldigitaldeasturias.com\\\/magazine365\\\/#organization\",\"name\":\"El digital de Asturias\",\"description\":\"Revista de ocio, turismo y estilo de vida\",\"url\":\"https:\\\/\\\/eldigitaldeasturias.com\\\/magazine365\\\/\",\"logo\":{\"@type\":\"ImageObject\",\"url\":\"https:\\\/\\\/www.eldigitaldeasturias.com\\\/noticias\\\/wp-content\\\/uploads\\\/2020\\\/12\\\/EDA.jpg\",\"@id\":\"https:\\\/\\\/eldigitaldeasturias.com\\\/magazine365\\\/el-patrimonio-arqueologico-de-cartagena-viaja-a-la-fitur-2016\\\/#organizationLogo\"},\"image\":{\"@id\":\"https:\\\/\\\/eldigitaldeasturias.com\\\/magazine365\\\/el-patrimonio-arqueologico-de-cartagena-viaja-a-la-fitur-2016\\\/#organizationLogo\"}},{\"@type\":\"Person\",\"@id\":\"https:\\\/\\\/eldigitaldeasturias.com\\\/magazine365\\\/author\\\/admin\\\/#author\",\"url\":\"https:\\\/\\\/eldigitaldeasturias.com\\\/magazine365\\\/author\\\/admin\\\/\",\"name\":\"admin\",\"image\":{\"@type\":\"ImageObject\",\"@id\":\"https:\\\/\\\/eldigitaldeasturias.com\\\/magazine365\\\/el-patrimonio-arqueologico-de-cartagena-viaja-a-la-fitur-2016\\\/#authorImage\",\"url\":\"https:\\\/\\\/eldigitaldeasturias.com\\\/magazine365\\\/wp-content\\\/litespeed\\\/avatar\\\/e571bcf59a0edd6fa6838245a470f2fe.jpg?ver=1776969259\",\"width\":96,\"height\":96,\"caption\":\"admin\"}},{\"@type\":\"WebPage\",\"@id\":\"https:\\\/\\\/eldigitaldeasturias.com\\\/magazine365\\\/el-patrimonio-arqueologico-de-cartagena-viaja-a-la-fitur-2016\\\/#webpage\",\"url\":\"https:\\\/\\\/eldigitaldeasturias.com\\\/magazine365\\\/el-patrimonio-arqueologico-de-cartagena-viaja-a-la-fitur-2016\\\/\",\"name\":\"El patrimonio arqueol\\u00f3gico de Cartagena viaja a la Fitur 2016 | El Digital de Asturias\",\"description\":\"La 36\\u00aa Edici\\u00f3n de FITUR se prepara para dar el pistoletazo de salida. A las 10.30 horas de este mi\\u00e9rcoles tendr\\u00e1 lugar la inauguraci\\u00f3n de esta internacional feria de turismo en el Pabell\\u00f3n de Ifema de Madrid, donde Cartagena dar\\u00e1 a conocer los atractivos de la ciudad dentro del stand del Instituto de Turismo de\",\"inLanguage\":\"es-ES\",\"isPartOf\":{\"@id\":\"https:\\\/\\\/eldigitaldeasturias.com\\\/magazine365\\\/#website\"},\"breadcrumb\":{\"@id\":\"https:\\\/\\\/eldigitaldeasturias.com\\\/magazine365\\\/el-patrimonio-arqueologico-de-cartagena-viaja-a-la-fitur-2016\\\/#breadcrumblist\"},\"author\":{\"@id\":\"https:\\\/\\\/eldigitaldeasturias.com\\\/magazine365\\\/author\\\/admin\\\/#author\"},\"creator\":{\"@id\":\"https:\\\/\\\/eldigitaldeasturias.com\\\/magazine365\\\/author\\\/admin\\\/#author\"},\"image\":{\"@type\":\"ImageObject\",\"url\":\"https:\\\/\\\/eldigitaldeasturias.com\\\/magazine365\\\/wp-content\\\/uploads\\\/2016\\\/01\\\/fotonoticia_20160119140948_800.jpg\",\"@id\":\"https:\\\/\\\/eldigitaldeasturias.com\\\/magazine365\\\/el-patrimonio-arqueologico-de-cartagena-viaja-a-la-fitur-2016\\\/#mainImage\",\"width\":800,\"height\":600},\"primaryImageOfPage\":{\"@id\":\"https:\\\/\\\/eldigitaldeasturias.com\\\/magazine365\\\/el-patrimonio-arqueologico-de-cartagena-viaja-a-la-fitur-2016\\\/#mainImage\"},\"datePublished\":\"2016-01-20T20:08:46+01:00\",\"dateModified\":\"2016-01-20T20:08:46+01:00\"},{\"@type\":\"WebSite\",\"@id\":\"https:\\\/\\\/eldigitaldeasturias.com\\\/magazine365\\\/#website\",\"url\":\"https:\\\/\\\/eldigitaldeasturias.com\\\/magazine365\\\/\",\"name\":\"El Digital de Asturias\",\"description\":\"Revista de ocio, turismo y estilo de vida\",\"inLanguage\":\"es-ES\",\"publisher\":{\"@id\":\"https:\\\/\\\/eldigitaldeasturias.com\\\/magazine365\\\/#organization\"}}]}\n\t\t<\/script>\n\t\t<!-- All in One SEO Pro -->\r\n\t\t<title>El patrimonio arqueol\u00f3gico de Cartagena viaja a la Fitur 2016 | El Digital de Asturias<\/title>\n\n","aioseo_head_json":{"title":"El patrimonio arqueol\u00f3gico de Cartagena viaja a la Fitur 2016 | El Digital de Asturias","description":"La 36\u00aa Edici\u00f3n de FITUR se prepara para dar el pistoletazo de salida. A las 10.30 horas de este mi\u00e9rcoles tendr\u00e1 lugar la inauguraci\u00f3n de esta internacional feria de turismo en el Pabell\u00f3n de Ifema de Madrid, donde Cartagena dar\u00e1 a conocer los atractivos de la ciudad dentro del stand del Instituto de Turismo de","canonical_url":"https:\/\/eldigitaldeasturias.com\/magazine365\/el-patrimonio-arqueologico-de-cartagena-viaja-a-la-fitur-2016\/","robots":"max-image-preview:large","keywords":"noticias y actualidad","webmasterTools":{"google-site-verification":"UA-38556648-1","miscellaneous":""},"schema":{"@context":"https:\/\/schema.org","@graph":[{"@type":"Article","@id":"https:\/\/eldigitaldeasturias.com\/magazine365\/el-patrimonio-arqueologico-de-cartagena-viaja-a-la-fitur-2016\/#article","name":"El patrimonio arqueol\u00f3gico de Cartagena viaja a la Fitur 2016 | El Digital de Asturias","headline":"El patrimonio arqueol\u00f3gico de Cartagena viaja a la Fitur 2016","author":{"@id":"https:\/\/eldigitaldeasturias.com\/magazine365\/author\/admin\/#author"},"publisher":{"@id":"https:\/\/eldigitaldeasturias.com\/magazine365\/#organization"},"image":{"@type":"ImageObject","url":"https:\/\/eldigitaldeasturias.com\/magazine365\/wp-content\/uploads\/2016\/01\/fotonoticia_20160119140948_800.jpg","width":800,"height":600},"datePublished":"2016-01-20T20:08:46+01:00","dateModified":"2016-01-20T20:08:46+01:00","inLanguage":"es-ES","mainEntityOfPage":{"@id":"https:\/\/eldigitaldeasturias.com\/magazine365\/el-patrimonio-arqueologico-de-cartagena-viaja-a-la-fitur-2016\/#webpage"},"isPartOf":{"@id":"https:\/\/eldigitaldeasturias.com\/magazine365\/el-patrimonio-arqueologico-de-cartagena-viaja-a-la-fitur-2016\/#webpage"},"articleSection":"Noticias y Actualidad"},{"@type":"BreadcrumbList","@id":"https:\/\/eldigitaldeasturias.com\/magazine365\/el-patrimonio-arqueologico-de-cartagena-viaja-a-la-fitur-2016\/#breadcrumblist","itemListElement":[{"@type":"ListItem","@id":"https:\/\/eldigitaldeasturias.com\/magazine365#listItem","position":1,"name":"Home","item":"https:\/\/eldigitaldeasturias.com\/magazine365","nextItem":{"@type":"ListItem","@id":"https:\/\/eldigitaldeasturias.com\/magazine365\/category\/noticias-actualidad\/#listItem","name":"Noticias y Actualidad"}},{"@type":"ListItem","@id":"https:\/\/eldigitaldeasturias.com\/magazine365\/category\/noticias-actualidad\/#listItem","position":2,"name":"Noticias y Actualidad","item":"https:\/\/eldigitaldeasturias.com\/magazine365\/category\/noticias-actualidad\/","nextItem":{"@type":"ListItem","@id":"https:\/\/eldigitaldeasturias.com\/magazine365\/el-patrimonio-arqueologico-de-cartagena-viaja-a-la-fitur-2016\/#listItem","name":"El patrimonio arqueol\u00f3gico de Cartagena viaja a la Fitur 2016"},"previousItem":{"@type":"ListItem","@id":"https:\/\/eldigitaldeasturias.com\/magazine365#listItem","name":"Home"}},{"@type":"ListItem","@id":"https:\/\/eldigitaldeasturias.com\/magazine365\/el-patrimonio-arqueologico-de-cartagena-viaja-a-la-fitur-2016\/#listItem","position":3,"name":"El patrimonio arqueol\u00f3gico de Cartagena viaja a la Fitur 2016","previousItem":{"@type":"ListItem","@id":"https:\/\/eldigitaldeasturias.com\/magazine365\/category\/noticias-actualidad\/#listItem","name":"Noticias y Actualidad"}}]},{"@type":"Organization","@id":"https:\/\/eldigitaldeasturias.com\/magazine365\/#organization","name":"El digital de Asturias","description":"Revista de ocio, turismo y estilo de vida","url":"https:\/\/eldigitaldeasturias.com\/magazine365\/","logo":{"@type":"ImageObject","url":"https:\/\/www.eldigitaldeasturias.com\/noticias\/wp-content\/uploads\/2020\/12\/EDA.jpg","@id":"https:\/\/eldigitaldeasturias.com\/magazine365\/el-patrimonio-arqueologico-de-cartagena-viaja-a-la-fitur-2016\/#organizationLogo"},"image":{"@id":"https:\/\/eldigitaldeasturias.com\/magazine365\/el-patrimonio-arqueologico-de-cartagena-viaja-a-la-fitur-2016\/#organizationLogo"}},{"@type":"Person","@id":"https:\/\/eldigitaldeasturias.com\/magazine365\/author\/admin\/#author","url":"https:\/\/eldigitaldeasturias.com\/magazine365\/author\/admin\/","name":"admin","image":{"@type":"ImageObject","@id":"https:\/\/eldigitaldeasturias.com\/magazine365\/el-patrimonio-arqueologico-de-cartagena-viaja-a-la-fitur-2016\/#authorImage","url":"https:\/\/eldigitaldeasturias.com\/magazine365\/wp-content\/litespeed\/avatar\/e571bcf59a0edd6fa6838245a470f2fe.jpg?ver=1776969259","width":96,"height":96,"caption":"admin"}},{"@type":"WebPage","@id":"https:\/\/eldigitaldeasturias.com\/magazine365\/el-patrimonio-arqueologico-de-cartagena-viaja-a-la-fitur-2016\/#webpage","url":"https:\/\/eldigitaldeasturias.com\/magazine365\/el-patrimonio-arqueologico-de-cartagena-viaja-a-la-fitur-2016\/","name":"El patrimonio arqueol\u00f3gico de Cartagena viaja a la Fitur 2016 | El Digital de Asturias","description":"La 36\u00aa Edici\u00f3n de FITUR se prepara para dar el pistoletazo de salida. A las 10.30 horas de este mi\u00e9rcoles tendr\u00e1 lugar la inauguraci\u00f3n de esta internacional feria de turismo en el Pabell\u00f3n de Ifema de Madrid, donde Cartagena dar\u00e1 a conocer los atractivos de la ciudad dentro del stand del Instituto de Turismo de","inLanguage":"es-ES","isPartOf":{"@id":"https:\/\/eldigitaldeasturias.com\/magazine365\/#website"},"breadcrumb":{"@id":"https:\/\/eldigitaldeasturias.com\/magazine365\/el-patrimonio-arqueologico-de-cartagena-viaja-a-la-fitur-2016\/#breadcrumblist"},"author":{"@id":"https:\/\/eldigitaldeasturias.com\/magazine365\/author\/admin\/#author"},"creator":{"@id":"https:\/\/eldigitaldeasturias.com\/magazine365\/author\/admin\/#author"},"image":{"@type":"ImageObject","url":"https:\/\/eldigitaldeasturias.com\/magazine365\/wp-content\/uploads\/2016\/01\/fotonoticia_20160119140948_800.jpg","@id":"https:\/\/eldigitaldeasturias.com\/magazine365\/el-patrimonio-arqueologico-de-cartagena-viaja-a-la-fitur-2016\/#mainImage","width":800,"height":600},"primaryImageOfPage":{"@id":"https:\/\/eldigitaldeasturias.com\/magazine365\/el-patrimonio-arqueologico-de-cartagena-viaja-a-la-fitur-2016\/#mainImage"},"datePublished":"2016-01-20T20:08:46+01:00","dateModified":"2016-01-20T20:08:46+01:00"},{"@type":"WebSite","@id":"https:\/\/eldigitaldeasturias.com\/magazine365\/#website","url":"https:\/\/eldigitaldeasturias.com\/magazine365\/","name":"El Digital de Asturias","description":"Revista de ocio, turismo y estilo de vida","inLanguage":"es-ES","publisher":{"@id":"https:\/\/eldigitaldeasturias.com\/magazine365\/#organization"}}]},"og:locale":"es_ES","og:site_name":"El Digital de Asturias \u2013 Revista de ocio, turismo y estilo de vida","og:type":"article","og:title":"El patrimonio arqueol\u00f3gico de Cartagena viaja a la Fitur 2016 | El Digital de Asturias","og:description":"La 36\u00aa Edici\u00f3n de FITUR se prepara para dar el pistoletazo de salida. A las 10.30 horas de este mi\u00e9rcoles tendr\u00e1 lugar la inauguraci\u00f3n de esta internacional feria de turismo en el Pabell\u00f3n de Ifema de Madrid, donde Cartagena dar\u00e1 a conocer los atractivos de la ciudad dentro del stand del Instituto de Turismo de","og:url":"https:\/\/eldigitaldeasturias.com\/magazine365\/el-patrimonio-arqueologico-de-cartagena-viaja-a-la-fitur-2016\/","og:image":"https:\/\/eldigitaldeasturias.com\/magazine365\/wp-content\/uploads\/2016\/01\/fotonoticia_20160119140948_800.jpg","og:image:secure_url":"https:\/\/eldigitaldeasturias.com\/magazine365\/wp-content\/uploads\/2016\/01\/fotonoticia_20160119140948_800.jpg","og:image:width":800,"og:image:height":600,"article:published_time":"2016-01-20T19:08:46+00:00","article:modified_time":"2016-01-20T19:08:46+00:00","twitter:card":"summary_large_image","twitter:title":"El patrimonio arqueol\u00f3gico de Cartagena viaja a la Fitur 2016 | El Digital de Asturias","twitter:description":"La 36\u00aa Edici\u00f3n de FITUR se prepara para dar el pistoletazo de salida. A las 10.30 horas de este mi\u00e9rcoles tendr\u00e1 lugar la inauguraci\u00f3n de esta internacional feria de turismo en el Pabell\u00f3n de Ifema de Madrid, donde Cartagena dar\u00e1 a conocer los atractivos de la ciudad dentro del stand del Instituto de Turismo de","twitter:image":"https:\/\/eldigitaldeasturias.com\/magazine365\/wp-content\/uploads\/2016\/01\/fotonoticia_20160119140948_800.jpg"},"aioseo_meta_data":{"post_id":"61129","title":null,"description":null,"keywords":null,"keyphrases":null,"primary_term":null,"canonical_url":null,"og_title":null,"og_description":null,"og_object_type":"default","og_image_type":"default","og_image_url":null,"og_image_width":null,"og_image_height":null,"og_image_custom_url":null,"og_image_custom_fields":null,"og_video":null,"og_custom_url":null,"og_article_section":null,"og_article_tags":null,"twitter_use_og":false,"twitter_card":"default","twitter_image_type":"default","twitter_image_url":null,"twitter_image_custom_url":null,"twitter_image_custom_fields":null,"twitter_title":null,"twitter_description":null,"schema":{"blockGraphs":[],"customGraphs":[],"default":{"data":{"Article":[],"Course":[],"Dataset":[],"FAQPage":[],"Movie":[],"Person":[],"Product":[],"ProductReview":[],"Car":[],"Recipe":[],"Service":[],"SoftwareApplication":[],"WebPage":[]},"graphName":"","isEnabled":true},"graphs":[],"defaultGraph":"","defaultPostTypeGraph":""},"schema_type":null,"schema_type_options":null,"pillar_content":false,"robots_default":true,"robots_noindex":false,"robots_noarchive":false,"robots_nosnippet":false,"robots_nofollow":false,"robots_noimageindex":false,"robots_noodp":false,"robots_notranslate":false,"robots_max_snippet":null,"robots_max_videopreview":null,"robots_max_imagepreview":"large","priority":null,"frequency":null,"location":null,"local_seo":null,"seo_analyzer_scan_date":"2025-09-25 08:16:55","breadcrumb_settings":null,"limit_modified_date":false,"open_ai":null,"ai":null,"created":"2021-03-08 21:53:17","updated":"2025-09-25 08:16:55"},"aioseo_breadcrumb":"<div class=\"aioseo-breadcrumbs\"><span class=\"aioseo-breadcrumb\">\n\t<a href=\"https:\/\/eldigitaldeasturias.com\/magazine365\" title=\"Home\">Home<\/a>\n<\/span><span class=\"aioseo-breadcrumb-separator\">\u2013<\/span><span class=\"aioseo-breadcrumb\">\n\t<a href=\"https:\/\/eldigitaldeasturias.com\/magazine365\/category\/noticias-actualidad\/\" title=\"Noticias y Actualidad\">Noticias y Actualidad<\/a>\n<\/span><span class=\"aioseo-breadcrumb-separator\">\u2013<\/span><span class=\"aioseo-breadcrumb\">\n\t<a href=\"https:\/\/eldigitaldeasturias.com\/magazine365\/el-patrimonio-arqueologico-de-cartagena-viaja-a-la-fitur-2016\/\" title=\"El patrimonio arqueol\u00f3gico de Cartagena viaja a la Fitur 2016\">El patrimonio arqueol\u00f3gico de Cartagena viaja a la Fitur 2016<\/a>\n<\/span><\/div>","aioseo_breadcrumb_json":[{"label":"Home","link":"https:\/\/eldigitaldeasturias.com\/magazine365"},{"label":"Noticias y Actualidad","link":"https:\/\/eldigitaldeasturias.com\/magazine365\/category\/noticias-actualidad\/"},{"label":"El patrimonio arqueol\u00f3gico de Cartagena viaja a la Fitur 2016","link":"https:\/\/eldigitaldeasturias.com\/magazine365\/el-patrimonio-arqueologico-de-cartagena-viaja-a-la-fitur-2016\/"}],"_links":{"self":[{"href":"https:\/\/eldigitaldeasturias.com\/magazine365\/wp-json\/wp\/v2\/posts\/61129","targetHints":{"allow":["GET"]}}],"collection":[{"href":"https:\/\/eldigitaldeasturias.com\/magazine365\/wp-json\/wp\/v2\/posts"}],"about":[{"href":"https:\/\/eldigitaldeasturias.com\/magazine365\/wp-json\/wp\/v2\/types\/post"}],"author":[{"embeddable":true,"href":"https:\/\/eldigitaldeasturias.com\/magazine365\/wp-json\/wp\/v2\/users\/1"}],"replies":[{"embeddable":true,"href":"https:\/\/eldigitaldeasturias.com\/magazine365\/wp-json\/wp\/v2\/comments?post=61129"}],"version-history":[{"count":0,"href":"https:\/\/eldigitaldeasturias.com\/magazine365\/wp-json\/wp\/v2\/posts\/61129\/revisions"}],"wp:featuredmedia":[{"embeddable":true,"href":"https:\/\/eldigitaldeasturias.com\/magazine365\/wp-json\/wp\/v2\/media\/61130"}],"wp:attachment":[{"href":"https:\/\/eldigitaldeasturias.com\/magazine365\/wp-json\/wp\/v2\/media?parent=61129"}],"wp:term":[{"taxonomy":"category","embeddable":true,"href":"https:\/\/eldigitaldeasturias.com\/magazine365\/wp-json\/wp\/v2\/categories?post=61129"},{"taxonomy":"post_tag","embeddable":true,"href":"https:\/\/eldigitaldeasturias.com\/magazine365\/wp-json\/wp\/v2\/tags?post=61129"}],"curies":[{"name":"wp","href":"https:\/\/api.w.org\/{rel}","templated":true}]}}