{"id":61126,"date":"2016-01-20T20:06:37","date_gmt":"2016-01-20T19:06:37","guid":{"rendered":"http:\/\/eldigitaldeasturias.com\/magazine365\/?p=61126"},"modified":"2016-01-20T20:06:37","modified_gmt":"2016-01-20T19:06:37","slug":"pamplona-presentara-creacity-el-proyecto-transfronterizo-con-hondarribia-y-bayona-sobre-las-murallas","status":"publish","type":"post","link":"https:\/\/eldigitaldeasturias.com\/magazine365\/pamplona-presentara-creacity-el-proyecto-transfronterizo-con-hondarribia-y-bayona-sobre-las-murallas\/","title":{"rendered":"Pamplona presentar\u00e1 &#8216;Creacity&#8217;, el proyecto transfronterizo con Hondarribia y Bayona sobre las murallas"},"content":{"rendered":"<p><img fetchpriority=\"high\" decoding=\"async\" class=\"alignleft size-medium wp-image-61127\" src=\"https:\/\/eldigitaldeasturias.com\/magazine365\/wp-content\/uploads\/2016\/01\/fotonoticia_20160119140900_800-360x270.jpg\" alt=\"fotonoticia_20160119140900_800\" width=\"360\" height=\"270\" srcset=\"https:\/\/eldigitaldeasturias.com\/magazine365\/wp-content\/uploads\/2016\/01\/fotonoticia_20160119140900_800-360x270.jpg 360w, https:\/\/eldigitaldeasturias.com\/magazine365\/wp-content\/uploads\/2016\/01\/fotonoticia_20160119140900_800-650x488.jpg 650w, https:\/\/eldigitaldeasturias.com\/magazine365\/wp-content\/uploads\/2016\/01\/fotonoticia_20160119140900_800-768x576.jpg 768w, https:\/\/eldigitaldeasturias.com\/magazine365\/wp-content\/uploads\/2016\/01\/fotonoticia_20160119140900_800-150x113.jpg 150w, https:\/\/eldigitaldeasturias.com\/magazine365\/wp-content\/uploads\/2016\/01\/fotonoticia_20160119140900_800-450x338.jpg 450w, https:\/\/eldigitaldeasturias.com\/magazine365\/wp-content\/uploads\/2016\/01\/fotonoticia_20160119140900_800-80x60.jpg 80w, https:\/\/eldigitaldeasturias.com\/magazine365\/wp-content\/uploads\/2016\/01\/fotonoticia_20160119140900_800-265x198.jpg 265w, https:\/\/eldigitaldeasturias.com\/magazine365\/wp-content\/uploads\/2016\/01\/fotonoticia_20160119140900_800-696x522.jpg 696w, https:\/\/eldigitaldeasturias.com\/magazine365\/wp-content\/uploads\/2016\/01\/fotonoticia_20160119140900_800-560x420.jpg 560w, https:\/\/eldigitaldeasturias.com\/magazine365\/wp-content\/uploads\/2016\/01\/fotonoticia_20160119140900_800-90x67.jpg 90w, https:\/\/eldigitaldeasturias.com\/magazine365\/wp-content\/uploads\/2016\/01\/fotonoticia_20160119140900_800-164x124.jpg 164w, https:\/\/eldigitaldeasturias.com\/magazine365\/wp-content\/uploads\/2016\/01\/fotonoticia_20160119140900_800-100x75.jpg 100w, https:\/\/eldigitaldeasturias.com\/magazine365\/wp-content\/uploads\/2016\/01\/fotonoticia_20160119140900_800.jpg 800w\" sizes=\"(max-width: 360px) 100vw, 360px\" \/>La apuesta central de Pamplona para la Feria Internacional de Turismo (Fitur) es el proyecto &#8216;Creacity&#8217;, una iniciativa liderada por la capital navarra y compartida con Hondarribia y Bayona para \u00abcrear un eje transfronterizo que una las tres ciudades como destino tur\u00edstico, poniendo en valor y conectando el patrimonio fortificado, trav\u00e9s de iniciativas de turismo cultural y creaci\u00f3n art\u00edstica basadas en la innovaci\u00f3n\u00bb.<\/p>\n<p>As\u00ed lo ha se\u00f1alado este martes en rueda de prensa la concejala delegada de Econom\u00eda Local Sostenible del Ayuntamiento de Pamplona, Patricia Perales, quien ha comparecido con el t\u00e9cnico de Turismo Alberto Tom\u00e1s para exponer la oferta de la capital navarra para Fitur.<\/p>\n<p>El Ayuntamiento de Pamplona, asimismo, apostar\u00e1 de nuevo por el atractivo tur\u00edstico de la gastronom\u00eda y enolog\u00eda, en este caso, tambi\u00e9n en el \u00e1mbito transfronterizo. Este proyecto se ha presentado a la nueva edici\u00f3n del Programa de Cooperaci\u00f3n Territorial Espa\u00f1a-Francia-Andorra (POCTEFA) 2014-2020.<\/p>\n<p>La presentaci\u00f3n de &#8216;Creacity&#8217; se realizar\u00e1 el pr\u00f3ximo jueves, 21 de enero, de 12 a 12.30 horas, en el stand que mantiene el Gobierno de Navarra en esta feria. En la exposici\u00f3n intervendr\u00e1n los alcaldes de Pamplona y Hondarribia, Joseba Asir\u00f3n y Txomin Sagarzazu, respectivamente, y estar\u00e1 presente el presidente de la Oficina de Turismo de Bayona, Henri Lauqu\u00e9.<\/p>\n<p>Perales ha explicado que \u00abpara impulsar esta apuesta central, Pamplona acudir\u00e1 a Fitur, adem\u00e1s de con los temas tradicionales de San Ferm\u00edn, el Camino de Santiago o el Festival Flamenco On Fire, con dos herramientas especialmente creadas para la ocasi\u00f3n: el v\u00eddeo &#8216;Tengo algo que contarte, contigo-zurekin-avec toi&#8217;, centrado en el patrimonio fortificado, y con el montaje y degustaci\u00f3n del pincho &#8216;Honbairu\u00f1a&#8217;, creado por \u00c1lex Mugica\u00bb.<\/p>\n<p>Ambas actividades han tenido un coste aproximado de 7.000 euros. A esta cifra habr\u00eda que sumar el coste de viaje y estancia de las seis personas que durante dos d\u00edas compondr\u00e1n la delegaci\u00f3n: 1.585 euros.<\/p>\n<p>El v\u00eddeo &#8216;Tengo algo que contarte, contigo-zurekin-avec toi&#8217; es la propuesta audiovisual inspirada en el proyecto &#8216;Creacity&#8217; de la que es autor I\u00f1aki Alforja guionista, realizador y operador de c\u00e1mara con 26 a\u00f1os de trayectoria profesional en el sector. Perales ha indicado que la cinta, 4,02 minutos, \u00abrecoge en los idiomas de las tres ciudades el valor del patrimonio fortificado, vivo en la historia de la ciudad y con un recorrido de futuro\u00bb.<\/p>\n<p>\u00abCon un montaje de ritmo r\u00e1pido, el audiovisual, desde la cercan\u00eda, apela a las sensaciones del espectador, con una mirada documental, no sobre las piedras, sino sobre las personas que viven y disfrutan en el entorno de este patrimonio\u00bb, ha a\u00f1adido.<\/p>\n<p>Por otro lado, el cocinero Alex M\u00fagica presentar\u00e1 un pincho de nueva creaci\u00f3n, espec\u00edfico para este proyecto. &#8216;Honbairu\u00f1a&#8217; a\u00fana sabores tradicionales de las tres ciudades con un formato internacional, como es el sushi. Al mismo tiempo, esta creaci\u00f3n, como pincho fr\u00edo, vence los problemas log\u00edsticos de montaje de 50 raciones para su degustaci\u00f3n en un entorno no espec\u00edficamente culinario.<\/p>\n<p>DELEGACI\u00d3N PAMPLONESA<\/p>\n<p>La delegaci\u00f3n pamplonesa en Fitur estar\u00e1 compuesta por el alcalde de Pamplona, Joseba Asiron, la concejala de Econom\u00eda Local Sostenible, Patricia Perales, los t\u00e9cnicos de Turismo Alberto Tom\u00e1s y Ana Gonz\u00e1lez, el director del \u00c1rea de Gobierno Transparente, Arturo Ferrer y, como responsable del Gabinete de Alcald\u00eda, Olaia Aldaz.<\/p>\n<p>A lo largo del 20 de enero la delegaci\u00f3n visitar\u00e1 el Matadero y se reunir\u00e1 con representantes del \u00c1rea de Cultura y Deporte del Ayuntamiento de Madrid para recabar ideas para el proyecto Geltoki.<\/p>\n<p>El jueves 21 se har\u00e1 la presentaci\u00f3n oficial de la oferta tur\u00edstica de Pamplona. En ese marco la delegaci\u00f3n de la capital navarra aprovechar\u00e1 para reunirse con distintos agentes del sector tur\u00edstico, trabajar alianzas que favorezcan a la ciudad, como asociaciones de hosteleros, transporte, touroperadores etc..<\/p>\n<p>El viernes 22 de enero Patricia Perales representar\u00e1 a Pamplona en el D\u00eda de Navarra y se reunir\u00e1 con agentes tur\u00edsticos y con la presidenta del Gobierno de Navarra para hacer una valoraci\u00f3n del sector, y participar\u00e1 en el acto institucional que tendr\u00e1 lugar al mediod\u00eda.<\/p>\n<p>MURALLAS Y GASTRONOM\u00cdA, EN ALZA<\/p>\n<p>Por otra parte, los datos peri\u00f3dicos del Observatorio Tur\u00edstico de Pamplona, una herramienta de medici\u00f3n que comenz\u00f3 su andadura en 2007, recogen a\u00f1o tras a\u00f1o el devenir del inter\u00e9s de los visitantes que llegan a Pamplona. Desde esa fecha la gastronom\u00eda ha sido uno de los usos tur\u00edsticos de la ciudad m\u00e1s relevantes y una de las motivaciones principales que esgrimen los turistas para visitar Pamplona, situ\u00e1ndose siempre entre los tres primeros puestos en los \u00faltimos a\u00f1os.<\/p>\n<p>Si la gastronom\u00eda siempre es un referente, el patrimonio fortificado es un atractivo tur\u00edstico que ha tenido un recorrido al alza muy evidente. En 2014 la Ciudadela y las murallas fueron visitadas por el 73,8 por ciento de los turistas que se acercaron a Pamplona, un porcentaje que dobl\u00f3 al de interesados en patrimonio fortificado registrado en el a\u00f1o anterior. Entre las explicaciones t\u00e9cnicas de esos datos est\u00e1 la promoci\u00f3n y divulgaci\u00f3n realizada por el Consistorio del valor y significaci\u00f3n de estos espacios restaurados y junto con su uso como escenarios de actividades de cultura y turismo.<\/p>\n","protected":false},"excerpt":{"rendered":"<p>La apuesta central de Pamplona para la Feria Internacional de Turismo (Fitur) es el proyecto &#8216;Creacity&#8217;, una iniciativa liderada por la capital navarra y compartida con Hondarribia y Bayona para \u00abcrear un eje transfronterizo que una las tres ciudades como destino tur\u00edstico, poniendo en valor y conectando el patrimonio fortificado, trav\u00e9s de iniciativas de turismo<\/p>\n","protected":false},"author":1,"featured_media":61127,"comment_status":"open","ping_status":"closed","sticky":false,"template":"","format":"standard","meta":{"footnotes":""},"categories":[224],"tags":[],"class_list":{"0":"post-61126","1":"post","2":"type-post","3":"status-publish","4":"format-standard","5":"has-post-thumbnail","7":"category-noticias-actualidad"},"aioseo_notices":[],"aioseo_head":"\n\t\t<!-- All in One SEO Pro 4.9.6.1 - aioseo.com -->\n\t<meta name=\"description\" content=\"La apuesta central de Pamplona para la Feria Internacional de Turismo (Fitur) es el proyecto &#039;Creacity&#039;, una iniciativa liderada por la capital navarra y compartida con Hondarribia y Bayona para &quot;crear un eje transfronterizo que una las tres ciudades como destino tur\u00edstico, poniendo en valor y conectando el patrimonio fortificado, trav\u00e9s de iniciativas de turismo\" \/>\n\t<meta name=\"robots\" content=\"max-image-preview:large\" \/>\n\t<meta name=\"author\" content=\"admin\"\/>\n\t<meta name=\"google-site-verification\" content=\"UA-38556648-1\" \/>\n\t<meta name=\"keywords\" content=\"noticias y actualidad\" \/>\n\t<link rel=\"canonical\" href=\"https:\/\/eldigitaldeasturias.com\/magazine365\/pamplona-presentara-creacity-el-proyecto-transfronterizo-con-hondarribia-y-bayona-sobre-las-murallas\/\" \/>\n\t<meta name=\"generator\" content=\"All in One SEO Pro (AIOSEO) 4.9.6.1\" \/>\n\t\t<meta property=\"og:locale\" content=\"es_ES\" \/>\n\t\t<meta property=\"og:site_name\" content=\"El Digital de Asturias \u2013 Revista de ocio, turismo y estilo de vida\" \/>\n\t\t<meta property=\"og:type\" content=\"article\" \/>\n\t\t<meta property=\"og:title\" content=\"Pamplona presentar\u00e1 \u2018Creacity\u2019, el proyecto transfronterizo con Hondarribia y Bayona sobre las murallas | El Digital de Asturias\" \/>\n\t\t<meta property=\"og:description\" content=\"La apuesta central de Pamplona para la Feria Internacional de Turismo (Fitur) es el proyecto &#039;Creacity&#039;, una iniciativa liderada por la capital navarra y compartida con Hondarribia y Bayona para &quot;crear un eje transfronterizo que una las tres ciudades como destino tur\u00edstico, poniendo en valor y conectando el patrimonio fortificado, trav\u00e9s de iniciativas de turismo\" \/>\n\t\t<meta property=\"og:url\" content=\"https:\/\/eldigitaldeasturias.com\/magazine365\/pamplona-presentara-creacity-el-proyecto-transfronterizo-con-hondarribia-y-bayona-sobre-las-murallas\/\" \/>\n\t\t<meta property=\"og:image\" content=\"https:\/\/eldigitaldeasturias.com\/magazine365\/wp-content\/uploads\/2016\/01\/fotonoticia_20160119140900_800.jpg\" \/>\n\t\t<meta property=\"og:image:secure_url\" content=\"https:\/\/eldigitaldeasturias.com\/magazine365\/wp-content\/uploads\/2016\/01\/fotonoticia_20160119140900_800.jpg\" \/>\n\t\t<meta property=\"og:image:width\" content=\"800\" \/>\n\t\t<meta property=\"og:image:height\" content=\"600\" \/>\n\t\t<meta property=\"article:published_time\" content=\"2016-01-20T19:06:37+00:00\" \/>\n\t\t<meta property=\"article:modified_time\" content=\"2016-01-20T19:06:37+00:00\" \/>\n\t\t<meta name=\"twitter:card\" content=\"summary_large_image\" \/>\n\t\t<meta name=\"twitter:title\" content=\"Pamplona presentar\u00e1 \u2018Creacity\u2019, el proyecto transfronterizo con Hondarribia y Bayona sobre las murallas | El Digital de Asturias\" \/>\n\t\t<meta name=\"twitter:description\" content=\"La apuesta central de Pamplona para la Feria Internacional de Turismo (Fitur) es el proyecto &#039;Creacity&#039;, una iniciativa liderada por la capital navarra y compartida con Hondarribia y Bayona para &quot;crear un eje transfronterizo que una las tres ciudades como destino tur\u00edstico, poniendo en valor y conectando el patrimonio fortificado, trav\u00e9s de iniciativas de turismo\" \/>\n\t\t<meta name=\"twitter:image\" content=\"https:\/\/eldigitaldeasturias.com\/magazine365\/wp-content\/uploads\/2016\/01\/fotonoticia_20160119140900_800.jpg\" \/>\n\t\t<script type=\"application\/ld+json\" class=\"aioseo-schema\">\n\t\t\t{\"@context\":\"https:\\\/\\\/schema.org\",\"@graph\":[{\"@type\":\"Article\",\"@id\":\"https:\\\/\\\/eldigitaldeasturias.com\\\/magazine365\\\/pamplona-presentara-creacity-el-proyecto-transfronterizo-con-hondarribia-y-bayona-sobre-las-murallas\\\/#article\",\"name\":\"Pamplona presentar\\u00e1 \\u2018Creacity\\u2019, el proyecto transfronterizo con Hondarribia y Bayona sobre las murallas | El Digital de Asturias\",\"headline\":\"Pamplona presentar\\u00e1 &#8216;Creacity&#8217;, el proyecto transfronterizo con Hondarribia y Bayona sobre las murallas\",\"author\":{\"@id\":\"https:\\\/\\\/eldigitaldeasturias.com\\\/magazine365\\\/author\\\/admin\\\/#author\"},\"publisher\":{\"@id\":\"https:\\\/\\\/eldigitaldeasturias.com\\\/magazine365\\\/#organization\"},\"image\":{\"@type\":\"ImageObject\",\"url\":\"https:\\\/\\\/eldigitaldeasturias.com\\\/magazine365\\\/wp-content\\\/uploads\\\/2016\\\/01\\\/fotonoticia_20160119140900_800.jpg\",\"width\":800,\"height\":600},\"datePublished\":\"2016-01-20T20:06:37+01:00\",\"dateModified\":\"2016-01-20T20:06:37+01:00\",\"inLanguage\":\"es-ES\",\"mainEntityOfPage\":{\"@id\":\"https:\\\/\\\/eldigitaldeasturias.com\\\/magazine365\\\/pamplona-presentara-creacity-el-proyecto-transfronterizo-con-hondarribia-y-bayona-sobre-las-murallas\\\/#webpage\"},\"isPartOf\":{\"@id\":\"https:\\\/\\\/eldigitaldeasturias.com\\\/magazine365\\\/pamplona-presentara-creacity-el-proyecto-transfronterizo-con-hondarribia-y-bayona-sobre-las-murallas\\\/#webpage\"},\"articleSection\":\"Noticias y Actualidad\"},{\"@type\":\"BreadcrumbList\",\"@id\":\"https:\\\/\\\/eldigitaldeasturias.com\\\/magazine365\\\/pamplona-presentara-creacity-el-proyecto-transfronterizo-con-hondarribia-y-bayona-sobre-las-murallas\\\/#breadcrumblist\",\"itemListElement\":[{\"@type\":\"ListItem\",\"@id\":\"https:\\\/\\\/eldigitaldeasturias.com\\\/magazine365#listItem\",\"position\":1,\"name\":\"Home\",\"item\":\"https:\\\/\\\/eldigitaldeasturias.com\\\/magazine365\",\"nextItem\":{\"@type\":\"ListItem\",\"@id\":\"https:\\\/\\\/eldigitaldeasturias.com\\\/magazine365\\\/category\\\/noticias-actualidad\\\/#listItem\",\"name\":\"Noticias y Actualidad\"}},{\"@type\":\"ListItem\",\"@id\":\"https:\\\/\\\/eldigitaldeasturias.com\\\/magazine365\\\/category\\\/noticias-actualidad\\\/#listItem\",\"position\":2,\"name\":\"Noticias y Actualidad\",\"item\":\"https:\\\/\\\/eldigitaldeasturias.com\\\/magazine365\\\/category\\\/noticias-actualidad\\\/\",\"nextItem\":{\"@type\":\"ListItem\",\"@id\":\"https:\\\/\\\/eldigitaldeasturias.com\\\/magazine365\\\/pamplona-presentara-creacity-el-proyecto-transfronterizo-con-hondarribia-y-bayona-sobre-las-murallas\\\/#listItem\",\"name\":\"Pamplona presentar\\u00e1 &#8216;Creacity&#8217;, el proyecto transfronterizo con Hondarribia y Bayona sobre las murallas\"},\"previousItem\":{\"@type\":\"ListItem\",\"@id\":\"https:\\\/\\\/eldigitaldeasturias.com\\\/magazine365#listItem\",\"name\":\"Home\"}},{\"@type\":\"ListItem\",\"@id\":\"https:\\\/\\\/eldigitaldeasturias.com\\\/magazine365\\\/pamplona-presentara-creacity-el-proyecto-transfronterizo-con-hondarribia-y-bayona-sobre-las-murallas\\\/#listItem\",\"position\":3,\"name\":\"Pamplona presentar\\u00e1 &#8216;Creacity&#8217;, el proyecto transfronterizo con Hondarribia y Bayona sobre las murallas\",\"previousItem\":{\"@type\":\"ListItem\",\"@id\":\"https:\\\/\\\/eldigitaldeasturias.com\\\/magazine365\\\/category\\\/noticias-actualidad\\\/#listItem\",\"name\":\"Noticias y Actualidad\"}}]},{\"@type\":\"Organization\",\"@id\":\"https:\\\/\\\/eldigitaldeasturias.com\\\/magazine365\\\/#organization\",\"name\":\"El digital de Asturias\",\"description\":\"Revista de ocio, turismo y estilo de vida\",\"url\":\"https:\\\/\\\/eldigitaldeasturias.com\\\/magazine365\\\/\",\"logo\":{\"@type\":\"ImageObject\",\"url\":\"https:\\\/\\\/www.eldigitaldeasturias.com\\\/noticias\\\/wp-content\\\/uploads\\\/2020\\\/12\\\/EDA.jpg\",\"@id\":\"https:\\\/\\\/eldigitaldeasturias.com\\\/magazine365\\\/pamplona-presentara-creacity-el-proyecto-transfronterizo-con-hondarribia-y-bayona-sobre-las-murallas\\\/#organizationLogo\"},\"image\":{\"@id\":\"https:\\\/\\\/eldigitaldeasturias.com\\\/magazine365\\\/pamplona-presentara-creacity-el-proyecto-transfronterizo-con-hondarribia-y-bayona-sobre-las-murallas\\\/#organizationLogo\"}},{\"@type\":\"Person\",\"@id\":\"https:\\\/\\\/eldigitaldeasturias.com\\\/magazine365\\\/author\\\/admin\\\/#author\",\"url\":\"https:\\\/\\\/eldigitaldeasturias.com\\\/magazine365\\\/author\\\/admin\\\/\",\"name\":\"admin\",\"image\":{\"@type\":\"ImageObject\",\"@id\":\"https:\\\/\\\/eldigitaldeasturias.com\\\/magazine365\\\/pamplona-presentara-creacity-el-proyecto-transfronterizo-con-hondarribia-y-bayona-sobre-las-murallas\\\/#authorImage\",\"url\":\"https:\\\/\\\/eldigitaldeasturias.com\\\/magazine365\\\/wp-content\\\/litespeed\\\/avatar\\\/e571bcf59a0edd6fa6838245a470f2fe.jpg?ver=1776969259\",\"width\":96,\"height\":96,\"caption\":\"admin\"}},{\"@type\":\"WebPage\",\"@id\":\"https:\\\/\\\/eldigitaldeasturias.com\\\/magazine365\\\/pamplona-presentara-creacity-el-proyecto-transfronterizo-con-hondarribia-y-bayona-sobre-las-murallas\\\/#webpage\",\"url\":\"https:\\\/\\\/eldigitaldeasturias.com\\\/magazine365\\\/pamplona-presentara-creacity-el-proyecto-transfronterizo-con-hondarribia-y-bayona-sobre-las-murallas\\\/\",\"name\":\"Pamplona presentar\\u00e1 \\u2018Creacity\\u2019, el proyecto transfronterizo con Hondarribia y Bayona sobre las murallas | El Digital de Asturias\",\"description\":\"La apuesta central de Pamplona para la Feria Internacional de Turismo (Fitur) es el proyecto 'Creacity', una iniciativa liderada por la capital navarra y compartida con Hondarribia y Bayona para \\\"crear un eje transfronterizo que una las tres ciudades como destino tur\\u00edstico, poniendo en valor y conectando el patrimonio fortificado, trav\\u00e9s de iniciativas de turismo\",\"inLanguage\":\"es-ES\",\"isPartOf\":{\"@id\":\"https:\\\/\\\/eldigitaldeasturias.com\\\/magazine365\\\/#website\"},\"breadcrumb\":{\"@id\":\"https:\\\/\\\/eldigitaldeasturias.com\\\/magazine365\\\/pamplona-presentara-creacity-el-proyecto-transfronterizo-con-hondarribia-y-bayona-sobre-las-murallas\\\/#breadcrumblist\"},\"author\":{\"@id\":\"https:\\\/\\\/eldigitaldeasturias.com\\\/magazine365\\\/author\\\/admin\\\/#author\"},\"creator\":{\"@id\":\"https:\\\/\\\/eldigitaldeasturias.com\\\/magazine365\\\/author\\\/admin\\\/#author\"},\"image\":{\"@type\":\"ImageObject\",\"url\":\"https:\\\/\\\/eldigitaldeasturias.com\\\/magazine365\\\/wp-content\\\/uploads\\\/2016\\\/01\\\/fotonoticia_20160119140900_800.jpg\",\"@id\":\"https:\\\/\\\/eldigitaldeasturias.com\\\/magazine365\\\/pamplona-presentara-creacity-el-proyecto-transfronterizo-con-hondarribia-y-bayona-sobre-las-murallas\\\/#mainImage\",\"width\":800,\"height\":600},\"primaryImageOfPage\":{\"@id\":\"https:\\\/\\\/eldigitaldeasturias.com\\\/magazine365\\\/pamplona-presentara-creacity-el-proyecto-transfronterizo-con-hondarribia-y-bayona-sobre-las-murallas\\\/#mainImage\"},\"datePublished\":\"2016-01-20T20:06:37+01:00\",\"dateModified\":\"2016-01-20T20:06:37+01:00\"},{\"@type\":\"WebSite\",\"@id\":\"https:\\\/\\\/eldigitaldeasturias.com\\\/magazine365\\\/#website\",\"url\":\"https:\\\/\\\/eldigitaldeasturias.com\\\/magazine365\\\/\",\"name\":\"El Digital de Asturias\",\"description\":\"Revista de ocio, turismo y estilo de vida\",\"inLanguage\":\"es-ES\",\"publisher\":{\"@id\":\"https:\\\/\\\/eldigitaldeasturias.com\\\/magazine365\\\/#organization\"}}]}\n\t\t<\/script>\n\t\t<!-- All in One SEO Pro -->\r\n\t\t<title>Pamplona presentar\u00e1 \u2018Creacity\u2019, el proyecto transfronterizo con Hondarribia y Bayona sobre las murallas | El Digital de Asturias<\/title>\n\n","aioseo_head_json":{"title":"Pamplona presentar\u00e1 \u2018Creacity\u2019, el proyecto transfronterizo con Hondarribia y Bayona sobre las murallas | El Digital de Asturias","description":"La apuesta central de Pamplona para la Feria Internacional de Turismo (Fitur) es el proyecto 'Creacity', una iniciativa liderada por la capital navarra y compartida con Hondarribia y Bayona para \"crear un eje transfronterizo que una las tres ciudades como destino tur\u00edstico, poniendo en valor y conectando el patrimonio fortificado, trav\u00e9s de iniciativas de turismo","canonical_url":"https:\/\/eldigitaldeasturias.com\/magazine365\/pamplona-presentara-creacity-el-proyecto-transfronterizo-con-hondarribia-y-bayona-sobre-las-murallas\/","robots":"max-image-preview:large","keywords":"noticias y actualidad","webmasterTools":{"google-site-verification":"UA-38556648-1","miscellaneous":""},"schema":{"@context":"https:\/\/schema.org","@graph":[{"@type":"Article","@id":"https:\/\/eldigitaldeasturias.com\/magazine365\/pamplona-presentara-creacity-el-proyecto-transfronterizo-con-hondarribia-y-bayona-sobre-las-murallas\/#article","name":"Pamplona presentar\u00e1 \u2018Creacity\u2019, el proyecto transfronterizo con Hondarribia y Bayona sobre las murallas | El Digital de Asturias","headline":"Pamplona presentar\u00e1 &#8216;Creacity&#8217;, el proyecto transfronterizo con Hondarribia y Bayona sobre las murallas","author":{"@id":"https:\/\/eldigitaldeasturias.com\/magazine365\/author\/admin\/#author"},"publisher":{"@id":"https:\/\/eldigitaldeasturias.com\/magazine365\/#organization"},"image":{"@type":"ImageObject","url":"https:\/\/eldigitaldeasturias.com\/magazine365\/wp-content\/uploads\/2016\/01\/fotonoticia_20160119140900_800.jpg","width":800,"height":600},"datePublished":"2016-01-20T20:06:37+01:00","dateModified":"2016-01-20T20:06:37+01:00","inLanguage":"es-ES","mainEntityOfPage":{"@id":"https:\/\/eldigitaldeasturias.com\/magazine365\/pamplona-presentara-creacity-el-proyecto-transfronterizo-con-hondarribia-y-bayona-sobre-las-murallas\/#webpage"},"isPartOf":{"@id":"https:\/\/eldigitaldeasturias.com\/magazine365\/pamplona-presentara-creacity-el-proyecto-transfronterizo-con-hondarribia-y-bayona-sobre-las-murallas\/#webpage"},"articleSection":"Noticias y Actualidad"},{"@type":"BreadcrumbList","@id":"https:\/\/eldigitaldeasturias.com\/magazine365\/pamplona-presentara-creacity-el-proyecto-transfronterizo-con-hondarribia-y-bayona-sobre-las-murallas\/#breadcrumblist","itemListElement":[{"@type":"ListItem","@id":"https:\/\/eldigitaldeasturias.com\/magazine365#listItem","position":1,"name":"Home","item":"https:\/\/eldigitaldeasturias.com\/magazine365","nextItem":{"@type":"ListItem","@id":"https:\/\/eldigitaldeasturias.com\/magazine365\/category\/noticias-actualidad\/#listItem","name":"Noticias y Actualidad"}},{"@type":"ListItem","@id":"https:\/\/eldigitaldeasturias.com\/magazine365\/category\/noticias-actualidad\/#listItem","position":2,"name":"Noticias y Actualidad","item":"https:\/\/eldigitaldeasturias.com\/magazine365\/category\/noticias-actualidad\/","nextItem":{"@type":"ListItem","@id":"https:\/\/eldigitaldeasturias.com\/magazine365\/pamplona-presentara-creacity-el-proyecto-transfronterizo-con-hondarribia-y-bayona-sobre-las-murallas\/#listItem","name":"Pamplona presentar\u00e1 &#8216;Creacity&#8217;, el proyecto transfronterizo con Hondarribia y Bayona sobre las murallas"},"previousItem":{"@type":"ListItem","@id":"https:\/\/eldigitaldeasturias.com\/magazine365#listItem","name":"Home"}},{"@type":"ListItem","@id":"https:\/\/eldigitaldeasturias.com\/magazine365\/pamplona-presentara-creacity-el-proyecto-transfronterizo-con-hondarribia-y-bayona-sobre-las-murallas\/#listItem","position":3,"name":"Pamplona presentar\u00e1 &#8216;Creacity&#8217;, el proyecto transfronterizo con Hondarribia y Bayona sobre las murallas","previousItem":{"@type":"ListItem","@id":"https:\/\/eldigitaldeasturias.com\/magazine365\/category\/noticias-actualidad\/#listItem","name":"Noticias y Actualidad"}}]},{"@type":"Organization","@id":"https:\/\/eldigitaldeasturias.com\/magazine365\/#organization","name":"El digital de Asturias","description":"Revista de ocio, turismo y estilo de vida","url":"https:\/\/eldigitaldeasturias.com\/magazine365\/","logo":{"@type":"ImageObject","url":"https:\/\/www.eldigitaldeasturias.com\/noticias\/wp-content\/uploads\/2020\/12\/EDA.jpg","@id":"https:\/\/eldigitaldeasturias.com\/magazine365\/pamplona-presentara-creacity-el-proyecto-transfronterizo-con-hondarribia-y-bayona-sobre-las-murallas\/#organizationLogo"},"image":{"@id":"https:\/\/eldigitaldeasturias.com\/magazine365\/pamplona-presentara-creacity-el-proyecto-transfronterizo-con-hondarribia-y-bayona-sobre-las-murallas\/#organizationLogo"}},{"@type":"Person","@id":"https:\/\/eldigitaldeasturias.com\/magazine365\/author\/admin\/#author","url":"https:\/\/eldigitaldeasturias.com\/magazine365\/author\/admin\/","name":"admin","image":{"@type":"ImageObject","@id":"https:\/\/eldigitaldeasturias.com\/magazine365\/pamplona-presentara-creacity-el-proyecto-transfronterizo-con-hondarribia-y-bayona-sobre-las-murallas\/#authorImage","url":"https:\/\/eldigitaldeasturias.com\/magazine365\/wp-content\/litespeed\/avatar\/e571bcf59a0edd6fa6838245a470f2fe.jpg?ver=1776969259","width":96,"height":96,"caption":"admin"}},{"@type":"WebPage","@id":"https:\/\/eldigitaldeasturias.com\/magazine365\/pamplona-presentara-creacity-el-proyecto-transfronterizo-con-hondarribia-y-bayona-sobre-las-murallas\/#webpage","url":"https:\/\/eldigitaldeasturias.com\/magazine365\/pamplona-presentara-creacity-el-proyecto-transfronterizo-con-hondarribia-y-bayona-sobre-las-murallas\/","name":"Pamplona presentar\u00e1 \u2018Creacity\u2019, el proyecto transfronterizo con Hondarribia y Bayona sobre las murallas | El Digital de Asturias","description":"La apuesta central de Pamplona para la Feria Internacional de Turismo (Fitur) es el proyecto 'Creacity', una iniciativa liderada por la capital navarra y compartida con Hondarribia y Bayona para \"crear un eje transfronterizo que una las tres ciudades como destino tur\u00edstico, poniendo en valor y conectando el patrimonio fortificado, trav\u00e9s de iniciativas de turismo","inLanguage":"es-ES","isPartOf":{"@id":"https:\/\/eldigitaldeasturias.com\/magazine365\/#website"},"breadcrumb":{"@id":"https:\/\/eldigitaldeasturias.com\/magazine365\/pamplona-presentara-creacity-el-proyecto-transfronterizo-con-hondarribia-y-bayona-sobre-las-murallas\/#breadcrumblist"},"author":{"@id":"https:\/\/eldigitaldeasturias.com\/magazine365\/author\/admin\/#author"},"creator":{"@id":"https:\/\/eldigitaldeasturias.com\/magazine365\/author\/admin\/#author"},"image":{"@type":"ImageObject","url":"https:\/\/eldigitaldeasturias.com\/magazine365\/wp-content\/uploads\/2016\/01\/fotonoticia_20160119140900_800.jpg","@id":"https:\/\/eldigitaldeasturias.com\/magazine365\/pamplona-presentara-creacity-el-proyecto-transfronterizo-con-hondarribia-y-bayona-sobre-las-murallas\/#mainImage","width":800,"height":600},"primaryImageOfPage":{"@id":"https:\/\/eldigitaldeasturias.com\/magazine365\/pamplona-presentara-creacity-el-proyecto-transfronterizo-con-hondarribia-y-bayona-sobre-las-murallas\/#mainImage"},"datePublished":"2016-01-20T20:06:37+01:00","dateModified":"2016-01-20T20:06:37+01:00"},{"@type":"WebSite","@id":"https:\/\/eldigitaldeasturias.com\/magazine365\/#website","url":"https:\/\/eldigitaldeasturias.com\/magazine365\/","name":"El Digital de Asturias","description":"Revista de ocio, turismo y estilo de vida","inLanguage":"es-ES","publisher":{"@id":"https:\/\/eldigitaldeasturias.com\/magazine365\/#organization"}}]},"og:locale":"es_ES","og:site_name":"El Digital de Asturias \u2013 Revista de ocio, turismo y estilo de vida","og:type":"article","og:title":"Pamplona presentar\u00e1 \u2018Creacity\u2019, el proyecto transfronterizo con Hondarribia y Bayona sobre las murallas | El Digital de Asturias","og:description":"La apuesta central de Pamplona para la Feria Internacional de Turismo (Fitur) es el proyecto 'Creacity', una iniciativa liderada por la capital navarra y compartida con Hondarribia y Bayona para &quot;crear un eje transfronterizo que una las tres ciudades como destino tur\u00edstico, poniendo en valor y conectando el patrimonio fortificado, trav\u00e9s de iniciativas de turismo","og:url":"https:\/\/eldigitaldeasturias.com\/magazine365\/pamplona-presentara-creacity-el-proyecto-transfronterizo-con-hondarribia-y-bayona-sobre-las-murallas\/","og:image":"https:\/\/eldigitaldeasturias.com\/magazine365\/wp-content\/uploads\/2016\/01\/fotonoticia_20160119140900_800.jpg","og:image:secure_url":"https:\/\/eldigitaldeasturias.com\/magazine365\/wp-content\/uploads\/2016\/01\/fotonoticia_20160119140900_800.jpg","og:image:width":800,"og:image:height":600,"article:published_time":"2016-01-20T19:06:37+00:00","article:modified_time":"2016-01-20T19:06:37+00:00","twitter:card":"summary_large_image","twitter:title":"Pamplona presentar\u00e1 \u2018Creacity\u2019, el proyecto transfronterizo con Hondarribia y Bayona sobre las murallas | El Digital de Asturias","twitter:description":"La apuesta central de Pamplona para la Feria Internacional de Turismo (Fitur) es el proyecto 'Creacity', una iniciativa liderada por la capital navarra y compartida con Hondarribia y Bayona para &quot;crear un eje transfronterizo que una las tres ciudades como destino tur\u00edstico, poniendo en valor y conectando el patrimonio fortificado, trav\u00e9s de iniciativas de turismo","twitter:image":"https:\/\/eldigitaldeasturias.com\/magazine365\/wp-content\/uploads\/2016\/01\/fotonoticia_20160119140900_800.jpg"},"aioseo_meta_data":{"post_id":"61126","title":null,"description":null,"keywords":null,"keyphrases":null,"primary_term":null,"canonical_url":null,"og_title":null,"og_description":null,"og_object_type":"default","og_image_type":"default","og_image_url":null,"og_image_width":null,"og_image_height":null,"og_image_custom_url":null,"og_image_custom_fields":null,"og_video":null,"og_custom_url":null,"og_article_section":null,"og_article_tags":null,"twitter_use_og":false,"twitter_card":"default","twitter_image_type":"default","twitter_image_url":null,"twitter_image_custom_url":null,"twitter_image_custom_fields":null,"twitter_title":null,"twitter_description":null,"schema":{"blockGraphs":[],"customGraphs":[],"default":{"data":{"Article":[],"Course":[],"Dataset":[],"FAQPage":[],"Movie":[],"Person":[],"Product":[],"ProductReview":[],"Car":[],"Recipe":[],"Service":[],"SoftwareApplication":[],"WebPage":[]},"graphName":"","isEnabled":true},"graphs":[],"defaultGraph":"","defaultPostTypeGraph":""},"schema_type":null,"schema_type_options":null,"pillar_content":false,"robots_default":true,"robots_noindex":false,"robots_noarchive":false,"robots_nosnippet":false,"robots_nofollow":false,"robots_noimageindex":false,"robots_noodp":false,"robots_notranslate":false,"robots_max_snippet":null,"robots_max_videopreview":null,"robots_max_imagepreview":"large","priority":null,"frequency":null,"location":null,"local_seo":null,"seo_analyzer_scan_date":"2025-09-25 08:16:54","breadcrumb_settings":null,"limit_modified_date":false,"open_ai":null,"ai":null,"created":"2021-03-08 21:53:17","updated":"2025-09-25 08:16:54"},"aioseo_breadcrumb":"<div class=\"aioseo-breadcrumbs\"><span class=\"aioseo-breadcrumb\">\n\t<a href=\"https:\/\/eldigitaldeasturias.com\/magazine365\" title=\"Home\">Home<\/a>\n<\/span><span class=\"aioseo-breadcrumb-separator\">\u2013<\/span><span class=\"aioseo-breadcrumb\">\n\t<a href=\"https:\/\/eldigitaldeasturias.com\/magazine365\/category\/noticias-actualidad\/\" title=\"Noticias y Actualidad\">Noticias y Actualidad<\/a>\n<\/span><span class=\"aioseo-breadcrumb-separator\">\u2013<\/span><span class=\"aioseo-breadcrumb\">\n\t<a href=\"https:\/\/eldigitaldeasturias.com\/magazine365\/pamplona-presentara-creacity-el-proyecto-transfronterizo-con-hondarribia-y-bayona-sobre-las-murallas\/\" title=\"Pamplona presentar\u00e1 \u2018Creacity\u2019, el proyecto transfronterizo con Hondarribia y Bayona sobre las murallas\">Pamplona presentar\u00e1 \u2018Creacity\u2019, el proyecto transfronterizo con Hondarribia y Bayona sobre las murallas<\/a>\n<\/span><\/div>","aioseo_breadcrumb_json":[{"label":"Home","link":"https:\/\/eldigitaldeasturias.com\/magazine365"},{"label":"Noticias y Actualidad","link":"https:\/\/eldigitaldeasturias.com\/magazine365\/category\/noticias-actualidad\/"},{"label":"Pamplona presentar\u00e1 &#8216;Creacity&#8217;, el proyecto transfronterizo con Hondarribia y Bayona sobre las murallas","link":"https:\/\/eldigitaldeasturias.com\/magazine365\/pamplona-presentara-creacity-el-proyecto-transfronterizo-con-hondarribia-y-bayona-sobre-las-murallas\/"}],"_links":{"self":[{"href":"https:\/\/eldigitaldeasturias.com\/magazine365\/wp-json\/wp\/v2\/posts\/61126","targetHints":{"allow":["GET"]}}],"collection":[{"href":"https:\/\/eldigitaldeasturias.com\/magazine365\/wp-json\/wp\/v2\/posts"}],"about":[{"href":"https:\/\/eldigitaldeasturias.com\/magazine365\/wp-json\/wp\/v2\/types\/post"}],"author":[{"embeddable":true,"href":"https:\/\/eldigitaldeasturias.com\/magazine365\/wp-json\/wp\/v2\/users\/1"}],"replies":[{"embeddable":true,"href":"https:\/\/eldigitaldeasturias.com\/magazine365\/wp-json\/wp\/v2\/comments?post=61126"}],"version-history":[{"count":0,"href":"https:\/\/eldigitaldeasturias.com\/magazine365\/wp-json\/wp\/v2\/posts\/61126\/revisions"}],"wp:featuredmedia":[{"embeddable":true,"href":"https:\/\/eldigitaldeasturias.com\/magazine365\/wp-json\/wp\/v2\/media\/61127"}],"wp:attachment":[{"href":"https:\/\/eldigitaldeasturias.com\/magazine365\/wp-json\/wp\/v2\/media?parent=61126"}],"wp:term":[{"taxonomy":"category","embeddable":true,"href":"https:\/\/eldigitaldeasturias.com\/magazine365\/wp-json\/wp\/v2\/categories?post=61126"},{"taxonomy":"post_tag","embeddable":true,"href":"https:\/\/eldigitaldeasturias.com\/magazine365\/wp-json\/wp\/v2\/tags?post=61126"}],"curies":[{"name":"wp","href":"https:\/\/api.w.org\/{rel}","templated":true}]}}