{"id":61123,"date":"2016-01-20T20:03:58","date_gmt":"2016-01-20T19:03:58","guid":{"rendered":"http:\/\/eldigitaldeasturias.com\/magazine365\/?p=61123"},"modified":"2016-01-20T20:03:58","modified_gmt":"2016-01-20T19:03:58","slug":"valladolid-apuesta-por-el-enoturismo-y-busca-potenciar-sus-recursos-como-destino-de-turismo-de-naturaleza","status":"publish","type":"post","link":"https:\/\/eldigitaldeasturias.com\/magazine365\/valladolid-apuesta-por-el-enoturismo-y-busca-potenciar-sus-recursos-como-destino-de-turismo-de-naturaleza\/","title":{"rendered":"Valladolid apuesta por el enoturismo y busca potenciar sus recursos como destino de turismo de naturaleza"},"content":{"rendered":"<p><img fetchpriority=\"high\" decoding=\"async\" class=\"alignleft size-medium wp-image-61124\" src=\"https:\/\/eldigitaldeasturias.com\/magazine365\/wp-content\/uploads\/2016\/01\/fotonoticia_20160119135459_800-360x270.jpg\" alt=\"fotonoticia_20160119135459_800\" width=\"360\" height=\"270\" srcset=\"https:\/\/eldigitaldeasturias.com\/magazine365\/wp-content\/uploads\/2016\/01\/fotonoticia_20160119135459_800-360x270.jpg 360w, https:\/\/eldigitaldeasturias.com\/magazine365\/wp-content\/uploads\/2016\/01\/fotonoticia_20160119135459_800-650x488.jpg 650w, https:\/\/eldigitaldeasturias.com\/magazine365\/wp-content\/uploads\/2016\/01\/fotonoticia_20160119135459_800-768x576.jpg 768w, https:\/\/eldigitaldeasturias.com\/magazine365\/wp-content\/uploads\/2016\/01\/fotonoticia_20160119135459_800-150x113.jpg 150w, https:\/\/eldigitaldeasturias.com\/magazine365\/wp-content\/uploads\/2016\/01\/fotonoticia_20160119135459_800-450x338.jpg 450w, https:\/\/eldigitaldeasturias.com\/magazine365\/wp-content\/uploads\/2016\/01\/fotonoticia_20160119135459_800-80x60.jpg 80w, https:\/\/eldigitaldeasturias.com\/magazine365\/wp-content\/uploads\/2016\/01\/fotonoticia_20160119135459_800-265x198.jpg 265w, https:\/\/eldigitaldeasturias.com\/magazine365\/wp-content\/uploads\/2016\/01\/fotonoticia_20160119135459_800-696x522.jpg 696w, https:\/\/eldigitaldeasturias.com\/magazine365\/wp-content\/uploads\/2016\/01\/fotonoticia_20160119135459_800-560x420.jpg 560w, https:\/\/eldigitaldeasturias.com\/magazine365\/wp-content\/uploads\/2016\/01\/fotonoticia_20160119135459_800-90x67.jpg 90w, https:\/\/eldigitaldeasturias.com\/magazine365\/wp-content\/uploads\/2016\/01\/fotonoticia_20160119135459_800-164x124.jpg 164w, https:\/\/eldigitaldeasturias.com\/magazine365\/wp-content\/uploads\/2016\/01\/fotonoticia_20160119135459_800-100x75.jpg 100w, https:\/\/eldigitaldeasturias.com\/magazine365\/wp-content\/uploads\/2016\/01\/fotonoticia_20160119135459_800.jpg 800w\" sizes=\"(max-width: 360px) 100vw, 360px\" \/>La Diputaci\u00f3n de Valladolid apostar\u00e1 por el enoturismo en su expositor de la Feria Internacional de Turismo de Madrid (Fitur) y buscar\u00e1 potenciar sus recursos como destino de turismo de naturaleza, una apuesta a la que se sumar\u00e1 la puesta en marcha de un Plan de Marketing y el nacimiento de e-Va, la nueva gu\u00eda virtual para conocer la provincia.<\/p>\n<p>As\u00ed lo ha avanzado este martes el presidente de la Instituci\u00f3n, Jes\u00fas Julio Carnero, quien visitar\u00e1 la Feria el viernes junto con los representantes del resto de diputaciones de la Comunidad, ya que todas asentar\u00e1n sus expositores en el espacio cedido por la Junta de Castilla y Le\u00f3n dentro de su pabell\u00f3n.<\/p>\n<p>Una vez m\u00e1s, la Diputaci\u00f3n de Valladolid compartir\u00e1 expositor con el Ayuntamiento de la capital, al tiempo que el Museo de las Villas Romanas de Almenara-Puras estar\u00e1 presente dentro del espacio de la Red de Cooperaci\u00f3n de Villas Romanas &#8216;Hispania&#8217; ubicado en el pabell\u00f3n de Andaluc\u00eda, donde este jueves, 21 de enero, se presentar\u00e1 una nueva aplicaci\u00f3n m\u00f3vil al respecto.<\/p>\n<p>Bajo el lema &#8216;Valladolid, destino enotur\u00edstico&#8217;, la Diputaci\u00f3n apuesta por la colaboraci\u00f3n con las rutas del vino de Ribera del Duero, Rueda y Cigales, as\u00ed como con empresas y entidades p\u00fablicas relacionadas con el sector del vino.<\/p>\n<p>En una rueda de prensa ofrecida este martes en el Palacio de Pimentel, sede de la Diputaci\u00f3n, Carnero ha avanzado que el nuevo Plan de Marketing para el periodo 2016-2018 se licitar\u00e1 previsiblemente a principios del mes de febrero con un presupuesto cercano a los 25.000 euros y tendr\u00e1 como apartados el diagn\u00f3stico de la situaci\u00f3n, la formalizaci\u00f3n de una estrategia tur\u00edstica y el desarrollo de un plan operativo.<\/p>\n<p>En declaraciones recogidas por Europa Press, el presidente de la Diputaci\u00f3n ha justificado esta actuaci\u00f3n bajo la premisa de que Valladolid \u00abnecesita una estrategia global\u00bb de promoci\u00f3n tur\u00edstica ya que, a su juicio, \u00abtiene recursos tur\u00edsticos que no son suficientemente conocidos\u00bb.<\/p>\n<p>Por ello, ha abogado por buscar nuevos nichos de mercado y dise\u00f1ar un plan de actuaci\u00f3n para \u00abmejorar el posicionamiento y la notoriedad\u00bb de la provincia y \u00abvincular los productos tur\u00edsticos con las tendencias del mercado\u00bb a fin de que \u00abvengan m\u00e1s turistas\u00bb a la provincia.<\/p>\n<p>TURISMO DE NATURALEZA<\/p>\n<p>Jes\u00fas Julio Carnero tambi\u00e9n ha reconocido que el turismo de naturaleza en Valladolid \u00aba veces se ha dejado de lado\u00bb, por lo que se ha fijado como \u00abgran reto\u00bb el potenciar r\u00edos y canales, senderos, caminos o ca\u00f1adas reales como factor tur\u00edstico en la que, ha recordado, es \u00abla provincia m\u00e1s llana de Espa\u00f1a\u00bb, con lo que eso repercute en la posibilidad de realizar rutas sin un excesivo nivel de dificultad.<\/p>\n<p>Para ello, ha presentado un nuevo folleto que se repartir\u00e1 en Fitur en el que figuran cinco senderos homologados por la Federaci\u00f3n de Deportes de Monta\u00f1a, Escalada y Senderismo de Castilla y Le\u00f3n, como son uno de largo recorrido titulado &#8216;La senda del Duero&#8217; (GR-14), de 178,6 kil\u00f3metros entre Bocos de Duero y Villafranca de Duero, y otros de menor longitud como la &#8216;Ruta de las Fuentes de Tiedra&#8217; (PRC-VA 13), de 17,8 kil\u00f3metros en torno a las antiguas fuentes del municipio de Tiedra; el &#8216;Sendero del Valcorba&#8217; (PRC-VA 21), de 7,8 kil\u00f3metros; el &#8216;Sendero de la Sombr\u00eda&#8217; (PRC-VA 20), de 7,2 kil\u00f3metros, y el &#8216;Sendero de las Vi\u00f1as&#8217;, de 3,64 kil\u00f3metros. Estos tres \u00faltimos se sit\u00faan alrededor de la localidad de Santib\u00e1\u00f1ez de Valcorba.<\/p>\n<p>Dentro de esta apuesta, Carnero ha anunciado una pr\u00f3xima convocatoria de subvenciones para que ayuntamientos y entidades locales menores realicen obras de mantenimiento, conservaci\u00f3n y mejora de senderos y rutas naturales, cuyo importe global ascender\u00e1 a 50.000 euros.<\/p>\n<p>Por otro lado, el presidente de la Diputaci\u00f3n ha presentado a e-Va, la nueva gu\u00eda virtual de la provincia, una animaci\u00f3n cuya figura es la letra &#8216;e&#8217; con forma de ojo que se integra en el lema tur\u00edstico &#8216;Valladolid, mucho que ver contigo&#8217;. De ah\u00ed que el nombre, femenino, est\u00e9 formada por dicha letra seguida de un gui\u00f3n &#8211;lo que refleja adem\u00e1s su componente electr\u00f3nico&#8211; y de la s\u00edlaba &#8216;Va&#8217;, inicial de Valladolid.<\/p>\n<p>e-Va guiar\u00e1 al usuario por la web de la provincia, que pr\u00f3ximamente acoger\u00e1 concursos 2.0 para generar m\u00e1s difusi\u00f3n en las redes sociales, el primero de los cuales girar\u00e1 en torno a la Semana Santa.<\/p>\n<p>Precisamente al hablar de esta semana de Pasi\u00f3n, Carnero ha tenido palabras de recuerdo para Alfredo L\u00f3pez Velasco, \u00abalma\u00bb de que de la Semana Santa de Medina del Campo lograra la declaraci\u00f3n como Fiesta de Inter\u00e9s Tur\u00edstico que falleci\u00f3 el pasado s\u00e1bado.<\/p>\n<p>Para terminar, el jefe de la Administraci\u00f3n provincial ha defendido que e-Va \u00abes algo m\u00e1s que un personaje virtual\u00bb y \u00abpara que sea real\u00bb el expositor de la Diputaci\u00f3n en Fitur tendr\u00e1 una impresora 3D que har\u00e1 imanes con su figura para repartir entre los visitantes.<\/p>\n","protected":false},"excerpt":{"rendered":"<p>La Diputaci\u00f3n de Valladolid apostar\u00e1 por el enoturismo en su expositor de la Feria Internacional de Turismo de Madrid (Fitur) y buscar\u00e1 potenciar sus recursos como destino de turismo de naturaleza, una apuesta a la que se sumar\u00e1 la puesta en marcha de un Plan de Marketing y el nacimiento de e-Va, la nueva gu\u00eda<\/p>\n","protected":false},"author":1,"featured_media":61124,"comment_status":"open","ping_status":"closed","sticky":false,"template":"","format":"standard","meta":{"footnotes":""},"categories":[224],"tags":[],"class_list":{"0":"post-61123","1":"post","2":"type-post","3":"status-publish","4":"format-standard","5":"has-post-thumbnail","7":"category-noticias-actualidad"},"aioseo_notices":[],"aioseo_head":"\n\t\t<!-- All in One SEO Pro 4.9.6.1 - aioseo.com -->\n\t<meta name=\"description\" content=\"La Diputaci\u00f3n de Valladolid apostar\u00e1 por el enoturismo en su expositor de la Feria Internacional de Turismo de Madrid (Fitur) y buscar\u00e1 potenciar sus recursos como destino de turismo de naturaleza, una apuesta a la que se sumar\u00e1 la puesta en marcha de un Plan de Marketing y el nacimiento de e-Va, la nueva gu\u00eda\" \/>\n\t<meta name=\"robots\" content=\"max-image-preview:large\" \/>\n\t<meta name=\"author\" content=\"admin\"\/>\n\t<meta name=\"google-site-verification\" content=\"UA-38556648-1\" \/>\n\t<meta name=\"keywords\" content=\"noticias y actualidad\" \/>\n\t<link rel=\"canonical\" href=\"https:\/\/eldigitaldeasturias.com\/magazine365\/valladolid-apuesta-por-el-enoturismo-y-busca-potenciar-sus-recursos-como-destino-de-turismo-de-naturaleza\/\" \/>\n\t<meta name=\"generator\" content=\"All in One SEO Pro (AIOSEO) 4.9.6.1\" \/>\n\t\t<meta property=\"og:locale\" content=\"es_ES\" \/>\n\t\t<meta property=\"og:site_name\" content=\"El Digital de Asturias \u2013 Revista de ocio, turismo y estilo de vida\" \/>\n\t\t<meta property=\"og:type\" content=\"article\" \/>\n\t\t<meta property=\"og:title\" content=\"Valladolid apuesta por el enoturismo y busca potenciar sus recursos como destino de turismo de naturaleza | El Digital de Asturias\" \/>\n\t\t<meta property=\"og:description\" content=\"La Diputaci\u00f3n de Valladolid apostar\u00e1 por el enoturismo en su expositor de la Feria Internacional de Turismo de Madrid (Fitur) y buscar\u00e1 potenciar sus recursos como destino de turismo de naturaleza, una apuesta a la que se sumar\u00e1 la puesta en marcha de un Plan de Marketing y el nacimiento de e-Va, la nueva gu\u00eda\" \/>\n\t\t<meta property=\"og:url\" content=\"https:\/\/eldigitaldeasturias.com\/magazine365\/valladolid-apuesta-por-el-enoturismo-y-busca-potenciar-sus-recursos-como-destino-de-turismo-de-naturaleza\/\" \/>\n\t\t<meta property=\"og:image\" content=\"https:\/\/eldigitaldeasturias.com\/magazine365\/wp-content\/uploads\/2016\/01\/fotonoticia_20160119135459_800.jpg\" \/>\n\t\t<meta property=\"og:image:secure_url\" content=\"https:\/\/eldigitaldeasturias.com\/magazine365\/wp-content\/uploads\/2016\/01\/fotonoticia_20160119135459_800.jpg\" \/>\n\t\t<meta property=\"og:image:width\" content=\"800\" \/>\n\t\t<meta property=\"og:image:height\" content=\"600\" \/>\n\t\t<meta property=\"article:published_time\" content=\"2016-01-20T19:03:58+00:00\" \/>\n\t\t<meta property=\"article:modified_time\" content=\"2016-01-20T19:03:58+00:00\" \/>\n\t\t<meta name=\"twitter:card\" content=\"summary_large_image\" \/>\n\t\t<meta name=\"twitter:title\" content=\"Valladolid apuesta por el enoturismo y busca potenciar sus recursos como destino de turismo de naturaleza | El Digital de Asturias\" \/>\n\t\t<meta name=\"twitter:description\" content=\"La Diputaci\u00f3n de Valladolid apostar\u00e1 por el enoturismo en su expositor de la Feria Internacional de Turismo de Madrid (Fitur) y buscar\u00e1 potenciar sus recursos como destino de turismo de naturaleza, una apuesta a la que se sumar\u00e1 la puesta en marcha de un Plan de Marketing y el nacimiento de e-Va, la nueva gu\u00eda\" \/>\n\t\t<meta name=\"twitter:image\" content=\"https:\/\/eldigitaldeasturias.com\/magazine365\/wp-content\/uploads\/2016\/01\/fotonoticia_20160119135459_800.jpg\" \/>\n\t\t<script type=\"application\/ld+json\" class=\"aioseo-schema\">\n\t\t\t{\"@context\":\"https:\\\/\\\/schema.org\",\"@graph\":[{\"@type\":\"Article\",\"@id\":\"https:\\\/\\\/eldigitaldeasturias.com\\\/magazine365\\\/valladolid-apuesta-por-el-enoturismo-y-busca-potenciar-sus-recursos-como-destino-de-turismo-de-naturaleza\\\/#article\",\"name\":\"Valladolid apuesta por el enoturismo y busca potenciar sus recursos como destino de turismo de naturaleza | El Digital de Asturias\",\"headline\":\"Valladolid apuesta por el enoturismo y busca potenciar sus recursos como destino de turismo de naturaleza\",\"author\":{\"@id\":\"https:\\\/\\\/eldigitaldeasturias.com\\\/magazine365\\\/author\\\/admin\\\/#author\"},\"publisher\":{\"@id\":\"https:\\\/\\\/eldigitaldeasturias.com\\\/magazine365\\\/#organization\"},\"image\":{\"@type\":\"ImageObject\",\"url\":\"https:\\\/\\\/eldigitaldeasturias.com\\\/magazine365\\\/wp-content\\\/uploads\\\/2016\\\/01\\\/fotonoticia_20160119135459_800.jpg\",\"width\":800,\"height\":600},\"datePublished\":\"2016-01-20T20:03:58+01:00\",\"dateModified\":\"2016-01-20T20:03:58+01:00\",\"inLanguage\":\"es-ES\",\"mainEntityOfPage\":{\"@id\":\"https:\\\/\\\/eldigitaldeasturias.com\\\/magazine365\\\/valladolid-apuesta-por-el-enoturismo-y-busca-potenciar-sus-recursos-como-destino-de-turismo-de-naturaleza\\\/#webpage\"},\"isPartOf\":{\"@id\":\"https:\\\/\\\/eldigitaldeasturias.com\\\/magazine365\\\/valladolid-apuesta-por-el-enoturismo-y-busca-potenciar-sus-recursos-como-destino-de-turismo-de-naturaleza\\\/#webpage\"},\"articleSection\":\"Noticias y Actualidad\"},{\"@type\":\"BreadcrumbList\",\"@id\":\"https:\\\/\\\/eldigitaldeasturias.com\\\/magazine365\\\/valladolid-apuesta-por-el-enoturismo-y-busca-potenciar-sus-recursos-como-destino-de-turismo-de-naturaleza\\\/#breadcrumblist\",\"itemListElement\":[{\"@type\":\"ListItem\",\"@id\":\"https:\\\/\\\/eldigitaldeasturias.com\\\/magazine365#listItem\",\"position\":1,\"name\":\"Home\",\"item\":\"https:\\\/\\\/eldigitaldeasturias.com\\\/magazine365\",\"nextItem\":{\"@type\":\"ListItem\",\"@id\":\"https:\\\/\\\/eldigitaldeasturias.com\\\/magazine365\\\/category\\\/noticias-actualidad\\\/#listItem\",\"name\":\"Noticias y Actualidad\"}},{\"@type\":\"ListItem\",\"@id\":\"https:\\\/\\\/eldigitaldeasturias.com\\\/magazine365\\\/category\\\/noticias-actualidad\\\/#listItem\",\"position\":2,\"name\":\"Noticias y Actualidad\",\"item\":\"https:\\\/\\\/eldigitaldeasturias.com\\\/magazine365\\\/category\\\/noticias-actualidad\\\/\",\"nextItem\":{\"@type\":\"ListItem\",\"@id\":\"https:\\\/\\\/eldigitaldeasturias.com\\\/magazine365\\\/valladolid-apuesta-por-el-enoturismo-y-busca-potenciar-sus-recursos-como-destino-de-turismo-de-naturaleza\\\/#listItem\",\"name\":\"Valladolid apuesta por el enoturismo y busca potenciar sus recursos como destino de turismo de naturaleza\"},\"previousItem\":{\"@type\":\"ListItem\",\"@id\":\"https:\\\/\\\/eldigitaldeasturias.com\\\/magazine365#listItem\",\"name\":\"Home\"}},{\"@type\":\"ListItem\",\"@id\":\"https:\\\/\\\/eldigitaldeasturias.com\\\/magazine365\\\/valladolid-apuesta-por-el-enoturismo-y-busca-potenciar-sus-recursos-como-destino-de-turismo-de-naturaleza\\\/#listItem\",\"position\":3,\"name\":\"Valladolid apuesta por el enoturismo y busca potenciar sus recursos como destino de turismo de naturaleza\",\"previousItem\":{\"@type\":\"ListItem\",\"@id\":\"https:\\\/\\\/eldigitaldeasturias.com\\\/magazine365\\\/category\\\/noticias-actualidad\\\/#listItem\",\"name\":\"Noticias y Actualidad\"}}]},{\"@type\":\"Organization\",\"@id\":\"https:\\\/\\\/eldigitaldeasturias.com\\\/magazine365\\\/#organization\",\"name\":\"El digital de Asturias\",\"description\":\"Revista de ocio, turismo y estilo de vida\",\"url\":\"https:\\\/\\\/eldigitaldeasturias.com\\\/magazine365\\\/\",\"logo\":{\"@type\":\"ImageObject\",\"url\":\"https:\\\/\\\/www.eldigitaldeasturias.com\\\/noticias\\\/wp-content\\\/uploads\\\/2020\\\/12\\\/EDA.jpg\",\"@id\":\"https:\\\/\\\/eldigitaldeasturias.com\\\/magazine365\\\/valladolid-apuesta-por-el-enoturismo-y-busca-potenciar-sus-recursos-como-destino-de-turismo-de-naturaleza\\\/#organizationLogo\"},\"image\":{\"@id\":\"https:\\\/\\\/eldigitaldeasturias.com\\\/magazine365\\\/valladolid-apuesta-por-el-enoturismo-y-busca-potenciar-sus-recursos-como-destino-de-turismo-de-naturaleza\\\/#organizationLogo\"}},{\"@type\":\"Person\",\"@id\":\"https:\\\/\\\/eldigitaldeasturias.com\\\/magazine365\\\/author\\\/admin\\\/#author\",\"url\":\"https:\\\/\\\/eldigitaldeasturias.com\\\/magazine365\\\/author\\\/admin\\\/\",\"name\":\"admin\",\"image\":{\"@type\":\"ImageObject\",\"@id\":\"https:\\\/\\\/eldigitaldeasturias.com\\\/magazine365\\\/valladolid-apuesta-por-el-enoturismo-y-busca-potenciar-sus-recursos-como-destino-de-turismo-de-naturaleza\\\/#authorImage\",\"url\":\"https:\\\/\\\/eldigitaldeasturias.com\\\/magazine365\\\/wp-content\\\/litespeed\\\/avatar\\\/e571bcf59a0edd6fa6838245a470f2fe.jpg?ver=1776969259\",\"width\":96,\"height\":96,\"caption\":\"admin\"}},{\"@type\":\"WebPage\",\"@id\":\"https:\\\/\\\/eldigitaldeasturias.com\\\/magazine365\\\/valladolid-apuesta-por-el-enoturismo-y-busca-potenciar-sus-recursos-como-destino-de-turismo-de-naturaleza\\\/#webpage\",\"url\":\"https:\\\/\\\/eldigitaldeasturias.com\\\/magazine365\\\/valladolid-apuesta-por-el-enoturismo-y-busca-potenciar-sus-recursos-como-destino-de-turismo-de-naturaleza\\\/\",\"name\":\"Valladolid apuesta por el enoturismo y busca potenciar sus recursos como destino de turismo de naturaleza | El Digital de Asturias\",\"description\":\"La Diputaci\\u00f3n de Valladolid apostar\\u00e1 por el enoturismo en su expositor de la Feria Internacional de Turismo de Madrid (Fitur) y buscar\\u00e1 potenciar sus recursos como destino de turismo de naturaleza, una apuesta a la que se sumar\\u00e1 la puesta en marcha de un Plan de Marketing y el nacimiento de e-Va, la nueva gu\\u00eda\",\"inLanguage\":\"es-ES\",\"isPartOf\":{\"@id\":\"https:\\\/\\\/eldigitaldeasturias.com\\\/magazine365\\\/#website\"},\"breadcrumb\":{\"@id\":\"https:\\\/\\\/eldigitaldeasturias.com\\\/magazine365\\\/valladolid-apuesta-por-el-enoturismo-y-busca-potenciar-sus-recursos-como-destino-de-turismo-de-naturaleza\\\/#breadcrumblist\"},\"author\":{\"@id\":\"https:\\\/\\\/eldigitaldeasturias.com\\\/magazine365\\\/author\\\/admin\\\/#author\"},\"creator\":{\"@id\":\"https:\\\/\\\/eldigitaldeasturias.com\\\/magazine365\\\/author\\\/admin\\\/#author\"},\"image\":{\"@type\":\"ImageObject\",\"url\":\"https:\\\/\\\/eldigitaldeasturias.com\\\/magazine365\\\/wp-content\\\/uploads\\\/2016\\\/01\\\/fotonoticia_20160119135459_800.jpg\",\"@id\":\"https:\\\/\\\/eldigitaldeasturias.com\\\/magazine365\\\/valladolid-apuesta-por-el-enoturismo-y-busca-potenciar-sus-recursos-como-destino-de-turismo-de-naturaleza\\\/#mainImage\",\"width\":800,\"height\":600},\"primaryImageOfPage\":{\"@id\":\"https:\\\/\\\/eldigitaldeasturias.com\\\/magazine365\\\/valladolid-apuesta-por-el-enoturismo-y-busca-potenciar-sus-recursos-como-destino-de-turismo-de-naturaleza\\\/#mainImage\"},\"datePublished\":\"2016-01-20T20:03:58+01:00\",\"dateModified\":\"2016-01-20T20:03:58+01:00\"},{\"@type\":\"WebSite\",\"@id\":\"https:\\\/\\\/eldigitaldeasturias.com\\\/magazine365\\\/#website\",\"url\":\"https:\\\/\\\/eldigitaldeasturias.com\\\/magazine365\\\/\",\"name\":\"El Digital de Asturias\",\"description\":\"Revista de ocio, turismo y estilo de vida\",\"inLanguage\":\"es-ES\",\"publisher\":{\"@id\":\"https:\\\/\\\/eldigitaldeasturias.com\\\/magazine365\\\/#organization\"}}]}\n\t\t<\/script>\n\t\t<!-- All in One SEO Pro -->\r\n\t\t<title>Valladolid apuesta por el enoturismo y busca potenciar sus recursos como destino de turismo de naturaleza | El Digital de Asturias<\/title>\n\n","aioseo_head_json":{"title":"Valladolid apuesta por el enoturismo y busca potenciar sus recursos como destino de turismo de naturaleza | El Digital de Asturias","description":"La Diputaci\u00f3n de Valladolid apostar\u00e1 por el enoturismo en su expositor de la Feria Internacional de Turismo de Madrid (Fitur) y buscar\u00e1 potenciar sus recursos como destino de turismo de naturaleza, una apuesta a la que se sumar\u00e1 la puesta en marcha de un Plan de Marketing y el nacimiento de e-Va, la nueva gu\u00eda","canonical_url":"https:\/\/eldigitaldeasturias.com\/magazine365\/valladolid-apuesta-por-el-enoturismo-y-busca-potenciar-sus-recursos-como-destino-de-turismo-de-naturaleza\/","robots":"max-image-preview:large","keywords":"noticias y actualidad","webmasterTools":{"google-site-verification":"UA-38556648-1","miscellaneous":""},"schema":{"@context":"https:\/\/schema.org","@graph":[{"@type":"Article","@id":"https:\/\/eldigitaldeasturias.com\/magazine365\/valladolid-apuesta-por-el-enoturismo-y-busca-potenciar-sus-recursos-como-destino-de-turismo-de-naturaleza\/#article","name":"Valladolid apuesta por el enoturismo y busca potenciar sus recursos como destino de turismo de naturaleza | El Digital de Asturias","headline":"Valladolid apuesta por el enoturismo y busca potenciar sus recursos como destino de turismo de naturaleza","author":{"@id":"https:\/\/eldigitaldeasturias.com\/magazine365\/author\/admin\/#author"},"publisher":{"@id":"https:\/\/eldigitaldeasturias.com\/magazine365\/#organization"},"image":{"@type":"ImageObject","url":"https:\/\/eldigitaldeasturias.com\/magazine365\/wp-content\/uploads\/2016\/01\/fotonoticia_20160119135459_800.jpg","width":800,"height":600},"datePublished":"2016-01-20T20:03:58+01:00","dateModified":"2016-01-20T20:03:58+01:00","inLanguage":"es-ES","mainEntityOfPage":{"@id":"https:\/\/eldigitaldeasturias.com\/magazine365\/valladolid-apuesta-por-el-enoturismo-y-busca-potenciar-sus-recursos-como-destino-de-turismo-de-naturaleza\/#webpage"},"isPartOf":{"@id":"https:\/\/eldigitaldeasturias.com\/magazine365\/valladolid-apuesta-por-el-enoturismo-y-busca-potenciar-sus-recursos-como-destino-de-turismo-de-naturaleza\/#webpage"},"articleSection":"Noticias y Actualidad"},{"@type":"BreadcrumbList","@id":"https:\/\/eldigitaldeasturias.com\/magazine365\/valladolid-apuesta-por-el-enoturismo-y-busca-potenciar-sus-recursos-como-destino-de-turismo-de-naturaleza\/#breadcrumblist","itemListElement":[{"@type":"ListItem","@id":"https:\/\/eldigitaldeasturias.com\/magazine365#listItem","position":1,"name":"Home","item":"https:\/\/eldigitaldeasturias.com\/magazine365","nextItem":{"@type":"ListItem","@id":"https:\/\/eldigitaldeasturias.com\/magazine365\/category\/noticias-actualidad\/#listItem","name":"Noticias y Actualidad"}},{"@type":"ListItem","@id":"https:\/\/eldigitaldeasturias.com\/magazine365\/category\/noticias-actualidad\/#listItem","position":2,"name":"Noticias y Actualidad","item":"https:\/\/eldigitaldeasturias.com\/magazine365\/category\/noticias-actualidad\/","nextItem":{"@type":"ListItem","@id":"https:\/\/eldigitaldeasturias.com\/magazine365\/valladolid-apuesta-por-el-enoturismo-y-busca-potenciar-sus-recursos-como-destino-de-turismo-de-naturaleza\/#listItem","name":"Valladolid apuesta por el enoturismo y busca potenciar sus recursos como destino de turismo de naturaleza"},"previousItem":{"@type":"ListItem","@id":"https:\/\/eldigitaldeasturias.com\/magazine365#listItem","name":"Home"}},{"@type":"ListItem","@id":"https:\/\/eldigitaldeasturias.com\/magazine365\/valladolid-apuesta-por-el-enoturismo-y-busca-potenciar-sus-recursos-como-destino-de-turismo-de-naturaleza\/#listItem","position":3,"name":"Valladolid apuesta por el enoturismo y busca potenciar sus recursos como destino de turismo de naturaleza","previousItem":{"@type":"ListItem","@id":"https:\/\/eldigitaldeasturias.com\/magazine365\/category\/noticias-actualidad\/#listItem","name":"Noticias y Actualidad"}}]},{"@type":"Organization","@id":"https:\/\/eldigitaldeasturias.com\/magazine365\/#organization","name":"El digital de Asturias","description":"Revista de ocio, turismo y estilo de vida","url":"https:\/\/eldigitaldeasturias.com\/magazine365\/","logo":{"@type":"ImageObject","url":"https:\/\/www.eldigitaldeasturias.com\/noticias\/wp-content\/uploads\/2020\/12\/EDA.jpg","@id":"https:\/\/eldigitaldeasturias.com\/magazine365\/valladolid-apuesta-por-el-enoturismo-y-busca-potenciar-sus-recursos-como-destino-de-turismo-de-naturaleza\/#organizationLogo"},"image":{"@id":"https:\/\/eldigitaldeasturias.com\/magazine365\/valladolid-apuesta-por-el-enoturismo-y-busca-potenciar-sus-recursos-como-destino-de-turismo-de-naturaleza\/#organizationLogo"}},{"@type":"Person","@id":"https:\/\/eldigitaldeasturias.com\/magazine365\/author\/admin\/#author","url":"https:\/\/eldigitaldeasturias.com\/magazine365\/author\/admin\/","name":"admin","image":{"@type":"ImageObject","@id":"https:\/\/eldigitaldeasturias.com\/magazine365\/valladolid-apuesta-por-el-enoturismo-y-busca-potenciar-sus-recursos-como-destino-de-turismo-de-naturaleza\/#authorImage","url":"https:\/\/eldigitaldeasturias.com\/magazine365\/wp-content\/litespeed\/avatar\/e571bcf59a0edd6fa6838245a470f2fe.jpg?ver=1776969259","width":96,"height":96,"caption":"admin"}},{"@type":"WebPage","@id":"https:\/\/eldigitaldeasturias.com\/magazine365\/valladolid-apuesta-por-el-enoturismo-y-busca-potenciar-sus-recursos-como-destino-de-turismo-de-naturaleza\/#webpage","url":"https:\/\/eldigitaldeasturias.com\/magazine365\/valladolid-apuesta-por-el-enoturismo-y-busca-potenciar-sus-recursos-como-destino-de-turismo-de-naturaleza\/","name":"Valladolid apuesta por el enoturismo y busca potenciar sus recursos como destino de turismo de naturaleza | El Digital de Asturias","description":"La Diputaci\u00f3n de Valladolid apostar\u00e1 por el enoturismo en su expositor de la Feria Internacional de Turismo de Madrid (Fitur) y buscar\u00e1 potenciar sus recursos como destino de turismo de naturaleza, una apuesta a la que se sumar\u00e1 la puesta en marcha de un Plan de Marketing y el nacimiento de e-Va, la nueva gu\u00eda","inLanguage":"es-ES","isPartOf":{"@id":"https:\/\/eldigitaldeasturias.com\/magazine365\/#website"},"breadcrumb":{"@id":"https:\/\/eldigitaldeasturias.com\/magazine365\/valladolid-apuesta-por-el-enoturismo-y-busca-potenciar-sus-recursos-como-destino-de-turismo-de-naturaleza\/#breadcrumblist"},"author":{"@id":"https:\/\/eldigitaldeasturias.com\/magazine365\/author\/admin\/#author"},"creator":{"@id":"https:\/\/eldigitaldeasturias.com\/magazine365\/author\/admin\/#author"},"image":{"@type":"ImageObject","url":"https:\/\/eldigitaldeasturias.com\/magazine365\/wp-content\/uploads\/2016\/01\/fotonoticia_20160119135459_800.jpg","@id":"https:\/\/eldigitaldeasturias.com\/magazine365\/valladolid-apuesta-por-el-enoturismo-y-busca-potenciar-sus-recursos-como-destino-de-turismo-de-naturaleza\/#mainImage","width":800,"height":600},"primaryImageOfPage":{"@id":"https:\/\/eldigitaldeasturias.com\/magazine365\/valladolid-apuesta-por-el-enoturismo-y-busca-potenciar-sus-recursos-como-destino-de-turismo-de-naturaleza\/#mainImage"},"datePublished":"2016-01-20T20:03:58+01:00","dateModified":"2016-01-20T20:03:58+01:00"},{"@type":"WebSite","@id":"https:\/\/eldigitaldeasturias.com\/magazine365\/#website","url":"https:\/\/eldigitaldeasturias.com\/magazine365\/","name":"El Digital de Asturias","description":"Revista de ocio, turismo y estilo de vida","inLanguage":"es-ES","publisher":{"@id":"https:\/\/eldigitaldeasturias.com\/magazine365\/#organization"}}]},"og:locale":"es_ES","og:site_name":"El Digital de Asturias \u2013 Revista de ocio, turismo y estilo de vida","og:type":"article","og:title":"Valladolid apuesta por el enoturismo y busca potenciar sus recursos como destino de turismo de naturaleza | El Digital de Asturias","og:description":"La Diputaci\u00f3n de Valladolid apostar\u00e1 por el enoturismo en su expositor de la Feria Internacional de Turismo de Madrid (Fitur) y buscar\u00e1 potenciar sus recursos como destino de turismo de naturaleza, una apuesta a la que se sumar\u00e1 la puesta en marcha de un Plan de Marketing y el nacimiento de e-Va, la nueva gu\u00eda","og:url":"https:\/\/eldigitaldeasturias.com\/magazine365\/valladolid-apuesta-por-el-enoturismo-y-busca-potenciar-sus-recursos-como-destino-de-turismo-de-naturaleza\/","og:image":"https:\/\/eldigitaldeasturias.com\/magazine365\/wp-content\/uploads\/2016\/01\/fotonoticia_20160119135459_800.jpg","og:image:secure_url":"https:\/\/eldigitaldeasturias.com\/magazine365\/wp-content\/uploads\/2016\/01\/fotonoticia_20160119135459_800.jpg","og:image:width":800,"og:image:height":600,"article:published_time":"2016-01-20T19:03:58+00:00","article:modified_time":"2016-01-20T19:03:58+00:00","twitter:card":"summary_large_image","twitter:title":"Valladolid apuesta por el enoturismo y busca potenciar sus recursos como destino de turismo de naturaleza | El Digital de Asturias","twitter:description":"La Diputaci\u00f3n de Valladolid apostar\u00e1 por el enoturismo en su expositor de la Feria Internacional de Turismo de Madrid (Fitur) y buscar\u00e1 potenciar sus recursos como destino de turismo de naturaleza, una apuesta a la que se sumar\u00e1 la puesta en marcha de un Plan de Marketing y el nacimiento de e-Va, la nueva gu\u00eda","twitter:image":"https:\/\/eldigitaldeasturias.com\/magazine365\/wp-content\/uploads\/2016\/01\/fotonoticia_20160119135459_800.jpg"},"aioseo_meta_data":{"post_id":"61123","title":null,"description":null,"keywords":null,"keyphrases":null,"primary_term":null,"canonical_url":null,"og_title":null,"og_description":null,"og_object_type":"default","og_image_type":"default","og_image_url":null,"og_image_width":null,"og_image_height":null,"og_image_custom_url":null,"og_image_custom_fields":null,"og_video":null,"og_custom_url":null,"og_article_section":null,"og_article_tags":null,"twitter_use_og":false,"twitter_card":"default","twitter_image_type":"default","twitter_image_url":null,"twitter_image_custom_url":null,"twitter_image_custom_fields":null,"twitter_title":null,"twitter_description":null,"schema":{"blockGraphs":[],"customGraphs":[],"default":{"data":{"Article":[],"Course":[],"Dataset":[],"FAQPage":[],"Movie":[],"Person":[],"Product":[],"ProductReview":[],"Car":[],"Recipe":[],"Service":[],"SoftwareApplication":[],"WebPage":[]},"graphName":"","isEnabled":true},"graphs":[],"defaultGraph":"","defaultPostTypeGraph":""},"schema_type":null,"schema_type_options":null,"pillar_content":false,"robots_default":true,"robots_noindex":false,"robots_noarchive":false,"robots_nosnippet":false,"robots_nofollow":false,"robots_noimageindex":false,"robots_noodp":false,"robots_notranslate":false,"robots_max_snippet":null,"robots_max_videopreview":null,"robots_max_imagepreview":"large","priority":null,"frequency":null,"location":null,"local_seo":null,"seo_analyzer_scan_date":"2025-09-25 08:16:53","breadcrumb_settings":null,"limit_modified_date":false,"open_ai":null,"ai":null,"created":"2021-03-08 21:53:17","updated":"2025-09-25 08:16:53"},"aioseo_breadcrumb":"<div class=\"aioseo-breadcrumbs\"><span class=\"aioseo-breadcrumb\">\n\t<a href=\"https:\/\/eldigitaldeasturias.com\/magazine365\" title=\"Home\">Home<\/a>\n<\/span><span class=\"aioseo-breadcrumb-separator\">\u2013<\/span><span class=\"aioseo-breadcrumb\">\n\t<a href=\"https:\/\/eldigitaldeasturias.com\/magazine365\/category\/noticias-actualidad\/\" title=\"Noticias y Actualidad\">Noticias y Actualidad<\/a>\n<\/span><span class=\"aioseo-breadcrumb-separator\">\u2013<\/span><span class=\"aioseo-breadcrumb\">\n\t<a href=\"https:\/\/eldigitaldeasturias.com\/magazine365\/valladolid-apuesta-por-el-enoturismo-y-busca-potenciar-sus-recursos-como-destino-de-turismo-de-naturaleza\/\" title=\"Valladolid apuesta por el enoturismo y busca potenciar sus recursos como destino de turismo de naturaleza\">Valladolid apuesta por el enoturismo y busca potenciar sus recursos como destino de turismo de naturaleza<\/a>\n<\/span><\/div>","aioseo_breadcrumb_json":[{"label":"Home","link":"https:\/\/eldigitaldeasturias.com\/magazine365"},{"label":"Noticias y Actualidad","link":"https:\/\/eldigitaldeasturias.com\/magazine365\/category\/noticias-actualidad\/"},{"label":"Valladolid apuesta por el enoturismo y busca potenciar sus recursos como destino de turismo de naturaleza","link":"https:\/\/eldigitaldeasturias.com\/magazine365\/valladolid-apuesta-por-el-enoturismo-y-busca-potenciar-sus-recursos-como-destino-de-turismo-de-naturaleza\/"}],"_links":{"self":[{"href":"https:\/\/eldigitaldeasturias.com\/magazine365\/wp-json\/wp\/v2\/posts\/61123","targetHints":{"allow":["GET"]}}],"collection":[{"href":"https:\/\/eldigitaldeasturias.com\/magazine365\/wp-json\/wp\/v2\/posts"}],"about":[{"href":"https:\/\/eldigitaldeasturias.com\/magazine365\/wp-json\/wp\/v2\/types\/post"}],"author":[{"embeddable":true,"href":"https:\/\/eldigitaldeasturias.com\/magazine365\/wp-json\/wp\/v2\/users\/1"}],"replies":[{"embeddable":true,"href":"https:\/\/eldigitaldeasturias.com\/magazine365\/wp-json\/wp\/v2\/comments?post=61123"}],"version-history":[{"count":0,"href":"https:\/\/eldigitaldeasturias.com\/magazine365\/wp-json\/wp\/v2\/posts\/61123\/revisions"}],"wp:featuredmedia":[{"embeddable":true,"href":"https:\/\/eldigitaldeasturias.com\/magazine365\/wp-json\/wp\/v2\/media\/61124"}],"wp:attachment":[{"href":"https:\/\/eldigitaldeasturias.com\/magazine365\/wp-json\/wp\/v2\/media?parent=61123"}],"wp:term":[{"taxonomy":"category","embeddable":true,"href":"https:\/\/eldigitaldeasturias.com\/magazine365\/wp-json\/wp\/v2\/categories?post=61123"},{"taxonomy":"post_tag","embeddable":true,"href":"https:\/\/eldigitaldeasturias.com\/magazine365\/wp-json\/wp\/v2\/tags?post=61123"}],"curies":[{"name":"wp","href":"https:\/\/api.w.org\/{rel}","templated":true}]}}