{"id":61114,"date":"2016-01-20T19:56:32","date_gmt":"2016-01-20T18:56:32","guid":{"rendered":"http:\/\/eldigitaldeasturias.com\/magazine365\/?p=61114"},"modified":"2016-01-20T19:56:32","modified_gmt":"2016-01-20T18:56:32","slug":"el-puerto-de-tarragona-abre-nueva-linea-maritima-de-contenedores-con-turquia","status":"publish","type":"post","link":"https:\/\/eldigitaldeasturias.com\/magazine365\/el-puerto-de-tarragona-abre-nueva-linea-maritima-de-contenedores-con-turquia\/","title":{"rendered":"El Puerto de Tarragona abre nueva l\u00ednea mar\u00edtima de contenedores con Turqu\u00eda"},"content":{"rendered":"<p><img fetchpriority=\"high\" decoding=\"async\" class=\"alignleft size-medium wp-image-61115\" src=\"https:\/\/eldigitaldeasturias.com\/magazine365\/wp-content\/uploads\/2016\/01\/fotonoticia_20160119134013_800-360x230.jpg\" alt=\"fotonoticia_20160119134013_800\" width=\"360\" height=\"230\" srcset=\"https:\/\/eldigitaldeasturias.com\/magazine365\/wp-content\/uploads\/2016\/01\/fotonoticia_20160119134013_800-360x230.jpg 360w, https:\/\/eldigitaldeasturias.com\/magazine365\/wp-content\/uploads\/2016\/01\/fotonoticia_20160119134013_800-650x415.jpg 650w, https:\/\/eldigitaldeasturias.com\/magazine365\/wp-content\/uploads\/2016\/01\/fotonoticia_20160119134013_800-768x491.jpg 768w, https:\/\/eldigitaldeasturias.com\/magazine365\/wp-content\/uploads\/2016\/01\/fotonoticia_20160119134013_800-150x96.jpg 150w, https:\/\/eldigitaldeasturias.com\/magazine365\/wp-content\/uploads\/2016\/01\/fotonoticia_20160119134013_800-450x287.jpg 450w, https:\/\/eldigitaldeasturias.com\/magazine365\/wp-content\/uploads\/2016\/01\/fotonoticia_20160119134013_800-696x445.jpg 696w, https:\/\/eldigitaldeasturias.com\/magazine365\/wp-content\/uploads\/2016\/01\/fotonoticia_20160119134013_800-658x420.jpg 658w, https:\/\/eldigitaldeasturias.com\/magazine365\/wp-content\/uploads\/2016\/01\/fotonoticia_20160119134013_800-225x145.jpg 225w, https:\/\/eldigitaldeasturias.com\/magazine365\/wp-content\/uploads\/2016\/01\/fotonoticia_20160119134013_800-355x226.jpg 355w, https:\/\/eldigitaldeasturias.com\/magazine365\/wp-content\/uploads\/2016\/01\/fotonoticia_20160119134013_800-101x66.jpg 101w, https:\/\/eldigitaldeasturias.com\/magazine365\/wp-content\/uploads\/2016\/01\/fotonoticia_20160119134013_800.jpg 800w\" sizes=\"(max-width: 360px) 100vw, 360px\" \/>El Puerto de Tarragona ha abierto una l\u00ednea regular de transporte mar\u00edtimo de contenedores con Turqu\u00eda, una conexi\u00f3n que operar\u00e1 a partir de febrero Medkon Lines, una naviera turca que ha escogido al enclave portuario tarraconense para establecer su base de operaciones en Espa\u00f1a a trav\u00e9s de su agencia Medkon Iberia.<\/p>\n<p>En concreto, este nuevo servicio directo se iniciar\u00e1 el 1 de febrero con el M\/V Medkon Izmir, una embarcaci\u00f3n con capacidad para 300 TEU &#8211;unidad equivalente a un contenedor de 20 pies&#8211; y con un tiempo de tr\u00e1nsito de seis d\u00edas y una periodicidad de 10, con lo que se convierte en el servicio de contenedores con el tiempo de tr\u00e1nsito m\u00e1s r\u00e1pido del mercado, ha destacado en un comunicado el Puerto de Tarragona.<\/p>\n<p>El servicio tambi\u00e9n har\u00e1 escala, adem\u00e1s de en los puertos turcos, en Bizerte (T\u00fanez), Misurata (Libia) y Argel (Argelia), con lo que contribuir\u00e1 a mejorar la competitividad del Puerto de Tarragona y a reducir las emisiones de di\u00f3xido de carbono por el ahorro significativo de la distancia recorrida.<\/p>\n","protected":false},"excerpt":{"rendered":"<p>El Puerto de Tarragona ha abierto una l\u00ednea regular de transporte mar\u00edtimo de contenedores con Turqu\u00eda, una conexi\u00f3n que operar\u00e1 a partir de febrero Medkon Lines, una naviera turca que ha escogido al enclave portuario tarraconense para establecer su base de operaciones en Espa\u00f1a a trav\u00e9s de su agencia Medkon Iberia. En concreto, este nuevo<\/p>\n","protected":false},"author":1,"featured_media":61115,"comment_status":"open","ping_status":"closed","sticky":false,"template":"","format":"standard","meta":{"footnotes":""},"categories":[224],"tags":[],"class_list":{"0":"post-61114","1":"post","2":"type-post","3":"status-publish","4":"format-standard","5":"has-post-thumbnail","7":"category-noticias-actualidad"},"aioseo_notices":[],"aioseo_head":"\n\t\t<!-- All in One SEO Pro 4.9.6.1 - aioseo.com -->\n\t<meta name=\"description\" content=\"El Puerto de Tarragona ha abierto una l\u00ednea regular de transporte mar\u00edtimo de contenedores con Turqu\u00eda, una conexi\u00f3n que operar\u00e1 a partir de febrero Medkon Lines, una naviera turca que ha escogido al enclave portuario tarraconense para establecer su base de operaciones en Espa\u00f1a a trav\u00e9s de su agencia Medkon Iberia. En concreto, este nuevo\" \/>\n\t<meta name=\"robots\" content=\"max-image-preview:large\" \/>\n\t<meta name=\"author\" content=\"admin\"\/>\n\t<meta name=\"google-site-verification\" content=\"UA-38556648-1\" \/>\n\t<meta name=\"keywords\" content=\"noticias y actualidad\" \/>\n\t<link rel=\"canonical\" href=\"https:\/\/eldigitaldeasturias.com\/magazine365\/el-puerto-de-tarragona-abre-nueva-linea-maritima-de-contenedores-con-turquia\/\" \/>\n\t<meta name=\"generator\" content=\"All in One SEO Pro (AIOSEO) 4.9.6.1\" \/>\n\t\t<meta property=\"og:locale\" content=\"es_ES\" \/>\n\t\t<meta property=\"og:site_name\" content=\"El Digital de Asturias \u2013 Revista de ocio, turismo y estilo de vida\" \/>\n\t\t<meta property=\"og:type\" content=\"article\" \/>\n\t\t<meta property=\"og:title\" content=\"El Puerto de Tarragona abre nueva l\u00ednea mar\u00edtima de contenedores con Turqu\u00eda | El Digital de Asturias\" \/>\n\t\t<meta property=\"og:description\" content=\"El Puerto de Tarragona ha abierto una l\u00ednea regular de transporte mar\u00edtimo de contenedores con Turqu\u00eda, una conexi\u00f3n que operar\u00e1 a partir de febrero Medkon Lines, una naviera turca que ha escogido al enclave portuario tarraconense para establecer su base de operaciones en Espa\u00f1a a trav\u00e9s de su agencia Medkon Iberia. En concreto, este nuevo\" \/>\n\t\t<meta property=\"og:url\" content=\"https:\/\/eldigitaldeasturias.com\/magazine365\/el-puerto-de-tarragona-abre-nueva-linea-maritima-de-contenedores-con-turquia\/\" \/>\n\t\t<meta property=\"og:image\" content=\"https:\/\/eldigitaldeasturias.com\/magazine365\/wp-content\/uploads\/2016\/01\/fotonoticia_20160119134013_800.jpg\" \/>\n\t\t<meta property=\"og:image:secure_url\" content=\"https:\/\/eldigitaldeasturias.com\/magazine365\/wp-content\/uploads\/2016\/01\/fotonoticia_20160119134013_800.jpg\" \/>\n\t\t<meta property=\"og:image:width\" content=\"800\" \/>\n\t\t<meta property=\"og:image:height\" content=\"511\" \/>\n\t\t<meta property=\"article:published_time\" content=\"2016-01-20T18:56:32+00:00\" \/>\n\t\t<meta property=\"article:modified_time\" content=\"2016-01-20T18:56:32+00:00\" \/>\n\t\t<meta name=\"twitter:card\" content=\"summary_large_image\" \/>\n\t\t<meta name=\"twitter:title\" content=\"El Puerto de Tarragona abre nueva l\u00ednea mar\u00edtima de contenedores con Turqu\u00eda | El Digital de Asturias\" \/>\n\t\t<meta name=\"twitter:description\" content=\"El Puerto de Tarragona ha abierto una l\u00ednea regular de transporte mar\u00edtimo de contenedores con Turqu\u00eda, una conexi\u00f3n que operar\u00e1 a partir de febrero Medkon Lines, una naviera turca que ha escogido al enclave portuario tarraconense para establecer su base de operaciones en Espa\u00f1a a trav\u00e9s de su agencia Medkon Iberia. En concreto, este nuevo\" \/>\n\t\t<meta name=\"twitter:image\" content=\"https:\/\/eldigitaldeasturias.com\/magazine365\/wp-content\/uploads\/2016\/01\/fotonoticia_20160119134013_800.jpg\" \/>\n\t\t<script type=\"application\/ld+json\" class=\"aioseo-schema\">\n\t\t\t{\"@context\":\"https:\\\/\\\/schema.org\",\"@graph\":[{\"@type\":\"Article\",\"@id\":\"https:\\\/\\\/eldigitaldeasturias.com\\\/magazine365\\\/el-puerto-de-tarragona-abre-nueva-linea-maritima-de-contenedores-con-turquia\\\/#article\",\"name\":\"El Puerto de Tarragona abre nueva l\\u00ednea mar\\u00edtima de contenedores con Turqu\\u00eda | El Digital de Asturias\",\"headline\":\"El Puerto de Tarragona abre nueva l\\u00ednea mar\\u00edtima de contenedores con Turqu\\u00eda\",\"author\":{\"@id\":\"https:\\\/\\\/eldigitaldeasturias.com\\\/magazine365\\\/author\\\/admin\\\/#author\"},\"publisher\":{\"@id\":\"https:\\\/\\\/eldigitaldeasturias.com\\\/magazine365\\\/#organization\"},\"image\":{\"@type\":\"ImageObject\",\"url\":\"https:\\\/\\\/eldigitaldeasturias.com\\\/magazine365\\\/wp-content\\\/uploads\\\/2016\\\/01\\\/fotonoticia_20160119134013_800.jpg\",\"width\":800,\"height\":511},\"datePublished\":\"2016-01-20T19:56:32+01:00\",\"dateModified\":\"2016-01-20T19:56:32+01:00\",\"inLanguage\":\"es-ES\",\"mainEntityOfPage\":{\"@id\":\"https:\\\/\\\/eldigitaldeasturias.com\\\/magazine365\\\/el-puerto-de-tarragona-abre-nueva-linea-maritima-de-contenedores-con-turquia\\\/#webpage\"},\"isPartOf\":{\"@id\":\"https:\\\/\\\/eldigitaldeasturias.com\\\/magazine365\\\/el-puerto-de-tarragona-abre-nueva-linea-maritima-de-contenedores-con-turquia\\\/#webpage\"},\"articleSection\":\"Noticias y Actualidad\"},{\"@type\":\"BreadcrumbList\",\"@id\":\"https:\\\/\\\/eldigitaldeasturias.com\\\/magazine365\\\/el-puerto-de-tarragona-abre-nueva-linea-maritima-de-contenedores-con-turquia\\\/#breadcrumblist\",\"itemListElement\":[{\"@type\":\"ListItem\",\"@id\":\"https:\\\/\\\/eldigitaldeasturias.com\\\/magazine365#listItem\",\"position\":1,\"name\":\"Home\",\"item\":\"https:\\\/\\\/eldigitaldeasturias.com\\\/magazine365\",\"nextItem\":{\"@type\":\"ListItem\",\"@id\":\"https:\\\/\\\/eldigitaldeasturias.com\\\/magazine365\\\/category\\\/noticias-actualidad\\\/#listItem\",\"name\":\"Noticias y Actualidad\"}},{\"@type\":\"ListItem\",\"@id\":\"https:\\\/\\\/eldigitaldeasturias.com\\\/magazine365\\\/category\\\/noticias-actualidad\\\/#listItem\",\"position\":2,\"name\":\"Noticias y Actualidad\",\"item\":\"https:\\\/\\\/eldigitaldeasturias.com\\\/magazine365\\\/category\\\/noticias-actualidad\\\/\",\"nextItem\":{\"@type\":\"ListItem\",\"@id\":\"https:\\\/\\\/eldigitaldeasturias.com\\\/magazine365\\\/el-puerto-de-tarragona-abre-nueva-linea-maritima-de-contenedores-con-turquia\\\/#listItem\",\"name\":\"El Puerto de Tarragona abre nueva l\\u00ednea mar\\u00edtima de contenedores con Turqu\\u00eda\"},\"previousItem\":{\"@type\":\"ListItem\",\"@id\":\"https:\\\/\\\/eldigitaldeasturias.com\\\/magazine365#listItem\",\"name\":\"Home\"}},{\"@type\":\"ListItem\",\"@id\":\"https:\\\/\\\/eldigitaldeasturias.com\\\/magazine365\\\/el-puerto-de-tarragona-abre-nueva-linea-maritima-de-contenedores-con-turquia\\\/#listItem\",\"position\":3,\"name\":\"El Puerto de Tarragona abre nueva l\\u00ednea mar\\u00edtima de contenedores con Turqu\\u00eda\",\"previousItem\":{\"@type\":\"ListItem\",\"@id\":\"https:\\\/\\\/eldigitaldeasturias.com\\\/magazine365\\\/category\\\/noticias-actualidad\\\/#listItem\",\"name\":\"Noticias y Actualidad\"}}]},{\"@type\":\"Organization\",\"@id\":\"https:\\\/\\\/eldigitaldeasturias.com\\\/magazine365\\\/#organization\",\"name\":\"El digital de Asturias\",\"description\":\"Revista de ocio, turismo y estilo de vida\",\"url\":\"https:\\\/\\\/eldigitaldeasturias.com\\\/magazine365\\\/\",\"logo\":{\"@type\":\"ImageObject\",\"url\":\"https:\\\/\\\/www.eldigitaldeasturias.com\\\/noticias\\\/wp-content\\\/uploads\\\/2020\\\/12\\\/EDA.jpg\",\"@id\":\"https:\\\/\\\/eldigitaldeasturias.com\\\/magazine365\\\/el-puerto-de-tarragona-abre-nueva-linea-maritima-de-contenedores-con-turquia\\\/#organizationLogo\"},\"image\":{\"@id\":\"https:\\\/\\\/eldigitaldeasturias.com\\\/magazine365\\\/el-puerto-de-tarragona-abre-nueva-linea-maritima-de-contenedores-con-turquia\\\/#organizationLogo\"}},{\"@type\":\"Person\",\"@id\":\"https:\\\/\\\/eldigitaldeasturias.com\\\/magazine365\\\/author\\\/admin\\\/#author\",\"url\":\"https:\\\/\\\/eldigitaldeasturias.com\\\/magazine365\\\/author\\\/admin\\\/\",\"name\":\"admin\",\"image\":{\"@type\":\"ImageObject\",\"@id\":\"https:\\\/\\\/eldigitaldeasturias.com\\\/magazine365\\\/el-puerto-de-tarragona-abre-nueva-linea-maritima-de-contenedores-con-turquia\\\/#authorImage\",\"url\":\"https:\\\/\\\/eldigitaldeasturias.com\\\/magazine365\\\/wp-content\\\/litespeed\\\/avatar\\\/e571bcf59a0edd6fa6838245a470f2fe.jpg?ver=1776969259\",\"width\":96,\"height\":96,\"caption\":\"admin\"}},{\"@type\":\"WebPage\",\"@id\":\"https:\\\/\\\/eldigitaldeasturias.com\\\/magazine365\\\/el-puerto-de-tarragona-abre-nueva-linea-maritima-de-contenedores-con-turquia\\\/#webpage\",\"url\":\"https:\\\/\\\/eldigitaldeasturias.com\\\/magazine365\\\/el-puerto-de-tarragona-abre-nueva-linea-maritima-de-contenedores-con-turquia\\\/\",\"name\":\"El Puerto de Tarragona abre nueva l\\u00ednea mar\\u00edtima de contenedores con Turqu\\u00eda | El Digital de Asturias\",\"description\":\"El Puerto de Tarragona ha abierto una l\\u00ednea regular de transporte mar\\u00edtimo de contenedores con Turqu\\u00eda, una conexi\\u00f3n que operar\\u00e1 a partir de febrero Medkon Lines, una naviera turca que ha escogido al enclave portuario tarraconense para establecer su base de operaciones en Espa\\u00f1a a trav\\u00e9s de su agencia Medkon Iberia. En concreto, este nuevo\",\"inLanguage\":\"es-ES\",\"isPartOf\":{\"@id\":\"https:\\\/\\\/eldigitaldeasturias.com\\\/magazine365\\\/#website\"},\"breadcrumb\":{\"@id\":\"https:\\\/\\\/eldigitaldeasturias.com\\\/magazine365\\\/el-puerto-de-tarragona-abre-nueva-linea-maritima-de-contenedores-con-turquia\\\/#breadcrumblist\"},\"author\":{\"@id\":\"https:\\\/\\\/eldigitaldeasturias.com\\\/magazine365\\\/author\\\/admin\\\/#author\"},\"creator\":{\"@id\":\"https:\\\/\\\/eldigitaldeasturias.com\\\/magazine365\\\/author\\\/admin\\\/#author\"},\"image\":{\"@type\":\"ImageObject\",\"url\":\"https:\\\/\\\/eldigitaldeasturias.com\\\/magazine365\\\/wp-content\\\/uploads\\\/2016\\\/01\\\/fotonoticia_20160119134013_800.jpg\",\"@id\":\"https:\\\/\\\/eldigitaldeasturias.com\\\/magazine365\\\/el-puerto-de-tarragona-abre-nueva-linea-maritima-de-contenedores-con-turquia\\\/#mainImage\",\"width\":800,\"height\":511},\"primaryImageOfPage\":{\"@id\":\"https:\\\/\\\/eldigitaldeasturias.com\\\/magazine365\\\/el-puerto-de-tarragona-abre-nueva-linea-maritima-de-contenedores-con-turquia\\\/#mainImage\"},\"datePublished\":\"2016-01-20T19:56:32+01:00\",\"dateModified\":\"2016-01-20T19:56:32+01:00\"},{\"@type\":\"WebSite\",\"@id\":\"https:\\\/\\\/eldigitaldeasturias.com\\\/magazine365\\\/#website\",\"url\":\"https:\\\/\\\/eldigitaldeasturias.com\\\/magazine365\\\/\",\"name\":\"El Digital de Asturias\",\"description\":\"Revista de ocio, turismo y estilo de vida\",\"inLanguage\":\"es-ES\",\"publisher\":{\"@id\":\"https:\\\/\\\/eldigitaldeasturias.com\\\/magazine365\\\/#organization\"}}]}\n\t\t<\/script>\n\t\t<!-- All in One SEO Pro -->\r\n\t\t<title>El Puerto de Tarragona abre nueva l\u00ednea mar\u00edtima de contenedores con Turqu\u00eda | El Digital de Asturias<\/title>\n\n","aioseo_head_json":{"title":"El Puerto de Tarragona abre nueva l\u00ednea mar\u00edtima de contenedores con Turqu\u00eda | El Digital de Asturias","description":"El Puerto de Tarragona ha abierto una l\u00ednea regular de transporte mar\u00edtimo de contenedores con Turqu\u00eda, una conexi\u00f3n que operar\u00e1 a partir de febrero Medkon Lines, una naviera turca que ha escogido al enclave portuario tarraconense para establecer su base de operaciones en Espa\u00f1a a trav\u00e9s de su agencia Medkon Iberia. En concreto, este nuevo","canonical_url":"https:\/\/eldigitaldeasturias.com\/magazine365\/el-puerto-de-tarragona-abre-nueva-linea-maritima-de-contenedores-con-turquia\/","robots":"max-image-preview:large","keywords":"noticias y actualidad","webmasterTools":{"google-site-verification":"UA-38556648-1","miscellaneous":""},"schema":{"@context":"https:\/\/schema.org","@graph":[{"@type":"Article","@id":"https:\/\/eldigitaldeasturias.com\/magazine365\/el-puerto-de-tarragona-abre-nueva-linea-maritima-de-contenedores-con-turquia\/#article","name":"El Puerto de Tarragona abre nueva l\u00ednea mar\u00edtima de contenedores con Turqu\u00eda | El Digital de Asturias","headline":"El Puerto de Tarragona abre nueva l\u00ednea mar\u00edtima de contenedores con Turqu\u00eda","author":{"@id":"https:\/\/eldigitaldeasturias.com\/magazine365\/author\/admin\/#author"},"publisher":{"@id":"https:\/\/eldigitaldeasturias.com\/magazine365\/#organization"},"image":{"@type":"ImageObject","url":"https:\/\/eldigitaldeasturias.com\/magazine365\/wp-content\/uploads\/2016\/01\/fotonoticia_20160119134013_800.jpg","width":800,"height":511},"datePublished":"2016-01-20T19:56:32+01:00","dateModified":"2016-01-20T19:56:32+01:00","inLanguage":"es-ES","mainEntityOfPage":{"@id":"https:\/\/eldigitaldeasturias.com\/magazine365\/el-puerto-de-tarragona-abre-nueva-linea-maritima-de-contenedores-con-turquia\/#webpage"},"isPartOf":{"@id":"https:\/\/eldigitaldeasturias.com\/magazine365\/el-puerto-de-tarragona-abre-nueva-linea-maritima-de-contenedores-con-turquia\/#webpage"},"articleSection":"Noticias y Actualidad"},{"@type":"BreadcrumbList","@id":"https:\/\/eldigitaldeasturias.com\/magazine365\/el-puerto-de-tarragona-abre-nueva-linea-maritima-de-contenedores-con-turquia\/#breadcrumblist","itemListElement":[{"@type":"ListItem","@id":"https:\/\/eldigitaldeasturias.com\/magazine365#listItem","position":1,"name":"Home","item":"https:\/\/eldigitaldeasturias.com\/magazine365","nextItem":{"@type":"ListItem","@id":"https:\/\/eldigitaldeasturias.com\/magazine365\/category\/noticias-actualidad\/#listItem","name":"Noticias y Actualidad"}},{"@type":"ListItem","@id":"https:\/\/eldigitaldeasturias.com\/magazine365\/category\/noticias-actualidad\/#listItem","position":2,"name":"Noticias y Actualidad","item":"https:\/\/eldigitaldeasturias.com\/magazine365\/category\/noticias-actualidad\/","nextItem":{"@type":"ListItem","@id":"https:\/\/eldigitaldeasturias.com\/magazine365\/el-puerto-de-tarragona-abre-nueva-linea-maritima-de-contenedores-con-turquia\/#listItem","name":"El Puerto de Tarragona abre nueva l\u00ednea mar\u00edtima de contenedores con Turqu\u00eda"},"previousItem":{"@type":"ListItem","@id":"https:\/\/eldigitaldeasturias.com\/magazine365#listItem","name":"Home"}},{"@type":"ListItem","@id":"https:\/\/eldigitaldeasturias.com\/magazine365\/el-puerto-de-tarragona-abre-nueva-linea-maritima-de-contenedores-con-turquia\/#listItem","position":3,"name":"El Puerto de Tarragona abre nueva l\u00ednea mar\u00edtima de contenedores con Turqu\u00eda","previousItem":{"@type":"ListItem","@id":"https:\/\/eldigitaldeasturias.com\/magazine365\/category\/noticias-actualidad\/#listItem","name":"Noticias y Actualidad"}}]},{"@type":"Organization","@id":"https:\/\/eldigitaldeasturias.com\/magazine365\/#organization","name":"El digital de Asturias","description":"Revista de ocio, turismo y estilo de vida","url":"https:\/\/eldigitaldeasturias.com\/magazine365\/","logo":{"@type":"ImageObject","url":"https:\/\/www.eldigitaldeasturias.com\/noticias\/wp-content\/uploads\/2020\/12\/EDA.jpg","@id":"https:\/\/eldigitaldeasturias.com\/magazine365\/el-puerto-de-tarragona-abre-nueva-linea-maritima-de-contenedores-con-turquia\/#organizationLogo"},"image":{"@id":"https:\/\/eldigitaldeasturias.com\/magazine365\/el-puerto-de-tarragona-abre-nueva-linea-maritima-de-contenedores-con-turquia\/#organizationLogo"}},{"@type":"Person","@id":"https:\/\/eldigitaldeasturias.com\/magazine365\/author\/admin\/#author","url":"https:\/\/eldigitaldeasturias.com\/magazine365\/author\/admin\/","name":"admin","image":{"@type":"ImageObject","@id":"https:\/\/eldigitaldeasturias.com\/magazine365\/el-puerto-de-tarragona-abre-nueva-linea-maritima-de-contenedores-con-turquia\/#authorImage","url":"https:\/\/eldigitaldeasturias.com\/magazine365\/wp-content\/litespeed\/avatar\/e571bcf59a0edd6fa6838245a470f2fe.jpg?ver=1776969259","width":96,"height":96,"caption":"admin"}},{"@type":"WebPage","@id":"https:\/\/eldigitaldeasturias.com\/magazine365\/el-puerto-de-tarragona-abre-nueva-linea-maritima-de-contenedores-con-turquia\/#webpage","url":"https:\/\/eldigitaldeasturias.com\/magazine365\/el-puerto-de-tarragona-abre-nueva-linea-maritima-de-contenedores-con-turquia\/","name":"El Puerto de Tarragona abre nueva l\u00ednea mar\u00edtima de contenedores con Turqu\u00eda | El Digital de Asturias","description":"El Puerto de Tarragona ha abierto una l\u00ednea regular de transporte mar\u00edtimo de contenedores con Turqu\u00eda, una conexi\u00f3n que operar\u00e1 a partir de febrero Medkon Lines, una naviera turca que ha escogido al enclave portuario tarraconense para establecer su base de operaciones en Espa\u00f1a a trav\u00e9s de su agencia Medkon Iberia. En concreto, este nuevo","inLanguage":"es-ES","isPartOf":{"@id":"https:\/\/eldigitaldeasturias.com\/magazine365\/#website"},"breadcrumb":{"@id":"https:\/\/eldigitaldeasturias.com\/magazine365\/el-puerto-de-tarragona-abre-nueva-linea-maritima-de-contenedores-con-turquia\/#breadcrumblist"},"author":{"@id":"https:\/\/eldigitaldeasturias.com\/magazine365\/author\/admin\/#author"},"creator":{"@id":"https:\/\/eldigitaldeasturias.com\/magazine365\/author\/admin\/#author"},"image":{"@type":"ImageObject","url":"https:\/\/eldigitaldeasturias.com\/magazine365\/wp-content\/uploads\/2016\/01\/fotonoticia_20160119134013_800.jpg","@id":"https:\/\/eldigitaldeasturias.com\/magazine365\/el-puerto-de-tarragona-abre-nueva-linea-maritima-de-contenedores-con-turquia\/#mainImage","width":800,"height":511},"primaryImageOfPage":{"@id":"https:\/\/eldigitaldeasturias.com\/magazine365\/el-puerto-de-tarragona-abre-nueva-linea-maritima-de-contenedores-con-turquia\/#mainImage"},"datePublished":"2016-01-20T19:56:32+01:00","dateModified":"2016-01-20T19:56:32+01:00"},{"@type":"WebSite","@id":"https:\/\/eldigitaldeasturias.com\/magazine365\/#website","url":"https:\/\/eldigitaldeasturias.com\/magazine365\/","name":"El Digital de Asturias","description":"Revista de ocio, turismo y estilo de vida","inLanguage":"es-ES","publisher":{"@id":"https:\/\/eldigitaldeasturias.com\/magazine365\/#organization"}}]},"og:locale":"es_ES","og:site_name":"El Digital de Asturias \u2013 Revista de ocio, turismo y estilo de vida","og:type":"article","og:title":"El Puerto de Tarragona abre nueva l\u00ednea mar\u00edtima de contenedores con Turqu\u00eda | El Digital de Asturias","og:description":"El Puerto de Tarragona ha abierto una l\u00ednea regular de transporte mar\u00edtimo de contenedores con Turqu\u00eda, una conexi\u00f3n que operar\u00e1 a partir de febrero Medkon Lines, una naviera turca que ha escogido al enclave portuario tarraconense para establecer su base de operaciones en Espa\u00f1a a trav\u00e9s de su agencia Medkon Iberia. En concreto, este nuevo","og:url":"https:\/\/eldigitaldeasturias.com\/magazine365\/el-puerto-de-tarragona-abre-nueva-linea-maritima-de-contenedores-con-turquia\/","og:image":"https:\/\/eldigitaldeasturias.com\/magazine365\/wp-content\/uploads\/2016\/01\/fotonoticia_20160119134013_800.jpg","og:image:secure_url":"https:\/\/eldigitaldeasturias.com\/magazine365\/wp-content\/uploads\/2016\/01\/fotonoticia_20160119134013_800.jpg","og:image:width":800,"og:image:height":511,"article:published_time":"2016-01-20T18:56:32+00:00","article:modified_time":"2016-01-20T18:56:32+00:00","twitter:card":"summary_large_image","twitter:title":"El Puerto de Tarragona abre nueva l\u00ednea mar\u00edtima de contenedores con Turqu\u00eda | El Digital de Asturias","twitter:description":"El Puerto de Tarragona ha abierto una l\u00ednea regular de transporte mar\u00edtimo de contenedores con Turqu\u00eda, una conexi\u00f3n que operar\u00e1 a partir de febrero Medkon Lines, una naviera turca que ha escogido al enclave portuario tarraconense para establecer su base de operaciones en Espa\u00f1a a trav\u00e9s de su agencia Medkon Iberia. En concreto, este nuevo","twitter:image":"https:\/\/eldigitaldeasturias.com\/magazine365\/wp-content\/uploads\/2016\/01\/fotonoticia_20160119134013_800.jpg"},"aioseo_meta_data":{"post_id":"61114","title":null,"description":null,"keywords":null,"keyphrases":null,"primary_term":null,"canonical_url":null,"og_title":null,"og_description":null,"og_object_type":"default","og_image_type":"default","og_image_url":null,"og_image_width":null,"og_image_height":null,"og_image_custom_url":null,"og_image_custom_fields":null,"og_video":null,"og_custom_url":null,"og_article_section":null,"og_article_tags":null,"twitter_use_og":false,"twitter_card":"default","twitter_image_type":"default","twitter_image_url":null,"twitter_image_custom_url":null,"twitter_image_custom_fields":null,"twitter_title":null,"twitter_description":null,"schema":{"blockGraphs":[],"customGraphs":[],"default":{"data":{"Article":[],"Course":[],"Dataset":[],"FAQPage":[],"Movie":[],"Person":[],"Product":[],"ProductReview":[],"Car":[],"Recipe":[],"Service":[],"SoftwareApplication":[],"WebPage":[]},"graphName":"","isEnabled":true},"graphs":[]},"schema_type":null,"schema_type_options":null,"pillar_content":false,"robots_default":true,"robots_noindex":false,"robots_noarchive":false,"robots_nosnippet":false,"robots_nofollow":false,"robots_noimageindex":false,"robots_noodp":false,"robots_notranslate":false,"robots_max_snippet":null,"robots_max_videopreview":null,"robots_max_imagepreview":"large","priority":null,"frequency":null,"location":null,"local_seo":null,"seo_analyzer_scan_date":"2025-09-25 08:15:16","breadcrumb_settings":null,"limit_modified_date":false,"open_ai":null,"ai":null,"created":"2021-03-08 21:53:17","updated":"2025-09-25 08:15:16"},"aioseo_breadcrumb":"<div class=\"aioseo-breadcrumbs\"><span class=\"aioseo-breadcrumb\">\n\t<a href=\"https:\/\/eldigitaldeasturias.com\/magazine365\" title=\"Home\">Home<\/a>\n<\/span><span class=\"aioseo-breadcrumb-separator\">\u2013<\/span><span class=\"aioseo-breadcrumb\">\n\t<a href=\"https:\/\/eldigitaldeasturias.com\/magazine365\/category\/noticias-actualidad\/\" title=\"Noticias y Actualidad\">Noticias y Actualidad<\/a>\n<\/span><span class=\"aioseo-breadcrumb-separator\">\u2013<\/span><span class=\"aioseo-breadcrumb\">\n\t<a href=\"https:\/\/eldigitaldeasturias.com\/magazine365\/el-puerto-de-tarragona-abre-nueva-linea-maritima-de-contenedores-con-turquia\/\" title=\"El Puerto de Tarragona abre nueva l\u00ednea mar\u00edtima de contenedores con Turqu\u00eda\">El Puerto de Tarragona abre nueva l\u00ednea mar\u00edtima de contenedores con Turqu\u00eda<\/a>\n<\/span><\/div>","aioseo_breadcrumb_json":[{"label":"Home","link":"https:\/\/eldigitaldeasturias.com\/magazine365"},{"label":"Noticias y Actualidad","link":"https:\/\/eldigitaldeasturias.com\/magazine365\/category\/noticias-actualidad\/"},{"label":"El Puerto de Tarragona abre nueva l\u00ednea mar\u00edtima de contenedores con Turqu\u00eda","link":"https:\/\/eldigitaldeasturias.com\/magazine365\/el-puerto-de-tarragona-abre-nueva-linea-maritima-de-contenedores-con-turquia\/"}],"_links":{"self":[{"href":"https:\/\/eldigitaldeasturias.com\/magazine365\/wp-json\/wp\/v2\/posts\/61114","targetHints":{"allow":["GET"]}}],"collection":[{"href":"https:\/\/eldigitaldeasturias.com\/magazine365\/wp-json\/wp\/v2\/posts"}],"about":[{"href":"https:\/\/eldigitaldeasturias.com\/magazine365\/wp-json\/wp\/v2\/types\/post"}],"author":[{"embeddable":true,"href":"https:\/\/eldigitaldeasturias.com\/magazine365\/wp-json\/wp\/v2\/users\/1"}],"replies":[{"embeddable":true,"href":"https:\/\/eldigitaldeasturias.com\/magazine365\/wp-json\/wp\/v2\/comments?post=61114"}],"version-history":[{"count":0,"href":"https:\/\/eldigitaldeasturias.com\/magazine365\/wp-json\/wp\/v2\/posts\/61114\/revisions"}],"wp:featuredmedia":[{"embeddable":true,"href":"https:\/\/eldigitaldeasturias.com\/magazine365\/wp-json\/wp\/v2\/media\/61115"}],"wp:attachment":[{"href":"https:\/\/eldigitaldeasturias.com\/magazine365\/wp-json\/wp\/v2\/media?parent=61114"}],"wp:term":[{"taxonomy":"category","embeddable":true,"href":"https:\/\/eldigitaldeasturias.com\/magazine365\/wp-json\/wp\/v2\/categories?post=61114"},{"taxonomy":"post_tag","embeddable":true,"href":"https:\/\/eldigitaldeasturias.com\/magazine365\/wp-json\/wp\/v2\/tags?post=61114"}],"curies":[{"name":"wp","href":"https:\/\/api.w.org\/{rel}","templated":true}]}}