{"id":61112,"date":"2016-01-20T19:55:03","date_gmt":"2016-01-20T18:55:03","guid":{"rendered":"http:\/\/eldigitaldeasturias.com\/magazine365\/?p=61112"},"modified":"2016-01-20T19:55:03","modified_gmt":"2016-01-20T18:55:03","slug":"ayuntamiento-de-madrid-aumentara-la-policia-del-turismo-ahora-sin-unidad","status":"publish","type":"post","link":"https:\/\/eldigitaldeasturias.com\/magazine365\/ayuntamiento-de-madrid-aumentara-la-policia-del-turismo-ahora-sin-unidad\/","title":{"rendered":"Ayuntamiento de Madrid \u00abaumentar\u00e1 la polic\u00eda del turismo\u00bb, ahora sin unidad"},"content":{"rendered":"<p><img fetchpriority=\"high\" decoding=\"async\" class=\"alignleft size-medium wp-image-40137\" src=\"https:\/\/eldigitaldeasturias.com\/magazine365\/wp-content\/uploads\/2015\/06\/madrid2-360x270.jpg\" alt=\"madrid\" width=\"360\" height=\"270\" srcset=\"https:\/\/eldigitaldeasturias.com\/magazine365\/wp-content\/uploads\/2015\/06\/madrid2-360x270.jpg 360w, https:\/\/eldigitaldeasturias.com\/magazine365\/wp-content\/uploads\/2015\/06\/madrid2-650x488.jpg 650w, https:\/\/eldigitaldeasturias.com\/magazine365\/wp-content\/uploads\/2015\/06\/madrid2-768x576.jpg 768w, https:\/\/eldigitaldeasturias.com\/magazine365\/wp-content\/uploads\/2015\/06\/madrid2-150x113.jpg 150w, https:\/\/eldigitaldeasturias.com\/magazine365\/wp-content\/uploads\/2015\/06\/madrid2-450x338.jpg 450w, https:\/\/eldigitaldeasturias.com\/magazine365\/wp-content\/uploads\/2015\/06\/madrid2-80x60.jpg 80w, https:\/\/eldigitaldeasturias.com\/magazine365\/wp-content\/uploads\/2015\/06\/madrid2-265x198.jpg 265w, https:\/\/eldigitaldeasturias.com\/magazine365\/wp-content\/uploads\/2015\/06\/madrid2-696x522.jpg 696w, https:\/\/eldigitaldeasturias.com\/magazine365\/wp-content\/uploads\/2015\/06\/madrid2-560x420.jpg 560w, https:\/\/eldigitaldeasturias.com\/magazine365\/wp-content\/uploads\/2015\/06\/madrid2-90x67.jpg 90w, https:\/\/eldigitaldeasturias.com\/magazine365\/wp-content\/uploads\/2015\/06\/madrid2-100x75.jpg 100w, https:\/\/eldigitaldeasturias.com\/magazine365\/wp-content\/uploads\/2015\/06\/madrid2.jpg 800w\" sizes=\"(max-width: 360px) 100vw, 360px\" \/>El delegado de Salud, Seguridad y Emergencias de Madrid, Javier Barbero, ha afirmado este martes en la comisi\u00f3n del ramo que no quieren una \u00abpolic\u00eda nacional de segundo grado\u00bb, al ser preguntado por el futuro de las Unidades Centrales de Seguridad (UCE), mientras que el director general de la Polic\u00eda Municipal, Andr\u00e9s Serrano, ha asegurado que \u00abaumentar\u00e1 la polic\u00eda del turismo\u00bb aunque haya desaparecido del organigrama la unidad espec\u00edfica, subsumida ahora en los distritos.<\/p>\n<p>Barbero ha expuesto en la comisi\u00f3n que siempre ha habido un refuerzo de la seguridad hasta llegar a las UCE, la unidad de antidisturbios, definida as\u00ed por algunos. \u00c9l ha recordado la conocida como &#8216;patrulla nocturna&#8217; o los &#8216;kung fu&#8217;, que \u00abrepart\u00edan estopa como no estaba escrito en los 70\u00bb.<\/p>\n<p>\u00abNo tienen que hacer funci\u00f3n de antidisturbios, que corresponde a las unidades integrales de protecci\u00f3n (UIP) de la Polic\u00eda Nacional. No nos toca paralizar desahucios, eso le tocar\u00e1 a otros cuerpos\u00bb, ha argumentado el delegado, que ha defendido que los agentes municipales tienen que ejecer \u00abfunciones propias de las polic\u00edas locales\u00bb. As\u00ed, ha concretado que la mitad de las llamadas a la Polic\u00eda Municipal son relativas a cuestiones de convivencia y el 36 por ciento se centran en la seguridad vial.<\/p>\n<p>Las UCE, en definitiva, dar\u00e1n \u00abapoyo a las unidades de distrito\u00bb. El edil ha defendido que \u00absiempre tiene que haber unidades concretas de apoyo especial a los distritos\u00bb. \u00abNo cuestionamos la necesidad (de las UCE), s\u00ed sus funciones\u00bb, ha expuesto. Ser\u00e1 a finales de marzo cuando expliquen el Plan Director de la Polic\u00eda Municipal y lo relativo a la segunda actividad, el acceso a unidades especiales o la reformulaci\u00f3n de horas extras.<\/p>\n<p>En cuanto al modelo de polic\u00eda, Javier Barbero ha defendido que est\u00e1 correlacionado con el modelo de ciudad, \u00abque no es el de grandes edificios, el de la la M-30 o la ciudad marca, que ha llevado al expolio de bienes y a los recortes para la mayor\u00eda\u00bb. El de Ahora Madrid el modelo es el de la \u00abciudad de los cuidados porque cuidar es proteger y proteger es cuidar\u00bb.<\/p>\n<p class=\"ladillo\">NO S\u00d3LO ES \u00abIR A POR LOS MALOS\u00bb<\/p>\n<p>\u00abEs un modelo de seguridad que no contempla s\u00f3lo la cuesti\u00f3n policial\u00bb, ha apuntado, tras poner como ejemplo lo ocurrido esta ma\u00f1ana en El Gallinero, donde \u00abhay que ir a por los delincuentes, faltar\u00eda m\u00e1s\u00bb, pero asegurando que los ni\u00f1os del poblado pueden ir al colegio, cuando a primera hora los voluntarios no pod\u00edan acceder al n\u00facleo chabolista. \u00abHay que ir a por los malos pero compatibiliz\u00e1ndolo con los derechos y libertades, tambi\u00e9n de los ni\u00f1os del Gallinero\u00bb, ha remachado antes de ir en persona al poblado.<\/p>\n<p>El nuevo modelo policial potenciar\u00e1 la formaci\u00f3n policial para respetar la diversidad y presentar\u00e1 la polic\u00eda como \u00abproveedora de servicios, no como un Cuerpo que controla a los ciudadanos\u00bb. \u00abA los delincuentes hay que cogerlos pero en la Polic\u00eda Municipal ese no puede ser el eje fundamental, es de la Polic\u00eda Nacional o Guardia Civil.<\/p>\n<p>Preguntado sobre el aumento de la venta ambulante en Centro, el delegado ha asegurado que los datos son los mismos que en los \u00faltimos meses. \u00abTenemos el mismo personal pero con una organizaci\u00f3n diferente\u00bb, ha explicado el delegado. Y si hay que aumentar los efectivos, se aumentar\u00e1n, seg\u00fan el director general de la Polic\u00eda Municipal.<\/p>\n","protected":false},"excerpt":{"rendered":"<p>El delegado de Salud, Seguridad y Emergencias de Madrid, Javier Barbero, ha afirmado este martes en la comisi\u00f3n del ramo que no quieren una \u00abpolic\u00eda nacional de segundo grado\u00bb, al ser preguntado por el futuro de las Unidades Centrales de Seguridad (UCE), mientras que el director general de la Polic\u00eda Municipal, Andr\u00e9s Serrano, ha asegurado<\/p>\n","protected":false},"author":1,"featured_media":40137,"comment_status":"open","ping_status":"closed","sticky":false,"template":"","format":"standard","meta":{"footnotes":""},"categories":[224],"tags":[],"class_list":{"0":"post-61112","1":"post","2":"type-post","3":"status-publish","4":"format-standard","5":"has-post-thumbnail","7":"category-noticias-actualidad"},"aioseo_notices":[],"aioseo_head":"\n\t\t<!-- All in One SEO Pro 4.9.6.1 - aioseo.com -->\n\t<meta name=\"description\" content=\"El delegado de Salud, Seguridad y Emergencias de Madrid, Javier Barbero, ha afirmado este martes en la comisi\u00f3n del ramo que no quieren una &quot;polic\u00eda nacional de segundo grado&quot;, al ser preguntado por el futuro de las Unidades Centrales de Seguridad (UCE), mientras que el director general de la Polic\u00eda Municipal, Andr\u00e9s Serrano, ha asegurado\" \/>\n\t<meta name=\"robots\" content=\"max-image-preview:large\" \/>\n\t<meta name=\"author\" content=\"admin\"\/>\n\t<meta name=\"google-site-verification\" content=\"UA-38556648-1\" \/>\n\t<meta name=\"keywords\" content=\"noticias y actualidad\" \/>\n\t<link rel=\"canonical\" href=\"https:\/\/eldigitaldeasturias.com\/magazine365\/ayuntamiento-de-madrid-aumentara-la-policia-del-turismo-ahora-sin-unidad\/\" \/>\n\t<meta name=\"generator\" content=\"All in One SEO Pro (AIOSEO) 4.9.6.1\" \/>\n\t\t<meta property=\"og:locale\" content=\"es_ES\" \/>\n\t\t<meta property=\"og:site_name\" content=\"El Digital de Asturias \u2013 Revista de ocio, turismo y estilo de vida\" \/>\n\t\t<meta property=\"og:type\" content=\"article\" \/>\n\t\t<meta property=\"og:title\" content=\"Ayuntamiento de Madrid \u00abaumentar\u00e1 la polic\u00eda del turismo\u00bb, ahora sin unidad | El Digital de Asturias\" \/>\n\t\t<meta property=\"og:description\" content=\"El delegado de Salud, Seguridad y Emergencias de Madrid, Javier Barbero, ha afirmado este martes en la comisi\u00f3n del ramo que no quieren una &quot;polic\u00eda nacional de segundo grado&quot;, al ser preguntado por el futuro de las Unidades Centrales de Seguridad (UCE), mientras que el director general de la Polic\u00eda Municipal, Andr\u00e9s Serrano, ha asegurado\" \/>\n\t\t<meta property=\"og:url\" content=\"https:\/\/eldigitaldeasturias.com\/magazine365\/ayuntamiento-de-madrid-aumentara-la-policia-del-turismo-ahora-sin-unidad\/\" \/>\n\t\t<meta property=\"og:image\" content=\"https:\/\/eldigitaldeasturias.com\/magazine365\/wp-content\/uploads\/2015\/06\/madrid2.jpg\" \/>\n\t\t<meta property=\"og:image:secure_url\" content=\"https:\/\/eldigitaldeasturias.com\/magazine365\/wp-content\/uploads\/2015\/06\/madrid2.jpg\" \/>\n\t\t<meta property=\"og:image:width\" content=\"800\" \/>\n\t\t<meta property=\"og:image:height\" content=\"600\" \/>\n\t\t<meta property=\"article:published_time\" content=\"2016-01-20T18:55:03+00:00\" \/>\n\t\t<meta property=\"article:modified_time\" content=\"2016-01-20T18:55:03+00:00\" \/>\n\t\t<meta name=\"twitter:card\" content=\"summary_large_image\" \/>\n\t\t<meta name=\"twitter:title\" content=\"Ayuntamiento de Madrid \u00abaumentar\u00e1 la polic\u00eda del turismo\u00bb, ahora sin unidad | El Digital de Asturias\" \/>\n\t\t<meta name=\"twitter:description\" content=\"El delegado de Salud, Seguridad y Emergencias de Madrid, Javier Barbero, ha afirmado este martes en la comisi\u00f3n del ramo que no quieren una &quot;polic\u00eda nacional de segundo grado&quot;, al ser preguntado por el futuro de las Unidades Centrales de Seguridad (UCE), mientras que el director general de la Polic\u00eda Municipal, Andr\u00e9s Serrano, ha asegurado\" \/>\n\t\t<meta name=\"twitter:image\" content=\"https:\/\/eldigitaldeasturias.com\/magazine365\/wp-content\/uploads\/2015\/06\/madrid2.jpg\" \/>\n\t\t<script type=\"application\/ld+json\" class=\"aioseo-schema\">\n\t\t\t{\"@context\":\"https:\\\/\\\/schema.org\",\"@graph\":[{\"@type\":\"Article\",\"@id\":\"https:\\\/\\\/eldigitaldeasturias.com\\\/magazine365\\\/ayuntamiento-de-madrid-aumentara-la-policia-del-turismo-ahora-sin-unidad\\\/#article\",\"name\":\"Ayuntamiento de Madrid \\u00abaumentar\\u00e1 la polic\\u00eda del turismo\\u00bb, ahora sin unidad | El Digital de Asturias\",\"headline\":\"Ayuntamiento de Madrid \\u00abaumentar\\u00e1 la polic\\u00eda del turismo\\u00bb, ahora sin unidad\",\"author\":{\"@id\":\"https:\\\/\\\/eldigitaldeasturias.com\\\/magazine365\\\/author\\\/admin\\\/#author\"},\"publisher\":{\"@id\":\"https:\\\/\\\/eldigitaldeasturias.com\\\/magazine365\\\/#organization\"},\"image\":{\"@type\":\"ImageObject\",\"url\":\"https:\\\/\\\/eldigitaldeasturias.com\\\/magazine365\\\/wp-content\\\/uploads\\\/2015\\\/06\\\/madrid2.jpg\",\"width\":800,\"height\":600},\"datePublished\":\"2016-01-20T19:55:03+01:00\",\"dateModified\":\"2016-01-20T19:55:03+01:00\",\"inLanguage\":\"es-ES\",\"mainEntityOfPage\":{\"@id\":\"https:\\\/\\\/eldigitaldeasturias.com\\\/magazine365\\\/ayuntamiento-de-madrid-aumentara-la-policia-del-turismo-ahora-sin-unidad\\\/#webpage\"},\"isPartOf\":{\"@id\":\"https:\\\/\\\/eldigitaldeasturias.com\\\/magazine365\\\/ayuntamiento-de-madrid-aumentara-la-policia-del-turismo-ahora-sin-unidad\\\/#webpage\"},\"articleSection\":\"Noticias y Actualidad\"},{\"@type\":\"BreadcrumbList\",\"@id\":\"https:\\\/\\\/eldigitaldeasturias.com\\\/magazine365\\\/ayuntamiento-de-madrid-aumentara-la-policia-del-turismo-ahora-sin-unidad\\\/#breadcrumblist\",\"itemListElement\":[{\"@type\":\"ListItem\",\"@id\":\"https:\\\/\\\/eldigitaldeasturias.com\\\/magazine365#listItem\",\"position\":1,\"name\":\"Home\",\"item\":\"https:\\\/\\\/eldigitaldeasturias.com\\\/magazine365\",\"nextItem\":{\"@type\":\"ListItem\",\"@id\":\"https:\\\/\\\/eldigitaldeasturias.com\\\/magazine365\\\/category\\\/noticias-actualidad\\\/#listItem\",\"name\":\"Noticias y Actualidad\"}},{\"@type\":\"ListItem\",\"@id\":\"https:\\\/\\\/eldigitaldeasturias.com\\\/magazine365\\\/category\\\/noticias-actualidad\\\/#listItem\",\"position\":2,\"name\":\"Noticias y Actualidad\",\"item\":\"https:\\\/\\\/eldigitaldeasturias.com\\\/magazine365\\\/category\\\/noticias-actualidad\\\/\",\"nextItem\":{\"@type\":\"ListItem\",\"@id\":\"https:\\\/\\\/eldigitaldeasturias.com\\\/magazine365\\\/ayuntamiento-de-madrid-aumentara-la-policia-del-turismo-ahora-sin-unidad\\\/#listItem\",\"name\":\"Ayuntamiento de Madrid \\u00abaumentar\\u00e1 la polic\\u00eda del turismo\\u00bb, ahora sin unidad\"},\"previousItem\":{\"@type\":\"ListItem\",\"@id\":\"https:\\\/\\\/eldigitaldeasturias.com\\\/magazine365#listItem\",\"name\":\"Home\"}},{\"@type\":\"ListItem\",\"@id\":\"https:\\\/\\\/eldigitaldeasturias.com\\\/magazine365\\\/ayuntamiento-de-madrid-aumentara-la-policia-del-turismo-ahora-sin-unidad\\\/#listItem\",\"position\":3,\"name\":\"Ayuntamiento de Madrid \\u00abaumentar\\u00e1 la polic\\u00eda del turismo\\u00bb, ahora sin unidad\",\"previousItem\":{\"@type\":\"ListItem\",\"@id\":\"https:\\\/\\\/eldigitaldeasturias.com\\\/magazine365\\\/category\\\/noticias-actualidad\\\/#listItem\",\"name\":\"Noticias y Actualidad\"}}]},{\"@type\":\"Organization\",\"@id\":\"https:\\\/\\\/eldigitaldeasturias.com\\\/magazine365\\\/#organization\",\"name\":\"El digital de Asturias\",\"description\":\"Revista de ocio, turismo y estilo de vida\",\"url\":\"https:\\\/\\\/eldigitaldeasturias.com\\\/magazine365\\\/\",\"logo\":{\"@type\":\"ImageObject\",\"url\":\"https:\\\/\\\/www.eldigitaldeasturias.com\\\/noticias\\\/wp-content\\\/uploads\\\/2020\\\/12\\\/EDA.jpg\",\"@id\":\"https:\\\/\\\/eldigitaldeasturias.com\\\/magazine365\\\/ayuntamiento-de-madrid-aumentara-la-policia-del-turismo-ahora-sin-unidad\\\/#organizationLogo\"},\"image\":{\"@id\":\"https:\\\/\\\/eldigitaldeasturias.com\\\/magazine365\\\/ayuntamiento-de-madrid-aumentara-la-policia-del-turismo-ahora-sin-unidad\\\/#organizationLogo\"}},{\"@type\":\"Person\",\"@id\":\"https:\\\/\\\/eldigitaldeasturias.com\\\/magazine365\\\/author\\\/admin\\\/#author\",\"url\":\"https:\\\/\\\/eldigitaldeasturias.com\\\/magazine365\\\/author\\\/admin\\\/\",\"name\":\"admin\",\"image\":{\"@type\":\"ImageObject\",\"@id\":\"https:\\\/\\\/eldigitaldeasturias.com\\\/magazine365\\\/ayuntamiento-de-madrid-aumentara-la-policia-del-turismo-ahora-sin-unidad\\\/#authorImage\",\"url\":\"https:\\\/\\\/eldigitaldeasturias.com\\\/magazine365\\\/wp-content\\\/litespeed\\\/avatar\\\/e571bcf59a0edd6fa6838245a470f2fe.jpg?ver=1776969259\",\"width\":96,\"height\":96,\"caption\":\"admin\"}},{\"@type\":\"WebPage\",\"@id\":\"https:\\\/\\\/eldigitaldeasturias.com\\\/magazine365\\\/ayuntamiento-de-madrid-aumentara-la-policia-del-turismo-ahora-sin-unidad\\\/#webpage\",\"url\":\"https:\\\/\\\/eldigitaldeasturias.com\\\/magazine365\\\/ayuntamiento-de-madrid-aumentara-la-policia-del-turismo-ahora-sin-unidad\\\/\",\"name\":\"Ayuntamiento de Madrid \\u00abaumentar\\u00e1 la polic\\u00eda del turismo\\u00bb, ahora sin unidad | El Digital de Asturias\",\"description\":\"El delegado de Salud, Seguridad y Emergencias de Madrid, Javier Barbero, ha afirmado este martes en la comisi\\u00f3n del ramo que no quieren una \\\"polic\\u00eda nacional de segundo grado\\\", al ser preguntado por el futuro de las Unidades Centrales de Seguridad (UCE), mientras que el director general de la Polic\\u00eda Municipal, Andr\\u00e9s Serrano, ha asegurado\",\"inLanguage\":\"es-ES\",\"isPartOf\":{\"@id\":\"https:\\\/\\\/eldigitaldeasturias.com\\\/magazine365\\\/#website\"},\"breadcrumb\":{\"@id\":\"https:\\\/\\\/eldigitaldeasturias.com\\\/magazine365\\\/ayuntamiento-de-madrid-aumentara-la-policia-del-turismo-ahora-sin-unidad\\\/#breadcrumblist\"},\"author\":{\"@id\":\"https:\\\/\\\/eldigitaldeasturias.com\\\/magazine365\\\/author\\\/admin\\\/#author\"},\"creator\":{\"@id\":\"https:\\\/\\\/eldigitaldeasturias.com\\\/magazine365\\\/author\\\/admin\\\/#author\"},\"image\":{\"@type\":\"ImageObject\",\"url\":\"https:\\\/\\\/eldigitaldeasturias.com\\\/magazine365\\\/wp-content\\\/uploads\\\/2015\\\/06\\\/madrid2.jpg\",\"@id\":\"https:\\\/\\\/eldigitaldeasturias.com\\\/magazine365\\\/ayuntamiento-de-madrid-aumentara-la-policia-del-turismo-ahora-sin-unidad\\\/#mainImage\",\"width\":800,\"height\":600},\"primaryImageOfPage\":{\"@id\":\"https:\\\/\\\/eldigitaldeasturias.com\\\/magazine365\\\/ayuntamiento-de-madrid-aumentara-la-policia-del-turismo-ahora-sin-unidad\\\/#mainImage\"},\"datePublished\":\"2016-01-20T19:55:03+01:00\",\"dateModified\":\"2016-01-20T19:55:03+01:00\"},{\"@type\":\"WebSite\",\"@id\":\"https:\\\/\\\/eldigitaldeasturias.com\\\/magazine365\\\/#website\",\"url\":\"https:\\\/\\\/eldigitaldeasturias.com\\\/magazine365\\\/\",\"name\":\"El Digital de Asturias\",\"description\":\"Revista de ocio, turismo y estilo de vida\",\"inLanguage\":\"es-ES\",\"publisher\":{\"@id\":\"https:\\\/\\\/eldigitaldeasturias.com\\\/magazine365\\\/#organization\"}}]}\n\t\t<\/script>\n\t\t<!-- All in One SEO Pro -->\r\n\t\t<title>Ayuntamiento de Madrid \u00abaumentar\u00e1 la polic\u00eda del turismo\u00bb, ahora sin unidad | El Digital de Asturias<\/title>\n\n","aioseo_head_json":{"title":"Ayuntamiento de Madrid \u00abaumentar\u00e1 la polic\u00eda del turismo\u00bb, ahora sin unidad | El Digital de Asturias","description":"El delegado de Salud, Seguridad y Emergencias de Madrid, Javier Barbero, ha afirmado este martes en la comisi\u00f3n del ramo que no quieren una \"polic\u00eda nacional de segundo grado\", al ser preguntado por el futuro de las Unidades Centrales de Seguridad (UCE), mientras que el director general de la Polic\u00eda Municipal, Andr\u00e9s Serrano, ha asegurado","canonical_url":"https:\/\/eldigitaldeasturias.com\/magazine365\/ayuntamiento-de-madrid-aumentara-la-policia-del-turismo-ahora-sin-unidad\/","robots":"max-image-preview:large","keywords":"noticias y actualidad","webmasterTools":{"google-site-verification":"UA-38556648-1","miscellaneous":""},"schema":{"@context":"https:\/\/schema.org","@graph":[{"@type":"Article","@id":"https:\/\/eldigitaldeasturias.com\/magazine365\/ayuntamiento-de-madrid-aumentara-la-policia-del-turismo-ahora-sin-unidad\/#article","name":"Ayuntamiento de Madrid \u00abaumentar\u00e1 la polic\u00eda del turismo\u00bb, ahora sin unidad | El Digital de Asturias","headline":"Ayuntamiento de Madrid \u00abaumentar\u00e1 la polic\u00eda del turismo\u00bb, ahora sin unidad","author":{"@id":"https:\/\/eldigitaldeasturias.com\/magazine365\/author\/admin\/#author"},"publisher":{"@id":"https:\/\/eldigitaldeasturias.com\/magazine365\/#organization"},"image":{"@type":"ImageObject","url":"https:\/\/eldigitaldeasturias.com\/magazine365\/wp-content\/uploads\/2015\/06\/madrid2.jpg","width":800,"height":600},"datePublished":"2016-01-20T19:55:03+01:00","dateModified":"2016-01-20T19:55:03+01:00","inLanguage":"es-ES","mainEntityOfPage":{"@id":"https:\/\/eldigitaldeasturias.com\/magazine365\/ayuntamiento-de-madrid-aumentara-la-policia-del-turismo-ahora-sin-unidad\/#webpage"},"isPartOf":{"@id":"https:\/\/eldigitaldeasturias.com\/magazine365\/ayuntamiento-de-madrid-aumentara-la-policia-del-turismo-ahora-sin-unidad\/#webpage"},"articleSection":"Noticias y Actualidad"},{"@type":"BreadcrumbList","@id":"https:\/\/eldigitaldeasturias.com\/magazine365\/ayuntamiento-de-madrid-aumentara-la-policia-del-turismo-ahora-sin-unidad\/#breadcrumblist","itemListElement":[{"@type":"ListItem","@id":"https:\/\/eldigitaldeasturias.com\/magazine365#listItem","position":1,"name":"Home","item":"https:\/\/eldigitaldeasturias.com\/magazine365","nextItem":{"@type":"ListItem","@id":"https:\/\/eldigitaldeasturias.com\/magazine365\/category\/noticias-actualidad\/#listItem","name":"Noticias y Actualidad"}},{"@type":"ListItem","@id":"https:\/\/eldigitaldeasturias.com\/magazine365\/category\/noticias-actualidad\/#listItem","position":2,"name":"Noticias y Actualidad","item":"https:\/\/eldigitaldeasturias.com\/magazine365\/category\/noticias-actualidad\/","nextItem":{"@type":"ListItem","@id":"https:\/\/eldigitaldeasturias.com\/magazine365\/ayuntamiento-de-madrid-aumentara-la-policia-del-turismo-ahora-sin-unidad\/#listItem","name":"Ayuntamiento de Madrid \u00abaumentar\u00e1 la polic\u00eda del turismo\u00bb, ahora sin unidad"},"previousItem":{"@type":"ListItem","@id":"https:\/\/eldigitaldeasturias.com\/magazine365#listItem","name":"Home"}},{"@type":"ListItem","@id":"https:\/\/eldigitaldeasturias.com\/magazine365\/ayuntamiento-de-madrid-aumentara-la-policia-del-turismo-ahora-sin-unidad\/#listItem","position":3,"name":"Ayuntamiento de Madrid \u00abaumentar\u00e1 la polic\u00eda del turismo\u00bb, ahora sin unidad","previousItem":{"@type":"ListItem","@id":"https:\/\/eldigitaldeasturias.com\/magazine365\/category\/noticias-actualidad\/#listItem","name":"Noticias y Actualidad"}}]},{"@type":"Organization","@id":"https:\/\/eldigitaldeasturias.com\/magazine365\/#organization","name":"El digital de Asturias","description":"Revista de ocio, turismo y estilo de vida","url":"https:\/\/eldigitaldeasturias.com\/magazine365\/","logo":{"@type":"ImageObject","url":"https:\/\/www.eldigitaldeasturias.com\/noticias\/wp-content\/uploads\/2020\/12\/EDA.jpg","@id":"https:\/\/eldigitaldeasturias.com\/magazine365\/ayuntamiento-de-madrid-aumentara-la-policia-del-turismo-ahora-sin-unidad\/#organizationLogo"},"image":{"@id":"https:\/\/eldigitaldeasturias.com\/magazine365\/ayuntamiento-de-madrid-aumentara-la-policia-del-turismo-ahora-sin-unidad\/#organizationLogo"}},{"@type":"Person","@id":"https:\/\/eldigitaldeasturias.com\/magazine365\/author\/admin\/#author","url":"https:\/\/eldigitaldeasturias.com\/magazine365\/author\/admin\/","name":"admin","image":{"@type":"ImageObject","@id":"https:\/\/eldigitaldeasturias.com\/magazine365\/ayuntamiento-de-madrid-aumentara-la-policia-del-turismo-ahora-sin-unidad\/#authorImage","url":"https:\/\/eldigitaldeasturias.com\/magazine365\/wp-content\/litespeed\/avatar\/e571bcf59a0edd6fa6838245a470f2fe.jpg?ver=1776969259","width":96,"height":96,"caption":"admin"}},{"@type":"WebPage","@id":"https:\/\/eldigitaldeasturias.com\/magazine365\/ayuntamiento-de-madrid-aumentara-la-policia-del-turismo-ahora-sin-unidad\/#webpage","url":"https:\/\/eldigitaldeasturias.com\/magazine365\/ayuntamiento-de-madrid-aumentara-la-policia-del-turismo-ahora-sin-unidad\/","name":"Ayuntamiento de Madrid \u00abaumentar\u00e1 la polic\u00eda del turismo\u00bb, ahora sin unidad | El Digital de Asturias","description":"El delegado de Salud, Seguridad y Emergencias de Madrid, Javier Barbero, ha afirmado este martes en la comisi\u00f3n del ramo que no quieren una \"polic\u00eda nacional de segundo grado\", al ser preguntado por el futuro de las Unidades Centrales de Seguridad (UCE), mientras que el director general de la Polic\u00eda Municipal, Andr\u00e9s Serrano, ha asegurado","inLanguage":"es-ES","isPartOf":{"@id":"https:\/\/eldigitaldeasturias.com\/magazine365\/#website"},"breadcrumb":{"@id":"https:\/\/eldigitaldeasturias.com\/magazine365\/ayuntamiento-de-madrid-aumentara-la-policia-del-turismo-ahora-sin-unidad\/#breadcrumblist"},"author":{"@id":"https:\/\/eldigitaldeasturias.com\/magazine365\/author\/admin\/#author"},"creator":{"@id":"https:\/\/eldigitaldeasturias.com\/magazine365\/author\/admin\/#author"},"image":{"@type":"ImageObject","url":"https:\/\/eldigitaldeasturias.com\/magazine365\/wp-content\/uploads\/2015\/06\/madrid2.jpg","@id":"https:\/\/eldigitaldeasturias.com\/magazine365\/ayuntamiento-de-madrid-aumentara-la-policia-del-turismo-ahora-sin-unidad\/#mainImage","width":800,"height":600},"primaryImageOfPage":{"@id":"https:\/\/eldigitaldeasturias.com\/magazine365\/ayuntamiento-de-madrid-aumentara-la-policia-del-turismo-ahora-sin-unidad\/#mainImage"},"datePublished":"2016-01-20T19:55:03+01:00","dateModified":"2016-01-20T19:55:03+01:00"},{"@type":"WebSite","@id":"https:\/\/eldigitaldeasturias.com\/magazine365\/#website","url":"https:\/\/eldigitaldeasturias.com\/magazine365\/","name":"El Digital de Asturias","description":"Revista de ocio, turismo y estilo de vida","inLanguage":"es-ES","publisher":{"@id":"https:\/\/eldigitaldeasturias.com\/magazine365\/#organization"}}]},"og:locale":"es_ES","og:site_name":"El Digital de Asturias \u2013 Revista de ocio, turismo y estilo de vida","og:type":"article","og:title":"Ayuntamiento de Madrid \u00abaumentar\u00e1 la polic\u00eda del turismo\u00bb, ahora sin unidad | El Digital de Asturias","og:description":"El delegado de Salud, Seguridad y Emergencias de Madrid, Javier Barbero, ha afirmado este martes en la comisi\u00f3n del ramo que no quieren una &quot;polic\u00eda nacional de segundo grado&quot;, al ser preguntado por el futuro de las Unidades Centrales de Seguridad (UCE), mientras que el director general de la Polic\u00eda Municipal, Andr\u00e9s Serrano, ha asegurado","og:url":"https:\/\/eldigitaldeasturias.com\/magazine365\/ayuntamiento-de-madrid-aumentara-la-policia-del-turismo-ahora-sin-unidad\/","og:image":"https:\/\/eldigitaldeasturias.com\/magazine365\/wp-content\/uploads\/2015\/06\/madrid2.jpg","og:image:secure_url":"https:\/\/eldigitaldeasturias.com\/magazine365\/wp-content\/uploads\/2015\/06\/madrid2.jpg","og:image:width":800,"og:image:height":600,"article:published_time":"2016-01-20T18:55:03+00:00","article:modified_time":"2016-01-20T18:55:03+00:00","twitter:card":"summary_large_image","twitter:title":"Ayuntamiento de Madrid \u00abaumentar\u00e1 la polic\u00eda del turismo\u00bb, ahora sin unidad | El Digital de Asturias","twitter:description":"El delegado de Salud, Seguridad y Emergencias de Madrid, Javier Barbero, ha afirmado este martes en la comisi\u00f3n del ramo que no quieren una &quot;polic\u00eda nacional de segundo grado&quot;, al ser preguntado por el futuro de las Unidades Centrales de Seguridad (UCE), mientras que el director general de la Polic\u00eda Municipal, Andr\u00e9s Serrano, ha asegurado","twitter:image":"https:\/\/eldigitaldeasturias.com\/magazine365\/wp-content\/uploads\/2015\/06\/madrid2.jpg"},"aioseo_meta_data":{"post_id":"61112","title":null,"description":null,"keywords":null,"keyphrases":null,"primary_term":null,"canonical_url":null,"og_title":null,"og_description":null,"og_object_type":"default","og_image_type":"default","og_image_url":null,"og_image_width":null,"og_image_height":null,"og_image_custom_url":null,"og_image_custom_fields":null,"og_video":null,"og_custom_url":null,"og_article_section":null,"og_article_tags":null,"twitter_use_og":false,"twitter_card":"default","twitter_image_type":"default","twitter_image_url":null,"twitter_image_custom_url":null,"twitter_image_custom_fields":null,"twitter_title":null,"twitter_description":null,"schema":{"blockGraphs":[],"customGraphs":[],"default":{"data":{"Article":[],"Course":[],"Dataset":[],"FAQPage":[],"Movie":[],"Person":[],"Product":[],"ProductReview":[],"Car":[],"Recipe":[],"Service":[],"SoftwareApplication":[],"WebPage":[]},"graphName":"","isEnabled":true},"graphs":[],"defaultGraph":"","defaultPostTypeGraph":""},"schema_type":null,"schema_type_options":null,"pillar_content":false,"robots_default":true,"robots_noindex":false,"robots_noarchive":false,"robots_nosnippet":false,"robots_nofollow":false,"robots_noimageindex":false,"robots_noodp":false,"robots_notranslate":false,"robots_max_snippet":null,"robots_max_videopreview":null,"robots_max_imagepreview":"large","priority":null,"frequency":null,"location":null,"local_seo":null,"seo_analyzer_scan_date":"2025-09-25 08:15:15","breadcrumb_settings":null,"limit_modified_date":false,"open_ai":null,"ai":null,"created":"2021-03-08 21:53:17","updated":"2025-09-25 08:15:15"},"aioseo_breadcrumb":"<div class=\"aioseo-breadcrumbs\"><span class=\"aioseo-breadcrumb\">\n\t<a href=\"https:\/\/eldigitaldeasturias.com\/magazine365\" title=\"Home\">Home<\/a>\n<\/span><span class=\"aioseo-breadcrumb-separator\">\u2013<\/span><span class=\"aioseo-breadcrumb\">\n\t<a href=\"https:\/\/eldigitaldeasturias.com\/magazine365\/category\/noticias-actualidad\/\" title=\"Noticias y Actualidad\">Noticias y Actualidad<\/a>\n<\/span><span class=\"aioseo-breadcrumb-separator\">\u2013<\/span><span class=\"aioseo-breadcrumb\">\n\t<a href=\"https:\/\/eldigitaldeasturias.com\/magazine365\/ayuntamiento-de-madrid-aumentara-la-policia-del-turismo-ahora-sin-unidad\/\" title=\"Ayuntamiento de Madrid \u00abaumentar\u00e1 la polic\u00eda del turismo\u00bb, ahora sin unidad\">Ayuntamiento de Madrid \u00abaumentar\u00e1 la polic\u00eda del turismo\u00bb, ahora sin unidad<\/a>\n<\/span><\/div>","aioseo_breadcrumb_json":[{"label":"Home","link":"https:\/\/eldigitaldeasturias.com\/magazine365"},{"label":"Noticias y Actualidad","link":"https:\/\/eldigitaldeasturias.com\/magazine365\/category\/noticias-actualidad\/"},{"label":"Ayuntamiento de Madrid \u00abaumentar\u00e1 la polic\u00eda del turismo\u00bb, ahora sin unidad","link":"https:\/\/eldigitaldeasturias.com\/magazine365\/ayuntamiento-de-madrid-aumentara-la-policia-del-turismo-ahora-sin-unidad\/"}],"_links":{"self":[{"href":"https:\/\/eldigitaldeasturias.com\/magazine365\/wp-json\/wp\/v2\/posts\/61112","targetHints":{"allow":["GET"]}}],"collection":[{"href":"https:\/\/eldigitaldeasturias.com\/magazine365\/wp-json\/wp\/v2\/posts"}],"about":[{"href":"https:\/\/eldigitaldeasturias.com\/magazine365\/wp-json\/wp\/v2\/types\/post"}],"author":[{"embeddable":true,"href":"https:\/\/eldigitaldeasturias.com\/magazine365\/wp-json\/wp\/v2\/users\/1"}],"replies":[{"embeddable":true,"href":"https:\/\/eldigitaldeasturias.com\/magazine365\/wp-json\/wp\/v2\/comments?post=61112"}],"version-history":[{"count":0,"href":"https:\/\/eldigitaldeasturias.com\/magazine365\/wp-json\/wp\/v2\/posts\/61112\/revisions"}],"wp:featuredmedia":[{"embeddable":true,"href":"https:\/\/eldigitaldeasturias.com\/magazine365\/wp-json\/wp\/v2\/media\/40137"}],"wp:attachment":[{"href":"https:\/\/eldigitaldeasturias.com\/magazine365\/wp-json\/wp\/v2\/media?parent=61112"}],"wp:term":[{"taxonomy":"category","embeddable":true,"href":"https:\/\/eldigitaldeasturias.com\/magazine365\/wp-json\/wp\/v2\/categories?post=61112"},{"taxonomy":"post_tag","embeddable":true,"href":"https:\/\/eldigitaldeasturias.com\/magazine365\/wp-json\/wp\/v2\/tags?post=61112"}],"curies":[{"name":"wp","href":"https:\/\/api.w.org\/{rel}","templated":true}]}}