{"id":61097,"date":"2016-01-20T19:44:03","date_gmt":"2016-01-20T18:44:03","guid":{"rendered":"http:\/\/eldigitaldeasturias.com\/magazine365\/?p=61097"},"modified":"2016-01-20T19:44:03","modified_gmt":"2016-01-20T18:44:03","slug":"caminito-del-rey-cerrara-su-primer-ano-con-300-000-visitantes-y-rajoy-preve-hacerlo-proximamente","status":"publish","type":"post","link":"https:\/\/eldigitaldeasturias.com\/magazine365\/caminito-del-rey-cerrara-su-primer-ano-con-300-000-visitantes-y-rajoy-preve-hacerlo-proximamente\/","title":{"rendered":"Caminito del Rey cerrar\u00e1 su primer a\u00f1o con 300.000 visitantes y Rajoy prev\u00e9 hacerlo pr\u00f3ximamente"},"content":{"rendered":"<p><img fetchpriority=\"high\" decoding=\"async\" class=\"alignleft size-medium wp-image-61098\" src=\"https:\/\/eldigitaldeasturias.com\/magazine365\/wp-content\/uploads\/2016\/01\/fotonoticia_20160119124025_800-360x240.jpg\" alt=\"fotonoticia_20160119124025_800\" width=\"360\" height=\"240\" srcset=\"https:\/\/eldigitaldeasturias.com\/magazine365\/wp-content\/uploads\/2016\/01\/fotonoticia_20160119124025_800-360x240.jpg 360w, https:\/\/eldigitaldeasturias.com\/magazine365\/wp-content\/uploads\/2016\/01\/fotonoticia_20160119124025_800-650x433.jpg 650w, https:\/\/eldigitaldeasturias.com\/magazine365\/wp-content\/uploads\/2016\/01\/fotonoticia_20160119124025_800-768x512.jpg 768w, https:\/\/eldigitaldeasturias.com\/magazine365\/wp-content\/uploads\/2016\/01\/fotonoticia_20160119124025_800-150x100.jpg 150w, https:\/\/eldigitaldeasturias.com\/magazine365\/wp-content\/uploads\/2016\/01\/fotonoticia_20160119124025_800-450x300.jpg 450w, https:\/\/eldigitaldeasturias.com\/magazine365\/wp-content\/uploads\/2016\/01\/fotonoticia_20160119124025_800-696x464.jpg 696w, https:\/\/eldigitaldeasturias.com\/magazine365\/wp-content\/uploads\/2016\/01\/fotonoticia_20160119124025_800-630x420.jpg 630w, https:\/\/eldigitaldeasturias.com\/magazine365\/wp-content\/uploads\/2016\/01\/fotonoticia_20160119124025_800-101x66.jpg 101w, https:\/\/eldigitaldeasturias.com\/magazine365\/wp-content\/uploads\/2016\/01\/fotonoticia_20160119124025_800.jpg 800w\" sizes=\"(max-width: 360px) 100vw, 360px\" \/>El presidente del Gobierno, Mariano Rajoy, y el ministro de Industria, Energ\u00eda y Turismo, Jos\u00e9 Manuel Soria, ambos en funciones, han entregado este martes al presidente de la Diputaci\u00f3n de M\u00e1laga, El\u00edas Bendodo, la Plaza al M\u00e9rito Tur\u00edstico en Destinos Emergentes concedida a El Caminito del Rey que, como ha explicado este \u00faltimo, cumple a finales de marzo un a\u00f1o de apertura y lo har\u00e1 tras haber recibido 300.000 visitantes. En la entrega de la placa, Rajoy ha recordado que \u00abse hace camino al andar\u00bb y que, como aficionado al senderismo que es, piensa visitar el camino que recorre el Desfiladero de los Gaitanes pr\u00f3ximamente.<\/p>\n<p>En declaraciones a los periodistas tras recoger la placa, Bendodo ha mostrado su \u00absatisfacci\u00f3n\u00bb por este reconocimiento y ha ensalzado que la inversi\u00f3n de 2,7 millones de euros realizada para la rehabilitaci\u00f3n del sendero est\u00e1 \u00abtotalmente rentabilizada\u00bb, adem\u00e1s de que el impacto econ\u00f3mico ha superado las previsiones de la Diputaci\u00f3n, que calcula un impacto por encima de los 40 millones de euros.<\/p>\n<p>El responsable de la instituci\u00f3n provincial ha indicado que el 70 por ciento de los visitantes son espa\u00f1oles y el 30 restantes, extranjeros y que El Caminito del Rey est\u00e1 presente en todos los foros vinculados al turismo activo y de naturaleza. Al respecto, ha detallado que los datos apuntan a que \u00abestamos ante una nueva marca, la marca Caminito del Rey, que se une a la de Costa del Sol\u00bb con la que la provincia pueda ofrecer una oferta completa.<\/p>\n<p>En esa misma l\u00ednea, ha dicho que en torno a esa marca, hay \u00abmuchas posibilidades de crecer\u00bb de modo que en el entorno \u00abhan proliferado restaurantes y hoteles\u00bb y que el recuperado desfiladero se ha convertido en un \u00abrevulsivo para la zona, que sigue siendo muy atractiva de sol, playa y golf y que ha recibido 10,6 millones de visitantes el a\u00f1o pasado, y que supone la guinda perfecta\u00bb a la oferta de la provincia.<\/p>\n<p>RAJOY HAR\u00c1 \u00abUN HUECO\u00bb PARA CONOCERLO.<\/p>\n<p>Por otra parte, Bendodo ha confirmado que, en privado, Rajoy le ha manifestado que tiene intenci\u00f3n de acudir a M\u00e1laga \u00abpr\u00f3ximamente\u00bb y que dentro de la \u00abagenda institucional\u00bb que mantendr\u00e1 le ha pedido al presidente de la Diputaci\u00f3n que busque \u00abun hueco\u00bb para poder conocer El Caminito del Rey.<\/p>\n<p>El dirigente provincial ha saludado el gesto de Rajoy, que es \u00abun gran andador y al que le gusta deporte\u00bb y ha previsto que los 7,5 kil\u00f3metros de \u00abparajes espectaculares\u00bb que ofrece la ruta, y que es \u00ab\u00fanica en el mundo al estar enclavada en el borde de la monta\u00f1a a m\u00e1s de cien metros e altura\u00bb, gustar\u00e1n al presidente en funciones.<\/p>\n<p>Junto a la placa a El Caminito del Rey, Rajoy ha entregado este martes a Siam Park la Placa a la Colaboraci\u00f3n P\u00fablico-Privada para la Modernizaci\u00f3n de Destinos Maduros por enriquecer el atractivo tur\u00edstico de las Islas Canarias y demostrar que las instalaciones tur\u00edsticas pueden mejorar la competitividad de un destino; y las cinco Medallas al M\u00e9rito Tur\u00edstico 2015, que han sido otorgadas al cocinero Jos\u00e9 Andr\u00e9s; al fundador y consejero delegado de minube.com, Ra\u00fal Jim\u00e9nez; al presidente de Vincci Hoteles, Rufino Calero Cuevas; al exconsejero delegado de TUI Alemania, Cristian Clemens, y al presidente del Grupo de Empresas Mart\u00edn Lorca, Jos\u00e9 Luis Mart\u00f3n.<\/p>\n<p>Con la concesi\u00f3n de las distinciones, se reconoce a aquellas personas e instituciones, nacionales o extranjeras, que hayan prestado servicios relevantes en la innovaci\u00f3n, promoci\u00f3n o internacionalizaci\u00f3n del turismo espa\u00f1ol.<\/p>\n","protected":false},"excerpt":{"rendered":"<p>El presidente del Gobierno, Mariano Rajoy, y el ministro de Industria, Energ\u00eda y Turismo, Jos\u00e9 Manuel Soria, ambos en funciones, han entregado este martes al presidente de la Diputaci\u00f3n de M\u00e1laga, El\u00edas Bendodo, la Plaza al M\u00e9rito Tur\u00edstico en Destinos Emergentes concedida a El Caminito del Rey que, como ha explicado este \u00faltimo, cumple a<\/p>\n","protected":false},"author":1,"featured_media":61098,"comment_status":"open","ping_status":"closed","sticky":false,"template":"","format":"standard","meta":{"footnotes":""},"categories":[224],"tags":[],"class_list":{"0":"post-61097","1":"post","2":"type-post","3":"status-publish","4":"format-standard","5":"has-post-thumbnail","7":"category-noticias-actualidad"},"aioseo_notices":[],"aioseo_head":"\n\t\t<!-- All in One SEO Pro 4.9.6.1 - aioseo.com -->\n\t<meta name=\"description\" content=\"El presidente del Gobierno, Mariano Rajoy, y el ministro de Industria, Energ\u00eda y Turismo, Jos\u00e9 Manuel Soria, ambos en funciones, han entregado este martes al presidente de la Diputaci\u00f3n de M\u00e1laga, El\u00edas Bendodo, la Plaza al M\u00e9rito Tur\u00edstico en Destinos Emergentes concedida a El Caminito del Rey que, como ha explicado este \u00faltimo, cumple a\" \/>\n\t<meta name=\"robots\" content=\"max-image-preview:large\" \/>\n\t<meta name=\"author\" content=\"admin\"\/>\n\t<meta name=\"google-site-verification\" content=\"UA-38556648-1\" \/>\n\t<meta name=\"keywords\" content=\"noticias y actualidad\" \/>\n\t<link rel=\"canonical\" href=\"https:\/\/eldigitaldeasturias.com\/magazine365\/caminito-del-rey-cerrara-su-primer-ano-con-300-000-visitantes-y-rajoy-preve-hacerlo-proximamente\/\" \/>\n\t<meta name=\"generator\" content=\"All in One SEO Pro (AIOSEO) 4.9.6.1\" \/>\n\t\t<meta property=\"og:locale\" content=\"es_ES\" \/>\n\t\t<meta property=\"og:site_name\" content=\"El Digital de Asturias \u2013 Revista de ocio, turismo y estilo de vida\" \/>\n\t\t<meta property=\"og:type\" content=\"article\" \/>\n\t\t<meta property=\"og:title\" content=\"Caminito del Rey cerrar\u00e1 su primer a\u00f1o con 300.000 visitantes y Rajoy prev\u00e9 hacerlo pr\u00f3ximamente | El Digital de Asturias\" \/>\n\t\t<meta property=\"og:description\" content=\"El presidente del Gobierno, Mariano Rajoy, y el ministro de Industria, Energ\u00eda y Turismo, Jos\u00e9 Manuel Soria, ambos en funciones, han entregado este martes al presidente de la Diputaci\u00f3n de M\u00e1laga, El\u00edas Bendodo, la Plaza al M\u00e9rito Tur\u00edstico en Destinos Emergentes concedida a El Caminito del Rey que, como ha explicado este \u00faltimo, cumple a\" \/>\n\t\t<meta property=\"og:url\" content=\"https:\/\/eldigitaldeasturias.com\/magazine365\/caminito-del-rey-cerrara-su-primer-ano-con-300-000-visitantes-y-rajoy-preve-hacerlo-proximamente\/\" \/>\n\t\t<meta property=\"og:image\" content=\"https:\/\/eldigitaldeasturias.com\/magazine365\/wp-content\/uploads\/2016\/01\/fotonoticia_20160119124025_800.jpg\" \/>\n\t\t<meta property=\"og:image:secure_url\" content=\"https:\/\/eldigitaldeasturias.com\/magazine365\/wp-content\/uploads\/2016\/01\/fotonoticia_20160119124025_800.jpg\" \/>\n\t\t<meta property=\"og:image:width\" content=\"800\" \/>\n\t\t<meta property=\"og:image:height\" content=\"533\" \/>\n\t\t<meta property=\"article:published_time\" content=\"2016-01-20T18:44:03+00:00\" \/>\n\t\t<meta property=\"article:modified_time\" content=\"2016-01-20T18:44:03+00:00\" \/>\n\t\t<meta name=\"twitter:card\" content=\"summary_large_image\" \/>\n\t\t<meta name=\"twitter:title\" content=\"Caminito del Rey cerrar\u00e1 su primer a\u00f1o con 300.000 visitantes y Rajoy prev\u00e9 hacerlo pr\u00f3ximamente | El Digital de Asturias\" \/>\n\t\t<meta name=\"twitter:description\" content=\"El presidente del Gobierno, Mariano Rajoy, y el ministro de Industria, Energ\u00eda y Turismo, Jos\u00e9 Manuel Soria, ambos en funciones, han entregado este martes al presidente de la Diputaci\u00f3n de M\u00e1laga, El\u00edas Bendodo, la Plaza al M\u00e9rito Tur\u00edstico en Destinos Emergentes concedida a El Caminito del Rey que, como ha explicado este \u00faltimo, cumple a\" \/>\n\t\t<meta name=\"twitter:image\" content=\"https:\/\/eldigitaldeasturias.com\/magazine365\/wp-content\/uploads\/2016\/01\/fotonoticia_20160119124025_800.jpg\" \/>\n\t\t<script type=\"application\/ld+json\" class=\"aioseo-schema\">\n\t\t\t{\"@context\":\"https:\\\/\\\/schema.org\",\"@graph\":[{\"@type\":\"Article\",\"@id\":\"https:\\\/\\\/eldigitaldeasturias.com\\\/magazine365\\\/caminito-del-rey-cerrara-su-primer-ano-con-300-000-visitantes-y-rajoy-preve-hacerlo-proximamente\\\/#article\",\"name\":\"Caminito del Rey cerrar\\u00e1 su primer a\\u00f1o con 300.000 visitantes y Rajoy prev\\u00e9 hacerlo pr\\u00f3ximamente | El Digital de Asturias\",\"headline\":\"Caminito del Rey cerrar\\u00e1 su primer a\\u00f1o con 300.000 visitantes y Rajoy prev\\u00e9 hacerlo pr\\u00f3ximamente\",\"author\":{\"@id\":\"https:\\\/\\\/eldigitaldeasturias.com\\\/magazine365\\\/author\\\/admin\\\/#author\"},\"publisher\":{\"@id\":\"https:\\\/\\\/eldigitaldeasturias.com\\\/magazine365\\\/#organization\"},\"image\":{\"@type\":\"ImageObject\",\"url\":\"https:\\\/\\\/eldigitaldeasturias.com\\\/magazine365\\\/wp-content\\\/uploads\\\/2016\\\/01\\\/fotonoticia_20160119124025_800.jpg\",\"width\":800,\"height\":533},\"datePublished\":\"2016-01-20T19:44:03+01:00\",\"dateModified\":\"2016-01-20T19:44:03+01:00\",\"inLanguage\":\"es-ES\",\"mainEntityOfPage\":{\"@id\":\"https:\\\/\\\/eldigitaldeasturias.com\\\/magazine365\\\/caminito-del-rey-cerrara-su-primer-ano-con-300-000-visitantes-y-rajoy-preve-hacerlo-proximamente\\\/#webpage\"},\"isPartOf\":{\"@id\":\"https:\\\/\\\/eldigitaldeasturias.com\\\/magazine365\\\/caminito-del-rey-cerrara-su-primer-ano-con-300-000-visitantes-y-rajoy-preve-hacerlo-proximamente\\\/#webpage\"},\"articleSection\":\"Noticias y Actualidad\"},{\"@type\":\"BreadcrumbList\",\"@id\":\"https:\\\/\\\/eldigitaldeasturias.com\\\/magazine365\\\/caminito-del-rey-cerrara-su-primer-ano-con-300-000-visitantes-y-rajoy-preve-hacerlo-proximamente\\\/#breadcrumblist\",\"itemListElement\":[{\"@type\":\"ListItem\",\"@id\":\"https:\\\/\\\/eldigitaldeasturias.com\\\/magazine365#listItem\",\"position\":1,\"name\":\"Home\",\"item\":\"https:\\\/\\\/eldigitaldeasturias.com\\\/magazine365\",\"nextItem\":{\"@type\":\"ListItem\",\"@id\":\"https:\\\/\\\/eldigitaldeasturias.com\\\/magazine365\\\/category\\\/noticias-actualidad\\\/#listItem\",\"name\":\"Noticias y Actualidad\"}},{\"@type\":\"ListItem\",\"@id\":\"https:\\\/\\\/eldigitaldeasturias.com\\\/magazine365\\\/category\\\/noticias-actualidad\\\/#listItem\",\"position\":2,\"name\":\"Noticias y Actualidad\",\"item\":\"https:\\\/\\\/eldigitaldeasturias.com\\\/magazine365\\\/category\\\/noticias-actualidad\\\/\",\"nextItem\":{\"@type\":\"ListItem\",\"@id\":\"https:\\\/\\\/eldigitaldeasturias.com\\\/magazine365\\\/caminito-del-rey-cerrara-su-primer-ano-con-300-000-visitantes-y-rajoy-preve-hacerlo-proximamente\\\/#listItem\",\"name\":\"Caminito del Rey cerrar\\u00e1 su primer a\\u00f1o con 300.000 visitantes y Rajoy prev\\u00e9 hacerlo pr\\u00f3ximamente\"},\"previousItem\":{\"@type\":\"ListItem\",\"@id\":\"https:\\\/\\\/eldigitaldeasturias.com\\\/magazine365#listItem\",\"name\":\"Home\"}},{\"@type\":\"ListItem\",\"@id\":\"https:\\\/\\\/eldigitaldeasturias.com\\\/magazine365\\\/caminito-del-rey-cerrara-su-primer-ano-con-300-000-visitantes-y-rajoy-preve-hacerlo-proximamente\\\/#listItem\",\"position\":3,\"name\":\"Caminito del Rey cerrar\\u00e1 su primer a\\u00f1o con 300.000 visitantes y Rajoy prev\\u00e9 hacerlo pr\\u00f3ximamente\",\"previousItem\":{\"@type\":\"ListItem\",\"@id\":\"https:\\\/\\\/eldigitaldeasturias.com\\\/magazine365\\\/category\\\/noticias-actualidad\\\/#listItem\",\"name\":\"Noticias y Actualidad\"}}]},{\"@type\":\"Organization\",\"@id\":\"https:\\\/\\\/eldigitaldeasturias.com\\\/magazine365\\\/#organization\",\"name\":\"El digital de Asturias\",\"description\":\"Revista de ocio, turismo y estilo de vida\",\"url\":\"https:\\\/\\\/eldigitaldeasturias.com\\\/magazine365\\\/\",\"logo\":{\"@type\":\"ImageObject\",\"url\":\"https:\\\/\\\/www.eldigitaldeasturias.com\\\/noticias\\\/wp-content\\\/uploads\\\/2020\\\/12\\\/EDA.jpg\",\"@id\":\"https:\\\/\\\/eldigitaldeasturias.com\\\/magazine365\\\/caminito-del-rey-cerrara-su-primer-ano-con-300-000-visitantes-y-rajoy-preve-hacerlo-proximamente\\\/#organizationLogo\"},\"image\":{\"@id\":\"https:\\\/\\\/eldigitaldeasturias.com\\\/magazine365\\\/caminito-del-rey-cerrara-su-primer-ano-con-300-000-visitantes-y-rajoy-preve-hacerlo-proximamente\\\/#organizationLogo\"}},{\"@type\":\"Person\",\"@id\":\"https:\\\/\\\/eldigitaldeasturias.com\\\/magazine365\\\/author\\\/admin\\\/#author\",\"url\":\"https:\\\/\\\/eldigitaldeasturias.com\\\/magazine365\\\/author\\\/admin\\\/\",\"name\":\"admin\",\"image\":{\"@type\":\"ImageObject\",\"@id\":\"https:\\\/\\\/eldigitaldeasturias.com\\\/magazine365\\\/caminito-del-rey-cerrara-su-primer-ano-con-300-000-visitantes-y-rajoy-preve-hacerlo-proximamente\\\/#authorImage\",\"url\":\"https:\\\/\\\/eldigitaldeasturias.com\\\/magazine365\\\/wp-content\\\/litespeed\\\/avatar\\\/e571bcf59a0edd6fa6838245a470f2fe.jpg?ver=1776969259\",\"width\":96,\"height\":96,\"caption\":\"admin\"}},{\"@type\":\"WebPage\",\"@id\":\"https:\\\/\\\/eldigitaldeasturias.com\\\/magazine365\\\/caminito-del-rey-cerrara-su-primer-ano-con-300-000-visitantes-y-rajoy-preve-hacerlo-proximamente\\\/#webpage\",\"url\":\"https:\\\/\\\/eldigitaldeasturias.com\\\/magazine365\\\/caminito-del-rey-cerrara-su-primer-ano-con-300-000-visitantes-y-rajoy-preve-hacerlo-proximamente\\\/\",\"name\":\"Caminito del Rey cerrar\\u00e1 su primer a\\u00f1o con 300.000 visitantes y Rajoy prev\\u00e9 hacerlo pr\\u00f3ximamente | El Digital de Asturias\",\"description\":\"El presidente del Gobierno, Mariano Rajoy, y el ministro de Industria, Energ\\u00eda y Turismo, Jos\\u00e9 Manuel Soria, ambos en funciones, han entregado este martes al presidente de la Diputaci\\u00f3n de M\\u00e1laga, El\\u00edas Bendodo, la Plaza al M\\u00e9rito Tur\\u00edstico en Destinos Emergentes concedida a El Caminito del Rey que, como ha explicado este \\u00faltimo, cumple a\",\"inLanguage\":\"es-ES\",\"isPartOf\":{\"@id\":\"https:\\\/\\\/eldigitaldeasturias.com\\\/magazine365\\\/#website\"},\"breadcrumb\":{\"@id\":\"https:\\\/\\\/eldigitaldeasturias.com\\\/magazine365\\\/caminito-del-rey-cerrara-su-primer-ano-con-300-000-visitantes-y-rajoy-preve-hacerlo-proximamente\\\/#breadcrumblist\"},\"author\":{\"@id\":\"https:\\\/\\\/eldigitaldeasturias.com\\\/magazine365\\\/author\\\/admin\\\/#author\"},\"creator\":{\"@id\":\"https:\\\/\\\/eldigitaldeasturias.com\\\/magazine365\\\/author\\\/admin\\\/#author\"},\"image\":{\"@type\":\"ImageObject\",\"url\":\"https:\\\/\\\/eldigitaldeasturias.com\\\/magazine365\\\/wp-content\\\/uploads\\\/2016\\\/01\\\/fotonoticia_20160119124025_800.jpg\",\"@id\":\"https:\\\/\\\/eldigitaldeasturias.com\\\/magazine365\\\/caminito-del-rey-cerrara-su-primer-ano-con-300-000-visitantes-y-rajoy-preve-hacerlo-proximamente\\\/#mainImage\",\"width\":800,\"height\":533},\"primaryImageOfPage\":{\"@id\":\"https:\\\/\\\/eldigitaldeasturias.com\\\/magazine365\\\/caminito-del-rey-cerrara-su-primer-ano-con-300-000-visitantes-y-rajoy-preve-hacerlo-proximamente\\\/#mainImage\"},\"datePublished\":\"2016-01-20T19:44:03+01:00\",\"dateModified\":\"2016-01-20T19:44:03+01:00\"},{\"@type\":\"WebSite\",\"@id\":\"https:\\\/\\\/eldigitaldeasturias.com\\\/magazine365\\\/#website\",\"url\":\"https:\\\/\\\/eldigitaldeasturias.com\\\/magazine365\\\/\",\"name\":\"El Digital de Asturias\",\"description\":\"Revista de ocio, turismo y estilo de vida\",\"inLanguage\":\"es-ES\",\"publisher\":{\"@id\":\"https:\\\/\\\/eldigitaldeasturias.com\\\/magazine365\\\/#organization\"}}]}\n\t\t<\/script>\n\t\t<!-- All in One SEO Pro -->\r\n\t\t<title>Caminito del Rey cerrar\u00e1 su primer a\u00f1o con 300.000 visitantes y Rajoy prev\u00e9 hacerlo pr\u00f3ximamente | El Digital de Asturias<\/title>\n\n","aioseo_head_json":{"title":"Caminito del Rey cerrar\u00e1 su primer a\u00f1o con 300.000 visitantes y Rajoy prev\u00e9 hacerlo pr\u00f3ximamente | El Digital de Asturias","description":"El presidente del Gobierno, Mariano Rajoy, y el ministro de Industria, Energ\u00eda y Turismo, Jos\u00e9 Manuel Soria, ambos en funciones, han entregado este martes al presidente de la Diputaci\u00f3n de M\u00e1laga, El\u00edas Bendodo, la Plaza al M\u00e9rito Tur\u00edstico en Destinos Emergentes concedida a El Caminito del Rey que, como ha explicado este \u00faltimo, cumple a","canonical_url":"https:\/\/eldigitaldeasturias.com\/magazine365\/caminito-del-rey-cerrara-su-primer-ano-con-300-000-visitantes-y-rajoy-preve-hacerlo-proximamente\/","robots":"max-image-preview:large","keywords":"noticias y actualidad","webmasterTools":{"google-site-verification":"UA-38556648-1","miscellaneous":""},"schema":{"@context":"https:\/\/schema.org","@graph":[{"@type":"Article","@id":"https:\/\/eldigitaldeasturias.com\/magazine365\/caminito-del-rey-cerrara-su-primer-ano-con-300-000-visitantes-y-rajoy-preve-hacerlo-proximamente\/#article","name":"Caminito del Rey cerrar\u00e1 su primer a\u00f1o con 300.000 visitantes y Rajoy prev\u00e9 hacerlo pr\u00f3ximamente | El Digital de Asturias","headline":"Caminito del Rey cerrar\u00e1 su primer a\u00f1o con 300.000 visitantes y Rajoy prev\u00e9 hacerlo pr\u00f3ximamente","author":{"@id":"https:\/\/eldigitaldeasturias.com\/magazine365\/author\/admin\/#author"},"publisher":{"@id":"https:\/\/eldigitaldeasturias.com\/magazine365\/#organization"},"image":{"@type":"ImageObject","url":"https:\/\/eldigitaldeasturias.com\/magazine365\/wp-content\/uploads\/2016\/01\/fotonoticia_20160119124025_800.jpg","width":800,"height":533},"datePublished":"2016-01-20T19:44:03+01:00","dateModified":"2016-01-20T19:44:03+01:00","inLanguage":"es-ES","mainEntityOfPage":{"@id":"https:\/\/eldigitaldeasturias.com\/magazine365\/caminito-del-rey-cerrara-su-primer-ano-con-300-000-visitantes-y-rajoy-preve-hacerlo-proximamente\/#webpage"},"isPartOf":{"@id":"https:\/\/eldigitaldeasturias.com\/magazine365\/caminito-del-rey-cerrara-su-primer-ano-con-300-000-visitantes-y-rajoy-preve-hacerlo-proximamente\/#webpage"},"articleSection":"Noticias y Actualidad"},{"@type":"BreadcrumbList","@id":"https:\/\/eldigitaldeasturias.com\/magazine365\/caminito-del-rey-cerrara-su-primer-ano-con-300-000-visitantes-y-rajoy-preve-hacerlo-proximamente\/#breadcrumblist","itemListElement":[{"@type":"ListItem","@id":"https:\/\/eldigitaldeasturias.com\/magazine365#listItem","position":1,"name":"Home","item":"https:\/\/eldigitaldeasturias.com\/magazine365","nextItem":{"@type":"ListItem","@id":"https:\/\/eldigitaldeasturias.com\/magazine365\/category\/noticias-actualidad\/#listItem","name":"Noticias y Actualidad"}},{"@type":"ListItem","@id":"https:\/\/eldigitaldeasturias.com\/magazine365\/category\/noticias-actualidad\/#listItem","position":2,"name":"Noticias y Actualidad","item":"https:\/\/eldigitaldeasturias.com\/magazine365\/category\/noticias-actualidad\/","nextItem":{"@type":"ListItem","@id":"https:\/\/eldigitaldeasturias.com\/magazine365\/caminito-del-rey-cerrara-su-primer-ano-con-300-000-visitantes-y-rajoy-preve-hacerlo-proximamente\/#listItem","name":"Caminito del Rey cerrar\u00e1 su primer a\u00f1o con 300.000 visitantes y Rajoy prev\u00e9 hacerlo pr\u00f3ximamente"},"previousItem":{"@type":"ListItem","@id":"https:\/\/eldigitaldeasturias.com\/magazine365#listItem","name":"Home"}},{"@type":"ListItem","@id":"https:\/\/eldigitaldeasturias.com\/magazine365\/caminito-del-rey-cerrara-su-primer-ano-con-300-000-visitantes-y-rajoy-preve-hacerlo-proximamente\/#listItem","position":3,"name":"Caminito del Rey cerrar\u00e1 su primer a\u00f1o con 300.000 visitantes y Rajoy prev\u00e9 hacerlo pr\u00f3ximamente","previousItem":{"@type":"ListItem","@id":"https:\/\/eldigitaldeasturias.com\/magazine365\/category\/noticias-actualidad\/#listItem","name":"Noticias y Actualidad"}}]},{"@type":"Organization","@id":"https:\/\/eldigitaldeasturias.com\/magazine365\/#organization","name":"El digital de Asturias","description":"Revista de ocio, turismo y estilo de vida","url":"https:\/\/eldigitaldeasturias.com\/magazine365\/","logo":{"@type":"ImageObject","url":"https:\/\/www.eldigitaldeasturias.com\/noticias\/wp-content\/uploads\/2020\/12\/EDA.jpg","@id":"https:\/\/eldigitaldeasturias.com\/magazine365\/caminito-del-rey-cerrara-su-primer-ano-con-300-000-visitantes-y-rajoy-preve-hacerlo-proximamente\/#organizationLogo"},"image":{"@id":"https:\/\/eldigitaldeasturias.com\/magazine365\/caminito-del-rey-cerrara-su-primer-ano-con-300-000-visitantes-y-rajoy-preve-hacerlo-proximamente\/#organizationLogo"}},{"@type":"Person","@id":"https:\/\/eldigitaldeasturias.com\/magazine365\/author\/admin\/#author","url":"https:\/\/eldigitaldeasturias.com\/magazine365\/author\/admin\/","name":"admin","image":{"@type":"ImageObject","@id":"https:\/\/eldigitaldeasturias.com\/magazine365\/caminito-del-rey-cerrara-su-primer-ano-con-300-000-visitantes-y-rajoy-preve-hacerlo-proximamente\/#authorImage","url":"https:\/\/eldigitaldeasturias.com\/magazine365\/wp-content\/litespeed\/avatar\/e571bcf59a0edd6fa6838245a470f2fe.jpg?ver=1776969259","width":96,"height":96,"caption":"admin"}},{"@type":"WebPage","@id":"https:\/\/eldigitaldeasturias.com\/magazine365\/caminito-del-rey-cerrara-su-primer-ano-con-300-000-visitantes-y-rajoy-preve-hacerlo-proximamente\/#webpage","url":"https:\/\/eldigitaldeasturias.com\/magazine365\/caminito-del-rey-cerrara-su-primer-ano-con-300-000-visitantes-y-rajoy-preve-hacerlo-proximamente\/","name":"Caminito del Rey cerrar\u00e1 su primer a\u00f1o con 300.000 visitantes y Rajoy prev\u00e9 hacerlo pr\u00f3ximamente | El Digital de Asturias","description":"El presidente del Gobierno, Mariano Rajoy, y el ministro de Industria, Energ\u00eda y Turismo, Jos\u00e9 Manuel Soria, ambos en funciones, han entregado este martes al presidente de la Diputaci\u00f3n de M\u00e1laga, El\u00edas Bendodo, la Plaza al M\u00e9rito Tur\u00edstico en Destinos Emergentes concedida a El Caminito del Rey que, como ha explicado este \u00faltimo, cumple a","inLanguage":"es-ES","isPartOf":{"@id":"https:\/\/eldigitaldeasturias.com\/magazine365\/#website"},"breadcrumb":{"@id":"https:\/\/eldigitaldeasturias.com\/magazine365\/caminito-del-rey-cerrara-su-primer-ano-con-300-000-visitantes-y-rajoy-preve-hacerlo-proximamente\/#breadcrumblist"},"author":{"@id":"https:\/\/eldigitaldeasturias.com\/magazine365\/author\/admin\/#author"},"creator":{"@id":"https:\/\/eldigitaldeasturias.com\/magazine365\/author\/admin\/#author"},"image":{"@type":"ImageObject","url":"https:\/\/eldigitaldeasturias.com\/magazine365\/wp-content\/uploads\/2016\/01\/fotonoticia_20160119124025_800.jpg","@id":"https:\/\/eldigitaldeasturias.com\/magazine365\/caminito-del-rey-cerrara-su-primer-ano-con-300-000-visitantes-y-rajoy-preve-hacerlo-proximamente\/#mainImage","width":800,"height":533},"primaryImageOfPage":{"@id":"https:\/\/eldigitaldeasturias.com\/magazine365\/caminito-del-rey-cerrara-su-primer-ano-con-300-000-visitantes-y-rajoy-preve-hacerlo-proximamente\/#mainImage"},"datePublished":"2016-01-20T19:44:03+01:00","dateModified":"2016-01-20T19:44:03+01:00"},{"@type":"WebSite","@id":"https:\/\/eldigitaldeasturias.com\/magazine365\/#website","url":"https:\/\/eldigitaldeasturias.com\/magazine365\/","name":"El Digital de Asturias","description":"Revista de ocio, turismo y estilo de vida","inLanguage":"es-ES","publisher":{"@id":"https:\/\/eldigitaldeasturias.com\/magazine365\/#organization"}}]},"og:locale":"es_ES","og:site_name":"El Digital de Asturias \u2013 Revista de ocio, turismo y estilo de vida","og:type":"article","og:title":"Caminito del Rey cerrar\u00e1 su primer a\u00f1o con 300.000 visitantes y Rajoy prev\u00e9 hacerlo pr\u00f3ximamente | El Digital de Asturias","og:description":"El presidente del Gobierno, Mariano Rajoy, y el ministro de Industria, Energ\u00eda y Turismo, Jos\u00e9 Manuel Soria, ambos en funciones, han entregado este martes al presidente de la Diputaci\u00f3n de M\u00e1laga, El\u00edas Bendodo, la Plaza al M\u00e9rito Tur\u00edstico en Destinos Emergentes concedida a El Caminito del Rey que, como ha explicado este \u00faltimo, cumple a","og:url":"https:\/\/eldigitaldeasturias.com\/magazine365\/caminito-del-rey-cerrara-su-primer-ano-con-300-000-visitantes-y-rajoy-preve-hacerlo-proximamente\/","og:image":"https:\/\/eldigitaldeasturias.com\/magazine365\/wp-content\/uploads\/2016\/01\/fotonoticia_20160119124025_800.jpg","og:image:secure_url":"https:\/\/eldigitaldeasturias.com\/magazine365\/wp-content\/uploads\/2016\/01\/fotonoticia_20160119124025_800.jpg","og:image:width":800,"og:image:height":533,"article:published_time":"2016-01-20T18:44:03+00:00","article:modified_time":"2016-01-20T18:44:03+00:00","twitter:card":"summary_large_image","twitter:title":"Caminito del Rey cerrar\u00e1 su primer a\u00f1o con 300.000 visitantes y Rajoy prev\u00e9 hacerlo pr\u00f3ximamente | El Digital de Asturias","twitter:description":"El presidente del Gobierno, Mariano Rajoy, y el ministro de Industria, Energ\u00eda y Turismo, Jos\u00e9 Manuel Soria, ambos en funciones, han entregado este martes al presidente de la Diputaci\u00f3n de M\u00e1laga, El\u00edas Bendodo, la Plaza al M\u00e9rito Tur\u00edstico en Destinos Emergentes concedida a El Caminito del Rey que, como ha explicado este \u00faltimo, cumple a","twitter:image":"https:\/\/eldigitaldeasturias.com\/magazine365\/wp-content\/uploads\/2016\/01\/fotonoticia_20160119124025_800.jpg"},"aioseo_meta_data":{"post_id":"61097","title":null,"description":null,"keywords":null,"keyphrases":null,"primary_term":null,"canonical_url":null,"og_title":null,"og_description":null,"og_object_type":"default","og_image_type":"default","og_image_url":null,"og_image_width":null,"og_image_height":null,"og_image_custom_url":null,"og_image_custom_fields":null,"og_video":null,"og_custom_url":null,"og_article_section":null,"og_article_tags":null,"twitter_use_og":false,"twitter_card":"default","twitter_image_type":"default","twitter_image_url":null,"twitter_image_custom_url":null,"twitter_image_custom_fields":null,"twitter_title":null,"twitter_description":null,"schema":{"blockGraphs":[],"customGraphs":[],"default":{"data":{"Article":[],"Course":[],"Dataset":[],"FAQPage":[],"Movie":[],"Person":[],"Product":[],"ProductReview":[],"Car":[],"Recipe":[],"Service":[],"SoftwareApplication":[],"WebPage":[]},"graphName":"","isEnabled":true},"graphs":[]},"schema_type":null,"schema_type_options":null,"pillar_content":false,"robots_default":true,"robots_noindex":false,"robots_noarchive":false,"robots_nosnippet":false,"robots_nofollow":false,"robots_noimageindex":false,"robots_noodp":false,"robots_notranslate":false,"robots_max_snippet":null,"robots_max_videopreview":null,"robots_max_imagepreview":"large","priority":null,"frequency":null,"location":null,"local_seo":null,"seo_analyzer_scan_date":"2025-09-25 08:12:59","breadcrumb_settings":null,"limit_modified_date":false,"open_ai":null,"ai":null,"created":"2021-03-08 21:53:17","updated":"2025-09-25 08:12:59"},"aioseo_breadcrumb":"<div class=\"aioseo-breadcrumbs\"><span class=\"aioseo-breadcrumb\">\n\t<a href=\"https:\/\/eldigitaldeasturias.com\/magazine365\" title=\"Home\">Home<\/a>\n<\/span><span class=\"aioseo-breadcrumb-separator\">\u2013<\/span><span class=\"aioseo-breadcrumb\">\n\t<a href=\"https:\/\/eldigitaldeasturias.com\/magazine365\/category\/noticias-actualidad\/\" title=\"Noticias y Actualidad\">Noticias y Actualidad<\/a>\n<\/span><span class=\"aioseo-breadcrumb-separator\">\u2013<\/span><span class=\"aioseo-breadcrumb\">\n\t<a href=\"https:\/\/eldigitaldeasturias.com\/magazine365\/caminito-del-rey-cerrara-su-primer-ano-con-300-000-visitantes-y-rajoy-preve-hacerlo-proximamente\/\" title=\"Caminito del Rey cerrar\u00e1 su primer a\u00f1o con 300.000 visitantes y Rajoy prev\u00e9 hacerlo pr\u00f3ximamente\">Caminito del Rey cerrar\u00e1 su primer a\u00f1o con 300.000 visitantes y Rajoy prev\u00e9 hacerlo pr\u00f3ximamente<\/a>\n<\/span><\/div>","aioseo_breadcrumb_json":[{"label":"Home","link":"https:\/\/eldigitaldeasturias.com\/magazine365"},{"label":"Noticias y Actualidad","link":"https:\/\/eldigitaldeasturias.com\/magazine365\/category\/noticias-actualidad\/"},{"label":"Caminito del Rey cerrar\u00e1 su primer a\u00f1o con 300.000 visitantes y Rajoy prev\u00e9 hacerlo pr\u00f3ximamente","link":"https:\/\/eldigitaldeasturias.com\/magazine365\/caminito-del-rey-cerrara-su-primer-ano-con-300-000-visitantes-y-rajoy-preve-hacerlo-proximamente\/"}],"_links":{"self":[{"href":"https:\/\/eldigitaldeasturias.com\/magazine365\/wp-json\/wp\/v2\/posts\/61097","targetHints":{"allow":["GET"]}}],"collection":[{"href":"https:\/\/eldigitaldeasturias.com\/magazine365\/wp-json\/wp\/v2\/posts"}],"about":[{"href":"https:\/\/eldigitaldeasturias.com\/magazine365\/wp-json\/wp\/v2\/types\/post"}],"author":[{"embeddable":true,"href":"https:\/\/eldigitaldeasturias.com\/magazine365\/wp-json\/wp\/v2\/users\/1"}],"replies":[{"embeddable":true,"href":"https:\/\/eldigitaldeasturias.com\/magazine365\/wp-json\/wp\/v2\/comments?post=61097"}],"version-history":[{"count":0,"href":"https:\/\/eldigitaldeasturias.com\/magazine365\/wp-json\/wp\/v2\/posts\/61097\/revisions"}],"wp:featuredmedia":[{"embeddable":true,"href":"https:\/\/eldigitaldeasturias.com\/magazine365\/wp-json\/wp\/v2\/media\/61098"}],"wp:attachment":[{"href":"https:\/\/eldigitaldeasturias.com\/magazine365\/wp-json\/wp\/v2\/media?parent=61097"}],"wp:term":[{"taxonomy":"category","embeddable":true,"href":"https:\/\/eldigitaldeasturias.com\/magazine365\/wp-json\/wp\/v2\/categories?post=61097"},{"taxonomy":"post_tag","embeddable":true,"href":"https:\/\/eldigitaldeasturias.com\/magazine365\/wp-json\/wp\/v2\/tags?post=61097"}],"curies":[{"name":"wp","href":"https:\/\/api.w.org\/{rel}","templated":true}]}}