{"id":61092,"date":"2016-01-20T19:42:32","date_gmt":"2016-01-20T18:42:32","guid":{"rendered":"http:\/\/eldigitaldeasturias.com\/magazine365\/?p=61092"},"modified":"2016-01-20T19:42:32","modified_gmt":"2016-01-20T18:42:32","slug":"rajoy-se-felicita-de-que-espana-sea-el-unico-pais-del-mundo-que-mejora-sus-previsiones-segun-el-fmi","status":"publish","type":"post","link":"https:\/\/eldigitaldeasturias.com\/magazine365\/rajoy-se-felicita-de-que-espana-sea-el-unico-pais-del-mundo-que-mejora-sus-previsiones-segun-el-fmi\/","title":{"rendered":"Rajoy se felicita de que Espa\u00f1a sea el \u00ab\u00fanico\u00bb pa\u00eds del mundo que mejora sus previsiones, seg\u00fan el FMI"},"content":{"rendered":"<p><img fetchpriority=\"high\" decoding=\"async\" class=\"alignleft size-medium wp-image-61093\" src=\"https:\/\/eldigitaldeasturias.com\/magazine365\/wp-content\/uploads\/2016\/01\/fotonoticia_20160119123055_800-360x262.jpg\" alt=\"fotonoticia_20160119123055_800\" width=\"360\" height=\"262\" srcset=\"https:\/\/eldigitaldeasturias.com\/magazine365\/wp-content\/uploads\/2016\/01\/fotonoticia_20160119123055_800-360x262.jpg 360w, https:\/\/eldigitaldeasturias.com\/magazine365\/wp-content\/uploads\/2016\/01\/fotonoticia_20160119123055_800-650x473.jpg 650w, https:\/\/eldigitaldeasturias.com\/magazine365\/wp-content\/uploads\/2016\/01\/fotonoticia_20160119123055_800-768x559.jpg 768w, https:\/\/eldigitaldeasturias.com\/magazine365\/wp-content\/uploads\/2016\/01\/fotonoticia_20160119123055_800-150x109.jpg 150w, https:\/\/eldigitaldeasturias.com\/magazine365\/wp-content\/uploads\/2016\/01\/fotonoticia_20160119123055_800-450x327.jpg 450w, https:\/\/eldigitaldeasturias.com\/magazine365\/wp-content\/uploads\/2016\/01\/fotonoticia_20160119123055_800-324x235.jpg 324w, https:\/\/eldigitaldeasturias.com\/magazine365\/wp-content\/uploads\/2016\/01\/fotonoticia_20160119123055_800-696x506.jpg 696w, https:\/\/eldigitaldeasturias.com\/magazine365\/wp-content\/uploads\/2016\/01\/fotonoticia_20160119123055_800.jpg 800w, https:\/\/eldigitaldeasturias.com\/magazine365\/wp-content\/uploads\/2016\/01\/fotonoticia_20160119123055_800-577x420.jpg 577w, https:\/\/eldigitaldeasturias.com\/magazine365\/wp-content\/uploads\/2016\/01\/fotonoticia_20160119123055_800-90x67.jpg 90w\" sizes=\"(max-width: 360px) 100vw, 360px\" \/>El presidente del Gobierno, Mariano Rajoy, se ha felicitado este martes de que Espa\u00f1a sea, junto con Alemania, el \u00ab\u00fanico pa\u00eds del mundo que mejora sus previsiones\u00bb, de acuerdo con las estimaciones de invierno del Fondo Monetario Internacional (FMI), que ha elevado al alza el crecimiento de Espa\u00f1a tanto para 2016 como para 2017.<\/p>\n<p>Rajoy, que ha acudido a la inauguraci\u00f3n del 8\u00ba Foro de Liderazgo Tur\u00edstico de Exceltur previo a Fitur, indic\u00f3 que esta mejora es consecuencia del esfuerzo de los espa\u00f1oles, pero tambi\u00e9n prueba de que si se hacen \u00ablas cosas bien\u00bb, puede continuar el crecimiento en los pr\u00f3ximos cuatro a\u00f1os \u00aby seguir creando empleo, que es el gran objetivo nacional\u00bb.<\/p>\n<p>El FMI ha mejorado sus perspectivas para Espa\u00f1a por s\u00e9ptima vez en los \u00faltimos tres a\u00f1os, situando a la econom\u00eda espa\u00f1ola como la de mayor crecimiento entre las grandes econom\u00edas avanzadas en 2016, con una expansi\u00f3n del 2,7% en 2016, dos d\u00e9cimas m\u00e1s que en octubre, y del 2,3% en 2017, una d\u00e9cima por encima del anterior pron\u00f3stico, aunque ha advertido del impacto negativo derivado de la actual incertidumbre pol\u00edtica.<\/p>\n<p>\u00abEspa\u00f1a ha hecho mucho en t\u00e9rminos de reformas\u00bb, reconoci\u00f3 en rueda de prensa el economista jefe del FMI, Maury Obtsfeld, quien, sin embargo, advirti\u00f3 de que la actual incertidumbre pol\u00edtica \u00abpodr\u00eda pesar\u00bb en la evoluci\u00f3n econ\u00f3mica, por lo que expres\u00f3 su deseo de que pueda alcanzarse una soluci\u00f3n \u00abr\u00e1pida\u00bb, lo que resultar\u00eda positivo para la econom\u00eda.<\/p>\n<p>En la \u00faltima actualizaci\u00f3n de sus previsiones macroecon\u00f3micas, el FMI vuelve a reconocer a Espa\u00f1a como la econom\u00eda avanzada con mayor crecimiento en 2016 y la segunda de 2017, s\u00f3lo por detr\u00e1s del 2,6% previsto para EEUU.<\/p>\n<p>Asimismo, Espa\u00f1a se desmarca del pesimismo generalizado en la actualizaci\u00f3n de previsiones del FMI y es junto a Alemania la \u00fanica de las econom\u00edas examinadas que ve revisados al alza sus pron\u00f3sticos de 2016 y 2017.<\/p>\n<p>En concreto, el FMI ha mejorado en dos d\u00e9cimas su proyecci\u00f3n de crecimiento para la econom\u00eda espa\u00f1ola durante este a\u00f1o, hasta el 2,7%, mientras que para 2017 ha mejorado en una d\u00e9cima su anterior proyecci\u00f3n, hasta una expansi\u00f3n del 2,3%, seg\u00fan el informe &#8216;Perspectivas de la econom\u00eda mundial&#8217;<\/p>\n","protected":false},"excerpt":{"rendered":"<p>El presidente del Gobierno, Mariano Rajoy, se ha felicitado este martes de que Espa\u00f1a sea, junto con Alemania, el \u00ab\u00fanico pa\u00eds del mundo que mejora sus previsiones\u00bb, de acuerdo con las estimaciones de invierno del Fondo Monetario Internacional (FMI), que ha elevado al alza el crecimiento de Espa\u00f1a tanto para 2016 como para 2017. Rajoy,<\/p>\n","protected":false},"author":1,"featured_media":61093,"comment_status":"open","ping_status":"closed","sticky":false,"template":"","format":"standard","meta":{"footnotes":""},"categories":[224],"tags":[],"class_list":{"0":"post-61092","1":"post","2":"type-post","3":"status-publish","4":"format-standard","5":"has-post-thumbnail","7":"category-noticias-actualidad"},"aioseo_notices":[],"aioseo_head":"\n\t\t<!-- All in One SEO Pro 4.9.6.1 - aioseo.com -->\n\t<meta name=\"description\" content=\"El presidente del Gobierno, Mariano Rajoy, se ha felicitado este martes de que Espa\u00f1a sea, junto con Alemania, el &quot;\u00fanico pa\u00eds del mundo que mejora sus previsiones&quot;, de acuerdo con las estimaciones de invierno del Fondo Monetario Internacional (FMI), que ha elevado al alza el crecimiento de Espa\u00f1a tanto para 2016 como para 2017. Rajoy,\" \/>\n\t<meta name=\"robots\" content=\"max-image-preview:large\" \/>\n\t<meta name=\"author\" content=\"admin\"\/>\n\t<meta name=\"google-site-verification\" content=\"UA-38556648-1\" \/>\n\t<meta name=\"keywords\" content=\"noticias y actualidad\" \/>\n\t<link rel=\"canonical\" href=\"https:\/\/eldigitaldeasturias.com\/magazine365\/rajoy-se-felicita-de-que-espana-sea-el-unico-pais-del-mundo-que-mejora-sus-previsiones-segun-el-fmi\/\" \/>\n\t<meta name=\"generator\" content=\"All in One SEO Pro (AIOSEO) 4.9.6.1\" \/>\n\t\t<meta property=\"og:locale\" content=\"es_ES\" \/>\n\t\t<meta property=\"og:site_name\" content=\"El Digital de Asturias \u2013 Revista de ocio, turismo y estilo de vida\" \/>\n\t\t<meta property=\"og:type\" content=\"article\" \/>\n\t\t<meta property=\"og:title\" content=\"Rajoy se felicita de que Espa\u00f1a sea el \u00ab\u00fanico\u00bb pa\u00eds del mundo que mejora sus previsiones, seg\u00fan el FMI | El Digital de Asturias\" \/>\n\t\t<meta property=\"og:description\" content=\"El presidente del Gobierno, Mariano Rajoy, se ha felicitado este martes de que Espa\u00f1a sea, junto con Alemania, el &quot;\u00fanico pa\u00eds del mundo que mejora sus previsiones&quot;, de acuerdo con las estimaciones de invierno del Fondo Monetario Internacional (FMI), que ha elevado al alza el crecimiento de Espa\u00f1a tanto para 2016 como para 2017. Rajoy,\" \/>\n\t\t<meta property=\"og:url\" content=\"https:\/\/eldigitaldeasturias.com\/magazine365\/rajoy-se-felicita-de-que-espana-sea-el-unico-pais-del-mundo-que-mejora-sus-previsiones-segun-el-fmi\/\" \/>\n\t\t<meta property=\"og:image\" content=\"https:\/\/eldigitaldeasturias.com\/magazine365\/wp-content\/uploads\/2016\/01\/fotonoticia_20160119123055_800.jpg\" \/>\n\t\t<meta property=\"og:image:secure_url\" content=\"https:\/\/eldigitaldeasturias.com\/magazine365\/wp-content\/uploads\/2016\/01\/fotonoticia_20160119123055_800.jpg\" \/>\n\t\t<meta property=\"og:image:width\" content=\"800\" \/>\n\t\t<meta property=\"og:image:height\" content=\"582\" \/>\n\t\t<meta property=\"article:published_time\" content=\"2016-01-20T18:42:32+00:00\" \/>\n\t\t<meta property=\"article:modified_time\" content=\"2016-01-20T18:42:32+00:00\" \/>\n\t\t<meta name=\"twitter:card\" content=\"summary_large_image\" \/>\n\t\t<meta name=\"twitter:title\" content=\"Rajoy se felicita de que Espa\u00f1a sea el \u00ab\u00fanico\u00bb pa\u00eds del mundo que mejora sus previsiones, seg\u00fan el FMI | El Digital de Asturias\" \/>\n\t\t<meta name=\"twitter:description\" content=\"El presidente del Gobierno, Mariano Rajoy, se ha felicitado este martes de que Espa\u00f1a sea, junto con Alemania, el &quot;\u00fanico pa\u00eds del mundo que mejora sus previsiones&quot;, de acuerdo con las estimaciones de invierno del Fondo Monetario Internacional (FMI), que ha elevado al alza el crecimiento de Espa\u00f1a tanto para 2016 como para 2017. Rajoy,\" \/>\n\t\t<meta name=\"twitter:image\" content=\"https:\/\/eldigitaldeasturias.com\/magazine365\/wp-content\/uploads\/2016\/01\/fotonoticia_20160119123055_800.jpg\" \/>\n\t\t<script type=\"application\/ld+json\" class=\"aioseo-schema\">\n\t\t\t{\"@context\":\"https:\\\/\\\/schema.org\",\"@graph\":[{\"@type\":\"Article\",\"@id\":\"https:\\\/\\\/eldigitaldeasturias.com\\\/magazine365\\\/rajoy-se-felicita-de-que-espana-sea-el-unico-pais-del-mundo-que-mejora-sus-previsiones-segun-el-fmi\\\/#article\",\"name\":\"Rajoy se felicita de que Espa\\u00f1a sea el \\u00ab\\u00fanico\\u00bb pa\\u00eds del mundo que mejora sus previsiones, seg\\u00fan el FMI | El Digital de Asturias\",\"headline\":\"Rajoy se felicita de que Espa\\u00f1a sea el \\u00ab\\u00fanico\\u00bb pa\\u00eds del mundo que mejora sus previsiones, seg\\u00fan el FMI\",\"author\":{\"@id\":\"https:\\\/\\\/eldigitaldeasturias.com\\\/magazine365\\\/author\\\/admin\\\/#author\"},\"publisher\":{\"@id\":\"https:\\\/\\\/eldigitaldeasturias.com\\\/magazine365\\\/#organization\"},\"image\":{\"@type\":\"ImageObject\",\"url\":\"https:\\\/\\\/eldigitaldeasturias.com\\\/magazine365\\\/wp-content\\\/uploads\\\/2016\\\/01\\\/fotonoticia_20160119123055_800.jpg\",\"width\":800,\"height\":582},\"datePublished\":\"2016-01-20T19:42:32+01:00\",\"dateModified\":\"2016-01-20T19:42:32+01:00\",\"inLanguage\":\"es-ES\",\"mainEntityOfPage\":{\"@id\":\"https:\\\/\\\/eldigitaldeasturias.com\\\/magazine365\\\/rajoy-se-felicita-de-que-espana-sea-el-unico-pais-del-mundo-que-mejora-sus-previsiones-segun-el-fmi\\\/#webpage\"},\"isPartOf\":{\"@id\":\"https:\\\/\\\/eldigitaldeasturias.com\\\/magazine365\\\/rajoy-se-felicita-de-que-espana-sea-el-unico-pais-del-mundo-que-mejora-sus-previsiones-segun-el-fmi\\\/#webpage\"},\"articleSection\":\"Noticias y Actualidad\"},{\"@type\":\"BreadcrumbList\",\"@id\":\"https:\\\/\\\/eldigitaldeasturias.com\\\/magazine365\\\/rajoy-se-felicita-de-que-espana-sea-el-unico-pais-del-mundo-que-mejora-sus-previsiones-segun-el-fmi\\\/#breadcrumblist\",\"itemListElement\":[{\"@type\":\"ListItem\",\"@id\":\"https:\\\/\\\/eldigitaldeasturias.com\\\/magazine365#listItem\",\"position\":1,\"name\":\"Home\",\"item\":\"https:\\\/\\\/eldigitaldeasturias.com\\\/magazine365\",\"nextItem\":{\"@type\":\"ListItem\",\"@id\":\"https:\\\/\\\/eldigitaldeasturias.com\\\/magazine365\\\/category\\\/noticias-actualidad\\\/#listItem\",\"name\":\"Noticias y Actualidad\"}},{\"@type\":\"ListItem\",\"@id\":\"https:\\\/\\\/eldigitaldeasturias.com\\\/magazine365\\\/category\\\/noticias-actualidad\\\/#listItem\",\"position\":2,\"name\":\"Noticias y Actualidad\",\"item\":\"https:\\\/\\\/eldigitaldeasturias.com\\\/magazine365\\\/category\\\/noticias-actualidad\\\/\",\"nextItem\":{\"@type\":\"ListItem\",\"@id\":\"https:\\\/\\\/eldigitaldeasturias.com\\\/magazine365\\\/rajoy-se-felicita-de-que-espana-sea-el-unico-pais-del-mundo-que-mejora-sus-previsiones-segun-el-fmi\\\/#listItem\",\"name\":\"Rajoy se felicita de que Espa\\u00f1a sea el \\u00ab\\u00fanico\\u00bb pa\\u00eds del mundo que mejora sus previsiones, seg\\u00fan el FMI\"},\"previousItem\":{\"@type\":\"ListItem\",\"@id\":\"https:\\\/\\\/eldigitaldeasturias.com\\\/magazine365#listItem\",\"name\":\"Home\"}},{\"@type\":\"ListItem\",\"@id\":\"https:\\\/\\\/eldigitaldeasturias.com\\\/magazine365\\\/rajoy-se-felicita-de-que-espana-sea-el-unico-pais-del-mundo-que-mejora-sus-previsiones-segun-el-fmi\\\/#listItem\",\"position\":3,\"name\":\"Rajoy se felicita de que Espa\\u00f1a sea el \\u00ab\\u00fanico\\u00bb pa\\u00eds del mundo que mejora sus previsiones, seg\\u00fan el FMI\",\"previousItem\":{\"@type\":\"ListItem\",\"@id\":\"https:\\\/\\\/eldigitaldeasturias.com\\\/magazine365\\\/category\\\/noticias-actualidad\\\/#listItem\",\"name\":\"Noticias y Actualidad\"}}]},{\"@type\":\"Organization\",\"@id\":\"https:\\\/\\\/eldigitaldeasturias.com\\\/magazine365\\\/#organization\",\"name\":\"El digital de Asturias\",\"description\":\"Revista de ocio, turismo y estilo de vida\",\"url\":\"https:\\\/\\\/eldigitaldeasturias.com\\\/magazine365\\\/\",\"logo\":{\"@type\":\"ImageObject\",\"url\":\"https:\\\/\\\/www.eldigitaldeasturias.com\\\/noticias\\\/wp-content\\\/uploads\\\/2020\\\/12\\\/EDA.jpg\",\"@id\":\"https:\\\/\\\/eldigitaldeasturias.com\\\/magazine365\\\/rajoy-se-felicita-de-que-espana-sea-el-unico-pais-del-mundo-que-mejora-sus-previsiones-segun-el-fmi\\\/#organizationLogo\"},\"image\":{\"@id\":\"https:\\\/\\\/eldigitaldeasturias.com\\\/magazine365\\\/rajoy-se-felicita-de-que-espana-sea-el-unico-pais-del-mundo-que-mejora-sus-previsiones-segun-el-fmi\\\/#organizationLogo\"}},{\"@type\":\"Person\",\"@id\":\"https:\\\/\\\/eldigitaldeasturias.com\\\/magazine365\\\/author\\\/admin\\\/#author\",\"url\":\"https:\\\/\\\/eldigitaldeasturias.com\\\/magazine365\\\/author\\\/admin\\\/\",\"name\":\"admin\",\"image\":{\"@type\":\"ImageObject\",\"@id\":\"https:\\\/\\\/eldigitaldeasturias.com\\\/magazine365\\\/rajoy-se-felicita-de-que-espana-sea-el-unico-pais-del-mundo-que-mejora-sus-previsiones-segun-el-fmi\\\/#authorImage\",\"url\":\"https:\\\/\\\/eldigitaldeasturias.com\\\/magazine365\\\/wp-content\\\/litespeed\\\/avatar\\\/e571bcf59a0edd6fa6838245a470f2fe.jpg?ver=1776969259\",\"width\":96,\"height\":96,\"caption\":\"admin\"}},{\"@type\":\"WebPage\",\"@id\":\"https:\\\/\\\/eldigitaldeasturias.com\\\/magazine365\\\/rajoy-se-felicita-de-que-espana-sea-el-unico-pais-del-mundo-que-mejora-sus-previsiones-segun-el-fmi\\\/#webpage\",\"url\":\"https:\\\/\\\/eldigitaldeasturias.com\\\/magazine365\\\/rajoy-se-felicita-de-que-espana-sea-el-unico-pais-del-mundo-que-mejora-sus-previsiones-segun-el-fmi\\\/\",\"name\":\"Rajoy se felicita de que Espa\\u00f1a sea el \\u00ab\\u00fanico\\u00bb pa\\u00eds del mundo que mejora sus previsiones, seg\\u00fan el FMI | El Digital de Asturias\",\"description\":\"El presidente del Gobierno, Mariano Rajoy, se ha felicitado este martes de que Espa\\u00f1a sea, junto con Alemania, el \\\"\\u00fanico pa\\u00eds del mundo que mejora sus previsiones\\\", de acuerdo con las estimaciones de invierno del Fondo Monetario Internacional (FMI), que ha elevado al alza el crecimiento de Espa\\u00f1a tanto para 2016 como para 2017. Rajoy,\",\"inLanguage\":\"es-ES\",\"isPartOf\":{\"@id\":\"https:\\\/\\\/eldigitaldeasturias.com\\\/magazine365\\\/#website\"},\"breadcrumb\":{\"@id\":\"https:\\\/\\\/eldigitaldeasturias.com\\\/magazine365\\\/rajoy-se-felicita-de-que-espana-sea-el-unico-pais-del-mundo-que-mejora-sus-previsiones-segun-el-fmi\\\/#breadcrumblist\"},\"author\":{\"@id\":\"https:\\\/\\\/eldigitaldeasturias.com\\\/magazine365\\\/author\\\/admin\\\/#author\"},\"creator\":{\"@id\":\"https:\\\/\\\/eldigitaldeasturias.com\\\/magazine365\\\/author\\\/admin\\\/#author\"},\"image\":{\"@type\":\"ImageObject\",\"url\":\"https:\\\/\\\/eldigitaldeasturias.com\\\/magazine365\\\/wp-content\\\/uploads\\\/2016\\\/01\\\/fotonoticia_20160119123055_800.jpg\",\"@id\":\"https:\\\/\\\/eldigitaldeasturias.com\\\/magazine365\\\/rajoy-se-felicita-de-que-espana-sea-el-unico-pais-del-mundo-que-mejora-sus-previsiones-segun-el-fmi\\\/#mainImage\",\"width\":800,\"height\":582},\"primaryImageOfPage\":{\"@id\":\"https:\\\/\\\/eldigitaldeasturias.com\\\/magazine365\\\/rajoy-se-felicita-de-que-espana-sea-el-unico-pais-del-mundo-que-mejora-sus-previsiones-segun-el-fmi\\\/#mainImage\"},\"datePublished\":\"2016-01-20T19:42:32+01:00\",\"dateModified\":\"2016-01-20T19:42:32+01:00\"},{\"@type\":\"WebSite\",\"@id\":\"https:\\\/\\\/eldigitaldeasturias.com\\\/magazine365\\\/#website\",\"url\":\"https:\\\/\\\/eldigitaldeasturias.com\\\/magazine365\\\/\",\"name\":\"El Digital de Asturias\",\"description\":\"Revista de ocio, turismo y estilo de vida\",\"inLanguage\":\"es-ES\",\"publisher\":{\"@id\":\"https:\\\/\\\/eldigitaldeasturias.com\\\/magazine365\\\/#organization\"}}]}\n\t\t<\/script>\n\t\t<!-- All in One SEO Pro -->\r\n\t\t<title>Rajoy se felicita de que Espa\u00f1a sea el \u00ab\u00fanico\u00bb pa\u00eds del mundo que mejora sus previsiones, seg\u00fan el FMI | El Digital de Asturias<\/title>\n\n","aioseo_head_json":{"title":"Rajoy se felicita de que Espa\u00f1a sea el \u00ab\u00fanico\u00bb pa\u00eds del mundo que mejora sus previsiones, seg\u00fan el FMI | El Digital de Asturias","description":"El presidente del Gobierno, Mariano Rajoy, se ha felicitado este martes de que Espa\u00f1a sea, junto con Alemania, el \"\u00fanico pa\u00eds del mundo que mejora sus previsiones\", de acuerdo con las estimaciones de invierno del Fondo Monetario Internacional (FMI), que ha elevado al alza el crecimiento de Espa\u00f1a tanto para 2016 como para 2017. Rajoy,","canonical_url":"https:\/\/eldigitaldeasturias.com\/magazine365\/rajoy-se-felicita-de-que-espana-sea-el-unico-pais-del-mundo-que-mejora-sus-previsiones-segun-el-fmi\/","robots":"max-image-preview:large","keywords":"noticias y actualidad","webmasterTools":{"google-site-verification":"UA-38556648-1","miscellaneous":""},"schema":{"@context":"https:\/\/schema.org","@graph":[{"@type":"Article","@id":"https:\/\/eldigitaldeasturias.com\/magazine365\/rajoy-se-felicita-de-que-espana-sea-el-unico-pais-del-mundo-que-mejora-sus-previsiones-segun-el-fmi\/#article","name":"Rajoy se felicita de que Espa\u00f1a sea el \u00ab\u00fanico\u00bb pa\u00eds del mundo que mejora sus previsiones, seg\u00fan el FMI | El Digital de Asturias","headline":"Rajoy se felicita de que Espa\u00f1a sea el \u00ab\u00fanico\u00bb pa\u00eds del mundo que mejora sus previsiones, seg\u00fan el FMI","author":{"@id":"https:\/\/eldigitaldeasturias.com\/magazine365\/author\/admin\/#author"},"publisher":{"@id":"https:\/\/eldigitaldeasturias.com\/magazine365\/#organization"},"image":{"@type":"ImageObject","url":"https:\/\/eldigitaldeasturias.com\/magazine365\/wp-content\/uploads\/2016\/01\/fotonoticia_20160119123055_800.jpg","width":800,"height":582},"datePublished":"2016-01-20T19:42:32+01:00","dateModified":"2016-01-20T19:42:32+01:00","inLanguage":"es-ES","mainEntityOfPage":{"@id":"https:\/\/eldigitaldeasturias.com\/magazine365\/rajoy-se-felicita-de-que-espana-sea-el-unico-pais-del-mundo-que-mejora-sus-previsiones-segun-el-fmi\/#webpage"},"isPartOf":{"@id":"https:\/\/eldigitaldeasturias.com\/magazine365\/rajoy-se-felicita-de-que-espana-sea-el-unico-pais-del-mundo-que-mejora-sus-previsiones-segun-el-fmi\/#webpage"},"articleSection":"Noticias y Actualidad"},{"@type":"BreadcrumbList","@id":"https:\/\/eldigitaldeasturias.com\/magazine365\/rajoy-se-felicita-de-que-espana-sea-el-unico-pais-del-mundo-que-mejora-sus-previsiones-segun-el-fmi\/#breadcrumblist","itemListElement":[{"@type":"ListItem","@id":"https:\/\/eldigitaldeasturias.com\/magazine365#listItem","position":1,"name":"Home","item":"https:\/\/eldigitaldeasturias.com\/magazine365","nextItem":{"@type":"ListItem","@id":"https:\/\/eldigitaldeasturias.com\/magazine365\/category\/noticias-actualidad\/#listItem","name":"Noticias y Actualidad"}},{"@type":"ListItem","@id":"https:\/\/eldigitaldeasturias.com\/magazine365\/category\/noticias-actualidad\/#listItem","position":2,"name":"Noticias y Actualidad","item":"https:\/\/eldigitaldeasturias.com\/magazine365\/category\/noticias-actualidad\/","nextItem":{"@type":"ListItem","@id":"https:\/\/eldigitaldeasturias.com\/magazine365\/rajoy-se-felicita-de-que-espana-sea-el-unico-pais-del-mundo-que-mejora-sus-previsiones-segun-el-fmi\/#listItem","name":"Rajoy se felicita de que Espa\u00f1a sea el \u00ab\u00fanico\u00bb pa\u00eds del mundo que mejora sus previsiones, seg\u00fan el FMI"},"previousItem":{"@type":"ListItem","@id":"https:\/\/eldigitaldeasturias.com\/magazine365#listItem","name":"Home"}},{"@type":"ListItem","@id":"https:\/\/eldigitaldeasturias.com\/magazine365\/rajoy-se-felicita-de-que-espana-sea-el-unico-pais-del-mundo-que-mejora-sus-previsiones-segun-el-fmi\/#listItem","position":3,"name":"Rajoy se felicita de que Espa\u00f1a sea el \u00ab\u00fanico\u00bb pa\u00eds del mundo que mejora sus previsiones, seg\u00fan el FMI","previousItem":{"@type":"ListItem","@id":"https:\/\/eldigitaldeasturias.com\/magazine365\/category\/noticias-actualidad\/#listItem","name":"Noticias y Actualidad"}}]},{"@type":"Organization","@id":"https:\/\/eldigitaldeasturias.com\/magazine365\/#organization","name":"El digital de Asturias","description":"Revista de ocio, turismo y estilo de vida","url":"https:\/\/eldigitaldeasturias.com\/magazine365\/","logo":{"@type":"ImageObject","url":"https:\/\/www.eldigitaldeasturias.com\/noticias\/wp-content\/uploads\/2020\/12\/EDA.jpg","@id":"https:\/\/eldigitaldeasturias.com\/magazine365\/rajoy-se-felicita-de-que-espana-sea-el-unico-pais-del-mundo-que-mejora-sus-previsiones-segun-el-fmi\/#organizationLogo"},"image":{"@id":"https:\/\/eldigitaldeasturias.com\/magazine365\/rajoy-se-felicita-de-que-espana-sea-el-unico-pais-del-mundo-que-mejora-sus-previsiones-segun-el-fmi\/#organizationLogo"}},{"@type":"Person","@id":"https:\/\/eldigitaldeasturias.com\/magazine365\/author\/admin\/#author","url":"https:\/\/eldigitaldeasturias.com\/magazine365\/author\/admin\/","name":"admin","image":{"@type":"ImageObject","@id":"https:\/\/eldigitaldeasturias.com\/magazine365\/rajoy-se-felicita-de-que-espana-sea-el-unico-pais-del-mundo-que-mejora-sus-previsiones-segun-el-fmi\/#authorImage","url":"https:\/\/eldigitaldeasturias.com\/magazine365\/wp-content\/litespeed\/avatar\/e571bcf59a0edd6fa6838245a470f2fe.jpg?ver=1776969259","width":96,"height":96,"caption":"admin"}},{"@type":"WebPage","@id":"https:\/\/eldigitaldeasturias.com\/magazine365\/rajoy-se-felicita-de-que-espana-sea-el-unico-pais-del-mundo-que-mejora-sus-previsiones-segun-el-fmi\/#webpage","url":"https:\/\/eldigitaldeasturias.com\/magazine365\/rajoy-se-felicita-de-que-espana-sea-el-unico-pais-del-mundo-que-mejora-sus-previsiones-segun-el-fmi\/","name":"Rajoy se felicita de que Espa\u00f1a sea el \u00ab\u00fanico\u00bb pa\u00eds del mundo que mejora sus previsiones, seg\u00fan el FMI | El Digital de Asturias","description":"El presidente del Gobierno, Mariano Rajoy, se ha felicitado este martes de que Espa\u00f1a sea, junto con Alemania, el \"\u00fanico pa\u00eds del mundo que mejora sus previsiones\", de acuerdo con las estimaciones de invierno del Fondo Monetario Internacional (FMI), que ha elevado al alza el crecimiento de Espa\u00f1a tanto para 2016 como para 2017. Rajoy,","inLanguage":"es-ES","isPartOf":{"@id":"https:\/\/eldigitaldeasturias.com\/magazine365\/#website"},"breadcrumb":{"@id":"https:\/\/eldigitaldeasturias.com\/magazine365\/rajoy-se-felicita-de-que-espana-sea-el-unico-pais-del-mundo-que-mejora-sus-previsiones-segun-el-fmi\/#breadcrumblist"},"author":{"@id":"https:\/\/eldigitaldeasturias.com\/magazine365\/author\/admin\/#author"},"creator":{"@id":"https:\/\/eldigitaldeasturias.com\/magazine365\/author\/admin\/#author"},"image":{"@type":"ImageObject","url":"https:\/\/eldigitaldeasturias.com\/magazine365\/wp-content\/uploads\/2016\/01\/fotonoticia_20160119123055_800.jpg","@id":"https:\/\/eldigitaldeasturias.com\/magazine365\/rajoy-se-felicita-de-que-espana-sea-el-unico-pais-del-mundo-que-mejora-sus-previsiones-segun-el-fmi\/#mainImage","width":800,"height":582},"primaryImageOfPage":{"@id":"https:\/\/eldigitaldeasturias.com\/magazine365\/rajoy-se-felicita-de-que-espana-sea-el-unico-pais-del-mundo-que-mejora-sus-previsiones-segun-el-fmi\/#mainImage"},"datePublished":"2016-01-20T19:42:32+01:00","dateModified":"2016-01-20T19:42:32+01:00"},{"@type":"WebSite","@id":"https:\/\/eldigitaldeasturias.com\/magazine365\/#website","url":"https:\/\/eldigitaldeasturias.com\/magazine365\/","name":"El Digital de Asturias","description":"Revista de ocio, turismo y estilo de vida","inLanguage":"es-ES","publisher":{"@id":"https:\/\/eldigitaldeasturias.com\/magazine365\/#organization"}}]},"og:locale":"es_ES","og:site_name":"El Digital de Asturias \u2013 Revista de ocio, turismo y estilo de vida","og:type":"article","og:title":"Rajoy se felicita de que Espa\u00f1a sea el \u00ab\u00fanico\u00bb pa\u00eds del mundo que mejora sus previsiones, seg\u00fan el FMI | El Digital de Asturias","og:description":"El presidente del Gobierno, Mariano Rajoy, se ha felicitado este martes de que Espa\u00f1a sea, junto con Alemania, el &quot;\u00fanico pa\u00eds del mundo que mejora sus previsiones&quot;, de acuerdo con las estimaciones de invierno del Fondo Monetario Internacional (FMI), que ha elevado al alza el crecimiento de Espa\u00f1a tanto para 2016 como para 2017. Rajoy,","og:url":"https:\/\/eldigitaldeasturias.com\/magazine365\/rajoy-se-felicita-de-que-espana-sea-el-unico-pais-del-mundo-que-mejora-sus-previsiones-segun-el-fmi\/","og:image":"https:\/\/eldigitaldeasturias.com\/magazine365\/wp-content\/uploads\/2016\/01\/fotonoticia_20160119123055_800.jpg","og:image:secure_url":"https:\/\/eldigitaldeasturias.com\/magazine365\/wp-content\/uploads\/2016\/01\/fotonoticia_20160119123055_800.jpg","og:image:width":800,"og:image:height":582,"article:published_time":"2016-01-20T18:42:32+00:00","article:modified_time":"2016-01-20T18:42:32+00:00","twitter:card":"summary_large_image","twitter:title":"Rajoy se felicita de que Espa\u00f1a sea el \u00ab\u00fanico\u00bb pa\u00eds del mundo que mejora sus previsiones, seg\u00fan el FMI | El Digital de Asturias","twitter:description":"El presidente del Gobierno, Mariano Rajoy, se ha felicitado este martes de que Espa\u00f1a sea, junto con Alemania, el &quot;\u00fanico pa\u00eds del mundo que mejora sus previsiones&quot;, de acuerdo con las estimaciones de invierno del Fondo Monetario Internacional (FMI), que ha elevado al alza el crecimiento de Espa\u00f1a tanto para 2016 como para 2017. Rajoy,","twitter:image":"https:\/\/eldigitaldeasturias.com\/magazine365\/wp-content\/uploads\/2016\/01\/fotonoticia_20160119123055_800.jpg"},"aioseo_meta_data":{"post_id":"61092","title":null,"description":null,"keywords":null,"keyphrases":null,"primary_term":null,"canonical_url":null,"og_title":null,"og_description":null,"og_object_type":"default","og_image_type":"default","og_image_url":null,"og_image_width":null,"og_image_height":null,"og_image_custom_url":null,"og_image_custom_fields":null,"og_video":null,"og_custom_url":null,"og_article_section":null,"og_article_tags":null,"twitter_use_og":false,"twitter_card":"default","twitter_image_type":"default","twitter_image_url":null,"twitter_image_custom_url":null,"twitter_image_custom_fields":null,"twitter_title":null,"twitter_description":null,"schema":{"blockGraphs":[],"customGraphs":[],"default":{"data":{"Article":[],"Course":[],"Dataset":[],"FAQPage":[],"Movie":[],"Person":[],"Product":[],"ProductReview":[],"Car":[],"Recipe":[],"Service":[],"SoftwareApplication":[],"WebPage":[]},"graphName":"","isEnabled":true},"graphs":[],"defaultGraph":"","defaultPostTypeGraph":""},"schema_type":null,"schema_type_options":null,"pillar_content":false,"robots_default":true,"robots_noindex":false,"robots_noarchive":false,"robots_nosnippet":false,"robots_nofollow":false,"robots_noimageindex":false,"robots_noodp":false,"robots_notranslate":false,"robots_max_snippet":null,"robots_max_videopreview":null,"robots_max_imagepreview":"large","priority":null,"frequency":null,"location":null,"local_seo":null,"seo_analyzer_scan_date":"2025-09-25 08:12:57","breadcrumb_settings":null,"limit_modified_date":false,"open_ai":null,"ai":null,"created":"2021-03-08 21:53:17","updated":"2025-09-25 08:12:57"},"aioseo_breadcrumb":"<div class=\"aioseo-breadcrumbs\"><span class=\"aioseo-breadcrumb\">\n\t<a href=\"https:\/\/eldigitaldeasturias.com\/magazine365\" title=\"Home\">Home<\/a>\n<\/span><span class=\"aioseo-breadcrumb-separator\">\u2013<\/span><span class=\"aioseo-breadcrumb\">\n\t<a href=\"https:\/\/eldigitaldeasturias.com\/magazine365\/category\/noticias-actualidad\/\" title=\"Noticias y Actualidad\">Noticias y Actualidad<\/a>\n<\/span><span class=\"aioseo-breadcrumb-separator\">\u2013<\/span><span class=\"aioseo-breadcrumb\">\n\t<a href=\"https:\/\/eldigitaldeasturias.com\/magazine365\/rajoy-se-felicita-de-que-espana-sea-el-unico-pais-del-mundo-que-mejora-sus-previsiones-segun-el-fmi\/\" title=\"Rajoy se felicita de que Espa\u00f1a sea el \u00ab\u00fanico\u00bb pa\u00eds del mundo que mejora sus previsiones, seg\u00fan el FMI\">Rajoy se felicita de que Espa\u00f1a sea el \u00ab\u00fanico\u00bb pa\u00eds del mundo que mejora sus previsiones, seg\u00fan el FMI<\/a>\n<\/span><\/div>","aioseo_breadcrumb_json":[{"label":"Home","link":"https:\/\/eldigitaldeasturias.com\/magazine365"},{"label":"Noticias y Actualidad","link":"https:\/\/eldigitaldeasturias.com\/magazine365\/category\/noticias-actualidad\/"},{"label":"Rajoy se felicita de que Espa\u00f1a sea el \u00ab\u00fanico\u00bb pa\u00eds del mundo que mejora sus previsiones, seg\u00fan el FMI","link":"https:\/\/eldigitaldeasturias.com\/magazine365\/rajoy-se-felicita-de-que-espana-sea-el-unico-pais-del-mundo-que-mejora-sus-previsiones-segun-el-fmi\/"}],"_links":{"self":[{"href":"https:\/\/eldigitaldeasturias.com\/magazine365\/wp-json\/wp\/v2\/posts\/61092","targetHints":{"allow":["GET"]}}],"collection":[{"href":"https:\/\/eldigitaldeasturias.com\/magazine365\/wp-json\/wp\/v2\/posts"}],"about":[{"href":"https:\/\/eldigitaldeasturias.com\/magazine365\/wp-json\/wp\/v2\/types\/post"}],"author":[{"embeddable":true,"href":"https:\/\/eldigitaldeasturias.com\/magazine365\/wp-json\/wp\/v2\/users\/1"}],"replies":[{"embeddable":true,"href":"https:\/\/eldigitaldeasturias.com\/magazine365\/wp-json\/wp\/v2\/comments?post=61092"}],"version-history":[{"count":0,"href":"https:\/\/eldigitaldeasturias.com\/magazine365\/wp-json\/wp\/v2\/posts\/61092\/revisions"}],"wp:featuredmedia":[{"embeddable":true,"href":"https:\/\/eldigitaldeasturias.com\/magazine365\/wp-json\/wp\/v2\/media\/61093"}],"wp:attachment":[{"href":"https:\/\/eldigitaldeasturias.com\/magazine365\/wp-json\/wp\/v2\/media?parent=61092"}],"wp:term":[{"taxonomy":"category","embeddable":true,"href":"https:\/\/eldigitaldeasturias.com\/magazine365\/wp-json\/wp\/v2\/categories?post=61092"},{"taxonomy":"post_tag","embeddable":true,"href":"https:\/\/eldigitaldeasturias.com\/magazine365\/wp-json\/wp\/v2\/tags?post=61092"}],"curies":[{"name":"wp","href":"https:\/\/api.w.org\/{rel}","templated":true}]}}