{"id":61075,"date":"2016-01-20T19:35:25","date_gmt":"2016-01-20T18:35:25","guid":{"rendered":"http:\/\/eldigitaldeasturias.com\/magazine365\/?p=61075"},"modified":"2016-01-20T19:35:25","modified_gmt":"2016-01-20T18:35:25","slug":"rajoy-asegura-que-apostar-por-el-turismo-es-apostar-por-la-prosperidad-conjunta","status":"publish","type":"post","link":"https:\/\/eldigitaldeasturias.com\/magazine365\/rajoy-asegura-que-apostar-por-el-turismo-es-apostar-por-la-prosperidad-conjunta\/","title":{"rendered":"Rajoy asegura que apostar por el turismo es apostar por \u00abla prosperidad conjunta\u00bb"},"content":{"rendered":"<p><img fetchpriority=\"high\" decoding=\"async\" class=\"alignleft size-medium wp-image-61076\" src=\"https:\/\/eldigitaldeasturias.com\/magazine365\/wp-content\/uploads\/2016\/01\/fotonoticia_20160119114037_800-360x248.jpg\" alt=\"fotonoticia_20160119114037_800\" width=\"360\" height=\"248\" srcset=\"https:\/\/eldigitaldeasturias.com\/magazine365\/wp-content\/uploads\/2016\/01\/fotonoticia_20160119114037_800-360x248.jpg 360w, https:\/\/eldigitaldeasturias.com\/magazine365\/wp-content\/uploads\/2016\/01\/fotonoticia_20160119114037_800-650x449.jpg 650w, https:\/\/eldigitaldeasturias.com\/magazine365\/wp-content\/uploads\/2016\/01\/fotonoticia_20160119114037_800-768x530.jpg 768w, https:\/\/eldigitaldeasturias.com\/magazine365\/wp-content\/uploads\/2016\/01\/fotonoticia_20160119114037_800-150x104.jpg 150w, https:\/\/eldigitaldeasturias.com\/magazine365\/wp-content\/uploads\/2016\/01\/fotonoticia_20160119114037_800-450x311.jpg 450w, https:\/\/eldigitaldeasturias.com\/magazine365\/wp-content\/uploads\/2016\/01\/fotonoticia_20160119114037_800-100x70.jpg 100w, https:\/\/eldigitaldeasturias.com\/magazine365\/wp-content\/uploads\/2016\/01\/fotonoticia_20160119114037_800-218x150.jpg 218w, https:\/\/eldigitaldeasturias.com\/magazine365\/wp-content\/uploads\/2016\/01\/fotonoticia_20160119114037_800-696x480.jpg 696w, https:\/\/eldigitaldeasturias.com\/magazine365\/wp-content\/uploads\/2016\/01\/fotonoticia_20160119114037_800-609x420.jpg 609w, https:\/\/eldigitaldeasturias.com\/magazine365\/wp-content\/uploads\/2016\/01\/fotonoticia_20160119114037_800.jpg 800w\" sizes=\"(max-width: 360px) 100vw, 360px\" \/>El presidente del Gobierno en funciones, Mariano Rajoy, ha asegurado hoy que \u00abapostar por el turismo es apostar por nuestra prosperidad conjunta\u00bb y por una industria que ha llevado a Espa\u00f1a a liderar el ranking mundial de competitividad tur\u00edstica del Foro Econ\u00f3mico mundial, pasando del puesto octavo en 2011 al n\u00famero uno, y ha puesto al turismo como modelo \u00abque ejemplifica la mejora de la econom\u00eda espa\u00f1ola\u00bb en los \u00faltimos a\u00f1os.<\/p>\n<p>Durante la inauguraci\u00f3n del 8\u00ba Foro de Liderazgo Tur\u00edstico de Exceltur, previo a la inauguraci\u00f3n de Fitur 2016, Rajoy defendi\u00f3 que durante la pasada legislatura el impulso y el apoyo del Ejecutivo espa\u00f1ol a esta industria ha sido \u00abdecidido\u00bb y el compromiso \u00abreal y operativo\u00bb.<\/p>\n<p>Rajoy record\u00f3 que Espa\u00f1a registr\u00f3 un nuevo r\u00e9cord de llegadas de turistas internacionales alcanzando los 64,6 millones de visitantes en los once primeros meses del a\u00f1o 2015, a la espera de contabilizar el mes de diciembre, un 4,8% m\u00e1s que el mismo periodo de 2014, con un crecimiento del gasto del 6,4% hasta los 63.657 millones de euros.<\/p>\n<p>\u00abNo podemos poner trabas ni obst\u00e1culos a esta industria. Apostar por el turismo es apostar por nuestra prosperidad conjunta\u00bb, explic\u00f3 el presidente a\u00f1adiendo que es fundamental seguir trabajando en pol\u00edticas tur\u00edsticas integrales a medio y largo plazo que garanticen la sostenibilidad del modelo tur\u00edstico espa\u00f1ol.<\/p>\n<p>ELIMINAR CARGAS ADMINISTRATIVAS Y HOMOGENEIZAR LA NORMATIVA.<\/p>\n<p>El Gobierno de Espa\u00f1a considera el turismo una prioridad por su car\u00e1cter transversal que afecta a todos los \u00e1mbitos econ\u00f3micos. En este sentido, apost\u00f3 por crear empleo de calidad, incrementar los ingresos y consolidar el liderazgo vacacional, mejorar la cohesi\u00f3n de la marca Espa\u00f1a y su proyecci\u00f3n internacional, as\u00ed como el fortalecimiento de la apuesta por el turista digital.<\/p>\n<p>Para todo ello apuesta por eliminar las cargas administrativas y homogeneizar la normativa tur\u00edstica en todo el pa\u00eds. \u00abNo podemos poner trabas y obst\u00e1culos a esta industria\u00bb, afirm\u00f3 a\u00f1adiendo que \u00absi alguien quiere un modelo que ejemplifique la mejora de la econom\u00eda espa\u00f1ola debe fijarse en el turismo\u00bb, dijo ante un auditorio que ha congregado a m\u00e1s de 1.500 representantes del sector tur\u00edstico.<\/p>\n<p>No obstante, abog\u00f3 por seguir trabajando en pol\u00edticas integrales que garanticen la sostenibilidad del modelo tur\u00edstico a largo plazo, invirtiendo para renovarlo y adaptarlo con el objetivo de ofrecer una imagen com\u00fan del destino Espa\u00f1a para ofrecerle mejor visibilidad.<\/p>\n<p>\u00abMUCHO CAMINO POR RECORRER\u00bb.<\/p>\n<p>Rajoy aprovech\u00f3 su intervenci\u00f3n para destacar el giro que ha dado la econom\u00eda en estos \u00faltimos cuatro a\u00f1os basado en \u00abactuaciones de tanto calado\u00bb como la reforma laboral, la reforma del sector financiero y la apuesta por la estabilidad presupuestaria.<\/p>\n<p>\u00abTodos los indicadores econ\u00f3micos indican que la Espa\u00f1a de 2015 es mejor que la Espa\u00f1a de 2012\u00bb, afirm\u00f3 Rajoy, quien no obstante alert\u00f3 que \u00abqueda mucho camino por recorrer para afianzar el \u00e9xito con la misma f\u00f3rmula que ha hecho posible estos escenarios: estabilidad, continuidad y esp\u00edritu reformista\u00bb.<\/p>\n<p>Rajoy destac\u00f3 el \u00abpapel estrat\u00e9gico para la econom\u00eda espa\u00f1ola del sector tur\u00edstico\u00bb y record\u00f3 que Espa\u00f1a es una potencia tur\u00edstica de primer orden a nivel mundial agradeciendo especialmente a las empresas del sector tur\u00edstico su importante contribuci\u00f3n a la salida de la crisis.<\/p>\n<p>LA CUARTA REVOLUCI\u00d3N.<\/p>\n<p>El presidente del Gobierno en funciones realiz\u00f3 estas declaraciones en la inauguraci\u00f3n del 8\u00ba Foro Exceltur que se est\u00e1 celebrando en el Centro de Convenciones de Ifema en v\u00edsperas de la 36\u00aa edici\u00f3n de la Feria Internacional de Turismo Fitur, y que tiene como objetivo dar a conocer las pol\u00edticas innovadoras que se est\u00e1n llevando a cabo en el sector para conectar con el turista digital.<\/p>\n<p>\u00abLa innovaci\u00f3n y la tecnolog\u00eda son elementos que moldear\u00e1n el futuro del turismo y pueden ser determinantes para que \u00e9ste siga creciendo en cantidad y calidad\u00bb, afirm\u00f3 el presidente de Fitur y de Iberia, Luis Gallego.<\/p>\n<p>Para el secretario general de la Organizaci\u00f3n Mundial del Turismo (OMT), Taleb Rifai, se est\u00e1 viviendo \u00abla cuarta revoluci\u00f3n\u00bb respecto a las nuevas tecnolog\u00edas que introducir\u00e1n nuevos cambios en el sector con el surgimiento de nuevos modelos de negocio.<\/p>\n<p>Rifai quien record\u00f3 que el turismo internacional aument\u00f3 un 4,4% en 2015 con un registro de 1.184 millones de llegadas, 50 millones m\u00e1s que en 2014, asegur\u00f3 que en esta nueva era tecnol\u00f3gica \u00abel poder pasa de gobiernos a ciudadanos y de empresas a consumidores y clientes\u00bb.<\/p>\n<p>Por su parte, el presidente de Exceltur y presidente de Hotusa, Amancio L\u00f3pez, tambi\u00e9n destac\u00f3 las enormes oportunidades y retos que suponen las nuevas plataformas tecnol\u00f3gicas en el contexto de la globalizaci\u00f3n mundial.<\/p>\n<p>En este punto, solicit\u00f3 una estabilidad pol\u00edtica \u00abun Gobierno s\u00f3lido de amplia base que se encargue de garantizar la estabilidad jur\u00eddica, comprometido con un modelo econ\u00f3mico de una econom\u00eda social del mercado. Un estado liberal donde por encima de todo prevalezca la creaci\u00f3n de empleo. Las empresas necesitan estabilidad y tranquilidad y un sistema fiscal en condiciones similares a sus competidores pr\u00f3ximos\u00bb, concluy\u00f3 el presidente de Exceltur.<\/p>\n","protected":false},"excerpt":{"rendered":"<p>El presidente del Gobierno en funciones, Mariano Rajoy, ha asegurado hoy que \u00abapostar por el turismo es apostar por nuestra prosperidad conjunta\u00bb y por una industria que ha llevado a Espa\u00f1a a liderar el ranking mundial de competitividad tur\u00edstica del Foro Econ\u00f3mico mundial, pasando del puesto octavo en 2011 al n\u00famero uno, y ha puesto<\/p>\n","protected":false},"author":1,"featured_media":61076,"comment_status":"open","ping_status":"closed","sticky":false,"template":"","format":"standard","meta":{"footnotes":""},"categories":[224],"tags":[],"class_list":{"0":"post-61075","1":"post","2":"type-post","3":"status-publish","4":"format-standard","5":"has-post-thumbnail","7":"category-noticias-actualidad"},"aioseo_notices":[],"aioseo_head":"\n\t\t<!-- All in One SEO Pro 4.9.6.1 - aioseo.com -->\n\t<meta name=\"description\" content=\"El presidente del Gobierno en funciones, Mariano Rajoy, ha asegurado hoy que &quot;apostar por el turismo es apostar por nuestra prosperidad conjunta&quot; y por una industria que ha llevado a Espa\u00f1a a liderar el ranking mundial de competitividad tur\u00edstica del Foro Econ\u00f3mico mundial, pasando del puesto octavo en 2011 al n\u00famero uno, y ha puesto\" \/>\n\t<meta name=\"robots\" content=\"max-image-preview:large\" \/>\n\t<meta name=\"author\" content=\"admin\"\/>\n\t<meta name=\"google-site-verification\" content=\"UA-38556648-1\" \/>\n\t<meta name=\"keywords\" content=\"noticias y actualidad\" \/>\n\t<link rel=\"canonical\" href=\"https:\/\/eldigitaldeasturias.com\/magazine365\/rajoy-asegura-que-apostar-por-el-turismo-es-apostar-por-la-prosperidad-conjunta\/\" \/>\n\t<meta name=\"generator\" content=\"All in One SEO Pro (AIOSEO) 4.9.6.1\" \/>\n\t\t<meta property=\"og:locale\" content=\"es_ES\" \/>\n\t\t<meta property=\"og:site_name\" content=\"El Digital de Asturias \u2013 Revista de ocio, turismo y estilo de vida\" \/>\n\t\t<meta property=\"og:type\" content=\"article\" \/>\n\t\t<meta property=\"og:title\" content=\"Rajoy asegura que apostar por el turismo es apostar por \u00abla prosperidad conjunta\u00bb | El Digital de Asturias\" \/>\n\t\t<meta property=\"og:description\" content=\"El presidente del Gobierno en funciones, Mariano Rajoy, ha asegurado hoy que &quot;apostar por el turismo es apostar por nuestra prosperidad conjunta&quot; y por una industria que ha llevado a Espa\u00f1a a liderar el ranking mundial de competitividad tur\u00edstica del Foro Econ\u00f3mico mundial, pasando del puesto octavo en 2011 al n\u00famero uno, y ha puesto\" \/>\n\t\t<meta property=\"og:url\" content=\"https:\/\/eldigitaldeasturias.com\/magazine365\/rajoy-asegura-que-apostar-por-el-turismo-es-apostar-por-la-prosperidad-conjunta\/\" \/>\n\t\t<meta property=\"og:image\" content=\"https:\/\/eldigitaldeasturias.com\/magazine365\/wp-content\/uploads\/2016\/01\/fotonoticia_20160119114037_800.jpg\" \/>\n\t\t<meta property=\"og:image:secure_url\" content=\"https:\/\/eldigitaldeasturias.com\/magazine365\/wp-content\/uploads\/2016\/01\/fotonoticia_20160119114037_800.jpg\" \/>\n\t\t<meta property=\"og:image:width\" content=\"800\" \/>\n\t\t<meta property=\"og:image:height\" content=\"552\" \/>\n\t\t<meta property=\"article:published_time\" content=\"2016-01-20T18:35:25+00:00\" \/>\n\t\t<meta property=\"article:modified_time\" content=\"2016-01-20T18:35:25+00:00\" \/>\n\t\t<meta name=\"twitter:card\" content=\"summary_large_image\" \/>\n\t\t<meta name=\"twitter:title\" content=\"Rajoy asegura que apostar por el turismo es apostar por \u00abla prosperidad conjunta\u00bb | El Digital de Asturias\" \/>\n\t\t<meta name=\"twitter:description\" content=\"El presidente del Gobierno en funciones, Mariano Rajoy, ha asegurado hoy que &quot;apostar por el turismo es apostar por nuestra prosperidad conjunta&quot; y por una industria que ha llevado a Espa\u00f1a a liderar el ranking mundial de competitividad tur\u00edstica del Foro Econ\u00f3mico mundial, pasando del puesto octavo en 2011 al n\u00famero uno, y ha puesto\" \/>\n\t\t<meta name=\"twitter:image\" content=\"https:\/\/eldigitaldeasturias.com\/magazine365\/wp-content\/uploads\/2016\/01\/fotonoticia_20160119114037_800.jpg\" \/>\n\t\t<script type=\"application\/ld+json\" class=\"aioseo-schema\">\n\t\t\t{\"@context\":\"https:\\\/\\\/schema.org\",\"@graph\":[{\"@type\":\"Article\",\"@id\":\"https:\\\/\\\/eldigitaldeasturias.com\\\/magazine365\\\/rajoy-asegura-que-apostar-por-el-turismo-es-apostar-por-la-prosperidad-conjunta\\\/#article\",\"name\":\"Rajoy asegura que apostar por el turismo es apostar por \\u00abla prosperidad conjunta\\u00bb | El Digital de Asturias\",\"headline\":\"Rajoy asegura que apostar por el turismo es apostar por \\u00abla prosperidad conjunta\\u00bb\",\"author\":{\"@id\":\"https:\\\/\\\/eldigitaldeasturias.com\\\/magazine365\\\/author\\\/admin\\\/#author\"},\"publisher\":{\"@id\":\"https:\\\/\\\/eldigitaldeasturias.com\\\/magazine365\\\/#organization\"},\"image\":{\"@type\":\"ImageObject\",\"url\":\"https:\\\/\\\/eldigitaldeasturias.com\\\/magazine365\\\/wp-content\\\/uploads\\\/2016\\\/01\\\/fotonoticia_20160119114037_800.jpg\",\"width\":800,\"height\":552},\"datePublished\":\"2016-01-20T19:35:25+01:00\",\"dateModified\":\"2016-01-20T19:35:25+01:00\",\"inLanguage\":\"es-ES\",\"mainEntityOfPage\":{\"@id\":\"https:\\\/\\\/eldigitaldeasturias.com\\\/magazine365\\\/rajoy-asegura-que-apostar-por-el-turismo-es-apostar-por-la-prosperidad-conjunta\\\/#webpage\"},\"isPartOf\":{\"@id\":\"https:\\\/\\\/eldigitaldeasturias.com\\\/magazine365\\\/rajoy-asegura-que-apostar-por-el-turismo-es-apostar-por-la-prosperidad-conjunta\\\/#webpage\"},\"articleSection\":\"Noticias y Actualidad\"},{\"@type\":\"BreadcrumbList\",\"@id\":\"https:\\\/\\\/eldigitaldeasturias.com\\\/magazine365\\\/rajoy-asegura-que-apostar-por-el-turismo-es-apostar-por-la-prosperidad-conjunta\\\/#breadcrumblist\",\"itemListElement\":[{\"@type\":\"ListItem\",\"@id\":\"https:\\\/\\\/eldigitaldeasturias.com\\\/magazine365#listItem\",\"position\":1,\"name\":\"Home\",\"item\":\"https:\\\/\\\/eldigitaldeasturias.com\\\/magazine365\",\"nextItem\":{\"@type\":\"ListItem\",\"@id\":\"https:\\\/\\\/eldigitaldeasturias.com\\\/magazine365\\\/category\\\/noticias-actualidad\\\/#listItem\",\"name\":\"Noticias y Actualidad\"}},{\"@type\":\"ListItem\",\"@id\":\"https:\\\/\\\/eldigitaldeasturias.com\\\/magazine365\\\/category\\\/noticias-actualidad\\\/#listItem\",\"position\":2,\"name\":\"Noticias y Actualidad\",\"item\":\"https:\\\/\\\/eldigitaldeasturias.com\\\/magazine365\\\/category\\\/noticias-actualidad\\\/\",\"nextItem\":{\"@type\":\"ListItem\",\"@id\":\"https:\\\/\\\/eldigitaldeasturias.com\\\/magazine365\\\/rajoy-asegura-que-apostar-por-el-turismo-es-apostar-por-la-prosperidad-conjunta\\\/#listItem\",\"name\":\"Rajoy asegura que apostar por el turismo es apostar por \\u00abla prosperidad conjunta\\u00bb\"},\"previousItem\":{\"@type\":\"ListItem\",\"@id\":\"https:\\\/\\\/eldigitaldeasturias.com\\\/magazine365#listItem\",\"name\":\"Home\"}},{\"@type\":\"ListItem\",\"@id\":\"https:\\\/\\\/eldigitaldeasturias.com\\\/magazine365\\\/rajoy-asegura-que-apostar-por-el-turismo-es-apostar-por-la-prosperidad-conjunta\\\/#listItem\",\"position\":3,\"name\":\"Rajoy asegura que apostar por el turismo es apostar por \\u00abla prosperidad conjunta\\u00bb\",\"previousItem\":{\"@type\":\"ListItem\",\"@id\":\"https:\\\/\\\/eldigitaldeasturias.com\\\/magazine365\\\/category\\\/noticias-actualidad\\\/#listItem\",\"name\":\"Noticias y Actualidad\"}}]},{\"@type\":\"Organization\",\"@id\":\"https:\\\/\\\/eldigitaldeasturias.com\\\/magazine365\\\/#organization\",\"name\":\"El digital de Asturias\",\"description\":\"Revista de ocio, turismo y estilo de vida\",\"url\":\"https:\\\/\\\/eldigitaldeasturias.com\\\/magazine365\\\/\",\"logo\":{\"@type\":\"ImageObject\",\"url\":\"https:\\\/\\\/www.eldigitaldeasturias.com\\\/noticias\\\/wp-content\\\/uploads\\\/2020\\\/12\\\/EDA.jpg\",\"@id\":\"https:\\\/\\\/eldigitaldeasturias.com\\\/magazine365\\\/rajoy-asegura-que-apostar-por-el-turismo-es-apostar-por-la-prosperidad-conjunta\\\/#organizationLogo\"},\"image\":{\"@id\":\"https:\\\/\\\/eldigitaldeasturias.com\\\/magazine365\\\/rajoy-asegura-que-apostar-por-el-turismo-es-apostar-por-la-prosperidad-conjunta\\\/#organizationLogo\"}},{\"@type\":\"Person\",\"@id\":\"https:\\\/\\\/eldigitaldeasturias.com\\\/magazine365\\\/author\\\/admin\\\/#author\",\"url\":\"https:\\\/\\\/eldigitaldeasturias.com\\\/magazine365\\\/author\\\/admin\\\/\",\"name\":\"admin\",\"image\":{\"@type\":\"ImageObject\",\"@id\":\"https:\\\/\\\/eldigitaldeasturias.com\\\/magazine365\\\/rajoy-asegura-que-apostar-por-el-turismo-es-apostar-por-la-prosperidad-conjunta\\\/#authorImage\",\"url\":\"https:\\\/\\\/eldigitaldeasturias.com\\\/magazine365\\\/wp-content\\\/litespeed\\\/avatar\\\/e571bcf59a0edd6fa6838245a470f2fe.jpg?ver=1776969259\",\"width\":96,\"height\":96,\"caption\":\"admin\"}},{\"@type\":\"WebPage\",\"@id\":\"https:\\\/\\\/eldigitaldeasturias.com\\\/magazine365\\\/rajoy-asegura-que-apostar-por-el-turismo-es-apostar-por-la-prosperidad-conjunta\\\/#webpage\",\"url\":\"https:\\\/\\\/eldigitaldeasturias.com\\\/magazine365\\\/rajoy-asegura-que-apostar-por-el-turismo-es-apostar-por-la-prosperidad-conjunta\\\/\",\"name\":\"Rajoy asegura que apostar por el turismo es apostar por \\u00abla prosperidad conjunta\\u00bb | El Digital de Asturias\",\"description\":\"El presidente del Gobierno en funciones, Mariano Rajoy, ha asegurado hoy que \\\"apostar por el turismo es apostar por nuestra prosperidad conjunta\\\" y por una industria que ha llevado a Espa\\u00f1a a liderar el ranking mundial de competitividad tur\\u00edstica del Foro Econ\\u00f3mico mundial, pasando del puesto octavo en 2011 al n\\u00famero uno, y ha puesto\",\"inLanguage\":\"es-ES\",\"isPartOf\":{\"@id\":\"https:\\\/\\\/eldigitaldeasturias.com\\\/magazine365\\\/#website\"},\"breadcrumb\":{\"@id\":\"https:\\\/\\\/eldigitaldeasturias.com\\\/magazine365\\\/rajoy-asegura-que-apostar-por-el-turismo-es-apostar-por-la-prosperidad-conjunta\\\/#breadcrumblist\"},\"author\":{\"@id\":\"https:\\\/\\\/eldigitaldeasturias.com\\\/magazine365\\\/author\\\/admin\\\/#author\"},\"creator\":{\"@id\":\"https:\\\/\\\/eldigitaldeasturias.com\\\/magazine365\\\/author\\\/admin\\\/#author\"},\"image\":{\"@type\":\"ImageObject\",\"url\":\"https:\\\/\\\/eldigitaldeasturias.com\\\/magazine365\\\/wp-content\\\/uploads\\\/2016\\\/01\\\/fotonoticia_20160119114037_800.jpg\",\"@id\":\"https:\\\/\\\/eldigitaldeasturias.com\\\/magazine365\\\/rajoy-asegura-que-apostar-por-el-turismo-es-apostar-por-la-prosperidad-conjunta\\\/#mainImage\",\"width\":800,\"height\":552},\"primaryImageOfPage\":{\"@id\":\"https:\\\/\\\/eldigitaldeasturias.com\\\/magazine365\\\/rajoy-asegura-que-apostar-por-el-turismo-es-apostar-por-la-prosperidad-conjunta\\\/#mainImage\"},\"datePublished\":\"2016-01-20T19:35:25+01:00\",\"dateModified\":\"2016-01-20T19:35:25+01:00\"},{\"@type\":\"WebSite\",\"@id\":\"https:\\\/\\\/eldigitaldeasturias.com\\\/magazine365\\\/#website\",\"url\":\"https:\\\/\\\/eldigitaldeasturias.com\\\/magazine365\\\/\",\"name\":\"El Digital de Asturias\",\"description\":\"Revista de ocio, turismo y estilo de vida\",\"inLanguage\":\"es-ES\",\"publisher\":{\"@id\":\"https:\\\/\\\/eldigitaldeasturias.com\\\/magazine365\\\/#organization\"}}]}\n\t\t<\/script>\n\t\t<!-- All in One SEO Pro -->\r\n\t\t<title>Rajoy asegura que apostar por el turismo es apostar por \u00abla prosperidad conjunta\u00bb | El Digital de Asturias<\/title>\n\n","aioseo_head_json":{"title":"Rajoy asegura que apostar por el turismo es apostar por \u00abla prosperidad conjunta\u00bb | El Digital de Asturias","description":"El presidente del Gobierno en funciones, Mariano Rajoy, ha asegurado hoy que \"apostar por el turismo es apostar por nuestra prosperidad conjunta\" y por una industria que ha llevado a Espa\u00f1a a liderar el ranking mundial de competitividad tur\u00edstica del Foro Econ\u00f3mico mundial, pasando del puesto octavo en 2011 al n\u00famero uno, y ha puesto","canonical_url":"https:\/\/eldigitaldeasturias.com\/magazine365\/rajoy-asegura-que-apostar-por-el-turismo-es-apostar-por-la-prosperidad-conjunta\/","robots":"max-image-preview:large","keywords":"noticias y actualidad","webmasterTools":{"google-site-verification":"UA-38556648-1","miscellaneous":""},"schema":{"@context":"https:\/\/schema.org","@graph":[{"@type":"Article","@id":"https:\/\/eldigitaldeasturias.com\/magazine365\/rajoy-asegura-que-apostar-por-el-turismo-es-apostar-por-la-prosperidad-conjunta\/#article","name":"Rajoy asegura que apostar por el turismo es apostar por \u00abla prosperidad conjunta\u00bb | El Digital de Asturias","headline":"Rajoy asegura que apostar por el turismo es apostar por \u00abla prosperidad conjunta\u00bb","author":{"@id":"https:\/\/eldigitaldeasturias.com\/magazine365\/author\/admin\/#author"},"publisher":{"@id":"https:\/\/eldigitaldeasturias.com\/magazine365\/#organization"},"image":{"@type":"ImageObject","url":"https:\/\/eldigitaldeasturias.com\/magazine365\/wp-content\/uploads\/2016\/01\/fotonoticia_20160119114037_800.jpg","width":800,"height":552},"datePublished":"2016-01-20T19:35:25+01:00","dateModified":"2016-01-20T19:35:25+01:00","inLanguage":"es-ES","mainEntityOfPage":{"@id":"https:\/\/eldigitaldeasturias.com\/magazine365\/rajoy-asegura-que-apostar-por-el-turismo-es-apostar-por-la-prosperidad-conjunta\/#webpage"},"isPartOf":{"@id":"https:\/\/eldigitaldeasturias.com\/magazine365\/rajoy-asegura-que-apostar-por-el-turismo-es-apostar-por-la-prosperidad-conjunta\/#webpage"},"articleSection":"Noticias y Actualidad"},{"@type":"BreadcrumbList","@id":"https:\/\/eldigitaldeasturias.com\/magazine365\/rajoy-asegura-que-apostar-por-el-turismo-es-apostar-por-la-prosperidad-conjunta\/#breadcrumblist","itemListElement":[{"@type":"ListItem","@id":"https:\/\/eldigitaldeasturias.com\/magazine365#listItem","position":1,"name":"Home","item":"https:\/\/eldigitaldeasturias.com\/magazine365","nextItem":{"@type":"ListItem","@id":"https:\/\/eldigitaldeasturias.com\/magazine365\/category\/noticias-actualidad\/#listItem","name":"Noticias y Actualidad"}},{"@type":"ListItem","@id":"https:\/\/eldigitaldeasturias.com\/magazine365\/category\/noticias-actualidad\/#listItem","position":2,"name":"Noticias y Actualidad","item":"https:\/\/eldigitaldeasturias.com\/magazine365\/category\/noticias-actualidad\/","nextItem":{"@type":"ListItem","@id":"https:\/\/eldigitaldeasturias.com\/magazine365\/rajoy-asegura-que-apostar-por-el-turismo-es-apostar-por-la-prosperidad-conjunta\/#listItem","name":"Rajoy asegura que apostar por el turismo es apostar por \u00abla prosperidad conjunta\u00bb"},"previousItem":{"@type":"ListItem","@id":"https:\/\/eldigitaldeasturias.com\/magazine365#listItem","name":"Home"}},{"@type":"ListItem","@id":"https:\/\/eldigitaldeasturias.com\/magazine365\/rajoy-asegura-que-apostar-por-el-turismo-es-apostar-por-la-prosperidad-conjunta\/#listItem","position":3,"name":"Rajoy asegura que apostar por el turismo es apostar por \u00abla prosperidad conjunta\u00bb","previousItem":{"@type":"ListItem","@id":"https:\/\/eldigitaldeasturias.com\/magazine365\/category\/noticias-actualidad\/#listItem","name":"Noticias y Actualidad"}}]},{"@type":"Organization","@id":"https:\/\/eldigitaldeasturias.com\/magazine365\/#organization","name":"El digital de Asturias","description":"Revista de ocio, turismo y estilo de vida","url":"https:\/\/eldigitaldeasturias.com\/magazine365\/","logo":{"@type":"ImageObject","url":"https:\/\/www.eldigitaldeasturias.com\/noticias\/wp-content\/uploads\/2020\/12\/EDA.jpg","@id":"https:\/\/eldigitaldeasturias.com\/magazine365\/rajoy-asegura-que-apostar-por-el-turismo-es-apostar-por-la-prosperidad-conjunta\/#organizationLogo"},"image":{"@id":"https:\/\/eldigitaldeasturias.com\/magazine365\/rajoy-asegura-que-apostar-por-el-turismo-es-apostar-por-la-prosperidad-conjunta\/#organizationLogo"}},{"@type":"Person","@id":"https:\/\/eldigitaldeasturias.com\/magazine365\/author\/admin\/#author","url":"https:\/\/eldigitaldeasturias.com\/magazine365\/author\/admin\/","name":"admin","image":{"@type":"ImageObject","@id":"https:\/\/eldigitaldeasturias.com\/magazine365\/rajoy-asegura-que-apostar-por-el-turismo-es-apostar-por-la-prosperidad-conjunta\/#authorImage","url":"https:\/\/eldigitaldeasturias.com\/magazine365\/wp-content\/litespeed\/avatar\/e571bcf59a0edd6fa6838245a470f2fe.jpg?ver=1776969259","width":96,"height":96,"caption":"admin"}},{"@type":"WebPage","@id":"https:\/\/eldigitaldeasturias.com\/magazine365\/rajoy-asegura-que-apostar-por-el-turismo-es-apostar-por-la-prosperidad-conjunta\/#webpage","url":"https:\/\/eldigitaldeasturias.com\/magazine365\/rajoy-asegura-que-apostar-por-el-turismo-es-apostar-por-la-prosperidad-conjunta\/","name":"Rajoy asegura que apostar por el turismo es apostar por \u00abla prosperidad conjunta\u00bb | El Digital de Asturias","description":"El presidente del Gobierno en funciones, Mariano Rajoy, ha asegurado hoy que \"apostar por el turismo es apostar por nuestra prosperidad conjunta\" y por una industria que ha llevado a Espa\u00f1a a liderar el ranking mundial de competitividad tur\u00edstica del Foro Econ\u00f3mico mundial, pasando del puesto octavo en 2011 al n\u00famero uno, y ha puesto","inLanguage":"es-ES","isPartOf":{"@id":"https:\/\/eldigitaldeasturias.com\/magazine365\/#website"},"breadcrumb":{"@id":"https:\/\/eldigitaldeasturias.com\/magazine365\/rajoy-asegura-que-apostar-por-el-turismo-es-apostar-por-la-prosperidad-conjunta\/#breadcrumblist"},"author":{"@id":"https:\/\/eldigitaldeasturias.com\/magazine365\/author\/admin\/#author"},"creator":{"@id":"https:\/\/eldigitaldeasturias.com\/magazine365\/author\/admin\/#author"},"image":{"@type":"ImageObject","url":"https:\/\/eldigitaldeasturias.com\/magazine365\/wp-content\/uploads\/2016\/01\/fotonoticia_20160119114037_800.jpg","@id":"https:\/\/eldigitaldeasturias.com\/magazine365\/rajoy-asegura-que-apostar-por-el-turismo-es-apostar-por-la-prosperidad-conjunta\/#mainImage","width":800,"height":552},"primaryImageOfPage":{"@id":"https:\/\/eldigitaldeasturias.com\/magazine365\/rajoy-asegura-que-apostar-por-el-turismo-es-apostar-por-la-prosperidad-conjunta\/#mainImage"},"datePublished":"2016-01-20T19:35:25+01:00","dateModified":"2016-01-20T19:35:25+01:00"},{"@type":"WebSite","@id":"https:\/\/eldigitaldeasturias.com\/magazine365\/#website","url":"https:\/\/eldigitaldeasturias.com\/magazine365\/","name":"El Digital de Asturias","description":"Revista de ocio, turismo y estilo de vida","inLanguage":"es-ES","publisher":{"@id":"https:\/\/eldigitaldeasturias.com\/magazine365\/#organization"}}]},"og:locale":"es_ES","og:site_name":"El Digital de Asturias \u2013 Revista de ocio, turismo y estilo de vida","og:type":"article","og:title":"Rajoy asegura que apostar por el turismo es apostar por \u00abla prosperidad conjunta\u00bb | El Digital de Asturias","og:description":"El presidente del Gobierno en funciones, Mariano Rajoy, ha asegurado hoy que &quot;apostar por el turismo es apostar por nuestra prosperidad conjunta&quot; y por una industria que ha llevado a Espa\u00f1a a liderar el ranking mundial de competitividad tur\u00edstica del Foro Econ\u00f3mico mundial, pasando del puesto octavo en 2011 al n\u00famero uno, y ha puesto","og:url":"https:\/\/eldigitaldeasturias.com\/magazine365\/rajoy-asegura-que-apostar-por-el-turismo-es-apostar-por-la-prosperidad-conjunta\/","og:image":"https:\/\/eldigitaldeasturias.com\/magazine365\/wp-content\/uploads\/2016\/01\/fotonoticia_20160119114037_800.jpg","og:image:secure_url":"https:\/\/eldigitaldeasturias.com\/magazine365\/wp-content\/uploads\/2016\/01\/fotonoticia_20160119114037_800.jpg","og:image:width":800,"og:image:height":552,"article:published_time":"2016-01-20T18:35:25+00:00","article:modified_time":"2016-01-20T18:35:25+00:00","twitter:card":"summary_large_image","twitter:title":"Rajoy asegura que apostar por el turismo es apostar por \u00abla prosperidad conjunta\u00bb | El Digital de Asturias","twitter:description":"El presidente del Gobierno en funciones, Mariano Rajoy, ha asegurado hoy que &quot;apostar por el turismo es apostar por nuestra prosperidad conjunta&quot; y por una industria que ha llevado a Espa\u00f1a a liderar el ranking mundial de competitividad tur\u00edstica del Foro Econ\u00f3mico mundial, pasando del puesto octavo en 2011 al n\u00famero uno, y ha puesto","twitter:image":"https:\/\/eldigitaldeasturias.com\/magazine365\/wp-content\/uploads\/2016\/01\/fotonoticia_20160119114037_800.jpg"},"aioseo_meta_data":{"post_id":"61075","title":null,"description":null,"keywords":null,"keyphrases":null,"primary_term":null,"canonical_url":null,"og_title":null,"og_description":null,"og_object_type":"default","og_image_type":"default","og_image_url":null,"og_image_width":null,"og_image_height":null,"og_image_custom_url":null,"og_image_custom_fields":null,"og_video":null,"og_custom_url":null,"og_article_section":null,"og_article_tags":null,"twitter_use_og":false,"twitter_card":"default","twitter_image_type":"default","twitter_image_url":null,"twitter_image_custom_url":null,"twitter_image_custom_fields":null,"twitter_title":null,"twitter_description":null,"schema":{"blockGraphs":[],"customGraphs":[],"default":{"data":{"Article":[],"Course":[],"Dataset":[],"FAQPage":[],"Movie":[],"Person":[],"Product":[],"ProductReview":[],"Car":[],"Recipe":[],"Service":[],"SoftwareApplication":[],"WebPage":[]},"graphName":"","isEnabled":true},"graphs":[],"defaultGraph":"","defaultPostTypeGraph":""},"schema_type":null,"schema_type_options":null,"pillar_content":false,"robots_default":true,"robots_noindex":false,"robots_noarchive":false,"robots_nosnippet":false,"robots_nofollow":false,"robots_noimageindex":false,"robots_noodp":false,"robots_notranslate":false,"robots_max_snippet":null,"robots_max_videopreview":null,"robots_max_imagepreview":"large","priority":null,"frequency":null,"location":null,"local_seo":null,"seo_analyzer_scan_date":"2025-09-25 08:09:07","breadcrumb_settings":null,"limit_modified_date":false,"open_ai":null,"ai":null,"created":"2021-03-08 21:53:17","updated":"2025-09-25 08:09:07"},"aioseo_breadcrumb":"<div class=\"aioseo-breadcrumbs\"><span class=\"aioseo-breadcrumb\">\n\t<a href=\"https:\/\/eldigitaldeasturias.com\/magazine365\" title=\"Home\">Home<\/a>\n<\/span><span class=\"aioseo-breadcrumb-separator\">\u2013<\/span><span class=\"aioseo-breadcrumb\">\n\t<a href=\"https:\/\/eldigitaldeasturias.com\/magazine365\/category\/noticias-actualidad\/\" title=\"Noticias y Actualidad\">Noticias y Actualidad<\/a>\n<\/span><span class=\"aioseo-breadcrumb-separator\">\u2013<\/span><span class=\"aioseo-breadcrumb\">\n\t<a href=\"https:\/\/eldigitaldeasturias.com\/magazine365\/rajoy-asegura-que-apostar-por-el-turismo-es-apostar-por-la-prosperidad-conjunta\/\" title=\"Rajoy asegura que apostar por el turismo es apostar por \u00abla prosperidad conjunta\u00bb\">Rajoy asegura que apostar por el turismo es apostar por \u00abla prosperidad conjunta\u00bb<\/a>\n<\/span><\/div>","aioseo_breadcrumb_json":[{"label":"Home","link":"https:\/\/eldigitaldeasturias.com\/magazine365"},{"label":"Noticias y Actualidad","link":"https:\/\/eldigitaldeasturias.com\/magazine365\/category\/noticias-actualidad\/"},{"label":"Rajoy asegura que apostar por el turismo es apostar por \u00abla prosperidad conjunta\u00bb","link":"https:\/\/eldigitaldeasturias.com\/magazine365\/rajoy-asegura-que-apostar-por-el-turismo-es-apostar-por-la-prosperidad-conjunta\/"}],"_links":{"self":[{"href":"https:\/\/eldigitaldeasturias.com\/magazine365\/wp-json\/wp\/v2\/posts\/61075","targetHints":{"allow":["GET"]}}],"collection":[{"href":"https:\/\/eldigitaldeasturias.com\/magazine365\/wp-json\/wp\/v2\/posts"}],"about":[{"href":"https:\/\/eldigitaldeasturias.com\/magazine365\/wp-json\/wp\/v2\/types\/post"}],"author":[{"embeddable":true,"href":"https:\/\/eldigitaldeasturias.com\/magazine365\/wp-json\/wp\/v2\/users\/1"}],"replies":[{"embeddable":true,"href":"https:\/\/eldigitaldeasturias.com\/magazine365\/wp-json\/wp\/v2\/comments?post=61075"}],"version-history":[{"count":0,"href":"https:\/\/eldigitaldeasturias.com\/magazine365\/wp-json\/wp\/v2\/posts\/61075\/revisions"}],"wp:featuredmedia":[{"embeddable":true,"href":"https:\/\/eldigitaldeasturias.com\/magazine365\/wp-json\/wp\/v2\/media\/61076"}],"wp:attachment":[{"href":"https:\/\/eldigitaldeasturias.com\/magazine365\/wp-json\/wp\/v2\/media?parent=61075"}],"wp:term":[{"taxonomy":"category","embeddable":true,"href":"https:\/\/eldigitaldeasturias.com\/magazine365\/wp-json\/wp\/v2\/categories?post=61075"},{"taxonomy":"post_tag","embeddable":true,"href":"https:\/\/eldigitaldeasturias.com\/magazine365\/wp-json\/wp\/v2\/tags?post=61075"}],"curies":[{"name":"wp","href":"https:\/\/api.w.org\/{rel}","templated":true}]}}