{"id":61072,"date":"2016-01-20T19:34:32","date_gmt":"2016-01-20T18:34:32","guid":{"rendered":"http:\/\/eldigitaldeasturias.com\/magazine365\/?p=61072"},"modified":"2016-01-20T19:34:32","modified_gmt":"2016-01-20T18:34:32","slug":"arranca-en-sierra-nevada-la-temporada-de-esqui-alpino-para-personas-con-discapacidad","status":"publish","type":"post","link":"https:\/\/eldigitaldeasturias.com\/magazine365\/arranca-en-sierra-nevada-la-temporada-de-esqui-alpino-para-personas-con-discapacidad\/","title":{"rendered":"Arranca en Sierra Nevada la temporada de esqu\u00ed alpino para personas con discapacidad"},"content":{"rendered":"<p><img fetchpriority=\"high\" decoding=\"async\" class=\"alignleft size-medium wp-image-61073\" src=\"https:\/\/eldigitaldeasturias.com\/magazine365\/wp-content\/uploads\/2016\/01\/fotonoticia_20160119112846_800-360x270.jpg\" alt=\"fotonoticia_20160119112846_800\" width=\"360\" height=\"270\" srcset=\"https:\/\/eldigitaldeasturias.com\/magazine365\/wp-content\/uploads\/2016\/01\/fotonoticia_20160119112846_800-360x270.jpg 360w, https:\/\/eldigitaldeasturias.com\/magazine365\/wp-content\/uploads\/2016\/01\/fotonoticia_20160119112846_800-650x487.jpg 650w, https:\/\/eldigitaldeasturias.com\/magazine365\/wp-content\/uploads\/2016\/01\/fotonoticia_20160119112846_800-768x575.jpg 768w, https:\/\/eldigitaldeasturias.com\/magazine365\/wp-content\/uploads\/2016\/01\/fotonoticia_20160119112846_800-150x112.jpg 150w, https:\/\/eldigitaldeasturias.com\/magazine365\/wp-content\/uploads\/2016\/01\/fotonoticia_20160119112846_800-450x337.jpg 450w, https:\/\/eldigitaldeasturias.com\/magazine365\/wp-content\/uploads\/2016\/01\/fotonoticia_20160119112846_800-80x60.jpg 80w, https:\/\/eldigitaldeasturias.com\/magazine365\/wp-content\/uploads\/2016\/01\/fotonoticia_20160119112846_800-265x198.jpg 265w, https:\/\/eldigitaldeasturias.com\/magazine365\/wp-content\/uploads\/2016\/01\/fotonoticia_20160119112846_800-696x521.jpg 696w, https:\/\/eldigitaldeasturias.com\/magazine365\/wp-content\/uploads\/2016\/01\/fotonoticia_20160119112846_800-561x420.jpg 561w, https:\/\/eldigitaldeasturias.com\/magazine365\/wp-content\/uploads\/2016\/01\/fotonoticia_20160119112846_800-90x67.jpg 90w, https:\/\/eldigitaldeasturias.com\/magazine365\/wp-content\/uploads\/2016\/01\/fotonoticia_20160119112846_800-164x124.jpg 164w, https:\/\/eldigitaldeasturias.com\/magazine365\/wp-content\/uploads\/2016\/01\/fotonoticia_20160119112846_800-100x75.jpg 100w, https:\/\/eldigitaldeasturias.com\/magazine365\/wp-content\/uploads\/2016\/01\/fotonoticia_20160119112846_800.jpg 800w\" sizes=\"(max-width: 360px) 100vw, 360px\" \/>La estaci\u00f3n de esqu\u00ed de Sierra Nevada recibe, un a\u00f1o m\u00e1s, a la Fundaci\u00f3n Deporte y Desaf\u00edo y sus cursos de esqu\u00ed alpino para personas con discapacidad, en el marco de una temporada que arranca con dos cursos patrocinados por El Corte Ingl\u00e9s y Fundaci\u00f3n Telef\u00f3nica.<\/p>\n<p>El primero de ellos comenz\u00f3 este lunes 18 de enero y se desarrollar\u00e1 hasta el viernes 22, periodo en el que 12 personas con todo tipo de discapacidad disfrutar\u00e1n de una semana de nieve y sol.<\/p>\n<p>El segundo, se desarrollar\u00e1 durante ese mismo fin de semana, en el que voluntarios de Telef\u00f3nica acompa\u00f1ar\u00e1n a los participantes en las tres horas diarias de esqu\u00ed de la ma\u00f1ana, asisti\u00e9ndoles en las pistas y disfrutando con ellos de la pr\u00e1ctica de este deporte.<\/p>\n<p>Estos ser\u00e1n los primeros de los seis cursos que La Fundaci\u00f3n Deporte y Desaf\u00edo organizar\u00e1 esta temporada &#8211;hasta el pr\u00f3ximo mes de abril&#8211; para que personas con todo tipo de discapacidad puedan practicar esta disciplina ajustada a sus necesidades.<\/p>\n<p>Para ello, estar\u00e1n acompa\u00f1ados de una red de profesores formados, cualificados y con a\u00f1os de experiencia en esta modalidad, que dedicar\u00e1n sus esfuerzos durante una semana para que los participantes aprendan todo lo que este deporte puede ofrecerles.<\/p>\n<p>Con estos cursos de esqu\u00ed, la Fundaci\u00f3n Deporte y Desaf\u00edo busca lograr que personas con discapacidad puedan practicar esta disciplina adaptada a cada uno de los participantes. Los que ya han disfrutado de este deporte podr\u00e1n seguir mejorando la t\u00e9cnica, mientras que para los nuevos el reto estar\u00e1 en lograr introducirles en una nueva modalidad deportiva.<\/p>\n<p>La Fundaci\u00f3n Deporte y Desaf\u00edo es una instituci\u00f3n privada sin \u00e1nimo de lucro que tiene como objetivo la integraci\u00f3n social de las personas con discapacidad f\u00edsica, intelectual o sensorial, a trav\u00e9s del deporte.<\/p>\n<p>Contribuye tambi\u00e9n a la formaci\u00f3n profesional e inserci\u00f3n laboral de sus participantes, compaginando la organizaci\u00f3n de actividades deportivas con cursos enfocados a su integraci\u00f3n en el mercado de trabajo, posibilitando de esta forma su completa integraci\u00f3n.<\/p>\n","protected":false},"excerpt":{"rendered":"<p>La estaci\u00f3n de esqu\u00ed de Sierra Nevada recibe, un a\u00f1o m\u00e1s, a la Fundaci\u00f3n Deporte y Desaf\u00edo y sus cursos de esqu\u00ed alpino para personas con discapacidad, en el marco de una temporada que arranca con dos cursos patrocinados por El Corte Ingl\u00e9s y Fundaci\u00f3n Telef\u00f3nica. El primero de ellos comenz\u00f3 este lunes 18 de<\/p>\n","protected":false},"author":1,"featured_media":61073,"comment_status":"open","ping_status":"closed","sticky":false,"template":"","format":"standard","meta":{"footnotes":""},"categories":[224],"tags":[],"class_list":{"0":"post-61072","1":"post","2":"type-post","3":"status-publish","4":"format-standard","5":"has-post-thumbnail","7":"category-noticias-actualidad"},"aioseo_notices":[],"aioseo_head":"\n\t\t<!-- All in One SEO Pro 4.9.6.1 - aioseo.com -->\n\t<meta name=\"description\" content=\"La estaci\u00f3n de esqu\u00ed de Sierra Nevada recibe, un a\u00f1o m\u00e1s, a la Fundaci\u00f3n Deporte y Desaf\u00edo y sus cursos de esqu\u00ed alpino para personas con discapacidad, en el marco de una temporada que arranca con dos cursos patrocinados por El Corte Ingl\u00e9s y Fundaci\u00f3n Telef\u00f3nica. El primero de ellos comenz\u00f3 este lunes 18 de\" \/>\n\t<meta name=\"robots\" content=\"max-image-preview:large\" \/>\n\t<meta name=\"author\" content=\"admin\"\/>\n\t<meta name=\"google-site-verification\" content=\"UA-38556648-1\" \/>\n\t<meta name=\"keywords\" content=\"noticias y actualidad\" \/>\n\t<link rel=\"canonical\" href=\"https:\/\/eldigitaldeasturias.com\/magazine365\/arranca-en-sierra-nevada-la-temporada-de-esqui-alpino-para-personas-con-discapacidad\/\" \/>\n\t<meta name=\"generator\" content=\"All in One SEO Pro (AIOSEO) 4.9.6.1\" \/>\n\t\t<meta property=\"og:locale\" content=\"es_ES\" \/>\n\t\t<meta property=\"og:site_name\" content=\"El Digital de Asturias \u2013 Revista de ocio, turismo y estilo de vida\" \/>\n\t\t<meta property=\"og:type\" content=\"article\" \/>\n\t\t<meta property=\"og:title\" content=\"Arranca en Sierra Nevada la temporada de esqu\u00ed alpino para personas con discapacidad | El Digital de Asturias\" \/>\n\t\t<meta property=\"og:description\" content=\"La estaci\u00f3n de esqu\u00ed de Sierra Nevada recibe, un a\u00f1o m\u00e1s, a la Fundaci\u00f3n Deporte y Desaf\u00edo y sus cursos de esqu\u00ed alpino para personas con discapacidad, en el marco de una temporada que arranca con dos cursos patrocinados por El Corte Ingl\u00e9s y Fundaci\u00f3n Telef\u00f3nica. El primero de ellos comenz\u00f3 este lunes 18 de\" \/>\n\t\t<meta property=\"og:url\" content=\"https:\/\/eldigitaldeasturias.com\/magazine365\/arranca-en-sierra-nevada-la-temporada-de-esqui-alpino-para-personas-con-discapacidad\/\" \/>\n\t\t<meta property=\"og:image\" content=\"https:\/\/eldigitaldeasturias.com\/magazine365\/wp-content\/uploads\/2016\/01\/fotonoticia_20160119112846_800.jpg\" \/>\n\t\t<meta property=\"og:image:secure_url\" content=\"https:\/\/eldigitaldeasturias.com\/magazine365\/wp-content\/uploads\/2016\/01\/fotonoticia_20160119112846_800.jpg\" \/>\n\t\t<meta property=\"og:image:width\" content=\"800\" \/>\n\t\t<meta property=\"og:image:height\" content=\"599\" \/>\n\t\t<meta property=\"article:published_time\" content=\"2016-01-20T18:34:32+00:00\" \/>\n\t\t<meta property=\"article:modified_time\" content=\"2016-01-20T18:34:32+00:00\" \/>\n\t\t<meta name=\"twitter:card\" content=\"summary_large_image\" \/>\n\t\t<meta name=\"twitter:title\" content=\"Arranca en Sierra Nevada la temporada de esqu\u00ed alpino para personas con discapacidad | El Digital de Asturias\" \/>\n\t\t<meta name=\"twitter:description\" content=\"La estaci\u00f3n de esqu\u00ed de Sierra Nevada recibe, un a\u00f1o m\u00e1s, a la Fundaci\u00f3n Deporte y Desaf\u00edo y sus cursos de esqu\u00ed alpino para personas con discapacidad, en el marco de una temporada que arranca con dos cursos patrocinados por El Corte Ingl\u00e9s y Fundaci\u00f3n Telef\u00f3nica. El primero de ellos comenz\u00f3 este lunes 18 de\" \/>\n\t\t<meta name=\"twitter:image\" content=\"https:\/\/eldigitaldeasturias.com\/magazine365\/wp-content\/uploads\/2016\/01\/fotonoticia_20160119112846_800.jpg\" \/>\n\t\t<script type=\"application\/ld+json\" class=\"aioseo-schema\">\n\t\t\t{\"@context\":\"https:\\\/\\\/schema.org\",\"@graph\":[{\"@type\":\"Article\",\"@id\":\"https:\\\/\\\/eldigitaldeasturias.com\\\/magazine365\\\/arranca-en-sierra-nevada-la-temporada-de-esqui-alpino-para-personas-con-discapacidad\\\/#article\",\"name\":\"Arranca en Sierra Nevada la temporada de esqu\\u00ed alpino para personas con discapacidad | El Digital de Asturias\",\"headline\":\"Arranca en Sierra Nevada la temporada de esqu\\u00ed alpino para personas con discapacidad\",\"author\":{\"@id\":\"https:\\\/\\\/eldigitaldeasturias.com\\\/magazine365\\\/author\\\/admin\\\/#author\"},\"publisher\":{\"@id\":\"https:\\\/\\\/eldigitaldeasturias.com\\\/magazine365\\\/#organization\"},\"image\":{\"@type\":\"ImageObject\",\"url\":\"https:\\\/\\\/eldigitaldeasturias.com\\\/magazine365\\\/wp-content\\\/uploads\\\/2016\\\/01\\\/fotonoticia_20160119112846_800.jpg\",\"width\":800,\"height\":599},\"datePublished\":\"2016-01-20T19:34:32+01:00\",\"dateModified\":\"2016-01-20T19:34:32+01:00\",\"inLanguage\":\"es-ES\",\"mainEntityOfPage\":{\"@id\":\"https:\\\/\\\/eldigitaldeasturias.com\\\/magazine365\\\/arranca-en-sierra-nevada-la-temporada-de-esqui-alpino-para-personas-con-discapacidad\\\/#webpage\"},\"isPartOf\":{\"@id\":\"https:\\\/\\\/eldigitaldeasturias.com\\\/magazine365\\\/arranca-en-sierra-nevada-la-temporada-de-esqui-alpino-para-personas-con-discapacidad\\\/#webpage\"},\"articleSection\":\"Noticias y Actualidad\"},{\"@type\":\"BreadcrumbList\",\"@id\":\"https:\\\/\\\/eldigitaldeasturias.com\\\/magazine365\\\/arranca-en-sierra-nevada-la-temporada-de-esqui-alpino-para-personas-con-discapacidad\\\/#breadcrumblist\",\"itemListElement\":[{\"@type\":\"ListItem\",\"@id\":\"https:\\\/\\\/eldigitaldeasturias.com\\\/magazine365#listItem\",\"position\":1,\"name\":\"Home\",\"item\":\"https:\\\/\\\/eldigitaldeasturias.com\\\/magazine365\",\"nextItem\":{\"@type\":\"ListItem\",\"@id\":\"https:\\\/\\\/eldigitaldeasturias.com\\\/magazine365\\\/category\\\/noticias-actualidad\\\/#listItem\",\"name\":\"Noticias y Actualidad\"}},{\"@type\":\"ListItem\",\"@id\":\"https:\\\/\\\/eldigitaldeasturias.com\\\/magazine365\\\/category\\\/noticias-actualidad\\\/#listItem\",\"position\":2,\"name\":\"Noticias y Actualidad\",\"item\":\"https:\\\/\\\/eldigitaldeasturias.com\\\/magazine365\\\/category\\\/noticias-actualidad\\\/\",\"nextItem\":{\"@type\":\"ListItem\",\"@id\":\"https:\\\/\\\/eldigitaldeasturias.com\\\/magazine365\\\/arranca-en-sierra-nevada-la-temporada-de-esqui-alpino-para-personas-con-discapacidad\\\/#listItem\",\"name\":\"Arranca en Sierra Nevada la temporada de esqu\\u00ed alpino para personas con discapacidad\"},\"previousItem\":{\"@type\":\"ListItem\",\"@id\":\"https:\\\/\\\/eldigitaldeasturias.com\\\/magazine365#listItem\",\"name\":\"Home\"}},{\"@type\":\"ListItem\",\"@id\":\"https:\\\/\\\/eldigitaldeasturias.com\\\/magazine365\\\/arranca-en-sierra-nevada-la-temporada-de-esqui-alpino-para-personas-con-discapacidad\\\/#listItem\",\"position\":3,\"name\":\"Arranca en Sierra Nevada la temporada de esqu\\u00ed alpino para personas con discapacidad\",\"previousItem\":{\"@type\":\"ListItem\",\"@id\":\"https:\\\/\\\/eldigitaldeasturias.com\\\/magazine365\\\/category\\\/noticias-actualidad\\\/#listItem\",\"name\":\"Noticias y Actualidad\"}}]},{\"@type\":\"Organization\",\"@id\":\"https:\\\/\\\/eldigitaldeasturias.com\\\/magazine365\\\/#organization\",\"name\":\"El digital de Asturias\",\"description\":\"Revista de ocio, turismo y estilo de vida\",\"url\":\"https:\\\/\\\/eldigitaldeasturias.com\\\/magazine365\\\/\",\"logo\":{\"@type\":\"ImageObject\",\"url\":\"https:\\\/\\\/www.eldigitaldeasturias.com\\\/noticias\\\/wp-content\\\/uploads\\\/2020\\\/12\\\/EDA.jpg\",\"@id\":\"https:\\\/\\\/eldigitaldeasturias.com\\\/magazine365\\\/arranca-en-sierra-nevada-la-temporada-de-esqui-alpino-para-personas-con-discapacidad\\\/#organizationLogo\"},\"image\":{\"@id\":\"https:\\\/\\\/eldigitaldeasturias.com\\\/magazine365\\\/arranca-en-sierra-nevada-la-temporada-de-esqui-alpino-para-personas-con-discapacidad\\\/#organizationLogo\"}},{\"@type\":\"Person\",\"@id\":\"https:\\\/\\\/eldigitaldeasturias.com\\\/magazine365\\\/author\\\/admin\\\/#author\",\"url\":\"https:\\\/\\\/eldigitaldeasturias.com\\\/magazine365\\\/author\\\/admin\\\/\",\"name\":\"admin\",\"image\":{\"@type\":\"ImageObject\",\"@id\":\"https:\\\/\\\/eldigitaldeasturias.com\\\/magazine365\\\/arranca-en-sierra-nevada-la-temporada-de-esqui-alpino-para-personas-con-discapacidad\\\/#authorImage\",\"url\":\"https:\\\/\\\/eldigitaldeasturias.com\\\/magazine365\\\/wp-content\\\/litespeed\\\/avatar\\\/e571bcf59a0edd6fa6838245a470f2fe.jpg?ver=1776969259\",\"width\":96,\"height\":96,\"caption\":\"admin\"}},{\"@type\":\"WebPage\",\"@id\":\"https:\\\/\\\/eldigitaldeasturias.com\\\/magazine365\\\/arranca-en-sierra-nevada-la-temporada-de-esqui-alpino-para-personas-con-discapacidad\\\/#webpage\",\"url\":\"https:\\\/\\\/eldigitaldeasturias.com\\\/magazine365\\\/arranca-en-sierra-nevada-la-temporada-de-esqui-alpino-para-personas-con-discapacidad\\\/\",\"name\":\"Arranca en Sierra Nevada la temporada de esqu\\u00ed alpino para personas con discapacidad | El Digital de Asturias\",\"description\":\"La estaci\\u00f3n de esqu\\u00ed de Sierra Nevada recibe, un a\\u00f1o m\\u00e1s, a la Fundaci\\u00f3n Deporte y Desaf\\u00edo y sus cursos de esqu\\u00ed alpino para personas con discapacidad, en el marco de una temporada que arranca con dos cursos patrocinados por El Corte Ingl\\u00e9s y Fundaci\\u00f3n Telef\\u00f3nica. El primero de ellos comenz\\u00f3 este lunes 18 de\",\"inLanguage\":\"es-ES\",\"isPartOf\":{\"@id\":\"https:\\\/\\\/eldigitaldeasturias.com\\\/magazine365\\\/#website\"},\"breadcrumb\":{\"@id\":\"https:\\\/\\\/eldigitaldeasturias.com\\\/magazine365\\\/arranca-en-sierra-nevada-la-temporada-de-esqui-alpino-para-personas-con-discapacidad\\\/#breadcrumblist\"},\"author\":{\"@id\":\"https:\\\/\\\/eldigitaldeasturias.com\\\/magazine365\\\/author\\\/admin\\\/#author\"},\"creator\":{\"@id\":\"https:\\\/\\\/eldigitaldeasturias.com\\\/magazine365\\\/author\\\/admin\\\/#author\"},\"image\":{\"@type\":\"ImageObject\",\"url\":\"https:\\\/\\\/eldigitaldeasturias.com\\\/magazine365\\\/wp-content\\\/uploads\\\/2016\\\/01\\\/fotonoticia_20160119112846_800.jpg\",\"@id\":\"https:\\\/\\\/eldigitaldeasturias.com\\\/magazine365\\\/arranca-en-sierra-nevada-la-temporada-de-esqui-alpino-para-personas-con-discapacidad\\\/#mainImage\",\"width\":800,\"height\":599},\"primaryImageOfPage\":{\"@id\":\"https:\\\/\\\/eldigitaldeasturias.com\\\/magazine365\\\/arranca-en-sierra-nevada-la-temporada-de-esqui-alpino-para-personas-con-discapacidad\\\/#mainImage\"},\"datePublished\":\"2016-01-20T19:34:32+01:00\",\"dateModified\":\"2016-01-20T19:34:32+01:00\"},{\"@type\":\"WebSite\",\"@id\":\"https:\\\/\\\/eldigitaldeasturias.com\\\/magazine365\\\/#website\",\"url\":\"https:\\\/\\\/eldigitaldeasturias.com\\\/magazine365\\\/\",\"name\":\"El Digital de Asturias\",\"description\":\"Revista de ocio, turismo y estilo de vida\",\"inLanguage\":\"es-ES\",\"publisher\":{\"@id\":\"https:\\\/\\\/eldigitaldeasturias.com\\\/magazine365\\\/#organization\"}}]}\n\t\t<\/script>\n\t\t<!-- All in One SEO Pro -->\r\n\t\t<title>Arranca en Sierra Nevada la temporada de esqu\u00ed alpino para personas con discapacidad | El Digital de Asturias<\/title>\n\n","aioseo_head_json":{"title":"Arranca en Sierra Nevada la temporada de esqu\u00ed alpino para personas con discapacidad | El Digital de Asturias","description":"La estaci\u00f3n de esqu\u00ed de Sierra Nevada recibe, un a\u00f1o m\u00e1s, a la Fundaci\u00f3n Deporte y Desaf\u00edo y sus cursos de esqu\u00ed alpino para personas con discapacidad, en el marco de una temporada que arranca con dos cursos patrocinados por El Corte Ingl\u00e9s y Fundaci\u00f3n Telef\u00f3nica. El primero de ellos comenz\u00f3 este lunes 18 de","canonical_url":"https:\/\/eldigitaldeasturias.com\/magazine365\/arranca-en-sierra-nevada-la-temporada-de-esqui-alpino-para-personas-con-discapacidad\/","robots":"max-image-preview:large","keywords":"noticias y actualidad","webmasterTools":{"google-site-verification":"UA-38556648-1","miscellaneous":""},"schema":{"@context":"https:\/\/schema.org","@graph":[{"@type":"Article","@id":"https:\/\/eldigitaldeasturias.com\/magazine365\/arranca-en-sierra-nevada-la-temporada-de-esqui-alpino-para-personas-con-discapacidad\/#article","name":"Arranca en Sierra Nevada la temporada de esqu\u00ed alpino para personas con discapacidad | El Digital de Asturias","headline":"Arranca en Sierra Nevada la temporada de esqu\u00ed alpino para personas con discapacidad","author":{"@id":"https:\/\/eldigitaldeasturias.com\/magazine365\/author\/admin\/#author"},"publisher":{"@id":"https:\/\/eldigitaldeasturias.com\/magazine365\/#organization"},"image":{"@type":"ImageObject","url":"https:\/\/eldigitaldeasturias.com\/magazine365\/wp-content\/uploads\/2016\/01\/fotonoticia_20160119112846_800.jpg","width":800,"height":599},"datePublished":"2016-01-20T19:34:32+01:00","dateModified":"2016-01-20T19:34:32+01:00","inLanguage":"es-ES","mainEntityOfPage":{"@id":"https:\/\/eldigitaldeasturias.com\/magazine365\/arranca-en-sierra-nevada-la-temporada-de-esqui-alpino-para-personas-con-discapacidad\/#webpage"},"isPartOf":{"@id":"https:\/\/eldigitaldeasturias.com\/magazine365\/arranca-en-sierra-nevada-la-temporada-de-esqui-alpino-para-personas-con-discapacidad\/#webpage"},"articleSection":"Noticias y Actualidad"},{"@type":"BreadcrumbList","@id":"https:\/\/eldigitaldeasturias.com\/magazine365\/arranca-en-sierra-nevada-la-temporada-de-esqui-alpino-para-personas-con-discapacidad\/#breadcrumblist","itemListElement":[{"@type":"ListItem","@id":"https:\/\/eldigitaldeasturias.com\/magazine365#listItem","position":1,"name":"Home","item":"https:\/\/eldigitaldeasturias.com\/magazine365","nextItem":{"@type":"ListItem","@id":"https:\/\/eldigitaldeasturias.com\/magazine365\/category\/noticias-actualidad\/#listItem","name":"Noticias y Actualidad"}},{"@type":"ListItem","@id":"https:\/\/eldigitaldeasturias.com\/magazine365\/category\/noticias-actualidad\/#listItem","position":2,"name":"Noticias y Actualidad","item":"https:\/\/eldigitaldeasturias.com\/magazine365\/category\/noticias-actualidad\/","nextItem":{"@type":"ListItem","@id":"https:\/\/eldigitaldeasturias.com\/magazine365\/arranca-en-sierra-nevada-la-temporada-de-esqui-alpino-para-personas-con-discapacidad\/#listItem","name":"Arranca en Sierra Nevada la temporada de esqu\u00ed alpino para personas con discapacidad"},"previousItem":{"@type":"ListItem","@id":"https:\/\/eldigitaldeasturias.com\/magazine365#listItem","name":"Home"}},{"@type":"ListItem","@id":"https:\/\/eldigitaldeasturias.com\/magazine365\/arranca-en-sierra-nevada-la-temporada-de-esqui-alpino-para-personas-con-discapacidad\/#listItem","position":3,"name":"Arranca en Sierra Nevada la temporada de esqu\u00ed alpino para personas con discapacidad","previousItem":{"@type":"ListItem","@id":"https:\/\/eldigitaldeasturias.com\/magazine365\/category\/noticias-actualidad\/#listItem","name":"Noticias y Actualidad"}}]},{"@type":"Organization","@id":"https:\/\/eldigitaldeasturias.com\/magazine365\/#organization","name":"El digital de Asturias","description":"Revista de ocio, turismo y estilo de vida","url":"https:\/\/eldigitaldeasturias.com\/magazine365\/","logo":{"@type":"ImageObject","url":"https:\/\/www.eldigitaldeasturias.com\/noticias\/wp-content\/uploads\/2020\/12\/EDA.jpg","@id":"https:\/\/eldigitaldeasturias.com\/magazine365\/arranca-en-sierra-nevada-la-temporada-de-esqui-alpino-para-personas-con-discapacidad\/#organizationLogo"},"image":{"@id":"https:\/\/eldigitaldeasturias.com\/magazine365\/arranca-en-sierra-nevada-la-temporada-de-esqui-alpino-para-personas-con-discapacidad\/#organizationLogo"}},{"@type":"Person","@id":"https:\/\/eldigitaldeasturias.com\/magazine365\/author\/admin\/#author","url":"https:\/\/eldigitaldeasturias.com\/magazine365\/author\/admin\/","name":"admin","image":{"@type":"ImageObject","@id":"https:\/\/eldigitaldeasturias.com\/magazine365\/arranca-en-sierra-nevada-la-temporada-de-esqui-alpino-para-personas-con-discapacidad\/#authorImage","url":"https:\/\/eldigitaldeasturias.com\/magazine365\/wp-content\/litespeed\/avatar\/e571bcf59a0edd6fa6838245a470f2fe.jpg?ver=1776969259","width":96,"height":96,"caption":"admin"}},{"@type":"WebPage","@id":"https:\/\/eldigitaldeasturias.com\/magazine365\/arranca-en-sierra-nevada-la-temporada-de-esqui-alpino-para-personas-con-discapacidad\/#webpage","url":"https:\/\/eldigitaldeasturias.com\/magazine365\/arranca-en-sierra-nevada-la-temporada-de-esqui-alpino-para-personas-con-discapacidad\/","name":"Arranca en Sierra Nevada la temporada de esqu\u00ed alpino para personas con discapacidad | El Digital de Asturias","description":"La estaci\u00f3n de esqu\u00ed de Sierra Nevada recibe, un a\u00f1o m\u00e1s, a la Fundaci\u00f3n Deporte y Desaf\u00edo y sus cursos de esqu\u00ed alpino para personas con discapacidad, en el marco de una temporada que arranca con dos cursos patrocinados por El Corte Ingl\u00e9s y Fundaci\u00f3n Telef\u00f3nica. El primero de ellos comenz\u00f3 este lunes 18 de","inLanguage":"es-ES","isPartOf":{"@id":"https:\/\/eldigitaldeasturias.com\/magazine365\/#website"},"breadcrumb":{"@id":"https:\/\/eldigitaldeasturias.com\/magazine365\/arranca-en-sierra-nevada-la-temporada-de-esqui-alpino-para-personas-con-discapacidad\/#breadcrumblist"},"author":{"@id":"https:\/\/eldigitaldeasturias.com\/magazine365\/author\/admin\/#author"},"creator":{"@id":"https:\/\/eldigitaldeasturias.com\/magazine365\/author\/admin\/#author"},"image":{"@type":"ImageObject","url":"https:\/\/eldigitaldeasturias.com\/magazine365\/wp-content\/uploads\/2016\/01\/fotonoticia_20160119112846_800.jpg","@id":"https:\/\/eldigitaldeasturias.com\/magazine365\/arranca-en-sierra-nevada-la-temporada-de-esqui-alpino-para-personas-con-discapacidad\/#mainImage","width":800,"height":599},"primaryImageOfPage":{"@id":"https:\/\/eldigitaldeasturias.com\/magazine365\/arranca-en-sierra-nevada-la-temporada-de-esqui-alpino-para-personas-con-discapacidad\/#mainImage"},"datePublished":"2016-01-20T19:34:32+01:00","dateModified":"2016-01-20T19:34:32+01:00"},{"@type":"WebSite","@id":"https:\/\/eldigitaldeasturias.com\/magazine365\/#website","url":"https:\/\/eldigitaldeasturias.com\/magazine365\/","name":"El Digital de Asturias","description":"Revista de ocio, turismo y estilo de vida","inLanguage":"es-ES","publisher":{"@id":"https:\/\/eldigitaldeasturias.com\/magazine365\/#organization"}}]},"og:locale":"es_ES","og:site_name":"El Digital de Asturias \u2013 Revista de ocio, turismo y estilo de vida","og:type":"article","og:title":"Arranca en Sierra Nevada la temporada de esqu\u00ed alpino para personas con discapacidad | El Digital de Asturias","og:description":"La estaci\u00f3n de esqu\u00ed de Sierra Nevada recibe, un a\u00f1o m\u00e1s, a la Fundaci\u00f3n Deporte y Desaf\u00edo y sus cursos de esqu\u00ed alpino para personas con discapacidad, en el marco de una temporada que arranca con dos cursos patrocinados por El Corte Ingl\u00e9s y Fundaci\u00f3n Telef\u00f3nica. El primero de ellos comenz\u00f3 este lunes 18 de","og:url":"https:\/\/eldigitaldeasturias.com\/magazine365\/arranca-en-sierra-nevada-la-temporada-de-esqui-alpino-para-personas-con-discapacidad\/","og:image":"https:\/\/eldigitaldeasturias.com\/magazine365\/wp-content\/uploads\/2016\/01\/fotonoticia_20160119112846_800.jpg","og:image:secure_url":"https:\/\/eldigitaldeasturias.com\/magazine365\/wp-content\/uploads\/2016\/01\/fotonoticia_20160119112846_800.jpg","og:image:width":800,"og:image:height":599,"article:published_time":"2016-01-20T18:34:32+00:00","article:modified_time":"2016-01-20T18:34:32+00:00","twitter:card":"summary_large_image","twitter:title":"Arranca en Sierra Nevada la temporada de esqu\u00ed alpino para personas con discapacidad | El Digital de Asturias","twitter:description":"La estaci\u00f3n de esqu\u00ed de Sierra Nevada recibe, un a\u00f1o m\u00e1s, a la Fundaci\u00f3n Deporte y Desaf\u00edo y sus cursos de esqu\u00ed alpino para personas con discapacidad, en el marco de una temporada que arranca con dos cursos patrocinados por El Corte Ingl\u00e9s y Fundaci\u00f3n Telef\u00f3nica. El primero de ellos comenz\u00f3 este lunes 18 de","twitter:image":"https:\/\/eldigitaldeasturias.com\/magazine365\/wp-content\/uploads\/2016\/01\/fotonoticia_20160119112846_800.jpg"},"aioseo_meta_data":{"post_id":"61072","title":null,"description":null,"keywords":null,"keyphrases":null,"primary_term":null,"canonical_url":null,"og_title":null,"og_description":null,"og_object_type":"default","og_image_type":"default","og_image_url":null,"og_image_width":null,"og_image_height":null,"og_image_custom_url":null,"og_image_custom_fields":null,"og_video":null,"og_custom_url":null,"og_article_section":null,"og_article_tags":null,"twitter_use_og":false,"twitter_card":"default","twitter_image_type":"default","twitter_image_url":null,"twitter_image_custom_url":null,"twitter_image_custom_fields":null,"twitter_title":null,"twitter_description":null,"schema":{"blockGraphs":[],"customGraphs":[],"default":{"data":{"Article":[],"Course":[],"Dataset":[],"FAQPage":[],"Movie":[],"Person":[],"Product":[],"ProductReview":[],"Car":[],"Recipe":[],"Service":[],"SoftwareApplication":[],"WebPage":[]},"graphName":"","isEnabled":true},"graphs":[],"defaultGraph":"","defaultPostTypeGraph":""},"schema_type":null,"schema_type_options":null,"pillar_content":false,"robots_default":true,"robots_noindex":false,"robots_noarchive":false,"robots_nosnippet":false,"robots_nofollow":false,"robots_noimageindex":false,"robots_noodp":false,"robots_notranslate":false,"robots_max_snippet":null,"robots_max_videopreview":null,"robots_max_imagepreview":"large","priority":null,"frequency":null,"location":null,"local_seo":null,"seo_analyzer_scan_date":"2025-09-25 08:09:06","breadcrumb_settings":null,"limit_modified_date":false,"open_ai":null,"ai":null,"created":"2021-03-08 21:53:17","updated":"2025-09-25 08:09:06"},"aioseo_breadcrumb":"<div class=\"aioseo-breadcrumbs\"><span class=\"aioseo-breadcrumb\">\n\t<a href=\"https:\/\/eldigitaldeasturias.com\/magazine365\" title=\"Home\">Home<\/a>\n<\/span><span class=\"aioseo-breadcrumb-separator\">\u2013<\/span><span class=\"aioseo-breadcrumb\">\n\t<a href=\"https:\/\/eldigitaldeasturias.com\/magazine365\/category\/noticias-actualidad\/\" title=\"Noticias y Actualidad\">Noticias y Actualidad<\/a>\n<\/span><span class=\"aioseo-breadcrumb-separator\">\u2013<\/span><span class=\"aioseo-breadcrumb\">\n\t<a href=\"https:\/\/eldigitaldeasturias.com\/magazine365\/arranca-en-sierra-nevada-la-temporada-de-esqui-alpino-para-personas-con-discapacidad\/\" title=\"Arranca en Sierra Nevada la temporada de esqu\u00ed alpino para personas con discapacidad\">Arranca en Sierra Nevada la temporada de esqu\u00ed alpino para personas con discapacidad<\/a>\n<\/span><\/div>","aioseo_breadcrumb_json":[{"label":"Home","link":"https:\/\/eldigitaldeasturias.com\/magazine365"},{"label":"Noticias y Actualidad","link":"https:\/\/eldigitaldeasturias.com\/magazine365\/category\/noticias-actualidad\/"},{"label":"Arranca en Sierra Nevada la temporada de esqu\u00ed alpino para personas con discapacidad","link":"https:\/\/eldigitaldeasturias.com\/magazine365\/arranca-en-sierra-nevada-la-temporada-de-esqui-alpino-para-personas-con-discapacidad\/"}],"_links":{"self":[{"href":"https:\/\/eldigitaldeasturias.com\/magazine365\/wp-json\/wp\/v2\/posts\/61072","targetHints":{"allow":["GET"]}}],"collection":[{"href":"https:\/\/eldigitaldeasturias.com\/magazine365\/wp-json\/wp\/v2\/posts"}],"about":[{"href":"https:\/\/eldigitaldeasturias.com\/magazine365\/wp-json\/wp\/v2\/types\/post"}],"author":[{"embeddable":true,"href":"https:\/\/eldigitaldeasturias.com\/magazine365\/wp-json\/wp\/v2\/users\/1"}],"replies":[{"embeddable":true,"href":"https:\/\/eldigitaldeasturias.com\/magazine365\/wp-json\/wp\/v2\/comments?post=61072"}],"version-history":[{"count":0,"href":"https:\/\/eldigitaldeasturias.com\/magazine365\/wp-json\/wp\/v2\/posts\/61072\/revisions"}],"wp:featuredmedia":[{"embeddable":true,"href":"https:\/\/eldigitaldeasturias.com\/magazine365\/wp-json\/wp\/v2\/media\/61073"}],"wp:attachment":[{"href":"https:\/\/eldigitaldeasturias.com\/magazine365\/wp-json\/wp\/v2\/media?parent=61072"}],"wp:term":[{"taxonomy":"category","embeddable":true,"href":"https:\/\/eldigitaldeasturias.com\/magazine365\/wp-json\/wp\/v2\/categories?post=61072"},{"taxonomy":"post_tag","embeddable":true,"href":"https:\/\/eldigitaldeasturias.com\/magazine365\/wp-json\/wp\/v2\/tags?post=61072"}],"curies":[{"name":"wp","href":"https:\/\/api.w.org\/{rel}","templated":true}]}}