{"id":61069,"date":"2016-01-20T19:33:42","date_gmt":"2016-01-20T18:33:42","guid":{"rendered":"http:\/\/eldigitaldeasturias.com\/magazine365\/?p=61069"},"modified":"2016-01-20T19:33:42","modified_gmt":"2016-01-20T18:33:42","slug":"cordoba-se-presenta-en-fitur-como-un-patio-abierto-todo-el-ano-y-con-el-aroma-de-la-flor-del-azahar-en-sus-calles","status":"publish","type":"post","link":"https:\/\/eldigitaldeasturias.com\/magazine365\/cordoba-se-presenta-en-fitur-como-un-patio-abierto-todo-el-ano-y-con-el-aroma-de-la-flor-del-azahar-en-sus-calles\/","title":{"rendered":"C\u00f3rdoba se presenta en Fitur como un &#8216;patio abierto&#8217; todo el a\u00f1o y con el aroma de la flor del azahar en sus calles"},"content":{"rendered":"<p><img fetchpriority=\"high\" decoding=\"async\" class=\"alignleft size-medium wp-image-61070\" src=\"https:\/\/eldigitaldeasturias.com\/magazine365\/wp-content\/uploads\/2016\/01\/fotonoticia_20160119105935_800-196x300.jpg\" alt=\"fotonoticia_20160119105935_800\" width=\"196\" height=\"300\" srcset=\"https:\/\/eldigitaldeasturias.com\/magazine365\/wp-content\/uploads\/2016\/01\/fotonoticia_20160119105935_800-196x300.jpg 196w, https:\/\/eldigitaldeasturias.com\/magazine365\/wp-content\/uploads\/2016\/01\/fotonoticia_20160119105935_800-417x640.jpg 417w, https:\/\/eldigitaldeasturias.com\/magazine365\/wp-content\/uploads\/2016\/01\/fotonoticia_20160119105935_800-768x1178.jpg 768w, https:\/\/eldigitaldeasturias.com\/magazine365\/wp-content\/uploads\/2016\/01\/fotonoticia_20160119105935_800-150x230.jpg 150w, https:\/\/eldigitaldeasturias.com\/magazine365\/wp-content\/uploads\/2016\/01\/fotonoticia_20160119105935_800-450x690.jpg 450w, https:\/\/eldigitaldeasturias.com\/magazine365\/wp-content\/uploads\/2016\/01\/fotonoticia_20160119105935_800-696x1067.jpg 696w, https:\/\/eldigitaldeasturias.com\/magazine365\/wp-content\/uploads\/2016\/01\/fotonoticia_20160119105935_800-274x420.jpg 274w, https:\/\/eldigitaldeasturias.com\/magazine365\/wp-content\/uploads\/2016\/01\/fotonoticia_20160119105935_800.jpg 800w\" sizes=\"(max-width: 196px) 100vw, 196px\" \/>La ciudad de C\u00f3rdoba acudir\u00e1 a este a\u00f1o a la XXXVI edici\u00f3n de la Feria Internacional de Turismo, Fitur 2016, con el objetivo de convertirse en un \u00abpatio abierto\u00bb durante las cuatro estaciones del a\u00f1o con una amplia oferta tur\u00edstica que va desde la promoci\u00f3n de su flor de azahar y la Fiesta de los Patios, a la recuperaci\u00f3n de la importancia de la figura del caballo y la proyecci\u00f3n de la ciudad como centro de congresos y exposiciones.<\/p>\n<p>El proyecto &#8216;Abre el azahar&#8217; es una iniciativa con la que C\u00f3rdoba busca mostrar el mundo la floraci\u00f3n del azahar, al igual que lo hacen los japoneses con el cerezo Hanami. La flor del naranjo hace su aparici\u00f3n a finales del mes de marzo y marca el inicio de la primavera, una \u00e9poca de especial simbolismo para la ciudad.<\/p>\n<p>\u00abLa flor del azahar es una flor muy t\u00edpica de la ciudad. La flor del naranjo en el inicio de la primavera es un elemento muy singular y propio de C\u00f3rdoba, destacando sobre todo el aroma que impregna cada una de las calles\u00bb, ha explicado la alcaldesa de C\u00f3rdoba, Isabel Ambrosio, en una entrevista concedida a Europa Press.<\/p>\n<p>Este a\u00f1o C\u00f3rdoba quiere abrir el azahar a todas las partes del mundo. As\u00ed coincidiendo con el final de la Semana Santa se quiere movilizar a toda la ciudad para que participe en un env\u00edo masivo de cartas a sus amigos y conocidos en el resto de Espa\u00f1a y en el extranjero.<\/p>\n<p>Estas misivas son sobres-poemas con una o varias flores de azahar en su interior que podr\u00e1n recogerse y enviarse de modo gratuito. Esta acci\u00f3n se complementar\u00e1 con talleres, degustaciones, conciertos y otras actividades vinculadas a la flor.<\/p>\n<p>C\u00f3rdoba tiene una relaci\u00f3n muy especial con las flores de hecho la Fiesta de los Patios que se celebra en el mes de mayo fue declarada en 2012 como Patrimonio Cultural Inmaterial de la Humanidad. Con esta actividad del azahar se busca convertir a la ciudad en \u00abdestino de cultura en flor\u00bb.<\/p>\n<p>LARGA TRADICI\u00d3N ECUESTRE.<\/p>\n<p>Por otro lado, C\u00f3rdoba quiere recuperar la importancia de la figura del caballo en la ciudad a trav\u00e9s de una serie de actividades que se desarrollar\u00e1n a lo largo del a\u00f1o como actos en las Caballerizas Reales, competiciones y campeonatos oficiales de doma, o la Fiesta del Caballo entre otras.<\/p>\n<p>Las Caballerizas Reales erigidas en 1570 por mandado de Felipe II dan fe de la larga tradici\u00f3n ecuestre de la ciudad, un protagonismo que busca ser recuperado convirtiendo al a\u00f1o 2016 en el \u00aba\u00f1o del caballo\u00bb a trav\u00e9s de numerosas actividades de gran valor est\u00e9tico y art\u00edstico.<\/p>\n<p>\u00abC\u00f3rdoba cuenta con un emplazamiento que no tiene imitaci\u00f3n en ning\u00fan lugar del mundo como son las Caballerizas Reales donde se puede decir que naci\u00f3 la pura raza espa\u00f1ola. Hay un equipamiento perfectamente cuidado que podr\u00e1n comprobar los amantes del caballo y el mundo ecuestre para los que las Caballerizas Reales pueden ser consideradas como una Meca\u00bb, afirm\u00f3 la alcaldesa.<\/p>\n<p>C\u00d3RDOBA, MODERNA Y PROFESIONAL<\/p>\n<p>La ciudad de C\u00f3rdoba tambi\u00e9n se postula como escenario ideal para congresos ferias y eventos tanto a nivel nacional como internacional por su ubicaci\u00f3n, su alta capacidad hotelera y su fuerte inversi\u00f3n en infraestructuras.<\/p>\n<p>La reforma y adaptaci\u00f3n de espacios hist\u00f3ricos de gran belleza como el Palacio de Viana o el de Torrijos refuerzan ese potencial. Oferta que se completar\u00e1 en breve cuando est\u00e9 disponible el Centro de Exposiciones Ferias y Convenciones con una superficie de 7.000 metros cuadrados y capacidad hasta 5.000 personas que se espera est\u00e9 operativo a finales de este a\u00f1o o comienzo del pr\u00f3ximo.<\/p>\n<p>\u00abQueremos formar parte de la lista de lugares de Espa\u00f1a donde es apetecible y competitivo celebrar reuniones por muchos motivos\u00bb, afirm\u00f3 Ambrosio, quien tambi\u00e9n destac\u00f3 el compromiso de la ciudad en la promoci\u00f3n de las artes.<\/p>\n<p>Durante 2016 se pretende dar una particular trascendencia al proyecto &#8216;El jard\u00edn de Elena&#8217;, un recorrido de ida y vuelta entre las obras pict\u00f3ricas del Museo Carmen Thyssen de M\u00e1laga y las especies vegetales de los Jardines Bot\u00e1nicos de C\u00f3rdobaM\u00e1laga, nexo cultural entre ambas provincias para fomentar la ciencia y el arte.<\/p>\n<p>Adem\u00e1s el portal web C\u00f3rdoba Film Office pretende poner en contacto a profesionales del sector audiovisual con las productoras que visiten la ciudad para rodar. Para finalizar el C\u00f3rdoba Flamenco Experiencia unir\u00e1 todas las actividades relacionadas con este arte que tienen lugar en la ciudad andaluza.<\/p>\n<p>\u00abUNA CIUDAD PARA VIVIRLA\u00bb.<\/p>\n<p>Con todas estas actividades la ciudad de C\u00f3rdoba busca desestacionalizar su turismo mostrando a los visitantes una oferta muy amplia de actividades de todo tipo para cubrir todos los meses del a\u00f1o. De hecho, debido a su \u00e9xito, algunas actividades como los Patios se repiten en otros momentos como en fechas navide\u00f1as o en oto\u00f1o.<\/p>\n<p>La alcaldesa considera que el hecho de contar con varios lugares declarados Patrimonios de la Humanidad (los patios, la Mezquita y el casco hist\u00f3rico) y la gran variedad cultural y tur\u00edstica de la ciudad la hacen muy competitiva y con grandes posibilidades y retos sobre todo en el espacio de las experiencias.<\/p>\n<p>\u00abSi hay algo que tiene C\u00f3rdoba y que no tienen otras ciudades es que es una ciudad para vivirla, para disfrutarla, para vivir todas y cada una de sus experiencias. El mejor valor tur\u00edstico que tiene la ciudad son sus vecinos, y eso no sale en ninguna gu\u00eda tur\u00edstica\u00bb, concluy\u00f3 la alcaldesa socialista para quien la ciudad tiene suficiente capacidad para seguir creciendo e innovando en su oferta tur\u00edstica.<\/p>\n","protected":false},"excerpt":{"rendered":"<p>La ciudad de C\u00f3rdoba acudir\u00e1 a este a\u00f1o a la XXXVI edici\u00f3n de la Feria Internacional de Turismo, Fitur 2016, con el objetivo de convertirse en un \u00abpatio abierto\u00bb durante las cuatro estaciones del a\u00f1o con una amplia oferta tur\u00edstica que va desde la promoci\u00f3n de su flor de azahar y la Fiesta de los<\/p>\n","protected":false},"author":1,"featured_media":61070,"comment_status":"open","ping_status":"closed","sticky":false,"template":"","format":"standard","meta":{"footnotes":""},"categories":[224],"tags":[],"class_list":{"0":"post-61069","1":"post","2":"type-post","3":"status-publish","4":"format-standard","5":"has-post-thumbnail","7":"category-noticias-actualidad"},"aioseo_notices":[],"aioseo_head":"\n\t\t<!-- All in One SEO Pro 4.9.6.1 - aioseo.com -->\n\t<meta name=\"description\" content=\"La ciudad de C\u00f3rdoba acudir\u00e1 a este a\u00f1o a la XXXVI edici\u00f3n de la Feria Internacional de Turismo, Fitur 2016, con el objetivo de convertirse en un &quot;patio abierto&quot; durante las cuatro estaciones del a\u00f1o con una amplia oferta tur\u00edstica que va desde la promoci\u00f3n de su flor de azahar y la Fiesta de los\" \/>\n\t<meta name=\"robots\" content=\"max-image-preview:large\" \/>\n\t<meta name=\"author\" content=\"admin\"\/>\n\t<meta name=\"google-site-verification\" content=\"UA-38556648-1\" \/>\n\t<meta name=\"keywords\" content=\"noticias y actualidad\" \/>\n\t<link rel=\"canonical\" href=\"https:\/\/eldigitaldeasturias.com\/magazine365\/cordoba-se-presenta-en-fitur-como-un-patio-abierto-todo-el-ano-y-con-el-aroma-de-la-flor-del-azahar-en-sus-calles\/\" \/>\n\t<meta name=\"generator\" content=\"All in One SEO Pro (AIOSEO) 4.9.6.1\" \/>\n\t\t<meta property=\"og:locale\" content=\"es_ES\" \/>\n\t\t<meta property=\"og:site_name\" content=\"El Digital de Asturias \u2013 Revista de ocio, turismo y estilo de vida\" \/>\n\t\t<meta property=\"og:type\" content=\"article\" \/>\n\t\t<meta property=\"og:title\" content=\"C\u00f3rdoba se presenta en Fitur como un \u2018patio abierto\u2019 todo el a\u00f1o y con el aroma de la flor del azahar en sus calles | El Digital de Asturias\" \/>\n\t\t<meta property=\"og:description\" content=\"La ciudad de C\u00f3rdoba acudir\u00e1 a este a\u00f1o a la XXXVI edici\u00f3n de la Feria Internacional de Turismo, Fitur 2016, con el objetivo de convertirse en un &quot;patio abierto&quot; durante las cuatro estaciones del a\u00f1o con una amplia oferta tur\u00edstica que va desde la promoci\u00f3n de su flor de azahar y la Fiesta de los\" \/>\n\t\t<meta property=\"og:url\" content=\"https:\/\/eldigitaldeasturias.com\/magazine365\/cordoba-se-presenta-en-fitur-como-un-patio-abierto-todo-el-ano-y-con-el-aroma-de-la-flor-del-azahar-en-sus-calles\/\" \/>\n\t\t<meta property=\"og:image\" content=\"https:\/\/eldigitaldeasturias.com\/magazine365\/wp-content\/uploads\/2016\/01\/fotonoticia_20160119105935_800.jpg\" \/>\n\t\t<meta property=\"og:image:secure_url\" content=\"https:\/\/eldigitaldeasturias.com\/magazine365\/wp-content\/uploads\/2016\/01\/fotonoticia_20160119105935_800.jpg\" \/>\n\t\t<meta property=\"og:image:width\" content=\"800\" \/>\n\t\t<meta property=\"og:image:height\" content=\"1227\" \/>\n\t\t<meta property=\"article:published_time\" content=\"2016-01-20T18:33:42+00:00\" \/>\n\t\t<meta property=\"article:modified_time\" content=\"2016-01-20T18:33:42+00:00\" \/>\n\t\t<meta name=\"twitter:card\" content=\"summary_large_image\" \/>\n\t\t<meta name=\"twitter:title\" content=\"C\u00f3rdoba se presenta en Fitur como un \u2018patio abierto\u2019 todo el a\u00f1o y con el aroma de la flor del azahar en sus calles | El Digital de Asturias\" \/>\n\t\t<meta name=\"twitter:description\" content=\"La ciudad de C\u00f3rdoba acudir\u00e1 a este a\u00f1o a la XXXVI edici\u00f3n de la Feria Internacional de Turismo, Fitur 2016, con el objetivo de convertirse en un &quot;patio abierto&quot; durante las cuatro estaciones del a\u00f1o con una amplia oferta tur\u00edstica que va desde la promoci\u00f3n de su flor de azahar y la Fiesta de los\" \/>\n\t\t<meta name=\"twitter:image\" content=\"https:\/\/eldigitaldeasturias.com\/magazine365\/wp-content\/uploads\/2016\/01\/fotonoticia_20160119105935_800.jpg\" \/>\n\t\t<script type=\"application\/ld+json\" class=\"aioseo-schema\">\n\t\t\t{\"@context\":\"https:\\\/\\\/schema.org\",\"@graph\":[{\"@type\":\"Article\",\"@id\":\"https:\\\/\\\/eldigitaldeasturias.com\\\/magazine365\\\/cordoba-se-presenta-en-fitur-como-un-patio-abierto-todo-el-ano-y-con-el-aroma-de-la-flor-del-azahar-en-sus-calles\\\/#article\",\"name\":\"C\\u00f3rdoba se presenta en Fitur como un \\u2018patio abierto\\u2019 todo el a\\u00f1o y con el aroma de la flor del azahar en sus calles | El Digital de Asturias\",\"headline\":\"C\\u00f3rdoba se presenta en Fitur como un &#8216;patio abierto&#8217; todo el a\\u00f1o y con el aroma de la flor del azahar en sus calles\",\"author\":{\"@id\":\"https:\\\/\\\/eldigitaldeasturias.com\\\/magazine365\\\/author\\\/admin\\\/#author\"},\"publisher\":{\"@id\":\"https:\\\/\\\/eldigitaldeasturias.com\\\/magazine365\\\/#organization\"},\"image\":{\"@type\":\"ImageObject\",\"url\":\"https:\\\/\\\/eldigitaldeasturias.com\\\/magazine365\\\/wp-content\\\/uploads\\\/2016\\\/01\\\/fotonoticia_20160119105935_800.jpg\",\"width\":800,\"height\":1227},\"datePublished\":\"2016-01-20T19:33:42+01:00\",\"dateModified\":\"2016-01-20T19:33:42+01:00\",\"inLanguage\":\"es-ES\",\"mainEntityOfPage\":{\"@id\":\"https:\\\/\\\/eldigitaldeasturias.com\\\/magazine365\\\/cordoba-se-presenta-en-fitur-como-un-patio-abierto-todo-el-ano-y-con-el-aroma-de-la-flor-del-azahar-en-sus-calles\\\/#webpage\"},\"isPartOf\":{\"@id\":\"https:\\\/\\\/eldigitaldeasturias.com\\\/magazine365\\\/cordoba-se-presenta-en-fitur-como-un-patio-abierto-todo-el-ano-y-con-el-aroma-de-la-flor-del-azahar-en-sus-calles\\\/#webpage\"},\"articleSection\":\"Noticias y Actualidad\"},{\"@type\":\"BreadcrumbList\",\"@id\":\"https:\\\/\\\/eldigitaldeasturias.com\\\/magazine365\\\/cordoba-se-presenta-en-fitur-como-un-patio-abierto-todo-el-ano-y-con-el-aroma-de-la-flor-del-azahar-en-sus-calles\\\/#breadcrumblist\",\"itemListElement\":[{\"@type\":\"ListItem\",\"@id\":\"https:\\\/\\\/eldigitaldeasturias.com\\\/magazine365#listItem\",\"position\":1,\"name\":\"Home\",\"item\":\"https:\\\/\\\/eldigitaldeasturias.com\\\/magazine365\",\"nextItem\":{\"@type\":\"ListItem\",\"@id\":\"https:\\\/\\\/eldigitaldeasturias.com\\\/magazine365\\\/category\\\/noticias-actualidad\\\/#listItem\",\"name\":\"Noticias y Actualidad\"}},{\"@type\":\"ListItem\",\"@id\":\"https:\\\/\\\/eldigitaldeasturias.com\\\/magazine365\\\/category\\\/noticias-actualidad\\\/#listItem\",\"position\":2,\"name\":\"Noticias y Actualidad\",\"item\":\"https:\\\/\\\/eldigitaldeasturias.com\\\/magazine365\\\/category\\\/noticias-actualidad\\\/\",\"nextItem\":{\"@type\":\"ListItem\",\"@id\":\"https:\\\/\\\/eldigitaldeasturias.com\\\/magazine365\\\/cordoba-se-presenta-en-fitur-como-un-patio-abierto-todo-el-ano-y-con-el-aroma-de-la-flor-del-azahar-en-sus-calles\\\/#listItem\",\"name\":\"C\\u00f3rdoba se presenta en Fitur como un &#8216;patio abierto&#8217; todo el a\\u00f1o y con el aroma de la flor del azahar en sus calles\"},\"previousItem\":{\"@type\":\"ListItem\",\"@id\":\"https:\\\/\\\/eldigitaldeasturias.com\\\/magazine365#listItem\",\"name\":\"Home\"}},{\"@type\":\"ListItem\",\"@id\":\"https:\\\/\\\/eldigitaldeasturias.com\\\/magazine365\\\/cordoba-se-presenta-en-fitur-como-un-patio-abierto-todo-el-ano-y-con-el-aroma-de-la-flor-del-azahar-en-sus-calles\\\/#listItem\",\"position\":3,\"name\":\"C\\u00f3rdoba se presenta en Fitur como un &#8216;patio abierto&#8217; todo el a\\u00f1o y con el aroma de la flor del azahar en sus calles\",\"previousItem\":{\"@type\":\"ListItem\",\"@id\":\"https:\\\/\\\/eldigitaldeasturias.com\\\/magazine365\\\/category\\\/noticias-actualidad\\\/#listItem\",\"name\":\"Noticias y Actualidad\"}}]},{\"@type\":\"Organization\",\"@id\":\"https:\\\/\\\/eldigitaldeasturias.com\\\/magazine365\\\/#organization\",\"name\":\"El digital de Asturias\",\"description\":\"Revista de ocio, turismo y estilo de vida\",\"url\":\"https:\\\/\\\/eldigitaldeasturias.com\\\/magazine365\\\/\",\"logo\":{\"@type\":\"ImageObject\",\"url\":\"https:\\\/\\\/www.eldigitaldeasturias.com\\\/noticias\\\/wp-content\\\/uploads\\\/2020\\\/12\\\/EDA.jpg\",\"@id\":\"https:\\\/\\\/eldigitaldeasturias.com\\\/magazine365\\\/cordoba-se-presenta-en-fitur-como-un-patio-abierto-todo-el-ano-y-con-el-aroma-de-la-flor-del-azahar-en-sus-calles\\\/#organizationLogo\"},\"image\":{\"@id\":\"https:\\\/\\\/eldigitaldeasturias.com\\\/magazine365\\\/cordoba-se-presenta-en-fitur-como-un-patio-abierto-todo-el-ano-y-con-el-aroma-de-la-flor-del-azahar-en-sus-calles\\\/#organizationLogo\"}},{\"@type\":\"Person\",\"@id\":\"https:\\\/\\\/eldigitaldeasturias.com\\\/magazine365\\\/author\\\/admin\\\/#author\",\"url\":\"https:\\\/\\\/eldigitaldeasturias.com\\\/magazine365\\\/author\\\/admin\\\/\",\"name\":\"admin\",\"image\":{\"@type\":\"ImageObject\",\"@id\":\"https:\\\/\\\/eldigitaldeasturias.com\\\/magazine365\\\/cordoba-se-presenta-en-fitur-como-un-patio-abierto-todo-el-ano-y-con-el-aroma-de-la-flor-del-azahar-en-sus-calles\\\/#authorImage\",\"url\":\"https:\\\/\\\/eldigitaldeasturias.com\\\/magazine365\\\/wp-content\\\/litespeed\\\/avatar\\\/e571bcf59a0edd6fa6838245a470f2fe.jpg?ver=1776969259\",\"width\":96,\"height\":96,\"caption\":\"admin\"}},{\"@type\":\"WebPage\",\"@id\":\"https:\\\/\\\/eldigitaldeasturias.com\\\/magazine365\\\/cordoba-se-presenta-en-fitur-como-un-patio-abierto-todo-el-ano-y-con-el-aroma-de-la-flor-del-azahar-en-sus-calles\\\/#webpage\",\"url\":\"https:\\\/\\\/eldigitaldeasturias.com\\\/magazine365\\\/cordoba-se-presenta-en-fitur-como-un-patio-abierto-todo-el-ano-y-con-el-aroma-de-la-flor-del-azahar-en-sus-calles\\\/\",\"name\":\"C\\u00f3rdoba se presenta en Fitur como un \\u2018patio abierto\\u2019 todo el a\\u00f1o y con el aroma de la flor del azahar en sus calles | El Digital de Asturias\",\"description\":\"La ciudad de C\\u00f3rdoba acudir\\u00e1 a este a\\u00f1o a la XXXVI edici\\u00f3n de la Feria Internacional de Turismo, Fitur 2016, con el objetivo de convertirse en un \\\"patio abierto\\\" durante las cuatro estaciones del a\\u00f1o con una amplia oferta tur\\u00edstica que va desde la promoci\\u00f3n de su flor de azahar y la Fiesta de los\",\"inLanguage\":\"es-ES\",\"isPartOf\":{\"@id\":\"https:\\\/\\\/eldigitaldeasturias.com\\\/magazine365\\\/#website\"},\"breadcrumb\":{\"@id\":\"https:\\\/\\\/eldigitaldeasturias.com\\\/magazine365\\\/cordoba-se-presenta-en-fitur-como-un-patio-abierto-todo-el-ano-y-con-el-aroma-de-la-flor-del-azahar-en-sus-calles\\\/#breadcrumblist\"},\"author\":{\"@id\":\"https:\\\/\\\/eldigitaldeasturias.com\\\/magazine365\\\/author\\\/admin\\\/#author\"},\"creator\":{\"@id\":\"https:\\\/\\\/eldigitaldeasturias.com\\\/magazine365\\\/author\\\/admin\\\/#author\"},\"image\":{\"@type\":\"ImageObject\",\"url\":\"https:\\\/\\\/eldigitaldeasturias.com\\\/magazine365\\\/wp-content\\\/uploads\\\/2016\\\/01\\\/fotonoticia_20160119105935_800.jpg\",\"@id\":\"https:\\\/\\\/eldigitaldeasturias.com\\\/magazine365\\\/cordoba-se-presenta-en-fitur-como-un-patio-abierto-todo-el-ano-y-con-el-aroma-de-la-flor-del-azahar-en-sus-calles\\\/#mainImage\",\"width\":800,\"height\":1227},\"primaryImageOfPage\":{\"@id\":\"https:\\\/\\\/eldigitaldeasturias.com\\\/magazine365\\\/cordoba-se-presenta-en-fitur-como-un-patio-abierto-todo-el-ano-y-con-el-aroma-de-la-flor-del-azahar-en-sus-calles\\\/#mainImage\"},\"datePublished\":\"2016-01-20T19:33:42+01:00\",\"dateModified\":\"2016-01-20T19:33:42+01:00\"},{\"@type\":\"WebSite\",\"@id\":\"https:\\\/\\\/eldigitaldeasturias.com\\\/magazine365\\\/#website\",\"url\":\"https:\\\/\\\/eldigitaldeasturias.com\\\/magazine365\\\/\",\"name\":\"El Digital de Asturias\",\"description\":\"Revista de ocio, turismo y estilo de vida\",\"inLanguage\":\"es-ES\",\"publisher\":{\"@id\":\"https:\\\/\\\/eldigitaldeasturias.com\\\/magazine365\\\/#organization\"}}]}\n\t\t<\/script>\n\t\t<!-- All in One SEO Pro -->\r\n\t\t<title>C\u00f3rdoba se presenta en Fitur como un \u2018patio abierto\u2019 todo el a\u00f1o y con el aroma de la flor del azahar en sus calles | El Digital de Asturias<\/title>\n\n","aioseo_head_json":{"title":"C\u00f3rdoba se presenta en Fitur como un \u2018patio abierto\u2019 todo el a\u00f1o y con el aroma de la flor del azahar en sus calles | El Digital de Asturias","description":"La ciudad de C\u00f3rdoba acudir\u00e1 a este a\u00f1o a la XXXVI edici\u00f3n de la Feria Internacional de Turismo, Fitur 2016, con el objetivo de convertirse en un \"patio abierto\" durante las cuatro estaciones del a\u00f1o con una amplia oferta tur\u00edstica que va desde la promoci\u00f3n de su flor de azahar y la Fiesta de los","canonical_url":"https:\/\/eldigitaldeasturias.com\/magazine365\/cordoba-se-presenta-en-fitur-como-un-patio-abierto-todo-el-ano-y-con-el-aroma-de-la-flor-del-azahar-en-sus-calles\/","robots":"max-image-preview:large","keywords":"noticias y actualidad","webmasterTools":{"google-site-verification":"UA-38556648-1","miscellaneous":""},"schema":{"@context":"https:\/\/schema.org","@graph":[{"@type":"Article","@id":"https:\/\/eldigitaldeasturias.com\/magazine365\/cordoba-se-presenta-en-fitur-como-un-patio-abierto-todo-el-ano-y-con-el-aroma-de-la-flor-del-azahar-en-sus-calles\/#article","name":"C\u00f3rdoba se presenta en Fitur como un \u2018patio abierto\u2019 todo el a\u00f1o y con el aroma de la flor del azahar en sus calles | El Digital de Asturias","headline":"C\u00f3rdoba se presenta en Fitur como un &#8216;patio abierto&#8217; todo el a\u00f1o y con el aroma de la flor del azahar en sus calles","author":{"@id":"https:\/\/eldigitaldeasturias.com\/magazine365\/author\/admin\/#author"},"publisher":{"@id":"https:\/\/eldigitaldeasturias.com\/magazine365\/#organization"},"image":{"@type":"ImageObject","url":"https:\/\/eldigitaldeasturias.com\/magazine365\/wp-content\/uploads\/2016\/01\/fotonoticia_20160119105935_800.jpg","width":800,"height":1227},"datePublished":"2016-01-20T19:33:42+01:00","dateModified":"2016-01-20T19:33:42+01:00","inLanguage":"es-ES","mainEntityOfPage":{"@id":"https:\/\/eldigitaldeasturias.com\/magazine365\/cordoba-se-presenta-en-fitur-como-un-patio-abierto-todo-el-ano-y-con-el-aroma-de-la-flor-del-azahar-en-sus-calles\/#webpage"},"isPartOf":{"@id":"https:\/\/eldigitaldeasturias.com\/magazine365\/cordoba-se-presenta-en-fitur-como-un-patio-abierto-todo-el-ano-y-con-el-aroma-de-la-flor-del-azahar-en-sus-calles\/#webpage"},"articleSection":"Noticias y Actualidad"},{"@type":"BreadcrumbList","@id":"https:\/\/eldigitaldeasturias.com\/magazine365\/cordoba-se-presenta-en-fitur-como-un-patio-abierto-todo-el-ano-y-con-el-aroma-de-la-flor-del-azahar-en-sus-calles\/#breadcrumblist","itemListElement":[{"@type":"ListItem","@id":"https:\/\/eldigitaldeasturias.com\/magazine365#listItem","position":1,"name":"Home","item":"https:\/\/eldigitaldeasturias.com\/magazine365","nextItem":{"@type":"ListItem","@id":"https:\/\/eldigitaldeasturias.com\/magazine365\/category\/noticias-actualidad\/#listItem","name":"Noticias y Actualidad"}},{"@type":"ListItem","@id":"https:\/\/eldigitaldeasturias.com\/magazine365\/category\/noticias-actualidad\/#listItem","position":2,"name":"Noticias y Actualidad","item":"https:\/\/eldigitaldeasturias.com\/magazine365\/category\/noticias-actualidad\/","nextItem":{"@type":"ListItem","@id":"https:\/\/eldigitaldeasturias.com\/magazine365\/cordoba-se-presenta-en-fitur-como-un-patio-abierto-todo-el-ano-y-con-el-aroma-de-la-flor-del-azahar-en-sus-calles\/#listItem","name":"C\u00f3rdoba se presenta en Fitur como un &#8216;patio abierto&#8217; todo el a\u00f1o y con el aroma de la flor del azahar en sus calles"},"previousItem":{"@type":"ListItem","@id":"https:\/\/eldigitaldeasturias.com\/magazine365#listItem","name":"Home"}},{"@type":"ListItem","@id":"https:\/\/eldigitaldeasturias.com\/magazine365\/cordoba-se-presenta-en-fitur-como-un-patio-abierto-todo-el-ano-y-con-el-aroma-de-la-flor-del-azahar-en-sus-calles\/#listItem","position":3,"name":"C\u00f3rdoba se presenta en Fitur como un &#8216;patio abierto&#8217; todo el a\u00f1o y con el aroma de la flor del azahar en sus calles","previousItem":{"@type":"ListItem","@id":"https:\/\/eldigitaldeasturias.com\/magazine365\/category\/noticias-actualidad\/#listItem","name":"Noticias y Actualidad"}}]},{"@type":"Organization","@id":"https:\/\/eldigitaldeasturias.com\/magazine365\/#organization","name":"El digital de Asturias","description":"Revista de ocio, turismo y estilo de vida","url":"https:\/\/eldigitaldeasturias.com\/magazine365\/","logo":{"@type":"ImageObject","url":"https:\/\/www.eldigitaldeasturias.com\/noticias\/wp-content\/uploads\/2020\/12\/EDA.jpg","@id":"https:\/\/eldigitaldeasturias.com\/magazine365\/cordoba-se-presenta-en-fitur-como-un-patio-abierto-todo-el-ano-y-con-el-aroma-de-la-flor-del-azahar-en-sus-calles\/#organizationLogo"},"image":{"@id":"https:\/\/eldigitaldeasturias.com\/magazine365\/cordoba-se-presenta-en-fitur-como-un-patio-abierto-todo-el-ano-y-con-el-aroma-de-la-flor-del-azahar-en-sus-calles\/#organizationLogo"}},{"@type":"Person","@id":"https:\/\/eldigitaldeasturias.com\/magazine365\/author\/admin\/#author","url":"https:\/\/eldigitaldeasturias.com\/magazine365\/author\/admin\/","name":"admin","image":{"@type":"ImageObject","@id":"https:\/\/eldigitaldeasturias.com\/magazine365\/cordoba-se-presenta-en-fitur-como-un-patio-abierto-todo-el-ano-y-con-el-aroma-de-la-flor-del-azahar-en-sus-calles\/#authorImage","url":"https:\/\/eldigitaldeasturias.com\/magazine365\/wp-content\/litespeed\/avatar\/e571bcf59a0edd6fa6838245a470f2fe.jpg?ver=1776969259","width":96,"height":96,"caption":"admin"}},{"@type":"WebPage","@id":"https:\/\/eldigitaldeasturias.com\/magazine365\/cordoba-se-presenta-en-fitur-como-un-patio-abierto-todo-el-ano-y-con-el-aroma-de-la-flor-del-azahar-en-sus-calles\/#webpage","url":"https:\/\/eldigitaldeasturias.com\/magazine365\/cordoba-se-presenta-en-fitur-como-un-patio-abierto-todo-el-ano-y-con-el-aroma-de-la-flor-del-azahar-en-sus-calles\/","name":"C\u00f3rdoba se presenta en Fitur como un \u2018patio abierto\u2019 todo el a\u00f1o y con el aroma de la flor del azahar en sus calles | El Digital de Asturias","description":"La ciudad de C\u00f3rdoba acudir\u00e1 a este a\u00f1o a la XXXVI edici\u00f3n de la Feria Internacional de Turismo, Fitur 2016, con el objetivo de convertirse en un \"patio abierto\" durante las cuatro estaciones del a\u00f1o con una amplia oferta tur\u00edstica que va desde la promoci\u00f3n de su flor de azahar y la Fiesta de los","inLanguage":"es-ES","isPartOf":{"@id":"https:\/\/eldigitaldeasturias.com\/magazine365\/#website"},"breadcrumb":{"@id":"https:\/\/eldigitaldeasturias.com\/magazine365\/cordoba-se-presenta-en-fitur-como-un-patio-abierto-todo-el-ano-y-con-el-aroma-de-la-flor-del-azahar-en-sus-calles\/#breadcrumblist"},"author":{"@id":"https:\/\/eldigitaldeasturias.com\/magazine365\/author\/admin\/#author"},"creator":{"@id":"https:\/\/eldigitaldeasturias.com\/magazine365\/author\/admin\/#author"},"image":{"@type":"ImageObject","url":"https:\/\/eldigitaldeasturias.com\/magazine365\/wp-content\/uploads\/2016\/01\/fotonoticia_20160119105935_800.jpg","@id":"https:\/\/eldigitaldeasturias.com\/magazine365\/cordoba-se-presenta-en-fitur-como-un-patio-abierto-todo-el-ano-y-con-el-aroma-de-la-flor-del-azahar-en-sus-calles\/#mainImage","width":800,"height":1227},"primaryImageOfPage":{"@id":"https:\/\/eldigitaldeasturias.com\/magazine365\/cordoba-se-presenta-en-fitur-como-un-patio-abierto-todo-el-ano-y-con-el-aroma-de-la-flor-del-azahar-en-sus-calles\/#mainImage"},"datePublished":"2016-01-20T19:33:42+01:00","dateModified":"2016-01-20T19:33:42+01:00"},{"@type":"WebSite","@id":"https:\/\/eldigitaldeasturias.com\/magazine365\/#website","url":"https:\/\/eldigitaldeasturias.com\/magazine365\/","name":"El Digital de Asturias","description":"Revista de ocio, turismo y estilo de vida","inLanguage":"es-ES","publisher":{"@id":"https:\/\/eldigitaldeasturias.com\/magazine365\/#organization"}}]},"og:locale":"es_ES","og:site_name":"El Digital de Asturias \u2013 Revista de ocio, turismo y estilo de vida","og:type":"article","og:title":"C\u00f3rdoba se presenta en Fitur como un \u2018patio abierto\u2019 todo el a\u00f1o y con el aroma de la flor del azahar en sus calles | El Digital de Asturias","og:description":"La ciudad de C\u00f3rdoba acudir\u00e1 a este a\u00f1o a la XXXVI edici\u00f3n de la Feria Internacional de Turismo, Fitur 2016, con el objetivo de convertirse en un &quot;patio abierto&quot; durante las cuatro estaciones del a\u00f1o con una amplia oferta tur\u00edstica que va desde la promoci\u00f3n de su flor de azahar y la Fiesta de los","og:url":"https:\/\/eldigitaldeasturias.com\/magazine365\/cordoba-se-presenta-en-fitur-como-un-patio-abierto-todo-el-ano-y-con-el-aroma-de-la-flor-del-azahar-en-sus-calles\/","og:image":"https:\/\/eldigitaldeasturias.com\/magazine365\/wp-content\/uploads\/2016\/01\/fotonoticia_20160119105935_800.jpg","og:image:secure_url":"https:\/\/eldigitaldeasturias.com\/magazine365\/wp-content\/uploads\/2016\/01\/fotonoticia_20160119105935_800.jpg","og:image:width":800,"og:image:height":1227,"article:published_time":"2016-01-20T18:33:42+00:00","article:modified_time":"2016-01-20T18:33:42+00:00","twitter:card":"summary_large_image","twitter:title":"C\u00f3rdoba se presenta en Fitur como un \u2018patio abierto\u2019 todo el a\u00f1o y con el aroma de la flor del azahar en sus calles | El Digital de Asturias","twitter:description":"La ciudad de C\u00f3rdoba acudir\u00e1 a este a\u00f1o a la XXXVI edici\u00f3n de la Feria Internacional de Turismo, Fitur 2016, con el objetivo de convertirse en un &quot;patio abierto&quot; durante las cuatro estaciones del a\u00f1o con una amplia oferta tur\u00edstica que va desde la promoci\u00f3n de su flor de azahar y la Fiesta de los","twitter:image":"https:\/\/eldigitaldeasturias.com\/magazine365\/wp-content\/uploads\/2016\/01\/fotonoticia_20160119105935_800.jpg"},"aioseo_meta_data":{"post_id":"61069","title":null,"description":null,"keywords":null,"keyphrases":null,"primary_term":null,"canonical_url":null,"og_title":null,"og_description":null,"og_object_type":"default","og_image_type":"default","og_image_url":null,"og_image_width":null,"og_image_height":null,"og_image_custom_url":null,"og_image_custom_fields":null,"og_video":null,"og_custom_url":null,"og_article_section":null,"og_article_tags":null,"twitter_use_og":false,"twitter_card":"default","twitter_image_type":"default","twitter_image_url":null,"twitter_image_custom_url":null,"twitter_image_custom_fields":null,"twitter_title":null,"twitter_description":null,"schema":{"blockGraphs":[],"customGraphs":[],"default":{"data":{"Article":[],"Course":[],"Dataset":[],"FAQPage":[],"Movie":[],"Person":[],"Product":[],"ProductReview":[],"Car":[],"Recipe":[],"Service":[],"SoftwareApplication":[],"WebPage":[]},"graphName":"","isEnabled":true},"graphs":[],"defaultGraph":"","defaultPostTypeGraph":""},"schema_type":null,"schema_type_options":null,"pillar_content":false,"robots_default":true,"robots_noindex":false,"robots_noarchive":false,"robots_nosnippet":false,"robots_nofollow":false,"robots_noimageindex":false,"robots_noodp":false,"robots_notranslate":false,"robots_max_snippet":null,"robots_max_videopreview":null,"robots_max_imagepreview":"large","priority":null,"frequency":null,"location":null,"local_seo":null,"seo_analyzer_scan_date":"2025-09-25 08:09:05","breadcrumb_settings":null,"limit_modified_date":false,"open_ai":null,"ai":null,"created":"2021-03-08 21:53:17","updated":"2025-09-25 08:09:05"},"aioseo_breadcrumb":"<div class=\"aioseo-breadcrumbs\"><span class=\"aioseo-breadcrumb\">\n\t<a href=\"https:\/\/eldigitaldeasturias.com\/magazine365\" title=\"Home\">Home<\/a>\n<\/span><span class=\"aioseo-breadcrumb-separator\">\u2013<\/span><span class=\"aioseo-breadcrumb\">\n\t<a href=\"https:\/\/eldigitaldeasturias.com\/magazine365\/category\/noticias-actualidad\/\" title=\"Noticias y Actualidad\">Noticias y Actualidad<\/a>\n<\/span><span class=\"aioseo-breadcrumb-separator\">\u2013<\/span><span class=\"aioseo-breadcrumb\">\n\t<a href=\"https:\/\/eldigitaldeasturias.com\/magazine365\/cordoba-se-presenta-en-fitur-como-un-patio-abierto-todo-el-ano-y-con-el-aroma-de-la-flor-del-azahar-en-sus-calles\/\" title=\"C\u00f3rdoba se presenta en Fitur como un \u2018patio abierto\u2019 todo el a\u00f1o y con el aroma de la flor del azahar en sus calles\">C\u00f3rdoba se presenta en Fitur como un \u2018patio abierto\u2019 todo el a\u00f1o y con el aroma de la flor del azahar en sus calles<\/a>\n<\/span><\/div>","aioseo_breadcrumb_json":[{"label":"Home","link":"https:\/\/eldigitaldeasturias.com\/magazine365"},{"label":"Noticias y Actualidad","link":"https:\/\/eldigitaldeasturias.com\/magazine365\/category\/noticias-actualidad\/"},{"label":"C\u00f3rdoba se presenta en Fitur como un &#8216;patio abierto&#8217; todo el a\u00f1o y con el aroma de la flor del azahar en sus calles","link":"https:\/\/eldigitaldeasturias.com\/magazine365\/cordoba-se-presenta-en-fitur-como-un-patio-abierto-todo-el-ano-y-con-el-aroma-de-la-flor-del-azahar-en-sus-calles\/"}],"_links":{"self":[{"href":"https:\/\/eldigitaldeasturias.com\/magazine365\/wp-json\/wp\/v2\/posts\/61069","targetHints":{"allow":["GET"]}}],"collection":[{"href":"https:\/\/eldigitaldeasturias.com\/magazine365\/wp-json\/wp\/v2\/posts"}],"about":[{"href":"https:\/\/eldigitaldeasturias.com\/magazine365\/wp-json\/wp\/v2\/types\/post"}],"author":[{"embeddable":true,"href":"https:\/\/eldigitaldeasturias.com\/magazine365\/wp-json\/wp\/v2\/users\/1"}],"replies":[{"embeddable":true,"href":"https:\/\/eldigitaldeasturias.com\/magazine365\/wp-json\/wp\/v2\/comments?post=61069"}],"version-history":[{"count":0,"href":"https:\/\/eldigitaldeasturias.com\/magazine365\/wp-json\/wp\/v2\/posts\/61069\/revisions"}],"wp:featuredmedia":[{"embeddable":true,"href":"https:\/\/eldigitaldeasturias.com\/magazine365\/wp-json\/wp\/v2\/media\/61070"}],"wp:attachment":[{"href":"https:\/\/eldigitaldeasturias.com\/magazine365\/wp-json\/wp\/v2\/media?parent=61069"}],"wp:term":[{"taxonomy":"category","embeddable":true,"href":"https:\/\/eldigitaldeasturias.com\/magazine365\/wp-json\/wp\/v2\/categories?post=61069"},{"taxonomy":"post_tag","embeddable":true,"href":"https:\/\/eldigitaldeasturias.com\/magazine365\/wp-json\/wp\/v2\/tags?post=61069"}],"curies":[{"name":"wp","href":"https:\/\/api.w.org\/{rel}","templated":true}]}}