{"id":61058,"date":"2016-01-20T19:29:22","date_gmt":"2016-01-20T18:29:22","guid":{"rendered":"http:\/\/eldigitaldeasturias.com\/magazine365\/?p=61058"},"modified":"2016-01-20T19:29:22","modified_gmt":"2016-01-20T18:29:22","slug":"rajoy-inaugura-este-martes-el-8o-foro-de-liderazgo-turistico-de-exceltur","status":"publish","type":"post","link":"https:\/\/eldigitaldeasturias.com\/magazine365\/rajoy-inaugura-este-martes-el-8o-foro-de-liderazgo-turistico-de-exceltur\/","title":{"rendered":"Rajoy inaugura este martes el 8\u00ba Foro de Liderazgo Tur\u00edstico de Exceltur"},"content":{"rendered":"<p><img fetchpriority=\"high\" decoding=\"async\" class=\"alignleft size-medium wp-image-61059\" src=\"https:\/\/eldigitaldeasturias.com\/magazine365\/wp-content\/uploads\/2016\/01\/fotonoticia_20160119075939_800-360x240.jpg\" alt=\"fotonoticia_20160119075939_800\" width=\"360\" height=\"240\" srcset=\"https:\/\/eldigitaldeasturias.com\/magazine365\/wp-content\/uploads\/2016\/01\/fotonoticia_20160119075939_800-360x240.jpg 360w, https:\/\/eldigitaldeasturias.com\/magazine365\/wp-content\/uploads\/2016\/01\/fotonoticia_20160119075939_800-650x433.jpg 650w, https:\/\/eldigitaldeasturias.com\/magazine365\/wp-content\/uploads\/2016\/01\/fotonoticia_20160119075939_800-768x512.jpg 768w, https:\/\/eldigitaldeasturias.com\/magazine365\/wp-content\/uploads\/2016\/01\/fotonoticia_20160119075939_800-150x100.jpg 150w, https:\/\/eldigitaldeasturias.com\/magazine365\/wp-content\/uploads\/2016\/01\/fotonoticia_20160119075939_800-450x300.jpg 450w, https:\/\/eldigitaldeasturias.com\/magazine365\/wp-content\/uploads\/2016\/01\/fotonoticia_20160119075939_800-696x464.jpg 696w, https:\/\/eldigitaldeasturias.com\/magazine365\/wp-content\/uploads\/2016\/01\/fotonoticia_20160119075939_800-630x420.jpg 630w, https:\/\/eldigitaldeasturias.com\/magazine365\/wp-content\/uploads\/2016\/01\/fotonoticia_20160119075939_800-101x66.jpg 101w, https:\/\/eldigitaldeasturias.com\/magazine365\/wp-content\/uploads\/2016\/01\/fotonoticia_20160119075939_800.jpg 800w\" sizes=\"(max-width: 360px) 100vw, 360px\" \/>El presidente del Gobierno en funciones, Mariano Rajoy, inaugurar\u00e1 este martes el 8\u00ba Foro de Liderazgo Tur\u00edstico de Exceltur, organizado por la Alianza para la Excelencia Tur\u00edstica, en el Centro de Convenciones Norte de Ifema en Madrid, un d\u00eda antes de que arranque la 36\u00aa edici\u00f3n de la Feria Internacional de Turismo, Fitur 2016.<\/p>\n<p>Bajo el t\u00edtulo &#8216;Pol\u00edticas innovadoras para conectar con el turista digital&#8217; los m\u00e1ximos responsables de administraciones p\u00fablicas y l\u00edderes empresariales nacionales e internacionales analizar\u00e1n en los diferentes paneles-coloquio los nuevos desaf\u00edos pol\u00edticos, institucionales, sociales y tecnol\u00f3gicos para garantizar un crecimiento sostenible de la industria tur\u00edstica.<\/p>\n<p>El sector se enfrenta con tres retos fundamentales: los nuevos modelos de negocio obligados por las nuevas tecnolog\u00edas, la diversificaci\u00f3n de la oferta tur\u00edstica buscando potenciar el turismo cultural y de ciudad, y en tercer lugar, el equilibrio entre el crecimiento tur\u00edstico y la convivencia ciudadana.<\/p>\n<p>Los debates comenzar\u00e1n con el an\u00e1lisis de las pol\u00edticas innovadoras de Gobierno ante un turista cada vez m\u00e1s global y digitalizado donde se analizar\u00e1n modelos de \u00e9xito como el holand\u00e9s, el mexicano o el espa\u00f1ol para posteriormente poner en foco en Cuba, analizando las oportunidades del pa\u00eds ante una nueva era.<\/p>\n<p>Tambi\u00e9n se analizar\u00e1n las &#8216;Principales tendencias globales del consumo tur\u00edstico en 2016&#8217;, as\u00ed como la f\u00f3rmula para avanzar &#8216;Hacia una pol\u00edtica europea m\u00e1s innovadora y comprometida con el turismo&#8217;.<\/p>\n<p>Los paneles de la ma\u00f1ana se cerrar\u00e1n con el debate sobre pol\u00edticas municipales creativas para satisfacer a residentes y turistas en el que participar\u00e1n entre otros, el alcalde M\u00e1laga, Francisco de la Torre, el presidente de la Asociaci\u00f3n Turismo Madrid, Javier G\u00f3mez Navarro, el alcalde de Sevilla, Juan Espadas, y Javier Illa, copresidente de NH y miembro del Comit\u00e9 Ejecutivo del Gremio de Hoteles de Barcelona.<\/p>\n<p>M\u00c1S DE 1.500 PARTICIPANTES EN SU \u00daLTIMA EDICI\u00d3N.<\/p>\n<p>El foro, que en su edici\u00f3n anterior, reuni\u00f3 cerca de 1.500 asistentes de m\u00e1s de 30 pa\u00edses analizar\u00e1 durante las jornadas de la tarde las &#8216;Innovaciones tecnol\u00f3gicas para el turismo el futuro&#8217;, &#8216;Los nuevos actores y modelos financieros para el turismo: bancos, socimis y fondos de inversi\u00f3n&#8217;, para finalizar con los &#8216;Principales factores de cambio en el escenario tur\u00edstico global&#8217;.<\/p>\n<p>Para finalizar responsables de sector p\u00fablico y privado como el presidente de la Xunta de Galicia, Alberto N\u00fa\u00f1ez Feij\u00f3o, el presidente del Gobierno de Canarias, Fernando Clavijo, el presidente de Air Nostrum, Carlos Bertomeu, y la consejera delegada de Riu Hotels, Carmen Riu, y el presidente de Renfe, Pablo V\u00e1zquez, analizar\u00e1n las &#8216;Claves para potenciar el turismo y reforzar la cooperaci\u00f3n tur\u00edstica interinstitucional y p\u00fablico-privada en esta legislatura&#8217;.<\/p>\n","protected":false},"excerpt":{"rendered":"<p>El presidente del Gobierno en funciones, Mariano Rajoy, inaugurar\u00e1 este martes el 8\u00ba Foro de Liderazgo Tur\u00edstico de Exceltur, organizado por la Alianza para la Excelencia Tur\u00edstica, en el Centro de Convenciones Norte de Ifema en Madrid, un d\u00eda antes de que arranque la 36\u00aa edici\u00f3n de la Feria Internacional de Turismo, Fitur 2016. Bajo<\/p>\n","protected":false},"author":1,"featured_media":61059,"comment_status":"open","ping_status":"closed","sticky":false,"template":"","format":"standard","meta":{"footnotes":""},"categories":[224],"tags":[],"class_list":{"0":"post-61058","1":"post","2":"type-post","3":"status-publish","4":"format-standard","5":"has-post-thumbnail","7":"category-noticias-actualidad"},"aioseo_notices":[],"aioseo_head":"\n\t\t<!-- All in One SEO Pro 4.9.6.1 - aioseo.com -->\n\t<meta name=\"description\" content=\"El presidente del Gobierno en funciones, Mariano Rajoy, inaugurar\u00e1 este martes el 8\u00ba Foro de Liderazgo Tur\u00edstico de Exceltur, organizado por la Alianza para la Excelencia Tur\u00edstica, en el Centro de Convenciones Norte de Ifema en Madrid, un d\u00eda antes de que arranque la 36\u00aa edici\u00f3n de la Feria Internacional de Turismo, Fitur 2016. Bajo\" \/>\n\t<meta name=\"robots\" content=\"max-image-preview:large\" \/>\n\t<meta name=\"author\" content=\"admin\"\/>\n\t<meta name=\"google-site-verification\" content=\"UA-38556648-1\" \/>\n\t<meta name=\"keywords\" content=\"noticias y actualidad\" \/>\n\t<link rel=\"canonical\" href=\"https:\/\/eldigitaldeasturias.com\/magazine365\/rajoy-inaugura-este-martes-el-8o-foro-de-liderazgo-turistico-de-exceltur\/\" \/>\n\t<meta name=\"generator\" content=\"All in One SEO Pro (AIOSEO) 4.9.6.1\" \/>\n\t\t<meta property=\"og:locale\" content=\"es_ES\" \/>\n\t\t<meta property=\"og:site_name\" content=\"El Digital de Asturias \u2013 Revista de ocio, turismo y estilo de vida\" \/>\n\t\t<meta property=\"og:type\" content=\"article\" \/>\n\t\t<meta property=\"og:title\" content=\"Rajoy inaugura este martes el 8\u00ba Foro de Liderazgo Tur\u00edstico de Exceltur | El Digital de Asturias\" \/>\n\t\t<meta property=\"og:description\" content=\"El presidente del Gobierno en funciones, Mariano Rajoy, inaugurar\u00e1 este martes el 8\u00ba Foro de Liderazgo Tur\u00edstico de Exceltur, organizado por la Alianza para la Excelencia Tur\u00edstica, en el Centro de Convenciones Norte de Ifema en Madrid, un d\u00eda antes de que arranque la 36\u00aa edici\u00f3n de la Feria Internacional de Turismo, Fitur 2016. Bajo\" \/>\n\t\t<meta property=\"og:url\" content=\"https:\/\/eldigitaldeasturias.com\/magazine365\/rajoy-inaugura-este-martes-el-8o-foro-de-liderazgo-turistico-de-exceltur\/\" \/>\n\t\t<meta property=\"og:image\" content=\"https:\/\/eldigitaldeasturias.com\/magazine365\/wp-content\/uploads\/2016\/01\/fotonoticia_20160119075939_800.jpg\" \/>\n\t\t<meta property=\"og:image:secure_url\" content=\"https:\/\/eldigitaldeasturias.com\/magazine365\/wp-content\/uploads\/2016\/01\/fotonoticia_20160119075939_800.jpg\" \/>\n\t\t<meta property=\"og:image:width\" content=\"800\" \/>\n\t\t<meta property=\"og:image:height\" content=\"533\" \/>\n\t\t<meta property=\"article:published_time\" content=\"2016-01-20T18:29:22+00:00\" \/>\n\t\t<meta property=\"article:modified_time\" content=\"2016-01-20T18:29:22+00:00\" \/>\n\t\t<meta name=\"twitter:card\" content=\"summary_large_image\" \/>\n\t\t<meta name=\"twitter:title\" content=\"Rajoy inaugura este martes el 8\u00ba Foro de Liderazgo Tur\u00edstico de Exceltur | El Digital de Asturias\" \/>\n\t\t<meta name=\"twitter:description\" content=\"El presidente del Gobierno en funciones, Mariano Rajoy, inaugurar\u00e1 este martes el 8\u00ba Foro de Liderazgo Tur\u00edstico de Exceltur, organizado por la Alianza para la Excelencia Tur\u00edstica, en el Centro de Convenciones Norte de Ifema en Madrid, un d\u00eda antes de que arranque la 36\u00aa edici\u00f3n de la Feria Internacional de Turismo, Fitur 2016. Bajo\" \/>\n\t\t<meta name=\"twitter:image\" content=\"https:\/\/eldigitaldeasturias.com\/magazine365\/wp-content\/uploads\/2016\/01\/fotonoticia_20160119075939_800.jpg\" \/>\n\t\t<script type=\"application\/ld+json\" class=\"aioseo-schema\">\n\t\t\t{\"@context\":\"https:\\\/\\\/schema.org\",\"@graph\":[{\"@type\":\"Article\",\"@id\":\"https:\\\/\\\/eldigitaldeasturias.com\\\/magazine365\\\/rajoy-inaugura-este-martes-el-8o-foro-de-liderazgo-turistico-de-exceltur\\\/#article\",\"name\":\"Rajoy inaugura este martes el 8\\u00ba Foro de Liderazgo Tur\\u00edstico de Exceltur | El Digital de Asturias\",\"headline\":\"Rajoy inaugura este martes el 8\\u00ba Foro de Liderazgo Tur\\u00edstico de Exceltur\",\"author\":{\"@id\":\"https:\\\/\\\/eldigitaldeasturias.com\\\/magazine365\\\/author\\\/admin\\\/#author\"},\"publisher\":{\"@id\":\"https:\\\/\\\/eldigitaldeasturias.com\\\/magazine365\\\/#organization\"},\"image\":{\"@type\":\"ImageObject\",\"url\":\"https:\\\/\\\/eldigitaldeasturias.com\\\/magazine365\\\/wp-content\\\/uploads\\\/2016\\\/01\\\/fotonoticia_20160119075939_800.jpg\",\"width\":800,\"height\":533},\"datePublished\":\"2016-01-20T19:29:22+01:00\",\"dateModified\":\"2016-01-20T19:29:22+01:00\",\"inLanguage\":\"es-ES\",\"mainEntityOfPage\":{\"@id\":\"https:\\\/\\\/eldigitaldeasturias.com\\\/magazine365\\\/rajoy-inaugura-este-martes-el-8o-foro-de-liderazgo-turistico-de-exceltur\\\/#webpage\"},\"isPartOf\":{\"@id\":\"https:\\\/\\\/eldigitaldeasturias.com\\\/magazine365\\\/rajoy-inaugura-este-martes-el-8o-foro-de-liderazgo-turistico-de-exceltur\\\/#webpage\"},\"articleSection\":\"Noticias y Actualidad\"},{\"@type\":\"BreadcrumbList\",\"@id\":\"https:\\\/\\\/eldigitaldeasturias.com\\\/magazine365\\\/rajoy-inaugura-este-martes-el-8o-foro-de-liderazgo-turistico-de-exceltur\\\/#breadcrumblist\",\"itemListElement\":[{\"@type\":\"ListItem\",\"@id\":\"https:\\\/\\\/eldigitaldeasturias.com\\\/magazine365#listItem\",\"position\":1,\"name\":\"Home\",\"item\":\"https:\\\/\\\/eldigitaldeasturias.com\\\/magazine365\",\"nextItem\":{\"@type\":\"ListItem\",\"@id\":\"https:\\\/\\\/eldigitaldeasturias.com\\\/magazine365\\\/category\\\/noticias-actualidad\\\/#listItem\",\"name\":\"Noticias y Actualidad\"}},{\"@type\":\"ListItem\",\"@id\":\"https:\\\/\\\/eldigitaldeasturias.com\\\/magazine365\\\/category\\\/noticias-actualidad\\\/#listItem\",\"position\":2,\"name\":\"Noticias y Actualidad\",\"item\":\"https:\\\/\\\/eldigitaldeasturias.com\\\/magazine365\\\/category\\\/noticias-actualidad\\\/\",\"nextItem\":{\"@type\":\"ListItem\",\"@id\":\"https:\\\/\\\/eldigitaldeasturias.com\\\/magazine365\\\/rajoy-inaugura-este-martes-el-8o-foro-de-liderazgo-turistico-de-exceltur\\\/#listItem\",\"name\":\"Rajoy inaugura este martes el 8\\u00ba Foro de Liderazgo Tur\\u00edstico de Exceltur\"},\"previousItem\":{\"@type\":\"ListItem\",\"@id\":\"https:\\\/\\\/eldigitaldeasturias.com\\\/magazine365#listItem\",\"name\":\"Home\"}},{\"@type\":\"ListItem\",\"@id\":\"https:\\\/\\\/eldigitaldeasturias.com\\\/magazine365\\\/rajoy-inaugura-este-martes-el-8o-foro-de-liderazgo-turistico-de-exceltur\\\/#listItem\",\"position\":3,\"name\":\"Rajoy inaugura este martes el 8\\u00ba Foro de Liderazgo Tur\\u00edstico de Exceltur\",\"previousItem\":{\"@type\":\"ListItem\",\"@id\":\"https:\\\/\\\/eldigitaldeasturias.com\\\/magazine365\\\/category\\\/noticias-actualidad\\\/#listItem\",\"name\":\"Noticias y Actualidad\"}}]},{\"@type\":\"Organization\",\"@id\":\"https:\\\/\\\/eldigitaldeasturias.com\\\/magazine365\\\/#organization\",\"name\":\"El digital de Asturias\",\"description\":\"Revista de ocio, turismo y estilo de vida\",\"url\":\"https:\\\/\\\/eldigitaldeasturias.com\\\/magazine365\\\/\",\"logo\":{\"@type\":\"ImageObject\",\"url\":\"https:\\\/\\\/www.eldigitaldeasturias.com\\\/noticias\\\/wp-content\\\/uploads\\\/2020\\\/12\\\/EDA.jpg\",\"@id\":\"https:\\\/\\\/eldigitaldeasturias.com\\\/magazine365\\\/rajoy-inaugura-este-martes-el-8o-foro-de-liderazgo-turistico-de-exceltur\\\/#organizationLogo\"},\"image\":{\"@id\":\"https:\\\/\\\/eldigitaldeasturias.com\\\/magazine365\\\/rajoy-inaugura-este-martes-el-8o-foro-de-liderazgo-turistico-de-exceltur\\\/#organizationLogo\"}},{\"@type\":\"Person\",\"@id\":\"https:\\\/\\\/eldigitaldeasturias.com\\\/magazine365\\\/author\\\/admin\\\/#author\",\"url\":\"https:\\\/\\\/eldigitaldeasturias.com\\\/magazine365\\\/author\\\/admin\\\/\",\"name\":\"admin\",\"image\":{\"@type\":\"ImageObject\",\"@id\":\"https:\\\/\\\/eldigitaldeasturias.com\\\/magazine365\\\/rajoy-inaugura-este-martes-el-8o-foro-de-liderazgo-turistico-de-exceltur\\\/#authorImage\",\"url\":\"https:\\\/\\\/eldigitaldeasturias.com\\\/magazine365\\\/wp-content\\\/litespeed\\\/avatar\\\/e571bcf59a0edd6fa6838245a470f2fe.jpg?ver=1776969259\",\"width\":96,\"height\":96,\"caption\":\"admin\"}},{\"@type\":\"WebPage\",\"@id\":\"https:\\\/\\\/eldigitaldeasturias.com\\\/magazine365\\\/rajoy-inaugura-este-martes-el-8o-foro-de-liderazgo-turistico-de-exceltur\\\/#webpage\",\"url\":\"https:\\\/\\\/eldigitaldeasturias.com\\\/magazine365\\\/rajoy-inaugura-este-martes-el-8o-foro-de-liderazgo-turistico-de-exceltur\\\/\",\"name\":\"Rajoy inaugura este martes el 8\\u00ba Foro de Liderazgo Tur\\u00edstico de Exceltur | El Digital de Asturias\",\"description\":\"El presidente del Gobierno en funciones, Mariano Rajoy, inaugurar\\u00e1 este martes el 8\\u00ba Foro de Liderazgo Tur\\u00edstico de Exceltur, organizado por la Alianza para la Excelencia Tur\\u00edstica, en el Centro de Convenciones Norte de Ifema en Madrid, un d\\u00eda antes de que arranque la 36\\u00aa edici\\u00f3n de la Feria Internacional de Turismo, Fitur 2016. Bajo\",\"inLanguage\":\"es-ES\",\"isPartOf\":{\"@id\":\"https:\\\/\\\/eldigitaldeasturias.com\\\/magazine365\\\/#website\"},\"breadcrumb\":{\"@id\":\"https:\\\/\\\/eldigitaldeasturias.com\\\/magazine365\\\/rajoy-inaugura-este-martes-el-8o-foro-de-liderazgo-turistico-de-exceltur\\\/#breadcrumblist\"},\"author\":{\"@id\":\"https:\\\/\\\/eldigitaldeasturias.com\\\/magazine365\\\/author\\\/admin\\\/#author\"},\"creator\":{\"@id\":\"https:\\\/\\\/eldigitaldeasturias.com\\\/magazine365\\\/author\\\/admin\\\/#author\"},\"image\":{\"@type\":\"ImageObject\",\"url\":\"https:\\\/\\\/eldigitaldeasturias.com\\\/magazine365\\\/wp-content\\\/uploads\\\/2016\\\/01\\\/fotonoticia_20160119075939_800.jpg\",\"@id\":\"https:\\\/\\\/eldigitaldeasturias.com\\\/magazine365\\\/rajoy-inaugura-este-martes-el-8o-foro-de-liderazgo-turistico-de-exceltur\\\/#mainImage\",\"width\":800,\"height\":533},\"primaryImageOfPage\":{\"@id\":\"https:\\\/\\\/eldigitaldeasturias.com\\\/magazine365\\\/rajoy-inaugura-este-martes-el-8o-foro-de-liderazgo-turistico-de-exceltur\\\/#mainImage\"},\"datePublished\":\"2016-01-20T19:29:22+01:00\",\"dateModified\":\"2016-01-20T19:29:22+01:00\"},{\"@type\":\"WebSite\",\"@id\":\"https:\\\/\\\/eldigitaldeasturias.com\\\/magazine365\\\/#website\",\"url\":\"https:\\\/\\\/eldigitaldeasturias.com\\\/magazine365\\\/\",\"name\":\"El Digital de Asturias\",\"description\":\"Revista de ocio, turismo y estilo de vida\",\"inLanguage\":\"es-ES\",\"publisher\":{\"@id\":\"https:\\\/\\\/eldigitaldeasturias.com\\\/magazine365\\\/#organization\"}}]}\n\t\t<\/script>\n\t\t<!-- All in One SEO Pro -->\r\n\t\t<title>Rajoy inaugura este martes el 8\u00ba Foro de Liderazgo Tur\u00edstico de Exceltur | El Digital de Asturias<\/title>\n\n","aioseo_head_json":{"title":"Rajoy inaugura este martes el 8\u00ba Foro de Liderazgo Tur\u00edstico de Exceltur | El Digital de Asturias","description":"El presidente del Gobierno en funciones, Mariano Rajoy, inaugurar\u00e1 este martes el 8\u00ba Foro de Liderazgo Tur\u00edstico de Exceltur, organizado por la Alianza para la Excelencia Tur\u00edstica, en el Centro de Convenciones Norte de Ifema en Madrid, un d\u00eda antes de que arranque la 36\u00aa edici\u00f3n de la Feria Internacional de Turismo, Fitur 2016. Bajo","canonical_url":"https:\/\/eldigitaldeasturias.com\/magazine365\/rajoy-inaugura-este-martes-el-8o-foro-de-liderazgo-turistico-de-exceltur\/","robots":"max-image-preview:large","keywords":"noticias y actualidad","webmasterTools":{"google-site-verification":"UA-38556648-1","miscellaneous":""},"schema":{"@context":"https:\/\/schema.org","@graph":[{"@type":"Article","@id":"https:\/\/eldigitaldeasturias.com\/magazine365\/rajoy-inaugura-este-martes-el-8o-foro-de-liderazgo-turistico-de-exceltur\/#article","name":"Rajoy inaugura este martes el 8\u00ba Foro de Liderazgo Tur\u00edstico de Exceltur | El Digital de Asturias","headline":"Rajoy inaugura este martes el 8\u00ba Foro de Liderazgo Tur\u00edstico de Exceltur","author":{"@id":"https:\/\/eldigitaldeasturias.com\/magazine365\/author\/admin\/#author"},"publisher":{"@id":"https:\/\/eldigitaldeasturias.com\/magazine365\/#organization"},"image":{"@type":"ImageObject","url":"https:\/\/eldigitaldeasturias.com\/magazine365\/wp-content\/uploads\/2016\/01\/fotonoticia_20160119075939_800.jpg","width":800,"height":533},"datePublished":"2016-01-20T19:29:22+01:00","dateModified":"2016-01-20T19:29:22+01:00","inLanguage":"es-ES","mainEntityOfPage":{"@id":"https:\/\/eldigitaldeasturias.com\/magazine365\/rajoy-inaugura-este-martes-el-8o-foro-de-liderazgo-turistico-de-exceltur\/#webpage"},"isPartOf":{"@id":"https:\/\/eldigitaldeasturias.com\/magazine365\/rajoy-inaugura-este-martes-el-8o-foro-de-liderazgo-turistico-de-exceltur\/#webpage"},"articleSection":"Noticias y Actualidad"},{"@type":"BreadcrumbList","@id":"https:\/\/eldigitaldeasturias.com\/magazine365\/rajoy-inaugura-este-martes-el-8o-foro-de-liderazgo-turistico-de-exceltur\/#breadcrumblist","itemListElement":[{"@type":"ListItem","@id":"https:\/\/eldigitaldeasturias.com\/magazine365#listItem","position":1,"name":"Home","item":"https:\/\/eldigitaldeasturias.com\/magazine365","nextItem":{"@type":"ListItem","@id":"https:\/\/eldigitaldeasturias.com\/magazine365\/category\/noticias-actualidad\/#listItem","name":"Noticias y Actualidad"}},{"@type":"ListItem","@id":"https:\/\/eldigitaldeasturias.com\/magazine365\/category\/noticias-actualidad\/#listItem","position":2,"name":"Noticias y Actualidad","item":"https:\/\/eldigitaldeasturias.com\/magazine365\/category\/noticias-actualidad\/","nextItem":{"@type":"ListItem","@id":"https:\/\/eldigitaldeasturias.com\/magazine365\/rajoy-inaugura-este-martes-el-8o-foro-de-liderazgo-turistico-de-exceltur\/#listItem","name":"Rajoy inaugura este martes el 8\u00ba Foro de Liderazgo Tur\u00edstico de Exceltur"},"previousItem":{"@type":"ListItem","@id":"https:\/\/eldigitaldeasturias.com\/magazine365#listItem","name":"Home"}},{"@type":"ListItem","@id":"https:\/\/eldigitaldeasturias.com\/magazine365\/rajoy-inaugura-este-martes-el-8o-foro-de-liderazgo-turistico-de-exceltur\/#listItem","position":3,"name":"Rajoy inaugura este martes el 8\u00ba Foro de Liderazgo Tur\u00edstico de Exceltur","previousItem":{"@type":"ListItem","@id":"https:\/\/eldigitaldeasturias.com\/magazine365\/category\/noticias-actualidad\/#listItem","name":"Noticias y Actualidad"}}]},{"@type":"Organization","@id":"https:\/\/eldigitaldeasturias.com\/magazine365\/#organization","name":"El digital de Asturias","description":"Revista de ocio, turismo y estilo de vida","url":"https:\/\/eldigitaldeasturias.com\/magazine365\/","logo":{"@type":"ImageObject","url":"https:\/\/www.eldigitaldeasturias.com\/noticias\/wp-content\/uploads\/2020\/12\/EDA.jpg","@id":"https:\/\/eldigitaldeasturias.com\/magazine365\/rajoy-inaugura-este-martes-el-8o-foro-de-liderazgo-turistico-de-exceltur\/#organizationLogo"},"image":{"@id":"https:\/\/eldigitaldeasturias.com\/magazine365\/rajoy-inaugura-este-martes-el-8o-foro-de-liderazgo-turistico-de-exceltur\/#organizationLogo"}},{"@type":"Person","@id":"https:\/\/eldigitaldeasturias.com\/magazine365\/author\/admin\/#author","url":"https:\/\/eldigitaldeasturias.com\/magazine365\/author\/admin\/","name":"admin","image":{"@type":"ImageObject","@id":"https:\/\/eldigitaldeasturias.com\/magazine365\/rajoy-inaugura-este-martes-el-8o-foro-de-liderazgo-turistico-de-exceltur\/#authorImage","url":"https:\/\/eldigitaldeasturias.com\/magazine365\/wp-content\/litespeed\/avatar\/e571bcf59a0edd6fa6838245a470f2fe.jpg?ver=1776969259","width":96,"height":96,"caption":"admin"}},{"@type":"WebPage","@id":"https:\/\/eldigitaldeasturias.com\/magazine365\/rajoy-inaugura-este-martes-el-8o-foro-de-liderazgo-turistico-de-exceltur\/#webpage","url":"https:\/\/eldigitaldeasturias.com\/magazine365\/rajoy-inaugura-este-martes-el-8o-foro-de-liderazgo-turistico-de-exceltur\/","name":"Rajoy inaugura este martes el 8\u00ba Foro de Liderazgo Tur\u00edstico de Exceltur | El Digital de Asturias","description":"El presidente del Gobierno en funciones, Mariano Rajoy, inaugurar\u00e1 este martes el 8\u00ba Foro de Liderazgo Tur\u00edstico de Exceltur, organizado por la Alianza para la Excelencia Tur\u00edstica, en el Centro de Convenciones Norte de Ifema en Madrid, un d\u00eda antes de que arranque la 36\u00aa edici\u00f3n de la Feria Internacional de Turismo, Fitur 2016. Bajo","inLanguage":"es-ES","isPartOf":{"@id":"https:\/\/eldigitaldeasturias.com\/magazine365\/#website"},"breadcrumb":{"@id":"https:\/\/eldigitaldeasturias.com\/magazine365\/rajoy-inaugura-este-martes-el-8o-foro-de-liderazgo-turistico-de-exceltur\/#breadcrumblist"},"author":{"@id":"https:\/\/eldigitaldeasturias.com\/magazine365\/author\/admin\/#author"},"creator":{"@id":"https:\/\/eldigitaldeasturias.com\/magazine365\/author\/admin\/#author"},"image":{"@type":"ImageObject","url":"https:\/\/eldigitaldeasturias.com\/magazine365\/wp-content\/uploads\/2016\/01\/fotonoticia_20160119075939_800.jpg","@id":"https:\/\/eldigitaldeasturias.com\/magazine365\/rajoy-inaugura-este-martes-el-8o-foro-de-liderazgo-turistico-de-exceltur\/#mainImage","width":800,"height":533},"primaryImageOfPage":{"@id":"https:\/\/eldigitaldeasturias.com\/magazine365\/rajoy-inaugura-este-martes-el-8o-foro-de-liderazgo-turistico-de-exceltur\/#mainImage"},"datePublished":"2016-01-20T19:29:22+01:00","dateModified":"2016-01-20T19:29:22+01:00"},{"@type":"WebSite","@id":"https:\/\/eldigitaldeasturias.com\/magazine365\/#website","url":"https:\/\/eldigitaldeasturias.com\/magazine365\/","name":"El Digital de Asturias","description":"Revista de ocio, turismo y estilo de vida","inLanguage":"es-ES","publisher":{"@id":"https:\/\/eldigitaldeasturias.com\/magazine365\/#organization"}}]},"og:locale":"es_ES","og:site_name":"El Digital de Asturias \u2013 Revista de ocio, turismo y estilo de vida","og:type":"article","og:title":"Rajoy inaugura este martes el 8\u00ba Foro de Liderazgo Tur\u00edstico de Exceltur | El Digital de Asturias","og:description":"El presidente del Gobierno en funciones, Mariano Rajoy, inaugurar\u00e1 este martes el 8\u00ba Foro de Liderazgo Tur\u00edstico de Exceltur, organizado por la Alianza para la Excelencia Tur\u00edstica, en el Centro de Convenciones Norte de Ifema en Madrid, un d\u00eda antes de que arranque la 36\u00aa edici\u00f3n de la Feria Internacional de Turismo, Fitur 2016. Bajo","og:url":"https:\/\/eldigitaldeasturias.com\/magazine365\/rajoy-inaugura-este-martes-el-8o-foro-de-liderazgo-turistico-de-exceltur\/","og:image":"https:\/\/eldigitaldeasturias.com\/magazine365\/wp-content\/uploads\/2016\/01\/fotonoticia_20160119075939_800.jpg","og:image:secure_url":"https:\/\/eldigitaldeasturias.com\/magazine365\/wp-content\/uploads\/2016\/01\/fotonoticia_20160119075939_800.jpg","og:image:width":800,"og:image:height":533,"article:published_time":"2016-01-20T18:29:22+00:00","article:modified_time":"2016-01-20T18:29:22+00:00","twitter:card":"summary_large_image","twitter:title":"Rajoy inaugura este martes el 8\u00ba Foro de Liderazgo Tur\u00edstico de Exceltur | El Digital de Asturias","twitter:description":"El presidente del Gobierno en funciones, Mariano Rajoy, inaugurar\u00e1 este martes el 8\u00ba Foro de Liderazgo Tur\u00edstico de Exceltur, organizado por la Alianza para la Excelencia Tur\u00edstica, en el Centro de Convenciones Norte de Ifema en Madrid, un d\u00eda antes de que arranque la 36\u00aa edici\u00f3n de la Feria Internacional de Turismo, Fitur 2016. Bajo","twitter:image":"https:\/\/eldigitaldeasturias.com\/magazine365\/wp-content\/uploads\/2016\/01\/fotonoticia_20160119075939_800.jpg"},"aioseo_meta_data":{"post_id":"61058","title":null,"description":null,"keywords":null,"keyphrases":null,"primary_term":null,"canonical_url":null,"og_title":null,"og_description":null,"og_object_type":"default","og_image_type":"default","og_image_url":null,"og_image_width":null,"og_image_height":null,"og_image_custom_url":null,"og_image_custom_fields":null,"og_video":null,"og_custom_url":null,"og_article_section":null,"og_article_tags":null,"twitter_use_og":false,"twitter_card":"default","twitter_image_type":"default","twitter_image_url":null,"twitter_image_custom_url":null,"twitter_image_custom_fields":null,"twitter_title":null,"twitter_description":null,"schema":{"blockGraphs":[],"customGraphs":[],"default":{"data":{"Article":[],"Course":[],"Dataset":[],"FAQPage":[],"Movie":[],"Person":[],"Product":[],"ProductReview":[],"Car":[],"Recipe":[],"Service":[],"SoftwareApplication":[],"WebPage":[]},"graphName":"","isEnabled":true},"graphs":[],"defaultGraph":"","defaultPostTypeGraph":""},"schema_type":null,"schema_type_options":null,"pillar_content":false,"robots_default":true,"robots_noindex":false,"robots_noarchive":false,"robots_nosnippet":false,"robots_nofollow":false,"robots_noimageindex":false,"robots_noodp":false,"robots_notranslate":false,"robots_max_snippet":null,"robots_max_videopreview":null,"robots_max_imagepreview":"large","priority":null,"frequency":null,"location":null,"local_seo":null,"seo_analyzer_scan_date":"2025-09-25 08:07:16","breadcrumb_settings":null,"limit_modified_date":false,"open_ai":null,"ai":null,"created":"2021-03-08 21:54:02","updated":"2025-09-25 08:07:16"},"aioseo_breadcrumb":"<div class=\"aioseo-breadcrumbs\"><span class=\"aioseo-breadcrumb\">\n\t<a href=\"https:\/\/eldigitaldeasturias.com\/magazine365\" title=\"Home\">Home<\/a>\n<\/span><span class=\"aioseo-breadcrumb-separator\">\u2013<\/span><span class=\"aioseo-breadcrumb\">\n\t<a href=\"https:\/\/eldigitaldeasturias.com\/magazine365\/category\/noticias-actualidad\/\" title=\"Noticias y Actualidad\">Noticias y Actualidad<\/a>\n<\/span><span class=\"aioseo-breadcrumb-separator\">\u2013<\/span><span class=\"aioseo-breadcrumb\">\n\t<a href=\"https:\/\/eldigitaldeasturias.com\/magazine365\/rajoy-inaugura-este-martes-el-8o-foro-de-liderazgo-turistico-de-exceltur\/\" title=\"Rajoy inaugura este martes el 8\u00ba Foro de Liderazgo Tur\u00edstico de Exceltur\">Rajoy inaugura este martes el 8\u00ba Foro de Liderazgo Tur\u00edstico de Exceltur<\/a>\n<\/span><\/div>","aioseo_breadcrumb_json":[{"label":"Home","link":"https:\/\/eldigitaldeasturias.com\/magazine365"},{"label":"Noticias y Actualidad","link":"https:\/\/eldigitaldeasturias.com\/magazine365\/category\/noticias-actualidad\/"},{"label":"Rajoy inaugura este martes el 8\u00ba Foro de Liderazgo Tur\u00edstico de Exceltur","link":"https:\/\/eldigitaldeasturias.com\/magazine365\/rajoy-inaugura-este-martes-el-8o-foro-de-liderazgo-turistico-de-exceltur\/"}],"_links":{"self":[{"href":"https:\/\/eldigitaldeasturias.com\/magazine365\/wp-json\/wp\/v2\/posts\/61058","targetHints":{"allow":["GET"]}}],"collection":[{"href":"https:\/\/eldigitaldeasturias.com\/magazine365\/wp-json\/wp\/v2\/posts"}],"about":[{"href":"https:\/\/eldigitaldeasturias.com\/magazine365\/wp-json\/wp\/v2\/types\/post"}],"author":[{"embeddable":true,"href":"https:\/\/eldigitaldeasturias.com\/magazine365\/wp-json\/wp\/v2\/users\/1"}],"replies":[{"embeddable":true,"href":"https:\/\/eldigitaldeasturias.com\/magazine365\/wp-json\/wp\/v2\/comments?post=61058"}],"version-history":[{"count":0,"href":"https:\/\/eldigitaldeasturias.com\/magazine365\/wp-json\/wp\/v2\/posts\/61058\/revisions"}],"wp:featuredmedia":[{"embeddable":true,"href":"https:\/\/eldigitaldeasturias.com\/magazine365\/wp-json\/wp\/v2\/media\/61059"}],"wp:attachment":[{"href":"https:\/\/eldigitaldeasturias.com\/magazine365\/wp-json\/wp\/v2\/media?parent=61058"}],"wp:term":[{"taxonomy":"category","embeddable":true,"href":"https:\/\/eldigitaldeasturias.com\/magazine365\/wp-json\/wp\/v2\/categories?post=61058"},{"taxonomy":"post_tag","embeddable":true,"href":"https:\/\/eldigitaldeasturias.com\/magazine365\/wp-json\/wp\/v2\/tags?post=61058"}],"curies":[{"name":"wp","href":"https:\/\/api.w.org\/{rel}","templated":true}]}}