{"id":61042,"date":"2016-01-19T08:55:23","date_gmt":"2016-01-19T07:55:23","guid":{"rendered":"http:\/\/eldigitaldeasturias.com\/magazine365\/?p=61042"},"modified":"2016-01-19T08:55:23","modified_gmt":"2016-01-19T07:55:23","slug":"paradores-cerrara-2015-con-un-10-mas-de-ventas","status":"publish","type":"post","link":"https:\/\/eldigitaldeasturias.com\/magazine365\/paradores-cerrara-2015-con-un-10-mas-de-ventas\/","title":{"rendered":"Paradores cerrar\u00e1 2015 con un 10% m\u00e1s de ventas"},"content":{"rendered":"<p><img fetchpriority=\"high\" decoding=\"async\" class=\"alignleft size-medium wp-image-61043\" src=\"https:\/\/eldigitaldeasturias.com\/magazine365\/wp-content\/uploads\/2016\/01\/fotonoticia_20160118201611_800-360x240.jpg\" alt=\"fotonoticia_20160118201611_800\" width=\"360\" height=\"240\" srcset=\"https:\/\/eldigitaldeasturias.com\/magazine365\/wp-content\/uploads\/2016\/01\/fotonoticia_20160118201611_800-360x240.jpg 360w, https:\/\/eldigitaldeasturias.com\/magazine365\/wp-content\/uploads\/2016\/01\/fotonoticia_20160118201611_800-650x433.jpg 650w, https:\/\/eldigitaldeasturias.com\/magazine365\/wp-content\/uploads\/2016\/01\/fotonoticia_20160118201611_800-768x512.jpg 768w, https:\/\/eldigitaldeasturias.com\/magazine365\/wp-content\/uploads\/2016\/01\/fotonoticia_20160118201611_800-150x100.jpg 150w, https:\/\/eldigitaldeasturias.com\/magazine365\/wp-content\/uploads\/2016\/01\/fotonoticia_20160118201611_800-450x300.jpg 450w, https:\/\/eldigitaldeasturias.com\/magazine365\/wp-content\/uploads\/2016\/01\/fotonoticia_20160118201611_800-696x464.jpg 696w, https:\/\/eldigitaldeasturias.com\/magazine365\/wp-content\/uploads\/2016\/01\/fotonoticia_20160118201611_800-630x420.jpg 630w, https:\/\/eldigitaldeasturias.com\/magazine365\/wp-content\/uploads\/2016\/01\/fotonoticia_20160118201611_800-101x66.jpg 101w, https:\/\/eldigitaldeasturias.com\/magazine365\/wp-content\/uploads\/2016\/01\/fotonoticia_20160118201611_800.jpg 800w\" sizes=\"(max-width: 360px) 100vw, 360px\" \/>La red de Paradores cerrar\u00e1 su ejercicio de 2015 con aproximadamente tres millones de euros y un incremento del 10% de las ventas respecto al a\u00f1o anterior, seg\u00fan ha se\u00f1alado la presidenta de la cadena, \u00c1ngeles Alarc\u00f3, en declaraciones a Europa Press.<\/p>\n<p>Paradores ha recibido favorablemente su nueva franquicia en Portugal y espera poder seguir incrementando su n\u00famero de franquicias en el pr\u00f3ximo a\u00f1o.<\/p>\n<p>La presidenta de Paradores, \u00c1ngela Alarc\u00f3n, quien intervino hoy en el II Foro de Innovaci\u00f3n Tur\u00edstica Hotusa Explora, ha se\u00f1alado que las franquicias forman parte del crecimiento de la red con el objetivo de fortalecer la marca \u00abfranquici\u00e1ndola bajo unos par\u00e1metros exigentes\u00bb.<\/p>\n<p>Alarc\u00f3n ha a\u00f1adido que Paradores est\u00e1 apostando por \u00abnuevos sistemas comerciales\u00bb y por \u00abla segmentaci\u00f3n de productos\u00bb como elementos de innovaci\u00f3n en una etapa de crisis que se ha convertido en \u00abuna oportunidad para reinventar Paradores y crear un producto diferencial\u00bb, que permita fidelizar clientes.<\/p>\n<p>Actualmente, Paradores gestiona su actividad a trav\u00e9s de hoteles de propiedad teniendo como accionista al Estado. Alarc\u00f3n ha destacado que tiene \u00abmucho valor\u00bb el trabajo que ha hecho el Estado para \u00abrecuperar e invertir en edificios con el objetivo de convertirlos en paradores y favorecer al turismo espa\u00f1ol\u00bb.<\/p>\n","protected":false},"excerpt":{"rendered":"<p>La red de Paradores cerrar\u00e1 su ejercicio de 2015 con aproximadamente tres millones de euros y un incremento del 10% de las ventas respecto al a\u00f1o anterior, seg\u00fan ha se\u00f1alado la presidenta de la cadena, \u00c1ngeles Alarc\u00f3, en declaraciones a Europa Press. Paradores ha recibido favorablemente su nueva franquicia en Portugal y espera poder seguir<\/p>\n","protected":false},"author":1,"featured_media":61043,"comment_status":"open","ping_status":"closed","sticky":false,"template":"","format":"standard","meta":{"footnotes":""},"categories":[224],"tags":[],"class_list":{"0":"post-61042","1":"post","2":"type-post","3":"status-publish","4":"format-standard","5":"has-post-thumbnail","7":"category-noticias-actualidad"},"aioseo_notices":[],"aioseo_head":"\n\t\t<!-- All in One SEO Pro 4.9.6.1 - aioseo.com -->\n\t<meta name=\"description\" content=\"La red de Paradores cerrar\u00e1 su ejercicio de 2015 con aproximadamente tres millones de euros y un incremento del 10% de las ventas respecto al a\u00f1o anterior, seg\u00fan ha se\u00f1alado la presidenta de la cadena, \u00c1ngeles Alarc\u00f3, en declaraciones a Europa Press. Paradores ha recibido favorablemente su nueva franquicia en Portugal y espera poder seguir\" \/>\n\t<meta name=\"robots\" content=\"max-image-preview:large\" \/>\n\t<meta name=\"author\" content=\"admin\"\/>\n\t<meta name=\"google-site-verification\" content=\"UA-38556648-1\" \/>\n\t<meta name=\"keywords\" content=\"noticias y actualidad\" \/>\n\t<link rel=\"canonical\" href=\"https:\/\/eldigitaldeasturias.com\/magazine365\/paradores-cerrara-2015-con-un-10-mas-de-ventas\/\" \/>\n\t<meta name=\"generator\" content=\"All in One SEO Pro (AIOSEO) 4.9.6.1\" \/>\n\t\t<meta property=\"og:locale\" content=\"es_ES\" \/>\n\t\t<meta property=\"og:site_name\" content=\"El Digital de Asturias \u2013 Revista de ocio, turismo y estilo de vida\" \/>\n\t\t<meta property=\"og:type\" content=\"article\" \/>\n\t\t<meta property=\"og:title\" content=\"Paradores cerrar\u00e1 2015 con un 10% m\u00e1s de ventas | El Digital de Asturias\" \/>\n\t\t<meta property=\"og:description\" content=\"La red de Paradores cerrar\u00e1 su ejercicio de 2015 con aproximadamente tres millones de euros y un incremento del 10% de las ventas respecto al a\u00f1o anterior, seg\u00fan ha se\u00f1alado la presidenta de la cadena, \u00c1ngeles Alarc\u00f3, en declaraciones a Europa Press. Paradores ha recibido favorablemente su nueva franquicia en Portugal y espera poder seguir\" \/>\n\t\t<meta property=\"og:url\" content=\"https:\/\/eldigitaldeasturias.com\/magazine365\/paradores-cerrara-2015-con-un-10-mas-de-ventas\/\" \/>\n\t\t<meta property=\"og:image\" content=\"https:\/\/eldigitaldeasturias.com\/magazine365\/wp-content\/uploads\/2016\/01\/fotonoticia_20160118201611_800.jpg\" \/>\n\t\t<meta property=\"og:image:secure_url\" content=\"https:\/\/eldigitaldeasturias.com\/magazine365\/wp-content\/uploads\/2016\/01\/fotonoticia_20160118201611_800.jpg\" \/>\n\t\t<meta property=\"og:image:width\" content=\"800\" \/>\n\t\t<meta property=\"og:image:height\" content=\"533\" \/>\n\t\t<meta property=\"article:published_time\" content=\"2016-01-19T07:55:23+00:00\" \/>\n\t\t<meta property=\"article:modified_time\" content=\"2016-01-19T07:55:23+00:00\" \/>\n\t\t<meta name=\"twitter:card\" content=\"summary_large_image\" \/>\n\t\t<meta name=\"twitter:title\" content=\"Paradores cerrar\u00e1 2015 con un 10% m\u00e1s de ventas | El Digital de Asturias\" \/>\n\t\t<meta name=\"twitter:description\" content=\"La red de Paradores cerrar\u00e1 su ejercicio de 2015 con aproximadamente tres millones de euros y un incremento del 10% de las ventas respecto al a\u00f1o anterior, seg\u00fan ha se\u00f1alado la presidenta de la cadena, \u00c1ngeles Alarc\u00f3, en declaraciones a Europa Press. Paradores ha recibido favorablemente su nueva franquicia en Portugal y espera poder seguir\" \/>\n\t\t<meta name=\"twitter:image\" content=\"https:\/\/eldigitaldeasturias.com\/magazine365\/wp-content\/uploads\/2016\/01\/fotonoticia_20160118201611_800.jpg\" \/>\n\t\t<script type=\"application\/ld+json\" class=\"aioseo-schema\">\n\t\t\t{\"@context\":\"https:\\\/\\\/schema.org\",\"@graph\":[{\"@type\":\"Article\",\"@id\":\"https:\\\/\\\/eldigitaldeasturias.com\\\/magazine365\\\/paradores-cerrara-2015-con-un-10-mas-de-ventas\\\/#article\",\"name\":\"Paradores cerrar\\u00e1 2015 con un 10% m\\u00e1s de ventas | El Digital de Asturias\",\"headline\":\"Paradores cerrar\\u00e1 2015 con un 10% m\\u00e1s de ventas\",\"author\":{\"@id\":\"https:\\\/\\\/eldigitaldeasturias.com\\\/magazine365\\\/author\\\/admin\\\/#author\"},\"publisher\":{\"@id\":\"https:\\\/\\\/eldigitaldeasturias.com\\\/magazine365\\\/#organization\"},\"image\":{\"@type\":\"ImageObject\",\"url\":\"https:\\\/\\\/eldigitaldeasturias.com\\\/magazine365\\\/wp-content\\\/uploads\\\/2016\\\/01\\\/fotonoticia_20160118201611_800.jpg\",\"width\":800,\"height\":533},\"datePublished\":\"2016-01-19T08:55:23+01:00\",\"dateModified\":\"2016-01-19T08:55:23+01:00\",\"inLanguage\":\"es-ES\",\"mainEntityOfPage\":{\"@id\":\"https:\\\/\\\/eldigitaldeasturias.com\\\/magazine365\\\/paradores-cerrara-2015-con-un-10-mas-de-ventas\\\/#webpage\"},\"isPartOf\":{\"@id\":\"https:\\\/\\\/eldigitaldeasturias.com\\\/magazine365\\\/paradores-cerrara-2015-con-un-10-mas-de-ventas\\\/#webpage\"},\"articleSection\":\"Noticias y Actualidad\"},{\"@type\":\"BreadcrumbList\",\"@id\":\"https:\\\/\\\/eldigitaldeasturias.com\\\/magazine365\\\/paradores-cerrara-2015-con-un-10-mas-de-ventas\\\/#breadcrumblist\",\"itemListElement\":[{\"@type\":\"ListItem\",\"@id\":\"https:\\\/\\\/eldigitaldeasturias.com\\\/magazine365#listItem\",\"position\":1,\"name\":\"Home\",\"item\":\"https:\\\/\\\/eldigitaldeasturias.com\\\/magazine365\",\"nextItem\":{\"@type\":\"ListItem\",\"@id\":\"https:\\\/\\\/eldigitaldeasturias.com\\\/magazine365\\\/category\\\/noticias-actualidad\\\/#listItem\",\"name\":\"Noticias y Actualidad\"}},{\"@type\":\"ListItem\",\"@id\":\"https:\\\/\\\/eldigitaldeasturias.com\\\/magazine365\\\/category\\\/noticias-actualidad\\\/#listItem\",\"position\":2,\"name\":\"Noticias y Actualidad\",\"item\":\"https:\\\/\\\/eldigitaldeasturias.com\\\/magazine365\\\/category\\\/noticias-actualidad\\\/\",\"nextItem\":{\"@type\":\"ListItem\",\"@id\":\"https:\\\/\\\/eldigitaldeasturias.com\\\/magazine365\\\/paradores-cerrara-2015-con-un-10-mas-de-ventas\\\/#listItem\",\"name\":\"Paradores cerrar\\u00e1 2015 con un 10% m\\u00e1s de ventas\"},\"previousItem\":{\"@type\":\"ListItem\",\"@id\":\"https:\\\/\\\/eldigitaldeasturias.com\\\/magazine365#listItem\",\"name\":\"Home\"}},{\"@type\":\"ListItem\",\"@id\":\"https:\\\/\\\/eldigitaldeasturias.com\\\/magazine365\\\/paradores-cerrara-2015-con-un-10-mas-de-ventas\\\/#listItem\",\"position\":3,\"name\":\"Paradores cerrar\\u00e1 2015 con un 10% m\\u00e1s de ventas\",\"previousItem\":{\"@type\":\"ListItem\",\"@id\":\"https:\\\/\\\/eldigitaldeasturias.com\\\/magazine365\\\/category\\\/noticias-actualidad\\\/#listItem\",\"name\":\"Noticias y Actualidad\"}}]},{\"@type\":\"Organization\",\"@id\":\"https:\\\/\\\/eldigitaldeasturias.com\\\/magazine365\\\/#organization\",\"name\":\"El digital de Asturias\",\"description\":\"Revista de ocio, turismo y estilo de vida\",\"url\":\"https:\\\/\\\/eldigitaldeasturias.com\\\/magazine365\\\/\",\"logo\":{\"@type\":\"ImageObject\",\"url\":\"https:\\\/\\\/www.eldigitaldeasturias.com\\\/noticias\\\/wp-content\\\/uploads\\\/2020\\\/12\\\/EDA.jpg\",\"@id\":\"https:\\\/\\\/eldigitaldeasturias.com\\\/magazine365\\\/paradores-cerrara-2015-con-un-10-mas-de-ventas\\\/#organizationLogo\"},\"image\":{\"@id\":\"https:\\\/\\\/eldigitaldeasturias.com\\\/magazine365\\\/paradores-cerrara-2015-con-un-10-mas-de-ventas\\\/#organizationLogo\"}},{\"@type\":\"Person\",\"@id\":\"https:\\\/\\\/eldigitaldeasturias.com\\\/magazine365\\\/author\\\/admin\\\/#author\",\"url\":\"https:\\\/\\\/eldigitaldeasturias.com\\\/magazine365\\\/author\\\/admin\\\/\",\"name\":\"admin\",\"image\":{\"@type\":\"ImageObject\",\"@id\":\"https:\\\/\\\/eldigitaldeasturias.com\\\/magazine365\\\/paradores-cerrara-2015-con-un-10-mas-de-ventas\\\/#authorImage\",\"url\":\"https:\\\/\\\/eldigitaldeasturias.com\\\/magazine365\\\/wp-content\\\/litespeed\\\/avatar\\\/e571bcf59a0edd6fa6838245a470f2fe.jpg?ver=1776969259\",\"width\":96,\"height\":96,\"caption\":\"admin\"}},{\"@type\":\"WebPage\",\"@id\":\"https:\\\/\\\/eldigitaldeasturias.com\\\/magazine365\\\/paradores-cerrara-2015-con-un-10-mas-de-ventas\\\/#webpage\",\"url\":\"https:\\\/\\\/eldigitaldeasturias.com\\\/magazine365\\\/paradores-cerrara-2015-con-un-10-mas-de-ventas\\\/\",\"name\":\"Paradores cerrar\\u00e1 2015 con un 10% m\\u00e1s de ventas | El Digital de Asturias\",\"description\":\"La red de Paradores cerrar\\u00e1 su ejercicio de 2015 con aproximadamente tres millones de euros y un incremento del 10% de las ventas respecto al a\\u00f1o anterior, seg\\u00fan ha se\\u00f1alado la presidenta de la cadena, \\u00c1ngeles Alarc\\u00f3, en declaraciones a Europa Press. Paradores ha recibido favorablemente su nueva franquicia en Portugal y espera poder seguir\",\"inLanguage\":\"es-ES\",\"isPartOf\":{\"@id\":\"https:\\\/\\\/eldigitaldeasturias.com\\\/magazine365\\\/#website\"},\"breadcrumb\":{\"@id\":\"https:\\\/\\\/eldigitaldeasturias.com\\\/magazine365\\\/paradores-cerrara-2015-con-un-10-mas-de-ventas\\\/#breadcrumblist\"},\"author\":{\"@id\":\"https:\\\/\\\/eldigitaldeasturias.com\\\/magazine365\\\/author\\\/admin\\\/#author\"},\"creator\":{\"@id\":\"https:\\\/\\\/eldigitaldeasturias.com\\\/magazine365\\\/author\\\/admin\\\/#author\"},\"image\":{\"@type\":\"ImageObject\",\"url\":\"https:\\\/\\\/eldigitaldeasturias.com\\\/magazine365\\\/wp-content\\\/uploads\\\/2016\\\/01\\\/fotonoticia_20160118201611_800.jpg\",\"@id\":\"https:\\\/\\\/eldigitaldeasturias.com\\\/magazine365\\\/paradores-cerrara-2015-con-un-10-mas-de-ventas\\\/#mainImage\",\"width\":800,\"height\":533},\"primaryImageOfPage\":{\"@id\":\"https:\\\/\\\/eldigitaldeasturias.com\\\/magazine365\\\/paradores-cerrara-2015-con-un-10-mas-de-ventas\\\/#mainImage\"},\"datePublished\":\"2016-01-19T08:55:23+01:00\",\"dateModified\":\"2016-01-19T08:55:23+01:00\"},{\"@type\":\"WebSite\",\"@id\":\"https:\\\/\\\/eldigitaldeasturias.com\\\/magazine365\\\/#website\",\"url\":\"https:\\\/\\\/eldigitaldeasturias.com\\\/magazine365\\\/\",\"name\":\"El Digital de Asturias\",\"description\":\"Revista de ocio, turismo y estilo de vida\",\"inLanguage\":\"es-ES\",\"publisher\":{\"@id\":\"https:\\\/\\\/eldigitaldeasturias.com\\\/magazine365\\\/#organization\"}}]}\n\t\t<\/script>\n\t\t<!-- All in One SEO Pro -->\r\n\t\t<title>Paradores cerrar\u00e1 2015 con un 10% m\u00e1s de ventas | El Digital de Asturias<\/title>\n\n","aioseo_head_json":{"title":"Paradores cerrar\u00e1 2015 con un 10% m\u00e1s de ventas | El Digital de Asturias","description":"La red de Paradores cerrar\u00e1 su ejercicio de 2015 con aproximadamente tres millones de euros y un incremento del 10% de las ventas respecto al a\u00f1o anterior, seg\u00fan ha se\u00f1alado la presidenta de la cadena, \u00c1ngeles Alarc\u00f3, en declaraciones a Europa Press. Paradores ha recibido favorablemente su nueva franquicia en Portugal y espera poder seguir","canonical_url":"https:\/\/eldigitaldeasturias.com\/magazine365\/paradores-cerrara-2015-con-un-10-mas-de-ventas\/","robots":"max-image-preview:large","keywords":"noticias y actualidad","webmasterTools":{"google-site-verification":"UA-38556648-1","miscellaneous":""},"schema":{"@context":"https:\/\/schema.org","@graph":[{"@type":"Article","@id":"https:\/\/eldigitaldeasturias.com\/magazine365\/paradores-cerrara-2015-con-un-10-mas-de-ventas\/#article","name":"Paradores cerrar\u00e1 2015 con un 10% m\u00e1s de ventas | El Digital de Asturias","headline":"Paradores cerrar\u00e1 2015 con un 10% m\u00e1s de ventas","author":{"@id":"https:\/\/eldigitaldeasturias.com\/magazine365\/author\/admin\/#author"},"publisher":{"@id":"https:\/\/eldigitaldeasturias.com\/magazine365\/#organization"},"image":{"@type":"ImageObject","url":"https:\/\/eldigitaldeasturias.com\/magazine365\/wp-content\/uploads\/2016\/01\/fotonoticia_20160118201611_800.jpg","width":800,"height":533},"datePublished":"2016-01-19T08:55:23+01:00","dateModified":"2016-01-19T08:55:23+01:00","inLanguage":"es-ES","mainEntityOfPage":{"@id":"https:\/\/eldigitaldeasturias.com\/magazine365\/paradores-cerrara-2015-con-un-10-mas-de-ventas\/#webpage"},"isPartOf":{"@id":"https:\/\/eldigitaldeasturias.com\/magazine365\/paradores-cerrara-2015-con-un-10-mas-de-ventas\/#webpage"},"articleSection":"Noticias y Actualidad"},{"@type":"BreadcrumbList","@id":"https:\/\/eldigitaldeasturias.com\/magazine365\/paradores-cerrara-2015-con-un-10-mas-de-ventas\/#breadcrumblist","itemListElement":[{"@type":"ListItem","@id":"https:\/\/eldigitaldeasturias.com\/magazine365#listItem","position":1,"name":"Home","item":"https:\/\/eldigitaldeasturias.com\/magazine365","nextItem":{"@type":"ListItem","@id":"https:\/\/eldigitaldeasturias.com\/magazine365\/category\/noticias-actualidad\/#listItem","name":"Noticias y Actualidad"}},{"@type":"ListItem","@id":"https:\/\/eldigitaldeasturias.com\/magazine365\/category\/noticias-actualidad\/#listItem","position":2,"name":"Noticias y Actualidad","item":"https:\/\/eldigitaldeasturias.com\/magazine365\/category\/noticias-actualidad\/","nextItem":{"@type":"ListItem","@id":"https:\/\/eldigitaldeasturias.com\/magazine365\/paradores-cerrara-2015-con-un-10-mas-de-ventas\/#listItem","name":"Paradores cerrar\u00e1 2015 con un 10% m\u00e1s de ventas"},"previousItem":{"@type":"ListItem","@id":"https:\/\/eldigitaldeasturias.com\/magazine365#listItem","name":"Home"}},{"@type":"ListItem","@id":"https:\/\/eldigitaldeasturias.com\/magazine365\/paradores-cerrara-2015-con-un-10-mas-de-ventas\/#listItem","position":3,"name":"Paradores cerrar\u00e1 2015 con un 10% m\u00e1s de ventas","previousItem":{"@type":"ListItem","@id":"https:\/\/eldigitaldeasturias.com\/magazine365\/category\/noticias-actualidad\/#listItem","name":"Noticias y Actualidad"}}]},{"@type":"Organization","@id":"https:\/\/eldigitaldeasturias.com\/magazine365\/#organization","name":"El digital de Asturias","description":"Revista de ocio, turismo y estilo de vida","url":"https:\/\/eldigitaldeasturias.com\/magazine365\/","logo":{"@type":"ImageObject","url":"https:\/\/www.eldigitaldeasturias.com\/noticias\/wp-content\/uploads\/2020\/12\/EDA.jpg","@id":"https:\/\/eldigitaldeasturias.com\/magazine365\/paradores-cerrara-2015-con-un-10-mas-de-ventas\/#organizationLogo"},"image":{"@id":"https:\/\/eldigitaldeasturias.com\/magazine365\/paradores-cerrara-2015-con-un-10-mas-de-ventas\/#organizationLogo"}},{"@type":"Person","@id":"https:\/\/eldigitaldeasturias.com\/magazine365\/author\/admin\/#author","url":"https:\/\/eldigitaldeasturias.com\/magazine365\/author\/admin\/","name":"admin","image":{"@type":"ImageObject","@id":"https:\/\/eldigitaldeasturias.com\/magazine365\/paradores-cerrara-2015-con-un-10-mas-de-ventas\/#authorImage","url":"https:\/\/eldigitaldeasturias.com\/magazine365\/wp-content\/litespeed\/avatar\/e571bcf59a0edd6fa6838245a470f2fe.jpg?ver=1776969259","width":96,"height":96,"caption":"admin"}},{"@type":"WebPage","@id":"https:\/\/eldigitaldeasturias.com\/magazine365\/paradores-cerrara-2015-con-un-10-mas-de-ventas\/#webpage","url":"https:\/\/eldigitaldeasturias.com\/magazine365\/paradores-cerrara-2015-con-un-10-mas-de-ventas\/","name":"Paradores cerrar\u00e1 2015 con un 10% m\u00e1s de ventas | El Digital de Asturias","description":"La red de Paradores cerrar\u00e1 su ejercicio de 2015 con aproximadamente tres millones de euros y un incremento del 10% de las ventas respecto al a\u00f1o anterior, seg\u00fan ha se\u00f1alado la presidenta de la cadena, \u00c1ngeles Alarc\u00f3, en declaraciones a Europa Press. Paradores ha recibido favorablemente su nueva franquicia en Portugal y espera poder seguir","inLanguage":"es-ES","isPartOf":{"@id":"https:\/\/eldigitaldeasturias.com\/magazine365\/#website"},"breadcrumb":{"@id":"https:\/\/eldigitaldeasturias.com\/magazine365\/paradores-cerrara-2015-con-un-10-mas-de-ventas\/#breadcrumblist"},"author":{"@id":"https:\/\/eldigitaldeasturias.com\/magazine365\/author\/admin\/#author"},"creator":{"@id":"https:\/\/eldigitaldeasturias.com\/magazine365\/author\/admin\/#author"},"image":{"@type":"ImageObject","url":"https:\/\/eldigitaldeasturias.com\/magazine365\/wp-content\/uploads\/2016\/01\/fotonoticia_20160118201611_800.jpg","@id":"https:\/\/eldigitaldeasturias.com\/magazine365\/paradores-cerrara-2015-con-un-10-mas-de-ventas\/#mainImage","width":800,"height":533},"primaryImageOfPage":{"@id":"https:\/\/eldigitaldeasturias.com\/magazine365\/paradores-cerrara-2015-con-un-10-mas-de-ventas\/#mainImage"},"datePublished":"2016-01-19T08:55:23+01:00","dateModified":"2016-01-19T08:55:23+01:00"},{"@type":"WebSite","@id":"https:\/\/eldigitaldeasturias.com\/magazine365\/#website","url":"https:\/\/eldigitaldeasturias.com\/magazine365\/","name":"El Digital de Asturias","description":"Revista de ocio, turismo y estilo de vida","inLanguage":"es-ES","publisher":{"@id":"https:\/\/eldigitaldeasturias.com\/magazine365\/#organization"}}]},"og:locale":"es_ES","og:site_name":"El Digital de Asturias \u2013 Revista de ocio, turismo y estilo de vida","og:type":"article","og:title":"Paradores cerrar\u00e1 2015 con un 10% m\u00e1s de ventas | El Digital de Asturias","og:description":"La red de Paradores cerrar\u00e1 su ejercicio de 2015 con aproximadamente tres millones de euros y un incremento del 10% de las ventas respecto al a\u00f1o anterior, seg\u00fan ha se\u00f1alado la presidenta de la cadena, \u00c1ngeles Alarc\u00f3, en declaraciones a Europa Press. Paradores ha recibido favorablemente su nueva franquicia en Portugal y espera poder seguir","og:url":"https:\/\/eldigitaldeasturias.com\/magazine365\/paradores-cerrara-2015-con-un-10-mas-de-ventas\/","og:image":"https:\/\/eldigitaldeasturias.com\/magazine365\/wp-content\/uploads\/2016\/01\/fotonoticia_20160118201611_800.jpg","og:image:secure_url":"https:\/\/eldigitaldeasturias.com\/magazine365\/wp-content\/uploads\/2016\/01\/fotonoticia_20160118201611_800.jpg","og:image:width":800,"og:image:height":533,"article:published_time":"2016-01-19T07:55:23+00:00","article:modified_time":"2016-01-19T07:55:23+00:00","twitter:card":"summary_large_image","twitter:title":"Paradores cerrar\u00e1 2015 con un 10% m\u00e1s de ventas | El Digital de Asturias","twitter:description":"La red de Paradores cerrar\u00e1 su ejercicio de 2015 con aproximadamente tres millones de euros y un incremento del 10% de las ventas respecto al a\u00f1o anterior, seg\u00fan ha se\u00f1alado la presidenta de la cadena, \u00c1ngeles Alarc\u00f3, en declaraciones a Europa Press. Paradores ha recibido favorablemente su nueva franquicia en Portugal y espera poder seguir","twitter:image":"https:\/\/eldigitaldeasturias.com\/magazine365\/wp-content\/uploads\/2016\/01\/fotonoticia_20160118201611_800.jpg"},"aioseo_meta_data":{"post_id":"61042","title":null,"description":null,"keywords":null,"keyphrases":null,"primary_term":null,"canonical_url":null,"og_title":null,"og_description":null,"og_object_type":"default","og_image_type":"default","og_image_url":null,"og_image_width":null,"og_image_height":null,"og_image_custom_url":null,"og_image_custom_fields":null,"og_video":null,"og_custom_url":null,"og_article_section":null,"og_article_tags":null,"twitter_use_og":false,"twitter_card":"default","twitter_image_type":"default","twitter_image_url":null,"twitter_image_custom_url":null,"twitter_image_custom_fields":null,"twitter_title":null,"twitter_description":null,"schema":{"blockGraphs":[],"customGraphs":[],"default":{"data":{"Article":[],"Course":[],"Dataset":[],"FAQPage":[],"Movie":[],"Person":[],"Product":[],"ProductReview":[],"Car":[],"Recipe":[],"Service":[],"SoftwareApplication":[],"WebPage":[]},"graphName":"","isEnabled":true},"graphs":[],"defaultGraph":"","defaultPostTypeGraph":""},"schema_type":null,"schema_type_options":null,"pillar_content":false,"robots_default":true,"robots_noindex":false,"robots_noarchive":false,"robots_nosnippet":false,"robots_nofollow":false,"robots_noimageindex":false,"robots_noodp":false,"robots_notranslate":false,"robots_max_snippet":null,"robots_max_videopreview":null,"robots_max_imagepreview":"large","priority":null,"frequency":null,"location":null,"local_seo":null,"seo_analyzer_scan_date":"2025-09-25 08:05:52","breadcrumb_settings":null,"limit_modified_date":false,"open_ai":null,"ai":null,"created":"2021-03-08 21:54:02","updated":"2025-09-25 08:05:52"},"aioseo_breadcrumb":"<div class=\"aioseo-breadcrumbs\"><span class=\"aioseo-breadcrumb\">\n\t<a href=\"https:\/\/eldigitaldeasturias.com\/magazine365\" title=\"Home\">Home<\/a>\n<\/span><span class=\"aioseo-breadcrumb-separator\">\u2013<\/span><span class=\"aioseo-breadcrumb\">\n\t<a href=\"https:\/\/eldigitaldeasturias.com\/magazine365\/category\/noticias-actualidad\/\" title=\"Noticias y Actualidad\">Noticias y Actualidad<\/a>\n<\/span><span class=\"aioseo-breadcrumb-separator\">\u2013<\/span><span class=\"aioseo-breadcrumb\">\n\t<a href=\"https:\/\/eldigitaldeasturias.com\/magazine365\/paradores-cerrara-2015-con-un-10-mas-de-ventas\/\" title=\"Paradores cerrar\u00e1 2015 con un 10% m\u00e1s de ventas\">Paradores cerrar\u00e1 2015 con un 10% m\u00e1s de ventas<\/a>\n<\/span><\/div>","aioseo_breadcrumb_json":[{"label":"Home","link":"https:\/\/eldigitaldeasturias.com\/magazine365"},{"label":"Noticias y Actualidad","link":"https:\/\/eldigitaldeasturias.com\/magazine365\/category\/noticias-actualidad\/"},{"label":"Paradores cerrar\u00e1 2015 con un 10% m\u00e1s de ventas","link":"https:\/\/eldigitaldeasturias.com\/magazine365\/paradores-cerrara-2015-con-un-10-mas-de-ventas\/"}],"_links":{"self":[{"href":"https:\/\/eldigitaldeasturias.com\/magazine365\/wp-json\/wp\/v2\/posts\/61042","targetHints":{"allow":["GET"]}}],"collection":[{"href":"https:\/\/eldigitaldeasturias.com\/magazine365\/wp-json\/wp\/v2\/posts"}],"about":[{"href":"https:\/\/eldigitaldeasturias.com\/magazine365\/wp-json\/wp\/v2\/types\/post"}],"author":[{"embeddable":true,"href":"https:\/\/eldigitaldeasturias.com\/magazine365\/wp-json\/wp\/v2\/users\/1"}],"replies":[{"embeddable":true,"href":"https:\/\/eldigitaldeasturias.com\/magazine365\/wp-json\/wp\/v2\/comments?post=61042"}],"version-history":[{"count":0,"href":"https:\/\/eldigitaldeasturias.com\/magazine365\/wp-json\/wp\/v2\/posts\/61042\/revisions"}],"wp:featuredmedia":[{"embeddable":true,"href":"https:\/\/eldigitaldeasturias.com\/magazine365\/wp-json\/wp\/v2\/media\/61043"}],"wp:attachment":[{"href":"https:\/\/eldigitaldeasturias.com\/magazine365\/wp-json\/wp\/v2\/media?parent=61042"}],"wp:term":[{"taxonomy":"category","embeddable":true,"href":"https:\/\/eldigitaldeasturias.com\/magazine365\/wp-json\/wp\/v2\/categories?post=61042"},{"taxonomy":"post_tag","embeddable":true,"href":"https:\/\/eldigitaldeasturias.com\/magazine365\/wp-json\/wp\/v2\/tags?post=61042"}],"curies":[{"name":"wp","href":"https:\/\/api.w.org\/{rel}","templated":true}]}}