{"id":61039,"date":"2016-01-19T08:54:29","date_gmt":"2016-01-19T07:54:29","guid":{"rendered":"http:\/\/eldigitaldeasturias.com\/magazine365\/?p=61039"},"modified":"2016-01-19T08:54:29","modified_gmt":"2016-01-19T07:54:29","slug":"las-hoteleras-acusan-el-dano-de-la-economia-colaborativa-y-apuestan-por-la-especializacion-y-la-segmentacion","status":"publish","type":"post","link":"https:\/\/eldigitaldeasturias.com\/magazine365\/las-hoteleras-acusan-el-dano-de-la-economia-colaborativa-y-apuestan-por-la-especializacion-y-la-segmentacion\/","title":{"rendered":"Las hoteleras acusan el \u00abda\u00f1o\u00bb de la econom\u00eda colaborativa y apuestan por la especializaci\u00f3n y la segmentaci\u00f3n"},"content":{"rendered":"<p><img fetchpriority=\"high\" decoding=\"async\" class=\"alignleft size-medium wp-image-61040\" src=\"https:\/\/eldigitaldeasturias.com\/magazine365\/wp-content\/uploads\/2016\/01\/fotonoticia_20160118200355_800-360x239.jpg\" alt=\"fotonoticia_20160118200355_800\" width=\"360\" height=\"239\" srcset=\"https:\/\/eldigitaldeasturias.com\/magazine365\/wp-content\/uploads\/2016\/01\/fotonoticia_20160118200355_800-360x239.jpg 360w, https:\/\/eldigitaldeasturias.com\/magazine365\/wp-content\/uploads\/2016\/01\/fotonoticia_20160118200355_800-650x431.jpg 650w, https:\/\/eldigitaldeasturias.com\/magazine365\/wp-content\/uploads\/2016\/01\/fotonoticia_20160118200355_800-768x509.jpg 768w, https:\/\/eldigitaldeasturias.com\/magazine365\/wp-content\/uploads\/2016\/01\/fotonoticia_20160118200355_800-150x99.jpg 150w, https:\/\/eldigitaldeasturias.com\/magazine365\/wp-content\/uploads\/2016\/01\/fotonoticia_20160118200355_800-450x298.jpg 450w, https:\/\/eldigitaldeasturias.com\/magazine365\/wp-content\/uploads\/2016\/01\/fotonoticia_20160118200355_800-696x461.jpg 696w, https:\/\/eldigitaldeasturias.com\/magazine365\/wp-content\/uploads\/2016\/01\/fotonoticia_20160118200355_800-634x420.jpg 634w, https:\/\/eldigitaldeasturias.com\/magazine365\/wp-content\/uploads\/2016\/01\/fotonoticia_20160118200355_800-121x79.jpg 121w, https:\/\/eldigitaldeasturias.com\/magazine365\/wp-content\/uploads\/2016\/01\/fotonoticia_20160118200355_800-101x66.jpg 101w, https:\/\/eldigitaldeasturias.com\/magazine365\/wp-content\/uploads\/2016\/01\/fotonoticia_20160118200355_800.jpg 800w\" sizes=\"(max-width: 360px) 100vw, 360px\" \/>Las empresas hoteleras espa\u00f1olas apuestan por la especializaci\u00f3n y la segmentaci\u00f3n de sus productos, centr\u00e1ndose en su gesti\u00f3n operativa, en un mercado con alta competencia en el que la econom\u00eda colaborativa ha hecho \u00abda\u00f1o\u00bb al sector hotelero, seg\u00fan han expuesto durante el II Foro de Innovaci\u00f3n Tur\u00edstica Hotusa Explora.<\/p>\n<p>El presidente del Grupo Hotusa, Amancio L\u00f3pez, ha asegurado que la econom\u00eda colaborativa y los alquileres tur\u00edsticos no regularizados suponen una clara \u00abcompetencia desleal que est\u00e1 da\u00f1ando al sector hotelero\u00bb y que para combatirlo es necesario \u00abmostrar algo m\u00e1s y mejorar el producto\u00bb.<\/p>\n<p>L\u00f3pez ha reconocido que \u00abes dif\u00edcil competir ante un sistema en el que la estructura de costes tiene un 90% de margen\u00bb, pero ha apuntado que la gesti\u00f3n entre los operadores y los grandes fondos tiene que estar \u00abdiferenciada\u00bb para ser eficiente.<\/p>\n<p>Asimismo, ha indicado que para innovar es necesario \u00abmejorar la eficiencia de las empresas hoteleras\u00bb, as\u00ed como establecer una buena gesti\u00f3n del ahorro de los costes y del modo de comercializaci\u00f3n, adem\u00e1s de la estructura de costes financieros.<\/p>\n<p>ADAPTARSE A LAS NUEVAS PLATAFORMAS.<\/p>\n<p>Para ello, la mayor\u00eda respalda establecer una distinci\u00f3n entre la inversi\u00f3n y la gesti\u00f3n de la propiedad. As\u00ed, el socio fundador y consejero delegado de Meridia Capital, Javier Faus, indica que los nuevos modelos de gesti\u00f3n \u00abdeben aceptar que haya accionistas y luego propietarios y operadores\u00bb.<\/p>\n<p>Faus ha a\u00f1adido que es importante apostar por los detalles poniendo como ejemplo que algo tan sencillo como ofrecer WiFi autom\u00e1tico gratis en los hoteles, un elemento que es \u00abimprescindible como elemento de innovaci\u00f3n\u00bb.<\/p>\n<p>La adaptaci\u00f3n al mundo digital ha sido el eje central de este foro donde expertos del sector hotelero han debatido sobre c\u00f3mo adaptarse a las innovaciones en plena era del turista digital, cada vez m\u00e1s exigente, y donde las nuevas necesidades de las nuevas generaciones exigen crear nuevos productos.<\/p>\n<p>La presidenta de Paradores, \u00c1ngela Alarc\u00f3n, ha indicado que \u00abel mundo digital es un cambio que ha venido para instalarse\u00bb y que incluso una red como la cadena p\u00fablica hotelera, con un sistema de gesti\u00f3n tan arraigado \u00abtiene que adaptarse a las nuevas plataformas\u00bb.<\/p>\n","protected":false},"excerpt":{"rendered":"<p>Las empresas hoteleras espa\u00f1olas apuestan por la especializaci\u00f3n y la segmentaci\u00f3n de sus productos, centr\u00e1ndose en su gesti\u00f3n operativa, en un mercado con alta competencia en el que la econom\u00eda colaborativa ha hecho \u00abda\u00f1o\u00bb al sector hotelero, seg\u00fan han expuesto durante el II Foro de Innovaci\u00f3n Tur\u00edstica Hotusa Explora. El presidente del Grupo Hotusa, Amancio<\/p>\n","protected":false},"author":1,"featured_media":61040,"comment_status":"open","ping_status":"closed","sticky":false,"template":"","format":"standard","meta":{"footnotes":""},"categories":[224],"tags":[],"class_list":{"0":"post-61039","1":"post","2":"type-post","3":"status-publish","4":"format-standard","5":"has-post-thumbnail","7":"category-noticias-actualidad"},"aioseo_notices":[],"aioseo_head":"\n\t\t<!-- All in One SEO Pro 4.9.6.1 - aioseo.com -->\n\t<meta name=\"description\" content=\"Las empresas hoteleras espa\u00f1olas apuestan por la especializaci\u00f3n y la segmentaci\u00f3n de sus productos, centr\u00e1ndose en su gesti\u00f3n operativa, en un mercado con alta competencia en el que la econom\u00eda colaborativa ha hecho &quot;da\u00f1o&quot; al sector hotelero, seg\u00fan han expuesto durante el II Foro de Innovaci\u00f3n Tur\u00edstica Hotusa Explora. El presidente del Grupo Hotusa, Amancio\" \/>\n\t<meta name=\"robots\" content=\"max-image-preview:large\" \/>\n\t<meta name=\"author\" content=\"admin\"\/>\n\t<meta name=\"google-site-verification\" content=\"UA-38556648-1\" \/>\n\t<meta name=\"keywords\" content=\"noticias y actualidad\" \/>\n\t<link rel=\"canonical\" href=\"https:\/\/eldigitaldeasturias.com\/magazine365\/las-hoteleras-acusan-el-dano-de-la-economia-colaborativa-y-apuestan-por-la-especializacion-y-la-segmentacion\/\" \/>\n\t<meta name=\"generator\" content=\"All in One SEO Pro (AIOSEO) 4.9.6.1\" \/>\n\t\t<meta property=\"og:locale\" content=\"es_ES\" \/>\n\t\t<meta property=\"og:site_name\" content=\"El Digital de Asturias \u2013 Revista de ocio, turismo y estilo de vida\" \/>\n\t\t<meta property=\"og:type\" content=\"article\" \/>\n\t\t<meta property=\"og:title\" content=\"Las hoteleras acusan el \u00abda\u00f1o\u00bb de la econom\u00eda colaborativa y apuestan por la especializaci\u00f3n y la segmentaci\u00f3n | El Digital de Asturias\" \/>\n\t\t<meta property=\"og:description\" content=\"Las empresas hoteleras espa\u00f1olas apuestan por la especializaci\u00f3n y la segmentaci\u00f3n de sus productos, centr\u00e1ndose en su gesti\u00f3n operativa, en un mercado con alta competencia en el que la econom\u00eda colaborativa ha hecho &quot;da\u00f1o&quot; al sector hotelero, seg\u00fan han expuesto durante el II Foro de Innovaci\u00f3n Tur\u00edstica Hotusa Explora. El presidente del Grupo Hotusa, Amancio\" \/>\n\t\t<meta property=\"og:url\" content=\"https:\/\/eldigitaldeasturias.com\/magazine365\/las-hoteleras-acusan-el-dano-de-la-economia-colaborativa-y-apuestan-por-la-especializacion-y-la-segmentacion\/\" \/>\n\t\t<meta property=\"og:image\" content=\"https:\/\/eldigitaldeasturias.com\/magazine365\/wp-content\/uploads\/2016\/01\/fotonoticia_20160118200355_800.jpg\" \/>\n\t\t<meta property=\"og:image:secure_url\" content=\"https:\/\/eldigitaldeasturias.com\/magazine365\/wp-content\/uploads\/2016\/01\/fotonoticia_20160118200355_800.jpg\" \/>\n\t\t<meta property=\"og:image:width\" content=\"800\" \/>\n\t\t<meta property=\"og:image:height\" content=\"530\" \/>\n\t\t<meta property=\"article:published_time\" content=\"2016-01-19T07:54:29+00:00\" \/>\n\t\t<meta property=\"article:modified_time\" content=\"2016-01-19T07:54:29+00:00\" \/>\n\t\t<meta name=\"twitter:card\" content=\"summary_large_image\" \/>\n\t\t<meta name=\"twitter:title\" content=\"Las hoteleras acusan el \u00abda\u00f1o\u00bb de la econom\u00eda colaborativa y apuestan por la especializaci\u00f3n y la segmentaci\u00f3n | El Digital de Asturias\" \/>\n\t\t<meta name=\"twitter:description\" content=\"Las empresas hoteleras espa\u00f1olas apuestan por la especializaci\u00f3n y la segmentaci\u00f3n de sus productos, centr\u00e1ndose en su gesti\u00f3n operativa, en un mercado con alta competencia en el que la econom\u00eda colaborativa ha hecho &quot;da\u00f1o&quot; al sector hotelero, seg\u00fan han expuesto durante el II Foro de Innovaci\u00f3n Tur\u00edstica Hotusa Explora. El presidente del Grupo Hotusa, Amancio\" \/>\n\t\t<meta name=\"twitter:image\" content=\"https:\/\/eldigitaldeasturias.com\/magazine365\/wp-content\/uploads\/2016\/01\/fotonoticia_20160118200355_800.jpg\" \/>\n\t\t<script type=\"application\/ld+json\" class=\"aioseo-schema\">\n\t\t\t{\"@context\":\"https:\\\/\\\/schema.org\",\"@graph\":[{\"@type\":\"Article\",\"@id\":\"https:\\\/\\\/eldigitaldeasturias.com\\\/magazine365\\\/las-hoteleras-acusan-el-dano-de-la-economia-colaborativa-y-apuestan-por-la-especializacion-y-la-segmentacion\\\/#article\",\"name\":\"Las hoteleras acusan el \\u00abda\\u00f1o\\u00bb de la econom\\u00eda colaborativa y apuestan por la especializaci\\u00f3n y la segmentaci\\u00f3n | El Digital de Asturias\",\"headline\":\"Las hoteleras acusan el \\u00abda\\u00f1o\\u00bb de la econom\\u00eda colaborativa y apuestan por la especializaci\\u00f3n y la segmentaci\\u00f3n\",\"author\":{\"@id\":\"https:\\\/\\\/eldigitaldeasturias.com\\\/magazine365\\\/author\\\/admin\\\/#author\"},\"publisher\":{\"@id\":\"https:\\\/\\\/eldigitaldeasturias.com\\\/magazine365\\\/#organization\"},\"image\":{\"@type\":\"ImageObject\",\"url\":\"https:\\\/\\\/eldigitaldeasturias.com\\\/magazine365\\\/wp-content\\\/uploads\\\/2016\\\/01\\\/fotonoticia_20160118200355_800.jpg\",\"width\":800,\"height\":530},\"datePublished\":\"2016-01-19T08:54:29+01:00\",\"dateModified\":\"2016-01-19T08:54:29+01:00\",\"inLanguage\":\"es-ES\",\"mainEntityOfPage\":{\"@id\":\"https:\\\/\\\/eldigitaldeasturias.com\\\/magazine365\\\/las-hoteleras-acusan-el-dano-de-la-economia-colaborativa-y-apuestan-por-la-especializacion-y-la-segmentacion\\\/#webpage\"},\"isPartOf\":{\"@id\":\"https:\\\/\\\/eldigitaldeasturias.com\\\/magazine365\\\/las-hoteleras-acusan-el-dano-de-la-economia-colaborativa-y-apuestan-por-la-especializacion-y-la-segmentacion\\\/#webpage\"},\"articleSection\":\"Noticias y Actualidad\"},{\"@type\":\"BreadcrumbList\",\"@id\":\"https:\\\/\\\/eldigitaldeasturias.com\\\/magazine365\\\/las-hoteleras-acusan-el-dano-de-la-economia-colaborativa-y-apuestan-por-la-especializacion-y-la-segmentacion\\\/#breadcrumblist\",\"itemListElement\":[{\"@type\":\"ListItem\",\"@id\":\"https:\\\/\\\/eldigitaldeasturias.com\\\/magazine365#listItem\",\"position\":1,\"name\":\"Home\",\"item\":\"https:\\\/\\\/eldigitaldeasturias.com\\\/magazine365\",\"nextItem\":{\"@type\":\"ListItem\",\"@id\":\"https:\\\/\\\/eldigitaldeasturias.com\\\/magazine365\\\/category\\\/noticias-actualidad\\\/#listItem\",\"name\":\"Noticias y Actualidad\"}},{\"@type\":\"ListItem\",\"@id\":\"https:\\\/\\\/eldigitaldeasturias.com\\\/magazine365\\\/category\\\/noticias-actualidad\\\/#listItem\",\"position\":2,\"name\":\"Noticias y Actualidad\",\"item\":\"https:\\\/\\\/eldigitaldeasturias.com\\\/magazine365\\\/category\\\/noticias-actualidad\\\/\",\"nextItem\":{\"@type\":\"ListItem\",\"@id\":\"https:\\\/\\\/eldigitaldeasturias.com\\\/magazine365\\\/las-hoteleras-acusan-el-dano-de-la-economia-colaborativa-y-apuestan-por-la-especializacion-y-la-segmentacion\\\/#listItem\",\"name\":\"Las hoteleras acusan el \\u00abda\\u00f1o\\u00bb de la econom\\u00eda colaborativa y apuestan por la especializaci\\u00f3n y la segmentaci\\u00f3n\"},\"previousItem\":{\"@type\":\"ListItem\",\"@id\":\"https:\\\/\\\/eldigitaldeasturias.com\\\/magazine365#listItem\",\"name\":\"Home\"}},{\"@type\":\"ListItem\",\"@id\":\"https:\\\/\\\/eldigitaldeasturias.com\\\/magazine365\\\/las-hoteleras-acusan-el-dano-de-la-economia-colaborativa-y-apuestan-por-la-especializacion-y-la-segmentacion\\\/#listItem\",\"position\":3,\"name\":\"Las hoteleras acusan el \\u00abda\\u00f1o\\u00bb de la econom\\u00eda colaborativa y apuestan por la especializaci\\u00f3n y la segmentaci\\u00f3n\",\"previousItem\":{\"@type\":\"ListItem\",\"@id\":\"https:\\\/\\\/eldigitaldeasturias.com\\\/magazine365\\\/category\\\/noticias-actualidad\\\/#listItem\",\"name\":\"Noticias y Actualidad\"}}]},{\"@type\":\"Organization\",\"@id\":\"https:\\\/\\\/eldigitaldeasturias.com\\\/magazine365\\\/#organization\",\"name\":\"El digital de Asturias\",\"description\":\"Revista de ocio, turismo y estilo de vida\",\"url\":\"https:\\\/\\\/eldigitaldeasturias.com\\\/magazine365\\\/\",\"logo\":{\"@type\":\"ImageObject\",\"url\":\"https:\\\/\\\/www.eldigitaldeasturias.com\\\/noticias\\\/wp-content\\\/uploads\\\/2020\\\/12\\\/EDA.jpg\",\"@id\":\"https:\\\/\\\/eldigitaldeasturias.com\\\/magazine365\\\/las-hoteleras-acusan-el-dano-de-la-economia-colaborativa-y-apuestan-por-la-especializacion-y-la-segmentacion\\\/#organizationLogo\"},\"image\":{\"@id\":\"https:\\\/\\\/eldigitaldeasturias.com\\\/magazine365\\\/las-hoteleras-acusan-el-dano-de-la-economia-colaborativa-y-apuestan-por-la-especializacion-y-la-segmentacion\\\/#organizationLogo\"}},{\"@type\":\"Person\",\"@id\":\"https:\\\/\\\/eldigitaldeasturias.com\\\/magazine365\\\/author\\\/admin\\\/#author\",\"url\":\"https:\\\/\\\/eldigitaldeasturias.com\\\/magazine365\\\/author\\\/admin\\\/\",\"name\":\"admin\",\"image\":{\"@type\":\"ImageObject\",\"@id\":\"https:\\\/\\\/eldigitaldeasturias.com\\\/magazine365\\\/las-hoteleras-acusan-el-dano-de-la-economia-colaborativa-y-apuestan-por-la-especializacion-y-la-segmentacion\\\/#authorImage\",\"url\":\"https:\\\/\\\/eldigitaldeasturias.com\\\/magazine365\\\/wp-content\\\/litespeed\\\/avatar\\\/e571bcf59a0edd6fa6838245a470f2fe.jpg?ver=1776969259\",\"width\":96,\"height\":96,\"caption\":\"admin\"}},{\"@type\":\"WebPage\",\"@id\":\"https:\\\/\\\/eldigitaldeasturias.com\\\/magazine365\\\/las-hoteleras-acusan-el-dano-de-la-economia-colaborativa-y-apuestan-por-la-especializacion-y-la-segmentacion\\\/#webpage\",\"url\":\"https:\\\/\\\/eldigitaldeasturias.com\\\/magazine365\\\/las-hoteleras-acusan-el-dano-de-la-economia-colaborativa-y-apuestan-por-la-especializacion-y-la-segmentacion\\\/\",\"name\":\"Las hoteleras acusan el \\u00abda\\u00f1o\\u00bb de la econom\\u00eda colaborativa y apuestan por la especializaci\\u00f3n y la segmentaci\\u00f3n | El Digital de Asturias\",\"description\":\"Las empresas hoteleras espa\\u00f1olas apuestan por la especializaci\\u00f3n y la segmentaci\\u00f3n de sus productos, centr\\u00e1ndose en su gesti\\u00f3n operativa, en un mercado con alta competencia en el que la econom\\u00eda colaborativa ha hecho \\\"da\\u00f1o\\\" al sector hotelero, seg\\u00fan han expuesto durante el II Foro de Innovaci\\u00f3n Tur\\u00edstica Hotusa Explora. El presidente del Grupo Hotusa, Amancio\",\"inLanguage\":\"es-ES\",\"isPartOf\":{\"@id\":\"https:\\\/\\\/eldigitaldeasturias.com\\\/magazine365\\\/#website\"},\"breadcrumb\":{\"@id\":\"https:\\\/\\\/eldigitaldeasturias.com\\\/magazine365\\\/las-hoteleras-acusan-el-dano-de-la-economia-colaborativa-y-apuestan-por-la-especializacion-y-la-segmentacion\\\/#breadcrumblist\"},\"author\":{\"@id\":\"https:\\\/\\\/eldigitaldeasturias.com\\\/magazine365\\\/author\\\/admin\\\/#author\"},\"creator\":{\"@id\":\"https:\\\/\\\/eldigitaldeasturias.com\\\/magazine365\\\/author\\\/admin\\\/#author\"},\"image\":{\"@type\":\"ImageObject\",\"url\":\"https:\\\/\\\/eldigitaldeasturias.com\\\/magazine365\\\/wp-content\\\/uploads\\\/2016\\\/01\\\/fotonoticia_20160118200355_800.jpg\",\"@id\":\"https:\\\/\\\/eldigitaldeasturias.com\\\/magazine365\\\/las-hoteleras-acusan-el-dano-de-la-economia-colaborativa-y-apuestan-por-la-especializacion-y-la-segmentacion\\\/#mainImage\",\"width\":800,\"height\":530},\"primaryImageOfPage\":{\"@id\":\"https:\\\/\\\/eldigitaldeasturias.com\\\/magazine365\\\/las-hoteleras-acusan-el-dano-de-la-economia-colaborativa-y-apuestan-por-la-especializacion-y-la-segmentacion\\\/#mainImage\"},\"datePublished\":\"2016-01-19T08:54:29+01:00\",\"dateModified\":\"2016-01-19T08:54:29+01:00\"},{\"@type\":\"WebSite\",\"@id\":\"https:\\\/\\\/eldigitaldeasturias.com\\\/magazine365\\\/#website\",\"url\":\"https:\\\/\\\/eldigitaldeasturias.com\\\/magazine365\\\/\",\"name\":\"El Digital de Asturias\",\"description\":\"Revista de ocio, turismo y estilo de vida\",\"inLanguage\":\"es-ES\",\"publisher\":{\"@id\":\"https:\\\/\\\/eldigitaldeasturias.com\\\/magazine365\\\/#organization\"}}]}\n\t\t<\/script>\n\t\t<!-- All in One SEO Pro -->\r\n\t\t<title>Las hoteleras acusan el \u00abda\u00f1o\u00bb de la econom\u00eda colaborativa y apuestan por la especializaci\u00f3n y la segmentaci\u00f3n | El Digital de Asturias<\/title>\n\n","aioseo_head_json":{"title":"Las hoteleras acusan el \u00abda\u00f1o\u00bb de la econom\u00eda colaborativa y apuestan por la especializaci\u00f3n y la segmentaci\u00f3n | El Digital de Asturias","description":"Las empresas hoteleras espa\u00f1olas apuestan por la especializaci\u00f3n y la segmentaci\u00f3n de sus productos, centr\u00e1ndose en su gesti\u00f3n operativa, en un mercado con alta competencia en el que la econom\u00eda colaborativa ha hecho \"da\u00f1o\" al sector hotelero, seg\u00fan han expuesto durante el II Foro de Innovaci\u00f3n Tur\u00edstica Hotusa Explora. El presidente del Grupo Hotusa, Amancio","canonical_url":"https:\/\/eldigitaldeasturias.com\/magazine365\/las-hoteleras-acusan-el-dano-de-la-economia-colaborativa-y-apuestan-por-la-especializacion-y-la-segmentacion\/","robots":"max-image-preview:large","keywords":"noticias y actualidad","webmasterTools":{"google-site-verification":"UA-38556648-1","miscellaneous":""},"schema":{"@context":"https:\/\/schema.org","@graph":[{"@type":"Article","@id":"https:\/\/eldigitaldeasturias.com\/magazine365\/las-hoteleras-acusan-el-dano-de-la-economia-colaborativa-y-apuestan-por-la-especializacion-y-la-segmentacion\/#article","name":"Las hoteleras acusan el \u00abda\u00f1o\u00bb de la econom\u00eda colaborativa y apuestan por la especializaci\u00f3n y la segmentaci\u00f3n | El Digital de Asturias","headline":"Las hoteleras acusan el \u00abda\u00f1o\u00bb de la econom\u00eda colaborativa y apuestan por la especializaci\u00f3n y la segmentaci\u00f3n","author":{"@id":"https:\/\/eldigitaldeasturias.com\/magazine365\/author\/admin\/#author"},"publisher":{"@id":"https:\/\/eldigitaldeasturias.com\/magazine365\/#organization"},"image":{"@type":"ImageObject","url":"https:\/\/eldigitaldeasturias.com\/magazine365\/wp-content\/uploads\/2016\/01\/fotonoticia_20160118200355_800.jpg","width":800,"height":530},"datePublished":"2016-01-19T08:54:29+01:00","dateModified":"2016-01-19T08:54:29+01:00","inLanguage":"es-ES","mainEntityOfPage":{"@id":"https:\/\/eldigitaldeasturias.com\/magazine365\/las-hoteleras-acusan-el-dano-de-la-economia-colaborativa-y-apuestan-por-la-especializacion-y-la-segmentacion\/#webpage"},"isPartOf":{"@id":"https:\/\/eldigitaldeasturias.com\/magazine365\/las-hoteleras-acusan-el-dano-de-la-economia-colaborativa-y-apuestan-por-la-especializacion-y-la-segmentacion\/#webpage"},"articleSection":"Noticias y Actualidad"},{"@type":"BreadcrumbList","@id":"https:\/\/eldigitaldeasturias.com\/magazine365\/las-hoteleras-acusan-el-dano-de-la-economia-colaborativa-y-apuestan-por-la-especializacion-y-la-segmentacion\/#breadcrumblist","itemListElement":[{"@type":"ListItem","@id":"https:\/\/eldigitaldeasturias.com\/magazine365#listItem","position":1,"name":"Home","item":"https:\/\/eldigitaldeasturias.com\/magazine365","nextItem":{"@type":"ListItem","@id":"https:\/\/eldigitaldeasturias.com\/magazine365\/category\/noticias-actualidad\/#listItem","name":"Noticias y Actualidad"}},{"@type":"ListItem","@id":"https:\/\/eldigitaldeasturias.com\/magazine365\/category\/noticias-actualidad\/#listItem","position":2,"name":"Noticias y Actualidad","item":"https:\/\/eldigitaldeasturias.com\/magazine365\/category\/noticias-actualidad\/","nextItem":{"@type":"ListItem","@id":"https:\/\/eldigitaldeasturias.com\/magazine365\/las-hoteleras-acusan-el-dano-de-la-economia-colaborativa-y-apuestan-por-la-especializacion-y-la-segmentacion\/#listItem","name":"Las hoteleras acusan el \u00abda\u00f1o\u00bb de la econom\u00eda colaborativa y apuestan por la especializaci\u00f3n y la segmentaci\u00f3n"},"previousItem":{"@type":"ListItem","@id":"https:\/\/eldigitaldeasturias.com\/magazine365#listItem","name":"Home"}},{"@type":"ListItem","@id":"https:\/\/eldigitaldeasturias.com\/magazine365\/las-hoteleras-acusan-el-dano-de-la-economia-colaborativa-y-apuestan-por-la-especializacion-y-la-segmentacion\/#listItem","position":3,"name":"Las hoteleras acusan el \u00abda\u00f1o\u00bb de la econom\u00eda colaborativa y apuestan por la especializaci\u00f3n y la segmentaci\u00f3n","previousItem":{"@type":"ListItem","@id":"https:\/\/eldigitaldeasturias.com\/magazine365\/category\/noticias-actualidad\/#listItem","name":"Noticias y Actualidad"}}]},{"@type":"Organization","@id":"https:\/\/eldigitaldeasturias.com\/magazine365\/#organization","name":"El digital de Asturias","description":"Revista de ocio, turismo y estilo de vida","url":"https:\/\/eldigitaldeasturias.com\/magazine365\/","logo":{"@type":"ImageObject","url":"https:\/\/www.eldigitaldeasturias.com\/noticias\/wp-content\/uploads\/2020\/12\/EDA.jpg","@id":"https:\/\/eldigitaldeasturias.com\/magazine365\/las-hoteleras-acusan-el-dano-de-la-economia-colaborativa-y-apuestan-por-la-especializacion-y-la-segmentacion\/#organizationLogo"},"image":{"@id":"https:\/\/eldigitaldeasturias.com\/magazine365\/las-hoteleras-acusan-el-dano-de-la-economia-colaborativa-y-apuestan-por-la-especializacion-y-la-segmentacion\/#organizationLogo"}},{"@type":"Person","@id":"https:\/\/eldigitaldeasturias.com\/magazine365\/author\/admin\/#author","url":"https:\/\/eldigitaldeasturias.com\/magazine365\/author\/admin\/","name":"admin","image":{"@type":"ImageObject","@id":"https:\/\/eldigitaldeasturias.com\/magazine365\/las-hoteleras-acusan-el-dano-de-la-economia-colaborativa-y-apuestan-por-la-especializacion-y-la-segmentacion\/#authorImage","url":"https:\/\/eldigitaldeasturias.com\/magazine365\/wp-content\/litespeed\/avatar\/e571bcf59a0edd6fa6838245a470f2fe.jpg?ver=1776969259","width":96,"height":96,"caption":"admin"}},{"@type":"WebPage","@id":"https:\/\/eldigitaldeasturias.com\/magazine365\/las-hoteleras-acusan-el-dano-de-la-economia-colaborativa-y-apuestan-por-la-especializacion-y-la-segmentacion\/#webpage","url":"https:\/\/eldigitaldeasturias.com\/magazine365\/las-hoteleras-acusan-el-dano-de-la-economia-colaborativa-y-apuestan-por-la-especializacion-y-la-segmentacion\/","name":"Las hoteleras acusan el \u00abda\u00f1o\u00bb de la econom\u00eda colaborativa y apuestan por la especializaci\u00f3n y la segmentaci\u00f3n | El Digital de Asturias","description":"Las empresas hoteleras espa\u00f1olas apuestan por la especializaci\u00f3n y la segmentaci\u00f3n de sus productos, centr\u00e1ndose en su gesti\u00f3n operativa, en un mercado con alta competencia en el que la econom\u00eda colaborativa ha hecho \"da\u00f1o\" al sector hotelero, seg\u00fan han expuesto durante el II Foro de Innovaci\u00f3n Tur\u00edstica Hotusa Explora. El presidente del Grupo Hotusa, Amancio","inLanguage":"es-ES","isPartOf":{"@id":"https:\/\/eldigitaldeasturias.com\/magazine365\/#website"},"breadcrumb":{"@id":"https:\/\/eldigitaldeasturias.com\/magazine365\/las-hoteleras-acusan-el-dano-de-la-economia-colaborativa-y-apuestan-por-la-especializacion-y-la-segmentacion\/#breadcrumblist"},"author":{"@id":"https:\/\/eldigitaldeasturias.com\/magazine365\/author\/admin\/#author"},"creator":{"@id":"https:\/\/eldigitaldeasturias.com\/magazine365\/author\/admin\/#author"},"image":{"@type":"ImageObject","url":"https:\/\/eldigitaldeasturias.com\/magazine365\/wp-content\/uploads\/2016\/01\/fotonoticia_20160118200355_800.jpg","@id":"https:\/\/eldigitaldeasturias.com\/magazine365\/las-hoteleras-acusan-el-dano-de-la-economia-colaborativa-y-apuestan-por-la-especializacion-y-la-segmentacion\/#mainImage","width":800,"height":530},"primaryImageOfPage":{"@id":"https:\/\/eldigitaldeasturias.com\/magazine365\/las-hoteleras-acusan-el-dano-de-la-economia-colaborativa-y-apuestan-por-la-especializacion-y-la-segmentacion\/#mainImage"},"datePublished":"2016-01-19T08:54:29+01:00","dateModified":"2016-01-19T08:54:29+01:00"},{"@type":"WebSite","@id":"https:\/\/eldigitaldeasturias.com\/magazine365\/#website","url":"https:\/\/eldigitaldeasturias.com\/magazine365\/","name":"El Digital de Asturias","description":"Revista de ocio, turismo y estilo de vida","inLanguage":"es-ES","publisher":{"@id":"https:\/\/eldigitaldeasturias.com\/magazine365\/#organization"}}]},"og:locale":"es_ES","og:site_name":"El Digital de Asturias \u2013 Revista de ocio, turismo y estilo de vida","og:type":"article","og:title":"Las hoteleras acusan el \u00abda\u00f1o\u00bb de la econom\u00eda colaborativa y apuestan por la especializaci\u00f3n y la segmentaci\u00f3n | El Digital de Asturias","og:description":"Las empresas hoteleras espa\u00f1olas apuestan por la especializaci\u00f3n y la segmentaci\u00f3n de sus productos, centr\u00e1ndose en su gesti\u00f3n operativa, en un mercado con alta competencia en el que la econom\u00eda colaborativa ha hecho &quot;da\u00f1o&quot; al sector hotelero, seg\u00fan han expuesto durante el II Foro de Innovaci\u00f3n Tur\u00edstica Hotusa Explora. El presidente del Grupo Hotusa, Amancio","og:url":"https:\/\/eldigitaldeasturias.com\/magazine365\/las-hoteleras-acusan-el-dano-de-la-economia-colaborativa-y-apuestan-por-la-especializacion-y-la-segmentacion\/","og:image":"https:\/\/eldigitaldeasturias.com\/magazine365\/wp-content\/uploads\/2016\/01\/fotonoticia_20160118200355_800.jpg","og:image:secure_url":"https:\/\/eldigitaldeasturias.com\/magazine365\/wp-content\/uploads\/2016\/01\/fotonoticia_20160118200355_800.jpg","og:image:width":800,"og:image:height":530,"article:published_time":"2016-01-19T07:54:29+00:00","article:modified_time":"2016-01-19T07:54:29+00:00","twitter:card":"summary_large_image","twitter:title":"Las hoteleras acusan el \u00abda\u00f1o\u00bb de la econom\u00eda colaborativa y apuestan por la especializaci\u00f3n y la segmentaci\u00f3n | El Digital de Asturias","twitter:description":"Las empresas hoteleras espa\u00f1olas apuestan por la especializaci\u00f3n y la segmentaci\u00f3n de sus productos, centr\u00e1ndose en su gesti\u00f3n operativa, en un mercado con alta competencia en el que la econom\u00eda colaborativa ha hecho &quot;da\u00f1o&quot; al sector hotelero, seg\u00fan han expuesto durante el II Foro de Innovaci\u00f3n Tur\u00edstica Hotusa Explora. El presidente del Grupo Hotusa, Amancio","twitter:image":"https:\/\/eldigitaldeasturias.com\/magazine365\/wp-content\/uploads\/2016\/01\/fotonoticia_20160118200355_800.jpg"},"aioseo_meta_data":{"post_id":"61039","title":null,"description":null,"keywords":null,"keyphrases":null,"primary_term":null,"canonical_url":null,"og_title":null,"og_description":null,"og_object_type":"default","og_image_type":"default","og_image_url":null,"og_image_width":null,"og_image_height":null,"og_image_custom_url":null,"og_image_custom_fields":null,"og_video":null,"og_custom_url":null,"og_article_section":null,"og_article_tags":null,"twitter_use_og":false,"twitter_card":"default","twitter_image_type":"default","twitter_image_url":null,"twitter_image_custom_url":null,"twitter_image_custom_fields":null,"twitter_title":null,"twitter_description":null,"schema":{"blockGraphs":[],"customGraphs":[],"default":{"data":{"Article":[],"Course":[],"Dataset":[],"FAQPage":[],"Movie":[],"Person":[],"Product":[],"ProductReview":[],"Car":[],"Recipe":[],"Service":[],"SoftwareApplication":[],"WebPage":[]},"graphName":"","isEnabled":true},"graphs":[],"defaultGraph":"","defaultPostTypeGraph":""},"schema_type":null,"schema_type_options":null,"pillar_content":false,"robots_default":true,"robots_noindex":false,"robots_noarchive":false,"robots_nosnippet":false,"robots_nofollow":false,"robots_noimageindex":false,"robots_noodp":false,"robots_notranslate":false,"robots_max_snippet":null,"robots_max_videopreview":null,"robots_max_imagepreview":"large","priority":null,"frequency":null,"location":null,"local_seo":null,"seo_analyzer_scan_date":"2025-09-25 08:05:51","breadcrumb_settings":null,"limit_modified_date":false,"open_ai":null,"ai":null,"created":"2021-03-08 21:54:02","updated":"2025-09-25 08:05:51"},"aioseo_breadcrumb":"<div class=\"aioseo-breadcrumbs\"><span class=\"aioseo-breadcrumb\">\n\t<a href=\"https:\/\/eldigitaldeasturias.com\/magazine365\" title=\"Home\">Home<\/a>\n<\/span><span class=\"aioseo-breadcrumb-separator\">\u2013<\/span><span class=\"aioseo-breadcrumb\">\n\t<a href=\"https:\/\/eldigitaldeasturias.com\/magazine365\/category\/noticias-actualidad\/\" title=\"Noticias y Actualidad\">Noticias y Actualidad<\/a>\n<\/span><span class=\"aioseo-breadcrumb-separator\">\u2013<\/span><span class=\"aioseo-breadcrumb\">\n\t<a href=\"https:\/\/eldigitaldeasturias.com\/magazine365\/las-hoteleras-acusan-el-dano-de-la-economia-colaborativa-y-apuestan-por-la-especializacion-y-la-segmentacion\/\" title=\"Las hoteleras acusan el \u00abda\u00f1o\u00bb de la econom\u00eda colaborativa y apuestan por la especializaci\u00f3n y la segmentaci\u00f3n\">Las hoteleras acusan el \u00abda\u00f1o\u00bb de la econom\u00eda colaborativa y apuestan por la especializaci\u00f3n y la segmentaci\u00f3n<\/a>\n<\/span><\/div>","aioseo_breadcrumb_json":[{"label":"Home","link":"https:\/\/eldigitaldeasturias.com\/magazine365"},{"label":"Noticias y Actualidad","link":"https:\/\/eldigitaldeasturias.com\/magazine365\/category\/noticias-actualidad\/"},{"label":"Las hoteleras acusan el \u00abda\u00f1o\u00bb de la econom\u00eda colaborativa y apuestan por la especializaci\u00f3n y la segmentaci\u00f3n","link":"https:\/\/eldigitaldeasturias.com\/magazine365\/las-hoteleras-acusan-el-dano-de-la-economia-colaborativa-y-apuestan-por-la-especializacion-y-la-segmentacion\/"}],"_links":{"self":[{"href":"https:\/\/eldigitaldeasturias.com\/magazine365\/wp-json\/wp\/v2\/posts\/61039","targetHints":{"allow":["GET"]}}],"collection":[{"href":"https:\/\/eldigitaldeasturias.com\/magazine365\/wp-json\/wp\/v2\/posts"}],"about":[{"href":"https:\/\/eldigitaldeasturias.com\/magazine365\/wp-json\/wp\/v2\/types\/post"}],"author":[{"embeddable":true,"href":"https:\/\/eldigitaldeasturias.com\/magazine365\/wp-json\/wp\/v2\/users\/1"}],"replies":[{"embeddable":true,"href":"https:\/\/eldigitaldeasturias.com\/magazine365\/wp-json\/wp\/v2\/comments?post=61039"}],"version-history":[{"count":0,"href":"https:\/\/eldigitaldeasturias.com\/magazine365\/wp-json\/wp\/v2\/posts\/61039\/revisions"}],"wp:featuredmedia":[{"embeddable":true,"href":"https:\/\/eldigitaldeasturias.com\/magazine365\/wp-json\/wp\/v2\/media\/61040"}],"wp:attachment":[{"href":"https:\/\/eldigitaldeasturias.com\/magazine365\/wp-json\/wp\/v2\/media?parent=61039"}],"wp:term":[{"taxonomy":"category","embeddable":true,"href":"https:\/\/eldigitaldeasturias.com\/magazine365\/wp-json\/wp\/v2\/categories?post=61039"},{"taxonomy":"post_tag","embeddable":true,"href":"https:\/\/eldigitaldeasturias.com\/magazine365\/wp-json\/wp\/v2\/tags?post=61039"}],"curies":[{"name":"wp","href":"https:\/\/api.w.org\/{rel}","templated":true}]}}