{"id":61028,"date":"2016-01-19T08:50:27","date_gmt":"2016-01-19T07:50:27","guid":{"rendered":"http:\/\/eldigitaldeasturias.com\/magazine365\/?p=61028"},"modified":"2016-01-19T08:50:27","modified_gmt":"2016-01-19T07:50:27","slug":"cordoba-presenta-abre-el-azahar-en-fitur-2016","status":"publish","type":"post","link":"https:\/\/eldigitaldeasturias.com\/magazine365\/cordoba-presenta-abre-el-azahar-en-fitur-2016\/","title":{"rendered":"C\u00f3rdoba presenta &#8216;Abre el Azahar&#8217; en Fitur 2016"},"content":{"rendered":"<p>La ciudad de C\u00f3rdoba acude a la XXXVI edici\u00f3n de la Feria Internacional de Turismo (Fitur) con un ampl\u00edo abanico de novedades con las que pretende desestacionalizar el turismo cordob\u00e9s, bajo una premisa, &#8216;C\u00f3rdoba, patio abierto durante las cuatro estaciones del a\u00f1o&#8217; y entre las que destaca el proyecto &#8216;Abre el azahar&#8217;, con el que prev\u00e9 mostrarse al mundo con la floraci\u00f3n del azahar, al igual que lo hacen los japoneses con el cerezo Hanami.<\/p>\n<p>Seg\u00fan ha informado el gerente de Turismo de C\u00f3rdoba, Jos\u00e9 Fern\u00e1ndez, en una nota de prensa, el proyecto se presentar\u00e1 el pr\u00f3ximo viernes en el marco de Fitur y pretende ofrecer el resultado de unir \u00abun rasgo tan caracter\u00edstico, emocional e identitario de C\u00f3rdoba\u00bb, como son los patios, \u00abcon una acci\u00f3n popular proyectada al mundo\u00bb.<\/p>\n<p>Por otro lado, C\u00f3rdoba quiere recuperar la importancia de la figura del caballo en la ciudad a trav\u00e9s de una serie de actividades que se desarrollar\u00e1n a lo largo del a\u00f1o como actos en las Caballerizas Reales, competiciones de doma, o la Fiesta del Caballo, entre otras.<\/p>\n<p>As\u00ed, este mi\u00e9rcoles tendr\u00e1 lugar la presentaci\u00f3n del proyecto &#8216;El Jard\u00edn de Elena&#8217;, un recorrido de ida y vuelta entre las obras pict\u00f3ricas del Museo Carmen Thyssen de M\u00e1laga y las especies vegetales de los Jardines Bot\u00e1nicos de C\u00f3rdoba y M\u00e1laga, nexo cultural entre ambas provincias para fomentar la ciencia y el arte.<\/p>\n<p>Ese mismo d\u00eda, se presentar\u00e1 el portal C\u00f3rdoba Film Office, un nuevo medio para poner en contacto a profesionales del sector audiovisual con las productoras que visiten la ciudad para rodar. \u00abSe trata de fomentar la creaci\u00f3n de sinergias y generar valor en dichas relaciones\u00bb, ha apuntado Fern\u00e1ndez.<\/p>\n<p>Por otra parte, Fitur acoger\u00e1 tambi\u00e9n la presentaci\u00f3n del Centro de Ferias, Exposiciones y Convenciones, CEFC, una apuesta por el turismo profesional ligado a la existencia en la ciudad de diferentes instalaciones acordes al desarrollo de cualquier encuentro de primer nivel, unido a alta calidad en el servicio de hoteles y la gran oferta gastron\u00f3mica. Entre estas infraestructuras destaca el Palacio de Viana, que con sus m\u00e1s de cinco siglos de historia ha adaptado sus dependencias con un sorprendente centro de recepci\u00f3n.<\/p>\n<p>Por otro lado, tras el trabajo realizado por el Consorcio de Turismo en diferentes proyectos con otras ciudades internacionales, la alcaldesa, Isabel Ambrosio, aprovechar\u00e1 la feria para saludar a ministros de pa\u00edses \u00e1rabes, as\u00ed como a la Fundaci\u00f3n Espa\u00f1a-India, con el fin de cerrar diferentes acuerdos de colaboraci\u00f3n para el pr\u00f3ximo a\u00f1o.<\/p>\n<p>Adem\u00e1s de todas las novedades, la oferta tur\u00edstica general de la ciudad estar\u00e1 presente en Fitur para acercar a los visitantes a la Mezquita catedral, con todo el conjunto urbano que la rodea; el yacimiento de Medina Azahara; el Alc\u00e1zar de los Reyes Cristianos; o la Fiesta de los Patios, reconocida en 2012 Patrimonio Cultural Inmaterial de la Humanidad, entre otros.<\/p>\n","protected":false},"excerpt":{"rendered":"<p>La ciudad de C\u00f3rdoba acude a la XXXVI edici\u00f3n de la Feria Internacional de Turismo (Fitur) con un ampl\u00edo abanico de novedades con las que pretende desestacionalizar el turismo cordob\u00e9s, bajo una premisa, &#8216;C\u00f3rdoba, patio abierto durante las cuatro estaciones del a\u00f1o&#8217; y entre las que destaca el proyecto &#8216;Abre el azahar&#8217;, con el que<\/p>\n","protected":false},"author":1,"featured_media":60991,"comment_status":"open","ping_status":"closed","sticky":false,"template":"","format":"standard","meta":{"footnotes":""},"categories":[224],"tags":[],"class_list":{"0":"post-61028","1":"post","2":"type-post","3":"status-publish","4":"format-standard","5":"has-post-thumbnail","7":"category-noticias-actualidad"},"aioseo_notices":[],"aioseo_head":"\n\t\t<!-- All in One SEO Pro 4.9.6.1 - aioseo.com -->\n\t<meta name=\"description\" content=\"La ciudad de C\u00f3rdoba acude a la XXXVI edici\u00f3n de la Feria Internacional de Turismo (Fitur) con un ampl\u00edo abanico de novedades con las que pretende desestacionalizar el turismo cordob\u00e9s, bajo una premisa, &#039;C\u00f3rdoba, patio abierto durante las cuatro estaciones del a\u00f1o&#039; y entre las que destaca el proyecto &#039;Abre el azahar&#039;, con el que\" \/>\n\t<meta name=\"robots\" content=\"max-image-preview:large\" \/>\n\t<meta name=\"author\" content=\"admin\"\/>\n\t<meta name=\"google-site-verification\" content=\"UA-38556648-1\" \/>\n\t<meta name=\"keywords\" content=\"noticias y actualidad\" \/>\n\t<link rel=\"canonical\" href=\"https:\/\/eldigitaldeasturias.com\/magazine365\/cordoba-presenta-abre-el-azahar-en-fitur-2016\/\" \/>\n\t<meta name=\"generator\" content=\"All in One SEO Pro (AIOSEO) 4.9.6.1\" \/>\n\t\t<meta property=\"og:locale\" content=\"es_ES\" \/>\n\t\t<meta property=\"og:site_name\" content=\"El Digital de Asturias \u2013 Revista de ocio, turismo y estilo de vida\" \/>\n\t\t<meta property=\"og:type\" content=\"article\" \/>\n\t\t<meta property=\"og:title\" content=\"C\u00f3rdoba presenta \u2018Abre el Azahar\u2019 en Fitur 2016 | El Digital de Asturias\" \/>\n\t\t<meta property=\"og:description\" content=\"La ciudad de C\u00f3rdoba acude a la XXXVI edici\u00f3n de la Feria Internacional de Turismo (Fitur) con un ampl\u00edo abanico de novedades con las que pretende desestacionalizar el turismo cordob\u00e9s, bajo una premisa, &#039;C\u00f3rdoba, patio abierto durante las cuatro estaciones del a\u00f1o&#039; y entre las que destaca el proyecto &#039;Abre el azahar&#039;, con el que\" \/>\n\t\t<meta property=\"og:url\" content=\"https:\/\/eldigitaldeasturias.com\/magazine365\/cordoba-presenta-abre-el-azahar-en-fitur-2016\/\" \/>\n\t\t<meta property=\"og:image\" content=\"https:\/\/eldigitaldeasturias.com\/magazine365\/wp-content\/uploads\/2016\/01\/fotonoticia_20160118154802_800.jpg\" \/>\n\t\t<meta property=\"og:image:secure_url\" content=\"https:\/\/eldigitaldeasturias.com\/magazine365\/wp-content\/uploads\/2016\/01\/fotonoticia_20160118154802_800.jpg\" \/>\n\t\t<meta property=\"og:image:width\" content=\"800\" \/>\n\t\t<meta property=\"og:image:height\" content=\"534\" \/>\n\t\t<meta property=\"article:published_time\" content=\"2016-01-19T07:50:27+00:00\" \/>\n\t\t<meta property=\"article:modified_time\" content=\"2016-01-19T07:50:27+00:00\" \/>\n\t\t<meta name=\"twitter:card\" content=\"summary_large_image\" \/>\n\t\t<meta name=\"twitter:title\" content=\"C\u00f3rdoba presenta \u2018Abre el Azahar\u2019 en Fitur 2016 | El Digital de Asturias\" \/>\n\t\t<meta name=\"twitter:description\" content=\"La ciudad de C\u00f3rdoba acude a la XXXVI edici\u00f3n de la Feria Internacional de Turismo (Fitur) con un ampl\u00edo abanico de novedades con las que pretende desestacionalizar el turismo cordob\u00e9s, bajo una premisa, &#039;C\u00f3rdoba, patio abierto durante las cuatro estaciones del a\u00f1o&#039; y entre las que destaca el proyecto &#039;Abre el azahar&#039;, con el que\" \/>\n\t\t<meta name=\"twitter:image\" content=\"https:\/\/eldigitaldeasturias.com\/magazine365\/wp-content\/uploads\/2016\/01\/fotonoticia_20160118154802_800.jpg\" \/>\n\t\t<script type=\"application\/ld+json\" class=\"aioseo-schema\">\n\t\t\t{\"@context\":\"https:\\\/\\\/schema.org\",\"@graph\":[{\"@type\":\"Article\",\"@id\":\"https:\\\/\\\/eldigitaldeasturias.com\\\/magazine365\\\/cordoba-presenta-abre-el-azahar-en-fitur-2016\\\/#article\",\"name\":\"C\\u00f3rdoba presenta \\u2018Abre el Azahar\\u2019 en Fitur 2016 | El Digital de Asturias\",\"headline\":\"C\\u00f3rdoba presenta &#8216;Abre el Azahar&#8217; en Fitur 2016\",\"author\":{\"@id\":\"https:\\\/\\\/eldigitaldeasturias.com\\\/magazine365\\\/author\\\/admin\\\/#author\"},\"publisher\":{\"@id\":\"https:\\\/\\\/eldigitaldeasturias.com\\\/magazine365\\\/#organization\"},\"image\":{\"@type\":\"ImageObject\",\"url\":\"https:\\\/\\\/eldigitaldeasturias.com\\\/magazine365\\\/wp-content\\\/uploads\\\/2016\\\/01\\\/fotonoticia_20160118154802_800.jpg\",\"width\":800,\"height\":534},\"datePublished\":\"2016-01-19T08:50:27+01:00\",\"dateModified\":\"2016-01-19T08:50:27+01:00\",\"inLanguage\":\"es-ES\",\"mainEntityOfPage\":{\"@id\":\"https:\\\/\\\/eldigitaldeasturias.com\\\/magazine365\\\/cordoba-presenta-abre-el-azahar-en-fitur-2016\\\/#webpage\"},\"isPartOf\":{\"@id\":\"https:\\\/\\\/eldigitaldeasturias.com\\\/magazine365\\\/cordoba-presenta-abre-el-azahar-en-fitur-2016\\\/#webpage\"},\"articleSection\":\"Noticias y Actualidad\"},{\"@type\":\"BreadcrumbList\",\"@id\":\"https:\\\/\\\/eldigitaldeasturias.com\\\/magazine365\\\/cordoba-presenta-abre-el-azahar-en-fitur-2016\\\/#breadcrumblist\",\"itemListElement\":[{\"@type\":\"ListItem\",\"@id\":\"https:\\\/\\\/eldigitaldeasturias.com\\\/magazine365#listItem\",\"position\":1,\"name\":\"Home\",\"item\":\"https:\\\/\\\/eldigitaldeasturias.com\\\/magazine365\",\"nextItem\":{\"@type\":\"ListItem\",\"@id\":\"https:\\\/\\\/eldigitaldeasturias.com\\\/magazine365\\\/category\\\/noticias-actualidad\\\/#listItem\",\"name\":\"Noticias y Actualidad\"}},{\"@type\":\"ListItem\",\"@id\":\"https:\\\/\\\/eldigitaldeasturias.com\\\/magazine365\\\/category\\\/noticias-actualidad\\\/#listItem\",\"position\":2,\"name\":\"Noticias y Actualidad\",\"item\":\"https:\\\/\\\/eldigitaldeasturias.com\\\/magazine365\\\/category\\\/noticias-actualidad\\\/\",\"nextItem\":{\"@type\":\"ListItem\",\"@id\":\"https:\\\/\\\/eldigitaldeasturias.com\\\/magazine365\\\/cordoba-presenta-abre-el-azahar-en-fitur-2016\\\/#listItem\",\"name\":\"C\\u00f3rdoba presenta &#8216;Abre el Azahar&#8217; en Fitur 2016\"},\"previousItem\":{\"@type\":\"ListItem\",\"@id\":\"https:\\\/\\\/eldigitaldeasturias.com\\\/magazine365#listItem\",\"name\":\"Home\"}},{\"@type\":\"ListItem\",\"@id\":\"https:\\\/\\\/eldigitaldeasturias.com\\\/magazine365\\\/cordoba-presenta-abre-el-azahar-en-fitur-2016\\\/#listItem\",\"position\":3,\"name\":\"C\\u00f3rdoba presenta &#8216;Abre el Azahar&#8217; en Fitur 2016\",\"previousItem\":{\"@type\":\"ListItem\",\"@id\":\"https:\\\/\\\/eldigitaldeasturias.com\\\/magazine365\\\/category\\\/noticias-actualidad\\\/#listItem\",\"name\":\"Noticias y Actualidad\"}}]},{\"@type\":\"Organization\",\"@id\":\"https:\\\/\\\/eldigitaldeasturias.com\\\/magazine365\\\/#organization\",\"name\":\"El digital de Asturias\",\"description\":\"Revista de ocio, turismo y estilo de vida\",\"url\":\"https:\\\/\\\/eldigitaldeasturias.com\\\/magazine365\\\/\",\"logo\":{\"@type\":\"ImageObject\",\"url\":\"https:\\\/\\\/www.eldigitaldeasturias.com\\\/noticias\\\/wp-content\\\/uploads\\\/2020\\\/12\\\/EDA.jpg\",\"@id\":\"https:\\\/\\\/eldigitaldeasturias.com\\\/magazine365\\\/cordoba-presenta-abre-el-azahar-en-fitur-2016\\\/#organizationLogo\"},\"image\":{\"@id\":\"https:\\\/\\\/eldigitaldeasturias.com\\\/magazine365\\\/cordoba-presenta-abre-el-azahar-en-fitur-2016\\\/#organizationLogo\"}},{\"@type\":\"Person\",\"@id\":\"https:\\\/\\\/eldigitaldeasturias.com\\\/magazine365\\\/author\\\/admin\\\/#author\",\"url\":\"https:\\\/\\\/eldigitaldeasturias.com\\\/magazine365\\\/author\\\/admin\\\/\",\"name\":\"admin\",\"image\":{\"@type\":\"ImageObject\",\"@id\":\"https:\\\/\\\/eldigitaldeasturias.com\\\/magazine365\\\/cordoba-presenta-abre-el-azahar-en-fitur-2016\\\/#authorImage\",\"url\":\"https:\\\/\\\/eldigitaldeasturias.com\\\/magazine365\\\/wp-content\\\/litespeed\\\/avatar\\\/e571bcf59a0edd6fa6838245a470f2fe.jpg?ver=1776969259\",\"width\":96,\"height\":96,\"caption\":\"admin\"}},{\"@type\":\"WebPage\",\"@id\":\"https:\\\/\\\/eldigitaldeasturias.com\\\/magazine365\\\/cordoba-presenta-abre-el-azahar-en-fitur-2016\\\/#webpage\",\"url\":\"https:\\\/\\\/eldigitaldeasturias.com\\\/magazine365\\\/cordoba-presenta-abre-el-azahar-en-fitur-2016\\\/\",\"name\":\"C\\u00f3rdoba presenta \\u2018Abre el Azahar\\u2019 en Fitur 2016 | El Digital de Asturias\",\"description\":\"La ciudad de C\\u00f3rdoba acude a la XXXVI edici\\u00f3n de la Feria Internacional de Turismo (Fitur) con un ampl\\u00edo abanico de novedades con las que pretende desestacionalizar el turismo cordob\\u00e9s, bajo una premisa, 'C\\u00f3rdoba, patio abierto durante las cuatro estaciones del a\\u00f1o' y entre las que destaca el proyecto 'Abre el azahar', con el que\",\"inLanguage\":\"es-ES\",\"isPartOf\":{\"@id\":\"https:\\\/\\\/eldigitaldeasturias.com\\\/magazine365\\\/#website\"},\"breadcrumb\":{\"@id\":\"https:\\\/\\\/eldigitaldeasturias.com\\\/magazine365\\\/cordoba-presenta-abre-el-azahar-en-fitur-2016\\\/#breadcrumblist\"},\"author\":{\"@id\":\"https:\\\/\\\/eldigitaldeasturias.com\\\/magazine365\\\/author\\\/admin\\\/#author\"},\"creator\":{\"@id\":\"https:\\\/\\\/eldigitaldeasturias.com\\\/magazine365\\\/author\\\/admin\\\/#author\"},\"image\":{\"@type\":\"ImageObject\",\"url\":\"https:\\\/\\\/eldigitaldeasturias.com\\\/magazine365\\\/wp-content\\\/uploads\\\/2016\\\/01\\\/fotonoticia_20160118154802_800.jpg\",\"@id\":\"https:\\\/\\\/eldigitaldeasturias.com\\\/magazine365\\\/cordoba-presenta-abre-el-azahar-en-fitur-2016\\\/#mainImage\",\"width\":800,\"height\":534},\"primaryImageOfPage\":{\"@id\":\"https:\\\/\\\/eldigitaldeasturias.com\\\/magazine365\\\/cordoba-presenta-abre-el-azahar-en-fitur-2016\\\/#mainImage\"},\"datePublished\":\"2016-01-19T08:50:27+01:00\",\"dateModified\":\"2016-01-19T08:50:27+01:00\"},{\"@type\":\"WebSite\",\"@id\":\"https:\\\/\\\/eldigitaldeasturias.com\\\/magazine365\\\/#website\",\"url\":\"https:\\\/\\\/eldigitaldeasturias.com\\\/magazine365\\\/\",\"name\":\"El Digital de Asturias\",\"description\":\"Revista de ocio, turismo y estilo de vida\",\"inLanguage\":\"es-ES\",\"publisher\":{\"@id\":\"https:\\\/\\\/eldigitaldeasturias.com\\\/magazine365\\\/#organization\"}}]}\n\t\t<\/script>\n\t\t<!-- All in One SEO Pro -->\r\n\t\t<title>C\u00f3rdoba presenta \u2018Abre el Azahar\u2019 en Fitur 2016 | El Digital de Asturias<\/title>\n\n","aioseo_head_json":{"title":"C\u00f3rdoba presenta \u2018Abre el Azahar\u2019 en Fitur 2016 | El Digital de Asturias","description":"La ciudad de C\u00f3rdoba acude a la XXXVI edici\u00f3n de la Feria Internacional de Turismo (Fitur) con un ampl\u00edo abanico de novedades con las que pretende desestacionalizar el turismo cordob\u00e9s, bajo una premisa, 'C\u00f3rdoba, patio abierto durante las cuatro estaciones del a\u00f1o' y entre las que destaca el proyecto 'Abre el azahar', con el que","canonical_url":"https:\/\/eldigitaldeasturias.com\/magazine365\/cordoba-presenta-abre-el-azahar-en-fitur-2016\/","robots":"max-image-preview:large","keywords":"noticias y actualidad","webmasterTools":{"google-site-verification":"UA-38556648-1","miscellaneous":""},"schema":{"@context":"https:\/\/schema.org","@graph":[{"@type":"Article","@id":"https:\/\/eldigitaldeasturias.com\/magazine365\/cordoba-presenta-abre-el-azahar-en-fitur-2016\/#article","name":"C\u00f3rdoba presenta \u2018Abre el Azahar\u2019 en Fitur 2016 | El Digital de Asturias","headline":"C\u00f3rdoba presenta &#8216;Abre el Azahar&#8217; en Fitur 2016","author":{"@id":"https:\/\/eldigitaldeasturias.com\/magazine365\/author\/admin\/#author"},"publisher":{"@id":"https:\/\/eldigitaldeasturias.com\/magazine365\/#organization"},"image":{"@type":"ImageObject","url":"https:\/\/eldigitaldeasturias.com\/magazine365\/wp-content\/uploads\/2016\/01\/fotonoticia_20160118154802_800.jpg","width":800,"height":534},"datePublished":"2016-01-19T08:50:27+01:00","dateModified":"2016-01-19T08:50:27+01:00","inLanguage":"es-ES","mainEntityOfPage":{"@id":"https:\/\/eldigitaldeasturias.com\/magazine365\/cordoba-presenta-abre-el-azahar-en-fitur-2016\/#webpage"},"isPartOf":{"@id":"https:\/\/eldigitaldeasturias.com\/magazine365\/cordoba-presenta-abre-el-azahar-en-fitur-2016\/#webpage"},"articleSection":"Noticias y Actualidad"},{"@type":"BreadcrumbList","@id":"https:\/\/eldigitaldeasturias.com\/magazine365\/cordoba-presenta-abre-el-azahar-en-fitur-2016\/#breadcrumblist","itemListElement":[{"@type":"ListItem","@id":"https:\/\/eldigitaldeasturias.com\/magazine365#listItem","position":1,"name":"Home","item":"https:\/\/eldigitaldeasturias.com\/magazine365","nextItem":{"@type":"ListItem","@id":"https:\/\/eldigitaldeasturias.com\/magazine365\/category\/noticias-actualidad\/#listItem","name":"Noticias y Actualidad"}},{"@type":"ListItem","@id":"https:\/\/eldigitaldeasturias.com\/magazine365\/category\/noticias-actualidad\/#listItem","position":2,"name":"Noticias y Actualidad","item":"https:\/\/eldigitaldeasturias.com\/magazine365\/category\/noticias-actualidad\/","nextItem":{"@type":"ListItem","@id":"https:\/\/eldigitaldeasturias.com\/magazine365\/cordoba-presenta-abre-el-azahar-en-fitur-2016\/#listItem","name":"C\u00f3rdoba presenta &#8216;Abre el Azahar&#8217; en Fitur 2016"},"previousItem":{"@type":"ListItem","@id":"https:\/\/eldigitaldeasturias.com\/magazine365#listItem","name":"Home"}},{"@type":"ListItem","@id":"https:\/\/eldigitaldeasturias.com\/magazine365\/cordoba-presenta-abre-el-azahar-en-fitur-2016\/#listItem","position":3,"name":"C\u00f3rdoba presenta &#8216;Abre el Azahar&#8217; en Fitur 2016","previousItem":{"@type":"ListItem","@id":"https:\/\/eldigitaldeasturias.com\/magazine365\/category\/noticias-actualidad\/#listItem","name":"Noticias y Actualidad"}}]},{"@type":"Organization","@id":"https:\/\/eldigitaldeasturias.com\/magazine365\/#organization","name":"El digital de Asturias","description":"Revista de ocio, turismo y estilo de vida","url":"https:\/\/eldigitaldeasturias.com\/magazine365\/","logo":{"@type":"ImageObject","url":"https:\/\/www.eldigitaldeasturias.com\/noticias\/wp-content\/uploads\/2020\/12\/EDA.jpg","@id":"https:\/\/eldigitaldeasturias.com\/magazine365\/cordoba-presenta-abre-el-azahar-en-fitur-2016\/#organizationLogo"},"image":{"@id":"https:\/\/eldigitaldeasturias.com\/magazine365\/cordoba-presenta-abre-el-azahar-en-fitur-2016\/#organizationLogo"}},{"@type":"Person","@id":"https:\/\/eldigitaldeasturias.com\/magazine365\/author\/admin\/#author","url":"https:\/\/eldigitaldeasturias.com\/magazine365\/author\/admin\/","name":"admin","image":{"@type":"ImageObject","@id":"https:\/\/eldigitaldeasturias.com\/magazine365\/cordoba-presenta-abre-el-azahar-en-fitur-2016\/#authorImage","url":"https:\/\/eldigitaldeasturias.com\/magazine365\/wp-content\/litespeed\/avatar\/e571bcf59a0edd6fa6838245a470f2fe.jpg?ver=1776969259","width":96,"height":96,"caption":"admin"}},{"@type":"WebPage","@id":"https:\/\/eldigitaldeasturias.com\/magazine365\/cordoba-presenta-abre-el-azahar-en-fitur-2016\/#webpage","url":"https:\/\/eldigitaldeasturias.com\/magazine365\/cordoba-presenta-abre-el-azahar-en-fitur-2016\/","name":"C\u00f3rdoba presenta \u2018Abre el Azahar\u2019 en Fitur 2016 | El Digital de Asturias","description":"La ciudad de C\u00f3rdoba acude a la XXXVI edici\u00f3n de la Feria Internacional de Turismo (Fitur) con un ampl\u00edo abanico de novedades con las que pretende desestacionalizar el turismo cordob\u00e9s, bajo una premisa, 'C\u00f3rdoba, patio abierto durante las cuatro estaciones del a\u00f1o' y entre las que destaca el proyecto 'Abre el azahar', con el que","inLanguage":"es-ES","isPartOf":{"@id":"https:\/\/eldigitaldeasturias.com\/magazine365\/#website"},"breadcrumb":{"@id":"https:\/\/eldigitaldeasturias.com\/magazine365\/cordoba-presenta-abre-el-azahar-en-fitur-2016\/#breadcrumblist"},"author":{"@id":"https:\/\/eldigitaldeasturias.com\/magazine365\/author\/admin\/#author"},"creator":{"@id":"https:\/\/eldigitaldeasturias.com\/magazine365\/author\/admin\/#author"},"image":{"@type":"ImageObject","url":"https:\/\/eldigitaldeasturias.com\/magazine365\/wp-content\/uploads\/2016\/01\/fotonoticia_20160118154802_800.jpg","@id":"https:\/\/eldigitaldeasturias.com\/magazine365\/cordoba-presenta-abre-el-azahar-en-fitur-2016\/#mainImage","width":800,"height":534},"primaryImageOfPage":{"@id":"https:\/\/eldigitaldeasturias.com\/magazine365\/cordoba-presenta-abre-el-azahar-en-fitur-2016\/#mainImage"},"datePublished":"2016-01-19T08:50:27+01:00","dateModified":"2016-01-19T08:50:27+01:00"},{"@type":"WebSite","@id":"https:\/\/eldigitaldeasturias.com\/magazine365\/#website","url":"https:\/\/eldigitaldeasturias.com\/magazine365\/","name":"El Digital de Asturias","description":"Revista de ocio, turismo y estilo de vida","inLanguage":"es-ES","publisher":{"@id":"https:\/\/eldigitaldeasturias.com\/magazine365\/#organization"}}]},"og:locale":"es_ES","og:site_name":"El Digital de Asturias \u2013 Revista de ocio, turismo y estilo de vida","og:type":"article","og:title":"C\u00f3rdoba presenta \u2018Abre el Azahar\u2019 en Fitur 2016 | El Digital de Asturias","og:description":"La ciudad de C\u00f3rdoba acude a la XXXVI edici\u00f3n de la Feria Internacional de Turismo (Fitur) con un ampl\u00edo abanico de novedades con las que pretende desestacionalizar el turismo cordob\u00e9s, bajo una premisa, 'C\u00f3rdoba, patio abierto durante las cuatro estaciones del a\u00f1o' y entre las que destaca el proyecto 'Abre el azahar', con el que","og:url":"https:\/\/eldigitaldeasturias.com\/magazine365\/cordoba-presenta-abre-el-azahar-en-fitur-2016\/","og:image":"https:\/\/eldigitaldeasturias.com\/magazine365\/wp-content\/uploads\/2016\/01\/fotonoticia_20160118154802_800.jpg","og:image:secure_url":"https:\/\/eldigitaldeasturias.com\/magazine365\/wp-content\/uploads\/2016\/01\/fotonoticia_20160118154802_800.jpg","og:image:width":800,"og:image:height":534,"article:published_time":"2016-01-19T07:50:27+00:00","article:modified_time":"2016-01-19T07:50:27+00:00","twitter:card":"summary_large_image","twitter:title":"C\u00f3rdoba presenta \u2018Abre el Azahar\u2019 en Fitur 2016 | El Digital de Asturias","twitter:description":"La ciudad de C\u00f3rdoba acude a la XXXVI edici\u00f3n de la Feria Internacional de Turismo (Fitur) con un ampl\u00edo abanico de novedades con las que pretende desestacionalizar el turismo cordob\u00e9s, bajo una premisa, 'C\u00f3rdoba, patio abierto durante las cuatro estaciones del a\u00f1o' y entre las que destaca el proyecto 'Abre el azahar', con el que","twitter:image":"https:\/\/eldigitaldeasturias.com\/magazine365\/wp-content\/uploads\/2016\/01\/fotonoticia_20160118154802_800.jpg"},"aioseo_meta_data":{"post_id":"61028","title":null,"description":null,"keywords":null,"keyphrases":null,"primary_term":null,"canonical_url":null,"og_title":null,"og_description":null,"og_object_type":"default","og_image_type":"default","og_image_url":null,"og_image_width":null,"og_image_height":null,"og_image_custom_url":null,"og_image_custom_fields":null,"og_video":null,"og_custom_url":null,"og_article_section":null,"og_article_tags":null,"twitter_use_og":false,"twitter_card":"default","twitter_image_type":"default","twitter_image_url":null,"twitter_image_custom_url":null,"twitter_image_custom_fields":null,"twitter_title":null,"twitter_description":null,"schema":{"blockGraphs":[],"customGraphs":[],"default":{"data":{"Article":[],"Course":[],"Dataset":[],"FAQPage":[],"Movie":[],"Person":[],"Product":[],"ProductReview":[],"Car":[],"Recipe":[],"Service":[],"SoftwareApplication":[],"WebPage":[]},"graphName":"","isEnabled":true},"graphs":[],"defaultGraph":"","defaultPostTypeGraph":""},"schema_type":null,"schema_type_options":null,"pillar_content":false,"robots_default":true,"robots_noindex":false,"robots_noarchive":false,"robots_nosnippet":false,"robots_nofollow":false,"robots_noimageindex":false,"robots_noodp":false,"robots_notranslate":false,"robots_max_snippet":null,"robots_max_videopreview":null,"robots_max_imagepreview":"large","priority":null,"frequency":null,"location":null,"local_seo":null,"seo_analyzer_scan_date":"2025-09-25 08:03:57","breadcrumb_settings":null,"limit_modified_date":false,"open_ai":null,"ai":null,"created":"2021-03-08 21:54:03","updated":"2025-09-25 08:03:57"},"aioseo_breadcrumb":"<div class=\"aioseo-breadcrumbs\"><span class=\"aioseo-breadcrumb\">\n\t<a href=\"https:\/\/eldigitaldeasturias.com\/magazine365\" title=\"Home\">Home<\/a>\n<\/span><span class=\"aioseo-breadcrumb-separator\">\u2013<\/span><span class=\"aioseo-breadcrumb\">\n\t<a href=\"https:\/\/eldigitaldeasturias.com\/magazine365\/category\/noticias-actualidad\/\" title=\"Noticias y Actualidad\">Noticias y Actualidad<\/a>\n<\/span><span class=\"aioseo-breadcrumb-separator\">\u2013<\/span><span class=\"aioseo-breadcrumb\">\n\t<a href=\"https:\/\/eldigitaldeasturias.com\/magazine365\/cordoba-presenta-abre-el-azahar-en-fitur-2016\/\" title=\"C\u00f3rdoba presenta \u2018Abre el Azahar\u2019 en Fitur 2016\">C\u00f3rdoba presenta \u2018Abre el Azahar\u2019 en Fitur 2016<\/a>\n<\/span><\/div>","aioseo_breadcrumb_json":[{"label":"Home","link":"https:\/\/eldigitaldeasturias.com\/magazine365"},{"label":"Noticias y Actualidad","link":"https:\/\/eldigitaldeasturias.com\/magazine365\/category\/noticias-actualidad\/"},{"label":"C\u00f3rdoba presenta &#8216;Abre el Azahar&#8217; en Fitur 2016","link":"https:\/\/eldigitaldeasturias.com\/magazine365\/cordoba-presenta-abre-el-azahar-en-fitur-2016\/"}],"_links":{"self":[{"href":"https:\/\/eldigitaldeasturias.com\/magazine365\/wp-json\/wp\/v2\/posts\/61028","targetHints":{"allow":["GET"]}}],"collection":[{"href":"https:\/\/eldigitaldeasturias.com\/magazine365\/wp-json\/wp\/v2\/posts"}],"about":[{"href":"https:\/\/eldigitaldeasturias.com\/magazine365\/wp-json\/wp\/v2\/types\/post"}],"author":[{"embeddable":true,"href":"https:\/\/eldigitaldeasturias.com\/magazine365\/wp-json\/wp\/v2\/users\/1"}],"replies":[{"embeddable":true,"href":"https:\/\/eldigitaldeasturias.com\/magazine365\/wp-json\/wp\/v2\/comments?post=61028"}],"version-history":[{"count":0,"href":"https:\/\/eldigitaldeasturias.com\/magazine365\/wp-json\/wp\/v2\/posts\/61028\/revisions"}],"wp:featuredmedia":[{"embeddable":true,"href":"https:\/\/eldigitaldeasturias.com\/magazine365\/wp-json\/wp\/v2\/media\/60991"}],"wp:attachment":[{"href":"https:\/\/eldigitaldeasturias.com\/magazine365\/wp-json\/wp\/v2\/media?parent=61028"}],"wp:term":[{"taxonomy":"category","embeddable":true,"href":"https:\/\/eldigitaldeasturias.com\/magazine365\/wp-json\/wp\/v2\/categories?post=61028"},{"taxonomy":"post_tag","embeddable":true,"href":"https:\/\/eldigitaldeasturias.com\/magazine365\/wp-json\/wp\/v2\/tags?post=61028"}],"curies":[{"name":"wp","href":"https:\/\/api.w.org\/{rel}","templated":true}]}}