{"id":61019,"date":"2016-01-19T08:24:52","date_gmt":"2016-01-19T07:24:52","guid":{"rendered":"http:\/\/eldigitaldeasturias.com\/magazine365\/?p=61019"},"modified":"2016-01-19T08:24:52","modified_gmt":"2016-01-19T07:24:52","slug":"melia-abrira-en-2018-un-hotel-de-cinco-estrellas-en-lisboa","status":"publish","type":"post","link":"https:\/\/eldigitaldeasturias.com\/magazine365\/melia-abrira-en-2018-un-hotel-de-cinco-estrellas-en-lisboa\/","title":{"rendered":"Meli\u00e1 abrir\u00e1 en 2018 un hotel de cinco estrellas en Lisboa"},"content":{"rendered":"<p>Meli\u00e1 Hotels International y el Fondo Discovery han firmado un acuerdo por el que la hotelera incorporar\u00e1 a su cartera su primer hotel cinco estrellas gestionado en Portugal, un futuro establecimiento de 239 habitaciones, que abrir\u00e1 sus puertas a principios de 2018.<\/p>\n<p>Con este nuevo hotel, que se ubicar\u00e1 junto a las c\u00e9ntricas avenidas Antonio Augusto de Aguiar y Fontes Pereira de Melo de Lisboa, Meli\u00e1 contin\u00faa creciendo en Portugal de la mano del fondo de Discovery Portugal, fondo que gestiona activos inmobiliarios tur\u00edsticos en el pa\u00eds con un equipo especializado en Real Estate y Turismo.<\/p>\n<p>El nuevo establecimiento se inspirar\u00e1 en el concepto &#8216;Business-Leisure&#8217; que ofrece todo lo necesario para que los clientes que visiten Lisboa puedan combinar sus estancias de trabajo con el turismo y el ocio.<\/p>\n<p>\u00abEl proyecto de Meli\u00e1 Lisboa nos entusiasm\u00f3 porque combina la innovaci\u00f3n arquitect\u00f3nica de un hotel con los m\u00e1s exigentes est\u00e1ndares de calidad y servicio, con la historia que transmite una esquina emblem\u00e1tica para la ciudad de Lisboa, con el poder que solo posee el centro de las grandes capitales hist\u00f3ricas de Europa\u00bb, ha destacado el vicepresidente y consejero delegado de Meli\u00e1, Gabriel Escarrer.<\/p>\n<p>El &#8216;Meli\u00e1 Lisboa&#8217; completar\u00e1 su oferta alojativa con un restaurante 24 horas, un bar-lounge panor\u00e1mico e instalaciones para congresos y convenciones desde 50 hasta 550 personas, dos plantas de parking y un club de salud y Spa, siguiendo los est\u00e1ndares de la marca de Spa de hoteles de la cadena mallorquina.<\/p>\n","protected":false},"excerpt":{"rendered":"<p>Meli\u00e1 Hotels International y el Fondo Discovery han firmado un acuerdo por el que la hotelera incorporar\u00e1 a su cartera su primer hotel cinco estrellas gestionado en Portugal, un futuro establecimiento de 239 habitaciones, que abrir\u00e1 sus puertas a principios de 2018. Con este nuevo hotel, que se ubicar\u00e1 junto a las c\u00e9ntricas avenidas Antonio<\/p>\n","protected":false},"author":1,"featured_media":61020,"comment_status":"open","ping_status":"closed","sticky":false,"template":"","format":"standard","meta":{"footnotes":""},"categories":[224],"tags":[],"class_list":{"0":"post-61019","1":"post","2":"type-post","3":"status-publish","4":"format-standard","5":"has-post-thumbnail","7":"category-noticias-actualidad"},"aioseo_notices":[],"aioseo_head":"\n\t\t<!-- All in One SEO Pro 4.9.6.1 - aioseo.com -->\n\t<meta name=\"description\" content=\"Meli\u00e1 Hotels International y el Fondo Discovery han firmado un acuerdo por el que la hotelera incorporar\u00e1 a su cartera su primer hotel cinco estrellas gestionado en Portugal, un futuro establecimiento de 239 habitaciones, que abrir\u00e1 sus puertas a principios de 2018. Con este nuevo hotel, que se ubicar\u00e1 junto a las c\u00e9ntricas avenidas Antonio\" \/>\n\t<meta name=\"robots\" content=\"max-image-preview:large\" \/>\n\t<meta name=\"author\" content=\"admin\"\/>\n\t<meta name=\"google-site-verification\" content=\"UA-38556648-1\" \/>\n\t<meta name=\"keywords\" content=\"noticias y actualidad\" \/>\n\t<link rel=\"canonical\" href=\"https:\/\/eldigitaldeasturias.com\/magazine365\/melia-abrira-en-2018-un-hotel-de-cinco-estrellas-en-lisboa\/\" \/>\n\t<meta name=\"generator\" content=\"All in One SEO Pro (AIOSEO) 4.9.6.1\" \/>\n\t\t<meta property=\"og:locale\" content=\"es_ES\" \/>\n\t\t<meta property=\"og:site_name\" content=\"El Digital de Asturias \u2013 Revista de ocio, turismo y estilo de vida\" \/>\n\t\t<meta property=\"og:type\" content=\"article\" \/>\n\t\t<meta property=\"og:title\" content=\"Meli\u00e1 abrir\u00e1 en 2018 un hotel de cinco estrellas en Lisboa | El Digital de Asturias\" \/>\n\t\t<meta property=\"og:description\" content=\"Meli\u00e1 Hotels International y el Fondo Discovery han firmado un acuerdo por el que la hotelera incorporar\u00e1 a su cartera su primer hotel cinco estrellas gestionado en Portugal, un futuro establecimiento de 239 habitaciones, que abrir\u00e1 sus puertas a principios de 2018. Con este nuevo hotel, que se ubicar\u00e1 junto a las c\u00e9ntricas avenidas Antonio\" \/>\n\t\t<meta property=\"og:url\" content=\"https:\/\/eldigitaldeasturias.com\/magazine365\/melia-abrira-en-2018-un-hotel-de-cinco-estrellas-en-lisboa\/\" \/>\n\t\t<meta property=\"og:image\" content=\"https:\/\/eldigitaldeasturias.com\/magazine365\/wp-content\/uploads\/2016\/01\/melia.jpg\" \/>\n\t\t<meta property=\"og:image:secure_url\" content=\"https:\/\/eldigitaldeasturias.com\/magazine365\/wp-content\/uploads\/2016\/01\/melia.jpg\" \/>\n\t\t<meta property=\"og:image:width\" content=\"655\" \/>\n\t\t<meta property=\"og:image:height\" content=\"360\" \/>\n\t\t<meta property=\"article:published_time\" content=\"2016-01-19T07:24:52+00:00\" \/>\n\t\t<meta property=\"article:modified_time\" content=\"2016-01-19T07:24:52+00:00\" \/>\n\t\t<meta name=\"twitter:card\" content=\"summary_large_image\" \/>\n\t\t<meta name=\"twitter:title\" content=\"Meli\u00e1 abrir\u00e1 en 2018 un hotel de cinco estrellas en Lisboa | El Digital de Asturias\" \/>\n\t\t<meta name=\"twitter:description\" content=\"Meli\u00e1 Hotels International y el Fondo Discovery han firmado un acuerdo por el que la hotelera incorporar\u00e1 a su cartera su primer hotel cinco estrellas gestionado en Portugal, un futuro establecimiento de 239 habitaciones, que abrir\u00e1 sus puertas a principios de 2018. Con este nuevo hotel, que se ubicar\u00e1 junto a las c\u00e9ntricas avenidas Antonio\" \/>\n\t\t<meta name=\"twitter:image\" content=\"https:\/\/eldigitaldeasturias.com\/magazine365\/wp-content\/uploads\/2016\/01\/melia.jpg\" \/>\n\t\t<script type=\"application\/ld+json\" class=\"aioseo-schema\">\n\t\t\t{\"@context\":\"https:\\\/\\\/schema.org\",\"@graph\":[{\"@type\":\"Article\",\"@id\":\"https:\\\/\\\/eldigitaldeasturias.com\\\/magazine365\\\/melia-abrira-en-2018-un-hotel-de-cinco-estrellas-en-lisboa\\\/#article\",\"name\":\"Meli\\u00e1 abrir\\u00e1 en 2018 un hotel de cinco estrellas en Lisboa | El Digital de Asturias\",\"headline\":\"Meli\\u00e1 abrir\\u00e1 en 2018 un hotel de cinco estrellas en Lisboa\",\"author\":{\"@id\":\"https:\\\/\\\/eldigitaldeasturias.com\\\/magazine365\\\/author\\\/admin\\\/#author\"},\"publisher\":{\"@id\":\"https:\\\/\\\/eldigitaldeasturias.com\\\/magazine365\\\/#organization\"},\"image\":{\"@type\":\"ImageObject\",\"url\":\"https:\\\/\\\/eldigitaldeasturias.com\\\/magazine365\\\/wp-content\\\/uploads\\\/2016\\\/01\\\/melia.jpg\",\"width\":655,\"height\":360},\"datePublished\":\"2016-01-19T08:24:52+01:00\",\"dateModified\":\"2016-01-19T08:24:52+01:00\",\"inLanguage\":\"es-ES\",\"mainEntityOfPage\":{\"@id\":\"https:\\\/\\\/eldigitaldeasturias.com\\\/magazine365\\\/melia-abrira-en-2018-un-hotel-de-cinco-estrellas-en-lisboa\\\/#webpage\"},\"isPartOf\":{\"@id\":\"https:\\\/\\\/eldigitaldeasturias.com\\\/magazine365\\\/melia-abrira-en-2018-un-hotel-de-cinco-estrellas-en-lisboa\\\/#webpage\"},\"articleSection\":\"Noticias y Actualidad\"},{\"@type\":\"BreadcrumbList\",\"@id\":\"https:\\\/\\\/eldigitaldeasturias.com\\\/magazine365\\\/melia-abrira-en-2018-un-hotel-de-cinco-estrellas-en-lisboa\\\/#breadcrumblist\",\"itemListElement\":[{\"@type\":\"ListItem\",\"@id\":\"https:\\\/\\\/eldigitaldeasturias.com\\\/magazine365#listItem\",\"position\":1,\"name\":\"Home\",\"item\":\"https:\\\/\\\/eldigitaldeasturias.com\\\/magazine365\",\"nextItem\":{\"@type\":\"ListItem\",\"@id\":\"https:\\\/\\\/eldigitaldeasturias.com\\\/magazine365\\\/category\\\/noticias-actualidad\\\/#listItem\",\"name\":\"Noticias y Actualidad\"}},{\"@type\":\"ListItem\",\"@id\":\"https:\\\/\\\/eldigitaldeasturias.com\\\/magazine365\\\/category\\\/noticias-actualidad\\\/#listItem\",\"position\":2,\"name\":\"Noticias y Actualidad\",\"item\":\"https:\\\/\\\/eldigitaldeasturias.com\\\/magazine365\\\/category\\\/noticias-actualidad\\\/\",\"nextItem\":{\"@type\":\"ListItem\",\"@id\":\"https:\\\/\\\/eldigitaldeasturias.com\\\/magazine365\\\/melia-abrira-en-2018-un-hotel-de-cinco-estrellas-en-lisboa\\\/#listItem\",\"name\":\"Meli\\u00e1 abrir\\u00e1 en 2018 un hotel de cinco estrellas en Lisboa\"},\"previousItem\":{\"@type\":\"ListItem\",\"@id\":\"https:\\\/\\\/eldigitaldeasturias.com\\\/magazine365#listItem\",\"name\":\"Home\"}},{\"@type\":\"ListItem\",\"@id\":\"https:\\\/\\\/eldigitaldeasturias.com\\\/magazine365\\\/melia-abrira-en-2018-un-hotel-de-cinco-estrellas-en-lisboa\\\/#listItem\",\"position\":3,\"name\":\"Meli\\u00e1 abrir\\u00e1 en 2018 un hotel de cinco estrellas en Lisboa\",\"previousItem\":{\"@type\":\"ListItem\",\"@id\":\"https:\\\/\\\/eldigitaldeasturias.com\\\/magazine365\\\/category\\\/noticias-actualidad\\\/#listItem\",\"name\":\"Noticias y Actualidad\"}}]},{\"@type\":\"Organization\",\"@id\":\"https:\\\/\\\/eldigitaldeasturias.com\\\/magazine365\\\/#organization\",\"name\":\"El digital de Asturias\",\"description\":\"Revista de ocio, turismo y estilo de vida\",\"url\":\"https:\\\/\\\/eldigitaldeasturias.com\\\/magazine365\\\/\",\"logo\":{\"@type\":\"ImageObject\",\"url\":\"https:\\\/\\\/www.eldigitaldeasturias.com\\\/noticias\\\/wp-content\\\/uploads\\\/2020\\\/12\\\/EDA.jpg\",\"@id\":\"https:\\\/\\\/eldigitaldeasturias.com\\\/magazine365\\\/melia-abrira-en-2018-un-hotel-de-cinco-estrellas-en-lisboa\\\/#organizationLogo\"},\"image\":{\"@id\":\"https:\\\/\\\/eldigitaldeasturias.com\\\/magazine365\\\/melia-abrira-en-2018-un-hotel-de-cinco-estrellas-en-lisboa\\\/#organizationLogo\"}},{\"@type\":\"Person\",\"@id\":\"https:\\\/\\\/eldigitaldeasturias.com\\\/magazine365\\\/author\\\/admin\\\/#author\",\"url\":\"https:\\\/\\\/eldigitaldeasturias.com\\\/magazine365\\\/author\\\/admin\\\/\",\"name\":\"admin\",\"image\":{\"@type\":\"ImageObject\",\"@id\":\"https:\\\/\\\/eldigitaldeasturias.com\\\/magazine365\\\/melia-abrira-en-2018-un-hotel-de-cinco-estrellas-en-lisboa\\\/#authorImage\",\"url\":\"https:\\\/\\\/eldigitaldeasturias.com\\\/magazine365\\\/wp-content\\\/litespeed\\\/avatar\\\/e571bcf59a0edd6fa6838245a470f2fe.jpg?ver=1776969259\",\"width\":96,\"height\":96,\"caption\":\"admin\"}},{\"@type\":\"WebPage\",\"@id\":\"https:\\\/\\\/eldigitaldeasturias.com\\\/magazine365\\\/melia-abrira-en-2018-un-hotel-de-cinco-estrellas-en-lisboa\\\/#webpage\",\"url\":\"https:\\\/\\\/eldigitaldeasturias.com\\\/magazine365\\\/melia-abrira-en-2018-un-hotel-de-cinco-estrellas-en-lisboa\\\/\",\"name\":\"Meli\\u00e1 abrir\\u00e1 en 2018 un hotel de cinco estrellas en Lisboa | El Digital de Asturias\",\"description\":\"Meli\\u00e1 Hotels International y el Fondo Discovery han firmado un acuerdo por el que la hotelera incorporar\\u00e1 a su cartera su primer hotel cinco estrellas gestionado en Portugal, un futuro establecimiento de 239 habitaciones, que abrir\\u00e1 sus puertas a principios de 2018. Con este nuevo hotel, que se ubicar\\u00e1 junto a las c\\u00e9ntricas avenidas Antonio\",\"inLanguage\":\"es-ES\",\"isPartOf\":{\"@id\":\"https:\\\/\\\/eldigitaldeasturias.com\\\/magazine365\\\/#website\"},\"breadcrumb\":{\"@id\":\"https:\\\/\\\/eldigitaldeasturias.com\\\/magazine365\\\/melia-abrira-en-2018-un-hotel-de-cinco-estrellas-en-lisboa\\\/#breadcrumblist\"},\"author\":{\"@id\":\"https:\\\/\\\/eldigitaldeasturias.com\\\/magazine365\\\/author\\\/admin\\\/#author\"},\"creator\":{\"@id\":\"https:\\\/\\\/eldigitaldeasturias.com\\\/magazine365\\\/author\\\/admin\\\/#author\"},\"image\":{\"@type\":\"ImageObject\",\"url\":\"https:\\\/\\\/eldigitaldeasturias.com\\\/magazine365\\\/wp-content\\\/uploads\\\/2016\\\/01\\\/melia.jpg\",\"@id\":\"https:\\\/\\\/eldigitaldeasturias.com\\\/magazine365\\\/melia-abrira-en-2018-un-hotel-de-cinco-estrellas-en-lisboa\\\/#mainImage\",\"width\":655,\"height\":360},\"primaryImageOfPage\":{\"@id\":\"https:\\\/\\\/eldigitaldeasturias.com\\\/magazine365\\\/melia-abrira-en-2018-un-hotel-de-cinco-estrellas-en-lisboa\\\/#mainImage\"},\"datePublished\":\"2016-01-19T08:24:52+01:00\",\"dateModified\":\"2016-01-19T08:24:52+01:00\"},{\"@type\":\"WebSite\",\"@id\":\"https:\\\/\\\/eldigitaldeasturias.com\\\/magazine365\\\/#website\",\"url\":\"https:\\\/\\\/eldigitaldeasturias.com\\\/magazine365\\\/\",\"name\":\"El Digital de Asturias\",\"description\":\"Revista de ocio, turismo y estilo de vida\",\"inLanguage\":\"es-ES\",\"publisher\":{\"@id\":\"https:\\\/\\\/eldigitaldeasturias.com\\\/magazine365\\\/#organization\"}}]}\n\t\t<\/script>\n\t\t<!-- All in One SEO Pro -->\r\n\t\t<title>Meli\u00e1 abrir\u00e1 en 2018 un hotel de cinco estrellas en Lisboa | El Digital de Asturias<\/title>\n\n","aioseo_head_json":{"title":"Meli\u00e1 abrir\u00e1 en 2018 un hotel de cinco estrellas en Lisboa | El Digital de Asturias","description":"Meli\u00e1 Hotels International y el Fondo Discovery han firmado un acuerdo por el que la hotelera incorporar\u00e1 a su cartera su primer hotel cinco estrellas gestionado en Portugal, un futuro establecimiento de 239 habitaciones, que abrir\u00e1 sus puertas a principios de 2018. Con este nuevo hotel, que se ubicar\u00e1 junto a las c\u00e9ntricas avenidas Antonio","canonical_url":"https:\/\/eldigitaldeasturias.com\/magazine365\/melia-abrira-en-2018-un-hotel-de-cinco-estrellas-en-lisboa\/","robots":"max-image-preview:large","keywords":"noticias y actualidad","webmasterTools":{"google-site-verification":"UA-38556648-1","miscellaneous":""},"schema":{"@context":"https:\/\/schema.org","@graph":[{"@type":"Article","@id":"https:\/\/eldigitaldeasturias.com\/magazine365\/melia-abrira-en-2018-un-hotel-de-cinco-estrellas-en-lisboa\/#article","name":"Meli\u00e1 abrir\u00e1 en 2018 un hotel de cinco estrellas en Lisboa | El Digital de Asturias","headline":"Meli\u00e1 abrir\u00e1 en 2018 un hotel de cinco estrellas en Lisboa","author":{"@id":"https:\/\/eldigitaldeasturias.com\/magazine365\/author\/admin\/#author"},"publisher":{"@id":"https:\/\/eldigitaldeasturias.com\/magazine365\/#organization"},"image":{"@type":"ImageObject","url":"https:\/\/eldigitaldeasturias.com\/magazine365\/wp-content\/uploads\/2016\/01\/melia.jpg","width":655,"height":360},"datePublished":"2016-01-19T08:24:52+01:00","dateModified":"2016-01-19T08:24:52+01:00","inLanguage":"es-ES","mainEntityOfPage":{"@id":"https:\/\/eldigitaldeasturias.com\/magazine365\/melia-abrira-en-2018-un-hotel-de-cinco-estrellas-en-lisboa\/#webpage"},"isPartOf":{"@id":"https:\/\/eldigitaldeasturias.com\/magazine365\/melia-abrira-en-2018-un-hotel-de-cinco-estrellas-en-lisboa\/#webpage"},"articleSection":"Noticias y Actualidad"},{"@type":"BreadcrumbList","@id":"https:\/\/eldigitaldeasturias.com\/magazine365\/melia-abrira-en-2018-un-hotel-de-cinco-estrellas-en-lisboa\/#breadcrumblist","itemListElement":[{"@type":"ListItem","@id":"https:\/\/eldigitaldeasturias.com\/magazine365#listItem","position":1,"name":"Home","item":"https:\/\/eldigitaldeasturias.com\/magazine365","nextItem":{"@type":"ListItem","@id":"https:\/\/eldigitaldeasturias.com\/magazine365\/category\/noticias-actualidad\/#listItem","name":"Noticias y Actualidad"}},{"@type":"ListItem","@id":"https:\/\/eldigitaldeasturias.com\/magazine365\/category\/noticias-actualidad\/#listItem","position":2,"name":"Noticias y Actualidad","item":"https:\/\/eldigitaldeasturias.com\/magazine365\/category\/noticias-actualidad\/","nextItem":{"@type":"ListItem","@id":"https:\/\/eldigitaldeasturias.com\/magazine365\/melia-abrira-en-2018-un-hotel-de-cinco-estrellas-en-lisboa\/#listItem","name":"Meli\u00e1 abrir\u00e1 en 2018 un hotel de cinco estrellas en Lisboa"},"previousItem":{"@type":"ListItem","@id":"https:\/\/eldigitaldeasturias.com\/magazine365#listItem","name":"Home"}},{"@type":"ListItem","@id":"https:\/\/eldigitaldeasturias.com\/magazine365\/melia-abrira-en-2018-un-hotel-de-cinco-estrellas-en-lisboa\/#listItem","position":3,"name":"Meli\u00e1 abrir\u00e1 en 2018 un hotel de cinco estrellas en Lisboa","previousItem":{"@type":"ListItem","@id":"https:\/\/eldigitaldeasturias.com\/magazine365\/category\/noticias-actualidad\/#listItem","name":"Noticias y Actualidad"}}]},{"@type":"Organization","@id":"https:\/\/eldigitaldeasturias.com\/magazine365\/#organization","name":"El digital de Asturias","description":"Revista de ocio, turismo y estilo de vida","url":"https:\/\/eldigitaldeasturias.com\/magazine365\/","logo":{"@type":"ImageObject","url":"https:\/\/www.eldigitaldeasturias.com\/noticias\/wp-content\/uploads\/2020\/12\/EDA.jpg","@id":"https:\/\/eldigitaldeasturias.com\/magazine365\/melia-abrira-en-2018-un-hotel-de-cinco-estrellas-en-lisboa\/#organizationLogo"},"image":{"@id":"https:\/\/eldigitaldeasturias.com\/magazine365\/melia-abrira-en-2018-un-hotel-de-cinco-estrellas-en-lisboa\/#organizationLogo"}},{"@type":"Person","@id":"https:\/\/eldigitaldeasturias.com\/magazine365\/author\/admin\/#author","url":"https:\/\/eldigitaldeasturias.com\/magazine365\/author\/admin\/","name":"admin","image":{"@type":"ImageObject","@id":"https:\/\/eldigitaldeasturias.com\/magazine365\/melia-abrira-en-2018-un-hotel-de-cinco-estrellas-en-lisboa\/#authorImage","url":"https:\/\/eldigitaldeasturias.com\/magazine365\/wp-content\/litespeed\/avatar\/e571bcf59a0edd6fa6838245a470f2fe.jpg?ver=1776969259","width":96,"height":96,"caption":"admin"}},{"@type":"WebPage","@id":"https:\/\/eldigitaldeasturias.com\/magazine365\/melia-abrira-en-2018-un-hotel-de-cinco-estrellas-en-lisboa\/#webpage","url":"https:\/\/eldigitaldeasturias.com\/magazine365\/melia-abrira-en-2018-un-hotel-de-cinco-estrellas-en-lisboa\/","name":"Meli\u00e1 abrir\u00e1 en 2018 un hotel de cinco estrellas en Lisboa | El Digital de Asturias","description":"Meli\u00e1 Hotels International y el Fondo Discovery han firmado un acuerdo por el que la hotelera incorporar\u00e1 a su cartera su primer hotel cinco estrellas gestionado en Portugal, un futuro establecimiento de 239 habitaciones, que abrir\u00e1 sus puertas a principios de 2018. Con este nuevo hotel, que se ubicar\u00e1 junto a las c\u00e9ntricas avenidas Antonio","inLanguage":"es-ES","isPartOf":{"@id":"https:\/\/eldigitaldeasturias.com\/magazine365\/#website"},"breadcrumb":{"@id":"https:\/\/eldigitaldeasturias.com\/magazine365\/melia-abrira-en-2018-un-hotel-de-cinco-estrellas-en-lisboa\/#breadcrumblist"},"author":{"@id":"https:\/\/eldigitaldeasturias.com\/magazine365\/author\/admin\/#author"},"creator":{"@id":"https:\/\/eldigitaldeasturias.com\/magazine365\/author\/admin\/#author"},"image":{"@type":"ImageObject","url":"https:\/\/eldigitaldeasturias.com\/magazine365\/wp-content\/uploads\/2016\/01\/melia.jpg","@id":"https:\/\/eldigitaldeasturias.com\/magazine365\/melia-abrira-en-2018-un-hotel-de-cinco-estrellas-en-lisboa\/#mainImage","width":655,"height":360},"primaryImageOfPage":{"@id":"https:\/\/eldigitaldeasturias.com\/magazine365\/melia-abrira-en-2018-un-hotel-de-cinco-estrellas-en-lisboa\/#mainImage"},"datePublished":"2016-01-19T08:24:52+01:00","dateModified":"2016-01-19T08:24:52+01:00"},{"@type":"WebSite","@id":"https:\/\/eldigitaldeasturias.com\/magazine365\/#website","url":"https:\/\/eldigitaldeasturias.com\/magazine365\/","name":"El Digital de Asturias","description":"Revista de ocio, turismo y estilo de vida","inLanguage":"es-ES","publisher":{"@id":"https:\/\/eldigitaldeasturias.com\/magazine365\/#organization"}}]},"og:locale":"es_ES","og:site_name":"El Digital de Asturias \u2013 Revista de ocio, turismo y estilo de vida","og:type":"article","og:title":"Meli\u00e1 abrir\u00e1 en 2018 un hotel de cinco estrellas en Lisboa | El Digital de Asturias","og:description":"Meli\u00e1 Hotels International y el Fondo Discovery han firmado un acuerdo por el que la hotelera incorporar\u00e1 a su cartera su primer hotel cinco estrellas gestionado en Portugal, un futuro establecimiento de 239 habitaciones, que abrir\u00e1 sus puertas a principios de 2018. Con este nuevo hotel, que se ubicar\u00e1 junto a las c\u00e9ntricas avenidas Antonio","og:url":"https:\/\/eldigitaldeasturias.com\/magazine365\/melia-abrira-en-2018-un-hotel-de-cinco-estrellas-en-lisboa\/","og:image":"https:\/\/eldigitaldeasturias.com\/magazine365\/wp-content\/uploads\/2016\/01\/melia.jpg","og:image:secure_url":"https:\/\/eldigitaldeasturias.com\/magazine365\/wp-content\/uploads\/2016\/01\/melia.jpg","og:image:width":655,"og:image:height":360,"article:published_time":"2016-01-19T07:24:52+00:00","article:modified_time":"2016-01-19T07:24:52+00:00","twitter:card":"summary_large_image","twitter:title":"Meli\u00e1 abrir\u00e1 en 2018 un hotel de cinco estrellas en Lisboa | El Digital de Asturias","twitter:description":"Meli\u00e1 Hotels International y el Fondo Discovery han firmado un acuerdo por el que la hotelera incorporar\u00e1 a su cartera su primer hotel cinco estrellas gestionado en Portugal, un futuro establecimiento de 239 habitaciones, que abrir\u00e1 sus puertas a principios de 2018. Con este nuevo hotel, que se ubicar\u00e1 junto a las c\u00e9ntricas avenidas Antonio","twitter:image":"https:\/\/eldigitaldeasturias.com\/magazine365\/wp-content\/uploads\/2016\/01\/melia.jpg"},"aioseo_meta_data":{"post_id":"61019","title":null,"description":null,"keywords":null,"keyphrases":null,"primary_term":null,"canonical_url":null,"og_title":null,"og_description":null,"og_object_type":"default","og_image_type":"default","og_image_url":null,"og_image_width":null,"og_image_height":null,"og_image_custom_url":null,"og_image_custom_fields":null,"og_video":null,"og_custom_url":null,"og_article_section":null,"og_article_tags":null,"twitter_use_og":false,"twitter_card":"default","twitter_image_type":"default","twitter_image_url":null,"twitter_image_custom_url":null,"twitter_image_custom_fields":null,"twitter_title":null,"twitter_description":null,"schema":{"blockGraphs":[],"customGraphs":[],"default":{"data":{"Article":[],"Course":[],"Dataset":[],"FAQPage":[],"Movie":[],"Person":[],"Product":[],"ProductReview":[],"Car":[],"Recipe":[],"Service":[],"SoftwareApplication":[],"WebPage":[]},"graphName":"","isEnabled":true},"graphs":[],"defaultGraph":"","defaultPostTypeGraph":""},"schema_type":null,"schema_type_options":null,"pillar_content":false,"robots_default":true,"robots_noindex":false,"robots_noarchive":false,"robots_nosnippet":false,"robots_nofollow":false,"robots_noimageindex":false,"robots_noodp":false,"robots_notranslate":false,"robots_max_snippet":null,"robots_max_videopreview":null,"robots_max_imagepreview":"large","priority":null,"frequency":null,"location":null,"local_seo":null,"seo_analyzer_scan_date":"2025-09-25 08:03:53","breadcrumb_settings":null,"limit_modified_date":false,"open_ai":null,"ai":null,"created":"2021-03-08 21:54:03","updated":"2025-09-25 08:03:53"},"aioseo_breadcrumb":"<div class=\"aioseo-breadcrumbs\"><span class=\"aioseo-breadcrumb\">\n\t<a href=\"https:\/\/eldigitaldeasturias.com\/magazine365\" title=\"Home\">Home<\/a>\n<\/span><span class=\"aioseo-breadcrumb-separator\">\u2013<\/span><span class=\"aioseo-breadcrumb\">\n\t<a href=\"https:\/\/eldigitaldeasturias.com\/magazine365\/category\/noticias-actualidad\/\" title=\"Noticias y Actualidad\">Noticias y Actualidad<\/a>\n<\/span><span class=\"aioseo-breadcrumb-separator\">\u2013<\/span><span class=\"aioseo-breadcrumb\">\n\t<a href=\"https:\/\/eldigitaldeasturias.com\/magazine365\/melia-abrira-en-2018-un-hotel-de-cinco-estrellas-en-lisboa\/\" title=\"Meli\u00e1 abrir\u00e1 en 2018 un hotel de cinco estrellas en Lisboa\">Meli\u00e1 abrir\u00e1 en 2018 un hotel de cinco estrellas en Lisboa<\/a>\n<\/span><\/div>","aioseo_breadcrumb_json":[{"label":"Home","link":"https:\/\/eldigitaldeasturias.com\/magazine365"},{"label":"Noticias y Actualidad","link":"https:\/\/eldigitaldeasturias.com\/magazine365\/category\/noticias-actualidad\/"},{"label":"Meli\u00e1 abrir\u00e1 en 2018 un hotel de cinco estrellas en Lisboa","link":"https:\/\/eldigitaldeasturias.com\/magazine365\/melia-abrira-en-2018-un-hotel-de-cinco-estrellas-en-lisboa\/"}],"_links":{"self":[{"href":"https:\/\/eldigitaldeasturias.com\/magazine365\/wp-json\/wp\/v2\/posts\/61019","targetHints":{"allow":["GET"]}}],"collection":[{"href":"https:\/\/eldigitaldeasturias.com\/magazine365\/wp-json\/wp\/v2\/posts"}],"about":[{"href":"https:\/\/eldigitaldeasturias.com\/magazine365\/wp-json\/wp\/v2\/types\/post"}],"author":[{"embeddable":true,"href":"https:\/\/eldigitaldeasturias.com\/magazine365\/wp-json\/wp\/v2\/users\/1"}],"replies":[{"embeddable":true,"href":"https:\/\/eldigitaldeasturias.com\/magazine365\/wp-json\/wp\/v2\/comments?post=61019"}],"version-history":[{"count":0,"href":"https:\/\/eldigitaldeasturias.com\/magazine365\/wp-json\/wp\/v2\/posts\/61019\/revisions"}],"wp:featuredmedia":[{"embeddable":true,"href":"https:\/\/eldigitaldeasturias.com\/magazine365\/wp-json\/wp\/v2\/media\/61020"}],"wp:attachment":[{"href":"https:\/\/eldigitaldeasturias.com\/magazine365\/wp-json\/wp\/v2\/media?parent=61019"}],"wp:term":[{"taxonomy":"category","embeddable":true,"href":"https:\/\/eldigitaldeasturias.com\/magazine365\/wp-json\/wp\/v2\/categories?post=61019"},{"taxonomy":"post_tag","embeddable":true,"href":"https:\/\/eldigitaldeasturias.com\/magazine365\/wp-json\/wp\/v2\/tags?post=61019"}],"curies":[{"name":"wp","href":"https:\/\/api.w.org\/{rel}","templated":true}]}}