{"id":61001,"date":"2016-01-19T08:13:01","date_gmt":"2016-01-19T07:13:01","guid":{"rendered":"http:\/\/eldigitaldeasturias.com\/magazine365\/?p=61001"},"modified":"2016-01-19T08:13:01","modified_gmt":"2016-01-19T07:13:01","slug":"fonz-lleva-sus-visitas-teatralizadas-y-su-patrimonio-a-fitur","status":"publish","type":"post","link":"https:\/\/eldigitaldeasturias.com\/magazine365\/fonz-lleva-sus-visitas-teatralizadas-y-su-patrimonio-a-fitur\/","title":{"rendered":"Fonz lleva sus visitas teatralizadas y su patrimonio a Fitur"},"content":{"rendered":"<p><img fetchpriority=\"high\" decoding=\"async\" class=\"alignleft size-medium wp-image-61002\" src=\"https:\/\/eldigitaldeasturias.com\/magazine365\/wp-content\/uploads\/2016\/01\/fotonoticia_20160118161822_800-360x240.jpg\" alt=\"fotonoticia_20160118161822_800\" width=\"360\" height=\"240\" srcset=\"https:\/\/eldigitaldeasturias.com\/magazine365\/wp-content\/uploads\/2016\/01\/fotonoticia_20160118161822_800-360x240.jpg 360w, https:\/\/eldigitaldeasturias.com\/magazine365\/wp-content\/uploads\/2016\/01\/fotonoticia_20160118161822_800-650x433.jpg 650w, https:\/\/eldigitaldeasturias.com\/magazine365\/wp-content\/uploads\/2016\/01\/fotonoticia_20160118161822_800-768x512.jpg 768w, https:\/\/eldigitaldeasturias.com\/magazine365\/wp-content\/uploads\/2016\/01\/fotonoticia_20160118161822_800-150x100.jpg 150w, https:\/\/eldigitaldeasturias.com\/magazine365\/wp-content\/uploads\/2016\/01\/fotonoticia_20160118161822_800-450x300.jpg 450w, https:\/\/eldigitaldeasturias.com\/magazine365\/wp-content\/uploads\/2016\/01\/fotonoticia_20160118161822_800-696x464.jpg 696w, https:\/\/eldigitaldeasturias.com\/magazine365\/wp-content\/uploads\/2016\/01\/fotonoticia_20160118161822_800-630x420.jpg 630w, https:\/\/eldigitaldeasturias.com\/magazine365\/wp-content\/uploads\/2016\/01\/fotonoticia_20160118161822_800-101x66.jpg 101w, https:\/\/eldigitaldeasturias.com\/magazine365\/wp-content\/uploads\/2016\/01\/fotonoticia_20160118161822_800.jpg 800w\" sizes=\"(max-width: 360px) 100vw, 360px\" \/>Los visitantes de la Feria Internacional de Turismo (Fitur) podr\u00e1n conocer el patrimonio arquitect\u00f3nico, hist\u00f3rico y art\u00edstico de Fonz (Huesca) a trav\u00e9s de las recreaciones teatralizadas que se realizan a lo largo del a\u00f1o en la villa renacentista del Cinca Medio.<\/p>\n<p>La Direcci\u00f3n General de Turismo del Gobierno de Arag\u00f3n ha invitado por primera vez a Fonz a participar de forma activa en esta feria. Ser\u00e1 este s\u00e1bado &#8211;23 de enero&#8211;, cuando las responsables de la oficina de Turismo de Fonz y vecinos de este municipio lleven a cabo peque\u00f1as recreaciones para explicar la historia y el patrimonio foncense, una por la ma\u00f1ana y otra por la tarde, de aproximadamente 30 minutos.<\/p>\n<p>Adem\u00e1s se proyectar\u00e1 un video sobre la X Feria del Renacimiento celebrada el pasado mes de junio y se proyectar\u00e1n im\u00e1genes de los elementos patrimoniales m\u00e1s atractivos de la localidad.<\/p>\n<p>La presencia de Fonz en el stand de Arag\u00f3n surge tras la visita el 28 de noviembre del consejero de Vertebraci\u00f3n Territorial, Movilidad y Vivienda, Jos\u00e9 Luis Soro, a la localidad para presenciar la \u00faltima visita teatralizada ambientada en la figura de Pedro Cerbuna, fundador de la Universidad de Zaragoza.<\/p>\n<p>El consejero Soro y su equipo del \u00e1rea de turismo lanzaron la invitaci\u00f3n para que Fonz pudiera promocionar todo su rico patrimonio arquitect\u00f3nico y su forma tan original de mostrarlo al visitante de la mano del Gobierno de Arag\u00f3n en Fitur.<\/p>\n<p>La concejal de Cultura, Mar\u00eda Clusa, ha recordado que Fonz es la segunda localidad de la comarca del Cinca Medio en contar con una Oficina de Turismo, tras Monz\u00f3n, un esfuerzo que se ha visto recompensado con la invitaci\u00f3n en Fitur. \u00abPara un pueblo de 900 habitantes estar en una de las ferias de turismo m\u00e1s importantes de Europa es un honor incre\u00edble y algo excepcional\u00bb, ha afirmado la edil.<\/p>\n<p>No es la primera vez que Fonz acude a Fitur, ya que con anterioridad lo hab\u00eda hecho junto con la Comarca del Cinca Medio, pero s\u00ed es la primera vez que esta localidad podr\u00e1 realizar una exposici\u00f3n de su patrimonio de forma tan exhaustiva y con un protagonismo especial dentro del stand de Arag\u00f3n.<\/p>\n<p>Adem\u00e1s de las recreaciones hist\u00f3ricas de Fonz, el stand de Arag\u00f3n acoger\u00e1 entre otros espect\u00e1culos las Bodas de Isabel de Segura en Teruel, el Baile de los Salvajes de Benabarre y la actuaci\u00f3n musical Zaragoza en Jota de Jazz.<\/p>\n","protected":false},"excerpt":{"rendered":"<p>Los visitantes de la Feria Internacional de Turismo (Fitur) podr\u00e1n conocer el patrimonio arquitect\u00f3nico, hist\u00f3rico y art\u00edstico de Fonz (Huesca) a trav\u00e9s de las recreaciones teatralizadas que se realizan a lo largo del a\u00f1o en la villa renacentista del Cinca Medio. La Direcci\u00f3n General de Turismo del Gobierno de Arag\u00f3n ha invitado por primera vez<\/p>\n","protected":false},"author":1,"featured_media":61002,"comment_status":"open","ping_status":"closed","sticky":false,"template":"","format":"standard","meta":{"footnotes":""},"categories":[224],"tags":[],"class_list":{"0":"post-61001","1":"post","2":"type-post","3":"status-publish","4":"format-standard","5":"has-post-thumbnail","7":"category-noticias-actualidad"},"aioseo_notices":[],"aioseo_head":"\n\t\t<!-- All in One SEO Pro 4.9.6.1 - aioseo.com -->\n\t<meta name=\"description\" content=\"Los visitantes de la Feria Internacional de Turismo (Fitur) podr\u00e1n conocer el patrimonio arquitect\u00f3nico, hist\u00f3rico y art\u00edstico de Fonz (Huesca) a trav\u00e9s de las recreaciones teatralizadas que se realizan a lo largo del a\u00f1o en la villa renacentista del Cinca Medio. La Direcci\u00f3n General de Turismo del Gobierno de Arag\u00f3n ha invitado por primera vez\" \/>\n\t<meta name=\"robots\" content=\"max-image-preview:large\" \/>\n\t<meta name=\"author\" content=\"admin\"\/>\n\t<meta name=\"google-site-verification\" content=\"UA-38556648-1\" \/>\n\t<meta name=\"keywords\" content=\"noticias y actualidad\" \/>\n\t<link rel=\"canonical\" href=\"https:\/\/eldigitaldeasturias.com\/magazine365\/fonz-lleva-sus-visitas-teatralizadas-y-su-patrimonio-a-fitur\/\" \/>\n\t<meta name=\"generator\" content=\"All in One SEO Pro (AIOSEO) 4.9.6.1\" \/>\n\t\t<meta property=\"og:locale\" content=\"es_ES\" \/>\n\t\t<meta property=\"og:site_name\" content=\"El Digital de Asturias \u2013 Revista de ocio, turismo y estilo de vida\" \/>\n\t\t<meta property=\"og:type\" content=\"article\" \/>\n\t\t<meta property=\"og:title\" content=\"Fonz lleva sus visitas teatralizadas y su patrimonio a Fitur | El Digital de Asturias\" \/>\n\t\t<meta property=\"og:description\" content=\"Los visitantes de la Feria Internacional de Turismo (Fitur) podr\u00e1n conocer el patrimonio arquitect\u00f3nico, hist\u00f3rico y art\u00edstico de Fonz (Huesca) a trav\u00e9s de las recreaciones teatralizadas que se realizan a lo largo del a\u00f1o en la villa renacentista del Cinca Medio. La Direcci\u00f3n General de Turismo del Gobierno de Arag\u00f3n ha invitado por primera vez\" \/>\n\t\t<meta property=\"og:url\" content=\"https:\/\/eldigitaldeasturias.com\/magazine365\/fonz-lleva-sus-visitas-teatralizadas-y-su-patrimonio-a-fitur\/\" \/>\n\t\t<meta property=\"og:image\" content=\"https:\/\/eldigitaldeasturias.com\/magazine365\/wp-content\/uploads\/2016\/01\/fotonoticia_20160118161822_800.jpg\" \/>\n\t\t<meta property=\"og:image:secure_url\" content=\"https:\/\/eldigitaldeasturias.com\/magazine365\/wp-content\/uploads\/2016\/01\/fotonoticia_20160118161822_800.jpg\" \/>\n\t\t<meta property=\"og:image:width\" content=\"800\" \/>\n\t\t<meta property=\"og:image:height\" content=\"533\" \/>\n\t\t<meta property=\"article:published_time\" content=\"2016-01-19T07:13:01+00:00\" \/>\n\t\t<meta property=\"article:modified_time\" content=\"2016-01-19T07:13:01+00:00\" \/>\n\t\t<meta name=\"twitter:card\" content=\"summary_large_image\" \/>\n\t\t<meta name=\"twitter:title\" content=\"Fonz lleva sus visitas teatralizadas y su patrimonio a Fitur | El Digital de Asturias\" \/>\n\t\t<meta name=\"twitter:description\" content=\"Los visitantes de la Feria Internacional de Turismo (Fitur) podr\u00e1n conocer el patrimonio arquitect\u00f3nico, hist\u00f3rico y art\u00edstico de Fonz (Huesca) a trav\u00e9s de las recreaciones teatralizadas que se realizan a lo largo del a\u00f1o en la villa renacentista del Cinca Medio. La Direcci\u00f3n General de Turismo del Gobierno de Arag\u00f3n ha invitado por primera vez\" \/>\n\t\t<meta name=\"twitter:image\" content=\"https:\/\/eldigitaldeasturias.com\/magazine365\/wp-content\/uploads\/2016\/01\/fotonoticia_20160118161822_800.jpg\" \/>\n\t\t<script type=\"application\/ld+json\" class=\"aioseo-schema\">\n\t\t\t{\"@context\":\"https:\\\/\\\/schema.org\",\"@graph\":[{\"@type\":\"Article\",\"@id\":\"https:\\\/\\\/eldigitaldeasturias.com\\\/magazine365\\\/fonz-lleva-sus-visitas-teatralizadas-y-su-patrimonio-a-fitur\\\/#article\",\"name\":\"Fonz lleva sus visitas teatralizadas y su patrimonio a Fitur | El Digital de Asturias\",\"headline\":\"Fonz lleva sus visitas teatralizadas y su patrimonio a Fitur\",\"author\":{\"@id\":\"https:\\\/\\\/eldigitaldeasturias.com\\\/magazine365\\\/author\\\/admin\\\/#author\"},\"publisher\":{\"@id\":\"https:\\\/\\\/eldigitaldeasturias.com\\\/magazine365\\\/#organization\"},\"image\":{\"@type\":\"ImageObject\",\"url\":\"https:\\\/\\\/eldigitaldeasturias.com\\\/magazine365\\\/wp-content\\\/uploads\\\/2016\\\/01\\\/fotonoticia_20160118161822_800.jpg\",\"width\":800,\"height\":533},\"datePublished\":\"2016-01-19T08:13:01+01:00\",\"dateModified\":\"2016-01-19T08:13:01+01:00\",\"inLanguage\":\"es-ES\",\"mainEntityOfPage\":{\"@id\":\"https:\\\/\\\/eldigitaldeasturias.com\\\/magazine365\\\/fonz-lleva-sus-visitas-teatralizadas-y-su-patrimonio-a-fitur\\\/#webpage\"},\"isPartOf\":{\"@id\":\"https:\\\/\\\/eldigitaldeasturias.com\\\/magazine365\\\/fonz-lleva-sus-visitas-teatralizadas-y-su-patrimonio-a-fitur\\\/#webpage\"},\"articleSection\":\"Noticias y Actualidad\"},{\"@type\":\"BreadcrumbList\",\"@id\":\"https:\\\/\\\/eldigitaldeasturias.com\\\/magazine365\\\/fonz-lleva-sus-visitas-teatralizadas-y-su-patrimonio-a-fitur\\\/#breadcrumblist\",\"itemListElement\":[{\"@type\":\"ListItem\",\"@id\":\"https:\\\/\\\/eldigitaldeasturias.com\\\/magazine365#listItem\",\"position\":1,\"name\":\"Home\",\"item\":\"https:\\\/\\\/eldigitaldeasturias.com\\\/magazine365\",\"nextItem\":{\"@type\":\"ListItem\",\"@id\":\"https:\\\/\\\/eldigitaldeasturias.com\\\/magazine365\\\/category\\\/noticias-actualidad\\\/#listItem\",\"name\":\"Noticias y Actualidad\"}},{\"@type\":\"ListItem\",\"@id\":\"https:\\\/\\\/eldigitaldeasturias.com\\\/magazine365\\\/category\\\/noticias-actualidad\\\/#listItem\",\"position\":2,\"name\":\"Noticias y Actualidad\",\"item\":\"https:\\\/\\\/eldigitaldeasturias.com\\\/magazine365\\\/category\\\/noticias-actualidad\\\/\",\"nextItem\":{\"@type\":\"ListItem\",\"@id\":\"https:\\\/\\\/eldigitaldeasturias.com\\\/magazine365\\\/fonz-lleva-sus-visitas-teatralizadas-y-su-patrimonio-a-fitur\\\/#listItem\",\"name\":\"Fonz lleva sus visitas teatralizadas y su patrimonio a Fitur\"},\"previousItem\":{\"@type\":\"ListItem\",\"@id\":\"https:\\\/\\\/eldigitaldeasturias.com\\\/magazine365#listItem\",\"name\":\"Home\"}},{\"@type\":\"ListItem\",\"@id\":\"https:\\\/\\\/eldigitaldeasturias.com\\\/magazine365\\\/fonz-lleva-sus-visitas-teatralizadas-y-su-patrimonio-a-fitur\\\/#listItem\",\"position\":3,\"name\":\"Fonz lleva sus visitas teatralizadas y su patrimonio a Fitur\",\"previousItem\":{\"@type\":\"ListItem\",\"@id\":\"https:\\\/\\\/eldigitaldeasturias.com\\\/magazine365\\\/category\\\/noticias-actualidad\\\/#listItem\",\"name\":\"Noticias y Actualidad\"}}]},{\"@type\":\"Organization\",\"@id\":\"https:\\\/\\\/eldigitaldeasturias.com\\\/magazine365\\\/#organization\",\"name\":\"El digital de Asturias\",\"description\":\"Revista de ocio, turismo y estilo de vida\",\"url\":\"https:\\\/\\\/eldigitaldeasturias.com\\\/magazine365\\\/\",\"logo\":{\"@type\":\"ImageObject\",\"url\":\"https:\\\/\\\/www.eldigitaldeasturias.com\\\/noticias\\\/wp-content\\\/uploads\\\/2020\\\/12\\\/EDA.jpg\",\"@id\":\"https:\\\/\\\/eldigitaldeasturias.com\\\/magazine365\\\/fonz-lleva-sus-visitas-teatralizadas-y-su-patrimonio-a-fitur\\\/#organizationLogo\"},\"image\":{\"@id\":\"https:\\\/\\\/eldigitaldeasturias.com\\\/magazine365\\\/fonz-lleva-sus-visitas-teatralizadas-y-su-patrimonio-a-fitur\\\/#organizationLogo\"}},{\"@type\":\"Person\",\"@id\":\"https:\\\/\\\/eldigitaldeasturias.com\\\/magazine365\\\/author\\\/admin\\\/#author\",\"url\":\"https:\\\/\\\/eldigitaldeasturias.com\\\/magazine365\\\/author\\\/admin\\\/\",\"name\":\"admin\",\"image\":{\"@type\":\"ImageObject\",\"@id\":\"https:\\\/\\\/eldigitaldeasturias.com\\\/magazine365\\\/fonz-lleva-sus-visitas-teatralizadas-y-su-patrimonio-a-fitur\\\/#authorImage\",\"url\":\"https:\\\/\\\/eldigitaldeasturias.com\\\/magazine365\\\/wp-content\\\/litespeed\\\/avatar\\\/e571bcf59a0edd6fa6838245a470f2fe.jpg?ver=1776969259\",\"width\":96,\"height\":96,\"caption\":\"admin\"}},{\"@type\":\"WebPage\",\"@id\":\"https:\\\/\\\/eldigitaldeasturias.com\\\/magazine365\\\/fonz-lleva-sus-visitas-teatralizadas-y-su-patrimonio-a-fitur\\\/#webpage\",\"url\":\"https:\\\/\\\/eldigitaldeasturias.com\\\/magazine365\\\/fonz-lleva-sus-visitas-teatralizadas-y-su-patrimonio-a-fitur\\\/\",\"name\":\"Fonz lleva sus visitas teatralizadas y su patrimonio a Fitur | El Digital de Asturias\",\"description\":\"Los visitantes de la Feria Internacional de Turismo (Fitur) podr\\u00e1n conocer el patrimonio arquitect\\u00f3nico, hist\\u00f3rico y art\\u00edstico de Fonz (Huesca) a trav\\u00e9s de las recreaciones teatralizadas que se realizan a lo largo del a\\u00f1o en la villa renacentista del Cinca Medio. La Direcci\\u00f3n General de Turismo del Gobierno de Arag\\u00f3n ha invitado por primera vez\",\"inLanguage\":\"es-ES\",\"isPartOf\":{\"@id\":\"https:\\\/\\\/eldigitaldeasturias.com\\\/magazine365\\\/#website\"},\"breadcrumb\":{\"@id\":\"https:\\\/\\\/eldigitaldeasturias.com\\\/magazine365\\\/fonz-lleva-sus-visitas-teatralizadas-y-su-patrimonio-a-fitur\\\/#breadcrumblist\"},\"author\":{\"@id\":\"https:\\\/\\\/eldigitaldeasturias.com\\\/magazine365\\\/author\\\/admin\\\/#author\"},\"creator\":{\"@id\":\"https:\\\/\\\/eldigitaldeasturias.com\\\/magazine365\\\/author\\\/admin\\\/#author\"},\"image\":{\"@type\":\"ImageObject\",\"url\":\"https:\\\/\\\/eldigitaldeasturias.com\\\/magazine365\\\/wp-content\\\/uploads\\\/2016\\\/01\\\/fotonoticia_20160118161822_800.jpg\",\"@id\":\"https:\\\/\\\/eldigitaldeasturias.com\\\/magazine365\\\/fonz-lleva-sus-visitas-teatralizadas-y-su-patrimonio-a-fitur\\\/#mainImage\",\"width\":800,\"height\":533},\"primaryImageOfPage\":{\"@id\":\"https:\\\/\\\/eldigitaldeasturias.com\\\/magazine365\\\/fonz-lleva-sus-visitas-teatralizadas-y-su-patrimonio-a-fitur\\\/#mainImage\"},\"datePublished\":\"2016-01-19T08:13:01+01:00\",\"dateModified\":\"2016-01-19T08:13:01+01:00\"},{\"@type\":\"WebSite\",\"@id\":\"https:\\\/\\\/eldigitaldeasturias.com\\\/magazine365\\\/#website\",\"url\":\"https:\\\/\\\/eldigitaldeasturias.com\\\/magazine365\\\/\",\"name\":\"El Digital de Asturias\",\"description\":\"Revista de ocio, turismo y estilo de vida\",\"inLanguage\":\"es-ES\",\"publisher\":{\"@id\":\"https:\\\/\\\/eldigitaldeasturias.com\\\/magazine365\\\/#organization\"}}]}\n\t\t<\/script>\n\t\t<!-- All in One SEO Pro -->\r\n\t\t<title>Fonz lleva sus visitas teatralizadas y su patrimonio a Fitur | El Digital de Asturias<\/title>\n\n","aioseo_head_json":{"title":"Fonz lleva sus visitas teatralizadas y su patrimonio a Fitur | El Digital de Asturias","description":"Los visitantes de la Feria Internacional de Turismo (Fitur) podr\u00e1n conocer el patrimonio arquitect\u00f3nico, hist\u00f3rico y art\u00edstico de Fonz (Huesca) a trav\u00e9s de las recreaciones teatralizadas que se realizan a lo largo del a\u00f1o en la villa renacentista del Cinca Medio. La Direcci\u00f3n General de Turismo del Gobierno de Arag\u00f3n ha invitado por primera vez","canonical_url":"https:\/\/eldigitaldeasturias.com\/magazine365\/fonz-lleva-sus-visitas-teatralizadas-y-su-patrimonio-a-fitur\/","robots":"max-image-preview:large","keywords":"noticias y actualidad","webmasterTools":{"google-site-verification":"UA-38556648-1","miscellaneous":""},"schema":{"@context":"https:\/\/schema.org","@graph":[{"@type":"Article","@id":"https:\/\/eldigitaldeasturias.com\/magazine365\/fonz-lleva-sus-visitas-teatralizadas-y-su-patrimonio-a-fitur\/#article","name":"Fonz lleva sus visitas teatralizadas y su patrimonio a Fitur | El Digital de Asturias","headline":"Fonz lleva sus visitas teatralizadas y su patrimonio a Fitur","author":{"@id":"https:\/\/eldigitaldeasturias.com\/magazine365\/author\/admin\/#author"},"publisher":{"@id":"https:\/\/eldigitaldeasturias.com\/magazine365\/#organization"},"image":{"@type":"ImageObject","url":"https:\/\/eldigitaldeasturias.com\/magazine365\/wp-content\/uploads\/2016\/01\/fotonoticia_20160118161822_800.jpg","width":800,"height":533},"datePublished":"2016-01-19T08:13:01+01:00","dateModified":"2016-01-19T08:13:01+01:00","inLanguage":"es-ES","mainEntityOfPage":{"@id":"https:\/\/eldigitaldeasturias.com\/magazine365\/fonz-lleva-sus-visitas-teatralizadas-y-su-patrimonio-a-fitur\/#webpage"},"isPartOf":{"@id":"https:\/\/eldigitaldeasturias.com\/magazine365\/fonz-lleva-sus-visitas-teatralizadas-y-su-patrimonio-a-fitur\/#webpage"},"articleSection":"Noticias y Actualidad"},{"@type":"BreadcrumbList","@id":"https:\/\/eldigitaldeasturias.com\/magazine365\/fonz-lleva-sus-visitas-teatralizadas-y-su-patrimonio-a-fitur\/#breadcrumblist","itemListElement":[{"@type":"ListItem","@id":"https:\/\/eldigitaldeasturias.com\/magazine365#listItem","position":1,"name":"Home","item":"https:\/\/eldigitaldeasturias.com\/magazine365","nextItem":{"@type":"ListItem","@id":"https:\/\/eldigitaldeasturias.com\/magazine365\/category\/noticias-actualidad\/#listItem","name":"Noticias y Actualidad"}},{"@type":"ListItem","@id":"https:\/\/eldigitaldeasturias.com\/magazine365\/category\/noticias-actualidad\/#listItem","position":2,"name":"Noticias y Actualidad","item":"https:\/\/eldigitaldeasturias.com\/magazine365\/category\/noticias-actualidad\/","nextItem":{"@type":"ListItem","@id":"https:\/\/eldigitaldeasturias.com\/magazine365\/fonz-lleva-sus-visitas-teatralizadas-y-su-patrimonio-a-fitur\/#listItem","name":"Fonz lleva sus visitas teatralizadas y su patrimonio a Fitur"},"previousItem":{"@type":"ListItem","@id":"https:\/\/eldigitaldeasturias.com\/magazine365#listItem","name":"Home"}},{"@type":"ListItem","@id":"https:\/\/eldigitaldeasturias.com\/magazine365\/fonz-lleva-sus-visitas-teatralizadas-y-su-patrimonio-a-fitur\/#listItem","position":3,"name":"Fonz lleva sus visitas teatralizadas y su patrimonio a Fitur","previousItem":{"@type":"ListItem","@id":"https:\/\/eldigitaldeasturias.com\/magazine365\/category\/noticias-actualidad\/#listItem","name":"Noticias y Actualidad"}}]},{"@type":"Organization","@id":"https:\/\/eldigitaldeasturias.com\/magazine365\/#organization","name":"El digital de Asturias","description":"Revista de ocio, turismo y estilo de vida","url":"https:\/\/eldigitaldeasturias.com\/magazine365\/","logo":{"@type":"ImageObject","url":"https:\/\/www.eldigitaldeasturias.com\/noticias\/wp-content\/uploads\/2020\/12\/EDA.jpg","@id":"https:\/\/eldigitaldeasturias.com\/magazine365\/fonz-lleva-sus-visitas-teatralizadas-y-su-patrimonio-a-fitur\/#organizationLogo"},"image":{"@id":"https:\/\/eldigitaldeasturias.com\/magazine365\/fonz-lleva-sus-visitas-teatralizadas-y-su-patrimonio-a-fitur\/#organizationLogo"}},{"@type":"Person","@id":"https:\/\/eldigitaldeasturias.com\/magazine365\/author\/admin\/#author","url":"https:\/\/eldigitaldeasturias.com\/magazine365\/author\/admin\/","name":"admin","image":{"@type":"ImageObject","@id":"https:\/\/eldigitaldeasturias.com\/magazine365\/fonz-lleva-sus-visitas-teatralizadas-y-su-patrimonio-a-fitur\/#authorImage","url":"https:\/\/eldigitaldeasturias.com\/magazine365\/wp-content\/litespeed\/avatar\/e571bcf59a0edd6fa6838245a470f2fe.jpg?ver=1776969259","width":96,"height":96,"caption":"admin"}},{"@type":"WebPage","@id":"https:\/\/eldigitaldeasturias.com\/magazine365\/fonz-lleva-sus-visitas-teatralizadas-y-su-patrimonio-a-fitur\/#webpage","url":"https:\/\/eldigitaldeasturias.com\/magazine365\/fonz-lleva-sus-visitas-teatralizadas-y-su-patrimonio-a-fitur\/","name":"Fonz lleva sus visitas teatralizadas y su patrimonio a Fitur | El Digital de Asturias","description":"Los visitantes de la Feria Internacional de Turismo (Fitur) podr\u00e1n conocer el patrimonio arquitect\u00f3nico, hist\u00f3rico y art\u00edstico de Fonz (Huesca) a trav\u00e9s de las recreaciones teatralizadas que se realizan a lo largo del a\u00f1o en la villa renacentista del Cinca Medio. La Direcci\u00f3n General de Turismo del Gobierno de Arag\u00f3n ha invitado por primera vez","inLanguage":"es-ES","isPartOf":{"@id":"https:\/\/eldigitaldeasturias.com\/magazine365\/#website"},"breadcrumb":{"@id":"https:\/\/eldigitaldeasturias.com\/magazine365\/fonz-lleva-sus-visitas-teatralizadas-y-su-patrimonio-a-fitur\/#breadcrumblist"},"author":{"@id":"https:\/\/eldigitaldeasturias.com\/magazine365\/author\/admin\/#author"},"creator":{"@id":"https:\/\/eldigitaldeasturias.com\/magazine365\/author\/admin\/#author"},"image":{"@type":"ImageObject","url":"https:\/\/eldigitaldeasturias.com\/magazine365\/wp-content\/uploads\/2016\/01\/fotonoticia_20160118161822_800.jpg","@id":"https:\/\/eldigitaldeasturias.com\/magazine365\/fonz-lleva-sus-visitas-teatralizadas-y-su-patrimonio-a-fitur\/#mainImage","width":800,"height":533},"primaryImageOfPage":{"@id":"https:\/\/eldigitaldeasturias.com\/magazine365\/fonz-lleva-sus-visitas-teatralizadas-y-su-patrimonio-a-fitur\/#mainImage"},"datePublished":"2016-01-19T08:13:01+01:00","dateModified":"2016-01-19T08:13:01+01:00"},{"@type":"WebSite","@id":"https:\/\/eldigitaldeasturias.com\/magazine365\/#website","url":"https:\/\/eldigitaldeasturias.com\/magazine365\/","name":"El Digital de Asturias","description":"Revista de ocio, turismo y estilo de vida","inLanguage":"es-ES","publisher":{"@id":"https:\/\/eldigitaldeasturias.com\/magazine365\/#organization"}}]},"og:locale":"es_ES","og:site_name":"El Digital de Asturias \u2013 Revista de ocio, turismo y estilo de vida","og:type":"article","og:title":"Fonz lleva sus visitas teatralizadas y su patrimonio a Fitur | El Digital de Asturias","og:description":"Los visitantes de la Feria Internacional de Turismo (Fitur) podr\u00e1n conocer el patrimonio arquitect\u00f3nico, hist\u00f3rico y art\u00edstico de Fonz (Huesca) a trav\u00e9s de las recreaciones teatralizadas que se realizan a lo largo del a\u00f1o en la villa renacentista del Cinca Medio. La Direcci\u00f3n General de Turismo del Gobierno de Arag\u00f3n ha invitado por primera vez","og:url":"https:\/\/eldigitaldeasturias.com\/magazine365\/fonz-lleva-sus-visitas-teatralizadas-y-su-patrimonio-a-fitur\/","og:image":"https:\/\/eldigitaldeasturias.com\/magazine365\/wp-content\/uploads\/2016\/01\/fotonoticia_20160118161822_800.jpg","og:image:secure_url":"https:\/\/eldigitaldeasturias.com\/magazine365\/wp-content\/uploads\/2016\/01\/fotonoticia_20160118161822_800.jpg","og:image:width":800,"og:image:height":533,"article:published_time":"2016-01-19T07:13:01+00:00","article:modified_time":"2016-01-19T07:13:01+00:00","twitter:card":"summary_large_image","twitter:title":"Fonz lleva sus visitas teatralizadas y su patrimonio a Fitur | El Digital de Asturias","twitter:description":"Los visitantes de la Feria Internacional de Turismo (Fitur) podr\u00e1n conocer el patrimonio arquitect\u00f3nico, hist\u00f3rico y art\u00edstico de Fonz (Huesca) a trav\u00e9s de las recreaciones teatralizadas que se realizan a lo largo del a\u00f1o en la villa renacentista del Cinca Medio. La Direcci\u00f3n General de Turismo del Gobierno de Arag\u00f3n ha invitado por primera vez","twitter:image":"https:\/\/eldigitaldeasturias.com\/magazine365\/wp-content\/uploads\/2016\/01\/fotonoticia_20160118161822_800.jpg"},"aioseo_meta_data":{"post_id":"61001","title":null,"description":null,"keywords":null,"keyphrases":null,"primary_term":null,"canonical_url":null,"og_title":null,"og_description":null,"og_object_type":"default","og_image_type":"default","og_image_url":null,"og_image_width":null,"og_image_height":null,"og_image_custom_url":null,"og_image_custom_fields":null,"og_video":null,"og_custom_url":null,"og_article_section":null,"og_article_tags":null,"twitter_use_og":false,"twitter_card":"default","twitter_image_type":"default","twitter_image_url":null,"twitter_image_custom_url":null,"twitter_image_custom_fields":null,"twitter_title":null,"twitter_description":null,"schema":{"blockGraphs":[],"customGraphs":[],"default":{"data":{"Article":[],"Course":[],"Dataset":[],"FAQPage":[],"Movie":[],"Person":[],"Product":[],"ProductReview":[],"Car":[],"Recipe":[],"Service":[],"SoftwareApplication":[],"WebPage":[]},"graphName":"","isEnabled":true},"graphs":[],"defaultGraph":"","defaultPostTypeGraph":""},"schema_type":null,"schema_type_options":null,"pillar_content":false,"robots_default":true,"robots_noindex":false,"robots_noarchive":false,"robots_nosnippet":false,"robots_nofollow":false,"robots_noimageindex":false,"robots_noodp":false,"robots_notranslate":false,"robots_max_snippet":null,"robots_max_videopreview":null,"robots_max_imagepreview":"large","priority":null,"frequency":null,"location":null,"local_seo":null,"seo_analyzer_scan_date":"2025-09-25 08:00:17","breadcrumb_settings":null,"limit_modified_date":false,"open_ai":null,"ai":null,"created":"2021-03-08 21:54:03","updated":"2025-09-25 08:00:17"},"aioseo_breadcrumb":"<div class=\"aioseo-breadcrumbs\"><span class=\"aioseo-breadcrumb\">\n\t<a href=\"https:\/\/eldigitaldeasturias.com\/magazine365\" title=\"Home\">Home<\/a>\n<\/span><span class=\"aioseo-breadcrumb-separator\">\u2013<\/span><span class=\"aioseo-breadcrumb\">\n\t<a href=\"https:\/\/eldigitaldeasturias.com\/magazine365\/category\/noticias-actualidad\/\" title=\"Noticias y Actualidad\">Noticias y Actualidad<\/a>\n<\/span><span class=\"aioseo-breadcrumb-separator\">\u2013<\/span><span class=\"aioseo-breadcrumb\">\n\t<a href=\"https:\/\/eldigitaldeasturias.com\/magazine365\/fonz-lleva-sus-visitas-teatralizadas-y-su-patrimonio-a-fitur\/\" title=\"Fonz lleva sus visitas teatralizadas y su patrimonio a Fitur\">Fonz lleva sus visitas teatralizadas y su patrimonio a Fitur<\/a>\n<\/span><\/div>","aioseo_breadcrumb_json":[{"label":"Home","link":"https:\/\/eldigitaldeasturias.com\/magazine365"},{"label":"Noticias y Actualidad","link":"https:\/\/eldigitaldeasturias.com\/magazine365\/category\/noticias-actualidad\/"},{"label":"Fonz lleva sus visitas teatralizadas y su patrimonio a Fitur","link":"https:\/\/eldigitaldeasturias.com\/magazine365\/fonz-lleva-sus-visitas-teatralizadas-y-su-patrimonio-a-fitur\/"}],"_links":{"self":[{"href":"https:\/\/eldigitaldeasturias.com\/magazine365\/wp-json\/wp\/v2\/posts\/61001","targetHints":{"allow":["GET"]}}],"collection":[{"href":"https:\/\/eldigitaldeasturias.com\/magazine365\/wp-json\/wp\/v2\/posts"}],"about":[{"href":"https:\/\/eldigitaldeasturias.com\/magazine365\/wp-json\/wp\/v2\/types\/post"}],"author":[{"embeddable":true,"href":"https:\/\/eldigitaldeasturias.com\/magazine365\/wp-json\/wp\/v2\/users\/1"}],"replies":[{"embeddable":true,"href":"https:\/\/eldigitaldeasturias.com\/magazine365\/wp-json\/wp\/v2\/comments?post=61001"}],"version-history":[{"count":0,"href":"https:\/\/eldigitaldeasturias.com\/magazine365\/wp-json\/wp\/v2\/posts\/61001\/revisions"}],"wp:featuredmedia":[{"embeddable":true,"href":"https:\/\/eldigitaldeasturias.com\/magazine365\/wp-json\/wp\/v2\/media\/61002"}],"wp:attachment":[{"href":"https:\/\/eldigitaldeasturias.com\/magazine365\/wp-json\/wp\/v2\/media?parent=61001"}],"wp:term":[{"taxonomy":"category","embeddable":true,"href":"https:\/\/eldigitaldeasturias.com\/magazine365\/wp-json\/wp\/v2\/categories?post=61001"},{"taxonomy":"post_tag","embeddable":true,"href":"https:\/\/eldigitaldeasturias.com\/magazine365\/wp-json\/wp\/v2\/tags?post=61001"}],"curies":[{"name":"wp","href":"https:\/\/api.w.org\/{rel}","templated":true}]}}