{"id":60998,"date":"2016-01-19T08:12:08","date_gmt":"2016-01-19T07:12:08","guid":{"rendered":"http:\/\/eldigitaldeasturias.com\/magazine365\/?p=60998"},"modified":"2016-01-19T08:12:08","modified_gmt":"2016-01-19T07:12:08","slug":"cocineros-valencianos-daran-a-conocer-la-gastronomia-de-la-comunitat-en-fitur","status":"publish","type":"post","link":"https:\/\/eldigitaldeasturias.com\/magazine365\/cocineros-valencianos-daran-a-conocer-la-gastronomia-de-la-comunitat-en-fitur\/","title":{"rendered":"Cocineros valencianos dar\u00e1n a conocer la gastronom\u00eda de la Comunitat en Fitur"},"content":{"rendered":"<p><img fetchpriority=\"high\" decoding=\"async\" class=\"alignleft size-medium wp-image-60999\" src=\"https:\/\/eldigitaldeasturias.com\/magazine365\/wp-content\/uploads\/2016\/01\/fotonoticia_20160118161716_800-360x180.jpg\" alt=\"fotonoticia_20160118161716_800\" width=\"360\" height=\"180\" srcset=\"https:\/\/eldigitaldeasturias.com\/magazine365\/wp-content\/uploads\/2016\/01\/fotonoticia_20160118161716_800-360x180.jpg 360w, https:\/\/eldigitaldeasturias.com\/magazine365\/wp-content\/uploads\/2016\/01\/fotonoticia_20160118161716_800-650x325.jpg 650w, https:\/\/eldigitaldeasturias.com\/magazine365\/wp-content\/uploads\/2016\/01\/fotonoticia_20160118161716_800-768x384.jpg 768w, https:\/\/eldigitaldeasturias.com\/magazine365\/wp-content\/uploads\/2016\/01\/fotonoticia_20160118161716_800-150x75.jpg 150w, https:\/\/eldigitaldeasturias.com\/magazine365\/wp-content\/uploads\/2016\/01\/fotonoticia_20160118161716_800-450x225.jpg 450w, https:\/\/eldigitaldeasturias.com\/magazine365\/wp-content\/uploads\/2016\/01\/fotonoticia_20160118161716_800-696x348.jpg 696w, https:\/\/eldigitaldeasturias.com\/magazine365\/wp-content\/uploads\/2016\/01\/fotonoticia_20160118161716_800.jpg 800w\" sizes=\"(max-width: 360px) 100vw, 360px\" \/>Los municipios de la Comunitat Valenciana, presentes esta semana en Fitur, mostrar\u00e1n la elaboraci\u00f3n de su gastronom\u00eda m\u00e1s aut\u00f3ctona. De este modo, cocineros valencianos y profesores de la Red de CdTs dar\u00e1n a conocer los secretos de nuestros platos a trav\u00e9s del show cooking instalado en el stand de la Comunitat en el pabell\u00f3n 7 de este certamen madrile\u00f1o.<\/p>\n<p>Como en ediciones anteriores, el show cooking del stand de la Comunitat Valenciana que junto con el gastrobar dispondr\u00e1 de una superficie de 180 metros cuadrados, conseguir\u00e1 atraer a los m\u00e1s curiosos, ya que las demostraciones en directo permitir\u00e1n mostrar paso a paso todas las curiosidades de nuestra gastronom\u00eda m\u00e1s genuina, seg\u00fan ha informado la Generalitat en un comunicado.<\/p>\n<p>De este modo, los visitantes que pasen por el stand de la Comunitat Valenciana del 20 al 24 de enero podr\u00e1n disfrutar de la elaboraci\u00f3n y degustaci\u00f3n de los platos m\u00e1s tradicionales de nuestra gastronom\u00eda, pero tambi\u00e9n los m\u00e1s innovadores.<\/p>\n<p>El secretario auton\u00f3mico de Turisme, Francesc Colomer, ha querido destacar que \u00abeste a\u00f1o el objetivo de la Agencia Valenciana del Turisme es convertir la gastronom\u00eda de la Comunitat en todo un referente a nivel nacional e internacional\u00bb.<\/p>\n<p>\u00abSi bien es cierto, que disponemos de un producto consolidado con gran trayectoria y cada vez, con mayor demanda, queremos mantener la gastronom\u00eda como un elemento tractor de nuestra econom\u00eda\u00bb, ha a\u00f1adido.<\/p>\n<p>En este sentido, Colomer ha recordado que la Agencia Valenciana de Turisme est\u00e1 trabajando en la puesta en marcha de un Centro Internacional de la Dieta Mediterr\u00e1nea, porque \u00abes nuestra y debemos ser vanguardia en esto\u00bb.<\/p>\n<p>Por otro lado, el secretario auton\u00f3mico ha hecho hincapi\u00e9 en el compromiso del nuevo Consell por profesionalizar el sector hostelero de la Comunitat, de esta forma ha se\u00f1alado que \u00abdesde la Red de CdT, presente en el stand de Fitur, la Generalitat ofrece una formaci\u00f3n adecuada en par\u00e1metros de calidad y excelencia, un compromiso que seguiremos apoyando en esta nueva legislatura\u00bb.<\/p>\n<p>PROGRAMACI\u00d3N SHOW COOKING<\/p>\n<p>Este a\u00f1o, participar\u00e1n ofreciendo las demostraciones de sus platos en el show cooking diferentes municipios de la Comunitat Valenciana, como Benicarl\u00f3, La Vall d&#8217;Ux\u00f2, Santa Pola, Gand\u00eda, Castilla, Sueca, Llucena del Cid, el Campello, Aspe, X\u00e1tiva, Benidorm, Pe\u00f1\u00edscola, Vinar\u00f3s Alboraia, Ayora, Guardamar, Alcoi, El Puig, L&#8217;Alcora, B\u00e9tera y Ll\u00edria, entre otros. As\u00ed, los asistentes a la feria podr\u00e1n observar la amplia y variada oferta gastron\u00f3mica de nuestro territorio.<\/p>\n<p>El mi\u00e9rcoles 20 de enero se ofrecer\u00e1n degustaciones de platos con alcachofas de Benicarl\u00f3, el &#8216;Putxero de Polp&#8217; de Benissa, el &#8216;Empedrao&#8217; de la Vall d&#8217;Ux\u00f3, el arroz al horno con garbanzos y pasas de La Valldigna, la Fideu\u00e0 de Gandia, los &#8216;Gazpatxos&#8217; de Castilla y la paella valenciana de Sueca.<\/p>\n<p>El jueves 21 de enero, ser\u00e1 el turno de las tapas de El Campello, el arroz al horno de X\u00e0tiva, las tapas de Benidorm, el &#8216;caracol punxent&#8217; de Pe\u00f1\u00edscola, el langostino de Vinaroz y Alboraia a \u00faltima hora de la tarde har\u00e1 una demostraci\u00f3n de cocteler\u00eda creativa.<\/p>\n<p>Por su parte, el viernes Ayora har\u00e1 una cata de miel, Guardamar ofrecer\u00e1 degustaciones de \u00f1ora y langostinos y el Puig realizar\u00e1 una Fideu\u00e0 de Pato con foie y boletus.<\/p>\n<p>El fin de semana, que es cuando la feria abrir\u00e1 sus puertas al p\u00fablico en general, se repetir\u00e1n muchos de los platos anteriores y adem\u00e1s el domingo 24 se ofrecer\u00e1 una degustaci\u00f3n de embutidos, platos t\u00edpicos, vinos y dulces de Requena.<\/p>\n<p>EXPOSICI\u00d3N DE PRODUCTOS FRESCOS<\/p>\n<p>Como novedad, en esta edici\u00f3n del certamen habr\u00e1 una exposici\u00f3n de productos frescos valencianos en el gastrobar y adem\u00e1s se ofrecer\u00e1n \u00fanicamente degustaciones de bebidas valencianas, como zumo de naranja y horchata.<\/p>\n<p>Seg\u00fan el secretario auton\u00f3mico de Turisme, Francesc Colomer, con esta nueva iniciativa \u00abse pretende acabar con la imagen anterior del gastrobar, ofreciendo una alternativa m\u00e1s profesional que sirva de exposici\u00f3n y promoci\u00f3n de nuestros productos gastron\u00f3micos m\u00e1s aut\u00f3ctonos\u00bb.<\/p>\n<p>\u00abNuestro objetivo es trasladar el mensaje de que somos un destino de experiencias tur\u00edsticas, para disfrutar del hedonismo mediterr\u00e1neo de nuestra mejor versi\u00f3n, estos son los valores que queremos trasladar a Fitur y a lo que significa esta feria como puerta abierta al mundo\u00bb, ha matizado.<\/p>\n","protected":false},"excerpt":{"rendered":"<p>Los municipios de la Comunitat Valenciana, presentes esta semana en Fitur, mostrar\u00e1n la elaboraci\u00f3n de su gastronom\u00eda m\u00e1s aut\u00f3ctona. De este modo, cocineros valencianos y profesores de la Red de CdTs dar\u00e1n a conocer los secretos de nuestros platos a trav\u00e9s del show cooking instalado en el stand de la Comunitat en el pabell\u00f3n 7<\/p>\n","protected":false},"author":1,"featured_media":60999,"comment_status":"open","ping_status":"closed","sticky":false,"template":"","format":"standard","meta":{"footnotes":""},"categories":[224],"tags":[],"class_list":{"0":"post-60998","1":"post","2":"type-post","3":"status-publish","4":"format-standard","5":"has-post-thumbnail","7":"category-noticias-actualidad"},"aioseo_notices":[],"aioseo_head":"\n\t\t<!-- All in One SEO Pro 4.9.6.1 - aioseo.com -->\n\t<meta name=\"description\" content=\"Los municipios de la Comunitat Valenciana, presentes esta semana en Fitur, mostrar\u00e1n la elaboraci\u00f3n de su gastronom\u00eda m\u00e1s aut\u00f3ctona. De este modo, cocineros valencianos y profesores de la Red de CdTs dar\u00e1n a conocer los secretos de nuestros platos a trav\u00e9s del show cooking instalado en el stand de la Comunitat en el pabell\u00f3n 7\" \/>\n\t<meta name=\"robots\" content=\"max-image-preview:large\" \/>\n\t<meta name=\"author\" content=\"admin\"\/>\n\t<meta name=\"google-site-verification\" content=\"UA-38556648-1\" \/>\n\t<meta name=\"keywords\" content=\"noticias y actualidad\" \/>\n\t<link rel=\"canonical\" href=\"https:\/\/eldigitaldeasturias.com\/magazine365\/cocineros-valencianos-daran-a-conocer-la-gastronomia-de-la-comunitat-en-fitur\/\" \/>\n\t<meta name=\"generator\" content=\"All in One SEO Pro (AIOSEO) 4.9.6.1\" \/>\n\t\t<meta property=\"og:locale\" content=\"es_ES\" \/>\n\t\t<meta property=\"og:site_name\" content=\"El Digital de Asturias \u2013 Revista de ocio, turismo y estilo de vida\" \/>\n\t\t<meta property=\"og:type\" content=\"article\" \/>\n\t\t<meta property=\"og:title\" content=\"Cocineros valencianos dar\u00e1n a conocer la gastronom\u00eda de la Comunitat en Fitur | El Digital de Asturias\" \/>\n\t\t<meta property=\"og:description\" content=\"Los municipios de la Comunitat Valenciana, presentes esta semana en Fitur, mostrar\u00e1n la elaboraci\u00f3n de su gastronom\u00eda m\u00e1s aut\u00f3ctona. De este modo, cocineros valencianos y profesores de la Red de CdTs dar\u00e1n a conocer los secretos de nuestros platos a trav\u00e9s del show cooking instalado en el stand de la Comunitat en el pabell\u00f3n 7\" \/>\n\t\t<meta property=\"og:url\" content=\"https:\/\/eldigitaldeasturias.com\/magazine365\/cocineros-valencianos-daran-a-conocer-la-gastronomia-de-la-comunitat-en-fitur\/\" \/>\n\t\t<meta property=\"og:image\" content=\"https:\/\/eldigitaldeasturias.com\/magazine365\/wp-content\/uploads\/2016\/01\/fotonoticia_20160118161716_800.jpg\" \/>\n\t\t<meta property=\"og:image:secure_url\" content=\"https:\/\/eldigitaldeasturias.com\/magazine365\/wp-content\/uploads\/2016\/01\/fotonoticia_20160118161716_800.jpg\" \/>\n\t\t<meta property=\"og:image:width\" content=\"800\" \/>\n\t\t<meta property=\"og:image:height\" content=\"400\" \/>\n\t\t<meta property=\"article:published_time\" content=\"2016-01-19T07:12:08+00:00\" \/>\n\t\t<meta property=\"article:modified_time\" content=\"2016-01-19T07:12:08+00:00\" \/>\n\t\t<meta name=\"twitter:card\" content=\"summary_large_image\" \/>\n\t\t<meta name=\"twitter:title\" content=\"Cocineros valencianos dar\u00e1n a conocer la gastronom\u00eda de la Comunitat en Fitur | El Digital de Asturias\" \/>\n\t\t<meta name=\"twitter:description\" content=\"Los municipios de la Comunitat Valenciana, presentes esta semana en Fitur, mostrar\u00e1n la elaboraci\u00f3n de su gastronom\u00eda m\u00e1s aut\u00f3ctona. De este modo, cocineros valencianos y profesores de la Red de CdTs dar\u00e1n a conocer los secretos de nuestros platos a trav\u00e9s del show cooking instalado en el stand de la Comunitat en el pabell\u00f3n 7\" \/>\n\t\t<meta name=\"twitter:image\" content=\"https:\/\/eldigitaldeasturias.com\/magazine365\/wp-content\/uploads\/2016\/01\/fotonoticia_20160118161716_800.jpg\" \/>\n\t\t<script type=\"application\/ld+json\" class=\"aioseo-schema\">\n\t\t\t{\"@context\":\"https:\\\/\\\/schema.org\",\"@graph\":[{\"@type\":\"Article\",\"@id\":\"https:\\\/\\\/eldigitaldeasturias.com\\\/magazine365\\\/cocineros-valencianos-daran-a-conocer-la-gastronomia-de-la-comunitat-en-fitur\\\/#article\",\"name\":\"Cocineros valencianos dar\\u00e1n a conocer la gastronom\\u00eda de la Comunitat en Fitur | El Digital de Asturias\",\"headline\":\"Cocineros valencianos dar\\u00e1n a conocer la gastronom\\u00eda de la Comunitat en Fitur\",\"author\":{\"@id\":\"https:\\\/\\\/eldigitaldeasturias.com\\\/magazine365\\\/author\\\/admin\\\/#author\"},\"publisher\":{\"@id\":\"https:\\\/\\\/eldigitaldeasturias.com\\\/magazine365\\\/#organization\"},\"image\":{\"@type\":\"ImageObject\",\"url\":\"https:\\\/\\\/eldigitaldeasturias.com\\\/magazine365\\\/wp-content\\\/uploads\\\/2016\\\/01\\\/fotonoticia_20160118161716_800.jpg\",\"width\":800,\"height\":400},\"datePublished\":\"2016-01-19T08:12:08+01:00\",\"dateModified\":\"2016-01-19T08:12:08+01:00\",\"inLanguage\":\"es-ES\",\"mainEntityOfPage\":{\"@id\":\"https:\\\/\\\/eldigitaldeasturias.com\\\/magazine365\\\/cocineros-valencianos-daran-a-conocer-la-gastronomia-de-la-comunitat-en-fitur\\\/#webpage\"},\"isPartOf\":{\"@id\":\"https:\\\/\\\/eldigitaldeasturias.com\\\/magazine365\\\/cocineros-valencianos-daran-a-conocer-la-gastronomia-de-la-comunitat-en-fitur\\\/#webpage\"},\"articleSection\":\"Noticias y Actualidad\"},{\"@type\":\"BreadcrumbList\",\"@id\":\"https:\\\/\\\/eldigitaldeasturias.com\\\/magazine365\\\/cocineros-valencianos-daran-a-conocer-la-gastronomia-de-la-comunitat-en-fitur\\\/#breadcrumblist\",\"itemListElement\":[{\"@type\":\"ListItem\",\"@id\":\"https:\\\/\\\/eldigitaldeasturias.com\\\/magazine365#listItem\",\"position\":1,\"name\":\"Home\",\"item\":\"https:\\\/\\\/eldigitaldeasturias.com\\\/magazine365\",\"nextItem\":{\"@type\":\"ListItem\",\"@id\":\"https:\\\/\\\/eldigitaldeasturias.com\\\/magazine365\\\/category\\\/noticias-actualidad\\\/#listItem\",\"name\":\"Noticias y Actualidad\"}},{\"@type\":\"ListItem\",\"@id\":\"https:\\\/\\\/eldigitaldeasturias.com\\\/magazine365\\\/category\\\/noticias-actualidad\\\/#listItem\",\"position\":2,\"name\":\"Noticias y Actualidad\",\"item\":\"https:\\\/\\\/eldigitaldeasturias.com\\\/magazine365\\\/category\\\/noticias-actualidad\\\/\",\"nextItem\":{\"@type\":\"ListItem\",\"@id\":\"https:\\\/\\\/eldigitaldeasturias.com\\\/magazine365\\\/cocineros-valencianos-daran-a-conocer-la-gastronomia-de-la-comunitat-en-fitur\\\/#listItem\",\"name\":\"Cocineros valencianos dar\\u00e1n a conocer la gastronom\\u00eda de la Comunitat en Fitur\"},\"previousItem\":{\"@type\":\"ListItem\",\"@id\":\"https:\\\/\\\/eldigitaldeasturias.com\\\/magazine365#listItem\",\"name\":\"Home\"}},{\"@type\":\"ListItem\",\"@id\":\"https:\\\/\\\/eldigitaldeasturias.com\\\/magazine365\\\/cocineros-valencianos-daran-a-conocer-la-gastronomia-de-la-comunitat-en-fitur\\\/#listItem\",\"position\":3,\"name\":\"Cocineros valencianos dar\\u00e1n a conocer la gastronom\\u00eda de la Comunitat en Fitur\",\"previousItem\":{\"@type\":\"ListItem\",\"@id\":\"https:\\\/\\\/eldigitaldeasturias.com\\\/magazine365\\\/category\\\/noticias-actualidad\\\/#listItem\",\"name\":\"Noticias y Actualidad\"}}]},{\"@type\":\"Organization\",\"@id\":\"https:\\\/\\\/eldigitaldeasturias.com\\\/magazine365\\\/#organization\",\"name\":\"El digital de Asturias\",\"description\":\"Revista de ocio, turismo y estilo de vida\",\"url\":\"https:\\\/\\\/eldigitaldeasturias.com\\\/magazine365\\\/\",\"logo\":{\"@type\":\"ImageObject\",\"url\":\"https:\\\/\\\/www.eldigitaldeasturias.com\\\/noticias\\\/wp-content\\\/uploads\\\/2020\\\/12\\\/EDA.jpg\",\"@id\":\"https:\\\/\\\/eldigitaldeasturias.com\\\/magazine365\\\/cocineros-valencianos-daran-a-conocer-la-gastronomia-de-la-comunitat-en-fitur\\\/#organizationLogo\"},\"image\":{\"@id\":\"https:\\\/\\\/eldigitaldeasturias.com\\\/magazine365\\\/cocineros-valencianos-daran-a-conocer-la-gastronomia-de-la-comunitat-en-fitur\\\/#organizationLogo\"}},{\"@type\":\"Person\",\"@id\":\"https:\\\/\\\/eldigitaldeasturias.com\\\/magazine365\\\/author\\\/admin\\\/#author\",\"url\":\"https:\\\/\\\/eldigitaldeasturias.com\\\/magazine365\\\/author\\\/admin\\\/\",\"name\":\"admin\",\"image\":{\"@type\":\"ImageObject\",\"@id\":\"https:\\\/\\\/eldigitaldeasturias.com\\\/magazine365\\\/cocineros-valencianos-daran-a-conocer-la-gastronomia-de-la-comunitat-en-fitur\\\/#authorImage\",\"url\":\"https:\\\/\\\/eldigitaldeasturias.com\\\/magazine365\\\/wp-content\\\/litespeed\\\/avatar\\\/e571bcf59a0edd6fa6838245a470f2fe.jpg?ver=1776969259\",\"width\":96,\"height\":96,\"caption\":\"admin\"}},{\"@type\":\"WebPage\",\"@id\":\"https:\\\/\\\/eldigitaldeasturias.com\\\/magazine365\\\/cocineros-valencianos-daran-a-conocer-la-gastronomia-de-la-comunitat-en-fitur\\\/#webpage\",\"url\":\"https:\\\/\\\/eldigitaldeasturias.com\\\/magazine365\\\/cocineros-valencianos-daran-a-conocer-la-gastronomia-de-la-comunitat-en-fitur\\\/\",\"name\":\"Cocineros valencianos dar\\u00e1n a conocer la gastronom\\u00eda de la Comunitat en Fitur | El Digital de Asturias\",\"description\":\"Los municipios de la Comunitat Valenciana, presentes esta semana en Fitur, mostrar\\u00e1n la elaboraci\\u00f3n de su gastronom\\u00eda m\\u00e1s aut\\u00f3ctona. De este modo, cocineros valencianos y profesores de la Red de CdTs dar\\u00e1n a conocer los secretos de nuestros platos a trav\\u00e9s del show cooking instalado en el stand de la Comunitat en el pabell\\u00f3n 7\",\"inLanguage\":\"es-ES\",\"isPartOf\":{\"@id\":\"https:\\\/\\\/eldigitaldeasturias.com\\\/magazine365\\\/#website\"},\"breadcrumb\":{\"@id\":\"https:\\\/\\\/eldigitaldeasturias.com\\\/magazine365\\\/cocineros-valencianos-daran-a-conocer-la-gastronomia-de-la-comunitat-en-fitur\\\/#breadcrumblist\"},\"author\":{\"@id\":\"https:\\\/\\\/eldigitaldeasturias.com\\\/magazine365\\\/author\\\/admin\\\/#author\"},\"creator\":{\"@id\":\"https:\\\/\\\/eldigitaldeasturias.com\\\/magazine365\\\/author\\\/admin\\\/#author\"},\"image\":{\"@type\":\"ImageObject\",\"url\":\"https:\\\/\\\/eldigitaldeasturias.com\\\/magazine365\\\/wp-content\\\/uploads\\\/2016\\\/01\\\/fotonoticia_20160118161716_800.jpg\",\"@id\":\"https:\\\/\\\/eldigitaldeasturias.com\\\/magazine365\\\/cocineros-valencianos-daran-a-conocer-la-gastronomia-de-la-comunitat-en-fitur\\\/#mainImage\",\"width\":800,\"height\":400},\"primaryImageOfPage\":{\"@id\":\"https:\\\/\\\/eldigitaldeasturias.com\\\/magazine365\\\/cocineros-valencianos-daran-a-conocer-la-gastronomia-de-la-comunitat-en-fitur\\\/#mainImage\"},\"datePublished\":\"2016-01-19T08:12:08+01:00\",\"dateModified\":\"2016-01-19T08:12:08+01:00\"},{\"@type\":\"WebSite\",\"@id\":\"https:\\\/\\\/eldigitaldeasturias.com\\\/magazine365\\\/#website\",\"url\":\"https:\\\/\\\/eldigitaldeasturias.com\\\/magazine365\\\/\",\"name\":\"El Digital de Asturias\",\"description\":\"Revista de ocio, turismo y estilo de vida\",\"inLanguage\":\"es-ES\",\"publisher\":{\"@id\":\"https:\\\/\\\/eldigitaldeasturias.com\\\/magazine365\\\/#organization\"}}]}\n\t\t<\/script>\n\t\t<!-- All in One SEO Pro -->\r\n\t\t<title>Cocineros valencianos dar\u00e1n a conocer la gastronom\u00eda de la Comunitat en Fitur | El Digital de Asturias<\/title>\n\n","aioseo_head_json":{"title":"Cocineros valencianos dar\u00e1n a conocer la gastronom\u00eda de la Comunitat en Fitur | El Digital de Asturias","description":"Los municipios de la Comunitat Valenciana, presentes esta semana en Fitur, mostrar\u00e1n la elaboraci\u00f3n de su gastronom\u00eda m\u00e1s aut\u00f3ctona. De este modo, cocineros valencianos y profesores de la Red de CdTs dar\u00e1n a conocer los secretos de nuestros platos a trav\u00e9s del show cooking instalado en el stand de la Comunitat en el pabell\u00f3n 7","canonical_url":"https:\/\/eldigitaldeasturias.com\/magazine365\/cocineros-valencianos-daran-a-conocer-la-gastronomia-de-la-comunitat-en-fitur\/","robots":"max-image-preview:large","keywords":"noticias y actualidad","webmasterTools":{"google-site-verification":"UA-38556648-1","miscellaneous":""},"schema":{"@context":"https:\/\/schema.org","@graph":[{"@type":"Article","@id":"https:\/\/eldigitaldeasturias.com\/magazine365\/cocineros-valencianos-daran-a-conocer-la-gastronomia-de-la-comunitat-en-fitur\/#article","name":"Cocineros valencianos dar\u00e1n a conocer la gastronom\u00eda de la Comunitat en Fitur | El Digital de Asturias","headline":"Cocineros valencianos dar\u00e1n a conocer la gastronom\u00eda de la Comunitat en Fitur","author":{"@id":"https:\/\/eldigitaldeasturias.com\/magazine365\/author\/admin\/#author"},"publisher":{"@id":"https:\/\/eldigitaldeasturias.com\/magazine365\/#organization"},"image":{"@type":"ImageObject","url":"https:\/\/eldigitaldeasturias.com\/magazine365\/wp-content\/uploads\/2016\/01\/fotonoticia_20160118161716_800.jpg","width":800,"height":400},"datePublished":"2016-01-19T08:12:08+01:00","dateModified":"2016-01-19T08:12:08+01:00","inLanguage":"es-ES","mainEntityOfPage":{"@id":"https:\/\/eldigitaldeasturias.com\/magazine365\/cocineros-valencianos-daran-a-conocer-la-gastronomia-de-la-comunitat-en-fitur\/#webpage"},"isPartOf":{"@id":"https:\/\/eldigitaldeasturias.com\/magazine365\/cocineros-valencianos-daran-a-conocer-la-gastronomia-de-la-comunitat-en-fitur\/#webpage"},"articleSection":"Noticias y Actualidad"},{"@type":"BreadcrumbList","@id":"https:\/\/eldigitaldeasturias.com\/magazine365\/cocineros-valencianos-daran-a-conocer-la-gastronomia-de-la-comunitat-en-fitur\/#breadcrumblist","itemListElement":[{"@type":"ListItem","@id":"https:\/\/eldigitaldeasturias.com\/magazine365#listItem","position":1,"name":"Home","item":"https:\/\/eldigitaldeasturias.com\/magazine365","nextItem":{"@type":"ListItem","@id":"https:\/\/eldigitaldeasturias.com\/magazine365\/category\/noticias-actualidad\/#listItem","name":"Noticias y Actualidad"}},{"@type":"ListItem","@id":"https:\/\/eldigitaldeasturias.com\/magazine365\/category\/noticias-actualidad\/#listItem","position":2,"name":"Noticias y Actualidad","item":"https:\/\/eldigitaldeasturias.com\/magazine365\/category\/noticias-actualidad\/","nextItem":{"@type":"ListItem","@id":"https:\/\/eldigitaldeasturias.com\/magazine365\/cocineros-valencianos-daran-a-conocer-la-gastronomia-de-la-comunitat-en-fitur\/#listItem","name":"Cocineros valencianos dar\u00e1n a conocer la gastronom\u00eda de la Comunitat en Fitur"},"previousItem":{"@type":"ListItem","@id":"https:\/\/eldigitaldeasturias.com\/magazine365#listItem","name":"Home"}},{"@type":"ListItem","@id":"https:\/\/eldigitaldeasturias.com\/magazine365\/cocineros-valencianos-daran-a-conocer-la-gastronomia-de-la-comunitat-en-fitur\/#listItem","position":3,"name":"Cocineros valencianos dar\u00e1n a conocer la gastronom\u00eda de la Comunitat en Fitur","previousItem":{"@type":"ListItem","@id":"https:\/\/eldigitaldeasturias.com\/magazine365\/category\/noticias-actualidad\/#listItem","name":"Noticias y Actualidad"}}]},{"@type":"Organization","@id":"https:\/\/eldigitaldeasturias.com\/magazine365\/#organization","name":"El digital de Asturias","description":"Revista de ocio, turismo y estilo de vida","url":"https:\/\/eldigitaldeasturias.com\/magazine365\/","logo":{"@type":"ImageObject","url":"https:\/\/www.eldigitaldeasturias.com\/noticias\/wp-content\/uploads\/2020\/12\/EDA.jpg","@id":"https:\/\/eldigitaldeasturias.com\/magazine365\/cocineros-valencianos-daran-a-conocer-la-gastronomia-de-la-comunitat-en-fitur\/#organizationLogo"},"image":{"@id":"https:\/\/eldigitaldeasturias.com\/magazine365\/cocineros-valencianos-daran-a-conocer-la-gastronomia-de-la-comunitat-en-fitur\/#organizationLogo"}},{"@type":"Person","@id":"https:\/\/eldigitaldeasturias.com\/magazine365\/author\/admin\/#author","url":"https:\/\/eldigitaldeasturias.com\/magazine365\/author\/admin\/","name":"admin","image":{"@type":"ImageObject","@id":"https:\/\/eldigitaldeasturias.com\/magazine365\/cocineros-valencianos-daran-a-conocer-la-gastronomia-de-la-comunitat-en-fitur\/#authorImage","url":"https:\/\/eldigitaldeasturias.com\/magazine365\/wp-content\/litespeed\/avatar\/e571bcf59a0edd6fa6838245a470f2fe.jpg?ver=1776969259","width":96,"height":96,"caption":"admin"}},{"@type":"WebPage","@id":"https:\/\/eldigitaldeasturias.com\/magazine365\/cocineros-valencianos-daran-a-conocer-la-gastronomia-de-la-comunitat-en-fitur\/#webpage","url":"https:\/\/eldigitaldeasturias.com\/magazine365\/cocineros-valencianos-daran-a-conocer-la-gastronomia-de-la-comunitat-en-fitur\/","name":"Cocineros valencianos dar\u00e1n a conocer la gastronom\u00eda de la Comunitat en Fitur | El Digital de Asturias","description":"Los municipios de la Comunitat Valenciana, presentes esta semana en Fitur, mostrar\u00e1n la elaboraci\u00f3n de su gastronom\u00eda m\u00e1s aut\u00f3ctona. De este modo, cocineros valencianos y profesores de la Red de CdTs dar\u00e1n a conocer los secretos de nuestros platos a trav\u00e9s del show cooking instalado en el stand de la Comunitat en el pabell\u00f3n 7","inLanguage":"es-ES","isPartOf":{"@id":"https:\/\/eldigitaldeasturias.com\/magazine365\/#website"},"breadcrumb":{"@id":"https:\/\/eldigitaldeasturias.com\/magazine365\/cocineros-valencianos-daran-a-conocer-la-gastronomia-de-la-comunitat-en-fitur\/#breadcrumblist"},"author":{"@id":"https:\/\/eldigitaldeasturias.com\/magazine365\/author\/admin\/#author"},"creator":{"@id":"https:\/\/eldigitaldeasturias.com\/magazine365\/author\/admin\/#author"},"image":{"@type":"ImageObject","url":"https:\/\/eldigitaldeasturias.com\/magazine365\/wp-content\/uploads\/2016\/01\/fotonoticia_20160118161716_800.jpg","@id":"https:\/\/eldigitaldeasturias.com\/magazine365\/cocineros-valencianos-daran-a-conocer-la-gastronomia-de-la-comunitat-en-fitur\/#mainImage","width":800,"height":400},"primaryImageOfPage":{"@id":"https:\/\/eldigitaldeasturias.com\/magazine365\/cocineros-valencianos-daran-a-conocer-la-gastronomia-de-la-comunitat-en-fitur\/#mainImage"},"datePublished":"2016-01-19T08:12:08+01:00","dateModified":"2016-01-19T08:12:08+01:00"},{"@type":"WebSite","@id":"https:\/\/eldigitaldeasturias.com\/magazine365\/#website","url":"https:\/\/eldigitaldeasturias.com\/magazine365\/","name":"El Digital de Asturias","description":"Revista de ocio, turismo y estilo de vida","inLanguage":"es-ES","publisher":{"@id":"https:\/\/eldigitaldeasturias.com\/magazine365\/#organization"}}]},"og:locale":"es_ES","og:site_name":"El Digital de Asturias \u2013 Revista de ocio, turismo y estilo de vida","og:type":"article","og:title":"Cocineros valencianos dar\u00e1n a conocer la gastronom\u00eda de la Comunitat en Fitur | El Digital de Asturias","og:description":"Los municipios de la Comunitat Valenciana, presentes esta semana en Fitur, mostrar\u00e1n la elaboraci\u00f3n de su gastronom\u00eda m\u00e1s aut\u00f3ctona. De este modo, cocineros valencianos y profesores de la Red de CdTs dar\u00e1n a conocer los secretos de nuestros platos a trav\u00e9s del show cooking instalado en el stand de la Comunitat en el pabell\u00f3n 7","og:url":"https:\/\/eldigitaldeasturias.com\/magazine365\/cocineros-valencianos-daran-a-conocer-la-gastronomia-de-la-comunitat-en-fitur\/","og:image":"https:\/\/eldigitaldeasturias.com\/magazine365\/wp-content\/uploads\/2016\/01\/fotonoticia_20160118161716_800.jpg","og:image:secure_url":"https:\/\/eldigitaldeasturias.com\/magazine365\/wp-content\/uploads\/2016\/01\/fotonoticia_20160118161716_800.jpg","og:image:width":800,"og:image:height":400,"article:published_time":"2016-01-19T07:12:08+00:00","article:modified_time":"2016-01-19T07:12:08+00:00","twitter:card":"summary_large_image","twitter:title":"Cocineros valencianos dar\u00e1n a conocer la gastronom\u00eda de la Comunitat en Fitur | El Digital de Asturias","twitter:description":"Los municipios de la Comunitat Valenciana, presentes esta semana en Fitur, mostrar\u00e1n la elaboraci\u00f3n de su gastronom\u00eda m\u00e1s aut\u00f3ctona. De este modo, cocineros valencianos y profesores de la Red de CdTs dar\u00e1n a conocer los secretos de nuestros platos a trav\u00e9s del show cooking instalado en el stand de la Comunitat en el pabell\u00f3n 7","twitter:image":"https:\/\/eldigitaldeasturias.com\/magazine365\/wp-content\/uploads\/2016\/01\/fotonoticia_20160118161716_800.jpg"},"aioseo_meta_data":{"post_id":"60998","title":null,"description":null,"keywords":null,"keyphrases":null,"primary_term":null,"canonical_url":null,"og_title":null,"og_description":null,"og_object_type":"default","og_image_type":"default","og_image_url":null,"og_image_width":null,"og_image_height":null,"og_image_custom_url":null,"og_image_custom_fields":null,"og_video":null,"og_custom_url":null,"og_article_section":null,"og_article_tags":null,"twitter_use_og":false,"twitter_card":"default","twitter_image_type":"default","twitter_image_url":null,"twitter_image_custom_url":null,"twitter_image_custom_fields":null,"twitter_title":null,"twitter_description":null,"schema":{"blockGraphs":[],"customGraphs":[],"default":{"data":{"Article":[],"Course":[],"Dataset":[],"FAQPage":[],"Movie":[],"Person":[],"Product":[],"ProductReview":[],"Car":[],"Recipe":[],"Service":[],"SoftwareApplication":[],"WebPage":[]},"graphName":"","isEnabled":true},"graphs":[],"defaultGraph":"","defaultPostTypeGraph":""},"schema_type":null,"schema_type_options":null,"pillar_content":false,"robots_default":true,"robots_noindex":false,"robots_noarchive":false,"robots_nosnippet":false,"robots_nofollow":false,"robots_noimageindex":false,"robots_noodp":false,"robots_notranslate":false,"robots_max_snippet":null,"robots_max_videopreview":null,"robots_max_imagepreview":"large","priority":null,"frequency":null,"location":null,"local_seo":null,"seo_analyzer_scan_date":"2025-09-25 08:00:15","breadcrumb_settings":null,"limit_modified_date":false,"open_ai":null,"ai":null,"created":"2021-03-08 21:54:03","updated":"2025-09-25 08:00:15"},"aioseo_breadcrumb":"<div class=\"aioseo-breadcrumbs\"><span class=\"aioseo-breadcrumb\">\n\t<a href=\"https:\/\/eldigitaldeasturias.com\/magazine365\" title=\"Home\">Home<\/a>\n<\/span><span class=\"aioseo-breadcrumb-separator\">\u2013<\/span><span class=\"aioseo-breadcrumb\">\n\t<a href=\"https:\/\/eldigitaldeasturias.com\/magazine365\/category\/noticias-actualidad\/\" title=\"Noticias y Actualidad\">Noticias y Actualidad<\/a>\n<\/span><span class=\"aioseo-breadcrumb-separator\">\u2013<\/span><span class=\"aioseo-breadcrumb\">\n\t<a href=\"https:\/\/eldigitaldeasturias.com\/magazine365\/cocineros-valencianos-daran-a-conocer-la-gastronomia-de-la-comunitat-en-fitur\/\" title=\"Cocineros valencianos dar\u00e1n a conocer la gastronom\u00eda de la Comunitat en Fitur\">Cocineros valencianos dar\u00e1n a conocer la gastronom\u00eda de la Comunitat en Fitur<\/a>\n<\/span><\/div>","aioseo_breadcrumb_json":[{"label":"Home","link":"https:\/\/eldigitaldeasturias.com\/magazine365"},{"label":"Noticias y Actualidad","link":"https:\/\/eldigitaldeasturias.com\/magazine365\/category\/noticias-actualidad\/"},{"label":"Cocineros valencianos dar\u00e1n a conocer la gastronom\u00eda de la Comunitat en Fitur","link":"https:\/\/eldigitaldeasturias.com\/magazine365\/cocineros-valencianos-daran-a-conocer-la-gastronomia-de-la-comunitat-en-fitur\/"}],"_links":{"self":[{"href":"https:\/\/eldigitaldeasturias.com\/magazine365\/wp-json\/wp\/v2\/posts\/60998","targetHints":{"allow":["GET"]}}],"collection":[{"href":"https:\/\/eldigitaldeasturias.com\/magazine365\/wp-json\/wp\/v2\/posts"}],"about":[{"href":"https:\/\/eldigitaldeasturias.com\/magazine365\/wp-json\/wp\/v2\/types\/post"}],"author":[{"embeddable":true,"href":"https:\/\/eldigitaldeasturias.com\/magazine365\/wp-json\/wp\/v2\/users\/1"}],"replies":[{"embeddable":true,"href":"https:\/\/eldigitaldeasturias.com\/magazine365\/wp-json\/wp\/v2\/comments?post=60998"}],"version-history":[{"count":0,"href":"https:\/\/eldigitaldeasturias.com\/magazine365\/wp-json\/wp\/v2\/posts\/60998\/revisions"}],"wp:featuredmedia":[{"embeddable":true,"href":"https:\/\/eldigitaldeasturias.com\/magazine365\/wp-json\/wp\/v2\/media\/60999"}],"wp:attachment":[{"href":"https:\/\/eldigitaldeasturias.com\/magazine365\/wp-json\/wp\/v2\/media?parent=60998"}],"wp:term":[{"taxonomy":"category","embeddable":true,"href":"https:\/\/eldigitaldeasturias.com\/magazine365\/wp-json\/wp\/v2\/categories?post=60998"},{"taxonomy":"post_tag","embeddable":true,"href":"https:\/\/eldigitaldeasturias.com\/magazine365\/wp-json\/wp\/v2\/tags?post=60998"}],"curies":[{"name":"wp","href":"https:\/\/api.w.org\/{rel}","templated":true}]}}