{"id":60996,"date":"2016-01-19T08:11:17","date_gmt":"2016-01-19T07:11:17","guid":{"rendered":"http:\/\/eldigitaldeasturias.com\/magazine365\/?p=60996"},"modified":"2016-01-19T08:11:17","modified_gmt":"2016-01-19T07:11:17","slug":"llega-a-miami-el-primer-grupo-de-cubanos-del-programa-piloto-de-eeuu-para-centroamerica","status":"publish","type":"post","link":"https:\/\/eldigitaldeasturias.com\/magazine365\/llega-a-miami-el-primer-grupo-de-cubanos-del-programa-piloto-de-eeuu-para-centroamerica\/","title":{"rendered":"Llega a Miami el primer grupo de cubanos del programa piloto de EEUU para Centroam\u00e9rica"},"content":{"rendered":"<p>Este domingo ha llegado a Miami el primer grupo de cubanos incluido en el programa piloto de Estados Unidos para atender a los cubanos que se encuentran en varios pa\u00edses de Centroam\u00e9rica a los que viajaron con la intenci\u00f3n de emigrar a Norteam\u00e9rica. Llevaban dos meses sin poder viajar.<\/p>\n<p>   Los reci\u00e9n llegados han sido recibidos por los alcaldes de Miami, Tomas Regalado, y de Hialeah, Carlos Hern\u00e1ndez, quienes les dieron la bienvenida en nombre de la comunidad cubana exiliada. \u00abMientras existan las condiciones actuales que hay en Cuba seremos testigos de la divisi\u00f3n familiar\u00bb, ha reprochado Regalado, seg\u00fan recoge la cadena Mart\u00ed Noticias.<\/p>\n<p>   El grupo lleg\u00f3 poco antes de las 22.00 horas del domingo procedentes de Centroam\u00e9rica gracias a un autob\u00fas alquilado por la cadena de televisi\u00f3n Am\u00e9ricaTeV\u00e9.<\/p>\n<p>   Los reci\u00e9n llegados agradecieron al Gobierno de Costa Rica la ayuda prestada durante todo el tiempo que pasaron all\u00ed y a los gobiernos de la regi\u00f3n que ayudaron a que se realizara la traves\u00eda. En el grupo de los que recibieron a sus familiares hab\u00eda un padre que no hab\u00eda visto a su hijo desde hac\u00eda 23 a\u00f1os.<\/p>\n<p>   El programa es el resultado de un acuerdo entre la mayor\u00eda de los pa\u00edses centroamericanos por el que permiten el tr\u00e1nsito de los emigrantes hacia Estados Unidos, destino final de su viaje.<\/p>\n","protected":false},"excerpt":{"rendered":"<p>Este domingo ha llegado a Miami el primer grupo de cubanos incluido en el programa piloto de Estados Unidos para atender a los cubanos que se encuentran en varios pa\u00edses de Centroam\u00e9rica a los que viajaron con la intenci\u00f3n de emigrar a Norteam\u00e9rica. Llevaban dos meses sin poder viajar. Los reci\u00e9n llegados han sido recibidos<\/p>\n","protected":false},"author":1,"featured_media":39092,"comment_status":"open","ping_status":"closed","sticky":false,"template":"","format":"standard","meta":{"footnotes":""},"categories":[224],"tags":[],"class_list":{"0":"post-60996","1":"post","2":"type-post","3":"status-publish","4":"format-standard","5":"has-post-thumbnail","7":"category-noticias-actualidad"},"aioseo_notices":[],"aioseo_head":"\n\t\t<!-- All in One SEO Pro 4.9.6.1 - aioseo.com -->\n\t<meta name=\"description\" content=\"Este domingo ha llegado a Miami el primer grupo de cubanos incluido en el programa piloto de Estados Unidos para atender a los cubanos que se encuentran en varios pa\u00edses de Centroam\u00e9rica a los que viajaron con la intenci\u00f3n de emigrar a Norteam\u00e9rica. Llevaban dos meses sin poder viajar. Los reci\u00e9n llegados han sido recibidos\" \/>\n\t<meta name=\"robots\" content=\"max-image-preview:large\" \/>\n\t<meta name=\"author\" content=\"admin\"\/>\n\t<meta name=\"google-site-verification\" content=\"UA-38556648-1\" \/>\n\t<meta name=\"keywords\" content=\"noticias y actualidad\" \/>\n\t<link rel=\"canonical\" href=\"https:\/\/eldigitaldeasturias.com\/magazine365\/llega-a-miami-el-primer-grupo-de-cubanos-del-programa-piloto-de-eeuu-para-centroamerica\/\" \/>\n\t<meta name=\"generator\" content=\"All in One SEO Pro (AIOSEO) 4.9.6.1\" \/>\n\t\t<meta property=\"og:locale\" content=\"es_ES\" \/>\n\t\t<meta property=\"og:site_name\" content=\"El Digital de Asturias \u2013 Revista de ocio, turismo y estilo de vida\" \/>\n\t\t<meta property=\"og:type\" content=\"article\" \/>\n\t\t<meta property=\"og:title\" content=\"Llega a Miami el primer grupo de cubanos del programa piloto de EEUU para Centroam\u00e9rica | El Digital de Asturias\" \/>\n\t\t<meta property=\"og:description\" content=\"Este domingo ha llegado a Miami el primer grupo de cubanos incluido en el programa piloto de Estados Unidos para atender a los cubanos que se encuentran en varios pa\u00edses de Centroam\u00e9rica a los que viajaron con la intenci\u00f3n de emigrar a Norteam\u00e9rica. Llevaban dos meses sin poder viajar. Los reci\u00e9n llegados han sido recibidos\" \/>\n\t\t<meta property=\"og:url\" content=\"https:\/\/eldigitaldeasturias.com\/magazine365\/llega-a-miami-el-primer-grupo-de-cubanos-del-programa-piloto-de-eeuu-para-centroamerica\/\" \/>\n\t\t<meta property=\"og:image\" content=\"https:\/\/eldigitaldeasturias.com\/magazine365\/wp-content\/uploads\/2015\/06\/aeropuerto.jpg\" \/>\n\t\t<meta property=\"og:image:secure_url\" content=\"https:\/\/eldigitaldeasturias.com\/magazine365\/wp-content\/uploads\/2015\/06\/aeropuerto.jpg\" \/>\n\t\t<meta property=\"og:image:width\" content=\"800\" \/>\n\t\t<meta property=\"og:image:height\" content=\"531\" \/>\n\t\t<meta property=\"article:published_time\" content=\"2016-01-19T07:11:17+00:00\" \/>\n\t\t<meta property=\"article:modified_time\" content=\"2016-01-19T07:11:17+00:00\" \/>\n\t\t<meta name=\"twitter:card\" content=\"summary_large_image\" \/>\n\t\t<meta name=\"twitter:title\" content=\"Llega a Miami el primer grupo de cubanos del programa piloto de EEUU para Centroam\u00e9rica | El Digital de Asturias\" \/>\n\t\t<meta name=\"twitter:description\" content=\"Este domingo ha llegado a Miami el primer grupo de cubanos incluido en el programa piloto de Estados Unidos para atender a los cubanos que se encuentran en varios pa\u00edses de Centroam\u00e9rica a los que viajaron con la intenci\u00f3n de emigrar a Norteam\u00e9rica. Llevaban dos meses sin poder viajar. Los reci\u00e9n llegados han sido recibidos\" \/>\n\t\t<meta name=\"twitter:image\" content=\"https:\/\/eldigitaldeasturias.com\/magazine365\/wp-content\/uploads\/2015\/06\/aeropuerto.jpg\" \/>\n\t\t<script type=\"application\/ld+json\" class=\"aioseo-schema\">\n\t\t\t{\"@context\":\"https:\\\/\\\/schema.org\",\"@graph\":[{\"@type\":\"Article\",\"@id\":\"https:\\\/\\\/eldigitaldeasturias.com\\\/magazine365\\\/llega-a-miami-el-primer-grupo-de-cubanos-del-programa-piloto-de-eeuu-para-centroamerica\\\/#article\",\"name\":\"Llega a Miami el primer grupo de cubanos del programa piloto de EEUU para Centroam\\u00e9rica | El Digital de Asturias\",\"headline\":\"Llega a Miami el primer grupo de cubanos del programa piloto de EEUU para Centroam\\u00e9rica\",\"author\":{\"@id\":\"https:\\\/\\\/eldigitaldeasturias.com\\\/magazine365\\\/author\\\/admin\\\/#author\"},\"publisher\":{\"@id\":\"https:\\\/\\\/eldigitaldeasturias.com\\\/magazine365\\\/#organization\"},\"image\":{\"@type\":\"ImageObject\",\"url\":\"https:\\\/\\\/eldigitaldeasturias.com\\\/magazine365\\\/wp-content\\\/uploads\\\/2015\\\/06\\\/aeropuerto.jpg\",\"width\":800,\"height\":531},\"datePublished\":\"2016-01-19T08:11:17+01:00\",\"dateModified\":\"2016-01-19T08:11:17+01:00\",\"inLanguage\":\"es-ES\",\"mainEntityOfPage\":{\"@id\":\"https:\\\/\\\/eldigitaldeasturias.com\\\/magazine365\\\/llega-a-miami-el-primer-grupo-de-cubanos-del-programa-piloto-de-eeuu-para-centroamerica\\\/#webpage\"},\"isPartOf\":{\"@id\":\"https:\\\/\\\/eldigitaldeasturias.com\\\/magazine365\\\/llega-a-miami-el-primer-grupo-de-cubanos-del-programa-piloto-de-eeuu-para-centroamerica\\\/#webpage\"},\"articleSection\":\"Noticias y Actualidad\"},{\"@type\":\"BreadcrumbList\",\"@id\":\"https:\\\/\\\/eldigitaldeasturias.com\\\/magazine365\\\/llega-a-miami-el-primer-grupo-de-cubanos-del-programa-piloto-de-eeuu-para-centroamerica\\\/#breadcrumblist\",\"itemListElement\":[{\"@type\":\"ListItem\",\"@id\":\"https:\\\/\\\/eldigitaldeasturias.com\\\/magazine365#listItem\",\"position\":1,\"name\":\"Home\",\"item\":\"https:\\\/\\\/eldigitaldeasturias.com\\\/magazine365\",\"nextItem\":{\"@type\":\"ListItem\",\"@id\":\"https:\\\/\\\/eldigitaldeasturias.com\\\/magazine365\\\/category\\\/noticias-actualidad\\\/#listItem\",\"name\":\"Noticias y Actualidad\"}},{\"@type\":\"ListItem\",\"@id\":\"https:\\\/\\\/eldigitaldeasturias.com\\\/magazine365\\\/category\\\/noticias-actualidad\\\/#listItem\",\"position\":2,\"name\":\"Noticias y Actualidad\",\"item\":\"https:\\\/\\\/eldigitaldeasturias.com\\\/magazine365\\\/category\\\/noticias-actualidad\\\/\",\"nextItem\":{\"@type\":\"ListItem\",\"@id\":\"https:\\\/\\\/eldigitaldeasturias.com\\\/magazine365\\\/llega-a-miami-el-primer-grupo-de-cubanos-del-programa-piloto-de-eeuu-para-centroamerica\\\/#listItem\",\"name\":\"Llega a Miami el primer grupo de cubanos del programa piloto de EEUU para Centroam\\u00e9rica\"},\"previousItem\":{\"@type\":\"ListItem\",\"@id\":\"https:\\\/\\\/eldigitaldeasturias.com\\\/magazine365#listItem\",\"name\":\"Home\"}},{\"@type\":\"ListItem\",\"@id\":\"https:\\\/\\\/eldigitaldeasturias.com\\\/magazine365\\\/llega-a-miami-el-primer-grupo-de-cubanos-del-programa-piloto-de-eeuu-para-centroamerica\\\/#listItem\",\"position\":3,\"name\":\"Llega a Miami el primer grupo de cubanos del programa piloto de EEUU para Centroam\\u00e9rica\",\"previousItem\":{\"@type\":\"ListItem\",\"@id\":\"https:\\\/\\\/eldigitaldeasturias.com\\\/magazine365\\\/category\\\/noticias-actualidad\\\/#listItem\",\"name\":\"Noticias y Actualidad\"}}]},{\"@type\":\"Organization\",\"@id\":\"https:\\\/\\\/eldigitaldeasturias.com\\\/magazine365\\\/#organization\",\"name\":\"El digital de Asturias\",\"description\":\"Revista de ocio, turismo y estilo de vida\",\"url\":\"https:\\\/\\\/eldigitaldeasturias.com\\\/magazine365\\\/\",\"logo\":{\"@type\":\"ImageObject\",\"url\":\"https:\\\/\\\/www.eldigitaldeasturias.com\\\/noticias\\\/wp-content\\\/uploads\\\/2020\\\/12\\\/EDA.jpg\",\"@id\":\"https:\\\/\\\/eldigitaldeasturias.com\\\/magazine365\\\/llega-a-miami-el-primer-grupo-de-cubanos-del-programa-piloto-de-eeuu-para-centroamerica\\\/#organizationLogo\"},\"image\":{\"@id\":\"https:\\\/\\\/eldigitaldeasturias.com\\\/magazine365\\\/llega-a-miami-el-primer-grupo-de-cubanos-del-programa-piloto-de-eeuu-para-centroamerica\\\/#organizationLogo\"}},{\"@type\":\"Person\",\"@id\":\"https:\\\/\\\/eldigitaldeasturias.com\\\/magazine365\\\/author\\\/admin\\\/#author\",\"url\":\"https:\\\/\\\/eldigitaldeasturias.com\\\/magazine365\\\/author\\\/admin\\\/\",\"name\":\"admin\",\"image\":{\"@type\":\"ImageObject\",\"@id\":\"https:\\\/\\\/eldigitaldeasturias.com\\\/magazine365\\\/llega-a-miami-el-primer-grupo-de-cubanos-del-programa-piloto-de-eeuu-para-centroamerica\\\/#authorImage\",\"url\":\"https:\\\/\\\/eldigitaldeasturias.com\\\/magazine365\\\/wp-content\\\/litespeed\\\/avatar\\\/e571bcf59a0edd6fa6838245a470f2fe.jpg?ver=1776969259\",\"width\":96,\"height\":96,\"caption\":\"admin\"}},{\"@type\":\"WebPage\",\"@id\":\"https:\\\/\\\/eldigitaldeasturias.com\\\/magazine365\\\/llega-a-miami-el-primer-grupo-de-cubanos-del-programa-piloto-de-eeuu-para-centroamerica\\\/#webpage\",\"url\":\"https:\\\/\\\/eldigitaldeasturias.com\\\/magazine365\\\/llega-a-miami-el-primer-grupo-de-cubanos-del-programa-piloto-de-eeuu-para-centroamerica\\\/\",\"name\":\"Llega a Miami el primer grupo de cubanos del programa piloto de EEUU para Centroam\\u00e9rica | El Digital de Asturias\",\"description\":\"Este domingo ha llegado a Miami el primer grupo de cubanos incluido en el programa piloto de Estados Unidos para atender a los cubanos que se encuentran en varios pa\\u00edses de Centroam\\u00e9rica a los que viajaron con la intenci\\u00f3n de emigrar a Norteam\\u00e9rica. Llevaban dos meses sin poder viajar. Los reci\\u00e9n llegados han sido recibidos\",\"inLanguage\":\"es-ES\",\"isPartOf\":{\"@id\":\"https:\\\/\\\/eldigitaldeasturias.com\\\/magazine365\\\/#website\"},\"breadcrumb\":{\"@id\":\"https:\\\/\\\/eldigitaldeasturias.com\\\/magazine365\\\/llega-a-miami-el-primer-grupo-de-cubanos-del-programa-piloto-de-eeuu-para-centroamerica\\\/#breadcrumblist\"},\"author\":{\"@id\":\"https:\\\/\\\/eldigitaldeasturias.com\\\/magazine365\\\/author\\\/admin\\\/#author\"},\"creator\":{\"@id\":\"https:\\\/\\\/eldigitaldeasturias.com\\\/magazine365\\\/author\\\/admin\\\/#author\"},\"image\":{\"@type\":\"ImageObject\",\"url\":\"https:\\\/\\\/eldigitaldeasturias.com\\\/magazine365\\\/wp-content\\\/uploads\\\/2015\\\/06\\\/aeropuerto.jpg\",\"@id\":\"https:\\\/\\\/eldigitaldeasturias.com\\\/magazine365\\\/llega-a-miami-el-primer-grupo-de-cubanos-del-programa-piloto-de-eeuu-para-centroamerica\\\/#mainImage\",\"width\":800,\"height\":531},\"primaryImageOfPage\":{\"@id\":\"https:\\\/\\\/eldigitaldeasturias.com\\\/magazine365\\\/llega-a-miami-el-primer-grupo-de-cubanos-del-programa-piloto-de-eeuu-para-centroamerica\\\/#mainImage\"},\"datePublished\":\"2016-01-19T08:11:17+01:00\",\"dateModified\":\"2016-01-19T08:11:17+01:00\"},{\"@type\":\"WebSite\",\"@id\":\"https:\\\/\\\/eldigitaldeasturias.com\\\/magazine365\\\/#website\",\"url\":\"https:\\\/\\\/eldigitaldeasturias.com\\\/magazine365\\\/\",\"name\":\"El Digital de Asturias\",\"description\":\"Revista de ocio, turismo y estilo de vida\",\"inLanguage\":\"es-ES\",\"publisher\":{\"@id\":\"https:\\\/\\\/eldigitaldeasturias.com\\\/magazine365\\\/#organization\"}}]}\n\t\t<\/script>\n\t\t<!-- All in One SEO Pro -->\r\n\t\t<title>Llega a Miami el primer grupo de cubanos del programa piloto de EEUU para Centroam\u00e9rica | El Digital de Asturias<\/title>\n\n","aioseo_head_json":{"title":"Llega a Miami el primer grupo de cubanos del programa piloto de EEUU para Centroam\u00e9rica | El Digital de Asturias","description":"Este domingo ha llegado a Miami el primer grupo de cubanos incluido en el programa piloto de Estados Unidos para atender a los cubanos que se encuentran en varios pa\u00edses de Centroam\u00e9rica a los que viajaron con la intenci\u00f3n de emigrar a Norteam\u00e9rica. Llevaban dos meses sin poder viajar. Los reci\u00e9n llegados han sido recibidos","canonical_url":"https:\/\/eldigitaldeasturias.com\/magazine365\/llega-a-miami-el-primer-grupo-de-cubanos-del-programa-piloto-de-eeuu-para-centroamerica\/","robots":"max-image-preview:large","keywords":"noticias y actualidad","webmasterTools":{"google-site-verification":"UA-38556648-1","miscellaneous":""},"schema":{"@context":"https:\/\/schema.org","@graph":[{"@type":"Article","@id":"https:\/\/eldigitaldeasturias.com\/magazine365\/llega-a-miami-el-primer-grupo-de-cubanos-del-programa-piloto-de-eeuu-para-centroamerica\/#article","name":"Llega a Miami el primer grupo de cubanos del programa piloto de EEUU para Centroam\u00e9rica | El Digital de Asturias","headline":"Llega a Miami el primer grupo de cubanos del programa piloto de EEUU para Centroam\u00e9rica","author":{"@id":"https:\/\/eldigitaldeasturias.com\/magazine365\/author\/admin\/#author"},"publisher":{"@id":"https:\/\/eldigitaldeasturias.com\/magazine365\/#organization"},"image":{"@type":"ImageObject","url":"https:\/\/eldigitaldeasturias.com\/magazine365\/wp-content\/uploads\/2015\/06\/aeropuerto.jpg","width":800,"height":531},"datePublished":"2016-01-19T08:11:17+01:00","dateModified":"2016-01-19T08:11:17+01:00","inLanguage":"es-ES","mainEntityOfPage":{"@id":"https:\/\/eldigitaldeasturias.com\/magazine365\/llega-a-miami-el-primer-grupo-de-cubanos-del-programa-piloto-de-eeuu-para-centroamerica\/#webpage"},"isPartOf":{"@id":"https:\/\/eldigitaldeasturias.com\/magazine365\/llega-a-miami-el-primer-grupo-de-cubanos-del-programa-piloto-de-eeuu-para-centroamerica\/#webpage"},"articleSection":"Noticias y Actualidad"},{"@type":"BreadcrumbList","@id":"https:\/\/eldigitaldeasturias.com\/magazine365\/llega-a-miami-el-primer-grupo-de-cubanos-del-programa-piloto-de-eeuu-para-centroamerica\/#breadcrumblist","itemListElement":[{"@type":"ListItem","@id":"https:\/\/eldigitaldeasturias.com\/magazine365#listItem","position":1,"name":"Home","item":"https:\/\/eldigitaldeasturias.com\/magazine365","nextItem":{"@type":"ListItem","@id":"https:\/\/eldigitaldeasturias.com\/magazine365\/category\/noticias-actualidad\/#listItem","name":"Noticias y Actualidad"}},{"@type":"ListItem","@id":"https:\/\/eldigitaldeasturias.com\/magazine365\/category\/noticias-actualidad\/#listItem","position":2,"name":"Noticias y Actualidad","item":"https:\/\/eldigitaldeasturias.com\/magazine365\/category\/noticias-actualidad\/","nextItem":{"@type":"ListItem","@id":"https:\/\/eldigitaldeasturias.com\/magazine365\/llega-a-miami-el-primer-grupo-de-cubanos-del-programa-piloto-de-eeuu-para-centroamerica\/#listItem","name":"Llega a Miami el primer grupo de cubanos del programa piloto de EEUU para Centroam\u00e9rica"},"previousItem":{"@type":"ListItem","@id":"https:\/\/eldigitaldeasturias.com\/magazine365#listItem","name":"Home"}},{"@type":"ListItem","@id":"https:\/\/eldigitaldeasturias.com\/magazine365\/llega-a-miami-el-primer-grupo-de-cubanos-del-programa-piloto-de-eeuu-para-centroamerica\/#listItem","position":3,"name":"Llega a Miami el primer grupo de cubanos del programa piloto de EEUU para Centroam\u00e9rica","previousItem":{"@type":"ListItem","@id":"https:\/\/eldigitaldeasturias.com\/magazine365\/category\/noticias-actualidad\/#listItem","name":"Noticias y Actualidad"}}]},{"@type":"Organization","@id":"https:\/\/eldigitaldeasturias.com\/magazine365\/#organization","name":"El digital de Asturias","description":"Revista de ocio, turismo y estilo de vida","url":"https:\/\/eldigitaldeasturias.com\/magazine365\/","logo":{"@type":"ImageObject","url":"https:\/\/www.eldigitaldeasturias.com\/noticias\/wp-content\/uploads\/2020\/12\/EDA.jpg","@id":"https:\/\/eldigitaldeasturias.com\/magazine365\/llega-a-miami-el-primer-grupo-de-cubanos-del-programa-piloto-de-eeuu-para-centroamerica\/#organizationLogo"},"image":{"@id":"https:\/\/eldigitaldeasturias.com\/magazine365\/llega-a-miami-el-primer-grupo-de-cubanos-del-programa-piloto-de-eeuu-para-centroamerica\/#organizationLogo"}},{"@type":"Person","@id":"https:\/\/eldigitaldeasturias.com\/magazine365\/author\/admin\/#author","url":"https:\/\/eldigitaldeasturias.com\/magazine365\/author\/admin\/","name":"admin","image":{"@type":"ImageObject","@id":"https:\/\/eldigitaldeasturias.com\/magazine365\/llega-a-miami-el-primer-grupo-de-cubanos-del-programa-piloto-de-eeuu-para-centroamerica\/#authorImage","url":"https:\/\/eldigitaldeasturias.com\/magazine365\/wp-content\/litespeed\/avatar\/e571bcf59a0edd6fa6838245a470f2fe.jpg?ver=1776969259","width":96,"height":96,"caption":"admin"}},{"@type":"WebPage","@id":"https:\/\/eldigitaldeasturias.com\/magazine365\/llega-a-miami-el-primer-grupo-de-cubanos-del-programa-piloto-de-eeuu-para-centroamerica\/#webpage","url":"https:\/\/eldigitaldeasturias.com\/magazine365\/llega-a-miami-el-primer-grupo-de-cubanos-del-programa-piloto-de-eeuu-para-centroamerica\/","name":"Llega a Miami el primer grupo de cubanos del programa piloto de EEUU para Centroam\u00e9rica | El Digital de Asturias","description":"Este domingo ha llegado a Miami el primer grupo de cubanos incluido en el programa piloto de Estados Unidos para atender a los cubanos que se encuentran en varios pa\u00edses de Centroam\u00e9rica a los que viajaron con la intenci\u00f3n de emigrar a Norteam\u00e9rica. Llevaban dos meses sin poder viajar. Los reci\u00e9n llegados han sido recibidos","inLanguage":"es-ES","isPartOf":{"@id":"https:\/\/eldigitaldeasturias.com\/magazine365\/#website"},"breadcrumb":{"@id":"https:\/\/eldigitaldeasturias.com\/magazine365\/llega-a-miami-el-primer-grupo-de-cubanos-del-programa-piloto-de-eeuu-para-centroamerica\/#breadcrumblist"},"author":{"@id":"https:\/\/eldigitaldeasturias.com\/magazine365\/author\/admin\/#author"},"creator":{"@id":"https:\/\/eldigitaldeasturias.com\/magazine365\/author\/admin\/#author"},"image":{"@type":"ImageObject","url":"https:\/\/eldigitaldeasturias.com\/magazine365\/wp-content\/uploads\/2015\/06\/aeropuerto.jpg","@id":"https:\/\/eldigitaldeasturias.com\/magazine365\/llega-a-miami-el-primer-grupo-de-cubanos-del-programa-piloto-de-eeuu-para-centroamerica\/#mainImage","width":800,"height":531},"primaryImageOfPage":{"@id":"https:\/\/eldigitaldeasturias.com\/magazine365\/llega-a-miami-el-primer-grupo-de-cubanos-del-programa-piloto-de-eeuu-para-centroamerica\/#mainImage"},"datePublished":"2016-01-19T08:11:17+01:00","dateModified":"2016-01-19T08:11:17+01:00"},{"@type":"WebSite","@id":"https:\/\/eldigitaldeasturias.com\/magazine365\/#website","url":"https:\/\/eldigitaldeasturias.com\/magazine365\/","name":"El Digital de Asturias","description":"Revista de ocio, turismo y estilo de vida","inLanguage":"es-ES","publisher":{"@id":"https:\/\/eldigitaldeasturias.com\/magazine365\/#organization"}}]},"og:locale":"es_ES","og:site_name":"El Digital de Asturias \u2013 Revista de ocio, turismo y estilo de vida","og:type":"article","og:title":"Llega a Miami el primer grupo de cubanos del programa piloto de EEUU para Centroam\u00e9rica | El Digital de Asturias","og:description":"Este domingo ha llegado a Miami el primer grupo de cubanos incluido en el programa piloto de Estados Unidos para atender a los cubanos que se encuentran en varios pa\u00edses de Centroam\u00e9rica a los que viajaron con la intenci\u00f3n de emigrar a Norteam\u00e9rica. Llevaban dos meses sin poder viajar. Los reci\u00e9n llegados han sido recibidos","og:url":"https:\/\/eldigitaldeasturias.com\/magazine365\/llega-a-miami-el-primer-grupo-de-cubanos-del-programa-piloto-de-eeuu-para-centroamerica\/","og:image":"https:\/\/eldigitaldeasturias.com\/magazine365\/wp-content\/uploads\/2015\/06\/aeropuerto.jpg","og:image:secure_url":"https:\/\/eldigitaldeasturias.com\/magazine365\/wp-content\/uploads\/2015\/06\/aeropuerto.jpg","og:image:width":800,"og:image:height":531,"article:published_time":"2016-01-19T07:11:17+00:00","article:modified_time":"2016-01-19T07:11:17+00:00","twitter:card":"summary_large_image","twitter:title":"Llega a Miami el primer grupo de cubanos del programa piloto de EEUU para Centroam\u00e9rica | El Digital de Asturias","twitter:description":"Este domingo ha llegado a Miami el primer grupo de cubanos incluido en el programa piloto de Estados Unidos para atender a los cubanos que se encuentran en varios pa\u00edses de Centroam\u00e9rica a los que viajaron con la intenci\u00f3n de emigrar a Norteam\u00e9rica. Llevaban dos meses sin poder viajar. Los reci\u00e9n llegados han sido recibidos","twitter:image":"https:\/\/eldigitaldeasturias.com\/magazine365\/wp-content\/uploads\/2015\/06\/aeropuerto.jpg"},"aioseo_meta_data":{"post_id":"60996","title":null,"description":null,"keywords":null,"keyphrases":null,"primary_term":null,"canonical_url":null,"og_title":null,"og_description":null,"og_object_type":"default","og_image_type":"default","og_image_url":null,"og_image_width":null,"og_image_height":null,"og_image_custom_url":null,"og_image_custom_fields":null,"og_video":null,"og_custom_url":null,"og_article_section":null,"og_article_tags":null,"twitter_use_og":false,"twitter_card":"default","twitter_image_type":"default","twitter_image_url":null,"twitter_image_custom_url":null,"twitter_image_custom_fields":null,"twitter_title":null,"twitter_description":null,"schema":{"blockGraphs":[],"customGraphs":[],"default":{"data":{"Article":[],"Course":[],"Dataset":[],"FAQPage":[],"Movie":[],"Person":[],"Product":[],"ProductReview":[],"Car":[],"Recipe":[],"Service":[],"SoftwareApplication":[],"WebPage":[]},"graphName":"","isEnabled":true},"graphs":[],"defaultGraph":"","defaultPostTypeGraph":""},"schema_type":null,"schema_type_options":null,"pillar_content":false,"robots_default":true,"robots_noindex":false,"robots_noarchive":false,"robots_nosnippet":false,"robots_nofollow":false,"robots_noimageindex":false,"robots_noodp":false,"robots_notranslate":false,"robots_max_snippet":null,"robots_max_videopreview":null,"robots_max_imagepreview":"large","priority":null,"frequency":null,"location":null,"local_seo":null,"seo_analyzer_scan_date":"2025-09-25 08:00:13","breadcrumb_settings":null,"limit_modified_date":false,"open_ai":null,"ai":null,"created":"2021-03-08 21:54:03","updated":"2025-09-25 08:00:13"},"aioseo_breadcrumb":"<div class=\"aioseo-breadcrumbs\"><span class=\"aioseo-breadcrumb\">\n\t<a href=\"https:\/\/eldigitaldeasturias.com\/magazine365\" title=\"Home\">Home<\/a>\n<\/span><span class=\"aioseo-breadcrumb-separator\">\u2013<\/span><span class=\"aioseo-breadcrumb\">\n\t<a href=\"https:\/\/eldigitaldeasturias.com\/magazine365\/category\/noticias-actualidad\/\" title=\"Noticias y Actualidad\">Noticias y Actualidad<\/a>\n<\/span><span class=\"aioseo-breadcrumb-separator\">\u2013<\/span><span class=\"aioseo-breadcrumb\">\n\t<a href=\"https:\/\/eldigitaldeasturias.com\/magazine365\/llega-a-miami-el-primer-grupo-de-cubanos-del-programa-piloto-de-eeuu-para-centroamerica\/\" title=\"Llega a Miami el primer grupo de cubanos del programa piloto de EEUU para Centroam\u00e9rica\">Llega a Miami el primer grupo de cubanos del programa piloto de EEUU para Centroam\u00e9rica<\/a>\n<\/span><\/div>","aioseo_breadcrumb_json":[{"label":"Home","link":"https:\/\/eldigitaldeasturias.com\/magazine365"},{"label":"Noticias y Actualidad","link":"https:\/\/eldigitaldeasturias.com\/magazine365\/category\/noticias-actualidad\/"},{"label":"Llega a Miami el primer grupo de cubanos del programa piloto de EEUU para Centroam\u00e9rica","link":"https:\/\/eldigitaldeasturias.com\/magazine365\/llega-a-miami-el-primer-grupo-de-cubanos-del-programa-piloto-de-eeuu-para-centroamerica\/"}],"_links":{"self":[{"href":"https:\/\/eldigitaldeasturias.com\/magazine365\/wp-json\/wp\/v2\/posts\/60996","targetHints":{"allow":["GET"]}}],"collection":[{"href":"https:\/\/eldigitaldeasturias.com\/magazine365\/wp-json\/wp\/v2\/posts"}],"about":[{"href":"https:\/\/eldigitaldeasturias.com\/magazine365\/wp-json\/wp\/v2\/types\/post"}],"author":[{"embeddable":true,"href":"https:\/\/eldigitaldeasturias.com\/magazine365\/wp-json\/wp\/v2\/users\/1"}],"replies":[{"embeddable":true,"href":"https:\/\/eldigitaldeasturias.com\/magazine365\/wp-json\/wp\/v2\/comments?post=60996"}],"version-history":[{"count":0,"href":"https:\/\/eldigitaldeasturias.com\/magazine365\/wp-json\/wp\/v2\/posts\/60996\/revisions"}],"wp:featuredmedia":[{"embeddable":true,"href":"https:\/\/eldigitaldeasturias.com\/magazine365\/wp-json\/wp\/v2\/media\/39092"}],"wp:attachment":[{"href":"https:\/\/eldigitaldeasturias.com\/magazine365\/wp-json\/wp\/v2\/media?parent=60996"}],"wp:term":[{"taxonomy":"category","embeddable":true,"href":"https:\/\/eldigitaldeasturias.com\/magazine365\/wp-json\/wp\/v2\/categories?post=60996"},{"taxonomy":"post_tag","embeddable":true,"href":"https:\/\/eldigitaldeasturias.com\/magazine365\/wp-json\/wp\/v2\/tags?post=60996"}],"curies":[{"name":"wp","href":"https:\/\/api.w.org\/{rel}","templated":true}]}}