{"id":60990,"date":"2016-01-19T08:07:14","date_gmt":"2016-01-19T07:07:14","guid":{"rendered":"http:\/\/eldigitaldeasturias.com\/magazine365\/?p=60990"},"modified":"2016-01-19T08:07:14","modified_gmt":"2016-01-19T07:07:14","slug":"el-525-aniversario-del-descubrimiento-marca-el-rumbo-de-la-presencia-de-huelva-en-fitur","status":"publish","type":"post","link":"https:\/\/eldigitaldeasturias.com\/magazine365\/el-525-aniversario-del-descubrimiento-marca-el-rumbo-de-la-presencia-de-huelva-en-fitur\/","title":{"rendered":"El 525 Aniversario del Descubrimiento marca el rumbo de la presencia de Huelva en Fitur"},"content":{"rendered":"<p><img fetchpriority=\"high\" decoding=\"async\" class=\"alignleft size-medium wp-image-60991\" src=\"https:\/\/eldigitaldeasturias.com\/magazine365\/wp-content\/uploads\/2016\/01\/fotonoticia_20160118154802_800-360x240.jpg\" alt=\"fotonoticia_20160118154802_800\" width=\"360\" height=\"240\" srcset=\"https:\/\/eldigitaldeasturias.com\/magazine365\/wp-content\/uploads\/2016\/01\/fotonoticia_20160118154802_800-360x240.jpg 360w, https:\/\/eldigitaldeasturias.com\/magazine365\/wp-content\/uploads\/2016\/01\/fotonoticia_20160118154802_800-650x434.jpg 650w, https:\/\/eldigitaldeasturias.com\/magazine365\/wp-content\/uploads\/2016\/01\/fotonoticia_20160118154802_800-768x513.jpg 768w, https:\/\/eldigitaldeasturias.com\/magazine365\/wp-content\/uploads\/2016\/01\/fotonoticia_20160118154802_800-150x100.jpg 150w, https:\/\/eldigitaldeasturias.com\/magazine365\/wp-content\/uploads\/2016\/01\/fotonoticia_20160118154802_800-450x300.jpg 450w, https:\/\/eldigitaldeasturias.com\/magazine365\/wp-content\/uploads\/2016\/01\/fotonoticia_20160118154802_800-696x465.jpg 696w, https:\/\/eldigitaldeasturias.com\/magazine365\/wp-content\/uploads\/2016\/01\/fotonoticia_20160118154802_800-629x420.jpg 629w, https:\/\/eldigitaldeasturias.com\/magazine365\/wp-content\/uploads\/2016\/01\/fotonoticia_20160118154802_800-101x66.jpg 101w, https:\/\/eldigitaldeasturias.com\/magazine365\/wp-content\/uploads\/2016\/01\/fotonoticia_20160118154802_800.jpg 800w\" sizes=\"(max-width: 360px) 100vw, 360px\" \/>La Feria Internacional de Turismo, Fitur, vuelve a marcar el inicio del a\u00f1o tur\u00edstico y coincidiendo con la gran muestra de este sector en nuestro pa\u00eds, la provincia de Huelva presenta los mejores ingredientes de su oferta para atraer al viajero, entre los que destaca el 525 Aniversario del Descubrimiento de Am\u00e9rica.<\/p>\n<p>A partir del mi\u00e9rcoles 20 de enero y hasta el domingo 24, Huelva desplegar\u00e1 todos los atractivos de sus comarcas en el estand, ubicado en el gran pabell\u00f3n de Andaluc\u00eda, presidido por las im\u00e1genes m\u00e1s impactantes del destino. El extraordinario y \u00fanico paisaje de la Cuenca Minera y el R\u00edo Tinto, la naturaleza desbordante de Do\u00f1ana, la Sierra de Aracena y Picos de Aroche o las extensas playas doradas de la costa; el patrimonio hist\u00f3rico y cultural, centrado este a\u00f1o en Huelva capital, y el deporte y la gastronom\u00eda ser\u00e1n las im\u00e1genes de la gran variedad de recursos que ofrece al viajero esta provincia, ha informado en una nota el Patronato de Turismo.<\/p>\n<p>As\u00ed, el mi\u00e9rcoles 20 de enero tendr\u00e1 lugar la presentaci\u00f3n en sociedad del 525 Aniversario del Encuentro entre dos Mundos, el gran acontecimiento que se celebrar\u00e1 en 2017. El Palacio de Santa B\u00e1rbara, un espacio singular de la capital, ser\u00e1 el escenario de este evento en el que se presentar\u00e1 el logotipo que anuncia la efem\u00e9rides m\u00e1s importante que Huelva va a celebrar desde el V Centenario del Descubrimiento de Am\u00e9rica.<\/p>\n<p>Con la presencia del consejero de Turismo de la Junta de Andaluc\u00eda, Francisco Javier Fern\u00e1ndez, y numerosas personalidades de vida social y cultural de nuestro pa\u00eds se dar\u00e1 a conocer esta gran conmemoraci\u00f3n que ser\u00e1 todo un est\u00edmulo para profundizar y reforzar la uni\u00f3n entre Huelva y Am\u00e9rica y afianzar las relaciones con los pa\u00edses iberoamericanos.<\/p>\n<p>Por su parte, el duatleta onubense dos veces campe\u00f3n del mundo, Emilio Mart\u00edn, ser\u00e1 embajador de este gran evento gracias al convenio que se firmar\u00e1 en el mismo estand de Fitur el primer d\u00eda de la muestra, el mi\u00e9rcoles d\u00eda 20, a las 11,30 horas.<\/p>\n<p>OTRAS PRESENTACIONES<\/p>\n<p>Las presentaciones en el estand de Huelva comenzar\u00e1n el mismo d\u00eda con una convocatoria para dar a conocer todos los detalles de la Duod\u00e9cima Edici\u00f3n del Concurso Internacional de Vinos y Espirituosos (Cinve) y la s\u00e9ptima edici\u00f3n de la Cata Internacional de Aceites de Oliva Virgen Extra, ambos reconocidos por el Ministerio de Agricultura, Alimentaci\u00f3n y Medio Ambiente que tendr\u00e1n lugar en La R\u00e1bida del 7 al 10 de febrero.<\/p>\n<p>A continuaci\u00f3n tendr\u00e1 lugar la puesta de largo del nuevo Club de Producto &#8216;Do\u00f1ana&#8217;, un nombre que es una referencia nacional e internacional en turismo de naturaleza pero que se presenta fortalecido y estructurado para responder adecuadamente a la demanda y ofrecer una oferta tur\u00edstica de calidad bajo el paraguas del respeto y la protecci\u00f3n medioambiental que requiere desarrollar el turismo en el entorno de un Parque nacional Reserva de la Biosfera como Do\u00f1ana.<\/p>\n<p>Las presentaciones continuar\u00e1n el mi\u00e9rcoles con la presencia en el estand de uno de los exponentes del concepto de hoteles &#8216;Adults only&#8217;, s\u00f3lo para adultos, en la provincia de Huelva, el ON Hotels Ocean Front de Matalasca\u00f1as.<\/p>\n<p>&#8216;TIERRAS DEL DESCUBRIMIENTO&#8217;<\/p>\n<p>Los Grupos de Desarrollo Rural, continuando con el despliegue de su exitosa campa\u00f1a de promoci\u00f3n tur\u00edstica &#8216;Tierras del Descubrimiento&#8217;, presentar\u00e1n tambi\u00e9n en la primera jornada de esta edici\u00f3n de Fitur su nueva aplicaci\u00f3n inform\u00e1tica. Una manera interactiva de dar a conocer 400 elementos de la provincia de a trav\u00e9s de formato de v\u00eddeo, audio y pdf, con informaci\u00f3n \u00fatil para el viajero. Se trata de una ventana abierta al mundo de la provincia de Huelva, en la que se pueden geolocalizar desde fiestas y tradiciones, naturaleza, rutas, patrimonio y gastronom\u00eda.<\/p>\n<p>La \u00faltima de las presentaciones del mi\u00e9rcoles ser\u00e1 el programa de actividades Moguer- Am\u00e9rica, la estrategia de desarrollo tur\u00edstica desarrollada por el Ayuntamiento de Moguer al amparo de dos grandes acontecimientos como son el 525 Aniversario del Descubrimiento de Am\u00e9rica y el centenario de &#8216;Diario de un poeta reci\u00e9n casado&#8217; de Juan Ram\u00f3n Jim\u00e9nez.<\/p>\n<p>El jueves 21 Isla Cristina anunciar\u00e1 en el estand de Huelva el programa de su proyecto tur\u00edstico &#8216;Isla Cristina, v\u00edvela!&#8217;. Tambi\u00e9n se presentar\u00e1 &#8216;Islantilla Innova&#8217;, un proyecto que pretende posicionar a Islantilla como destino tur\u00edstico innovador mediante la creaci\u00f3n de herramientas de Realidad Virtual y Realidad Aumentada.<\/p>\n<p>La localidad de Lepe va a promocionar un establecimiento que abrir\u00e1 sus puertas la pr\u00f3xima temporada, el Hotel Marlin Antilla (antiguo Lepemar), y su nuevo Beach Club abierto al p\u00fablico.<\/p>\n<p>Tambi\u00e9n acoger\u00e1 el estand la presentaci\u00f3n del Club de Producto &#8216;Tradici\u00f3n Marinera&#8217;, que ha sido desarrollado por el Consorcio de Turismo de la Costa Occidental de Huelva, que incluir\u00e1 la Ruta Gastron\u00f3mica Tradici\u00f3n Marinera de Huelva.<\/p>\n<p>Este mismo d\u00eda el municipio de Almonte ofrecer\u00e1 un adelanto de tres iniciativas relacionadas con el turismo en diversos \u00e1mbitos: El calendario h\u00edpico de Almonte para 2016, la I Carrera Solidaria contra el c\u00e1ncer, organizada por el Club Espartanos de Matalasca\u00f1as y la Ruta Ciclotur\u00edstica Nocturna, &#8216;Atardecer en Do\u00f1ana&#8217;.<\/p>\n<p>COLOMBINAS Y SEMANA SANTA<\/p>\n<p>Las Fiestas Colombinas y Semana Santa de Huelva tambi\u00e9n estar\u00e1n presentes este d\u00eda en la feria. Un v\u00eddeo promocional de las Fiestas de Huelva y la presentaci\u00f3n del cartel anunciador para la Semana Mayor de 2016, ser\u00e1n el plato fuerte de un acto en el que el Ayuntamiento de la capital onubense ofrecer\u00e1 en primicia la edici\u00f3n especial que ha publicado del Libro-Gu\u00eda de la Semana Santa de Huelva.<\/p>\n<p>El jueves tambi\u00e9n se conocer\u00e1n todos los detalles de una de las pruebas estrella del deporte en la provincia, la Huelva Extrema. El Patronato de Turismo tambi\u00e9n llevar\u00e1 a cabo una presentaci\u00f3n de la evoluci\u00f3n experimentada por uno de sus proyectos promocionales m\u00e1s innovadores, la revista digital &#8216;Siente Huelva&#8217;.<\/p>\n<p>JUEGOS EUROPEOS DE POLIC\u00cdA Y BOMBEROS<\/p>\n<p>La segunda jornada en el estand de Huelva culminar\u00e1 con la presentaci\u00f3n del que sin duda ser\u00e1 el gran evento deportivo de 2016, los VI Juegos Europeos de Polic\u00eda y Bomberos 2016, que prev\u00e9 la participaci\u00f3n de 5.000 deportistas de toda Europa, y que se estima atraiga a m\u00e1s de 20.000 personas.<\/p>\n<p>Las presentaciones concluir\u00e1n el viernes con la oferta que trae a Fitur el Parque Natural Sierra de Aracena y Picos de Aroche, que estrena en la feria un nuevo folleto promocional de la comarca serrana como Destino Biking as\u00ed como un audiovisual sobre la esencia del parque.<\/p>\n<p>Como ya es tradicional, el municipio de Cortegana traer\u00e1 a Fitur su programa para las jornadas medievales que este a\u00f1o llegan a su vig\u00e9simo primera edici\u00f3n. Tambi\u00e9n la localidad de Cumbres Mayores participar\u00e1 en la feria de una forma din\u00e1mica e innovadora, presentando una nueva App para promocionar el turismo en el municipio.<\/p>\n<p>Con la presentaci\u00f3n de estos municipios de la Sierra de Aracena y Picos de Aroche concluir\u00e1n los actos en el estand de Huelva en Fitur con una nota gastron\u00f3mica que tambi\u00e9n se ha convertido en una tradici\u00f3n la degustaci\u00f3n del mejor jam\u00f3n del mundo.<\/p>\n","protected":false},"excerpt":{"rendered":"<p>La Feria Internacional de Turismo, Fitur, vuelve a marcar el inicio del a\u00f1o tur\u00edstico y coincidiendo con la gran muestra de este sector en nuestro pa\u00eds, la provincia de Huelva presenta los mejores ingredientes de su oferta para atraer al viajero, entre los que destaca el 525 Aniversario del Descubrimiento de Am\u00e9rica. A partir del<\/p>\n","protected":false},"author":1,"featured_media":60991,"comment_status":"open","ping_status":"closed","sticky":false,"template":"","format":"standard","meta":{"footnotes":""},"categories":[224],"tags":[],"class_list":{"0":"post-60990","1":"post","2":"type-post","3":"status-publish","4":"format-standard","5":"has-post-thumbnail","7":"category-noticias-actualidad"},"aioseo_notices":[],"aioseo_head":"\n\t\t<!-- All in One SEO Pro 4.9.6.1 - aioseo.com -->\n\t<meta name=\"description\" content=\"La Feria Internacional de Turismo, Fitur, vuelve a marcar el inicio del a\u00f1o tur\u00edstico y coincidiendo con la gran muestra de este sector en nuestro pa\u00eds, la provincia de Huelva presenta los mejores ingredientes de su oferta para atraer al viajero, entre los que destaca el 525 Aniversario del Descubrimiento de Am\u00e9rica. A partir del\" \/>\n\t<meta name=\"robots\" content=\"max-image-preview:large\" \/>\n\t<meta name=\"author\" content=\"admin\"\/>\n\t<meta name=\"google-site-verification\" content=\"UA-38556648-1\" \/>\n\t<meta name=\"keywords\" content=\"noticias y actualidad\" \/>\n\t<link rel=\"canonical\" href=\"https:\/\/eldigitaldeasturias.com\/magazine365\/el-525-aniversario-del-descubrimiento-marca-el-rumbo-de-la-presencia-de-huelva-en-fitur\/\" \/>\n\t<meta name=\"generator\" content=\"All in One SEO Pro (AIOSEO) 4.9.6.1\" \/>\n\t\t<meta property=\"og:locale\" content=\"es_ES\" \/>\n\t\t<meta property=\"og:site_name\" content=\"El Digital de Asturias \u2013 Revista de ocio, turismo y estilo de vida\" \/>\n\t\t<meta property=\"og:type\" content=\"article\" \/>\n\t\t<meta property=\"og:title\" content=\"El 525 Aniversario del Descubrimiento marca el rumbo de la presencia de Huelva en Fitur | El Digital de Asturias\" \/>\n\t\t<meta property=\"og:description\" content=\"La Feria Internacional de Turismo, Fitur, vuelve a marcar el inicio del a\u00f1o tur\u00edstico y coincidiendo con la gran muestra de este sector en nuestro pa\u00eds, la provincia de Huelva presenta los mejores ingredientes de su oferta para atraer al viajero, entre los que destaca el 525 Aniversario del Descubrimiento de Am\u00e9rica. A partir del\" \/>\n\t\t<meta property=\"og:url\" content=\"https:\/\/eldigitaldeasturias.com\/magazine365\/el-525-aniversario-del-descubrimiento-marca-el-rumbo-de-la-presencia-de-huelva-en-fitur\/\" \/>\n\t\t<meta property=\"og:image\" content=\"https:\/\/eldigitaldeasturias.com\/magazine365\/wp-content\/uploads\/2016\/01\/fotonoticia_20160118154802_800.jpg\" \/>\n\t\t<meta property=\"og:image:secure_url\" content=\"https:\/\/eldigitaldeasturias.com\/magazine365\/wp-content\/uploads\/2016\/01\/fotonoticia_20160118154802_800.jpg\" \/>\n\t\t<meta property=\"og:image:width\" content=\"800\" \/>\n\t\t<meta property=\"og:image:height\" content=\"534\" \/>\n\t\t<meta property=\"article:published_time\" content=\"2016-01-19T07:07:14+00:00\" \/>\n\t\t<meta property=\"article:modified_time\" content=\"2016-01-19T07:07:14+00:00\" \/>\n\t\t<meta name=\"twitter:card\" content=\"summary_large_image\" \/>\n\t\t<meta name=\"twitter:title\" content=\"El 525 Aniversario del Descubrimiento marca el rumbo de la presencia de Huelva en Fitur | El Digital de Asturias\" \/>\n\t\t<meta name=\"twitter:description\" content=\"La Feria Internacional de Turismo, Fitur, vuelve a marcar el inicio del a\u00f1o tur\u00edstico y coincidiendo con la gran muestra de este sector en nuestro pa\u00eds, la provincia de Huelva presenta los mejores ingredientes de su oferta para atraer al viajero, entre los que destaca el 525 Aniversario del Descubrimiento de Am\u00e9rica. A partir del\" \/>\n\t\t<meta name=\"twitter:image\" content=\"https:\/\/eldigitaldeasturias.com\/magazine365\/wp-content\/uploads\/2016\/01\/fotonoticia_20160118154802_800.jpg\" \/>\n\t\t<script type=\"application\/ld+json\" class=\"aioseo-schema\">\n\t\t\t{\"@context\":\"https:\\\/\\\/schema.org\",\"@graph\":[{\"@type\":\"Article\",\"@id\":\"https:\\\/\\\/eldigitaldeasturias.com\\\/magazine365\\\/el-525-aniversario-del-descubrimiento-marca-el-rumbo-de-la-presencia-de-huelva-en-fitur\\\/#article\",\"name\":\"El 525 Aniversario del Descubrimiento marca el rumbo de la presencia de Huelva en Fitur | El Digital de Asturias\",\"headline\":\"El 525 Aniversario del Descubrimiento marca el rumbo de la presencia de Huelva en Fitur\",\"author\":{\"@id\":\"https:\\\/\\\/eldigitaldeasturias.com\\\/magazine365\\\/author\\\/admin\\\/#author\"},\"publisher\":{\"@id\":\"https:\\\/\\\/eldigitaldeasturias.com\\\/magazine365\\\/#organization\"},\"image\":{\"@type\":\"ImageObject\",\"url\":\"https:\\\/\\\/eldigitaldeasturias.com\\\/magazine365\\\/wp-content\\\/uploads\\\/2016\\\/01\\\/fotonoticia_20160118154802_800.jpg\",\"width\":800,\"height\":534},\"datePublished\":\"2016-01-19T08:07:14+01:00\",\"dateModified\":\"2016-01-19T08:07:14+01:00\",\"inLanguage\":\"es-ES\",\"mainEntityOfPage\":{\"@id\":\"https:\\\/\\\/eldigitaldeasturias.com\\\/magazine365\\\/el-525-aniversario-del-descubrimiento-marca-el-rumbo-de-la-presencia-de-huelva-en-fitur\\\/#webpage\"},\"isPartOf\":{\"@id\":\"https:\\\/\\\/eldigitaldeasturias.com\\\/magazine365\\\/el-525-aniversario-del-descubrimiento-marca-el-rumbo-de-la-presencia-de-huelva-en-fitur\\\/#webpage\"},\"articleSection\":\"Noticias y Actualidad\"},{\"@type\":\"BreadcrumbList\",\"@id\":\"https:\\\/\\\/eldigitaldeasturias.com\\\/magazine365\\\/el-525-aniversario-del-descubrimiento-marca-el-rumbo-de-la-presencia-de-huelva-en-fitur\\\/#breadcrumblist\",\"itemListElement\":[{\"@type\":\"ListItem\",\"@id\":\"https:\\\/\\\/eldigitaldeasturias.com\\\/magazine365#listItem\",\"position\":1,\"name\":\"Home\",\"item\":\"https:\\\/\\\/eldigitaldeasturias.com\\\/magazine365\",\"nextItem\":{\"@type\":\"ListItem\",\"@id\":\"https:\\\/\\\/eldigitaldeasturias.com\\\/magazine365\\\/category\\\/noticias-actualidad\\\/#listItem\",\"name\":\"Noticias y Actualidad\"}},{\"@type\":\"ListItem\",\"@id\":\"https:\\\/\\\/eldigitaldeasturias.com\\\/magazine365\\\/category\\\/noticias-actualidad\\\/#listItem\",\"position\":2,\"name\":\"Noticias y Actualidad\",\"item\":\"https:\\\/\\\/eldigitaldeasturias.com\\\/magazine365\\\/category\\\/noticias-actualidad\\\/\",\"nextItem\":{\"@type\":\"ListItem\",\"@id\":\"https:\\\/\\\/eldigitaldeasturias.com\\\/magazine365\\\/el-525-aniversario-del-descubrimiento-marca-el-rumbo-de-la-presencia-de-huelva-en-fitur\\\/#listItem\",\"name\":\"El 525 Aniversario del Descubrimiento marca el rumbo de la presencia de Huelva en Fitur\"},\"previousItem\":{\"@type\":\"ListItem\",\"@id\":\"https:\\\/\\\/eldigitaldeasturias.com\\\/magazine365#listItem\",\"name\":\"Home\"}},{\"@type\":\"ListItem\",\"@id\":\"https:\\\/\\\/eldigitaldeasturias.com\\\/magazine365\\\/el-525-aniversario-del-descubrimiento-marca-el-rumbo-de-la-presencia-de-huelva-en-fitur\\\/#listItem\",\"position\":3,\"name\":\"El 525 Aniversario del Descubrimiento marca el rumbo de la presencia de Huelva en Fitur\",\"previousItem\":{\"@type\":\"ListItem\",\"@id\":\"https:\\\/\\\/eldigitaldeasturias.com\\\/magazine365\\\/category\\\/noticias-actualidad\\\/#listItem\",\"name\":\"Noticias y Actualidad\"}}]},{\"@type\":\"Organization\",\"@id\":\"https:\\\/\\\/eldigitaldeasturias.com\\\/magazine365\\\/#organization\",\"name\":\"El digital de Asturias\",\"description\":\"Revista de ocio, turismo y estilo de vida\",\"url\":\"https:\\\/\\\/eldigitaldeasturias.com\\\/magazine365\\\/\",\"logo\":{\"@type\":\"ImageObject\",\"url\":\"https:\\\/\\\/www.eldigitaldeasturias.com\\\/noticias\\\/wp-content\\\/uploads\\\/2020\\\/12\\\/EDA.jpg\",\"@id\":\"https:\\\/\\\/eldigitaldeasturias.com\\\/magazine365\\\/el-525-aniversario-del-descubrimiento-marca-el-rumbo-de-la-presencia-de-huelva-en-fitur\\\/#organizationLogo\"},\"image\":{\"@id\":\"https:\\\/\\\/eldigitaldeasturias.com\\\/magazine365\\\/el-525-aniversario-del-descubrimiento-marca-el-rumbo-de-la-presencia-de-huelva-en-fitur\\\/#organizationLogo\"}},{\"@type\":\"Person\",\"@id\":\"https:\\\/\\\/eldigitaldeasturias.com\\\/magazine365\\\/author\\\/admin\\\/#author\",\"url\":\"https:\\\/\\\/eldigitaldeasturias.com\\\/magazine365\\\/author\\\/admin\\\/\",\"name\":\"admin\",\"image\":{\"@type\":\"ImageObject\",\"@id\":\"https:\\\/\\\/eldigitaldeasturias.com\\\/magazine365\\\/el-525-aniversario-del-descubrimiento-marca-el-rumbo-de-la-presencia-de-huelva-en-fitur\\\/#authorImage\",\"url\":\"https:\\\/\\\/eldigitaldeasturias.com\\\/magazine365\\\/wp-content\\\/litespeed\\\/avatar\\\/e571bcf59a0edd6fa6838245a470f2fe.jpg?ver=1776969259\",\"width\":96,\"height\":96,\"caption\":\"admin\"}},{\"@type\":\"WebPage\",\"@id\":\"https:\\\/\\\/eldigitaldeasturias.com\\\/magazine365\\\/el-525-aniversario-del-descubrimiento-marca-el-rumbo-de-la-presencia-de-huelva-en-fitur\\\/#webpage\",\"url\":\"https:\\\/\\\/eldigitaldeasturias.com\\\/magazine365\\\/el-525-aniversario-del-descubrimiento-marca-el-rumbo-de-la-presencia-de-huelva-en-fitur\\\/\",\"name\":\"El 525 Aniversario del Descubrimiento marca el rumbo de la presencia de Huelva en Fitur | El Digital de Asturias\",\"description\":\"La Feria Internacional de Turismo, Fitur, vuelve a marcar el inicio del a\\u00f1o tur\\u00edstico y coincidiendo con la gran muestra de este sector en nuestro pa\\u00eds, la provincia de Huelva presenta los mejores ingredientes de su oferta para atraer al viajero, entre los que destaca el 525 Aniversario del Descubrimiento de Am\\u00e9rica. A partir del\",\"inLanguage\":\"es-ES\",\"isPartOf\":{\"@id\":\"https:\\\/\\\/eldigitaldeasturias.com\\\/magazine365\\\/#website\"},\"breadcrumb\":{\"@id\":\"https:\\\/\\\/eldigitaldeasturias.com\\\/magazine365\\\/el-525-aniversario-del-descubrimiento-marca-el-rumbo-de-la-presencia-de-huelva-en-fitur\\\/#breadcrumblist\"},\"author\":{\"@id\":\"https:\\\/\\\/eldigitaldeasturias.com\\\/magazine365\\\/author\\\/admin\\\/#author\"},\"creator\":{\"@id\":\"https:\\\/\\\/eldigitaldeasturias.com\\\/magazine365\\\/author\\\/admin\\\/#author\"},\"image\":{\"@type\":\"ImageObject\",\"url\":\"https:\\\/\\\/eldigitaldeasturias.com\\\/magazine365\\\/wp-content\\\/uploads\\\/2016\\\/01\\\/fotonoticia_20160118154802_800.jpg\",\"@id\":\"https:\\\/\\\/eldigitaldeasturias.com\\\/magazine365\\\/el-525-aniversario-del-descubrimiento-marca-el-rumbo-de-la-presencia-de-huelva-en-fitur\\\/#mainImage\",\"width\":800,\"height\":534},\"primaryImageOfPage\":{\"@id\":\"https:\\\/\\\/eldigitaldeasturias.com\\\/magazine365\\\/el-525-aniversario-del-descubrimiento-marca-el-rumbo-de-la-presencia-de-huelva-en-fitur\\\/#mainImage\"},\"datePublished\":\"2016-01-19T08:07:14+01:00\",\"dateModified\":\"2016-01-19T08:07:14+01:00\"},{\"@type\":\"WebSite\",\"@id\":\"https:\\\/\\\/eldigitaldeasturias.com\\\/magazine365\\\/#website\",\"url\":\"https:\\\/\\\/eldigitaldeasturias.com\\\/magazine365\\\/\",\"name\":\"El Digital de Asturias\",\"description\":\"Revista de ocio, turismo y estilo de vida\",\"inLanguage\":\"es-ES\",\"publisher\":{\"@id\":\"https:\\\/\\\/eldigitaldeasturias.com\\\/magazine365\\\/#organization\"}}]}\n\t\t<\/script>\n\t\t<!-- All in One SEO Pro -->\r\n\t\t<title>El 525 Aniversario del Descubrimiento marca el rumbo de la presencia de Huelva en Fitur | El Digital de Asturias<\/title>\n\n","aioseo_head_json":{"title":"El 525 Aniversario del Descubrimiento marca el rumbo de la presencia de Huelva en Fitur | El Digital de Asturias","description":"La Feria Internacional de Turismo, Fitur, vuelve a marcar el inicio del a\u00f1o tur\u00edstico y coincidiendo con la gran muestra de este sector en nuestro pa\u00eds, la provincia de Huelva presenta los mejores ingredientes de su oferta para atraer al viajero, entre los que destaca el 525 Aniversario del Descubrimiento de Am\u00e9rica. A partir del","canonical_url":"https:\/\/eldigitaldeasturias.com\/magazine365\/el-525-aniversario-del-descubrimiento-marca-el-rumbo-de-la-presencia-de-huelva-en-fitur\/","robots":"max-image-preview:large","keywords":"noticias y actualidad","webmasterTools":{"google-site-verification":"UA-38556648-1","miscellaneous":""},"schema":{"@context":"https:\/\/schema.org","@graph":[{"@type":"Article","@id":"https:\/\/eldigitaldeasturias.com\/magazine365\/el-525-aniversario-del-descubrimiento-marca-el-rumbo-de-la-presencia-de-huelva-en-fitur\/#article","name":"El 525 Aniversario del Descubrimiento marca el rumbo de la presencia de Huelva en Fitur | El Digital de Asturias","headline":"El 525 Aniversario del Descubrimiento marca el rumbo de la presencia de Huelva en Fitur","author":{"@id":"https:\/\/eldigitaldeasturias.com\/magazine365\/author\/admin\/#author"},"publisher":{"@id":"https:\/\/eldigitaldeasturias.com\/magazine365\/#organization"},"image":{"@type":"ImageObject","url":"https:\/\/eldigitaldeasturias.com\/magazine365\/wp-content\/uploads\/2016\/01\/fotonoticia_20160118154802_800.jpg","width":800,"height":534},"datePublished":"2016-01-19T08:07:14+01:00","dateModified":"2016-01-19T08:07:14+01:00","inLanguage":"es-ES","mainEntityOfPage":{"@id":"https:\/\/eldigitaldeasturias.com\/magazine365\/el-525-aniversario-del-descubrimiento-marca-el-rumbo-de-la-presencia-de-huelva-en-fitur\/#webpage"},"isPartOf":{"@id":"https:\/\/eldigitaldeasturias.com\/magazine365\/el-525-aniversario-del-descubrimiento-marca-el-rumbo-de-la-presencia-de-huelva-en-fitur\/#webpage"},"articleSection":"Noticias y Actualidad"},{"@type":"BreadcrumbList","@id":"https:\/\/eldigitaldeasturias.com\/magazine365\/el-525-aniversario-del-descubrimiento-marca-el-rumbo-de-la-presencia-de-huelva-en-fitur\/#breadcrumblist","itemListElement":[{"@type":"ListItem","@id":"https:\/\/eldigitaldeasturias.com\/magazine365#listItem","position":1,"name":"Home","item":"https:\/\/eldigitaldeasturias.com\/magazine365","nextItem":{"@type":"ListItem","@id":"https:\/\/eldigitaldeasturias.com\/magazine365\/category\/noticias-actualidad\/#listItem","name":"Noticias y Actualidad"}},{"@type":"ListItem","@id":"https:\/\/eldigitaldeasturias.com\/magazine365\/category\/noticias-actualidad\/#listItem","position":2,"name":"Noticias y Actualidad","item":"https:\/\/eldigitaldeasturias.com\/magazine365\/category\/noticias-actualidad\/","nextItem":{"@type":"ListItem","@id":"https:\/\/eldigitaldeasturias.com\/magazine365\/el-525-aniversario-del-descubrimiento-marca-el-rumbo-de-la-presencia-de-huelva-en-fitur\/#listItem","name":"El 525 Aniversario del Descubrimiento marca el rumbo de la presencia de Huelva en Fitur"},"previousItem":{"@type":"ListItem","@id":"https:\/\/eldigitaldeasturias.com\/magazine365#listItem","name":"Home"}},{"@type":"ListItem","@id":"https:\/\/eldigitaldeasturias.com\/magazine365\/el-525-aniversario-del-descubrimiento-marca-el-rumbo-de-la-presencia-de-huelva-en-fitur\/#listItem","position":3,"name":"El 525 Aniversario del Descubrimiento marca el rumbo de la presencia de Huelva en Fitur","previousItem":{"@type":"ListItem","@id":"https:\/\/eldigitaldeasturias.com\/magazine365\/category\/noticias-actualidad\/#listItem","name":"Noticias y Actualidad"}}]},{"@type":"Organization","@id":"https:\/\/eldigitaldeasturias.com\/magazine365\/#organization","name":"El digital de Asturias","description":"Revista de ocio, turismo y estilo de vida","url":"https:\/\/eldigitaldeasturias.com\/magazine365\/","logo":{"@type":"ImageObject","url":"https:\/\/www.eldigitaldeasturias.com\/noticias\/wp-content\/uploads\/2020\/12\/EDA.jpg","@id":"https:\/\/eldigitaldeasturias.com\/magazine365\/el-525-aniversario-del-descubrimiento-marca-el-rumbo-de-la-presencia-de-huelva-en-fitur\/#organizationLogo"},"image":{"@id":"https:\/\/eldigitaldeasturias.com\/magazine365\/el-525-aniversario-del-descubrimiento-marca-el-rumbo-de-la-presencia-de-huelva-en-fitur\/#organizationLogo"}},{"@type":"Person","@id":"https:\/\/eldigitaldeasturias.com\/magazine365\/author\/admin\/#author","url":"https:\/\/eldigitaldeasturias.com\/magazine365\/author\/admin\/","name":"admin","image":{"@type":"ImageObject","@id":"https:\/\/eldigitaldeasturias.com\/magazine365\/el-525-aniversario-del-descubrimiento-marca-el-rumbo-de-la-presencia-de-huelva-en-fitur\/#authorImage","url":"https:\/\/eldigitaldeasturias.com\/magazine365\/wp-content\/litespeed\/avatar\/e571bcf59a0edd6fa6838245a470f2fe.jpg?ver=1776969259","width":96,"height":96,"caption":"admin"}},{"@type":"WebPage","@id":"https:\/\/eldigitaldeasturias.com\/magazine365\/el-525-aniversario-del-descubrimiento-marca-el-rumbo-de-la-presencia-de-huelva-en-fitur\/#webpage","url":"https:\/\/eldigitaldeasturias.com\/magazine365\/el-525-aniversario-del-descubrimiento-marca-el-rumbo-de-la-presencia-de-huelva-en-fitur\/","name":"El 525 Aniversario del Descubrimiento marca el rumbo de la presencia de Huelva en Fitur | El Digital de Asturias","description":"La Feria Internacional de Turismo, Fitur, vuelve a marcar el inicio del a\u00f1o tur\u00edstico y coincidiendo con la gran muestra de este sector en nuestro pa\u00eds, la provincia de Huelva presenta los mejores ingredientes de su oferta para atraer al viajero, entre los que destaca el 525 Aniversario del Descubrimiento de Am\u00e9rica. A partir del","inLanguage":"es-ES","isPartOf":{"@id":"https:\/\/eldigitaldeasturias.com\/magazine365\/#website"},"breadcrumb":{"@id":"https:\/\/eldigitaldeasturias.com\/magazine365\/el-525-aniversario-del-descubrimiento-marca-el-rumbo-de-la-presencia-de-huelva-en-fitur\/#breadcrumblist"},"author":{"@id":"https:\/\/eldigitaldeasturias.com\/magazine365\/author\/admin\/#author"},"creator":{"@id":"https:\/\/eldigitaldeasturias.com\/magazine365\/author\/admin\/#author"},"image":{"@type":"ImageObject","url":"https:\/\/eldigitaldeasturias.com\/magazine365\/wp-content\/uploads\/2016\/01\/fotonoticia_20160118154802_800.jpg","@id":"https:\/\/eldigitaldeasturias.com\/magazine365\/el-525-aniversario-del-descubrimiento-marca-el-rumbo-de-la-presencia-de-huelva-en-fitur\/#mainImage","width":800,"height":534},"primaryImageOfPage":{"@id":"https:\/\/eldigitaldeasturias.com\/magazine365\/el-525-aniversario-del-descubrimiento-marca-el-rumbo-de-la-presencia-de-huelva-en-fitur\/#mainImage"},"datePublished":"2016-01-19T08:07:14+01:00","dateModified":"2016-01-19T08:07:14+01:00"},{"@type":"WebSite","@id":"https:\/\/eldigitaldeasturias.com\/magazine365\/#website","url":"https:\/\/eldigitaldeasturias.com\/magazine365\/","name":"El Digital de Asturias","description":"Revista de ocio, turismo y estilo de vida","inLanguage":"es-ES","publisher":{"@id":"https:\/\/eldigitaldeasturias.com\/magazine365\/#organization"}}]},"og:locale":"es_ES","og:site_name":"El Digital de Asturias \u2013 Revista de ocio, turismo y estilo de vida","og:type":"article","og:title":"El 525 Aniversario del Descubrimiento marca el rumbo de la presencia de Huelva en Fitur | El Digital de Asturias","og:description":"La Feria Internacional de Turismo, Fitur, vuelve a marcar el inicio del a\u00f1o tur\u00edstico y coincidiendo con la gran muestra de este sector en nuestro pa\u00eds, la provincia de Huelva presenta los mejores ingredientes de su oferta para atraer al viajero, entre los que destaca el 525 Aniversario del Descubrimiento de Am\u00e9rica. A partir del","og:url":"https:\/\/eldigitaldeasturias.com\/magazine365\/el-525-aniversario-del-descubrimiento-marca-el-rumbo-de-la-presencia-de-huelva-en-fitur\/","og:image":"https:\/\/eldigitaldeasturias.com\/magazine365\/wp-content\/uploads\/2016\/01\/fotonoticia_20160118154802_800.jpg","og:image:secure_url":"https:\/\/eldigitaldeasturias.com\/magazine365\/wp-content\/uploads\/2016\/01\/fotonoticia_20160118154802_800.jpg","og:image:width":800,"og:image:height":534,"article:published_time":"2016-01-19T07:07:14+00:00","article:modified_time":"2016-01-19T07:07:14+00:00","twitter:card":"summary_large_image","twitter:title":"El 525 Aniversario del Descubrimiento marca el rumbo de la presencia de Huelva en Fitur | El Digital de Asturias","twitter:description":"La Feria Internacional de Turismo, Fitur, vuelve a marcar el inicio del a\u00f1o tur\u00edstico y coincidiendo con la gran muestra de este sector en nuestro pa\u00eds, la provincia de Huelva presenta los mejores ingredientes de su oferta para atraer al viajero, entre los que destaca el 525 Aniversario del Descubrimiento de Am\u00e9rica. A partir del","twitter:image":"https:\/\/eldigitaldeasturias.com\/magazine365\/wp-content\/uploads\/2016\/01\/fotonoticia_20160118154802_800.jpg"},"aioseo_meta_data":{"post_id":"60990","title":null,"description":null,"keywords":null,"keyphrases":null,"primary_term":null,"canonical_url":null,"og_title":null,"og_description":null,"og_object_type":"default","og_image_type":"default","og_image_url":null,"og_image_width":null,"og_image_height":null,"og_image_custom_url":null,"og_image_custom_fields":null,"og_video":null,"og_custom_url":null,"og_article_section":null,"og_article_tags":null,"twitter_use_og":false,"twitter_card":"default","twitter_image_type":"default","twitter_image_url":null,"twitter_image_custom_url":null,"twitter_image_custom_fields":null,"twitter_title":null,"twitter_description":null,"schema":{"blockGraphs":[],"customGraphs":[],"default":{"data":{"Article":[],"Course":[],"Dataset":[],"FAQPage":[],"Movie":[],"Person":[],"Product":[],"ProductReview":[],"Car":[],"Recipe":[],"Service":[],"SoftwareApplication":[],"WebPage":[]},"graphName":"","isEnabled":true},"graphs":[],"defaultGraph":"","defaultPostTypeGraph":""},"schema_type":null,"schema_type_options":null,"pillar_content":false,"robots_default":true,"robots_noindex":false,"robots_noarchive":false,"robots_nosnippet":false,"robots_nofollow":false,"robots_noimageindex":false,"robots_noodp":false,"robots_notranslate":false,"robots_max_snippet":null,"robots_max_videopreview":null,"robots_max_imagepreview":"large","priority":null,"frequency":null,"location":null,"local_seo":null,"seo_analyzer_scan_date":"2025-09-25 08:00:09","breadcrumb_settings":null,"limit_modified_date":false,"open_ai":null,"ai":null,"created":"2021-03-08 21:54:03","updated":"2025-09-25 08:00:09"},"aioseo_breadcrumb":"<div class=\"aioseo-breadcrumbs\"><span class=\"aioseo-breadcrumb\">\n\t<a href=\"https:\/\/eldigitaldeasturias.com\/magazine365\" title=\"Home\">Home<\/a>\n<\/span><span class=\"aioseo-breadcrumb-separator\">\u2013<\/span><span class=\"aioseo-breadcrumb\">\n\t<a href=\"https:\/\/eldigitaldeasturias.com\/magazine365\/category\/noticias-actualidad\/\" title=\"Noticias y Actualidad\">Noticias y Actualidad<\/a>\n<\/span><span class=\"aioseo-breadcrumb-separator\">\u2013<\/span><span class=\"aioseo-breadcrumb\">\n\t<a href=\"https:\/\/eldigitaldeasturias.com\/magazine365\/el-525-aniversario-del-descubrimiento-marca-el-rumbo-de-la-presencia-de-huelva-en-fitur\/\" title=\"El 525 Aniversario del Descubrimiento marca el rumbo de la presencia de Huelva en Fitur\">El 525 Aniversario del Descubrimiento marca el rumbo de la presencia de Huelva en Fitur<\/a>\n<\/span><\/div>","aioseo_breadcrumb_json":[{"label":"Home","link":"https:\/\/eldigitaldeasturias.com\/magazine365"},{"label":"Noticias y Actualidad","link":"https:\/\/eldigitaldeasturias.com\/magazine365\/category\/noticias-actualidad\/"},{"label":"El 525 Aniversario del Descubrimiento marca el rumbo de la presencia de Huelva en Fitur","link":"https:\/\/eldigitaldeasturias.com\/magazine365\/el-525-aniversario-del-descubrimiento-marca-el-rumbo-de-la-presencia-de-huelva-en-fitur\/"}],"_links":{"self":[{"href":"https:\/\/eldigitaldeasturias.com\/magazine365\/wp-json\/wp\/v2\/posts\/60990","targetHints":{"allow":["GET"]}}],"collection":[{"href":"https:\/\/eldigitaldeasturias.com\/magazine365\/wp-json\/wp\/v2\/posts"}],"about":[{"href":"https:\/\/eldigitaldeasturias.com\/magazine365\/wp-json\/wp\/v2\/types\/post"}],"author":[{"embeddable":true,"href":"https:\/\/eldigitaldeasturias.com\/magazine365\/wp-json\/wp\/v2\/users\/1"}],"replies":[{"embeddable":true,"href":"https:\/\/eldigitaldeasturias.com\/magazine365\/wp-json\/wp\/v2\/comments?post=60990"}],"version-history":[{"count":0,"href":"https:\/\/eldigitaldeasturias.com\/magazine365\/wp-json\/wp\/v2\/posts\/60990\/revisions"}],"wp:featuredmedia":[{"embeddable":true,"href":"https:\/\/eldigitaldeasturias.com\/magazine365\/wp-json\/wp\/v2\/media\/60991"}],"wp:attachment":[{"href":"https:\/\/eldigitaldeasturias.com\/magazine365\/wp-json\/wp\/v2\/media?parent=60990"}],"wp:term":[{"taxonomy":"category","embeddable":true,"href":"https:\/\/eldigitaldeasturias.com\/magazine365\/wp-json\/wp\/v2\/categories?post=60990"},{"taxonomy":"post_tag","embeddable":true,"href":"https:\/\/eldigitaldeasturias.com\/magazine365\/wp-json\/wp\/v2\/tags?post=60990"}],"curies":[{"name":"wp","href":"https:\/\/api.w.org\/{rel}","templated":true}]}}