{"id":60982,"date":"2016-01-19T08:02:39","date_gmt":"2016-01-19T07:02:39","guid":{"rendered":"http:\/\/eldigitaldeasturias.com\/magazine365\/?p=60982"},"modified":"2016-01-19T08:02:39","modified_gmt":"2016-01-19T07:02:39","slug":"alcaldes-de-la-comarca-de-santiago-firman-una-colaboracion-para-promocionar-el-entroido-rural-da-ulla","status":"publish","type":"post","link":"https:\/\/eldigitaldeasturias.com\/magazine365\/alcaldes-de-la-comarca-de-santiago-firman-una-colaboracion-para-promocionar-el-entroido-rural-da-ulla\/","title":{"rendered":"Alcaldes de la comarca de Santiago firman una colaboraci\u00f3n para promocionar el Entroido Rural da Ulla"},"content":{"rendered":"<p>Los alcaldes de A Estrada, Boqueix\u00f3n, Santiago de Compostela, Silleda, Teo, Touro, Vedra y Vila de Cruces han firmado este lunes, con Marti\u00f1o Noriega como anfitri\u00f3n en el Pazo de Raxoi, un acuerdo de colaboraci\u00f3n para la promoci\u00f3n conjunta del Entroido Rural Tradicional da Ulla-Xenerais da Ulla, que fue declarado Fiesta de Inter\u00e9s Tur\u00edstico de Galicai en 2013.<\/p>\n<p>   La firma, seg\u00fan ha explicado el Ayuntamiento compostelano, muestra el \u00abcompromiso\u00bb de ocho ayuntamientos par ahondar en la colaboraci\u00f3n con el fin de llevar a cabo la recuperaci\u00f3n total de esta fiesta tradicional y su consolidaci\u00f3n como un atractivo tur\u00edstico que pueda \u00abaumentar la demanda en temporada baja\u00bb.<\/p>\n<p>   El plan de promoci\u00f3n conjunta se marca cinco objetivos complementarios, que son: consolidar la recuperaci\u00f3n del Entroido da Ulla como elemento singular del patrimonio cultural; y dinamizar el turismo de territorio, con la puesta en valor del carnaval como eje vertebrador, explotando su capacidad de atracci\u00f3n y convirti\u00e9ndolo en un atractivo tur\u00edstico de primer orden en la fecha del Carnaval gallego.<\/p>\n<p>   Asimismo, incluye desarrollar una campa\u00f1a de promoci\u00f3n conjunta; facilitar un espacio de muestra, encuentro y reflexi\u00f3n entorno al Entroido da Ulla; y favorecer las situaciones y actividades intergeneracionales, culturales y etnogr\u00e1ficas de la zona, potenciando la interacci\u00f3n de la poblaci\u00f3n local con los visitantes.<\/p>\n<p>   Con el objetivo de completar la oferta de ocio y tradici\u00f3n propia de los Xenerais da Ulla, desde 2014, los ayuntamientos organizan una propuesta gastron\u00f3mica de temporada para vivir de una forma integral el Entroido Tradicional.<\/p>\n<p>   En el acto el regidor compostelano ha destacado que \u00ablos r\u00edos y las tradiciones tampoco, entienden\u00bb de l\u00edmites administraciones, por eso ha subrayado la \u00abcolaboraci\u00f3n\u00bb como algo \u00abterriblemente positivo\u00bb para defender el \u00abpatrimonio y tradici\u00f3n\u00bb.<\/p>\n","protected":false},"excerpt":{"rendered":"<p>Los alcaldes de A Estrada, Boqueix\u00f3n, Santiago de Compostela, Silleda, Teo, Touro, Vedra y Vila de Cruces han firmado este lunes, con Marti\u00f1o Noriega como anfitri\u00f3n en el Pazo de Raxoi, un acuerdo de colaboraci\u00f3n para la promoci\u00f3n conjunta del Entroido Rural Tradicional da Ulla-Xenerais da Ulla, que fue declarado Fiesta de Inter\u00e9s Tur\u00edstico de<\/p>\n","protected":false},"author":1,"featured_media":39043,"comment_status":"open","ping_status":"closed","sticky":false,"template":"","format":"standard","meta":{"footnotes":""},"categories":[224],"tags":[],"class_list":{"0":"post-60982","1":"post","2":"type-post","3":"status-publish","4":"format-standard","5":"has-post-thumbnail","7":"category-noticias-actualidad"},"aioseo_notices":[],"aioseo_head":"\n\t\t<!-- All in One SEO Pro 4.9.6.1 - aioseo.com -->\n\t<meta name=\"description\" content=\"Los alcaldes de A Estrada, Boqueix\u00f3n, Santiago de Compostela, Silleda, Teo, Touro, Vedra y Vila de Cruces han firmado este lunes, con Marti\u00f1o Noriega como anfitri\u00f3n en el Pazo de Raxoi, un acuerdo de colaboraci\u00f3n para la promoci\u00f3n conjunta del Entroido Rural Tradicional da Ulla-Xenerais da Ulla, que fue declarado Fiesta de Inter\u00e9s Tur\u00edstico de\" \/>\n\t<meta name=\"robots\" content=\"max-image-preview:large\" \/>\n\t<meta name=\"author\" content=\"admin\"\/>\n\t<meta name=\"google-site-verification\" content=\"UA-38556648-1\" \/>\n\t<meta name=\"keywords\" content=\"noticias y actualidad\" \/>\n\t<link rel=\"canonical\" href=\"https:\/\/eldigitaldeasturias.com\/magazine365\/alcaldes-de-la-comarca-de-santiago-firman-una-colaboracion-para-promocionar-el-entroido-rural-da-ulla\/\" \/>\n\t<meta name=\"generator\" content=\"All in One SEO Pro (AIOSEO) 4.9.6.1\" \/>\n\t\t<meta property=\"og:locale\" content=\"es_ES\" \/>\n\t\t<meta property=\"og:site_name\" content=\"El Digital de Asturias \u2013 Revista de ocio, turismo y estilo de vida\" \/>\n\t\t<meta property=\"og:type\" content=\"article\" \/>\n\t\t<meta property=\"og:title\" content=\"Alcaldes de la comarca de Santiago firman una colaboraci\u00f3n para promocionar el Entroido Rural da Ulla | El Digital de Asturias\" \/>\n\t\t<meta property=\"og:description\" content=\"Los alcaldes de A Estrada, Boqueix\u00f3n, Santiago de Compostela, Silleda, Teo, Touro, Vedra y Vila de Cruces han firmado este lunes, con Marti\u00f1o Noriega como anfitri\u00f3n en el Pazo de Raxoi, un acuerdo de colaboraci\u00f3n para la promoci\u00f3n conjunta del Entroido Rural Tradicional da Ulla-Xenerais da Ulla, que fue declarado Fiesta de Inter\u00e9s Tur\u00edstico de\" \/>\n\t\t<meta property=\"og:url\" content=\"https:\/\/eldigitaldeasturias.com\/magazine365\/alcaldes-de-la-comarca-de-santiago-firman-una-colaboracion-para-promocionar-el-entroido-rural-da-ulla\/\" \/>\n\t\t<meta property=\"og:image\" content=\"https:\/\/eldigitaldeasturias.com\/magazine365\/wp-content\/uploads\/2015\/06\/2015_06_06-DG-Turismo-ruta-cueva-del-Pindal-2.jpg\" \/>\n\t\t<meta property=\"og:image:secure_url\" content=\"https:\/\/eldigitaldeasturias.com\/magazine365\/wp-content\/uploads\/2015\/06\/2015_06_06-DG-Turismo-ruta-cueva-del-Pindal-2.jpg\" \/>\n\t\t<meta property=\"og:image:width\" content=\"2000\" \/>\n\t\t<meta property=\"og:image:height\" content=\"1330\" \/>\n\t\t<meta property=\"article:published_time\" content=\"2016-01-19T07:02:39+00:00\" \/>\n\t\t<meta property=\"article:modified_time\" content=\"2016-01-19T07:02:39+00:00\" \/>\n\t\t<meta name=\"twitter:card\" content=\"summary_large_image\" \/>\n\t\t<meta name=\"twitter:title\" content=\"Alcaldes de la comarca de Santiago firman una colaboraci\u00f3n para promocionar el Entroido Rural da Ulla | El Digital de Asturias\" \/>\n\t\t<meta name=\"twitter:description\" content=\"Los alcaldes de A Estrada, Boqueix\u00f3n, Santiago de Compostela, Silleda, Teo, Touro, Vedra y Vila de Cruces han firmado este lunes, con Marti\u00f1o Noriega como anfitri\u00f3n en el Pazo de Raxoi, un acuerdo de colaboraci\u00f3n para la promoci\u00f3n conjunta del Entroido Rural Tradicional da Ulla-Xenerais da Ulla, que fue declarado Fiesta de Inter\u00e9s Tur\u00edstico de\" \/>\n\t\t<meta name=\"twitter:image\" content=\"https:\/\/eldigitaldeasturias.com\/magazine365\/wp-content\/uploads\/2015\/06\/2015_06_06-DG-Turismo-ruta-cueva-del-Pindal-2.jpg\" \/>\n\t\t<script type=\"application\/ld+json\" class=\"aioseo-schema\">\n\t\t\t{\"@context\":\"https:\\\/\\\/schema.org\",\"@graph\":[{\"@type\":\"Article\",\"@id\":\"https:\\\/\\\/eldigitaldeasturias.com\\\/magazine365\\\/alcaldes-de-la-comarca-de-santiago-firman-una-colaboracion-para-promocionar-el-entroido-rural-da-ulla\\\/#article\",\"name\":\"Alcaldes de la comarca de Santiago firman una colaboraci\\u00f3n para promocionar el Entroido Rural da Ulla | El Digital de Asturias\",\"headline\":\"Alcaldes de la comarca de Santiago firman una colaboraci\\u00f3n para promocionar el Entroido Rural da Ulla\",\"author\":{\"@id\":\"https:\\\/\\\/eldigitaldeasturias.com\\\/magazine365\\\/author\\\/admin\\\/#author\"},\"publisher\":{\"@id\":\"https:\\\/\\\/eldigitaldeasturias.com\\\/magazine365\\\/#organization\"},\"image\":{\"@type\":\"ImageObject\",\"url\":\"https:\\\/\\\/eldigitaldeasturias.com\\\/magazine365\\\/wp-content\\\/uploads\\\/2015\\\/06\\\/2015_06_06-DG-Turismo-ruta-cueva-del-Pindal-2.jpg\",\"width\":2000,\"height\":1330},\"datePublished\":\"2016-01-19T08:02:39+01:00\",\"dateModified\":\"2016-01-19T08:02:39+01:00\",\"inLanguage\":\"es-ES\",\"mainEntityOfPage\":{\"@id\":\"https:\\\/\\\/eldigitaldeasturias.com\\\/magazine365\\\/alcaldes-de-la-comarca-de-santiago-firman-una-colaboracion-para-promocionar-el-entroido-rural-da-ulla\\\/#webpage\"},\"isPartOf\":{\"@id\":\"https:\\\/\\\/eldigitaldeasturias.com\\\/magazine365\\\/alcaldes-de-la-comarca-de-santiago-firman-una-colaboracion-para-promocionar-el-entroido-rural-da-ulla\\\/#webpage\"},\"articleSection\":\"Noticias y Actualidad\"},{\"@type\":\"BreadcrumbList\",\"@id\":\"https:\\\/\\\/eldigitaldeasturias.com\\\/magazine365\\\/alcaldes-de-la-comarca-de-santiago-firman-una-colaboracion-para-promocionar-el-entroido-rural-da-ulla\\\/#breadcrumblist\",\"itemListElement\":[{\"@type\":\"ListItem\",\"@id\":\"https:\\\/\\\/eldigitaldeasturias.com\\\/magazine365#listItem\",\"position\":1,\"name\":\"Home\",\"item\":\"https:\\\/\\\/eldigitaldeasturias.com\\\/magazine365\",\"nextItem\":{\"@type\":\"ListItem\",\"@id\":\"https:\\\/\\\/eldigitaldeasturias.com\\\/magazine365\\\/category\\\/noticias-actualidad\\\/#listItem\",\"name\":\"Noticias y Actualidad\"}},{\"@type\":\"ListItem\",\"@id\":\"https:\\\/\\\/eldigitaldeasturias.com\\\/magazine365\\\/category\\\/noticias-actualidad\\\/#listItem\",\"position\":2,\"name\":\"Noticias y Actualidad\",\"item\":\"https:\\\/\\\/eldigitaldeasturias.com\\\/magazine365\\\/category\\\/noticias-actualidad\\\/\",\"nextItem\":{\"@type\":\"ListItem\",\"@id\":\"https:\\\/\\\/eldigitaldeasturias.com\\\/magazine365\\\/alcaldes-de-la-comarca-de-santiago-firman-una-colaboracion-para-promocionar-el-entroido-rural-da-ulla\\\/#listItem\",\"name\":\"Alcaldes de la comarca de Santiago firman una colaboraci\\u00f3n para promocionar el Entroido Rural da Ulla\"},\"previousItem\":{\"@type\":\"ListItem\",\"@id\":\"https:\\\/\\\/eldigitaldeasturias.com\\\/magazine365#listItem\",\"name\":\"Home\"}},{\"@type\":\"ListItem\",\"@id\":\"https:\\\/\\\/eldigitaldeasturias.com\\\/magazine365\\\/alcaldes-de-la-comarca-de-santiago-firman-una-colaboracion-para-promocionar-el-entroido-rural-da-ulla\\\/#listItem\",\"position\":3,\"name\":\"Alcaldes de la comarca de Santiago firman una colaboraci\\u00f3n para promocionar el Entroido Rural da Ulla\",\"previousItem\":{\"@type\":\"ListItem\",\"@id\":\"https:\\\/\\\/eldigitaldeasturias.com\\\/magazine365\\\/category\\\/noticias-actualidad\\\/#listItem\",\"name\":\"Noticias y Actualidad\"}}]},{\"@type\":\"Organization\",\"@id\":\"https:\\\/\\\/eldigitaldeasturias.com\\\/magazine365\\\/#organization\",\"name\":\"El digital de Asturias\",\"description\":\"Revista de ocio, turismo y estilo de vida\",\"url\":\"https:\\\/\\\/eldigitaldeasturias.com\\\/magazine365\\\/\",\"logo\":{\"@type\":\"ImageObject\",\"url\":\"https:\\\/\\\/www.eldigitaldeasturias.com\\\/noticias\\\/wp-content\\\/uploads\\\/2020\\\/12\\\/EDA.jpg\",\"@id\":\"https:\\\/\\\/eldigitaldeasturias.com\\\/magazine365\\\/alcaldes-de-la-comarca-de-santiago-firman-una-colaboracion-para-promocionar-el-entroido-rural-da-ulla\\\/#organizationLogo\"},\"image\":{\"@id\":\"https:\\\/\\\/eldigitaldeasturias.com\\\/magazine365\\\/alcaldes-de-la-comarca-de-santiago-firman-una-colaboracion-para-promocionar-el-entroido-rural-da-ulla\\\/#organizationLogo\"}},{\"@type\":\"Person\",\"@id\":\"https:\\\/\\\/eldigitaldeasturias.com\\\/magazine365\\\/author\\\/admin\\\/#author\",\"url\":\"https:\\\/\\\/eldigitaldeasturias.com\\\/magazine365\\\/author\\\/admin\\\/\",\"name\":\"admin\",\"image\":{\"@type\":\"ImageObject\",\"@id\":\"https:\\\/\\\/eldigitaldeasturias.com\\\/magazine365\\\/alcaldes-de-la-comarca-de-santiago-firman-una-colaboracion-para-promocionar-el-entroido-rural-da-ulla\\\/#authorImage\",\"url\":\"https:\\\/\\\/eldigitaldeasturias.com\\\/magazine365\\\/wp-content\\\/litespeed\\\/avatar\\\/e571bcf59a0edd6fa6838245a470f2fe.jpg?ver=1776969259\",\"width\":96,\"height\":96,\"caption\":\"admin\"}},{\"@type\":\"WebPage\",\"@id\":\"https:\\\/\\\/eldigitaldeasturias.com\\\/magazine365\\\/alcaldes-de-la-comarca-de-santiago-firman-una-colaboracion-para-promocionar-el-entroido-rural-da-ulla\\\/#webpage\",\"url\":\"https:\\\/\\\/eldigitaldeasturias.com\\\/magazine365\\\/alcaldes-de-la-comarca-de-santiago-firman-una-colaboracion-para-promocionar-el-entroido-rural-da-ulla\\\/\",\"name\":\"Alcaldes de la comarca de Santiago firman una colaboraci\\u00f3n para promocionar el Entroido Rural da Ulla | El Digital de Asturias\",\"description\":\"Los alcaldes de A Estrada, Boqueix\\u00f3n, Santiago de Compostela, Silleda, Teo, Touro, Vedra y Vila de Cruces han firmado este lunes, con Marti\\u00f1o Noriega como anfitri\\u00f3n en el Pazo de Raxoi, un acuerdo de colaboraci\\u00f3n para la promoci\\u00f3n conjunta del Entroido Rural Tradicional da Ulla-Xenerais da Ulla, que fue declarado Fiesta de Inter\\u00e9s Tur\\u00edstico de\",\"inLanguage\":\"es-ES\",\"isPartOf\":{\"@id\":\"https:\\\/\\\/eldigitaldeasturias.com\\\/magazine365\\\/#website\"},\"breadcrumb\":{\"@id\":\"https:\\\/\\\/eldigitaldeasturias.com\\\/magazine365\\\/alcaldes-de-la-comarca-de-santiago-firman-una-colaboracion-para-promocionar-el-entroido-rural-da-ulla\\\/#breadcrumblist\"},\"author\":{\"@id\":\"https:\\\/\\\/eldigitaldeasturias.com\\\/magazine365\\\/author\\\/admin\\\/#author\"},\"creator\":{\"@id\":\"https:\\\/\\\/eldigitaldeasturias.com\\\/magazine365\\\/author\\\/admin\\\/#author\"},\"image\":{\"@type\":\"ImageObject\",\"url\":\"https:\\\/\\\/eldigitaldeasturias.com\\\/magazine365\\\/wp-content\\\/uploads\\\/2015\\\/06\\\/2015_06_06-DG-Turismo-ruta-cueva-del-Pindal-2.jpg\",\"@id\":\"https:\\\/\\\/eldigitaldeasturias.com\\\/magazine365\\\/alcaldes-de-la-comarca-de-santiago-firman-una-colaboracion-para-promocionar-el-entroido-rural-da-ulla\\\/#mainImage\",\"width\":2000,\"height\":1330},\"primaryImageOfPage\":{\"@id\":\"https:\\\/\\\/eldigitaldeasturias.com\\\/magazine365\\\/alcaldes-de-la-comarca-de-santiago-firman-una-colaboracion-para-promocionar-el-entroido-rural-da-ulla\\\/#mainImage\"},\"datePublished\":\"2016-01-19T08:02:39+01:00\",\"dateModified\":\"2016-01-19T08:02:39+01:00\"},{\"@type\":\"WebSite\",\"@id\":\"https:\\\/\\\/eldigitaldeasturias.com\\\/magazine365\\\/#website\",\"url\":\"https:\\\/\\\/eldigitaldeasturias.com\\\/magazine365\\\/\",\"name\":\"El Digital de Asturias\",\"description\":\"Revista de ocio, turismo y estilo de vida\",\"inLanguage\":\"es-ES\",\"publisher\":{\"@id\":\"https:\\\/\\\/eldigitaldeasturias.com\\\/magazine365\\\/#organization\"}}]}\n\t\t<\/script>\n\t\t<!-- All in One SEO Pro -->\r\n\t\t<title>Alcaldes de la comarca de Santiago firman una colaboraci\u00f3n para promocionar el Entroido Rural da Ulla | El Digital de Asturias<\/title>\n\n","aioseo_head_json":{"title":"Alcaldes de la comarca de Santiago firman una colaboraci\u00f3n para promocionar el Entroido Rural da Ulla | El Digital de Asturias","description":"Los alcaldes de A Estrada, Boqueix\u00f3n, Santiago de Compostela, Silleda, Teo, Touro, Vedra y Vila de Cruces han firmado este lunes, con Marti\u00f1o Noriega como anfitri\u00f3n en el Pazo de Raxoi, un acuerdo de colaboraci\u00f3n para la promoci\u00f3n conjunta del Entroido Rural Tradicional da Ulla-Xenerais da Ulla, que fue declarado Fiesta de Inter\u00e9s Tur\u00edstico de","canonical_url":"https:\/\/eldigitaldeasturias.com\/magazine365\/alcaldes-de-la-comarca-de-santiago-firman-una-colaboracion-para-promocionar-el-entroido-rural-da-ulla\/","robots":"max-image-preview:large","keywords":"noticias y actualidad","webmasterTools":{"google-site-verification":"UA-38556648-1","miscellaneous":""},"schema":{"@context":"https:\/\/schema.org","@graph":[{"@type":"Article","@id":"https:\/\/eldigitaldeasturias.com\/magazine365\/alcaldes-de-la-comarca-de-santiago-firman-una-colaboracion-para-promocionar-el-entroido-rural-da-ulla\/#article","name":"Alcaldes de la comarca de Santiago firman una colaboraci\u00f3n para promocionar el Entroido Rural da Ulla | El Digital de Asturias","headline":"Alcaldes de la comarca de Santiago firman una colaboraci\u00f3n para promocionar el Entroido Rural da Ulla","author":{"@id":"https:\/\/eldigitaldeasturias.com\/magazine365\/author\/admin\/#author"},"publisher":{"@id":"https:\/\/eldigitaldeasturias.com\/magazine365\/#organization"},"image":{"@type":"ImageObject","url":"https:\/\/eldigitaldeasturias.com\/magazine365\/wp-content\/uploads\/2015\/06\/2015_06_06-DG-Turismo-ruta-cueva-del-Pindal-2.jpg","width":2000,"height":1330},"datePublished":"2016-01-19T08:02:39+01:00","dateModified":"2016-01-19T08:02:39+01:00","inLanguage":"es-ES","mainEntityOfPage":{"@id":"https:\/\/eldigitaldeasturias.com\/magazine365\/alcaldes-de-la-comarca-de-santiago-firman-una-colaboracion-para-promocionar-el-entroido-rural-da-ulla\/#webpage"},"isPartOf":{"@id":"https:\/\/eldigitaldeasturias.com\/magazine365\/alcaldes-de-la-comarca-de-santiago-firman-una-colaboracion-para-promocionar-el-entroido-rural-da-ulla\/#webpage"},"articleSection":"Noticias y Actualidad"},{"@type":"BreadcrumbList","@id":"https:\/\/eldigitaldeasturias.com\/magazine365\/alcaldes-de-la-comarca-de-santiago-firman-una-colaboracion-para-promocionar-el-entroido-rural-da-ulla\/#breadcrumblist","itemListElement":[{"@type":"ListItem","@id":"https:\/\/eldigitaldeasturias.com\/magazine365#listItem","position":1,"name":"Home","item":"https:\/\/eldigitaldeasturias.com\/magazine365","nextItem":{"@type":"ListItem","@id":"https:\/\/eldigitaldeasturias.com\/magazine365\/category\/noticias-actualidad\/#listItem","name":"Noticias y Actualidad"}},{"@type":"ListItem","@id":"https:\/\/eldigitaldeasturias.com\/magazine365\/category\/noticias-actualidad\/#listItem","position":2,"name":"Noticias y Actualidad","item":"https:\/\/eldigitaldeasturias.com\/magazine365\/category\/noticias-actualidad\/","nextItem":{"@type":"ListItem","@id":"https:\/\/eldigitaldeasturias.com\/magazine365\/alcaldes-de-la-comarca-de-santiago-firman-una-colaboracion-para-promocionar-el-entroido-rural-da-ulla\/#listItem","name":"Alcaldes de la comarca de Santiago firman una colaboraci\u00f3n para promocionar el Entroido Rural da Ulla"},"previousItem":{"@type":"ListItem","@id":"https:\/\/eldigitaldeasturias.com\/magazine365#listItem","name":"Home"}},{"@type":"ListItem","@id":"https:\/\/eldigitaldeasturias.com\/magazine365\/alcaldes-de-la-comarca-de-santiago-firman-una-colaboracion-para-promocionar-el-entroido-rural-da-ulla\/#listItem","position":3,"name":"Alcaldes de la comarca de Santiago firman una colaboraci\u00f3n para promocionar el Entroido Rural da Ulla","previousItem":{"@type":"ListItem","@id":"https:\/\/eldigitaldeasturias.com\/magazine365\/category\/noticias-actualidad\/#listItem","name":"Noticias y Actualidad"}}]},{"@type":"Organization","@id":"https:\/\/eldigitaldeasturias.com\/magazine365\/#organization","name":"El digital de Asturias","description":"Revista de ocio, turismo y estilo de vida","url":"https:\/\/eldigitaldeasturias.com\/magazine365\/","logo":{"@type":"ImageObject","url":"https:\/\/www.eldigitaldeasturias.com\/noticias\/wp-content\/uploads\/2020\/12\/EDA.jpg","@id":"https:\/\/eldigitaldeasturias.com\/magazine365\/alcaldes-de-la-comarca-de-santiago-firman-una-colaboracion-para-promocionar-el-entroido-rural-da-ulla\/#organizationLogo"},"image":{"@id":"https:\/\/eldigitaldeasturias.com\/magazine365\/alcaldes-de-la-comarca-de-santiago-firman-una-colaboracion-para-promocionar-el-entroido-rural-da-ulla\/#organizationLogo"}},{"@type":"Person","@id":"https:\/\/eldigitaldeasturias.com\/magazine365\/author\/admin\/#author","url":"https:\/\/eldigitaldeasturias.com\/magazine365\/author\/admin\/","name":"admin","image":{"@type":"ImageObject","@id":"https:\/\/eldigitaldeasturias.com\/magazine365\/alcaldes-de-la-comarca-de-santiago-firman-una-colaboracion-para-promocionar-el-entroido-rural-da-ulla\/#authorImage","url":"https:\/\/eldigitaldeasturias.com\/magazine365\/wp-content\/litespeed\/avatar\/e571bcf59a0edd6fa6838245a470f2fe.jpg?ver=1776969259","width":96,"height":96,"caption":"admin"}},{"@type":"WebPage","@id":"https:\/\/eldigitaldeasturias.com\/magazine365\/alcaldes-de-la-comarca-de-santiago-firman-una-colaboracion-para-promocionar-el-entroido-rural-da-ulla\/#webpage","url":"https:\/\/eldigitaldeasturias.com\/magazine365\/alcaldes-de-la-comarca-de-santiago-firman-una-colaboracion-para-promocionar-el-entroido-rural-da-ulla\/","name":"Alcaldes de la comarca de Santiago firman una colaboraci\u00f3n para promocionar el Entroido Rural da Ulla | El Digital de Asturias","description":"Los alcaldes de A Estrada, Boqueix\u00f3n, Santiago de Compostela, Silleda, Teo, Touro, Vedra y Vila de Cruces han firmado este lunes, con Marti\u00f1o Noriega como anfitri\u00f3n en el Pazo de Raxoi, un acuerdo de colaboraci\u00f3n para la promoci\u00f3n conjunta del Entroido Rural Tradicional da Ulla-Xenerais da Ulla, que fue declarado Fiesta de Inter\u00e9s Tur\u00edstico de","inLanguage":"es-ES","isPartOf":{"@id":"https:\/\/eldigitaldeasturias.com\/magazine365\/#website"},"breadcrumb":{"@id":"https:\/\/eldigitaldeasturias.com\/magazine365\/alcaldes-de-la-comarca-de-santiago-firman-una-colaboracion-para-promocionar-el-entroido-rural-da-ulla\/#breadcrumblist"},"author":{"@id":"https:\/\/eldigitaldeasturias.com\/magazine365\/author\/admin\/#author"},"creator":{"@id":"https:\/\/eldigitaldeasturias.com\/magazine365\/author\/admin\/#author"},"image":{"@type":"ImageObject","url":"https:\/\/eldigitaldeasturias.com\/magazine365\/wp-content\/uploads\/2015\/06\/2015_06_06-DG-Turismo-ruta-cueva-del-Pindal-2.jpg","@id":"https:\/\/eldigitaldeasturias.com\/magazine365\/alcaldes-de-la-comarca-de-santiago-firman-una-colaboracion-para-promocionar-el-entroido-rural-da-ulla\/#mainImage","width":2000,"height":1330},"primaryImageOfPage":{"@id":"https:\/\/eldigitaldeasturias.com\/magazine365\/alcaldes-de-la-comarca-de-santiago-firman-una-colaboracion-para-promocionar-el-entroido-rural-da-ulla\/#mainImage"},"datePublished":"2016-01-19T08:02:39+01:00","dateModified":"2016-01-19T08:02:39+01:00"},{"@type":"WebSite","@id":"https:\/\/eldigitaldeasturias.com\/magazine365\/#website","url":"https:\/\/eldigitaldeasturias.com\/magazine365\/","name":"El Digital de Asturias","description":"Revista de ocio, turismo y estilo de vida","inLanguage":"es-ES","publisher":{"@id":"https:\/\/eldigitaldeasturias.com\/magazine365\/#organization"}}]},"og:locale":"es_ES","og:site_name":"El Digital de Asturias \u2013 Revista de ocio, turismo y estilo de vida","og:type":"article","og:title":"Alcaldes de la comarca de Santiago firman una colaboraci\u00f3n para promocionar el Entroido Rural da Ulla | El Digital de Asturias","og:description":"Los alcaldes de A Estrada, Boqueix\u00f3n, Santiago de Compostela, Silleda, Teo, Touro, Vedra y Vila de Cruces han firmado este lunes, con Marti\u00f1o Noriega como anfitri\u00f3n en el Pazo de Raxoi, un acuerdo de colaboraci\u00f3n para la promoci\u00f3n conjunta del Entroido Rural Tradicional da Ulla-Xenerais da Ulla, que fue declarado Fiesta de Inter\u00e9s Tur\u00edstico de","og:url":"https:\/\/eldigitaldeasturias.com\/magazine365\/alcaldes-de-la-comarca-de-santiago-firman-una-colaboracion-para-promocionar-el-entroido-rural-da-ulla\/","og:image":"https:\/\/eldigitaldeasturias.com\/magazine365\/wp-content\/uploads\/2015\/06\/2015_06_06-DG-Turismo-ruta-cueva-del-Pindal-2.jpg","og:image:secure_url":"https:\/\/eldigitaldeasturias.com\/magazine365\/wp-content\/uploads\/2015\/06\/2015_06_06-DG-Turismo-ruta-cueva-del-Pindal-2.jpg","og:image:width":2000,"og:image:height":1330,"article:published_time":"2016-01-19T07:02:39+00:00","article:modified_time":"2016-01-19T07:02:39+00:00","twitter:card":"summary_large_image","twitter:title":"Alcaldes de la comarca de Santiago firman una colaboraci\u00f3n para promocionar el Entroido Rural da Ulla | El Digital de Asturias","twitter:description":"Los alcaldes de A Estrada, Boqueix\u00f3n, Santiago de Compostela, Silleda, Teo, Touro, Vedra y Vila de Cruces han firmado este lunes, con Marti\u00f1o Noriega como anfitri\u00f3n en el Pazo de Raxoi, un acuerdo de colaboraci\u00f3n para la promoci\u00f3n conjunta del Entroido Rural Tradicional da Ulla-Xenerais da Ulla, que fue declarado Fiesta de Inter\u00e9s Tur\u00edstico de","twitter:image":"https:\/\/eldigitaldeasturias.com\/magazine365\/wp-content\/uploads\/2015\/06\/2015_06_06-DG-Turismo-ruta-cueva-del-Pindal-2.jpg"},"aioseo_meta_data":{"post_id":"60982","title":null,"description":null,"keywords":null,"keyphrases":null,"primary_term":null,"canonical_url":null,"og_title":null,"og_description":null,"og_object_type":"default","og_image_type":"default","og_image_url":null,"og_image_width":null,"og_image_height":null,"og_image_custom_url":null,"og_image_custom_fields":null,"og_video":null,"og_custom_url":null,"og_article_section":null,"og_article_tags":null,"twitter_use_og":false,"twitter_card":"default","twitter_image_type":"default","twitter_image_url":null,"twitter_image_custom_url":null,"twitter_image_custom_fields":null,"twitter_title":null,"twitter_description":null,"schema":{"blockGraphs":[],"customGraphs":[],"default":{"data":{"Article":[],"Course":[],"Dataset":[],"FAQPage":[],"Movie":[],"Person":[],"Product":[],"ProductReview":[],"Car":[],"Recipe":[],"Service":[],"SoftwareApplication":[],"WebPage":[]},"graphName":"","isEnabled":true},"graphs":[],"defaultGraph":"","defaultPostTypeGraph":""},"schema_type":null,"schema_type_options":null,"pillar_content":false,"robots_default":true,"robots_noindex":false,"robots_noarchive":false,"robots_nosnippet":false,"robots_nofollow":false,"robots_noimageindex":false,"robots_noodp":false,"robots_notranslate":false,"robots_max_snippet":null,"robots_max_videopreview":null,"robots_max_imagepreview":"large","priority":null,"frequency":null,"location":null,"local_seo":null,"seo_analyzer_scan_date":"2025-09-25 07:58:24","breadcrumb_settings":null,"limit_modified_date":false,"open_ai":null,"ai":null,"created":"2021-03-08 21:54:47","updated":"2025-09-25 07:58:24"},"aioseo_breadcrumb":"<div class=\"aioseo-breadcrumbs\"><span class=\"aioseo-breadcrumb\">\n\t<a href=\"https:\/\/eldigitaldeasturias.com\/magazine365\" title=\"Home\">Home<\/a>\n<\/span><span class=\"aioseo-breadcrumb-separator\">\u2013<\/span><span class=\"aioseo-breadcrumb\">\n\t<a href=\"https:\/\/eldigitaldeasturias.com\/magazine365\/category\/noticias-actualidad\/\" title=\"Noticias y Actualidad\">Noticias y Actualidad<\/a>\n<\/span><span class=\"aioseo-breadcrumb-separator\">\u2013<\/span><span class=\"aioseo-breadcrumb\">\n\t<a href=\"https:\/\/eldigitaldeasturias.com\/magazine365\/alcaldes-de-la-comarca-de-santiago-firman-una-colaboracion-para-promocionar-el-entroido-rural-da-ulla\/\" title=\"Alcaldes de la comarca de Santiago firman una colaboraci\u00f3n para promocionar el Entroido Rural da Ulla\">Alcaldes de la comarca de Santiago firman una colaboraci\u00f3n para promocionar el Entroido Rural da Ulla<\/a>\n<\/span><\/div>","aioseo_breadcrumb_json":[{"label":"Home","link":"https:\/\/eldigitaldeasturias.com\/magazine365"},{"label":"Noticias y Actualidad","link":"https:\/\/eldigitaldeasturias.com\/magazine365\/category\/noticias-actualidad\/"},{"label":"Alcaldes de la comarca de Santiago firman una colaboraci\u00f3n para promocionar el Entroido Rural da Ulla","link":"https:\/\/eldigitaldeasturias.com\/magazine365\/alcaldes-de-la-comarca-de-santiago-firman-una-colaboracion-para-promocionar-el-entroido-rural-da-ulla\/"}],"_links":{"self":[{"href":"https:\/\/eldigitaldeasturias.com\/magazine365\/wp-json\/wp\/v2\/posts\/60982","targetHints":{"allow":["GET"]}}],"collection":[{"href":"https:\/\/eldigitaldeasturias.com\/magazine365\/wp-json\/wp\/v2\/posts"}],"about":[{"href":"https:\/\/eldigitaldeasturias.com\/magazine365\/wp-json\/wp\/v2\/types\/post"}],"author":[{"embeddable":true,"href":"https:\/\/eldigitaldeasturias.com\/magazine365\/wp-json\/wp\/v2\/users\/1"}],"replies":[{"embeddable":true,"href":"https:\/\/eldigitaldeasturias.com\/magazine365\/wp-json\/wp\/v2\/comments?post=60982"}],"version-history":[{"count":0,"href":"https:\/\/eldigitaldeasturias.com\/magazine365\/wp-json\/wp\/v2\/posts\/60982\/revisions"}],"wp:featuredmedia":[{"embeddable":true,"href":"https:\/\/eldigitaldeasturias.com\/magazine365\/wp-json\/wp\/v2\/media\/39043"}],"wp:attachment":[{"href":"https:\/\/eldigitaldeasturias.com\/magazine365\/wp-json\/wp\/v2\/media?parent=60982"}],"wp:term":[{"taxonomy":"category","embeddable":true,"href":"https:\/\/eldigitaldeasturias.com\/magazine365\/wp-json\/wp\/v2\/categories?post=60982"},{"taxonomy":"post_tag","embeddable":true,"href":"https:\/\/eldigitaldeasturias.com\/magazine365\/wp-json\/wp\/v2\/tags?post=60982"}],"curies":[{"name":"wp","href":"https:\/\/api.w.org\/{rel}","templated":true}]}}