{"id":60979,"date":"2016-01-19T07:59:49","date_gmt":"2016-01-19T06:59:49","guid":{"rendered":"http:\/\/eldigitaldeasturias.com\/magazine365\/?p=60979"},"modified":"2016-01-19T07:59:49","modified_gmt":"2016-01-19T06:59:49","slug":"cordoba-presentara-en-fitur-un-programa-con-mas-de-60-propuestas-turisticas","status":"publish","type":"post","link":"https:\/\/eldigitaldeasturias.com\/magazine365\/cordoba-presentara-en-fitur-un-programa-con-mas-de-60-propuestas-turisticas\/","title":{"rendered":"C\u00f3rdoba presentar\u00e1 en Fitur un programa con m\u00e1s de 60 propuestas tur\u00edsticas"},"content":{"rendered":"<p><img fetchpriority=\"high\" decoding=\"async\" class=\"alignleft size-medium wp-image-60980\" src=\"https:\/\/eldigitaldeasturias.com\/magazine365\/wp-content\/uploads\/2016\/01\/fotonoticia_20160118151723_800-360x239.jpg\" alt=\"fotonoticia_20160118151723_800\" width=\"360\" height=\"239\" srcset=\"https:\/\/eldigitaldeasturias.com\/magazine365\/wp-content\/uploads\/2016\/01\/fotonoticia_20160118151723_800-360x239.jpg 360w, https:\/\/eldigitaldeasturias.com\/magazine365\/wp-content\/uploads\/2016\/01\/fotonoticia_20160118151723_800-650x431.jpg 650w, https:\/\/eldigitaldeasturias.com\/magazine365\/wp-content\/uploads\/2016\/01\/fotonoticia_20160118151723_800-768x510.jpg 768w, https:\/\/eldigitaldeasturias.com\/magazine365\/wp-content\/uploads\/2016\/01\/fotonoticia_20160118151723_800-150x100.jpg 150w, https:\/\/eldigitaldeasturias.com\/magazine365\/wp-content\/uploads\/2016\/01\/fotonoticia_20160118151723_800-450x299.jpg 450w, https:\/\/eldigitaldeasturias.com\/magazine365\/wp-content\/uploads\/2016\/01\/fotonoticia_20160118151723_800-696x462.jpg 696w, https:\/\/eldigitaldeasturias.com\/magazine365\/wp-content\/uploads\/2016\/01\/fotonoticia_20160118151723_800-633x420.jpg 633w, https:\/\/eldigitaldeasturias.com\/magazine365\/wp-content\/uploads\/2016\/01\/fotonoticia_20160118151723_800-121x79.jpg 121w, https:\/\/eldigitaldeasturias.com\/magazine365\/wp-content\/uploads\/2016\/01\/fotonoticia_20160118151723_800-101x66.jpg 101w, https:\/\/eldigitaldeasturias.com\/magazine365\/wp-content\/uploads\/2016\/01\/fotonoticia_20160118151723_800.jpg 800w\" sizes=\"(max-width: 360px) 100vw, 360px\" \/>La Diputaci\u00f3n de C\u00f3rdoba, a trav\u00e9s del Patronato Provincial de Turismo, y el Ayuntamiento cordob\u00e9s, mediante el Consorcio de Turismo, llegan este a\u00f1o a la Feria Internacional del Turismo (Fitur) 2016, que se celebra en Madrid del 20 al 24 de enero, con un completo y variado programa de presentaciones &#8211;24 en el caso de la capital y 42 de municipios&#8211;, en el que se potenciar\u00e1n microsegmentos tur\u00edsticos y se dar\u00e1n a conocer nuevos productos vinculados al turismo ecuestre, el gastron\u00f3mico y el cultural o monumental.<\/p>\n<p>En rueda de prensa la delegada de Turismo en la instituci\u00f3n provincial y vicepresidenta del Patronato Provincial de Turismo, Carmen G\u00f3mez, ha insistido este lunes en que \u00abapostamos por los microsegmentos conscientes de la provincia tan plural, singular y diversa que tenemos\u00bb, al igual que segmentos tur\u00edsticos que ya est\u00e1n consolidados \u00abcomo el cultural, el monumental o el de congresos\u00bb.<\/p>\n<p>En relaci\u00f3n con estos nuevos segmentos, G\u00f3mez se ha referido al turismo de naturaleza, dentro del que \u00abse dar\u00e1n a conocer productos relacionados con la caza, la pesca, en espacios protegidos como las Lagunas de Z\u00f3\u00f1ar o como el que trae el valle de Los Pedroches que pronto ser\u00e1 destino &#8216;Starlight'\u00bb.<\/p>\n<p>Adem\u00e1s, la diputada provincial ha destacado el turismo activo en el entorno del Guadalquivir y el ocio acu\u00e1tico en la Subb\u00e9tica, los proyectos de enoturismo de la Campi\u00f1a Sur, los vinculados al flamenco &#8211;con la 50\u00aa edici\u00f3n del Festival de Cante &#8216;Grande Fosforito&#8217;&#8211;, la oferta de turismo &#8216;gay-friendly&#8217; \u00abque presenta su primera gu\u00eda de la provincia impulsada por el Patronato y el Ayuntamiento de C\u00f3rdoba\u00bb o el turismo en torno al patrimonio minero con las rutas del Valle del Guadiato.<\/p>\n<p>De igual modo, G\u00f3mez ha subrayado otros \u00abproductos estrella\u00bb enmarcados en el turismo cultural, donde ha destacado A\u00f1o del Inca Garcilaso y de Miguel de Cervantes, en el cuarto centenario de su muerte, a la candidatura de Lucena a &#8216;Ciudad creativa de la m\u00fasica&#8217;, \u00abun proyecto que pretende convertir el municipio en punto de encuentro de creadores de patrimonio musical\u00bb; y al turismo gastron\u00f3mico, con la 3\u00aa edici\u00f3n del &#8216;C\u00f3rdoba Califato Gourmet&#8217;.<\/p>\n<p>42 PRESENTACIONES DE MUNICIPIOS<\/p>\n<p>La diputada ha a\u00f1adido que \u00abser\u00e1n 42 las presentaciones de municipios y habr\u00e1 una sala del estand de Turismo Andaluz para presentaciones provinciales todos los d\u00edas de feria profesional; ser\u00e1n presentaciones de inter\u00e9s tur\u00edstico comarcal como las de &#8216;Subb\u00e9tica: punto destino&#8217; o Los Pedroches.<\/p>\n<p>\u00abDurante todos los d\u00edas, tendremos degustaci\u00f3n de productos gastron\u00f3micos bajo Denominaci\u00f3n de Origen de la provincia\u00bb, ha se\u00f1alado G\u00f3mez, que ha a\u00f1adido que \u00bb el s\u00e1bado y el domingo se va a dinamizar el estand del Patronato de C\u00f3rdoba con espect\u00e1culos de flamenco\u00bb.<\/p>\n<p>Entre las novedades, ha continuado G\u00f3mez, \u00abel estand contar\u00e1 con m\u00e1s fotograf\u00edas de la capital, la provincia y los patios, habr\u00e1 una proyecci\u00f3n audiovisual y se promocionar\u00e1 la artesan\u00eda del olivo el s\u00e1bado para potenciar as\u00ed la marca Zonas de Inter\u00e9s Artesanal de Andaluc\u00eda\u00bb.<\/p>\n<p>Para concluir, la vicepresidenta del Patronato Provincial de Turismo, ha se\u00f1alado que todo este trabajo es \u00abpara demostrar al mundo que C\u00f3rdoba es un destino tur\u00edstico vacacional, que tenemos mucho que ofrecer, con calidad, con una amplia oferta, y que adem\u00e1s es diferente\u00bb.<\/p>\n<p>\u00abTRABAJO CONJUNTO\u00bb<\/p>\n<p>Por su parte, el primer teniente de alcalde y concejal de Turismo en el Ayuntamiento de C\u00f3rdoba, Pedro Garc\u00eda, ha valorado el \u00abtrabajo conjunto de las dos instituciones, ya que es importante la colaboraci\u00f3n y coordinaci\u00f3n para ahorrar esfuerzos y gastos y sumar en la promoci\u00f3n y comercializaci\u00f3n de la ciudad y la provincia\u00bb.<\/p>\n<p>Garc\u00eda ha destacado la importancia de \u00abhacer un gran paquete, donde tanto la ciudad como la provincia se vean reconocidas en esta important\u00edsima feria de turismo\u00bb, que es uno de los \u00abgrandes hitos a lo largo del a\u00f1o desde el punto de vista tur\u00edstico\u00bb, y ha se\u00f1alado \u00abganas e ilusi\u00f3n de poner a C\u00f3rdoba en el centro del mundo tur\u00edstico\u00bb.<\/p>\n<p>En este sentido, el primer teniente de alcalde ha se\u00f1alado que \u00ablos datos de este a\u00f1o han sido magn\u00edficos desde el punto de vista de las visitas y pernoctaciones, donde la mayor\u00eda de los puentes han terminado con un 85 por ciento de ocupaci\u00f3n hotelera\u00bb, y ha afirmado que ha habido \u00abuna grand\u00edsima cifra de visitas a nuestros museos y patrimonio\u00bb.<\/p>\n<p>PLATOS FUERTES<\/p>\n<p>Entre los platos fuertes de la presente edici\u00f3n de Fitur, Garc\u00eda ha destacado que \u00abpor primera vez vamos a presentar un paquete con todo lo relacionado con el mundo del caballo, donde van a estar todas las actividades ecuestres que se desarrollan en el a\u00f1o\u00bb. Asimismo, Garc\u00eda ha hecho hincapi\u00e9 en una iniciativa titulada &#8216;Abre el azahar&#8217;, en la que \u00abse movilizar\u00e1 a la ciudadan\u00eda para hacer un env\u00edo masivo a Espa\u00f1a y el extranjero con una flor de azahar\u00bb.<\/p>\n<p>Por otro lado, el primer teniente de alcalde ha resaltado la presentaci\u00f3n de la tercera edici\u00f3n del C\u00f3rdoba &#8216;Califato Gourmet&#8217;, la celebraci\u00f3n de un encuentro con la Fundaci\u00f3n Espa\u00f1a-India y el proyecto &#8216;El jard\u00edn de Elena&#8217;, una actividad impulsada por el Jard\u00edn Bot\u00e1nico de C\u00f3rdoba junto al Jard\u00edn Bot\u00e1nico de M\u00e1laga y el Museo Carmen Thyssen.<\/p>\n<p>Dentro de la agenda institucional Garc\u00eda ha anunciado que se celebrar\u00e1n reuniones con la Red de Ciudades AVE, la Red de Ciudades Patrimonio de la Humanidad, con el Instituto para la Calidad Tur\u00edstica Espa\u00f1ola (ICTE) y una reuni\u00f3n con ministros de Turismo de pa\u00edses \u00e1rabes. Esta agenda se completar\u00e1 con las reuniones entre empresarios, instituciones y agentes del sector (agencias de viajes, turoperadores y buscadores, entre otros).<\/p>\n","protected":false},"excerpt":{"rendered":"<p>La Diputaci\u00f3n de C\u00f3rdoba, a trav\u00e9s del Patronato Provincial de Turismo, y el Ayuntamiento cordob\u00e9s, mediante el Consorcio de Turismo, llegan este a\u00f1o a la Feria Internacional del Turismo (Fitur) 2016, que se celebra en Madrid del 20 al 24 de enero, con un completo y variado programa de presentaciones &#8211;24 en el caso de<\/p>\n","protected":false},"author":1,"featured_media":60980,"comment_status":"open","ping_status":"closed","sticky":false,"template":"","format":"standard","meta":{"footnotes":""},"categories":[224],"tags":[],"class_list":{"0":"post-60979","1":"post","2":"type-post","3":"status-publish","4":"format-standard","5":"has-post-thumbnail","7":"category-noticias-actualidad"},"aioseo_notices":[],"aioseo_head":"\n\t\t<!-- All in One SEO Pro 4.9.6.1 - aioseo.com -->\n\t<meta name=\"description\" content=\"La Diputaci\u00f3n de C\u00f3rdoba, a trav\u00e9s del Patronato Provincial de Turismo, y el Ayuntamiento cordob\u00e9s, mediante el Consorcio de Turismo, llegan este a\u00f1o a la Feria Internacional del Turismo (Fitur) 2016, que se celebra en Madrid del 20 al 24 de enero, con un completo y variado programa de presentaciones --24 en el caso de\" \/>\n\t<meta name=\"robots\" content=\"max-image-preview:large\" \/>\n\t<meta name=\"author\" content=\"admin\"\/>\n\t<meta name=\"google-site-verification\" content=\"UA-38556648-1\" \/>\n\t<meta name=\"keywords\" content=\"noticias y actualidad\" \/>\n\t<link rel=\"canonical\" href=\"https:\/\/eldigitaldeasturias.com\/magazine365\/cordoba-presentara-en-fitur-un-programa-con-mas-de-60-propuestas-turisticas\/\" \/>\n\t<meta name=\"generator\" content=\"All in One SEO Pro (AIOSEO) 4.9.6.1\" \/>\n\t\t<meta property=\"og:locale\" content=\"es_ES\" \/>\n\t\t<meta property=\"og:site_name\" content=\"El Digital de Asturias \u2013 Revista de ocio, turismo y estilo de vida\" \/>\n\t\t<meta property=\"og:type\" content=\"article\" \/>\n\t\t<meta property=\"og:title\" content=\"C\u00f3rdoba presentar\u00e1 en Fitur un programa con m\u00e1s de 60 propuestas tur\u00edsticas | El Digital de Asturias\" \/>\n\t\t<meta property=\"og:description\" content=\"La Diputaci\u00f3n de C\u00f3rdoba, a trav\u00e9s del Patronato Provincial de Turismo, y el Ayuntamiento cordob\u00e9s, mediante el Consorcio de Turismo, llegan este a\u00f1o a la Feria Internacional del Turismo (Fitur) 2016, que se celebra en Madrid del 20 al 24 de enero, con un completo y variado programa de presentaciones --24 en el caso de\" \/>\n\t\t<meta property=\"og:url\" content=\"https:\/\/eldigitaldeasturias.com\/magazine365\/cordoba-presentara-en-fitur-un-programa-con-mas-de-60-propuestas-turisticas\/\" \/>\n\t\t<meta property=\"og:image\" content=\"https:\/\/eldigitaldeasturias.com\/magazine365\/wp-content\/uploads\/2016\/01\/fotonoticia_20160118151723_800.jpg\" \/>\n\t\t<meta property=\"og:image:secure_url\" content=\"https:\/\/eldigitaldeasturias.com\/magazine365\/wp-content\/uploads\/2016\/01\/fotonoticia_20160118151723_800.jpg\" \/>\n\t\t<meta property=\"og:image:width\" content=\"800\" \/>\n\t\t<meta property=\"og:image:height\" content=\"531\" \/>\n\t\t<meta property=\"article:published_time\" content=\"2016-01-19T06:59:49+00:00\" \/>\n\t\t<meta property=\"article:modified_time\" content=\"2016-01-19T06:59:49+00:00\" \/>\n\t\t<meta name=\"twitter:card\" content=\"summary_large_image\" \/>\n\t\t<meta name=\"twitter:title\" content=\"C\u00f3rdoba presentar\u00e1 en Fitur un programa con m\u00e1s de 60 propuestas tur\u00edsticas | El Digital de Asturias\" \/>\n\t\t<meta name=\"twitter:description\" content=\"La Diputaci\u00f3n de C\u00f3rdoba, a trav\u00e9s del Patronato Provincial de Turismo, y el Ayuntamiento cordob\u00e9s, mediante el Consorcio de Turismo, llegan este a\u00f1o a la Feria Internacional del Turismo (Fitur) 2016, que se celebra en Madrid del 20 al 24 de enero, con un completo y variado programa de presentaciones --24 en el caso de\" \/>\n\t\t<meta name=\"twitter:image\" content=\"https:\/\/eldigitaldeasturias.com\/magazine365\/wp-content\/uploads\/2016\/01\/fotonoticia_20160118151723_800.jpg\" \/>\n\t\t<script type=\"application\/ld+json\" class=\"aioseo-schema\">\n\t\t\t{\"@context\":\"https:\\\/\\\/schema.org\",\"@graph\":[{\"@type\":\"Article\",\"@id\":\"https:\\\/\\\/eldigitaldeasturias.com\\\/magazine365\\\/cordoba-presentara-en-fitur-un-programa-con-mas-de-60-propuestas-turisticas\\\/#article\",\"name\":\"C\\u00f3rdoba presentar\\u00e1 en Fitur un programa con m\\u00e1s de 60 propuestas tur\\u00edsticas | El Digital de Asturias\",\"headline\":\"C\\u00f3rdoba presentar\\u00e1 en Fitur un programa con m\\u00e1s de 60 propuestas tur\\u00edsticas\",\"author\":{\"@id\":\"https:\\\/\\\/eldigitaldeasturias.com\\\/magazine365\\\/author\\\/admin\\\/#author\"},\"publisher\":{\"@id\":\"https:\\\/\\\/eldigitaldeasturias.com\\\/magazine365\\\/#organization\"},\"image\":{\"@type\":\"ImageObject\",\"url\":\"https:\\\/\\\/eldigitaldeasturias.com\\\/magazine365\\\/wp-content\\\/uploads\\\/2016\\\/01\\\/fotonoticia_20160118151723_800.jpg\",\"width\":800,\"height\":531},\"datePublished\":\"2016-01-19T07:59:49+01:00\",\"dateModified\":\"2016-01-19T07:59:49+01:00\",\"inLanguage\":\"es-ES\",\"mainEntityOfPage\":{\"@id\":\"https:\\\/\\\/eldigitaldeasturias.com\\\/magazine365\\\/cordoba-presentara-en-fitur-un-programa-con-mas-de-60-propuestas-turisticas\\\/#webpage\"},\"isPartOf\":{\"@id\":\"https:\\\/\\\/eldigitaldeasturias.com\\\/magazine365\\\/cordoba-presentara-en-fitur-un-programa-con-mas-de-60-propuestas-turisticas\\\/#webpage\"},\"articleSection\":\"Noticias y Actualidad\"},{\"@type\":\"BreadcrumbList\",\"@id\":\"https:\\\/\\\/eldigitaldeasturias.com\\\/magazine365\\\/cordoba-presentara-en-fitur-un-programa-con-mas-de-60-propuestas-turisticas\\\/#breadcrumblist\",\"itemListElement\":[{\"@type\":\"ListItem\",\"@id\":\"https:\\\/\\\/eldigitaldeasturias.com\\\/magazine365#listItem\",\"position\":1,\"name\":\"Home\",\"item\":\"https:\\\/\\\/eldigitaldeasturias.com\\\/magazine365\",\"nextItem\":{\"@type\":\"ListItem\",\"@id\":\"https:\\\/\\\/eldigitaldeasturias.com\\\/magazine365\\\/category\\\/noticias-actualidad\\\/#listItem\",\"name\":\"Noticias y Actualidad\"}},{\"@type\":\"ListItem\",\"@id\":\"https:\\\/\\\/eldigitaldeasturias.com\\\/magazine365\\\/category\\\/noticias-actualidad\\\/#listItem\",\"position\":2,\"name\":\"Noticias y Actualidad\",\"item\":\"https:\\\/\\\/eldigitaldeasturias.com\\\/magazine365\\\/category\\\/noticias-actualidad\\\/\",\"nextItem\":{\"@type\":\"ListItem\",\"@id\":\"https:\\\/\\\/eldigitaldeasturias.com\\\/magazine365\\\/cordoba-presentara-en-fitur-un-programa-con-mas-de-60-propuestas-turisticas\\\/#listItem\",\"name\":\"C\\u00f3rdoba presentar\\u00e1 en Fitur un programa con m\\u00e1s de 60 propuestas tur\\u00edsticas\"},\"previousItem\":{\"@type\":\"ListItem\",\"@id\":\"https:\\\/\\\/eldigitaldeasturias.com\\\/magazine365#listItem\",\"name\":\"Home\"}},{\"@type\":\"ListItem\",\"@id\":\"https:\\\/\\\/eldigitaldeasturias.com\\\/magazine365\\\/cordoba-presentara-en-fitur-un-programa-con-mas-de-60-propuestas-turisticas\\\/#listItem\",\"position\":3,\"name\":\"C\\u00f3rdoba presentar\\u00e1 en Fitur un programa con m\\u00e1s de 60 propuestas tur\\u00edsticas\",\"previousItem\":{\"@type\":\"ListItem\",\"@id\":\"https:\\\/\\\/eldigitaldeasturias.com\\\/magazine365\\\/category\\\/noticias-actualidad\\\/#listItem\",\"name\":\"Noticias y Actualidad\"}}]},{\"@type\":\"Organization\",\"@id\":\"https:\\\/\\\/eldigitaldeasturias.com\\\/magazine365\\\/#organization\",\"name\":\"El digital de Asturias\",\"description\":\"Revista de ocio, turismo y estilo de vida\",\"url\":\"https:\\\/\\\/eldigitaldeasturias.com\\\/magazine365\\\/\",\"logo\":{\"@type\":\"ImageObject\",\"url\":\"https:\\\/\\\/www.eldigitaldeasturias.com\\\/noticias\\\/wp-content\\\/uploads\\\/2020\\\/12\\\/EDA.jpg\",\"@id\":\"https:\\\/\\\/eldigitaldeasturias.com\\\/magazine365\\\/cordoba-presentara-en-fitur-un-programa-con-mas-de-60-propuestas-turisticas\\\/#organizationLogo\"},\"image\":{\"@id\":\"https:\\\/\\\/eldigitaldeasturias.com\\\/magazine365\\\/cordoba-presentara-en-fitur-un-programa-con-mas-de-60-propuestas-turisticas\\\/#organizationLogo\"}},{\"@type\":\"Person\",\"@id\":\"https:\\\/\\\/eldigitaldeasturias.com\\\/magazine365\\\/author\\\/admin\\\/#author\",\"url\":\"https:\\\/\\\/eldigitaldeasturias.com\\\/magazine365\\\/author\\\/admin\\\/\",\"name\":\"admin\",\"image\":{\"@type\":\"ImageObject\",\"@id\":\"https:\\\/\\\/eldigitaldeasturias.com\\\/magazine365\\\/cordoba-presentara-en-fitur-un-programa-con-mas-de-60-propuestas-turisticas\\\/#authorImage\",\"url\":\"https:\\\/\\\/eldigitaldeasturias.com\\\/magazine365\\\/wp-content\\\/litespeed\\\/avatar\\\/e571bcf59a0edd6fa6838245a470f2fe.jpg?ver=1776969259\",\"width\":96,\"height\":96,\"caption\":\"admin\"}},{\"@type\":\"WebPage\",\"@id\":\"https:\\\/\\\/eldigitaldeasturias.com\\\/magazine365\\\/cordoba-presentara-en-fitur-un-programa-con-mas-de-60-propuestas-turisticas\\\/#webpage\",\"url\":\"https:\\\/\\\/eldigitaldeasturias.com\\\/magazine365\\\/cordoba-presentara-en-fitur-un-programa-con-mas-de-60-propuestas-turisticas\\\/\",\"name\":\"C\\u00f3rdoba presentar\\u00e1 en Fitur un programa con m\\u00e1s de 60 propuestas tur\\u00edsticas | El Digital de Asturias\",\"description\":\"La Diputaci\\u00f3n de C\\u00f3rdoba, a trav\\u00e9s del Patronato Provincial de Turismo, y el Ayuntamiento cordob\\u00e9s, mediante el Consorcio de Turismo, llegan este a\\u00f1o a la Feria Internacional del Turismo (Fitur) 2016, que se celebra en Madrid del 20 al 24 de enero, con un completo y variado programa de presentaciones --24 en el caso de\",\"inLanguage\":\"es-ES\",\"isPartOf\":{\"@id\":\"https:\\\/\\\/eldigitaldeasturias.com\\\/magazine365\\\/#website\"},\"breadcrumb\":{\"@id\":\"https:\\\/\\\/eldigitaldeasturias.com\\\/magazine365\\\/cordoba-presentara-en-fitur-un-programa-con-mas-de-60-propuestas-turisticas\\\/#breadcrumblist\"},\"author\":{\"@id\":\"https:\\\/\\\/eldigitaldeasturias.com\\\/magazine365\\\/author\\\/admin\\\/#author\"},\"creator\":{\"@id\":\"https:\\\/\\\/eldigitaldeasturias.com\\\/magazine365\\\/author\\\/admin\\\/#author\"},\"image\":{\"@type\":\"ImageObject\",\"url\":\"https:\\\/\\\/eldigitaldeasturias.com\\\/magazine365\\\/wp-content\\\/uploads\\\/2016\\\/01\\\/fotonoticia_20160118151723_800.jpg\",\"@id\":\"https:\\\/\\\/eldigitaldeasturias.com\\\/magazine365\\\/cordoba-presentara-en-fitur-un-programa-con-mas-de-60-propuestas-turisticas\\\/#mainImage\",\"width\":800,\"height\":531},\"primaryImageOfPage\":{\"@id\":\"https:\\\/\\\/eldigitaldeasturias.com\\\/magazine365\\\/cordoba-presentara-en-fitur-un-programa-con-mas-de-60-propuestas-turisticas\\\/#mainImage\"},\"datePublished\":\"2016-01-19T07:59:49+01:00\",\"dateModified\":\"2016-01-19T07:59:49+01:00\"},{\"@type\":\"WebSite\",\"@id\":\"https:\\\/\\\/eldigitaldeasturias.com\\\/magazine365\\\/#website\",\"url\":\"https:\\\/\\\/eldigitaldeasturias.com\\\/magazine365\\\/\",\"name\":\"El Digital de Asturias\",\"description\":\"Revista de ocio, turismo y estilo de vida\",\"inLanguage\":\"es-ES\",\"publisher\":{\"@id\":\"https:\\\/\\\/eldigitaldeasturias.com\\\/magazine365\\\/#organization\"}}]}\n\t\t<\/script>\n\t\t<!-- All in One SEO Pro -->\r\n\t\t<title>C\u00f3rdoba presentar\u00e1 en Fitur un programa con m\u00e1s de 60 propuestas tur\u00edsticas | El Digital de Asturias<\/title>\n\n","aioseo_head_json":{"title":"C\u00f3rdoba presentar\u00e1 en Fitur un programa con m\u00e1s de 60 propuestas tur\u00edsticas | El Digital de Asturias","description":"La Diputaci\u00f3n de C\u00f3rdoba, a trav\u00e9s del Patronato Provincial de Turismo, y el Ayuntamiento cordob\u00e9s, mediante el Consorcio de Turismo, llegan este a\u00f1o a la Feria Internacional del Turismo (Fitur) 2016, que se celebra en Madrid del 20 al 24 de enero, con un completo y variado programa de presentaciones --24 en el caso de","canonical_url":"https:\/\/eldigitaldeasturias.com\/magazine365\/cordoba-presentara-en-fitur-un-programa-con-mas-de-60-propuestas-turisticas\/","robots":"max-image-preview:large","keywords":"noticias y actualidad","webmasterTools":{"google-site-verification":"UA-38556648-1","miscellaneous":""},"schema":{"@context":"https:\/\/schema.org","@graph":[{"@type":"Article","@id":"https:\/\/eldigitaldeasturias.com\/magazine365\/cordoba-presentara-en-fitur-un-programa-con-mas-de-60-propuestas-turisticas\/#article","name":"C\u00f3rdoba presentar\u00e1 en Fitur un programa con m\u00e1s de 60 propuestas tur\u00edsticas | El Digital de Asturias","headline":"C\u00f3rdoba presentar\u00e1 en Fitur un programa con m\u00e1s de 60 propuestas tur\u00edsticas","author":{"@id":"https:\/\/eldigitaldeasturias.com\/magazine365\/author\/admin\/#author"},"publisher":{"@id":"https:\/\/eldigitaldeasturias.com\/magazine365\/#organization"},"image":{"@type":"ImageObject","url":"https:\/\/eldigitaldeasturias.com\/magazine365\/wp-content\/uploads\/2016\/01\/fotonoticia_20160118151723_800.jpg","width":800,"height":531},"datePublished":"2016-01-19T07:59:49+01:00","dateModified":"2016-01-19T07:59:49+01:00","inLanguage":"es-ES","mainEntityOfPage":{"@id":"https:\/\/eldigitaldeasturias.com\/magazine365\/cordoba-presentara-en-fitur-un-programa-con-mas-de-60-propuestas-turisticas\/#webpage"},"isPartOf":{"@id":"https:\/\/eldigitaldeasturias.com\/magazine365\/cordoba-presentara-en-fitur-un-programa-con-mas-de-60-propuestas-turisticas\/#webpage"},"articleSection":"Noticias y Actualidad"},{"@type":"BreadcrumbList","@id":"https:\/\/eldigitaldeasturias.com\/magazine365\/cordoba-presentara-en-fitur-un-programa-con-mas-de-60-propuestas-turisticas\/#breadcrumblist","itemListElement":[{"@type":"ListItem","@id":"https:\/\/eldigitaldeasturias.com\/magazine365#listItem","position":1,"name":"Home","item":"https:\/\/eldigitaldeasturias.com\/magazine365","nextItem":{"@type":"ListItem","@id":"https:\/\/eldigitaldeasturias.com\/magazine365\/category\/noticias-actualidad\/#listItem","name":"Noticias y Actualidad"}},{"@type":"ListItem","@id":"https:\/\/eldigitaldeasturias.com\/magazine365\/category\/noticias-actualidad\/#listItem","position":2,"name":"Noticias y Actualidad","item":"https:\/\/eldigitaldeasturias.com\/magazine365\/category\/noticias-actualidad\/","nextItem":{"@type":"ListItem","@id":"https:\/\/eldigitaldeasturias.com\/magazine365\/cordoba-presentara-en-fitur-un-programa-con-mas-de-60-propuestas-turisticas\/#listItem","name":"C\u00f3rdoba presentar\u00e1 en Fitur un programa con m\u00e1s de 60 propuestas tur\u00edsticas"},"previousItem":{"@type":"ListItem","@id":"https:\/\/eldigitaldeasturias.com\/magazine365#listItem","name":"Home"}},{"@type":"ListItem","@id":"https:\/\/eldigitaldeasturias.com\/magazine365\/cordoba-presentara-en-fitur-un-programa-con-mas-de-60-propuestas-turisticas\/#listItem","position":3,"name":"C\u00f3rdoba presentar\u00e1 en Fitur un programa con m\u00e1s de 60 propuestas tur\u00edsticas","previousItem":{"@type":"ListItem","@id":"https:\/\/eldigitaldeasturias.com\/magazine365\/category\/noticias-actualidad\/#listItem","name":"Noticias y Actualidad"}}]},{"@type":"Organization","@id":"https:\/\/eldigitaldeasturias.com\/magazine365\/#organization","name":"El digital de Asturias","description":"Revista de ocio, turismo y estilo de vida","url":"https:\/\/eldigitaldeasturias.com\/magazine365\/","logo":{"@type":"ImageObject","url":"https:\/\/www.eldigitaldeasturias.com\/noticias\/wp-content\/uploads\/2020\/12\/EDA.jpg","@id":"https:\/\/eldigitaldeasturias.com\/magazine365\/cordoba-presentara-en-fitur-un-programa-con-mas-de-60-propuestas-turisticas\/#organizationLogo"},"image":{"@id":"https:\/\/eldigitaldeasturias.com\/magazine365\/cordoba-presentara-en-fitur-un-programa-con-mas-de-60-propuestas-turisticas\/#organizationLogo"}},{"@type":"Person","@id":"https:\/\/eldigitaldeasturias.com\/magazine365\/author\/admin\/#author","url":"https:\/\/eldigitaldeasturias.com\/magazine365\/author\/admin\/","name":"admin","image":{"@type":"ImageObject","@id":"https:\/\/eldigitaldeasturias.com\/magazine365\/cordoba-presentara-en-fitur-un-programa-con-mas-de-60-propuestas-turisticas\/#authorImage","url":"https:\/\/eldigitaldeasturias.com\/magazine365\/wp-content\/litespeed\/avatar\/e571bcf59a0edd6fa6838245a470f2fe.jpg?ver=1776969259","width":96,"height":96,"caption":"admin"}},{"@type":"WebPage","@id":"https:\/\/eldigitaldeasturias.com\/magazine365\/cordoba-presentara-en-fitur-un-programa-con-mas-de-60-propuestas-turisticas\/#webpage","url":"https:\/\/eldigitaldeasturias.com\/magazine365\/cordoba-presentara-en-fitur-un-programa-con-mas-de-60-propuestas-turisticas\/","name":"C\u00f3rdoba presentar\u00e1 en Fitur un programa con m\u00e1s de 60 propuestas tur\u00edsticas | El Digital de Asturias","description":"La Diputaci\u00f3n de C\u00f3rdoba, a trav\u00e9s del Patronato Provincial de Turismo, y el Ayuntamiento cordob\u00e9s, mediante el Consorcio de Turismo, llegan este a\u00f1o a la Feria Internacional del Turismo (Fitur) 2016, que se celebra en Madrid del 20 al 24 de enero, con un completo y variado programa de presentaciones --24 en el caso de","inLanguage":"es-ES","isPartOf":{"@id":"https:\/\/eldigitaldeasturias.com\/magazine365\/#website"},"breadcrumb":{"@id":"https:\/\/eldigitaldeasturias.com\/magazine365\/cordoba-presentara-en-fitur-un-programa-con-mas-de-60-propuestas-turisticas\/#breadcrumblist"},"author":{"@id":"https:\/\/eldigitaldeasturias.com\/magazine365\/author\/admin\/#author"},"creator":{"@id":"https:\/\/eldigitaldeasturias.com\/magazine365\/author\/admin\/#author"},"image":{"@type":"ImageObject","url":"https:\/\/eldigitaldeasturias.com\/magazine365\/wp-content\/uploads\/2016\/01\/fotonoticia_20160118151723_800.jpg","@id":"https:\/\/eldigitaldeasturias.com\/magazine365\/cordoba-presentara-en-fitur-un-programa-con-mas-de-60-propuestas-turisticas\/#mainImage","width":800,"height":531},"primaryImageOfPage":{"@id":"https:\/\/eldigitaldeasturias.com\/magazine365\/cordoba-presentara-en-fitur-un-programa-con-mas-de-60-propuestas-turisticas\/#mainImage"},"datePublished":"2016-01-19T07:59:49+01:00","dateModified":"2016-01-19T07:59:49+01:00"},{"@type":"WebSite","@id":"https:\/\/eldigitaldeasturias.com\/magazine365\/#website","url":"https:\/\/eldigitaldeasturias.com\/magazine365\/","name":"El Digital de Asturias","description":"Revista de ocio, turismo y estilo de vida","inLanguage":"es-ES","publisher":{"@id":"https:\/\/eldigitaldeasturias.com\/magazine365\/#organization"}}]},"og:locale":"es_ES","og:site_name":"El Digital de Asturias \u2013 Revista de ocio, turismo y estilo de vida","og:type":"article","og:title":"C\u00f3rdoba presentar\u00e1 en Fitur un programa con m\u00e1s de 60 propuestas tur\u00edsticas | El Digital de Asturias","og:description":"La Diputaci\u00f3n de C\u00f3rdoba, a trav\u00e9s del Patronato Provincial de Turismo, y el Ayuntamiento cordob\u00e9s, mediante el Consorcio de Turismo, llegan este a\u00f1o a la Feria Internacional del Turismo (Fitur) 2016, que se celebra en Madrid del 20 al 24 de enero, con un completo y variado programa de presentaciones --24 en el caso de","og:url":"https:\/\/eldigitaldeasturias.com\/magazine365\/cordoba-presentara-en-fitur-un-programa-con-mas-de-60-propuestas-turisticas\/","og:image":"https:\/\/eldigitaldeasturias.com\/magazine365\/wp-content\/uploads\/2016\/01\/fotonoticia_20160118151723_800.jpg","og:image:secure_url":"https:\/\/eldigitaldeasturias.com\/magazine365\/wp-content\/uploads\/2016\/01\/fotonoticia_20160118151723_800.jpg","og:image:width":800,"og:image:height":531,"article:published_time":"2016-01-19T06:59:49+00:00","article:modified_time":"2016-01-19T06:59:49+00:00","twitter:card":"summary_large_image","twitter:title":"C\u00f3rdoba presentar\u00e1 en Fitur un programa con m\u00e1s de 60 propuestas tur\u00edsticas | El Digital de Asturias","twitter:description":"La Diputaci\u00f3n de C\u00f3rdoba, a trav\u00e9s del Patronato Provincial de Turismo, y el Ayuntamiento cordob\u00e9s, mediante el Consorcio de Turismo, llegan este a\u00f1o a la Feria Internacional del Turismo (Fitur) 2016, que se celebra en Madrid del 20 al 24 de enero, con un completo y variado programa de presentaciones --24 en el caso de","twitter:image":"https:\/\/eldigitaldeasturias.com\/magazine365\/wp-content\/uploads\/2016\/01\/fotonoticia_20160118151723_800.jpg"},"aioseo_meta_data":{"post_id":"60979","title":null,"description":null,"keywords":null,"keyphrases":null,"primary_term":null,"canonical_url":null,"og_title":null,"og_description":null,"og_object_type":"default","og_image_type":"default","og_image_url":null,"og_image_width":null,"og_image_height":null,"og_image_custom_url":null,"og_image_custom_fields":null,"og_video":null,"og_custom_url":null,"og_article_section":null,"og_article_tags":null,"twitter_use_og":false,"twitter_card":"default","twitter_image_type":"default","twitter_image_url":null,"twitter_image_custom_url":null,"twitter_image_custom_fields":null,"twitter_title":null,"twitter_description":null,"schema":{"blockGraphs":[],"customGraphs":[],"default":{"data":{"Article":[],"Course":[],"Dataset":[],"FAQPage":[],"Movie":[],"Person":[],"Product":[],"ProductReview":[],"Car":[],"Recipe":[],"Service":[],"SoftwareApplication":[],"WebPage":[]},"graphName":"","isEnabled":true},"graphs":[],"defaultGraph":"","defaultPostTypeGraph":""},"schema_type":null,"schema_type_options":null,"pillar_content":false,"robots_default":true,"robots_noindex":false,"robots_noarchive":false,"robots_nosnippet":false,"robots_nofollow":false,"robots_noimageindex":false,"robots_noodp":false,"robots_notranslate":false,"robots_max_snippet":null,"robots_max_videopreview":null,"robots_max_imagepreview":"large","priority":null,"frequency":null,"location":null,"local_seo":null,"seo_analyzer_scan_date":"2025-09-25 07:58:23","breadcrumb_settings":null,"limit_modified_date":false,"open_ai":null,"ai":null,"created":"2021-03-08 21:54:47","updated":"2025-09-25 07:58:23"},"aioseo_breadcrumb":"<div class=\"aioseo-breadcrumbs\"><span class=\"aioseo-breadcrumb\">\n\t<a href=\"https:\/\/eldigitaldeasturias.com\/magazine365\" title=\"Home\">Home<\/a>\n<\/span><span class=\"aioseo-breadcrumb-separator\">\u2013<\/span><span class=\"aioseo-breadcrumb\">\n\t<a href=\"https:\/\/eldigitaldeasturias.com\/magazine365\/category\/noticias-actualidad\/\" title=\"Noticias y Actualidad\">Noticias y Actualidad<\/a>\n<\/span><span class=\"aioseo-breadcrumb-separator\">\u2013<\/span><span class=\"aioseo-breadcrumb\">\n\t<a href=\"https:\/\/eldigitaldeasturias.com\/magazine365\/cordoba-presentara-en-fitur-un-programa-con-mas-de-60-propuestas-turisticas\/\" title=\"C\u00f3rdoba presentar\u00e1 en Fitur un programa con m\u00e1s de 60 propuestas tur\u00edsticas\">C\u00f3rdoba presentar\u00e1 en Fitur un programa con m\u00e1s de 60 propuestas tur\u00edsticas<\/a>\n<\/span><\/div>","aioseo_breadcrumb_json":[{"label":"Home","link":"https:\/\/eldigitaldeasturias.com\/magazine365"},{"label":"Noticias y Actualidad","link":"https:\/\/eldigitaldeasturias.com\/magazine365\/category\/noticias-actualidad\/"},{"label":"C\u00f3rdoba presentar\u00e1 en Fitur un programa con m\u00e1s de 60 propuestas tur\u00edsticas","link":"https:\/\/eldigitaldeasturias.com\/magazine365\/cordoba-presentara-en-fitur-un-programa-con-mas-de-60-propuestas-turisticas\/"}],"_links":{"self":[{"href":"https:\/\/eldigitaldeasturias.com\/magazine365\/wp-json\/wp\/v2\/posts\/60979","targetHints":{"allow":["GET"]}}],"collection":[{"href":"https:\/\/eldigitaldeasturias.com\/magazine365\/wp-json\/wp\/v2\/posts"}],"about":[{"href":"https:\/\/eldigitaldeasturias.com\/magazine365\/wp-json\/wp\/v2\/types\/post"}],"author":[{"embeddable":true,"href":"https:\/\/eldigitaldeasturias.com\/magazine365\/wp-json\/wp\/v2\/users\/1"}],"replies":[{"embeddable":true,"href":"https:\/\/eldigitaldeasturias.com\/magazine365\/wp-json\/wp\/v2\/comments?post=60979"}],"version-history":[{"count":0,"href":"https:\/\/eldigitaldeasturias.com\/magazine365\/wp-json\/wp\/v2\/posts\/60979\/revisions"}],"wp:featuredmedia":[{"embeddable":true,"href":"https:\/\/eldigitaldeasturias.com\/magazine365\/wp-json\/wp\/v2\/media\/60980"}],"wp:attachment":[{"href":"https:\/\/eldigitaldeasturias.com\/magazine365\/wp-json\/wp\/v2\/media?parent=60979"}],"wp:term":[{"taxonomy":"category","embeddable":true,"href":"https:\/\/eldigitaldeasturias.com\/magazine365\/wp-json\/wp\/v2\/categories?post=60979"},{"taxonomy":"post_tag","embeddable":true,"href":"https:\/\/eldigitaldeasturias.com\/magazine365\/wp-json\/wp\/v2\/tags?post=60979"}],"curies":[{"name":"wp","href":"https:\/\/api.w.org\/{rel}","templated":true}]}}