{"id":60917,"date":"2016-01-18T22:39:55","date_gmt":"2016-01-18T21:39:55","guid":{"rendered":"http:\/\/eldigitaldeasturias.com\/magazine365\/?p=60917"},"modified":"2016-01-18T22:39:55","modified_gmt":"2016-01-18T21:39:55","slug":"la-xunta-comienza-en-holanda-la-promocion-internacional-de-la-oferta-turistica-gallega-para-este-ano","status":"publish","type":"post","link":"https:\/\/eldigitaldeasturias.com\/magazine365\/la-xunta-comienza-en-holanda-la-promocion-internacional-de-la-oferta-turistica-gallega-para-este-ano\/","title":{"rendered":"La Xunta comienza en Holanda la promoci\u00f3n internacional de la oferta tur\u00edstica gallega para este a\u00f1o"},"content":{"rendered":"<p>  Turismo de Galicia ha iniciado esta semana la campa\u00f1a de promoci\u00f3n internacional de 2016 con la presentaci\u00f3n de la oferta tur\u00edstica gallega en Holanda, concretamente en la feria Vakantiebeurs de Utrecht, en la que ha presentado las principales novedades de este a\u00f1o, en general, y el Camino de Santiago y el turismo n\u00e1utico, en particular.<\/p>\n<p>   Desde el pasado d\u00eda 13 de enero, Turismo de Galicia participa en este certamen, que dedica el primer d\u00eda, exclusivamente, a los profesionales del turismo y, el resto de jornadas, al p\u00fablico en general.<\/p>\n<p>   Y es que, tal y como ha precisado la Xunta en un comunicado, esta feria constituye una oportunidad para promover los recursos y servicios tur\u00edsticos gallegos m\u00e1s destacados, sobre todo los relacionados con la naturaleza, en uno de los mercados emisores m\u00e1s exigentes y con m\u00e1s capacidad para viajar de toda Europa.<\/p>\n<p>   Pero adem\u00e1s, en esta feria, Turismo de Galicia tambi\u00e9n le presta una atenci\u00f3n especial al Camino de Santiago con el objetivo de difundir el fen\u00f3meno de las peregrinaciones a Compostela en Holanda e incrementar, de este modo, el n\u00famero de peregrinos de esta nacionalidad, que el a\u00f1o pasado supusieron un total de 3.500.<\/p>\n<p>VIAJEROS DE LOS PA\u00cdSES BAJOS<\/p>\n<p>   En lo que respecta a la demanda tur\u00edstica procedente de los Pa\u00edses Bajos, a lo largo de los 11 primeros meses del a\u00f1o 2015, se registraron en Galicia m\u00e1s de 30.000 viajeros, un 29 por ciento m\u00e1s que en el mismo periodo del a\u00f1o 2014.<\/p>\n<p>   Turismo de Galicia tiene previsto participar a lo largo de este mes en las feria FITUR, MATKA, Thermalies y Holiday World.<\/p>\n","protected":false},"excerpt":{"rendered":"<p>Turismo de Galicia ha iniciado esta semana la campa\u00f1a de promoci\u00f3n internacional de 2016 con la presentaci\u00f3n de la oferta tur\u00edstica gallega en Holanda, concretamente en la feria Vakantiebeurs de Utrecht, en la que ha presentado las principales novedades de este a\u00f1o, en general, y el Camino de Santiago y el turismo n\u00e1utico, en particular.<\/p>\n","protected":false},"author":1,"featured_media":39724,"comment_status":"open","ping_status":"closed","sticky":false,"template":"","format":"standard","meta":{"footnotes":""},"categories":[224],"tags":[],"class_list":{"0":"post-60917","1":"post","2":"type-post","3":"status-publish","4":"format-standard","5":"has-post-thumbnail","7":"category-noticias-actualidad"},"aioseo_notices":[],"aioseo_head":"\n\t\t<!-- All in One SEO Pro 4.9.6.1 - aioseo.com -->\n\t<meta name=\"description\" content=\"Turismo de Galicia ha iniciado esta semana la campa\u00f1a de promoci\u00f3n internacional de 2016 con la presentaci\u00f3n de la oferta tur\u00edstica gallega en Holanda, concretamente en la feria Vakantiebeurs de Utrecht, en la que ha presentado las principales novedades de este a\u00f1o, en general, y el Camino de Santiago y el turismo n\u00e1utico, en particular.\" \/>\n\t<meta name=\"robots\" content=\"max-image-preview:large\" \/>\n\t<meta name=\"author\" content=\"admin\"\/>\n\t<meta name=\"google-site-verification\" content=\"UA-38556648-1\" \/>\n\t<meta name=\"keywords\" content=\"noticias y actualidad\" \/>\n\t<link rel=\"canonical\" href=\"https:\/\/eldigitaldeasturias.com\/magazine365\/la-xunta-comienza-en-holanda-la-promocion-internacional-de-la-oferta-turistica-gallega-para-este-ano\/\" \/>\n\t<meta name=\"generator\" content=\"All in One SEO Pro (AIOSEO) 4.9.6.1\" \/>\n\t\t<meta property=\"og:locale\" content=\"es_ES\" \/>\n\t\t<meta property=\"og:site_name\" content=\"El Digital de Asturias \u2013 Revista de ocio, turismo y estilo de vida\" \/>\n\t\t<meta property=\"og:type\" content=\"article\" \/>\n\t\t<meta property=\"og:title\" content=\"La Xunta comienza en Holanda la promoci\u00f3n internacional de la oferta tur\u00edstica gallega para este a\u00f1o | El Digital de Asturias\" \/>\n\t\t<meta property=\"og:description\" content=\"Turismo de Galicia ha iniciado esta semana la campa\u00f1a de promoci\u00f3n internacional de 2016 con la presentaci\u00f3n de la oferta tur\u00edstica gallega en Holanda, concretamente en la feria Vakantiebeurs de Utrecht, en la que ha presentado las principales novedades de este a\u00f1o, en general, y el Camino de Santiago y el turismo n\u00e1utico, en particular.\" \/>\n\t\t<meta property=\"og:url\" content=\"https:\/\/eldigitaldeasturias.com\/magazine365\/la-xunta-comienza-en-holanda-la-promocion-internacional-de-la-oferta-turistica-gallega-para-este-ano\/\" \/>\n\t\t<meta property=\"og:image\" content=\"https:\/\/eldigitaldeasturias.com\/magazine365\/wp-content\/uploads\/2015\/06\/aeropu.jpg\" \/>\n\t\t<meta property=\"og:image:secure_url\" content=\"https:\/\/eldigitaldeasturias.com\/magazine365\/wp-content\/uploads\/2015\/06\/aeropu.jpg\" \/>\n\t\t<meta property=\"og:image:width\" content=\"800\" \/>\n\t\t<meta property=\"og:image:height\" content=\"533\" \/>\n\t\t<meta property=\"article:published_time\" content=\"2016-01-18T21:39:55+00:00\" \/>\n\t\t<meta property=\"article:modified_time\" content=\"2016-01-18T21:39:55+00:00\" \/>\n\t\t<meta name=\"twitter:card\" content=\"summary_large_image\" \/>\n\t\t<meta name=\"twitter:title\" content=\"La Xunta comienza en Holanda la promoci\u00f3n internacional de la oferta tur\u00edstica gallega para este a\u00f1o | El Digital de Asturias\" \/>\n\t\t<meta name=\"twitter:description\" content=\"Turismo de Galicia ha iniciado esta semana la campa\u00f1a de promoci\u00f3n internacional de 2016 con la presentaci\u00f3n de la oferta tur\u00edstica gallega en Holanda, concretamente en la feria Vakantiebeurs de Utrecht, en la que ha presentado las principales novedades de este a\u00f1o, en general, y el Camino de Santiago y el turismo n\u00e1utico, en particular.\" \/>\n\t\t<meta name=\"twitter:image\" content=\"https:\/\/eldigitaldeasturias.com\/magazine365\/wp-content\/uploads\/2015\/06\/aeropu.jpg\" \/>\n\t\t<script type=\"application\/ld+json\" class=\"aioseo-schema\">\n\t\t\t{\"@context\":\"https:\\\/\\\/schema.org\",\"@graph\":[{\"@type\":\"Article\",\"@id\":\"https:\\\/\\\/eldigitaldeasturias.com\\\/magazine365\\\/la-xunta-comienza-en-holanda-la-promocion-internacional-de-la-oferta-turistica-gallega-para-este-ano\\\/#article\",\"name\":\"La Xunta comienza en Holanda la promoci\\u00f3n internacional de la oferta tur\\u00edstica gallega para este a\\u00f1o | El Digital de Asturias\",\"headline\":\"La Xunta comienza en Holanda la promoci\\u00f3n internacional de la oferta tur\\u00edstica gallega para este a\\u00f1o\",\"author\":{\"@id\":\"https:\\\/\\\/eldigitaldeasturias.com\\\/magazine365\\\/author\\\/admin\\\/#author\"},\"publisher\":{\"@id\":\"https:\\\/\\\/eldigitaldeasturias.com\\\/magazine365\\\/#organization\"},\"image\":{\"@type\":\"ImageObject\",\"url\":\"https:\\\/\\\/eldigitaldeasturias.com\\\/magazine365\\\/wp-content\\\/uploads\\\/2015\\\/06\\\/aeropu.jpg\",\"width\":800,\"height\":533},\"datePublished\":\"2016-01-18T22:39:55+01:00\",\"dateModified\":\"2016-01-18T22:39:55+01:00\",\"inLanguage\":\"es-ES\",\"mainEntityOfPage\":{\"@id\":\"https:\\\/\\\/eldigitaldeasturias.com\\\/magazine365\\\/la-xunta-comienza-en-holanda-la-promocion-internacional-de-la-oferta-turistica-gallega-para-este-ano\\\/#webpage\"},\"isPartOf\":{\"@id\":\"https:\\\/\\\/eldigitaldeasturias.com\\\/magazine365\\\/la-xunta-comienza-en-holanda-la-promocion-internacional-de-la-oferta-turistica-gallega-para-este-ano\\\/#webpage\"},\"articleSection\":\"Noticias y Actualidad\"},{\"@type\":\"BreadcrumbList\",\"@id\":\"https:\\\/\\\/eldigitaldeasturias.com\\\/magazine365\\\/la-xunta-comienza-en-holanda-la-promocion-internacional-de-la-oferta-turistica-gallega-para-este-ano\\\/#breadcrumblist\",\"itemListElement\":[{\"@type\":\"ListItem\",\"@id\":\"https:\\\/\\\/eldigitaldeasturias.com\\\/magazine365#listItem\",\"position\":1,\"name\":\"Home\",\"item\":\"https:\\\/\\\/eldigitaldeasturias.com\\\/magazine365\",\"nextItem\":{\"@type\":\"ListItem\",\"@id\":\"https:\\\/\\\/eldigitaldeasturias.com\\\/magazine365\\\/category\\\/noticias-actualidad\\\/#listItem\",\"name\":\"Noticias y Actualidad\"}},{\"@type\":\"ListItem\",\"@id\":\"https:\\\/\\\/eldigitaldeasturias.com\\\/magazine365\\\/category\\\/noticias-actualidad\\\/#listItem\",\"position\":2,\"name\":\"Noticias y Actualidad\",\"item\":\"https:\\\/\\\/eldigitaldeasturias.com\\\/magazine365\\\/category\\\/noticias-actualidad\\\/\",\"nextItem\":{\"@type\":\"ListItem\",\"@id\":\"https:\\\/\\\/eldigitaldeasturias.com\\\/magazine365\\\/la-xunta-comienza-en-holanda-la-promocion-internacional-de-la-oferta-turistica-gallega-para-este-ano\\\/#listItem\",\"name\":\"La Xunta comienza en Holanda la promoci\\u00f3n internacional de la oferta tur\\u00edstica gallega para este a\\u00f1o\"},\"previousItem\":{\"@type\":\"ListItem\",\"@id\":\"https:\\\/\\\/eldigitaldeasturias.com\\\/magazine365#listItem\",\"name\":\"Home\"}},{\"@type\":\"ListItem\",\"@id\":\"https:\\\/\\\/eldigitaldeasturias.com\\\/magazine365\\\/la-xunta-comienza-en-holanda-la-promocion-internacional-de-la-oferta-turistica-gallega-para-este-ano\\\/#listItem\",\"position\":3,\"name\":\"La Xunta comienza en Holanda la promoci\\u00f3n internacional de la oferta tur\\u00edstica gallega para este a\\u00f1o\",\"previousItem\":{\"@type\":\"ListItem\",\"@id\":\"https:\\\/\\\/eldigitaldeasturias.com\\\/magazine365\\\/category\\\/noticias-actualidad\\\/#listItem\",\"name\":\"Noticias y Actualidad\"}}]},{\"@type\":\"Organization\",\"@id\":\"https:\\\/\\\/eldigitaldeasturias.com\\\/magazine365\\\/#organization\",\"name\":\"El digital de Asturias\",\"description\":\"Revista de ocio, turismo y estilo de vida\",\"url\":\"https:\\\/\\\/eldigitaldeasturias.com\\\/magazine365\\\/\",\"logo\":{\"@type\":\"ImageObject\",\"url\":\"https:\\\/\\\/www.eldigitaldeasturias.com\\\/noticias\\\/wp-content\\\/uploads\\\/2020\\\/12\\\/EDA.jpg\",\"@id\":\"https:\\\/\\\/eldigitaldeasturias.com\\\/magazine365\\\/la-xunta-comienza-en-holanda-la-promocion-internacional-de-la-oferta-turistica-gallega-para-este-ano\\\/#organizationLogo\"},\"image\":{\"@id\":\"https:\\\/\\\/eldigitaldeasturias.com\\\/magazine365\\\/la-xunta-comienza-en-holanda-la-promocion-internacional-de-la-oferta-turistica-gallega-para-este-ano\\\/#organizationLogo\"}},{\"@type\":\"Person\",\"@id\":\"https:\\\/\\\/eldigitaldeasturias.com\\\/magazine365\\\/author\\\/admin\\\/#author\",\"url\":\"https:\\\/\\\/eldigitaldeasturias.com\\\/magazine365\\\/author\\\/admin\\\/\",\"name\":\"admin\",\"image\":{\"@type\":\"ImageObject\",\"@id\":\"https:\\\/\\\/eldigitaldeasturias.com\\\/magazine365\\\/la-xunta-comienza-en-holanda-la-promocion-internacional-de-la-oferta-turistica-gallega-para-este-ano\\\/#authorImage\",\"url\":\"https:\\\/\\\/eldigitaldeasturias.com\\\/magazine365\\\/wp-content\\\/litespeed\\\/avatar\\\/e571bcf59a0edd6fa6838245a470f2fe.jpg?ver=1776969259\",\"width\":96,\"height\":96,\"caption\":\"admin\"}},{\"@type\":\"WebPage\",\"@id\":\"https:\\\/\\\/eldigitaldeasturias.com\\\/magazine365\\\/la-xunta-comienza-en-holanda-la-promocion-internacional-de-la-oferta-turistica-gallega-para-este-ano\\\/#webpage\",\"url\":\"https:\\\/\\\/eldigitaldeasturias.com\\\/magazine365\\\/la-xunta-comienza-en-holanda-la-promocion-internacional-de-la-oferta-turistica-gallega-para-este-ano\\\/\",\"name\":\"La Xunta comienza en Holanda la promoci\\u00f3n internacional de la oferta tur\\u00edstica gallega para este a\\u00f1o | El Digital de Asturias\",\"description\":\"Turismo de Galicia ha iniciado esta semana la campa\\u00f1a de promoci\\u00f3n internacional de 2016 con la presentaci\\u00f3n de la oferta tur\\u00edstica gallega en Holanda, concretamente en la feria Vakantiebeurs de Utrecht, en la que ha presentado las principales novedades de este a\\u00f1o, en general, y el Camino de Santiago y el turismo n\\u00e1utico, en particular.\",\"inLanguage\":\"es-ES\",\"isPartOf\":{\"@id\":\"https:\\\/\\\/eldigitaldeasturias.com\\\/magazine365\\\/#website\"},\"breadcrumb\":{\"@id\":\"https:\\\/\\\/eldigitaldeasturias.com\\\/magazine365\\\/la-xunta-comienza-en-holanda-la-promocion-internacional-de-la-oferta-turistica-gallega-para-este-ano\\\/#breadcrumblist\"},\"author\":{\"@id\":\"https:\\\/\\\/eldigitaldeasturias.com\\\/magazine365\\\/author\\\/admin\\\/#author\"},\"creator\":{\"@id\":\"https:\\\/\\\/eldigitaldeasturias.com\\\/magazine365\\\/author\\\/admin\\\/#author\"},\"image\":{\"@type\":\"ImageObject\",\"url\":\"https:\\\/\\\/eldigitaldeasturias.com\\\/magazine365\\\/wp-content\\\/uploads\\\/2015\\\/06\\\/aeropu.jpg\",\"@id\":\"https:\\\/\\\/eldigitaldeasturias.com\\\/magazine365\\\/la-xunta-comienza-en-holanda-la-promocion-internacional-de-la-oferta-turistica-gallega-para-este-ano\\\/#mainImage\",\"width\":800,\"height\":533},\"primaryImageOfPage\":{\"@id\":\"https:\\\/\\\/eldigitaldeasturias.com\\\/magazine365\\\/la-xunta-comienza-en-holanda-la-promocion-internacional-de-la-oferta-turistica-gallega-para-este-ano\\\/#mainImage\"},\"datePublished\":\"2016-01-18T22:39:55+01:00\",\"dateModified\":\"2016-01-18T22:39:55+01:00\"},{\"@type\":\"WebSite\",\"@id\":\"https:\\\/\\\/eldigitaldeasturias.com\\\/magazine365\\\/#website\",\"url\":\"https:\\\/\\\/eldigitaldeasturias.com\\\/magazine365\\\/\",\"name\":\"El Digital de Asturias\",\"description\":\"Revista de ocio, turismo y estilo de vida\",\"inLanguage\":\"es-ES\",\"publisher\":{\"@id\":\"https:\\\/\\\/eldigitaldeasturias.com\\\/magazine365\\\/#organization\"}}]}\n\t\t<\/script>\n\t\t<!-- All in One SEO Pro -->\r\n\t\t<title>La Xunta comienza en Holanda la promoci\u00f3n internacional de la oferta tur\u00edstica gallega para este a\u00f1o | El Digital de Asturias<\/title>\n\n","aioseo_head_json":{"title":"La Xunta comienza en Holanda la promoci\u00f3n internacional de la oferta tur\u00edstica gallega para este a\u00f1o | El Digital de Asturias","description":"Turismo de Galicia ha iniciado esta semana la campa\u00f1a de promoci\u00f3n internacional de 2016 con la presentaci\u00f3n de la oferta tur\u00edstica gallega en Holanda, concretamente en la feria Vakantiebeurs de Utrecht, en la que ha presentado las principales novedades de este a\u00f1o, en general, y el Camino de Santiago y el turismo n\u00e1utico, en particular.","canonical_url":"https:\/\/eldigitaldeasturias.com\/magazine365\/la-xunta-comienza-en-holanda-la-promocion-internacional-de-la-oferta-turistica-gallega-para-este-ano\/","robots":"max-image-preview:large","keywords":"noticias y actualidad","webmasterTools":{"google-site-verification":"UA-38556648-1","miscellaneous":""},"schema":{"@context":"https:\/\/schema.org","@graph":[{"@type":"Article","@id":"https:\/\/eldigitaldeasturias.com\/magazine365\/la-xunta-comienza-en-holanda-la-promocion-internacional-de-la-oferta-turistica-gallega-para-este-ano\/#article","name":"La Xunta comienza en Holanda la promoci\u00f3n internacional de la oferta tur\u00edstica gallega para este a\u00f1o | El Digital de Asturias","headline":"La Xunta comienza en Holanda la promoci\u00f3n internacional de la oferta tur\u00edstica gallega para este a\u00f1o","author":{"@id":"https:\/\/eldigitaldeasturias.com\/magazine365\/author\/admin\/#author"},"publisher":{"@id":"https:\/\/eldigitaldeasturias.com\/magazine365\/#organization"},"image":{"@type":"ImageObject","url":"https:\/\/eldigitaldeasturias.com\/magazine365\/wp-content\/uploads\/2015\/06\/aeropu.jpg","width":800,"height":533},"datePublished":"2016-01-18T22:39:55+01:00","dateModified":"2016-01-18T22:39:55+01:00","inLanguage":"es-ES","mainEntityOfPage":{"@id":"https:\/\/eldigitaldeasturias.com\/magazine365\/la-xunta-comienza-en-holanda-la-promocion-internacional-de-la-oferta-turistica-gallega-para-este-ano\/#webpage"},"isPartOf":{"@id":"https:\/\/eldigitaldeasturias.com\/magazine365\/la-xunta-comienza-en-holanda-la-promocion-internacional-de-la-oferta-turistica-gallega-para-este-ano\/#webpage"},"articleSection":"Noticias y Actualidad"},{"@type":"BreadcrumbList","@id":"https:\/\/eldigitaldeasturias.com\/magazine365\/la-xunta-comienza-en-holanda-la-promocion-internacional-de-la-oferta-turistica-gallega-para-este-ano\/#breadcrumblist","itemListElement":[{"@type":"ListItem","@id":"https:\/\/eldigitaldeasturias.com\/magazine365#listItem","position":1,"name":"Home","item":"https:\/\/eldigitaldeasturias.com\/magazine365","nextItem":{"@type":"ListItem","@id":"https:\/\/eldigitaldeasturias.com\/magazine365\/category\/noticias-actualidad\/#listItem","name":"Noticias y Actualidad"}},{"@type":"ListItem","@id":"https:\/\/eldigitaldeasturias.com\/magazine365\/category\/noticias-actualidad\/#listItem","position":2,"name":"Noticias y Actualidad","item":"https:\/\/eldigitaldeasturias.com\/magazine365\/category\/noticias-actualidad\/","nextItem":{"@type":"ListItem","@id":"https:\/\/eldigitaldeasturias.com\/magazine365\/la-xunta-comienza-en-holanda-la-promocion-internacional-de-la-oferta-turistica-gallega-para-este-ano\/#listItem","name":"La Xunta comienza en Holanda la promoci\u00f3n internacional de la oferta tur\u00edstica gallega para este a\u00f1o"},"previousItem":{"@type":"ListItem","@id":"https:\/\/eldigitaldeasturias.com\/magazine365#listItem","name":"Home"}},{"@type":"ListItem","@id":"https:\/\/eldigitaldeasturias.com\/magazine365\/la-xunta-comienza-en-holanda-la-promocion-internacional-de-la-oferta-turistica-gallega-para-este-ano\/#listItem","position":3,"name":"La Xunta comienza en Holanda la promoci\u00f3n internacional de la oferta tur\u00edstica gallega para este a\u00f1o","previousItem":{"@type":"ListItem","@id":"https:\/\/eldigitaldeasturias.com\/magazine365\/category\/noticias-actualidad\/#listItem","name":"Noticias y Actualidad"}}]},{"@type":"Organization","@id":"https:\/\/eldigitaldeasturias.com\/magazine365\/#organization","name":"El digital de Asturias","description":"Revista de ocio, turismo y estilo de vida","url":"https:\/\/eldigitaldeasturias.com\/magazine365\/","logo":{"@type":"ImageObject","url":"https:\/\/www.eldigitaldeasturias.com\/noticias\/wp-content\/uploads\/2020\/12\/EDA.jpg","@id":"https:\/\/eldigitaldeasturias.com\/magazine365\/la-xunta-comienza-en-holanda-la-promocion-internacional-de-la-oferta-turistica-gallega-para-este-ano\/#organizationLogo"},"image":{"@id":"https:\/\/eldigitaldeasturias.com\/magazine365\/la-xunta-comienza-en-holanda-la-promocion-internacional-de-la-oferta-turistica-gallega-para-este-ano\/#organizationLogo"}},{"@type":"Person","@id":"https:\/\/eldigitaldeasturias.com\/magazine365\/author\/admin\/#author","url":"https:\/\/eldigitaldeasturias.com\/magazine365\/author\/admin\/","name":"admin","image":{"@type":"ImageObject","@id":"https:\/\/eldigitaldeasturias.com\/magazine365\/la-xunta-comienza-en-holanda-la-promocion-internacional-de-la-oferta-turistica-gallega-para-este-ano\/#authorImage","url":"https:\/\/eldigitaldeasturias.com\/magazine365\/wp-content\/litespeed\/avatar\/e571bcf59a0edd6fa6838245a470f2fe.jpg?ver=1776969259","width":96,"height":96,"caption":"admin"}},{"@type":"WebPage","@id":"https:\/\/eldigitaldeasturias.com\/magazine365\/la-xunta-comienza-en-holanda-la-promocion-internacional-de-la-oferta-turistica-gallega-para-este-ano\/#webpage","url":"https:\/\/eldigitaldeasturias.com\/magazine365\/la-xunta-comienza-en-holanda-la-promocion-internacional-de-la-oferta-turistica-gallega-para-este-ano\/","name":"La Xunta comienza en Holanda la promoci\u00f3n internacional de la oferta tur\u00edstica gallega para este a\u00f1o | El Digital de Asturias","description":"Turismo de Galicia ha iniciado esta semana la campa\u00f1a de promoci\u00f3n internacional de 2016 con la presentaci\u00f3n de la oferta tur\u00edstica gallega en Holanda, concretamente en la feria Vakantiebeurs de Utrecht, en la que ha presentado las principales novedades de este a\u00f1o, en general, y el Camino de Santiago y el turismo n\u00e1utico, en particular.","inLanguage":"es-ES","isPartOf":{"@id":"https:\/\/eldigitaldeasturias.com\/magazine365\/#website"},"breadcrumb":{"@id":"https:\/\/eldigitaldeasturias.com\/magazine365\/la-xunta-comienza-en-holanda-la-promocion-internacional-de-la-oferta-turistica-gallega-para-este-ano\/#breadcrumblist"},"author":{"@id":"https:\/\/eldigitaldeasturias.com\/magazine365\/author\/admin\/#author"},"creator":{"@id":"https:\/\/eldigitaldeasturias.com\/magazine365\/author\/admin\/#author"},"image":{"@type":"ImageObject","url":"https:\/\/eldigitaldeasturias.com\/magazine365\/wp-content\/uploads\/2015\/06\/aeropu.jpg","@id":"https:\/\/eldigitaldeasturias.com\/magazine365\/la-xunta-comienza-en-holanda-la-promocion-internacional-de-la-oferta-turistica-gallega-para-este-ano\/#mainImage","width":800,"height":533},"primaryImageOfPage":{"@id":"https:\/\/eldigitaldeasturias.com\/magazine365\/la-xunta-comienza-en-holanda-la-promocion-internacional-de-la-oferta-turistica-gallega-para-este-ano\/#mainImage"},"datePublished":"2016-01-18T22:39:55+01:00","dateModified":"2016-01-18T22:39:55+01:00"},{"@type":"WebSite","@id":"https:\/\/eldigitaldeasturias.com\/magazine365\/#website","url":"https:\/\/eldigitaldeasturias.com\/magazine365\/","name":"El Digital de Asturias","description":"Revista de ocio, turismo y estilo de vida","inLanguage":"es-ES","publisher":{"@id":"https:\/\/eldigitaldeasturias.com\/magazine365\/#organization"}}]},"og:locale":"es_ES","og:site_name":"El Digital de Asturias \u2013 Revista de ocio, turismo y estilo de vida","og:type":"article","og:title":"La Xunta comienza en Holanda la promoci\u00f3n internacional de la oferta tur\u00edstica gallega para este a\u00f1o | El Digital de Asturias","og:description":"Turismo de Galicia ha iniciado esta semana la campa\u00f1a de promoci\u00f3n internacional de 2016 con la presentaci\u00f3n de la oferta tur\u00edstica gallega en Holanda, concretamente en la feria Vakantiebeurs de Utrecht, en la que ha presentado las principales novedades de este a\u00f1o, en general, y el Camino de Santiago y el turismo n\u00e1utico, en particular.","og:url":"https:\/\/eldigitaldeasturias.com\/magazine365\/la-xunta-comienza-en-holanda-la-promocion-internacional-de-la-oferta-turistica-gallega-para-este-ano\/","og:image":"https:\/\/eldigitaldeasturias.com\/magazine365\/wp-content\/uploads\/2015\/06\/aeropu.jpg","og:image:secure_url":"https:\/\/eldigitaldeasturias.com\/magazine365\/wp-content\/uploads\/2015\/06\/aeropu.jpg","og:image:width":800,"og:image:height":533,"article:published_time":"2016-01-18T21:39:55+00:00","article:modified_time":"2016-01-18T21:39:55+00:00","twitter:card":"summary_large_image","twitter:title":"La Xunta comienza en Holanda la promoci\u00f3n internacional de la oferta tur\u00edstica gallega para este a\u00f1o | El Digital de Asturias","twitter:description":"Turismo de Galicia ha iniciado esta semana la campa\u00f1a de promoci\u00f3n internacional de 2016 con la presentaci\u00f3n de la oferta tur\u00edstica gallega en Holanda, concretamente en la feria Vakantiebeurs de Utrecht, en la que ha presentado las principales novedades de este a\u00f1o, en general, y el Camino de Santiago y el turismo n\u00e1utico, en particular.","twitter:image":"https:\/\/eldigitaldeasturias.com\/magazine365\/wp-content\/uploads\/2015\/06\/aeropu.jpg"},"aioseo_meta_data":{"post_id":"60917","title":null,"description":null,"keywords":null,"keyphrases":null,"primary_term":null,"canonical_url":null,"og_title":null,"og_description":null,"og_object_type":"default","og_image_type":"default","og_image_url":null,"og_image_width":null,"og_image_height":null,"og_image_custom_url":null,"og_image_custom_fields":null,"og_video":null,"og_custom_url":null,"og_article_section":null,"og_article_tags":null,"twitter_use_og":false,"twitter_card":"default","twitter_image_type":"default","twitter_image_url":null,"twitter_image_custom_url":null,"twitter_image_custom_fields":null,"twitter_title":null,"twitter_description":null,"schema":{"blockGraphs":[],"customGraphs":[],"default":{"data":{"Article":[],"Course":[],"Dataset":[],"FAQPage":[],"Movie":[],"Person":[],"Product":[],"ProductReview":[],"Car":[],"Recipe":[],"Service":[],"SoftwareApplication":[],"WebPage":[]},"graphName":"","isEnabled":true},"graphs":[],"defaultGraph":"","defaultPostTypeGraph":""},"schema_type":null,"schema_type_options":null,"pillar_content":false,"robots_default":true,"robots_noindex":false,"robots_noarchive":false,"robots_nosnippet":false,"robots_nofollow":false,"robots_noimageindex":false,"robots_noodp":false,"robots_notranslate":false,"robots_max_snippet":null,"robots_max_videopreview":null,"robots_max_imagepreview":"large","priority":null,"frequency":null,"location":null,"local_seo":null,"seo_analyzer_scan_date":"2025-09-25 07:49:16","breadcrumb_settings":null,"limit_modified_date":false,"open_ai":null,"ai":null,"created":"2021-03-08 21:54:47","updated":"2025-09-25 07:49:16"},"aioseo_breadcrumb":"<div class=\"aioseo-breadcrumbs\"><span class=\"aioseo-breadcrumb\">\n\t<a href=\"https:\/\/eldigitaldeasturias.com\/magazine365\" title=\"Home\">Home<\/a>\n<\/span><span class=\"aioseo-breadcrumb-separator\">\u2013<\/span><span class=\"aioseo-breadcrumb\">\n\t<a href=\"https:\/\/eldigitaldeasturias.com\/magazine365\/category\/noticias-actualidad\/\" title=\"Noticias y Actualidad\">Noticias y Actualidad<\/a>\n<\/span><span class=\"aioseo-breadcrumb-separator\">\u2013<\/span><span class=\"aioseo-breadcrumb\">\n\t<a href=\"https:\/\/eldigitaldeasturias.com\/magazine365\/la-xunta-comienza-en-holanda-la-promocion-internacional-de-la-oferta-turistica-gallega-para-este-ano\/\" title=\"La Xunta comienza en Holanda la promoci\u00f3n internacional de la oferta tur\u00edstica gallega para este a\u00f1o\">La Xunta comienza en Holanda la promoci\u00f3n internacional de la oferta tur\u00edstica gallega para este a\u00f1o<\/a>\n<\/span><\/div>","aioseo_breadcrumb_json":[{"label":"Home","link":"https:\/\/eldigitaldeasturias.com\/magazine365"},{"label":"Noticias y Actualidad","link":"https:\/\/eldigitaldeasturias.com\/magazine365\/category\/noticias-actualidad\/"},{"label":"La Xunta comienza en Holanda la promoci\u00f3n internacional de la oferta tur\u00edstica gallega para este a\u00f1o","link":"https:\/\/eldigitaldeasturias.com\/magazine365\/la-xunta-comienza-en-holanda-la-promocion-internacional-de-la-oferta-turistica-gallega-para-este-ano\/"}],"_links":{"self":[{"href":"https:\/\/eldigitaldeasturias.com\/magazine365\/wp-json\/wp\/v2\/posts\/60917","targetHints":{"allow":["GET"]}}],"collection":[{"href":"https:\/\/eldigitaldeasturias.com\/magazine365\/wp-json\/wp\/v2\/posts"}],"about":[{"href":"https:\/\/eldigitaldeasturias.com\/magazine365\/wp-json\/wp\/v2\/types\/post"}],"author":[{"embeddable":true,"href":"https:\/\/eldigitaldeasturias.com\/magazine365\/wp-json\/wp\/v2\/users\/1"}],"replies":[{"embeddable":true,"href":"https:\/\/eldigitaldeasturias.com\/magazine365\/wp-json\/wp\/v2\/comments?post=60917"}],"version-history":[{"count":0,"href":"https:\/\/eldigitaldeasturias.com\/magazine365\/wp-json\/wp\/v2\/posts\/60917\/revisions"}],"wp:featuredmedia":[{"embeddable":true,"href":"https:\/\/eldigitaldeasturias.com\/magazine365\/wp-json\/wp\/v2\/media\/39724"}],"wp:attachment":[{"href":"https:\/\/eldigitaldeasturias.com\/magazine365\/wp-json\/wp\/v2\/media?parent=60917"}],"wp:term":[{"taxonomy":"category","embeddable":true,"href":"https:\/\/eldigitaldeasturias.com\/magazine365\/wp-json\/wp\/v2\/categories?post=60917"},{"taxonomy":"post_tag","embeddable":true,"href":"https:\/\/eldigitaldeasturias.com\/magazine365\/wp-json\/wp\/v2\/tags?post=60917"}],"curies":[{"name":"wp","href":"https:\/\/api.w.org\/{rel}","templated":true}]}}