{"id":60900,"date":"2016-01-17T02:01:11","date_gmt":"2016-01-17T01:01:11","guid":{"rendered":"http:\/\/eldigitaldeasturias.com\/magazine365\/?p=60900"},"modified":"2016-01-17T02:01:11","modified_gmt":"2016-01-17T01:01:11","slug":"asturias-preparada-para-fitur-2016","status":"publish","type":"post","link":"https:\/\/eldigitaldeasturias.com\/magazine365\/asturias-preparada-para-fitur-2016\/","title":{"rendered":"Asturias preparada para Fitur 2016"},"content":{"rendered":"<p><img fetchpriority=\"high\" decoding=\"async\" class=\"alignleft size-medium wp-image-60901\" src=\"https:\/\/eldigitaldeasturias.com\/magazine365\/wp-content\/uploads\/2016\/01\/fotonoticia_20160116142034_800-360x240.jpg\" alt=\"fotonoticia_20160116142034_800\" width=\"360\" height=\"240\" srcset=\"https:\/\/eldigitaldeasturias.com\/magazine365\/wp-content\/uploads\/2016\/01\/fotonoticia_20160116142034_800-360x240.jpg 360w, https:\/\/eldigitaldeasturias.com\/magazine365\/wp-content\/uploads\/2016\/01\/fotonoticia_20160116142034_800-650x433.jpg 650w, https:\/\/eldigitaldeasturias.com\/magazine365\/wp-content\/uploads\/2016\/01\/fotonoticia_20160116142034_800-768x512.jpg 768w, https:\/\/eldigitaldeasturias.com\/magazine365\/wp-content\/uploads\/2016\/01\/fotonoticia_20160116142034_800-150x100.jpg 150w, https:\/\/eldigitaldeasturias.com\/magazine365\/wp-content\/uploads\/2016\/01\/fotonoticia_20160116142034_800-450x300.jpg 450w, https:\/\/eldigitaldeasturias.com\/magazine365\/wp-content\/uploads\/2016\/01\/fotonoticia_20160116142034_800-696x464.jpg 696w, https:\/\/eldigitaldeasturias.com\/magazine365\/wp-content\/uploads\/2016\/01\/fotonoticia_20160116142034_800-630x420.jpg 630w, https:\/\/eldigitaldeasturias.com\/magazine365\/wp-content\/uploads\/2016\/01\/fotonoticia_20160116142034_800-101x66.jpg 101w, https:\/\/eldigitaldeasturias.com\/magazine365\/wp-content\/uploads\/2016\/01\/fotonoticia_20160116142034_800.jpg 800w\" sizes=\"(max-width: 360px) 100vw, 360px\" \/>El consejero de Empleo, Industria y Turismo, Francisco Blanco, ha presentado este s\u00e1bado en Gij\u00f3n el programa de actividades que se desarrollar\u00e1n en el estand del Principado en Fitur, con el que se celebrar\u00e1n los 30 a\u00f1os del nacimiento del turismo rural.<\/p>\n<p>Se trata de una instalaci\u00f3n renovada de 630 metros cuadrados, ubicada en el pabell\u00f3n n\u00famero 9 de la feria que se desarrolla entre el 20 y el 24 de enero, en la que se exhibir\u00e1n los recursos tur\u00edsticos de la comunidad. Igualmente, acoger\u00e1 encuentros comerciales tanto en la sala de presentaciones como en las tres salas habilitadas para reuniones privadas, seg\u00fan indican desde el Gobierno asturiano.<\/p>\n<p>Adem\u00e1s, la apuesta por el turismo deportivo es una de las principales novedades para esta edici\u00f3n, en la que se presentar\u00e1n las etapas asturianas de la Vuelta Ciclista a Espa\u00f1a y se exhibir\u00e1 un monoplaza del museo de Fernando Alonso.<\/p>\n<p>El recinto se ha concebido para reforzar la marca de Asturias en uno de los foros comerciales m\u00e1s importantes del a\u00f1o. \u00abNuestro cometido en el certamen es vender la mejor imagen de nuestro destino y facilitar la labor comercial de las empresas del sector\u00bb, ha se\u00f1alado Blanco.<\/p>\n<p>El elemento m\u00e1s emblem\u00e1tico ser\u00e1 un jard\u00edn vertical de seis metros a la entrada del recinto que se adapta para recrear una estancia de un alojamiento rural. Una vez atravesada esta zona, se encuentra un espacio abierto que facilita la circulaci\u00f3n interna y fija la atenci\u00f3n en los elementos m\u00e1s relevantes de la oferta tur\u00edstica asturiana a trav\u00e9s de 40 im\u00e1genes de gran formato que combinan costa y monta\u00f1a. Tambi\u00e9n destaca un gran videowall en el que se proyectar\u00e1n distintos audiovisuales, uno de ellos dedicado al turismo rural.<\/p>\n<p>El titular de Empleo ha resaltado la amplia representaci\u00f3n de agentes tur\u00edsticos que pasar\u00e1 por el estand: 156 gestores de destino de car\u00e1cter local y 284 representantes de empresas y asociaciones tur\u00edsticas que ven en Fitur uno de sus principales recursos de promoci\u00f3n y comercializaci\u00f3n. Asimismo, 14 empresas asturianas participar\u00e1n en el Workshop Hosted Buyers, el encuentro comercial con operadores internacionales que celebra su sexta edici\u00f3n.<\/p>\n<p>&#8216;El D\u00eda de Asturias&#8217; en Fitur se celebrar\u00e1 el 22 de enero y constituir\u00e1 el acto central de la programaci\u00f3n. \u00abNo obstante, durante las jornadas previas dedicadas a profesionales del sector se realizar\u00e1n 20 presentaciones\u00bb, remarcan desde el Gobierno asturiano.<\/p>\n<p>Entre las actuaciones destacan eventos conmemorativos de los 30 a\u00f1os de turismo rural y la muestra de Asturias como destino de turismo deportivo, que contar\u00e1 con la presentaci\u00f3n de las etapas asturianas de la Vuelta Ciclista a Espa\u00f1a 2016.<\/p>\n<p>Asimismo, se pondr\u00e1 en marcha una campa\u00f1a de contrataci\u00f3n de escapadas a Asturias con descuentos especiales. Estas Ofertas Fitur 2016 incluyen m\u00e1s de 50 propuestas de empresas asturianas con descuentos exclusivos que alcanzan el 20% y que estar\u00e1n disponibles durante toda la feria.<\/p>\n","protected":false},"excerpt":{"rendered":"<p>El consejero de Empleo, Industria y Turismo, Francisco Blanco, ha presentado este s\u00e1bado en Gij\u00f3n el programa de actividades que se desarrollar\u00e1n en el estand del Principado en Fitur, con el que se celebrar\u00e1n los 30 a\u00f1os del nacimiento del turismo rural. Se trata de una instalaci\u00f3n renovada de 630 metros cuadrados, ubicada en el<\/p>\n","protected":false},"author":1,"featured_media":60901,"comment_status":"open","ping_status":"closed","sticky":false,"template":"","format":"standard","meta":{"footnotes":""},"categories":[224],"tags":[],"class_list":{"0":"post-60900","1":"post","2":"type-post","3":"status-publish","4":"format-standard","5":"has-post-thumbnail","7":"category-noticias-actualidad"},"aioseo_notices":[],"aioseo_head":"\n\t\t<!-- All in One SEO Pro 4.9.6.1 - aioseo.com -->\n\t<meta name=\"description\" content=\"El consejero de Empleo, Industria y Turismo, Francisco Blanco, ha presentado este s\u00e1bado en Gij\u00f3n el programa de actividades que se desarrollar\u00e1n en el estand del Principado en Fitur, con el que se celebrar\u00e1n los 30 a\u00f1os del nacimiento del turismo rural. Se trata de una instalaci\u00f3n renovada de 630 metros cuadrados, ubicada en el\" \/>\n\t<meta name=\"robots\" content=\"max-image-preview:large\" \/>\n\t<meta name=\"author\" content=\"admin\"\/>\n\t<meta name=\"google-site-verification\" content=\"UA-38556648-1\" \/>\n\t<meta name=\"keywords\" content=\"noticias y actualidad\" \/>\n\t<link rel=\"canonical\" href=\"https:\/\/eldigitaldeasturias.com\/magazine365\/asturias-preparada-para-fitur-2016\/\" \/>\n\t<meta name=\"generator\" content=\"All in One SEO Pro (AIOSEO) 4.9.6.1\" \/>\n\t\t<meta property=\"og:locale\" content=\"es_ES\" \/>\n\t\t<meta property=\"og:site_name\" content=\"El Digital de Asturias \u2013 Revista de ocio, turismo y estilo de vida\" \/>\n\t\t<meta property=\"og:type\" content=\"article\" \/>\n\t\t<meta property=\"og:title\" content=\"Asturias preparada para Fitur 2016 | El Digital de Asturias\" \/>\n\t\t<meta property=\"og:description\" content=\"El consejero de Empleo, Industria y Turismo, Francisco Blanco, ha presentado este s\u00e1bado en Gij\u00f3n el programa de actividades que se desarrollar\u00e1n en el estand del Principado en Fitur, con el que se celebrar\u00e1n los 30 a\u00f1os del nacimiento del turismo rural. Se trata de una instalaci\u00f3n renovada de 630 metros cuadrados, ubicada en el\" \/>\n\t\t<meta property=\"og:url\" content=\"https:\/\/eldigitaldeasturias.com\/magazine365\/asturias-preparada-para-fitur-2016\/\" \/>\n\t\t<meta property=\"og:image\" content=\"https:\/\/eldigitaldeasturias.com\/magazine365\/wp-content\/uploads\/2016\/01\/fotonoticia_20160116142034_800.jpg\" \/>\n\t\t<meta property=\"og:image:secure_url\" content=\"https:\/\/eldigitaldeasturias.com\/magazine365\/wp-content\/uploads\/2016\/01\/fotonoticia_20160116142034_800.jpg\" \/>\n\t\t<meta property=\"og:image:width\" content=\"800\" \/>\n\t\t<meta property=\"og:image:height\" content=\"533\" \/>\n\t\t<meta property=\"article:published_time\" content=\"2016-01-17T01:01:11+00:00\" \/>\n\t\t<meta property=\"article:modified_time\" content=\"2016-01-17T01:01:11+00:00\" \/>\n\t\t<meta name=\"twitter:card\" content=\"summary_large_image\" \/>\n\t\t<meta name=\"twitter:title\" content=\"Asturias preparada para Fitur 2016 | El Digital de Asturias\" \/>\n\t\t<meta name=\"twitter:description\" content=\"El consejero de Empleo, Industria y Turismo, Francisco Blanco, ha presentado este s\u00e1bado en Gij\u00f3n el programa de actividades que se desarrollar\u00e1n en el estand del Principado en Fitur, con el que se celebrar\u00e1n los 30 a\u00f1os del nacimiento del turismo rural. Se trata de una instalaci\u00f3n renovada de 630 metros cuadrados, ubicada en el\" \/>\n\t\t<meta name=\"twitter:image\" content=\"https:\/\/eldigitaldeasturias.com\/magazine365\/wp-content\/uploads\/2016\/01\/fotonoticia_20160116142034_800.jpg\" \/>\n\t\t<script type=\"application\/ld+json\" class=\"aioseo-schema\">\n\t\t\t{\"@context\":\"https:\\\/\\\/schema.org\",\"@graph\":[{\"@type\":\"Article\",\"@id\":\"https:\\\/\\\/eldigitaldeasturias.com\\\/magazine365\\\/asturias-preparada-para-fitur-2016\\\/#article\",\"name\":\"Asturias preparada para Fitur 2016 | El Digital de Asturias\",\"headline\":\"Asturias preparada para Fitur 2016\",\"author\":{\"@id\":\"https:\\\/\\\/eldigitaldeasturias.com\\\/magazine365\\\/author\\\/admin\\\/#author\"},\"publisher\":{\"@id\":\"https:\\\/\\\/eldigitaldeasturias.com\\\/magazine365\\\/#organization\"},\"image\":{\"@type\":\"ImageObject\",\"url\":\"https:\\\/\\\/eldigitaldeasturias.com\\\/magazine365\\\/wp-content\\\/uploads\\\/2016\\\/01\\\/fotonoticia_20160116142034_800.jpg\",\"width\":800,\"height\":533},\"datePublished\":\"2016-01-17T02:01:11+01:00\",\"dateModified\":\"2016-01-17T02:01:11+01:00\",\"inLanguage\":\"es-ES\",\"mainEntityOfPage\":{\"@id\":\"https:\\\/\\\/eldigitaldeasturias.com\\\/magazine365\\\/asturias-preparada-para-fitur-2016\\\/#webpage\"},\"isPartOf\":{\"@id\":\"https:\\\/\\\/eldigitaldeasturias.com\\\/magazine365\\\/asturias-preparada-para-fitur-2016\\\/#webpage\"},\"articleSection\":\"Noticias y Actualidad\"},{\"@type\":\"BreadcrumbList\",\"@id\":\"https:\\\/\\\/eldigitaldeasturias.com\\\/magazine365\\\/asturias-preparada-para-fitur-2016\\\/#breadcrumblist\",\"itemListElement\":[{\"@type\":\"ListItem\",\"@id\":\"https:\\\/\\\/eldigitaldeasturias.com\\\/magazine365#listItem\",\"position\":1,\"name\":\"Home\",\"item\":\"https:\\\/\\\/eldigitaldeasturias.com\\\/magazine365\",\"nextItem\":{\"@type\":\"ListItem\",\"@id\":\"https:\\\/\\\/eldigitaldeasturias.com\\\/magazine365\\\/category\\\/noticias-actualidad\\\/#listItem\",\"name\":\"Noticias y Actualidad\"}},{\"@type\":\"ListItem\",\"@id\":\"https:\\\/\\\/eldigitaldeasturias.com\\\/magazine365\\\/category\\\/noticias-actualidad\\\/#listItem\",\"position\":2,\"name\":\"Noticias y Actualidad\",\"item\":\"https:\\\/\\\/eldigitaldeasturias.com\\\/magazine365\\\/category\\\/noticias-actualidad\\\/\",\"nextItem\":{\"@type\":\"ListItem\",\"@id\":\"https:\\\/\\\/eldigitaldeasturias.com\\\/magazine365\\\/asturias-preparada-para-fitur-2016\\\/#listItem\",\"name\":\"Asturias preparada para Fitur 2016\"},\"previousItem\":{\"@type\":\"ListItem\",\"@id\":\"https:\\\/\\\/eldigitaldeasturias.com\\\/magazine365#listItem\",\"name\":\"Home\"}},{\"@type\":\"ListItem\",\"@id\":\"https:\\\/\\\/eldigitaldeasturias.com\\\/magazine365\\\/asturias-preparada-para-fitur-2016\\\/#listItem\",\"position\":3,\"name\":\"Asturias preparada para Fitur 2016\",\"previousItem\":{\"@type\":\"ListItem\",\"@id\":\"https:\\\/\\\/eldigitaldeasturias.com\\\/magazine365\\\/category\\\/noticias-actualidad\\\/#listItem\",\"name\":\"Noticias y Actualidad\"}}]},{\"@type\":\"Organization\",\"@id\":\"https:\\\/\\\/eldigitaldeasturias.com\\\/magazine365\\\/#organization\",\"name\":\"El digital de Asturias\",\"description\":\"Revista de ocio, turismo y estilo de vida\",\"url\":\"https:\\\/\\\/eldigitaldeasturias.com\\\/magazine365\\\/\",\"logo\":{\"@type\":\"ImageObject\",\"url\":\"https:\\\/\\\/www.eldigitaldeasturias.com\\\/noticias\\\/wp-content\\\/uploads\\\/2020\\\/12\\\/EDA.jpg\",\"@id\":\"https:\\\/\\\/eldigitaldeasturias.com\\\/magazine365\\\/asturias-preparada-para-fitur-2016\\\/#organizationLogo\"},\"image\":{\"@id\":\"https:\\\/\\\/eldigitaldeasturias.com\\\/magazine365\\\/asturias-preparada-para-fitur-2016\\\/#organizationLogo\"}},{\"@type\":\"Person\",\"@id\":\"https:\\\/\\\/eldigitaldeasturias.com\\\/magazine365\\\/author\\\/admin\\\/#author\",\"url\":\"https:\\\/\\\/eldigitaldeasturias.com\\\/magazine365\\\/author\\\/admin\\\/\",\"name\":\"admin\",\"image\":{\"@type\":\"ImageObject\",\"@id\":\"https:\\\/\\\/eldigitaldeasturias.com\\\/magazine365\\\/asturias-preparada-para-fitur-2016\\\/#authorImage\",\"url\":\"https:\\\/\\\/eldigitaldeasturias.com\\\/magazine365\\\/wp-content\\\/litespeed\\\/avatar\\\/e571bcf59a0edd6fa6838245a470f2fe.jpg?ver=1777574230\",\"width\":96,\"height\":96,\"caption\":\"admin\"}},{\"@type\":\"WebPage\",\"@id\":\"https:\\\/\\\/eldigitaldeasturias.com\\\/magazine365\\\/asturias-preparada-para-fitur-2016\\\/#webpage\",\"url\":\"https:\\\/\\\/eldigitaldeasturias.com\\\/magazine365\\\/asturias-preparada-para-fitur-2016\\\/\",\"name\":\"Asturias preparada para Fitur 2016 | El Digital de Asturias\",\"description\":\"El consejero de Empleo, Industria y Turismo, Francisco Blanco, ha presentado este s\\u00e1bado en Gij\\u00f3n el programa de actividades que se desarrollar\\u00e1n en el estand del Principado en Fitur, con el que se celebrar\\u00e1n los 30 a\\u00f1os del nacimiento del turismo rural. Se trata de una instalaci\\u00f3n renovada de 630 metros cuadrados, ubicada en el\",\"inLanguage\":\"es-ES\",\"isPartOf\":{\"@id\":\"https:\\\/\\\/eldigitaldeasturias.com\\\/magazine365\\\/#website\"},\"breadcrumb\":{\"@id\":\"https:\\\/\\\/eldigitaldeasturias.com\\\/magazine365\\\/asturias-preparada-para-fitur-2016\\\/#breadcrumblist\"},\"author\":{\"@id\":\"https:\\\/\\\/eldigitaldeasturias.com\\\/magazine365\\\/author\\\/admin\\\/#author\"},\"creator\":{\"@id\":\"https:\\\/\\\/eldigitaldeasturias.com\\\/magazine365\\\/author\\\/admin\\\/#author\"},\"image\":{\"@type\":\"ImageObject\",\"url\":\"https:\\\/\\\/eldigitaldeasturias.com\\\/magazine365\\\/wp-content\\\/uploads\\\/2016\\\/01\\\/fotonoticia_20160116142034_800.jpg\",\"@id\":\"https:\\\/\\\/eldigitaldeasturias.com\\\/magazine365\\\/asturias-preparada-para-fitur-2016\\\/#mainImage\",\"width\":800,\"height\":533},\"primaryImageOfPage\":{\"@id\":\"https:\\\/\\\/eldigitaldeasturias.com\\\/magazine365\\\/asturias-preparada-para-fitur-2016\\\/#mainImage\"},\"datePublished\":\"2016-01-17T02:01:11+01:00\",\"dateModified\":\"2016-01-17T02:01:11+01:00\"},{\"@type\":\"WebSite\",\"@id\":\"https:\\\/\\\/eldigitaldeasturias.com\\\/magazine365\\\/#website\",\"url\":\"https:\\\/\\\/eldigitaldeasturias.com\\\/magazine365\\\/\",\"name\":\"El Digital de Asturias\",\"description\":\"Revista de ocio, turismo y estilo de vida\",\"inLanguage\":\"es-ES\",\"publisher\":{\"@id\":\"https:\\\/\\\/eldigitaldeasturias.com\\\/magazine365\\\/#organization\"}}]}\n\t\t<\/script>\n\t\t<!-- All in One SEO Pro -->\r\n\t\t<title>Asturias preparada para Fitur 2016 | El Digital de Asturias<\/title>\n\n","aioseo_head_json":{"title":"Asturias preparada para Fitur 2016 | El Digital de Asturias","description":"El consejero de Empleo, Industria y Turismo, Francisco Blanco, ha presentado este s\u00e1bado en Gij\u00f3n el programa de actividades que se desarrollar\u00e1n en el estand del Principado en Fitur, con el que se celebrar\u00e1n los 30 a\u00f1os del nacimiento del turismo rural. Se trata de una instalaci\u00f3n renovada de 630 metros cuadrados, ubicada en el","canonical_url":"https:\/\/eldigitaldeasturias.com\/magazine365\/asturias-preparada-para-fitur-2016\/","robots":"max-image-preview:large","keywords":"noticias y actualidad","webmasterTools":{"google-site-verification":"UA-38556648-1","miscellaneous":""},"schema":{"@context":"https:\/\/schema.org","@graph":[{"@type":"Article","@id":"https:\/\/eldigitaldeasturias.com\/magazine365\/asturias-preparada-para-fitur-2016\/#article","name":"Asturias preparada para Fitur 2016 | El Digital de Asturias","headline":"Asturias preparada para Fitur 2016","author":{"@id":"https:\/\/eldigitaldeasturias.com\/magazine365\/author\/admin\/#author"},"publisher":{"@id":"https:\/\/eldigitaldeasturias.com\/magazine365\/#organization"},"image":{"@type":"ImageObject","url":"https:\/\/eldigitaldeasturias.com\/magazine365\/wp-content\/uploads\/2016\/01\/fotonoticia_20160116142034_800.jpg","width":800,"height":533},"datePublished":"2016-01-17T02:01:11+01:00","dateModified":"2016-01-17T02:01:11+01:00","inLanguage":"es-ES","mainEntityOfPage":{"@id":"https:\/\/eldigitaldeasturias.com\/magazine365\/asturias-preparada-para-fitur-2016\/#webpage"},"isPartOf":{"@id":"https:\/\/eldigitaldeasturias.com\/magazine365\/asturias-preparada-para-fitur-2016\/#webpage"},"articleSection":"Noticias y Actualidad"},{"@type":"BreadcrumbList","@id":"https:\/\/eldigitaldeasturias.com\/magazine365\/asturias-preparada-para-fitur-2016\/#breadcrumblist","itemListElement":[{"@type":"ListItem","@id":"https:\/\/eldigitaldeasturias.com\/magazine365#listItem","position":1,"name":"Home","item":"https:\/\/eldigitaldeasturias.com\/magazine365","nextItem":{"@type":"ListItem","@id":"https:\/\/eldigitaldeasturias.com\/magazine365\/category\/noticias-actualidad\/#listItem","name":"Noticias y Actualidad"}},{"@type":"ListItem","@id":"https:\/\/eldigitaldeasturias.com\/magazine365\/category\/noticias-actualidad\/#listItem","position":2,"name":"Noticias y Actualidad","item":"https:\/\/eldigitaldeasturias.com\/magazine365\/category\/noticias-actualidad\/","nextItem":{"@type":"ListItem","@id":"https:\/\/eldigitaldeasturias.com\/magazine365\/asturias-preparada-para-fitur-2016\/#listItem","name":"Asturias preparada para Fitur 2016"},"previousItem":{"@type":"ListItem","@id":"https:\/\/eldigitaldeasturias.com\/magazine365#listItem","name":"Home"}},{"@type":"ListItem","@id":"https:\/\/eldigitaldeasturias.com\/magazine365\/asturias-preparada-para-fitur-2016\/#listItem","position":3,"name":"Asturias preparada para Fitur 2016","previousItem":{"@type":"ListItem","@id":"https:\/\/eldigitaldeasturias.com\/magazine365\/category\/noticias-actualidad\/#listItem","name":"Noticias y Actualidad"}}]},{"@type":"Organization","@id":"https:\/\/eldigitaldeasturias.com\/magazine365\/#organization","name":"El digital de Asturias","description":"Revista de ocio, turismo y estilo de vida","url":"https:\/\/eldigitaldeasturias.com\/magazine365\/","logo":{"@type":"ImageObject","url":"https:\/\/www.eldigitaldeasturias.com\/noticias\/wp-content\/uploads\/2020\/12\/EDA.jpg","@id":"https:\/\/eldigitaldeasturias.com\/magazine365\/asturias-preparada-para-fitur-2016\/#organizationLogo"},"image":{"@id":"https:\/\/eldigitaldeasturias.com\/magazine365\/asturias-preparada-para-fitur-2016\/#organizationLogo"}},{"@type":"Person","@id":"https:\/\/eldigitaldeasturias.com\/magazine365\/author\/admin\/#author","url":"https:\/\/eldigitaldeasturias.com\/magazine365\/author\/admin\/","name":"admin","image":{"@type":"ImageObject","@id":"https:\/\/eldigitaldeasturias.com\/magazine365\/asturias-preparada-para-fitur-2016\/#authorImage","url":"https:\/\/eldigitaldeasturias.com\/magazine365\/wp-content\/litespeed\/avatar\/e571bcf59a0edd6fa6838245a470f2fe.jpg?ver=1777574230","width":96,"height":96,"caption":"admin"}},{"@type":"WebPage","@id":"https:\/\/eldigitaldeasturias.com\/magazine365\/asturias-preparada-para-fitur-2016\/#webpage","url":"https:\/\/eldigitaldeasturias.com\/magazine365\/asturias-preparada-para-fitur-2016\/","name":"Asturias preparada para Fitur 2016 | El Digital de Asturias","description":"El consejero de Empleo, Industria y Turismo, Francisco Blanco, ha presentado este s\u00e1bado en Gij\u00f3n el programa de actividades que se desarrollar\u00e1n en el estand del Principado en Fitur, con el que se celebrar\u00e1n los 30 a\u00f1os del nacimiento del turismo rural. Se trata de una instalaci\u00f3n renovada de 630 metros cuadrados, ubicada en el","inLanguage":"es-ES","isPartOf":{"@id":"https:\/\/eldigitaldeasturias.com\/magazine365\/#website"},"breadcrumb":{"@id":"https:\/\/eldigitaldeasturias.com\/magazine365\/asturias-preparada-para-fitur-2016\/#breadcrumblist"},"author":{"@id":"https:\/\/eldigitaldeasturias.com\/magazine365\/author\/admin\/#author"},"creator":{"@id":"https:\/\/eldigitaldeasturias.com\/magazine365\/author\/admin\/#author"},"image":{"@type":"ImageObject","url":"https:\/\/eldigitaldeasturias.com\/magazine365\/wp-content\/uploads\/2016\/01\/fotonoticia_20160116142034_800.jpg","@id":"https:\/\/eldigitaldeasturias.com\/magazine365\/asturias-preparada-para-fitur-2016\/#mainImage","width":800,"height":533},"primaryImageOfPage":{"@id":"https:\/\/eldigitaldeasturias.com\/magazine365\/asturias-preparada-para-fitur-2016\/#mainImage"},"datePublished":"2016-01-17T02:01:11+01:00","dateModified":"2016-01-17T02:01:11+01:00"},{"@type":"WebSite","@id":"https:\/\/eldigitaldeasturias.com\/magazine365\/#website","url":"https:\/\/eldigitaldeasturias.com\/magazine365\/","name":"El Digital de Asturias","description":"Revista de ocio, turismo y estilo de vida","inLanguage":"es-ES","publisher":{"@id":"https:\/\/eldigitaldeasturias.com\/magazine365\/#organization"}}]},"og:locale":"es_ES","og:site_name":"El Digital de Asturias \u2013 Revista de ocio, turismo y estilo de vida","og:type":"article","og:title":"Asturias preparada para Fitur 2016 | El Digital de Asturias","og:description":"El consejero de Empleo, Industria y Turismo, Francisco Blanco, ha presentado este s\u00e1bado en Gij\u00f3n el programa de actividades que se desarrollar\u00e1n en el estand del Principado en Fitur, con el que se celebrar\u00e1n los 30 a\u00f1os del nacimiento del turismo rural. Se trata de una instalaci\u00f3n renovada de 630 metros cuadrados, ubicada en el","og:url":"https:\/\/eldigitaldeasturias.com\/magazine365\/asturias-preparada-para-fitur-2016\/","og:image":"https:\/\/eldigitaldeasturias.com\/magazine365\/wp-content\/uploads\/2016\/01\/fotonoticia_20160116142034_800.jpg","og:image:secure_url":"https:\/\/eldigitaldeasturias.com\/magazine365\/wp-content\/uploads\/2016\/01\/fotonoticia_20160116142034_800.jpg","og:image:width":800,"og:image:height":533,"article:published_time":"2016-01-17T01:01:11+00:00","article:modified_time":"2016-01-17T01:01:11+00:00","twitter:card":"summary_large_image","twitter:title":"Asturias preparada para Fitur 2016 | El Digital de Asturias","twitter:description":"El consejero de Empleo, Industria y Turismo, Francisco Blanco, ha presentado este s\u00e1bado en Gij\u00f3n el programa de actividades que se desarrollar\u00e1n en el estand del Principado en Fitur, con el que se celebrar\u00e1n los 30 a\u00f1os del nacimiento del turismo rural. Se trata de una instalaci\u00f3n renovada de 630 metros cuadrados, ubicada en el","twitter:image":"https:\/\/eldigitaldeasturias.com\/magazine365\/wp-content\/uploads\/2016\/01\/fotonoticia_20160116142034_800.jpg"},"aioseo_meta_data":{"post_id":"60900","title":null,"description":null,"keywords":null,"keyphrases":null,"primary_term":null,"canonical_url":null,"og_title":null,"og_description":null,"og_object_type":"default","og_image_type":"default","og_image_url":null,"og_image_width":null,"og_image_height":null,"og_image_custom_url":null,"og_image_custom_fields":null,"og_video":null,"og_custom_url":null,"og_article_section":null,"og_article_tags":null,"twitter_use_og":false,"twitter_card":"default","twitter_image_type":"default","twitter_image_url":null,"twitter_image_custom_url":null,"twitter_image_custom_fields":null,"twitter_title":null,"twitter_description":null,"schema":{"blockGraphs":[],"customGraphs":[],"default":{"data":{"Article":[],"Course":[],"Dataset":[],"FAQPage":[],"Movie":[],"Person":[],"Product":[],"ProductReview":[],"Car":[],"Recipe":[],"Service":[],"SoftwareApplication":[],"WebPage":[]},"graphName":"","isEnabled":true},"graphs":[],"defaultGraph":"","defaultPostTypeGraph":""},"schema_type":null,"schema_type_options":null,"pillar_content":false,"robots_default":true,"robots_noindex":false,"robots_noarchive":false,"robots_nosnippet":false,"robots_nofollow":false,"robots_noimageindex":false,"robots_noodp":false,"robots_notranslate":false,"robots_max_snippet":null,"robots_max_videopreview":null,"robots_max_imagepreview":"large","priority":null,"frequency":null,"location":null,"local_seo":null,"seo_analyzer_scan_date":"2025-09-25 07:48:05","breadcrumb_settings":null,"limit_modified_date":false,"open_ai":null,"ai":null,"created":"2021-03-08 21:55:18","updated":"2025-09-25 07:48:05"},"aioseo_breadcrumb":"<div class=\"aioseo-breadcrumbs\"><span class=\"aioseo-breadcrumb\">\n\t<a href=\"https:\/\/eldigitaldeasturias.com\/magazine365\" title=\"Home\">Home<\/a>\n<\/span><span class=\"aioseo-breadcrumb-separator\">\u2013<\/span><span class=\"aioseo-breadcrumb\">\n\t<a href=\"https:\/\/eldigitaldeasturias.com\/magazine365\/category\/noticias-actualidad\/\" title=\"Noticias y Actualidad\">Noticias y Actualidad<\/a>\n<\/span><span class=\"aioseo-breadcrumb-separator\">\u2013<\/span><span class=\"aioseo-breadcrumb\">\n\t<a href=\"https:\/\/eldigitaldeasturias.com\/magazine365\/asturias-preparada-para-fitur-2016\/\" title=\"Asturias preparada para Fitur 2016\">Asturias preparada para Fitur 2016<\/a>\n<\/span><\/div>","aioseo_breadcrumb_json":[{"label":"Home","link":"https:\/\/eldigitaldeasturias.com\/magazine365"},{"label":"Noticias y Actualidad","link":"https:\/\/eldigitaldeasturias.com\/magazine365\/category\/noticias-actualidad\/"},{"label":"Asturias preparada para Fitur 2016","link":"https:\/\/eldigitaldeasturias.com\/magazine365\/asturias-preparada-para-fitur-2016\/"}],"_links":{"self":[{"href":"https:\/\/eldigitaldeasturias.com\/magazine365\/wp-json\/wp\/v2\/posts\/60900","targetHints":{"allow":["GET"]}}],"collection":[{"href":"https:\/\/eldigitaldeasturias.com\/magazine365\/wp-json\/wp\/v2\/posts"}],"about":[{"href":"https:\/\/eldigitaldeasturias.com\/magazine365\/wp-json\/wp\/v2\/types\/post"}],"author":[{"embeddable":true,"href":"https:\/\/eldigitaldeasturias.com\/magazine365\/wp-json\/wp\/v2\/users\/1"}],"replies":[{"embeddable":true,"href":"https:\/\/eldigitaldeasturias.com\/magazine365\/wp-json\/wp\/v2\/comments?post=60900"}],"version-history":[{"count":0,"href":"https:\/\/eldigitaldeasturias.com\/magazine365\/wp-json\/wp\/v2\/posts\/60900\/revisions"}],"wp:featuredmedia":[{"embeddable":true,"href":"https:\/\/eldigitaldeasturias.com\/magazine365\/wp-json\/wp\/v2\/media\/60901"}],"wp:attachment":[{"href":"https:\/\/eldigitaldeasturias.com\/magazine365\/wp-json\/wp\/v2\/media?parent=60900"}],"wp:term":[{"taxonomy":"category","embeddable":true,"href":"https:\/\/eldigitaldeasturias.com\/magazine365\/wp-json\/wp\/v2\/categories?post=60900"},{"taxonomy":"post_tag","embeddable":true,"href":"https:\/\/eldigitaldeasturias.com\/magazine365\/wp-json\/wp\/v2\/tags?post=60900"}],"curies":[{"name":"wp","href":"https:\/\/api.w.org\/{rel}","templated":true}]}}