{"id":60884,"date":"2016-01-16T13:07:22","date_gmt":"2016-01-16T12:07:22","guid":{"rendered":"http:\/\/eldigitaldeasturias.com\/magazine365\/?p=60884"},"modified":"2016-01-16T13:07:22","modified_gmt":"2016-01-16T12:07:22","slug":"lopesan-acudira-a-fitur-como-unica-empresa-hotelera-de-gran-canaria-con-stand-propio","status":"publish","type":"post","link":"https:\/\/eldigitaldeasturias.com\/magazine365\/lopesan-acudira-a-fitur-como-unica-empresa-hotelera-de-gran-canaria-con-stand-propio\/","title":{"rendered":"Lopesan acudir\u00e1 a Fitur como \u00fanica empresa hotelera de Gran Canaria con stand propio"},"content":{"rendered":"<p><img fetchpriority=\"high\" decoding=\"async\" class=\"alignleft size-medium wp-image-60885\" src=\"https:\/\/eldigitaldeasturias.com\/magazine365\/wp-content\/uploads\/2016\/01\/fotonoticia_20160115182507_800-360x231.jpg\" alt=\"fotonoticia_20160115182507_800\" width=\"360\" height=\"231\" srcset=\"https:\/\/eldigitaldeasturias.com\/magazine365\/wp-content\/uploads\/2016\/01\/fotonoticia_20160115182507_800-360x231.jpg 360w, https:\/\/eldigitaldeasturias.com\/magazine365\/wp-content\/uploads\/2016\/01\/fotonoticia_20160115182507_800-650x417.jpg 650w, https:\/\/eldigitaldeasturias.com\/magazine365\/wp-content\/uploads\/2016\/01\/fotonoticia_20160115182507_800-768x492.jpg 768w, https:\/\/eldigitaldeasturias.com\/magazine365\/wp-content\/uploads\/2016\/01\/fotonoticia_20160115182507_800-150x96.jpg 150w, https:\/\/eldigitaldeasturias.com\/magazine365\/wp-content\/uploads\/2016\/01\/fotonoticia_20160115182507_800-450x289.jpg 450w, https:\/\/eldigitaldeasturias.com\/magazine365\/wp-content\/uploads\/2016\/01\/fotonoticia_20160115182507_800-696x446.jpg 696w, https:\/\/eldigitaldeasturias.com\/magazine365\/wp-content\/uploads\/2016\/01\/fotonoticia_20160115182507_800-655x420.jpg 655w, https:\/\/eldigitaldeasturias.com\/magazine365\/wp-content\/uploads\/2016\/01\/fotonoticia_20160115182507_800-225x145.jpg 225w, https:\/\/eldigitaldeasturias.com\/magazine365\/wp-content\/uploads\/2016\/01\/fotonoticia_20160115182507_800-121x79.jpg 121w, https:\/\/eldigitaldeasturias.com\/magazine365\/wp-content\/uploads\/2016\/01\/fotonoticia_20160115182507_800-101x66.jpg 101w, https:\/\/eldigitaldeasturias.com\/magazine365\/wp-content\/uploads\/2016\/01\/fotonoticia_20160115182507_800.jpg 800w\" sizes=\"(max-width: 360px) 100vw, 360px\" \/>Lopesan Hotel Group estar\u00e1 un a\u00f1o m\u00e1s en Fitur, una de las ferias internacionales de turismo m\u00e1s importantes de Europa, que se celebrar\u00e1 entre el 20 y el 24 de enero en las instalaciones de IFEMA y volver\u00e1 a estar presente con un stand propio junto al pabell\u00f3n de Canarias y al lado del stand de Gran Canaria.<\/p>\n<p>Seg\u00fan informa la compa\u00f1\u00eda, es la octava ocasi\u00f3n en la que Lopesan acude a la cita como \u00fanica empresa hotelera grancanaria con stand propio, al igual que en las ferias ITB de Berl\u00edn y la WTM de Londres.<\/p>\n<p>En este sentido, la compa\u00f1\u00eda desarrollar\u00e1 una intensa agenda comercial que antes del comienzo de la Feria ya incluye alrededor de 60 reuniones, lo que demuestra la confianza de los touroperadores y OTAS en Lopesan Hotel Group, que se destaca por su calidad, su pol\u00edtica de responsabilidad social corporativa y sostenibilidad.<\/p>\n<p>El departamento comercial, liderado por Jos\u00e9 Alba, entablar\u00e1 contactos con los diferentes touroperadores y desarrollar\u00e1 acciones comerciales con el fin de seguir mejorando los resultados de las pr\u00f3ximas temporadas, en especial del mercado nacional que sigue siendo para la empresa uno de los m\u00e1s importantes de cara a la temporada de verano.<\/p>\n<p>Estas reuniones tendr\u00e1n lugar con los principales touroperadores espa\u00f1oles y representantes de mercados tradicionales como el alem\u00e1n, brit\u00e1nico y escandinavo. Se celebrar\u00e1n tambi\u00e9n encuentros con otros representantes de mercados como el belga, holand\u00e9s, finland\u00e9s, portugu\u00e9s, polaco y franc\u00e9s.<\/p>\n<p>Con todo, el stand de Lopesan, situado en el Pabell\u00f3n 9 y de 49 m2 de superficie (desde la edici\u00f3n pasada se ampli\u00f3 considerablemente su tama\u00f1o), cuenta este a\u00f1o con 4 zonas para reuniones, tres abiertas y una cerrada.<\/p>\n<p>A su vez, dispone de un mostrador de trabajo y un mostrador principal con tabletas informativas sobre la compa\u00f1\u00eda y una pantalla de televisi\u00f3n donde se proyectar\u00e1n v\u00eddeos de los hoteles.<\/p>\n<p>Su est\u00e9tica, que sigue una l\u00ednea minimalista y sencilla enfundada en los colores corporativos, crea un espacio c\u00f3modo y agradable para la celebraci\u00f3n de reuniones y la obtenci\u00f3n de informaci\u00f3n de la compa\u00f1\u00eda.<\/p>\n","protected":false},"excerpt":{"rendered":"<p>Lopesan Hotel Group estar\u00e1 un a\u00f1o m\u00e1s en Fitur, una de las ferias internacionales de turismo m\u00e1s importantes de Europa, que se celebrar\u00e1 entre el 20 y el 24 de enero en las instalaciones de IFEMA y volver\u00e1 a estar presente con un stand propio junto al pabell\u00f3n de Canarias y al lado del stand<\/p>\n","protected":false},"author":1,"featured_media":60885,"comment_status":"open","ping_status":"closed","sticky":false,"template":"","format":"standard","meta":{"footnotes":""},"categories":[224],"tags":[],"class_list":{"0":"post-60884","1":"post","2":"type-post","3":"status-publish","4":"format-standard","5":"has-post-thumbnail","7":"category-noticias-actualidad"},"aioseo_notices":[],"aioseo_head":"\n\t\t<!-- All in One SEO Pro 4.9.6.1 - aioseo.com -->\n\t<meta name=\"description\" content=\"Lopesan Hotel Group estar\u00e1 un a\u00f1o m\u00e1s en Fitur, una de las ferias internacionales de turismo m\u00e1s importantes de Europa, que se celebrar\u00e1 entre el 20 y el 24 de enero en las instalaciones de IFEMA y volver\u00e1 a estar presente con un stand propio junto al pabell\u00f3n de Canarias y al lado del stand\" \/>\n\t<meta name=\"robots\" content=\"max-image-preview:large\" \/>\n\t<meta name=\"author\" content=\"admin\"\/>\n\t<meta name=\"google-site-verification\" content=\"UA-38556648-1\" \/>\n\t<meta name=\"keywords\" content=\"noticias y actualidad\" \/>\n\t<link rel=\"canonical\" href=\"https:\/\/eldigitaldeasturias.com\/magazine365\/lopesan-acudira-a-fitur-como-unica-empresa-hotelera-de-gran-canaria-con-stand-propio\/\" \/>\n\t<meta name=\"generator\" content=\"All in One SEO Pro (AIOSEO) 4.9.6.1\" \/>\n\t\t<meta property=\"og:locale\" content=\"es_ES\" \/>\n\t\t<meta property=\"og:site_name\" content=\"El Digital de Asturias \u2013 Revista de ocio, turismo y estilo de vida\" \/>\n\t\t<meta property=\"og:type\" content=\"article\" \/>\n\t\t<meta property=\"og:title\" content=\"Lopesan acudir\u00e1 a Fitur como \u00fanica empresa hotelera de Gran Canaria con stand propio | El Digital de Asturias\" \/>\n\t\t<meta property=\"og:description\" content=\"Lopesan Hotel Group estar\u00e1 un a\u00f1o m\u00e1s en Fitur, una de las ferias internacionales de turismo m\u00e1s importantes de Europa, que se celebrar\u00e1 entre el 20 y el 24 de enero en las instalaciones de IFEMA y volver\u00e1 a estar presente con un stand propio junto al pabell\u00f3n de Canarias y al lado del stand\" \/>\n\t\t<meta property=\"og:url\" content=\"https:\/\/eldigitaldeasturias.com\/magazine365\/lopesan-acudira-a-fitur-como-unica-empresa-hotelera-de-gran-canaria-con-stand-propio\/\" \/>\n\t\t<meta property=\"og:image\" content=\"https:\/\/eldigitaldeasturias.com\/magazine365\/wp-content\/uploads\/2016\/01\/fotonoticia_20160115182507_800.jpg\" \/>\n\t\t<meta property=\"og:image:secure_url\" content=\"https:\/\/eldigitaldeasturias.com\/magazine365\/wp-content\/uploads\/2016\/01\/fotonoticia_20160115182507_800.jpg\" \/>\n\t\t<meta property=\"og:image:width\" content=\"800\" \/>\n\t\t<meta property=\"og:image:height\" content=\"513\" \/>\n\t\t<meta property=\"article:published_time\" content=\"2016-01-16T12:07:22+00:00\" \/>\n\t\t<meta property=\"article:modified_time\" content=\"2016-01-16T12:07:22+00:00\" \/>\n\t\t<meta name=\"twitter:card\" content=\"summary_large_image\" \/>\n\t\t<meta name=\"twitter:title\" content=\"Lopesan acudir\u00e1 a Fitur como \u00fanica empresa hotelera de Gran Canaria con stand propio | El Digital de Asturias\" \/>\n\t\t<meta name=\"twitter:description\" content=\"Lopesan Hotel Group estar\u00e1 un a\u00f1o m\u00e1s en Fitur, una de las ferias internacionales de turismo m\u00e1s importantes de Europa, que se celebrar\u00e1 entre el 20 y el 24 de enero en las instalaciones de IFEMA y volver\u00e1 a estar presente con un stand propio junto al pabell\u00f3n de Canarias y al lado del stand\" \/>\n\t\t<meta name=\"twitter:image\" content=\"https:\/\/eldigitaldeasturias.com\/magazine365\/wp-content\/uploads\/2016\/01\/fotonoticia_20160115182507_800.jpg\" \/>\n\t\t<script type=\"application\/ld+json\" class=\"aioseo-schema\">\n\t\t\t{\"@context\":\"https:\\\/\\\/schema.org\",\"@graph\":[{\"@type\":\"Article\",\"@id\":\"https:\\\/\\\/eldigitaldeasturias.com\\\/magazine365\\\/lopesan-acudira-a-fitur-como-unica-empresa-hotelera-de-gran-canaria-con-stand-propio\\\/#article\",\"name\":\"Lopesan acudir\\u00e1 a Fitur como \\u00fanica empresa hotelera de Gran Canaria con stand propio | El Digital de Asturias\",\"headline\":\"Lopesan acudir\\u00e1 a Fitur como \\u00fanica empresa hotelera de Gran Canaria con stand propio\",\"author\":{\"@id\":\"https:\\\/\\\/eldigitaldeasturias.com\\\/magazine365\\\/author\\\/admin\\\/#author\"},\"publisher\":{\"@id\":\"https:\\\/\\\/eldigitaldeasturias.com\\\/magazine365\\\/#organization\"},\"image\":{\"@type\":\"ImageObject\",\"url\":\"https:\\\/\\\/eldigitaldeasturias.com\\\/magazine365\\\/wp-content\\\/uploads\\\/2016\\\/01\\\/fotonoticia_20160115182507_800.jpg\",\"width\":800,\"height\":513},\"datePublished\":\"2016-01-16T13:07:22+01:00\",\"dateModified\":\"2016-01-16T13:07:22+01:00\",\"inLanguage\":\"es-ES\",\"mainEntityOfPage\":{\"@id\":\"https:\\\/\\\/eldigitaldeasturias.com\\\/magazine365\\\/lopesan-acudira-a-fitur-como-unica-empresa-hotelera-de-gran-canaria-con-stand-propio\\\/#webpage\"},\"isPartOf\":{\"@id\":\"https:\\\/\\\/eldigitaldeasturias.com\\\/magazine365\\\/lopesan-acudira-a-fitur-como-unica-empresa-hotelera-de-gran-canaria-con-stand-propio\\\/#webpage\"},\"articleSection\":\"Noticias y Actualidad\"},{\"@type\":\"BreadcrumbList\",\"@id\":\"https:\\\/\\\/eldigitaldeasturias.com\\\/magazine365\\\/lopesan-acudira-a-fitur-como-unica-empresa-hotelera-de-gran-canaria-con-stand-propio\\\/#breadcrumblist\",\"itemListElement\":[{\"@type\":\"ListItem\",\"@id\":\"https:\\\/\\\/eldigitaldeasturias.com\\\/magazine365#listItem\",\"position\":1,\"name\":\"Home\",\"item\":\"https:\\\/\\\/eldigitaldeasturias.com\\\/magazine365\",\"nextItem\":{\"@type\":\"ListItem\",\"@id\":\"https:\\\/\\\/eldigitaldeasturias.com\\\/magazine365\\\/category\\\/noticias-actualidad\\\/#listItem\",\"name\":\"Noticias y Actualidad\"}},{\"@type\":\"ListItem\",\"@id\":\"https:\\\/\\\/eldigitaldeasturias.com\\\/magazine365\\\/category\\\/noticias-actualidad\\\/#listItem\",\"position\":2,\"name\":\"Noticias y Actualidad\",\"item\":\"https:\\\/\\\/eldigitaldeasturias.com\\\/magazine365\\\/category\\\/noticias-actualidad\\\/\",\"nextItem\":{\"@type\":\"ListItem\",\"@id\":\"https:\\\/\\\/eldigitaldeasturias.com\\\/magazine365\\\/lopesan-acudira-a-fitur-como-unica-empresa-hotelera-de-gran-canaria-con-stand-propio\\\/#listItem\",\"name\":\"Lopesan acudir\\u00e1 a Fitur como \\u00fanica empresa hotelera de Gran Canaria con stand propio\"},\"previousItem\":{\"@type\":\"ListItem\",\"@id\":\"https:\\\/\\\/eldigitaldeasturias.com\\\/magazine365#listItem\",\"name\":\"Home\"}},{\"@type\":\"ListItem\",\"@id\":\"https:\\\/\\\/eldigitaldeasturias.com\\\/magazine365\\\/lopesan-acudira-a-fitur-como-unica-empresa-hotelera-de-gran-canaria-con-stand-propio\\\/#listItem\",\"position\":3,\"name\":\"Lopesan acudir\\u00e1 a Fitur como \\u00fanica empresa hotelera de Gran Canaria con stand propio\",\"previousItem\":{\"@type\":\"ListItem\",\"@id\":\"https:\\\/\\\/eldigitaldeasturias.com\\\/magazine365\\\/category\\\/noticias-actualidad\\\/#listItem\",\"name\":\"Noticias y Actualidad\"}}]},{\"@type\":\"Organization\",\"@id\":\"https:\\\/\\\/eldigitaldeasturias.com\\\/magazine365\\\/#organization\",\"name\":\"El digital de Asturias\",\"description\":\"Revista de ocio, turismo y estilo de vida\",\"url\":\"https:\\\/\\\/eldigitaldeasturias.com\\\/magazine365\\\/\",\"logo\":{\"@type\":\"ImageObject\",\"url\":\"https:\\\/\\\/www.eldigitaldeasturias.com\\\/noticias\\\/wp-content\\\/uploads\\\/2020\\\/12\\\/EDA.jpg\",\"@id\":\"https:\\\/\\\/eldigitaldeasturias.com\\\/magazine365\\\/lopesan-acudira-a-fitur-como-unica-empresa-hotelera-de-gran-canaria-con-stand-propio\\\/#organizationLogo\"},\"image\":{\"@id\":\"https:\\\/\\\/eldigitaldeasturias.com\\\/magazine365\\\/lopesan-acudira-a-fitur-como-unica-empresa-hotelera-de-gran-canaria-con-stand-propio\\\/#organizationLogo\"}},{\"@type\":\"Person\",\"@id\":\"https:\\\/\\\/eldigitaldeasturias.com\\\/magazine365\\\/author\\\/admin\\\/#author\",\"url\":\"https:\\\/\\\/eldigitaldeasturias.com\\\/magazine365\\\/author\\\/admin\\\/\",\"name\":\"admin\",\"image\":{\"@type\":\"ImageObject\",\"@id\":\"https:\\\/\\\/eldigitaldeasturias.com\\\/magazine365\\\/lopesan-acudira-a-fitur-como-unica-empresa-hotelera-de-gran-canaria-con-stand-propio\\\/#authorImage\",\"url\":\"https:\\\/\\\/eldigitaldeasturias.com\\\/magazine365\\\/wp-content\\\/litespeed\\\/avatar\\\/e571bcf59a0edd6fa6838245a470f2fe.jpg?ver=1776969259\",\"width\":96,\"height\":96,\"caption\":\"admin\"}},{\"@type\":\"WebPage\",\"@id\":\"https:\\\/\\\/eldigitaldeasturias.com\\\/magazine365\\\/lopesan-acudira-a-fitur-como-unica-empresa-hotelera-de-gran-canaria-con-stand-propio\\\/#webpage\",\"url\":\"https:\\\/\\\/eldigitaldeasturias.com\\\/magazine365\\\/lopesan-acudira-a-fitur-como-unica-empresa-hotelera-de-gran-canaria-con-stand-propio\\\/\",\"name\":\"Lopesan acudir\\u00e1 a Fitur como \\u00fanica empresa hotelera de Gran Canaria con stand propio | El Digital de Asturias\",\"description\":\"Lopesan Hotel Group estar\\u00e1 un a\\u00f1o m\\u00e1s en Fitur, una de las ferias internacionales de turismo m\\u00e1s importantes de Europa, que se celebrar\\u00e1 entre el 20 y el 24 de enero en las instalaciones de IFEMA y volver\\u00e1 a estar presente con un stand propio junto al pabell\\u00f3n de Canarias y al lado del stand\",\"inLanguage\":\"es-ES\",\"isPartOf\":{\"@id\":\"https:\\\/\\\/eldigitaldeasturias.com\\\/magazine365\\\/#website\"},\"breadcrumb\":{\"@id\":\"https:\\\/\\\/eldigitaldeasturias.com\\\/magazine365\\\/lopesan-acudira-a-fitur-como-unica-empresa-hotelera-de-gran-canaria-con-stand-propio\\\/#breadcrumblist\"},\"author\":{\"@id\":\"https:\\\/\\\/eldigitaldeasturias.com\\\/magazine365\\\/author\\\/admin\\\/#author\"},\"creator\":{\"@id\":\"https:\\\/\\\/eldigitaldeasturias.com\\\/magazine365\\\/author\\\/admin\\\/#author\"},\"image\":{\"@type\":\"ImageObject\",\"url\":\"https:\\\/\\\/eldigitaldeasturias.com\\\/magazine365\\\/wp-content\\\/uploads\\\/2016\\\/01\\\/fotonoticia_20160115182507_800.jpg\",\"@id\":\"https:\\\/\\\/eldigitaldeasturias.com\\\/magazine365\\\/lopesan-acudira-a-fitur-como-unica-empresa-hotelera-de-gran-canaria-con-stand-propio\\\/#mainImage\",\"width\":800,\"height\":513},\"primaryImageOfPage\":{\"@id\":\"https:\\\/\\\/eldigitaldeasturias.com\\\/magazine365\\\/lopesan-acudira-a-fitur-como-unica-empresa-hotelera-de-gran-canaria-con-stand-propio\\\/#mainImage\"},\"datePublished\":\"2016-01-16T13:07:22+01:00\",\"dateModified\":\"2016-01-16T13:07:22+01:00\"},{\"@type\":\"WebSite\",\"@id\":\"https:\\\/\\\/eldigitaldeasturias.com\\\/magazine365\\\/#website\",\"url\":\"https:\\\/\\\/eldigitaldeasturias.com\\\/magazine365\\\/\",\"name\":\"El Digital de Asturias\",\"description\":\"Revista de ocio, turismo y estilo de vida\",\"inLanguage\":\"es-ES\",\"publisher\":{\"@id\":\"https:\\\/\\\/eldigitaldeasturias.com\\\/magazine365\\\/#organization\"}}]}\n\t\t<\/script>\n\t\t<!-- All in One SEO Pro -->\r\n\t\t<title>Lopesan acudir\u00e1 a Fitur como \u00fanica empresa hotelera de Gran Canaria con stand propio | El Digital de Asturias<\/title>\n\n","aioseo_head_json":{"title":"Lopesan acudir\u00e1 a Fitur como \u00fanica empresa hotelera de Gran Canaria con stand propio | El Digital de Asturias","description":"Lopesan Hotel Group estar\u00e1 un a\u00f1o m\u00e1s en Fitur, una de las ferias internacionales de turismo m\u00e1s importantes de Europa, que se celebrar\u00e1 entre el 20 y el 24 de enero en las instalaciones de IFEMA y volver\u00e1 a estar presente con un stand propio junto al pabell\u00f3n de Canarias y al lado del stand","canonical_url":"https:\/\/eldigitaldeasturias.com\/magazine365\/lopesan-acudira-a-fitur-como-unica-empresa-hotelera-de-gran-canaria-con-stand-propio\/","robots":"max-image-preview:large","keywords":"noticias y actualidad","webmasterTools":{"google-site-verification":"UA-38556648-1","miscellaneous":""},"schema":{"@context":"https:\/\/schema.org","@graph":[{"@type":"Article","@id":"https:\/\/eldigitaldeasturias.com\/magazine365\/lopesan-acudira-a-fitur-como-unica-empresa-hotelera-de-gran-canaria-con-stand-propio\/#article","name":"Lopesan acudir\u00e1 a Fitur como \u00fanica empresa hotelera de Gran Canaria con stand propio | El Digital de Asturias","headline":"Lopesan acudir\u00e1 a Fitur como \u00fanica empresa hotelera de Gran Canaria con stand propio","author":{"@id":"https:\/\/eldigitaldeasturias.com\/magazine365\/author\/admin\/#author"},"publisher":{"@id":"https:\/\/eldigitaldeasturias.com\/magazine365\/#organization"},"image":{"@type":"ImageObject","url":"https:\/\/eldigitaldeasturias.com\/magazine365\/wp-content\/uploads\/2016\/01\/fotonoticia_20160115182507_800.jpg","width":800,"height":513},"datePublished":"2016-01-16T13:07:22+01:00","dateModified":"2016-01-16T13:07:22+01:00","inLanguage":"es-ES","mainEntityOfPage":{"@id":"https:\/\/eldigitaldeasturias.com\/magazine365\/lopesan-acudira-a-fitur-como-unica-empresa-hotelera-de-gran-canaria-con-stand-propio\/#webpage"},"isPartOf":{"@id":"https:\/\/eldigitaldeasturias.com\/magazine365\/lopesan-acudira-a-fitur-como-unica-empresa-hotelera-de-gran-canaria-con-stand-propio\/#webpage"},"articleSection":"Noticias y Actualidad"},{"@type":"BreadcrumbList","@id":"https:\/\/eldigitaldeasturias.com\/magazine365\/lopesan-acudira-a-fitur-como-unica-empresa-hotelera-de-gran-canaria-con-stand-propio\/#breadcrumblist","itemListElement":[{"@type":"ListItem","@id":"https:\/\/eldigitaldeasturias.com\/magazine365#listItem","position":1,"name":"Home","item":"https:\/\/eldigitaldeasturias.com\/magazine365","nextItem":{"@type":"ListItem","@id":"https:\/\/eldigitaldeasturias.com\/magazine365\/category\/noticias-actualidad\/#listItem","name":"Noticias y Actualidad"}},{"@type":"ListItem","@id":"https:\/\/eldigitaldeasturias.com\/magazine365\/category\/noticias-actualidad\/#listItem","position":2,"name":"Noticias y Actualidad","item":"https:\/\/eldigitaldeasturias.com\/magazine365\/category\/noticias-actualidad\/","nextItem":{"@type":"ListItem","@id":"https:\/\/eldigitaldeasturias.com\/magazine365\/lopesan-acudira-a-fitur-como-unica-empresa-hotelera-de-gran-canaria-con-stand-propio\/#listItem","name":"Lopesan acudir\u00e1 a Fitur como \u00fanica empresa hotelera de Gran Canaria con stand propio"},"previousItem":{"@type":"ListItem","@id":"https:\/\/eldigitaldeasturias.com\/magazine365#listItem","name":"Home"}},{"@type":"ListItem","@id":"https:\/\/eldigitaldeasturias.com\/magazine365\/lopesan-acudira-a-fitur-como-unica-empresa-hotelera-de-gran-canaria-con-stand-propio\/#listItem","position":3,"name":"Lopesan acudir\u00e1 a Fitur como \u00fanica empresa hotelera de Gran Canaria con stand propio","previousItem":{"@type":"ListItem","@id":"https:\/\/eldigitaldeasturias.com\/magazine365\/category\/noticias-actualidad\/#listItem","name":"Noticias y Actualidad"}}]},{"@type":"Organization","@id":"https:\/\/eldigitaldeasturias.com\/magazine365\/#organization","name":"El digital de Asturias","description":"Revista de ocio, turismo y estilo de vida","url":"https:\/\/eldigitaldeasturias.com\/magazine365\/","logo":{"@type":"ImageObject","url":"https:\/\/www.eldigitaldeasturias.com\/noticias\/wp-content\/uploads\/2020\/12\/EDA.jpg","@id":"https:\/\/eldigitaldeasturias.com\/magazine365\/lopesan-acudira-a-fitur-como-unica-empresa-hotelera-de-gran-canaria-con-stand-propio\/#organizationLogo"},"image":{"@id":"https:\/\/eldigitaldeasturias.com\/magazine365\/lopesan-acudira-a-fitur-como-unica-empresa-hotelera-de-gran-canaria-con-stand-propio\/#organizationLogo"}},{"@type":"Person","@id":"https:\/\/eldigitaldeasturias.com\/magazine365\/author\/admin\/#author","url":"https:\/\/eldigitaldeasturias.com\/magazine365\/author\/admin\/","name":"admin","image":{"@type":"ImageObject","@id":"https:\/\/eldigitaldeasturias.com\/magazine365\/lopesan-acudira-a-fitur-como-unica-empresa-hotelera-de-gran-canaria-con-stand-propio\/#authorImage","url":"https:\/\/eldigitaldeasturias.com\/magazine365\/wp-content\/litespeed\/avatar\/e571bcf59a0edd6fa6838245a470f2fe.jpg?ver=1776969259","width":96,"height":96,"caption":"admin"}},{"@type":"WebPage","@id":"https:\/\/eldigitaldeasturias.com\/magazine365\/lopesan-acudira-a-fitur-como-unica-empresa-hotelera-de-gran-canaria-con-stand-propio\/#webpage","url":"https:\/\/eldigitaldeasturias.com\/magazine365\/lopesan-acudira-a-fitur-como-unica-empresa-hotelera-de-gran-canaria-con-stand-propio\/","name":"Lopesan acudir\u00e1 a Fitur como \u00fanica empresa hotelera de Gran Canaria con stand propio | El Digital de Asturias","description":"Lopesan Hotel Group estar\u00e1 un a\u00f1o m\u00e1s en Fitur, una de las ferias internacionales de turismo m\u00e1s importantes de Europa, que se celebrar\u00e1 entre el 20 y el 24 de enero en las instalaciones de IFEMA y volver\u00e1 a estar presente con un stand propio junto al pabell\u00f3n de Canarias y al lado del stand","inLanguage":"es-ES","isPartOf":{"@id":"https:\/\/eldigitaldeasturias.com\/magazine365\/#website"},"breadcrumb":{"@id":"https:\/\/eldigitaldeasturias.com\/magazine365\/lopesan-acudira-a-fitur-como-unica-empresa-hotelera-de-gran-canaria-con-stand-propio\/#breadcrumblist"},"author":{"@id":"https:\/\/eldigitaldeasturias.com\/magazine365\/author\/admin\/#author"},"creator":{"@id":"https:\/\/eldigitaldeasturias.com\/magazine365\/author\/admin\/#author"},"image":{"@type":"ImageObject","url":"https:\/\/eldigitaldeasturias.com\/magazine365\/wp-content\/uploads\/2016\/01\/fotonoticia_20160115182507_800.jpg","@id":"https:\/\/eldigitaldeasturias.com\/magazine365\/lopesan-acudira-a-fitur-como-unica-empresa-hotelera-de-gran-canaria-con-stand-propio\/#mainImage","width":800,"height":513},"primaryImageOfPage":{"@id":"https:\/\/eldigitaldeasturias.com\/magazine365\/lopesan-acudira-a-fitur-como-unica-empresa-hotelera-de-gran-canaria-con-stand-propio\/#mainImage"},"datePublished":"2016-01-16T13:07:22+01:00","dateModified":"2016-01-16T13:07:22+01:00"},{"@type":"WebSite","@id":"https:\/\/eldigitaldeasturias.com\/magazine365\/#website","url":"https:\/\/eldigitaldeasturias.com\/magazine365\/","name":"El Digital de Asturias","description":"Revista de ocio, turismo y estilo de vida","inLanguage":"es-ES","publisher":{"@id":"https:\/\/eldigitaldeasturias.com\/magazine365\/#organization"}}]},"og:locale":"es_ES","og:site_name":"El Digital de Asturias \u2013 Revista de ocio, turismo y estilo de vida","og:type":"article","og:title":"Lopesan acudir\u00e1 a Fitur como \u00fanica empresa hotelera de Gran Canaria con stand propio | El Digital de Asturias","og:description":"Lopesan Hotel Group estar\u00e1 un a\u00f1o m\u00e1s en Fitur, una de las ferias internacionales de turismo m\u00e1s importantes de Europa, que se celebrar\u00e1 entre el 20 y el 24 de enero en las instalaciones de IFEMA y volver\u00e1 a estar presente con un stand propio junto al pabell\u00f3n de Canarias y al lado del stand","og:url":"https:\/\/eldigitaldeasturias.com\/magazine365\/lopesan-acudira-a-fitur-como-unica-empresa-hotelera-de-gran-canaria-con-stand-propio\/","og:image":"https:\/\/eldigitaldeasturias.com\/magazine365\/wp-content\/uploads\/2016\/01\/fotonoticia_20160115182507_800.jpg","og:image:secure_url":"https:\/\/eldigitaldeasturias.com\/magazine365\/wp-content\/uploads\/2016\/01\/fotonoticia_20160115182507_800.jpg","og:image:width":800,"og:image:height":513,"article:published_time":"2016-01-16T12:07:22+00:00","article:modified_time":"2016-01-16T12:07:22+00:00","twitter:card":"summary_large_image","twitter:title":"Lopesan acudir\u00e1 a Fitur como \u00fanica empresa hotelera de Gran Canaria con stand propio | El Digital de Asturias","twitter:description":"Lopesan Hotel Group estar\u00e1 un a\u00f1o m\u00e1s en Fitur, una de las ferias internacionales de turismo m\u00e1s importantes de Europa, que se celebrar\u00e1 entre el 20 y el 24 de enero en las instalaciones de IFEMA y volver\u00e1 a estar presente con un stand propio junto al pabell\u00f3n de Canarias y al lado del stand","twitter:image":"https:\/\/eldigitaldeasturias.com\/magazine365\/wp-content\/uploads\/2016\/01\/fotonoticia_20160115182507_800.jpg"},"aioseo_meta_data":{"post_id":"60884","title":null,"description":null,"keywords":null,"keyphrases":null,"primary_term":null,"canonical_url":null,"og_title":null,"og_description":null,"og_object_type":"default","og_image_type":"default","og_image_url":null,"og_image_width":null,"og_image_height":null,"og_image_custom_url":null,"og_image_custom_fields":null,"og_video":null,"og_custom_url":null,"og_article_section":null,"og_article_tags":null,"twitter_use_og":false,"twitter_card":"default","twitter_image_type":"default","twitter_image_url":null,"twitter_image_custom_url":null,"twitter_image_custom_fields":null,"twitter_title":null,"twitter_description":null,"schema":{"blockGraphs":[],"customGraphs":[],"default":{"data":{"Article":[],"Course":[],"Dataset":[],"FAQPage":[],"Movie":[],"Person":[],"Product":[],"ProductReview":[],"Car":[],"Recipe":[],"Service":[],"SoftwareApplication":[],"WebPage":[]},"graphName":"","isEnabled":true},"graphs":[],"defaultGraph":"","defaultPostTypeGraph":""},"schema_type":null,"schema_type_options":null,"pillar_content":false,"robots_default":true,"robots_noindex":false,"robots_noarchive":false,"robots_nosnippet":false,"robots_nofollow":false,"robots_noimageindex":false,"robots_noodp":false,"robots_notranslate":false,"robots_max_snippet":null,"robots_max_videopreview":null,"robots_max_imagepreview":"large","priority":null,"frequency":null,"location":null,"local_seo":null,"seo_analyzer_scan_date":"2025-09-25 07:46:43","breadcrumb_settings":null,"limit_modified_date":false,"open_ai":null,"ai":null,"created":"2021-03-08 21:55:18","updated":"2025-09-25 07:46:43"},"aioseo_breadcrumb":"<div class=\"aioseo-breadcrumbs\"><span class=\"aioseo-breadcrumb\">\n\t<a href=\"https:\/\/eldigitaldeasturias.com\/magazine365\" title=\"Home\">Home<\/a>\n<\/span><span class=\"aioseo-breadcrumb-separator\">\u2013<\/span><span class=\"aioseo-breadcrumb\">\n\t<a href=\"https:\/\/eldigitaldeasturias.com\/magazine365\/category\/noticias-actualidad\/\" title=\"Noticias y Actualidad\">Noticias y Actualidad<\/a>\n<\/span><span class=\"aioseo-breadcrumb-separator\">\u2013<\/span><span class=\"aioseo-breadcrumb\">\n\t<a href=\"https:\/\/eldigitaldeasturias.com\/magazine365\/lopesan-acudira-a-fitur-como-unica-empresa-hotelera-de-gran-canaria-con-stand-propio\/\" title=\"Lopesan acudir\u00e1 a Fitur como \u00fanica empresa hotelera de Gran Canaria con stand propio\">Lopesan acudir\u00e1 a Fitur como \u00fanica empresa hotelera de Gran Canaria con stand propio<\/a>\n<\/span><\/div>","aioseo_breadcrumb_json":[{"label":"Home","link":"https:\/\/eldigitaldeasturias.com\/magazine365"},{"label":"Noticias y Actualidad","link":"https:\/\/eldigitaldeasturias.com\/magazine365\/category\/noticias-actualidad\/"},{"label":"Lopesan acudir\u00e1 a Fitur como \u00fanica empresa hotelera de Gran Canaria con stand propio","link":"https:\/\/eldigitaldeasturias.com\/magazine365\/lopesan-acudira-a-fitur-como-unica-empresa-hotelera-de-gran-canaria-con-stand-propio\/"}],"_links":{"self":[{"href":"https:\/\/eldigitaldeasturias.com\/magazine365\/wp-json\/wp\/v2\/posts\/60884","targetHints":{"allow":["GET"]}}],"collection":[{"href":"https:\/\/eldigitaldeasturias.com\/magazine365\/wp-json\/wp\/v2\/posts"}],"about":[{"href":"https:\/\/eldigitaldeasturias.com\/magazine365\/wp-json\/wp\/v2\/types\/post"}],"author":[{"embeddable":true,"href":"https:\/\/eldigitaldeasturias.com\/magazine365\/wp-json\/wp\/v2\/users\/1"}],"replies":[{"embeddable":true,"href":"https:\/\/eldigitaldeasturias.com\/magazine365\/wp-json\/wp\/v2\/comments?post=60884"}],"version-history":[{"count":0,"href":"https:\/\/eldigitaldeasturias.com\/magazine365\/wp-json\/wp\/v2\/posts\/60884\/revisions"}],"wp:featuredmedia":[{"embeddable":true,"href":"https:\/\/eldigitaldeasturias.com\/magazine365\/wp-json\/wp\/v2\/media\/60885"}],"wp:attachment":[{"href":"https:\/\/eldigitaldeasturias.com\/magazine365\/wp-json\/wp\/v2\/media?parent=60884"}],"wp:term":[{"taxonomy":"category","embeddable":true,"href":"https:\/\/eldigitaldeasturias.com\/magazine365\/wp-json\/wp\/v2\/categories?post=60884"},{"taxonomy":"post_tag","embeddable":true,"href":"https:\/\/eldigitaldeasturias.com\/magazine365\/wp-json\/wp\/v2\/tags?post=60884"}],"curies":[{"name":"wp","href":"https:\/\/api.w.org\/{rel}","templated":true}]}}