{"id":60871,"date":"2016-01-16T12:36:30","date_gmt":"2016-01-16T11:36:30","guid":{"rendered":"http:\/\/eldigitaldeasturias.com\/magazine365\/?p=60871"},"modified":"2016-01-16T12:36:30","modified_gmt":"2016-01-16T11:36:30","slug":"la-costa-del-sol-axarquia-estara-en-las-principales-estaciones-de-ave-de-espana","status":"publish","type":"post","link":"https:\/\/eldigitaldeasturias.com\/magazine365\/la-costa-del-sol-axarquia-estara-en-las-principales-estaciones-de-ave-de-espana\/","title":{"rendered":"La Costa del Sol Axarqu\u00eda estar\u00e1 en las principales estaciones de AVE de Espa\u00f1a"},"content":{"rendered":"<p><img fetchpriority=\"high\" decoding=\"async\" class=\"alignleft size-medium wp-image-60872\" src=\"https:\/\/eldigitaldeasturias.com\/magazine365\/wp-content\/uploads\/2016\/01\/fotonoticia_20160115174545_800-360x240.jpg\" alt=\"fotonoticia_20160115174545_800\" width=\"360\" height=\"240\" srcset=\"https:\/\/eldigitaldeasturias.com\/magazine365\/wp-content\/uploads\/2016\/01\/fotonoticia_20160115174545_800-360x240.jpg 360w, https:\/\/eldigitaldeasturias.com\/magazine365\/wp-content\/uploads\/2016\/01\/fotonoticia_20160115174545_800-650x433.jpg 650w, https:\/\/eldigitaldeasturias.com\/magazine365\/wp-content\/uploads\/2016\/01\/fotonoticia_20160115174545_800-768x512.jpg 768w, https:\/\/eldigitaldeasturias.com\/magazine365\/wp-content\/uploads\/2016\/01\/fotonoticia_20160115174545_800-150x100.jpg 150w, https:\/\/eldigitaldeasturias.com\/magazine365\/wp-content\/uploads\/2016\/01\/fotonoticia_20160115174545_800-450x300.jpg 450w, https:\/\/eldigitaldeasturias.com\/magazine365\/wp-content\/uploads\/2016\/01\/fotonoticia_20160115174545_800-696x464.jpg 696w, https:\/\/eldigitaldeasturias.com\/magazine365\/wp-content\/uploads\/2016\/01\/fotonoticia_20160115174545_800-630x420.jpg 630w, https:\/\/eldigitaldeasturias.com\/magazine365\/wp-content\/uploads\/2016\/01\/fotonoticia_20160115174545_800-101x66.jpg 101w, https:\/\/eldigitaldeasturias.com\/magazine365\/wp-content\/uploads\/2016\/01\/fotonoticia_20160115174545_800.jpg 800w\" sizes=\"(max-width: 360px) 100vw, 360px\" \/>La comarca malague\u00f1a Costa del Sol Axarqu\u00eda estar\u00e1 presente en las principales estaciones de trenes de Espa\u00f1a durante la primera quincena de marzo. El objetivo es promocionar los atractivos tur\u00edsticos de los 31 municipios que la componen realzando sus valores naturales y paisaj\u00edsticos, monumentales y gastron\u00f3micos.<\/p>\n<p>Adem\u00e1s, la campa\u00f1a se ha dise\u00f1ado pensando en unas fechas concretas, como es la proximidad de la Semana Santa, para resaltar el potencial que tienen cada una de sus fiestas populares. En este caso concreto, la \u00abgrandiosidad\u00bb de las procesiones de V\u00e9lez-M\u00e1laga, la devoci\u00f3n de las de Rinc\u00f3n de la Victoria o Nerja y las peculiaridades de cada una de los pueblos del interior.<\/p>\n<p>Esta campa\u00f1a de promoci\u00f3n tur\u00edstica impulsada por la Mancomunidad de Municipios de la Costa del Sol Axarqu\u00eda est\u00e1 incluida en la Iniciativa de Turismo Sostenible puesta en marcha por la Consejer\u00eda de Turismo y Deporte de la Junta de Andaluc\u00eda, seg\u00fan han informado desde la Mancomunidad de Municipios de la Costa del Sol-Axarqu\u00eda, a trav\u00e9s de un comunicado.<\/p>\n<p>Consta de dos acciones que se desarrollar\u00e1n de forma paralela durante la primera quincena de marzo. Por un lado, se instalar\u00e1n 50 mupis en las estaciones de AVE y cercan\u00edas de Atocha en Madrid; ocho en las estaciones de AVE de Zaragoza y el mismo n\u00famero en la de Bilbao. En las paradas de cercan\u00eda de M\u00e1laga &#8211;Fuengirola, Benalm\u00e1dena, Torremolinos y Alameda&#8211; tambi\u00e9n habr\u00e1 un par de ellos.<\/p>\n<p>\u00abHemos elegido el eslogan &#8216;Tu puedes estar aqu\u00ed, ven a la Axarqu\u00eda Costa del Sol&#8217; porque pensamos que es una forma directa de interpelar al visitante, una manera de hacerle reflexionar y que se planteen venir a una tierra que ofrece tantos atractivos y que est\u00e1 tan cerca de su ciudad, sobre todo, teniendo en cuenta que las ponemos en estaciones de trenes que tienen una comunicaci\u00f3n perfecta con M\u00e1laga\u00bb, ha explicado el presidente de la Mancomunidad, Gregorio Campos.<\/p>\n<p>Junto al texto le acompa\u00f1an varias im\u00e1genes de monumentos de V\u00e9lez-M\u00e1laga, de las playas, de la Sierra de Tejeda, Almijara y Alhama, de la V\u00eda Lactea sobre los acantilados de Maro y una muestra de la gastronom\u00eda local &#8211;ajoblanco, pasas, uvas y almendras&#8211;. \u00abHemos querido reflejar la diversidad de la comarca y reflejar las virtudes y sensaciones que proporciona su visita\u00bb, ha a\u00f1adido.<\/p>\n<p>Adem\u00e1s, incluye un c\u00f3digo BIDI que lleva al visitante directamente con su m\u00f3vil hasta la p\u00e1gina web www.costadelsol-axarquia.com donde podr\u00e1 encontrar todo lo que necesita de cada uno de los 31 municipios de la comarca y en la tendr\u00e1 a su alcance todos los recursos tur\u00edsticos que necesite.<\/p>\n<p>La otra parte de la campa\u00f1a consiste en la instalaci\u00f3n de mupis en tres cristaleras fijas con vinilos reversibles en la estaci\u00f3n de trenes Mar\u00eda Zambrano. Para ello, se ha cambiando el eslogan por el de &#8216;Ya que est\u00e1s aqu\u00ed, no puedes perderte la Axarqu\u00eda Costa del Sol&#8217;.<\/p>\n<p>\u00abEl objetivo final es muy claro: atraer a todos los turistas que llegan a M\u00e1laga hacia la Axarqu\u00eda aprovechando la afluencia de visitantes que hay durante estas fechas. Tienen que conocernos, saber que somos una comarca con mucho que visitar y que ofrece una diversidad como pocas en la provincia de M\u00e1laga\u00bb, ha dicho el vicepresidente, Juan Pe\u00f1as.<\/p>\n<p>En este sentido, ha incidido en que \u00abreflejamos tanto la Semana Santa, como la gastronom\u00eda, su naturaleza y la peculiaridad de sus calles blancas y encaladas t\u00edpicas de Andaluc\u00eda\u00bb. El tambi\u00e9n vocal de Turismo ha adelantado que hay prevista una tercera acci\u00f3n en la que contar\u00e1n con blogueros, periodistas y tour operadores que viajar\u00e1n de zonas seleccionadas de Espa\u00f1a hasta la Axarqu\u00eda.<\/p>\n<p>La campa\u00f1a ha tenido un coste de 20.000 euros financiada al 60 por ciento por la Iniciativa de Turismo Sostenible puesta en marcha por la Consejer\u00eda de Turismo y Deporte de la Junta de Andaluc\u00eda.<\/p>\n<p>PARTICIPACI\u00d3N DE LA AXARQU\u00cdA COSTA DEL SOL EN FITUR<\/p>\n<p>La Mancomunidad de Municipios de la Costa del Sol Axarqu\u00eda participar\u00e1, junto a APTA y al Ceder, en la Feria Internacional de Turismo (Fitur), que se celebrar\u00e1 en Madrid del 20 al 24 de enero. Estar\u00e1 presente en el Pabell\u00f3n Andaluc\u00eda y el estand Costa del Sol. \u00abVamos a estar all\u00ed para promocionar la marca Axarqu\u00eda Costa del Sol y para dar apoyo tur\u00edstico a los diferentes municipios de la comarca que presentan sus proyectos durante Fitur\u00bb, ha comentado Campos.<\/p>\n<p>El viernes 22, a las 12.20 horas, el presidente Gregorio Campos y el vicepresidente, Juan Pe\u00f1as, presentar\u00e1n el video y el anuncio promocional de la comarca, en el que participan entre otros ax\u00e1rquicos, los cantantes Nuria Ferg\u00f3 y Antonio Cort\u00e9s; el bicampe\u00f3n del mundo de triatl\u00f3n cross, Ruben Ruzafa, el pintor Evaristo Guerra y el futbolista Fernando Hierro.<\/p>\n<p>Tambi\u00e9n se repartir\u00e1 merchandising y material promocional de la marca Costa del Sol Axarqu\u00eda. \u00abVamos en representaci\u00f3n de todos los municipios para mostrar sus bondades y su oferta tur\u00edstica. Adem\u00e1s llevamos una agenda de contactos con diferentes agentes tur\u00edsticos. Nuestro objetivo es conseguir el retorno de visitantes\u00bb, ha indicado el tambi\u00e9n vocal de Turismo. Tambi\u00e9n se dar\u00e1 a conocer la campa\u00f1a en las estaciones de trenes del AVE y Cercan\u00eda.<\/p>\n","protected":false},"excerpt":{"rendered":"<p>La comarca malague\u00f1a Costa del Sol Axarqu\u00eda estar\u00e1 presente en las principales estaciones de trenes de Espa\u00f1a durante la primera quincena de marzo. El objetivo es promocionar los atractivos tur\u00edsticos de los 31 municipios que la componen realzando sus valores naturales y paisaj\u00edsticos, monumentales y gastron\u00f3micos. Adem\u00e1s, la campa\u00f1a se ha dise\u00f1ado pensando en unas<\/p>\n","protected":false},"author":1,"featured_media":60872,"comment_status":"open","ping_status":"closed","sticky":false,"template":"","format":"standard","meta":{"footnotes":""},"categories":[224],"tags":[],"class_list":{"0":"post-60871","1":"post","2":"type-post","3":"status-publish","4":"format-standard","5":"has-post-thumbnail","7":"category-noticias-actualidad"},"aioseo_notices":[],"aioseo_head":"\n\t\t<!-- All in One SEO Pro 4.9.6.1 - aioseo.com -->\n\t<meta name=\"description\" content=\"La comarca malague\u00f1a Costa del Sol Axarqu\u00eda estar\u00e1 presente en las principales estaciones de trenes de Espa\u00f1a durante la primera quincena de marzo. El objetivo es promocionar los atractivos tur\u00edsticos de los 31 municipios que la componen realzando sus valores naturales y paisaj\u00edsticos, monumentales y gastron\u00f3micos. Adem\u00e1s, la campa\u00f1a se ha dise\u00f1ado pensando en unas\" \/>\n\t<meta name=\"robots\" content=\"max-image-preview:large\" \/>\n\t<meta name=\"author\" content=\"admin\"\/>\n\t<meta name=\"google-site-verification\" content=\"UA-38556648-1\" \/>\n\t<meta name=\"keywords\" content=\"noticias y actualidad\" \/>\n\t<link rel=\"canonical\" href=\"https:\/\/eldigitaldeasturias.com\/magazine365\/la-costa-del-sol-axarquia-estara-en-las-principales-estaciones-de-ave-de-espana\/\" \/>\n\t<meta name=\"generator\" content=\"All in One SEO Pro (AIOSEO) 4.9.6.1\" \/>\n\t\t<meta property=\"og:locale\" content=\"es_ES\" \/>\n\t\t<meta property=\"og:site_name\" content=\"El Digital de Asturias \u2013 Revista de ocio, turismo y estilo de vida\" \/>\n\t\t<meta property=\"og:type\" content=\"article\" \/>\n\t\t<meta property=\"og:title\" content=\"La Costa del Sol Axarqu\u00eda estar\u00e1 en las principales estaciones de AVE de Espa\u00f1a | El Digital de Asturias\" \/>\n\t\t<meta property=\"og:description\" content=\"La comarca malague\u00f1a Costa del Sol Axarqu\u00eda estar\u00e1 presente en las principales estaciones de trenes de Espa\u00f1a durante la primera quincena de marzo. El objetivo es promocionar los atractivos tur\u00edsticos de los 31 municipios que la componen realzando sus valores naturales y paisaj\u00edsticos, monumentales y gastron\u00f3micos. Adem\u00e1s, la campa\u00f1a se ha dise\u00f1ado pensando en unas\" \/>\n\t\t<meta property=\"og:url\" content=\"https:\/\/eldigitaldeasturias.com\/magazine365\/la-costa-del-sol-axarquia-estara-en-las-principales-estaciones-de-ave-de-espana\/\" \/>\n\t\t<meta property=\"og:image\" content=\"https:\/\/eldigitaldeasturias.com\/magazine365\/wp-content\/uploads\/2016\/01\/fotonoticia_20160115174545_800.jpg\" \/>\n\t\t<meta property=\"og:image:secure_url\" content=\"https:\/\/eldigitaldeasturias.com\/magazine365\/wp-content\/uploads\/2016\/01\/fotonoticia_20160115174545_800.jpg\" \/>\n\t\t<meta property=\"og:image:width\" content=\"800\" \/>\n\t\t<meta property=\"og:image:height\" content=\"533\" \/>\n\t\t<meta property=\"article:published_time\" content=\"2016-01-16T11:36:30+00:00\" \/>\n\t\t<meta property=\"article:modified_time\" content=\"2016-01-16T11:36:30+00:00\" \/>\n\t\t<meta name=\"twitter:card\" content=\"summary_large_image\" \/>\n\t\t<meta name=\"twitter:title\" content=\"La Costa del Sol Axarqu\u00eda estar\u00e1 en las principales estaciones de AVE de Espa\u00f1a | El Digital de Asturias\" \/>\n\t\t<meta name=\"twitter:description\" content=\"La comarca malague\u00f1a Costa del Sol Axarqu\u00eda estar\u00e1 presente en las principales estaciones de trenes de Espa\u00f1a durante la primera quincena de marzo. El objetivo es promocionar los atractivos tur\u00edsticos de los 31 municipios que la componen realzando sus valores naturales y paisaj\u00edsticos, monumentales y gastron\u00f3micos. Adem\u00e1s, la campa\u00f1a se ha dise\u00f1ado pensando en unas\" \/>\n\t\t<meta name=\"twitter:image\" content=\"https:\/\/eldigitaldeasturias.com\/magazine365\/wp-content\/uploads\/2016\/01\/fotonoticia_20160115174545_800.jpg\" \/>\n\t\t<script type=\"application\/ld+json\" class=\"aioseo-schema\">\n\t\t\t{\"@context\":\"https:\\\/\\\/schema.org\",\"@graph\":[{\"@type\":\"Article\",\"@id\":\"https:\\\/\\\/eldigitaldeasturias.com\\\/magazine365\\\/la-costa-del-sol-axarquia-estara-en-las-principales-estaciones-de-ave-de-espana\\\/#article\",\"name\":\"La Costa del Sol Axarqu\\u00eda estar\\u00e1 en las principales estaciones de AVE de Espa\\u00f1a | El Digital de Asturias\",\"headline\":\"La Costa del Sol Axarqu\\u00eda estar\\u00e1 en las principales estaciones de AVE de Espa\\u00f1a\",\"author\":{\"@id\":\"https:\\\/\\\/eldigitaldeasturias.com\\\/magazine365\\\/author\\\/admin\\\/#author\"},\"publisher\":{\"@id\":\"https:\\\/\\\/eldigitaldeasturias.com\\\/magazine365\\\/#organization\"},\"image\":{\"@type\":\"ImageObject\",\"url\":\"https:\\\/\\\/eldigitaldeasturias.com\\\/magazine365\\\/wp-content\\\/uploads\\\/2016\\\/01\\\/fotonoticia_20160115174545_800.jpg\",\"width\":800,\"height\":533},\"datePublished\":\"2016-01-16T12:36:30+01:00\",\"dateModified\":\"2016-01-16T12:36:30+01:00\",\"inLanguage\":\"es-ES\",\"mainEntityOfPage\":{\"@id\":\"https:\\\/\\\/eldigitaldeasturias.com\\\/magazine365\\\/la-costa-del-sol-axarquia-estara-en-las-principales-estaciones-de-ave-de-espana\\\/#webpage\"},\"isPartOf\":{\"@id\":\"https:\\\/\\\/eldigitaldeasturias.com\\\/magazine365\\\/la-costa-del-sol-axarquia-estara-en-las-principales-estaciones-de-ave-de-espana\\\/#webpage\"},\"articleSection\":\"Noticias y Actualidad\"},{\"@type\":\"BreadcrumbList\",\"@id\":\"https:\\\/\\\/eldigitaldeasturias.com\\\/magazine365\\\/la-costa-del-sol-axarquia-estara-en-las-principales-estaciones-de-ave-de-espana\\\/#breadcrumblist\",\"itemListElement\":[{\"@type\":\"ListItem\",\"@id\":\"https:\\\/\\\/eldigitaldeasturias.com\\\/magazine365#listItem\",\"position\":1,\"name\":\"Home\",\"item\":\"https:\\\/\\\/eldigitaldeasturias.com\\\/magazine365\",\"nextItem\":{\"@type\":\"ListItem\",\"@id\":\"https:\\\/\\\/eldigitaldeasturias.com\\\/magazine365\\\/category\\\/noticias-actualidad\\\/#listItem\",\"name\":\"Noticias y Actualidad\"}},{\"@type\":\"ListItem\",\"@id\":\"https:\\\/\\\/eldigitaldeasturias.com\\\/magazine365\\\/category\\\/noticias-actualidad\\\/#listItem\",\"position\":2,\"name\":\"Noticias y Actualidad\",\"item\":\"https:\\\/\\\/eldigitaldeasturias.com\\\/magazine365\\\/category\\\/noticias-actualidad\\\/\",\"nextItem\":{\"@type\":\"ListItem\",\"@id\":\"https:\\\/\\\/eldigitaldeasturias.com\\\/magazine365\\\/la-costa-del-sol-axarquia-estara-en-las-principales-estaciones-de-ave-de-espana\\\/#listItem\",\"name\":\"La Costa del Sol Axarqu\\u00eda estar\\u00e1 en las principales estaciones de AVE de Espa\\u00f1a\"},\"previousItem\":{\"@type\":\"ListItem\",\"@id\":\"https:\\\/\\\/eldigitaldeasturias.com\\\/magazine365#listItem\",\"name\":\"Home\"}},{\"@type\":\"ListItem\",\"@id\":\"https:\\\/\\\/eldigitaldeasturias.com\\\/magazine365\\\/la-costa-del-sol-axarquia-estara-en-las-principales-estaciones-de-ave-de-espana\\\/#listItem\",\"position\":3,\"name\":\"La Costa del Sol Axarqu\\u00eda estar\\u00e1 en las principales estaciones de AVE de Espa\\u00f1a\",\"previousItem\":{\"@type\":\"ListItem\",\"@id\":\"https:\\\/\\\/eldigitaldeasturias.com\\\/magazine365\\\/category\\\/noticias-actualidad\\\/#listItem\",\"name\":\"Noticias y Actualidad\"}}]},{\"@type\":\"Organization\",\"@id\":\"https:\\\/\\\/eldigitaldeasturias.com\\\/magazine365\\\/#organization\",\"name\":\"El digital de Asturias\",\"description\":\"Revista de ocio, turismo y estilo de vida\",\"url\":\"https:\\\/\\\/eldigitaldeasturias.com\\\/magazine365\\\/\",\"logo\":{\"@type\":\"ImageObject\",\"url\":\"https:\\\/\\\/www.eldigitaldeasturias.com\\\/noticias\\\/wp-content\\\/uploads\\\/2020\\\/12\\\/EDA.jpg\",\"@id\":\"https:\\\/\\\/eldigitaldeasturias.com\\\/magazine365\\\/la-costa-del-sol-axarquia-estara-en-las-principales-estaciones-de-ave-de-espana\\\/#organizationLogo\"},\"image\":{\"@id\":\"https:\\\/\\\/eldigitaldeasturias.com\\\/magazine365\\\/la-costa-del-sol-axarquia-estara-en-las-principales-estaciones-de-ave-de-espana\\\/#organizationLogo\"}},{\"@type\":\"Person\",\"@id\":\"https:\\\/\\\/eldigitaldeasturias.com\\\/magazine365\\\/author\\\/admin\\\/#author\",\"url\":\"https:\\\/\\\/eldigitaldeasturias.com\\\/magazine365\\\/author\\\/admin\\\/\",\"name\":\"admin\",\"image\":{\"@type\":\"ImageObject\",\"@id\":\"https:\\\/\\\/eldigitaldeasturias.com\\\/magazine365\\\/la-costa-del-sol-axarquia-estara-en-las-principales-estaciones-de-ave-de-espana\\\/#authorImage\",\"url\":\"https:\\\/\\\/eldigitaldeasturias.com\\\/magazine365\\\/wp-content\\\/litespeed\\\/avatar\\\/e571bcf59a0edd6fa6838245a470f2fe.jpg?ver=1776969259\",\"width\":96,\"height\":96,\"caption\":\"admin\"}},{\"@type\":\"WebPage\",\"@id\":\"https:\\\/\\\/eldigitaldeasturias.com\\\/magazine365\\\/la-costa-del-sol-axarquia-estara-en-las-principales-estaciones-de-ave-de-espana\\\/#webpage\",\"url\":\"https:\\\/\\\/eldigitaldeasturias.com\\\/magazine365\\\/la-costa-del-sol-axarquia-estara-en-las-principales-estaciones-de-ave-de-espana\\\/\",\"name\":\"La Costa del Sol Axarqu\\u00eda estar\\u00e1 en las principales estaciones de AVE de Espa\\u00f1a | El Digital de Asturias\",\"description\":\"La comarca malague\\u00f1a Costa del Sol Axarqu\\u00eda estar\\u00e1 presente en las principales estaciones de trenes de Espa\\u00f1a durante la primera quincena de marzo. El objetivo es promocionar los atractivos tur\\u00edsticos de los 31 municipios que la componen realzando sus valores naturales y paisaj\\u00edsticos, monumentales y gastron\\u00f3micos. Adem\\u00e1s, la campa\\u00f1a se ha dise\\u00f1ado pensando en unas\",\"inLanguage\":\"es-ES\",\"isPartOf\":{\"@id\":\"https:\\\/\\\/eldigitaldeasturias.com\\\/magazine365\\\/#website\"},\"breadcrumb\":{\"@id\":\"https:\\\/\\\/eldigitaldeasturias.com\\\/magazine365\\\/la-costa-del-sol-axarquia-estara-en-las-principales-estaciones-de-ave-de-espana\\\/#breadcrumblist\"},\"author\":{\"@id\":\"https:\\\/\\\/eldigitaldeasturias.com\\\/magazine365\\\/author\\\/admin\\\/#author\"},\"creator\":{\"@id\":\"https:\\\/\\\/eldigitaldeasturias.com\\\/magazine365\\\/author\\\/admin\\\/#author\"},\"image\":{\"@type\":\"ImageObject\",\"url\":\"https:\\\/\\\/eldigitaldeasturias.com\\\/magazine365\\\/wp-content\\\/uploads\\\/2016\\\/01\\\/fotonoticia_20160115174545_800.jpg\",\"@id\":\"https:\\\/\\\/eldigitaldeasturias.com\\\/magazine365\\\/la-costa-del-sol-axarquia-estara-en-las-principales-estaciones-de-ave-de-espana\\\/#mainImage\",\"width\":800,\"height\":533},\"primaryImageOfPage\":{\"@id\":\"https:\\\/\\\/eldigitaldeasturias.com\\\/magazine365\\\/la-costa-del-sol-axarquia-estara-en-las-principales-estaciones-de-ave-de-espana\\\/#mainImage\"},\"datePublished\":\"2016-01-16T12:36:30+01:00\",\"dateModified\":\"2016-01-16T12:36:30+01:00\"},{\"@type\":\"WebSite\",\"@id\":\"https:\\\/\\\/eldigitaldeasturias.com\\\/magazine365\\\/#website\",\"url\":\"https:\\\/\\\/eldigitaldeasturias.com\\\/magazine365\\\/\",\"name\":\"El Digital de Asturias\",\"description\":\"Revista de ocio, turismo y estilo de vida\",\"inLanguage\":\"es-ES\",\"publisher\":{\"@id\":\"https:\\\/\\\/eldigitaldeasturias.com\\\/magazine365\\\/#organization\"}}]}\n\t\t<\/script>\n\t\t<!-- All in One SEO Pro -->\r\n\t\t<title>La Costa del Sol Axarqu\u00eda estar\u00e1 en las principales estaciones de AVE de Espa\u00f1a | El Digital de Asturias<\/title>\n\n","aioseo_head_json":{"title":"La Costa del Sol Axarqu\u00eda estar\u00e1 en las principales estaciones de AVE de Espa\u00f1a | El Digital de Asturias","description":"La comarca malague\u00f1a Costa del Sol Axarqu\u00eda estar\u00e1 presente en las principales estaciones de trenes de Espa\u00f1a durante la primera quincena de marzo. El objetivo es promocionar los atractivos tur\u00edsticos de los 31 municipios que la componen realzando sus valores naturales y paisaj\u00edsticos, monumentales y gastron\u00f3micos. Adem\u00e1s, la campa\u00f1a se ha dise\u00f1ado pensando en unas","canonical_url":"https:\/\/eldigitaldeasturias.com\/magazine365\/la-costa-del-sol-axarquia-estara-en-las-principales-estaciones-de-ave-de-espana\/","robots":"max-image-preview:large","keywords":"noticias y actualidad","webmasterTools":{"google-site-verification":"UA-38556648-1","miscellaneous":""},"schema":{"@context":"https:\/\/schema.org","@graph":[{"@type":"Article","@id":"https:\/\/eldigitaldeasturias.com\/magazine365\/la-costa-del-sol-axarquia-estara-en-las-principales-estaciones-de-ave-de-espana\/#article","name":"La Costa del Sol Axarqu\u00eda estar\u00e1 en las principales estaciones de AVE de Espa\u00f1a | El Digital de Asturias","headline":"La Costa del Sol Axarqu\u00eda estar\u00e1 en las principales estaciones de AVE de Espa\u00f1a","author":{"@id":"https:\/\/eldigitaldeasturias.com\/magazine365\/author\/admin\/#author"},"publisher":{"@id":"https:\/\/eldigitaldeasturias.com\/magazine365\/#organization"},"image":{"@type":"ImageObject","url":"https:\/\/eldigitaldeasturias.com\/magazine365\/wp-content\/uploads\/2016\/01\/fotonoticia_20160115174545_800.jpg","width":800,"height":533},"datePublished":"2016-01-16T12:36:30+01:00","dateModified":"2016-01-16T12:36:30+01:00","inLanguage":"es-ES","mainEntityOfPage":{"@id":"https:\/\/eldigitaldeasturias.com\/magazine365\/la-costa-del-sol-axarquia-estara-en-las-principales-estaciones-de-ave-de-espana\/#webpage"},"isPartOf":{"@id":"https:\/\/eldigitaldeasturias.com\/magazine365\/la-costa-del-sol-axarquia-estara-en-las-principales-estaciones-de-ave-de-espana\/#webpage"},"articleSection":"Noticias y Actualidad"},{"@type":"BreadcrumbList","@id":"https:\/\/eldigitaldeasturias.com\/magazine365\/la-costa-del-sol-axarquia-estara-en-las-principales-estaciones-de-ave-de-espana\/#breadcrumblist","itemListElement":[{"@type":"ListItem","@id":"https:\/\/eldigitaldeasturias.com\/magazine365#listItem","position":1,"name":"Home","item":"https:\/\/eldigitaldeasturias.com\/magazine365","nextItem":{"@type":"ListItem","@id":"https:\/\/eldigitaldeasturias.com\/magazine365\/category\/noticias-actualidad\/#listItem","name":"Noticias y Actualidad"}},{"@type":"ListItem","@id":"https:\/\/eldigitaldeasturias.com\/magazine365\/category\/noticias-actualidad\/#listItem","position":2,"name":"Noticias y Actualidad","item":"https:\/\/eldigitaldeasturias.com\/magazine365\/category\/noticias-actualidad\/","nextItem":{"@type":"ListItem","@id":"https:\/\/eldigitaldeasturias.com\/magazine365\/la-costa-del-sol-axarquia-estara-en-las-principales-estaciones-de-ave-de-espana\/#listItem","name":"La Costa del Sol Axarqu\u00eda estar\u00e1 en las principales estaciones de AVE de Espa\u00f1a"},"previousItem":{"@type":"ListItem","@id":"https:\/\/eldigitaldeasturias.com\/magazine365#listItem","name":"Home"}},{"@type":"ListItem","@id":"https:\/\/eldigitaldeasturias.com\/magazine365\/la-costa-del-sol-axarquia-estara-en-las-principales-estaciones-de-ave-de-espana\/#listItem","position":3,"name":"La Costa del Sol Axarqu\u00eda estar\u00e1 en las principales estaciones de AVE de Espa\u00f1a","previousItem":{"@type":"ListItem","@id":"https:\/\/eldigitaldeasturias.com\/magazine365\/category\/noticias-actualidad\/#listItem","name":"Noticias y Actualidad"}}]},{"@type":"Organization","@id":"https:\/\/eldigitaldeasturias.com\/magazine365\/#organization","name":"El digital de Asturias","description":"Revista de ocio, turismo y estilo de vida","url":"https:\/\/eldigitaldeasturias.com\/magazine365\/","logo":{"@type":"ImageObject","url":"https:\/\/www.eldigitaldeasturias.com\/noticias\/wp-content\/uploads\/2020\/12\/EDA.jpg","@id":"https:\/\/eldigitaldeasturias.com\/magazine365\/la-costa-del-sol-axarquia-estara-en-las-principales-estaciones-de-ave-de-espana\/#organizationLogo"},"image":{"@id":"https:\/\/eldigitaldeasturias.com\/magazine365\/la-costa-del-sol-axarquia-estara-en-las-principales-estaciones-de-ave-de-espana\/#organizationLogo"}},{"@type":"Person","@id":"https:\/\/eldigitaldeasturias.com\/magazine365\/author\/admin\/#author","url":"https:\/\/eldigitaldeasturias.com\/magazine365\/author\/admin\/","name":"admin","image":{"@type":"ImageObject","@id":"https:\/\/eldigitaldeasturias.com\/magazine365\/la-costa-del-sol-axarquia-estara-en-las-principales-estaciones-de-ave-de-espana\/#authorImage","url":"https:\/\/eldigitaldeasturias.com\/magazine365\/wp-content\/litespeed\/avatar\/e571bcf59a0edd6fa6838245a470f2fe.jpg?ver=1776969259","width":96,"height":96,"caption":"admin"}},{"@type":"WebPage","@id":"https:\/\/eldigitaldeasturias.com\/magazine365\/la-costa-del-sol-axarquia-estara-en-las-principales-estaciones-de-ave-de-espana\/#webpage","url":"https:\/\/eldigitaldeasturias.com\/magazine365\/la-costa-del-sol-axarquia-estara-en-las-principales-estaciones-de-ave-de-espana\/","name":"La Costa del Sol Axarqu\u00eda estar\u00e1 en las principales estaciones de AVE de Espa\u00f1a | El Digital de Asturias","description":"La comarca malague\u00f1a Costa del Sol Axarqu\u00eda estar\u00e1 presente en las principales estaciones de trenes de Espa\u00f1a durante la primera quincena de marzo. El objetivo es promocionar los atractivos tur\u00edsticos de los 31 municipios que la componen realzando sus valores naturales y paisaj\u00edsticos, monumentales y gastron\u00f3micos. Adem\u00e1s, la campa\u00f1a se ha dise\u00f1ado pensando en unas","inLanguage":"es-ES","isPartOf":{"@id":"https:\/\/eldigitaldeasturias.com\/magazine365\/#website"},"breadcrumb":{"@id":"https:\/\/eldigitaldeasturias.com\/magazine365\/la-costa-del-sol-axarquia-estara-en-las-principales-estaciones-de-ave-de-espana\/#breadcrumblist"},"author":{"@id":"https:\/\/eldigitaldeasturias.com\/magazine365\/author\/admin\/#author"},"creator":{"@id":"https:\/\/eldigitaldeasturias.com\/magazine365\/author\/admin\/#author"},"image":{"@type":"ImageObject","url":"https:\/\/eldigitaldeasturias.com\/magazine365\/wp-content\/uploads\/2016\/01\/fotonoticia_20160115174545_800.jpg","@id":"https:\/\/eldigitaldeasturias.com\/magazine365\/la-costa-del-sol-axarquia-estara-en-las-principales-estaciones-de-ave-de-espana\/#mainImage","width":800,"height":533},"primaryImageOfPage":{"@id":"https:\/\/eldigitaldeasturias.com\/magazine365\/la-costa-del-sol-axarquia-estara-en-las-principales-estaciones-de-ave-de-espana\/#mainImage"},"datePublished":"2016-01-16T12:36:30+01:00","dateModified":"2016-01-16T12:36:30+01:00"},{"@type":"WebSite","@id":"https:\/\/eldigitaldeasturias.com\/magazine365\/#website","url":"https:\/\/eldigitaldeasturias.com\/magazine365\/","name":"El Digital de Asturias","description":"Revista de ocio, turismo y estilo de vida","inLanguage":"es-ES","publisher":{"@id":"https:\/\/eldigitaldeasturias.com\/magazine365\/#organization"}}]},"og:locale":"es_ES","og:site_name":"El Digital de Asturias \u2013 Revista de ocio, turismo y estilo de vida","og:type":"article","og:title":"La Costa del Sol Axarqu\u00eda estar\u00e1 en las principales estaciones de AVE de Espa\u00f1a | El Digital de Asturias","og:description":"La comarca malague\u00f1a Costa del Sol Axarqu\u00eda estar\u00e1 presente en las principales estaciones de trenes de Espa\u00f1a durante la primera quincena de marzo. El objetivo es promocionar los atractivos tur\u00edsticos de los 31 municipios que la componen realzando sus valores naturales y paisaj\u00edsticos, monumentales y gastron\u00f3micos. Adem\u00e1s, la campa\u00f1a se ha dise\u00f1ado pensando en unas","og:url":"https:\/\/eldigitaldeasturias.com\/magazine365\/la-costa-del-sol-axarquia-estara-en-las-principales-estaciones-de-ave-de-espana\/","og:image":"https:\/\/eldigitaldeasturias.com\/magazine365\/wp-content\/uploads\/2016\/01\/fotonoticia_20160115174545_800.jpg","og:image:secure_url":"https:\/\/eldigitaldeasturias.com\/magazine365\/wp-content\/uploads\/2016\/01\/fotonoticia_20160115174545_800.jpg","og:image:width":800,"og:image:height":533,"article:published_time":"2016-01-16T11:36:30+00:00","article:modified_time":"2016-01-16T11:36:30+00:00","twitter:card":"summary_large_image","twitter:title":"La Costa del Sol Axarqu\u00eda estar\u00e1 en las principales estaciones de AVE de Espa\u00f1a | El Digital de Asturias","twitter:description":"La comarca malague\u00f1a Costa del Sol Axarqu\u00eda estar\u00e1 presente en las principales estaciones de trenes de Espa\u00f1a durante la primera quincena de marzo. El objetivo es promocionar los atractivos tur\u00edsticos de los 31 municipios que la componen realzando sus valores naturales y paisaj\u00edsticos, monumentales y gastron\u00f3micos. Adem\u00e1s, la campa\u00f1a se ha dise\u00f1ado pensando en unas","twitter:image":"https:\/\/eldigitaldeasturias.com\/magazine365\/wp-content\/uploads\/2016\/01\/fotonoticia_20160115174545_800.jpg"},"aioseo_meta_data":{"post_id":"60871","title":null,"description":null,"keywords":null,"keyphrases":null,"primary_term":null,"canonical_url":null,"og_title":null,"og_description":null,"og_object_type":"default","og_image_type":"default","og_image_url":null,"og_image_width":null,"og_image_height":null,"og_image_custom_url":null,"og_image_custom_fields":null,"og_video":null,"og_custom_url":null,"og_article_section":null,"og_article_tags":null,"twitter_use_og":false,"twitter_card":"default","twitter_image_type":"default","twitter_image_url":null,"twitter_image_custom_url":null,"twitter_image_custom_fields":null,"twitter_title":null,"twitter_description":null,"schema":{"blockGraphs":[],"customGraphs":[],"default":{"data":{"Article":[],"Course":[],"Dataset":[],"FAQPage":[],"Movie":[],"Person":[],"Product":[],"ProductReview":[],"Car":[],"Recipe":[],"Service":[],"SoftwareApplication":[],"WebPage":[]},"graphName":"","isEnabled":true},"graphs":[],"defaultGraph":"","defaultPostTypeGraph":""},"schema_type":null,"schema_type_options":null,"pillar_content":false,"robots_default":true,"robots_noindex":false,"robots_noarchive":false,"robots_nosnippet":false,"robots_nofollow":false,"robots_noimageindex":false,"robots_noodp":false,"robots_notranslate":false,"robots_max_snippet":null,"robots_max_videopreview":null,"robots_max_imagepreview":"large","priority":null,"frequency":null,"location":null,"local_seo":null,"seo_analyzer_scan_date":"2025-09-25 07:46:38","breadcrumb_settings":null,"limit_modified_date":false,"open_ai":null,"ai":null,"created":"2021-03-08 21:55:18","updated":"2025-09-25 07:46:38"},"aioseo_breadcrumb":"<div class=\"aioseo-breadcrumbs\"><span class=\"aioseo-breadcrumb\">\n\t<a href=\"https:\/\/eldigitaldeasturias.com\/magazine365\" title=\"Home\">Home<\/a>\n<\/span><span class=\"aioseo-breadcrumb-separator\">\u2013<\/span><span class=\"aioseo-breadcrumb\">\n\t<a href=\"https:\/\/eldigitaldeasturias.com\/magazine365\/category\/noticias-actualidad\/\" title=\"Noticias y Actualidad\">Noticias y Actualidad<\/a>\n<\/span><span class=\"aioseo-breadcrumb-separator\">\u2013<\/span><span class=\"aioseo-breadcrumb\">\n\t<a href=\"https:\/\/eldigitaldeasturias.com\/magazine365\/la-costa-del-sol-axarquia-estara-en-las-principales-estaciones-de-ave-de-espana\/\" title=\"La Costa del Sol Axarqu\u00eda estar\u00e1 en las principales estaciones de AVE de Espa\u00f1a\">La Costa del Sol Axarqu\u00eda estar\u00e1 en las principales estaciones de AVE de Espa\u00f1a<\/a>\n<\/span><\/div>","aioseo_breadcrumb_json":[{"label":"Home","link":"https:\/\/eldigitaldeasturias.com\/magazine365"},{"label":"Noticias y Actualidad","link":"https:\/\/eldigitaldeasturias.com\/magazine365\/category\/noticias-actualidad\/"},{"label":"La Costa del Sol Axarqu\u00eda estar\u00e1 en las principales estaciones de AVE de Espa\u00f1a","link":"https:\/\/eldigitaldeasturias.com\/magazine365\/la-costa-del-sol-axarquia-estara-en-las-principales-estaciones-de-ave-de-espana\/"}],"_links":{"self":[{"href":"https:\/\/eldigitaldeasturias.com\/magazine365\/wp-json\/wp\/v2\/posts\/60871","targetHints":{"allow":["GET"]}}],"collection":[{"href":"https:\/\/eldigitaldeasturias.com\/magazine365\/wp-json\/wp\/v2\/posts"}],"about":[{"href":"https:\/\/eldigitaldeasturias.com\/magazine365\/wp-json\/wp\/v2\/types\/post"}],"author":[{"embeddable":true,"href":"https:\/\/eldigitaldeasturias.com\/magazine365\/wp-json\/wp\/v2\/users\/1"}],"replies":[{"embeddable":true,"href":"https:\/\/eldigitaldeasturias.com\/magazine365\/wp-json\/wp\/v2\/comments?post=60871"}],"version-history":[{"count":0,"href":"https:\/\/eldigitaldeasturias.com\/magazine365\/wp-json\/wp\/v2\/posts\/60871\/revisions"}],"wp:featuredmedia":[{"embeddable":true,"href":"https:\/\/eldigitaldeasturias.com\/magazine365\/wp-json\/wp\/v2\/media\/60872"}],"wp:attachment":[{"href":"https:\/\/eldigitaldeasturias.com\/magazine365\/wp-json\/wp\/v2\/media?parent=60871"}],"wp:term":[{"taxonomy":"category","embeddable":true,"href":"https:\/\/eldigitaldeasturias.com\/magazine365\/wp-json\/wp\/v2\/categories?post=60871"},{"taxonomy":"post_tag","embeddable":true,"href":"https:\/\/eldigitaldeasturias.com\/magazine365\/wp-json\/wp\/v2\/tags?post=60871"}],"curies":[{"name":"wp","href":"https:\/\/api.w.org\/{rel}","templated":true}]}}