{"id":60868,"date":"2016-01-16T12:35:01","date_gmt":"2016-01-16T11:35:01","guid":{"rendered":"http:\/\/eldigitaldeasturias.com\/magazine365\/?p=60868"},"modified":"2016-01-16T12:35:01","modified_gmt":"2016-01-16T11:35:01","slug":"la-reina-letizia-inaugurara-fitur-2016","status":"publish","type":"post","link":"https:\/\/eldigitaldeasturias.com\/magazine365\/la-reina-letizia-inaugurara-fitur-2016\/","title":{"rendered":"La Reina Letizia inaugurar\u00e1 Fitur 2016"},"content":{"rendered":"<p><img fetchpriority=\"high\" decoding=\"async\" class=\"alignleft size-medium wp-image-60869\" src=\"https:\/\/eldigitaldeasturias.com\/magazine365\/wp-content\/uploads\/2016\/01\/fotonoticia_20160115173812_800-200x300.jpg\" alt=\"fotonoticia_20160115173812_800\" width=\"200\" height=\"300\" srcset=\"https:\/\/eldigitaldeasturias.com\/magazine365\/wp-content\/uploads\/2016\/01\/fotonoticia_20160115173812_800-200x300.jpg 200w, https:\/\/eldigitaldeasturias.com\/magazine365\/wp-content\/uploads\/2016\/01\/fotonoticia_20160115173812_800-427x640.jpg 427w, https:\/\/eldigitaldeasturias.com\/magazine365\/wp-content\/uploads\/2016\/01\/fotonoticia_20160115173812_800-768x1152.jpg 768w, https:\/\/eldigitaldeasturias.com\/magazine365\/wp-content\/uploads\/2016\/01\/fotonoticia_20160115173812_800-150x225.jpg 150w, https:\/\/eldigitaldeasturias.com\/magazine365\/wp-content\/uploads\/2016\/01\/fotonoticia_20160115173812_800-450x675.jpg 450w, https:\/\/eldigitaldeasturias.com\/magazine365\/wp-content\/uploads\/2016\/01\/fotonoticia_20160115173812_800-696x1044.jpg 696w, https:\/\/eldigitaldeasturias.com\/magazine365\/wp-content\/uploads\/2016\/01\/fotonoticia_20160115173812_800-280x420.jpg 280w, https:\/\/eldigitaldeasturias.com\/magazine365\/wp-content\/uploads\/2016\/01\/fotonoticia_20160115173812_800.jpg 800w\" sizes=\"(max-width: 200px) 100vw, 200px\" \/>La Reina Letizia inaugurar\u00e1 este a\u00f1o la 36\u00aa edici\u00f3n de la Feria Internacional de Turismo, Fitur 2016 en la Feria de Madrid (Ifema), una de las m\u00e1s importantes del sector tur\u00edstico a nivel mundial, que este a\u00f1o contar\u00e1 con un 3% m\u00e1s de expositores y un 2% m\u00e1s de superficie expositiva.<\/p>\n<p>El a\u00f1o pasado los Reyes inauguraron su primer Fitur como monarcas en un acto en el que por primera vez Don Felipe tom\u00f3 la palabra en un atril antes de realizar juntos el habitual recorrido por la feria, comenzando por el stand de Turespa\u00f1a, para despu\u00e9s \u00abdar un paseo por el mundo\u00bb, como \u00e9l mismo defini\u00f3.<\/p>\n<p>En esta ocasi\u00f3n, ser\u00e1 la Reina Letizia qui\u00e9n inaugure Fitur 2016 dado que Felipe VI iniciar\u00e1 el lunes las consultas con los partidos pol\u00edticos previas a la designaci\u00f3n de un candidato al que encargar\u00e1 la formaci\u00f3n de Gobierno, seg\u00fan ha anunciado el Palacio de la Zarzuela, una ronda que se prolongar\u00e1 toda la semana. Concretamente, el mi\u00e9rcoles recibir\u00e1 al representante del PNV Aitor Esteban.<\/p>\n<p>Fitur 2016, que se celebrar\u00e1 en Madrid de 20 al 24 de enero, contar\u00e1 este a\u00f1o con un 3% m\u00e1s de expositores, un 2% m\u00e1s de superficie neta expositiva y un 8% m\u00e1s de empresas (9.500) de 165 pa\u00edses y regiones, que se distribuir\u00e1n en ocho pabellones teniendo a Andaluc\u00eda como socio principal.<\/p>\n<p>Los organizadores esperan que se supere la cifra alcanzada en 2015, que registr\u00f3 222.551 asistentes, incluidos 125.085 profesionales, en su segundo a\u00f1o de crecimiento, con cerca de 60.000 metros cuadrados de superficie de exposici\u00f3n.<\/p>\n","protected":false},"excerpt":{"rendered":"<p>La Reina Letizia inaugurar\u00e1 este a\u00f1o la 36\u00aa edici\u00f3n de la Feria Internacional de Turismo, Fitur 2016 en la Feria de Madrid (Ifema), una de las m\u00e1s importantes del sector tur\u00edstico a nivel mundial, que este a\u00f1o contar\u00e1 con un 3% m\u00e1s de expositores y un 2% m\u00e1s de superficie expositiva. El a\u00f1o pasado los<\/p>\n","protected":false},"author":1,"featured_media":60869,"comment_status":"open","ping_status":"closed","sticky":false,"template":"","format":"standard","meta":{"footnotes":""},"categories":[224],"tags":[],"class_list":{"0":"post-60868","1":"post","2":"type-post","3":"status-publish","4":"format-standard","5":"has-post-thumbnail","7":"category-noticias-actualidad"},"aioseo_notices":[],"aioseo_head":"\n\t\t<!-- All in One SEO Pro 4.9.6.1 - aioseo.com -->\n\t<meta name=\"description\" content=\"La Reina Letizia inaugurar\u00e1 este a\u00f1o la 36\u00aa edici\u00f3n de la Feria Internacional de Turismo, Fitur 2016 en la Feria de Madrid (Ifema), una de las m\u00e1s importantes del sector tur\u00edstico a nivel mundial, que este a\u00f1o contar\u00e1 con un 3% m\u00e1s de expositores y un 2% m\u00e1s de superficie expositiva. El a\u00f1o pasado los\" \/>\n\t<meta name=\"robots\" content=\"max-image-preview:large\" \/>\n\t<meta name=\"author\" content=\"admin\"\/>\n\t<meta name=\"google-site-verification\" content=\"UA-38556648-1\" \/>\n\t<meta name=\"keywords\" content=\"noticias y actualidad\" \/>\n\t<link rel=\"canonical\" href=\"https:\/\/eldigitaldeasturias.com\/magazine365\/la-reina-letizia-inaugurara-fitur-2016\/\" \/>\n\t<meta name=\"generator\" content=\"All in One SEO Pro (AIOSEO) 4.9.6.1\" \/>\n\t\t<meta property=\"og:locale\" content=\"es_ES\" \/>\n\t\t<meta property=\"og:site_name\" content=\"El Digital de Asturias \u2013 Revista de ocio, turismo y estilo de vida\" \/>\n\t\t<meta property=\"og:type\" content=\"article\" \/>\n\t\t<meta property=\"og:title\" content=\"La Reina Letizia inaugurar\u00e1 Fitur 2016 | El Digital de Asturias\" \/>\n\t\t<meta property=\"og:description\" content=\"La Reina Letizia inaugurar\u00e1 este a\u00f1o la 36\u00aa edici\u00f3n de la Feria Internacional de Turismo, Fitur 2016 en la Feria de Madrid (Ifema), una de las m\u00e1s importantes del sector tur\u00edstico a nivel mundial, que este a\u00f1o contar\u00e1 con un 3% m\u00e1s de expositores y un 2% m\u00e1s de superficie expositiva. El a\u00f1o pasado los\" \/>\n\t\t<meta property=\"og:url\" content=\"https:\/\/eldigitaldeasturias.com\/magazine365\/la-reina-letizia-inaugurara-fitur-2016\/\" \/>\n\t\t<meta property=\"og:image\" content=\"https:\/\/eldigitaldeasturias.com\/magazine365\/wp-content\/uploads\/2016\/01\/fotonoticia_20160115173812_800.jpg\" \/>\n\t\t<meta property=\"og:image:secure_url\" content=\"https:\/\/eldigitaldeasturias.com\/magazine365\/wp-content\/uploads\/2016\/01\/fotonoticia_20160115173812_800.jpg\" \/>\n\t\t<meta property=\"og:image:width\" content=\"800\" \/>\n\t\t<meta property=\"og:image:height\" content=\"1200\" \/>\n\t\t<meta property=\"article:published_time\" content=\"2016-01-16T11:35:01+00:00\" \/>\n\t\t<meta property=\"article:modified_time\" content=\"2016-01-16T11:35:01+00:00\" \/>\n\t\t<meta name=\"twitter:card\" content=\"summary_large_image\" \/>\n\t\t<meta name=\"twitter:title\" content=\"La Reina Letizia inaugurar\u00e1 Fitur 2016 | El Digital de Asturias\" \/>\n\t\t<meta name=\"twitter:description\" content=\"La Reina Letizia inaugurar\u00e1 este a\u00f1o la 36\u00aa edici\u00f3n de la Feria Internacional de Turismo, Fitur 2016 en la Feria de Madrid (Ifema), una de las m\u00e1s importantes del sector tur\u00edstico a nivel mundial, que este a\u00f1o contar\u00e1 con un 3% m\u00e1s de expositores y un 2% m\u00e1s de superficie expositiva. El a\u00f1o pasado los\" \/>\n\t\t<meta name=\"twitter:image\" content=\"https:\/\/eldigitaldeasturias.com\/magazine365\/wp-content\/uploads\/2016\/01\/fotonoticia_20160115173812_800.jpg\" \/>\n\t\t<script type=\"application\/ld+json\" class=\"aioseo-schema\">\n\t\t\t{\"@context\":\"https:\\\/\\\/schema.org\",\"@graph\":[{\"@type\":\"Article\",\"@id\":\"https:\\\/\\\/eldigitaldeasturias.com\\\/magazine365\\\/la-reina-letizia-inaugurara-fitur-2016\\\/#article\",\"name\":\"La Reina Letizia inaugurar\\u00e1 Fitur 2016 | El Digital de Asturias\",\"headline\":\"La Reina Letizia inaugurar\\u00e1 Fitur 2016\",\"author\":{\"@id\":\"https:\\\/\\\/eldigitaldeasturias.com\\\/magazine365\\\/author\\\/admin\\\/#author\"},\"publisher\":{\"@id\":\"https:\\\/\\\/eldigitaldeasturias.com\\\/magazine365\\\/#organization\"},\"image\":{\"@type\":\"ImageObject\",\"url\":\"https:\\\/\\\/eldigitaldeasturias.com\\\/magazine365\\\/wp-content\\\/uploads\\\/2016\\\/01\\\/fotonoticia_20160115173812_800.jpg\",\"width\":800,\"height\":1200},\"datePublished\":\"2016-01-16T12:35:01+01:00\",\"dateModified\":\"2016-01-16T12:35:01+01:00\",\"inLanguage\":\"es-ES\",\"mainEntityOfPage\":{\"@id\":\"https:\\\/\\\/eldigitaldeasturias.com\\\/magazine365\\\/la-reina-letizia-inaugurara-fitur-2016\\\/#webpage\"},\"isPartOf\":{\"@id\":\"https:\\\/\\\/eldigitaldeasturias.com\\\/magazine365\\\/la-reina-letizia-inaugurara-fitur-2016\\\/#webpage\"},\"articleSection\":\"Noticias y Actualidad\"},{\"@type\":\"BreadcrumbList\",\"@id\":\"https:\\\/\\\/eldigitaldeasturias.com\\\/magazine365\\\/la-reina-letizia-inaugurara-fitur-2016\\\/#breadcrumblist\",\"itemListElement\":[{\"@type\":\"ListItem\",\"@id\":\"https:\\\/\\\/eldigitaldeasturias.com\\\/magazine365#listItem\",\"position\":1,\"name\":\"Home\",\"item\":\"https:\\\/\\\/eldigitaldeasturias.com\\\/magazine365\",\"nextItem\":{\"@type\":\"ListItem\",\"@id\":\"https:\\\/\\\/eldigitaldeasturias.com\\\/magazine365\\\/category\\\/noticias-actualidad\\\/#listItem\",\"name\":\"Noticias y Actualidad\"}},{\"@type\":\"ListItem\",\"@id\":\"https:\\\/\\\/eldigitaldeasturias.com\\\/magazine365\\\/category\\\/noticias-actualidad\\\/#listItem\",\"position\":2,\"name\":\"Noticias y Actualidad\",\"item\":\"https:\\\/\\\/eldigitaldeasturias.com\\\/magazine365\\\/category\\\/noticias-actualidad\\\/\",\"nextItem\":{\"@type\":\"ListItem\",\"@id\":\"https:\\\/\\\/eldigitaldeasturias.com\\\/magazine365\\\/la-reina-letizia-inaugurara-fitur-2016\\\/#listItem\",\"name\":\"La Reina Letizia inaugurar\\u00e1 Fitur 2016\"},\"previousItem\":{\"@type\":\"ListItem\",\"@id\":\"https:\\\/\\\/eldigitaldeasturias.com\\\/magazine365#listItem\",\"name\":\"Home\"}},{\"@type\":\"ListItem\",\"@id\":\"https:\\\/\\\/eldigitaldeasturias.com\\\/magazine365\\\/la-reina-letizia-inaugurara-fitur-2016\\\/#listItem\",\"position\":3,\"name\":\"La Reina Letizia inaugurar\\u00e1 Fitur 2016\",\"previousItem\":{\"@type\":\"ListItem\",\"@id\":\"https:\\\/\\\/eldigitaldeasturias.com\\\/magazine365\\\/category\\\/noticias-actualidad\\\/#listItem\",\"name\":\"Noticias y Actualidad\"}}]},{\"@type\":\"Organization\",\"@id\":\"https:\\\/\\\/eldigitaldeasturias.com\\\/magazine365\\\/#organization\",\"name\":\"El digital de Asturias\",\"description\":\"Revista de ocio, turismo y estilo de vida\",\"url\":\"https:\\\/\\\/eldigitaldeasturias.com\\\/magazine365\\\/\",\"logo\":{\"@type\":\"ImageObject\",\"url\":\"https:\\\/\\\/www.eldigitaldeasturias.com\\\/noticias\\\/wp-content\\\/uploads\\\/2020\\\/12\\\/EDA.jpg\",\"@id\":\"https:\\\/\\\/eldigitaldeasturias.com\\\/magazine365\\\/la-reina-letizia-inaugurara-fitur-2016\\\/#organizationLogo\"},\"image\":{\"@id\":\"https:\\\/\\\/eldigitaldeasturias.com\\\/magazine365\\\/la-reina-letizia-inaugurara-fitur-2016\\\/#organizationLogo\"}},{\"@type\":\"Person\",\"@id\":\"https:\\\/\\\/eldigitaldeasturias.com\\\/magazine365\\\/author\\\/admin\\\/#author\",\"url\":\"https:\\\/\\\/eldigitaldeasturias.com\\\/magazine365\\\/author\\\/admin\\\/\",\"name\":\"admin\",\"image\":{\"@type\":\"ImageObject\",\"@id\":\"https:\\\/\\\/eldigitaldeasturias.com\\\/magazine365\\\/la-reina-letizia-inaugurara-fitur-2016\\\/#authorImage\",\"url\":\"https:\\\/\\\/eldigitaldeasturias.com\\\/magazine365\\\/wp-content\\\/litespeed\\\/avatar\\\/e571bcf59a0edd6fa6838245a470f2fe.jpg?ver=1776969259\",\"width\":96,\"height\":96,\"caption\":\"admin\"}},{\"@type\":\"WebPage\",\"@id\":\"https:\\\/\\\/eldigitaldeasturias.com\\\/magazine365\\\/la-reina-letizia-inaugurara-fitur-2016\\\/#webpage\",\"url\":\"https:\\\/\\\/eldigitaldeasturias.com\\\/magazine365\\\/la-reina-letizia-inaugurara-fitur-2016\\\/\",\"name\":\"La Reina Letizia inaugurar\\u00e1 Fitur 2016 | El Digital de Asturias\",\"description\":\"La Reina Letizia inaugurar\\u00e1 este a\\u00f1o la 36\\u00aa edici\\u00f3n de la Feria Internacional de Turismo, Fitur 2016 en la Feria de Madrid (Ifema), una de las m\\u00e1s importantes del sector tur\\u00edstico a nivel mundial, que este a\\u00f1o contar\\u00e1 con un 3% m\\u00e1s de expositores y un 2% m\\u00e1s de superficie expositiva. El a\\u00f1o pasado los\",\"inLanguage\":\"es-ES\",\"isPartOf\":{\"@id\":\"https:\\\/\\\/eldigitaldeasturias.com\\\/magazine365\\\/#website\"},\"breadcrumb\":{\"@id\":\"https:\\\/\\\/eldigitaldeasturias.com\\\/magazine365\\\/la-reina-letizia-inaugurara-fitur-2016\\\/#breadcrumblist\"},\"author\":{\"@id\":\"https:\\\/\\\/eldigitaldeasturias.com\\\/magazine365\\\/author\\\/admin\\\/#author\"},\"creator\":{\"@id\":\"https:\\\/\\\/eldigitaldeasturias.com\\\/magazine365\\\/author\\\/admin\\\/#author\"},\"image\":{\"@type\":\"ImageObject\",\"url\":\"https:\\\/\\\/eldigitaldeasturias.com\\\/magazine365\\\/wp-content\\\/uploads\\\/2016\\\/01\\\/fotonoticia_20160115173812_800.jpg\",\"@id\":\"https:\\\/\\\/eldigitaldeasturias.com\\\/magazine365\\\/la-reina-letizia-inaugurara-fitur-2016\\\/#mainImage\",\"width\":800,\"height\":1200},\"primaryImageOfPage\":{\"@id\":\"https:\\\/\\\/eldigitaldeasturias.com\\\/magazine365\\\/la-reina-letizia-inaugurara-fitur-2016\\\/#mainImage\"},\"datePublished\":\"2016-01-16T12:35:01+01:00\",\"dateModified\":\"2016-01-16T12:35:01+01:00\"},{\"@type\":\"WebSite\",\"@id\":\"https:\\\/\\\/eldigitaldeasturias.com\\\/magazine365\\\/#website\",\"url\":\"https:\\\/\\\/eldigitaldeasturias.com\\\/magazine365\\\/\",\"name\":\"El Digital de Asturias\",\"description\":\"Revista de ocio, turismo y estilo de vida\",\"inLanguage\":\"es-ES\",\"publisher\":{\"@id\":\"https:\\\/\\\/eldigitaldeasturias.com\\\/magazine365\\\/#organization\"}}]}\n\t\t<\/script>\n\t\t<!-- All in One SEO Pro -->\r\n\t\t<title>La Reina Letizia inaugurar\u00e1 Fitur 2016 | El Digital de Asturias<\/title>\n\n","aioseo_head_json":{"title":"La Reina Letizia inaugurar\u00e1 Fitur 2016 | El Digital de Asturias","description":"La Reina Letizia inaugurar\u00e1 este a\u00f1o la 36\u00aa edici\u00f3n de la Feria Internacional de Turismo, Fitur 2016 en la Feria de Madrid (Ifema), una de las m\u00e1s importantes del sector tur\u00edstico a nivel mundial, que este a\u00f1o contar\u00e1 con un 3% m\u00e1s de expositores y un 2% m\u00e1s de superficie expositiva. El a\u00f1o pasado los","canonical_url":"https:\/\/eldigitaldeasturias.com\/magazine365\/la-reina-letizia-inaugurara-fitur-2016\/","robots":"max-image-preview:large","keywords":"noticias y actualidad","webmasterTools":{"google-site-verification":"UA-38556648-1","miscellaneous":""},"schema":{"@context":"https:\/\/schema.org","@graph":[{"@type":"Article","@id":"https:\/\/eldigitaldeasturias.com\/magazine365\/la-reina-letizia-inaugurara-fitur-2016\/#article","name":"La Reina Letizia inaugurar\u00e1 Fitur 2016 | El Digital de Asturias","headline":"La Reina Letizia inaugurar\u00e1 Fitur 2016","author":{"@id":"https:\/\/eldigitaldeasturias.com\/magazine365\/author\/admin\/#author"},"publisher":{"@id":"https:\/\/eldigitaldeasturias.com\/magazine365\/#organization"},"image":{"@type":"ImageObject","url":"https:\/\/eldigitaldeasturias.com\/magazine365\/wp-content\/uploads\/2016\/01\/fotonoticia_20160115173812_800.jpg","width":800,"height":1200},"datePublished":"2016-01-16T12:35:01+01:00","dateModified":"2016-01-16T12:35:01+01:00","inLanguage":"es-ES","mainEntityOfPage":{"@id":"https:\/\/eldigitaldeasturias.com\/magazine365\/la-reina-letizia-inaugurara-fitur-2016\/#webpage"},"isPartOf":{"@id":"https:\/\/eldigitaldeasturias.com\/magazine365\/la-reina-letizia-inaugurara-fitur-2016\/#webpage"},"articleSection":"Noticias y Actualidad"},{"@type":"BreadcrumbList","@id":"https:\/\/eldigitaldeasturias.com\/magazine365\/la-reina-letizia-inaugurara-fitur-2016\/#breadcrumblist","itemListElement":[{"@type":"ListItem","@id":"https:\/\/eldigitaldeasturias.com\/magazine365#listItem","position":1,"name":"Home","item":"https:\/\/eldigitaldeasturias.com\/magazine365","nextItem":{"@type":"ListItem","@id":"https:\/\/eldigitaldeasturias.com\/magazine365\/category\/noticias-actualidad\/#listItem","name":"Noticias y Actualidad"}},{"@type":"ListItem","@id":"https:\/\/eldigitaldeasturias.com\/magazine365\/category\/noticias-actualidad\/#listItem","position":2,"name":"Noticias y Actualidad","item":"https:\/\/eldigitaldeasturias.com\/magazine365\/category\/noticias-actualidad\/","nextItem":{"@type":"ListItem","@id":"https:\/\/eldigitaldeasturias.com\/magazine365\/la-reina-letizia-inaugurara-fitur-2016\/#listItem","name":"La Reina Letizia inaugurar\u00e1 Fitur 2016"},"previousItem":{"@type":"ListItem","@id":"https:\/\/eldigitaldeasturias.com\/magazine365#listItem","name":"Home"}},{"@type":"ListItem","@id":"https:\/\/eldigitaldeasturias.com\/magazine365\/la-reina-letizia-inaugurara-fitur-2016\/#listItem","position":3,"name":"La Reina Letizia inaugurar\u00e1 Fitur 2016","previousItem":{"@type":"ListItem","@id":"https:\/\/eldigitaldeasturias.com\/magazine365\/category\/noticias-actualidad\/#listItem","name":"Noticias y Actualidad"}}]},{"@type":"Organization","@id":"https:\/\/eldigitaldeasturias.com\/magazine365\/#organization","name":"El digital de Asturias","description":"Revista de ocio, turismo y estilo de vida","url":"https:\/\/eldigitaldeasturias.com\/magazine365\/","logo":{"@type":"ImageObject","url":"https:\/\/www.eldigitaldeasturias.com\/noticias\/wp-content\/uploads\/2020\/12\/EDA.jpg","@id":"https:\/\/eldigitaldeasturias.com\/magazine365\/la-reina-letizia-inaugurara-fitur-2016\/#organizationLogo"},"image":{"@id":"https:\/\/eldigitaldeasturias.com\/magazine365\/la-reina-letizia-inaugurara-fitur-2016\/#organizationLogo"}},{"@type":"Person","@id":"https:\/\/eldigitaldeasturias.com\/magazine365\/author\/admin\/#author","url":"https:\/\/eldigitaldeasturias.com\/magazine365\/author\/admin\/","name":"admin","image":{"@type":"ImageObject","@id":"https:\/\/eldigitaldeasturias.com\/magazine365\/la-reina-letizia-inaugurara-fitur-2016\/#authorImage","url":"https:\/\/eldigitaldeasturias.com\/magazine365\/wp-content\/litespeed\/avatar\/e571bcf59a0edd6fa6838245a470f2fe.jpg?ver=1776969259","width":96,"height":96,"caption":"admin"}},{"@type":"WebPage","@id":"https:\/\/eldigitaldeasturias.com\/magazine365\/la-reina-letizia-inaugurara-fitur-2016\/#webpage","url":"https:\/\/eldigitaldeasturias.com\/magazine365\/la-reina-letizia-inaugurara-fitur-2016\/","name":"La Reina Letizia inaugurar\u00e1 Fitur 2016 | El Digital de Asturias","description":"La Reina Letizia inaugurar\u00e1 este a\u00f1o la 36\u00aa edici\u00f3n de la Feria Internacional de Turismo, Fitur 2016 en la Feria de Madrid (Ifema), una de las m\u00e1s importantes del sector tur\u00edstico a nivel mundial, que este a\u00f1o contar\u00e1 con un 3% m\u00e1s de expositores y un 2% m\u00e1s de superficie expositiva. El a\u00f1o pasado los","inLanguage":"es-ES","isPartOf":{"@id":"https:\/\/eldigitaldeasturias.com\/magazine365\/#website"},"breadcrumb":{"@id":"https:\/\/eldigitaldeasturias.com\/magazine365\/la-reina-letizia-inaugurara-fitur-2016\/#breadcrumblist"},"author":{"@id":"https:\/\/eldigitaldeasturias.com\/magazine365\/author\/admin\/#author"},"creator":{"@id":"https:\/\/eldigitaldeasturias.com\/magazine365\/author\/admin\/#author"},"image":{"@type":"ImageObject","url":"https:\/\/eldigitaldeasturias.com\/magazine365\/wp-content\/uploads\/2016\/01\/fotonoticia_20160115173812_800.jpg","@id":"https:\/\/eldigitaldeasturias.com\/magazine365\/la-reina-letizia-inaugurara-fitur-2016\/#mainImage","width":800,"height":1200},"primaryImageOfPage":{"@id":"https:\/\/eldigitaldeasturias.com\/magazine365\/la-reina-letizia-inaugurara-fitur-2016\/#mainImage"},"datePublished":"2016-01-16T12:35:01+01:00","dateModified":"2016-01-16T12:35:01+01:00"},{"@type":"WebSite","@id":"https:\/\/eldigitaldeasturias.com\/magazine365\/#website","url":"https:\/\/eldigitaldeasturias.com\/magazine365\/","name":"El Digital de Asturias","description":"Revista de ocio, turismo y estilo de vida","inLanguage":"es-ES","publisher":{"@id":"https:\/\/eldigitaldeasturias.com\/magazine365\/#organization"}}]},"og:locale":"es_ES","og:site_name":"El Digital de Asturias \u2013 Revista de ocio, turismo y estilo de vida","og:type":"article","og:title":"La Reina Letizia inaugurar\u00e1 Fitur 2016 | El Digital de Asturias","og:description":"La Reina Letizia inaugurar\u00e1 este a\u00f1o la 36\u00aa edici\u00f3n de la Feria Internacional de Turismo, Fitur 2016 en la Feria de Madrid (Ifema), una de las m\u00e1s importantes del sector tur\u00edstico a nivel mundial, que este a\u00f1o contar\u00e1 con un 3% m\u00e1s de expositores y un 2% m\u00e1s de superficie expositiva. El a\u00f1o pasado los","og:url":"https:\/\/eldigitaldeasturias.com\/magazine365\/la-reina-letizia-inaugurara-fitur-2016\/","og:image":"https:\/\/eldigitaldeasturias.com\/magazine365\/wp-content\/uploads\/2016\/01\/fotonoticia_20160115173812_800.jpg","og:image:secure_url":"https:\/\/eldigitaldeasturias.com\/magazine365\/wp-content\/uploads\/2016\/01\/fotonoticia_20160115173812_800.jpg","og:image:width":800,"og:image:height":1200,"article:published_time":"2016-01-16T11:35:01+00:00","article:modified_time":"2016-01-16T11:35:01+00:00","twitter:card":"summary_large_image","twitter:title":"La Reina Letizia inaugurar\u00e1 Fitur 2016 | El Digital de Asturias","twitter:description":"La Reina Letizia inaugurar\u00e1 este a\u00f1o la 36\u00aa edici\u00f3n de la Feria Internacional de Turismo, Fitur 2016 en la Feria de Madrid (Ifema), una de las m\u00e1s importantes del sector tur\u00edstico a nivel mundial, que este a\u00f1o contar\u00e1 con un 3% m\u00e1s de expositores y un 2% m\u00e1s de superficie expositiva. El a\u00f1o pasado los","twitter:image":"https:\/\/eldigitaldeasturias.com\/magazine365\/wp-content\/uploads\/2016\/01\/fotonoticia_20160115173812_800.jpg"},"aioseo_meta_data":{"post_id":"60868","title":null,"description":null,"keywords":null,"keyphrases":null,"primary_term":null,"canonical_url":null,"og_title":null,"og_description":null,"og_object_type":"default","og_image_type":"default","og_image_url":null,"og_image_width":null,"og_image_height":null,"og_image_custom_url":null,"og_image_custom_fields":null,"og_video":null,"og_custom_url":null,"og_article_section":null,"og_article_tags":null,"twitter_use_og":false,"twitter_card":"default","twitter_image_type":"default","twitter_image_url":null,"twitter_image_custom_url":null,"twitter_image_custom_fields":null,"twitter_title":null,"twitter_description":null,"schema":{"blockGraphs":[],"customGraphs":[],"default":{"data":{"Article":[],"Course":[],"Dataset":[],"FAQPage":[],"Movie":[],"Person":[],"Product":[],"ProductReview":[],"Car":[],"Recipe":[],"Service":[],"SoftwareApplication":[],"WebPage":[]},"graphName":"","isEnabled":true},"graphs":[],"defaultGraph":"","defaultPostTypeGraph":""},"schema_type":null,"schema_type_options":null,"pillar_content":false,"robots_default":true,"robots_noindex":false,"robots_noarchive":false,"robots_nosnippet":false,"robots_nofollow":false,"robots_noimageindex":false,"robots_noodp":false,"robots_notranslate":false,"robots_max_snippet":null,"robots_max_videopreview":null,"robots_max_imagepreview":"large","priority":null,"frequency":null,"location":null,"local_seo":null,"seo_analyzer_scan_date":"2025-09-25 07:43:58","breadcrumb_settings":null,"limit_modified_date":false,"open_ai":null,"ai":null,"created":"2021-03-08 21:55:18","updated":"2025-09-25 07:43:58"},"aioseo_breadcrumb":"<div class=\"aioseo-breadcrumbs\"><span class=\"aioseo-breadcrumb\">\n\t<a href=\"https:\/\/eldigitaldeasturias.com\/magazine365\" title=\"Home\">Home<\/a>\n<\/span><span class=\"aioseo-breadcrumb-separator\">\u2013<\/span><span class=\"aioseo-breadcrumb\">\n\t<a href=\"https:\/\/eldigitaldeasturias.com\/magazine365\/category\/noticias-actualidad\/\" title=\"Noticias y Actualidad\">Noticias y Actualidad<\/a>\n<\/span><span class=\"aioseo-breadcrumb-separator\">\u2013<\/span><span class=\"aioseo-breadcrumb\">\n\t<a href=\"https:\/\/eldigitaldeasturias.com\/magazine365\/la-reina-letizia-inaugurara-fitur-2016\/\" title=\"La Reina Letizia inaugurar\u00e1 Fitur 2016\">La Reina Letizia inaugurar\u00e1 Fitur 2016<\/a>\n<\/span><\/div>","aioseo_breadcrumb_json":[{"label":"Home","link":"https:\/\/eldigitaldeasturias.com\/magazine365"},{"label":"Noticias y Actualidad","link":"https:\/\/eldigitaldeasturias.com\/magazine365\/category\/noticias-actualidad\/"},{"label":"La Reina Letizia inaugurar\u00e1 Fitur 2016","link":"https:\/\/eldigitaldeasturias.com\/magazine365\/la-reina-letizia-inaugurara-fitur-2016\/"}],"_links":{"self":[{"href":"https:\/\/eldigitaldeasturias.com\/magazine365\/wp-json\/wp\/v2\/posts\/60868","targetHints":{"allow":["GET"]}}],"collection":[{"href":"https:\/\/eldigitaldeasturias.com\/magazine365\/wp-json\/wp\/v2\/posts"}],"about":[{"href":"https:\/\/eldigitaldeasturias.com\/magazine365\/wp-json\/wp\/v2\/types\/post"}],"author":[{"embeddable":true,"href":"https:\/\/eldigitaldeasturias.com\/magazine365\/wp-json\/wp\/v2\/users\/1"}],"replies":[{"embeddable":true,"href":"https:\/\/eldigitaldeasturias.com\/magazine365\/wp-json\/wp\/v2\/comments?post=60868"}],"version-history":[{"count":0,"href":"https:\/\/eldigitaldeasturias.com\/magazine365\/wp-json\/wp\/v2\/posts\/60868\/revisions"}],"wp:featuredmedia":[{"embeddable":true,"href":"https:\/\/eldigitaldeasturias.com\/magazine365\/wp-json\/wp\/v2\/media\/60869"}],"wp:attachment":[{"href":"https:\/\/eldigitaldeasturias.com\/magazine365\/wp-json\/wp\/v2\/media?parent=60868"}],"wp:term":[{"taxonomy":"category","embeddable":true,"href":"https:\/\/eldigitaldeasturias.com\/magazine365\/wp-json\/wp\/v2\/categories?post=60868"},{"taxonomy":"post_tag","embeddable":true,"href":"https:\/\/eldigitaldeasturias.com\/magazine365\/wp-json\/wp\/v2\/tags?post=60868"}],"curies":[{"name":"wp","href":"https:\/\/api.w.org\/{rel}","templated":true}]}}