{"id":60865,"date":"2016-01-16T12:33:58","date_gmt":"2016-01-16T11:33:58","guid":{"rendered":"http:\/\/eldigitaldeasturias.com\/magazine365\/?p=60865"},"modified":"2016-01-16T12:33:58","modified_gmt":"2016-01-16T11:33:58","slug":"mancomunidad-de-municipios-de-la-costa-del-sol-occidental-llevara-a-fitur-un-proyecto-basado-en-el-cicloturismo","status":"publish","type":"post","link":"https:\/\/eldigitaldeasturias.com\/magazine365\/mancomunidad-de-municipios-de-la-costa-del-sol-occidental-llevara-a-fitur-un-proyecto-basado-en-el-cicloturismo\/","title":{"rendered":"Mancomunidad de Municipios de la Costa del Sol Occidental llevar\u00e1 a Fitur un proyecto basado en el cicloturismo"},"content":{"rendered":"<p><img fetchpriority=\"high\" decoding=\"async\" class=\"alignleft size-medium wp-image-60866\" src=\"https:\/\/eldigitaldeasturias.com\/magazine365\/wp-content\/uploads\/2016\/01\/fotonoticia_20160115173606_800-360x270.jpg\" alt=\"fotonoticia_20160115173606_800\" width=\"360\" height=\"270\" srcset=\"https:\/\/eldigitaldeasturias.com\/magazine365\/wp-content\/uploads\/2016\/01\/fotonoticia_20160115173606_800-360x270.jpg 360w, https:\/\/eldigitaldeasturias.com\/magazine365\/wp-content\/uploads\/2016\/01\/fotonoticia_20160115173606_800-650x488.jpg 650w, https:\/\/eldigitaldeasturias.com\/magazine365\/wp-content\/uploads\/2016\/01\/fotonoticia_20160115173606_800-768x576.jpg 768w, https:\/\/eldigitaldeasturias.com\/magazine365\/wp-content\/uploads\/2016\/01\/fotonoticia_20160115173606_800-150x113.jpg 150w, https:\/\/eldigitaldeasturias.com\/magazine365\/wp-content\/uploads\/2016\/01\/fotonoticia_20160115173606_800-450x338.jpg 450w, https:\/\/eldigitaldeasturias.com\/magazine365\/wp-content\/uploads\/2016\/01\/fotonoticia_20160115173606_800-80x60.jpg 80w, https:\/\/eldigitaldeasturias.com\/magazine365\/wp-content\/uploads\/2016\/01\/fotonoticia_20160115173606_800-265x198.jpg 265w, https:\/\/eldigitaldeasturias.com\/magazine365\/wp-content\/uploads\/2016\/01\/fotonoticia_20160115173606_800-696x522.jpg 696w, https:\/\/eldigitaldeasturias.com\/magazine365\/wp-content\/uploads\/2016\/01\/fotonoticia_20160115173606_800-560x420.jpg 560w, https:\/\/eldigitaldeasturias.com\/magazine365\/wp-content\/uploads\/2016\/01\/fotonoticia_20160115173606_800-90x67.jpg 90w, https:\/\/eldigitaldeasturias.com\/magazine365\/wp-content\/uploads\/2016\/01\/fotonoticia_20160115173606_800-164x124.jpg 164w, https:\/\/eldigitaldeasturias.com\/magazine365\/wp-content\/uploads\/2016\/01\/fotonoticia_20160115173606_800-100x75.jpg 100w, https:\/\/eldigitaldeasturias.com\/magazine365\/wp-content\/uploads\/2016\/01\/fotonoticia_20160115173606_800.jpg 800w\" sizes=\"(max-width: 360px) 100vw, 360px\" \/>La vicepresidenta de la Mancomunidad de Municipios de la Costa del Sol Occidental, \u00c1ngeles Mu\u00f1oz, ha presentado este viernes a los responsables de las \u00e1reas de Turismo de los ayuntamiento mancomunados un proyecto \u00abinnovador\u00bb, que ser\u00e1 promocionado en la Feria Internacional de Turismo (Fitur), basado en el cicloturismo.<\/p>\n<p>Mu\u00f1oz ha explicado que &#8216;Turismo Activo&#8217; es \u00abun proyecto innovador y destacionalizador\u00bb, que se fundamenta \u00aben el importante nivel receptor de turistas que tiene la comarca, el agradable clima del que disfruta todo el a\u00f1o y en la belleza natural de sus paisajes, sus playas, sus tradiciones y su gastronom\u00eda\u00bb.<\/p>\n<p>\u00abEs el momento de que la Costa del Sol haga una apuesta decidida por nuevas f\u00f3rmulas que rompan la estacionalidad. Tenemos todos los requisitos para ser un referente del &#8216;Turismo Activo'\u00bb, ha detallado, al tiempo que ha recordado que \u00abmiles de aficionados al ciclismo y triatletas brit\u00e1nicos, alemanes, escandinavos y franceses realizan sus entrenamientos en condiciones climatol\u00f3gicas adversas, y hemos de hacerles llegar el mensaje de que en la Costa del Sol podr\u00e1n hacerlo en inmejorables condiciones\u00bb, ha incidido.<\/p>\n<p>De igual modo, ha asegurado que \u00abes el momento de abordar decididamente este segmento, pues el cicloturismo es hoy uno de los sectores con m\u00e1s perspectivas de crecimiento, convirti\u00e9ndose, por tanto, en un importante factor en la lucha contra la estacionalidad\u00bb.<\/p>\n","protected":false},"excerpt":{"rendered":"<p>La vicepresidenta de la Mancomunidad de Municipios de la Costa del Sol Occidental, \u00c1ngeles Mu\u00f1oz, ha presentado este viernes a los responsables de las \u00e1reas de Turismo de los ayuntamiento mancomunados un proyecto \u00abinnovador\u00bb, que ser\u00e1 promocionado en la Feria Internacional de Turismo (Fitur), basado en el cicloturismo. Mu\u00f1oz ha explicado que &#8216;Turismo Activo&#8217; es<\/p>\n","protected":false},"author":1,"featured_media":60866,"comment_status":"open","ping_status":"closed","sticky":false,"template":"","format":"standard","meta":{"footnotes":""},"categories":[224],"tags":[],"class_list":{"0":"post-60865","1":"post","2":"type-post","3":"status-publish","4":"format-standard","5":"has-post-thumbnail","7":"category-noticias-actualidad"},"aioseo_notices":[],"aioseo_head":"\n\t\t<!-- All in One SEO Pro 4.9.6.1 - aioseo.com -->\n\t<meta name=\"description\" content=\"La vicepresidenta de la Mancomunidad de Municipios de la Costa del Sol Occidental, \u00c1ngeles Mu\u00f1oz, ha presentado este viernes a los responsables de las \u00e1reas de Turismo de los ayuntamiento mancomunados un proyecto &quot;innovador&quot;, que ser\u00e1 promocionado en la Feria Internacional de Turismo (Fitur), basado en el cicloturismo. Mu\u00f1oz ha explicado que &#039;Turismo Activo&#039; es\" \/>\n\t<meta name=\"robots\" content=\"max-image-preview:large\" \/>\n\t<meta name=\"author\" content=\"admin\"\/>\n\t<meta name=\"google-site-verification\" content=\"UA-38556648-1\" \/>\n\t<meta name=\"keywords\" content=\"noticias y actualidad\" \/>\n\t<link rel=\"canonical\" href=\"https:\/\/eldigitaldeasturias.com\/magazine365\/mancomunidad-de-municipios-de-la-costa-del-sol-occidental-llevara-a-fitur-un-proyecto-basado-en-el-cicloturismo\/\" \/>\n\t<meta name=\"generator\" content=\"All in One SEO Pro (AIOSEO) 4.9.6.1\" \/>\n\t\t<meta property=\"og:locale\" content=\"es_ES\" \/>\n\t\t<meta property=\"og:site_name\" content=\"El Digital de Asturias \u2013 Revista de ocio, turismo y estilo de vida\" \/>\n\t\t<meta property=\"og:type\" content=\"article\" \/>\n\t\t<meta property=\"og:title\" content=\"Mancomunidad de Municipios de la Costa del Sol Occidental llevar\u00e1 a Fitur un proyecto basado en el cicloturismo | El Digital de Asturias\" \/>\n\t\t<meta property=\"og:description\" content=\"La vicepresidenta de la Mancomunidad de Municipios de la Costa del Sol Occidental, \u00c1ngeles Mu\u00f1oz, ha presentado este viernes a los responsables de las \u00e1reas de Turismo de los ayuntamiento mancomunados un proyecto &quot;innovador&quot;, que ser\u00e1 promocionado en la Feria Internacional de Turismo (Fitur), basado en el cicloturismo. Mu\u00f1oz ha explicado que &#039;Turismo Activo&#039; es\" \/>\n\t\t<meta property=\"og:url\" content=\"https:\/\/eldigitaldeasturias.com\/magazine365\/mancomunidad-de-municipios-de-la-costa-del-sol-occidental-llevara-a-fitur-un-proyecto-basado-en-el-cicloturismo\/\" \/>\n\t\t<meta property=\"og:image\" content=\"https:\/\/eldigitaldeasturias.com\/magazine365\/wp-content\/uploads\/2016\/01\/fotonoticia_20160115173606_800.jpg\" \/>\n\t\t<meta property=\"og:image:secure_url\" content=\"https:\/\/eldigitaldeasturias.com\/magazine365\/wp-content\/uploads\/2016\/01\/fotonoticia_20160115173606_800.jpg\" \/>\n\t\t<meta property=\"og:image:width\" content=\"800\" \/>\n\t\t<meta property=\"og:image:height\" content=\"600\" \/>\n\t\t<meta property=\"article:published_time\" content=\"2016-01-16T11:33:58+00:00\" \/>\n\t\t<meta property=\"article:modified_time\" content=\"2016-01-16T11:33:58+00:00\" \/>\n\t\t<meta name=\"twitter:card\" content=\"summary_large_image\" \/>\n\t\t<meta name=\"twitter:title\" content=\"Mancomunidad de Municipios de la Costa del Sol Occidental llevar\u00e1 a Fitur un proyecto basado en el cicloturismo | El Digital de Asturias\" \/>\n\t\t<meta name=\"twitter:description\" content=\"La vicepresidenta de la Mancomunidad de Municipios de la Costa del Sol Occidental, \u00c1ngeles Mu\u00f1oz, ha presentado este viernes a los responsables de las \u00e1reas de Turismo de los ayuntamiento mancomunados un proyecto &quot;innovador&quot;, que ser\u00e1 promocionado en la Feria Internacional de Turismo (Fitur), basado en el cicloturismo. Mu\u00f1oz ha explicado que &#039;Turismo Activo&#039; es\" \/>\n\t\t<meta name=\"twitter:image\" content=\"https:\/\/eldigitaldeasturias.com\/magazine365\/wp-content\/uploads\/2016\/01\/fotonoticia_20160115173606_800.jpg\" \/>\n\t\t<script type=\"application\/ld+json\" class=\"aioseo-schema\">\n\t\t\t{\"@context\":\"https:\\\/\\\/schema.org\",\"@graph\":[{\"@type\":\"Article\",\"@id\":\"https:\\\/\\\/eldigitaldeasturias.com\\\/magazine365\\\/mancomunidad-de-municipios-de-la-costa-del-sol-occidental-llevara-a-fitur-un-proyecto-basado-en-el-cicloturismo\\\/#article\",\"name\":\"Mancomunidad de Municipios de la Costa del Sol Occidental llevar\\u00e1 a Fitur un proyecto basado en el cicloturismo | El Digital de Asturias\",\"headline\":\"Mancomunidad de Municipios de la Costa del Sol Occidental llevar\\u00e1 a Fitur un proyecto basado en el cicloturismo\",\"author\":{\"@id\":\"https:\\\/\\\/eldigitaldeasturias.com\\\/magazine365\\\/author\\\/admin\\\/#author\"},\"publisher\":{\"@id\":\"https:\\\/\\\/eldigitaldeasturias.com\\\/magazine365\\\/#organization\"},\"image\":{\"@type\":\"ImageObject\",\"url\":\"https:\\\/\\\/eldigitaldeasturias.com\\\/magazine365\\\/wp-content\\\/uploads\\\/2016\\\/01\\\/fotonoticia_20160115173606_800.jpg\",\"width\":800,\"height\":600},\"datePublished\":\"2016-01-16T12:33:58+01:00\",\"dateModified\":\"2016-01-16T12:33:58+01:00\",\"inLanguage\":\"es-ES\",\"mainEntityOfPage\":{\"@id\":\"https:\\\/\\\/eldigitaldeasturias.com\\\/magazine365\\\/mancomunidad-de-municipios-de-la-costa-del-sol-occidental-llevara-a-fitur-un-proyecto-basado-en-el-cicloturismo\\\/#webpage\"},\"isPartOf\":{\"@id\":\"https:\\\/\\\/eldigitaldeasturias.com\\\/magazine365\\\/mancomunidad-de-municipios-de-la-costa-del-sol-occidental-llevara-a-fitur-un-proyecto-basado-en-el-cicloturismo\\\/#webpage\"},\"articleSection\":\"Noticias y Actualidad\"},{\"@type\":\"BreadcrumbList\",\"@id\":\"https:\\\/\\\/eldigitaldeasturias.com\\\/magazine365\\\/mancomunidad-de-municipios-de-la-costa-del-sol-occidental-llevara-a-fitur-un-proyecto-basado-en-el-cicloturismo\\\/#breadcrumblist\",\"itemListElement\":[{\"@type\":\"ListItem\",\"@id\":\"https:\\\/\\\/eldigitaldeasturias.com\\\/magazine365#listItem\",\"position\":1,\"name\":\"Home\",\"item\":\"https:\\\/\\\/eldigitaldeasturias.com\\\/magazine365\",\"nextItem\":{\"@type\":\"ListItem\",\"@id\":\"https:\\\/\\\/eldigitaldeasturias.com\\\/magazine365\\\/category\\\/noticias-actualidad\\\/#listItem\",\"name\":\"Noticias y Actualidad\"}},{\"@type\":\"ListItem\",\"@id\":\"https:\\\/\\\/eldigitaldeasturias.com\\\/magazine365\\\/category\\\/noticias-actualidad\\\/#listItem\",\"position\":2,\"name\":\"Noticias y Actualidad\",\"item\":\"https:\\\/\\\/eldigitaldeasturias.com\\\/magazine365\\\/category\\\/noticias-actualidad\\\/\",\"nextItem\":{\"@type\":\"ListItem\",\"@id\":\"https:\\\/\\\/eldigitaldeasturias.com\\\/magazine365\\\/mancomunidad-de-municipios-de-la-costa-del-sol-occidental-llevara-a-fitur-un-proyecto-basado-en-el-cicloturismo\\\/#listItem\",\"name\":\"Mancomunidad de Municipios de la Costa del Sol Occidental llevar\\u00e1 a Fitur un proyecto basado en el cicloturismo\"},\"previousItem\":{\"@type\":\"ListItem\",\"@id\":\"https:\\\/\\\/eldigitaldeasturias.com\\\/magazine365#listItem\",\"name\":\"Home\"}},{\"@type\":\"ListItem\",\"@id\":\"https:\\\/\\\/eldigitaldeasturias.com\\\/magazine365\\\/mancomunidad-de-municipios-de-la-costa-del-sol-occidental-llevara-a-fitur-un-proyecto-basado-en-el-cicloturismo\\\/#listItem\",\"position\":3,\"name\":\"Mancomunidad de Municipios de la Costa del Sol Occidental llevar\\u00e1 a Fitur un proyecto basado en el cicloturismo\",\"previousItem\":{\"@type\":\"ListItem\",\"@id\":\"https:\\\/\\\/eldigitaldeasturias.com\\\/magazine365\\\/category\\\/noticias-actualidad\\\/#listItem\",\"name\":\"Noticias y Actualidad\"}}]},{\"@type\":\"Organization\",\"@id\":\"https:\\\/\\\/eldigitaldeasturias.com\\\/magazine365\\\/#organization\",\"name\":\"El digital de Asturias\",\"description\":\"Revista de ocio, turismo y estilo de vida\",\"url\":\"https:\\\/\\\/eldigitaldeasturias.com\\\/magazine365\\\/\",\"logo\":{\"@type\":\"ImageObject\",\"url\":\"https:\\\/\\\/www.eldigitaldeasturias.com\\\/noticias\\\/wp-content\\\/uploads\\\/2020\\\/12\\\/EDA.jpg\",\"@id\":\"https:\\\/\\\/eldigitaldeasturias.com\\\/magazine365\\\/mancomunidad-de-municipios-de-la-costa-del-sol-occidental-llevara-a-fitur-un-proyecto-basado-en-el-cicloturismo\\\/#organizationLogo\"},\"image\":{\"@id\":\"https:\\\/\\\/eldigitaldeasturias.com\\\/magazine365\\\/mancomunidad-de-municipios-de-la-costa-del-sol-occidental-llevara-a-fitur-un-proyecto-basado-en-el-cicloturismo\\\/#organizationLogo\"}},{\"@type\":\"Person\",\"@id\":\"https:\\\/\\\/eldigitaldeasturias.com\\\/magazine365\\\/author\\\/admin\\\/#author\",\"url\":\"https:\\\/\\\/eldigitaldeasturias.com\\\/magazine365\\\/author\\\/admin\\\/\",\"name\":\"admin\",\"image\":{\"@type\":\"ImageObject\",\"@id\":\"https:\\\/\\\/eldigitaldeasturias.com\\\/magazine365\\\/mancomunidad-de-municipios-de-la-costa-del-sol-occidental-llevara-a-fitur-un-proyecto-basado-en-el-cicloturismo\\\/#authorImage\",\"url\":\"https:\\\/\\\/eldigitaldeasturias.com\\\/magazine365\\\/wp-content\\\/litespeed\\\/avatar\\\/e571bcf59a0edd6fa6838245a470f2fe.jpg?ver=1776969259\",\"width\":96,\"height\":96,\"caption\":\"admin\"}},{\"@type\":\"WebPage\",\"@id\":\"https:\\\/\\\/eldigitaldeasturias.com\\\/magazine365\\\/mancomunidad-de-municipios-de-la-costa-del-sol-occidental-llevara-a-fitur-un-proyecto-basado-en-el-cicloturismo\\\/#webpage\",\"url\":\"https:\\\/\\\/eldigitaldeasturias.com\\\/magazine365\\\/mancomunidad-de-municipios-de-la-costa-del-sol-occidental-llevara-a-fitur-un-proyecto-basado-en-el-cicloturismo\\\/\",\"name\":\"Mancomunidad de Municipios de la Costa del Sol Occidental llevar\\u00e1 a Fitur un proyecto basado en el cicloturismo | El Digital de Asturias\",\"description\":\"La vicepresidenta de la Mancomunidad de Municipios de la Costa del Sol Occidental, \\u00c1ngeles Mu\\u00f1oz, ha presentado este viernes a los responsables de las \\u00e1reas de Turismo de los ayuntamiento mancomunados un proyecto \\\"innovador\\\", que ser\\u00e1 promocionado en la Feria Internacional de Turismo (Fitur), basado en el cicloturismo. Mu\\u00f1oz ha explicado que 'Turismo Activo' es\",\"inLanguage\":\"es-ES\",\"isPartOf\":{\"@id\":\"https:\\\/\\\/eldigitaldeasturias.com\\\/magazine365\\\/#website\"},\"breadcrumb\":{\"@id\":\"https:\\\/\\\/eldigitaldeasturias.com\\\/magazine365\\\/mancomunidad-de-municipios-de-la-costa-del-sol-occidental-llevara-a-fitur-un-proyecto-basado-en-el-cicloturismo\\\/#breadcrumblist\"},\"author\":{\"@id\":\"https:\\\/\\\/eldigitaldeasturias.com\\\/magazine365\\\/author\\\/admin\\\/#author\"},\"creator\":{\"@id\":\"https:\\\/\\\/eldigitaldeasturias.com\\\/magazine365\\\/author\\\/admin\\\/#author\"},\"image\":{\"@type\":\"ImageObject\",\"url\":\"https:\\\/\\\/eldigitaldeasturias.com\\\/magazine365\\\/wp-content\\\/uploads\\\/2016\\\/01\\\/fotonoticia_20160115173606_800.jpg\",\"@id\":\"https:\\\/\\\/eldigitaldeasturias.com\\\/magazine365\\\/mancomunidad-de-municipios-de-la-costa-del-sol-occidental-llevara-a-fitur-un-proyecto-basado-en-el-cicloturismo\\\/#mainImage\",\"width\":800,\"height\":600},\"primaryImageOfPage\":{\"@id\":\"https:\\\/\\\/eldigitaldeasturias.com\\\/magazine365\\\/mancomunidad-de-municipios-de-la-costa-del-sol-occidental-llevara-a-fitur-un-proyecto-basado-en-el-cicloturismo\\\/#mainImage\"},\"datePublished\":\"2016-01-16T12:33:58+01:00\",\"dateModified\":\"2016-01-16T12:33:58+01:00\"},{\"@type\":\"WebSite\",\"@id\":\"https:\\\/\\\/eldigitaldeasturias.com\\\/magazine365\\\/#website\",\"url\":\"https:\\\/\\\/eldigitaldeasturias.com\\\/magazine365\\\/\",\"name\":\"El Digital de Asturias\",\"description\":\"Revista de ocio, turismo y estilo de vida\",\"inLanguage\":\"es-ES\",\"publisher\":{\"@id\":\"https:\\\/\\\/eldigitaldeasturias.com\\\/magazine365\\\/#organization\"}}]}\n\t\t<\/script>\n\t\t<!-- All in One SEO Pro -->\r\n\t\t<title>Mancomunidad de Municipios de la Costa del Sol Occidental llevar\u00e1 a Fitur un proyecto basado en el cicloturismo | El Digital de Asturias<\/title>\n\n","aioseo_head_json":{"title":"Mancomunidad de Municipios de la Costa del Sol Occidental llevar\u00e1 a Fitur un proyecto basado en el cicloturismo | El Digital de Asturias","description":"La vicepresidenta de la Mancomunidad de Municipios de la Costa del Sol Occidental, \u00c1ngeles Mu\u00f1oz, ha presentado este viernes a los responsables de las \u00e1reas de Turismo de los ayuntamiento mancomunados un proyecto \"innovador\", que ser\u00e1 promocionado en la Feria Internacional de Turismo (Fitur), basado en el cicloturismo. Mu\u00f1oz ha explicado que 'Turismo Activo' es","canonical_url":"https:\/\/eldigitaldeasturias.com\/magazine365\/mancomunidad-de-municipios-de-la-costa-del-sol-occidental-llevara-a-fitur-un-proyecto-basado-en-el-cicloturismo\/","robots":"max-image-preview:large","keywords":"noticias y actualidad","webmasterTools":{"google-site-verification":"UA-38556648-1","miscellaneous":""},"schema":{"@context":"https:\/\/schema.org","@graph":[{"@type":"Article","@id":"https:\/\/eldigitaldeasturias.com\/magazine365\/mancomunidad-de-municipios-de-la-costa-del-sol-occidental-llevara-a-fitur-un-proyecto-basado-en-el-cicloturismo\/#article","name":"Mancomunidad de Municipios de la Costa del Sol Occidental llevar\u00e1 a Fitur un proyecto basado en el cicloturismo | El Digital de Asturias","headline":"Mancomunidad de Municipios de la Costa del Sol Occidental llevar\u00e1 a Fitur un proyecto basado en el cicloturismo","author":{"@id":"https:\/\/eldigitaldeasturias.com\/magazine365\/author\/admin\/#author"},"publisher":{"@id":"https:\/\/eldigitaldeasturias.com\/magazine365\/#organization"},"image":{"@type":"ImageObject","url":"https:\/\/eldigitaldeasturias.com\/magazine365\/wp-content\/uploads\/2016\/01\/fotonoticia_20160115173606_800.jpg","width":800,"height":600},"datePublished":"2016-01-16T12:33:58+01:00","dateModified":"2016-01-16T12:33:58+01:00","inLanguage":"es-ES","mainEntityOfPage":{"@id":"https:\/\/eldigitaldeasturias.com\/magazine365\/mancomunidad-de-municipios-de-la-costa-del-sol-occidental-llevara-a-fitur-un-proyecto-basado-en-el-cicloturismo\/#webpage"},"isPartOf":{"@id":"https:\/\/eldigitaldeasturias.com\/magazine365\/mancomunidad-de-municipios-de-la-costa-del-sol-occidental-llevara-a-fitur-un-proyecto-basado-en-el-cicloturismo\/#webpage"},"articleSection":"Noticias y Actualidad"},{"@type":"BreadcrumbList","@id":"https:\/\/eldigitaldeasturias.com\/magazine365\/mancomunidad-de-municipios-de-la-costa-del-sol-occidental-llevara-a-fitur-un-proyecto-basado-en-el-cicloturismo\/#breadcrumblist","itemListElement":[{"@type":"ListItem","@id":"https:\/\/eldigitaldeasturias.com\/magazine365#listItem","position":1,"name":"Home","item":"https:\/\/eldigitaldeasturias.com\/magazine365","nextItem":{"@type":"ListItem","@id":"https:\/\/eldigitaldeasturias.com\/magazine365\/category\/noticias-actualidad\/#listItem","name":"Noticias y Actualidad"}},{"@type":"ListItem","@id":"https:\/\/eldigitaldeasturias.com\/magazine365\/category\/noticias-actualidad\/#listItem","position":2,"name":"Noticias y Actualidad","item":"https:\/\/eldigitaldeasturias.com\/magazine365\/category\/noticias-actualidad\/","nextItem":{"@type":"ListItem","@id":"https:\/\/eldigitaldeasturias.com\/magazine365\/mancomunidad-de-municipios-de-la-costa-del-sol-occidental-llevara-a-fitur-un-proyecto-basado-en-el-cicloturismo\/#listItem","name":"Mancomunidad de Municipios de la Costa del Sol Occidental llevar\u00e1 a Fitur un proyecto basado en el cicloturismo"},"previousItem":{"@type":"ListItem","@id":"https:\/\/eldigitaldeasturias.com\/magazine365#listItem","name":"Home"}},{"@type":"ListItem","@id":"https:\/\/eldigitaldeasturias.com\/magazine365\/mancomunidad-de-municipios-de-la-costa-del-sol-occidental-llevara-a-fitur-un-proyecto-basado-en-el-cicloturismo\/#listItem","position":3,"name":"Mancomunidad de Municipios de la Costa del Sol Occidental llevar\u00e1 a Fitur un proyecto basado en el cicloturismo","previousItem":{"@type":"ListItem","@id":"https:\/\/eldigitaldeasturias.com\/magazine365\/category\/noticias-actualidad\/#listItem","name":"Noticias y Actualidad"}}]},{"@type":"Organization","@id":"https:\/\/eldigitaldeasturias.com\/magazine365\/#organization","name":"El digital de Asturias","description":"Revista de ocio, turismo y estilo de vida","url":"https:\/\/eldigitaldeasturias.com\/magazine365\/","logo":{"@type":"ImageObject","url":"https:\/\/www.eldigitaldeasturias.com\/noticias\/wp-content\/uploads\/2020\/12\/EDA.jpg","@id":"https:\/\/eldigitaldeasturias.com\/magazine365\/mancomunidad-de-municipios-de-la-costa-del-sol-occidental-llevara-a-fitur-un-proyecto-basado-en-el-cicloturismo\/#organizationLogo"},"image":{"@id":"https:\/\/eldigitaldeasturias.com\/magazine365\/mancomunidad-de-municipios-de-la-costa-del-sol-occidental-llevara-a-fitur-un-proyecto-basado-en-el-cicloturismo\/#organizationLogo"}},{"@type":"Person","@id":"https:\/\/eldigitaldeasturias.com\/magazine365\/author\/admin\/#author","url":"https:\/\/eldigitaldeasturias.com\/magazine365\/author\/admin\/","name":"admin","image":{"@type":"ImageObject","@id":"https:\/\/eldigitaldeasturias.com\/magazine365\/mancomunidad-de-municipios-de-la-costa-del-sol-occidental-llevara-a-fitur-un-proyecto-basado-en-el-cicloturismo\/#authorImage","url":"https:\/\/eldigitaldeasturias.com\/magazine365\/wp-content\/litespeed\/avatar\/e571bcf59a0edd6fa6838245a470f2fe.jpg?ver=1776969259","width":96,"height":96,"caption":"admin"}},{"@type":"WebPage","@id":"https:\/\/eldigitaldeasturias.com\/magazine365\/mancomunidad-de-municipios-de-la-costa-del-sol-occidental-llevara-a-fitur-un-proyecto-basado-en-el-cicloturismo\/#webpage","url":"https:\/\/eldigitaldeasturias.com\/magazine365\/mancomunidad-de-municipios-de-la-costa-del-sol-occidental-llevara-a-fitur-un-proyecto-basado-en-el-cicloturismo\/","name":"Mancomunidad de Municipios de la Costa del Sol Occidental llevar\u00e1 a Fitur un proyecto basado en el cicloturismo | El Digital de Asturias","description":"La vicepresidenta de la Mancomunidad de Municipios de la Costa del Sol Occidental, \u00c1ngeles Mu\u00f1oz, ha presentado este viernes a los responsables de las \u00e1reas de Turismo de los ayuntamiento mancomunados un proyecto \"innovador\", que ser\u00e1 promocionado en la Feria Internacional de Turismo (Fitur), basado en el cicloturismo. Mu\u00f1oz ha explicado que 'Turismo Activo' es","inLanguage":"es-ES","isPartOf":{"@id":"https:\/\/eldigitaldeasturias.com\/magazine365\/#website"},"breadcrumb":{"@id":"https:\/\/eldigitaldeasturias.com\/magazine365\/mancomunidad-de-municipios-de-la-costa-del-sol-occidental-llevara-a-fitur-un-proyecto-basado-en-el-cicloturismo\/#breadcrumblist"},"author":{"@id":"https:\/\/eldigitaldeasturias.com\/magazine365\/author\/admin\/#author"},"creator":{"@id":"https:\/\/eldigitaldeasturias.com\/magazine365\/author\/admin\/#author"},"image":{"@type":"ImageObject","url":"https:\/\/eldigitaldeasturias.com\/magazine365\/wp-content\/uploads\/2016\/01\/fotonoticia_20160115173606_800.jpg","@id":"https:\/\/eldigitaldeasturias.com\/magazine365\/mancomunidad-de-municipios-de-la-costa-del-sol-occidental-llevara-a-fitur-un-proyecto-basado-en-el-cicloturismo\/#mainImage","width":800,"height":600},"primaryImageOfPage":{"@id":"https:\/\/eldigitaldeasturias.com\/magazine365\/mancomunidad-de-municipios-de-la-costa-del-sol-occidental-llevara-a-fitur-un-proyecto-basado-en-el-cicloturismo\/#mainImage"},"datePublished":"2016-01-16T12:33:58+01:00","dateModified":"2016-01-16T12:33:58+01:00"},{"@type":"WebSite","@id":"https:\/\/eldigitaldeasturias.com\/magazine365\/#website","url":"https:\/\/eldigitaldeasturias.com\/magazine365\/","name":"El Digital de Asturias","description":"Revista de ocio, turismo y estilo de vida","inLanguage":"es-ES","publisher":{"@id":"https:\/\/eldigitaldeasturias.com\/magazine365\/#organization"}}]},"og:locale":"es_ES","og:site_name":"El Digital de Asturias \u2013 Revista de ocio, turismo y estilo de vida","og:type":"article","og:title":"Mancomunidad de Municipios de la Costa del Sol Occidental llevar\u00e1 a Fitur un proyecto basado en el cicloturismo | El Digital de Asturias","og:description":"La vicepresidenta de la Mancomunidad de Municipios de la Costa del Sol Occidental, \u00c1ngeles Mu\u00f1oz, ha presentado este viernes a los responsables de las \u00e1reas de Turismo de los ayuntamiento mancomunados un proyecto &quot;innovador&quot;, que ser\u00e1 promocionado en la Feria Internacional de Turismo (Fitur), basado en el cicloturismo. Mu\u00f1oz ha explicado que 'Turismo Activo' es","og:url":"https:\/\/eldigitaldeasturias.com\/magazine365\/mancomunidad-de-municipios-de-la-costa-del-sol-occidental-llevara-a-fitur-un-proyecto-basado-en-el-cicloturismo\/","og:image":"https:\/\/eldigitaldeasturias.com\/magazine365\/wp-content\/uploads\/2016\/01\/fotonoticia_20160115173606_800.jpg","og:image:secure_url":"https:\/\/eldigitaldeasturias.com\/magazine365\/wp-content\/uploads\/2016\/01\/fotonoticia_20160115173606_800.jpg","og:image:width":800,"og:image:height":600,"article:published_time":"2016-01-16T11:33:58+00:00","article:modified_time":"2016-01-16T11:33:58+00:00","twitter:card":"summary_large_image","twitter:title":"Mancomunidad de Municipios de la Costa del Sol Occidental llevar\u00e1 a Fitur un proyecto basado en el cicloturismo | El Digital de Asturias","twitter:description":"La vicepresidenta de la Mancomunidad de Municipios de la Costa del Sol Occidental, \u00c1ngeles Mu\u00f1oz, ha presentado este viernes a los responsables de las \u00e1reas de Turismo de los ayuntamiento mancomunados un proyecto &quot;innovador&quot;, que ser\u00e1 promocionado en la Feria Internacional de Turismo (Fitur), basado en el cicloturismo. Mu\u00f1oz ha explicado que 'Turismo Activo' es","twitter:image":"https:\/\/eldigitaldeasturias.com\/magazine365\/wp-content\/uploads\/2016\/01\/fotonoticia_20160115173606_800.jpg"},"aioseo_meta_data":{"post_id":"60865","title":null,"description":null,"keywords":null,"keyphrases":null,"primary_term":null,"canonical_url":null,"og_title":null,"og_description":null,"og_object_type":"default","og_image_type":"default","og_image_url":null,"og_image_width":null,"og_image_height":null,"og_image_custom_url":null,"og_image_custom_fields":null,"og_video":null,"og_custom_url":null,"og_article_section":null,"og_article_tags":null,"twitter_use_og":false,"twitter_card":"default","twitter_image_type":"default","twitter_image_url":null,"twitter_image_custom_url":null,"twitter_image_custom_fields":null,"twitter_title":null,"twitter_description":null,"schema":{"blockGraphs":[],"customGraphs":[],"default":{"data":{"Article":[],"Course":[],"Dataset":[],"FAQPage":[],"Movie":[],"Person":[],"Product":[],"ProductReview":[],"Car":[],"Recipe":[],"Service":[],"SoftwareApplication":[],"WebPage":[]},"graphName":"","isEnabled":true},"graphs":[],"defaultGraph":"","defaultPostTypeGraph":""},"schema_type":null,"schema_type_options":null,"pillar_content":false,"robots_default":true,"robots_noindex":false,"robots_noarchive":false,"robots_nosnippet":false,"robots_nofollow":false,"robots_noimageindex":false,"robots_noodp":false,"robots_notranslate":false,"robots_max_snippet":null,"robots_max_videopreview":null,"robots_max_imagepreview":"large","priority":null,"frequency":null,"location":null,"local_seo":null,"seo_analyzer_scan_date":"2025-09-25 07:43:56","breadcrumb_settings":null,"limit_modified_date":false,"open_ai":null,"ai":null,"created":"2021-03-08 21:55:18","updated":"2025-09-25 07:43:56"},"aioseo_breadcrumb":"<div class=\"aioseo-breadcrumbs\"><span class=\"aioseo-breadcrumb\">\n\t<a href=\"https:\/\/eldigitaldeasturias.com\/magazine365\" title=\"Home\">Home<\/a>\n<\/span><span class=\"aioseo-breadcrumb-separator\">\u2013<\/span><span class=\"aioseo-breadcrumb\">\n\t<a href=\"https:\/\/eldigitaldeasturias.com\/magazine365\/category\/noticias-actualidad\/\" title=\"Noticias y Actualidad\">Noticias y Actualidad<\/a>\n<\/span><span class=\"aioseo-breadcrumb-separator\">\u2013<\/span><span class=\"aioseo-breadcrumb\">\n\t<a href=\"https:\/\/eldigitaldeasturias.com\/magazine365\/mancomunidad-de-municipios-de-la-costa-del-sol-occidental-llevara-a-fitur-un-proyecto-basado-en-el-cicloturismo\/\" title=\"Mancomunidad de Municipios de la Costa del Sol Occidental llevar\u00e1 a Fitur un proyecto basado en el cicloturismo\">Mancomunidad de Municipios de la Costa del Sol Occidental llevar\u00e1 a Fitur un proyecto basado en el cicloturismo<\/a>\n<\/span><\/div>","aioseo_breadcrumb_json":[{"label":"Home","link":"https:\/\/eldigitaldeasturias.com\/magazine365"},{"label":"Noticias y Actualidad","link":"https:\/\/eldigitaldeasturias.com\/magazine365\/category\/noticias-actualidad\/"},{"label":"Mancomunidad de Municipios de la Costa del Sol Occidental llevar\u00e1 a Fitur un proyecto basado en el cicloturismo","link":"https:\/\/eldigitaldeasturias.com\/magazine365\/mancomunidad-de-municipios-de-la-costa-del-sol-occidental-llevara-a-fitur-un-proyecto-basado-en-el-cicloturismo\/"}],"_links":{"self":[{"href":"https:\/\/eldigitaldeasturias.com\/magazine365\/wp-json\/wp\/v2\/posts\/60865","targetHints":{"allow":["GET"]}}],"collection":[{"href":"https:\/\/eldigitaldeasturias.com\/magazine365\/wp-json\/wp\/v2\/posts"}],"about":[{"href":"https:\/\/eldigitaldeasturias.com\/magazine365\/wp-json\/wp\/v2\/types\/post"}],"author":[{"embeddable":true,"href":"https:\/\/eldigitaldeasturias.com\/magazine365\/wp-json\/wp\/v2\/users\/1"}],"replies":[{"embeddable":true,"href":"https:\/\/eldigitaldeasturias.com\/magazine365\/wp-json\/wp\/v2\/comments?post=60865"}],"version-history":[{"count":0,"href":"https:\/\/eldigitaldeasturias.com\/magazine365\/wp-json\/wp\/v2\/posts\/60865\/revisions"}],"wp:featuredmedia":[{"embeddable":true,"href":"https:\/\/eldigitaldeasturias.com\/magazine365\/wp-json\/wp\/v2\/media\/60866"}],"wp:attachment":[{"href":"https:\/\/eldigitaldeasturias.com\/magazine365\/wp-json\/wp\/v2\/media?parent=60865"}],"wp:term":[{"taxonomy":"category","embeddable":true,"href":"https:\/\/eldigitaldeasturias.com\/magazine365\/wp-json\/wp\/v2\/categories?post=60865"},{"taxonomy":"post_tag","embeddable":true,"href":"https:\/\/eldigitaldeasturias.com\/magazine365\/wp-json\/wp\/v2\/tags?post=60865"}],"curies":[{"name":"wp","href":"https:\/\/api.w.org\/{rel}","templated":true}]}}