{"id":60853,"date":"2016-01-16T12:28:34","date_gmt":"2016-01-16T11:28:34","guid":{"rendered":"http:\/\/eldigitaldeasturias.com\/magazine365\/?p=60853"},"modified":"2016-01-16T12:28:34","modified_gmt":"2016-01-16T11:28:34","slug":"los-contenidos-de-la-casa-natal-de-camaron-de-la-isla-en-cadiz-se-promocionaran-en-fitur","status":"publish","type":"post","link":"https:\/\/eldigitaldeasturias.com\/magazine365\/los-contenidos-de-la-casa-natal-de-camaron-de-la-isla-en-cadiz-se-promocionaran-en-fitur\/","title":{"rendered":"Los contenidos de la casa natal de Camar\u00f3n de la Isla en C\u00e1diz se promocionar\u00e1n en Fitur"},"content":{"rendered":"<p><img fetchpriority=\"high\" decoding=\"async\" class=\"alignleft size-medium wp-image-60854\" src=\"https:\/\/eldigitaldeasturias.com\/magazine365\/wp-content\/uploads\/2016\/01\/fotonoticia_20160115170011_800-360x240.jpg\" alt=\"fotonoticia_20160115170011_800\" width=\"360\" height=\"240\" srcset=\"https:\/\/eldigitaldeasturias.com\/magazine365\/wp-content\/uploads\/2016\/01\/fotonoticia_20160115170011_800-360x240.jpg 360w, https:\/\/eldigitaldeasturias.com\/magazine365\/wp-content\/uploads\/2016\/01\/fotonoticia_20160115170011_800-650x434.jpg 650w, https:\/\/eldigitaldeasturias.com\/magazine365\/wp-content\/uploads\/2016\/01\/fotonoticia_20160115170011_800-768x513.jpg 768w, https:\/\/eldigitaldeasturias.com\/magazine365\/wp-content\/uploads\/2016\/01\/fotonoticia_20160115170011_800-150x100.jpg 150w, https:\/\/eldigitaldeasturias.com\/magazine365\/wp-content\/uploads\/2016\/01\/fotonoticia_20160115170011_800-450x300.jpg 450w, https:\/\/eldigitaldeasturias.com\/magazine365\/wp-content\/uploads\/2016\/01\/fotonoticia_20160115170011_800-696x465.jpg 696w, https:\/\/eldigitaldeasturias.com\/magazine365\/wp-content\/uploads\/2016\/01\/fotonoticia_20160115170011_800-629x420.jpg 629w, https:\/\/eldigitaldeasturias.com\/magazine365\/wp-content\/uploads\/2016\/01\/fotonoticia_20160115170011_800-101x66.jpg 101w, https:\/\/eldigitaldeasturias.com\/magazine365\/wp-content\/uploads\/2016\/01\/fotonoticia_20160115170011_800.jpg 800w\" sizes=\"(max-width: 360px) 100vw, 360px\" \/>La casa natal de Camar\u00f3n de la Isla, una vez que la Diputaci\u00f3n de C\u00e1diz ha completado su rehabilitaci\u00f3n, acondicionamiento y dotaci\u00f3n de contenidos expositivos, ser\u00e1 uno de los atractivos de San Fernando (C\u00e1diz) y se promocionar\u00e1 en Fitur 2015.<\/p>\n<p>La presidenta de Diputaci\u00f3n, Irene Garc\u00eda, la alcaldesa isle\u00f1a, Patricia Cavada, y la delegada provincial de Cultura Turismo y Deporte, Remedios Palma, han visitado este nuevo equipamiento y han comprobado el resultado de las actuaciones llevadas a cabo. Adem\u00e1s han visionado el v\u00eddeo promocional sobre este espacio &#8216;Las claves de Camar\u00f3n&#8217;.<\/p>\n<p>En un comunicado, Diputaci\u00f3n ha recordado que ha destinado una inversi\u00f3n superior a los 362.000 euros en el marco del proyecto &#8216;C\u00e1diz, Origen de las Culturas&#8217;, financiado en un 80 por ciento por Feder y un 20 por ciento por el IEDT, para este equipamiento, para la rehabilitaci\u00f3n del edificio y la Creaci\u00f3n del Centro de Interpretaci\u00f3n Carmen 29-Las claves de Camar\u00f3n.<\/p>\n<p>Por su parte, Irene Garc\u00eda ha incidido en que este centro de interpretaci\u00f3n constituye en s\u00ed mismo \u00abun atractivo tur\u00edstico y una f\u00f3rmula id\u00f3nea para difundir la vida y el arte de San Fernando\u00bb.<\/p>\n<p>Asimismo, ha celebrado que la imagen de provincia unida con que los municipios van a dar difusi\u00f3n a sus contenidos en Fitur de la mano de la Diputaci\u00f3n. La presidenta ha destacado el papel de Jos\u00e9 Monje Cruz, Camar\u00f3n, como \u00abicono\u00bb para proyectar la imagen de la provincia y de San Fernando y su potencialidad como atractivo tur\u00edstico y como \u00abuna fuente generadora de empleo y de riqueza\u00bb.<\/p>\n<p>La alcaldesa de San Fernando, Patricia Cavada, ha destacado por su parte el \u00abinconmensurable\u00bb recurso cultural e hist\u00f3rico que supone Camar\u00f3n de la Isla para San Fernando. \u00abNo hay nada por lo que se conozca m\u00e1s a San Fernando que por Camar\u00f3n\u00bb, ha subrayado Cavada, que ha apostado por poner en valor ese \u00abmito\u00bb para difundir el arte flamenco y que as\u00ed \u00abse conozca su figura y esta gran ciudad\u00bb.<\/p>\n<p>En cuanto a la casa natal, la alcaldesa isle\u00f1a ha explicado que su objetivo es contextualizar la vida de Camar\u00f3n en el entorno de su ciudad, de ah\u00ed que su contenido gire en torno al barrio de Las Callejuelas en el que naci\u00f3 y creci\u00f3, las cercanas salinas, los palos del cante flamenco, la idiosincrasia \u00aben definitiva, c\u00f3mo hemos vivido y c\u00f3mo ha sido esta ciudad\u00bb.<\/p>\n<p>En este sentido, ha precisado que adem\u00e1s de la casa natal del cantaor isle\u00f1o, Camar\u00f3n de la Isla debe de tener \u00abun eje clave y protagonista con ese gran museo Camar\u00f3n que recoja su legado y que sirva para la difusi\u00f3n del flamenco y para dinamizar econ\u00f3micamente esta ciudad\u00bb.<\/p>\n<p>Finalmente, Patricia Cavada ha explicado que la apuesta de San Fernando este en a\u00f1o en Fitur es Camar\u00f3n de la Isla, precisamente un a\u00f1o antes de que se cumpla el 25 aniversario de su fallecimiento. \u00abPor primera vez, Camar\u00f3n estar\u00e1 en Fitur con contenido, gracias a la apuesta de Diputaci\u00f3n y este Ayuntamiento para contar con este espacio, de forma que su figura no sea algo abstracto\u00bb, ha concluido.<\/p>\n","protected":false},"excerpt":{"rendered":"<p>La casa natal de Camar\u00f3n de la Isla, una vez que la Diputaci\u00f3n de C\u00e1diz ha completado su rehabilitaci\u00f3n, acondicionamiento y dotaci\u00f3n de contenidos expositivos, ser\u00e1 uno de los atractivos de San Fernando (C\u00e1diz) y se promocionar\u00e1 en Fitur 2015. La presidenta de Diputaci\u00f3n, Irene Garc\u00eda, la alcaldesa isle\u00f1a, Patricia Cavada, y la delegada provincial<\/p>\n","protected":false},"author":1,"featured_media":60854,"comment_status":"open","ping_status":"closed","sticky":false,"template":"","format":"standard","meta":{"footnotes":""},"categories":[224],"tags":[],"class_list":{"0":"post-60853","1":"post","2":"type-post","3":"status-publish","4":"format-standard","5":"has-post-thumbnail","7":"category-noticias-actualidad"},"aioseo_notices":[],"aioseo_head":"\n\t\t<!-- All in One SEO Pro 4.9.6.1 - aioseo.com -->\n\t<meta name=\"description\" content=\"La casa natal de Camar\u00f3n de la Isla, una vez que la Diputaci\u00f3n de C\u00e1diz ha completado su rehabilitaci\u00f3n, acondicionamiento y dotaci\u00f3n de contenidos expositivos, ser\u00e1 uno de los atractivos de San Fernando (C\u00e1diz) y se promocionar\u00e1 en Fitur 2015. La presidenta de Diputaci\u00f3n, Irene Garc\u00eda, la alcaldesa isle\u00f1a, Patricia Cavada, y la delegada provincial\" \/>\n\t<meta name=\"robots\" content=\"max-image-preview:large\" \/>\n\t<meta name=\"author\" content=\"admin\"\/>\n\t<meta name=\"google-site-verification\" content=\"UA-38556648-1\" \/>\n\t<meta name=\"keywords\" content=\"noticias y actualidad\" \/>\n\t<link rel=\"canonical\" href=\"https:\/\/eldigitaldeasturias.com\/magazine365\/los-contenidos-de-la-casa-natal-de-camaron-de-la-isla-en-cadiz-se-promocionaran-en-fitur\/\" \/>\n\t<meta name=\"generator\" content=\"All in One SEO Pro (AIOSEO) 4.9.6.1\" \/>\n\t\t<meta property=\"og:locale\" content=\"es_ES\" \/>\n\t\t<meta property=\"og:site_name\" content=\"El Digital de Asturias \u2013 Revista de ocio, turismo y estilo de vida\" \/>\n\t\t<meta property=\"og:type\" content=\"article\" \/>\n\t\t<meta property=\"og:title\" content=\"Los contenidos de la casa natal de Camar\u00f3n de la Isla en C\u00e1diz se promocionar\u00e1n en Fitur | El Digital de Asturias\" \/>\n\t\t<meta property=\"og:description\" content=\"La casa natal de Camar\u00f3n de la Isla, una vez que la Diputaci\u00f3n de C\u00e1diz ha completado su rehabilitaci\u00f3n, acondicionamiento y dotaci\u00f3n de contenidos expositivos, ser\u00e1 uno de los atractivos de San Fernando (C\u00e1diz) y se promocionar\u00e1 en Fitur 2015. La presidenta de Diputaci\u00f3n, Irene Garc\u00eda, la alcaldesa isle\u00f1a, Patricia Cavada, y la delegada provincial\" \/>\n\t\t<meta property=\"og:url\" content=\"https:\/\/eldigitaldeasturias.com\/magazine365\/los-contenidos-de-la-casa-natal-de-camaron-de-la-isla-en-cadiz-se-promocionaran-en-fitur\/\" \/>\n\t\t<meta property=\"og:image\" content=\"https:\/\/eldigitaldeasturias.com\/magazine365\/wp-content\/uploads\/2016\/01\/fotonoticia_20160115170011_800.jpg\" \/>\n\t\t<meta property=\"og:image:secure_url\" content=\"https:\/\/eldigitaldeasturias.com\/magazine365\/wp-content\/uploads\/2016\/01\/fotonoticia_20160115170011_800.jpg\" \/>\n\t\t<meta property=\"og:image:width\" content=\"800\" \/>\n\t\t<meta property=\"og:image:height\" content=\"534\" \/>\n\t\t<meta property=\"article:published_time\" content=\"2016-01-16T11:28:34+00:00\" \/>\n\t\t<meta property=\"article:modified_time\" content=\"2016-01-16T11:28:34+00:00\" \/>\n\t\t<meta name=\"twitter:card\" content=\"summary_large_image\" \/>\n\t\t<meta name=\"twitter:title\" content=\"Los contenidos de la casa natal de Camar\u00f3n de la Isla en C\u00e1diz se promocionar\u00e1n en Fitur | El Digital de Asturias\" \/>\n\t\t<meta name=\"twitter:description\" content=\"La casa natal de Camar\u00f3n de la Isla, una vez que la Diputaci\u00f3n de C\u00e1diz ha completado su rehabilitaci\u00f3n, acondicionamiento y dotaci\u00f3n de contenidos expositivos, ser\u00e1 uno de los atractivos de San Fernando (C\u00e1diz) y se promocionar\u00e1 en Fitur 2015. La presidenta de Diputaci\u00f3n, Irene Garc\u00eda, la alcaldesa isle\u00f1a, Patricia Cavada, y la delegada provincial\" \/>\n\t\t<meta name=\"twitter:image\" content=\"https:\/\/eldigitaldeasturias.com\/magazine365\/wp-content\/uploads\/2016\/01\/fotonoticia_20160115170011_800.jpg\" \/>\n\t\t<script type=\"application\/ld+json\" class=\"aioseo-schema\">\n\t\t\t{\"@context\":\"https:\\\/\\\/schema.org\",\"@graph\":[{\"@type\":\"Article\",\"@id\":\"https:\\\/\\\/eldigitaldeasturias.com\\\/magazine365\\\/los-contenidos-de-la-casa-natal-de-camaron-de-la-isla-en-cadiz-se-promocionaran-en-fitur\\\/#article\",\"name\":\"Los contenidos de la casa natal de Camar\\u00f3n de la Isla en C\\u00e1diz se promocionar\\u00e1n en Fitur | El Digital de Asturias\",\"headline\":\"Los contenidos de la casa natal de Camar\\u00f3n de la Isla en C\\u00e1diz se promocionar\\u00e1n en Fitur\",\"author\":{\"@id\":\"https:\\\/\\\/eldigitaldeasturias.com\\\/magazine365\\\/author\\\/admin\\\/#author\"},\"publisher\":{\"@id\":\"https:\\\/\\\/eldigitaldeasturias.com\\\/magazine365\\\/#organization\"},\"image\":{\"@type\":\"ImageObject\",\"url\":\"https:\\\/\\\/eldigitaldeasturias.com\\\/magazine365\\\/wp-content\\\/uploads\\\/2016\\\/01\\\/fotonoticia_20160115170011_800.jpg\",\"width\":800,\"height\":534},\"datePublished\":\"2016-01-16T12:28:34+01:00\",\"dateModified\":\"2016-01-16T12:28:34+01:00\",\"inLanguage\":\"es-ES\",\"mainEntityOfPage\":{\"@id\":\"https:\\\/\\\/eldigitaldeasturias.com\\\/magazine365\\\/los-contenidos-de-la-casa-natal-de-camaron-de-la-isla-en-cadiz-se-promocionaran-en-fitur\\\/#webpage\"},\"isPartOf\":{\"@id\":\"https:\\\/\\\/eldigitaldeasturias.com\\\/magazine365\\\/los-contenidos-de-la-casa-natal-de-camaron-de-la-isla-en-cadiz-se-promocionaran-en-fitur\\\/#webpage\"},\"articleSection\":\"Noticias y Actualidad\"},{\"@type\":\"BreadcrumbList\",\"@id\":\"https:\\\/\\\/eldigitaldeasturias.com\\\/magazine365\\\/los-contenidos-de-la-casa-natal-de-camaron-de-la-isla-en-cadiz-se-promocionaran-en-fitur\\\/#breadcrumblist\",\"itemListElement\":[{\"@type\":\"ListItem\",\"@id\":\"https:\\\/\\\/eldigitaldeasturias.com\\\/magazine365#listItem\",\"position\":1,\"name\":\"Home\",\"item\":\"https:\\\/\\\/eldigitaldeasturias.com\\\/magazine365\",\"nextItem\":{\"@type\":\"ListItem\",\"@id\":\"https:\\\/\\\/eldigitaldeasturias.com\\\/magazine365\\\/category\\\/noticias-actualidad\\\/#listItem\",\"name\":\"Noticias y Actualidad\"}},{\"@type\":\"ListItem\",\"@id\":\"https:\\\/\\\/eldigitaldeasturias.com\\\/magazine365\\\/category\\\/noticias-actualidad\\\/#listItem\",\"position\":2,\"name\":\"Noticias y Actualidad\",\"item\":\"https:\\\/\\\/eldigitaldeasturias.com\\\/magazine365\\\/category\\\/noticias-actualidad\\\/\",\"nextItem\":{\"@type\":\"ListItem\",\"@id\":\"https:\\\/\\\/eldigitaldeasturias.com\\\/magazine365\\\/los-contenidos-de-la-casa-natal-de-camaron-de-la-isla-en-cadiz-se-promocionaran-en-fitur\\\/#listItem\",\"name\":\"Los contenidos de la casa natal de Camar\\u00f3n de la Isla en C\\u00e1diz se promocionar\\u00e1n en Fitur\"},\"previousItem\":{\"@type\":\"ListItem\",\"@id\":\"https:\\\/\\\/eldigitaldeasturias.com\\\/magazine365#listItem\",\"name\":\"Home\"}},{\"@type\":\"ListItem\",\"@id\":\"https:\\\/\\\/eldigitaldeasturias.com\\\/magazine365\\\/los-contenidos-de-la-casa-natal-de-camaron-de-la-isla-en-cadiz-se-promocionaran-en-fitur\\\/#listItem\",\"position\":3,\"name\":\"Los contenidos de la casa natal de Camar\\u00f3n de la Isla en C\\u00e1diz se promocionar\\u00e1n en Fitur\",\"previousItem\":{\"@type\":\"ListItem\",\"@id\":\"https:\\\/\\\/eldigitaldeasturias.com\\\/magazine365\\\/category\\\/noticias-actualidad\\\/#listItem\",\"name\":\"Noticias y Actualidad\"}}]},{\"@type\":\"Organization\",\"@id\":\"https:\\\/\\\/eldigitaldeasturias.com\\\/magazine365\\\/#organization\",\"name\":\"El digital de Asturias\",\"description\":\"Revista de ocio, turismo y estilo de vida\",\"url\":\"https:\\\/\\\/eldigitaldeasturias.com\\\/magazine365\\\/\",\"logo\":{\"@type\":\"ImageObject\",\"url\":\"https:\\\/\\\/www.eldigitaldeasturias.com\\\/noticias\\\/wp-content\\\/uploads\\\/2020\\\/12\\\/EDA.jpg\",\"@id\":\"https:\\\/\\\/eldigitaldeasturias.com\\\/magazine365\\\/los-contenidos-de-la-casa-natal-de-camaron-de-la-isla-en-cadiz-se-promocionaran-en-fitur\\\/#organizationLogo\"},\"image\":{\"@id\":\"https:\\\/\\\/eldigitaldeasturias.com\\\/magazine365\\\/los-contenidos-de-la-casa-natal-de-camaron-de-la-isla-en-cadiz-se-promocionaran-en-fitur\\\/#organizationLogo\"}},{\"@type\":\"Person\",\"@id\":\"https:\\\/\\\/eldigitaldeasturias.com\\\/magazine365\\\/author\\\/admin\\\/#author\",\"url\":\"https:\\\/\\\/eldigitaldeasturias.com\\\/magazine365\\\/author\\\/admin\\\/\",\"name\":\"admin\",\"image\":{\"@type\":\"ImageObject\",\"@id\":\"https:\\\/\\\/eldigitaldeasturias.com\\\/magazine365\\\/los-contenidos-de-la-casa-natal-de-camaron-de-la-isla-en-cadiz-se-promocionaran-en-fitur\\\/#authorImage\",\"url\":\"https:\\\/\\\/eldigitaldeasturias.com\\\/magazine365\\\/wp-content\\\/litespeed\\\/avatar\\\/e571bcf59a0edd6fa6838245a470f2fe.jpg?ver=1776969259\",\"width\":96,\"height\":96,\"caption\":\"admin\"}},{\"@type\":\"WebPage\",\"@id\":\"https:\\\/\\\/eldigitaldeasturias.com\\\/magazine365\\\/los-contenidos-de-la-casa-natal-de-camaron-de-la-isla-en-cadiz-se-promocionaran-en-fitur\\\/#webpage\",\"url\":\"https:\\\/\\\/eldigitaldeasturias.com\\\/magazine365\\\/los-contenidos-de-la-casa-natal-de-camaron-de-la-isla-en-cadiz-se-promocionaran-en-fitur\\\/\",\"name\":\"Los contenidos de la casa natal de Camar\\u00f3n de la Isla en C\\u00e1diz se promocionar\\u00e1n en Fitur | El Digital de Asturias\",\"description\":\"La casa natal de Camar\\u00f3n de la Isla, una vez que la Diputaci\\u00f3n de C\\u00e1diz ha completado su rehabilitaci\\u00f3n, acondicionamiento y dotaci\\u00f3n de contenidos expositivos, ser\\u00e1 uno de los atractivos de San Fernando (C\\u00e1diz) y se promocionar\\u00e1 en Fitur 2015. La presidenta de Diputaci\\u00f3n, Irene Garc\\u00eda, la alcaldesa isle\\u00f1a, Patricia Cavada, y la delegada provincial\",\"inLanguage\":\"es-ES\",\"isPartOf\":{\"@id\":\"https:\\\/\\\/eldigitaldeasturias.com\\\/magazine365\\\/#website\"},\"breadcrumb\":{\"@id\":\"https:\\\/\\\/eldigitaldeasturias.com\\\/magazine365\\\/los-contenidos-de-la-casa-natal-de-camaron-de-la-isla-en-cadiz-se-promocionaran-en-fitur\\\/#breadcrumblist\"},\"author\":{\"@id\":\"https:\\\/\\\/eldigitaldeasturias.com\\\/magazine365\\\/author\\\/admin\\\/#author\"},\"creator\":{\"@id\":\"https:\\\/\\\/eldigitaldeasturias.com\\\/magazine365\\\/author\\\/admin\\\/#author\"},\"image\":{\"@type\":\"ImageObject\",\"url\":\"https:\\\/\\\/eldigitaldeasturias.com\\\/magazine365\\\/wp-content\\\/uploads\\\/2016\\\/01\\\/fotonoticia_20160115170011_800.jpg\",\"@id\":\"https:\\\/\\\/eldigitaldeasturias.com\\\/magazine365\\\/los-contenidos-de-la-casa-natal-de-camaron-de-la-isla-en-cadiz-se-promocionaran-en-fitur\\\/#mainImage\",\"width\":800,\"height\":534},\"primaryImageOfPage\":{\"@id\":\"https:\\\/\\\/eldigitaldeasturias.com\\\/magazine365\\\/los-contenidos-de-la-casa-natal-de-camaron-de-la-isla-en-cadiz-se-promocionaran-en-fitur\\\/#mainImage\"},\"datePublished\":\"2016-01-16T12:28:34+01:00\",\"dateModified\":\"2016-01-16T12:28:34+01:00\"},{\"@type\":\"WebSite\",\"@id\":\"https:\\\/\\\/eldigitaldeasturias.com\\\/magazine365\\\/#website\",\"url\":\"https:\\\/\\\/eldigitaldeasturias.com\\\/magazine365\\\/\",\"name\":\"El Digital de Asturias\",\"description\":\"Revista de ocio, turismo y estilo de vida\",\"inLanguage\":\"es-ES\",\"publisher\":{\"@id\":\"https:\\\/\\\/eldigitaldeasturias.com\\\/magazine365\\\/#organization\"}}]}\n\t\t<\/script>\n\t\t<!-- All in One SEO Pro -->\r\n\t\t<title>Los contenidos de la casa natal de Camar\u00f3n de la Isla en C\u00e1diz se promocionar\u00e1n en Fitur | El Digital de Asturias<\/title>\n\n","aioseo_head_json":{"title":"Los contenidos de la casa natal de Camar\u00f3n de la Isla en C\u00e1diz se promocionar\u00e1n en Fitur | El Digital de Asturias","description":"La casa natal de Camar\u00f3n de la Isla, una vez que la Diputaci\u00f3n de C\u00e1diz ha completado su rehabilitaci\u00f3n, acondicionamiento y dotaci\u00f3n de contenidos expositivos, ser\u00e1 uno de los atractivos de San Fernando (C\u00e1diz) y se promocionar\u00e1 en Fitur 2015. La presidenta de Diputaci\u00f3n, Irene Garc\u00eda, la alcaldesa isle\u00f1a, Patricia Cavada, y la delegada provincial","canonical_url":"https:\/\/eldigitaldeasturias.com\/magazine365\/los-contenidos-de-la-casa-natal-de-camaron-de-la-isla-en-cadiz-se-promocionaran-en-fitur\/","robots":"max-image-preview:large","keywords":"noticias y actualidad","webmasterTools":{"google-site-verification":"UA-38556648-1","miscellaneous":""},"schema":{"@context":"https:\/\/schema.org","@graph":[{"@type":"Article","@id":"https:\/\/eldigitaldeasturias.com\/magazine365\/los-contenidos-de-la-casa-natal-de-camaron-de-la-isla-en-cadiz-se-promocionaran-en-fitur\/#article","name":"Los contenidos de la casa natal de Camar\u00f3n de la Isla en C\u00e1diz se promocionar\u00e1n en Fitur | El Digital de Asturias","headline":"Los contenidos de la casa natal de Camar\u00f3n de la Isla en C\u00e1diz se promocionar\u00e1n en Fitur","author":{"@id":"https:\/\/eldigitaldeasturias.com\/magazine365\/author\/admin\/#author"},"publisher":{"@id":"https:\/\/eldigitaldeasturias.com\/magazine365\/#organization"},"image":{"@type":"ImageObject","url":"https:\/\/eldigitaldeasturias.com\/magazine365\/wp-content\/uploads\/2016\/01\/fotonoticia_20160115170011_800.jpg","width":800,"height":534},"datePublished":"2016-01-16T12:28:34+01:00","dateModified":"2016-01-16T12:28:34+01:00","inLanguage":"es-ES","mainEntityOfPage":{"@id":"https:\/\/eldigitaldeasturias.com\/magazine365\/los-contenidos-de-la-casa-natal-de-camaron-de-la-isla-en-cadiz-se-promocionaran-en-fitur\/#webpage"},"isPartOf":{"@id":"https:\/\/eldigitaldeasturias.com\/magazine365\/los-contenidos-de-la-casa-natal-de-camaron-de-la-isla-en-cadiz-se-promocionaran-en-fitur\/#webpage"},"articleSection":"Noticias y Actualidad"},{"@type":"BreadcrumbList","@id":"https:\/\/eldigitaldeasturias.com\/magazine365\/los-contenidos-de-la-casa-natal-de-camaron-de-la-isla-en-cadiz-se-promocionaran-en-fitur\/#breadcrumblist","itemListElement":[{"@type":"ListItem","@id":"https:\/\/eldigitaldeasturias.com\/magazine365#listItem","position":1,"name":"Home","item":"https:\/\/eldigitaldeasturias.com\/magazine365","nextItem":{"@type":"ListItem","@id":"https:\/\/eldigitaldeasturias.com\/magazine365\/category\/noticias-actualidad\/#listItem","name":"Noticias y Actualidad"}},{"@type":"ListItem","@id":"https:\/\/eldigitaldeasturias.com\/magazine365\/category\/noticias-actualidad\/#listItem","position":2,"name":"Noticias y Actualidad","item":"https:\/\/eldigitaldeasturias.com\/magazine365\/category\/noticias-actualidad\/","nextItem":{"@type":"ListItem","@id":"https:\/\/eldigitaldeasturias.com\/magazine365\/los-contenidos-de-la-casa-natal-de-camaron-de-la-isla-en-cadiz-se-promocionaran-en-fitur\/#listItem","name":"Los contenidos de la casa natal de Camar\u00f3n de la Isla en C\u00e1diz se promocionar\u00e1n en Fitur"},"previousItem":{"@type":"ListItem","@id":"https:\/\/eldigitaldeasturias.com\/magazine365#listItem","name":"Home"}},{"@type":"ListItem","@id":"https:\/\/eldigitaldeasturias.com\/magazine365\/los-contenidos-de-la-casa-natal-de-camaron-de-la-isla-en-cadiz-se-promocionaran-en-fitur\/#listItem","position":3,"name":"Los contenidos de la casa natal de Camar\u00f3n de la Isla en C\u00e1diz se promocionar\u00e1n en Fitur","previousItem":{"@type":"ListItem","@id":"https:\/\/eldigitaldeasturias.com\/magazine365\/category\/noticias-actualidad\/#listItem","name":"Noticias y Actualidad"}}]},{"@type":"Organization","@id":"https:\/\/eldigitaldeasturias.com\/magazine365\/#organization","name":"El digital de Asturias","description":"Revista de ocio, turismo y estilo de vida","url":"https:\/\/eldigitaldeasturias.com\/magazine365\/","logo":{"@type":"ImageObject","url":"https:\/\/www.eldigitaldeasturias.com\/noticias\/wp-content\/uploads\/2020\/12\/EDA.jpg","@id":"https:\/\/eldigitaldeasturias.com\/magazine365\/los-contenidos-de-la-casa-natal-de-camaron-de-la-isla-en-cadiz-se-promocionaran-en-fitur\/#organizationLogo"},"image":{"@id":"https:\/\/eldigitaldeasturias.com\/magazine365\/los-contenidos-de-la-casa-natal-de-camaron-de-la-isla-en-cadiz-se-promocionaran-en-fitur\/#organizationLogo"}},{"@type":"Person","@id":"https:\/\/eldigitaldeasturias.com\/magazine365\/author\/admin\/#author","url":"https:\/\/eldigitaldeasturias.com\/magazine365\/author\/admin\/","name":"admin","image":{"@type":"ImageObject","@id":"https:\/\/eldigitaldeasturias.com\/magazine365\/los-contenidos-de-la-casa-natal-de-camaron-de-la-isla-en-cadiz-se-promocionaran-en-fitur\/#authorImage","url":"https:\/\/eldigitaldeasturias.com\/magazine365\/wp-content\/litespeed\/avatar\/e571bcf59a0edd6fa6838245a470f2fe.jpg?ver=1776969259","width":96,"height":96,"caption":"admin"}},{"@type":"WebPage","@id":"https:\/\/eldigitaldeasturias.com\/magazine365\/los-contenidos-de-la-casa-natal-de-camaron-de-la-isla-en-cadiz-se-promocionaran-en-fitur\/#webpage","url":"https:\/\/eldigitaldeasturias.com\/magazine365\/los-contenidos-de-la-casa-natal-de-camaron-de-la-isla-en-cadiz-se-promocionaran-en-fitur\/","name":"Los contenidos de la casa natal de Camar\u00f3n de la Isla en C\u00e1diz se promocionar\u00e1n en Fitur | El Digital de Asturias","description":"La casa natal de Camar\u00f3n de la Isla, una vez que la Diputaci\u00f3n de C\u00e1diz ha completado su rehabilitaci\u00f3n, acondicionamiento y dotaci\u00f3n de contenidos expositivos, ser\u00e1 uno de los atractivos de San Fernando (C\u00e1diz) y se promocionar\u00e1 en Fitur 2015. La presidenta de Diputaci\u00f3n, Irene Garc\u00eda, la alcaldesa isle\u00f1a, Patricia Cavada, y la delegada provincial","inLanguage":"es-ES","isPartOf":{"@id":"https:\/\/eldigitaldeasturias.com\/magazine365\/#website"},"breadcrumb":{"@id":"https:\/\/eldigitaldeasturias.com\/magazine365\/los-contenidos-de-la-casa-natal-de-camaron-de-la-isla-en-cadiz-se-promocionaran-en-fitur\/#breadcrumblist"},"author":{"@id":"https:\/\/eldigitaldeasturias.com\/magazine365\/author\/admin\/#author"},"creator":{"@id":"https:\/\/eldigitaldeasturias.com\/magazine365\/author\/admin\/#author"},"image":{"@type":"ImageObject","url":"https:\/\/eldigitaldeasturias.com\/magazine365\/wp-content\/uploads\/2016\/01\/fotonoticia_20160115170011_800.jpg","@id":"https:\/\/eldigitaldeasturias.com\/magazine365\/los-contenidos-de-la-casa-natal-de-camaron-de-la-isla-en-cadiz-se-promocionaran-en-fitur\/#mainImage","width":800,"height":534},"primaryImageOfPage":{"@id":"https:\/\/eldigitaldeasturias.com\/magazine365\/los-contenidos-de-la-casa-natal-de-camaron-de-la-isla-en-cadiz-se-promocionaran-en-fitur\/#mainImage"},"datePublished":"2016-01-16T12:28:34+01:00","dateModified":"2016-01-16T12:28:34+01:00"},{"@type":"WebSite","@id":"https:\/\/eldigitaldeasturias.com\/magazine365\/#website","url":"https:\/\/eldigitaldeasturias.com\/magazine365\/","name":"El Digital de Asturias","description":"Revista de ocio, turismo y estilo de vida","inLanguage":"es-ES","publisher":{"@id":"https:\/\/eldigitaldeasturias.com\/magazine365\/#organization"}}]},"og:locale":"es_ES","og:site_name":"El Digital de Asturias \u2013 Revista de ocio, turismo y estilo de vida","og:type":"article","og:title":"Los contenidos de la casa natal de Camar\u00f3n de la Isla en C\u00e1diz se promocionar\u00e1n en Fitur | El Digital de Asturias","og:description":"La casa natal de Camar\u00f3n de la Isla, una vez que la Diputaci\u00f3n de C\u00e1diz ha completado su rehabilitaci\u00f3n, acondicionamiento y dotaci\u00f3n de contenidos expositivos, ser\u00e1 uno de los atractivos de San Fernando (C\u00e1diz) y se promocionar\u00e1 en Fitur 2015. La presidenta de Diputaci\u00f3n, Irene Garc\u00eda, la alcaldesa isle\u00f1a, Patricia Cavada, y la delegada provincial","og:url":"https:\/\/eldigitaldeasturias.com\/magazine365\/los-contenidos-de-la-casa-natal-de-camaron-de-la-isla-en-cadiz-se-promocionaran-en-fitur\/","og:image":"https:\/\/eldigitaldeasturias.com\/magazine365\/wp-content\/uploads\/2016\/01\/fotonoticia_20160115170011_800.jpg","og:image:secure_url":"https:\/\/eldigitaldeasturias.com\/magazine365\/wp-content\/uploads\/2016\/01\/fotonoticia_20160115170011_800.jpg","og:image:width":800,"og:image:height":534,"article:published_time":"2016-01-16T11:28:34+00:00","article:modified_time":"2016-01-16T11:28:34+00:00","twitter:card":"summary_large_image","twitter:title":"Los contenidos de la casa natal de Camar\u00f3n de la Isla en C\u00e1diz se promocionar\u00e1n en Fitur | El Digital de Asturias","twitter:description":"La casa natal de Camar\u00f3n de la Isla, una vez que la Diputaci\u00f3n de C\u00e1diz ha completado su rehabilitaci\u00f3n, acondicionamiento y dotaci\u00f3n de contenidos expositivos, ser\u00e1 uno de los atractivos de San Fernando (C\u00e1diz) y se promocionar\u00e1 en Fitur 2015. La presidenta de Diputaci\u00f3n, Irene Garc\u00eda, la alcaldesa isle\u00f1a, Patricia Cavada, y la delegada provincial","twitter:image":"https:\/\/eldigitaldeasturias.com\/magazine365\/wp-content\/uploads\/2016\/01\/fotonoticia_20160115170011_800.jpg"},"aioseo_meta_data":{"post_id":"60853","title":null,"description":null,"keywords":null,"keyphrases":null,"primary_term":null,"canonical_url":null,"og_title":null,"og_description":null,"og_object_type":"default","og_image_type":"default","og_image_url":null,"og_image_width":null,"og_image_height":null,"og_image_custom_url":null,"og_image_custom_fields":null,"og_video":null,"og_custom_url":null,"og_article_section":null,"og_article_tags":null,"twitter_use_og":false,"twitter_card":"default","twitter_image_type":"default","twitter_image_url":null,"twitter_image_custom_url":null,"twitter_image_custom_fields":null,"twitter_title":null,"twitter_description":null,"schema":{"blockGraphs":[],"customGraphs":[],"default":{"data":{"Article":[],"Course":[],"Dataset":[],"FAQPage":[],"Movie":[],"Person":[],"Product":[],"ProductReview":[],"Car":[],"Recipe":[],"Service":[],"SoftwareApplication":[],"WebPage":[]},"graphName":"","isEnabled":true},"graphs":[],"defaultGraph":"","defaultPostTypeGraph":""},"schema_type":null,"schema_type_options":null,"pillar_content":false,"robots_default":true,"robots_noindex":false,"robots_noarchive":false,"robots_nosnippet":false,"robots_nofollow":false,"robots_noimageindex":false,"robots_noodp":false,"robots_notranslate":false,"robots_max_snippet":null,"robots_max_videopreview":null,"robots_max_imagepreview":"large","priority":null,"frequency":null,"location":null,"local_seo":null,"seo_analyzer_scan_date":"2025-09-25 07:42:48","breadcrumb_settings":null,"limit_modified_date":false,"open_ai":null,"ai":null,"created":"2021-03-08 21:55:18","updated":"2025-09-25 07:42:48"},"aioseo_breadcrumb":"<div class=\"aioseo-breadcrumbs\"><span class=\"aioseo-breadcrumb\">\n\t<a href=\"https:\/\/eldigitaldeasturias.com\/magazine365\" title=\"Home\">Home<\/a>\n<\/span><span class=\"aioseo-breadcrumb-separator\">\u2013<\/span><span class=\"aioseo-breadcrumb\">\n\t<a href=\"https:\/\/eldigitaldeasturias.com\/magazine365\/category\/noticias-actualidad\/\" title=\"Noticias y Actualidad\">Noticias y Actualidad<\/a>\n<\/span><span class=\"aioseo-breadcrumb-separator\">\u2013<\/span><span class=\"aioseo-breadcrumb\">\n\t<a href=\"https:\/\/eldigitaldeasturias.com\/magazine365\/los-contenidos-de-la-casa-natal-de-camaron-de-la-isla-en-cadiz-se-promocionaran-en-fitur\/\" title=\"Los contenidos de la casa natal de Camar\u00f3n de la Isla en C\u00e1diz se promocionar\u00e1n en Fitur\">Los contenidos de la casa natal de Camar\u00f3n de la Isla en C\u00e1diz se promocionar\u00e1n en Fitur<\/a>\n<\/span><\/div>","aioseo_breadcrumb_json":[{"label":"Home","link":"https:\/\/eldigitaldeasturias.com\/magazine365"},{"label":"Noticias y Actualidad","link":"https:\/\/eldigitaldeasturias.com\/magazine365\/category\/noticias-actualidad\/"},{"label":"Los contenidos de la casa natal de Camar\u00f3n de la Isla en C\u00e1diz se promocionar\u00e1n en Fitur","link":"https:\/\/eldigitaldeasturias.com\/magazine365\/los-contenidos-de-la-casa-natal-de-camaron-de-la-isla-en-cadiz-se-promocionaran-en-fitur\/"}],"_links":{"self":[{"href":"https:\/\/eldigitaldeasturias.com\/magazine365\/wp-json\/wp\/v2\/posts\/60853","targetHints":{"allow":["GET"]}}],"collection":[{"href":"https:\/\/eldigitaldeasturias.com\/magazine365\/wp-json\/wp\/v2\/posts"}],"about":[{"href":"https:\/\/eldigitaldeasturias.com\/magazine365\/wp-json\/wp\/v2\/types\/post"}],"author":[{"embeddable":true,"href":"https:\/\/eldigitaldeasturias.com\/magazine365\/wp-json\/wp\/v2\/users\/1"}],"replies":[{"embeddable":true,"href":"https:\/\/eldigitaldeasturias.com\/magazine365\/wp-json\/wp\/v2\/comments?post=60853"}],"version-history":[{"count":0,"href":"https:\/\/eldigitaldeasturias.com\/magazine365\/wp-json\/wp\/v2\/posts\/60853\/revisions"}],"wp:featuredmedia":[{"embeddable":true,"href":"https:\/\/eldigitaldeasturias.com\/magazine365\/wp-json\/wp\/v2\/media\/60854"}],"wp:attachment":[{"href":"https:\/\/eldigitaldeasturias.com\/magazine365\/wp-json\/wp\/v2\/media?parent=60853"}],"wp:term":[{"taxonomy":"category","embeddable":true,"href":"https:\/\/eldigitaldeasturias.com\/magazine365\/wp-json\/wp\/v2\/categories?post=60853"},{"taxonomy":"post_tag","embeddable":true,"href":"https:\/\/eldigitaldeasturias.com\/magazine365\/wp-json\/wp\/v2\/tags?post=60853"}],"curies":[{"name":"wp","href":"https:\/\/api.w.org\/{rel}","templated":true}]}}