{"id":60850,"date":"2016-01-16T12:26:04","date_gmt":"2016-01-16T11:26:04","guid":{"rendered":"http:\/\/eldigitaldeasturias.com\/magazine365\/?p=60850"},"modified":"2016-01-16T12:26:04","modified_gmt":"2016-01-16T11:26:04","slug":"badajoz-vendera-en-fitur-su-gastronomia-y-patrimonio-y-sus-fiestas","status":"publish","type":"post","link":"https:\/\/eldigitaldeasturias.com\/magazine365\/badajoz-vendera-en-fitur-su-gastronomia-y-patrimonio-y-sus-fiestas\/","title":{"rendered":"Badajoz \u00abvender\u00e1\u00bb en Fitur su gastronom\u00eda y patrimonio y sus fiestas"},"content":{"rendered":"<p><img fetchpriority=\"high\" decoding=\"async\" class=\"alignleft size-medium wp-image-60851\" src=\"https:\/\/eldigitaldeasturias.com\/magazine365\/wp-content\/uploads\/2016\/01\/fotonoticia_20160115164552_800-360x240.jpg\" alt=\"fotonoticia_20160115164552_800\" width=\"360\" height=\"240\" srcset=\"https:\/\/eldigitaldeasturias.com\/magazine365\/wp-content\/uploads\/2016\/01\/fotonoticia_20160115164552_800-360x240.jpg 360w, https:\/\/eldigitaldeasturias.com\/magazine365\/wp-content\/uploads\/2016\/01\/fotonoticia_20160115164552_800-650x433.jpg 650w, https:\/\/eldigitaldeasturias.com\/magazine365\/wp-content\/uploads\/2016\/01\/fotonoticia_20160115164552_800-768x512.jpg 768w, https:\/\/eldigitaldeasturias.com\/magazine365\/wp-content\/uploads\/2016\/01\/fotonoticia_20160115164552_800-150x100.jpg 150w, https:\/\/eldigitaldeasturias.com\/magazine365\/wp-content\/uploads\/2016\/01\/fotonoticia_20160115164552_800-450x300.jpg 450w, https:\/\/eldigitaldeasturias.com\/magazine365\/wp-content\/uploads\/2016\/01\/fotonoticia_20160115164552_800-696x464.jpg 696w, https:\/\/eldigitaldeasturias.com\/magazine365\/wp-content\/uploads\/2016\/01\/fotonoticia_20160115164552_800-630x420.jpg 630w, https:\/\/eldigitaldeasturias.com\/magazine365\/wp-content\/uploads\/2016\/01\/fotonoticia_20160115164552_800-101x66.jpg 101w, https:\/\/eldigitaldeasturias.com\/magazine365\/wp-content\/uploads\/2016\/01\/fotonoticia_20160115164552_800.jpg 800w\" sizes=\"(max-width: 360px) 100vw, 360px\" \/>La ciudad de Badajoz vender\u00e1 en la Feria Internacional de Turismo (Fitur) que se celebra del 20 al 24 de enero en Madrid su gastronom\u00eda y su patrimonio, as\u00ed como sus fiestas de inter\u00e9s tur\u00edstico nacional como los Carnavales o la Semana Santa.<\/p>\n<p>As\u00ed lo ha anunciado el portavoz del equipo de gobierno, Germ\u00e1n L\u00f3pez Iglesias, quien ha puntualizado que este a\u00f1o el consistorio de la capital pacense no va a dedicar su oferta tur\u00edstica en este certamen a un aspecto concreto, aunque s\u00ed har\u00e1 un especial hincapi\u00e9 en su gastronom\u00eda a trav\u00e9s de iniciativas como el proyecto &#8216;Saborea Badajoz&#8217; o en su patrimonio monumental.<\/p>\n<p>Ha agregado que tambi\u00e9n se dar\u00e1n a conocer otros aspectos que ya se han difundido en anteriores ocasiones como los Carnavales o la Semana Santa en esta feria tur\u00edstica en la que, de nuevo, el Ayuntamiento de Badajoz acudir\u00e1 acompa\u00f1ado de la Junta de Extremadura en su stand.<\/p>\n<p>El alcalde pacense, Francisco Javier Fragoso, asistir\u00e1 a Fitur los pr\u00f3ximos d\u00edas 21 y 22 acompa\u00f1ado de los concejales de Turismo, el propio L\u00f3pez Iglesias, y la concejala de Cultura, Paloma Morcillo. Adem\u00e1s, el portavoz municipal ha se\u00f1alado que el regidor ha ofrecido la posibilidad de que tambi\u00e9n acudan dos ediles del PSOE, uno de Podemos Recuperar Badajoz y otro de Ciudadanos.<\/p>\n<p>Germ\u00e1n L\u00f3pez Iglesias ha hecho estas declaraciones en una rueda de prensa en la que ha dado a conocer los asuntos abordados en la Junta de Gobierno Local celebrada este viernes, en la que se han aprobado una serie de gastos relacionados con Fitur como el merchandising de la ciudad por 8.998 euros, la presentaci\u00f3n de servicios, suministros y materiales de campa\u00f1a de imagen y turismo por 19.250 euros y el dise\u00f1o y maquetaci\u00f3n de folletos tur\u00edsticos de Badajoz Fitur 2016 por 11.500 euros.<\/p>\n<p>OTROS ASUNTOS<\/p>\n<p>Otros asuntos aprobados en la Junta de Gobierno Local, que como viene siendo habitual ha contado con la presencia de un representante del grupo de Ciudadanos, consisten en distintas propuestas de gastos de la delegaci\u00f3n de Ferias y Fiestas y relacionadas con el Carnaval como la revista, los premios de los distintos concursos, la publicidad, la sonorizaci\u00f3n del certamen de murgas o del preg\u00f3n o los pines del Carnaval.<\/p>\n<p>Tambi\u00e9n se ha dado luz verde a gastos de Parques y Jardines como piezas de fontaner\u00eda para reparaci\u00f3n de aver\u00edas por 10.000 euros o material para reparaci\u00f3n de tuber\u00edas de abastecimiento por 6.000 euros, as\u00ed como la contrataci\u00f3n de actividades para los cursos de reposter\u00eda o cocina de la Universidad Popular por 7.200 euros o los servicios de conserjer\u00eda y vigilancia de las cuatro sedes de las Escuelas municipales de m\u00fasica de enero a mayo por 8.816 euros.<\/p>\n<p>Germ\u00e1n L\u00f3pez Iglesias ha informado que la Junta de Gobierno Local tambi\u00e9n ha adjudicado varias viviendas de propiedad municipal en la calle Amparo y en el colegio Enrique Iglesias y el quiosco de prensa de Santo Domingo, y ha aprobado la \u00abminoraci\u00f3n\u00bb del alquiler de una se\u00f1ora que reside en una vivienda social del ayuntamiento, de manera que \u00abde momento\u00bb se suspenden los pagos \u00abhasta que no regularice su situaci\u00f3n econ\u00f3mica\u00bb que, seg\u00fan ha apuntado, \u00abes muy precaria\u00bb.<\/p>\n<p>JARDINES DEL GUADIANA Y CANAL DE BADAJOZ<\/p>\n<p>En su intervenci\u00f3n, el portavoz del equipo de gobierno &#8216;popular&#8217; tambi\u00e9n ha afirmado que el propietario de la empresa Jardines del Guadiana, \u00c1ngel Medrano, ha solicitado una reclamaci\u00f3n de responsabilidad patrimonial en la que \u00abaduce\u00bb que durante el periodo que ha estado \u00abatendiendo\u00bb al tema judicial relacionado con el Canal de Badajoz \u00abha perdido dinero y ha perdido negocio y que no ha podido presentar unos proyectos\u00bb, raz\u00f3n por la cual ha pedido al ayuntamiento 743.734 euros.<\/p>\n<p>\u00abEn principio es un tema en el que el ayuntamiento no tiene porqu\u00e9 verse involucrado\u00bb, ha apostillado Germ\u00e1n L\u00f3pez Iglesias, que ha agregado respecto a dicha cuant\u00eda econ\u00f3mica que \u00abpor supuesto la Junta de Gobierno lo ha desestimado\u00bb aunque desconoce si Medrano lo recurrir\u00e1.<\/p>\n<p>Por otro lado, el edil &#8216;popular&#8217; ha avanzado que la Junta de Gobierno Local ha dado cuenta de un expediente disciplinario interpuesto a un agente de la polic\u00eda local \u00abpor una falta grave\u00bb y por el que \u00abse le conden\u00f3 a suspensi\u00f3n dos a\u00f1os de empleo y sueldo\u00bb.<\/p>\n<p>Sobre ello ha recalcado que el afectado ha recurrido y \u00abdebido a una serie de anomal\u00edas\u00bb del expediente el juez le ha dado la \u00abraz\u00f3n\u00bb aunque da al consistorio \u00abla posibilidad de iniciar el expediente otra vez\u00bb, como as\u00ed se har\u00e1 \u00abde nuevo\u00bb y \u00abde aqu\u00ed a pocas semanas\u00bb.<\/p>\n<p>Sobre dicho agente, ha explicado que el estatuto disciplinario de la polic\u00eda contempla \u00abfaltas graves\u00bb y que en este caso \u00abeste se\u00f1or atend\u00eda bares, serv\u00eda copas, era incompatible con todo lo que hac\u00eda, incluso no estaba dado de alta\u00bb, as\u00ed como que cuando fue la polic\u00eda a por \u00e9l \u00absali\u00f3 corriendo\u00bb y \u00abhubo que cogerlo\u00bb y que \u00abhubo varias notas de disciplina\u00bb.<\/p>\n","protected":false},"excerpt":{"rendered":"<p>La ciudad de Badajoz vender\u00e1 en la Feria Internacional de Turismo (Fitur) que se celebra del 20 al 24 de enero en Madrid su gastronom\u00eda y su patrimonio, as\u00ed como sus fiestas de inter\u00e9s tur\u00edstico nacional como los Carnavales o la Semana Santa. As\u00ed lo ha anunciado el portavoz del equipo de gobierno, Germ\u00e1n L\u00f3pez<\/p>\n","protected":false},"author":1,"featured_media":60851,"comment_status":"open","ping_status":"closed","sticky":false,"template":"","format":"standard","meta":{"footnotes":""},"categories":[224],"tags":[],"class_list":{"0":"post-60850","1":"post","2":"type-post","3":"status-publish","4":"format-standard","5":"has-post-thumbnail","7":"category-noticias-actualidad"},"aioseo_notices":[],"aioseo_head":"\n\t\t<!-- All in One SEO Pro 4.9.6.1 - aioseo.com -->\n\t<meta name=\"description\" content=\"La ciudad de Badajoz vender\u00e1 en la Feria Internacional de Turismo (Fitur) que se celebra del 20 al 24 de enero en Madrid su gastronom\u00eda y su patrimonio, as\u00ed como sus fiestas de inter\u00e9s tur\u00edstico nacional como los Carnavales o la Semana Santa. As\u00ed lo ha anunciado el portavoz del equipo de gobierno, Germ\u00e1n L\u00f3pez\" \/>\n\t<meta name=\"robots\" content=\"max-image-preview:large\" \/>\n\t<meta name=\"author\" content=\"admin\"\/>\n\t<meta name=\"google-site-verification\" content=\"UA-38556648-1\" \/>\n\t<meta name=\"keywords\" content=\"noticias y actualidad\" \/>\n\t<link rel=\"canonical\" href=\"https:\/\/eldigitaldeasturias.com\/magazine365\/badajoz-vendera-en-fitur-su-gastronomia-y-patrimonio-y-sus-fiestas\/\" \/>\n\t<meta name=\"generator\" content=\"All in One SEO Pro (AIOSEO) 4.9.6.1\" \/>\n\t\t<meta property=\"og:locale\" content=\"es_ES\" \/>\n\t\t<meta property=\"og:site_name\" content=\"El Digital de Asturias \u2013 Revista de ocio, turismo y estilo de vida\" \/>\n\t\t<meta property=\"og:type\" content=\"article\" \/>\n\t\t<meta property=\"og:title\" content=\"Badajoz \u00abvender\u00e1\u00bb en Fitur su gastronom\u00eda y patrimonio y sus fiestas | El Digital de Asturias\" \/>\n\t\t<meta property=\"og:description\" content=\"La ciudad de Badajoz vender\u00e1 en la Feria Internacional de Turismo (Fitur) que se celebra del 20 al 24 de enero en Madrid su gastronom\u00eda y su patrimonio, as\u00ed como sus fiestas de inter\u00e9s tur\u00edstico nacional como los Carnavales o la Semana Santa. As\u00ed lo ha anunciado el portavoz del equipo de gobierno, Germ\u00e1n L\u00f3pez\" \/>\n\t\t<meta property=\"og:url\" content=\"https:\/\/eldigitaldeasturias.com\/magazine365\/badajoz-vendera-en-fitur-su-gastronomia-y-patrimonio-y-sus-fiestas\/\" \/>\n\t\t<meta property=\"og:image\" content=\"https:\/\/eldigitaldeasturias.com\/magazine365\/wp-content\/uploads\/2016\/01\/fotonoticia_20160115164552_800.jpg\" \/>\n\t\t<meta property=\"og:image:secure_url\" content=\"https:\/\/eldigitaldeasturias.com\/magazine365\/wp-content\/uploads\/2016\/01\/fotonoticia_20160115164552_800.jpg\" \/>\n\t\t<meta property=\"og:image:width\" content=\"800\" \/>\n\t\t<meta property=\"og:image:height\" content=\"533\" \/>\n\t\t<meta property=\"article:published_time\" content=\"2016-01-16T11:26:04+00:00\" \/>\n\t\t<meta property=\"article:modified_time\" content=\"2016-01-16T11:26:04+00:00\" \/>\n\t\t<meta name=\"twitter:card\" content=\"summary_large_image\" \/>\n\t\t<meta name=\"twitter:title\" content=\"Badajoz \u00abvender\u00e1\u00bb en Fitur su gastronom\u00eda y patrimonio y sus fiestas | El Digital de Asturias\" \/>\n\t\t<meta name=\"twitter:description\" content=\"La ciudad de Badajoz vender\u00e1 en la Feria Internacional de Turismo (Fitur) que se celebra del 20 al 24 de enero en Madrid su gastronom\u00eda y su patrimonio, as\u00ed como sus fiestas de inter\u00e9s tur\u00edstico nacional como los Carnavales o la Semana Santa. As\u00ed lo ha anunciado el portavoz del equipo de gobierno, Germ\u00e1n L\u00f3pez\" \/>\n\t\t<meta name=\"twitter:image\" content=\"https:\/\/eldigitaldeasturias.com\/magazine365\/wp-content\/uploads\/2016\/01\/fotonoticia_20160115164552_800.jpg\" \/>\n\t\t<script type=\"application\/ld+json\" class=\"aioseo-schema\">\n\t\t\t{\"@context\":\"https:\\\/\\\/schema.org\",\"@graph\":[{\"@type\":\"Article\",\"@id\":\"https:\\\/\\\/eldigitaldeasturias.com\\\/magazine365\\\/badajoz-vendera-en-fitur-su-gastronomia-y-patrimonio-y-sus-fiestas\\\/#article\",\"name\":\"Badajoz \\u00abvender\\u00e1\\u00bb en Fitur su gastronom\\u00eda y patrimonio y sus fiestas | El Digital de Asturias\",\"headline\":\"Badajoz \\u00abvender\\u00e1\\u00bb en Fitur su gastronom\\u00eda y patrimonio y sus fiestas\",\"author\":{\"@id\":\"https:\\\/\\\/eldigitaldeasturias.com\\\/magazine365\\\/author\\\/admin\\\/#author\"},\"publisher\":{\"@id\":\"https:\\\/\\\/eldigitaldeasturias.com\\\/magazine365\\\/#organization\"},\"image\":{\"@type\":\"ImageObject\",\"url\":\"https:\\\/\\\/eldigitaldeasturias.com\\\/magazine365\\\/wp-content\\\/uploads\\\/2016\\\/01\\\/fotonoticia_20160115164552_800.jpg\",\"width\":800,\"height\":533},\"datePublished\":\"2016-01-16T12:26:04+01:00\",\"dateModified\":\"2016-01-16T12:26:04+01:00\",\"inLanguage\":\"es-ES\",\"mainEntityOfPage\":{\"@id\":\"https:\\\/\\\/eldigitaldeasturias.com\\\/magazine365\\\/badajoz-vendera-en-fitur-su-gastronomia-y-patrimonio-y-sus-fiestas\\\/#webpage\"},\"isPartOf\":{\"@id\":\"https:\\\/\\\/eldigitaldeasturias.com\\\/magazine365\\\/badajoz-vendera-en-fitur-su-gastronomia-y-patrimonio-y-sus-fiestas\\\/#webpage\"},\"articleSection\":\"Noticias y Actualidad\"},{\"@type\":\"BreadcrumbList\",\"@id\":\"https:\\\/\\\/eldigitaldeasturias.com\\\/magazine365\\\/badajoz-vendera-en-fitur-su-gastronomia-y-patrimonio-y-sus-fiestas\\\/#breadcrumblist\",\"itemListElement\":[{\"@type\":\"ListItem\",\"@id\":\"https:\\\/\\\/eldigitaldeasturias.com\\\/magazine365#listItem\",\"position\":1,\"name\":\"Home\",\"item\":\"https:\\\/\\\/eldigitaldeasturias.com\\\/magazine365\",\"nextItem\":{\"@type\":\"ListItem\",\"@id\":\"https:\\\/\\\/eldigitaldeasturias.com\\\/magazine365\\\/category\\\/noticias-actualidad\\\/#listItem\",\"name\":\"Noticias y Actualidad\"}},{\"@type\":\"ListItem\",\"@id\":\"https:\\\/\\\/eldigitaldeasturias.com\\\/magazine365\\\/category\\\/noticias-actualidad\\\/#listItem\",\"position\":2,\"name\":\"Noticias y Actualidad\",\"item\":\"https:\\\/\\\/eldigitaldeasturias.com\\\/magazine365\\\/category\\\/noticias-actualidad\\\/\",\"nextItem\":{\"@type\":\"ListItem\",\"@id\":\"https:\\\/\\\/eldigitaldeasturias.com\\\/magazine365\\\/badajoz-vendera-en-fitur-su-gastronomia-y-patrimonio-y-sus-fiestas\\\/#listItem\",\"name\":\"Badajoz \\u00abvender\\u00e1\\u00bb en Fitur su gastronom\\u00eda y patrimonio y sus fiestas\"},\"previousItem\":{\"@type\":\"ListItem\",\"@id\":\"https:\\\/\\\/eldigitaldeasturias.com\\\/magazine365#listItem\",\"name\":\"Home\"}},{\"@type\":\"ListItem\",\"@id\":\"https:\\\/\\\/eldigitaldeasturias.com\\\/magazine365\\\/badajoz-vendera-en-fitur-su-gastronomia-y-patrimonio-y-sus-fiestas\\\/#listItem\",\"position\":3,\"name\":\"Badajoz \\u00abvender\\u00e1\\u00bb en Fitur su gastronom\\u00eda y patrimonio y sus fiestas\",\"previousItem\":{\"@type\":\"ListItem\",\"@id\":\"https:\\\/\\\/eldigitaldeasturias.com\\\/magazine365\\\/category\\\/noticias-actualidad\\\/#listItem\",\"name\":\"Noticias y Actualidad\"}}]},{\"@type\":\"Organization\",\"@id\":\"https:\\\/\\\/eldigitaldeasturias.com\\\/magazine365\\\/#organization\",\"name\":\"El digital de Asturias\",\"description\":\"Revista de ocio, turismo y estilo de vida\",\"url\":\"https:\\\/\\\/eldigitaldeasturias.com\\\/magazine365\\\/\",\"logo\":{\"@type\":\"ImageObject\",\"url\":\"https:\\\/\\\/www.eldigitaldeasturias.com\\\/noticias\\\/wp-content\\\/uploads\\\/2020\\\/12\\\/EDA.jpg\",\"@id\":\"https:\\\/\\\/eldigitaldeasturias.com\\\/magazine365\\\/badajoz-vendera-en-fitur-su-gastronomia-y-patrimonio-y-sus-fiestas\\\/#organizationLogo\"},\"image\":{\"@id\":\"https:\\\/\\\/eldigitaldeasturias.com\\\/magazine365\\\/badajoz-vendera-en-fitur-su-gastronomia-y-patrimonio-y-sus-fiestas\\\/#organizationLogo\"}},{\"@type\":\"Person\",\"@id\":\"https:\\\/\\\/eldigitaldeasturias.com\\\/magazine365\\\/author\\\/admin\\\/#author\",\"url\":\"https:\\\/\\\/eldigitaldeasturias.com\\\/magazine365\\\/author\\\/admin\\\/\",\"name\":\"admin\",\"image\":{\"@type\":\"ImageObject\",\"@id\":\"https:\\\/\\\/eldigitaldeasturias.com\\\/magazine365\\\/badajoz-vendera-en-fitur-su-gastronomia-y-patrimonio-y-sus-fiestas\\\/#authorImage\",\"url\":\"https:\\\/\\\/eldigitaldeasturias.com\\\/magazine365\\\/wp-content\\\/litespeed\\\/avatar\\\/e571bcf59a0edd6fa6838245a470f2fe.jpg?ver=1777574230\",\"width\":96,\"height\":96,\"caption\":\"admin\"}},{\"@type\":\"WebPage\",\"@id\":\"https:\\\/\\\/eldigitaldeasturias.com\\\/magazine365\\\/badajoz-vendera-en-fitur-su-gastronomia-y-patrimonio-y-sus-fiestas\\\/#webpage\",\"url\":\"https:\\\/\\\/eldigitaldeasturias.com\\\/magazine365\\\/badajoz-vendera-en-fitur-su-gastronomia-y-patrimonio-y-sus-fiestas\\\/\",\"name\":\"Badajoz \\u00abvender\\u00e1\\u00bb en Fitur su gastronom\\u00eda y patrimonio y sus fiestas | El Digital de Asturias\",\"description\":\"La ciudad de Badajoz vender\\u00e1 en la Feria Internacional de Turismo (Fitur) que se celebra del 20 al 24 de enero en Madrid su gastronom\\u00eda y su patrimonio, as\\u00ed como sus fiestas de inter\\u00e9s tur\\u00edstico nacional como los Carnavales o la Semana Santa. As\\u00ed lo ha anunciado el portavoz del equipo de gobierno, Germ\\u00e1n L\\u00f3pez\",\"inLanguage\":\"es-ES\",\"isPartOf\":{\"@id\":\"https:\\\/\\\/eldigitaldeasturias.com\\\/magazine365\\\/#website\"},\"breadcrumb\":{\"@id\":\"https:\\\/\\\/eldigitaldeasturias.com\\\/magazine365\\\/badajoz-vendera-en-fitur-su-gastronomia-y-patrimonio-y-sus-fiestas\\\/#breadcrumblist\"},\"author\":{\"@id\":\"https:\\\/\\\/eldigitaldeasturias.com\\\/magazine365\\\/author\\\/admin\\\/#author\"},\"creator\":{\"@id\":\"https:\\\/\\\/eldigitaldeasturias.com\\\/magazine365\\\/author\\\/admin\\\/#author\"},\"image\":{\"@type\":\"ImageObject\",\"url\":\"https:\\\/\\\/eldigitaldeasturias.com\\\/magazine365\\\/wp-content\\\/uploads\\\/2016\\\/01\\\/fotonoticia_20160115164552_800.jpg\",\"@id\":\"https:\\\/\\\/eldigitaldeasturias.com\\\/magazine365\\\/badajoz-vendera-en-fitur-su-gastronomia-y-patrimonio-y-sus-fiestas\\\/#mainImage\",\"width\":800,\"height\":533},\"primaryImageOfPage\":{\"@id\":\"https:\\\/\\\/eldigitaldeasturias.com\\\/magazine365\\\/badajoz-vendera-en-fitur-su-gastronomia-y-patrimonio-y-sus-fiestas\\\/#mainImage\"},\"datePublished\":\"2016-01-16T12:26:04+01:00\",\"dateModified\":\"2016-01-16T12:26:04+01:00\"},{\"@type\":\"WebSite\",\"@id\":\"https:\\\/\\\/eldigitaldeasturias.com\\\/magazine365\\\/#website\",\"url\":\"https:\\\/\\\/eldigitaldeasturias.com\\\/magazine365\\\/\",\"name\":\"El Digital de Asturias\",\"description\":\"Revista de ocio, turismo y estilo de vida\",\"inLanguage\":\"es-ES\",\"publisher\":{\"@id\":\"https:\\\/\\\/eldigitaldeasturias.com\\\/magazine365\\\/#organization\"}}]}\n\t\t<\/script>\n\t\t<!-- All in One SEO Pro -->\r\n\t\t<title>Badajoz \u00abvender\u00e1\u00bb en Fitur su gastronom\u00eda y patrimonio y sus fiestas | El Digital de Asturias<\/title>\n\n","aioseo_head_json":{"title":"Badajoz \u00abvender\u00e1\u00bb en Fitur su gastronom\u00eda y patrimonio y sus fiestas | El Digital de Asturias","description":"La ciudad de Badajoz vender\u00e1 en la Feria Internacional de Turismo (Fitur) que se celebra del 20 al 24 de enero en Madrid su gastronom\u00eda y su patrimonio, as\u00ed como sus fiestas de inter\u00e9s tur\u00edstico nacional como los Carnavales o la Semana Santa. As\u00ed lo ha anunciado el portavoz del equipo de gobierno, Germ\u00e1n L\u00f3pez","canonical_url":"https:\/\/eldigitaldeasturias.com\/magazine365\/badajoz-vendera-en-fitur-su-gastronomia-y-patrimonio-y-sus-fiestas\/","robots":"max-image-preview:large","keywords":"noticias y actualidad","webmasterTools":{"google-site-verification":"UA-38556648-1","miscellaneous":""},"schema":{"@context":"https:\/\/schema.org","@graph":[{"@type":"Article","@id":"https:\/\/eldigitaldeasturias.com\/magazine365\/badajoz-vendera-en-fitur-su-gastronomia-y-patrimonio-y-sus-fiestas\/#article","name":"Badajoz \u00abvender\u00e1\u00bb en Fitur su gastronom\u00eda y patrimonio y sus fiestas | El Digital de Asturias","headline":"Badajoz \u00abvender\u00e1\u00bb en Fitur su gastronom\u00eda y patrimonio y sus fiestas","author":{"@id":"https:\/\/eldigitaldeasturias.com\/magazine365\/author\/admin\/#author"},"publisher":{"@id":"https:\/\/eldigitaldeasturias.com\/magazine365\/#organization"},"image":{"@type":"ImageObject","url":"https:\/\/eldigitaldeasturias.com\/magazine365\/wp-content\/uploads\/2016\/01\/fotonoticia_20160115164552_800.jpg","width":800,"height":533},"datePublished":"2016-01-16T12:26:04+01:00","dateModified":"2016-01-16T12:26:04+01:00","inLanguage":"es-ES","mainEntityOfPage":{"@id":"https:\/\/eldigitaldeasturias.com\/magazine365\/badajoz-vendera-en-fitur-su-gastronomia-y-patrimonio-y-sus-fiestas\/#webpage"},"isPartOf":{"@id":"https:\/\/eldigitaldeasturias.com\/magazine365\/badajoz-vendera-en-fitur-su-gastronomia-y-patrimonio-y-sus-fiestas\/#webpage"},"articleSection":"Noticias y Actualidad"},{"@type":"BreadcrumbList","@id":"https:\/\/eldigitaldeasturias.com\/magazine365\/badajoz-vendera-en-fitur-su-gastronomia-y-patrimonio-y-sus-fiestas\/#breadcrumblist","itemListElement":[{"@type":"ListItem","@id":"https:\/\/eldigitaldeasturias.com\/magazine365#listItem","position":1,"name":"Home","item":"https:\/\/eldigitaldeasturias.com\/magazine365","nextItem":{"@type":"ListItem","@id":"https:\/\/eldigitaldeasturias.com\/magazine365\/category\/noticias-actualidad\/#listItem","name":"Noticias y Actualidad"}},{"@type":"ListItem","@id":"https:\/\/eldigitaldeasturias.com\/magazine365\/category\/noticias-actualidad\/#listItem","position":2,"name":"Noticias y Actualidad","item":"https:\/\/eldigitaldeasturias.com\/magazine365\/category\/noticias-actualidad\/","nextItem":{"@type":"ListItem","@id":"https:\/\/eldigitaldeasturias.com\/magazine365\/badajoz-vendera-en-fitur-su-gastronomia-y-patrimonio-y-sus-fiestas\/#listItem","name":"Badajoz \u00abvender\u00e1\u00bb en Fitur su gastronom\u00eda y patrimonio y sus fiestas"},"previousItem":{"@type":"ListItem","@id":"https:\/\/eldigitaldeasturias.com\/magazine365#listItem","name":"Home"}},{"@type":"ListItem","@id":"https:\/\/eldigitaldeasturias.com\/magazine365\/badajoz-vendera-en-fitur-su-gastronomia-y-patrimonio-y-sus-fiestas\/#listItem","position":3,"name":"Badajoz \u00abvender\u00e1\u00bb en Fitur su gastronom\u00eda y patrimonio y sus fiestas","previousItem":{"@type":"ListItem","@id":"https:\/\/eldigitaldeasturias.com\/magazine365\/category\/noticias-actualidad\/#listItem","name":"Noticias y Actualidad"}}]},{"@type":"Organization","@id":"https:\/\/eldigitaldeasturias.com\/magazine365\/#organization","name":"El digital de Asturias","description":"Revista de ocio, turismo y estilo de vida","url":"https:\/\/eldigitaldeasturias.com\/magazine365\/","logo":{"@type":"ImageObject","url":"https:\/\/www.eldigitaldeasturias.com\/noticias\/wp-content\/uploads\/2020\/12\/EDA.jpg","@id":"https:\/\/eldigitaldeasturias.com\/magazine365\/badajoz-vendera-en-fitur-su-gastronomia-y-patrimonio-y-sus-fiestas\/#organizationLogo"},"image":{"@id":"https:\/\/eldigitaldeasturias.com\/magazine365\/badajoz-vendera-en-fitur-su-gastronomia-y-patrimonio-y-sus-fiestas\/#organizationLogo"}},{"@type":"Person","@id":"https:\/\/eldigitaldeasturias.com\/magazine365\/author\/admin\/#author","url":"https:\/\/eldigitaldeasturias.com\/magazine365\/author\/admin\/","name":"admin","image":{"@type":"ImageObject","@id":"https:\/\/eldigitaldeasturias.com\/magazine365\/badajoz-vendera-en-fitur-su-gastronomia-y-patrimonio-y-sus-fiestas\/#authorImage","url":"https:\/\/eldigitaldeasturias.com\/magazine365\/wp-content\/litespeed\/avatar\/e571bcf59a0edd6fa6838245a470f2fe.jpg?ver=1777574230","width":96,"height":96,"caption":"admin"}},{"@type":"WebPage","@id":"https:\/\/eldigitaldeasturias.com\/magazine365\/badajoz-vendera-en-fitur-su-gastronomia-y-patrimonio-y-sus-fiestas\/#webpage","url":"https:\/\/eldigitaldeasturias.com\/magazine365\/badajoz-vendera-en-fitur-su-gastronomia-y-patrimonio-y-sus-fiestas\/","name":"Badajoz \u00abvender\u00e1\u00bb en Fitur su gastronom\u00eda y patrimonio y sus fiestas | El Digital de Asturias","description":"La ciudad de Badajoz vender\u00e1 en la Feria Internacional de Turismo (Fitur) que se celebra del 20 al 24 de enero en Madrid su gastronom\u00eda y su patrimonio, as\u00ed como sus fiestas de inter\u00e9s tur\u00edstico nacional como los Carnavales o la Semana Santa. As\u00ed lo ha anunciado el portavoz del equipo de gobierno, Germ\u00e1n L\u00f3pez","inLanguage":"es-ES","isPartOf":{"@id":"https:\/\/eldigitaldeasturias.com\/magazine365\/#website"},"breadcrumb":{"@id":"https:\/\/eldigitaldeasturias.com\/magazine365\/badajoz-vendera-en-fitur-su-gastronomia-y-patrimonio-y-sus-fiestas\/#breadcrumblist"},"author":{"@id":"https:\/\/eldigitaldeasturias.com\/magazine365\/author\/admin\/#author"},"creator":{"@id":"https:\/\/eldigitaldeasturias.com\/magazine365\/author\/admin\/#author"},"image":{"@type":"ImageObject","url":"https:\/\/eldigitaldeasturias.com\/magazine365\/wp-content\/uploads\/2016\/01\/fotonoticia_20160115164552_800.jpg","@id":"https:\/\/eldigitaldeasturias.com\/magazine365\/badajoz-vendera-en-fitur-su-gastronomia-y-patrimonio-y-sus-fiestas\/#mainImage","width":800,"height":533},"primaryImageOfPage":{"@id":"https:\/\/eldigitaldeasturias.com\/magazine365\/badajoz-vendera-en-fitur-su-gastronomia-y-patrimonio-y-sus-fiestas\/#mainImage"},"datePublished":"2016-01-16T12:26:04+01:00","dateModified":"2016-01-16T12:26:04+01:00"},{"@type":"WebSite","@id":"https:\/\/eldigitaldeasturias.com\/magazine365\/#website","url":"https:\/\/eldigitaldeasturias.com\/magazine365\/","name":"El Digital de Asturias","description":"Revista de ocio, turismo y estilo de vida","inLanguage":"es-ES","publisher":{"@id":"https:\/\/eldigitaldeasturias.com\/magazine365\/#organization"}}]},"og:locale":"es_ES","og:site_name":"El Digital de Asturias \u2013 Revista de ocio, turismo y estilo de vida","og:type":"article","og:title":"Badajoz \u00abvender\u00e1\u00bb en Fitur su gastronom\u00eda y patrimonio y sus fiestas | El Digital de Asturias","og:description":"La ciudad de Badajoz vender\u00e1 en la Feria Internacional de Turismo (Fitur) que se celebra del 20 al 24 de enero en Madrid su gastronom\u00eda y su patrimonio, as\u00ed como sus fiestas de inter\u00e9s tur\u00edstico nacional como los Carnavales o la Semana Santa. As\u00ed lo ha anunciado el portavoz del equipo de gobierno, Germ\u00e1n L\u00f3pez","og:url":"https:\/\/eldigitaldeasturias.com\/magazine365\/badajoz-vendera-en-fitur-su-gastronomia-y-patrimonio-y-sus-fiestas\/","og:image":"https:\/\/eldigitaldeasturias.com\/magazine365\/wp-content\/uploads\/2016\/01\/fotonoticia_20160115164552_800.jpg","og:image:secure_url":"https:\/\/eldigitaldeasturias.com\/magazine365\/wp-content\/uploads\/2016\/01\/fotonoticia_20160115164552_800.jpg","og:image:width":800,"og:image:height":533,"article:published_time":"2016-01-16T11:26:04+00:00","article:modified_time":"2016-01-16T11:26:04+00:00","twitter:card":"summary_large_image","twitter:title":"Badajoz \u00abvender\u00e1\u00bb en Fitur su gastronom\u00eda y patrimonio y sus fiestas | El Digital de Asturias","twitter:description":"La ciudad de Badajoz vender\u00e1 en la Feria Internacional de Turismo (Fitur) que se celebra del 20 al 24 de enero en Madrid su gastronom\u00eda y su patrimonio, as\u00ed como sus fiestas de inter\u00e9s tur\u00edstico nacional como los Carnavales o la Semana Santa. As\u00ed lo ha anunciado el portavoz del equipo de gobierno, Germ\u00e1n L\u00f3pez","twitter:image":"https:\/\/eldigitaldeasturias.com\/magazine365\/wp-content\/uploads\/2016\/01\/fotonoticia_20160115164552_800.jpg"},"aioseo_meta_data":{"post_id":"60850","title":null,"description":null,"keywords":null,"keyphrases":null,"primary_term":null,"canonical_url":null,"og_title":null,"og_description":null,"og_object_type":"default","og_image_type":"default","og_image_url":null,"og_image_width":null,"og_image_height":null,"og_image_custom_url":null,"og_image_custom_fields":null,"og_video":null,"og_custom_url":null,"og_article_section":null,"og_article_tags":null,"twitter_use_og":false,"twitter_card":"default","twitter_image_type":"default","twitter_image_url":null,"twitter_image_custom_url":null,"twitter_image_custom_fields":null,"twitter_title":null,"twitter_description":null,"schema":{"blockGraphs":[],"customGraphs":[],"default":{"data":{"Article":[],"Course":[],"Dataset":[],"FAQPage":[],"Movie":[],"Person":[],"Product":[],"ProductReview":[],"Car":[],"Recipe":[],"Service":[],"SoftwareApplication":[],"WebPage":[]},"graphName":"","isEnabled":true},"graphs":[],"defaultGraph":"","defaultPostTypeGraph":""},"schema_type":null,"schema_type_options":null,"pillar_content":false,"robots_default":true,"robots_noindex":false,"robots_noarchive":false,"robots_nosnippet":false,"robots_nofollow":false,"robots_noimageindex":false,"robots_noodp":false,"robots_notranslate":false,"robots_max_snippet":null,"robots_max_videopreview":null,"robots_max_imagepreview":"large","priority":null,"frequency":null,"location":null,"local_seo":null,"seo_analyzer_scan_date":"2025-09-25 07:42:47","breadcrumb_settings":null,"limit_modified_date":false,"open_ai":null,"ai":null,"created":"2021-03-08 21:55:18","updated":"2025-09-25 07:42:47"},"aioseo_breadcrumb":"<div class=\"aioseo-breadcrumbs\"><span class=\"aioseo-breadcrumb\">\n\t<a href=\"https:\/\/eldigitaldeasturias.com\/magazine365\" title=\"Home\">Home<\/a>\n<\/span><span class=\"aioseo-breadcrumb-separator\">\u2013<\/span><span class=\"aioseo-breadcrumb\">\n\t<a href=\"https:\/\/eldigitaldeasturias.com\/magazine365\/category\/noticias-actualidad\/\" title=\"Noticias y Actualidad\">Noticias y Actualidad<\/a>\n<\/span><span class=\"aioseo-breadcrumb-separator\">\u2013<\/span><span class=\"aioseo-breadcrumb\">\n\t<a href=\"https:\/\/eldigitaldeasturias.com\/magazine365\/badajoz-vendera-en-fitur-su-gastronomia-y-patrimonio-y-sus-fiestas\/\" title=\"Badajoz \u00abvender\u00e1\u00bb en Fitur su gastronom\u00eda y patrimonio y sus fiestas\">Badajoz \u00abvender\u00e1\u00bb en Fitur su gastronom\u00eda y patrimonio y sus fiestas<\/a>\n<\/span><\/div>","aioseo_breadcrumb_json":[{"label":"Home","link":"https:\/\/eldigitaldeasturias.com\/magazine365"},{"label":"Noticias y Actualidad","link":"https:\/\/eldigitaldeasturias.com\/magazine365\/category\/noticias-actualidad\/"},{"label":"Badajoz \u00abvender\u00e1\u00bb en Fitur su gastronom\u00eda y patrimonio y sus fiestas","link":"https:\/\/eldigitaldeasturias.com\/magazine365\/badajoz-vendera-en-fitur-su-gastronomia-y-patrimonio-y-sus-fiestas\/"}],"_links":{"self":[{"href":"https:\/\/eldigitaldeasturias.com\/magazine365\/wp-json\/wp\/v2\/posts\/60850","targetHints":{"allow":["GET"]}}],"collection":[{"href":"https:\/\/eldigitaldeasturias.com\/magazine365\/wp-json\/wp\/v2\/posts"}],"about":[{"href":"https:\/\/eldigitaldeasturias.com\/magazine365\/wp-json\/wp\/v2\/types\/post"}],"author":[{"embeddable":true,"href":"https:\/\/eldigitaldeasturias.com\/magazine365\/wp-json\/wp\/v2\/users\/1"}],"replies":[{"embeddable":true,"href":"https:\/\/eldigitaldeasturias.com\/magazine365\/wp-json\/wp\/v2\/comments?post=60850"}],"version-history":[{"count":0,"href":"https:\/\/eldigitaldeasturias.com\/magazine365\/wp-json\/wp\/v2\/posts\/60850\/revisions"}],"wp:featuredmedia":[{"embeddable":true,"href":"https:\/\/eldigitaldeasturias.com\/magazine365\/wp-json\/wp\/v2\/media\/60851"}],"wp:attachment":[{"href":"https:\/\/eldigitaldeasturias.com\/magazine365\/wp-json\/wp\/v2\/media?parent=60850"}],"wp:term":[{"taxonomy":"category","embeddable":true,"href":"https:\/\/eldigitaldeasturias.com\/magazine365\/wp-json\/wp\/v2\/categories?post=60850"},{"taxonomy":"post_tag","embeddable":true,"href":"https:\/\/eldigitaldeasturias.com\/magazine365\/wp-json\/wp\/v2\/tags?post=60850"}],"curies":[{"name":"wp","href":"https:\/\/api.w.org\/{rel}","templated":true}]}}