{"id":60844,"date":"2016-01-16T12:21:53","date_gmt":"2016-01-16T11:21:53","guid":{"rendered":"http:\/\/eldigitaldeasturias.com\/magazine365\/?p=60844"},"modified":"2016-01-16T12:21:53","modified_gmt":"2016-01-16T11:21:53","slug":"mas-de-300-locales-en-la-septima-edicion-de-gastrofestival-madrid","status":"publish","type":"post","link":"https:\/\/eldigitaldeasturias.com\/magazine365\/mas-de-300-locales-en-la-septima-edicion-de-gastrofestival-madrid\/","title":{"rendered":"M\u00e1s de 300 locales en la s\u00e9ptima edici\u00f3n de Gastrofestival Madrid"},"content":{"rendered":"<p><img fetchpriority=\"high\" decoding=\"async\" class=\"alignleft size-medium wp-image-60845\" src=\"https:\/\/eldigitaldeasturias.com\/magazine365\/wp-content\/uploads\/2016\/01\/fotonoticia_20160115160711_800-296x300.jpg\" alt=\"fotonoticia_20160115160711_800\" width=\"296\" height=\"300\" srcset=\"https:\/\/eldigitaldeasturias.com\/magazine365\/wp-content\/uploads\/2016\/01\/fotonoticia_20160115160711_800-296x300.jpg 296w, https:\/\/eldigitaldeasturias.com\/magazine365\/wp-content\/uploads\/2016\/01\/fotonoticia_20160115160711_800-631x640.jpg 631w, https:\/\/eldigitaldeasturias.com\/magazine365\/wp-content\/uploads\/2016\/01\/fotonoticia_20160115160711_800-768x779.jpg 768w, https:\/\/eldigitaldeasturias.com\/magazine365\/wp-content\/uploads\/2016\/01\/fotonoticia_20160115160711_800-150x152.jpg 150w, https:\/\/eldigitaldeasturias.com\/magazine365\/wp-content\/uploads\/2016\/01\/fotonoticia_20160115160711_800-450x456.jpg 450w, https:\/\/eldigitaldeasturias.com\/magazine365\/wp-content\/uploads\/2016\/01\/fotonoticia_20160115160711_800-696x706.jpg 696w, https:\/\/eldigitaldeasturias.com\/magazine365\/wp-content\/uploads\/2016\/01\/fotonoticia_20160115160711_800-414x420.jpg 414w, https:\/\/eldigitaldeasturias.com\/magazine365\/wp-content\/uploads\/2016\/01\/fotonoticia_20160115160711_800-50x50.jpg 50w, https:\/\/eldigitaldeasturias.com\/magazine365\/wp-content\/uploads\/2016\/01\/fotonoticia_20160115160711_800-100x100.jpg 100w, https:\/\/eldigitaldeasturias.com\/magazine365\/wp-content\/uploads\/2016\/01\/fotonoticia_20160115160711_800.jpg 800w\" sizes=\"(max-width: 296px) 100vw, 296px\" \/>M\u00e1s de 300 restaurantes y bares participar\u00e1n en la s\u00e9ptima edici\u00f3n de Gastrofestival Madrid del 23 de enero al 7 de febrero con propuestas \u00abespecialmente dise\u00f1adas\u00bb para la ocasi\u00f3n, seg\u00fan ha informado el Ayuntamiento de Madrid, organizador del evento junto al \u00e1rea de Turismo de Madrid Destino.<\/p>\n<p>El festival se realizar\u00e1 bajo el lema &#8216;C\u00f3mete Madrid&#8217;, con el que se pretende que durante 15 d\u00edas se descubra la gastronom\u00eda \u00abm\u00e1s all\u00e1 de los placeres del paladar\u00bb. De este modo, cine, arte, m\u00fasica, moda y teatro son algunas de las disciplinas que conjugadas con la cocina \u00abcrear\u00e1n nuevas experiencias para degustar y disfrutar uno de los atractivos m\u00e1s destacados de la ciudad\u00bb.<\/p>\n<p>De este modo, Conde Duque se convertir\u00e1 esos d\u00edas en el \u00abepicentro\u00bb de las actividades culturales y, por primera vez, incluir\u00e1 un ciclo de cine. Sus salas acoger\u00e1n una instalaci\u00f3n comestible, degustaciones de distintos tipos: musicales, a ciegas, de verm\u00fas; talleres de arte con alimentos, conciertos y proyecciones de pel\u00edculas relacionadas con el mundo de la cocina.<\/p>\n<p>Tambi\u00e9n los mercados cobran protagonismo en esta edici\u00f3n. El mercado de Ant\u00f3n Mart\u00edn, San Ant\u00f3n, Barcel\u00f3, la Paz, y Vallehermoso ofrecen un programa de actividades que incluye ofertas de men\u00fas especialmente dise\u00f1ados para la ocasi\u00f3n, talleres de cocina, talleres infantiles, catas, degustaciones y demostraciones.<\/p>\n<p>Gastrofestival Madrid propone seis programas diferentes para saborear Madrid: &#8216;Madrid Gastron\u00f3mico&#8217;, &#8216;Gastrocultura&#8217;, &#8216;Experiencias Sensoriales&#8217;, &#8216;Gastrofashion&#8217;, &#8216;Gastrosalud&#8217; y &#8216;Enocultura&#8217;.<\/p>\n<p>Adem\u00e1s, se ofrecen propuestas ya cl\u00e1sicas en el festival como &#8216;Degustatapas&#8217; &#8211;una tapa y un botell\u00edn de cerveza por 3 euros&#8211;, &#8216;Nuestras barras favoritas con un Rioja&#8217; &#8211;tapa m\u00e1s vino de Rioja por 6 euros&#8211; y &#8216;Cena con las Estrellas&#8217;, una propuesta que trae a la capital a chefs internacionales para ejercer de maestros invitados en algunas de las cocinas con m\u00e1s renombre del momento.<\/p>\n<p>Como novedad en esta s\u00e9ptima edici\u00f3n los men\u00fas no superar\u00e1n el precio m\u00e1ximo de 40 euros, y se podr\u00e1 elegir restaurante en funci\u00f3n del tipo de cocina: Cocinas espa\u00f1olas, Cocinas del mundo y Cocina fusi\u00f3n, dependiendo del tipo de men\u00fa que ofrezca. Una oportunidad \u00fanica para viajar sin moverse de Madrid.<\/p>\n<p>Adem\u00e1s del programa cultural de Conde Duque, incluye acciones especiales en galer\u00edas, museos, tiendas, librer\u00edas, centros culturales, teatros y clubes. Book crossing, exposiciones y talleres servir\u00e1n para que los visitantes descubran la gastronom\u00eda desde otro punto de vista.<\/p>\n<p>Para ofrecer la mejor mezcla entre moda y cocina, &#8216;Gastrofashion&#8217; invita a las firmas de moda a proponer en sus locales \u00abun capricho gastron\u00f3mico\u00bb.<\/p>\n<p>Las propuestas vegetarianas, ecol\u00f3gicas y saludables tambi\u00e9n tienen su espacio en &#8216;Gastrosalud&#8217; de la mano de men\u00fas y productos especialmente seleccionados para la ocasi\u00f3n. Por otro lado, en \u00abEnocultura\u00bb se agrupan las catas y talleres preparados para sorprender a expertos y aficionados al mundo del vino.<\/p>\n","protected":false},"excerpt":{"rendered":"<p>M\u00e1s de 300 restaurantes y bares participar\u00e1n en la s\u00e9ptima edici\u00f3n de Gastrofestival Madrid del 23 de enero al 7 de febrero con propuestas \u00abespecialmente dise\u00f1adas\u00bb para la ocasi\u00f3n, seg\u00fan ha informado el Ayuntamiento de Madrid, organizador del evento junto al \u00e1rea de Turismo de Madrid Destino. El festival se realizar\u00e1 bajo el lema &#8216;C\u00f3mete<\/p>\n","protected":false},"author":1,"featured_media":60845,"comment_status":"open","ping_status":"closed","sticky":false,"template":"","format":"standard","meta":{"footnotes":""},"categories":[224],"tags":[],"class_list":{"0":"post-60844","1":"post","2":"type-post","3":"status-publish","4":"format-standard","5":"has-post-thumbnail","7":"category-noticias-actualidad"},"aioseo_notices":[],"aioseo_head":"\n\t\t<!-- All in One SEO Pro 4.9.6.1 - aioseo.com -->\n\t<meta name=\"description\" content=\"M\u00e1s de 300 restaurantes y bares participar\u00e1n en la s\u00e9ptima edici\u00f3n de Gastrofestival Madrid del 23 de enero al 7 de febrero con propuestas &quot;especialmente dise\u00f1adas&quot; para la ocasi\u00f3n, seg\u00fan ha informado el Ayuntamiento de Madrid, organizador del evento junto al \u00e1rea de Turismo de Madrid Destino. El festival se realizar\u00e1 bajo el lema &#039;C\u00f3mete\" \/>\n\t<meta name=\"robots\" content=\"max-image-preview:large\" \/>\n\t<meta name=\"author\" content=\"admin\"\/>\n\t<meta name=\"google-site-verification\" content=\"UA-38556648-1\" \/>\n\t<meta name=\"keywords\" content=\"noticias y actualidad\" \/>\n\t<link rel=\"canonical\" href=\"https:\/\/eldigitaldeasturias.com\/magazine365\/mas-de-300-locales-en-la-septima-edicion-de-gastrofestival-madrid\/\" \/>\n\t<meta name=\"generator\" content=\"All in One SEO Pro (AIOSEO) 4.9.6.1\" \/>\n\t\t<meta property=\"og:locale\" content=\"es_ES\" \/>\n\t\t<meta property=\"og:site_name\" content=\"El Digital de Asturias \u2013 Revista de ocio, turismo y estilo de vida\" \/>\n\t\t<meta property=\"og:type\" content=\"article\" \/>\n\t\t<meta property=\"og:title\" content=\"M\u00e1s de 300 locales en la s\u00e9ptima edici\u00f3n de Gastrofestival Madrid | El Digital de Asturias\" \/>\n\t\t<meta property=\"og:description\" content=\"M\u00e1s de 300 restaurantes y bares participar\u00e1n en la s\u00e9ptima edici\u00f3n de Gastrofestival Madrid del 23 de enero al 7 de febrero con propuestas &quot;especialmente dise\u00f1adas&quot; para la ocasi\u00f3n, seg\u00fan ha informado el Ayuntamiento de Madrid, organizador del evento junto al \u00e1rea de Turismo de Madrid Destino. El festival se realizar\u00e1 bajo el lema &#039;C\u00f3mete\" \/>\n\t\t<meta property=\"og:url\" content=\"https:\/\/eldigitaldeasturias.com\/magazine365\/mas-de-300-locales-en-la-septima-edicion-de-gastrofestival-madrid\/\" \/>\n\t\t<meta property=\"og:image\" content=\"https:\/\/eldigitaldeasturias.com\/magazine365\/wp-content\/uploads\/2016\/01\/fotonoticia_20160115160711_800.jpg\" \/>\n\t\t<meta property=\"og:image:secure_url\" content=\"https:\/\/eldigitaldeasturias.com\/magazine365\/wp-content\/uploads\/2016\/01\/fotonoticia_20160115160711_800.jpg\" \/>\n\t\t<meta property=\"og:image:width\" content=\"800\" \/>\n\t\t<meta property=\"og:image:height\" content=\"811\" \/>\n\t\t<meta property=\"article:published_time\" content=\"2016-01-16T11:21:53+00:00\" \/>\n\t\t<meta property=\"article:modified_time\" content=\"2016-01-16T11:21:53+00:00\" \/>\n\t\t<meta name=\"twitter:card\" content=\"summary_large_image\" \/>\n\t\t<meta name=\"twitter:title\" content=\"M\u00e1s de 300 locales en la s\u00e9ptima edici\u00f3n de Gastrofestival Madrid | El Digital de Asturias\" \/>\n\t\t<meta name=\"twitter:description\" content=\"M\u00e1s de 300 restaurantes y bares participar\u00e1n en la s\u00e9ptima edici\u00f3n de Gastrofestival Madrid del 23 de enero al 7 de febrero con propuestas &quot;especialmente dise\u00f1adas&quot; para la ocasi\u00f3n, seg\u00fan ha informado el Ayuntamiento de Madrid, organizador del evento junto al \u00e1rea de Turismo de Madrid Destino. El festival se realizar\u00e1 bajo el lema &#039;C\u00f3mete\" \/>\n\t\t<meta name=\"twitter:image\" content=\"https:\/\/eldigitaldeasturias.com\/magazine365\/wp-content\/uploads\/2016\/01\/fotonoticia_20160115160711_800.jpg\" \/>\n\t\t<script type=\"application\/ld+json\" class=\"aioseo-schema\">\n\t\t\t{\"@context\":\"https:\\\/\\\/schema.org\",\"@graph\":[{\"@type\":\"Article\",\"@id\":\"https:\\\/\\\/eldigitaldeasturias.com\\\/magazine365\\\/mas-de-300-locales-en-la-septima-edicion-de-gastrofestival-madrid\\\/#article\",\"name\":\"M\\u00e1s de 300 locales en la s\\u00e9ptima edici\\u00f3n de Gastrofestival Madrid | El Digital de Asturias\",\"headline\":\"M\\u00e1s de 300 locales en la s\\u00e9ptima edici\\u00f3n de Gastrofestival Madrid\",\"author\":{\"@id\":\"https:\\\/\\\/eldigitaldeasturias.com\\\/magazine365\\\/author\\\/admin\\\/#author\"},\"publisher\":{\"@id\":\"https:\\\/\\\/eldigitaldeasturias.com\\\/magazine365\\\/#organization\"},\"image\":{\"@type\":\"ImageObject\",\"url\":\"https:\\\/\\\/eldigitaldeasturias.com\\\/magazine365\\\/wp-content\\\/uploads\\\/2016\\\/01\\\/fotonoticia_20160115160711_800.jpg\",\"width\":800,\"height\":811},\"datePublished\":\"2016-01-16T12:21:53+01:00\",\"dateModified\":\"2016-01-16T12:21:53+01:00\",\"inLanguage\":\"es-ES\",\"mainEntityOfPage\":{\"@id\":\"https:\\\/\\\/eldigitaldeasturias.com\\\/magazine365\\\/mas-de-300-locales-en-la-septima-edicion-de-gastrofestival-madrid\\\/#webpage\"},\"isPartOf\":{\"@id\":\"https:\\\/\\\/eldigitaldeasturias.com\\\/magazine365\\\/mas-de-300-locales-en-la-septima-edicion-de-gastrofestival-madrid\\\/#webpage\"},\"articleSection\":\"Noticias y Actualidad\"},{\"@type\":\"BreadcrumbList\",\"@id\":\"https:\\\/\\\/eldigitaldeasturias.com\\\/magazine365\\\/mas-de-300-locales-en-la-septima-edicion-de-gastrofestival-madrid\\\/#breadcrumblist\",\"itemListElement\":[{\"@type\":\"ListItem\",\"@id\":\"https:\\\/\\\/eldigitaldeasturias.com\\\/magazine365#listItem\",\"position\":1,\"name\":\"Home\",\"item\":\"https:\\\/\\\/eldigitaldeasturias.com\\\/magazine365\",\"nextItem\":{\"@type\":\"ListItem\",\"@id\":\"https:\\\/\\\/eldigitaldeasturias.com\\\/magazine365\\\/category\\\/noticias-actualidad\\\/#listItem\",\"name\":\"Noticias y Actualidad\"}},{\"@type\":\"ListItem\",\"@id\":\"https:\\\/\\\/eldigitaldeasturias.com\\\/magazine365\\\/category\\\/noticias-actualidad\\\/#listItem\",\"position\":2,\"name\":\"Noticias y Actualidad\",\"item\":\"https:\\\/\\\/eldigitaldeasturias.com\\\/magazine365\\\/category\\\/noticias-actualidad\\\/\",\"nextItem\":{\"@type\":\"ListItem\",\"@id\":\"https:\\\/\\\/eldigitaldeasturias.com\\\/magazine365\\\/mas-de-300-locales-en-la-septima-edicion-de-gastrofestival-madrid\\\/#listItem\",\"name\":\"M\\u00e1s de 300 locales en la s\\u00e9ptima edici\\u00f3n de Gastrofestival Madrid\"},\"previousItem\":{\"@type\":\"ListItem\",\"@id\":\"https:\\\/\\\/eldigitaldeasturias.com\\\/magazine365#listItem\",\"name\":\"Home\"}},{\"@type\":\"ListItem\",\"@id\":\"https:\\\/\\\/eldigitaldeasturias.com\\\/magazine365\\\/mas-de-300-locales-en-la-septima-edicion-de-gastrofestival-madrid\\\/#listItem\",\"position\":3,\"name\":\"M\\u00e1s de 300 locales en la s\\u00e9ptima edici\\u00f3n de Gastrofestival Madrid\",\"previousItem\":{\"@type\":\"ListItem\",\"@id\":\"https:\\\/\\\/eldigitaldeasturias.com\\\/magazine365\\\/category\\\/noticias-actualidad\\\/#listItem\",\"name\":\"Noticias y Actualidad\"}}]},{\"@type\":\"Organization\",\"@id\":\"https:\\\/\\\/eldigitaldeasturias.com\\\/magazine365\\\/#organization\",\"name\":\"El digital de Asturias\",\"description\":\"Revista de ocio, turismo y estilo de vida\",\"url\":\"https:\\\/\\\/eldigitaldeasturias.com\\\/magazine365\\\/\",\"logo\":{\"@type\":\"ImageObject\",\"url\":\"https:\\\/\\\/www.eldigitaldeasturias.com\\\/noticias\\\/wp-content\\\/uploads\\\/2020\\\/12\\\/EDA.jpg\",\"@id\":\"https:\\\/\\\/eldigitaldeasturias.com\\\/magazine365\\\/mas-de-300-locales-en-la-septima-edicion-de-gastrofestival-madrid\\\/#organizationLogo\"},\"image\":{\"@id\":\"https:\\\/\\\/eldigitaldeasturias.com\\\/magazine365\\\/mas-de-300-locales-en-la-septima-edicion-de-gastrofestival-madrid\\\/#organizationLogo\"}},{\"@type\":\"Person\",\"@id\":\"https:\\\/\\\/eldigitaldeasturias.com\\\/magazine365\\\/author\\\/admin\\\/#author\",\"url\":\"https:\\\/\\\/eldigitaldeasturias.com\\\/magazine365\\\/author\\\/admin\\\/\",\"name\":\"admin\",\"image\":{\"@type\":\"ImageObject\",\"@id\":\"https:\\\/\\\/eldigitaldeasturias.com\\\/magazine365\\\/mas-de-300-locales-en-la-septima-edicion-de-gastrofestival-madrid\\\/#authorImage\",\"url\":\"https:\\\/\\\/eldigitaldeasturias.com\\\/magazine365\\\/wp-content\\\/litespeed\\\/avatar\\\/e571bcf59a0edd6fa6838245a470f2fe.jpg?ver=1777574230\",\"width\":96,\"height\":96,\"caption\":\"admin\"}},{\"@type\":\"WebPage\",\"@id\":\"https:\\\/\\\/eldigitaldeasturias.com\\\/magazine365\\\/mas-de-300-locales-en-la-septima-edicion-de-gastrofestival-madrid\\\/#webpage\",\"url\":\"https:\\\/\\\/eldigitaldeasturias.com\\\/magazine365\\\/mas-de-300-locales-en-la-septima-edicion-de-gastrofestival-madrid\\\/\",\"name\":\"M\\u00e1s de 300 locales en la s\\u00e9ptima edici\\u00f3n de Gastrofestival Madrid | El Digital de Asturias\",\"description\":\"M\\u00e1s de 300 restaurantes y bares participar\\u00e1n en la s\\u00e9ptima edici\\u00f3n de Gastrofestival Madrid del 23 de enero al 7 de febrero con propuestas \\\"especialmente dise\\u00f1adas\\\" para la ocasi\\u00f3n, seg\\u00fan ha informado el Ayuntamiento de Madrid, organizador del evento junto al \\u00e1rea de Turismo de Madrid Destino. El festival se realizar\\u00e1 bajo el lema 'C\\u00f3mete\",\"inLanguage\":\"es-ES\",\"isPartOf\":{\"@id\":\"https:\\\/\\\/eldigitaldeasturias.com\\\/magazine365\\\/#website\"},\"breadcrumb\":{\"@id\":\"https:\\\/\\\/eldigitaldeasturias.com\\\/magazine365\\\/mas-de-300-locales-en-la-septima-edicion-de-gastrofestival-madrid\\\/#breadcrumblist\"},\"author\":{\"@id\":\"https:\\\/\\\/eldigitaldeasturias.com\\\/magazine365\\\/author\\\/admin\\\/#author\"},\"creator\":{\"@id\":\"https:\\\/\\\/eldigitaldeasturias.com\\\/magazine365\\\/author\\\/admin\\\/#author\"},\"image\":{\"@type\":\"ImageObject\",\"url\":\"https:\\\/\\\/eldigitaldeasturias.com\\\/magazine365\\\/wp-content\\\/uploads\\\/2016\\\/01\\\/fotonoticia_20160115160711_800.jpg\",\"@id\":\"https:\\\/\\\/eldigitaldeasturias.com\\\/magazine365\\\/mas-de-300-locales-en-la-septima-edicion-de-gastrofestival-madrid\\\/#mainImage\",\"width\":800,\"height\":811},\"primaryImageOfPage\":{\"@id\":\"https:\\\/\\\/eldigitaldeasturias.com\\\/magazine365\\\/mas-de-300-locales-en-la-septima-edicion-de-gastrofestival-madrid\\\/#mainImage\"},\"datePublished\":\"2016-01-16T12:21:53+01:00\",\"dateModified\":\"2016-01-16T12:21:53+01:00\"},{\"@type\":\"WebSite\",\"@id\":\"https:\\\/\\\/eldigitaldeasturias.com\\\/magazine365\\\/#website\",\"url\":\"https:\\\/\\\/eldigitaldeasturias.com\\\/magazine365\\\/\",\"name\":\"El Digital de Asturias\",\"description\":\"Revista de ocio, turismo y estilo de vida\",\"inLanguage\":\"es-ES\",\"publisher\":{\"@id\":\"https:\\\/\\\/eldigitaldeasturias.com\\\/magazine365\\\/#organization\"}}]}\n\t\t<\/script>\n\t\t<!-- All in One SEO Pro -->\r\n\t\t<title>M\u00e1s de 300 locales en la s\u00e9ptima edici\u00f3n de Gastrofestival Madrid | El Digital de Asturias<\/title>\n\n","aioseo_head_json":{"title":"M\u00e1s de 300 locales en la s\u00e9ptima edici\u00f3n de Gastrofestival Madrid | El Digital de Asturias","description":"M\u00e1s de 300 restaurantes y bares participar\u00e1n en la s\u00e9ptima edici\u00f3n de Gastrofestival Madrid del 23 de enero al 7 de febrero con propuestas \"especialmente dise\u00f1adas\" para la ocasi\u00f3n, seg\u00fan ha informado el Ayuntamiento de Madrid, organizador del evento junto al \u00e1rea de Turismo de Madrid Destino. El festival se realizar\u00e1 bajo el lema 'C\u00f3mete","canonical_url":"https:\/\/eldigitaldeasturias.com\/magazine365\/mas-de-300-locales-en-la-septima-edicion-de-gastrofestival-madrid\/","robots":"max-image-preview:large","keywords":"noticias y actualidad","webmasterTools":{"google-site-verification":"UA-38556648-1","miscellaneous":""},"schema":{"@context":"https:\/\/schema.org","@graph":[{"@type":"Article","@id":"https:\/\/eldigitaldeasturias.com\/magazine365\/mas-de-300-locales-en-la-septima-edicion-de-gastrofestival-madrid\/#article","name":"M\u00e1s de 300 locales en la s\u00e9ptima edici\u00f3n de Gastrofestival Madrid | El Digital de Asturias","headline":"M\u00e1s de 300 locales en la s\u00e9ptima edici\u00f3n de Gastrofestival Madrid","author":{"@id":"https:\/\/eldigitaldeasturias.com\/magazine365\/author\/admin\/#author"},"publisher":{"@id":"https:\/\/eldigitaldeasturias.com\/magazine365\/#organization"},"image":{"@type":"ImageObject","url":"https:\/\/eldigitaldeasturias.com\/magazine365\/wp-content\/uploads\/2016\/01\/fotonoticia_20160115160711_800.jpg","width":800,"height":811},"datePublished":"2016-01-16T12:21:53+01:00","dateModified":"2016-01-16T12:21:53+01:00","inLanguage":"es-ES","mainEntityOfPage":{"@id":"https:\/\/eldigitaldeasturias.com\/magazine365\/mas-de-300-locales-en-la-septima-edicion-de-gastrofestival-madrid\/#webpage"},"isPartOf":{"@id":"https:\/\/eldigitaldeasturias.com\/magazine365\/mas-de-300-locales-en-la-septima-edicion-de-gastrofestival-madrid\/#webpage"},"articleSection":"Noticias y Actualidad"},{"@type":"BreadcrumbList","@id":"https:\/\/eldigitaldeasturias.com\/magazine365\/mas-de-300-locales-en-la-septima-edicion-de-gastrofestival-madrid\/#breadcrumblist","itemListElement":[{"@type":"ListItem","@id":"https:\/\/eldigitaldeasturias.com\/magazine365#listItem","position":1,"name":"Home","item":"https:\/\/eldigitaldeasturias.com\/magazine365","nextItem":{"@type":"ListItem","@id":"https:\/\/eldigitaldeasturias.com\/magazine365\/category\/noticias-actualidad\/#listItem","name":"Noticias y Actualidad"}},{"@type":"ListItem","@id":"https:\/\/eldigitaldeasturias.com\/magazine365\/category\/noticias-actualidad\/#listItem","position":2,"name":"Noticias y Actualidad","item":"https:\/\/eldigitaldeasturias.com\/magazine365\/category\/noticias-actualidad\/","nextItem":{"@type":"ListItem","@id":"https:\/\/eldigitaldeasturias.com\/magazine365\/mas-de-300-locales-en-la-septima-edicion-de-gastrofestival-madrid\/#listItem","name":"M\u00e1s de 300 locales en la s\u00e9ptima edici\u00f3n de Gastrofestival Madrid"},"previousItem":{"@type":"ListItem","@id":"https:\/\/eldigitaldeasturias.com\/magazine365#listItem","name":"Home"}},{"@type":"ListItem","@id":"https:\/\/eldigitaldeasturias.com\/magazine365\/mas-de-300-locales-en-la-septima-edicion-de-gastrofestival-madrid\/#listItem","position":3,"name":"M\u00e1s de 300 locales en la s\u00e9ptima edici\u00f3n de Gastrofestival Madrid","previousItem":{"@type":"ListItem","@id":"https:\/\/eldigitaldeasturias.com\/magazine365\/category\/noticias-actualidad\/#listItem","name":"Noticias y Actualidad"}}]},{"@type":"Organization","@id":"https:\/\/eldigitaldeasturias.com\/magazine365\/#organization","name":"El digital de Asturias","description":"Revista de ocio, turismo y estilo de vida","url":"https:\/\/eldigitaldeasturias.com\/magazine365\/","logo":{"@type":"ImageObject","url":"https:\/\/www.eldigitaldeasturias.com\/noticias\/wp-content\/uploads\/2020\/12\/EDA.jpg","@id":"https:\/\/eldigitaldeasturias.com\/magazine365\/mas-de-300-locales-en-la-septima-edicion-de-gastrofestival-madrid\/#organizationLogo"},"image":{"@id":"https:\/\/eldigitaldeasturias.com\/magazine365\/mas-de-300-locales-en-la-septima-edicion-de-gastrofestival-madrid\/#organizationLogo"}},{"@type":"Person","@id":"https:\/\/eldigitaldeasturias.com\/magazine365\/author\/admin\/#author","url":"https:\/\/eldigitaldeasturias.com\/magazine365\/author\/admin\/","name":"admin","image":{"@type":"ImageObject","@id":"https:\/\/eldigitaldeasturias.com\/magazine365\/mas-de-300-locales-en-la-septima-edicion-de-gastrofestival-madrid\/#authorImage","url":"https:\/\/eldigitaldeasturias.com\/magazine365\/wp-content\/litespeed\/avatar\/e571bcf59a0edd6fa6838245a470f2fe.jpg?ver=1777574230","width":96,"height":96,"caption":"admin"}},{"@type":"WebPage","@id":"https:\/\/eldigitaldeasturias.com\/magazine365\/mas-de-300-locales-en-la-septima-edicion-de-gastrofestival-madrid\/#webpage","url":"https:\/\/eldigitaldeasturias.com\/magazine365\/mas-de-300-locales-en-la-septima-edicion-de-gastrofestival-madrid\/","name":"M\u00e1s de 300 locales en la s\u00e9ptima edici\u00f3n de Gastrofestival Madrid | El Digital de Asturias","description":"M\u00e1s de 300 restaurantes y bares participar\u00e1n en la s\u00e9ptima edici\u00f3n de Gastrofestival Madrid del 23 de enero al 7 de febrero con propuestas \"especialmente dise\u00f1adas\" para la ocasi\u00f3n, seg\u00fan ha informado el Ayuntamiento de Madrid, organizador del evento junto al \u00e1rea de Turismo de Madrid Destino. El festival se realizar\u00e1 bajo el lema 'C\u00f3mete","inLanguage":"es-ES","isPartOf":{"@id":"https:\/\/eldigitaldeasturias.com\/magazine365\/#website"},"breadcrumb":{"@id":"https:\/\/eldigitaldeasturias.com\/magazine365\/mas-de-300-locales-en-la-septima-edicion-de-gastrofestival-madrid\/#breadcrumblist"},"author":{"@id":"https:\/\/eldigitaldeasturias.com\/magazine365\/author\/admin\/#author"},"creator":{"@id":"https:\/\/eldigitaldeasturias.com\/magazine365\/author\/admin\/#author"},"image":{"@type":"ImageObject","url":"https:\/\/eldigitaldeasturias.com\/magazine365\/wp-content\/uploads\/2016\/01\/fotonoticia_20160115160711_800.jpg","@id":"https:\/\/eldigitaldeasturias.com\/magazine365\/mas-de-300-locales-en-la-septima-edicion-de-gastrofestival-madrid\/#mainImage","width":800,"height":811},"primaryImageOfPage":{"@id":"https:\/\/eldigitaldeasturias.com\/magazine365\/mas-de-300-locales-en-la-septima-edicion-de-gastrofestival-madrid\/#mainImage"},"datePublished":"2016-01-16T12:21:53+01:00","dateModified":"2016-01-16T12:21:53+01:00"},{"@type":"WebSite","@id":"https:\/\/eldigitaldeasturias.com\/magazine365\/#website","url":"https:\/\/eldigitaldeasturias.com\/magazine365\/","name":"El Digital de Asturias","description":"Revista de ocio, turismo y estilo de vida","inLanguage":"es-ES","publisher":{"@id":"https:\/\/eldigitaldeasturias.com\/magazine365\/#organization"}}]},"og:locale":"es_ES","og:site_name":"El Digital de Asturias \u2013 Revista de ocio, turismo y estilo de vida","og:type":"article","og:title":"M\u00e1s de 300 locales en la s\u00e9ptima edici\u00f3n de Gastrofestival Madrid | El Digital de Asturias","og:description":"M\u00e1s de 300 restaurantes y bares participar\u00e1n en la s\u00e9ptima edici\u00f3n de Gastrofestival Madrid del 23 de enero al 7 de febrero con propuestas &quot;especialmente dise\u00f1adas&quot; para la ocasi\u00f3n, seg\u00fan ha informado el Ayuntamiento de Madrid, organizador del evento junto al \u00e1rea de Turismo de Madrid Destino. El festival se realizar\u00e1 bajo el lema 'C\u00f3mete","og:url":"https:\/\/eldigitaldeasturias.com\/magazine365\/mas-de-300-locales-en-la-septima-edicion-de-gastrofestival-madrid\/","og:image":"https:\/\/eldigitaldeasturias.com\/magazine365\/wp-content\/uploads\/2016\/01\/fotonoticia_20160115160711_800.jpg","og:image:secure_url":"https:\/\/eldigitaldeasturias.com\/magazine365\/wp-content\/uploads\/2016\/01\/fotonoticia_20160115160711_800.jpg","og:image:width":800,"og:image:height":811,"article:published_time":"2016-01-16T11:21:53+00:00","article:modified_time":"2016-01-16T11:21:53+00:00","twitter:card":"summary_large_image","twitter:title":"M\u00e1s de 300 locales en la s\u00e9ptima edici\u00f3n de Gastrofestival Madrid | El Digital de Asturias","twitter:description":"M\u00e1s de 300 restaurantes y bares participar\u00e1n en la s\u00e9ptima edici\u00f3n de Gastrofestival Madrid del 23 de enero al 7 de febrero con propuestas &quot;especialmente dise\u00f1adas&quot; para la ocasi\u00f3n, seg\u00fan ha informado el Ayuntamiento de Madrid, organizador del evento junto al \u00e1rea de Turismo de Madrid Destino. El festival se realizar\u00e1 bajo el lema 'C\u00f3mete","twitter:image":"https:\/\/eldigitaldeasturias.com\/magazine365\/wp-content\/uploads\/2016\/01\/fotonoticia_20160115160711_800.jpg"},"aioseo_meta_data":{"post_id":"60844","title":null,"description":null,"keywords":null,"keyphrases":null,"primary_term":null,"canonical_url":null,"og_title":null,"og_description":null,"og_object_type":"default","og_image_type":"default","og_image_url":null,"og_image_width":null,"og_image_height":null,"og_image_custom_url":null,"og_image_custom_fields":null,"og_video":null,"og_custom_url":null,"og_article_section":null,"og_article_tags":null,"twitter_use_og":false,"twitter_card":"default","twitter_image_type":"default","twitter_image_url":null,"twitter_image_custom_url":null,"twitter_image_custom_fields":null,"twitter_title":null,"twitter_description":null,"schema":{"blockGraphs":[],"customGraphs":[],"default":{"data":{"Article":[],"Course":[],"Dataset":[],"FAQPage":[],"Movie":[],"Person":[],"Product":[],"ProductReview":[],"Car":[],"Recipe":[],"Service":[],"SoftwareApplication":[],"WebPage":[]},"graphName":"","isEnabled":true},"graphs":[],"defaultGraph":"","defaultPostTypeGraph":""},"schema_type":null,"schema_type_options":null,"pillar_content":false,"robots_default":true,"robots_noindex":false,"robots_noarchive":false,"robots_nosnippet":false,"robots_nofollow":false,"robots_noimageindex":false,"robots_noodp":false,"robots_notranslate":false,"robots_max_snippet":null,"robots_max_videopreview":null,"robots_max_imagepreview":"large","priority":null,"frequency":null,"location":null,"local_seo":null,"seo_analyzer_scan_date":"2025-09-25 07:42:44","breadcrumb_settings":null,"limit_modified_date":false,"open_ai":null,"ai":null,"created":"2021-03-08 21:55:18","updated":"2025-09-25 07:42:44"},"aioseo_breadcrumb":"<div class=\"aioseo-breadcrumbs\"><span class=\"aioseo-breadcrumb\">\n\t<a href=\"https:\/\/eldigitaldeasturias.com\/magazine365\" title=\"Home\">Home<\/a>\n<\/span><span class=\"aioseo-breadcrumb-separator\">\u2013<\/span><span class=\"aioseo-breadcrumb\">\n\t<a href=\"https:\/\/eldigitaldeasturias.com\/magazine365\/category\/noticias-actualidad\/\" title=\"Noticias y Actualidad\">Noticias y Actualidad<\/a>\n<\/span><span class=\"aioseo-breadcrumb-separator\">\u2013<\/span><span class=\"aioseo-breadcrumb\">\n\t<a href=\"https:\/\/eldigitaldeasturias.com\/magazine365\/mas-de-300-locales-en-la-septima-edicion-de-gastrofestival-madrid\/\" title=\"M\u00e1s de 300 locales en la s\u00e9ptima edici\u00f3n de Gastrofestival Madrid\">M\u00e1s de 300 locales en la s\u00e9ptima edici\u00f3n de Gastrofestival Madrid<\/a>\n<\/span><\/div>","aioseo_breadcrumb_json":[{"label":"Home","link":"https:\/\/eldigitaldeasturias.com\/magazine365"},{"label":"Noticias y Actualidad","link":"https:\/\/eldigitaldeasturias.com\/magazine365\/category\/noticias-actualidad\/"},{"label":"M\u00e1s de 300 locales en la s\u00e9ptima edici\u00f3n de Gastrofestival Madrid","link":"https:\/\/eldigitaldeasturias.com\/magazine365\/mas-de-300-locales-en-la-septima-edicion-de-gastrofestival-madrid\/"}],"_links":{"self":[{"href":"https:\/\/eldigitaldeasturias.com\/magazine365\/wp-json\/wp\/v2\/posts\/60844","targetHints":{"allow":["GET"]}}],"collection":[{"href":"https:\/\/eldigitaldeasturias.com\/magazine365\/wp-json\/wp\/v2\/posts"}],"about":[{"href":"https:\/\/eldigitaldeasturias.com\/magazine365\/wp-json\/wp\/v2\/types\/post"}],"author":[{"embeddable":true,"href":"https:\/\/eldigitaldeasturias.com\/magazine365\/wp-json\/wp\/v2\/users\/1"}],"replies":[{"embeddable":true,"href":"https:\/\/eldigitaldeasturias.com\/magazine365\/wp-json\/wp\/v2\/comments?post=60844"}],"version-history":[{"count":0,"href":"https:\/\/eldigitaldeasturias.com\/magazine365\/wp-json\/wp\/v2\/posts\/60844\/revisions"}],"wp:featuredmedia":[{"embeddable":true,"href":"https:\/\/eldigitaldeasturias.com\/magazine365\/wp-json\/wp\/v2\/media\/60845"}],"wp:attachment":[{"href":"https:\/\/eldigitaldeasturias.com\/magazine365\/wp-json\/wp\/v2\/media?parent=60844"}],"wp:term":[{"taxonomy":"category","embeddable":true,"href":"https:\/\/eldigitaldeasturias.com\/magazine365\/wp-json\/wp\/v2\/categories?post=60844"},{"taxonomy":"post_tag","embeddable":true,"href":"https:\/\/eldigitaldeasturias.com\/magazine365\/wp-json\/wp\/v2\/tags?post=60844"}],"curies":[{"name":"wp","href":"https:\/\/api.w.org\/{rel}","templated":true}]}}