{"id":60836,"date":"2016-01-16T12:14:29","date_gmt":"2016-01-16T11:14:29","guid":{"rendered":"http:\/\/eldigitaldeasturias.com\/magazine365\/?p=60836"},"modified":"2016-01-16T12:14:29","modified_gmt":"2016-01-16T11:14:29","slug":"granada-mostrara-en-fitur-2016-lo-mejor-de-su-gastronomia","status":"publish","type":"post","link":"https:\/\/eldigitaldeasturias.com\/magazine365\/granada-mostrara-en-fitur-2016-lo-mejor-de-su-gastronomia\/","title":{"rendered":"Granada mostrar\u00e1 en Fitur 2016 lo mejor de su gastronom\u00eda"},"content":{"rendered":"<p><img fetchpriority=\"high\" decoding=\"async\" class=\"alignleft size-medium wp-image-49547\" src=\"https:\/\/eldigitaldeasturias.com\/magazine365\/wp-content\/uploads\/2015\/09\/vino-360x240.jpg\" alt=\"vino\" width=\"360\" height=\"240\" srcset=\"https:\/\/eldigitaldeasturias.com\/magazine365\/wp-content\/uploads\/2015\/09\/vino-360x240.jpg 360w, https:\/\/eldigitaldeasturias.com\/magazine365\/wp-content\/uploads\/2015\/09\/vino-650x433.jpg 650w, https:\/\/eldigitaldeasturias.com\/magazine365\/wp-content\/uploads\/2015\/09\/vino-768x512.jpg 768w, https:\/\/eldigitaldeasturias.com\/magazine365\/wp-content\/uploads\/2015\/09\/vino-150x100.jpg 150w, https:\/\/eldigitaldeasturias.com\/magazine365\/wp-content\/uploads\/2015\/09\/vino-450x300.jpg 450w, https:\/\/eldigitaldeasturias.com\/magazine365\/wp-content\/uploads\/2015\/09\/vino-696x464.jpg 696w, https:\/\/eldigitaldeasturias.com\/magazine365\/wp-content\/uploads\/2015\/09\/vino-630x420.jpg 630w, https:\/\/eldigitaldeasturias.com\/magazine365\/wp-content\/uploads\/2015\/09\/vino-84x55.jpg 84w, https:\/\/eldigitaldeasturias.com\/magazine365\/wp-content\/uploads\/2015\/09\/vino.jpg 800w\" sizes=\"(max-width: 360px) 100vw, 360px\" \/>Granada llevar\u00e1 un a\u00f1o m\u00e1s a la Feria Internacional de Turismo (Fitur) lo mejor de su gastronom\u00eda con el ya tradicional almuerzo con medios de comunicaci\u00f3n especializados, en el que participan prestigiosos restaurantes de la capital y provincia.<\/p>\n<p>Durante la presentaci\u00f3n del men\u00fa gastron\u00f3mico, que se servir\u00e1 el 19 de enero en el Hotel Wellington, el alcalde de la ciudad, Jos\u00e9 Torres Hurtado, ha destacado la buena acogida de esta iniciativa, que arranc\u00f3 hace m\u00e1s de diez a\u00f1os y que ahora es ya un \u00abcl\u00e1sico\u00bb de Granada en Fitur. Ha recordado adem\u00e1s la importancia del turismo gastron\u00f3mico como reclamo y medio de promoci\u00f3n.<\/p>\n<p>En el mismo sentido se ha pronunciado el presidente de la Diputaci\u00f3n, Jos\u00e9 Entrena, quien ha sostenido que la restauraci\u00f3n es \u00abun complemento fundamental\u00bb del turismo, puesto que los visitantes tambi\u00e9n quieren disfrutar de los productos y platos locales.<\/p>\n<p>Se ha referido en este sentido al proyecto &#8216;Sabor Granada&#8217;, en el que est\u00e1n integradas unas 40 empresas con alrededor de 190 productos catalogados.<\/p>\n<p>El men\u00fa gastron\u00f3mico de este a\u00f1o arrancar\u00e1 con unas &#8216;Tapas de bocado&#8217;, una variedad de delicias compuestas por cremoso de cabra con pan de especias, mini pastela moruna con pasas y d\u00e1tiles y pulpo de motril frito con confitura de naranja del Valle de Lecr\u00edn.<\/p>\n<p>Tambi\u00e9n se servir\u00e1n cartuchos crocantes de boquerones en vinagra; bu\u00f1uelos de Pintarroja en adobo, tostas de milhojas de mango, chips de boniato o at\u00fan mediterr\u00e1neo en escabeche, entre otras propuestas.<\/p>\n<p>En el cap\u00edtulo del almuerzo, los comensales degustar\u00e1n para comenzar una ensalada de pescado blanco y gamba de Motril con frutos de la Costa Tropical, que ser\u00e1 preparada por el restaurante &#8216;Sibarius&#8217;. Seguidamente, &#8216;El Conjuro de Calahonda&#8217; ofrecer\u00e1 una raya con fideos aparte. El postre correr\u00e1 a cargo del &#8216;Carmen de Isabela&#8217;, que propondr\u00e1 un mosaico de crema de azahar y mango de Almu\u00f1\u00e9car sobre bizcocho nazar\u00ed de almendras.<\/p>\n<p>En esta edici\u00f3n habr\u00e1 unos 40 comensales de distintos medios de comunicaci\u00f3n especializados que disfrutar\u00e1n de este almuerzo; presidido por el alcalde de Granada, el presidente de la Diputaci\u00f3n y el presidente de la Federaci\u00f3n de Hosteler\u00eda, Trinitario Betoret, con la colaboraci\u00f3n del periodista y experto gastron\u00f3mico granadino, Pablo Amate.<\/p>\n","protected":false},"excerpt":{"rendered":"<p>Granada llevar\u00e1 un a\u00f1o m\u00e1s a la Feria Internacional de Turismo (Fitur) lo mejor de su gastronom\u00eda con el ya tradicional almuerzo con medios de comunicaci\u00f3n especializados, en el que participan prestigiosos restaurantes de la capital y provincia. Durante la presentaci\u00f3n del men\u00fa gastron\u00f3mico, que se servir\u00e1 el 19 de enero en el Hotel Wellington,<\/p>\n","protected":false},"author":1,"featured_media":49547,"comment_status":"open","ping_status":"closed","sticky":false,"template":"","format":"standard","meta":{"footnotes":""},"categories":[224],"tags":[],"class_list":{"0":"post-60836","1":"post","2":"type-post","3":"status-publish","4":"format-standard","5":"has-post-thumbnail","7":"category-noticias-actualidad"},"aioseo_notices":[],"aioseo_head":"\n\t\t<!-- All in One SEO Pro 4.9.6.1 - aioseo.com -->\n\t<meta name=\"description\" content=\"Granada llevar\u00e1 un a\u00f1o m\u00e1s a la Feria Internacional de Turismo (Fitur) lo mejor de su gastronom\u00eda con el ya tradicional almuerzo con medios de comunicaci\u00f3n especializados, en el que participan prestigiosos restaurantes de la capital y provincia. Durante la presentaci\u00f3n del men\u00fa gastron\u00f3mico, que se servir\u00e1 el 19 de enero en el Hotel Wellington,\" \/>\n\t<meta name=\"robots\" content=\"max-image-preview:large\" \/>\n\t<meta name=\"author\" content=\"admin\"\/>\n\t<meta name=\"google-site-verification\" content=\"UA-38556648-1\" \/>\n\t<meta name=\"keywords\" content=\"noticias y actualidad\" \/>\n\t<link rel=\"canonical\" href=\"https:\/\/eldigitaldeasturias.com\/magazine365\/granada-mostrara-en-fitur-2016-lo-mejor-de-su-gastronomia\/\" \/>\n\t<meta name=\"generator\" content=\"All in One SEO Pro (AIOSEO) 4.9.6.1\" \/>\n\t\t<meta property=\"og:locale\" content=\"es_ES\" \/>\n\t\t<meta property=\"og:site_name\" content=\"El Digital de Asturias \u2013 Revista de ocio, turismo y estilo de vida\" \/>\n\t\t<meta property=\"og:type\" content=\"article\" \/>\n\t\t<meta property=\"og:title\" content=\"Granada mostrar\u00e1 en Fitur 2016 lo mejor de su gastronom\u00eda | El Digital de Asturias\" \/>\n\t\t<meta property=\"og:description\" content=\"Granada llevar\u00e1 un a\u00f1o m\u00e1s a la Feria Internacional de Turismo (Fitur) lo mejor de su gastronom\u00eda con el ya tradicional almuerzo con medios de comunicaci\u00f3n especializados, en el que participan prestigiosos restaurantes de la capital y provincia. Durante la presentaci\u00f3n del men\u00fa gastron\u00f3mico, que se servir\u00e1 el 19 de enero en el Hotel Wellington,\" \/>\n\t\t<meta property=\"og:url\" content=\"https:\/\/eldigitaldeasturias.com\/magazine365\/granada-mostrara-en-fitur-2016-lo-mejor-de-su-gastronomia\/\" \/>\n\t\t<meta property=\"og:image\" content=\"https:\/\/eldigitaldeasturias.com\/magazine365\/wp-content\/uploads\/2015\/09\/vino.jpg\" \/>\n\t\t<meta property=\"og:image:secure_url\" content=\"https:\/\/eldigitaldeasturias.com\/magazine365\/wp-content\/uploads\/2015\/09\/vino.jpg\" \/>\n\t\t<meta property=\"og:image:width\" content=\"800\" \/>\n\t\t<meta property=\"og:image:height\" content=\"533\" \/>\n\t\t<meta property=\"article:published_time\" content=\"2016-01-16T11:14:29+00:00\" \/>\n\t\t<meta property=\"article:modified_time\" content=\"2016-01-16T11:14:29+00:00\" \/>\n\t\t<meta name=\"twitter:card\" content=\"summary_large_image\" \/>\n\t\t<meta name=\"twitter:title\" content=\"Granada mostrar\u00e1 en Fitur 2016 lo mejor de su gastronom\u00eda | El Digital de Asturias\" \/>\n\t\t<meta name=\"twitter:description\" content=\"Granada llevar\u00e1 un a\u00f1o m\u00e1s a la Feria Internacional de Turismo (Fitur) lo mejor de su gastronom\u00eda con el ya tradicional almuerzo con medios de comunicaci\u00f3n especializados, en el que participan prestigiosos restaurantes de la capital y provincia. Durante la presentaci\u00f3n del men\u00fa gastron\u00f3mico, que se servir\u00e1 el 19 de enero en el Hotel Wellington,\" \/>\n\t\t<meta name=\"twitter:image\" content=\"https:\/\/eldigitaldeasturias.com\/magazine365\/wp-content\/uploads\/2015\/09\/vino.jpg\" \/>\n\t\t<script type=\"application\/ld+json\" class=\"aioseo-schema\">\n\t\t\t{\"@context\":\"https:\\\/\\\/schema.org\",\"@graph\":[{\"@type\":\"Article\",\"@id\":\"https:\\\/\\\/eldigitaldeasturias.com\\\/magazine365\\\/granada-mostrara-en-fitur-2016-lo-mejor-de-su-gastronomia\\\/#article\",\"name\":\"Granada mostrar\\u00e1 en Fitur 2016 lo mejor de su gastronom\\u00eda | El Digital de Asturias\",\"headline\":\"Granada mostrar\\u00e1 en Fitur 2016 lo mejor de su gastronom\\u00eda\",\"author\":{\"@id\":\"https:\\\/\\\/eldigitaldeasturias.com\\\/magazine365\\\/author\\\/admin\\\/#author\"},\"publisher\":{\"@id\":\"https:\\\/\\\/eldigitaldeasturias.com\\\/magazine365\\\/#organization\"},\"image\":{\"@type\":\"ImageObject\",\"url\":\"https:\\\/\\\/eldigitaldeasturias.com\\\/magazine365\\\/wp-content\\\/uploads\\\/2015\\\/09\\\/vino.jpg\",\"width\":800,\"height\":533},\"datePublished\":\"2016-01-16T12:14:29+01:00\",\"dateModified\":\"2016-01-16T12:14:29+01:00\",\"inLanguage\":\"es-ES\",\"mainEntityOfPage\":{\"@id\":\"https:\\\/\\\/eldigitaldeasturias.com\\\/magazine365\\\/granada-mostrara-en-fitur-2016-lo-mejor-de-su-gastronomia\\\/#webpage\"},\"isPartOf\":{\"@id\":\"https:\\\/\\\/eldigitaldeasturias.com\\\/magazine365\\\/granada-mostrara-en-fitur-2016-lo-mejor-de-su-gastronomia\\\/#webpage\"},\"articleSection\":\"Noticias y Actualidad\"},{\"@type\":\"BreadcrumbList\",\"@id\":\"https:\\\/\\\/eldigitaldeasturias.com\\\/magazine365\\\/granada-mostrara-en-fitur-2016-lo-mejor-de-su-gastronomia\\\/#breadcrumblist\",\"itemListElement\":[{\"@type\":\"ListItem\",\"@id\":\"https:\\\/\\\/eldigitaldeasturias.com\\\/magazine365#listItem\",\"position\":1,\"name\":\"Home\",\"item\":\"https:\\\/\\\/eldigitaldeasturias.com\\\/magazine365\",\"nextItem\":{\"@type\":\"ListItem\",\"@id\":\"https:\\\/\\\/eldigitaldeasturias.com\\\/magazine365\\\/category\\\/noticias-actualidad\\\/#listItem\",\"name\":\"Noticias y Actualidad\"}},{\"@type\":\"ListItem\",\"@id\":\"https:\\\/\\\/eldigitaldeasturias.com\\\/magazine365\\\/category\\\/noticias-actualidad\\\/#listItem\",\"position\":2,\"name\":\"Noticias y Actualidad\",\"item\":\"https:\\\/\\\/eldigitaldeasturias.com\\\/magazine365\\\/category\\\/noticias-actualidad\\\/\",\"nextItem\":{\"@type\":\"ListItem\",\"@id\":\"https:\\\/\\\/eldigitaldeasturias.com\\\/magazine365\\\/granada-mostrara-en-fitur-2016-lo-mejor-de-su-gastronomia\\\/#listItem\",\"name\":\"Granada mostrar\\u00e1 en Fitur 2016 lo mejor de su gastronom\\u00eda\"},\"previousItem\":{\"@type\":\"ListItem\",\"@id\":\"https:\\\/\\\/eldigitaldeasturias.com\\\/magazine365#listItem\",\"name\":\"Home\"}},{\"@type\":\"ListItem\",\"@id\":\"https:\\\/\\\/eldigitaldeasturias.com\\\/magazine365\\\/granada-mostrara-en-fitur-2016-lo-mejor-de-su-gastronomia\\\/#listItem\",\"position\":3,\"name\":\"Granada mostrar\\u00e1 en Fitur 2016 lo mejor de su gastronom\\u00eda\",\"previousItem\":{\"@type\":\"ListItem\",\"@id\":\"https:\\\/\\\/eldigitaldeasturias.com\\\/magazine365\\\/category\\\/noticias-actualidad\\\/#listItem\",\"name\":\"Noticias y Actualidad\"}}]},{\"@type\":\"Organization\",\"@id\":\"https:\\\/\\\/eldigitaldeasturias.com\\\/magazine365\\\/#organization\",\"name\":\"El digital de Asturias\",\"description\":\"Revista de ocio, turismo y estilo de vida\",\"url\":\"https:\\\/\\\/eldigitaldeasturias.com\\\/magazine365\\\/\",\"logo\":{\"@type\":\"ImageObject\",\"url\":\"https:\\\/\\\/www.eldigitaldeasturias.com\\\/noticias\\\/wp-content\\\/uploads\\\/2020\\\/12\\\/EDA.jpg\",\"@id\":\"https:\\\/\\\/eldigitaldeasturias.com\\\/magazine365\\\/granada-mostrara-en-fitur-2016-lo-mejor-de-su-gastronomia\\\/#organizationLogo\"},\"image\":{\"@id\":\"https:\\\/\\\/eldigitaldeasturias.com\\\/magazine365\\\/granada-mostrara-en-fitur-2016-lo-mejor-de-su-gastronomia\\\/#organizationLogo\"}},{\"@type\":\"Person\",\"@id\":\"https:\\\/\\\/eldigitaldeasturias.com\\\/magazine365\\\/author\\\/admin\\\/#author\",\"url\":\"https:\\\/\\\/eldigitaldeasturias.com\\\/magazine365\\\/author\\\/admin\\\/\",\"name\":\"admin\",\"image\":{\"@type\":\"ImageObject\",\"@id\":\"https:\\\/\\\/eldigitaldeasturias.com\\\/magazine365\\\/granada-mostrara-en-fitur-2016-lo-mejor-de-su-gastronomia\\\/#authorImage\",\"url\":\"https:\\\/\\\/eldigitaldeasturias.com\\\/magazine365\\\/wp-content\\\/litespeed\\\/avatar\\\/e571bcf59a0edd6fa6838245a470f2fe.jpg?ver=1777574230\",\"width\":96,\"height\":96,\"caption\":\"admin\"}},{\"@type\":\"WebPage\",\"@id\":\"https:\\\/\\\/eldigitaldeasturias.com\\\/magazine365\\\/granada-mostrara-en-fitur-2016-lo-mejor-de-su-gastronomia\\\/#webpage\",\"url\":\"https:\\\/\\\/eldigitaldeasturias.com\\\/magazine365\\\/granada-mostrara-en-fitur-2016-lo-mejor-de-su-gastronomia\\\/\",\"name\":\"Granada mostrar\\u00e1 en Fitur 2016 lo mejor de su gastronom\\u00eda | El Digital de Asturias\",\"description\":\"Granada llevar\\u00e1 un a\\u00f1o m\\u00e1s a la Feria Internacional de Turismo (Fitur) lo mejor de su gastronom\\u00eda con el ya tradicional almuerzo con medios de comunicaci\\u00f3n especializados, en el que participan prestigiosos restaurantes de la capital y provincia. Durante la presentaci\\u00f3n del men\\u00fa gastron\\u00f3mico, que se servir\\u00e1 el 19 de enero en el Hotel Wellington,\",\"inLanguage\":\"es-ES\",\"isPartOf\":{\"@id\":\"https:\\\/\\\/eldigitaldeasturias.com\\\/magazine365\\\/#website\"},\"breadcrumb\":{\"@id\":\"https:\\\/\\\/eldigitaldeasturias.com\\\/magazine365\\\/granada-mostrara-en-fitur-2016-lo-mejor-de-su-gastronomia\\\/#breadcrumblist\"},\"author\":{\"@id\":\"https:\\\/\\\/eldigitaldeasturias.com\\\/magazine365\\\/author\\\/admin\\\/#author\"},\"creator\":{\"@id\":\"https:\\\/\\\/eldigitaldeasturias.com\\\/magazine365\\\/author\\\/admin\\\/#author\"},\"image\":{\"@type\":\"ImageObject\",\"url\":\"https:\\\/\\\/eldigitaldeasturias.com\\\/magazine365\\\/wp-content\\\/uploads\\\/2015\\\/09\\\/vino.jpg\",\"@id\":\"https:\\\/\\\/eldigitaldeasturias.com\\\/magazine365\\\/granada-mostrara-en-fitur-2016-lo-mejor-de-su-gastronomia\\\/#mainImage\",\"width\":800,\"height\":533},\"primaryImageOfPage\":{\"@id\":\"https:\\\/\\\/eldigitaldeasturias.com\\\/magazine365\\\/granada-mostrara-en-fitur-2016-lo-mejor-de-su-gastronomia\\\/#mainImage\"},\"datePublished\":\"2016-01-16T12:14:29+01:00\",\"dateModified\":\"2016-01-16T12:14:29+01:00\"},{\"@type\":\"WebSite\",\"@id\":\"https:\\\/\\\/eldigitaldeasturias.com\\\/magazine365\\\/#website\",\"url\":\"https:\\\/\\\/eldigitaldeasturias.com\\\/magazine365\\\/\",\"name\":\"El Digital de Asturias\",\"description\":\"Revista de ocio, turismo y estilo de vida\",\"inLanguage\":\"es-ES\",\"publisher\":{\"@id\":\"https:\\\/\\\/eldigitaldeasturias.com\\\/magazine365\\\/#organization\"}}]}\n\t\t<\/script>\n\t\t<!-- All in One SEO Pro -->\r\n\t\t<title>Granada mostrar\u00e1 en Fitur 2016 lo mejor de su gastronom\u00eda | El Digital de Asturias<\/title>\n\n","aioseo_head_json":{"title":"Granada mostrar\u00e1 en Fitur 2016 lo mejor de su gastronom\u00eda | El Digital de Asturias","description":"Granada llevar\u00e1 un a\u00f1o m\u00e1s a la Feria Internacional de Turismo (Fitur) lo mejor de su gastronom\u00eda con el ya tradicional almuerzo con medios de comunicaci\u00f3n especializados, en el que participan prestigiosos restaurantes de la capital y provincia. Durante la presentaci\u00f3n del men\u00fa gastron\u00f3mico, que se servir\u00e1 el 19 de enero en el Hotel Wellington,","canonical_url":"https:\/\/eldigitaldeasturias.com\/magazine365\/granada-mostrara-en-fitur-2016-lo-mejor-de-su-gastronomia\/","robots":"max-image-preview:large","keywords":"noticias y actualidad","webmasterTools":{"google-site-verification":"UA-38556648-1","miscellaneous":""},"schema":{"@context":"https:\/\/schema.org","@graph":[{"@type":"Article","@id":"https:\/\/eldigitaldeasturias.com\/magazine365\/granada-mostrara-en-fitur-2016-lo-mejor-de-su-gastronomia\/#article","name":"Granada mostrar\u00e1 en Fitur 2016 lo mejor de su gastronom\u00eda | El Digital de Asturias","headline":"Granada mostrar\u00e1 en Fitur 2016 lo mejor de su gastronom\u00eda","author":{"@id":"https:\/\/eldigitaldeasturias.com\/magazine365\/author\/admin\/#author"},"publisher":{"@id":"https:\/\/eldigitaldeasturias.com\/magazine365\/#organization"},"image":{"@type":"ImageObject","url":"https:\/\/eldigitaldeasturias.com\/magazine365\/wp-content\/uploads\/2015\/09\/vino.jpg","width":800,"height":533},"datePublished":"2016-01-16T12:14:29+01:00","dateModified":"2016-01-16T12:14:29+01:00","inLanguage":"es-ES","mainEntityOfPage":{"@id":"https:\/\/eldigitaldeasturias.com\/magazine365\/granada-mostrara-en-fitur-2016-lo-mejor-de-su-gastronomia\/#webpage"},"isPartOf":{"@id":"https:\/\/eldigitaldeasturias.com\/magazine365\/granada-mostrara-en-fitur-2016-lo-mejor-de-su-gastronomia\/#webpage"},"articleSection":"Noticias y Actualidad"},{"@type":"BreadcrumbList","@id":"https:\/\/eldigitaldeasturias.com\/magazine365\/granada-mostrara-en-fitur-2016-lo-mejor-de-su-gastronomia\/#breadcrumblist","itemListElement":[{"@type":"ListItem","@id":"https:\/\/eldigitaldeasturias.com\/magazine365#listItem","position":1,"name":"Home","item":"https:\/\/eldigitaldeasturias.com\/magazine365","nextItem":{"@type":"ListItem","@id":"https:\/\/eldigitaldeasturias.com\/magazine365\/category\/noticias-actualidad\/#listItem","name":"Noticias y Actualidad"}},{"@type":"ListItem","@id":"https:\/\/eldigitaldeasturias.com\/magazine365\/category\/noticias-actualidad\/#listItem","position":2,"name":"Noticias y Actualidad","item":"https:\/\/eldigitaldeasturias.com\/magazine365\/category\/noticias-actualidad\/","nextItem":{"@type":"ListItem","@id":"https:\/\/eldigitaldeasturias.com\/magazine365\/granada-mostrara-en-fitur-2016-lo-mejor-de-su-gastronomia\/#listItem","name":"Granada mostrar\u00e1 en Fitur 2016 lo mejor de su gastronom\u00eda"},"previousItem":{"@type":"ListItem","@id":"https:\/\/eldigitaldeasturias.com\/magazine365#listItem","name":"Home"}},{"@type":"ListItem","@id":"https:\/\/eldigitaldeasturias.com\/magazine365\/granada-mostrara-en-fitur-2016-lo-mejor-de-su-gastronomia\/#listItem","position":3,"name":"Granada mostrar\u00e1 en Fitur 2016 lo mejor de su gastronom\u00eda","previousItem":{"@type":"ListItem","@id":"https:\/\/eldigitaldeasturias.com\/magazine365\/category\/noticias-actualidad\/#listItem","name":"Noticias y Actualidad"}}]},{"@type":"Organization","@id":"https:\/\/eldigitaldeasturias.com\/magazine365\/#organization","name":"El digital de Asturias","description":"Revista de ocio, turismo y estilo de vida","url":"https:\/\/eldigitaldeasturias.com\/magazine365\/","logo":{"@type":"ImageObject","url":"https:\/\/www.eldigitaldeasturias.com\/noticias\/wp-content\/uploads\/2020\/12\/EDA.jpg","@id":"https:\/\/eldigitaldeasturias.com\/magazine365\/granada-mostrara-en-fitur-2016-lo-mejor-de-su-gastronomia\/#organizationLogo"},"image":{"@id":"https:\/\/eldigitaldeasturias.com\/magazine365\/granada-mostrara-en-fitur-2016-lo-mejor-de-su-gastronomia\/#organizationLogo"}},{"@type":"Person","@id":"https:\/\/eldigitaldeasturias.com\/magazine365\/author\/admin\/#author","url":"https:\/\/eldigitaldeasturias.com\/magazine365\/author\/admin\/","name":"admin","image":{"@type":"ImageObject","@id":"https:\/\/eldigitaldeasturias.com\/magazine365\/granada-mostrara-en-fitur-2016-lo-mejor-de-su-gastronomia\/#authorImage","url":"https:\/\/eldigitaldeasturias.com\/magazine365\/wp-content\/litespeed\/avatar\/e571bcf59a0edd6fa6838245a470f2fe.jpg?ver=1777574230","width":96,"height":96,"caption":"admin"}},{"@type":"WebPage","@id":"https:\/\/eldigitaldeasturias.com\/magazine365\/granada-mostrara-en-fitur-2016-lo-mejor-de-su-gastronomia\/#webpage","url":"https:\/\/eldigitaldeasturias.com\/magazine365\/granada-mostrara-en-fitur-2016-lo-mejor-de-su-gastronomia\/","name":"Granada mostrar\u00e1 en Fitur 2016 lo mejor de su gastronom\u00eda | El Digital de Asturias","description":"Granada llevar\u00e1 un a\u00f1o m\u00e1s a la Feria Internacional de Turismo (Fitur) lo mejor de su gastronom\u00eda con el ya tradicional almuerzo con medios de comunicaci\u00f3n especializados, en el que participan prestigiosos restaurantes de la capital y provincia. Durante la presentaci\u00f3n del men\u00fa gastron\u00f3mico, que se servir\u00e1 el 19 de enero en el Hotel Wellington,","inLanguage":"es-ES","isPartOf":{"@id":"https:\/\/eldigitaldeasturias.com\/magazine365\/#website"},"breadcrumb":{"@id":"https:\/\/eldigitaldeasturias.com\/magazine365\/granada-mostrara-en-fitur-2016-lo-mejor-de-su-gastronomia\/#breadcrumblist"},"author":{"@id":"https:\/\/eldigitaldeasturias.com\/magazine365\/author\/admin\/#author"},"creator":{"@id":"https:\/\/eldigitaldeasturias.com\/magazine365\/author\/admin\/#author"},"image":{"@type":"ImageObject","url":"https:\/\/eldigitaldeasturias.com\/magazine365\/wp-content\/uploads\/2015\/09\/vino.jpg","@id":"https:\/\/eldigitaldeasturias.com\/magazine365\/granada-mostrara-en-fitur-2016-lo-mejor-de-su-gastronomia\/#mainImage","width":800,"height":533},"primaryImageOfPage":{"@id":"https:\/\/eldigitaldeasturias.com\/magazine365\/granada-mostrara-en-fitur-2016-lo-mejor-de-su-gastronomia\/#mainImage"},"datePublished":"2016-01-16T12:14:29+01:00","dateModified":"2016-01-16T12:14:29+01:00"},{"@type":"WebSite","@id":"https:\/\/eldigitaldeasturias.com\/magazine365\/#website","url":"https:\/\/eldigitaldeasturias.com\/magazine365\/","name":"El Digital de Asturias","description":"Revista de ocio, turismo y estilo de vida","inLanguage":"es-ES","publisher":{"@id":"https:\/\/eldigitaldeasturias.com\/magazine365\/#organization"}}]},"og:locale":"es_ES","og:site_name":"El Digital de Asturias \u2013 Revista de ocio, turismo y estilo de vida","og:type":"article","og:title":"Granada mostrar\u00e1 en Fitur 2016 lo mejor de su gastronom\u00eda | El Digital de Asturias","og:description":"Granada llevar\u00e1 un a\u00f1o m\u00e1s a la Feria Internacional de Turismo (Fitur) lo mejor de su gastronom\u00eda con el ya tradicional almuerzo con medios de comunicaci\u00f3n especializados, en el que participan prestigiosos restaurantes de la capital y provincia. Durante la presentaci\u00f3n del men\u00fa gastron\u00f3mico, que se servir\u00e1 el 19 de enero en el Hotel Wellington,","og:url":"https:\/\/eldigitaldeasturias.com\/magazine365\/granada-mostrara-en-fitur-2016-lo-mejor-de-su-gastronomia\/","og:image":"https:\/\/eldigitaldeasturias.com\/magazine365\/wp-content\/uploads\/2015\/09\/vino.jpg","og:image:secure_url":"https:\/\/eldigitaldeasturias.com\/magazine365\/wp-content\/uploads\/2015\/09\/vino.jpg","og:image:width":800,"og:image:height":533,"article:published_time":"2016-01-16T11:14:29+00:00","article:modified_time":"2016-01-16T11:14:29+00:00","twitter:card":"summary_large_image","twitter:title":"Granada mostrar\u00e1 en Fitur 2016 lo mejor de su gastronom\u00eda | El Digital de Asturias","twitter:description":"Granada llevar\u00e1 un a\u00f1o m\u00e1s a la Feria Internacional de Turismo (Fitur) lo mejor de su gastronom\u00eda con el ya tradicional almuerzo con medios de comunicaci\u00f3n especializados, en el que participan prestigiosos restaurantes de la capital y provincia. Durante la presentaci\u00f3n del men\u00fa gastron\u00f3mico, que se servir\u00e1 el 19 de enero en el Hotel Wellington,","twitter:image":"https:\/\/eldigitaldeasturias.com\/magazine365\/wp-content\/uploads\/2015\/09\/vino.jpg"},"aioseo_meta_data":{"post_id":"60836","title":null,"description":null,"keywords":null,"keyphrases":null,"primary_term":null,"canonical_url":null,"og_title":null,"og_description":null,"og_object_type":"default","og_image_type":"default","og_image_url":null,"og_image_width":null,"og_image_height":null,"og_image_custom_url":null,"og_image_custom_fields":null,"og_video":null,"og_custom_url":null,"og_article_section":null,"og_article_tags":null,"twitter_use_og":false,"twitter_card":"default","twitter_image_type":"default","twitter_image_url":null,"twitter_image_custom_url":null,"twitter_image_custom_fields":null,"twitter_title":null,"twitter_description":null,"schema":{"blockGraphs":[],"customGraphs":[],"default":{"data":{"Article":[],"Course":[],"Dataset":[],"FAQPage":[],"Movie":[],"Person":[],"Product":[],"ProductReview":[],"Car":[],"Recipe":[],"Service":[],"SoftwareApplication":[],"WebPage":[]},"graphName":"","isEnabled":true},"graphs":[],"defaultGraph":"","defaultPostTypeGraph":""},"schema_type":null,"schema_type_options":null,"pillar_content":false,"robots_default":true,"robots_noindex":false,"robots_noarchive":false,"robots_nosnippet":false,"robots_nofollow":false,"robots_noimageindex":false,"robots_noodp":false,"robots_notranslate":false,"robots_max_snippet":null,"robots_max_videopreview":null,"robots_max_imagepreview":"large","priority":null,"frequency":null,"location":null,"local_seo":null,"seo_analyzer_scan_date":"2025-09-25 07:40:27","breadcrumb_settings":null,"limit_modified_date":false,"open_ai":null,"ai":null,"created":"2021-03-08 21:55:18","updated":"2025-09-25 07:40:27"},"aioseo_breadcrumb":"<div class=\"aioseo-breadcrumbs\"><span class=\"aioseo-breadcrumb\">\n\t<a href=\"https:\/\/eldigitaldeasturias.com\/magazine365\" title=\"Home\">Home<\/a>\n<\/span><span class=\"aioseo-breadcrumb-separator\">\u2013<\/span><span class=\"aioseo-breadcrumb\">\n\t<a href=\"https:\/\/eldigitaldeasturias.com\/magazine365\/category\/noticias-actualidad\/\" title=\"Noticias y Actualidad\">Noticias y Actualidad<\/a>\n<\/span><span class=\"aioseo-breadcrumb-separator\">\u2013<\/span><span class=\"aioseo-breadcrumb\">\n\t<a href=\"https:\/\/eldigitaldeasturias.com\/magazine365\/granada-mostrara-en-fitur-2016-lo-mejor-de-su-gastronomia\/\" title=\"Granada mostrar\u00e1 en Fitur 2016 lo mejor de su gastronom\u00eda\">Granada mostrar\u00e1 en Fitur 2016 lo mejor de su gastronom\u00eda<\/a>\n<\/span><\/div>","aioseo_breadcrumb_json":[{"label":"Home","link":"https:\/\/eldigitaldeasturias.com\/magazine365"},{"label":"Noticias y Actualidad","link":"https:\/\/eldigitaldeasturias.com\/magazine365\/category\/noticias-actualidad\/"},{"label":"Granada mostrar\u00e1 en Fitur 2016 lo mejor de su gastronom\u00eda","link":"https:\/\/eldigitaldeasturias.com\/magazine365\/granada-mostrara-en-fitur-2016-lo-mejor-de-su-gastronomia\/"}],"_links":{"self":[{"href":"https:\/\/eldigitaldeasturias.com\/magazine365\/wp-json\/wp\/v2\/posts\/60836","targetHints":{"allow":["GET"]}}],"collection":[{"href":"https:\/\/eldigitaldeasturias.com\/magazine365\/wp-json\/wp\/v2\/posts"}],"about":[{"href":"https:\/\/eldigitaldeasturias.com\/magazine365\/wp-json\/wp\/v2\/types\/post"}],"author":[{"embeddable":true,"href":"https:\/\/eldigitaldeasturias.com\/magazine365\/wp-json\/wp\/v2\/users\/1"}],"replies":[{"embeddable":true,"href":"https:\/\/eldigitaldeasturias.com\/magazine365\/wp-json\/wp\/v2\/comments?post=60836"}],"version-history":[{"count":0,"href":"https:\/\/eldigitaldeasturias.com\/magazine365\/wp-json\/wp\/v2\/posts\/60836\/revisions"}],"wp:featuredmedia":[{"embeddable":true,"href":"https:\/\/eldigitaldeasturias.com\/magazine365\/wp-json\/wp\/v2\/media\/49547"}],"wp:attachment":[{"href":"https:\/\/eldigitaldeasturias.com\/magazine365\/wp-json\/wp\/v2\/media?parent=60836"}],"wp:term":[{"taxonomy":"category","embeddable":true,"href":"https:\/\/eldigitaldeasturias.com\/magazine365\/wp-json\/wp\/v2\/categories?post=60836"},{"taxonomy":"post_tag","embeddable":true,"href":"https:\/\/eldigitaldeasturias.com\/magazine365\/wp-json\/wp\/v2\/tags?post=60836"}],"curies":[{"name":"wp","href":"https:\/\/api.w.org\/{rel}","templated":true}]}}