{"id":60833,"date":"2016-01-16T12:13:30","date_gmt":"2016-01-16T11:13:30","guid":{"rendered":"http:\/\/eldigitaldeasturias.com\/magazine365\/?p=60833"},"modified":"2016-01-16T12:13:30","modified_gmt":"2016-01-16T11:13:30","slug":"sevilla-en-fitur-2016","status":"publish","type":"post","link":"https:\/\/eldigitaldeasturias.com\/magazine365\/sevilla-en-fitur-2016\/","title":{"rendered":"Sevilla en Fitur 2016"},"content":{"rendered":"<p><img fetchpriority=\"high\" decoding=\"async\" class=\"alignleft size-medium wp-image-60834\" src=\"https:\/\/eldigitaldeasturias.com\/magazine365\/wp-content\/uploads\/2016\/01\/fotonoticia_20160115155120_800-201x300.jpg\" alt=\"fotonoticia_20160115155120_800\" width=\"201\" height=\"300\" srcset=\"https:\/\/eldigitaldeasturias.com\/magazine365\/wp-content\/uploads\/2016\/01\/fotonoticia_20160115155120_800-201x300.jpg 201w, https:\/\/eldigitaldeasturias.com\/magazine365\/wp-content\/uploads\/2016\/01\/fotonoticia_20160115155120_800-428x640.jpg 428w, https:\/\/eldigitaldeasturias.com\/magazine365\/wp-content\/uploads\/2016\/01\/fotonoticia_20160115155120_800-768x1148.jpg 768w, https:\/\/eldigitaldeasturias.com\/magazine365\/wp-content\/uploads\/2016\/01\/fotonoticia_20160115155120_800-150x224.jpg 150w, https:\/\/eldigitaldeasturias.com\/magazine365\/wp-content\/uploads\/2016\/01\/fotonoticia_20160115155120_800-450x673.jpg 450w, https:\/\/eldigitaldeasturias.com\/magazine365\/wp-content\/uploads\/2016\/01\/fotonoticia_20160115155120_800-696x1041.jpg 696w, https:\/\/eldigitaldeasturias.com\/magazine365\/wp-content\/uploads\/2016\/01\/fotonoticia_20160115155120_800-281x420.jpg 281w, https:\/\/eldigitaldeasturias.com\/magazine365\/wp-content\/uploads\/2016\/01\/fotonoticia_20160115155120_800.jpg 800w\" sizes=\"(max-width: 201px) 100vw, 201px\" \/>El concejal delegado de H\u00e1bitat Urbano, Cultura y Turismo del Ayuntamiento de Sevilla, el socialista Antonio Mu\u00f1oz, ha presentado este viernes el programa de actividades en la Feria Internacional del Turismo (Fitur), que se celebra en Madrid, y que se centrar\u00e1 en contar con una agenda \u00abmuy profesionalizada\u00bb para lograr la mejora de la posici\u00f3n en los cat\u00e1logos de ventas de destino. Se desarrollar\u00e1n reuniones y encuentros con los principales touroperadores, empresas tur\u00edsticas y compa\u00f1\u00edas a\u00e9reas, adem\u00e1s de eventos como la presentaci\u00f3n ante del destino &#8216;Sevilla en el Foro de la Organizaci\u00f3n Mundial del Turismo.<\/p>\n<p>La oferta se centrar\u00e1 en la cultura, presentando la programaci\u00f3n completa de la Bienal de Flamenco, tal como ped\u00eda el sector, as\u00ed como la agenda cultural de oto\u00f1o de la ciudad y destacando la apertura del Palacio de Due\u00f1as al p\u00fablico en la primavera de 2016.<\/p>\n<p>Junto al gerente del Consorcio de Turismo, Antonio Jim\u00e9nez, y tras reunirse con distintas asociaciones de la industria tur\u00edstica, Mu\u00f1oz ha explicado que se contar\u00e1 con una agenda \u00abtremenda y muy profesionalizada\u00bb para que Sevilla est\u00e9 \u00aben el m\u00e1ximo de cat\u00e1logos\u00bb, dejando claro que este perfil m\u00e1s profesional en el encuentro \u00abno exist\u00eda antes con la potencia que se requer\u00eda\u00bb.<\/p>\n<p>As\u00ed, para \u00abrentabilizar Fitur del mejor modo\u00bb, se desarrollar\u00e1n m\u00e1s de una veintena de encuentros con touroperadores internacionales para incorporar la capital en sus cat\u00e1logos, con una docena de encuentros con grupos de gesti\u00f3n de agendas de viaje nacionales para que programen Sevilla. Adem\u00e1s, ya hay previstas una decena de reuniones con compa\u00f1\u00edas a\u00e9reas para impulsar las conexiones del aeropuerto de San Pablo, adem\u00e1s de encuentros con touroperadores especializados en flamenco y cultura para crecer en visitantes extranjeros.<\/p>\n<p>Tambi\u00e9n, se aprovechar\u00e1 la presencia de los directores de las oficinas de turismo en el exterior, en pa\u00edses como Estados Unidos, Francia o Alemania para que conozcan los eventos hispalenses en 2016 y se realizar\u00e1 la \u00ab\u00fanica presentaci\u00f3n que hace una ciudad de un destino\u00bb ante la Organizaci\u00f3n Mundial del Turismo este lunes en el marco del foro de la entidad.<\/p>\n<p>Igualmente, el martes se realizar\u00e1 otra presentaci\u00f3n ante la asociaci\u00f3n que re\u00fane a las 45 principales organizaciones de evento espa\u00f1olas, mostrando los nuevos espacios de congresos en la ciudad, una jornada en la que tambi\u00e9n se participar\u00e1 por la noche en la presentaci\u00f3n del destino sevillano que se har\u00e1 ante el cuerpo diplom\u00e1tico y que ya tiene confirmaci\u00f3n de 30 embajadores, un evento que se desarrolla de la mano de la Diputaci\u00f3n de Sevilla. Adem\u00e1s, se contar\u00e1 con presencia en la reuni\u00f3n t\u00e9cnica de Google para analizar el posicionamiento en Internet.<\/p>\n<p>El responsable municipal ha detallado que el gobierno de Espadas se marc\u00f3 la existencia de un gran evento al a\u00f1o, marcado en 2016 por la Bienal de Flamenco, que contar\u00e1 con la presentaci\u00f3n completa de su programaci\u00f3n. \u00abSiembre se ha presentado un par de meses antes y hab\u00eda poco tiempo para su comercializaci\u00f3n, por lo que este a\u00f1o se ha decidido terminar en enero\u00bb, explica.<\/p>\n<p>Tambi\u00e9n, se llevar\u00e1 la programaci\u00f3n de oto\u00f1o de la ciudad, que a\u00fana el Festival de Cine, el Mes de Danza o el Festival de Teatro, continuando con la programaci\u00f3n navide\u00f1a, que continuar\u00e1 en 2016 con la tendencia del programa &#8216;Alumbra&#8217;.<\/p>\n<p>Adem\u00e1s, el Ayuntamiento presentar\u00e1 la pr\u00f3xima edici\u00f3n del Marat\u00f3n y se pondr\u00e1 en valor la gastronom\u00eda con muestras en directo por parte de diferentes cocineros. Mu\u00f1oz ha detallado que los empresarios llevar\u00e1n a cabo presentaciones como la gu\u00eda de hoteles y terrazas de verano, la nueva edici\u00f3n de la Sevilla Tapas Week o de la iniciativa &#8216;Shopping Sevilla&#8217;.<\/p>\n","protected":false},"excerpt":{"rendered":"<p>El concejal delegado de H\u00e1bitat Urbano, Cultura y Turismo del Ayuntamiento de Sevilla, el socialista Antonio Mu\u00f1oz, ha presentado este viernes el programa de actividades en la Feria Internacional del Turismo (Fitur), que se celebra en Madrid, y que se centrar\u00e1 en contar con una agenda \u00abmuy profesionalizada\u00bb para lograr la mejora de la posici\u00f3n<\/p>\n","protected":false},"author":1,"featured_media":60834,"comment_status":"open","ping_status":"closed","sticky":false,"template":"","format":"standard","meta":{"footnotes":""},"categories":[224],"tags":[],"class_list":{"0":"post-60833","1":"post","2":"type-post","3":"status-publish","4":"format-standard","5":"has-post-thumbnail","7":"category-noticias-actualidad"},"aioseo_notices":[],"aioseo_head":"\n\t\t<!-- All in One SEO Pro 4.9.6.1 - aioseo.com -->\n\t<meta name=\"description\" content=\"El concejal delegado de H\u00e1bitat Urbano, Cultura y Turismo del Ayuntamiento de Sevilla, el socialista Antonio Mu\u00f1oz, ha presentado este viernes el programa de actividades en la Feria Internacional del Turismo (Fitur), que se celebra en Madrid, y que se centrar\u00e1 en contar con una agenda &quot;muy profesionalizada&quot; para lograr la mejora de la posici\u00f3n\" \/>\n\t<meta name=\"robots\" content=\"max-image-preview:large\" \/>\n\t<meta name=\"author\" content=\"admin\"\/>\n\t<meta name=\"google-site-verification\" content=\"UA-38556648-1\" \/>\n\t<meta name=\"keywords\" content=\"noticias y actualidad\" \/>\n\t<link rel=\"canonical\" href=\"https:\/\/eldigitaldeasturias.com\/magazine365\/sevilla-en-fitur-2016\/\" \/>\n\t<meta name=\"generator\" content=\"All in One SEO Pro (AIOSEO) 4.9.6.1\" \/>\n\t\t<meta property=\"og:locale\" content=\"es_ES\" \/>\n\t\t<meta property=\"og:site_name\" content=\"El Digital de Asturias \u2013 Revista de ocio, turismo y estilo de vida\" \/>\n\t\t<meta property=\"og:type\" content=\"article\" \/>\n\t\t<meta property=\"og:title\" content=\"Sevilla en Fitur 2016 | El Digital de Asturias\" \/>\n\t\t<meta property=\"og:description\" content=\"El concejal delegado de H\u00e1bitat Urbano, Cultura y Turismo del Ayuntamiento de Sevilla, el socialista Antonio Mu\u00f1oz, ha presentado este viernes el programa de actividades en la Feria Internacional del Turismo (Fitur), que se celebra en Madrid, y que se centrar\u00e1 en contar con una agenda &quot;muy profesionalizada&quot; para lograr la mejora de la posici\u00f3n\" \/>\n\t\t<meta property=\"og:url\" content=\"https:\/\/eldigitaldeasturias.com\/magazine365\/sevilla-en-fitur-2016\/\" \/>\n\t\t<meta property=\"og:image\" content=\"https:\/\/eldigitaldeasturias.com\/magazine365\/wp-content\/uploads\/2016\/01\/fotonoticia_20160115155120_800.jpg\" \/>\n\t\t<meta property=\"og:image:secure_url\" content=\"https:\/\/eldigitaldeasturias.com\/magazine365\/wp-content\/uploads\/2016\/01\/fotonoticia_20160115155120_800.jpg\" \/>\n\t\t<meta property=\"og:image:width\" content=\"800\" \/>\n\t\t<meta property=\"og:image:height\" content=\"1196\" \/>\n\t\t<meta property=\"article:published_time\" content=\"2016-01-16T11:13:30+00:00\" \/>\n\t\t<meta property=\"article:modified_time\" content=\"2016-01-16T11:13:30+00:00\" \/>\n\t\t<meta name=\"twitter:card\" content=\"summary_large_image\" \/>\n\t\t<meta name=\"twitter:title\" content=\"Sevilla en Fitur 2016 | El Digital de Asturias\" \/>\n\t\t<meta name=\"twitter:description\" content=\"El concejal delegado de H\u00e1bitat Urbano, Cultura y Turismo del Ayuntamiento de Sevilla, el socialista Antonio Mu\u00f1oz, ha presentado este viernes el programa de actividades en la Feria Internacional del Turismo (Fitur), que se celebra en Madrid, y que se centrar\u00e1 en contar con una agenda &quot;muy profesionalizada&quot; para lograr la mejora de la posici\u00f3n\" \/>\n\t\t<meta name=\"twitter:image\" content=\"https:\/\/eldigitaldeasturias.com\/magazine365\/wp-content\/uploads\/2016\/01\/fotonoticia_20160115155120_800.jpg\" \/>\n\t\t<script type=\"application\/ld+json\" class=\"aioseo-schema\">\n\t\t\t{\"@context\":\"https:\\\/\\\/schema.org\",\"@graph\":[{\"@type\":\"Article\",\"@id\":\"https:\\\/\\\/eldigitaldeasturias.com\\\/magazine365\\\/sevilla-en-fitur-2016\\\/#article\",\"name\":\"Sevilla en Fitur 2016 | El Digital de Asturias\",\"headline\":\"Sevilla en Fitur 2016\",\"author\":{\"@id\":\"https:\\\/\\\/eldigitaldeasturias.com\\\/magazine365\\\/author\\\/admin\\\/#author\"},\"publisher\":{\"@id\":\"https:\\\/\\\/eldigitaldeasturias.com\\\/magazine365\\\/#organization\"},\"image\":{\"@type\":\"ImageObject\",\"url\":\"https:\\\/\\\/eldigitaldeasturias.com\\\/magazine365\\\/wp-content\\\/uploads\\\/2016\\\/01\\\/fotonoticia_20160115155120_800.jpg\",\"width\":800,\"height\":1196},\"datePublished\":\"2016-01-16T12:13:30+01:00\",\"dateModified\":\"2016-01-16T12:13:30+01:00\",\"inLanguage\":\"es-ES\",\"mainEntityOfPage\":{\"@id\":\"https:\\\/\\\/eldigitaldeasturias.com\\\/magazine365\\\/sevilla-en-fitur-2016\\\/#webpage\"},\"isPartOf\":{\"@id\":\"https:\\\/\\\/eldigitaldeasturias.com\\\/magazine365\\\/sevilla-en-fitur-2016\\\/#webpage\"},\"articleSection\":\"Noticias y Actualidad\"},{\"@type\":\"BreadcrumbList\",\"@id\":\"https:\\\/\\\/eldigitaldeasturias.com\\\/magazine365\\\/sevilla-en-fitur-2016\\\/#breadcrumblist\",\"itemListElement\":[{\"@type\":\"ListItem\",\"@id\":\"https:\\\/\\\/eldigitaldeasturias.com\\\/magazine365#listItem\",\"position\":1,\"name\":\"Home\",\"item\":\"https:\\\/\\\/eldigitaldeasturias.com\\\/magazine365\",\"nextItem\":{\"@type\":\"ListItem\",\"@id\":\"https:\\\/\\\/eldigitaldeasturias.com\\\/magazine365\\\/category\\\/noticias-actualidad\\\/#listItem\",\"name\":\"Noticias y Actualidad\"}},{\"@type\":\"ListItem\",\"@id\":\"https:\\\/\\\/eldigitaldeasturias.com\\\/magazine365\\\/category\\\/noticias-actualidad\\\/#listItem\",\"position\":2,\"name\":\"Noticias y Actualidad\",\"item\":\"https:\\\/\\\/eldigitaldeasturias.com\\\/magazine365\\\/category\\\/noticias-actualidad\\\/\",\"nextItem\":{\"@type\":\"ListItem\",\"@id\":\"https:\\\/\\\/eldigitaldeasturias.com\\\/magazine365\\\/sevilla-en-fitur-2016\\\/#listItem\",\"name\":\"Sevilla en Fitur 2016\"},\"previousItem\":{\"@type\":\"ListItem\",\"@id\":\"https:\\\/\\\/eldigitaldeasturias.com\\\/magazine365#listItem\",\"name\":\"Home\"}},{\"@type\":\"ListItem\",\"@id\":\"https:\\\/\\\/eldigitaldeasturias.com\\\/magazine365\\\/sevilla-en-fitur-2016\\\/#listItem\",\"position\":3,\"name\":\"Sevilla en Fitur 2016\",\"previousItem\":{\"@type\":\"ListItem\",\"@id\":\"https:\\\/\\\/eldigitaldeasturias.com\\\/magazine365\\\/category\\\/noticias-actualidad\\\/#listItem\",\"name\":\"Noticias y Actualidad\"}}]},{\"@type\":\"Organization\",\"@id\":\"https:\\\/\\\/eldigitaldeasturias.com\\\/magazine365\\\/#organization\",\"name\":\"El digital de Asturias\",\"description\":\"Revista de ocio, turismo y estilo de vida\",\"url\":\"https:\\\/\\\/eldigitaldeasturias.com\\\/magazine365\\\/\",\"logo\":{\"@type\":\"ImageObject\",\"url\":\"https:\\\/\\\/www.eldigitaldeasturias.com\\\/noticias\\\/wp-content\\\/uploads\\\/2020\\\/12\\\/EDA.jpg\",\"@id\":\"https:\\\/\\\/eldigitaldeasturias.com\\\/magazine365\\\/sevilla-en-fitur-2016\\\/#organizationLogo\"},\"image\":{\"@id\":\"https:\\\/\\\/eldigitaldeasturias.com\\\/magazine365\\\/sevilla-en-fitur-2016\\\/#organizationLogo\"}},{\"@type\":\"Person\",\"@id\":\"https:\\\/\\\/eldigitaldeasturias.com\\\/magazine365\\\/author\\\/admin\\\/#author\",\"url\":\"https:\\\/\\\/eldigitaldeasturias.com\\\/magazine365\\\/author\\\/admin\\\/\",\"name\":\"admin\",\"image\":{\"@type\":\"ImageObject\",\"@id\":\"https:\\\/\\\/eldigitaldeasturias.com\\\/magazine365\\\/sevilla-en-fitur-2016\\\/#authorImage\",\"url\":\"https:\\\/\\\/eldigitaldeasturias.com\\\/magazine365\\\/wp-content\\\/litespeed\\\/avatar\\\/e571bcf59a0edd6fa6838245a470f2fe.jpg?ver=1777574230\",\"width\":96,\"height\":96,\"caption\":\"admin\"}},{\"@type\":\"WebPage\",\"@id\":\"https:\\\/\\\/eldigitaldeasturias.com\\\/magazine365\\\/sevilla-en-fitur-2016\\\/#webpage\",\"url\":\"https:\\\/\\\/eldigitaldeasturias.com\\\/magazine365\\\/sevilla-en-fitur-2016\\\/\",\"name\":\"Sevilla en Fitur 2016 | El Digital de Asturias\",\"description\":\"El concejal delegado de H\\u00e1bitat Urbano, Cultura y Turismo del Ayuntamiento de Sevilla, el socialista Antonio Mu\\u00f1oz, ha presentado este viernes el programa de actividades en la Feria Internacional del Turismo (Fitur), que se celebra en Madrid, y que se centrar\\u00e1 en contar con una agenda \\\"muy profesionalizada\\\" para lograr la mejora de la posici\\u00f3n\",\"inLanguage\":\"es-ES\",\"isPartOf\":{\"@id\":\"https:\\\/\\\/eldigitaldeasturias.com\\\/magazine365\\\/#website\"},\"breadcrumb\":{\"@id\":\"https:\\\/\\\/eldigitaldeasturias.com\\\/magazine365\\\/sevilla-en-fitur-2016\\\/#breadcrumblist\"},\"author\":{\"@id\":\"https:\\\/\\\/eldigitaldeasturias.com\\\/magazine365\\\/author\\\/admin\\\/#author\"},\"creator\":{\"@id\":\"https:\\\/\\\/eldigitaldeasturias.com\\\/magazine365\\\/author\\\/admin\\\/#author\"},\"image\":{\"@type\":\"ImageObject\",\"url\":\"https:\\\/\\\/eldigitaldeasturias.com\\\/magazine365\\\/wp-content\\\/uploads\\\/2016\\\/01\\\/fotonoticia_20160115155120_800.jpg\",\"@id\":\"https:\\\/\\\/eldigitaldeasturias.com\\\/magazine365\\\/sevilla-en-fitur-2016\\\/#mainImage\",\"width\":800,\"height\":1196},\"primaryImageOfPage\":{\"@id\":\"https:\\\/\\\/eldigitaldeasturias.com\\\/magazine365\\\/sevilla-en-fitur-2016\\\/#mainImage\"},\"datePublished\":\"2016-01-16T12:13:30+01:00\",\"dateModified\":\"2016-01-16T12:13:30+01:00\"},{\"@type\":\"WebSite\",\"@id\":\"https:\\\/\\\/eldigitaldeasturias.com\\\/magazine365\\\/#website\",\"url\":\"https:\\\/\\\/eldigitaldeasturias.com\\\/magazine365\\\/\",\"name\":\"El Digital de Asturias\",\"description\":\"Revista de ocio, turismo y estilo de vida\",\"inLanguage\":\"es-ES\",\"publisher\":{\"@id\":\"https:\\\/\\\/eldigitaldeasturias.com\\\/magazine365\\\/#organization\"}}]}\n\t\t<\/script>\n\t\t<!-- All in One SEO Pro -->\r\n\t\t<title>Sevilla en Fitur 2016 | El Digital de Asturias<\/title>\n\n","aioseo_head_json":{"title":"Sevilla en Fitur 2016 | El Digital de Asturias","description":"El concejal delegado de H\u00e1bitat Urbano, Cultura y Turismo del Ayuntamiento de Sevilla, el socialista Antonio Mu\u00f1oz, ha presentado este viernes el programa de actividades en la Feria Internacional del Turismo (Fitur), que se celebra en Madrid, y que se centrar\u00e1 en contar con una agenda \"muy profesionalizada\" para lograr la mejora de la posici\u00f3n","canonical_url":"https:\/\/eldigitaldeasturias.com\/magazine365\/sevilla-en-fitur-2016\/","robots":"max-image-preview:large","keywords":"noticias y actualidad","webmasterTools":{"google-site-verification":"UA-38556648-1","miscellaneous":""},"schema":{"@context":"https:\/\/schema.org","@graph":[{"@type":"Article","@id":"https:\/\/eldigitaldeasturias.com\/magazine365\/sevilla-en-fitur-2016\/#article","name":"Sevilla en Fitur 2016 | El Digital de Asturias","headline":"Sevilla en Fitur 2016","author":{"@id":"https:\/\/eldigitaldeasturias.com\/magazine365\/author\/admin\/#author"},"publisher":{"@id":"https:\/\/eldigitaldeasturias.com\/magazine365\/#organization"},"image":{"@type":"ImageObject","url":"https:\/\/eldigitaldeasturias.com\/magazine365\/wp-content\/uploads\/2016\/01\/fotonoticia_20160115155120_800.jpg","width":800,"height":1196},"datePublished":"2016-01-16T12:13:30+01:00","dateModified":"2016-01-16T12:13:30+01:00","inLanguage":"es-ES","mainEntityOfPage":{"@id":"https:\/\/eldigitaldeasturias.com\/magazine365\/sevilla-en-fitur-2016\/#webpage"},"isPartOf":{"@id":"https:\/\/eldigitaldeasturias.com\/magazine365\/sevilla-en-fitur-2016\/#webpage"},"articleSection":"Noticias y Actualidad"},{"@type":"BreadcrumbList","@id":"https:\/\/eldigitaldeasturias.com\/magazine365\/sevilla-en-fitur-2016\/#breadcrumblist","itemListElement":[{"@type":"ListItem","@id":"https:\/\/eldigitaldeasturias.com\/magazine365#listItem","position":1,"name":"Home","item":"https:\/\/eldigitaldeasturias.com\/magazine365","nextItem":{"@type":"ListItem","@id":"https:\/\/eldigitaldeasturias.com\/magazine365\/category\/noticias-actualidad\/#listItem","name":"Noticias y Actualidad"}},{"@type":"ListItem","@id":"https:\/\/eldigitaldeasturias.com\/magazine365\/category\/noticias-actualidad\/#listItem","position":2,"name":"Noticias y Actualidad","item":"https:\/\/eldigitaldeasturias.com\/magazine365\/category\/noticias-actualidad\/","nextItem":{"@type":"ListItem","@id":"https:\/\/eldigitaldeasturias.com\/magazine365\/sevilla-en-fitur-2016\/#listItem","name":"Sevilla en Fitur 2016"},"previousItem":{"@type":"ListItem","@id":"https:\/\/eldigitaldeasturias.com\/magazine365#listItem","name":"Home"}},{"@type":"ListItem","@id":"https:\/\/eldigitaldeasturias.com\/magazine365\/sevilla-en-fitur-2016\/#listItem","position":3,"name":"Sevilla en Fitur 2016","previousItem":{"@type":"ListItem","@id":"https:\/\/eldigitaldeasturias.com\/magazine365\/category\/noticias-actualidad\/#listItem","name":"Noticias y Actualidad"}}]},{"@type":"Organization","@id":"https:\/\/eldigitaldeasturias.com\/magazine365\/#organization","name":"El digital de Asturias","description":"Revista de ocio, turismo y estilo de vida","url":"https:\/\/eldigitaldeasturias.com\/magazine365\/","logo":{"@type":"ImageObject","url":"https:\/\/www.eldigitaldeasturias.com\/noticias\/wp-content\/uploads\/2020\/12\/EDA.jpg","@id":"https:\/\/eldigitaldeasturias.com\/magazine365\/sevilla-en-fitur-2016\/#organizationLogo"},"image":{"@id":"https:\/\/eldigitaldeasturias.com\/magazine365\/sevilla-en-fitur-2016\/#organizationLogo"}},{"@type":"Person","@id":"https:\/\/eldigitaldeasturias.com\/magazine365\/author\/admin\/#author","url":"https:\/\/eldigitaldeasturias.com\/magazine365\/author\/admin\/","name":"admin","image":{"@type":"ImageObject","@id":"https:\/\/eldigitaldeasturias.com\/magazine365\/sevilla-en-fitur-2016\/#authorImage","url":"https:\/\/eldigitaldeasturias.com\/magazine365\/wp-content\/litespeed\/avatar\/e571bcf59a0edd6fa6838245a470f2fe.jpg?ver=1777574230","width":96,"height":96,"caption":"admin"}},{"@type":"WebPage","@id":"https:\/\/eldigitaldeasturias.com\/magazine365\/sevilla-en-fitur-2016\/#webpage","url":"https:\/\/eldigitaldeasturias.com\/magazine365\/sevilla-en-fitur-2016\/","name":"Sevilla en Fitur 2016 | El Digital de Asturias","description":"El concejal delegado de H\u00e1bitat Urbano, Cultura y Turismo del Ayuntamiento de Sevilla, el socialista Antonio Mu\u00f1oz, ha presentado este viernes el programa de actividades en la Feria Internacional del Turismo (Fitur), que se celebra en Madrid, y que se centrar\u00e1 en contar con una agenda \"muy profesionalizada\" para lograr la mejora de la posici\u00f3n","inLanguage":"es-ES","isPartOf":{"@id":"https:\/\/eldigitaldeasturias.com\/magazine365\/#website"},"breadcrumb":{"@id":"https:\/\/eldigitaldeasturias.com\/magazine365\/sevilla-en-fitur-2016\/#breadcrumblist"},"author":{"@id":"https:\/\/eldigitaldeasturias.com\/magazine365\/author\/admin\/#author"},"creator":{"@id":"https:\/\/eldigitaldeasturias.com\/magazine365\/author\/admin\/#author"},"image":{"@type":"ImageObject","url":"https:\/\/eldigitaldeasturias.com\/magazine365\/wp-content\/uploads\/2016\/01\/fotonoticia_20160115155120_800.jpg","@id":"https:\/\/eldigitaldeasturias.com\/magazine365\/sevilla-en-fitur-2016\/#mainImage","width":800,"height":1196},"primaryImageOfPage":{"@id":"https:\/\/eldigitaldeasturias.com\/magazine365\/sevilla-en-fitur-2016\/#mainImage"},"datePublished":"2016-01-16T12:13:30+01:00","dateModified":"2016-01-16T12:13:30+01:00"},{"@type":"WebSite","@id":"https:\/\/eldigitaldeasturias.com\/magazine365\/#website","url":"https:\/\/eldigitaldeasturias.com\/magazine365\/","name":"El Digital de Asturias","description":"Revista de ocio, turismo y estilo de vida","inLanguage":"es-ES","publisher":{"@id":"https:\/\/eldigitaldeasturias.com\/magazine365\/#organization"}}]},"og:locale":"es_ES","og:site_name":"El Digital de Asturias \u2013 Revista de ocio, turismo y estilo de vida","og:type":"article","og:title":"Sevilla en Fitur 2016 | El Digital de Asturias","og:description":"El concejal delegado de H\u00e1bitat Urbano, Cultura y Turismo del Ayuntamiento de Sevilla, el socialista Antonio Mu\u00f1oz, ha presentado este viernes el programa de actividades en la Feria Internacional del Turismo (Fitur), que se celebra en Madrid, y que se centrar\u00e1 en contar con una agenda &quot;muy profesionalizada&quot; para lograr la mejora de la posici\u00f3n","og:url":"https:\/\/eldigitaldeasturias.com\/magazine365\/sevilla-en-fitur-2016\/","og:image":"https:\/\/eldigitaldeasturias.com\/magazine365\/wp-content\/uploads\/2016\/01\/fotonoticia_20160115155120_800.jpg","og:image:secure_url":"https:\/\/eldigitaldeasturias.com\/magazine365\/wp-content\/uploads\/2016\/01\/fotonoticia_20160115155120_800.jpg","og:image:width":800,"og:image:height":1196,"article:published_time":"2016-01-16T11:13:30+00:00","article:modified_time":"2016-01-16T11:13:30+00:00","twitter:card":"summary_large_image","twitter:title":"Sevilla en Fitur 2016 | El Digital de Asturias","twitter:description":"El concejal delegado de H\u00e1bitat Urbano, Cultura y Turismo del Ayuntamiento de Sevilla, el socialista Antonio Mu\u00f1oz, ha presentado este viernes el programa de actividades en la Feria Internacional del Turismo (Fitur), que se celebra en Madrid, y que se centrar\u00e1 en contar con una agenda &quot;muy profesionalizada&quot; para lograr la mejora de la posici\u00f3n","twitter:image":"https:\/\/eldigitaldeasturias.com\/magazine365\/wp-content\/uploads\/2016\/01\/fotonoticia_20160115155120_800.jpg"},"aioseo_meta_data":{"post_id":"60833","title":null,"description":null,"keywords":null,"keyphrases":null,"primary_term":null,"canonical_url":null,"og_title":null,"og_description":null,"og_object_type":"default","og_image_type":"default","og_image_url":null,"og_image_width":null,"og_image_height":null,"og_image_custom_url":null,"og_image_custom_fields":null,"og_video":null,"og_custom_url":null,"og_article_section":null,"og_article_tags":null,"twitter_use_og":false,"twitter_card":"default","twitter_image_type":"default","twitter_image_url":null,"twitter_image_custom_url":null,"twitter_image_custom_fields":null,"twitter_title":null,"twitter_description":null,"schema":{"blockGraphs":[],"customGraphs":[],"default":{"data":{"Article":[],"Course":[],"Dataset":[],"FAQPage":[],"Movie":[],"Person":[],"Product":[],"ProductReview":[],"Car":[],"Recipe":[],"Service":[],"SoftwareApplication":[],"WebPage":[]},"graphName":"","isEnabled":true},"graphs":[]},"schema_type":null,"schema_type_options":null,"pillar_content":false,"robots_default":true,"robots_noindex":false,"robots_noarchive":false,"robots_nosnippet":false,"robots_nofollow":false,"robots_noimageindex":false,"robots_noodp":false,"robots_notranslate":false,"robots_max_snippet":null,"robots_max_videopreview":null,"robots_max_imagepreview":"large","priority":null,"frequency":null,"location":null,"local_seo":null,"seo_analyzer_scan_date":"2025-09-25 07:40:26","breadcrumb_settings":null,"limit_modified_date":false,"open_ai":null,"ai":null,"created":"2021-03-08 21:55:18","updated":"2025-09-25 07:40:26"},"aioseo_breadcrumb":"<div class=\"aioseo-breadcrumbs\"><span class=\"aioseo-breadcrumb\">\n\t<a href=\"https:\/\/eldigitaldeasturias.com\/magazine365\" title=\"Home\">Home<\/a>\n<\/span><span class=\"aioseo-breadcrumb-separator\">\u2013<\/span><span class=\"aioseo-breadcrumb\">\n\t<a href=\"https:\/\/eldigitaldeasturias.com\/magazine365\/category\/noticias-actualidad\/\" title=\"Noticias y Actualidad\">Noticias y Actualidad<\/a>\n<\/span><span class=\"aioseo-breadcrumb-separator\">\u2013<\/span><span class=\"aioseo-breadcrumb\">\n\t<a href=\"https:\/\/eldigitaldeasturias.com\/magazine365\/sevilla-en-fitur-2016\/\" title=\"Sevilla en Fitur 2016\">Sevilla en Fitur 2016<\/a>\n<\/span><\/div>","aioseo_breadcrumb_json":[{"label":"Home","link":"https:\/\/eldigitaldeasturias.com\/magazine365"},{"label":"Noticias y Actualidad","link":"https:\/\/eldigitaldeasturias.com\/magazine365\/category\/noticias-actualidad\/"},{"label":"Sevilla en Fitur 2016","link":"https:\/\/eldigitaldeasturias.com\/magazine365\/sevilla-en-fitur-2016\/"}],"_links":{"self":[{"href":"https:\/\/eldigitaldeasturias.com\/magazine365\/wp-json\/wp\/v2\/posts\/60833","targetHints":{"allow":["GET"]}}],"collection":[{"href":"https:\/\/eldigitaldeasturias.com\/magazine365\/wp-json\/wp\/v2\/posts"}],"about":[{"href":"https:\/\/eldigitaldeasturias.com\/magazine365\/wp-json\/wp\/v2\/types\/post"}],"author":[{"embeddable":true,"href":"https:\/\/eldigitaldeasturias.com\/magazine365\/wp-json\/wp\/v2\/users\/1"}],"replies":[{"embeddable":true,"href":"https:\/\/eldigitaldeasturias.com\/magazine365\/wp-json\/wp\/v2\/comments?post=60833"}],"version-history":[{"count":0,"href":"https:\/\/eldigitaldeasturias.com\/magazine365\/wp-json\/wp\/v2\/posts\/60833\/revisions"}],"wp:featuredmedia":[{"embeddable":true,"href":"https:\/\/eldigitaldeasturias.com\/magazine365\/wp-json\/wp\/v2\/media\/60834"}],"wp:attachment":[{"href":"https:\/\/eldigitaldeasturias.com\/magazine365\/wp-json\/wp\/v2\/media?parent=60833"}],"wp:term":[{"taxonomy":"category","embeddable":true,"href":"https:\/\/eldigitaldeasturias.com\/magazine365\/wp-json\/wp\/v2\/categories?post=60833"},{"taxonomy":"post_tag","embeddable":true,"href":"https:\/\/eldigitaldeasturias.com\/magazine365\/wp-json\/wp\/v2\/tags?post=60833"}],"curies":[{"name":"wp","href":"https:\/\/api.w.org\/{rel}","templated":true}]}}