{"id":60821,"date":"2016-01-16T12:05:59","date_gmt":"2016-01-16T11:05:59","guid":{"rendered":"http:\/\/eldigitaldeasturias.com\/magazine365\/?p=60821"},"modified":"2016-01-16T12:05:59","modified_gmt":"2016-01-16T11:05:59","slug":"el-patronato-de-huelva-inaugura-su-calendario-de-promocion-internacional-en-la-feria-de-holanda","status":"publish","type":"post","link":"https:\/\/eldigitaldeasturias.com\/magazine365\/el-patronato-de-huelva-inaugura-su-calendario-de-promocion-internacional-en-la-feria-de-holanda\/","title":{"rendered":"El patronato de Huelva inaugura su calendario de promoci\u00f3n internacional en la feria de Holanda"},"content":{"rendered":"<p><img fetchpriority=\"high\" decoding=\"async\" class=\"alignleft size-medium wp-image-60822\" src=\"https:\/\/eldigitaldeasturias.com\/magazine365\/wp-content\/uploads\/2016\/01\/fotonoticia_20160115151619_800-360x193.jpg\" alt=\"fotonoticia_20160115151619_800\" width=\"360\" height=\"193\" srcset=\"https:\/\/eldigitaldeasturias.com\/magazine365\/wp-content\/uploads\/2016\/01\/fotonoticia_20160115151619_800-360x193.jpg 360w, https:\/\/eldigitaldeasturias.com\/magazine365\/wp-content\/uploads\/2016\/01\/fotonoticia_20160115151619_800-650x349.jpg 650w, https:\/\/eldigitaldeasturias.com\/magazine365\/wp-content\/uploads\/2016\/01\/fotonoticia_20160115151619_800-768x412.jpg 768w, https:\/\/eldigitaldeasturias.com\/magazine365\/wp-content\/uploads\/2016\/01\/fotonoticia_20160115151619_800-150x80.jpg 150w, https:\/\/eldigitaldeasturias.com\/magazine365\/wp-content\/uploads\/2016\/01\/fotonoticia_20160115151619_800-450x241.jpg 450w, https:\/\/eldigitaldeasturias.com\/magazine365\/wp-content\/uploads\/2016\/01\/fotonoticia_20160115151619_800-696x373.jpg 696w, https:\/\/eldigitaldeasturias.com\/magazine365\/wp-content\/uploads\/2016\/01\/fotonoticia_20160115151619_800-783x420.jpg 783w, https:\/\/eldigitaldeasturias.com\/magazine365\/wp-content\/uploads\/2016\/01\/fotonoticia_20160115151619_800-420x225.jpg 420w, https:\/\/eldigitaldeasturias.com\/magazine365\/wp-content\/uploads\/2016\/01\/fotonoticia_20160115151619_800.jpg 800w\" sizes=\"(max-width: 360px) 100vw, 360px\" \/>El Patronato Provincial de Turismo de Huelva ha acudido la Feria Internacional Vakantiebeurs de Utrecht (Holanda) que se celebra del 12 al 17 enero en el recinto Ferial &#8216;Royal Dutch Jaarbeurs&#8217;.<\/p>\n<p>De este modo, seg\u00fan ha informado en una nota de prensa, Huelva est\u00e1 presente en esta muestra tur\u00edstica, la m\u00e1s destacada que se celebra en los Pa\u00edses Bajos, en el espacio de Turismo Andaluz dentro del stand de TurEspa\u00f1a, uno de los m\u00e1s populares y visitados de la feria.<\/p>\n<p>Con la presencia en la feria &#8216;Vakantiebeurs&#8217; el Patronato ha dado comienzo a la promoci\u00f3n de la oferta tur\u00edstica de la provincia en las diferentes ferias, de acuerdo al calendario previsto, y en el que estar\u00e1 presente en 24 ferias y ocho pa\u00edses diferentes, entre los que destacan Alemania, Reino Unido y Francia.<\/p>\n<p>En el Plan de Acci\u00f3n del Patronato Provincial de Turismo, la estrategia de promoci\u00f3n directa, como es la presencia en ferias y eventos en Europa, continuar\u00e1 este a\u00f1o siendo clave para reforzar el posicionamiento de la provincia de Huelva como destino.<\/p>\n<p>El objetivo de la participaci\u00f3n del patronato en esta feria es el mantenimiento de las relaciones con los profesionales tur\u00edsticos holandeses (touroperadores, agentes de viaje, medios online, etc.), as\u00ed como la captaci\u00f3n y comercializaci\u00f3n de los recursos tur\u00edsticos, productos y rutas que componen la variada oferta tur\u00edstica de la provincia de Huelva entre el p\u00fablico holand\u00e9s.<\/p>\n<p>El viajero holand\u00e9s aficionado al deporte del golf es uno de nuestros principales clientes en los campos de golf de la provincia de Huelva junto con los ya tradicionales como alemanes e ingleses.<\/p>\n<p>Adem\u00e1s es un p\u00fablico potencial \u00abmuy interesante\u00bb para las rutas que oferta la provincia de Huelva como son el Jabugo o los Vinos del Condado ya que es un p\u00fablico que busca vivir nuevas experiencias de una forma activa y disfrutando del medio a trav\u00e9s de su participaci\u00f3n personal en el Destino y el producto tur\u00edstico. La provincia de Huelva a trav\u00e9s de estos productos tur\u00edsticos le ofrece esa inmersi\u00f3n cultural \u00abde lleno\u00bb.<\/p>\n<p>En lo que respecta a la importancia del turismo holand\u00e9s para Espa\u00f1a, somos el cuatro destino vacacional en el extranjero con un diez por ciento de cuota de mercado. Adem\u00e1s, cabe destacar que este mercado suele salir de media dos veces al a\u00f1o.<\/p>\n<p>La feria &#8216;Vakantiebeurs&#8217; es de car\u00e1cter mixto ya que est\u00e1 dirigida tanto a profesionales como al p\u00fablico final. En ella est\u00e1n presentes los principales turoperadores este de este pa\u00eds as\u00ed como agentes de viaje, medios de comunicaci\u00f3n y por supuesto un gran n\u00famero de visitantes, que el pasado a\u00f1o llegaron casi a 120.000. Se trata de una pieza \u00abclave\u00bb para el posicionamiento de la marca &#8216;Huelva la Luz&#8217; en la promoci\u00f3n en este importante mercado emisor europeo.<\/p>\n<p>En lo que respecta al conjunto de ferias previstas para el mes de Enero, Huelva estar\u00e1 presente a continuaci\u00f3n en la CMT de Stuttgart del 16 al 24 en el stand de Turismo Andaluz, en Fitu en Madrid del 20 al 24 con un stand propio en el espacio de Andaluc\u00eda y en la &#8216;Holiday World Show&#8217; de Dubl\u00edn del 22 al 24.<\/p>\n","protected":false},"excerpt":{"rendered":"<p>El Patronato Provincial de Turismo de Huelva ha acudido la Feria Internacional Vakantiebeurs de Utrecht (Holanda) que se celebra del 12 al 17 enero en el recinto Ferial &#8216;Royal Dutch Jaarbeurs&#8217;. De este modo, seg\u00fan ha informado en una nota de prensa, Huelva est\u00e1 presente en esta muestra tur\u00edstica, la m\u00e1s destacada que se celebra<\/p>\n","protected":false},"author":1,"featured_media":60822,"comment_status":"open","ping_status":"closed","sticky":false,"template":"","format":"standard","meta":{"footnotes":""},"categories":[224],"tags":[],"class_list":{"0":"post-60821","1":"post","2":"type-post","3":"status-publish","4":"format-standard","5":"has-post-thumbnail","7":"category-noticias-actualidad"},"aioseo_notices":[],"aioseo_head":"\n\t\t<!-- All in One SEO Pro 4.9.6.1 - aioseo.com -->\n\t<meta name=\"description\" content=\"El Patronato Provincial de Turismo de Huelva ha acudido la Feria Internacional Vakantiebeurs de Utrecht (Holanda) que se celebra del 12 al 17 enero en el recinto Ferial &#039;Royal Dutch Jaarbeurs&#039;. De este modo, seg\u00fan ha informado en una nota de prensa, Huelva est\u00e1 presente en esta muestra tur\u00edstica, la m\u00e1s destacada que se celebra\" \/>\n\t<meta name=\"robots\" content=\"max-image-preview:large\" \/>\n\t<meta name=\"author\" content=\"admin\"\/>\n\t<meta name=\"google-site-verification\" content=\"UA-38556648-1\" \/>\n\t<meta name=\"keywords\" content=\"noticias y actualidad\" \/>\n\t<link rel=\"canonical\" href=\"https:\/\/eldigitaldeasturias.com\/magazine365\/el-patronato-de-huelva-inaugura-su-calendario-de-promocion-internacional-en-la-feria-de-holanda\/\" \/>\n\t<meta name=\"generator\" content=\"All in One SEO Pro (AIOSEO) 4.9.6.1\" \/>\n\t\t<meta property=\"og:locale\" content=\"es_ES\" \/>\n\t\t<meta property=\"og:site_name\" content=\"El Digital de Asturias \u2013 Revista de ocio, turismo y estilo de vida\" \/>\n\t\t<meta property=\"og:type\" content=\"article\" \/>\n\t\t<meta property=\"og:title\" content=\"El patronato de Huelva inaugura su calendario de promoci\u00f3n internacional en la feria de Holanda | El Digital de Asturias\" \/>\n\t\t<meta property=\"og:description\" content=\"El Patronato Provincial de Turismo de Huelva ha acudido la Feria Internacional Vakantiebeurs de Utrecht (Holanda) que se celebra del 12 al 17 enero en el recinto Ferial &#039;Royal Dutch Jaarbeurs&#039;. De este modo, seg\u00fan ha informado en una nota de prensa, Huelva est\u00e1 presente en esta muestra tur\u00edstica, la m\u00e1s destacada que se celebra\" \/>\n\t\t<meta property=\"og:url\" content=\"https:\/\/eldigitaldeasturias.com\/magazine365\/el-patronato-de-huelva-inaugura-su-calendario-de-promocion-internacional-en-la-feria-de-holanda\/\" \/>\n\t\t<meta property=\"og:image\" content=\"https:\/\/eldigitaldeasturias.com\/magazine365\/wp-content\/uploads\/2016\/01\/fotonoticia_20160115151619_800.jpg\" \/>\n\t\t<meta property=\"og:image:secure_url\" content=\"https:\/\/eldigitaldeasturias.com\/magazine365\/wp-content\/uploads\/2016\/01\/fotonoticia_20160115151619_800.jpg\" \/>\n\t\t<meta property=\"og:image:width\" content=\"800\" \/>\n\t\t<meta property=\"og:image:height\" content=\"429\" \/>\n\t\t<meta property=\"article:published_time\" content=\"2016-01-16T11:05:59+00:00\" \/>\n\t\t<meta property=\"article:modified_time\" content=\"2016-01-16T11:05:59+00:00\" \/>\n\t\t<meta name=\"twitter:card\" content=\"summary_large_image\" \/>\n\t\t<meta name=\"twitter:title\" content=\"El patronato de Huelva inaugura su calendario de promoci\u00f3n internacional en la feria de Holanda | El Digital de Asturias\" \/>\n\t\t<meta name=\"twitter:description\" content=\"El Patronato Provincial de Turismo de Huelva ha acudido la Feria Internacional Vakantiebeurs de Utrecht (Holanda) que se celebra del 12 al 17 enero en el recinto Ferial &#039;Royal Dutch Jaarbeurs&#039;. De este modo, seg\u00fan ha informado en una nota de prensa, Huelva est\u00e1 presente en esta muestra tur\u00edstica, la m\u00e1s destacada que se celebra\" \/>\n\t\t<meta name=\"twitter:image\" content=\"https:\/\/eldigitaldeasturias.com\/magazine365\/wp-content\/uploads\/2016\/01\/fotonoticia_20160115151619_800.jpg\" \/>\n\t\t<script type=\"application\/ld+json\" class=\"aioseo-schema\">\n\t\t\t{\"@context\":\"https:\\\/\\\/schema.org\",\"@graph\":[{\"@type\":\"Article\",\"@id\":\"https:\\\/\\\/eldigitaldeasturias.com\\\/magazine365\\\/el-patronato-de-huelva-inaugura-su-calendario-de-promocion-internacional-en-la-feria-de-holanda\\\/#article\",\"name\":\"El patronato de Huelva inaugura su calendario de promoci\\u00f3n internacional en la feria de Holanda | El Digital de Asturias\",\"headline\":\"El patronato de Huelva inaugura su calendario de promoci\\u00f3n internacional en la feria de Holanda\",\"author\":{\"@id\":\"https:\\\/\\\/eldigitaldeasturias.com\\\/magazine365\\\/author\\\/admin\\\/#author\"},\"publisher\":{\"@id\":\"https:\\\/\\\/eldigitaldeasturias.com\\\/magazine365\\\/#organization\"},\"image\":{\"@type\":\"ImageObject\",\"url\":\"https:\\\/\\\/eldigitaldeasturias.com\\\/magazine365\\\/wp-content\\\/uploads\\\/2016\\\/01\\\/fotonoticia_20160115151619_800.jpg\",\"width\":800,\"height\":429},\"datePublished\":\"2016-01-16T12:05:59+01:00\",\"dateModified\":\"2016-01-16T12:05:59+01:00\",\"inLanguage\":\"es-ES\",\"mainEntityOfPage\":{\"@id\":\"https:\\\/\\\/eldigitaldeasturias.com\\\/magazine365\\\/el-patronato-de-huelva-inaugura-su-calendario-de-promocion-internacional-en-la-feria-de-holanda\\\/#webpage\"},\"isPartOf\":{\"@id\":\"https:\\\/\\\/eldigitaldeasturias.com\\\/magazine365\\\/el-patronato-de-huelva-inaugura-su-calendario-de-promocion-internacional-en-la-feria-de-holanda\\\/#webpage\"},\"articleSection\":\"Noticias y Actualidad\"},{\"@type\":\"BreadcrumbList\",\"@id\":\"https:\\\/\\\/eldigitaldeasturias.com\\\/magazine365\\\/el-patronato-de-huelva-inaugura-su-calendario-de-promocion-internacional-en-la-feria-de-holanda\\\/#breadcrumblist\",\"itemListElement\":[{\"@type\":\"ListItem\",\"@id\":\"https:\\\/\\\/eldigitaldeasturias.com\\\/magazine365#listItem\",\"position\":1,\"name\":\"Home\",\"item\":\"https:\\\/\\\/eldigitaldeasturias.com\\\/magazine365\",\"nextItem\":{\"@type\":\"ListItem\",\"@id\":\"https:\\\/\\\/eldigitaldeasturias.com\\\/magazine365\\\/category\\\/noticias-actualidad\\\/#listItem\",\"name\":\"Noticias y Actualidad\"}},{\"@type\":\"ListItem\",\"@id\":\"https:\\\/\\\/eldigitaldeasturias.com\\\/magazine365\\\/category\\\/noticias-actualidad\\\/#listItem\",\"position\":2,\"name\":\"Noticias y Actualidad\",\"item\":\"https:\\\/\\\/eldigitaldeasturias.com\\\/magazine365\\\/category\\\/noticias-actualidad\\\/\",\"nextItem\":{\"@type\":\"ListItem\",\"@id\":\"https:\\\/\\\/eldigitaldeasturias.com\\\/magazine365\\\/el-patronato-de-huelva-inaugura-su-calendario-de-promocion-internacional-en-la-feria-de-holanda\\\/#listItem\",\"name\":\"El patronato de Huelva inaugura su calendario de promoci\\u00f3n internacional en la feria de Holanda\"},\"previousItem\":{\"@type\":\"ListItem\",\"@id\":\"https:\\\/\\\/eldigitaldeasturias.com\\\/magazine365#listItem\",\"name\":\"Home\"}},{\"@type\":\"ListItem\",\"@id\":\"https:\\\/\\\/eldigitaldeasturias.com\\\/magazine365\\\/el-patronato-de-huelva-inaugura-su-calendario-de-promocion-internacional-en-la-feria-de-holanda\\\/#listItem\",\"position\":3,\"name\":\"El patronato de Huelva inaugura su calendario de promoci\\u00f3n internacional en la feria de Holanda\",\"previousItem\":{\"@type\":\"ListItem\",\"@id\":\"https:\\\/\\\/eldigitaldeasturias.com\\\/magazine365\\\/category\\\/noticias-actualidad\\\/#listItem\",\"name\":\"Noticias y Actualidad\"}}]},{\"@type\":\"Organization\",\"@id\":\"https:\\\/\\\/eldigitaldeasturias.com\\\/magazine365\\\/#organization\",\"name\":\"El digital de Asturias\",\"description\":\"Revista de ocio, turismo y estilo de vida\",\"url\":\"https:\\\/\\\/eldigitaldeasturias.com\\\/magazine365\\\/\",\"logo\":{\"@type\":\"ImageObject\",\"url\":\"https:\\\/\\\/www.eldigitaldeasturias.com\\\/noticias\\\/wp-content\\\/uploads\\\/2020\\\/12\\\/EDA.jpg\",\"@id\":\"https:\\\/\\\/eldigitaldeasturias.com\\\/magazine365\\\/el-patronato-de-huelva-inaugura-su-calendario-de-promocion-internacional-en-la-feria-de-holanda\\\/#organizationLogo\"},\"image\":{\"@id\":\"https:\\\/\\\/eldigitaldeasturias.com\\\/magazine365\\\/el-patronato-de-huelva-inaugura-su-calendario-de-promocion-internacional-en-la-feria-de-holanda\\\/#organizationLogo\"}},{\"@type\":\"Person\",\"@id\":\"https:\\\/\\\/eldigitaldeasturias.com\\\/magazine365\\\/author\\\/admin\\\/#author\",\"url\":\"https:\\\/\\\/eldigitaldeasturias.com\\\/magazine365\\\/author\\\/admin\\\/\",\"name\":\"admin\",\"image\":{\"@type\":\"ImageObject\",\"@id\":\"https:\\\/\\\/eldigitaldeasturias.com\\\/magazine365\\\/el-patronato-de-huelva-inaugura-su-calendario-de-promocion-internacional-en-la-feria-de-holanda\\\/#authorImage\",\"url\":\"https:\\\/\\\/eldigitaldeasturias.com\\\/magazine365\\\/wp-content\\\/litespeed\\\/avatar\\\/e571bcf59a0edd6fa6838245a470f2fe.jpg?ver=1777574230\",\"width\":96,\"height\":96,\"caption\":\"admin\"}},{\"@type\":\"WebPage\",\"@id\":\"https:\\\/\\\/eldigitaldeasturias.com\\\/magazine365\\\/el-patronato-de-huelva-inaugura-su-calendario-de-promocion-internacional-en-la-feria-de-holanda\\\/#webpage\",\"url\":\"https:\\\/\\\/eldigitaldeasturias.com\\\/magazine365\\\/el-patronato-de-huelva-inaugura-su-calendario-de-promocion-internacional-en-la-feria-de-holanda\\\/\",\"name\":\"El patronato de Huelva inaugura su calendario de promoci\\u00f3n internacional en la feria de Holanda | El Digital de Asturias\",\"description\":\"El Patronato Provincial de Turismo de Huelva ha acudido la Feria Internacional Vakantiebeurs de Utrecht (Holanda) que se celebra del 12 al 17 enero en el recinto Ferial 'Royal Dutch Jaarbeurs'. De este modo, seg\\u00fan ha informado en una nota de prensa, Huelva est\\u00e1 presente en esta muestra tur\\u00edstica, la m\\u00e1s destacada que se celebra\",\"inLanguage\":\"es-ES\",\"isPartOf\":{\"@id\":\"https:\\\/\\\/eldigitaldeasturias.com\\\/magazine365\\\/#website\"},\"breadcrumb\":{\"@id\":\"https:\\\/\\\/eldigitaldeasturias.com\\\/magazine365\\\/el-patronato-de-huelva-inaugura-su-calendario-de-promocion-internacional-en-la-feria-de-holanda\\\/#breadcrumblist\"},\"author\":{\"@id\":\"https:\\\/\\\/eldigitaldeasturias.com\\\/magazine365\\\/author\\\/admin\\\/#author\"},\"creator\":{\"@id\":\"https:\\\/\\\/eldigitaldeasturias.com\\\/magazine365\\\/author\\\/admin\\\/#author\"},\"image\":{\"@type\":\"ImageObject\",\"url\":\"https:\\\/\\\/eldigitaldeasturias.com\\\/magazine365\\\/wp-content\\\/uploads\\\/2016\\\/01\\\/fotonoticia_20160115151619_800.jpg\",\"@id\":\"https:\\\/\\\/eldigitaldeasturias.com\\\/magazine365\\\/el-patronato-de-huelva-inaugura-su-calendario-de-promocion-internacional-en-la-feria-de-holanda\\\/#mainImage\",\"width\":800,\"height\":429},\"primaryImageOfPage\":{\"@id\":\"https:\\\/\\\/eldigitaldeasturias.com\\\/magazine365\\\/el-patronato-de-huelva-inaugura-su-calendario-de-promocion-internacional-en-la-feria-de-holanda\\\/#mainImage\"},\"datePublished\":\"2016-01-16T12:05:59+01:00\",\"dateModified\":\"2016-01-16T12:05:59+01:00\"},{\"@type\":\"WebSite\",\"@id\":\"https:\\\/\\\/eldigitaldeasturias.com\\\/magazine365\\\/#website\",\"url\":\"https:\\\/\\\/eldigitaldeasturias.com\\\/magazine365\\\/\",\"name\":\"El Digital de Asturias\",\"description\":\"Revista de ocio, turismo y estilo de vida\",\"inLanguage\":\"es-ES\",\"publisher\":{\"@id\":\"https:\\\/\\\/eldigitaldeasturias.com\\\/magazine365\\\/#organization\"}}]}\n\t\t<\/script>\n\t\t<!-- All in One SEO Pro -->\r\n\t\t<title>El patronato de Huelva inaugura su calendario de promoci\u00f3n internacional en la feria de Holanda | El Digital de Asturias<\/title>\n\n","aioseo_head_json":{"title":"El patronato de Huelva inaugura su calendario de promoci\u00f3n internacional en la feria de Holanda | El Digital de Asturias","description":"El Patronato Provincial de Turismo de Huelva ha acudido la Feria Internacional Vakantiebeurs de Utrecht (Holanda) que se celebra del 12 al 17 enero en el recinto Ferial 'Royal Dutch Jaarbeurs'. De este modo, seg\u00fan ha informado en una nota de prensa, Huelva est\u00e1 presente en esta muestra tur\u00edstica, la m\u00e1s destacada que se celebra","canonical_url":"https:\/\/eldigitaldeasturias.com\/magazine365\/el-patronato-de-huelva-inaugura-su-calendario-de-promocion-internacional-en-la-feria-de-holanda\/","robots":"max-image-preview:large","keywords":"noticias y actualidad","webmasterTools":{"google-site-verification":"UA-38556648-1","miscellaneous":""},"schema":{"@context":"https:\/\/schema.org","@graph":[{"@type":"Article","@id":"https:\/\/eldigitaldeasturias.com\/magazine365\/el-patronato-de-huelva-inaugura-su-calendario-de-promocion-internacional-en-la-feria-de-holanda\/#article","name":"El patronato de Huelva inaugura su calendario de promoci\u00f3n internacional en la feria de Holanda | El Digital de Asturias","headline":"El patronato de Huelva inaugura su calendario de promoci\u00f3n internacional en la feria de Holanda","author":{"@id":"https:\/\/eldigitaldeasturias.com\/magazine365\/author\/admin\/#author"},"publisher":{"@id":"https:\/\/eldigitaldeasturias.com\/magazine365\/#organization"},"image":{"@type":"ImageObject","url":"https:\/\/eldigitaldeasturias.com\/magazine365\/wp-content\/uploads\/2016\/01\/fotonoticia_20160115151619_800.jpg","width":800,"height":429},"datePublished":"2016-01-16T12:05:59+01:00","dateModified":"2016-01-16T12:05:59+01:00","inLanguage":"es-ES","mainEntityOfPage":{"@id":"https:\/\/eldigitaldeasturias.com\/magazine365\/el-patronato-de-huelva-inaugura-su-calendario-de-promocion-internacional-en-la-feria-de-holanda\/#webpage"},"isPartOf":{"@id":"https:\/\/eldigitaldeasturias.com\/magazine365\/el-patronato-de-huelva-inaugura-su-calendario-de-promocion-internacional-en-la-feria-de-holanda\/#webpage"},"articleSection":"Noticias y Actualidad"},{"@type":"BreadcrumbList","@id":"https:\/\/eldigitaldeasturias.com\/magazine365\/el-patronato-de-huelva-inaugura-su-calendario-de-promocion-internacional-en-la-feria-de-holanda\/#breadcrumblist","itemListElement":[{"@type":"ListItem","@id":"https:\/\/eldigitaldeasturias.com\/magazine365#listItem","position":1,"name":"Home","item":"https:\/\/eldigitaldeasturias.com\/magazine365","nextItem":{"@type":"ListItem","@id":"https:\/\/eldigitaldeasturias.com\/magazine365\/category\/noticias-actualidad\/#listItem","name":"Noticias y Actualidad"}},{"@type":"ListItem","@id":"https:\/\/eldigitaldeasturias.com\/magazine365\/category\/noticias-actualidad\/#listItem","position":2,"name":"Noticias y Actualidad","item":"https:\/\/eldigitaldeasturias.com\/magazine365\/category\/noticias-actualidad\/","nextItem":{"@type":"ListItem","@id":"https:\/\/eldigitaldeasturias.com\/magazine365\/el-patronato-de-huelva-inaugura-su-calendario-de-promocion-internacional-en-la-feria-de-holanda\/#listItem","name":"El patronato de Huelva inaugura su calendario de promoci\u00f3n internacional en la feria de Holanda"},"previousItem":{"@type":"ListItem","@id":"https:\/\/eldigitaldeasturias.com\/magazine365#listItem","name":"Home"}},{"@type":"ListItem","@id":"https:\/\/eldigitaldeasturias.com\/magazine365\/el-patronato-de-huelva-inaugura-su-calendario-de-promocion-internacional-en-la-feria-de-holanda\/#listItem","position":3,"name":"El patronato de Huelva inaugura su calendario de promoci\u00f3n internacional en la feria de Holanda","previousItem":{"@type":"ListItem","@id":"https:\/\/eldigitaldeasturias.com\/magazine365\/category\/noticias-actualidad\/#listItem","name":"Noticias y Actualidad"}}]},{"@type":"Organization","@id":"https:\/\/eldigitaldeasturias.com\/magazine365\/#organization","name":"El digital de Asturias","description":"Revista de ocio, turismo y estilo de vida","url":"https:\/\/eldigitaldeasturias.com\/magazine365\/","logo":{"@type":"ImageObject","url":"https:\/\/www.eldigitaldeasturias.com\/noticias\/wp-content\/uploads\/2020\/12\/EDA.jpg","@id":"https:\/\/eldigitaldeasturias.com\/magazine365\/el-patronato-de-huelva-inaugura-su-calendario-de-promocion-internacional-en-la-feria-de-holanda\/#organizationLogo"},"image":{"@id":"https:\/\/eldigitaldeasturias.com\/magazine365\/el-patronato-de-huelva-inaugura-su-calendario-de-promocion-internacional-en-la-feria-de-holanda\/#organizationLogo"}},{"@type":"Person","@id":"https:\/\/eldigitaldeasturias.com\/magazine365\/author\/admin\/#author","url":"https:\/\/eldigitaldeasturias.com\/magazine365\/author\/admin\/","name":"admin","image":{"@type":"ImageObject","@id":"https:\/\/eldigitaldeasturias.com\/magazine365\/el-patronato-de-huelva-inaugura-su-calendario-de-promocion-internacional-en-la-feria-de-holanda\/#authorImage","url":"https:\/\/eldigitaldeasturias.com\/magazine365\/wp-content\/litespeed\/avatar\/e571bcf59a0edd6fa6838245a470f2fe.jpg?ver=1777574230","width":96,"height":96,"caption":"admin"}},{"@type":"WebPage","@id":"https:\/\/eldigitaldeasturias.com\/magazine365\/el-patronato-de-huelva-inaugura-su-calendario-de-promocion-internacional-en-la-feria-de-holanda\/#webpage","url":"https:\/\/eldigitaldeasturias.com\/magazine365\/el-patronato-de-huelva-inaugura-su-calendario-de-promocion-internacional-en-la-feria-de-holanda\/","name":"El patronato de Huelva inaugura su calendario de promoci\u00f3n internacional en la feria de Holanda | El Digital de Asturias","description":"El Patronato Provincial de Turismo de Huelva ha acudido la Feria Internacional Vakantiebeurs de Utrecht (Holanda) que se celebra del 12 al 17 enero en el recinto Ferial 'Royal Dutch Jaarbeurs'. De este modo, seg\u00fan ha informado en una nota de prensa, Huelva est\u00e1 presente en esta muestra tur\u00edstica, la m\u00e1s destacada que se celebra","inLanguage":"es-ES","isPartOf":{"@id":"https:\/\/eldigitaldeasturias.com\/magazine365\/#website"},"breadcrumb":{"@id":"https:\/\/eldigitaldeasturias.com\/magazine365\/el-patronato-de-huelva-inaugura-su-calendario-de-promocion-internacional-en-la-feria-de-holanda\/#breadcrumblist"},"author":{"@id":"https:\/\/eldigitaldeasturias.com\/magazine365\/author\/admin\/#author"},"creator":{"@id":"https:\/\/eldigitaldeasturias.com\/magazine365\/author\/admin\/#author"},"image":{"@type":"ImageObject","url":"https:\/\/eldigitaldeasturias.com\/magazine365\/wp-content\/uploads\/2016\/01\/fotonoticia_20160115151619_800.jpg","@id":"https:\/\/eldigitaldeasturias.com\/magazine365\/el-patronato-de-huelva-inaugura-su-calendario-de-promocion-internacional-en-la-feria-de-holanda\/#mainImage","width":800,"height":429},"primaryImageOfPage":{"@id":"https:\/\/eldigitaldeasturias.com\/magazine365\/el-patronato-de-huelva-inaugura-su-calendario-de-promocion-internacional-en-la-feria-de-holanda\/#mainImage"},"datePublished":"2016-01-16T12:05:59+01:00","dateModified":"2016-01-16T12:05:59+01:00"},{"@type":"WebSite","@id":"https:\/\/eldigitaldeasturias.com\/magazine365\/#website","url":"https:\/\/eldigitaldeasturias.com\/magazine365\/","name":"El Digital de Asturias","description":"Revista de ocio, turismo y estilo de vida","inLanguage":"es-ES","publisher":{"@id":"https:\/\/eldigitaldeasturias.com\/magazine365\/#organization"}}]},"og:locale":"es_ES","og:site_name":"El Digital de Asturias \u2013 Revista de ocio, turismo y estilo de vida","og:type":"article","og:title":"El patronato de Huelva inaugura su calendario de promoci\u00f3n internacional en la feria de Holanda | El Digital de Asturias","og:description":"El Patronato Provincial de Turismo de Huelva ha acudido la Feria Internacional Vakantiebeurs de Utrecht (Holanda) que se celebra del 12 al 17 enero en el recinto Ferial 'Royal Dutch Jaarbeurs'. De este modo, seg\u00fan ha informado en una nota de prensa, Huelva est\u00e1 presente en esta muestra tur\u00edstica, la m\u00e1s destacada que se celebra","og:url":"https:\/\/eldigitaldeasturias.com\/magazine365\/el-patronato-de-huelva-inaugura-su-calendario-de-promocion-internacional-en-la-feria-de-holanda\/","og:image":"https:\/\/eldigitaldeasturias.com\/magazine365\/wp-content\/uploads\/2016\/01\/fotonoticia_20160115151619_800.jpg","og:image:secure_url":"https:\/\/eldigitaldeasturias.com\/magazine365\/wp-content\/uploads\/2016\/01\/fotonoticia_20160115151619_800.jpg","og:image:width":800,"og:image:height":429,"article:published_time":"2016-01-16T11:05:59+00:00","article:modified_time":"2016-01-16T11:05:59+00:00","twitter:card":"summary_large_image","twitter:title":"El patronato de Huelva inaugura su calendario de promoci\u00f3n internacional en la feria de Holanda | El Digital de Asturias","twitter:description":"El Patronato Provincial de Turismo de Huelva ha acudido la Feria Internacional Vakantiebeurs de Utrecht (Holanda) que se celebra del 12 al 17 enero en el recinto Ferial 'Royal Dutch Jaarbeurs'. De este modo, seg\u00fan ha informado en una nota de prensa, Huelva est\u00e1 presente en esta muestra tur\u00edstica, la m\u00e1s destacada que se celebra","twitter:image":"https:\/\/eldigitaldeasturias.com\/magazine365\/wp-content\/uploads\/2016\/01\/fotonoticia_20160115151619_800.jpg"},"aioseo_meta_data":{"post_id":"60821","title":null,"description":null,"keywords":null,"keyphrases":null,"primary_term":null,"canonical_url":null,"og_title":null,"og_description":null,"og_object_type":"default","og_image_type":"default","og_image_url":null,"og_image_width":null,"og_image_height":null,"og_image_custom_url":null,"og_image_custom_fields":null,"og_video":null,"og_custom_url":null,"og_article_section":null,"og_article_tags":null,"twitter_use_og":false,"twitter_card":"default","twitter_image_type":"default","twitter_image_url":null,"twitter_image_custom_url":null,"twitter_image_custom_fields":null,"twitter_title":null,"twitter_description":null,"schema":{"blockGraphs":[],"customGraphs":[],"default":{"data":{"Article":[],"Course":[],"Dataset":[],"FAQPage":[],"Movie":[],"Person":[],"Product":[],"ProductReview":[],"Car":[],"Recipe":[],"Service":[],"SoftwareApplication":[],"WebPage":[]},"graphName":"","isEnabled":true},"graphs":[],"defaultGraph":"","defaultPostTypeGraph":""},"schema_type":null,"schema_type_options":null,"pillar_content":false,"robots_default":true,"robots_noindex":false,"robots_noarchive":false,"robots_nosnippet":false,"robots_nofollow":false,"robots_noimageindex":false,"robots_noodp":false,"robots_notranslate":false,"robots_max_snippet":null,"robots_max_videopreview":null,"robots_max_imagepreview":"large","priority":null,"frequency":null,"location":null,"local_seo":null,"seo_analyzer_scan_date":"2025-09-25 07:38:25","breadcrumb_settings":null,"limit_modified_date":false,"open_ai":null,"ai":null,"created":"2021-03-08 21:56:18","updated":"2025-09-25 07:38:25"},"aioseo_breadcrumb":"<div class=\"aioseo-breadcrumbs\"><span class=\"aioseo-breadcrumb\">\n\t<a href=\"https:\/\/eldigitaldeasturias.com\/magazine365\" title=\"Home\">Home<\/a>\n<\/span><span class=\"aioseo-breadcrumb-separator\">\u2013<\/span><span class=\"aioseo-breadcrumb\">\n\t<a href=\"https:\/\/eldigitaldeasturias.com\/magazine365\/category\/noticias-actualidad\/\" title=\"Noticias y Actualidad\">Noticias y Actualidad<\/a>\n<\/span><span class=\"aioseo-breadcrumb-separator\">\u2013<\/span><span class=\"aioseo-breadcrumb\">\n\t<a href=\"https:\/\/eldigitaldeasturias.com\/magazine365\/el-patronato-de-huelva-inaugura-su-calendario-de-promocion-internacional-en-la-feria-de-holanda\/\" title=\"El patronato de Huelva inaugura su calendario de promoci\u00f3n internacional en la feria de Holanda\">El patronato de Huelva inaugura su calendario de promoci\u00f3n internacional en la feria de Holanda<\/a>\n<\/span><\/div>","aioseo_breadcrumb_json":[{"label":"Home","link":"https:\/\/eldigitaldeasturias.com\/magazine365"},{"label":"Noticias y Actualidad","link":"https:\/\/eldigitaldeasturias.com\/magazine365\/category\/noticias-actualidad\/"},{"label":"El patronato de Huelva inaugura su calendario de promoci\u00f3n internacional en la feria de Holanda","link":"https:\/\/eldigitaldeasturias.com\/magazine365\/el-patronato-de-huelva-inaugura-su-calendario-de-promocion-internacional-en-la-feria-de-holanda\/"}],"_links":{"self":[{"href":"https:\/\/eldigitaldeasturias.com\/magazine365\/wp-json\/wp\/v2\/posts\/60821","targetHints":{"allow":["GET"]}}],"collection":[{"href":"https:\/\/eldigitaldeasturias.com\/magazine365\/wp-json\/wp\/v2\/posts"}],"about":[{"href":"https:\/\/eldigitaldeasturias.com\/magazine365\/wp-json\/wp\/v2\/types\/post"}],"author":[{"embeddable":true,"href":"https:\/\/eldigitaldeasturias.com\/magazine365\/wp-json\/wp\/v2\/users\/1"}],"replies":[{"embeddable":true,"href":"https:\/\/eldigitaldeasturias.com\/magazine365\/wp-json\/wp\/v2\/comments?post=60821"}],"version-history":[{"count":0,"href":"https:\/\/eldigitaldeasturias.com\/magazine365\/wp-json\/wp\/v2\/posts\/60821\/revisions"}],"wp:featuredmedia":[{"embeddable":true,"href":"https:\/\/eldigitaldeasturias.com\/magazine365\/wp-json\/wp\/v2\/media\/60822"}],"wp:attachment":[{"href":"https:\/\/eldigitaldeasturias.com\/magazine365\/wp-json\/wp\/v2\/media?parent=60821"}],"wp:term":[{"taxonomy":"category","embeddable":true,"href":"https:\/\/eldigitaldeasturias.com\/magazine365\/wp-json\/wp\/v2\/categories?post=60821"},{"taxonomy":"post_tag","embeddable":true,"href":"https:\/\/eldigitaldeasturias.com\/magazine365\/wp-json\/wp\/v2\/tags?post=60821"}],"curies":[{"name":"wp","href":"https:\/\/api.w.org\/{rel}","templated":true}]}}