{"id":60805,"date":"2016-01-16T11:47:20","date_gmt":"2016-01-16T10:47:20","guid":{"rendered":"http:\/\/eldigitaldeasturias.com\/magazine365\/?p=60805"},"modified":"2016-01-16T11:47:20","modified_gmt":"2016-01-16T10:47:20","slug":"el-stand-de-cantabria-en-fitur-acogera-el-estreno-del-trailer-de-la-pelicula-altamira","status":"publish","type":"post","link":"https:\/\/eldigitaldeasturias.com\/magazine365\/el-stand-de-cantabria-en-fitur-acogera-el-estreno-del-trailer-de-la-pelicula-altamira\/","title":{"rendered":"El stand de Cantabria en Fitur acoger\u00e1 el estreno del tr\u00e1iler de la pel\u00edcula &#8216;Altamira&#8217;"},"content":{"rendered":"<p><img fetchpriority=\"high\" decoding=\"async\" class=\"alignleft size-medium wp-image-60806\" src=\"https:\/\/eldigitaldeasturias.com\/magazine365\/wp-content\/uploads\/2016\/01\/fotonoticia_20160115140834_800-360x240.jpg\" alt=\"fotonoticia_20160115140834_800\" width=\"360\" height=\"240\" srcset=\"https:\/\/eldigitaldeasturias.com\/magazine365\/wp-content\/uploads\/2016\/01\/fotonoticia_20160115140834_800-360x240.jpg 360w, https:\/\/eldigitaldeasturias.com\/magazine365\/wp-content\/uploads\/2016\/01\/fotonoticia_20160115140834_800-650x433.jpg 650w, https:\/\/eldigitaldeasturias.com\/magazine365\/wp-content\/uploads\/2016\/01\/fotonoticia_20160115140834_800-768x512.jpg 768w, https:\/\/eldigitaldeasturias.com\/magazine365\/wp-content\/uploads\/2016\/01\/fotonoticia_20160115140834_800-150x100.jpg 150w, https:\/\/eldigitaldeasturias.com\/magazine365\/wp-content\/uploads\/2016\/01\/fotonoticia_20160115140834_800-450x300.jpg 450w, https:\/\/eldigitaldeasturias.com\/magazine365\/wp-content\/uploads\/2016\/01\/fotonoticia_20160115140834_800-696x464.jpg 696w, https:\/\/eldigitaldeasturias.com\/magazine365\/wp-content\/uploads\/2016\/01\/fotonoticia_20160115140834_800-630x420.jpg 630w, https:\/\/eldigitaldeasturias.com\/magazine365\/wp-content\/uploads\/2016\/01\/fotonoticia_20160115140834_800-101x66.jpg 101w, https:\/\/eldigitaldeasturias.com\/magazine365\/wp-content\/uploads\/2016\/01\/fotonoticia_20160115140834_800.jpg 800w\" sizes=\"(max-width: 360px) 100vw, 360px\" \/>Cantabria estar\u00e1 un a\u00f1o m\u00e1s presente en la Feria Internacional de Turismo (FITUR), que se celebrar\u00e1 en IFEMA del 20 al 24 de enero, con un stand de 550 metros cuadrados que estar\u00e1 centrado en la promoci\u00f3n del A\u00f1o Jubilar Lebaniego 2017 y que acoger\u00e1 el estreno en exclusiva del tra\u00edler de la pel\u00edcula &#8216;Altamira&#8217;, dirigida por Hugh Hudson y protagonizada por Antonio Banderas.<\/p>\n<p>El consejero de Innovaci\u00f3n, Industria, Turismo y Comercio, Francisco Mart\u00edn, as\u00ed lo ha anunciado este viernes en la presentaci\u00f3n de las actividades que el Gobierno regional ha organizado en el stand y entre las que ha ensalzado esta proyecci\u00f3n como un \u00abgran hito\u00bb.<\/p>\n<p>Mart\u00edn ha destacado que la cueva de Altamira, situada en Santillana del Mar y conocida como la capilla sixtina del arte rupestre, est\u00e1 demostrado que \u00aba\u00fan genera la llamada de nacionales y extranjeros\u00bb y este a\u00f1o ser\u00e1 \u00abespecialmente importante\u00bb en ese sentido porque, en abril, se estrenar\u00e1 la pel\u00edcula y \u00e9sta ser\u00e1 distribuida por la FOX a nivel mundial.<\/p>\n<p>Aprovechando la expectaci\u00f3n que puede generar esa producci\u00f3n de Morena Films protagonizada por Banderas, el Gobierno regional ha logrado que el trailer de la pel\u00edcula se estrene en el stand durante el D\u00eda de Cantabria en Fitur, el viernes 22 de enero a las 12.00 horas.<\/p>\n<p>El consejero ha indicado que \u00e9l ya ha tenido el privilegio de ver im\u00e1genes de la pel\u00edcula &#8216;Altamira&#8217;, en la que se recoge la historia del descubrimiento de la cavidad por Marcelino Sanz de Sautuola a finales del siglo XIX y que fue rodada en Cantabria, y son \u00abespectaculares e impresionantes\u00bb y constituir\u00e1n el \u00abmejor escaparate que haya tenido jam\u00e1s nuestra regi\u00f3n en el mundo\u00bb.<\/p>\n<p>Por otro lado, Mart\u00edn ha ensalzado que el otro \u00abhito tem\u00e1tico\u00bb en el stand de Cantabria ser\u00e1 el A\u00f1o Jubilar Lebaniego 2017, evento que \u00abcapitalizar\u00e1\u00bb la promoci\u00f3n en la feria como \u00abtema central\u00bb. As\u00ed, se presentar\u00e1n diferentes actividades, publicaciones, acciones promocionales y un mon\u00f3logo teatral sobre la figura del Beato de Li\u00e9bana.<\/p>\n<p>Bajo el lema &#8216;Li\u00e9bana. Cantabria 2017. A\u00f1o Jubilar&#8217;, se dar\u00e1 a conocer en los circuitos de peregrinaci\u00f3n internacionales la trascendencia del Monasterio de Li\u00e9bana como uno de los lugares santos y de peregrinaci\u00f3n y se tratar\u00e1 de buscar la colaboraci\u00f3n de empresas privadas para el patrocinio del A\u00f1o Jubilar.<\/p>\n","protected":false},"excerpt":{"rendered":"<p>Cantabria estar\u00e1 un a\u00f1o m\u00e1s presente en la Feria Internacional de Turismo (FITUR), que se celebrar\u00e1 en IFEMA del 20 al 24 de enero, con un stand de 550 metros cuadrados que estar\u00e1 centrado en la promoci\u00f3n del A\u00f1o Jubilar Lebaniego 2017 y que acoger\u00e1 el estreno en exclusiva del tra\u00edler de la pel\u00edcula &#8216;Altamira&#8217;,<\/p>\n","protected":false},"author":1,"featured_media":60806,"comment_status":"open","ping_status":"closed","sticky":false,"template":"","format":"standard","meta":{"footnotes":""},"categories":[224],"tags":[],"class_list":{"0":"post-60805","1":"post","2":"type-post","3":"status-publish","4":"format-standard","5":"has-post-thumbnail","7":"category-noticias-actualidad"},"aioseo_notices":[],"aioseo_head":"\n\t\t<!-- All in One SEO Pro 4.9.6.1 - aioseo.com -->\n\t<meta name=\"description\" content=\"Cantabria estar\u00e1 un a\u00f1o m\u00e1s presente en la Feria Internacional de Turismo (FITUR), que se celebrar\u00e1 en IFEMA del 20 al 24 de enero, con un stand de 550 metros cuadrados que estar\u00e1 centrado en la promoci\u00f3n del A\u00f1o Jubilar Lebaniego 2017 y que acoger\u00e1 el estreno en exclusiva del tra\u00edler de la pel\u00edcula &#039;Altamira&#039;,\" \/>\n\t<meta name=\"robots\" content=\"max-image-preview:large\" \/>\n\t<meta name=\"author\" content=\"admin\"\/>\n\t<meta name=\"google-site-verification\" content=\"UA-38556648-1\" \/>\n\t<meta name=\"keywords\" content=\"noticias y actualidad\" \/>\n\t<link rel=\"canonical\" href=\"https:\/\/eldigitaldeasturias.com\/magazine365\/el-stand-de-cantabria-en-fitur-acogera-el-estreno-del-trailer-de-la-pelicula-altamira\/\" \/>\n\t<meta name=\"generator\" content=\"All in One SEO Pro (AIOSEO) 4.9.6.1\" \/>\n\t\t<meta property=\"og:locale\" content=\"es_ES\" \/>\n\t\t<meta property=\"og:site_name\" content=\"El Digital de Asturias \u2013 Revista de ocio, turismo y estilo de vida\" \/>\n\t\t<meta property=\"og:type\" content=\"article\" \/>\n\t\t<meta property=\"og:title\" content=\"El stand de Cantabria en Fitur acoger\u00e1 el estreno del tr\u00e1iler de la pel\u00edcula \u2018Altamira\u2019 | El Digital de Asturias\" \/>\n\t\t<meta property=\"og:description\" content=\"Cantabria estar\u00e1 un a\u00f1o m\u00e1s presente en la Feria Internacional de Turismo (FITUR), que se celebrar\u00e1 en IFEMA del 20 al 24 de enero, con un stand de 550 metros cuadrados que estar\u00e1 centrado en la promoci\u00f3n del A\u00f1o Jubilar Lebaniego 2017 y que acoger\u00e1 el estreno en exclusiva del tra\u00edler de la pel\u00edcula &#039;Altamira&#039;,\" \/>\n\t\t<meta property=\"og:url\" content=\"https:\/\/eldigitaldeasturias.com\/magazine365\/el-stand-de-cantabria-en-fitur-acogera-el-estreno-del-trailer-de-la-pelicula-altamira\/\" \/>\n\t\t<meta property=\"og:image\" content=\"https:\/\/eldigitaldeasturias.com\/magazine365\/wp-content\/uploads\/2016\/01\/fotonoticia_20160115140834_800.jpg\" \/>\n\t\t<meta property=\"og:image:secure_url\" content=\"https:\/\/eldigitaldeasturias.com\/magazine365\/wp-content\/uploads\/2016\/01\/fotonoticia_20160115140834_800.jpg\" \/>\n\t\t<meta property=\"og:image:width\" content=\"800\" \/>\n\t\t<meta property=\"og:image:height\" content=\"533\" \/>\n\t\t<meta property=\"article:published_time\" content=\"2016-01-16T10:47:20+00:00\" \/>\n\t\t<meta property=\"article:modified_time\" content=\"2016-01-16T10:47:20+00:00\" \/>\n\t\t<meta name=\"twitter:card\" content=\"summary_large_image\" \/>\n\t\t<meta name=\"twitter:title\" content=\"El stand de Cantabria en Fitur acoger\u00e1 el estreno del tr\u00e1iler de la pel\u00edcula \u2018Altamira\u2019 | El Digital de Asturias\" \/>\n\t\t<meta name=\"twitter:description\" content=\"Cantabria estar\u00e1 un a\u00f1o m\u00e1s presente en la Feria Internacional de Turismo (FITUR), que se celebrar\u00e1 en IFEMA del 20 al 24 de enero, con un stand de 550 metros cuadrados que estar\u00e1 centrado en la promoci\u00f3n del A\u00f1o Jubilar Lebaniego 2017 y que acoger\u00e1 el estreno en exclusiva del tra\u00edler de la pel\u00edcula &#039;Altamira&#039;,\" \/>\n\t\t<meta name=\"twitter:image\" content=\"https:\/\/eldigitaldeasturias.com\/magazine365\/wp-content\/uploads\/2016\/01\/fotonoticia_20160115140834_800.jpg\" \/>\n\t\t<script type=\"application\/ld+json\" class=\"aioseo-schema\">\n\t\t\t{\"@context\":\"https:\\\/\\\/schema.org\",\"@graph\":[{\"@type\":\"Article\",\"@id\":\"https:\\\/\\\/eldigitaldeasturias.com\\\/magazine365\\\/el-stand-de-cantabria-en-fitur-acogera-el-estreno-del-trailer-de-la-pelicula-altamira\\\/#article\",\"name\":\"El stand de Cantabria en Fitur acoger\\u00e1 el estreno del tr\\u00e1iler de la pel\\u00edcula \\u2018Altamira\\u2019 | El Digital de Asturias\",\"headline\":\"El stand de Cantabria en Fitur acoger\\u00e1 el estreno del tr\\u00e1iler de la pel\\u00edcula &#8216;Altamira&#8217;\",\"author\":{\"@id\":\"https:\\\/\\\/eldigitaldeasturias.com\\\/magazine365\\\/author\\\/admin\\\/#author\"},\"publisher\":{\"@id\":\"https:\\\/\\\/eldigitaldeasturias.com\\\/magazine365\\\/#organization\"},\"image\":{\"@type\":\"ImageObject\",\"url\":\"https:\\\/\\\/eldigitaldeasturias.com\\\/magazine365\\\/wp-content\\\/uploads\\\/2016\\\/01\\\/fotonoticia_20160115140834_800.jpg\",\"width\":800,\"height\":533},\"datePublished\":\"2016-01-16T11:47:20+01:00\",\"dateModified\":\"2016-01-16T11:47:20+01:00\",\"inLanguage\":\"es-ES\",\"mainEntityOfPage\":{\"@id\":\"https:\\\/\\\/eldigitaldeasturias.com\\\/magazine365\\\/el-stand-de-cantabria-en-fitur-acogera-el-estreno-del-trailer-de-la-pelicula-altamira\\\/#webpage\"},\"isPartOf\":{\"@id\":\"https:\\\/\\\/eldigitaldeasturias.com\\\/magazine365\\\/el-stand-de-cantabria-en-fitur-acogera-el-estreno-del-trailer-de-la-pelicula-altamira\\\/#webpage\"},\"articleSection\":\"Noticias y Actualidad\"},{\"@type\":\"BreadcrumbList\",\"@id\":\"https:\\\/\\\/eldigitaldeasturias.com\\\/magazine365\\\/el-stand-de-cantabria-en-fitur-acogera-el-estreno-del-trailer-de-la-pelicula-altamira\\\/#breadcrumblist\",\"itemListElement\":[{\"@type\":\"ListItem\",\"@id\":\"https:\\\/\\\/eldigitaldeasturias.com\\\/magazine365#listItem\",\"position\":1,\"name\":\"Home\",\"item\":\"https:\\\/\\\/eldigitaldeasturias.com\\\/magazine365\",\"nextItem\":{\"@type\":\"ListItem\",\"@id\":\"https:\\\/\\\/eldigitaldeasturias.com\\\/magazine365\\\/category\\\/noticias-actualidad\\\/#listItem\",\"name\":\"Noticias y Actualidad\"}},{\"@type\":\"ListItem\",\"@id\":\"https:\\\/\\\/eldigitaldeasturias.com\\\/magazine365\\\/category\\\/noticias-actualidad\\\/#listItem\",\"position\":2,\"name\":\"Noticias y Actualidad\",\"item\":\"https:\\\/\\\/eldigitaldeasturias.com\\\/magazine365\\\/category\\\/noticias-actualidad\\\/\",\"nextItem\":{\"@type\":\"ListItem\",\"@id\":\"https:\\\/\\\/eldigitaldeasturias.com\\\/magazine365\\\/el-stand-de-cantabria-en-fitur-acogera-el-estreno-del-trailer-de-la-pelicula-altamira\\\/#listItem\",\"name\":\"El stand de Cantabria en Fitur acoger\\u00e1 el estreno del tr\\u00e1iler de la pel\\u00edcula &#8216;Altamira&#8217;\"},\"previousItem\":{\"@type\":\"ListItem\",\"@id\":\"https:\\\/\\\/eldigitaldeasturias.com\\\/magazine365#listItem\",\"name\":\"Home\"}},{\"@type\":\"ListItem\",\"@id\":\"https:\\\/\\\/eldigitaldeasturias.com\\\/magazine365\\\/el-stand-de-cantabria-en-fitur-acogera-el-estreno-del-trailer-de-la-pelicula-altamira\\\/#listItem\",\"position\":3,\"name\":\"El stand de Cantabria en Fitur acoger\\u00e1 el estreno del tr\\u00e1iler de la pel\\u00edcula &#8216;Altamira&#8217;\",\"previousItem\":{\"@type\":\"ListItem\",\"@id\":\"https:\\\/\\\/eldigitaldeasturias.com\\\/magazine365\\\/category\\\/noticias-actualidad\\\/#listItem\",\"name\":\"Noticias y Actualidad\"}}]},{\"@type\":\"Organization\",\"@id\":\"https:\\\/\\\/eldigitaldeasturias.com\\\/magazine365\\\/#organization\",\"name\":\"El digital de Asturias\",\"description\":\"Revista de ocio, turismo y estilo de vida\",\"url\":\"https:\\\/\\\/eldigitaldeasturias.com\\\/magazine365\\\/\",\"logo\":{\"@type\":\"ImageObject\",\"url\":\"https:\\\/\\\/www.eldigitaldeasturias.com\\\/noticias\\\/wp-content\\\/uploads\\\/2020\\\/12\\\/EDA.jpg\",\"@id\":\"https:\\\/\\\/eldigitaldeasturias.com\\\/magazine365\\\/el-stand-de-cantabria-en-fitur-acogera-el-estreno-del-trailer-de-la-pelicula-altamira\\\/#organizationLogo\"},\"image\":{\"@id\":\"https:\\\/\\\/eldigitaldeasturias.com\\\/magazine365\\\/el-stand-de-cantabria-en-fitur-acogera-el-estreno-del-trailer-de-la-pelicula-altamira\\\/#organizationLogo\"}},{\"@type\":\"Person\",\"@id\":\"https:\\\/\\\/eldigitaldeasturias.com\\\/magazine365\\\/author\\\/admin\\\/#author\",\"url\":\"https:\\\/\\\/eldigitaldeasturias.com\\\/magazine365\\\/author\\\/admin\\\/\",\"name\":\"admin\",\"image\":{\"@type\":\"ImageObject\",\"@id\":\"https:\\\/\\\/eldigitaldeasturias.com\\\/magazine365\\\/el-stand-de-cantabria-en-fitur-acogera-el-estreno-del-trailer-de-la-pelicula-altamira\\\/#authorImage\",\"url\":\"https:\\\/\\\/eldigitaldeasturias.com\\\/magazine365\\\/wp-content\\\/litespeed\\\/avatar\\\/e571bcf59a0edd6fa6838245a470f2fe.jpg?ver=1777574230\",\"width\":96,\"height\":96,\"caption\":\"admin\"}},{\"@type\":\"WebPage\",\"@id\":\"https:\\\/\\\/eldigitaldeasturias.com\\\/magazine365\\\/el-stand-de-cantabria-en-fitur-acogera-el-estreno-del-trailer-de-la-pelicula-altamira\\\/#webpage\",\"url\":\"https:\\\/\\\/eldigitaldeasturias.com\\\/magazine365\\\/el-stand-de-cantabria-en-fitur-acogera-el-estreno-del-trailer-de-la-pelicula-altamira\\\/\",\"name\":\"El stand de Cantabria en Fitur acoger\\u00e1 el estreno del tr\\u00e1iler de la pel\\u00edcula \\u2018Altamira\\u2019 | El Digital de Asturias\",\"description\":\"Cantabria estar\\u00e1 un a\\u00f1o m\\u00e1s presente en la Feria Internacional de Turismo (FITUR), que se celebrar\\u00e1 en IFEMA del 20 al 24 de enero, con un stand de 550 metros cuadrados que estar\\u00e1 centrado en la promoci\\u00f3n del A\\u00f1o Jubilar Lebaniego 2017 y que acoger\\u00e1 el estreno en exclusiva del tra\\u00edler de la pel\\u00edcula 'Altamira',\",\"inLanguage\":\"es-ES\",\"isPartOf\":{\"@id\":\"https:\\\/\\\/eldigitaldeasturias.com\\\/magazine365\\\/#website\"},\"breadcrumb\":{\"@id\":\"https:\\\/\\\/eldigitaldeasturias.com\\\/magazine365\\\/el-stand-de-cantabria-en-fitur-acogera-el-estreno-del-trailer-de-la-pelicula-altamira\\\/#breadcrumblist\"},\"author\":{\"@id\":\"https:\\\/\\\/eldigitaldeasturias.com\\\/magazine365\\\/author\\\/admin\\\/#author\"},\"creator\":{\"@id\":\"https:\\\/\\\/eldigitaldeasturias.com\\\/magazine365\\\/author\\\/admin\\\/#author\"},\"image\":{\"@type\":\"ImageObject\",\"url\":\"https:\\\/\\\/eldigitaldeasturias.com\\\/magazine365\\\/wp-content\\\/uploads\\\/2016\\\/01\\\/fotonoticia_20160115140834_800.jpg\",\"@id\":\"https:\\\/\\\/eldigitaldeasturias.com\\\/magazine365\\\/el-stand-de-cantabria-en-fitur-acogera-el-estreno-del-trailer-de-la-pelicula-altamira\\\/#mainImage\",\"width\":800,\"height\":533},\"primaryImageOfPage\":{\"@id\":\"https:\\\/\\\/eldigitaldeasturias.com\\\/magazine365\\\/el-stand-de-cantabria-en-fitur-acogera-el-estreno-del-trailer-de-la-pelicula-altamira\\\/#mainImage\"},\"datePublished\":\"2016-01-16T11:47:20+01:00\",\"dateModified\":\"2016-01-16T11:47:20+01:00\"},{\"@type\":\"WebSite\",\"@id\":\"https:\\\/\\\/eldigitaldeasturias.com\\\/magazine365\\\/#website\",\"url\":\"https:\\\/\\\/eldigitaldeasturias.com\\\/magazine365\\\/\",\"name\":\"El Digital de Asturias\",\"description\":\"Revista de ocio, turismo y estilo de vida\",\"inLanguage\":\"es-ES\",\"publisher\":{\"@id\":\"https:\\\/\\\/eldigitaldeasturias.com\\\/magazine365\\\/#organization\"}}]}\n\t\t<\/script>\n\t\t<!-- All in One SEO Pro -->\r\n\t\t<title>El stand de Cantabria en Fitur acoger\u00e1 el estreno del tr\u00e1iler de la pel\u00edcula \u2018Altamira\u2019 | El Digital de Asturias<\/title>\n\n","aioseo_head_json":{"title":"El stand de Cantabria en Fitur acoger\u00e1 el estreno del tr\u00e1iler de la pel\u00edcula \u2018Altamira\u2019 | El Digital de Asturias","description":"Cantabria estar\u00e1 un a\u00f1o m\u00e1s presente en la Feria Internacional de Turismo (FITUR), que se celebrar\u00e1 en IFEMA del 20 al 24 de enero, con un stand de 550 metros cuadrados que estar\u00e1 centrado en la promoci\u00f3n del A\u00f1o Jubilar Lebaniego 2017 y que acoger\u00e1 el estreno en exclusiva del tra\u00edler de la pel\u00edcula 'Altamira',","canonical_url":"https:\/\/eldigitaldeasturias.com\/magazine365\/el-stand-de-cantabria-en-fitur-acogera-el-estreno-del-trailer-de-la-pelicula-altamira\/","robots":"max-image-preview:large","keywords":"noticias y actualidad","webmasterTools":{"google-site-verification":"UA-38556648-1","miscellaneous":""},"schema":{"@context":"https:\/\/schema.org","@graph":[{"@type":"Article","@id":"https:\/\/eldigitaldeasturias.com\/magazine365\/el-stand-de-cantabria-en-fitur-acogera-el-estreno-del-trailer-de-la-pelicula-altamira\/#article","name":"El stand de Cantabria en Fitur acoger\u00e1 el estreno del tr\u00e1iler de la pel\u00edcula \u2018Altamira\u2019 | El Digital de Asturias","headline":"El stand de Cantabria en Fitur acoger\u00e1 el estreno del tr\u00e1iler de la pel\u00edcula &#8216;Altamira&#8217;","author":{"@id":"https:\/\/eldigitaldeasturias.com\/magazine365\/author\/admin\/#author"},"publisher":{"@id":"https:\/\/eldigitaldeasturias.com\/magazine365\/#organization"},"image":{"@type":"ImageObject","url":"https:\/\/eldigitaldeasturias.com\/magazine365\/wp-content\/uploads\/2016\/01\/fotonoticia_20160115140834_800.jpg","width":800,"height":533},"datePublished":"2016-01-16T11:47:20+01:00","dateModified":"2016-01-16T11:47:20+01:00","inLanguage":"es-ES","mainEntityOfPage":{"@id":"https:\/\/eldigitaldeasturias.com\/magazine365\/el-stand-de-cantabria-en-fitur-acogera-el-estreno-del-trailer-de-la-pelicula-altamira\/#webpage"},"isPartOf":{"@id":"https:\/\/eldigitaldeasturias.com\/magazine365\/el-stand-de-cantabria-en-fitur-acogera-el-estreno-del-trailer-de-la-pelicula-altamira\/#webpage"},"articleSection":"Noticias y Actualidad"},{"@type":"BreadcrumbList","@id":"https:\/\/eldigitaldeasturias.com\/magazine365\/el-stand-de-cantabria-en-fitur-acogera-el-estreno-del-trailer-de-la-pelicula-altamira\/#breadcrumblist","itemListElement":[{"@type":"ListItem","@id":"https:\/\/eldigitaldeasturias.com\/magazine365#listItem","position":1,"name":"Home","item":"https:\/\/eldigitaldeasturias.com\/magazine365","nextItem":{"@type":"ListItem","@id":"https:\/\/eldigitaldeasturias.com\/magazine365\/category\/noticias-actualidad\/#listItem","name":"Noticias y Actualidad"}},{"@type":"ListItem","@id":"https:\/\/eldigitaldeasturias.com\/magazine365\/category\/noticias-actualidad\/#listItem","position":2,"name":"Noticias y Actualidad","item":"https:\/\/eldigitaldeasturias.com\/magazine365\/category\/noticias-actualidad\/","nextItem":{"@type":"ListItem","@id":"https:\/\/eldigitaldeasturias.com\/magazine365\/el-stand-de-cantabria-en-fitur-acogera-el-estreno-del-trailer-de-la-pelicula-altamira\/#listItem","name":"El stand de Cantabria en Fitur acoger\u00e1 el estreno del tr\u00e1iler de la pel\u00edcula &#8216;Altamira&#8217;"},"previousItem":{"@type":"ListItem","@id":"https:\/\/eldigitaldeasturias.com\/magazine365#listItem","name":"Home"}},{"@type":"ListItem","@id":"https:\/\/eldigitaldeasturias.com\/magazine365\/el-stand-de-cantabria-en-fitur-acogera-el-estreno-del-trailer-de-la-pelicula-altamira\/#listItem","position":3,"name":"El stand de Cantabria en Fitur acoger\u00e1 el estreno del tr\u00e1iler de la pel\u00edcula &#8216;Altamira&#8217;","previousItem":{"@type":"ListItem","@id":"https:\/\/eldigitaldeasturias.com\/magazine365\/category\/noticias-actualidad\/#listItem","name":"Noticias y Actualidad"}}]},{"@type":"Organization","@id":"https:\/\/eldigitaldeasturias.com\/magazine365\/#organization","name":"El digital de Asturias","description":"Revista de ocio, turismo y estilo de vida","url":"https:\/\/eldigitaldeasturias.com\/magazine365\/","logo":{"@type":"ImageObject","url":"https:\/\/www.eldigitaldeasturias.com\/noticias\/wp-content\/uploads\/2020\/12\/EDA.jpg","@id":"https:\/\/eldigitaldeasturias.com\/magazine365\/el-stand-de-cantabria-en-fitur-acogera-el-estreno-del-trailer-de-la-pelicula-altamira\/#organizationLogo"},"image":{"@id":"https:\/\/eldigitaldeasturias.com\/magazine365\/el-stand-de-cantabria-en-fitur-acogera-el-estreno-del-trailer-de-la-pelicula-altamira\/#organizationLogo"}},{"@type":"Person","@id":"https:\/\/eldigitaldeasturias.com\/magazine365\/author\/admin\/#author","url":"https:\/\/eldigitaldeasturias.com\/magazine365\/author\/admin\/","name":"admin","image":{"@type":"ImageObject","@id":"https:\/\/eldigitaldeasturias.com\/magazine365\/el-stand-de-cantabria-en-fitur-acogera-el-estreno-del-trailer-de-la-pelicula-altamira\/#authorImage","url":"https:\/\/eldigitaldeasturias.com\/magazine365\/wp-content\/litespeed\/avatar\/e571bcf59a0edd6fa6838245a470f2fe.jpg?ver=1777574230","width":96,"height":96,"caption":"admin"}},{"@type":"WebPage","@id":"https:\/\/eldigitaldeasturias.com\/magazine365\/el-stand-de-cantabria-en-fitur-acogera-el-estreno-del-trailer-de-la-pelicula-altamira\/#webpage","url":"https:\/\/eldigitaldeasturias.com\/magazine365\/el-stand-de-cantabria-en-fitur-acogera-el-estreno-del-trailer-de-la-pelicula-altamira\/","name":"El stand de Cantabria en Fitur acoger\u00e1 el estreno del tr\u00e1iler de la pel\u00edcula \u2018Altamira\u2019 | El Digital de Asturias","description":"Cantabria estar\u00e1 un a\u00f1o m\u00e1s presente en la Feria Internacional de Turismo (FITUR), que se celebrar\u00e1 en IFEMA del 20 al 24 de enero, con un stand de 550 metros cuadrados que estar\u00e1 centrado en la promoci\u00f3n del A\u00f1o Jubilar Lebaniego 2017 y que acoger\u00e1 el estreno en exclusiva del tra\u00edler de la pel\u00edcula 'Altamira',","inLanguage":"es-ES","isPartOf":{"@id":"https:\/\/eldigitaldeasturias.com\/magazine365\/#website"},"breadcrumb":{"@id":"https:\/\/eldigitaldeasturias.com\/magazine365\/el-stand-de-cantabria-en-fitur-acogera-el-estreno-del-trailer-de-la-pelicula-altamira\/#breadcrumblist"},"author":{"@id":"https:\/\/eldigitaldeasturias.com\/magazine365\/author\/admin\/#author"},"creator":{"@id":"https:\/\/eldigitaldeasturias.com\/magazine365\/author\/admin\/#author"},"image":{"@type":"ImageObject","url":"https:\/\/eldigitaldeasturias.com\/magazine365\/wp-content\/uploads\/2016\/01\/fotonoticia_20160115140834_800.jpg","@id":"https:\/\/eldigitaldeasturias.com\/magazine365\/el-stand-de-cantabria-en-fitur-acogera-el-estreno-del-trailer-de-la-pelicula-altamira\/#mainImage","width":800,"height":533},"primaryImageOfPage":{"@id":"https:\/\/eldigitaldeasturias.com\/magazine365\/el-stand-de-cantabria-en-fitur-acogera-el-estreno-del-trailer-de-la-pelicula-altamira\/#mainImage"},"datePublished":"2016-01-16T11:47:20+01:00","dateModified":"2016-01-16T11:47:20+01:00"},{"@type":"WebSite","@id":"https:\/\/eldigitaldeasturias.com\/magazine365\/#website","url":"https:\/\/eldigitaldeasturias.com\/magazine365\/","name":"El Digital de Asturias","description":"Revista de ocio, turismo y estilo de vida","inLanguage":"es-ES","publisher":{"@id":"https:\/\/eldigitaldeasturias.com\/magazine365\/#organization"}}]},"og:locale":"es_ES","og:site_name":"El Digital de Asturias \u2013 Revista de ocio, turismo y estilo de vida","og:type":"article","og:title":"El stand de Cantabria en Fitur acoger\u00e1 el estreno del tr\u00e1iler de la pel\u00edcula \u2018Altamira\u2019 | El Digital de Asturias","og:description":"Cantabria estar\u00e1 un a\u00f1o m\u00e1s presente en la Feria Internacional de Turismo (FITUR), que se celebrar\u00e1 en IFEMA del 20 al 24 de enero, con un stand de 550 metros cuadrados que estar\u00e1 centrado en la promoci\u00f3n del A\u00f1o Jubilar Lebaniego 2017 y que acoger\u00e1 el estreno en exclusiva del tra\u00edler de la pel\u00edcula 'Altamira',","og:url":"https:\/\/eldigitaldeasturias.com\/magazine365\/el-stand-de-cantabria-en-fitur-acogera-el-estreno-del-trailer-de-la-pelicula-altamira\/","og:image":"https:\/\/eldigitaldeasturias.com\/magazine365\/wp-content\/uploads\/2016\/01\/fotonoticia_20160115140834_800.jpg","og:image:secure_url":"https:\/\/eldigitaldeasturias.com\/magazine365\/wp-content\/uploads\/2016\/01\/fotonoticia_20160115140834_800.jpg","og:image:width":800,"og:image:height":533,"article:published_time":"2016-01-16T10:47:20+00:00","article:modified_time":"2016-01-16T10:47:20+00:00","twitter:card":"summary_large_image","twitter:title":"El stand de Cantabria en Fitur acoger\u00e1 el estreno del tr\u00e1iler de la pel\u00edcula \u2018Altamira\u2019 | El Digital de Asturias","twitter:description":"Cantabria estar\u00e1 un a\u00f1o m\u00e1s presente en la Feria Internacional de Turismo (FITUR), que se celebrar\u00e1 en IFEMA del 20 al 24 de enero, con un stand de 550 metros cuadrados que estar\u00e1 centrado en la promoci\u00f3n del A\u00f1o Jubilar Lebaniego 2017 y que acoger\u00e1 el estreno en exclusiva del tra\u00edler de la pel\u00edcula 'Altamira',","twitter:image":"https:\/\/eldigitaldeasturias.com\/magazine365\/wp-content\/uploads\/2016\/01\/fotonoticia_20160115140834_800.jpg"},"aioseo_meta_data":{"post_id":"60805","title":null,"description":null,"keywords":null,"keyphrases":null,"primary_term":null,"canonical_url":null,"og_title":null,"og_description":null,"og_object_type":"default","og_image_type":"default","og_image_url":null,"og_image_width":null,"og_image_height":null,"og_image_custom_url":null,"og_image_custom_fields":null,"og_video":null,"og_custom_url":null,"og_article_section":null,"og_article_tags":null,"twitter_use_og":false,"twitter_card":"default","twitter_image_type":"default","twitter_image_url":null,"twitter_image_custom_url":null,"twitter_image_custom_fields":null,"twitter_title":null,"twitter_description":null,"schema":{"blockGraphs":[],"customGraphs":[],"default":{"data":{"Article":[],"Course":[],"Dataset":[],"FAQPage":[],"Movie":[],"Person":[],"Product":[],"ProductReview":[],"Car":[],"Recipe":[],"Service":[],"SoftwareApplication":[],"WebPage":[]},"graphName":"","isEnabled":true},"graphs":[],"defaultGraph":"","defaultPostTypeGraph":""},"schema_type":null,"schema_type_options":null,"pillar_content":false,"robots_default":true,"robots_noindex":false,"robots_noarchive":false,"robots_nosnippet":false,"robots_nofollow":false,"robots_noimageindex":false,"robots_noodp":false,"robots_notranslate":false,"robots_max_snippet":null,"robots_max_videopreview":null,"robots_max_imagepreview":"large","priority":null,"frequency":null,"location":null,"local_seo":null,"seo_analyzer_scan_date":"2025-09-25 07:36:17","breadcrumb_settings":null,"limit_modified_date":false,"open_ai":null,"ai":null,"created":"2021-03-08 21:56:18","updated":"2025-09-25 07:36:17"},"aioseo_breadcrumb":"<div class=\"aioseo-breadcrumbs\"><span class=\"aioseo-breadcrumb\">\n\t<a href=\"https:\/\/eldigitaldeasturias.com\/magazine365\" title=\"Home\">Home<\/a>\n<\/span><span class=\"aioseo-breadcrumb-separator\">\u2013<\/span><span class=\"aioseo-breadcrumb\">\n\t<a href=\"https:\/\/eldigitaldeasturias.com\/magazine365\/category\/noticias-actualidad\/\" title=\"Noticias y Actualidad\">Noticias y Actualidad<\/a>\n<\/span><span class=\"aioseo-breadcrumb-separator\">\u2013<\/span><span class=\"aioseo-breadcrumb\">\n\t<a href=\"https:\/\/eldigitaldeasturias.com\/magazine365\/el-stand-de-cantabria-en-fitur-acogera-el-estreno-del-trailer-de-la-pelicula-altamira\/\" title=\"El stand de Cantabria en Fitur acoger\u00e1 el estreno del tr\u00e1iler de la pel\u00edcula \u2018Altamira\u2019\">El stand de Cantabria en Fitur acoger\u00e1 el estreno del tr\u00e1iler de la pel\u00edcula \u2018Altamira\u2019<\/a>\n<\/span><\/div>","aioseo_breadcrumb_json":[{"label":"Home","link":"https:\/\/eldigitaldeasturias.com\/magazine365"},{"label":"Noticias y Actualidad","link":"https:\/\/eldigitaldeasturias.com\/magazine365\/category\/noticias-actualidad\/"},{"label":"El stand de Cantabria en Fitur acoger\u00e1 el estreno del tr\u00e1iler de la pel\u00edcula &#8216;Altamira&#8217;","link":"https:\/\/eldigitaldeasturias.com\/magazine365\/el-stand-de-cantabria-en-fitur-acogera-el-estreno-del-trailer-de-la-pelicula-altamira\/"}],"_links":{"self":[{"href":"https:\/\/eldigitaldeasturias.com\/magazine365\/wp-json\/wp\/v2\/posts\/60805","targetHints":{"allow":["GET"]}}],"collection":[{"href":"https:\/\/eldigitaldeasturias.com\/magazine365\/wp-json\/wp\/v2\/posts"}],"about":[{"href":"https:\/\/eldigitaldeasturias.com\/magazine365\/wp-json\/wp\/v2\/types\/post"}],"author":[{"embeddable":true,"href":"https:\/\/eldigitaldeasturias.com\/magazine365\/wp-json\/wp\/v2\/users\/1"}],"replies":[{"embeddable":true,"href":"https:\/\/eldigitaldeasturias.com\/magazine365\/wp-json\/wp\/v2\/comments?post=60805"}],"version-history":[{"count":0,"href":"https:\/\/eldigitaldeasturias.com\/magazine365\/wp-json\/wp\/v2\/posts\/60805\/revisions"}],"wp:featuredmedia":[{"embeddable":true,"href":"https:\/\/eldigitaldeasturias.com\/magazine365\/wp-json\/wp\/v2\/media\/60806"}],"wp:attachment":[{"href":"https:\/\/eldigitaldeasturias.com\/magazine365\/wp-json\/wp\/v2\/media?parent=60805"}],"wp:term":[{"taxonomy":"category","embeddable":true,"href":"https:\/\/eldigitaldeasturias.com\/magazine365\/wp-json\/wp\/v2\/categories?post=60805"},{"taxonomy":"post_tag","embeddable":true,"href":"https:\/\/eldigitaldeasturias.com\/magazine365\/wp-json\/wp\/v2\/tags?post=60805"}],"curies":[{"name":"wp","href":"https:\/\/api.w.org\/{rel}","templated":true}]}}