{"id":60796,"date":"2016-01-15T17:18:42","date_gmt":"2016-01-15T16:18:42","guid":{"rendered":"http:\/\/eldigitaldeasturias.com\/magazine365\/?p=60796"},"modified":"2016-01-15T17:18:42","modified_gmt":"2016-01-15T16:18:42","slug":"el-alcalde-de-granada-defiende-la-tasa-como-fuente-de-ingresos-y-recuerda-que-la-aplican-otras-ciudades","status":"publish","type":"post","link":"https:\/\/eldigitaldeasturias.com\/magazine365\/el-alcalde-de-granada-defiende-la-tasa-como-fuente-de-ingresos-y-recuerda-que-la-aplican-otras-ciudades\/","title":{"rendered":"El alcalde de Granada defiende la tasa como \u00abfuente de ingresos\u00bb y recuerda que la aplican otras ciudades"},"content":{"rendered":"<p><img fetchpriority=\"high\" decoding=\"async\" class=\"alignleft size-medium wp-image-60797\" src=\"https:\/\/eldigitaldeasturias.com\/magazine365\/wp-content\/uploads\/2016\/01\/fotonoticia_20160115140515_800-360x240.jpg\" alt=\"fotonoticia_20160115140515_800\" width=\"360\" height=\"240\" srcset=\"https:\/\/eldigitaldeasturias.com\/magazine365\/wp-content\/uploads\/2016\/01\/fotonoticia_20160115140515_800-360x240.jpg 360w, https:\/\/eldigitaldeasturias.com\/magazine365\/wp-content\/uploads\/2016\/01\/fotonoticia_20160115140515_800-650x434.jpg 650w, https:\/\/eldigitaldeasturias.com\/magazine365\/wp-content\/uploads\/2016\/01\/fotonoticia_20160115140515_800-768x513.jpg 768w, https:\/\/eldigitaldeasturias.com\/magazine365\/wp-content\/uploads\/2016\/01\/fotonoticia_20160115140515_800-150x100.jpg 150w, https:\/\/eldigitaldeasturias.com\/magazine365\/wp-content\/uploads\/2016\/01\/fotonoticia_20160115140515_800-450x300.jpg 450w, https:\/\/eldigitaldeasturias.com\/magazine365\/wp-content\/uploads\/2016\/01\/fotonoticia_20160115140515_800-696x465.jpg 696w, https:\/\/eldigitaldeasturias.com\/magazine365\/wp-content\/uploads\/2016\/01\/fotonoticia_20160115140515_800-629x420.jpg 629w, https:\/\/eldigitaldeasturias.com\/magazine365\/wp-content\/uploads\/2016\/01\/fotonoticia_20160115140515_800-101x66.jpg 101w, https:\/\/eldigitaldeasturias.com\/magazine365\/wp-content\/uploads\/2016\/01\/fotonoticia_20160115140515_800.jpg 800w\" sizes=\"(max-width: 360px) 100vw, 360px\" \/>El alcalde de Granada, Jos\u00e9 Torres Hurtado (PP), ha defendido este viernes la implantaci\u00f3n de una tasa tur\u00edstica en los hoteles de la ciudad como \u00abfuente de ingresos\u00bb a revertir en la promoci\u00f3n del destino y ha recordado que ya la aplican otras ciudades europeas, como Barcelona, Par\u00eds o Roma.<\/p>\n<p>En la rueda de prensa de la programaci\u00f3n que la capital y la provincia llevar\u00e1n conjuntamente a la Feria Internacional de Turismo (Fitur), el alcalde ha aclarado que \u00ablo importante\u00bb en este caso no es la cantidad a cobrar al turista sino en qu\u00e9 se invierte el dinero recaudado, el \u00abpara qu\u00e9 se hace\u00bb. \u00abSi no se destina al propio turismo se estar\u00eda cometiendo un error\u00bb, ha sostenido.<\/p>\n<p>Para defender la medida, ha puesto el ejemplo de Barcelona, la ciudad que recibe m\u00e1s turistas del pa\u00eds, pese a cobrar una tasa (que es auton\u00f3mica). \u00abLa tasa no perjudica, sino que beneficia\u00bb, ha afirmado el primer edil, que adem\u00e1s ha incidido en que Baleares tambi\u00e9n va a poner en marcha otra tasa tur\u00edstica auton\u00f3mica en el mismo sentido.<\/p>\n<p>Torres Hurtado ha dicho que para que Granada pueda hacer a la \u00abcompetencia atroz\u00bb en el sector tur\u00edstico, debe seguir invirtiendo en su promoci\u00f3n, concepto al que ir\u00eda destinada la tasa. \u00abNo queremos quedarnos rezagados, \u00e9sta es una fuente de ingresos enorme para evolucionar y proteger el turismo\u00bb, ha resaltado, el alcalde, que ha garantizado que se contar\u00e1 con el acuerdo del sector.<\/p>\n<p>La delegada del Gobierno andaluz en Granada, Sandra Garc\u00eda, ha pedido precisamente \u00abconsenso\u00bb para su aplicaci\u00f3n, aunque ha recordado que se trata de una competencia municipal.<\/p>\n<p>Por su parte, el presidente de la Federaci\u00f3n de Hosteler\u00eda, Trinitario Betoret, ha dicho desconocer la propuesta en profundidad y ha confiado en que el Ayuntamiento pronto les emplace a una reuni\u00f3n para tratar el tema.<\/p>\n<p>En el borrador presupuestario que el equipo de gobierno (PP) ha trasladado a los grupos de la oposici\u00f3n para negociar las cuentas de 2016, el Ayuntamiento calcula que el cobro de la tasa tur\u00edstica a los visitantes que pernocten en los hoteles de la ciudad reportar\u00eda tres millones de euros anuales a las arcas municipales.<\/p>\n<p>Esta tasa ha sido propuesta por el Ayuntamiento para buscar nuevas v\u00edas de ingresos junto a la implantaci\u00f3n de un peaje en los accesos a la Alhambra, del que, por ahora, no existe una estimaci\u00f3n de lo que se podr\u00eda recaudar, m\u00e1s concretamente a los autobuses de turistas que llegan al recinto.<\/p>\n","protected":false},"excerpt":{"rendered":"<p>El alcalde de Granada, Jos\u00e9 Torres Hurtado (PP), ha defendido este viernes la implantaci\u00f3n de una tasa tur\u00edstica en los hoteles de la ciudad como \u00abfuente de ingresos\u00bb a revertir en la promoci\u00f3n del destino y ha recordado que ya la aplican otras ciudades europeas, como Barcelona, Par\u00eds o Roma. En la rueda de prensa<\/p>\n","protected":false},"author":1,"featured_media":60797,"comment_status":"open","ping_status":"closed","sticky":false,"template":"","format":"standard","meta":{"footnotes":""},"categories":[224],"tags":[],"class_list":{"0":"post-60796","1":"post","2":"type-post","3":"status-publish","4":"format-standard","5":"has-post-thumbnail","7":"category-noticias-actualidad"},"aioseo_notices":[],"aioseo_head":"\n\t\t<!-- All in One SEO Pro 4.9.6.1 - aioseo.com -->\n\t<meta name=\"description\" content=\"El alcalde de Granada, Jos\u00e9 Torres Hurtado (PP), ha defendido este viernes la implantaci\u00f3n de una tasa tur\u00edstica en los hoteles de la ciudad como &quot;fuente de ingresos&quot; a revertir en la promoci\u00f3n del destino y ha recordado que ya la aplican otras ciudades europeas, como Barcelona, Par\u00eds o Roma. En la rueda de prensa\" \/>\n\t<meta name=\"robots\" content=\"max-image-preview:large\" \/>\n\t<meta name=\"author\" content=\"admin\"\/>\n\t<meta name=\"google-site-verification\" content=\"UA-38556648-1\" \/>\n\t<meta name=\"keywords\" content=\"noticias y actualidad\" \/>\n\t<link rel=\"canonical\" href=\"https:\/\/eldigitaldeasturias.com\/magazine365\/el-alcalde-de-granada-defiende-la-tasa-como-fuente-de-ingresos-y-recuerda-que-la-aplican-otras-ciudades\/\" \/>\n\t<meta name=\"generator\" content=\"All in One SEO Pro (AIOSEO) 4.9.6.1\" \/>\n\t\t<meta property=\"og:locale\" content=\"es_ES\" \/>\n\t\t<meta property=\"og:site_name\" content=\"El Digital de Asturias \u2013 Revista de ocio, turismo y estilo de vida\" \/>\n\t\t<meta property=\"og:type\" content=\"article\" \/>\n\t\t<meta property=\"og:title\" content=\"El alcalde de Granada defiende la tasa como \u00abfuente de ingresos\u00bb y recuerda que la aplican otras ciudades | El Digital de Asturias\" \/>\n\t\t<meta property=\"og:description\" content=\"El alcalde de Granada, Jos\u00e9 Torres Hurtado (PP), ha defendido este viernes la implantaci\u00f3n de una tasa tur\u00edstica en los hoteles de la ciudad como &quot;fuente de ingresos&quot; a revertir en la promoci\u00f3n del destino y ha recordado que ya la aplican otras ciudades europeas, como Barcelona, Par\u00eds o Roma. En la rueda de prensa\" \/>\n\t\t<meta property=\"og:url\" content=\"https:\/\/eldigitaldeasturias.com\/magazine365\/el-alcalde-de-granada-defiende-la-tasa-como-fuente-de-ingresos-y-recuerda-que-la-aplican-otras-ciudades\/\" \/>\n\t\t<meta property=\"og:image\" content=\"https:\/\/eldigitaldeasturias.com\/magazine365\/wp-content\/uploads\/2016\/01\/fotonoticia_20160115140515_800.jpg\" \/>\n\t\t<meta property=\"og:image:secure_url\" content=\"https:\/\/eldigitaldeasturias.com\/magazine365\/wp-content\/uploads\/2016\/01\/fotonoticia_20160115140515_800.jpg\" \/>\n\t\t<meta property=\"og:image:width\" content=\"800\" \/>\n\t\t<meta property=\"og:image:height\" content=\"534\" \/>\n\t\t<meta property=\"article:published_time\" content=\"2016-01-15T16:18:42+00:00\" \/>\n\t\t<meta property=\"article:modified_time\" content=\"2016-01-15T16:18:42+00:00\" \/>\n\t\t<meta name=\"twitter:card\" content=\"summary_large_image\" \/>\n\t\t<meta name=\"twitter:title\" content=\"El alcalde de Granada defiende la tasa como \u00abfuente de ingresos\u00bb y recuerda que la aplican otras ciudades | El Digital de Asturias\" \/>\n\t\t<meta name=\"twitter:description\" content=\"El alcalde de Granada, Jos\u00e9 Torres Hurtado (PP), ha defendido este viernes la implantaci\u00f3n de una tasa tur\u00edstica en los hoteles de la ciudad como &quot;fuente de ingresos&quot; a revertir en la promoci\u00f3n del destino y ha recordado que ya la aplican otras ciudades europeas, como Barcelona, Par\u00eds o Roma. En la rueda de prensa\" \/>\n\t\t<meta name=\"twitter:image\" content=\"https:\/\/eldigitaldeasturias.com\/magazine365\/wp-content\/uploads\/2016\/01\/fotonoticia_20160115140515_800.jpg\" \/>\n\t\t<script type=\"application\/ld+json\" class=\"aioseo-schema\">\n\t\t\t{\"@context\":\"https:\\\/\\\/schema.org\",\"@graph\":[{\"@type\":\"Article\",\"@id\":\"https:\\\/\\\/eldigitaldeasturias.com\\\/magazine365\\\/el-alcalde-de-granada-defiende-la-tasa-como-fuente-de-ingresos-y-recuerda-que-la-aplican-otras-ciudades\\\/#article\",\"name\":\"El alcalde de Granada defiende la tasa como \\u00abfuente de ingresos\\u00bb y recuerda que la aplican otras ciudades | El Digital de Asturias\",\"headline\":\"El alcalde de Granada defiende la tasa como \\u00abfuente de ingresos\\u00bb y recuerda que la aplican otras ciudades\",\"author\":{\"@id\":\"https:\\\/\\\/eldigitaldeasturias.com\\\/magazine365\\\/author\\\/admin\\\/#author\"},\"publisher\":{\"@id\":\"https:\\\/\\\/eldigitaldeasturias.com\\\/magazine365\\\/#organization\"},\"image\":{\"@type\":\"ImageObject\",\"url\":\"https:\\\/\\\/eldigitaldeasturias.com\\\/magazine365\\\/wp-content\\\/uploads\\\/2016\\\/01\\\/fotonoticia_20160115140515_800.jpg\",\"width\":800,\"height\":534},\"datePublished\":\"2016-01-15T17:18:42+01:00\",\"dateModified\":\"2016-01-15T17:18:42+01:00\",\"inLanguage\":\"es-ES\",\"mainEntityOfPage\":{\"@id\":\"https:\\\/\\\/eldigitaldeasturias.com\\\/magazine365\\\/el-alcalde-de-granada-defiende-la-tasa-como-fuente-de-ingresos-y-recuerda-que-la-aplican-otras-ciudades\\\/#webpage\"},\"isPartOf\":{\"@id\":\"https:\\\/\\\/eldigitaldeasturias.com\\\/magazine365\\\/el-alcalde-de-granada-defiende-la-tasa-como-fuente-de-ingresos-y-recuerda-que-la-aplican-otras-ciudades\\\/#webpage\"},\"articleSection\":\"Noticias y Actualidad\"},{\"@type\":\"BreadcrumbList\",\"@id\":\"https:\\\/\\\/eldigitaldeasturias.com\\\/magazine365\\\/el-alcalde-de-granada-defiende-la-tasa-como-fuente-de-ingresos-y-recuerda-que-la-aplican-otras-ciudades\\\/#breadcrumblist\",\"itemListElement\":[{\"@type\":\"ListItem\",\"@id\":\"https:\\\/\\\/eldigitaldeasturias.com\\\/magazine365#listItem\",\"position\":1,\"name\":\"Home\",\"item\":\"https:\\\/\\\/eldigitaldeasturias.com\\\/magazine365\",\"nextItem\":{\"@type\":\"ListItem\",\"@id\":\"https:\\\/\\\/eldigitaldeasturias.com\\\/magazine365\\\/category\\\/noticias-actualidad\\\/#listItem\",\"name\":\"Noticias y Actualidad\"}},{\"@type\":\"ListItem\",\"@id\":\"https:\\\/\\\/eldigitaldeasturias.com\\\/magazine365\\\/category\\\/noticias-actualidad\\\/#listItem\",\"position\":2,\"name\":\"Noticias y Actualidad\",\"item\":\"https:\\\/\\\/eldigitaldeasturias.com\\\/magazine365\\\/category\\\/noticias-actualidad\\\/\",\"nextItem\":{\"@type\":\"ListItem\",\"@id\":\"https:\\\/\\\/eldigitaldeasturias.com\\\/magazine365\\\/el-alcalde-de-granada-defiende-la-tasa-como-fuente-de-ingresos-y-recuerda-que-la-aplican-otras-ciudades\\\/#listItem\",\"name\":\"El alcalde de Granada defiende la tasa como \\u00abfuente de ingresos\\u00bb y recuerda que la aplican otras ciudades\"},\"previousItem\":{\"@type\":\"ListItem\",\"@id\":\"https:\\\/\\\/eldigitaldeasturias.com\\\/magazine365#listItem\",\"name\":\"Home\"}},{\"@type\":\"ListItem\",\"@id\":\"https:\\\/\\\/eldigitaldeasturias.com\\\/magazine365\\\/el-alcalde-de-granada-defiende-la-tasa-como-fuente-de-ingresos-y-recuerda-que-la-aplican-otras-ciudades\\\/#listItem\",\"position\":3,\"name\":\"El alcalde de Granada defiende la tasa como \\u00abfuente de ingresos\\u00bb y recuerda que la aplican otras ciudades\",\"previousItem\":{\"@type\":\"ListItem\",\"@id\":\"https:\\\/\\\/eldigitaldeasturias.com\\\/magazine365\\\/category\\\/noticias-actualidad\\\/#listItem\",\"name\":\"Noticias y Actualidad\"}}]},{\"@type\":\"Organization\",\"@id\":\"https:\\\/\\\/eldigitaldeasturias.com\\\/magazine365\\\/#organization\",\"name\":\"El digital de Asturias\",\"description\":\"Revista de ocio, turismo y estilo de vida\",\"url\":\"https:\\\/\\\/eldigitaldeasturias.com\\\/magazine365\\\/\",\"logo\":{\"@type\":\"ImageObject\",\"url\":\"https:\\\/\\\/www.eldigitaldeasturias.com\\\/noticias\\\/wp-content\\\/uploads\\\/2020\\\/12\\\/EDA.jpg\",\"@id\":\"https:\\\/\\\/eldigitaldeasturias.com\\\/magazine365\\\/el-alcalde-de-granada-defiende-la-tasa-como-fuente-de-ingresos-y-recuerda-que-la-aplican-otras-ciudades\\\/#organizationLogo\"},\"image\":{\"@id\":\"https:\\\/\\\/eldigitaldeasturias.com\\\/magazine365\\\/el-alcalde-de-granada-defiende-la-tasa-como-fuente-de-ingresos-y-recuerda-que-la-aplican-otras-ciudades\\\/#organizationLogo\"}},{\"@type\":\"Person\",\"@id\":\"https:\\\/\\\/eldigitaldeasturias.com\\\/magazine365\\\/author\\\/admin\\\/#author\",\"url\":\"https:\\\/\\\/eldigitaldeasturias.com\\\/magazine365\\\/author\\\/admin\\\/\",\"name\":\"admin\",\"image\":{\"@type\":\"ImageObject\",\"@id\":\"https:\\\/\\\/eldigitaldeasturias.com\\\/magazine365\\\/el-alcalde-de-granada-defiende-la-tasa-como-fuente-de-ingresos-y-recuerda-que-la-aplican-otras-ciudades\\\/#authorImage\",\"url\":\"https:\\\/\\\/eldigitaldeasturias.com\\\/magazine365\\\/wp-content\\\/litespeed\\\/avatar\\\/e571bcf59a0edd6fa6838245a470f2fe.jpg?ver=1777574230\",\"width\":96,\"height\":96,\"caption\":\"admin\"}},{\"@type\":\"WebPage\",\"@id\":\"https:\\\/\\\/eldigitaldeasturias.com\\\/magazine365\\\/el-alcalde-de-granada-defiende-la-tasa-como-fuente-de-ingresos-y-recuerda-que-la-aplican-otras-ciudades\\\/#webpage\",\"url\":\"https:\\\/\\\/eldigitaldeasturias.com\\\/magazine365\\\/el-alcalde-de-granada-defiende-la-tasa-como-fuente-de-ingresos-y-recuerda-que-la-aplican-otras-ciudades\\\/\",\"name\":\"El alcalde de Granada defiende la tasa como \\u00abfuente de ingresos\\u00bb y recuerda que la aplican otras ciudades | El Digital de Asturias\",\"description\":\"El alcalde de Granada, Jos\\u00e9 Torres Hurtado (PP), ha defendido este viernes la implantaci\\u00f3n de una tasa tur\\u00edstica en los hoteles de la ciudad como \\\"fuente de ingresos\\\" a revertir en la promoci\\u00f3n del destino y ha recordado que ya la aplican otras ciudades europeas, como Barcelona, Par\\u00eds o Roma. En la rueda de prensa\",\"inLanguage\":\"es-ES\",\"isPartOf\":{\"@id\":\"https:\\\/\\\/eldigitaldeasturias.com\\\/magazine365\\\/#website\"},\"breadcrumb\":{\"@id\":\"https:\\\/\\\/eldigitaldeasturias.com\\\/magazine365\\\/el-alcalde-de-granada-defiende-la-tasa-como-fuente-de-ingresos-y-recuerda-que-la-aplican-otras-ciudades\\\/#breadcrumblist\"},\"author\":{\"@id\":\"https:\\\/\\\/eldigitaldeasturias.com\\\/magazine365\\\/author\\\/admin\\\/#author\"},\"creator\":{\"@id\":\"https:\\\/\\\/eldigitaldeasturias.com\\\/magazine365\\\/author\\\/admin\\\/#author\"},\"image\":{\"@type\":\"ImageObject\",\"url\":\"https:\\\/\\\/eldigitaldeasturias.com\\\/magazine365\\\/wp-content\\\/uploads\\\/2016\\\/01\\\/fotonoticia_20160115140515_800.jpg\",\"@id\":\"https:\\\/\\\/eldigitaldeasturias.com\\\/magazine365\\\/el-alcalde-de-granada-defiende-la-tasa-como-fuente-de-ingresos-y-recuerda-que-la-aplican-otras-ciudades\\\/#mainImage\",\"width\":800,\"height\":534},\"primaryImageOfPage\":{\"@id\":\"https:\\\/\\\/eldigitaldeasturias.com\\\/magazine365\\\/el-alcalde-de-granada-defiende-la-tasa-como-fuente-de-ingresos-y-recuerda-que-la-aplican-otras-ciudades\\\/#mainImage\"},\"datePublished\":\"2016-01-15T17:18:42+01:00\",\"dateModified\":\"2016-01-15T17:18:42+01:00\"},{\"@type\":\"WebSite\",\"@id\":\"https:\\\/\\\/eldigitaldeasturias.com\\\/magazine365\\\/#website\",\"url\":\"https:\\\/\\\/eldigitaldeasturias.com\\\/magazine365\\\/\",\"name\":\"El Digital de Asturias\",\"description\":\"Revista de ocio, turismo y estilo de vida\",\"inLanguage\":\"es-ES\",\"publisher\":{\"@id\":\"https:\\\/\\\/eldigitaldeasturias.com\\\/magazine365\\\/#organization\"}}]}\n\t\t<\/script>\n\t\t<!-- All in One SEO Pro -->\r\n\t\t<title>El alcalde de Granada defiende la tasa como \u00abfuente de ingresos\u00bb y recuerda que la aplican otras ciudades | El Digital de Asturias<\/title>\n\n","aioseo_head_json":{"title":"El alcalde de Granada defiende la tasa como \u00abfuente de ingresos\u00bb y recuerda que la aplican otras ciudades | El Digital de Asturias","description":"El alcalde de Granada, Jos\u00e9 Torres Hurtado (PP), ha defendido este viernes la implantaci\u00f3n de una tasa tur\u00edstica en los hoteles de la ciudad como \"fuente de ingresos\" a revertir en la promoci\u00f3n del destino y ha recordado que ya la aplican otras ciudades europeas, como Barcelona, Par\u00eds o Roma. En la rueda de prensa","canonical_url":"https:\/\/eldigitaldeasturias.com\/magazine365\/el-alcalde-de-granada-defiende-la-tasa-como-fuente-de-ingresos-y-recuerda-que-la-aplican-otras-ciudades\/","robots":"max-image-preview:large","keywords":"noticias y actualidad","webmasterTools":{"google-site-verification":"UA-38556648-1","miscellaneous":""},"schema":{"@context":"https:\/\/schema.org","@graph":[{"@type":"Article","@id":"https:\/\/eldigitaldeasturias.com\/magazine365\/el-alcalde-de-granada-defiende-la-tasa-como-fuente-de-ingresos-y-recuerda-que-la-aplican-otras-ciudades\/#article","name":"El alcalde de Granada defiende la tasa como \u00abfuente de ingresos\u00bb y recuerda que la aplican otras ciudades | El Digital de Asturias","headline":"El alcalde de Granada defiende la tasa como \u00abfuente de ingresos\u00bb y recuerda que la aplican otras ciudades","author":{"@id":"https:\/\/eldigitaldeasturias.com\/magazine365\/author\/admin\/#author"},"publisher":{"@id":"https:\/\/eldigitaldeasturias.com\/magazine365\/#organization"},"image":{"@type":"ImageObject","url":"https:\/\/eldigitaldeasturias.com\/magazine365\/wp-content\/uploads\/2016\/01\/fotonoticia_20160115140515_800.jpg","width":800,"height":534},"datePublished":"2016-01-15T17:18:42+01:00","dateModified":"2016-01-15T17:18:42+01:00","inLanguage":"es-ES","mainEntityOfPage":{"@id":"https:\/\/eldigitaldeasturias.com\/magazine365\/el-alcalde-de-granada-defiende-la-tasa-como-fuente-de-ingresos-y-recuerda-que-la-aplican-otras-ciudades\/#webpage"},"isPartOf":{"@id":"https:\/\/eldigitaldeasturias.com\/magazine365\/el-alcalde-de-granada-defiende-la-tasa-como-fuente-de-ingresos-y-recuerda-que-la-aplican-otras-ciudades\/#webpage"},"articleSection":"Noticias y Actualidad"},{"@type":"BreadcrumbList","@id":"https:\/\/eldigitaldeasturias.com\/magazine365\/el-alcalde-de-granada-defiende-la-tasa-como-fuente-de-ingresos-y-recuerda-que-la-aplican-otras-ciudades\/#breadcrumblist","itemListElement":[{"@type":"ListItem","@id":"https:\/\/eldigitaldeasturias.com\/magazine365#listItem","position":1,"name":"Home","item":"https:\/\/eldigitaldeasturias.com\/magazine365","nextItem":{"@type":"ListItem","@id":"https:\/\/eldigitaldeasturias.com\/magazine365\/category\/noticias-actualidad\/#listItem","name":"Noticias y Actualidad"}},{"@type":"ListItem","@id":"https:\/\/eldigitaldeasturias.com\/magazine365\/category\/noticias-actualidad\/#listItem","position":2,"name":"Noticias y Actualidad","item":"https:\/\/eldigitaldeasturias.com\/magazine365\/category\/noticias-actualidad\/","nextItem":{"@type":"ListItem","@id":"https:\/\/eldigitaldeasturias.com\/magazine365\/el-alcalde-de-granada-defiende-la-tasa-como-fuente-de-ingresos-y-recuerda-que-la-aplican-otras-ciudades\/#listItem","name":"El alcalde de Granada defiende la tasa como \u00abfuente de ingresos\u00bb y recuerda que la aplican otras ciudades"},"previousItem":{"@type":"ListItem","@id":"https:\/\/eldigitaldeasturias.com\/magazine365#listItem","name":"Home"}},{"@type":"ListItem","@id":"https:\/\/eldigitaldeasturias.com\/magazine365\/el-alcalde-de-granada-defiende-la-tasa-como-fuente-de-ingresos-y-recuerda-que-la-aplican-otras-ciudades\/#listItem","position":3,"name":"El alcalde de Granada defiende la tasa como \u00abfuente de ingresos\u00bb y recuerda que la aplican otras ciudades","previousItem":{"@type":"ListItem","@id":"https:\/\/eldigitaldeasturias.com\/magazine365\/category\/noticias-actualidad\/#listItem","name":"Noticias y Actualidad"}}]},{"@type":"Organization","@id":"https:\/\/eldigitaldeasturias.com\/magazine365\/#organization","name":"El digital de Asturias","description":"Revista de ocio, turismo y estilo de vida","url":"https:\/\/eldigitaldeasturias.com\/magazine365\/","logo":{"@type":"ImageObject","url":"https:\/\/www.eldigitaldeasturias.com\/noticias\/wp-content\/uploads\/2020\/12\/EDA.jpg","@id":"https:\/\/eldigitaldeasturias.com\/magazine365\/el-alcalde-de-granada-defiende-la-tasa-como-fuente-de-ingresos-y-recuerda-que-la-aplican-otras-ciudades\/#organizationLogo"},"image":{"@id":"https:\/\/eldigitaldeasturias.com\/magazine365\/el-alcalde-de-granada-defiende-la-tasa-como-fuente-de-ingresos-y-recuerda-que-la-aplican-otras-ciudades\/#organizationLogo"}},{"@type":"Person","@id":"https:\/\/eldigitaldeasturias.com\/magazine365\/author\/admin\/#author","url":"https:\/\/eldigitaldeasturias.com\/magazine365\/author\/admin\/","name":"admin","image":{"@type":"ImageObject","@id":"https:\/\/eldigitaldeasturias.com\/magazine365\/el-alcalde-de-granada-defiende-la-tasa-como-fuente-de-ingresos-y-recuerda-que-la-aplican-otras-ciudades\/#authorImage","url":"https:\/\/eldigitaldeasturias.com\/magazine365\/wp-content\/litespeed\/avatar\/e571bcf59a0edd6fa6838245a470f2fe.jpg?ver=1777574230","width":96,"height":96,"caption":"admin"}},{"@type":"WebPage","@id":"https:\/\/eldigitaldeasturias.com\/magazine365\/el-alcalde-de-granada-defiende-la-tasa-como-fuente-de-ingresos-y-recuerda-que-la-aplican-otras-ciudades\/#webpage","url":"https:\/\/eldigitaldeasturias.com\/magazine365\/el-alcalde-de-granada-defiende-la-tasa-como-fuente-de-ingresos-y-recuerda-que-la-aplican-otras-ciudades\/","name":"El alcalde de Granada defiende la tasa como \u00abfuente de ingresos\u00bb y recuerda que la aplican otras ciudades | El Digital de Asturias","description":"El alcalde de Granada, Jos\u00e9 Torres Hurtado (PP), ha defendido este viernes la implantaci\u00f3n de una tasa tur\u00edstica en los hoteles de la ciudad como \"fuente de ingresos\" a revertir en la promoci\u00f3n del destino y ha recordado que ya la aplican otras ciudades europeas, como Barcelona, Par\u00eds o Roma. En la rueda de prensa","inLanguage":"es-ES","isPartOf":{"@id":"https:\/\/eldigitaldeasturias.com\/magazine365\/#website"},"breadcrumb":{"@id":"https:\/\/eldigitaldeasturias.com\/magazine365\/el-alcalde-de-granada-defiende-la-tasa-como-fuente-de-ingresos-y-recuerda-que-la-aplican-otras-ciudades\/#breadcrumblist"},"author":{"@id":"https:\/\/eldigitaldeasturias.com\/magazine365\/author\/admin\/#author"},"creator":{"@id":"https:\/\/eldigitaldeasturias.com\/magazine365\/author\/admin\/#author"},"image":{"@type":"ImageObject","url":"https:\/\/eldigitaldeasturias.com\/magazine365\/wp-content\/uploads\/2016\/01\/fotonoticia_20160115140515_800.jpg","@id":"https:\/\/eldigitaldeasturias.com\/magazine365\/el-alcalde-de-granada-defiende-la-tasa-como-fuente-de-ingresos-y-recuerda-que-la-aplican-otras-ciudades\/#mainImage","width":800,"height":534},"primaryImageOfPage":{"@id":"https:\/\/eldigitaldeasturias.com\/magazine365\/el-alcalde-de-granada-defiende-la-tasa-como-fuente-de-ingresos-y-recuerda-que-la-aplican-otras-ciudades\/#mainImage"},"datePublished":"2016-01-15T17:18:42+01:00","dateModified":"2016-01-15T17:18:42+01:00"},{"@type":"WebSite","@id":"https:\/\/eldigitaldeasturias.com\/magazine365\/#website","url":"https:\/\/eldigitaldeasturias.com\/magazine365\/","name":"El Digital de Asturias","description":"Revista de ocio, turismo y estilo de vida","inLanguage":"es-ES","publisher":{"@id":"https:\/\/eldigitaldeasturias.com\/magazine365\/#organization"}}]},"og:locale":"es_ES","og:site_name":"El Digital de Asturias \u2013 Revista de ocio, turismo y estilo de vida","og:type":"article","og:title":"El alcalde de Granada defiende la tasa como \u00abfuente de ingresos\u00bb y recuerda que la aplican otras ciudades | El Digital de Asturias","og:description":"El alcalde de Granada, Jos\u00e9 Torres Hurtado (PP), ha defendido este viernes la implantaci\u00f3n de una tasa tur\u00edstica en los hoteles de la ciudad como &quot;fuente de ingresos&quot; a revertir en la promoci\u00f3n del destino y ha recordado que ya la aplican otras ciudades europeas, como Barcelona, Par\u00eds o Roma. En la rueda de prensa","og:url":"https:\/\/eldigitaldeasturias.com\/magazine365\/el-alcalde-de-granada-defiende-la-tasa-como-fuente-de-ingresos-y-recuerda-que-la-aplican-otras-ciudades\/","og:image":"https:\/\/eldigitaldeasturias.com\/magazine365\/wp-content\/uploads\/2016\/01\/fotonoticia_20160115140515_800.jpg","og:image:secure_url":"https:\/\/eldigitaldeasturias.com\/magazine365\/wp-content\/uploads\/2016\/01\/fotonoticia_20160115140515_800.jpg","og:image:width":800,"og:image:height":534,"article:published_time":"2016-01-15T16:18:42+00:00","article:modified_time":"2016-01-15T16:18:42+00:00","twitter:card":"summary_large_image","twitter:title":"El alcalde de Granada defiende la tasa como \u00abfuente de ingresos\u00bb y recuerda que la aplican otras ciudades | El Digital de Asturias","twitter:description":"El alcalde de Granada, Jos\u00e9 Torres Hurtado (PP), ha defendido este viernes la implantaci\u00f3n de una tasa tur\u00edstica en los hoteles de la ciudad como &quot;fuente de ingresos&quot; a revertir en la promoci\u00f3n del destino y ha recordado que ya la aplican otras ciudades europeas, como Barcelona, Par\u00eds o Roma. En la rueda de prensa","twitter:image":"https:\/\/eldigitaldeasturias.com\/magazine365\/wp-content\/uploads\/2016\/01\/fotonoticia_20160115140515_800.jpg"},"aioseo_meta_data":{"post_id":"60796","title":null,"description":null,"keywords":null,"keyphrases":null,"primary_term":null,"canonical_url":null,"og_title":null,"og_description":null,"og_object_type":"default","og_image_type":"default","og_image_url":null,"og_image_width":null,"og_image_height":null,"og_image_custom_url":null,"og_image_custom_fields":null,"og_video":null,"og_custom_url":null,"og_article_section":null,"og_article_tags":null,"twitter_use_og":false,"twitter_card":"default","twitter_image_type":"default","twitter_image_url":null,"twitter_image_custom_url":null,"twitter_image_custom_fields":null,"twitter_title":null,"twitter_description":null,"schema":{"blockGraphs":[],"customGraphs":[],"default":{"data":{"Article":[],"Course":[],"Dataset":[],"FAQPage":[],"Movie":[],"Person":[],"Product":[],"ProductReview":[],"Car":[],"Recipe":[],"Service":[],"SoftwareApplication":[],"WebPage":[]},"graphName":"","isEnabled":true},"graphs":[],"defaultGraph":"","defaultPostTypeGraph":""},"schema_type":null,"schema_type_options":null,"pillar_content":false,"robots_default":true,"robots_noindex":false,"robots_noarchive":false,"robots_nosnippet":false,"robots_nofollow":false,"robots_noimageindex":false,"robots_noodp":false,"robots_notranslate":false,"robots_max_snippet":null,"robots_max_videopreview":null,"robots_max_imagepreview":"large","priority":null,"frequency":null,"location":null,"local_seo":null,"seo_analyzer_scan_date":"2025-09-25 07:36:13","breadcrumb_settings":null,"limit_modified_date":false,"open_ai":null,"ai":null,"created":"2021-03-08 12:22:53","updated":"2025-09-25 07:36:13"},"aioseo_breadcrumb":"<div class=\"aioseo-breadcrumbs\"><span class=\"aioseo-breadcrumb\">\n\t<a href=\"https:\/\/eldigitaldeasturias.com\/magazine365\" title=\"Home\">Home<\/a>\n<\/span><span class=\"aioseo-breadcrumb-separator\">\u2013<\/span><span class=\"aioseo-breadcrumb\">\n\t<a href=\"https:\/\/eldigitaldeasturias.com\/magazine365\/category\/noticias-actualidad\/\" title=\"Noticias y Actualidad\">Noticias y Actualidad<\/a>\n<\/span><span class=\"aioseo-breadcrumb-separator\">\u2013<\/span><span class=\"aioseo-breadcrumb\">\n\t<a href=\"https:\/\/eldigitaldeasturias.com\/magazine365\/el-alcalde-de-granada-defiende-la-tasa-como-fuente-de-ingresos-y-recuerda-que-la-aplican-otras-ciudades\/\" title=\"El alcalde de Granada defiende la tasa como \u00abfuente de ingresos\u00bb y recuerda que la aplican otras ciudades\">El alcalde de Granada defiende la tasa como \u00abfuente de ingresos\u00bb y recuerda que la aplican otras ciudades<\/a>\n<\/span><\/div>","aioseo_breadcrumb_json":[{"label":"Home","link":"https:\/\/eldigitaldeasturias.com\/magazine365"},{"label":"Noticias y Actualidad","link":"https:\/\/eldigitaldeasturias.com\/magazine365\/category\/noticias-actualidad\/"},{"label":"El alcalde de Granada defiende la tasa como \u00abfuente de ingresos\u00bb y recuerda que la aplican otras ciudades","link":"https:\/\/eldigitaldeasturias.com\/magazine365\/el-alcalde-de-granada-defiende-la-tasa-como-fuente-de-ingresos-y-recuerda-que-la-aplican-otras-ciudades\/"}],"_links":{"self":[{"href":"https:\/\/eldigitaldeasturias.com\/magazine365\/wp-json\/wp\/v2\/posts\/60796","targetHints":{"allow":["GET"]}}],"collection":[{"href":"https:\/\/eldigitaldeasturias.com\/magazine365\/wp-json\/wp\/v2\/posts"}],"about":[{"href":"https:\/\/eldigitaldeasturias.com\/magazine365\/wp-json\/wp\/v2\/types\/post"}],"author":[{"embeddable":true,"href":"https:\/\/eldigitaldeasturias.com\/magazine365\/wp-json\/wp\/v2\/users\/1"}],"replies":[{"embeddable":true,"href":"https:\/\/eldigitaldeasturias.com\/magazine365\/wp-json\/wp\/v2\/comments?post=60796"}],"version-history":[{"count":0,"href":"https:\/\/eldigitaldeasturias.com\/magazine365\/wp-json\/wp\/v2\/posts\/60796\/revisions"}],"wp:featuredmedia":[{"embeddable":true,"href":"https:\/\/eldigitaldeasturias.com\/magazine365\/wp-json\/wp\/v2\/media\/60797"}],"wp:attachment":[{"href":"https:\/\/eldigitaldeasturias.com\/magazine365\/wp-json\/wp\/v2\/media?parent=60796"}],"wp:term":[{"taxonomy":"category","embeddable":true,"href":"https:\/\/eldigitaldeasturias.com\/magazine365\/wp-json\/wp\/v2\/categories?post=60796"},{"taxonomy":"post_tag","embeddable":true,"href":"https:\/\/eldigitaldeasturias.com\/magazine365\/wp-json\/wp\/v2\/tags?post=60796"}],"curies":[{"name":"wp","href":"https:\/\/api.w.org\/{rel}","templated":true}]}}