{"id":60787,"date":"2016-01-15T16:50:47","date_gmt":"2016-01-15T15:50:47","guid":{"rendered":"http:\/\/eldigitaldeasturias.com\/magazine365\/?p=60787"},"modified":"2016-01-15T16:50:47","modified_gmt":"2016-01-15T15:50:47","slug":"un-32-de-los-espanoles-considera-viajar-una-prioridad-fundamental","status":"publish","type":"post","link":"https:\/\/eldigitaldeasturias.com\/magazine365\/un-32-de-los-espanoles-considera-viajar-una-prioridad-fundamental\/","title":{"rendered":"Un 32% de los espa\u00f1oles considera viajar una prioridad fundamental"},"content":{"rendered":"<p><img fetchpriority=\"high\" decoding=\"async\" class=\"alignleft size-medium wp-image-60788\" src=\"https:\/\/eldigitaldeasturias.com\/magazine365\/wp-content\/uploads\/2016\/01\/fotonoticia_20160115123659_800-360x241.jpg\" alt=\"fotonoticia_20160115123659_800\" width=\"360\" height=\"241\" srcset=\"https:\/\/eldigitaldeasturias.com\/magazine365\/wp-content\/uploads\/2016\/01\/fotonoticia_20160115123659_800-360x241.jpg 360w, https:\/\/eldigitaldeasturias.com\/magazine365\/wp-content\/uploads\/2016\/01\/fotonoticia_20160115123659_800-650x435.jpg 650w, https:\/\/eldigitaldeasturias.com\/magazine365\/wp-content\/uploads\/2016\/01\/fotonoticia_20160115123659_800-768x514.jpg 768w, https:\/\/eldigitaldeasturias.com\/magazine365\/wp-content\/uploads\/2016\/01\/fotonoticia_20160115123659_800-150x100.jpg 150w, https:\/\/eldigitaldeasturias.com\/magazine365\/wp-content\/uploads\/2016\/01\/fotonoticia_20160115123659_800-450x301.jpg 450w, https:\/\/eldigitaldeasturias.com\/magazine365\/wp-content\/uploads\/2016\/01\/fotonoticia_20160115123659_800-696x465.jpg 696w, https:\/\/eldigitaldeasturias.com\/magazine365\/wp-content\/uploads\/2016\/01\/fotonoticia_20160115123659_800-628x420.jpg 628w, https:\/\/eldigitaldeasturias.com\/magazine365\/wp-content\/uploads\/2016\/01\/fotonoticia_20160115123659_800.jpg 800w\" sizes=\"(max-width: 360px) 100vw, 360px\" \/>Viajar es una prioridad fundamental para un 32% de los espa\u00f1oles, es decir, uno de cada tres, seg\u00fan los \u00faltimos datos facilitados por la consultora Nielsen en su informe internacional &#8216;El estilo de vida de los espa\u00f1oles&#8217;.<\/p>\n<p>Otra de las prioridades de los encuestados ha sido la salud con un 44% y tener una carrera fruct\u00edfera, con un 39%.<\/p>\n<p>Los europeos tienen una media similar a la espa\u00f1ola en cuanto a las expectativas sobre conocer mundo. Dentro de la media, destacan los rusos con un 37%, le siguen los holandeses (36%) y los griegos y portugueses (35% cada uno).<\/p>\n<p>Al final de la lista se encuentra los h\u00fangaros (15%), daneses (21%), croatas (23%), alemanes (24%) y acerc\u00e1ndose m\u00e1s a la media los brit\u00e1nicos, franceses e italianos (28%).<\/p>\n<p>El informe se realiz\u00f3 entre el 23 de febrero y el 13 de marzo de 2015 con la participaci\u00f3n de m\u00e1s de 30.000 consumidores &#8216;online&#8217; de 60 pa\u00edses de Asia-Pac\u00edfico, Europa, Am\u00e9rica Latina, Oriente Medio, \u00c1frica y Am\u00e9rica del Norte.<\/p>\n<p>La muestra est\u00e1 segmentada en cada pa\u00eds por edad y sexo en funci\u00f3n de sus usuarios de Internet y tiene un margen de error m\u00e1ximo de +\/-0,6%.<\/p>\n","protected":false},"excerpt":{"rendered":"<p>Viajar es una prioridad fundamental para un 32% de los espa\u00f1oles, es decir, uno de cada tres, seg\u00fan los \u00faltimos datos facilitados por la consultora Nielsen en su informe internacional &#8216;El estilo de vida de los espa\u00f1oles&#8217;. Otra de las prioridades de los encuestados ha sido la salud con un 44% y tener una carrera<\/p>\n","protected":false},"author":1,"featured_media":60788,"comment_status":"open","ping_status":"closed","sticky":false,"template":"","format":"standard","meta":{"footnotes":""},"categories":[224],"tags":[],"class_list":{"0":"post-60787","1":"post","2":"type-post","3":"status-publish","4":"format-standard","5":"has-post-thumbnail","7":"category-noticias-actualidad"},"aioseo_notices":[],"aioseo_head":"\n\t\t<!-- All in One SEO Pro 4.9.6.1 - aioseo.com -->\n\t<meta name=\"description\" content=\"Viajar es una prioridad fundamental para un 32% de los espa\u00f1oles, es decir, uno de cada tres, seg\u00fan los \u00faltimos datos facilitados por la consultora Nielsen en su informe internacional &#039;El estilo de vida de los espa\u00f1oles&#039;. Otra de las prioridades de los encuestados ha sido la salud con un 44% y tener una carrera\" \/>\n\t<meta name=\"robots\" content=\"max-image-preview:large\" \/>\n\t<meta name=\"author\" content=\"admin\"\/>\n\t<meta name=\"google-site-verification\" content=\"UA-38556648-1\" \/>\n\t<meta name=\"keywords\" content=\"noticias y actualidad\" \/>\n\t<link rel=\"canonical\" href=\"https:\/\/eldigitaldeasturias.com\/magazine365\/un-32-de-los-espanoles-considera-viajar-una-prioridad-fundamental\/\" \/>\n\t<meta name=\"generator\" content=\"All in One SEO Pro (AIOSEO) 4.9.6.1\" \/>\n\t\t<meta property=\"og:locale\" content=\"es_ES\" \/>\n\t\t<meta property=\"og:site_name\" content=\"El Digital de Asturias \u2013 Revista de ocio, turismo y estilo de vida\" \/>\n\t\t<meta property=\"og:type\" content=\"article\" \/>\n\t\t<meta property=\"og:title\" content=\"Un 32% de los espa\u00f1oles considera viajar una prioridad fundamental | El Digital de Asturias\" \/>\n\t\t<meta property=\"og:description\" content=\"Viajar es una prioridad fundamental para un 32% de los espa\u00f1oles, es decir, uno de cada tres, seg\u00fan los \u00faltimos datos facilitados por la consultora Nielsen en su informe internacional &#039;El estilo de vida de los espa\u00f1oles&#039;. Otra de las prioridades de los encuestados ha sido la salud con un 44% y tener una carrera\" \/>\n\t\t<meta property=\"og:url\" content=\"https:\/\/eldigitaldeasturias.com\/magazine365\/un-32-de-los-espanoles-considera-viajar-una-prioridad-fundamental\/\" \/>\n\t\t<meta property=\"og:image\" content=\"https:\/\/eldigitaldeasturias.com\/magazine365\/wp-content\/uploads\/2016\/01\/fotonoticia_20160115123659_800.jpg\" \/>\n\t\t<meta property=\"og:image:secure_url\" content=\"https:\/\/eldigitaldeasturias.com\/magazine365\/wp-content\/uploads\/2016\/01\/fotonoticia_20160115123659_800.jpg\" \/>\n\t\t<meta property=\"og:image:width\" content=\"800\" \/>\n\t\t<meta property=\"og:image:height\" content=\"535\" \/>\n\t\t<meta property=\"article:published_time\" content=\"2016-01-15T15:50:47+00:00\" \/>\n\t\t<meta property=\"article:modified_time\" content=\"2016-01-15T15:50:47+00:00\" \/>\n\t\t<meta name=\"twitter:card\" content=\"summary_large_image\" \/>\n\t\t<meta name=\"twitter:title\" content=\"Un 32% de los espa\u00f1oles considera viajar una prioridad fundamental | El Digital de Asturias\" \/>\n\t\t<meta name=\"twitter:description\" content=\"Viajar es una prioridad fundamental para un 32% de los espa\u00f1oles, es decir, uno de cada tres, seg\u00fan los \u00faltimos datos facilitados por la consultora Nielsen en su informe internacional &#039;El estilo de vida de los espa\u00f1oles&#039;. Otra de las prioridades de los encuestados ha sido la salud con un 44% y tener una carrera\" \/>\n\t\t<meta name=\"twitter:image\" content=\"https:\/\/eldigitaldeasturias.com\/magazine365\/wp-content\/uploads\/2016\/01\/fotonoticia_20160115123659_800.jpg\" \/>\n\t\t<script type=\"application\/ld+json\" class=\"aioseo-schema\">\n\t\t\t{\"@context\":\"https:\\\/\\\/schema.org\",\"@graph\":[{\"@type\":\"Article\",\"@id\":\"https:\\\/\\\/eldigitaldeasturias.com\\\/magazine365\\\/un-32-de-los-espanoles-considera-viajar-una-prioridad-fundamental\\\/#article\",\"name\":\"Un 32% de los espa\\u00f1oles considera viajar una prioridad fundamental | El Digital de Asturias\",\"headline\":\"Un 32% de los espa\\u00f1oles considera viajar una prioridad fundamental\",\"author\":{\"@id\":\"https:\\\/\\\/eldigitaldeasturias.com\\\/magazine365\\\/author\\\/admin\\\/#author\"},\"publisher\":{\"@id\":\"https:\\\/\\\/eldigitaldeasturias.com\\\/magazine365\\\/#organization\"},\"image\":{\"@type\":\"ImageObject\",\"url\":\"https:\\\/\\\/eldigitaldeasturias.com\\\/magazine365\\\/wp-content\\\/uploads\\\/2016\\\/01\\\/fotonoticia_20160115123659_800.jpg\",\"width\":800,\"height\":535},\"datePublished\":\"2016-01-15T16:50:47+01:00\",\"dateModified\":\"2016-01-15T16:50:47+01:00\",\"inLanguage\":\"es-ES\",\"mainEntityOfPage\":{\"@id\":\"https:\\\/\\\/eldigitaldeasturias.com\\\/magazine365\\\/un-32-de-los-espanoles-considera-viajar-una-prioridad-fundamental\\\/#webpage\"},\"isPartOf\":{\"@id\":\"https:\\\/\\\/eldigitaldeasturias.com\\\/magazine365\\\/un-32-de-los-espanoles-considera-viajar-una-prioridad-fundamental\\\/#webpage\"},\"articleSection\":\"Noticias y Actualidad\"},{\"@type\":\"BreadcrumbList\",\"@id\":\"https:\\\/\\\/eldigitaldeasturias.com\\\/magazine365\\\/un-32-de-los-espanoles-considera-viajar-una-prioridad-fundamental\\\/#breadcrumblist\",\"itemListElement\":[{\"@type\":\"ListItem\",\"@id\":\"https:\\\/\\\/eldigitaldeasturias.com\\\/magazine365#listItem\",\"position\":1,\"name\":\"Home\",\"item\":\"https:\\\/\\\/eldigitaldeasturias.com\\\/magazine365\",\"nextItem\":{\"@type\":\"ListItem\",\"@id\":\"https:\\\/\\\/eldigitaldeasturias.com\\\/magazine365\\\/category\\\/noticias-actualidad\\\/#listItem\",\"name\":\"Noticias y Actualidad\"}},{\"@type\":\"ListItem\",\"@id\":\"https:\\\/\\\/eldigitaldeasturias.com\\\/magazine365\\\/category\\\/noticias-actualidad\\\/#listItem\",\"position\":2,\"name\":\"Noticias y Actualidad\",\"item\":\"https:\\\/\\\/eldigitaldeasturias.com\\\/magazine365\\\/category\\\/noticias-actualidad\\\/\",\"nextItem\":{\"@type\":\"ListItem\",\"@id\":\"https:\\\/\\\/eldigitaldeasturias.com\\\/magazine365\\\/un-32-de-los-espanoles-considera-viajar-una-prioridad-fundamental\\\/#listItem\",\"name\":\"Un 32% de los espa\\u00f1oles considera viajar una prioridad fundamental\"},\"previousItem\":{\"@type\":\"ListItem\",\"@id\":\"https:\\\/\\\/eldigitaldeasturias.com\\\/magazine365#listItem\",\"name\":\"Home\"}},{\"@type\":\"ListItem\",\"@id\":\"https:\\\/\\\/eldigitaldeasturias.com\\\/magazine365\\\/un-32-de-los-espanoles-considera-viajar-una-prioridad-fundamental\\\/#listItem\",\"position\":3,\"name\":\"Un 32% de los espa\\u00f1oles considera viajar una prioridad fundamental\",\"previousItem\":{\"@type\":\"ListItem\",\"@id\":\"https:\\\/\\\/eldigitaldeasturias.com\\\/magazine365\\\/category\\\/noticias-actualidad\\\/#listItem\",\"name\":\"Noticias y Actualidad\"}}]},{\"@type\":\"Organization\",\"@id\":\"https:\\\/\\\/eldigitaldeasturias.com\\\/magazine365\\\/#organization\",\"name\":\"El digital de Asturias\",\"description\":\"Revista de ocio, turismo y estilo de vida\",\"url\":\"https:\\\/\\\/eldigitaldeasturias.com\\\/magazine365\\\/\",\"logo\":{\"@type\":\"ImageObject\",\"url\":\"https:\\\/\\\/www.eldigitaldeasturias.com\\\/noticias\\\/wp-content\\\/uploads\\\/2020\\\/12\\\/EDA.jpg\",\"@id\":\"https:\\\/\\\/eldigitaldeasturias.com\\\/magazine365\\\/un-32-de-los-espanoles-considera-viajar-una-prioridad-fundamental\\\/#organizationLogo\"},\"image\":{\"@id\":\"https:\\\/\\\/eldigitaldeasturias.com\\\/magazine365\\\/un-32-de-los-espanoles-considera-viajar-una-prioridad-fundamental\\\/#organizationLogo\"}},{\"@type\":\"Person\",\"@id\":\"https:\\\/\\\/eldigitaldeasturias.com\\\/magazine365\\\/author\\\/admin\\\/#author\",\"url\":\"https:\\\/\\\/eldigitaldeasturias.com\\\/magazine365\\\/author\\\/admin\\\/\",\"name\":\"admin\",\"image\":{\"@type\":\"ImageObject\",\"@id\":\"https:\\\/\\\/eldigitaldeasturias.com\\\/magazine365\\\/un-32-de-los-espanoles-considera-viajar-una-prioridad-fundamental\\\/#authorImage\",\"url\":\"https:\\\/\\\/eldigitaldeasturias.com\\\/magazine365\\\/wp-content\\\/litespeed\\\/avatar\\\/e571bcf59a0edd6fa6838245a470f2fe.jpg?ver=1777574230\",\"width\":96,\"height\":96,\"caption\":\"admin\"}},{\"@type\":\"WebPage\",\"@id\":\"https:\\\/\\\/eldigitaldeasturias.com\\\/magazine365\\\/un-32-de-los-espanoles-considera-viajar-una-prioridad-fundamental\\\/#webpage\",\"url\":\"https:\\\/\\\/eldigitaldeasturias.com\\\/magazine365\\\/un-32-de-los-espanoles-considera-viajar-una-prioridad-fundamental\\\/\",\"name\":\"Un 32% de los espa\\u00f1oles considera viajar una prioridad fundamental | El Digital de Asturias\",\"description\":\"Viajar es una prioridad fundamental para un 32% de los espa\\u00f1oles, es decir, uno de cada tres, seg\\u00fan los \\u00faltimos datos facilitados por la consultora Nielsen en su informe internacional 'El estilo de vida de los espa\\u00f1oles'. Otra de las prioridades de los encuestados ha sido la salud con un 44% y tener una carrera\",\"inLanguage\":\"es-ES\",\"isPartOf\":{\"@id\":\"https:\\\/\\\/eldigitaldeasturias.com\\\/magazine365\\\/#website\"},\"breadcrumb\":{\"@id\":\"https:\\\/\\\/eldigitaldeasturias.com\\\/magazine365\\\/un-32-de-los-espanoles-considera-viajar-una-prioridad-fundamental\\\/#breadcrumblist\"},\"author\":{\"@id\":\"https:\\\/\\\/eldigitaldeasturias.com\\\/magazine365\\\/author\\\/admin\\\/#author\"},\"creator\":{\"@id\":\"https:\\\/\\\/eldigitaldeasturias.com\\\/magazine365\\\/author\\\/admin\\\/#author\"},\"image\":{\"@type\":\"ImageObject\",\"url\":\"https:\\\/\\\/eldigitaldeasturias.com\\\/magazine365\\\/wp-content\\\/uploads\\\/2016\\\/01\\\/fotonoticia_20160115123659_800.jpg\",\"@id\":\"https:\\\/\\\/eldigitaldeasturias.com\\\/magazine365\\\/un-32-de-los-espanoles-considera-viajar-una-prioridad-fundamental\\\/#mainImage\",\"width\":800,\"height\":535},\"primaryImageOfPage\":{\"@id\":\"https:\\\/\\\/eldigitaldeasturias.com\\\/magazine365\\\/un-32-de-los-espanoles-considera-viajar-una-prioridad-fundamental\\\/#mainImage\"},\"datePublished\":\"2016-01-15T16:50:47+01:00\",\"dateModified\":\"2016-01-15T16:50:47+01:00\"},{\"@type\":\"WebSite\",\"@id\":\"https:\\\/\\\/eldigitaldeasturias.com\\\/magazine365\\\/#website\",\"url\":\"https:\\\/\\\/eldigitaldeasturias.com\\\/magazine365\\\/\",\"name\":\"El Digital de Asturias\",\"description\":\"Revista de ocio, turismo y estilo de vida\",\"inLanguage\":\"es-ES\",\"publisher\":{\"@id\":\"https:\\\/\\\/eldigitaldeasturias.com\\\/magazine365\\\/#organization\"}}]}\n\t\t<\/script>\n\t\t<!-- All in One SEO Pro -->\r\n\t\t<title>Un 32% de los espa\u00f1oles considera viajar una prioridad fundamental | El Digital de Asturias<\/title>\n\n","aioseo_head_json":{"title":"Un 32% de los espa\u00f1oles considera viajar una prioridad fundamental | El Digital de Asturias","description":"Viajar es una prioridad fundamental para un 32% de los espa\u00f1oles, es decir, uno de cada tres, seg\u00fan los \u00faltimos datos facilitados por la consultora Nielsen en su informe internacional 'El estilo de vida de los espa\u00f1oles'. Otra de las prioridades de los encuestados ha sido la salud con un 44% y tener una carrera","canonical_url":"https:\/\/eldigitaldeasturias.com\/magazine365\/un-32-de-los-espanoles-considera-viajar-una-prioridad-fundamental\/","robots":"max-image-preview:large","keywords":"noticias y actualidad","webmasterTools":{"google-site-verification":"UA-38556648-1","miscellaneous":""},"schema":{"@context":"https:\/\/schema.org","@graph":[{"@type":"Article","@id":"https:\/\/eldigitaldeasturias.com\/magazine365\/un-32-de-los-espanoles-considera-viajar-una-prioridad-fundamental\/#article","name":"Un 32% de los espa\u00f1oles considera viajar una prioridad fundamental | El Digital de Asturias","headline":"Un 32% de los espa\u00f1oles considera viajar una prioridad fundamental","author":{"@id":"https:\/\/eldigitaldeasturias.com\/magazine365\/author\/admin\/#author"},"publisher":{"@id":"https:\/\/eldigitaldeasturias.com\/magazine365\/#organization"},"image":{"@type":"ImageObject","url":"https:\/\/eldigitaldeasturias.com\/magazine365\/wp-content\/uploads\/2016\/01\/fotonoticia_20160115123659_800.jpg","width":800,"height":535},"datePublished":"2016-01-15T16:50:47+01:00","dateModified":"2016-01-15T16:50:47+01:00","inLanguage":"es-ES","mainEntityOfPage":{"@id":"https:\/\/eldigitaldeasturias.com\/magazine365\/un-32-de-los-espanoles-considera-viajar-una-prioridad-fundamental\/#webpage"},"isPartOf":{"@id":"https:\/\/eldigitaldeasturias.com\/magazine365\/un-32-de-los-espanoles-considera-viajar-una-prioridad-fundamental\/#webpage"},"articleSection":"Noticias y Actualidad"},{"@type":"BreadcrumbList","@id":"https:\/\/eldigitaldeasturias.com\/magazine365\/un-32-de-los-espanoles-considera-viajar-una-prioridad-fundamental\/#breadcrumblist","itemListElement":[{"@type":"ListItem","@id":"https:\/\/eldigitaldeasturias.com\/magazine365#listItem","position":1,"name":"Home","item":"https:\/\/eldigitaldeasturias.com\/magazine365","nextItem":{"@type":"ListItem","@id":"https:\/\/eldigitaldeasturias.com\/magazine365\/category\/noticias-actualidad\/#listItem","name":"Noticias y Actualidad"}},{"@type":"ListItem","@id":"https:\/\/eldigitaldeasturias.com\/magazine365\/category\/noticias-actualidad\/#listItem","position":2,"name":"Noticias y Actualidad","item":"https:\/\/eldigitaldeasturias.com\/magazine365\/category\/noticias-actualidad\/","nextItem":{"@type":"ListItem","@id":"https:\/\/eldigitaldeasturias.com\/magazine365\/un-32-de-los-espanoles-considera-viajar-una-prioridad-fundamental\/#listItem","name":"Un 32% de los espa\u00f1oles considera viajar una prioridad fundamental"},"previousItem":{"@type":"ListItem","@id":"https:\/\/eldigitaldeasturias.com\/magazine365#listItem","name":"Home"}},{"@type":"ListItem","@id":"https:\/\/eldigitaldeasturias.com\/magazine365\/un-32-de-los-espanoles-considera-viajar-una-prioridad-fundamental\/#listItem","position":3,"name":"Un 32% de los espa\u00f1oles considera viajar una prioridad fundamental","previousItem":{"@type":"ListItem","@id":"https:\/\/eldigitaldeasturias.com\/magazine365\/category\/noticias-actualidad\/#listItem","name":"Noticias y Actualidad"}}]},{"@type":"Organization","@id":"https:\/\/eldigitaldeasturias.com\/magazine365\/#organization","name":"El digital de Asturias","description":"Revista de ocio, turismo y estilo de vida","url":"https:\/\/eldigitaldeasturias.com\/magazine365\/","logo":{"@type":"ImageObject","url":"https:\/\/www.eldigitaldeasturias.com\/noticias\/wp-content\/uploads\/2020\/12\/EDA.jpg","@id":"https:\/\/eldigitaldeasturias.com\/magazine365\/un-32-de-los-espanoles-considera-viajar-una-prioridad-fundamental\/#organizationLogo"},"image":{"@id":"https:\/\/eldigitaldeasturias.com\/magazine365\/un-32-de-los-espanoles-considera-viajar-una-prioridad-fundamental\/#organizationLogo"}},{"@type":"Person","@id":"https:\/\/eldigitaldeasturias.com\/magazine365\/author\/admin\/#author","url":"https:\/\/eldigitaldeasturias.com\/magazine365\/author\/admin\/","name":"admin","image":{"@type":"ImageObject","@id":"https:\/\/eldigitaldeasturias.com\/magazine365\/un-32-de-los-espanoles-considera-viajar-una-prioridad-fundamental\/#authorImage","url":"https:\/\/eldigitaldeasturias.com\/magazine365\/wp-content\/litespeed\/avatar\/e571bcf59a0edd6fa6838245a470f2fe.jpg?ver=1777574230","width":96,"height":96,"caption":"admin"}},{"@type":"WebPage","@id":"https:\/\/eldigitaldeasturias.com\/magazine365\/un-32-de-los-espanoles-considera-viajar-una-prioridad-fundamental\/#webpage","url":"https:\/\/eldigitaldeasturias.com\/magazine365\/un-32-de-los-espanoles-considera-viajar-una-prioridad-fundamental\/","name":"Un 32% de los espa\u00f1oles considera viajar una prioridad fundamental | El Digital de Asturias","description":"Viajar es una prioridad fundamental para un 32% de los espa\u00f1oles, es decir, uno de cada tres, seg\u00fan los \u00faltimos datos facilitados por la consultora Nielsen en su informe internacional 'El estilo de vida de los espa\u00f1oles'. Otra de las prioridades de los encuestados ha sido la salud con un 44% y tener una carrera","inLanguage":"es-ES","isPartOf":{"@id":"https:\/\/eldigitaldeasturias.com\/magazine365\/#website"},"breadcrumb":{"@id":"https:\/\/eldigitaldeasturias.com\/magazine365\/un-32-de-los-espanoles-considera-viajar-una-prioridad-fundamental\/#breadcrumblist"},"author":{"@id":"https:\/\/eldigitaldeasturias.com\/magazine365\/author\/admin\/#author"},"creator":{"@id":"https:\/\/eldigitaldeasturias.com\/magazine365\/author\/admin\/#author"},"image":{"@type":"ImageObject","url":"https:\/\/eldigitaldeasturias.com\/magazine365\/wp-content\/uploads\/2016\/01\/fotonoticia_20160115123659_800.jpg","@id":"https:\/\/eldigitaldeasturias.com\/magazine365\/un-32-de-los-espanoles-considera-viajar-una-prioridad-fundamental\/#mainImage","width":800,"height":535},"primaryImageOfPage":{"@id":"https:\/\/eldigitaldeasturias.com\/magazine365\/un-32-de-los-espanoles-considera-viajar-una-prioridad-fundamental\/#mainImage"},"datePublished":"2016-01-15T16:50:47+01:00","dateModified":"2016-01-15T16:50:47+01:00"},{"@type":"WebSite","@id":"https:\/\/eldigitaldeasturias.com\/magazine365\/#website","url":"https:\/\/eldigitaldeasturias.com\/magazine365\/","name":"El Digital de Asturias","description":"Revista de ocio, turismo y estilo de vida","inLanguage":"es-ES","publisher":{"@id":"https:\/\/eldigitaldeasturias.com\/magazine365\/#organization"}}]},"og:locale":"es_ES","og:site_name":"El Digital de Asturias \u2013 Revista de ocio, turismo y estilo de vida","og:type":"article","og:title":"Un 32% de los espa\u00f1oles considera viajar una prioridad fundamental | El Digital de Asturias","og:description":"Viajar es una prioridad fundamental para un 32% de los espa\u00f1oles, es decir, uno de cada tres, seg\u00fan los \u00faltimos datos facilitados por la consultora Nielsen en su informe internacional 'El estilo de vida de los espa\u00f1oles'. Otra de las prioridades de los encuestados ha sido la salud con un 44% y tener una carrera","og:url":"https:\/\/eldigitaldeasturias.com\/magazine365\/un-32-de-los-espanoles-considera-viajar-una-prioridad-fundamental\/","og:image":"https:\/\/eldigitaldeasturias.com\/magazine365\/wp-content\/uploads\/2016\/01\/fotonoticia_20160115123659_800.jpg","og:image:secure_url":"https:\/\/eldigitaldeasturias.com\/magazine365\/wp-content\/uploads\/2016\/01\/fotonoticia_20160115123659_800.jpg","og:image:width":800,"og:image:height":535,"article:published_time":"2016-01-15T15:50:47+00:00","article:modified_time":"2016-01-15T15:50:47+00:00","twitter:card":"summary_large_image","twitter:title":"Un 32% de los espa\u00f1oles considera viajar una prioridad fundamental | El Digital de Asturias","twitter:description":"Viajar es una prioridad fundamental para un 32% de los espa\u00f1oles, es decir, uno de cada tres, seg\u00fan los \u00faltimos datos facilitados por la consultora Nielsen en su informe internacional 'El estilo de vida de los espa\u00f1oles'. Otra de las prioridades de los encuestados ha sido la salud con un 44% y tener una carrera","twitter:image":"https:\/\/eldigitaldeasturias.com\/magazine365\/wp-content\/uploads\/2016\/01\/fotonoticia_20160115123659_800.jpg"},"aioseo_meta_data":{"post_id":"60787","title":null,"description":null,"keywords":null,"keyphrases":null,"primary_term":null,"canonical_url":null,"og_title":null,"og_description":null,"og_object_type":"default","og_image_type":"default","og_image_url":null,"og_image_width":null,"og_image_height":null,"og_image_custom_url":null,"og_image_custom_fields":null,"og_video":null,"og_custom_url":null,"og_article_section":null,"og_article_tags":null,"twitter_use_og":false,"twitter_card":"default","twitter_image_type":"default","twitter_image_url":null,"twitter_image_custom_url":null,"twitter_image_custom_fields":null,"twitter_title":null,"twitter_description":null,"schema":{"blockGraphs":[],"customGraphs":[],"default":{"data":{"Article":[],"Course":[],"Dataset":[],"FAQPage":[],"Movie":[],"Person":[],"Product":[],"ProductReview":[],"Car":[],"Recipe":[],"Service":[],"SoftwareApplication":[],"WebPage":[]},"graphName":"","isEnabled":true},"graphs":[],"defaultGraph":"","defaultPostTypeGraph":""},"schema_type":null,"schema_type_options":null,"pillar_content":false,"robots_default":true,"robots_noindex":false,"robots_noarchive":false,"robots_nosnippet":false,"robots_nofollow":false,"robots_noimageindex":false,"robots_noodp":false,"robots_notranslate":false,"robots_max_snippet":null,"robots_max_videopreview":null,"robots_max_imagepreview":"large","priority":null,"frequency":null,"location":null,"local_seo":null,"seo_analyzer_scan_date":"2025-09-25 07:34:47","breadcrumb_settings":null,"limit_modified_date":false,"open_ai":null,"ai":null,"created":"2021-03-08 21:56:18","updated":"2025-09-25 07:34:47"},"aioseo_breadcrumb":"<div class=\"aioseo-breadcrumbs\"><span class=\"aioseo-breadcrumb\">\n\t<a href=\"https:\/\/eldigitaldeasturias.com\/magazine365\" title=\"Home\">Home<\/a>\n<\/span><span class=\"aioseo-breadcrumb-separator\">\u2013<\/span><span class=\"aioseo-breadcrumb\">\n\t<a href=\"https:\/\/eldigitaldeasturias.com\/magazine365\/category\/noticias-actualidad\/\" title=\"Noticias y Actualidad\">Noticias y Actualidad<\/a>\n<\/span><span class=\"aioseo-breadcrumb-separator\">\u2013<\/span><span class=\"aioseo-breadcrumb\">\n\t<a href=\"https:\/\/eldigitaldeasturias.com\/magazine365\/un-32-de-los-espanoles-considera-viajar-una-prioridad-fundamental\/\" title=\"Un 32% de los espa\u00f1oles considera viajar una prioridad fundamental\">Un 32% de los espa\u00f1oles considera viajar una prioridad fundamental<\/a>\n<\/span><\/div>","aioseo_breadcrumb_json":[{"label":"Home","link":"https:\/\/eldigitaldeasturias.com\/magazine365"},{"label":"Noticias y Actualidad","link":"https:\/\/eldigitaldeasturias.com\/magazine365\/category\/noticias-actualidad\/"},{"label":"Un 32% de los espa\u00f1oles considera viajar una prioridad fundamental","link":"https:\/\/eldigitaldeasturias.com\/magazine365\/un-32-de-los-espanoles-considera-viajar-una-prioridad-fundamental\/"}],"_links":{"self":[{"href":"https:\/\/eldigitaldeasturias.com\/magazine365\/wp-json\/wp\/v2\/posts\/60787","targetHints":{"allow":["GET"]}}],"collection":[{"href":"https:\/\/eldigitaldeasturias.com\/magazine365\/wp-json\/wp\/v2\/posts"}],"about":[{"href":"https:\/\/eldigitaldeasturias.com\/magazine365\/wp-json\/wp\/v2\/types\/post"}],"author":[{"embeddable":true,"href":"https:\/\/eldigitaldeasturias.com\/magazine365\/wp-json\/wp\/v2\/users\/1"}],"replies":[{"embeddable":true,"href":"https:\/\/eldigitaldeasturias.com\/magazine365\/wp-json\/wp\/v2\/comments?post=60787"}],"version-history":[{"count":0,"href":"https:\/\/eldigitaldeasturias.com\/magazine365\/wp-json\/wp\/v2\/posts\/60787\/revisions"}],"wp:featuredmedia":[{"embeddable":true,"href":"https:\/\/eldigitaldeasturias.com\/magazine365\/wp-json\/wp\/v2\/media\/60788"}],"wp:attachment":[{"href":"https:\/\/eldigitaldeasturias.com\/magazine365\/wp-json\/wp\/v2\/media?parent=60787"}],"wp:term":[{"taxonomy":"category","embeddable":true,"href":"https:\/\/eldigitaldeasturias.com\/magazine365\/wp-json\/wp\/v2\/categories?post=60787"},{"taxonomy":"post_tag","embeddable":true,"href":"https:\/\/eldigitaldeasturias.com\/magazine365\/wp-json\/wp\/v2\/tags?post=60787"}],"curies":[{"name":"wp","href":"https:\/\/api.w.org\/{rel}","templated":true}]}}