{"id":60778,"date":"2016-01-15T16:45:11","date_gmt":"2016-01-15T15:45:11","guid":{"rendered":"http:\/\/eldigitaldeasturias.com\/magazine365\/?p=60778"},"modified":"2016-01-15T16:45:11","modified_gmt":"2016-01-15T15:45:11","slug":"junta-y-ayuntamiento-de-ciudad-real-colaboraran-en-materias-como-fitur-el-ano-cervantino-o-farcama-primavera","status":"publish","type":"post","link":"https:\/\/eldigitaldeasturias.com\/magazine365\/junta-y-ayuntamiento-de-ciudad-real-colaboraran-en-materias-como-fitur-el-ano-cervantino-o-farcama-primavera\/","title":{"rendered":"Junta y Ayuntamiento de Ciudad Real colaborar\u00e1n en materias como Fitur, el A\u00f1o Cervantino o Farcama Primavera"},"content":{"rendered":"<p><img fetchpriority=\"high\" decoding=\"async\" class=\"alignleft size-medium wp-image-60779\" src=\"https:\/\/eldigitaldeasturias.com\/magazine365\/wp-content\/uploads\/2016\/01\/fotonoticia_20160115121501_800-360x239.jpg\" alt=\"fotonoticia_20160115121501_800\" width=\"360\" height=\"239\" srcset=\"https:\/\/eldigitaldeasturias.com\/magazine365\/wp-content\/uploads\/2016\/01\/fotonoticia_20160115121501_800-360x239.jpg 360w, https:\/\/eldigitaldeasturias.com\/magazine365\/wp-content\/uploads\/2016\/01\/fotonoticia_20160115121501_800-650x432.jpg 650w, https:\/\/eldigitaldeasturias.com\/magazine365\/wp-content\/uploads\/2016\/01\/fotonoticia_20160115121501_800-768x511.jpg 768w, https:\/\/eldigitaldeasturias.com\/magazine365\/wp-content\/uploads\/2016\/01\/fotonoticia_20160115121501_800-150x100.jpg 150w, https:\/\/eldigitaldeasturias.com\/magazine365\/wp-content\/uploads\/2016\/01\/fotonoticia_20160115121501_800-450x299.jpg 450w, https:\/\/eldigitaldeasturias.com\/magazine365\/wp-content\/uploads\/2016\/01\/fotonoticia_20160115121501_800-696x463.jpg 696w, https:\/\/eldigitaldeasturias.com\/magazine365\/wp-content\/uploads\/2016\/01\/fotonoticia_20160115121501_800-632x420.jpg 632w, https:\/\/eldigitaldeasturias.com\/magazine365\/wp-content\/uploads\/2016\/01\/fotonoticia_20160115121501_800-121x79.jpg 121w, https:\/\/eldigitaldeasturias.com\/magazine365\/wp-content\/uploads\/2016\/01\/fotonoticia_20160115121501_800-101x66.jpg 101w, https:\/\/eldigitaldeasturias.com\/magazine365\/wp-content\/uploads\/2016\/01\/fotonoticia_20160115121501_800.jpg 800w\" sizes=\"(max-width: 360px) 100vw, 360px\" \/>La consejera de Econom\u00eda, Empresas y Empleo, Patricia Franco, ha mantenido su primera reuni\u00f3n institucional con la alcaldesa de Ciudad Real, Pilar Zamora, un encuentro en el que han abordado las posibilidades de colaboraci\u00f3n en distintas iniciativas como &#8216;Farcama Primavera&#8217;, el stand de Ciudad Real en Fitur o el A\u00f1o Cervantino.<\/p>\n<p>Sobre la primera edici\u00f3n de Farcama Primavera en Ciudad Real, la consejera ha explicado a Zamora que \u00abesta itinerancia de Farcama, cuya edici\u00f3n de oto\u00f1o en Toledo continuar\u00e1 como siempre, es una respuesta a una demanda del sector que busca una mayor presencia en la regi\u00f3n bajo una marca que ya es referencia\u00bb, seg\u00fan ha informado la Junta en nota de prensa.<\/p>\n<p>En el encuentro tambi\u00e9n ha participado el director provincial de Econom\u00eda, Agust\u00edn Espinosa, y se han tratado posibles iniciativas como es el A\u00f1o Cervantino, porque para el Gobierno regional \u00abtambi\u00e9n es uno de los grandes eventos del a\u00f1o y es uno de los puntos fuertes del Plan Estrat\u00e9gico de Turismo, que se presentar\u00e1 en los pr\u00f3ximos d\u00edas\u00bb.<\/p>\n<p>Tambi\u00e9n se ha hecho menci\u00f3n a la pr\u00f3xima participaci\u00f3n en Fitur, dentro del estand del Gobierno de Castilla-La Mancha, y donde la provincia de Ciudad Real ser\u00e1 protagonista el s\u00e1bado, d\u00eda 23, cuando se presentar\u00e1 la oferta tur\u00edstica de la capital y de pueblos como Tomelloso, Alc\u00e1zar, Villanueva de los Infantes, Manzanares, Campo de Criptana, Villarrubia de los Ojos, Almad\u00e9n, La Solana o Terrinches, entre otros.<\/p>\n<p>La alcaldesa de Ciudad Real, Pilar Zamora, por su parte, ha se\u00f1alado tras la reuni\u00f3n que se encuentra satisfecha por \u00abla amplitud de temas tratados\u00bb, as\u00ed como \u00ablos avances que es posible lograr gracias a la comunicaci\u00f3n directa y el buen clima de colaboraci\u00f3n institucional que existe con el Gobierno regional\u00bb.<\/p>\n","protected":false},"excerpt":{"rendered":"<p>La consejera de Econom\u00eda, Empresas y Empleo, Patricia Franco, ha mantenido su primera reuni\u00f3n institucional con la alcaldesa de Ciudad Real, Pilar Zamora, un encuentro en el que han abordado las posibilidades de colaboraci\u00f3n en distintas iniciativas como &#8216;Farcama Primavera&#8217;, el stand de Ciudad Real en Fitur o el A\u00f1o Cervantino. Sobre la primera edici\u00f3n<\/p>\n","protected":false},"author":1,"featured_media":60779,"comment_status":"open","ping_status":"closed","sticky":false,"template":"","format":"standard","meta":{"footnotes":""},"categories":[224],"tags":[],"class_list":{"0":"post-60778","1":"post","2":"type-post","3":"status-publish","4":"format-standard","5":"has-post-thumbnail","7":"category-noticias-actualidad"},"aioseo_notices":[],"aioseo_head":"\n\t\t<!-- All in One SEO Pro 4.9.6.1 - aioseo.com -->\n\t<meta name=\"description\" content=\"La consejera de Econom\u00eda, Empresas y Empleo, Patricia Franco, ha mantenido su primera reuni\u00f3n institucional con la alcaldesa de Ciudad Real, Pilar Zamora, un encuentro en el que han abordado las posibilidades de colaboraci\u00f3n en distintas iniciativas como &#039;Farcama Primavera&#039;, el stand de Ciudad Real en Fitur o el A\u00f1o Cervantino. Sobre la primera edici\u00f3n\" \/>\n\t<meta name=\"robots\" content=\"max-image-preview:large\" \/>\n\t<meta name=\"author\" content=\"admin\"\/>\n\t<meta name=\"google-site-verification\" content=\"UA-38556648-1\" \/>\n\t<meta name=\"keywords\" content=\"noticias y actualidad\" \/>\n\t<link rel=\"canonical\" href=\"https:\/\/eldigitaldeasturias.com\/magazine365\/junta-y-ayuntamiento-de-ciudad-real-colaboraran-en-materias-como-fitur-el-ano-cervantino-o-farcama-primavera\/\" \/>\n\t<meta name=\"generator\" content=\"All in One SEO Pro (AIOSEO) 4.9.6.1\" \/>\n\t\t<meta property=\"og:locale\" content=\"es_ES\" \/>\n\t\t<meta property=\"og:site_name\" content=\"El Digital de Asturias \u2013 Revista de ocio, turismo y estilo de vida\" \/>\n\t\t<meta property=\"og:type\" content=\"article\" \/>\n\t\t<meta property=\"og:title\" content=\"Junta y Ayuntamiento de Ciudad Real colaborar\u00e1n en materias como Fitur, el A\u00f1o Cervantino o Farcama Primavera | El Digital de Asturias\" \/>\n\t\t<meta property=\"og:description\" content=\"La consejera de Econom\u00eda, Empresas y Empleo, Patricia Franco, ha mantenido su primera reuni\u00f3n institucional con la alcaldesa de Ciudad Real, Pilar Zamora, un encuentro en el que han abordado las posibilidades de colaboraci\u00f3n en distintas iniciativas como &#039;Farcama Primavera&#039;, el stand de Ciudad Real en Fitur o el A\u00f1o Cervantino. Sobre la primera edici\u00f3n\" \/>\n\t\t<meta property=\"og:url\" content=\"https:\/\/eldigitaldeasturias.com\/magazine365\/junta-y-ayuntamiento-de-ciudad-real-colaboraran-en-materias-como-fitur-el-ano-cervantino-o-farcama-primavera\/\" \/>\n\t\t<meta property=\"og:image\" content=\"https:\/\/eldigitaldeasturias.com\/magazine365\/wp-content\/uploads\/2016\/01\/fotonoticia_20160115121501_800.jpg\" \/>\n\t\t<meta property=\"og:image:secure_url\" content=\"https:\/\/eldigitaldeasturias.com\/magazine365\/wp-content\/uploads\/2016\/01\/fotonoticia_20160115121501_800.jpg\" \/>\n\t\t<meta property=\"og:image:width\" content=\"800\" \/>\n\t\t<meta property=\"og:image:height\" content=\"532\" \/>\n\t\t<meta property=\"article:published_time\" content=\"2016-01-15T15:45:11+00:00\" \/>\n\t\t<meta property=\"article:modified_time\" content=\"2016-01-15T15:45:11+00:00\" \/>\n\t\t<meta name=\"twitter:card\" content=\"summary_large_image\" \/>\n\t\t<meta name=\"twitter:title\" content=\"Junta y Ayuntamiento de Ciudad Real colaborar\u00e1n en materias como Fitur, el A\u00f1o Cervantino o Farcama Primavera | El Digital de Asturias\" \/>\n\t\t<meta name=\"twitter:description\" content=\"La consejera de Econom\u00eda, Empresas y Empleo, Patricia Franco, ha mantenido su primera reuni\u00f3n institucional con la alcaldesa de Ciudad Real, Pilar Zamora, un encuentro en el que han abordado las posibilidades de colaboraci\u00f3n en distintas iniciativas como &#039;Farcama Primavera&#039;, el stand de Ciudad Real en Fitur o el A\u00f1o Cervantino. Sobre la primera edici\u00f3n\" \/>\n\t\t<meta name=\"twitter:image\" content=\"https:\/\/eldigitaldeasturias.com\/magazine365\/wp-content\/uploads\/2016\/01\/fotonoticia_20160115121501_800.jpg\" \/>\n\t\t<script type=\"application\/ld+json\" class=\"aioseo-schema\">\n\t\t\t{\"@context\":\"https:\\\/\\\/schema.org\",\"@graph\":[{\"@type\":\"Article\",\"@id\":\"https:\\\/\\\/eldigitaldeasturias.com\\\/magazine365\\\/junta-y-ayuntamiento-de-ciudad-real-colaboraran-en-materias-como-fitur-el-ano-cervantino-o-farcama-primavera\\\/#article\",\"name\":\"Junta y Ayuntamiento de Ciudad Real colaborar\\u00e1n en materias como Fitur, el A\\u00f1o Cervantino o Farcama Primavera | El Digital de Asturias\",\"headline\":\"Junta y Ayuntamiento de Ciudad Real colaborar\\u00e1n en materias como Fitur, el A\\u00f1o Cervantino o Farcama Primavera\",\"author\":{\"@id\":\"https:\\\/\\\/eldigitaldeasturias.com\\\/magazine365\\\/author\\\/admin\\\/#author\"},\"publisher\":{\"@id\":\"https:\\\/\\\/eldigitaldeasturias.com\\\/magazine365\\\/#organization\"},\"image\":{\"@type\":\"ImageObject\",\"url\":\"https:\\\/\\\/eldigitaldeasturias.com\\\/magazine365\\\/wp-content\\\/uploads\\\/2016\\\/01\\\/fotonoticia_20160115121501_800.jpg\",\"width\":800,\"height\":532},\"datePublished\":\"2016-01-15T16:45:11+01:00\",\"dateModified\":\"2016-01-15T16:45:11+01:00\",\"inLanguage\":\"es-ES\",\"mainEntityOfPage\":{\"@id\":\"https:\\\/\\\/eldigitaldeasturias.com\\\/magazine365\\\/junta-y-ayuntamiento-de-ciudad-real-colaboraran-en-materias-como-fitur-el-ano-cervantino-o-farcama-primavera\\\/#webpage\"},\"isPartOf\":{\"@id\":\"https:\\\/\\\/eldigitaldeasturias.com\\\/magazine365\\\/junta-y-ayuntamiento-de-ciudad-real-colaboraran-en-materias-como-fitur-el-ano-cervantino-o-farcama-primavera\\\/#webpage\"},\"articleSection\":\"Noticias y Actualidad\"},{\"@type\":\"BreadcrumbList\",\"@id\":\"https:\\\/\\\/eldigitaldeasturias.com\\\/magazine365\\\/junta-y-ayuntamiento-de-ciudad-real-colaboraran-en-materias-como-fitur-el-ano-cervantino-o-farcama-primavera\\\/#breadcrumblist\",\"itemListElement\":[{\"@type\":\"ListItem\",\"@id\":\"https:\\\/\\\/eldigitaldeasturias.com\\\/magazine365#listItem\",\"position\":1,\"name\":\"Home\",\"item\":\"https:\\\/\\\/eldigitaldeasturias.com\\\/magazine365\",\"nextItem\":{\"@type\":\"ListItem\",\"@id\":\"https:\\\/\\\/eldigitaldeasturias.com\\\/magazine365\\\/category\\\/noticias-actualidad\\\/#listItem\",\"name\":\"Noticias y Actualidad\"}},{\"@type\":\"ListItem\",\"@id\":\"https:\\\/\\\/eldigitaldeasturias.com\\\/magazine365\\\/category\\\/noticias-actualidad\\\/#listItem\",\"position\":2,\"name\":\"Noticias y Actualidad\",\"item\":\"https:\\\/\\\/eldigitaldeasturias.com\\\/magazine365\\\/category\\\/noticias-actualidad\\\/\",\"nextItem\":{\"@type\":\"ListItem\",\"@id\":\"https:\\\/\\\/eldigitaldeasturias.com\\\/magazine365\\\/junta-y-ayuntamiento-de-ciudad-real-colaboraran-en-materias-como-fitur-el-ano-cervantino-o-farcama-primavera\\\/#listItem\",\"name\":\"Junta y Ayuntamiento de Ciudad Real colaborar\\u00e1n en materias como Fitur, el A\\u00f1o Cervantino o Farcama Primavera\"},\"previousItem\":{\"@type\":\"ListItem\",\"@id\":\"https:\\\/\\\/eldigitaldeasturias.com\\\/magazine365#listItem\",\"name\":\"Home\"}},{\"@type\":\"ListItem\",\"@id\":\"https:\\\/\\\/eldigitaldeasturias.com\\\/magazine365\\\/junta-y-ayuntamiento-de-ciudad-real-colaboraran-en-materias-como-fitur-el-ano-cervantino-o-farcama-primavera\\\/#listItem\",\"position\":3,\"name\":\"Junta y Ayuntamiento de Ciudad Real colaborar\\u00e1n en materias como Fitur, el A\\u00f1o Cervantino o Farcama Primavera\",\"previousItem\":{\"@type\":\"ListItem\",\"@id\":\"https:\\\/\\\/eldigitaldeasturias.com\\\/magazine365\\\/category\\\/noticias-actualidad\\\/#listItem\",\"name\":\"Noticias y Actualidad\"}}]},{\"@type\":\"Organization\",\"@id\":\"https:\\\/\\\/eldigitaldeasturias.com\\\/magazine365\\\/#organization\",\"name\":\"El digital de Asturias\",\"description\":\"Revista de ocio, turismo y estilo de vida\",\"url\":\"https:\\\/\\\/eldigitaldeasturias.com\\\/magazine365\\\/\",\"logo\":{\"@type\":\"ImageObject\",\"url\":\"https:\\\/\\\/www.eldigitaldeasturias.com\\\/noticias\\\/wp-content\\\/uploads\\\/2020\\\/12\\\/EDA.jpg\",\"@id\":\"https:\\\/\\\/eldigitaldeasturias.com\\\/magazine365\\\/junta-y-ayuntamiento-de-ciudad-real-colaboraran-en-materias-como-fitur-el-ano-cervantino-o-farcama-primavera\\\/#organizationLogo\"},\"image\":{\"@id\":\"https:\\\/\\\/eldigitaldeasturias.com\\\/magazine365\\\/junta-y-ayuntamiento-de-ciudad-real-colaboraran-en-materias-como-fitur-el-ano-cervantino-o-farcama-primavera\\\/#organizationLogo\"}},{\"@type\":\"Person\",\"@id\":\"https:\\\/\\\/eldigitaldeasturias.com\\\/magazine365\\\/author\\\/admin\\\/#author\",\"url\":\"https:\\\/\\\/eldigitaldeasturias.com\\\/magazine365\\\/author\\\/admin\\\/\",\"name\":\"admin\",\"image\":{\"@type\":\"ImageObject\",\"@id\":\"https:\\\/\\\/eldigitaldeasturias.com\\\/magazine365\\\/junta-y-ayuntamiento-de-ciudad-real-colaboraran-en-materias-como-fitur-el-ano-cervantino-o-farcama-primavera\\\/#authorImage\",\"url\":\"https:\\\/\\\/eldigitaldeasturias.com\\\/magazine365\\\/wp-content\\\/litespeed\\\/avatar\\\/e571bcf59a0edd6fa6838245a470f2fe.jpg?ver=1777574230\",\"width\":96,\"height\":96,\"caption\":\"admin\"}},{\"@type\":\"WebPage\",\"@id\":\"https:\\\/\\\/eldigitaldeasturias.com\\\/magazine365\\\/junta-y-ayuntamiento-de-ciudad-real-colaboraran-en-materias-como-fitur-el-ano-cervantino-o-farcama-primavera\\\/#webpage\",\"url\":\"https:\\\/\\\/eldigitaldeasturias.com\\\/magazine365\\\/junta-y-ayuntamiento-de-ciudad-real-colaboraran-en-materias-como-fitur-el-ano-cervantino-o-farcama-primavera\\\/\",\"name\":\"Junta y Ayuntamiento de Ciudad Real colaborar\\u00e1n en materias como Fitur, el A\\u00f1o Cervantino o Farcama Primavera | El Digital de Asturias\",\"description\":\"La consejera de Econom\\u00eda, Empresas y Empleo, Patricia Franco, ha mantenido su primera reuni\\u00f3n institucional con la alcaldesa de Ciudad Real, Pilar Zamora, un encuentro en el que han abordado las posibilidades de colaboraci\\u00f3n en distintas iniciativas como 'Farcama Primavera', el stand de Ciudad Real en Fitur o el A\\u00f1o Cervantino. Sobre la primera edici\\u00f3n\",\"inLanguage\":\"es-ES\",\"isPartOf\":{\"@id\":\"https:\\\/\\\/eldigitaldeasturias.com\\\/magazine365\\\/#website\"},\"breadcrumb\":{\"@id\":\"https:\\\/\\\/eldigitaldeasturias.com\\\/magazine365\\\/junta-y-ayuntamiento-de-ciudad-real-colaboraran-en-materias-como-fitur-el-ano-cervantino-o-farcama-primavera\\\/#breadcrumblist\"},\"author\":{\"@id\":\"https:\\\/\\\/eldigitaldeasturias.com\\\/magazine365\\\/author\\\/admin\\\/#author\"},\"creator\":{\"@id\":\"https:\\\/\\\/eldigitaldeasturias.com\\\/magazine365\\\/author\\\/admin\\\/#author\"},\"image\":{\"@type\":\"ImageObject\",\"url\":\"https:\\\/\\\/eldigitaldeasturias.com\\\/magazine365\\\/wp-content\\\/uploads\\\/2016\\\/01\\\/fotonoticia_20160115121501_800.jpg\",\"@id\":\"https:\\\/\\\/eldigitaldeasturias.com\\\/magazine365\\\/junta-y-ayuntamiento-de-ciudad-real-colaboraran-en-materias-como-fitur-el-ano-cervantino-o-farcama-primavera\\\/#mainImage\",\"width\":800,\"height\":532},\"primaryImageOfPage\":{\"@id\":\"https:\\\/\\\/eldigitaldeasturias.com\\\/magazine365\\\/junta-y-ayuntamiento-de-ciudad-real-colaboraran-en-materias-como-fitur-el-ano-cervantino-o-farcama-primavera\\\/#mainImage\"},\"datePublished\":\"2016-01-15T16:45:11+01:00\",\"dateModified\":\"2016-01-15T16:45:11+01:00\"},{\"@type\":\"WebSite\",\"@id\":\"https:\\\/\\\/eldigitaldeasturias.com\\\/magazine365\\\/#website\",\"url\":\"https:\\\/\\\/eldigitaldeasturias.com\\\/magazine365\\\/\",\"name\":\"El Digital de Asturias\",\"description\":\"Revista de ocio, turismo y estilo de vida\",\"inLanguage\":\"es-ES\",\"publisher\":{\"@id\":\"https:\\\/\\\/eldigitaldeasturias.com\\\/magazine365\\\/#organization\"}}]}\n\t\t<\/script>\n\t\t<!-- All in One SEO Pro -->\r\n\t\t<title>Junta y Ayuntamiento de Ciudad Real colaborar\u00e1n en materias como Fitur, el A\u00f1o Cervantino o Farcama Primavera | El Digital de Asturias<\/title>\n\n","aioseo_head_json":{"title":"Junta y Ayuntamiento de Ciudad Real colaborar\u00e1n en materias como Fitur, el A\u00f1o Cervantino o Farcama Primavera | El Digital de Asturias","description":"La consejera de Econom\u00eda, Empresas y Empleo, Patricia Franco, ha mantenido su primera reuni\u00f3n institucional con la alcaldesa de Ciudad Real, Pilar Zamora, un encuentro en el que han abordado las posibilidades de colaboraci\u00f3n en distintas iniciativas como 'Farcama Primavera', el stand de Ciudad Real en Fitur o el A\u00f1o Cervantino. Sobre la primera edici\u00f3n","canonical_url":"https:\/\/eldigitaldeasturias.com\/magazine365\/junta-y-ayuntamiento-de-ciudad-real-colaboraran-en-materias-como-fitur-el-ano-cervantino-o-farcama-primavera\/","robots":"max-image-preview:large","keywords":"noticias y actualidad","webmasterTools":{"google-site-verification":"UA-38556648-1","miscellaneous":""},"schema":{"@context":"https:\/\/schema.org","@graph":[{"@type":"Article","@id":"https:\/\/eldigitaldeasturias.com\/magazine365\/junta-y-ayuntamiento-de-ciudad-real-colaboraran-en-materias-como-fitur-el-ano-cervantino-o-farcama-primavera\/#article","name":"Junta y Ayuntamiento de Ciudad Real colaborar\u00e1n en materias como Fitur, el A\u00f1o Cervantino o Farcama Primavera | El Digital de Asturias","headline":"Junta y Ayuntamiento de Ciudad Real colaborar\u00e1n en materias como Fitur, el A\u00f1o Cervantino o Farcama Primavera","author":{"@id":"https:\/\/eldigitaldeasturias.com\/magazine365\/author\/admin\/#author"},"publisher":{"@id":"https:\/\/eldigitaldeasturias.com\/magazine365\/#organization"},"image":{"@type":"ImageObject","url":"https:\/\/eldigitaldeasturias.com\/magazine365\/wp-content\/uploads\/2016\/01\/fotonoticia_20160115121501_800.jpg","width":800,"height":532},"datePublished":"2016-01-15T16:45:11+01:00","dateModified":"2016-01-15T16:45:11+01:00","inLanguage":"es-ES","mainEntityOfPage":{"@id":"https:\/\/eldigitaldeasturias.com\/magazine365\/junta-y-ayuntamiento-de-ciudad-real-colaboraran-en-materias-como-fitur-el-ano-cervantino-o-farcama-primavera\/#webpage"},"isPartOf":{"@id":"https:\/\/eldigitaldeasturias.com\/magazine365\/junta-y-ayuntamiento-de-ciudad-real-colaboraran-en-materias-como-fitur-el-ano-cervantino-o-farcama-primavera\/#webpage"},"articleSection":"Noticias y Actualidad"},{"@type":"BreadcrumbList","@id":"https:\/\/eldigitaldeasturias.com\/magazine365\/junta-y-ayuntamiento-de-ciudad-real-colaboraran-en-materias-como-fitur-el-ano-cervantino-o-farcama-primavera\/#breadcrumblist","itemListElement":[{"@type":"ListItem","@id":"https:\/\/eldigitaldeasturias.com\/magazine365#listItem","position":1,"name":"Home","item":"https:\/\/eldigitaldeasturias.com\/magazine365","nextItem":{"@type":"ListItem","@id":"https:\/\/eldigitaldeasturias.com\/magazine365\/category\/noticias-actualidad\/#listItem","name":"Noticias y Actualidad"}},{"@type":"ListItem","@id":"https:\/\/eldigitaldeasturias.com\/magazine365\/category\/noticias-actualidad\/#listItem","position":2,"name":"Noticias y Actualidad","item":"https:\/\/eldigitaldeasturias.com\/magazine365\/category\/noticias-actualidad\/","nextItem":{"@type":"ListItem","@id":"https:\/\/eldigitaldeasturias.com\/magazine365\/junta-y-ayuntamiento-de-ciudad-real-colaboraran-en-materias-como-fitur-el-ano-cervantino-o-farcama-primavera\/#listItem","name":"Junta y Ayuntamiento de Ciudad Real colaborar\u00e1n en materias como Fitur, el A\u00f1o Cervantino o Farcama Primavera"},"previousItem":{"@type":"ListItem","@id":"https:\/\/eldigitaldeasturias.com\/magazine365#listItem","name":"Home"}},{"@type":"ListItem","@id":"https:\/\/eldigitaldeasturias.com\/magazine365\/junta-y-ayuntamiento-de-ciudad-real-colaboraran-en-materias-como-fitur-el-ano-cervantino-o-farcama-primavera\/#listItem","position":3,"name":"Junta y Ayuntamiento de Ciudad Real colaborar\u00e1n en materias como Fitur, el A\u00f1o Cervantino o Farcama Primavera","previousItem":{"@type":"ListItem","@id":"https:\/\/eldigitaldeasturias.com\/magazine365\/category\/noticias-actualidad\/#listItem","name":"Noticias y Actualidad"}}]},{"@type":"Organization","@id":"https:\/\/eldigitaldeasturias.com\/magazine365\/#organization","name":"El digital de Asturias","description":"Revista de ocio, turismo y estilo de vida","url":"https:\/\/eldigitaldeasturias.com\/magazine365\/","logo":{"@type":"ImageObject","url":"https:\/\/www.eldigitaldeasturias.com\/noticias\/wp-content\/uploads\/2020\/12\/EDA.jpg","@id":"https:\/\/eldigitaldeasturias.com\/magazine365\/junta-y-ayuntamiento-de-ciudad-real-colaboraran-en-materias-como-fitur-el-ano-cervantino-o-farcama-primavera\/#organizationLogo"},"image":{"@id":"https:\/\/eldigitaldeasturias.com\/magazine365\/junta-y-ayuntamiento-de-ciudad-real-colaboraran-en-materias-como-fitur-el-ano-cervantino-o-farcama-primavera\/#organizationLogo"}},{"@type":"Person","@id":"https:\/\/eldigitaldeasturias.com\/magazine365\/author\/admin\/#author","url":"https:\/\/eldigitaldeasturias.com\/magazine365\/author\/admin\/","name":"admin","image":{"@type":"ImageObject","@id":"https:\/\/eldigitaldeasturias.com\/magazine365\/junta-y-ayuntamiento-de-ciudad-real-colaboraran-en-materias-como-fitur-el-ano-cervantino-o-farcama-primavera\/#authorImage","url":"https:\/\/eldigitaldeasturias.com\/magazine365\/wp-content\/litespeed\/avatar\/e571bcf59a0edd6fa6838245a470f2fe.jpg?ver=1777574230","width":96,"height":96,"caption":"admin"}},{"@type":"WebPage","@id":"https:\/\/eldigitaldeasturias.com\/magazine365\/junta-y-ayuntamiento-de-ciudad-real-colaboraran-en-materias-como-fitur-el-ano-cervantino-o-farcama-primavera\/#webpage","url":"https:\/\/eldigitaldeasturias.com\/magazine365\/junta-y-ayuntamiento-de-ciudad-real-colaboraran-en-materias-como-fitur-el-ano-cervantino-o-farcama-primavera\/","name":"Junta y Ayuntamiento de Ciudad Real colaborar\u00e1n en materias como Fitur, el A\u00f1o Cervantino o Farcama Primavera | El Digital de Asturias","description":"La consejera de Econom\u00eda, Empresas y Empleo, Patricia Franco, ha mantenido su primera reuni\u00f3n institucional con la alcaldesa de Ciudad Real, Pilar Zamora, un encuentro en el que han abordado las posibilidades de colaboraci\u00f3n en distintas iniciativas como 'Farcama Primavera', el stand de Ciudad Real en Fitur o el A\u00f1o Cervantino. Sobre la primera edici\u00f3n","inLanguage":"es-ES","isPartOf":{"@id":"https:\/\/eldigitaldeasturias.com\/magazine365\/#website"},"breadcrumb":{"@id":"https:\/\/eldigitaldeasturias.com\/magazine365\/junta-y-ayuntamiento-de-ciudad-real-colaboraran-en-materias-como-fitur-el-ano-cervantino-o-farcama-primavera\/#breadcrumblist"},"author":{"@id":"https:\/\/eldigitaldeasturias.com\/magazine365\/author\/admin\/#author"},"creator":{"@id":"https:\/\/eldigitaldeasturias.com\/magazine365\/author\/admin\/#author"},"image":{"@type":"ImageObject","url":"https:\/\/eldigitaldeasturias.com\/magazine365\/wp-content\/uploads\/2016\/01\/fotonoticia_20160115121501_800.jpg","@id":"https:\/\/eldigitaldeasturias.com\/magazine365\/junta-y-ayuntamiento-de-ciudad-real-colaboraran-en-materias-como-fitur-el-ano-cervantino-o-farcama-primavera\/#mainImage","width":800,"height":532},"primaryImageOfPage":{"@id":"https:\/\/eldigitaldeasturias.com\/magazine365\/junta-y-ayuntamiento-de-ciudad-real-colaboraran-en-materias-como-fitur-el-ano-cervantino-o-farcama-primavera\/#mainImage"},"datePublished":"2016-01-15T16:45:11+01:00","dateModified":"2016-01-15T16:45:11+01:00"},{"@type":"WebSite","@id":"https:\/\/eldigitaldeasturias.com\/magazine365\/#website","url":"https:\/\/eldigitaldeasturias.com\/magazine365\/","name":"El Digital de Asturias","description":"Revista de ocio, turismo y estilo de vida","inLanguage":"es-ES","publisher":{"@id":"https:\/\/eldigitaldeasturias.com\/magazine365\/#organization"}}]},"og:locale":"es_ES","og:site_name":"El Digital de Asturias \u2013 Revista de ocio, turismo y estilo de vida","og:type":"article","og:title":"Junta y Ayuntamiento de Ciudad Real colaborar\u00e1n en materias como Fitur, el A\u00f1o Cervantino o Farcama Primavera | El Digital de Asturias","og:description":"La consejera de Econom\u00eda, Empresas y Empleo, Patricia Franco, ha mantenido su primera reuni\u00f3n institucional con la alcaldesa de Ciudad Real, Pilar Zamora, un encuentro en el que han abordado las posibilidades de colaboraci\u00f3n en distintas iniciativas como 'Farcama Primavera', el stand de Ciudad Real en Fitur o el A\u00f1o Cervantino. Sobre la primera edici\u00f3n","og:url":"https:\/\/eldigitaldeasturias.com\/magazine365\/junta-y-ayuntamiento-de-ciudad-real-colaboraran-en-materias-como-fitur-el-ano-cervantino-o-farcama-primavera\/","og:image":"https:\/\/eldigitaldeasturias.com\/magazine365\/wp-content\/uploads\/2016\/01\/fotonoticia_20160115121501_800.jpg","og:image:secure_url":"https:\/\/eldigitaldeasturias.com\/magazine365\/wp-content\/uploads\/2016\/01\/fotonoticia_20160115121501_800.jpg","og:image:width":800,"og:image:height":532,"article:published_time":"2016-01-15T15:45:11+00:00","article:modified_time":"2016-01-15T15:45:11+00:00","twitter:card":"summary_large_image","twitter:title":"Junta y Ayuntamiento de Ciudad Real colaborar\u00e1n en materias como Fitur, el A\u00f1o Cervantino o Farcama Primavera | El Digital de Asturias","twitter:description":"La consejera de Econom\u00eda, Empresas y Empleo, Patricia Franco, ha mantenido su primera reuni\u00f3n institucional con la alcaldesa de Ciudad Real, Pilar Zamora, un encuentro en el que han abordado las posibilidades de colaboraci\u00f3n en distintas iniciativas como 'Farcama Primavera', el stand de Ciudad Real en Fitur o el A\u00f1o Cervantino. Sobre la primera edici\u00f3n","twitter:image":"https:\/\/eldigitaldeasturias.com\/magazine365\/wp-content\/uploads\/2016\/01\/fotonoticia_20160115121501_800.jpg"},"aioseo_meta_data":{"post_id":"60778","title":null,"description":null,"keywords":null,"keyphrases":null,"primary_term":null,"canonical_url":null,"og_title":null,"og_description":null,"og_object_type":"default","og_image_type":"default","og_image_url":null,"og_image_width":null,"og_image_height":null,"og_image_custom_url":null,"og_image_custom_fields":null,"og_video":null,"og_custom_url":null,"og_article_section":null,"og_article_tags":null,"twitter_use_og":false,"twitter_card":"default","twitter_image_type":"default","twitter_image_url":null,"twitter_image_custom_url":null,"twitter_image_custom_fields":null,"twitter_title":null,"twitter_description":null,"schema":{"blockGraphs":[],"customGraphs":[],"default":{"data":{"Article":[],"Course":[],"Dataset":[],"FAQPage":[],"Movie":[],"Person":[],"Product":[],"ProductReview":[],"Car":[],"Recipe":[],"Service":[],"SoftwareApplication":[],"WebPage":[]},"graphName":"","isEnabled":true},"graphs":[],"defaultGraph":"","defaultPostTypeGraph":""},"schema_type":null,"schema_type_options":null,"pillar_content":false,"robots_default":true,"robots_noindex":false,"robots_noarchive":false,"robots_nosnippet":false,"robots_nofollow":false,"robots_noimageindex":false,"robots_noodp":false,"robots_notranslate":false,"robots_max_snippet":null,"robots_max_videopreview":null,"robots_max_imagepreview":"large","priority":null,"frequency":null,"location":null,"local_seo":null,"seo_analyzer_scan_date":"2025-09-25 07:32:49","breadcrumb_settings":null,"limit_modified_date":false,"open_ai":null,"ai":null,"created":"2021-03-08 21:56:18","updated":"2025-09-25 07:32:49"},"aioseo_breadcrumb":"<div class=\"aioseo-breadcrumbs\"><span class=\"aioseo-breadcrumb\">\n\t<a href=\"https:\/\/eldigitaldeasturias.com\/magazine365\" title=\"Home\">Home<\/a>\n<\/span><span class=\"aioseo-breadcrumb-separator\">\u2013<\/span><span class=\"aioseo-breadcrumb\">\n\t<a href=\"https:\/\/eldigitaldeasturias.com\/magazine365\/category\/noticias-actualidad\/\" title=\"Noticias y Actualidad\">Noticias y Actualidad<\/a>\n<\/span><span class=\"aioseo-breadcrumb-separator\">\u2013<\/span><span class=\"aioseo-breadcrumb\">\n\t<a href=\"https:\/\/eldigitaldeasturias.com\/magazine365\/junta-y-ayuntamiento-de-ciudad-real-colaboraran-en-materias-como-fitur-el-ano-cervantino-o-farcama-primavera\/\" title=\"Junta y Ayuntamiento de Ciudad Real colaborar\u00e1n en materias como Fitur, el A\u00f1o Cervantino o Farcama Primavera\">Junta y Ayuntamiento de Ciudad Real colaborar\u00e1n en materias como Fitur, el A\u00f1o Cervantino o Farcama Primavera<\/a>\n<\/span><\/div>","aioseo_breadcrumb_json":[{"label":"Home","link":"https:\/\/eldigitaldeasturias.com\/magazine365"},{"label":"Noticias y Actualidad","link":"https:\/\/eldigitaldeasturias.com\/magazine365\/category\/noticias-actualidad\/"},{"label":"Junta y Ayuntamiento de Ciudad Real colaborar\u00e1n en materias como Fitur, el A\u00f1o Cervantino o Farcama Primavera","link":"https:\/\/eldigitaldeasturias.com\/magazine365\/junta-y-ayuntamiento-de-ciudad-real-colaboraran-en-materias-como-fitur-el-ano-cervantino-o-farcama-primavera\/"}],"_links":{"self":[{"href":"https:\/\/eldigitaldeasturias.com\/magazine365\/wp-json\/wp\/v2\/posts\/60778","targetHints":{"allow":["GET"]}}],"collection":[{"href":"https:\/\/eldigitaldeasturias.com\/magazine365\/wp-json\/wp\/v2\/posts"}],"about":[{"href":"https:\/\/eldigitaldeasturias.com\/magazine365\/wp-json\/wp\/v2\/types\/post"}],"author":[{"embeddable":true,"href":"https:\/\/eldigitaldeasturias.com\/magazine365\/wp-json\/wp\/v2\/users\/1"}],"replies":[{"embeddable":true,"href":"https:\/\/eldigitaldeasturias.com\/magazine365\/wp-json\/wp\/v2\/comments?post=60778"}],"version-history":[{"count":0,"href":"https:\/\/eldigitaldeasturias.com\/magazine365\/wp-json\/wp\/v2\/posts\/60778\/revisions"}],"wp:featuredmedia":[{"embeddable":true,"href":"https:\/\/eldigitaldeasturias.com\/magazine365\/wp-json\/wp\/v2\/media\/60779"}],"wp:attachment":[{"href":"https:\/\/eldigitaldeasturias.com\/magazine365\/wp-json\/wp\/v2\/media?parent=60778"}],"wp:term":[{"taxonomy":"category","embeddable":true,"href":"https:\/\/eldigitaldeasturias.com\/magazine365\/wp-json\/wp\/v2\/categories?post=60778"},{"taxonomy":"post_tag","embeddable":true,"href":"https:\/\/eldigitaldeasturias.com\/magazine365\/wp-json\/wp\/v2\/tags?post=60778"}],"curies":[{"name":"wp","href":"https:\/\/api.w.org\/{rel}","templated":true}]}}