{"id":60775,"date":"2016-01-15T16:43:03","date_gmt":"2016-01-15T15:43:03","guid":{"rendered":"http:\/\/eldigitaldeasturias.com\/magazine365\/?p=60775"},"modified":"2016-01-15T16:43:03","modified_gmt":"2016-01-15T15:43:03","slug":"navarra-mostrara-en-fitur-2016-su-variedad-paisajistica-cultural-y-gastronomica","status":"publish","type":"post","link":"https:\/\/eldigitaldeasturias.com\/magazine365\/navarra-mostrara-en-fitur-2016-su-variedad-paisajistica-cultural-y-gastronomica\/","title":{"rendered":"Navarra mostrar\u00e1 en Fitur 2016 su variedad paisaj\u00edstica, cultural y gastron\u00f3mica"},"content":{"rendered":"<p><img fetchpriority=\"high\" decoding=\"async\" class=\"alignleft size-medium wp-image-60776\" src=\"https:\/\/eldigitaldeasturias.com\/magazine365\/wp-content\/uploads\/2016\/01\/fotonoticia_20160115115340_800-360x240.jpg\" alt=\"fotonoticia_20160115115340_800\" width=\"360\" height=\"240\" srcset=\"https:\/\/eldigitaldeasturias.com\/magazine365\/wp-content\/uploads\/2016\/01\/fotonoticia_20160115115340_800-360x240.jpg 360w, https:\/\/eldigitaldeasturias.com\/magazine365\/wp-content\/uploads\/2016\/01\/fotonoticia_20160115115340_800-650x433.jpg 650w, https:\/\/eldigitaldeasturias.com\/magazine365\/wp-content\/uploads\/2016\/01\/fotonoticia_20160115115340_800-768x512.jpg 768w, https:\/\/eldigitaldeasturias.com\/magazine365\/wp-content\/uploads\/2016\/01\/fotonoticia_20160115115340_800-150x100.jpg 150w, https:\/\/eldigitaldeasturias.com\/magazine365\/wp-content\/uploads\/2016\/01\/fotonoticia_20160115115340_800-450x300.jpg 450w, https:\/\/eldigitaldeasturias.com\/magazine365\/wp-content\/uploads\/2016\/01\/fotonoticia_20160115115340_800-696x464.jpg 696w, https:\/\/eldigitaldeasturias.com\/magazine365\/wp-content\/uploads\/2016\/01\/fotonoticia_20160115115340_800-630x420.jpg 630w, https:\/\/eldigitaldeasturias.com\/magazine365\/wp-content\/uploads\/2016\/01\/fotonoticia_20160115115340_800-101x66.jpg 101w, https:\/\/eldigitaldeasturias.com\/magazine365\/wp-content\/uploads\/2016\/01\/fotonoticia_20160115115340_800.jpg 800w\" sizes=\"(max-width: 360px) 100vw, 360px\" \/>Navarra mostrar\u00e1 en la Feria Internacional de Turismo Fitur, que se celebrar\u00e1 del 20 al 24 de enero en Madrid, la variedad paisaj\u00edstica, cultural, gastron\u00f3mica y deportiva de la Comunidad foral y destacar\u00e1 especialmente el turismo rural, \u00abuna de las joyas\u00bb que tiene el territorio.<\/p>\n<p>As\u00ed lo han avanzado este viernes en rueda de prensa el vicepresidente de Desarrollo Econ\u00f3mico del Gobierno de Navarra, Manu Ayerdi, y la directora general de Turismo y Comercio del Ejecutivo foral, Maitena Ezkutari, quienes han presentado la oferta tur\u00edstica que Navarra expondr\u00e1 en Fitur y los datos del sector en 2015.<\/p>\n<p>Ezkutari ha explicado que el elemento significativo del stand de la Comunidad foral en Fitur consistir\u00e1 este a\u00f1o en grandes im\u00e1genes, reflejo del amplio abanico paisaj\u00edstico y cultural de Navarra. El lema seguir\u00e1 siendo &#8216;Tierra de diversidad&#8217;, ya que, seg\u00fan la directora general de Turismo, \u00abeste contraste es el mejor medio para difundir los atractivos del territorio\u00bb.<\/p>\n<p>Adem\u00e1s, en Fitur se dar\u00e1n a conocer nuevos proyectos de turismo cultural y de naturaleza, nuevas citas deportivas y gastron\u00f3micas. En el marco de la oferta que se trasladar\u00e1 a Madrid, se realizar\u00e1 un \u00e9nfasis especial en el turismo rural.<\/p>\n<p>As\u00ed, en el D\u00eda de Navarra, que se celebrar\u00e1 el 22 de enero, se conmemorar\u00e1 el 25 aniversario del inicio de la comercializaci\u00f3n de la red de casas rurales, una experiencia piloto que fue referente en el Estado. A esta cita acudir\u00e1 la presidenta del Gobierno de Navarra, Uxue Barkos, el vicepresidente de Desarrollo Econ\u00f3mico, Manu Ayerdi, y la consejera de Desarrollo Rural, Medio Ambiente y Administraci\u00f3n Local, Isabel Elizalde.<\/p>\n<p>En la feria Navarra dar\u00e1 a conocer su oferta en el \u00e1mbito cultural (Camino de Santiago, Ruta del rom\u00e1nico, Ruta del cine, Ruta de los castillos y fortalezas, etc), de naturaleza (Pirineos, Espacios Naturales, V\u00edas verdes, Turismo activo), turismo rural, gastronom\u00eda y vinos, fiestas y tradiciones, turismo de Congresos(MICE) y los nichos en los que se trabaja actualmente (turismo de salud, observaci\u00f3n de aves y actividades de motor).<\/p>\n<p>EL STAND, EN \u00c1NGULO<\/p>\n<p>Ezkutari tambi\u00e9n ha informado de que el stand de Navarra (7B12, pabell\u00f3n 7 de IFEMA) tiene 500 metros cuadrados, es envolvente, y en \u00e9l cobran especial importancia las fotograf\u00edas de alta calidad que se presentan de una manera novedosa, ya que situadas en paredes en \u00e1ngulo permiten ver dos im\u00e1genes a la vez con el movimiento. Invitan al visitante a ver el patrimonio natural o cultural de Navarra, a moverse y participar.<\/p>\n<p>Asimismo, ha destacado que un camino de colores en la entrada que recuerda los tonos de la naturaleza anima al visitante a adentrarse en el stand. El camino simboliza la variedad de caminos que puede descubrir el visitante en Navarra.<\/p>\n<p>La zona de trabajo con el sector profesional est\u00e1 compuesta por mesas para reuniones con medios de comunicaci\u00f3n, profesionales del sector (turoperadores, agencias de receptivo,etc) y una zona para la promoci\u00f3n gastron\u00f3mica con pinchos elaborados con productos D.O. de Navarra bajo la marca Reyno Gourmet.<\/p>\n<p>Turismo de Navarra ha organizado una veintena de actos y presentaciones, que en esta edici\u00f3n ha agrupado en bloques tem\u00e1ticos para fortalecer los subsectores y favorecer los contactos con los operadores: Cultura y Naturaleza; Gastronom\u00eda; y Deporte.<\/p>\n<p>La Comunidad foral dispondr\u00e1 tambi\u00e9n de un peque\u00f1o stand en Fitur Salud, feria que se celebra en paralelo y donde se presentar\u00e1 la oferta relacionada con el turismo de salud, un sector en alza. Este a\u00f1o, el segundo de presencia, se suman el Centro Neurol\u00f3gico de Atenci\u00f3n Integral y el grupo Sannas. Estos agentes se suman a la presencia de la Cl\u00ednica Universitaria de Navarra y de los balnearios de aguas termales de Elgorriaga y Fitero.<\/p>\n<p>UN 5,3% M\u00c1S DE TURISTAS EN 2015<\/p>\n<p>Por otro lado, Ayerdi ha informado de que Navarra registr\u00f3 en 2015 un incremento de turistas del 5,3 por ciento, seg\u00fan los \u00faltimos datos disponibles (noviembre, Observatorio Tur\u00edstico de Navarra). En total, se alojaron en la Comunidad foral 1.195.282 viajeros.<\/p>\n<p>Del total de personas alojadas, el 73 por ciento eran residentes en Espa\u00f1a y el 27 por ciento, en el extranjero. El turismo nacional ha aumentado en Navarra un 3 por ciento hasta noviembre y el internacional, un 12 por ciento, este \u00faltimo muy por encima de la media espa\u00f1ola (5,6%), y es el cuarto crecimiento m\u00e1s elevado de Espa\u00f1a. Ayerdi ha apuntado que \u00abse trata de un indicador importante para los ingresos de la Comunidad foral\u00bb. En 2014, los turistas extranjeros proporcionaron 177 millones, un 20 por ciento m\u00e1s que en 2013.<\/p>\n<p>Aproximadamente, el 19,6 por ciento de los viajeros alojados en establecimientos reglados proceden de pa\u00edses de la CEE. Pa\u00eds Vasco sigue siendo el principal mercado para los alojamientos tur\u00edsticos de Navarra (16,1% del total de viajeros alojados), seguido, con valores en torno al 11 por ciento de volumen, de Catalu\u00f1a, Comunidad de Madrid, y los propios navarros (9,1%).<\/p>\n<p>Las pernoctaciones crecieron un 6,7 por ciento, alcanzando 2.505.072 de noches facturadas, un indicador que refleja un mayor gasto. Se trata del mayor registro de viajeros alojados y pernoctaciones en los \u00faltimos diez a\u00f1os. En cuanto a facturaci\u00f3n por cada habitaci\u00f3n hotelera (28,78 euros), se registr\u00f3 un 15,1 por ciento m\u00e1s que en 2014, lo que constituye el segundo incremento m\u00e1s alto de las comunidades aut\u00f3nomas.<\/p>\n<p>El 60 por ciento de los viajeros se aloj\u00f3 en hoteles, el 13 por ciento en hostales y pensiones, el 10 por ciento en casas rurales, el 12 por ciento en campings, y el 5 por ciento en apartamentos tur\u00edsticos. Por tipos de alojamiento, creci\u00f3 especialmente el alojamiento en casas rurales (+21,3%) y apartamentos (+5,7). La estancia media mensual en Navarra para el conjunto de alojamientos fue de 2,1 noches, un 1,3 por ciento superior a la de 2014.<\/p>\n<p>Respecto a 2014, la demanda de viajeros alojados ha aumentado en todos los mercados, salvo en el caso del mercado catal\u00e1n, cuyas llegadas han descendido un -1,3 por ciento respecto a 2014, aunque son un 11,7 por ciento superiores a las 2013. Destaca especialmente el aumento de clientes vascos (un 10,8% m\u00e1s que en 2014 y un 17% m\u00e1s que en 2013), as\u00ed como el europeos (un 7,2% m\u00e1s que en 2014 y un 24% m\u00e1s que en 2013).<\/p>\n<p>Hasta noviembre, Navarra cont\u00f3 con una oferta media mensual de 1.344 establecimientos tur\u00edsticos reglados, abiertos al p\u00fablico, y 29.341 plazas. En cuanto al empleo, la media mensual de afiliaci\u00f3n a la Seguridad Social ronda las 16.500 personas, un 4,8 por ciento m\u00e1s que la media del pasado a\u00f1o.<\/p>\n<p>Por comunidades aut\u00f3nomas, Navarra se encuentra en el puesto decimotercero en materia de aumento de viajeros y viajeras. En lo que se refiere a aumento de pernoctaciones, Navarra est\u00e1 en el d\u00e9cimo puesto. Las casas rurales y sobretodo los albergues est\u00e1n en las primeras posiciones del Estado en crecimiento de pernoctaciones.<\/p>\n<p>Ayerdi ha valorado que son \u00abdatos positivos\u00bb que indican que Navarra \u00abtiene un margen de mejora importante\u00bb. As\u00ed, ha a\u00f1adido que aunque la Comunidad foral \u00abni puede ni seguramente debe pretender superar\u00bb en turismo a otras comunidades, como Canarias, Baleares o la Costa Mediterr\u00e1nea, \u00abhay margen para crecer porque la Comunidad foral tiene atributos muy potentes que la pueden hacer todav\u00eda m\u00e1s merecedora de una oferta tur\u00edstica de primer nivel\u00bb.<\/p>\n<p>Finalmente, ha recordado que el Gobierno va a elaborar un nuevo plan estrat\u00e9gico de turismo, que contendr\u00e1 la estrategia para toda la legislatura, sobre los ejes del turismo rural, gastronom\u00eda, recursos naturales, sostenibilidad, cultura, patrimonio hist\u00f3rico y ocio.<\/p>\n","protected":false},"excerpt":{"rendered":"<p>Navarra mostrar\u00e1 en la Feria Internacional de Turismo Fitur, que se celebrar\u00e1 del 20 al 24 de enero en Madrid, la variedad paisaj\u00edstica, cultural, gastron\u00f3mica y deportiva de la Comunidad foral y destacar\u00e1 especialmente el turismo rural, \u00abuna de las joyas\u00bb que tiene el territorio. As\u00ed lo han avanzado este viernes en rueda de prensa<\/p>\n","protected":false},"author":1,"featured_media":60776,"comment_status":"open","ping_status":"closed","sticky":false,"template":"","format":"standard","meta":{"footnotes":""},"categories":[224],"tags":[],"class_list":{"0":"post-60775","1":"post","2":"type-post","3":"status-publish","4":"format-standard","5":"has-post-thumbnail","7":"category-noticias-actualidad"},"aioseo_notices":[],"aioseo_head":"\n\t\t<!-- All in One SEO Pro 4.9.6.1 - aioseo.com -->\n\t<meta name=\"description\" content=\"Navarra mostrar\u00e1 en la Feria Internacional de Turismo Fitur, que se celebrar\u00e1 del 20 al 24 de enero en Madrid, la variedad paisaj\u00edstica, cultural, gastron\u00f3mica y deportiva de la Comunidad foral y destacar\u00e1 especialmente el turismo rural, &quot;una de las joyas&quot; que tiene el territorio. As\u00ed lo han avanzado este viernes en rueda de prensa\" \/>\n\t<meta name=\"robots\" content=\"max-image-preview:large\" \/>\n\t<meta name=\"author\" content=\"admin\"\/>\n\t<meta name=\"google-site-verification\" content=\"UA-38556648-1\" \/>\n\t<meta name=\"keywords\" content=\"noticias y actualidad\" \/>\n\t<link rel=\"canonical\" href=\"https:\/\/eldigitaldeasturias.com\/magazine365\/navarra-mostrara-en-fitur-2016-su-variedad-paisajistica-cultural-y-gastronomica\/\" \/>\n\t<meta name=\"generator\" content=\"All in One SEO Pro (AIOSEO) 4.9.6.1\" \/>\n\t\t<meta property=\"og:locale\" content=\"es_ES\" \/>\n\t\t<meta property=\"og:site_name\" content=\"El Digital de Asturias \u2013 Revista de ocio, turismo y estilo de vida\" \/>\n\t\t<meta property=\"og:type\" content=\"article\" \/>\n\t\t<meta property=\"og:title\" content=\"Navarra mostrar\u00e1 en Fitur 2016 su variedad paisaj\u00edstica, cultural y gastron\u00f3mica | El Digital de Asturias\" \/>\n\t\t<meta property=\"og:description\" content=\"Navarra mostrar\u00e1 en la Feria Internacional de Turismo Fitur, que se celebrar\u00e1 del 20 al 24 de enero en Madrid, la variedad paisaj\u00edstica, cultural, gastron\u00f3mica y deportiva de la Comunidad foral y destacar\u00e1 especialmente el turismo rural, &quot;una de las joyas&quot; que tiene el territorio. As\u00ed lo han avanzado este viernes en rueda de prensa\" \/>\n\t\t<meta property=\"og:url\" content=\"https:\/\/eldigitaldeasturias.com\/magazine365\/navarra-mostrara-en-fitur-2016-su-variedad-paisajistica-cultural-y-gastronomica\/\" \/>\n\t\t<meta property=\"og:image\" content=\"https:\/\/eldigitaldeasturias.com\/magazine365\/wp-content\/uploads\/2016\/01\/fotonoticia_20160115115340_800.jpg\" \/>\n\t\t<meta property=\"og:image:secure_url\" content=\"https:\/\/eldigitaldeasturias.com\/magazine365\/wp-content\/uploads\/2016\/01\/fotonoticia_20160115115340_800.jpg\" \/>\n\t\t<meta property=\"og:image:width\" content=\"800\" \/>\n\t\t<meta property=\"og:image:height\" content=\"533\" \/>\n\t\t<meta property=\"article:published_time\" content=\"2016-01-15T15:43:03+00:00\" \/>\n\t\t<meta property=\"article:modified_time\" content=\"2016-01-15T15:43:03+00:00\" \/>\n\t\t<meta name=\"twitter:card\" content=\"summary_large_image\" \/>\n\t\t<meta name=\"twitter:title\" content=\"Navarra mostrar\u00e1 en Fitur 2016 su variedad paisaj\u00edstica, cultural y gastron\u00f3mica | El Digital de Asturias\" \/>\n\t\t<meta name=\"twitter:description\" content=\"Navarra mostrar\u00e1 en la Feria Internacional de Turismo Fitur, que se celebrar\u00e1 del 20 al 24 de enero en Madrid, la variedad paisaj\u00edstica, cultural, gastron\u00f3mica y deportiva de la Comunidad foral y destacar\u00e1 especialmente el turismo rural, &quot;una de las joyas&quot; que tiene el territorio. As\u00ed lo han avanzado este viernes en rueda de prensa\" \/>\n\t\t<meta name=\"twitter:image\" content=\"https:\/\/eldigitaldeasturias.com\/magazine365\/wp-content\/uploads\/2016\/01\/fotonoticia_20160115115340_800.jpg\" \/>\n\t\t<script type=\"application\/ld+json\" class=\"aioseo-schema\">\n\t\t\t{\"@context\":\"https:\\\/\\\/schema.org\",\"@graph\":[{\"@type\":\"Article\",\"@id\":\"https:\\\/\\\/eldigitaldeasturias.com\\\/magazine365\\\/navarra-mostrara-en-fitur-2016-su-variedad-paisajistica-cultural-y-gastronomica\\\/#article\",\"name\":\"Navarra mostrar\\u00e1 en Fitur 2016 su variedad paisaj\\u00edstica, cultural y gastron\\u00f3mica | El Digital de Asturias\",\"headline\":\"Navarra mostrar\\u00e1 en Fitur 2016 su variedad paisaj\\u00edstica, cultural y gastron\\u00f3mica\",\"author\":{\"@id\":\"https:\\\/\\\/eldigitaldeasturias.com\\\/magazine365\\\/author\\\/admin\\\/#author\"},\"publisher\":{\"@id\":\"https:\\\/\\\/eldigitaldeasturias.com\\\/magazine365\\\/#organization\"},\"image\":{\"@type\":\"ImageObject\",\"url\":\"https:\\\/\\\/eldigitaldeasturias.com\\\/magazine365\\\/wp-content\\\/uploads\\\/2016\\\/01\\\/fotonoticia_20160115115340_800.jpg\",\"width\":800,\"height\":533},\"datePublished\":\"2016-01-15T16:43:03+01:00\",\"dateModified\":\"2016-01-15T16:43:03+01:00\",\"inLanguage\":\"es-ES\",\"mainEntityOfPage\":{\"@id\":\"https:\\\/\\\/eldigitaldeasturias.com\\\/magazine365\\\/navarra-mostrara-en-fitur-2016-su-variedad-paisajistica-cultural-y-gastronomica\\\/#webpage\"},\"isPartOf\":{\"@id\":\"https:\\\/\\\/eldigitaldeasturias.com\\\/magazine365\\\/navarra-mostrara-en-fitur-2016-su-variedad-paisajistica-cultural-y-gastronomica\\\/#webpage\"},\"articleSection\":\"Noticias y Actualidad\"},{\"@type\":\"BreadcrumbList\",\"@id\":\"https:\\\/\\\/eldigitaldeasturias.com\\\/magazine365\\\/navarra-mostrara-en-fitur-2016-su-variedad-paisajistica-cultural-y-gastronomica\\\/#breadcrumblist\",\"itemListElement\":[{\"@type\":\"ListItem\",\"@id\":\"https:\\\/\\\/eldigitaldeasturias.com\\\/magazine365#listItem\",\"position\":1,\"name\":\"Home\",\"item\":\"https:\\\/\\\/eldigitaldeasturias.com\\\/magazine365\",\"nextItem\":{\"@type\":\"ListItem\",\"@id\":\"https:\\\/\\\/eldigitaldeasturias.com\\\/magazine365\\\/category\\\/noticias-actualidad\\\/#listItem\",\"name\":\"Noticias y Actualidad\"}},{\"@type\":\"ListItem\",\"@id\":\"https:\\\/\\\/eldigitaldeasturias.com\\\/magazine365\\\/category\\\/noticias-actualidad\\\/#listItem\",\"position\":2,\"name\":\"Noticias y Actualidad\",\"item\":\"https:\\\/\\\/eldigitaldeasturias.com\\\/magazine365\\\/category\\\/noticias-actualidad\\\/\",\"nextItem\":{\"@type\":\"ListItem\",\"@id\":\"https:\\\/\\\/eldigitaldeasturias.com\\\/magazine365\\\/navarra-mostrara-en-fitur-2016-su-variedad-paisajistica-cultural-y-gastronomica\\\/#listItem\",\"name\":\"Navarra mostrar\\u00e1 en Fitur 2016 su variedad paisaj\\u00edstica, cultural y gastron\\u00f3mica\"},\"previousItem\":{\"@type\":\"ListItem\",\"@id\":\"https:\\\/\\\/eldigitaldeasturias.com\\\/magazine365#listItem\",\"name\":\"Home\"}},{\"@type\":\"ListItem\",\"@id\":\"https:\\\/\\\/eldigitaldeasturias.com\\\/magazine365\\\/navarra-mostrara-en-fitur-2016-su-variedad-paisajistica-cultural-y-gastronomica\\\/#listItem\",\"position\":3,\"name\":\"Navarra mostrar\\u00e1 en Fitur 2016 su variedad paisaj\\u00edstica, cultural y gastron\\u00f3mica\",\"previousItem\":{\"@type\":\"ListItem\",\"@id\":\"https:\\\/\\\/eldigitaldeasturias.com\\\/magazine365\\\/category\\\/noticias-actualidad\\\/#listItem\",\"name\":\"Noticias y Actualidad\"}}]},{\"@type\":\"Organization\",\"@id\":\"https:\\\/\\\/eldigitaldeasturias.com\\\/magazine365\\\/#organization\",\"name\":\"El digital de Asturias\",\"description\":\"Revista de ocio, turismo y estilo de vida\",\"url\":\"https:\\\/\\\/eldigitaldeasturias.com\\\/magazine365\\\/\",\"logo\":{\"@type\":\"ImageObject\",\"url\":\"https:\\\/\\\/www.eldigitaldeasturias.com\\\/noticias\\\/wp-content\\\/uploads\\\/2020\\\/12\\\/EDA.jpg\",\"@id\":\"https:\\\/\\\/eldigitaldeasturias.com\\\/magazine365\\\/navarra-mostrara-en-fitur-2016-su-variedad-paisajistica-cultural-y-gastronomica\\\/#organizationLogo\"},\"image\":{\"@id\":\"https:\\\/\\\/eldigitaldeasturias.com\\\/magazine365\\\/navarra-mostrara-en-fitur-2016-su-variedad-paisajistica-cultural-y-gastronomica\\\/#organizationLogo\"}},{\"@type\":\"Person\",\"@id\":\"https:\\\/\\\/eldigitaldeasturias.com\\\/magazine365\\\/author\\\/admin\\\/#author\",\"url\":\"https:\\\/\\\/eldigitaldeasturias.com\\\/magazine365\\\/author\\\/admin\\\/\",\"name\":\"admin\",\"image\":{\"@type\":\"ImageObject\",\"@id\":\"https:\\\/\\\/eldigitaldeasturias.com\\\/magazine365\\\/navarra-mostrara-en-fitur-2016-su-variedad-paisajistica-cultural-y-gastronomica\\\/#authorImage\",\"url\":\"https:\\\/\\\/eldigitaldeasturias.com\\\/magazine365\\\/wp-content\\\/litespeed\\\/avatar\\\/e571bcf59a0edd6fa6838245a470f2fe.jpg?ver=1777574230\",\"width\":96,\"height\":96,\"caption\":\"admin\"}},{\"@type\":\"WebPage\",\"@id\":\"https:\\\/\\\/eldigitaldeasturias.com\\\/magazine365\\\/navarra-mostrara-en-fitur-2016-su-variedad-paisajistica-cultural-y-gastronomica\\\/#webpage\",\"url\":\"https:\\\/\\\/eldigitaldeasturias.com\\\/magazine365\\\/navarra-mostrara-en-fitur-2016-su-variedad-paisajistica-cultural-y-gastronomica\\\/\",\"name\":\"Navarra mostrar\\u00e1 en Fitur 2016 su variedad paisaj\\u00edstica, cultural y gastron\\u00f3mica | El Digital de Asturias\",\"description\":\"Navarra mostrar\\u00e1 en la Feria Internacional de Turismo Fitur, que se celebrar\\u00e1 del 20 al 24 de enero en Madrid, la variedad paisaj\\u00edstica, cultural, gastron\\u00f3mica y deportiva de la Comunidad foral y destacar\\u00e1 especialmente el turismo rural, \\\"una de las joyas\\\" que tiene el territorio. As\\u00ed lo han avanzado este viernes en rueda de prensa\",\"inLanguage\":\"es-ES\",\"isPartOf\":{\"@id\":\"https:\\\/\\\/eldigitaldeasturias.com\\\/magazine365\\\/#website\"},\"breadcrumb\":{\"@id\":\"https:\\\/\\\/eldigitaldeasturias.com\\\/magazine365\\\/navarra-mostrara-en-fitur-2016-su-variedad-paisajistica-cultural-y-gastronomica\\\/#breadcrumblist\"},\"author\":{\"@id\":\"https:\\\/\\\/eldigitaldeasturias.com\\\/magazine365\\\/author\\\/admin\\\/#author\"},\"creator\":{\"@id\":\"https:\\\/\\\/eldigitaldeasturias.com\\\/magazine365\\\/author\\\/admin\\\/#author\"},\"image\":{\"@type\":\"ImageObject\",\"url\":\"https:\\\/\\\/eldigitaldeasturias.com\\\/magazine365\\\/wp-content\\\/uploads\\\/2016\\\/01\\\/fotonoticia_20160115115340_800.jpg\",\"@id\":\"https:\\\/\\\/eldigitaldeasturias.com\\\/magazine365\\\/navarra-mostrara-en-fitur-2016-su-variedad-paisajistica-cultural-y-gastronomica\\\/#mainImage\",\"width\":800,\"height\":533},\"primaryImageOfPage\":{\"@id\":\"https:\\\/\\\/eldigitaldeasturias.com\\\/magazine365\\\/navarra-mostrara-en-fitur-2016-su-variedad-paisajistica-cultural-y-gastronomica\\\/#mainImage\"},\"datePublished\":\"2016-01-15T16:43:03+01:00\",\"dateModified\":\"2016-01-15T16:43:03+01:00\"},{\"@type\":\"WebSite\",\"@id\":\"https:\\\/\\\/eldigitaldeasturias.com\\\/magazine365\\\/#website\",\"url\":\"https:\\\/\\\/eldigitaldeasturias.com\\\/magazine365\\\/\",\"name\":\"El Digital de Asturias\",\"description\":\"Revista de ocio, turismo y estilo de vida\",\"inLanguage\":\"es-ES\",\"publisher\":{\"@id\":\"https:\\\/\\\/eldigitaldeasturias.com\\\/magazine365\\\/#organization\"}}]}\n\t\t<\/script>\n\t\t<!-- All in One SEO Pro -->\r\n\t\t<title>Navarra mostrar\u00e1 en Fitur 2016 su variedad paisaj\u00edstica, cultural y gastron\u00f3mica | El Digital de Asturias<\/title>\n\n","aioseo_head_json":{"title":"Navarra mostrar\u00e1 en Fitur 2016 su variedad paisaj\u00edstica, cultural y gastron\u00f3mica | El Digital de Asturias","description":"Navarra mostrar\u00e1 en la Feria Internacional de Turismo Fitur, que se celebrar\u00e1 del 20 al 24 de enero en Madrid, la variedad paisaj\u00edstica, cultural, gastron\u00f3mica y deportiva de la Comunidad foral y destacar\u00e1 especialmente el turismo rural, \"una de las joyas\" que tiene el territorio. As\u00ed lo han avanzado este viernes en rueda de prensa","canonical_url":"https:\/\/eldigitaldeasturias.com\/magazine365\/navarra-mostrara-en-fitur-2016-su-variedad-paisajistica-cultural-y-gastronomica\/","robots":"max-image-preview:large","keywords":"noticias y actualidad","webmasterTools":{"google-site-verification":"UA-38556648-1","miscellaneous":""},"schema":{"@context":"https:\/\/schema.org","@graph":[{"@type":"Article","@id":"https:\/\/eldigitaldeasturias.com\/magazine365\/navarra-mostrara-en-fitur-2016-su-variedad-paisajistica-cultural-y-gastronomica\/#article","name":"Navarra mostrar\u00e1 en Fitur 2016 su variedad paisaj\u00edstica, cultural y gastron\u00f3mica | El Digital de Asturias","headline":"Navarra mostrar\u00e1 en Fitur 2016 su variedad paisaj\u00edstica, cultural y gastron\u00f3mica","author":{"@id":"https:\/\/eldigitaldeasturias.com\/magazine365\/author\/admin\/#author"},"publisher":{"@id":"https:\/\/eldigitaldeasturias.com\/magazine365\/#organization"},"image":{"@type":"ImageObject","url":"https:\/\/eldigitaldeasturias.com\/magazine365\/wp-content\/uploads\/2016\/01\/fotonoticia_20160115115340_800.jpg","width":800,"height":533},"datePublished":"2016-01-15T16:43:03+01:00","dateModified":"2016-01-15T16:43:03+01:00","inLanguage":"es-ES","mainEntityOfPage":{"@id":"https:\/\/eldigitaldeasturias.com\/magazine365\/navarra-mostrara-en-fitur-2016-su-variedad-paisajistica-cultural-y-gastronomica\/#webpage"},"isPartOf":{"@id":"https:\/\/eldigitaldeasturias.com\/magazine365\/navarra-mostrara-en-fitur-2016-su-variedad-paisajistica-cultural-y-gastronomica\/#webpage"},"articleSection":"Noticias y Actualidad"},{"@type":"BreadcrumbList","@id":"https:\/\/eldigitaldeasturias.com\/magazine365\/navarra-mostrara-en-fitur-2016-su-variedad-paisajistica-cultural-y-gastronomica\/#breadcrumblist","itemListElement":[{"@type":"ListItem","@id":"https:\/\/eldigitaldeasturias.com\/magazine365#listItem","position":1,"name":"Home","item":"https:\/\/eldigitaldeasturias.com\/magazine365","nextItem":{"@type":"ListItem","@id":"https:\/\/eldigitaldeasturias.com\/magazine365\/category\/noticias-actualidad\/#listItem","name":"Noticias y Actualidad"}},{"@type":"ListItem","@id":"https:\/\/eldigitaldeasturias.com\/magazine365\/category\/noticias-actualidad\/#listItem","position":2,"name":"Noticias y Actualidad","item":"https:\/\/eldigitaldeasturias.com\/magazine365\/category\/noticias-actualidad\/","nextItem":{"@type":"ListItem","@id":"https:\/\/eldigitaldeasturias.com\/magazine365\/navarra-mostrara-en-fitur-2016-su-variedad-paisajistica-cultural-y-gastronomica\/#listItem","name":"Navarra mostrar\u00e1 en Fitur 2016 su variedad paisaj\u00edstica, cultural y gastron\u00f3mica"},"previousItem":{"@type":"ListItem","@id":"https:\/\/eldigitaldeasturias.com\/magazine365#listItem","name":"Home"}},{"@type":"ListItem","@id":"https:\/\/eldigitaldeasturias.com\/magazine365\/navarra-mostrara-en-fitur-2016-su-variedad-paisajistica-cultural-y-gastronomica\/#listItem","position":3,"name":"Navarra mostrar\u00e1 en Fitur 2016 su variedad paisaj\u00edstica, cultural y gastron\u00f3mica","previousItem":{"@type":"ListItem","@id":"https:\/\/eldigitaldeasturias.com\/magazine365\/category\/noticias-actualidad\/#listItem","name":"Noticias y Actualidad"}}]},{"@type":"Organization","@id":"https:\/\/eldigitaldeasturias.com\/magazine365\/#organization","name":"El digital de Asturias","description":"Revista de ocio, turismo y estilo de vida","url":"https:\/\/eldigitaldeasturias.com\/magazine365\/","logo":{"@type":"ImageObject","url":"https:\/\/www.eldigitaldeasturias.com\/noticias\/wp-content\/uploads\/2020\/12\/EDA.jpg","@id":"https:\/\/eldigitaldeasturias.com\/magazine365\/navarra-mostrara-en-fitur-2016-su-variedad-paisajistica-cultural-y-gastronomica\/#organizationLogo"},"image":{"@id":"https:\/\/eldigitaldeasturias.com\/magazine365\/navarra-mostrara-en-fitur-2016-su-variedad-paisajistica-cultural-y-gastronomica\/#organizationLogo"}},{"@type":"Person","@id":"https:\/\/eldigitaldeasturias.com\/magazine365\/author\/admin\/#author","url":"https:\/\/eldigitaldeasturias.com\/magazine365\/author\/admin\/","name":"admin","image":{"@type":"ImageObject","@id":"https:\/\/eldigitaldeasturias.com\/magazine365\/navarra-mostrara-en-fitur-2016-su-variedad-paisajistica-cultural-y-gastronomica\/#authorImage","url":"https:\/\/eldigitaldeasturias.com\/magazine365\/wp-content\/litespeed\/avatar\/e571bcf59a0edd6fa6838245a470f2fe.jpg?ver=1777574230","width":96,"height":96,"caption":"admin"}},{"@type":"WebPage","@id":"https:\/\/eldigitaldeasturias.com\/magazine365\/navarra-mostrara-en-fitur-2016-su-variedad-paisajistica-cultural-y-gastronomica\/#webpage","url":"https:\/\/eldigitaldeasturias.com\/magazine365\/navarra-mostrara-en-fitur-2016-su-variedad-paisajistica-cultural-y-gastronomica\/","name":"Navarra mostrar\u00e1 en Fitur 2016 su variedad paisaj\u00edstica, cultural y gastron\u00f3mica | El Digital de Asturias","description":"Navarra mostrar\u00e1 en la Feria Internacional de Turismo Fitur, que se celebrar\u00e1 del 20 al 24 de enero en Madrid, la variedad paisaj\u00edstica, cultural, gastron\u00f3mica y deportiva de la Comunidad foral y destacar\u00e1 especialmente el turismo rural, \"una de las joyas\" que tiene el territorio. As\u00ed lo han avanzado este viernes en rueda de prensa","inLanguage":"es-ES","isPartOf":{"@id":"https:\/\/eldigitaldeasturias.com\/magazine365\/#website"},"breadcrumb":{"@id":"https:\/\/eldigitaldeasturias.com\/magazine365\/navarra-mostrara-en-fitur-2016-su-variedad-paisajistica-cultural-y-gastronomica\/#breadcrumblist"},"author":{"@id":"https:\/\/eldigitaldeasturias.com\/magazine365\/author\/admin\/#author"},"creator":{"@id":"https:\/\/eldigitaldeasturias.com\/magazine365\/author\/admin\/#author"},"image":{"@type":"ImageObject","url":"https:\/\/eldigitaldeasturias.com\/magazine365\/wp-content\/uploads\/2016\/01\/fotonoticia_20160115115340_800.jpg","@id":"https:\/\/eldigitaldeasturias.com\/magazine365\/navarra-mostrara-en-fitur-2016-su-variedad-paisajistica-cultural-y-gastronomica\/#mainImage","width":800,"height":533},"primaryImageOfPage":{"@id":"https:\/\/eldigitaldeasturias.com\/magazine365\/navarra-mostrara-en-fitur-2016-su-variedad-paisajistica-cultural-y-gastronomica\/#mainImage"},"datePublished":"2016-01-15T16:43:03+01:00","dateModified":"2016-01-15T16:43:03+01:00"},{"@type":"WebSite","@id":"https:\/\/eldigitaldeasturias.com\/magazine365\/#website","url":"https:\/\/eldigitaldeasturias.com\/magazine365\/","name":"El Digital de Asturias","description":"Revista de ocio, turismo y estilo de vida","inLanguage":"es-ES","publisher":{"@id":"https:\/\/eldigitaldeasturias.com\/magazine365\/#organization"}}]},"og:locale":"es_ES","og:site_name":"El Digital de Asturias \u2013 Revista de ocio, turismo y estilo de vida","og:type":"article","og:title":"Navarra mostrar\u00e1 en Fitur 2016 su variedad paisaj\u00edstica, cultural y gastron\u00f3mica | El Digital de Asturias","og:description":"Navarra mostrar\u00e1 en la Feria Internacional de Turismo Fitur, que se celebrar\u00e1 del 20 al 24 de enero en Madrid, la variedad paisaj\u00edstica, cultural, gastron\u00f3mica y deportiva de la Comunidad foral y destacar\u00e1 especialmente el turismo rural, &quot;una de las joyas&quot; que tiene el territorio. As\u00ed lo han avanzado este viernes en rueda de prensa","og:url":"https:\/\/eldigitaldeasturias.com\/magazine365\/navarra-mostrara-en-fitur-2016-su-variedad-paisajistica-cultural-y-gastronomica\/","og:image":"https:\/\/eldigitaldeasturias.com\/magazine365\/wp-content\/uploads\/2016\/01\/fotonoticia_20160115115340_800.jpg","og:image:secure_url":"https:\/\/eldigitaldeasturias.com\/magazine365\/wp-content\/uploads\/2016\/01\/fotonoticia_20160115115340_800.jpg","og:image:width":800,"og:image:height":533,"article:published_time":"2016-01-15T15:43:03+00:00","article:modified_time":"2016-01-15T15:43:03+00:00","twitter:card":"summary_large_image","twitter:title":"Navarra mostrar\u00e1 en Fitur 2016 su variedad paisaj\u00edstica, cultural y gastron\u00f3mica | El Digital de Asturias","twitter:description":"Navarra mostrar\u00e1 en la Feria Internacional de Turismo Fitur, que se celebrar\u00e1 del 20 al 24 de enero en Madrid, la variedad paisaj\u00edstica, cultural, gastron\u00f3mica y deportiva de la Comunidad foral y destacar\u00e1 especialmente el turismo rural, &quot;una de las joyas&quot; que tiene el territorio. As\u00ed lo han avanzado este viernes en rueda de prensa","twitter:image":"https:\/\/eldigitaldeasturias.com\/magazine365\/wp-content\/uploads\/2016\/01\/fotonoticia_20160115115340_800.jpg"},"aioseo_meta_data":{"post_id":"60775","title":null,"description":null,"keywords":null,"keyphrases":null,"primary_term":null,"canonical_url":null,"og_title":null,"og_description":null,"og_object_type":"default","og_image_type":"default","og_image_url":null,"og_image_width":null,"og_image_height":null,"og_image_custom_url":null,"og_image_custom_fields":null,"og_video":null,"og_custom_url":null,"og_article_section":null,"og_article_tags":null,"twitter_use_og":false,"twitter_card":"default","twitter_image_type":"default","twitter_image_url":null,"twitter_image_custom_url":null,"twitter_image_custom_fields":null,"twitter_title":null,"twitter_description":null,"schema":{"blockGraphs":[],"customGraphs":[],"default":{"data":{"Article":[],"Course":[],"Dataset":[],"FAQPage":[],"Movie":[],"Person":[],"Product":[],"ProductReview":[],"Car":[],"Recipe":[],"Service":[],"SoftwareApplication":[],"WebPage":[]},"graphName":"","isEnabled":true},"graphs":[],"defaultGraph":"","defaultPostTypeGraph":""},"schema_type":null,"schema_type_options":null,"pillar_content":false,"robots_default":true,"robots_noindex":false,"robots_noarchive":false,"robots_nosnippet":false,"robots_nofollow":false,"robots_noimageindex":false,"robots_noodp":false,"robots_notranslate":false,"robots_max_snippet":null,"robots_max_videopreview":null,"robots_max_imagepreview":"large","priority":null,"frequency":null,"location":null,"local_seo":null,"seo_analyzer_scan_date":"2025-09-25 07:32:48","breadcrumb_settings":null,"limit_modified_date":false,"open_ai":null,"ai":null,"created":"2021-03-08 21:56:18","updated":"2025-09-25 07:32:48"},"aioseo_breadcrumb":"<div class=\"aioseo-breadcrumbs\"><span class=\"aioseo-breadcrumb\">\n\t<a href=\"https:\/\/eldigitaldeasturias.com\/magazine365\" title=\"Home\">Home<\/a>\n<\/span><span class=\"aioseo-breadcrumb-separator\">\u2013<\/span><span class=\"aioseo-breadcrumb\">\n\t<a href=\"https:\/\/eldigitaldeasturias.com\/magazine365\/category\/noticias-actualidad\/\" title=\"Noticias y Actualidad\">Noticias y Actualidad<\/a>\n<\/span><span class=\"aioseo-breadcrumb-separator\">\u2013<\/span><span class=\"aioseo-breadcrumb\">\n\t<a href=\"https:\/\/eldigitaldeasturias.com\/magazine365\/navarra-mostrara-en-fitur-2016-su-variedad-paisajistica-cultural-y-gastronomica\/\" title=\"Navarra mostrar\u00e1 en Fitur 2016 su variedad paisaj\u00edstica, cultural y gastron\u00f3mica\">Navarra mostrar\u00e1 en Fitur 2016 su variedad paisaj\u00edstica, cultural y gastron\u00f3mica<\/a>\n<\/span><\/div>","aioseo_breadcrumb_json":[{"label":"Home","link":"https:\/\/eldigitaldeasturias.com\/magazine365"},{"label":"Noticias y Actualidad","link":"https:\/\/eldigitaldeasturias.com\/magazine365\/category\/noticias-actualidad\/"},{"label":"Navarra mostrar\u00e1 en Fitur 2016 su variedad paisaj\u00edstica, cultural y gastron\u00f3mica","link":"https:\/\/eldigitaldeasturias.com\/magazine365\/navarra-mostrara-en-fitur-2016-su-variedad-paisajistica-cultural-y-gastronomica\/"}],"_links":{"self":[{"href":"https:\/\/eldigitaldeasturias.com\/magazine365\/wp-json\/wp\/v2\/posts\/60775","targetHints":{"allow":["GET"]}}],"collection":[{"href":"https:\/\/eldigitaldeasturias.com\/magazine365\/wp-json\/wp\/v2\/posts"}],"about":[{"href":"https:\/\/eldigitaldeasturias.com\/magazine365\/wp-json\/wp\/v2\/types\/post"}],"author":[{"embeddable":true,"href":"https:\/\/eldigitaldeasturias.com\/magazine365\/wp-json\/wp\/v2\/users\/1"}],"replies":[{"embeddable":true,"href":"https:\/\/eldigitaldeasturias.com\/magazine365\/wp-json\/wp\/v2\/comments?post=60775"}],"version-history":[{"count":0,"href":"https:\/\/eldigitaldeasturias.com\/magazine365\/wp-json\/wp\/v2\/posts\/60775\/revisions"}],"wp:featuredmedia":[{"embeddable":true,"href":"https:\/\/eldigitaldeasturias.com\/magazine365\/wp-json\/wp\/v2\/media\/60776"}],"wp:attachment":[{"href":"https:\/\/eldigitaldeasturias.com\/magazine365\/wp-json\/wp\/v2\/media?parent=60775"}],"wp:term":[{"taxonomy":"category","embeddable":true,"href":"https:\/\/eldigitaldeasturias.com\/magazine365\/wp-json\/wp\/v2\/categories?post=60775"},{"taxonomy":"post_tag","embeddable":true,"href":"https:\/\/eldigitaldeasturias.com\/magazine365\/wp-json\/wp\/v2\/tags?post=60775"}],"curies":[{"name":"wp","href":"https:\/\/api.w.org\/{rel}","templated":true}]}}