{"id":60772,"date":"2016-01-15T16:42:05","date_gmt":"2016-01-15T15:42:05","guid":{"rendered":"http:\/\/eldigitaldeasturias.com\/magazine365\/?p=60772"},"modified":"2016-01-15T16:42:05","modified_gmt":"2016-01-15T15:42:05","slug":"air-europa-lanza-una-promocion-con-vuelos-nacionales-desde-29-euros","status":"publish","type":"post","link":"https:\/\/eldigitaldeasturias.com\/magazine365\/air-europa-lanza-una-promocion-con-vuelos-nacionales-desde-29-euros\/","title":{"rendered":"Air Europa lanza una promoci\u00f3n con vuelos nacionales desde 29 euros"},"content":{"rendered":"<p><img fetchpriority=\"high\" decoding=\"async\" class=\"alignleft size-medium wp-image-60773\" src=\"https:\/\/eldigitaldeasturias.com\/magazine365\/wp-content\/uploads\/2016\/01\/fotonoticia_20160115115024_800-360x288.jpg\" alt=\"fotonoticia_20160115115024_800\" width=\"360\" height=\"288\" srcset=\"https:\/\/eldigitaldeasturias.com\/magazine365\/wp-content\/uploads\/2016\/01\/fotonoticia_20160115115024_800-360x288.jpg 360w, https:\/\/eldigitaldeasturias.com\/magazine365\/wp-content\/uploads\/2016\/01\/fotonoticia_20160115115024_800-650x520.jpg 650w, https:\/\/eldigitaldeasturias.com\/magazine365\/wp-content\/uploads\/2016\/01\/fotonoticia_20160115115024_800-768x614.jpg 768w, https:\/\/eldigitaldeasturias.com\/magazine365\/wp-content\/uploads\/2016\/01\/fotonoticia_20160115115024_800-150x120.jpg 150w, https:\/\/eldigitaldeasturias.com\/magazine365\/wp-content\/uploads\/2016\/01\/fotonoticia_20160115115024_800-450x360.jpg 450w, https:\/\/eldigitaldeasturias.com\/magazine365\/wp-content\/uploads\/2016\/01\/fotonoticia_20160115115024_800-696x557.jpg 696w, https:\/\/eldigitaldeasturias.com\/magazine365\/wp-content\/uploads\/2016\/01\/fotonoticia_20160115115024_800-525x420.jpg 525w, https:\/\/eldigitaldeasturias.com\/magazine365\/wp-content\/uploads\/2016\/01\/fotonoticia_20160115115024_800.jpg 800w\" sizes=\"(max-width: 360px) 100vw, 360px\" \/>Air Europa ha anunciado el lanzamiento de una nueva oferta promocional con la que los clientes que deseen volar con la aerol\u00ednea podr\u00e1n conseguir billetes desde 29 euros por trayecto, comprando ida y vuelta.<\/p>\n<p>La nueva campa\u00f1a engloba vuelos peninsulares, a Baleares y a Melilla desde 29 euros y vuelos a Canarias a partir de 39 euros. Adem\u00e1s, el precio incluye la franquicia de un equipaje en bodega gratuito.<\/p>\n<p>La promoci\u00f3n es v\u00e1lida para comprar hasta el pr\u00f3ximo 25 de enero y para volar con salida desde este viernes hasta el 10 de junio, y regreso hasta el 26 de dicho mes.<\/p>\n<p>Igualmente, Air Europa oferta vuelos a Bruselas, Frankfurt y M\u00fanich desde 39 euros por trayecto, comprando ida y vuelta; y desde 49 euros al resto de Europa. Estos vuelos, con salidas desde Madrid, pueden ser adquiridos hasta el pr\u00f3ximo 25 de enero y permiten volar desde este viernes hasta el 16 de junio y regreso hasta el 26 de ese mismo mes.<\/p>\n<p>Para estas mismas fechas, por lo que se refiere tanto a la adquisici\u00f3n de billetes como a la salida y llegada del vuelo, Air Europa ha lanzado tambi\u00e9n una campa\u00f1a para viajar desde Madrid a Estados Unidos a partir de 224 euros por trayecto y, desde 279 euros al resto del continente americano, incluyendo en todos ellos la facturaci\u00f3n de una maleta y comprando ida y vuelta.<\/p>\n","protected":false},"excerpt":{"rendered":"<p>Air Europa ha anunciado el lanzamiento de una nueva oferta promocional con la que los clientes que deseen volar con la aerol\u00ednea podr\u00e1n conseguir billetes desde 29 euros por trayecto, comprando ida y vuelta. La nueva campa\u00f1a engloba vuelos peninsulares, a Baleares y a Melilla desde 29 euros y vuelos a Canarias a partir de<\/p>\n","protected":false},"author":1,"featured_media":60773,"comment_status":"open","ping_status":"closed","sticky":false,"template":"","format":"standard","meta":{"footnotes":""},"categories":[224],"tags":[],"class_list":{"0":"post-60772","1":"post","2":"type-post","3":"status-publish","4":"format-standard","5":"has-post-thumbnail","7":"category-noticias-actualidad"},"aioseo_notices":[],"aioseo_head":"\n\t\t<!-- All in One SEO Pro 4.9.6.1 - aioseo.com -->\n\t<meta name=\"description\" content=\"Air Europa ha anunciado el lanzamiento de una nueva oferta promocional con la que los clientes que deseen volar con la aerol\u00ednea podr\u00e1n conseguir billetes desde 29 euros por trayecto, comprando ida y vuelta. La nueva campa\u00f1a engloba vuelos peninsulares, a Baleares y a Melilla desde 29 euros y vuelos a Canarias a partir de\" \/>\n\t<meta name=\"robots\" content=\"max-image-preview:large\" \/>\n\t<meta name=\"author\" content=\"admin\"\/>\n\t<meta name=\"google-site-verification\" content=\"UA-38556648-1\" \/>\n\t<meta name=\"keywords\" content=\"noticias y actualidad\" \/>\n\t<link rel=\"canonical\" href=\"https:\/\/eldigitaldeasturias.com\/magazine365\/air-europa-lanza-una-promocion-con-vuelos-nacionales-desde-29-euros\/\" \/>\n\t<meta name=\"generator\" content=\"All in One SEO Pro (AIOSEO) 4.9.6.1\" \/>\n\t\t<meta property=\"og:locale\" content=\"es_ES\" \/>\n\t\t<meta property=\"og:site_name\" content=\"El Digital de Asturias \u2013 Revista de ocio, turismo y estilo de vida\" \/>\n\t\t<meta property=\"og:type\" content=\"article\" \/>\n\t\t<meta property=\"og:title\" content=\"Air Europa lanza una promoci\u00f3n con vuelos nacionales desde 29 euros | El Digital de Asturias\" \/>\n\t\t<meta property=\"og:description\" content=\"Air Europa ha anunciado el lanzamiento de una nueva oferta promocional con la que los clientes que deseen volar con la aerol\u00ednea podr\u00e1n conseguir billetes desde 29 euros por trayecto, comprando ida y vuelta. La nueva campa\u00f1a engloba vuelos peninsulares, a Baleares y a Melilla desde 29 euros y vuelos a Canarias a partir de\" \/>\n\t\t<meta property=\"og:url\" content=\"https:\/\/eldigitaldeasturias.com\/magazine365\/air-europa-lanza-una-promocion-con-vuelos-nacionales-desde-29-euros\/\" \/>\n\t\t<meta property=\"og:image\" content=\"https:\/\/eldigitaldeasturias.com\/magazine365\/wp-content\/uploads\/2016\/01\/fotonoticia_20160115115024_800.jpg\" \/>\n\t\t<meta property=\"og:image:secure_url\" content=\"https:\/\/eldigitaldeasturias.com\/magazine365\/wp-content\/uploads\/2016\/01\/fotonoticia_20160115115024_800.jpg\" \/>\n\t\t<meta property=\"og:image:width\" content=\"800\" \/>\n\t\t<meta property=\"og:image:height\" content=\"640\" \/>\n\t\t<meta property=\"article:published_time\" content=\"2016-01-15T15:42:05+00:00\" \/>\n\t\t<meta property=\"article:modified_time\" content=\"2016-01-15T15:42:05+00:00\" \/>\n\t\t<meta name=\"twitter:card\" content=\"summary_large_image\" \/>\n\t\t<meta name=\"twitter:title\" content=\"Air Europa lanza una promoci\u00f3n con vuelos nacionales desde 29 euros | El Digital de Asturias\" \/>\n\t\t<meta name=\"twitter:description\" content=\"Air Europa ha anunciado el lanzamiento de una nueva oferta promocional con la que los clientes que deseen volar con la aerol\u00ednea podr\u00e1n conseguir billetes desde 29 euros por trayecto, comprando ida y vuelta. La nueva campa\u00f1a engloba vuelos peninsulares, a Baleares y a Melilla desde 29 euros y vuelos a Canarias a partir de\" \/>\n\t\t<meta name=\"twitter:image\" content=\"https:\/\/eldigitaldeasturias.com\/magazine365\/wp-content\/uploads\/2016\/01\/fotonoticia_20160115115024_800.jpg\" \/>\n\t\t<script type=\"application\/ld+json\" class=\"aioseo-schema\">\n\t\t\t{\"@context\":\"https:\\\/\\\/schema.org\",\"@graph\":[{\"@type\":\"Article\",\"@id\":\"https:\\\/\\\/eldigitaldeasturias.com\\\/magazine365\\\/air-europa-lanza-una-promocion-con-vuelos-nacionales-desde-29-euros\\\/#article\",\"name\":\"Air Europa lanza una promoci\\u00f3n con vuelos nacionales desde 29 euros | El Digital de Asturias\",\"headline\":\"Air Europa lanza una promoci\\u00f3n con vuelos nacionales desde 29 euros\",\"author\":{\"@id\":\"https:\\\/\\\/eldigitaldeasturias.com\\\/magazine365\\\/author\\\/admin\\\/#author\"},\"publisher\":{\"@id\":\"https:\\\/\\\/eldigitaldeasturias.com\\\/magazine365\\\/#organization\"},\"image\":{\"@type\":\"ImageObject\",\"url\":\"https:\\\/\\\/eldigitaldeasturias.com\\\/magazine365\\\/wp-content\\\/uploads\\\/2016\\\/01\\\/fotonoticia_20160115115024_800.jpg\",\"width\":800,\"height\":640},\"datePublished\":\"2016-01-15T16:42:05+01:00\",\"dateModified\":\"2016-01-15T16:42:05+01:00\",\"inLanguage\":\"es-ES\",\"mainEntityOfPage\":{\"@id\":\"https:\\\/\\\/eldigitaldeasturias.com\\\/magazine365\\\/air-europa-lanza-una-promocion-con-vuelos-nacionales-desde-29-euros\\\/#webpage\"},\"isPartOf\":{\"@id\":\"https:\\\/\\\/eldigitaldeasturias.com\\\/magazine365\\\/air-europa-lanza-una-promocion-con-vuelos-nacionales-desde-29-euros\\\/#webpage\"},\"articleSection\":\"Noticias y Actualidad\"},{\"@type\":\"BreadcrumbList\",\"@id\":\"https:\\\/\\\/eldigitaldeasturias.com\\\/magazine365\\\/air-europa-lanza-una-promocion-con-vuelos-nacionales-desde-29-euros\\\/#breadcrumblist\",\"itemListElement\":[{\"@type\":\"ListItem\",\"@id\":\"https:\\\/\\\/eldigitaldeasturias.com\\\/magazine365#listItem\",\"position\":1,\"name\":\"Home\",\"item\":\"https:\\\/\\\/eldigitaldeasturias.com\\\/magazine365\",\"nextItem\":{\"@type\":\"ListItem\",\"@id\":\"https:\\\/\\\/eldigitaldeasturias.com\\\/magazine365\\\/category\\\/noticias-actualidad\\\/#listItem\",\"name\":\"Noticias y Actualidad\"}},{\"@type\":\"ListItem\",\"@id\":\"https:\\\/\\\/eldigitaldeasturias.com\\\/magazine365\\\/category\\\/noticias-actualidad\\\/#listItem\",\"position\":2,\"name\":\"Noticias y Actualidad\",\"item\":\"https:\\\/\\\/eldigitaldeasturias.com\\\/magazine365\\\/category\\\/noticias-actualidad\\\/\",\"nextItem\":{\"@type\":\"ListItem\",\"@id\":\"https:\\\/\\\/eldigitaldeasturias.com\\\/magazine365\\\/air-europa-lanza-una-promocion-con-vuelos-nacionales-desde-29-euros\\\/#listItem\",\"name\":\"Air Europa lanza una promoci\\u00f3n con vuelos nacionales desde 29 euros\"},\"previousItem\":{\"@type\":\"ListItem\",\"@id\":\"https:\\\/\\\/eldigitaldeasturias.com\\\/magazine365#listItem\",\"name\":\"Home\"}},{\"@type\":\"ListItem\",\"@id\":\"https:\\\/\\\/eldigitaldeasturias.com\\\/magazine365\\\/air-europa-lanza-una-promocion-con-vuelos-nacionales-desde-29-euros\\\/#listItem\",\"position\":3,\"name\":\"Air Europa lanza una promoci\\u00f3n con vuelos nacionales desde 29 euros\",\"previousItem\":{\"@type\":\"ListItem\",\"@id\":\"https:\\\/\\\/eldigitaldeasturias.com\\\/magazine365\\\/category\\\/noticias-actualidad\\\/#listItem\",\"name\":\"Noticias y Actualidad\"}}]},{\"@type\":\"Organization\",\"@id\":\"https:\\\/\\\/eldigitaldeasturias.com\\\/magazine365\\\/#organization\",\"name\":\"El digital de Asturias\",\"description\":\"Revista de ocio, turismo y estilo de vida\",\"url\":\"https:\\\/\\\/eldigitaldeasturias.com\\\/magazine365\\\/\",\"logo\":{\"@type\":\"ImageObject\",\"url\":\"https:\\\/\\\/www.eldigitaldeasturias.com\\\/noticias\\\/wp-content\\\/uploads\\\/2020\\\/12\\\/EDA.jpg\",\"@id\":\"https:\\\/\\\/eldigitaldeasturias.com\\\/magazine365\\\/air-europa-lanza-una-promocion-con-vuelos-nacionales-desde-29-euros\\\/#organizationLogo\"},\"image\":{\"@id\":\"https:\\\/\\\/eldigitaldeasturias.com\\\/magazine365\\\/air-europa-lanza-una-promocion-con-vuelos-nacionales-desde-29-euros\\\/#organizationLogo\"}},{\"@type\":\"Person\",\"@id\":\"https:\\\/\\\/eldigitaldeasturias.com\\\/magazine365\\\/author\\\/admin\\\/#author\",\"url\":\"https:\\\/\\\/eldigitaldeasturias.com\\\/magazine365\\\/author\\\/admin\\\/\",\"name\":\"admin\",\"image\":{\"@type\":\"ImageObject\",\"@id\":\"https:\\\/\\\/eldigitaldeasturias.com\\\/magazine365\\\/air-europa-lanza-una-promocion-con-vuelos-nacionales-desde-29-euros\\\/#authorImage\",\"url\":\"https:\\\/\\\/eldigitaldeasturias.com\\\/magazine365\\\/wp-content\\\/litespeed\\\/avatar\\\/e571bcf59a0edd6fa6838245a470f2fe.jpg?ver=1777574230\",\"width\":96,\"height\":96,\"caption\":\"admin\"}},{\"@type\":\"WebPage\",\"@id\":\"https:\\\/\\\/eldigitaldeasturias.com\\\/magazine365\\\/air-europa-lanza-una-promocion-con-vuelos-nacionales-desde-29-euros\\\/#webpage\",\"url\":\"https:\\\/\\\/eldigitaldeasturias.com\\\/magazine365\\\/air-europa-lanza-una-promocion-con-vuelos-nacionales-desde-29-euros\\\/\",\"name\":\"Air Europa lanza una promoci\\u00f3n con vuelos nacionales desde 29 euros | El Digital de Asturias\",\"description\":\"Air Europa ha anunciado el lanzamiento de una nueva oferta promocional con la que los clientes que deseen volar con la aerol\\u00ednea podr\\u00e1n conseguir billetes desde 29 euros por trayecto, comprando ida y vuelta. La nueva campa\\u00f1a engloba vuelos peninsulares, a Baleares y a Melilla desde 29 euros y vuelos a Canarias a partir de\",\"inLanguage\":\"es-ES\",\"isPartOf\":{\"@id\":\"https:\\\/\\\/eldigitaldeasturias.com\\\/magazine365\\\/#website\"},\"breadcrumb\":{\"@id\":\"https:\\\/\\\/eldigitaldeasturias.com\\\/magazine365\\\/air-europa-lanza-una-promocion-con-vuelos-nacionales-desde-29-euros\\\/#breadcrumblist\"},\"author\":{\"@id\":\"https:\\\/\\\/eldigitaldeasturias.com\\\/magazine365\\\/author\\\/admin\\\/#author\"},\"creator\":{\"@id\":\"https:\\\/\\\/eldigitaldeasturias.com\\\/magazine365\\\/author\\\/admin\\\/#author\"},\"image\":{\"@type\":\"ImageObject\",\"url\":\"https:\\\/\\\/eldigitaldeasturias.com\\\/magazine365\\\/wp-content\\\/uploads\\\/2016\\\/01\\\/fotonoticia_20160115115024_800.jpg\",\"@id\":\"https:\\\/\\\/eldigitaldeasturias.com\\\/magazine365\\\/air-europa-lanza-una-promocion-con-vuelos-nacionales-desde-29-euros\\\/#mainImage\",\"width\":800,\"height\":640},\"primaryImageOfPage\":{\"@id\":\"https:\\\/\\\/eldigitaldeasturias.com\\\/magazine365\\\/air-europa-lanza-una-promocion-con-vuelos-nacionales-desde-29-euros\\\/#mainImage\"},\"datePublished\":\"2016-01-15T16:42:05+01:00\",\"dateModified\":\"2016-01-15T16:42:05+01:00\"},{\"@type\":\"WebSite\",\"@id\":\"https:\\\/\\\/eldigitaldeasturias.com\\\/magazine365\\\/#website\",\"url\":\"https:\\\/\\\/eldigitaldeasturias.com\\\/magazine365\\\/\",\"name\":\"El Digital de Asturias\",\"description\":\"Revista de ocio, turismo y estilo de vida\",\"inLanguage\":\"es-ES\",\"publisher\":{\"@id\":\"https:\\\/\\\/eldigitaldeasturias.com\\\/magazine365\\\/#organization\"}}]}\n\t\t<\/script>\n\t\t<!-- All in One SEO Pro -->\r\n\t\t<title>Air Europa lanza una promoci\u00f3n con vuelos nacionales desde 29 euros | El Digital de Asturias<\/title>\n\n","aioseo_head_json":{"title":"Air Europa lanza una promoci\u00f3n con vuelos nacionales desde 29 euros | El Digital de Asturias","description":"Air Europa ha anunciado el lanzamiento de una nueva oferta promocional con la que los clientes que deseen volar con la aerol\u00ednea podr\u00e1n conseguir billetes desde 29 euros por trayecto, comprando ida y vuelta. La nueva campa\u00f1a engloba vuelos peninsulares, a Baleares y a Melilla desde 29 euros y vuelos a Canarias a partir de","canonical_url":"https:\/\/eldigitaldeasturias.com\/magazine365\/air-europa-lanza-una-promocion-con-vuelos-nacionales-desde-29-euros\/","robots":"max-image-preview:large","keywords":"noticias y actualidad","webmasterTools":{"google-site-verification":"UA-38556648-1","miscellaneous":""},"schema":{"@context":"https:\/\/schema.org","@graph":[{"@type":"Article","@id":"https:\/\/eldigitaldeasturias.com\/magazine365\/air-europa-lanza-una-promocion-con-vuelos-nacionales-desde-29-euros\/#article","name":"Air Europa lanza una promoci\u00f3n con vuelos nacionales desde 29 euros | El Digital de Asturias","headline":"Air Europa lanza una promoci\u00f3n con vuelos nacionales desde 29 euros","author":{"@id":"https:\/\/eldigitaldeasturias.com\/magazine365\/author\/admin\/#author"},"publisher":{"@id":"https:\/\/eldigitaldeasturias.com\/magazine365\/#organization"},"image":{"@type":"ImageObject","url":"https:\/\/eldigitaldeasturias.com\/magazine365\/wp-content\/uploads\/2016\/01\/fotonoticia_20160115115024_800.jpg","width":800,"height":640},"datePublished":"2016-01-15T16:42:05+01:00","dateModified":"2016-01-15T16:42:05+01:00","inLanguage":"es-ES","mainEntityOfPage":{"@id":"https:\/\/eldigitaldeasturias.com\/magazine365\/air-europa-lanza-una-promocion-con-vuelos-nacionales-desde-29-euros\/#webpage"},"isPartOf":{"@id":"https:\/\/eldigitaldeasturias.com\/magazine365\/air-europa-lanza-una-promocion-con-vuelos-nacionales-desde-29-euros\/#webpage"},"articleSection":"Noticias y Actualidad"},{"@type":"BreadcrumbList","@id":"https:\/\/eldigitaldeasturias.com\/magazine365\/air-europa-lanza-una-promocion-con-vuelos-nacionales-desde-29-euros\/#breadcrumblist","itemListElement":[{"@type":"ListItem","@id":"https:\/\/eldigitaldeasturias.com\/magazine365#listItem","position":1,"name":"Home","item":"https:\/\/eldigitaldeasturias.com\/magazine365","nextItem":{"@type":"ListItem","@id":"https:\/\/eldigitaldeasturias.com\/magazine365\/category\/noticias-actualidad\/#listItem","name":"Noticias y Actualidad"}},{"@type":"ListItem","@id":"https:\/\/eldigitaldeasturias.com\/magazine365\/category\/noticias-actualidad\/#listItem","position":2,"name":"Noticias y Actualidad","item":"https:\/\/eldigitaldeasturias.com\/magazine365\/category\/noticias-actualidad\/","nextItem":{"@type":"ListItem","@id":"https:\/\/eldigitaldeasturias.com\/magazine365\/air-europa-lanza-una-promocion-con-vuelos-nacionales-desde-29-euros\/#listItem","name":"Air Europa lanza una promoci\u00f3n con vuelos nacionales desde 29 euros"},"previousItem":{"@type":"ListItem","@id":"https:\/\/eldigitaldeasturias.com\/magazine365#listItem","name":"Home"}},{"@type":"ListItem","@id":"https:\/\/eldigitaldeasturias.com\/magazine365\/air-europa-lanza-una-promocion-con-vuelos-nacionales-desde-29-euros\/#listItem","position":3,"name":"Air Europa lanza una promoci\u00f3n con vuelos nacionales desde 29 euros","previousItem":{"@type":"ListItem","@id":"https:\/\/eldigitaldeasturias.com\/magazine365\/category\/noticias-actualidad\/#listItem","name":"Noticias y Actualidad"}}]},{"@type":"Organization","@id":"https:\/\/eldigitaldeasturias.com\/magazine365\/#organization","name":"El digital de Asturias","description":"Revista de ocio, turismo y estilo de vida","url":"https:\/\/eldigitaldeasturias.com\/magazine365\/","logo":{"@type":"ImageObject","url":"https:\/\/www.eldigitaldeasturias.com\/noticias\/wp-content\/uploads\/2020\/12\/EDA.jpg","@id":"https:\/\/eldigitaldeasturias.com\/magazine365\/air-europa-lanza-una-promocion-con-vuelos-nacionales-desde-29-euros\/#organizationLogo"},"image":{"@id":"https:\/\/eldigitaldeasturias.com\/magazine365\/air-europa-lanza-una-promocion-con-vuelos-nacionales-desde-29-euros\/#organizationLogo"}},{"@type":"Person","@id":"https:\/\/eldigitaldeasturias.com\/magazine365\/author\/admin\/#author","url":"https:\/\/eldigitaldeasturias.com\/magazine365\/author\/admin\/","name":"admin","image":{"@type":"ImageObject","@id":"https:\/\/eldigitaldeasturias.com\/magazine365\/air-europa-lanza-una-promocion-con-vuelos-nacionales-desde-29-euros\/#authorImage","url":"https:\/\/eldigitaldeasturias.com\/magazine365\/wp-content\/litespeed\/avatar\/e571bcf59a0edd6fa6838245a470f2fe.jpg?ver=1777574230","width":96,"height":96,"caption":"admin"}},{"@type":"WebPage","@id":"https:\/\/eldigitaldeasturias.com\/magazine365\/air-europa-lanza-una-promocion-con-vuelos-nacionales-desde-29-euros\/#webpage","url":"https:\/\/eldigitaldeasturias.com\/magazine365\/air-europa-lanza-una-promocion-con-vuelos-nacionales-desde-29-euros\/","name":"Air Europa lanza una promoci\u00f3n con vuelos nacionales desde 29 euros | El Digital de Asturias","description":"Air Europa ha anunciado el lanzamiento de una nueva oferta promocional con la que los clientes que deseen volar con la aerol\u00ednea podr\u00e1n conseguir billetes desde 29 euros por trayecto, comprando ida y vuelta. La nueva campa\u00f1a engloba vuelos peninsulares, a Baleares y a Melilla desde 29 euros y vuelos a Canarias a partir de","inLanguage":"es-ES","isPartOf":{"@id":"https:\/\/eldigitaldeasturias.com\/magazine365\/#website"},"breadcrumb":{"@id":"https:\/\/eldigitaldeasturias.com\/magazine365\/air-europa-lanza-una-promocion-con-vuelos-nacionales-desde-29-euros\/#breadcrumblist"},"author":{"@id":"https:\/\/eldigitaldeasturias.com\/magazine365\/author\/admin\/#author"},"creator":{"@id":"https:\/\/eldigitaldeasturias.com\/magazine365\/author\/admin\/#author"},"image":{"@type":"ImageObject","url":"https:\/\/eldigitaldeasturias.com\/magazine365\/wp-content\/uploads\/2016\/01\/fotonoticia_20160115115024_800.jpg","@id":"https:\/\/eldigitaldeasturias.com\/magazine365\/air-europa-lanza-una-promocion-con-vuelos-nacionales-desde-29-euros\/#mainImage","width":800,"height":640},"primaryImageOfPage":{"@id":"https:\/\/eldigitaldeasturias.com\/magazine365\/air-europa-lanza-una-promocion-con-vuelos-nacionales-desde-29-euros\/#mainImage"},"datePublished":"2016-01-15T16:42:05+01:00","dateModified":"2016-01-15T16:42:05+01:00"},{"@type":"WebSite","@id":"https:\/\/eldigitaldeasturias.com\/magazine365\/#website","url":"https:\/\/eldigitaldeasturias.com\/magazine365\/","name":"El Digital de Asturias","description":"Revista de ocio, turismo y estilo de vida","inLanguage":"es-ES","publisher":{"@id":"https:\/\/eldigitaldeasturias.com\/magazine365\/#organization"}}]},"og:locale":"es_ES","og:site_name":"El Digital de Asturias \u2013 Revista de ocio, turismo y estilo de vida","og:type":"article","og:title":"Air Europa lanza una promoci\u00f3n con vuelos nacionales desde 29 euros | El Digital de Asturias","og:description":"Air Europa ha anunciado el lanzamiento de una nueva oferta promocional con la que los clientes que deseen volar con la aerol\u00ednea podr\u00e1n conseguir billetes desde 29 euros por trayecto, comprando ida y vuelta. La nueva campa\u00f1a engloba vuelos peninsulares, a Baleares y a Melilla desde 29 euros y vuelos a Canarias a partir de","og:url":"https:\/\/eldigitaldeasturias.com\/magazine365\/air-europa-lanza-una-promocion-con-vuelos-nacionales-desde-29-euros\/","og:image":"https:\/\/eldigitaldeasturias.com\/magazine365\/wp-content\/uploads\/2016\/01\/fotonoticia_20160115115024_800.jpg","og:image:secure_url":"https:\/\/eldigitaldeasturias.com\/magazine365\/wp-content\/uploads\/2016\/01\/fotonoticia_20160115115024_800.jpg","og:image:width":800,"og:image:height":640,"article:published_time":"2016-01-15T15:42:05+00:00","article:modified_time":"2016-01-15T15:42:05+00:00","twitter:card":"summary_large_image","twitter:title":"Air Europa lanza una promoci\u00f3n con vuelos nacionales desde 29 euros | El Digital de Asturias","twitter:description":"Air Europa ha anunciado el lanzamiento de una nueva oferta promocional con la que los clientes que deseen volar con la aerol\u00ednea podr\u00e1n conseguir billetes desde 29 euros por trayecto, comprando ida y vuelta. La nueva campa\u00f1a engloba vuelos peninsulares, a Baleares y a Melilla desde 29 euros y vuelos a Canarias a partir de","twitter:image":"https:\/\/eldigitaldeasturias.com\/magazine365\/wp-content\/uploads\/2016\/01\/fotonoticia_20160115115024_800.jpg"},"aioseo_meta_data":{"post_id":"60772","title":null,"description":null,"keywords":null,"keyphrases":null,"primary_term":null,"canonical_url":null,"og_title":null,"og_description":null,"og_object_type":"default","og_image_type":"default","og_image_url":null,"og_image_width":null,"og_image_height":null,"og_image_custom_url":null,"og_image_custom_fields":null,"og_video":null,"og_custom_url":null,"og_article_section":null,"og_article_tags":null,"twitter_use_og":false,"twitter_card":"default","twitter_image_type":"default","twitter_image_url":null,"twitter_image_custom_url":null,"twitter_image_custom_fields":null,"twitter_title":null,"twitter_description":null,"schema":{"blockGraphs":[],"customGraphs":[],"default":{"data":{"Article":[],"Course":[],"Dataset":[],"FAQPage":[],"Movie":[],"Person":[],"Product":[],"ProductReview":[],"Car":[],"Recipe":[],"Service":[],"SoftwareApplication":[],"WebPage":[]},"graphName":"","isEnabled":true},"graphs":[],"defaultGraph":"","defaultPostTypeGraph":""},"schema_type":null,"schema_type_options":null,"pillar_content":false,"robots_default":true,"robots_noindex":false,"robots_noarchive":false,"robots_nosnippet":false,"robots_nofollow":false,"robots_noimageindex":false,"robots_noodp":false,"robots_notranslate":false,"robots_max_snippet":null,"robots_max_videopreview":null,"robots_max_imagepreview":"large","priority":null,"frequency":null,"location":null,"local_seo":null,"seo_analyzer_scan_date":"2025-09-25 07:32:47","breadcrumb_settings":null,"limit_modified_date":false,"open_ai":null,"ai":null,"created":"2021-03-08 21:56:18","updated":"2025-09-25 07:32:47"},"aioseo_breadcrumb":"<div class=\"aioseo-breadcrumbs\"><span class=\"aioseo-breadcrumb\">\n\t<a href=\"https:\/\/eldigitaldeasturias.com\/magazine365\" title=\"Home\">Home<\/a>\n<\/span><span class=\"aioseo-breadcrumb-separator\">\u2013<\/span><span class=\"aioseo-breadcrumb\">\n\t<a href=\"https:\/\/eldigitaldeasturias.com\/magazine365\/category\/noticias-actualidad\/\" title=\"Noticias y Actualidad\">Noticias y Actualidad<\/a>\n<\/span><span class=\"aioseo-breadcrumb-separator\">\u2013<\/span><span class=\"aioseo-breadcrumb\">\n\t<a href=\"https:\/\/eldigitaldeasturias.com\/magazine365\/air-europa-lanza-una-promocion-con-vuelos-nacionales-desde-29-euros\/\" title=\"Air Europa lanza una promoci\u00f3n con vuelos nacionales desde 29 euros\">Air Europa lanza una promoci\u00f3n con vuelos nacionales desde 29 euros<\/a>\n<\/span><\/div>","aioseo_breadcrumb_json":[{"label":"Home","link":"https:\/\/eldigitaldeasturias.com\/magazine365"},{"label":"Noticias y Actualidad","link":"https:\/\/eldigitaldeasturias.com\/magazine365\/category\/noticias-actualidad\/"},{"label":"Air Europa lanza una promoci\u00f3n con vuelos nacionales desde 29 euros","link":"https:\/\/eldigitaldeasturias.com\/magazine365\/air-europa-lanza-una-promocion-con-vuelos-nacionales-desde-29-euros\/"}],"_links":{"self":[{"href":"https:\/\/eldigitaldeasturias.com\/magazine365\/wp-json\/wp\/v2\/posts\/60772","targetHints":{"allow":["GET"]}}],"collection":[{"href":"https:\/\/eldigitaldeasturias.com\/magazine365\/wp-json\/wp\/v2\/posts"}],"about":[{"href":"https:\/\/eldigitaldeasturias.com\/magazine365\/wp-json\/wp\/v2\/types\/post"}],"author":[{"embeddable":true,"href":"https:\/\/eldigitaldeasturias.com\/magazine365\/wp-json\/wp\/v2\/users\/1"}],"replies":[{"embeddable":true,"href":"https:\/\/eldigitaldeasturias.com\/magazine365\/wp-json\/wp\/v2\/comments?post=60772"}],"version-history":[{"count":0,"href":"https:\/\/eldigitaldeasturias.com\/magazine365\/wp-json\/wp\/v2\/posts\/60772\/revisions"}],"wp:featuredmedia":[{"embeddable":true,"href":"https:\/\/eldigitaldeasturias.com\/magazine365\/wp-json\/wp\/v2\/media\/60773"}],"wp:attachment":[{"href":"https:\/\/eldigitaldeasturias.com\/magazine365\/wp-json\/wp\/v2\/media?parent=60772"}],"wp:term":[{"taxonomy":"category","embeddable":true,"href":"https:\/\/eldigitaldeasturias.com\/magazine365\/wp-json\/wp\/v2\/categories?post=60772"},{"taxonomy":"post_tag","embeddable":true,"href":"https:\/\/eldigitaldeasturias.com\/magazine365\/wp-json\/wp\/v2\/tags?post=60772"}],"curies":[{"name":"wp","href":"https:\/\/api.w.org\/{rel}","templated":true}]}}