{"id":60751,"date":"2016-01-15T01:39:17","date_gmt":"2016-01-15T00:39:17","guid":{"rendered":"http:\/\/eldigitaldeasturias.com\/magazine365\/?p=60751"},"modified":"2016-01-15T01:39:17","modified_gmt":"2016-01-15T00:39:17","slug":"alaska-airlines-nombra-a-un-nuevo-vicepresidente-de-mantenimiento-e-ingenieria","status":"publish","type":"post","link":"https:\/\/eldigitaldeasturias.com\/magazine365\/alaska-airlines-nombra-a-un-nuevo-vicepresidente-de-mantenimiento-e-ingenieria\/","title":{"rendered":"Alaska Airlines nombra a un nuevo vicepresidente de mantenimiento e ingenier\u00eda"},"content":{"rendered":"<p><img fetchpriority=\"high\" decoding=\"async\" class=\"alignleft size-medium wp-image-60752\" src=\"https:\/\/eldigitaldeasturias.com\/magazine365\/wp-content\/uploads\/2016\/01\/fotonoticia_20160114195938_800-240x300.jpg\" alt=\"fotonoticia_20160114195938_800\" width=\"240\" height=\"300\" srcset=\"https:\/\/eldigitaldeasturias.com\/magazine365\/wp-content\/uploads\/2016\/01\/fotonoticia_20160114195938_800-240x300.jpg 240w, https:\/\/eldigitaldeasturias.com\/magazine365\/wp-content\/uploads\/2016\/01\/fotonoticia_20160114195938_800-512x640.jpg 512w, https:\/\/eldigitaldeasturias.com\/magazine365\/wp-content\/uploads\/2016\/01\/fotonoticia_20160114195938_800-768x960.jpg 768w, https:\/\/eldigitaldeasturias.com\/magazine365\/wp-content\/uploads\/2016\/01\/fotonoticia_20160114195938_800-150x188.jpg 150w, https:\/\/eldigitaldeasturias.com\/magazine365\/wp-content\/uploads\/2016\/01\/fotonoticia_20160114195938_800-450x563.jpg 450w, https:\/\/eldigitaldeasturias.com\/magazine365\/wp-content\/uploads\/2016\/01\/fotonoticia_20160114195938_800-696x870.jpg 696w, https:\/\/eldigitaldeasturias.com\/magazine365\/wp-content\/uploads\/2016\/01\/fotonoticia_20160114195938_800-336x420.jpg 336w, https:\/\/eldigitaldeasturias.com\/magazine365\/wp-content\/uploads\/2016\/01\/fotonoticia_20160114195938_800.jpg 800w\" sizes=\"(max-width: 240px) 100vw, 240px\" \/>Alaska Airlines ha nombrado a Kurt Kinder como nuevo vicepresidente de mantenimiento e ingenier\u00eda, que se incorporar\u00e1 a su nuevo puesto el pr\u00f3ximo 16 de enero de 2016, seg\u00fan ha informado la aerol\u00ednea.<\/p>\n<p>Anteriormente, Kinder ocup\u00f3 el puesto de director general de mantenimiento de la aerol\u00ednea durante diez a\u00f1os implementando procesos que dieron lugar a un mayor rendimiento de la flota de la compa\u00f1\u00eda.<\/p>\n<p>El director de operaciones y vicepresidente ejecutivo de Alaska Airlines, Ben Minicucci, ha se\u00f1alado que este nuevo nombramiento ayudar\u00f1a a \u00abmejorar y fortalecer\u00bb las operaciones y relaciones de trabajo en el departamento.<\/p>\n<p>Alaska Airlines opera en m\u00e1s de 100 ciudades de Canad\u00e1, Estados Unidos, M\u00e9xico y Costa Rica.<\/p>\n","protected":false},"excerpt":{"rendered":"<p>Alaska Airlines ha nombrado a Kurt Kinder como nuevo vicepresidente de mantenimiento e ingenier\u00eda, que se incorporar\u00e1 a su nuevo puesto el pr\u00f3ximo 16 de enero de 2016, seg\u00fan ha informado la aerol\u00ednea. Anteriormente, Kinder ocup\u00f3 el puesto de director general de mantenimiento de la aerol\u00ednea durante diez a\u00f1os implementando procesos que dieron lugar a<\/p>\n","protected":false},"author":1,"featured_media":60752,"comment_status":"open","ping_status":"closed","sticky":false,"template":"","format":"standard","meta":{"footnotes":""},"categories":[224],"tags":[],"class_list":{"0":"post-60751","1":"post","2":"type-post","3":"status-publish","4":"format-standard","5":"has-post-thumbnail","7":"category-noticias-actualidad"},"aioseo_notices":[],"aioseo_head":"\n\t\t<!-- All in One SEO Pro 4.9.6.1 - aioseo.com -->\n\t<meta name=\"description\" content=\"Alaska Airlines ha nombrado a Kurt Kinder como nuevo vicepresidente de mantenimiento e ingenier\u00eda, que se incorporar\u00e1 a su nuevo puesto el pr\u00f3ximo 16 de enero de 2016, seg\u00fan ha informado la aerol\u00ednea. Anteriormente, Kinder ocup\u00f3 el puesto de director general de mantenimiento de la aerol\u00ednea durante diez a\u00f1os implementando procesos que dieron lugar a\" \/>\n\t<meta name=\"robots\" content=\"max-image-preview:large\" \/>\n\t<meta name=\"author\" content=\"admin\"\/>\n\t<meta name=\"google-site-verification\" content=\"UA-38556648-1\" \/>\n\t<meta name=\"keywords\" content=\"noticias y actualidad\" \/>\n\t<link rel=\"canonical\" href=\"https:\/\/eldigitaldeasturias.com\/magazine365\/alaska-airlines-nombra-a-un-nuevo-vicepresidente-de-mantenimiento-e-ingenieria\/\" \/>\n\t<meta name=\"generator\" content=\"All in One SEO Pro (AIOSEO) 4.9.6.1\" \/>\n\t\t<meta property=\"og:locale\" content=\"es_ES\" \/>\n\t\t<meta property=\"og:site_name\" content=\"El Digital de Asturias \u2013 Revista de ocio, turismo y estilo de vida\" \/>\n\t\t<meta property=\"og:type\" content=\"article\" \/>\n\t\t<meta property=\"og:title\" content=\"Alaska Airlines nombra a un nuevo vicepresidente de mantenimiento e ingenier\u00eda | El Digital de Asturias\" \/>\n\t\t<meta property=\"og:description\" content=\"Alaska Airlines ha nombrado a Kurt Kinder como nuevo vicepresidente de mantenimiento e ingenier\u00eda, que se incorporar\u00e1 a su nuevo puesto el pr\u00f3ximo 16 de enero de 2016, seg\u00fan ha informado la aerol\u00ednea. Anteriormente, Kinder ocup\u00f3 el puesto de director general de mantenimiento de la aerol\u00ednea durante diez a\u00f1os implementando procesos que dieron lugar a\" \/>\n\t\t<meta property=\"og:url\" content=\"https:\/\/eldigitaldeasturias.com\/magazine365\/alaska-airlines-nombra-a-un-nuevo-vicepresidente-de-mantenimiento-e-ingenieria\/\" \/>\n\t\t<meta property=\"og:image\" content=\"https:\/\/eldigitaldeasturias.com\/magazine365\/wp-content\/uploads\/2016\/01\/fotonoticia_20160114195938_800.jpg\" \/>\n\t\t<meta property=\"og:image:secure_url\" content=\"https:\/\/eldigitaldeasturias.com\/magazine365\/wp-content\/uploads\/2016\/01\/fotonoticia_20160114195938_800.jpg\" \/>\n\t\t<meta property=\"og:image:width\" content=\"800\" \/>\n\t\t<meta property=\"og:image:height\" content=\"1000\" \/>\n\t\t<meta property=\"article:published_time\" content=\"2016-01-15T00:39:17+00:00\" \/>\n\t\t<meta property=\"article:modified_time\" content=\"2016-01-15T00:39:17+00:00\" \/>\n\t\t<meta name=\"twitter:card\" content=\"summary_large_image\" \/>\n\t\t<meta name=\"twitter:title\" content=\"Alaska Airlines nombra a un nuevo vicepresidente de mantenimiento e ingenier\u00eda | El Digital de Asturias\" \/>\n\t\t<meta name=\"twitter:description\" content=\"Alaska Airlines ha nombrado a Kurt Kinder como nuevo vicepresidente de mantenimiento e ingenier\u00eda, que se incorporar\u00e1 a su nuevo puesto el pr\u00f3ximo 16 de enero de 2016, seg\u00fan ha informado la aerol\u00ednea. Anteriormente, Kinder ocup\u00f3 el puesto de director general de mantenimiento de la aerol\u00ednea durante diez a\u00f1os implementando procesos que dieron lugar a\" \/>\n\t\t<meta name=\"twitter:image\" content=\"https:\/\/eldigitaldeasturias.com\/magazine365\/wp-content\/uploads\/2016\/01\/fotonoticia_20160114195938_800.jpg\" \/>\n\t\t<script type=\"application\/ld+json\" class=\"aioseo-schema\">\n\t\t\t{\"@context\":\"https:\\\/\\\/schema.org\",\"@graph\":[{\"@type\":\"Article\",\"@id\":\"https:\\\/\\\/eldigitaldeasturias.com\\\/magazine365\\\/alaska-airlines-nombra-a-un-nuevo-vicepresidente-de-mantenimiento-e-ingenieria\\\/#article\",\"name\":\"Alaska Airlines nombra a un nuevo vicepresidente de mantenimiento e ingenier\\u00eda | El Digital de Asturias\",\"headline\":\"Alaska Airlines nombra a un nuevo vicepresidente de mantenimiento e ingenier\\u00eda\",\"author\":{\"@id\":\"https:\\\/\\\/eldigitaldeasturias.com\\\/magazine365\\\/author\\\/admin\\\/#author\"},\"publisher\":{\"@id\":\"https:\\\/\\\/eldigitaldeasturias.com\\\/magazine365\\\/#organization\"},\"image\":{\"@type\":\"ImageObject\",\"url\":\"https:\\\/\\\/eldigitaldeasturias.com\\\/magazine365\\\/wp-content\\\/uploads\\\/2016\\\/01\\\/fotonoticia_20160114195938_800.jpg\",\"width\":800,\"height\":1000},\"datePublished\":\"2016-01-15T01:39:17+01:00\",\"dateModified\":\"2016-01-15T01:39:17+01:00\",\"inLanguage\":\"es-ES\",\"mainEntityOfPage\":{\"@id\":\"https:\\\/\\\/eldigitaldeasturias.com\\\/magazine365\\\/alaska-airlines-nombra-a-un-nuevo-vicepresidente-de-mantenimiento-e-ingenieria\\\/#webpage\"},\"isPartOf\":{\"@id\":\"https:\\\/\\\/eldigitaldeasturias.com\\\/magazine365\\\/alaska-airlines-nombra-a-un-nuevo-vicepresidente-de-mantenimiento-e-ingenieria\\\/#webpage\"},\"articleSection\":\"Noticias y Actualidad\"},{\"@type\":\"BreadcrumbList\",\"@id\":\"https:\\\/\\\/eldigitaldeasturias.com\\\/magazine365\\\/alaska-airlines-nombra-a-un-nuevo-vicepresidente-de-mantenimiento-e-ingenieria\\\/#breadcrumblist\",\"itemListElement\":[{\"@type\":\"ListItem\",\"@id\":\"https:\\\/\\\/eldigitaldeasturias.com\\\/magazine365#listItem\",\"position\":1,\"name\":\"Home\",\"item\":\"https:\\\/\\\/eldigitaldeasturias.com\\\/magazine365\",\"nextItem\":{\"@type\":\"ListItem\",\"@id\":\"https:\\\/\\\/eldigitaldeasturias.com\\\/magazine365\\\/category\\\/noticias-actualidad\\\/#listItem\",\"name\":\"Noticias y Actualidad\"}},{\"@type\":\"ListItem\",\"@id\":\"https:\\\/\\\/eldigitaldeasturias.com\\\/magazine365\\\/category\\\/noticias-actualidad\\\/#listItem\",\"position\":2,\"name\":\"Noticias y Actualidad\",\"item\":\"https:\\\/\\\/eldigitaldeasturias.com\\\/magazine365\\\/category\\\/noticias-actualidad\\\/\",\"nextItem\":{\"@type\":\"ListItem\",\"@id\":\"https:\\\/\\\/eldigitaldeasturias.com\\\/magazine365\\\/alaska-airlines-nombra-a-un-nuevo-vicepresidente-de-mantenimiento-e-ingenieria\\\/#listItem\",\"name\":\"Alaska Airlines nombra a un nuevo vicepresidente de mantenimiento e ingenier\\u00eda\"},\"previousItem\":{\"@type\":\"ListItem\",\"@id\":\"https:\\\/\\\/eldigitaldeasturias.com\\\/magazine365#listItem\",\"name\":\"Home\"}},{\"@type\":\"ListItem\",\"@id\":\"https:\\\/\\\/eldigitaldeasturias.com\\\/magazine365\\\/alaska-airlines-nombra-a-un-nuevo-vicepresidente-de-mantenimiento-e-ingenieria\\\/#listItem\",\"position\":3,\"name\":\"Alaska Airlines nombra a un nuevo vicepresidente de mantenimiento e ingenier\\u00eda\",\"previousItem\":{\"@type\":\"ListItem\",\"@id\":\"https:\\\/\\\/eldigitaldeasturias.com\\\/magazine365\\\/category\\\/noticias-actualidad\\\/#listItem\",\"name\":\"Noticias y Actualidad\"}}]},{\"@type\":\"Organization\",\"@id\":\"https:\\\/\\\/eldigitaldeasturias.com\\\/magazine365\\\/#organization\",\"name\":\"El digital de Asturias\",\"description\":\"Revista de ocio, turismo y estilo de vida\",\"url\":\"https:\\\/\\\/eldigitaldeasturias.com\\\/magazine365\\\/\",\"logo\":{\"@type\":\"ImageObject\",\"url\":\"https:\\\/\\\/www.eldigitaldeasturias.com\\\/noticias\\\/wp-content\\\/uploads\\\/2020\\\/12\\\/EDA.jpg\",\"@id\":\"https:\\\/\\\/eldigitaldeasturias.com\\\/magazine365\\\/alaska-airlines-nombra-a-un-nuevo-vicepresidente-de-mantenimiento-e-ingenieria\\\/#organizationLogo\"},\"image\":{\"@id\":\"https:\\\/\\\/eldigitaldeasturias.com\\\/magazine365\\\/alaska-airlines-nombra-a-un-nuevo-vicepresidente-de-mantenimiento-e-ingenieria\\\/#organizationLogo\"}},{\"@type\":\"Person\",\"@id\":\"https:\\\/\\\/eldigitaldeasturias.com\\\/magazine365\\\/author\\\/admin\\\/#author\",\"url\":\"https:\\\/\\\/eldigitaldeasturias.com\\\/magazine365\\\/author\\\/admin\\\/\",\"name\":\"admin\",\"image\":{\"@type\":\"ImageObject\",\"@id\":\"https:\\\/\\\/eldigitaldeasturias.com\\\/magazine365\\\/alaska-airlines-nombra-a-un-nuevo-vicepresidente-de-mantenimiento-e-ingenieria\\\/#authorImage\",\"url\":\"https:\\\/\\\/eldigitaldeasturias.com\\\/magazine365\\\/wp-content\\\/litespeed\\\/avatar\\\/e571bcf59a0edd6fa6838245a470f2fe.jpg?ver=1777574230\",\"width\":96,\"height\":96,\"caption\":\"admin\"}},{\"@type\":\"WebPage\",\"@id\":\"https:\\\/\\\/eldigitaldeasturias.com\\\/magazine365\\\/alaska-airlines-nombra-a-un-nuevo-vicepresidente-de-mantenimiento-e-ingenieria\\\/#webpage\",\"url\":\"https:\\\/\\\/eldigitaldeasturias.com\\\/magazine365\\\/alaska-airlines-nombra-a-un-nuevo-vicepresidente-de-mantenimiento-e-ingenieria\\\/\",\"name\":\"Alaska Airlines nombra a un nuevo vicepresidente de mantenimiento e ingenier\\u00eda | El Digital de Asturias\",\"description\":\"Alaska Airlines ha nombrado a Kurt Kinder como nuevo vicepresidente de mantenimiento e ingenier\\u00eda, que se incorporar\\u00e1 a su nuevo puesto el pr\\u00f3ximo 16 de enero de 2016, seg\\u00fan ha informado la aerol\\u00ednea. Anteriormente, Kinder ocup\\u00f3 el puesto de director general de mantenimiento de la aerol\\u00ednea durante diez a\\u00f1os implementando procesos que dieron lugar a\",\"inLanguage\":\"es-ES\",\"isPartOf\":{\"@id\":\"https:\\\/\\\/eldigitaldeasturias.com\\\/magazine365\\\/#website\"},\"breadcrumb\":{\"@id\":\"https:\\\/\\\/eldigitaldeasturias.com\\\/magazine365\\\/alaska-airlines-nombra-a-un-nuevo-vicepresidente-de-mantenimiento-e-ingenieria\\\/#breadcrumblist\"},\"author\":{\"@id\":\"https:\\\/\\\/eldigitaldeasturias.com\\\/magazine365\\\/author\\\/admin\\\/#author\"},\"creator\":{\"@id\":\"https:\\\/\\\/eldigitaldeasturias.com\\\/magazine365\\\/author\\\/admin\\\/#author\"},\"image\":{\"@type\":\"ImageObject\",\"url\":\"https:\\\/\\\/eldigitaldeasturias.com\\\/magazine365\\\/wp-content\\\/uploads\\\/2016\\\/01\\\/fotonoticia_20160114195938_800.jpg\",\"@id\":\"https:\\\/\\\/eldigitaldeasturias.com\\\/magazine365\\\/alaska-airlines-nombra-a-un-nuevo-vicepresidente-de-mantenimiento-e-ingenieria\\\/#mainImage\",\"width\":800,\"height\":1000},\"primaryImageOfPage\":{\"@id\":\"https:\\\/\\\/eldigitaldeasturias.com\\\/magazine365\\\/alaska-airlines-nombra-a-un-nuevo-vicepresidente-de-mantenimiento-e-ingenieria\\\/#mainImage\"},\"datePublished\":\"2016-01-15T01:39:17+01:00\",\"dateModified\":\"2016-01-15T01:39:17+01:00\"},{\"@type\":\"WebSite\",\"@id\":\"https:\\\/\\\/eldigitaldeasturias.com\\\/magazine365\\\/#website\",\"url\":\"https:\\\/\\\/eldigitaldeasturias.com\\\/magazine365\\\/\",\"name\":\"El Digital de Asturias\",\"description\":\"Revista de ocio, turismo y estilo de vida\",\"inLanguage\":\"es-ES\",\"publisher\":{\"@id\":\"https:\\\/\\\/eldigitaldeasturias.com\\\/magazine365\\\/#organization\"}}]}\n\t\t<\/script>\n\t\t<!-- All in One SEO Pro -->\r\n\t\t<title>Alaska Airlines nombra a un nuevo vicepresidente de mantenimiento e ingenier\u00eda | El Digital de Asturias<\/title>\n\n","aioseo_head_json":{"title":"Alaska Airlines nombra a un nuevo vicepresidente de mantenimiento e ingenier\u00eda | El Digital de Asturias","description":"Alaska Airlines ha nombrado a Kurt Kinder como nuevo vicepresidente de mantenimiento e ingenier\u00eda, que se incorporar\u00e1 a su nuevo puesto el pr\u00f3ximo 16 de enero de 2016, seg\u00fan ha informado la aerol\u00ednea. Anteriormente, Kinder ocup\u00f3 el puesto de director general de mantenimiento de la aerol\u00ednea durante diez a\u00f1os implementando procesos que dieron lugar a","canonical_url":"https:\/\/eldigitaldeasturias.com\/magazine365\/alaska-airlines-nombra-a-un-nuevo-vicepresidente-de-mantenimiento-e-ingenieria\/","robots":"max-image-preview:large","keywords":"noticias y actualidad","webmasterTools":{"google-site-verification":"UA-38556648-1","miscellaneous":""},"schema":{"@context":"https:\/\/schema.org","@graph":[{"@type":"Article","@id":"https:\/\/eldigitaldeasturias.com\/magazine365\/alaska-airlines-nombra-a-un-nuevo-vicepresidente-de-mantenimiento-e-ingenieria\/#article","name":"Alaska Airlines nombra a un nuevo vicepresidente de mantenimiento e ingenier\u00eda | El Digital de Asturias","headline":"Alaska Airlines nombra a un nuevo vicepresidente de mantenimiento e ingenier\u00eda","author":{"@id":"https:\/\/eldigitaldeasturias.com\/magazine365\/author\/admin\/#author"},"publisher":{"@id":"https:\/\/eldigitaldeasturias.com\/magazine365\/#organization"},"image":{"@type":"ImageObject","url":"https:\/\/eldigitaldeasturias.com\/magazine365\/wp-content\/uploads\/2016\/01\/fotonoticia_20160114195938_800.jpg","width":800,"height":1000},"datePublished":"2016-01-15T01:39:17+01:00","dateModified":"2016-01-15T01:39:17+01:00","inLanguage":"es-ES","mainEntityOfPage":{"@id":"https:\/\/eldigitaldeasturias.com\/magazine365\/alaska-airlines-nombra-a-un-nuevo-vicepresidente-de-mantenimiento-e-ingenieria\/#webpage"},"isPartOf":{"@id":"https:\/\/eldigitaldeasturias.com\/magazine365\/alaska-airlines-nombra-a-un-nuevo-vicepresidente-de-mantenimiento-e-ingenieria\/#webpage"},"articleSection":"Noticias y Actualidad"},{"@type":"BreadcrumbList","@id":"https:\/\/eldigitaldeasturias.com\/magazine365\/alaska-airlines-nombra-a-un-nuevo-vicepresidente-de-mantenimiento-e-ingenieria\/#breadcrumblist","itemListElement":[{"@type":"ListItem","@id":"https:\/\/eldigitaldeasturias.com\/magazine365#listItem","position":1,"name":"Home","item":"https:\/\/eldigitaldeasturias.com\/magazine365","nextItem":{"@type":"ListItem","@id":"https:\/\/eldigitaldeasturias.com\/magazine365\/category\/noticias-actualidad\/#listItem","name":"Noticias y Actualidad"}},{"@type":"ListItem","@id":"https:\/\/eldigitaldeasturias.com\/magazine365\/category\/noticias-actualidad\/#listItem","position":2,"name":"Noticias y Actualidad","item":"https:\/\/eldigitaldeasturias.com\/magazine365\/category\/noticias-actualidad\/","nextItem":{"@type":"ListItem","@id":"https:\/\/eldigitaldeasturias.com\/magazine365\/alaska-airlines-nombra-a-un-nuevo-vicepresidente-de-mantenimiento-e-ingenieria\/#listItem","name":"Alaska Airlines nombra a un nuevo vicepresidente de mantenimiento e ingenier\u00eda"},"previousItem":{"@type":"ListItem","@id":"https:\/\/eldigitaldeasturias.com\/magazine365#listItem","name":"Home"}},{"@type":"ListItem","@id":"https:\/\/eldigitaldeasturias.com\/magazine365\/alaska-airlines-nombra-a-un-nuevo-vicepresidente-de-mantenimiento-e-ingenieria\/#listItem","position":3,"name":"Alaska Airlines nombra a un nuevo vicepresidente de mantenimiento e ingenier\u00eda","previousItem":{"@type":"ListItem","@id":"https:\/\/eldigitaldeasturias.com\/magazine365\/category\/noticias-actualidad\/#listItem","name":"Noticias y Actualidad"}}]},{"@type":"Organization","@id":"https:\/\/eldigitaldeasturias.com\/magazine365\/#organization","name":"El digital de Asturias","description":"Revista de ocio, turismo y estilo de vida","url":"https:\/\/eldigitaldeasturias.com\/magazine365\/","logo":{"@type":"ImageObject","url":"https:\/\/www.eldigitaldeasturias.com\/noticias\/wp-content\/uploads\/2020\/12\/EDA.jpg","@id":"https:\/\/eldigitaldeasturias.com\/magazine365\/alaska-airlines-nombra-a-un-nuevo-vicepresidente-de-mantenimiento-e-ingenieria\/#organizationLogo"},"image":{"@id":"https:\/\/eldigitaldeasturias.com\/magazine365\/alaska-airlines-nombra-a-un-nuevo-vicepresidente-de-mantenimiento-e-ingenieria\/#organizationLogo"}},{"@type":"Person","@id":"https:\/\/eldigitaldeasturias.com\/magazine365\/author\/admin\/#author","url":"https:\/\/eldigitaldeasturias.com\/magazine365\/author\/admin\/","name":"admin","image":{"@type":"ImageObject","@id":"https:\/\/eldigitaldeasturias.com\/magazine365\/alaska-airlines-nombra-a-un-nuevo-vicepresidente-de-mantenimiento-e-ingenieria\/#authorImage","url":"https:\/\/eldigitaldeasturias.com\/magazine365\/wp-content\/litespeed\/avatar\/e571bcf59a0edd6fa6838245a470f2fe.jpg?ver=1777574230","width":96,"height":96,"caption":"admin"}},{"@type":"WebPage","@id":"https:\/\/eldigitaldeasturias.com\/magazine365\/alaska-airlines-nombra-a-un-nuevo-vicepresidente-de-mantenimiento-e-ingenieria\/#webpage","url":"https:\/\/eldigitaldeasturias.com\/magazine365\/alaska-airlines-nombra-a-un-nuevo-vicepresidente-de-mantenimiento-e-ingenieria\/","name":"Alaska Airlines nombra a un nuevo vicepresidente de mantenimiento e ingenier\u00eda | El Digital de Asturias","description":"Alaska Airlines ha nombrado a Kurt Kinder como nuevo vicepresidente de mantenimiento e ingenier\u00eda, que se incorporar\u00e1 a su nuevo puesto el pr\u00f3ximo 16 de enero de 2016, seg\u00fan ha informado la aerol\u00ednea. Anteriormente, Kinder ocup\u00f3 el puesto de director general de mantenimiento de la aerol\u00ednea durante diez a\u00f1os implementando procesos que dieron lugar a","inLanguage":"es-ES","isPartOf":{"@id":"https:\/\/eldigitaldeasturias.com\/magazine365\/#website"},"breadcrumb":{"@id":"https:\/\/eldigitaldeasturias.com\/magazine365\/alaska-airlines-nombra-a-un-nuevo-vicepresidente-de-mantenimiento-e-ingenieria\/#breadcrumblist"},"author":{"@id":"https:\/\/eldigitaldeasturias.com\/magazine365\/author\/admin\/#author"},"creator":{"@id":"https:\/\/eldigitaldeasturias.com\/magazine365\/author\/admin\/#author"},"image":{"@type":"ImageObject","url":"https:\/\/eldigitaldeasturias.com\/magazine365\/wp-content\/uploads\/2016\/01\/fotonoticia_20160114195938_800.jpg","@id":"https:\/\/eldigitaldeasturias.com\/magazine365\/alaska-airlines-nombra-a-un-nuevo-vicepresidente-de-mantenimiento-e-ingenieria\/#mainImage","width":800,"height":1000},"primaryImageOfPage":{"@id":"https:\/\/eldigitaldeasturias.com\/magazine365\/alaska-airlines-nombra-a-un-nuevo-vicepresidente-de-mantenimiento-e-ingenieria\/#mainImage"},"datePublished":"2016-01-15T01:39:17+01:00","dateModified":"2016-01-15T01:39:17+01:00"},{"@type":"WebSite","@id":"https:\/\/eldigitaldeasturias.com\/magazine365\/#website","url":"https:\/\/eldigitaldeasturias.com\/magazine365\/","name":"El Digital de Asturias","description":"Revista de ocio, turismo y estilo de vida","inLanguage":"es-ES","publisher":{"@id":"https:\/\/eldigitaldeasturias.com\/magazine365\/#organization"}}]},"og:locale":"es_ES","og:site_name":"El Digital de Asturias \u2013 Revista de ocio, turismo y estilo de vida","og:type":"article","og:title":"Alaska Airlines nombra a un nuevo vicepresidente de mantenimiento e ingenier\u00eda | El Digital de Asturias","og:description":"Alaska Airlines ha nombrado a Kurt Kinder como nuevo vicepresidente de mantenimiento e ingenier\u00eda, que se incorporar\u00e1 a su nuevo puesto el pr\u00f3ximo 16 de enero de 2016, seg\u00fan ha informado la aerol\u00ednea. Anteriormente, Kinder ocup\u00f3 el puesto de director general de mantenimiento de la aerol\u00ednea durante diez a\u00f1os implementando procesos que dieron lugar a","og:url":"https:\/\/eldigitaldeasturias.com\/magazine365\/alaska-airlines-nombra-a-un-nuevo-vicepresidente-de-mantenimiento-e-ingenieria\/","og:image":"https:\/\/eldigitaldeasturias.com\/magazine365\/wp-content\/uploads\/2016\/01\/fotonoticia_20160114195938_800.jpg","og:image:secure_url":"https:\/\/eldigitaldeasturias.com\/magazine365\/wp-content\/uploads\/2016\/01\/fotonoticia_20160114195938_800.jpg","og:image:width":800,"og:image:height":1000,"article:published_time":"2016-01-15T00:39:17+00:00","article:modified_time":"2016-01-15T00:39:17+00:00","twitter:card":"summary_large_image","twitter:title":"Alaska Airlines nombra a un nuevo vicepresidente de mantenimiento e ingenier\u00eda | El Digital de Asturias","twitter:description":"Alaska Airlines ha nombrado a Kurt Kinder como nuevo vicepresidente de mantenimiento e ingenier\u00eda, que se incorporar\u00e1 a su nuevo puesto el pr\u00f3ximo 16 de enero de 2016, seg\u00fan ha informado la aerol\u00ednea. Anteriormente, Kinder ocup\u00f3 el puesto de director general de mantenimiento de la aerol\u00ednea durante diez a\u00f1os implementando procesos que dieron lugar a","twitter:image":"https:\/\/eldigitaldeasturias.com\/magazine365\/wp-content\/uploads\/2016\/01\/fotonoticia_20160114195938_800.jpg"},"aioseo_meta_data":{"post_id":"60751","title":null,"description":null,"keywords":null,"keyphrases":null,"primary_term":null,"canonical_url":null,"og_title":null,"og_description":null,"og_object_type":"default","og_image_type":"default","og_image_url":null,"og_image_width":null,"og_image_height":null,"og_image_custom_url":null,"og_image_custom_fields":null,"og_video":null,"og_custom_url":null,"og_article_section":null,"og_article_tags":null,"twitter_use_og":false,"twitter_card":"default","twitter_image_type":"default","twitter_image_url":null,"twitter_image_custom_url":null,"twitter_image_custom_fields":null,"twitter_title":null,"twitter_description":null,"schema":{"blockGraphs":[],"customGraphs":[],"default":{"data":{"Article":[],"Course":[],"Dataset":[],"FAQPage":[],"Movie":[],"Person":[],"Product":[],"ProductReview":[],"Car":[],"Recipe":[],"Service":[],"SoftwareApplication":[],"WebPage":[]},"graphName":"","isEnabled":true},"graphs":[],"defaultGraph":"","defaultPostTypeGraph":""},"schema_type":null,"schema_type_options":null,"pillar_content":false,"robots_default":true,"robots_noindex":false,"robots_noarchive":false,"robots_nosnippet":false,"robots_nofollow":false,"robots_noimageindex":false,"robots_noodp":false,"robots_notranslate":false,"robots_max_snippet":null,"robots_max_videopreview":null,"robots_max_imagepreview":"large","priority":null,"frequency":null,"location":null,"local_seo":null,"seo_analyzer_scan_date":"2025-09-25 07:29:53","breadcrumb_settings":null,"limit_modified_date":false,"open_ai":null,"ai":null,"created":"2021-03-08 21:56:18","updated":"2025-09-25 07:29:53"},"aioseo_breadcrumb":"<div class=\"aioseo-breadcrumbs\"><span class=\"aioseo-breadcrumb\">\n\t<a href=\"https:\/\/eldigitaldeasturias.com\/magazine365\" title=\"Home\">Home<\/a>\n<\/span><span class=\"aioseo-breadcrumb-separator\">\u2013<\/span><span class=\"aioseo-breadcrumb\">\n\t<a href=\"https:\/\/eldigitaldeasturias.com\/magazine365\/category\/noticias-actualidad\/\" title=\"Noticias y Actualidad\">Noticias y Actualidad<\/a>\n<\/span><span class=\"aioseo-breadcrumb-separator\">\u2013<\/span><span class=\"aioseo-breadcrumb\">\n\t<a href=\"https:\/\/eldigitaldeasturias.com\/magazine365\/alaska-airlines-nombra-a-un-nuevo-vicepresidente-de-mantenimiento-e-ingenieria\/\" title=\"Alaska Airlines nombra a un nuevo vicepresidente de mantenimiento e ingenier\u00eda\">Alaska Airlines nombra a un nuevo vicepresidente de mantenimiento e ingenier\u00eda<\/a>\n<\/span><\/div>","aioseo_breadcrumb_json":[{"label":"Home","link":"https:\/\/eldigitaldeasturias.com\/magazine365"},{"label":"Noticias y Actualidad","link":"https:\/\/eldigitaldeasturias.com\/magazine365\/category\/noticias-actualidad\/"},{"label":"Alaska Airlines nombra a un nuevo vicepresidente de mantenimiento e ingenier\u00eda","link":"https:\/\/eldigitaldeasturias.com\/magazine365\/alaska-airlines-nombra-a-un-nuevo-vicepresidente-de-mantenimiento-e-ingenieria\/"}],"_links":{"self":[{"href":"https:\/\/eldigitaldeasturias.com\/magazine365\/wp-json\/wp\/v2\/posts\/60751","targetHints":{"allow":["GET"]}}],"collection":[{"href":"https:\/\/eldigitaldeasturias.com\/magazine365\/wp-json\/wp\/v2\/posts"}],"about":[{"href":"https:\/\/eldigitaldeasturias.com\/magazine365\/wp-json\/wp\/v2\/types\/post"}],"author":[{"embeddable":true,"href":"https:\/\/eldigitaldeasturias.com\/magazine365\/wp-json\/wp\/v2\/users\/1"}],"replies":[{"embeddable":true,"href":"https:\/\/eldigitaldeasturias.com\/magazine365\/wp-json\/wp\/v2\/comments?post=60751"}],"version-history":[{"count":0,"href":"https:\/\/eldigitaldeasturias.com\/magazine365\/wp-json\/wp\/v2\/posts\/60751\/revisions"}],"wp:featuredmedia":[{"embeddable":true,"href":"https:\/\/eldigitaldeasturias.com\/magazine365\/wp-json\/wp\/v2\/media\/60752"}],"wp:attachment":[{"href":"https:\/\/eldigitaldeasturias.com\/magazine365\/wp-json\/wp\/v2\/media?parent=60751"}],"wp:term":[{"taxonomy":"category","embeddable":true,"href":"https:\/\/eldigitaldeasturias.com\/magazine365\/wp-json\/wp\/v2\/categories?post=60751"},{"taxonomy":"post_tag","embeddable":true,"href":"https:\/\/eldigitaldeasturias.com\/magazine365\/wp-json\/wp\/v2\/tags?post=60751"}],"curies":[{"name":"wp","href":"https:\/\/api.w.org\/{rel}","templated":true}]}}