{"id":60732,"date":"2016-01-15T01:31:16","date_gmt":"2016-01-15T00:31:16","guid":{"rendered":"http:\/\/eldigitaldeasturias.com\/magazine365\/?p=60732"},"modified":"2016-01-15T01:31:16","modified_gmt":"2016-01-15T00:31:16","slug":"sabre-culmina-la-compra-de-trust-group-por-145-millones","status":"publish","type":"post","link":"https:\/\/eldigitaldeasturias.com\/magazine365\/sabre-culmina-la-compra-de-trust-group-por-145-millones\/","title":{"rendered":"Sabre culmina la compra de Trust Group por 145 millones"},"content":{"rendered":"<p><img fetchpriority=\"high\" decoding=\"async\" class=\"alignleft size-medium wp-image-60733\" src=\"https:\/\/eldigitaldeasturias.com\/magazine365\/wp-content\/uploads\/2016\/01\/fotonoticia_20160114185754_800-360x240.jpg\" alt=\"fotonoticia_20160114185754_800\" width=\"360\" height=\"240\" srcset=\"https:\/\/eldigitaldeasturias.com\/magazine365\/wp-content\/uploads\/2016\/01\/fotonoticia_20160114185754_800-360x240.jpg 360w, https:\/\/eldigitaldeasturias.com\/magazine365\/wp-content\/uploads\/2016\/01\/fotonoticia_20160114185754_800-650x433.jpg 650w, https:\/\/eldigitaldeasturias.com\/magazine365\/wp-content\/uploads\/2016\/01\/fotonoticia_20160114185754_800-768x512.jpg 768w, https:\/\/eldigitaldeasturias.com\/magazine365\/wp-content\/uploads\/2016\/01\/fotonoticia_20160114185754_800-150x100.jpg 150w, https:\/\/eldigitaldeasturias.com\/magazine365\/wp-content\/uploads\/2016\/01\/fotonoticia_20160114185754_800-450x300.jpg 450w, https:\/\/eldigitaldeasturias.com\/magazine365\/wp-content\/uploads\/2016\/01\/fotonoticia_20160114185754_800-696x464.jpg 696w, https:\/\/eldigitaldeasturias.com\/magazine365\/wp-content\/uploads\/2016\/01\/fotonoticia_20160114185754_800-630x420.jpg 630w, https:\/\/eldigitaldeasturias.com\/magazine365\/wp-content\/uploads\/2016\/01\/fotonoticia_20160114185754_800-101x66.jpg 101w, https:\/\/eldigitaldeasturias.com\/magazine365\/wp-content\/uploads\/2016\/01\/fotonoticia_20160114185754_800.jpg 800w\" sizes=\"(max-width: 360px) 100vw, 360px\" \/>Sabre ha cerrado la adquisici\u00f3n de Trust Group por un importe de 154 millones de d\u00f3lares (145 millones de euros), seg\u00fan ha anunciado el grupo en una nota.<\/p>\n<p>Con esta adquisici\u00f3n Sabre ampliar\u00e1 un 30% su portafolio de hoteles, lo que equivale aproximadamente a 32.000 establecimientos repartidos por todo el mundo.<\/p>\n<p>El presidente y consejero delegado de Sabre, Tom Klein, indic\u00f3 que con esta nueva adquisici\u00f3n la empresa espera \u00abpoder transformar\u00bb la industria hotelera a trav\u00e9s de la plataforma Saas.<\/p>\n<p>Tras la adquisici\u00f3n, Sabre espera acelerar su crecimiento en el sector hotelero incrementando su influencia en los mercados de Oriente Medio y Europa (EMEA), \u00c1frica y Asia-Pac\u00edfico.<\/p>\n<p>Sabre Corporation, con sede en Southlake (Texas), EE.UU., es una de las compa\u00f1\u00edas tecnol\u00f3gicas l\u00edderes en la industria de viajes con presencia en 160 pa\u00edses, que procesa m\u00e1s de 120.000 millones de d\u00f3lares (113.065 millones de euros) en viajes al a\u00f1o.<\/p>\n","protected":false},"excerpt":{"rendered":"<p>Sabre ha cerrado la adquisici\u00f3n de Trust Group por un importe de 154 millones de d\u00f3lares (145 millones de euros), seg\u00fan ha anunciado el grupo en una nota. Con esta adquisici\u00f3n Sabre ampliar\u00e1 un 30% su portafolio de hoteles, lo que equivale aproximadamente a 32.000 establecimientos repartidos por todo el mundo. El presidente y consejero<\/p>\n","protected":false},"author":1,"featured_media":60733,"comment_status":"open","ping_status":"closed","sticky":false,"template":"","format":"standard","meta":{"footnotes":""},"categories":[224],"tags":[],"class_list":{"0":"post-60732","1":"post","2":"type-post","3":"status-publish","4":"format-standard","5":"has-post-thumbnail","7":"category-noticias-actualidad"},"aioseo_notices":[],"aioseo_head":"\n\t\t<!-- All in One SEO Pro 4.9.6.1 - aioseo.com -->\n\t<meta name=\"description\" content=\"Sabre ha cerrado la adquisici\u00f3n de Trust Group por un importe de 154 millones de d\u00f3lares (145 millones de euros), seg\u00fan ha anunciado el grupo en una nota. Con esta adquisici\u00f3n Sabre ampliar\u00e1 un 30% su portafolio de hoteles, lo que equivale aproximadamente a 32.000 establecimientos repartidos por todo el mundo. El presidente y consejero\" \/>\n\t<meta name=\"robots\" content=\"max-image-preview:large\" \/>\n\t<meta name=\"author\" content=\"admin\"\/>\n\t<meta name=\"google-site-verification\" content=\"UA-38556648-1\" \/>\n\t<meta name=\"keywords\" content=\"noticias y actualidad\" \/>\n\t<link rel=\"canonical\" href=\"https:\/\/eldigitaldeasturias.com\/magazine365\/sabre-culmina-la-compra-de-trust-group-por-145-millones\/\" \/>\n\t<meta name=\"generator\" content=\"All in One SEO Pro (AIOSEO) 4.9.6.1\" \/>\n\t\t<meta property=\"og:locale\" content=\"es_ES\" \/>\n\t\t<meta property=\"og:site_name\" content=\"El Digital de Asturias \u2013 Revista de ocio, turismo y estilo de vida\" \/>\n\t\t<meta property=\"og:type\" content=\"article\" \/>\n\t\t<meta property=\"og:title\" content=\"Sabre culmina la compra de Trust Group por 145 millones | El Digital de Asturias\" \/>\n\t\t<meta property=\"og:description\" content=\"Sabre ha cerrado la adquisici\u00f3n de Trust Group por un importe de 154 millones de d\u00f3lares (145 millones de euros), seg\u00fan ha anunciado el grupo en una nota. Con esta adquisici\u00f3n Sabre ampliar\u00e1 un 30% su portafolio de hoteles, lo que equivale aproximadamente a 32.000 establecimientos repartidos por todo el mundo. El presidente y consejero\" \/>\n\t\t<meta property=\"og:url\" content=\"https:\/\/eldigitaldeasturias.com\/magazine365\/sabre-culmina-la-compra-de-trust-group-por-145-millones\/\" \/>\n\t\t<meta property=\"og:image\" content=\"https:\/\/eldigitaldeasturias.com\/magazine365\/wp-content\/uploads\/2016\/01\/fotonoticia_20160114185754_800.jpg\" \/>\n\t\t<meta property=\"og:image:secure_url\" content=\"https:\/\/eldigitaldeasturias.com\/magazine365\/wp-content\/uploads\/2016\/01\/fotonoticia_20160114185754_800.jpg\" \/>\n\t\t<meta property=\"og:image:width\" content=\"800\" \/>\n\t\t<meta property=\"og:image:height\" content=\"533\" \/>\n\t\t<meta property=\"article:published_time\" content=\"2016-01-15T00:31:16+00:00\" \/>\n\t\t<meta property=\"article:modified_time\" content=\"2016-01-15T00:31:16+00:00\" \/>\n\t\t<meta name=\"twitter:card\" content=\"summary_large_image\" \/>\n\t\t<meta name=\"twitter:title\" content=\"Sabre culmina la compra de Trust Group por 145 millones | El Digital de Asturias\" \/>\n\t\t<meta name=\"twitter:description\" content=\"Sabre ha cerrado la adquisici\u00f3n de Trust Group por un importe de 154 millones de d\u00f3lares (145 millones de euros), seg\u00fan ha anunciado el grupo en una nota. Con esta adquisici\u00f3n Sabre ampliar\u00e1 un 30% su portafolio de hoteles, lo que equivale aproximadamente a 32.000 establecimientos repartidos por todo el mundo. El presidente y consejero\" \/>\n\t\t<meta name=\"twitter:image\" content=\"https:\/\/eldigitaldeasturias.com\/magazine365\/wp-content\/uploads\/2016\/01\/fotonoticia_20160114185754_800.jpg\" \/>\n\t\t<script type=\"application\/ld+json\" class=\"aioseo-schema\">\n\t\t\t{\"@context\":\"https:\\\/\\\/schema.org\",\"@graph\":[{\"@type\":\"Article\",\"@id\":\"https:\\\/\\\/eldigitaldeasturias.com\\\/magazine365\\\/sabre-culmina-la-compra-de-trust-group-por-145-millones\\\/#article\",\"name\":\"Sabre culmina la compra de Trust Group por 145 millones | El Digital de Asturias\",\"headline\":\"Sabre culmina la compra de Trust Group por 145 millones\",\"author\":{\"@id\":\"https:\\\/\\\/eldigitaldeasturias.com\\\/magazine365\\\/author\\\/admin\\\/#author\"},\"publisher\":{\"@id\":\"https:\\\/\\\/eldigitaldeasturias.com\\\/magazine365\\\/#organization\"},\"image\":{\"@type\":\"ImageObject\",\"url\":\"https:\\\/\\\/eldigitaldeasturias.com\\\/magazine365\\\/wp-content\\\/uploads\\\/2016\\\/01\\\/fotonoticia_20160114185754_800.jpg\",\"width\":800,\"height\":533},\"datePublished\":\"2016-01-15T01:31:16+01:00\",\"dateModified\":\"2016-01-15T01:31:16+01:00\",\"inLanguage\":\"es-ES\",\"mainEntityOfPage\":{\"@id\":\"https:\\\/\\\/eldigitaldeasturias.com\\\/magazine365\\\/sabre-culmina-la-compra-de-trust-group-por-145-millones\\\/#webpage\"},\"isPartOf\":{\"@id\":\"https:\\\/\\\/eldigitaldeasturias.com\\\/magazine365\\\/sabre-culmina-la-compra-de-trust-group-por-145-millones\\\/#webpage\"},\"articleSection\":\"Noticias y Actualidad\"},{\"@type\":\"BreadcrumbList\",\"@id\":\"https:\\\/\\\/eldigitaldeasturias.com\\\/magazine365\\\/sabre-culmina-la-compra-de-trust-group-por-145-millones\\\/#breadcrumblist\",\"itemListElement\":[{\"@type\":\"ListItem\",\"@id\":\"https:\\\/\\\/eldigitaldeasturias.com\\\/magazine365#listItem\",\"position\":1,\"name\":\"Home\",\"item\":\"https:\\\/\\\/eldigitaldeasturias.com\\\/magazine365\",\"nextItem\":{\"@type\":\"ListItem\",\"@id\":\"https:\\\/\\\/eldigitaldeasturias.com\\\/magazine365\\\/category\\\/noticias-actualidad\\\/#listItem\",\"name\":\"Noticias y Actualidad\"}},{\"@type\":\"ListItem\",\"@id\":\"https:\\\/\\\/eldigitaldeasturias.com\\\/magazine365\\\/category\\\/noticias-actualidad\\\/#listItem\",\"position\":2,\"name\":\"Noticias y Actualidad\",\"item\":\"https:\\\/\\\/eldigitaldeasturias.com\\\/magazine365\\\/category\\\/noticias-actualidad\\\/\",\"nextItem\":{\"@type\":\"ListItem\",\"@id\":\"https:\\\/\\\/eldigitaldeasturias.com\\\/magazine365\\\/sabre-culmina-la-compra-de-trust-group-por-145-millones\\\/#listItem\",\"name\":\"Sabre culmina la compra de Trust Group por 145 millones\"},\"previousItem\":{\"@type\":\"ListItem\",\"@id\":\"https:\\\/\\\/eldigitaldeasturias.com\\\/magazine365#listItem\",\"name\":\"Home\"}},{\"@type\":\"ListItem\",\"@id\":\"https:\\\/\\\/eldigitaldeasturias.com\\\/magazine365\\\/sabre-culmina-la-compra-de-trust-group-por-145-millones\\\/#listItem\",\"position\":3,\"name\":\"Sabre culmina la compra de Trust Group por 145 millones\",\"previousItem\":{\"@type\":\"ListItem\",\"@id\":\"https:\\\/\\\/eldigitaldeasturias.com\\\/magazine365\\\/category\\\/noticias-actualidad\\\/#listItem\",\"name\":\"Noticias y Actualidad\"}}]},{\"@type\":\"Organization\",\"@id\":\"https:\\\/\\\/eldigitaldeasturias.com\\\/magazine365\\\/#organization\",\"name\":\"El digital de Asturias\",\"description\":\"Revista de ocio, turismo y estilo de vida\",\"url\":\"https:\\\/\\\/eldigitaldeasturias.com\\\/magazine365\\\/\",\"logo\":{\"@type\":\"ImageObject\",\"url\":\"https:\\\/\\\/www.eldigitaldeasturias.com\\\/noticias\\\/wp-content\\\/uploads\\\/2020\\\/12\\\/EDA.jpg\",\"@id\":\"https:\\\/\\\/eldigitaldeasturias.com\\\/magazine365\\\/sabre-culmina-la-compra-de-trust-group-por-145-millones\\\/#organizationLogo\"},\"image\":{\"@id\":\"https:\\\/\\\/eldigitaldeasturias.com\\\/magazine365\\\/sabre-culmina-la-compra-de-trust-group-por-145-millones\\\/#organizationLogo\"}},{\"@type\":\"Person\",\"@id\":\"https:\\\/\\\/eldigitaldeasturias.com\\\/magazine365\\\/author\\\/admin\\\/#author\",\"url\":\"https:\\\/\\\/eldigitaldeasturias.com\\\/magazine365\\\/author\\\/admin\\\/\",\"name\":\"admin\",\"image\":{\"@type\":\"ImageObject\",\"@id\":\"https:\\\/\\\/eldigitaldeasturias.com\\\/magazine365\\\/sabre-culmina-la-compra-de-trust-group-por-145-millones\\\/#authorImage\",\"url\":\"https:\\\/\\\/eldigitaldeasturias.com\\\/magazine365\\\/wp-content\\\/litespeed\\\/avatar\\\/e571bcf59a0edd6fa6838245a470f2fe.jpg?ver=1777574230\",\"width\":96,\"height\":96,\"caption\":\"admin\"}},{\"@type\":\"WebPage\",\"@id\":\"https:\\\/\\\/eldigitaldeasturias.com\\\/magazine365\\\/sabre-culmina-la-compra-de-trust-group-por-145-millones\\\/#webpage\",\"url\":\"https:\\\/\\\/eldigitaldeasturias.com\\\/magazine365\\\/sabre-culmina-la-compra-de-trust-group-por-145-millones\\\/\",\"name\":\"Sabre culmina la compra de Trust Group por 145 millones | El Digital de Asturias\",\"description\":\"Sabre ha cerrado la adquisici\\u00f3n de Trust Group por un importe de 154 millones de d\\u00f3lares (145 millones de euros), seg\\u00fan ha anunciado el grupo en una nota. Con esta adquisici\\u00f3n Sabre ampliar\\u00e1 un 30% su portafolio de hoteles, lo que equivale aproximadamente a 32.000 establecimientos repartidos por todo el mundo. El presidente y consejero\",\"inLanguage\":\"es-ES\",\"isPartOf\":{\"@id\":\"https:\\\/\\\/eldigitaldeasturias.com\\\/magazine365\\\/#website\"},\"breadcrumb\":{\"@id\":\"https:\\\/\\\/eldigitaldeasturias.com\\\/magazine365\\\/sabre-culmina-la-compra-de-trust-group-por-145-millones\\\/#breadcrumblist\"},\"author\":{\"@id\":\"https:\\\/\\\/eldigitaldeasturias.com\\\/magazine365\\\/author\\\/admin\\\/#author\"},\"creator\":{\"@id\":\"https:\\\/\\\/eldigitaldeasturias.com\\\/magazine365\\\/author\\\/admin\\\/#author\"},\"image\":{\"@type\":\"ImageObject\",\"url\":\"https:\\\/\\\/eldigitaldeasturias.com\\\/magazine365\\\/wp-content\\\/uploads\\\/2016\\\/01\\\/fotonoticia_20160114185754_800.jpg\",\"@id\":\"https:\\\/\\\/eldigitaldeasturias.com\\\/magazine365\\\/sabre-culmina-la-compra-de-trust-group-por-145-millones\\\/#mainImage\",\"width\":800,\"height\":533},\"primaryImageOfPage\":{\"@id\":\"https:\\\/\\\/eldigitaldeasturias.com\\\/magazine365\\\/sabre-culmina-la-compra-de-trust-group-por-145-millones\\\/#mainImage\"},\"datePublished\":\"2016-01-15T01:31:16+01:00\",\"dateModified\":\"2016-01-15T01:31:16+01:00\"},{\"@type\":\"WebSite\",\"@id\":\"https:\\\/\\\/eldigitaldeasturias.com\\\/magazine365\\\/#website\",\"url\":\"https:\\\/\\\/eldigitaldeasturias.com\\\/magazine365\\\/\",\"name\":\"El Digital de Asturias\",\"description\":\"Revista de ocio, turismo y estilo de vida\",\"inLanguage\":\"es-ES\",\"publisher\":{\"@id\":\"https:\\\/\\\/eldigitaldeasturias.com\\\/magazine365\\\/#organization\"}}]}\n\t\t<\/script>\n\t\t<!-- All in One SEO Pro -->\r\n\t\t<title>Sabre culmina la compra de Trust Group por 145 millones | El Digital de Asturias<\/title>\n\n","aioseo_head_json":{"title":"Sabre culmina la compra de Trust Group por 145 millones | El Digital de Asturias","description":"Sabre ha cerrado la adquisici\u00f3n de Trust Group por un importe de 154 millones de d\u00f3lares (145 millones de euros), seg\u00fan ha anunciado el grupo en una nota. Con esta adquisici\u00f3n Sabre ampliar\u00e1 un 30% su portafolio de hoteles, lo que equivale aproximadamente a 32.000 establecimientos repartidos por todo el mundo. El presidente y consejero","canonical_url":"https:\/\/eldigitaldeasturias.com\/magazine365\/sabre-culmina-la-compra-de-trust-group-por-145-millones\/","robots":"max-image-preview:large","keywords":"noticias y actualidad","webmasterTools":{"google-site-verification":"UA-38556648-1","miscellaneous":""},"schema":{"@context":"https:\/\/schema.org","@graph":[{"@type":"Article","@id":"https:\/\/eldigitaldeasturias.com\/magazine365\/sabre-culmina-la-compra-de-trust-group-por-145-millones\/#article","name":"Sabre culmina la compra de Trust Group por 145 millones | El Digital de Asturias","headline":"Sabre culmina la compra de Trust Group por 145 millones","author":{"@id":"https:\/\/eldigitaldeasturias.com\/magazine365\/author\/admin\/#author"},"publisher":{"@id":"https:\/\/eldigitaldeasturias.com\/magazine365\/#organization"},"image":{"@type":"ImageObject","url":"https:\/\/eldigitaldeasturias.com\/magazine365\/wp-content\/uploads\/2016\/01\/fotonoticia_20160114185754_800.jpg","width":800,"height":533},"datePublished":"2016-01-15T01:31:16+01:00","dateModified":"2016-01-15T01:31:16+01:00","inLanguage":"es-ES","mainEntityOfPage":{"@id":"https:\/\/eldigitaldeasturias.com\/magazine365\/sabre-culmina-la-compra-de-trust-group-por-145-millones\/#webpage"},"isPartOf":{"@id":"https:\/\/eldigitaldeasturias.com\/magazine365\/sabre-culmina-la-compra-de-trust-group-por-145-millones\/#webpage"},"articleSection":"Noticias y Actualidad"},{"@type":"BreadcrumbList","@id":"https:\/\/eldigitaldeasturias.com\/magazine365\/sabre-culmina-la-compra-de-trust-group-por-145-millones\/#breadcrumblist","itemListElement":[{"@type":"ListItem","@id":"https:\/\/eldigitaldeasturias.com\/magazine365#listItem","position":1,"name":"Home","item":"https:\/\/eldigitaldeasturias.com\/magazine365","nextItem":{"@type":"ListItem","@id":"https:\/\/eldigitaldeasturias.com\/magazine365\/category\/noticias-actualidad\/#listItem","name":"Noticias y Actualidad"}},{"@type":"ListItem","@id":"https:\/\/eldigitaldeasturias.com\/magazine365\/category\/noticias-actualidad\/#listItem","position":2,"name":"Noticias y Actualidad","item":"https:\/\/eldigitaldeasturias.com\/magazine365\/category\/noticias-actualidad\/","nextItem":{"@type":"ListItem","@id":"https:\/\/eldigitaldeasturias.com\/magazine365\/sabre-culmina-la-compra-de-trust-group-por-145-millones\/#listItem","name":"Sabre culmina la compra de Trust Group por 145 millones"},"previousItem":{"@type":"ListItem","@id":"https:\/\/eldigitaldeasturias.com\/magazine365#listItem","name":"Home"}},{"@type":"ListItem","@id":"https:\/\/eldigitaldeasturias.com\/magazine365\/sabre-culmina-la-compra-de-trust-group-por-145-millones\/#listItem","position":3,"name":"Sabre culmina la compra de Trust Group por 145 millones","previousItem":{"@type":"ListItem","@id":"https:\/\/eldigitaldeasturias.com\/magazine365\/category\/noticias-actualidad\/#listItem","name":"Noticias y Actualidad"}}]},{"@type":"Organization","@id":"https:\/\/eldigitaldeasturias.com\/magazine365\/#organization","name":"El digital de Asturias","description":"Revista de ocio, turismo y estilo de vida","url":"https:\/\/eldigitaldeasturias.com\/magazine365\/","logo":{"@type":"ImageObject","url":"https:\/\/www.eldigitaldeasturias.com\/noticias\/wp-content\/uploads\/2020\/12\/EDA.jpg","@id":"https:\/\/eldigitaldeasturias.com\/magazine365\/sabre-culmina-la-compra-de-trust-group-por-145-millones\/#organizationLogo"},"image":{"@id":"https:\/\/eldigitaldeasturias.com\/magazine365\/sabre-culmina-la-compra-de-trust-group-por-145-millones\/#organizationLogo"}},{"@type":"Person","@id":"https:\/\/eldigitaldeasturias.com\/magazine365\/author\/admin\/#author","url":"https:\/\/eldigitaldeasturias.com\/magazine365\/author\/admin\/","name":"admin","image":{"@type":"ImageObject","@id":"https:\/\/eldigitaldeasturias.com\/magazine365\/sabre-culmina-la-compra-de-trust-group-por-145-millones\/#authorImage","url":"https:\/\/eldigitaldeasturias.com\/magazine365\/wp-content\/litespeed\/avatar\/e571bcf59a0edd6fa6838245a470f2fe.jpg?ver=1777574230","width":96,"height":96,"caption":"admin"}},{"@type":"WebPage","@id":"https:\/\/eldigitaldeasturias.com\/magazine365\/sabre-culmina-la-compra-de-trust-group-por-145-millones\/#webpage","url":"https:\/\/eldigitaldeasturias.com\/magazine365\/sabre-culmina-la-compra-de-trust-group-por-145-millones\/","name":"Sabre culmina la compra de Trust Group por 145 millones | El Digital de Asturias","description":"Sabre ha cerrado la adquisici\u00f3n de Trust Group por un importe de 154 millones de d\u00f3lares (145 millones de euros), seg\u00fan ha anunciado el grupo en una nota. Con esta adquisici\u00f3n Sabre ampliar\u00e1 un 30% su portafolio de hoteles, lo que equivale aproximadamente a 32.000 establecimientos repartidos por todo el mundo. El presidente y consejero","inLanguage":"es-ES","isPartOf":{"@id":"https:\/\/eldigitaldeasturias.com\/magazine365\/#website"},"breadcrumb":{"@id":"https:\/\/eldigitaldeasturias.com\/magazine365\/sabre-culmina-la-compra-de-trust-group-por-145-millones\/#breadcrumblist"},"author":{"@id":"https:\/\/eldigitaldeasturias.com\/magazine365\/author\/admin\/#author"},"creator":{"@id":"https:\/\/eldigitaldeasturias.com\/magazine365\/author\/admin\/#author"},"image":{"@type":"ImageObject","url":"https:\/\/eldigitaldeasturias.com\/magazine365\/wp-content\/uploads\/2016\/01\/fotonoticia_20160114185754_800.jpg","@id":"https:\/\/eldigitaldeasturias.com\/magazine365\/sabre-culmina-la-compra-de-trust-group-por-145-millones\/#mainImage","width":800,"height":533},"primaryImageOfPage":{"@id":"https:\/\/eldigitaldeasturias.com\/magazine365\/sabre-culmina-la-compra-de-trust-group-por-145-millones\/#mainImage"},"datePublished":"2016-01-15T01:31:16+01:00","dateModified":"2016-01-15T01:31:16+01:00"},{"@type":"WebSite","@id":"https:\/\/eldigitaldeasturias.com\/magazine365\/#website","url":"https:\/\/eldigitaldeasturias.com\/magazine365\/","name":"El Digital de Asturias","description":"Revista de ocio, turismo y estilo de vida","inLanguage":"es-ES","publisher":{"@id":"https:\/\/eldigitaldeasturias.com\/magazine365\/#organization"}}]},"og:locale":"es_ES","og:site_name":"El Digital de Asturias \u2013 Revista de ocio, turismo y estilo de vida","og:type":"article","og:title":"Sabre culmina la compra de Trust Group por 145 millones | El Digital de Asturias","og:description":"Sabre ha cerrado la adquisici\u00f3n de Trust Group por un importe de 154 millones de d\u00f3lares (145 millones de euros), seg\u00fan ha anunciado el grupo en una nota. Con esta adquisici\u00f3n Sabre ampliar\u00e1 un 30% su portafolio de hoteles, lo que equivale aproximadamente a 32.000 establecimientos repartidos por todo el mundo. El presidente y consejero","og:url":"https:\/\/eldigitaldeasturias.com\/magazine365\/sabre-culmina-la-compra-de-trust-group-por-145-millones\/","og:image":"https:\/\/eldigitaldeasturias.com\/magazine365\/wp-content\/uploads\/2016\/01\/fotonoticia_20160114185754_800.jpg","og:image:secure_url":"https:\/\/eldigitaldeasturias.com\/magazine365\/wp-content\/uploads\/2016\/01\/fotonoticia_20160114185754_800.jpg","og:image:width":800,"og:image:height":533,"article:published_time":"2016-01-15T00:31:16+00:00","article:modified_time":"2016-01-15T00:31:16+00:00","twitter:card":"summary_large_image","twitter:title":"Sabre culmina la compra de Trust Group por 145 millones | El Digital de Asturias","twitter:description":"Sabre ha cerrado la adquisici\u00f3n de Trust Group por un importe de 154 millones de d\u00f3lares (145 millones de euros), seg\u00fan ha anunciado el grupo en una nota. Con esta adquisici\u00f3n Sabre ampliar\u00e1 un 30% su portafolio de hoteles, lo que equivale aproximadamente a 32.000 establecimientos repartidos por todo el mundo. El presidente y consejero","twitter:image":"https:\/\/eldigitaldeasturias.com\/magazine365\/wp-content\/uploads\/2016\/01\/fotonoticia_20160114185754_800.jpg"},"aioseo_meta_data":{"post_id":"60732","title":null,"description":null,"keywords":null,"keyphrases":null,"primary_term":null,"canonical_url":null,"og_title":null,"og_description":null,"og_object_type":"default","og_image_type":"default","og_image_url":null,"og_image_width":null,"og_image_height":null,"og_image_custom_url":null,"og_image_custom_fields":null,"og_video":null,"og_custom_url":null,"og_article_section":null,"og_article_tags":null,"twitter_use_og":false,"twitter_card":"default","twitter_image_type":"default","twitter_image_url":null,"twitter_image_custom_url":null,"twitter_image_custom_fields":null,"twitter_title":null,"twitter_description":null,"schema":{"blockGraphs":[],"customGraphs":[],"default":{"data":{"Article":[],"Course":[],"Dataset":[],"FAQPage":[],"Movie":[],"Person":[],"Product":[],"ProductReview":[],"Car":[],"Recipe":[],"Service":[],"SoftwareApplication":[],"WebPage":[]},"graphName":"","isEnabled":true},"graphs":[],"defaultGraph":"","defaultPostTypeGraph":""},"schema_type":null,"schema_type_options":null,"pillar_content":false,"robots_default":true,"robots_noindex":false,"robots_noarchive":false,"robots_nosnippet":false,"robots_nofollow":false,"robots_noimageindex":false,"robots_noodp":false,"robots_notranslate":false,"robots_max_snippet":null,"robots_max_videopreview":null,"robots_max_imagepreview":"large","priority":null,"frequency":null,"location":null,"local_seo":null,"seo_analyzer_scan_date":"2025-09-25 07:26:28","breadcrumb_settings":null,"limit_modified_date":false,"open_ai":null,"ai":null,"created":"2021-03-08 21:57:15","updated":"2025-09-25 07:26:28"},"aioseo_breadcrumb":"<div class=\"aioseo-breadcrumbs\"><span class=\"aioseo-breadcrumb\">\n\t<a href=\"https:\/\/eldigitaldeasturias.com\/magazine365\" title=\"Home\">Home<\/a>\n<\/span><span class=\"aioseo-breadcrumb-separator\">\u2013<\/span><span class=\"aioseo-breadcrumb\">\n\t<a href=\"https:\/\/eldigitaldeasturias.com\/magazine365\/category\/noticias-actualidad\/\" title=\"Noticias y Actualidad\">Noticias y Actualidad<\/a>\n<\/span><span class=\"aioseo-breadcrumb-separator\">\u2013<\/span><span class=\"aioseo-breadcrumb\">\n\t<a href=\"https:\/\/eldigitaldeasturias.com\/magazine365\/sabre-culmina-la-compra-de-trust-group-por-145-millones\/\" title=\"Sabre culmina la compra de Trust Group por 145 millones\">Sabre culmina la compra de Trust Group por 145 millones<\/a>\n<\/span><\/div>","aioseo_breadcrumb_json":[{"label":"Home","link":"https:\/\/eldigitaldeasturias.com\/magazine365"},{"label":"Noticias y Actualidad","link":"https:\/\/eldigitaldeasturias.com\/magazine365\/category\/noticias-actualidad\/"},{"label":"Sabre culmina la compra de Trust Group por 145 millones","link":"https:\/\/eldigitaldeasturias.com\/magazine365\/sabre-culmina-la-compra-de-trust-group-por-145-millones\/"}],"_links":{"self":[{"href":"https:\/\/eldigitaldeasturias.com\/magazine365\/wp-json\/wp\/v2\/posts\/60732","targetHints":{"allow":["GET"]}}],"collection":[{"href":"https:\/\/eldigitaldeasturias.com\/magazine365\/wp-json\/wp\/v2\/posts"}],"about":[{"href":"https:\/\/eldigitaldeasturias.com\/magazine365\/wp-json\/wp\/v2\/types\/post"}],"author":[{"embeddable":true,"href":"https:\/\/eldigitaldeasturias.com\/magazine365\/wp-json\/wp\/v2\/users\/1"}],"replies":[{"embeddable":true,"href":"https:\/\/eldigitaldeasturias.com\/magazine365\/wp-json\/wp\/v2\/comments?post=60732"}],"version-history":[{"count":0,"href":"https:\/\/eldigitaldeasturias.com\/magazine365\/wp-json\/wp\/v2\/posts\/60732\/revisions"}],"wp:featuredmedia":[{"embeddable":true,"href":"https:\/\/eldigitaldeasturias.com\/magazine365\/wp-json\/wp\/v2\/media\/60733"}],"wp:attachment":[{"href":"https:\/\/eldigitaldeasturias.com\/magazine365\/wp-json\/wp\/v2\/media?parent=60732"}],"wp:term":[{"taxonomy":"category","embeddable":true,"href":"https:\/\/eldigitaldeasturias.com\/magazine365\/wp-json\/wp\/v2\/categories?post=60732"},{"taxonomy":"post_tag","embeddable":true,"href":"https:\/\/eldigitaldeasturias.com\/magazine365\/wp-json\/wp\/v2\/tags?post=60732"}],"curies":[{"name":"wp","href":"https:\/\/api.w.org\/{rel}","templated":true}]}}