{"id":60724,"date":"2016-01-15T01:26:53","date_gmt":"2016-01-15T00:26:53","guid":{"rendered":"http:\/\/eldigitaldeasturias.com\/magazine365\/?p=60724"},"modified":"2016-01-15T01:26:53","modified_gmt":"2016-01-15T00:26:53","slug":"las-viviendas-de-uso-turistico-en-galicia-deberan-alquilarse-completas-y-tener-telefono-de-atencion-24-horas","status":"publish","type":"post","link":"https:\/\/eldigitaldeasturias.com\/magazine365\/las-viviendas-de-uso-turistico-en-galicia-deberan-alquilarse-completas-y-tener-telefono-de-atencion-24-horas\/","title":{"rendered":"Las viviendas de uso tur\u00edstico en Galicia deber\u00e1n alquilarse completas y tener tel\u00e9fono de atenci\u00f3n 24 horas"},"content":{"rendered":"<p><img fetchpriority=\"high\" decoding=\"async\" class=\"alignleft size-medium wp-image-60725\" src=\"https:\/\/eldigitaldeasturias.com\/magazine365\/wp-content\/uploads\/2016\/01\/fotonoticia_20160114184659_800-360x240.jpg\" alt=\"fotonoticia_20160114184659_800\" width=\"360\" height=\"240\" srcset=\"https:\/\/eldigitaldeasturias.com\/magazine365\/wp-content\/uploads\/2016\/01\/fotonoticia_20160114184659_800-360x240.jpg 360w, https:\/\/eldigitaldeasturias.com\/magazine365\/wp-content\/uploads\/2016\/01\/fotonoticia_20160114184659_800-650x433.jpg 650w, https:\/\/eldigitaldeasturias.com\/magazine365\/wp-content\/uploads\/2016\/01\/fotonoticia_20160114184659_800-768x512.jpg 768w, https:\/\/eldigitaldeasturias.com\/magazine365\/wp-content\/uploads\/2016\/01\/fotonoticia_20160114184659_800-150x100.jpg 150w, https:\/\/eldigitaldeasturias.com\/magazine365\/wp-content\/uploads\/2016\/01\/fotonoticia_20160114184659_800-450x300.jpg 450w, https:\/\/eldigitaldeasturias.com\/magazine365\/wp-content\/uploads\/2016\/01\/fotonoticia_20160114184659_800-696x464.jpg 696w, https:\/\/eldigitaldeasturias.com\/magazine365\/wp-content\/uploads\/2016\/01\/fotonoticia_20160114184659_800-630x420.jpg 630w, https:\/\/eldigitaldeasturias.com\/magazine365\/wp-content\/uploads\/2016\/01\/fotonoticia_20160114184659_800-101x66.jpg 101w, https:\/\/eldigitaldeasturias.com\/magazine365\/wp-content\/uploads\/2016\/01\/fotonoticia_20160114184659_800.jpg 800w\" sizes=\"(max-width: 360px) 100vw, 360px\" \/>Las viviendas de uso tur\u00edstico en Galicia deber\u00e1n dotarse de unos servicios m\u00ednimos como alquilarse completas, estar \u00absuficientemente amuebladas\u00bb, tener calefacci\u00f3n en todas las dependencias, contar con un tel\u00e9fono de atenci\u00f3n 24 horas, servicio de asistencia y mantenimiento del inmueble, as\u00ed como hojas de reclamaci\u00f3n.<\/p>\n<p>Lo ha explicado el presidente gallego, Alberto N\u00fa\u00f1ez Feij\u00f3o, quien ha anunciado este jueves la remisi\u00f3n al Consello Consultivo por el que se establece la ordenaci\u00f3n de los apartamentos tur\u00edsticos, viviendas tur\u00edsticas y viviendas de uso tur\u00edstico, en el que la principal novedad es la creaci\u00f3n de esta \u00faltima categor\u00eda con unos requisitos m\u00ednimos.<\/p>\n<p>Al t\u00e9rmino de la reuni\u00f3n semanal de su Ejecutivo, el presidente ha subrayado que esta norma y la creaci\u00f3n de la categor\u00eda de viviendas de uso tur\u00edstico pretende erradicar los problemas como el intrusismo, la competencia desleal y problemas asociados \u00abcon la fiscalidad y tributaci\u00f3n\u00bb.<\/p>\n<p>\u00abHabr\u00e1 una factura con IVA y, si no, estar\u00edamos ante una actividad no declarada\u00bb, ha se\u00f1alado, si bien no se ha arriesgado a hacer una estimaci\u00f3n de cu\u00e1nto se podr\u00e1 recaudar para las arcas auton\u00f3micas.<\/p>\n<p>La nueva categor\u00eda engloba todos los domicilios particulares que se ofrecen para uso tur\u00edstico. Sus propietarios deber\u00e1n registrarlas en Turismo de Galicia y cumplir una serie de obligaciones, aunque \u00e9stas no entrar\u00e1n en vigor, en principio, en un plazo de seis meses, de forma que habr\u00e1 margen para adecuar las instalaciones.<\/p>\n<p>La previsi\u00f3n de Feij\u00f3o es que el texto est\u00e9 aprobado en el primer trimestre del a\u00f1o, por lo que \u00abno ser\u00e1 f\u00e1cil\u00bb que entre en vigor para el pr\u00f3ximo periodo estival, aunque el reto es que el pr\u00f3ximo sea \u00abel \u00faltimo verano\u00bb que \u00abno est\u00e9n regularizados\u00bb los inmuebles.<\/p>\n<p>VIVIENDAS Y APARTAMIENTOS TUR\u00cdSTICOS<\/p>\n<p>En relaci\u00f3n a las otras dos categor\u00edas ya existentes, las viviendas tur\u00edsticas tendr\u00e1n que cumplir requisitos m\u00e1s estrictos que las de uso tur\u00edstico, como ser establecimientos unifamiliares aislados, no ofrecer m\u00e1s de diez plazas y contar con las instalaciones adecuadas para conservar, elaborar y consumir alimentos, entre otras.<\/p>\n<p>Tampoco se podr\u00e1n alquilar por habitaciones, ni podr\u00e1n coincidir dentro de ellas usuarios que formalizasen diferentes contratos.<\/p>\n<p>La tercera categor\u00eda es la de los apartamentos tur\u00edsticos, que son los inmuebles integrados en bloques de pisos, chalets, bungalows o similares que est\u00e1n destinados en su totalidad al alojamiento tur\u00edstico, sin ser residencia permanente.<\/p>\n<p>Este nuevo decreto mantendr\u00e1 la calsificaci\u00f3n de los apartamentos tur\u00edsticos en tres categor\u00edas: una, dos y tres llaves. En caso de que la calidad de las instalaciones y servicios no sea uniforme, su categor\u00eda se determinar\u00e1 en funci\u00f3n de la estancia de menor rango.<\/p>\n<p>4,3 MILLONES DE VISITANTES<\/p>\n<p>Feij\u00f3o ha subrayado que una regulaci\u00f3n de este tipo se hace imperativa en el momento en el que cada vez son m\u00e1s los visitantes los que se sienten atra\u00eddos por Galicia.<\/p>\n<p>De hecho, ha recordado que en los primeros once meses de 2015, Galicia \u00abbati\u00f3 el r\u00e9cord hist\u00f3rico\u00bb de turistas, con m\u00e1s de 4,3 millones de visitantes.<\/p>\n<p>Adem\u00e1s, la cifra de viajeros alojados en Galicia creci\u00f3 m\u00e1s de un 12 por ciento, casi el doble que la media estatal.<\/p>\n","protected":false},"excerpt":{"rendered":"<p>Las viviendas de uso tur\u00edstico en Galicia deber\u00e1n dotarse de unos servicios m\u00ednimos como alquilarse completas, estar \u00absuficientemente amuebladas\u00bb, tener calefacci\u00f3n en todas las dependencias, contar con un tel\u00e9fono de atenci\u00f3n 24 horas, servicio de asistencia y mantenimiento del inmueble, as\u00ed como hojas de reclamaci\u00f3n. Lo ha explicado el presidente gallego, Alberto N\u00fa\u00f1ez Feij\u00f3o, quien<\/p>\n","protected":false},"author":1,"featured_media":60725,"comment_status":"open","ping_status":"closed","sticky":false,"template":"","format":"standard","meta":{"footnotes":""},"categories":[224],"tags":[],"class_list":{"0":"post-60724","1":"post","2":"type-post","3":"status-publish","4":"format-standard","5":"has-post-thumbnail","7":"category-noticias-actualidad"},"aioseo_notices":[],"aioseo_head":"\n\t\t<!-- All in One SEO Pro 4.9.6.1 - aioseo.com -->\n\t<meta name=\"description\" content=\"Las viviendas de uso tur\u00edstico en Galicia deber\u00e1n dotarse de unos servicios m\u00ednimos como alquilarse completas, estar &quot;suficientemente amuebladas&quot;, tener calefacci\u00f3n en todas las dependencias, contar con un tel\u00e9fono de atenci\u00f3n 24 horas, servicio de asistencia y mantenimiento del inmueble, as\u00ed como hojas de reclamaci\u00f3n. Lo ha explicado el presidente gallego, Alberto N\u00fa\u00f1ez Feij\u00f3o, quien\" \/>\n\t<meta name=\"robots\" content=\"max-image-preview:large\" \/>\n\t<meta name=\"author\" content=\"admin\"\/>\n\t<meta name=\"google-site-verification\" content=\"UA-38556648-1\" \/>\n\t<meta name=\"keywords\" content=\"noticias y actualidad\" \/>\n\t<link rel=\"canonical\" href=\"https:\/\/eldigitaldeasturias.com\/magazine365\/las-viviendas-de-uso-turistico-en-galicia-deberan-alquilarse-completas-y-tener-telefono-de-atencion-24-horas\/\" \/>\n\t<meta name=\"generator\" content=\"All in One SEO Pro (AIOSEO) 4.9.6.1\" \/>\n\t\t<meta property=\"og:locale\" content=\"es_ES\" \/>\n\t\t<meta property=\"og:site_name\" content=\"El Digital de Asturias \u2013 Revista de ocio, turismo y estilo de vida\" \/>\n\t\t<meta property=\"og:type\" content=\"article\" \/>\n\t\t<meta property=\"og:title\" content=\"Las viviendas de uso tur\u00edstico en Galicia deber\u00e1n alquilarse completas y tener tel\u00e9fono de atenci\u00f3n 24 horas | El Digital de Asturias\" \/>\n\t\t<meta property=\"og:description\" content=\"Las viviendas de uso tur\u00edstico en Galicia deber\u00e1n dotarse de unos servicios m\u00ednimos como alquilarse completas, estar &quot;suficientemente amuebladas&quot;, tener calefacci\u00f3n en todas las dependencias, contar con un tel\u00e9fono de atenci\u00f3n 24 horas, servicio de asistencia y mantenimiento del inmueble, as\u00ed como hojas de reclamaci\u00f3n. Lo ha explicado el presidente gallego, Alberto N\u00fa\u00f1ez Feij\u00f3o, quien\" \/>\n\t\t<meta property=\"og:url\" content=\"https:\/\/eldigitaldeasturias.com\/magazine365\/las-viviendas-de-uso-turistico-en-galicia-deberan-alquilarse-completas-y-tener-telefono-de-atencion-24-horas\/\" \/>\n\t\t<meta property=\"og:image\" content=\"https:\/\/eldigitaldeasturias.com\/magazine365\/wp-content\/uploads\/2016\/01\/fotonoticia_20160114184659_800.jpg\" \/>\n\t\t<meta property=\"og:image:secure_url\" content=\"https:\/\/eldigitaldeasturias.com\/magazine365\/wp-content\/uploads\/2016\/01\/fotonoticia_20160114184659_800.jpg\" \/>\n\t\t<meta property=\"og:image:width\" content=\"800\" \/>\n\t\t<meta property=\"og:image:height\" content=\"533\" \/>\n\t\t<meta property=\"article:published_time\" content=\"2016-01-15T00:26:53+00:00\" \/>\n\t\t<meta property=\"article:modified_time\" content=\"2016-01-15T00:26:53+00:00\" \/>\n\t\t<meta name=\"twitter:card\" content=\"summary_large_image\" \/>\n\t\t<meta name=\"twitter:title\" content=\"Las viviendas de uso tur\u00edstico en Galicia deber\u00e1n alquilarse completas y tener tel\u00e9fono de atenci\u00f3n 24 horas | El Digital de Asturias\" \/>\n\t\t<meta name=\"twitter:description\" content=\"Las viviendas de uso tur\u00edstico en Galicia deber\u00e1n dotarse de unos servicios m\u00ednimos como alquilarse completas, estar &quot;suficientemente amuebladas&quot;, tener calefacci\u00f3n en todas las dependencias, contar con un tel\u00e9fono de atenci\u00f3n 24 horas, servicio de asistencia y mantenimiento del inmueble, as\u00ed como hojas de reclamaci\u00f3n. Lo ha explicado el presidente gallego, Alberto N\u00fa\u00f1ez Feij\u00f3o, quien\" \/>\n\t\t<meta name=\"twitter:image\" content=\"https:\/\/eldigitaldeasturias.com\/magazine365\/wp-content\/uploads\/2016\/01\/fotonoticia_20160114184659_800.jpg\" \/>\n\t\t<script type=\"application\/ld+json\" class=\"aioseo-schema\">\n\t\t\t{\"@context\":\"https:\\\/\\\/schema.org\",\"@graph\":[{\"@type\":\"Article\",\"@id\":\"https:\\\/\\\/eldigitaldeasturias.com\\\/magazine365\\\/las-viviendas-de-uso-turistico-en-galicia-deberan-alquilarse-completas-y-tener-telefono-de-atencion-24-horas\\\/#article\",\"name\":\"Las viviendas de uso tur\\u00edstico en Galicia deber\\u00e1n alquilarse completas y tener tel\\u00e9fono de atenci\\u00f3n 24 horas | El Digital de Asturias\",\"headline\":\"Las viviendas de uso tur\\u00edstico en Galicia deber\\u00e1n alquilarse completas y tener tel\\u00e9fono de atenci\\u00f3n 24 horas\",\"author\":{\"@id\":\"https:\\\/\\\/eldigitaldeasturias.com\\\/magazine365\\\/author\\\/admin\\\/#author\"},\"publisher\":{\"@id\":\"https:\\\/\\\/eldigitaldeasturias.com\\\/magazine365\\\/#organization\"},\"image\":{\"@type\":\"ImageObject\",\"url\":\"https:\\\/\\\/eldigitaldeasturias.com\\\/magazine365\\\/wp-content\\\/uploads\\\/2016\\\/01\\\/fotonoticia_20160114184659_800.jpg\",\"width\":800,\"height\":533},\"datePublished\":\"2016-01-15T01:26:53+01:00\",\"dateModified\":\"2016-01-15T01:26:53+01:00\",\"inLanguage\":\"es-ES\",\"mainEntityOfPage\":{\"@id\":\"https:\\\/\\\/eldigitaldeasturias.com\\\/magazine365\\\/las-viviendas-de-uso-turistico-en-galicia-deberan-alquilarse-completas-y-tener-telefono-de-atencion-24-horas\\\/#webpage\"},\"isPartOf\":{\"@id\":\"https:\\\/\\\/eldigitaldeasturias.com\\\/magazine365\\\/las-viviendas-de-uso-turistico-en-galicia-deberan-alquilarse-completas-y-tener-telefono-de-atencion-24-horas\\\/#webpage\"},\"articleSection\":\"Noticias y Actualidad\"},{\"@type\":\"BreadcrumbList\",\"@id\":\"https:\\\/\\\/eldigitaldeasturias.com\\\/magazine365\\\/las-viviendas-de-uso-turistico-en-galicia-deberan-alquilarse-completas-y-tener-telefono-de-atencion-24-horas\\\/#breadcrumblist\",\"itemListElement\":[{\"@type\":\"ListItem\",\"@id\":\"https:\\\/\\\/eldigitaldeasturias.com\\\/magazine365#listItem\",\"position\":1,\"name\":\"Home\",\"item\":\"https:\\\/\\\/eldigitaldeasturias.com\\\/magazine365\",\"nextItem\":{\"@type\":\"ListItem\",\"@id\":\"https:\\\/\\\/eldigitaldeasturias.com\\\/magazine365\\\/category\\\/noticias-actualidad\\\/#listItem\",\"name\":\"Noticias y Actualidad\"}},{\"@type\":\"ListItem\",\"@id\":\"https:\\\/\\\/eldigitaldeasturias.com\\\/magazine365\\\/category\\\/noticias-actualidad\\\/#listItem\",\"position\":2,\"name\":\"Noticias y Actualidad\",\"item\":\"https:\\\/\\\/eldigitaldeasturias.com\\\/magazine365\\\/category\\\/noticias-actualidad\\\/\",\"nextItem\":{\"@type\":\"ListItem\",\"@id\":\"https:\\\/\\\/eldigitaldeasturias.com\\\/magazine365\\\/las-viviendas-de-uso-turistico-en-galicia-deberan-alquilarse-completas-y-tener-telefono-de-atencion-24-horas\\\/#listItem\",\"name\":\"Las viviendas de uso tur\\u00edstico en Galicia deber\\u00e1n alquilarse completas y tener tel\\u00e9fono de atenci\\u00f3n 24 horas\"},\"previousItem\":{\"@type\":\"ListItem\",\"@id\":\"https:\\\/\\\/eldigitaldeasturias.com\\\/magazine365#listItem\",\"name\":\"Home\"}},{\"@type\":\"ListItem\",\"@id\":\"https:\\\/\\\/eldigitaldeasturias.com\\\/magazine365\\\/las-viviendas-de-uso-turistico-en-galicia-deberan-alquilarse-completas-y-tener-telefono-de-atencion-24-horas\\\/#listItem\",\"position\":3,\"name\":\"Las viviendas de uso tur\\u00edstico en Galicia deber\\u00e1n alquilarse completas y tener tel\\u00e9fono de atenci\\u00f3n 24 horas\",\"previousItem\":{\"@type\":\"ListItem\",\"@id\":\"https:\\\/\\\/eldigitaldeasturias.com\\\/magazine365\\\/category\\\/noticias-actualidad\\\/#listItem\",\"name\":\"Noticias y Actualidad\"}}]},{\"@type\":\"Organization\",\"@id\":\"https:\\\/\\\/eldigitaldeasturias.com\\\/magazine365\\\/#organization\",\"name\":\"El digital de Asturias\",\"description\":\"Revista de ocio, turismo y estilo de vida\",\"url\":\"https:\\\/\\\/eldigitaldeasturias.com\\\/magazine365\\\/\",\"logo\":{\"@type\":\"ImageObject\",\"url\":\"https:\\\/\\\/www.eldigitaldeasturias.com\\\/noticias\\\/wp-content\\\/uploads\\\/2020\\\/12\\\/EDA.jpg\",\"@id\":\"https:\\\/\\\/eldigitaldeasturias.com\\\/magazine365\\\/las-viviendas-de-uso-turistico-en-galicia-deberan-alquilarse-completas-y-tener-telefono-de-atencion-24-horas\\\/#organizationLogo\"},\"image\":{\"@id\":\"https:\\\/\\\/eldigitaldeasturias.com\\\/magazine365\\\/las-viviendas-de-uso-turistico-en-galicia-deberan-alquilarse-completas-y-tener-telefono-de-atencion-24-horas\\\/#organizationLogo\"}},{\"@type\":\"Person\",\"@id\":\"https:\\\/\\\/eldigitaldeasturias.com\\\/magazine365\\\/author\\\/admin\\\/#author\",\"url\":\"https:\\\/\\\/eldigitaldeasturias.com\\\/magazine365\\\/author\\\/admin\\\/\",\"name\":\"admin\",\"image\":{\"@type\":\"ImageObject\",\"@id\":\"https:\\\/\\\/eldigitaldeasturias.com\\\/magazine365\\\/las-viviendas-de-uso-turistico-en-galicia-deberan-alquilarse-completas-y-tener-telefono-de-atencion-24-horas\\\/#authorImage\",\"url\":\"https:\\\/\\\/eldigitaldeasturias.com\\\/magazine365\\\/wp-content\\\/litespeed\\\/avatar\\\/e571bcf59a0edd6fa6838245a470f2fe.jpg?ver=1777574230\",\"width\":96,\"height\":96,\"caption\":\"admin\"}},{\"@type\":\"WebPage\",\"@id\":\"https:\\\/\\\/eldigitaldeasturias.com\\\/magazine365\\\/las-viviendas-de-uso-turistico-en-galicia-deberan-alquilarse-completas-y-tener-telefono-de-atencion-24-horas\\\/#webpage\",\"url\":\"https:\\\/\\\/eldigitaldeasturias.com\\\/magazine365\\\/las-viviendas-de-uso-turistico-en-galicia-deberan-alquilarse-completas-y-tener-telefono-de-atencion-24-horas\\\/\",\"name\":\"Las viviendas de uso tur\\u00edstico en Galicia deber\\u00e1n alquilarse completas y tener tel\\u00e9fono de atenci\\u00f3n 24 horas | El Digital de Asturias\",\"description\":\"Las viviendas de uso tur\\u00edstico en Galicia deber\\u00e1n dotarse de unos servicios m\\u00ednimos como alquilarse completas, estar \\\"suficientemente amuebladas\\\", tener calefacci\\u00f3n en todas las dependencias, contar con un tel\\u00e9fono de atenci\\u00f3n 24 horas, servicio de asistencia y mantenimiento del inmueble, as\\u00ed como hojas de reclamaci\\u00f3n. Lo ha explicado el presidente gallego, Alberto N\\u00fa\\u00f1ez Feij\\u00f3o, quien\",\"inLanguage\":\"es-ES\",\"isPartOf\":{\"@id\":\"https:\\\/\\\/eldigitaldeasturias.com\\\/magazine365\\\/#website\"},\"breadcrumb\":{\"@id\":\"https:\\\/\\\/eldigitaldeasturias.com\\\/magazine365\\\/las-viviendas-de-uso-turistico-en-galicia-deberan-alquilarse-completas-y-tener-telefono-de-atencion-24-horas\\\/#breadcrumblist\"},\"author\":{\"@id\":\"https:\\\/\\\/eldigitaldeasturias.com\\\/magazine365\\\/author\\\/admin\\\/#author\"},\"creator\":{\"@id\":\"https:\\\/\\\/eldigitaldeasturias.com\\\/magazine365\\\/author\\\/admin\\\/#author\"},\"image\":{\"@type\":\"ImageObject\",\"url\":\"https:\\\/\\\/eldigitaldeasturias.com\\\/magazine365\\\/wp-content\\\/uploads\\\/2016\\\/01\\\/fotonoticia_20160114184659_800.jpg\",\"@id\":\"https:\\\/\\\/eldigitaldeasturias.com\\\/magazine365\\\/las-viviendas-de-uso-turistico-en-galicia-deberan-alquilarse-completas-y-tener-telefono-de-atencion-24-horas\\\/#mainImage\",\"width\":800,\"height\":533},\"primaryImageOfPage\":{\"@id\":\"https:\\\/\\\/eldigitaldeasturias.com\\\/magazine365\\\/las-viviendas-de-uso-turistico-en-galicia-deberan-alquilarse-completas-y-tener-telefono-de-atencion-24-horas\\\/#mainImage\"},\"datePublished\":\"2016-01-15T01:26:53+01:00\",\"dateModified\":\"2016-01-15T01:26:53+01:00\"},{\"@type\":\"WebSite\",\"@id\":\"https:\\\/\\\/eldigitaldeasturias.com\\\/magazine365\\\/#website\",\"url\":\"https:\\\/\\\/eldigitaldeasturias.com\\\/magazine365\\\/\",\"name\":\"El Digital de Asturias\",\"description\":\"Revista de ocio, turismo y estilo de vida\",\"inLanguage\":\"es-ES\",\"publisher\":{\"@id\":\"https:\\\/\\\/eldigitaldeasturias.com\\\/magazine365\\\/#organization\"}}]}\n\t\t<\/script>\n\t\t<!-- All in One SEO Pro -->\r\n\t\t<title>Las viviendas de uso tur\u00edstico en Galicia deber\u00e1n alquilarse completas y tener tel\u00e9fono de atenci\u00f3n 24 horas | El Digital de Asturias<\/title>\n\n","aioseo_head_json":{"title":"Las viviendas de uso tur\u00edstico en Galicia deber\u00e1n alquilarse completas y tener tel\u00e9fono de atenci\u00f3n 24 horas | El Digital de Asturias","description":"Las viviendas de uso tur\u00edstico en Galicia deber\u00e1n dotarse de unos servicios m\u00ednimos como alquilarse completas, estar \"suficientemente amuebladas\", tener calefacci\u00f3n en todas las dependencias, contar con un tel\u00e9fono de atenci\u00f3n 24 horas, servicio de asistencia y mantenimiento del inmueble, as\u00ed como hojas de reclamaci\u00f3n. Lo ha explicado el presidente gallego, Alberto N\u00fa\u00f1ez Feij\u00f3o, quien","canonical_url":"https:\/\/eldigitaldeasturias.com\/magazine365\/las-viviendas-de-uso-turistico-en-galicia-deberan-alquilarse-completas-y-tener-telefono-de-atencion-24-horas\/","robots":"max-image-preview:large","keywords":"noticias y actualidad","webmasterTools":{"google-site-verification":"UA-38556648-1","miscellaneous":""},"schema":{"@context":"https:\/\/schema.org","@graph":[{"@type":"Article","@id":"https:\/\/eldigitaldeasturias.com\/magazine365\/las-viviendas-de-uso-turistico-en-galicia-deberan-alquilarse-completas-y-tener-telefono-de-atencion-24-horas\/#article","name":"Las viviendas de uso tur\u00edstico en Galicia deber\u00e1n alquilarse completas y tener tel\u00e9fono de atenci\u00f3n 24 horas | El Digital de Asturias","headline":"Las viviendas de uso tur\u00edstico en Galicia deber\u00e1n alquilarse completas y tener tel\u00e9fono de atenci\u00f3n 24 horas","author":{"@id":"https:\/\/eldigitaldeasturias.com\/magazine365\/author\/admin\/#author"},"publisher":{"@id":"https:\/\/eldigitaldeasturias.com\/magazine365\/#organization"},"image":{"@type":"ImageObject","url":"https:\/\/eldigitaldeasturias.com\/magazine365\/wp-content\/uploads\/2016\/01\/fotonoticia_20160114184659_800.jpg","width":800,"height":533},"datePublished":"2016-01-15T01:26:53+01:00","dateModified":"2016-01-15T01:26:53+01:00","inLanguage":"es-ES","mainEntityOfPage":{"@id":"https:\/\/eldigitaldeasturias.com\/magazine365\/las-viviendas-de-uso-turistico-en-galicia-deberan-alquilarse-completas-y-tener-telefono-de-atencion-24-horas\/#webpage"},"isPartOf":{"@id":"https:\/\/eldigitaldeasturias.com\/magazine365\/las-viviendas-de-uso-turistico-en-galicia-deberan-alquilarse-completas-y-tener-telefono-de-atencion-24-horas\/#webpage"},"articleSection":"Noticias y Actualidad"},{"@type":"BreadcrumbList","@id":"https:\/\/eldigitaldeasturias.com\/magazine365\/las-viviendas-de-uso-turistico-en-galicia-deberan-alquilarse-completas-y-tener-telefono-de-atencion-24-horas\/#breadcrumblist","itemListElement":[{"@type":"ListItem","@id":"https:\/\/eldigitaldeasturias.com\/magazine365#listItem","position":1,"name":"Home","item":"https:\/\/eldigitaldeasturias.com\/magazine365","nextItem":{"@type":"ListItem","@id":"https:\/\/eldigitaldeasturias.com\/magazine365\/category\/noticias-actualidad\/#listItem","name":"Noticias y Actualidad"}},{"@type":"ListItem","@id":"https:\/\/eldigitaldeasturias.com\/magazine365\/category\/noticias-actualidad\/#listItem","position":2,"name":"Noticias y Actualidad","item":"https:\/\/eldigitaldeasturias.com\/magazine365\/category\/noticias-actualidad\/","nextItem":{"@type":"ListItem","@id":"https:\/\/eldigitaldeasturias.com\/magazine365\/las-viviendas-de-uso-turistico-en-galicia-deberan-alquilarse-completas-y-tener-telefono-de-atencion-24-horas\/#listItem","name":"Las viviendas de uso tur\u00edstico en Galicia deber\u00e1n alquilarse completas y tener tel\u00e9fono de atenci\u00f3n 24 horas"},"previousItem":{"@type":"ListItem","@id":"https:\/\/eldigitaldeasturias.com\/magazine365#listItem","name":"Home"}},{"@type":"ListItem","@id":"https:\/\/eldigitaldeasturias.com\/magazine365\/las-viviendas-de-uso-turistico-en-galicia-deberan-alquilarse-completas-y-tener-telefono-de-atencion-24-horas\/#listItem","position":3,"name":"Las viviendas de uso tur\u00edstico en Galicia deber\u00e1n alquilarse completas y tener tel\u00e9fono de atenci\u00f3n 24 horas","previousItem":{"@type":"ListItem","@id":"https:\/\/eldigitaldeasturias.com\/magazine365\/category\/noticias-actualidad\/#listItem","name":"Noticias y Actualidad"}}]},{"@type":"Organization","@id":"https:\/\/eldigitaldeasturias.com\/magazine365\/#organization","name":"El digital de Asturias","description":"Revista de ocio, turismo y estilo de vida","url":"https:\/\/eldigitaldeasturias.com\/magazine365\/","logo":{"@type":"ImageObject","url":"https:\/\/www.eldigitaldeasturias.com\/noticias\/wp-content\/uploads\/2020\/12\/EDA.jpg","@id":"https:\/\/eldigitaldeasturias.com\/magazine365\/las-viviendas-de-uso-turistico-en-galicia-deberan-alquilarse-completas-y-tener-telefono-de-atencion-24-horas\/#organizationLogo"},"image":{"@id":"https:\/\/eldigitaldeasturias.com\/magazine365\/las-viviendas-de-uso-turistico-en-galicia-deberan-alquilarse-completas-y-tener-telefono-de-atencion-24-horas\/#organizationLogo"}},{"@type":"Person","@id":"https:\/\/eldigitaldeasturias.com\/magazine365\/author\/admin\/#author","url":"https:\/\/eldigitaldeasturias.com\/magazine365\/author\/admin\/","name":"admin","image":{"@type":"ImageObject","@id":"https:\/\/eldigitaldeasturias.com\/magazine365\/las-viviendas-de-uso-turistico-en-galicia-deberan-alquilarse-completas-y-tener-telefono-de-atencion-24-horas\/#authorImage","url":"https:\/\/eldigitaldeasturias.com\/magazine365\/wp-content\/litespeed\/avatar\/e571bcf59a0edd6fa6838245a470f2fe.jpg?ver=1777574230","width":96,"height":96,"caption":"admin"}},{"@type":"WebPage","@id":"https:\/\/eldigitaldeasturias.com\/magazine365\/las-viviendas-de-uso-turistico-en-galicia-deberan-alquilarse-completas-y-tener-telefono-de-atencion-24-horas\/#webpage","url":"https:\/\/eldigitaldeasturias.com\/magazine365\/las-viviendas-de-uso-turistico-en-galicia-deberan-alquilarse-completas-y-tener-telefono-de-atencion-24-horas\/","name":"Las viviendas de uso tur\u00edstico en Galicia deber\u00e1n alquilarse completas y tener tel\u00e9fono de atenci\u00f3n 24 horas | El Digital de Asturias","description":"Las viviendas de uso tur\u00edstico en Galicia deber\u00e1n dotarse de unos servicios m\u00ednimos como alquilarse completas, estar \"suficientemente amuebladas\", tener calefacci\u00f3n en todas las dependencias, contar con un tel\u00e9fono de atenci\u00f3n 24 horas, servicio de asistencia y mantenimiento del inmueble, as\u00ed como hojas de reclamaci\u00f3n. Lo ha explicado el presidente gallego, Alberto N\u00fa\u00f1ez Feij\u00f3o, quien","inLanguage":"es-ES","isPartOf":{"@id":"https:\/\/eldigitaldeasturias.com\/magazine365\/#website"},"breadcrumb":{"@id":"https:\/\/eldigitaldeasturias.com\/magazine365\/las-viviendas-de-uso-turistico-en-galicia-deberan-alquilarse-completas-y-tener-telefono-de-atencion-24-horas\/#breadcrumblist"},"author":{"@id":"https:\/\/eldigitaldeasturias.com\/magazine365\/author\/admin\/#author"},"creator":{"@id":"https:\/\/eldigitaldeasturias.com\/magazine365\/author\/admin\/#author"},"image":{"@type":"ImageObject","url":"https:\/\/eldigitaldeasturias.com\/magazine365\/wp-content\/uploads\/2016\/01\/fotonoticia_20160114184659_800.jpg","@id":"https:\/\/eldigitaldeasturias.com\/magazine365\/las-viviendas-de-uso-turistico-en-galicia-deberan-alquilarse-completas-y-tener-telefono-de-atencion-24-horas\/#mainImage","width":800,"height":533},"primaryImageOfPage":{"@id":"https:\/\/eldigitaldeasturias.com\/magazine365\/las-viviendas-de-uso-turistico-en-galicia-deberan-alquilarse-completas-y-tener-telefono-de-atencion-24-horas\/#mainImage"},"datePublished":"2016-01-15T01:26:53+01:00","dateModified":"2016-01-15T01:26:53+01:00"},{"@type":"WebSite","@id":"https:\/\/eldigitaldeasturias.com\/magazine365\/#website","url":"https:\/\/eldigitaldeasturias.com\/magazine365\/","name":"El Digital de Asturias","description":"Revista de ocio, turismo y estilo de vida","inLanguage":"es-ES","publisher":{"@id":"https:\/\/eldigitaldeasturias.com\/magazine365\/#organization"}}]},"og:locale":"es_ES","og:site_name":"El Digital de Asturias \u2013 Revista de ocio, turismo y estilo de vida","og:type":"article","og:title":"Las viviendas de uso tur\u00edstico en Galicia deber\u00e1n alquilarse completas y tener tel\u00e9fono de atenci\u00f3n 24 horas | El Digital de Asturias","og:description":"Las viviendas de uso tur\u00edstico en Galicia deber\u00e1n dotarse de unos servicios m\u00ednimos como alquilarse completas, estar &quot;suficientemente amuebladas&quot;, tener calefacci\u00f3n en todas las dependencias, contar con un tel\u00e9fono de atenci\u00f3n 24 horas, servicio de asistencia y mantenimiento del inmueble, as\u00ed como hojas de reclamaci\u00f3n. Lo ha explicado el presidente gallego, Alberto N\u00fa\u00f1ez Feij\u00f3o, quien","og:url":"https:\/\/eldigitaldeasturias.com\/magazine365\/las-viviendas-de-uso-turistico-en-galicia-deberan-alquilarse-completas-y-tener-telefono-de-atencion-24-horas\/","og:image":"https:\/\/eldigitaldeasturias.com\/magazine365\/wp-content\/uploads\/2016\/01\/fotonoticia_20160114184659_800.jpg","og:image:secure_url":"https:\/\/eldigitaldeasturias.com\/magazine365\/wp-content\/uploads\/2016\/01\/fotonoticia_20160114184659_800.jpg","og:image:width":800,"og:image:height":533,"article:published_time":"2016-01-15T00:26:53+00:00","article:modified_time":"2016-01-15T00:26:53+00:00","twitter:card":"summary_large_image","twitter:title":"Las viviendas de uso tur\u00edstico en Galicia deber\u00e1n alquilarse completas y tener tel\u00e9fono de atenci\u00f3n 24 horas | El Digital de Asturias","twitter:description":"Las viviendas de uso tur\u00edstico en Galicia deber\u00e1n dotarse de unos servicios m\u00ednimos como alquilarse completas, estar &quot;suficientemente amuebladas&quot;, tener calefacci\u00f3n en todas las dependencias, contar con un tel\u00e9fono de atenci\u00f3n 24 horas, servicio de asistencia y mantenimiento del inmueble, as\u00ed como hojas de reclamaci\u00f3n. Lo ha explicado el presidente gallego, Alberto N\u00fa\u00f1ez Feij\u00f3o, quien","twitter:image":"https:\/\/eldigitaldeasturias.com\/magazine365\/wp-content\/uploads\/2016\/01\/fotonoticia_20160114184659_800.jpg"},"aioseo_meta_data":{"post_id":"60724","title":null,"description":null,"keywords":null,"keyphrases":null,"primary_term":null,"canonical_url":null,"og_title":null,"og_description":null,"og_object_type":"default","og_image_type":"default","og_image_url":null,"og_image_width":null,"og_image_height":null,"og_image_custom_url":null,"og_image_custom_fields":null,"og_video":null,"og_custom_url":null,"og_article_section":null,"og_article_tags":null,"twitter_use_og":false,"twitter_card":"default","twitter_image_type":"default","twitter_image_url":null,"twitter_image_custom_url":null,"twitter_image_custom_fields":null,"twitter_title":null,"twitter_description":null,"schema":{"blockGraphs":[],"customGraphs":[],"default":{"data":{"Article":[],"Course":[],"Dataset":[],"FAQPage":[],"Movie":[],"Person":[],"Product":[],"ProductReview":[],"Car":[],"Recipe":[],"Service":[],"SoftwareApplication":[],"WebPage":[]},"graphName":"","isEnabled":true},"graphs":[],"defaultGraph":"","defaultPostTypeGraph":""},"schema_type":null,"schema_type_options":null,"pillar_content":false,"robots_default":true,"robots_noindex":false,"robots_noarchive":false,"robots_nosnippet":false,"robots_nofollow":false,"robots_noimageindex":false,"robots_noodp":false,"robots_notranslate":false,"robots_max_snippet":null,"robots_max_videopreview":null,"robots_max_imagepreview":"large","priority":null,"frequency":null,"location":null,"local_seo":null,"seo_analyzer_scan_date":"2025-09-25 07:26:23","breadcrumb_settings":null,"limit_modified_date":false,"open_ai":null,"ai":null,"created":"2021-03-08 21:57:16","updated":"2025-09-25 07:26:23"},"aioseo_breadcrumb":"<div class=\"aioseo-breadcrumbs\"><span class=\"aioseo-breadcrumb\">\n\t<a href=\"https:\/\/eldigitaldeasturias.com\/magazine365\" title=\"Home\">Home<\/a>\n<\/span><span class=\"aioseo-breadcrumb-separator\">\u2013<\/span><span class=\"aioseo-breadcrumb\">\n\t<a href=\"https:\/\/eldigitaldeasturias.com\/magazine365\/category\/noticias-actualidad\/\" title=\"Noticias y Actualidad\">Noticias y Actualidad<\/a>\n<\/span><span class=\"aioseo-breadcrumb-separator\">\u2013<\/span><span class=\"aioseo-breadcrumb\">\n\t<a href=\"https:\/\/eldigitaldeasturias.com\/magazine365\/las-viviendas-de-uso-turistico-en-galicia-deberan-alquilarse-completas-y-tener-telefono-de-atencion-24-horas\/\" title=\"Las viviendas de uso tur\u00edstico en Galicia deber\u00e1n alquilarse completas y tener tel\u00e9fono de atenci\u00f3n 24 horas\">Las viviendas de uso tur\u00edstico en Galicia deber\u00e1n alquilarse completas y tener tel\u00e9fono de atenci\u00f3n 24 horas<\/a>\n<\/span><\/div>","aioseo_breadcrumb_json":[{"label":"Home","link":"https:\/\/eldigitaldeasturias.com\/magazine365"},{"label":"Noticias y Actualidad","link":"https:\/\/eldigitaldeasturias.com\/magazine365\/category\/noticias-actualidad\/"},{"label":"Las viviendas de uso tur\u00edstico en Galicia deber\u00e1n alquilarse completas y tener tel\u00e9fono de atenci\u00f3n 24 horas","link":"https:\/\/eldigitaldeasturias.com\/magazine365\/las-viviendas-de-uso-turistico-en-galicia-deberan-alquilarse-completas-y-tener-telefono-de-atencion-24-horas\/"}],"_links":{"self":[{"href":"https:\/\/eldigitaldeasturias.com\/magazine365\/wp-json\/wp\/v2\/posts\/60724","targetHints":{"allow":["GET"]}}],"collection":[{"href":"https:\/\/eldigitaldeasturias.com\/magazine365\/wp-json\/wp\/v2\/posts"}],"about":[{"href":"https:\/\/eldigitaldeasturias.com\/magazine365\/wp-json\/wp\/v2\/types\/post"}],"author":[{"embeddable":true,"href":"https:\/\/eldigitaldeasturias.com\/magazine365\/wp-json\/wp\/v2\/users\/1"}],"replies":[{"embeddable":true,"href":"https:\/\/eldigitaldeasturias.com\/magazine365\/wp-json\/wp\/v2\/comments?post=60724"}],"version-history":[{"count":0,"href":"https:\/\/eldigitaldeasturias.com\/magazine365\/wp-json\/wp\/v2\/posts\/60724\/revisions"}],"wp:featuredmedia":[{"embeddable":true,"href":"https:\/\/eldigitaldeasturias.com\/magazine365\/wp-json\/wp\/v2\/media\/60725"}],"wp:attachment":[{"href":"https:\/\/eldigitaldeasturias.com\/magazine365\/wp-json\/wp\/v2\/media?parent=60724"}],"wp:term":[{"taxonomy":"category","embeddable":true,"href":"https:\/\/eldigitaldeasturias.com\/magazine365\/wp-json\/wp\/v2\/categories?post=60724"},{"taxonomy":"post_tag","embeddable":true,"href":"https:\/\/eldigitaldeasturias.com\/magazine365\/wp-json\/wp\/v2\/tags?post=60724"}],"curies":[{"name":"wp","href":"https:\/\/api.w.org\/{rel}","templated":true}]}}