{"id":60718,"date":"2016-01-15T01:24:26","date_gmt":"2016-01-15T00:24:26","guid":{"rendered":"http:\/\/eldigitaldeasturias.com\/magazine365\/?p=60718"},"modified":"2016-01-15T01:24:26","modified_gmt":"2016-01-15T00:24:26","slug":"la-diputacion-de-jaen-lleva-a-fitur-su-apuesta-por-el-cine-a-la-oferta-turistica","status":"publish","type":"post","link":"https:\/\/eldigitaldeasturias.com\/magazine365\/la-diputacion-de-jaen-lleva-a-fitur-su-apuesta-por-el-cine-a-la-oferta-turistica\/","title":{"rendered":"La Diputaci\u00f3n de Ja\u00e9n lleva a Fitur su apuesta por el cine a la oferta tur\u00edstica"},"content":{"rendered":"<p><img fetchpriority=\"high\" decoding=\"async\" class=\"alignleft size-medium wp-image-60719\" src=\"https:\/\/eldigitaldeasturias.com\/magazine365\/wp-content\/uploads\/2016\/01\/fotonoticia_20160114174314_800-360x270.jpg\" alt=\"fotonoticia_20160114174314_800\" width=\"360\" height=\"270\" srcset=\"https:\/\/eldigitaldeasturias.com\/magazine365\/wp-content\/uploads\/2016\/01\/fotonoticia_20160114174314_800-360x270.jpg 360w, https:\/\/eldigitaldeasturias.com\/magazine365\/wp-content\/uploads\/2016\/01\/fotonoticia_20160114174314_800-650x488.jpg 650w, https:\/\/eldigitaldeasturias.com\/magazine365\/wp-content\/uploads\/2016\/01\/fotonoticia_20160114174314_800-768x576.jpg 768w, https:\/\/eldigitaldeasturias.com\/magazine365\/wp-content\/uploads\/2016\/01\/fotonoticia_20160114174314_800-150x113.jpg 150w, https:\/\/eldigitaldeasturias.com\/magazine365\/wp-content\/uploads\/2016\/01\/fotonoticia_20160114174314_800-450x338.jpg 450w, https:\/\/eldigitaldeasturias.com\/magazine365\/wp-content\/uploads\/2016\/01\/fotonoticia_20160114174314_800-80x60.jpg 80w, https:\/\/eldigitaldeasturias.com\/magazine365\/wp-content\/uploads\/2016\/01\/fotonoticia_20160114174314_800-265x198.jpg 265w, https:\/\/eldigitaldeasturias.com\/magazine365\/wp-content\/uploads\/2016\/01\/fotonoticia_20160114174314_800-696x522.jpg 696w, https:\/\/eldigitaldeasturias.com\/magazine365\/wp-content\/uploads\/2016\/01\/fotonoticia_20160114174314_800-560x420.jpg 560w, https:\/\/eldigitaldeasturias.com\/magazine365\/wp-content\/uploads\/2016\/01\/fotonoticia_20160114174314_800-90x67.jpg 90w, https:\/\/eldigitaldeasturias.com\/magazine365\/wp-content\/uploads\/2016\/01\/fotonoticia_20160114174314_800-164x124.jpg 164w, https:\/\/eldigitaldeasturias.com\/magazine365\/wp-content\/uploads\/2016\/01\/fotonoticia_20160114174314_800-100x75.jpg 100w, https:\/\/eldigitaldeasturias.com\/magazine365\/wp-content\/uploads\/2016\/01\/fotonoticia_20160114174314_800.jpg 800w\" sizes=\"(max-width: 360px) 100vw, 360px\" \/>La provincia de Ja\u00e9n se presentar\u00e1 en la Feria Internacional de Turismo, Fitur 2016, con dos nuevos productos, en este caso en torno al s\u00e9ptimo arte y la costa de interior. &#8216;Ja\u00e9n con el cine. 25 a\u00f1os&#8217; y el complejo tur\u00edstico deportivo del Tranco, con su barco solar a la cabeza, ser\u00e1n este a\u00f1o los grandes protagonistas del estand de Ja\u00e9n junto al oleoturismo y los aceites de oliva virgen extra distinguidos con el distintivo &#8216;Ja\u00e9n Selecci\u00f3n 2016&#8217;.<\/p>\n<p>El presidente de la Diputaci\u00f3n Provincial, Francisco Reyes, acompa\u00f1ado por el diputado de Promoci\u00f3n y Turismo, Manuel Fern\u00e1ndez, ha presentado junto a la delegada del Gobierno andaluz en Ja\u00e9n, Ana Cobo, las propuestas de Ja\u00e9n para Fitur 2016, que celebrar\u00e1 entre los d\u00edas 20 y 24 de enero su trig\u00e9simo sexta edici\u00f3n.<\/p>\n<p>\u00abJa\u00e9n mostrar\u00e1 en la feria del sector tur\u00edstico m\u00e1s importante de Espa\u00f1a productos novedosos junto a su consolidada oferta tur\u00edstica, sobre todo con un objetivo claro, mantener en este 2016 la tendencia positiva del sector tur\u00edstico que nos ha dejado 2015\u00bb, ha destacado Reyes.<\/p>\n<p>El presidente de la Diputaci\u00f3n ha explicado el programa &#8216;Ja\u00e9n con el cine&#8217;, que se presentar\u00e1 el d\u00eda 21 en el stand de Ja\u00e9n en Fitur con la presencia de figuras destacadas del panorama cinematogr\u00e1fico espa\u00f1ol como la actriz jiennense Natalia de Molina, Maribel Verd\u00fa, Tito Valverde o Gracia Querejeta.<\/p>\n<p>\u00abJa\u00e9n con el cine es un amplio programa de actividades en torno al s\u00e9ptimo arte que se va a desarrollar a lo largo de este 2016, a\u00f1o en el que se cumple el 25 aniversario del programa de la Diputaci\u00f3n Encuentros con el cine espa\u00f1ol\u00bb, ha avanzado Reyes, que ha recordado las muchas actividades que organiza la Administraci\u00f3n provincial relacionadas con el cine a lo largo del a\u00f1o.<\/p>\n<p>\u00abEstas propuestas nos sit\u00faan como una de las administraciones p\u00fablicas espa\u00f1olas que m\u00e1s apoya a nuestra industria cinematogr\u00e1fica, como ha reconocido hasta la Academia de Cine\u00bb, ha subrayado Francisco Reyes, quien ha a\u00f1adido que actividades culturales de este tipo \u00abson un valor a\u00f1adido y una magn\u00edfica oportunidad para atraer a visitantes, para que disfruten de estos programas cinematogr\u00e1ficos y, paralelamente, descubran nuestra provincia, sus monumentos, sus paisajes, algunos de ellos escenarios de rodajes de pel\u00edculas, y nuestra gastronom\u00eda\u00bb.<\/p>\n<p>Junto al cine, la otra iniciativa novedosa que presentar\u00e1 la provincia en Fitur es el aprovechamiento tur\u00edstico de los embalses, encabezados por el complejo tur\u00edstico deportivo del Tranco. Al respecto, el presidente de la Diputaci\u00f3n ha recordado que en este proyecto \u00abllevamos a\u00f1os trabajando con la Junta de Andaluc\u00eda para generar espacios recreativos y tur\u00edstico\u00bb.<\/p>\n<p>De igual manera, ocupar\u00e1n un lugar preferente los ocho aceites de oliva virgen que sean distinguidos ma\u00f1ana con el sello &#8216;Ja\u00e9n Selecci\u00f3n 2016&#8217;. Reyes ha indicado que \u00abal igual que en ediciones anteriores de Fitur, el estand de Ja\u00e9n ser\u00e1 el escenario donde se entregue este distintivo, al que este a\u00f1o se han presentado muchos aceites y de gran calidad, por lo que ser\u00e1 muy dif\u00edcil elegir a los mejores\u00bb.<\/p>\n<p>El stand de la provincia, donde tambi\u00e9n tendr\u00e1n presencia productos consolidados como Renacimiento del Sur, Viaje al Tiempo de los \u00cdberos, la Ruta de los Castillos y Batallas y los parques naturales, dispondr\u00e1 de 316 metros cuadrados y se ubicar\u00e1 en el pabell\u00f3n 5 de Ifema, en el que un a\u00f1o m\u00e1s se agrupa la oferta tur\u00edstica andaluza.<\/p>\n<p>Paralelamente, \u00dabeda y Baeza estar\u00e1n presentes en la zona expositiva de Andaluc\u00eda dedicada a las localidades y monumentos con declaraci\u00f3n de Patrimonio de la Humanidad. Adem\u00e1s, coexpositores como las asociaciones para el desarrollo rural de las distintas comarcas de la provincia; los ayuntamientos de And\u00fajar, Linares, Ja\u00e9n, Baeza y \u00dabeda; la Fundaci\u00f3n del Olivar; y la asociaci\u00f3n de alojamientos de la provincia de Ja\u00e9n, ofrecer\u00e1n informaci\u00f3n tur\u00edstica de su \u00e1mbito de influencia.<\/p>\n<p>OFERTA DIVERSIFICADA<\/p>\n<p>Por su parte, la delegada del gobierno andaluz en Ja\u00e9n, Ana Cobo, ha manifestado que Ja\u00e9n agrupa una de las ofertas tur\u00edsticas m\u00e1s diversificadas en calidad y cantidad y ha apuntado que el objetivo es \u00abno solo incrementar el n\u00famero de visitantes sino que se vayan satisfechos\u00bb. De hecho, seg\u00fan los datos ofrecidos por la Empresa P\u00fablica para la Gesti\u00f3n del Turismo y del Deporte de Andaluc\u00eda relativos al tercer trimestre de 2015, los turistas dan al para\u00edso interior jiennense una nota de 8,4 puntos sobre 10.<\/p>\n<p>Por otro lado, Ana Cobo ha apuntado que este a\u00f1o Andaluc\u00eda tendr\u00e1 un peso especial en Fitur, \u00abun plus ya que es socio oficial de la feria\u00bb, lo que incrementar\u00e1 la visibilidad de la marca andaluza en todo lo que tenga que vez con este foro de turismo, y ha puesto de relieve que \u00abAndaluc\u00eda es un gran referente tur\u00edstico nacional e internacional gracias a la pluralidad y complementariedad de su oferta, su clima y sus infraestructuras tur\u00edsticas\u00bb.<\/p>\n<p>Para esta edici\u00f3n han sido acreditadas alrededor de 250 empresas tur\u00edsticas y m\u00e1s de 400 empresarios de la provincia de Ja\u00e9n, \u00abcon los que vamos a seguir haciendo un esfuerzo promocional y sumando nuevos productos diferenciales para incrementar las cifras de visitantes a la provincia\u00bb.<\/p>\n<p>En este sentido, Reyes se ha referido a los buenos datos que ha dejado el a\u00f1o 2015, que a falta de conocer las cifras de diciembre dejan en el territorio jiennense un incremento del 8,8 por ciento en n\u00famero de visitantes y un 8,6 por ciento m\u00e1s en pernoctaciones. \u00abNo queremos echar las campanas al vuelo, pero el trabajo que estamos realizando tambi\u00e9n en colaboraci\u00f3n con la Junta de Andaluc\u00eda creemos que va en la buena l\u00ednea\u00bb, ha concluido el presidente de la Administraci\u00f3n provincial.<\/p>\n","protected":false},"excerpt":{"rendered":"<p>La provincia de Ja\u00e9n se presentar\u00e1 en la Feria Internacional de Turismo, Fitur 2016, con dos nuevos productos, en este caso en torno al s\u00e9ptimo arte y la costa de interior. &#8216;Ja\u00e9n con el cine. 25 a\u00f1os&#8217; y el complejo tur\u00edstico deportivo del Tranco, con su barco solar a la cabeza, ser\u00e1n este a\u00f1o los<\/p>\n","protected":false},"author":1,"featured_media":60719,"comment_status":"open","ping_status":"closed","sticky":false,"template":"","format":"standard","meta":{"footnotes":""},"categories":[224],"tags":[],"class_list":{"0":"post-60718","1":"post","2":"type-post","3":"status-publish","4":"format-standard","5":"has-post-thumbnail","7":"category-noticias-actualidad"},"aioseo_notices":[],"aioseo_head":"\n\t\t<!-- All in One SEO Pro 4.9.6.1 - aioseo.com -->\n\t<meta name=\"description\" content=\"La provincia de Ja\u00e9n se presentar\u00e1 en la Feria Internacional de Turismo, Fitur 2016, con dos nuevos productos, en este caso en torno al s\u00e9ptimo arte y la costa de interior. &#039;Ja\u00e9n con el cine. 25 a\u00f1os&#039; y el complejo tur\u00edstico deportivo del Tranco, con su barco solar a la cabeza, ser\u00e1n este a\u00f1o los\" \/>\n\t<meta name=\"robots\" content=\"max-image-preview:large\" \/>\n\t<meta name=\"author\" content=\"admin\"\/>\n\t<meta name=\"google-site-verification\" content=\"UA-38556648-1\" \/>\n\t<meta name=\"keywords\" content=\"noticias y actualidad\" \/>\n\t<link rel=\"canonical\" href=\"https:\/\/eldigitaldeasturias.com\/magazine365\/la-diputacion-de-jaen-lleva-a-fitur-su-apuesta-por-el-cine-a-la-oferta-turistica\/\" \/>\n\t<meta name=\"generator\" content=\"All in One SEO Pro (AIOSEO) 4.9.6.1\" \/>\n\t\t<meta property=\"og:locale\" content=\"es_ES\" \/>\n\t\t<meta property=\"og:site_name\" content=\"El Digital de Asturias \u2013 Revista de ocio, turismo y estilo de vida\" \/>\n\t\t<meta property=\"og:type\" content=\"article\" \/>\n\t\t<meta property=\"og:title\" content=\"La Diputaci\u00f3n de Ja\u00e9n lleva a Fitur su apuesta por el cine a la oferta tur\u00edstica | El Digital de Asturias\" \/>\n\t\t<meta property=\"og:description\" content=\"La provincia de Ja\u00e9n se presentar\u00e1 en la Feria Internacional de Turismo, Fitur 2016, con dos nuevos productos, en este caso en torno al s\u00e9ptimo arte y la costa de interior. &#039;Ja\u00e9n con el cine. 25 a\u00f1os&#039; y el complejo tur\u00edstico deportivo del Tranco, con su barco solar a la cabeza, ser\u00e1n este a\u00f1o los\" \/>\n\t\t<meta property=\"og:url\" content=\"https:\/\/eldigitaldeasturias.com\/magazine365\/la-diputacion-de-jaen-lleva-a-fitur-su-apuesta-por-el-cine-a-la-oferta-turistica\/\" \/>\n\t\t<meta property=\"og:image\" content=\"https:\/\/eldigitaldeasturias.com\/magazine365\/wp-content\/uploads\/2016\/01\/fotonoticia_20160114174314_800.jpg\" \/>\n\t\t<meta property=\"og:image:secure_url\" content=\"https:\/\/eldigitaldeasturias.com\/magazine365\/wp-content\/uploads\/2016\/01\/fotonoticia_20160114174314_800.jpg\" \/>\n\t\t<meta property=\"og:image:width\" content=\"800\" \/>\n\t\t<meta property=\"og:image:height\" content=\"600\" \/>\n\t\t<meta property=\"article:published_time\" content=\"2016-01-15T00:24:26+00:00\" \/>\n\t\t<meta property=\"article:modified_time\" content=\"2016-01-15T00:24:26+00:00\" \/>\n\t\t<meta name=\"twitter:card\" content=\"summary_large_image\" \/>\n\t\t<meta name=\"twitter:title\" content=\"La Diputaci\u00f3n de Ja\u00e9n lleva a Fitur su apuesta por el cine a la oferta tur\u00edstica | El Digital de Asturias\" \/>\n\t\t<meta name=\"twitter:description\" content=\"La provincia de Ja\u00e9n se presentar\u00e1 en la Feria Internacional de Turismo, Fitur 2016, con dos nuevos productos, en este caso en torno al s\u00e9ptimo arte y la costa de interior. &#039;Ja\u00e9n con el cine. 25 a\u00f1os&#039; y el complejo tur\u00edstico deportivo del Tranco, con su barco solar a la cabeza, ser\u00e1n este a\u00f1o los\" \/>\n\t\t<meta name=\"twitter:image\" content=\"https:\/\/eldigitaldeasturias.com\/magazine365\/wp-content\/uploads\/2016\/01\/fotonoticia_20160114174314_800.jpg\" \/>\n\t\t<script type=\"application\/ld+json\" class=\"aioseo-schema\">\n\t\t\t{\"@context\":\"https:\\\/\\\/schema.org\",\"@graph\":[{\"@type\":\"Article\",\"@id\":\"https:\\\/\\\/eldigitaldeasturias.com\\\/magazine365\\\/la-diputacion-de-jaen-lleva-a-fitur-su-apuesta-por-el-cine-a-la-oferta-turistica\\\/#article\",\"name\":\"La Diputaci\\u00f3n de Ja\\u00e9n lleva a Fitur su apuesta por el cine a la oferta tur\\u00edstica | El Digital de Asturias\",\"headline\":\"La Diputaci\\u00f3n de Ja\\u00e9n lleva a Fitur su apuesta por el cine a la oferta tur\\u00edstica\",\"author\":{\"@id\":\"https:\\\/\\\/eldigitaldeasturias.com\\\/magazine365\\\/author\\\/admin\\\/#author\"},\"publisher\":{\"@id\":\"https:\\\/\\\/eldigitaldeasturias.com\\\/magazine365\\\/#organization\"},\"image\":{\"@type\":\"ImageObject\",\"url\":\"https:\\\/\\\/eldigitaldeasturias.com\\\/magazine365\\\/wp-content\\\/uploads\\\/2016\\\/01\\\/fotonoticia_20160114174314_800.jpg\",\"width\":800,\"height\":600},\"datePublished\":\"2016-01-15T01:24:26+01:00\",\"dateModified\":\"2016-01-15T01:24:26+01:00\",\"inLanguage\":\"es-ES\",\"mainEntityOfPage\":{\"@id\":\"https:\\\/\\\/eldigitaldeasturias.com\\\/magazine365\\\/la-diputacion-de-jaen-lleva-a-fitur-su-apuesta-por-el-cine-a-la-oferta-turistica\\\/#webpage\"},\"isPartOf\":{\"@id\":\"https:\\\/\\\/eldigitaldeasturias.com\\\/magazine365\\\/la-diputacion-de-jaen-lleva-a-fitur-su-apuesta-por-el-cine-a-la-oferta-turistica\\\/#webpage\"},\"articleSection\":\"Noticias y Actualidad\"},{\"@type\":\"BreadcrumbList\",\"@id\":\"https:\\\/\\\/eldigitaldeasturias.com\\\/magazine365\\\/la-diputacion-de-jaen-lleva-a-fitur-su-apuesta-por-el-cine-a-la-oferta-turistica\\\/#breadcrumblist\",\"itemListElement\":[{\"@type\":\"ListItem\",\"@id\":\"https:\\\/\\\/eldigitaldeasturias.com\\\/magazine365#listItem\",\"position\":1,\"name\":\"Home\",\"item\":\"https:\\\/\\\/eldigitaldeasturias.com\\\/magazine365\",\"nextItem\":{\"@type\":\"ListItem\",\"@id\":\"https:\\\/\\\/eldigitaldeasturias.com\\\/magazine365\\\/category\\\/noticias-actualidad\\\/#listItem\",\"name\":\"Noticias y Actualidad\"}},{\"@type\":\"ListItem\",\"@id\":\"https:\\\/\\\/eldigitaldeasturias.com\\\/magazine365\\\/category\\\/noticias-actualidad\\\/#listItem\",\"position\":2,\"name\":\"Noticias y Actualidad\",\"item\":\"https:\\\/\\\/eldigitaldeasturias.com\\\/magazine365\\\/category\\\/noticias-actualidad\\\/\",\"nextItem\":{\"@type\":\"ListItem\",\"@id\":\"https:\\\/\\\/eldigitaldeasturias.com\\\/magazine365\\\/la-diputacion-de-jaen-lleva-a-fitur-su-apuesta-por-el-cine-a-la-oferta-turistica\\\/#listItem\",\"name\":\"La Diputaci\\u00f3n de Ja\\u00e9n lleva a Fitur su apuesta por el cine a la oferta tur\\u00edstica\"},\"previousItem\":{\"@type\":\"ListItem\",\"@id\":\"https:\\\/\\\/eldigitaldeasturias.com\\\/magazine365#listItem\",\"name\":\"Home\"}},{\"@type\":\"ListItem\",\"@id\":\"https:\\\/\\\/eldigitaldeasturias.com\\\/magazine365\\\/la-diputacion-de-jaen-lleva-a-fitur-su-apuesta-por-el-cine-a-la-oferta-turistica\\\/#listItem\",\"position\":3,\"name\":\"La Diputaci\\u00f3n de Ja\\u00e9n lleva a Fitur su apuesta por el cine a la oferta tur\\u00edstica\",\"previousItem\":{\"@type\":\"ListItem\",\"@id\":\"https:\\\/\\\/eldigitaldeasturias.com\\\/magazine365\\\/category\\\/noticias-actualidad\\\/#listItem\",\"name\":\"Noticias y Actualidad\"}}]},{\"@type\":\"Organization\",\"@id\":\"https:\\\/\\\/eldigitaldeasturias.com\\\/magazine365\\\/#organization\",\"name\":\"El digital de Asturias\",\"description\":\"Revista de ocio, turismo y estilo de vida\",\"url\":\"https:\\\/\\\/eldigitaldeasturias.com\\\/magazine365\\\/\",\"logo\":{\"@type\":\"ImageObject\",\"url\":\"https:\\\/\\\/www.eldigitaldeasturias.com\\\/noticias\\\/wp-content\\\/uploads\\\/2020\\\/12\\\/EDA.jpg\",\"@id\":\"https:\\\/\\\/eldigitaldeasturias.com\\\/magazine365\\\/la-diputacion-de-jaen-lleva-a-fitur-su-apuesta-por-el-cine-a-la-oferta-turistica\\\/#organizationLogo\"},\"image\":{\"@id\":\"https:\\\/\\\/eldigitaldeasturias.com\\\/magazine365\\\/la-diputacion-de-jaen-lleva-a-fitur-su-apuesta-por-el-cine-a-la-oferta-turistica\\\/#organizationLogo\"}},{\"@type\":\"Person\",\"@id\":\"https:\\\/\\\/eldigitaldeasturias.com\\\/magazine365\\\/author\\\/admin\\\/#author\",\"url\":\"https:\\\/\\\/eldigitaldeasturias.com\\\/magazine365\\\/author\\\/admin\\\/\",\"name\":\"admin\",\"image\":{\"@type\":\"ImageObject\",\"@id\":\"https:\\\/\\\/eldigitaldeasturias.com\\\/magazine365\\\/la-diputacion-de-jaen-lleva-a-fitur-su-apuesta-por-el-cine-a-la-oferta-turistica\\\/#authorImage\",\"url\":\"https:\\\/\\\/eldigitaldeasturias.com\\\/magazine365\\\/wp-content\\\/litespeed\\\/avatar\\\/e571bcf59a0edd6fa6838245a470f2fe.jpg?ver=1777574230\",\"width\":96,\"height\":96,\"caption\":\"admin\"}},{\"@type\":\"WebPage\",\"@id\":\"https:\\\/\\\/eldigitaldeasturias.com\\\/magazine365\\\/la-diputacion-de-jaen-lleva-a-fitur-su-apuesta-por-el-cine-a-la-oferta-turistica\\\/#webpage\",\"url\":\"https:\\\/\\\/eldigitaldeasturias.com\\\/magazine365\\\/la-diputacion-de-jaen-lleva-a-fitur-su-apuesta-por-el-cine-a-la-oferta-turistica\\\/\",\"name\":\"La Diputaci\\u00f3n de Ja\\u00e9n lleva a Fitur su apuesta por el cine a la oferta tur\\u00edstica | El Digital de Asturias\",\"description\":\"La provincia de Ja\\u00e9n se presentar\\u00e1 en la Feria Internacional de Turismo, Fitur 2016, con dos nuevos productos, en este caso en torno al s\\u00e9ptimo arte y la costa de interior. 'Ja\\u00e9n con el cine. 25 a\\u00f1os' y el complejo tur\\u00edstico deportivo del Tranco, con su barco solar a la cabeza, ser\\u00e1n este a\\u00f1o los\",\"inLanguage\":\"es-ES\",\"isPartOf\":{\"@id\":\"https:\\\/\\\/eldigitaldeasturias.com\\\/magazine365\\\/#website\"},\"breadcrumb\":{\"@id\":\"https:\\\/\\\/eldigitaldeasturias.com\\\/magazine365\\\/la-diputacion-de-jaen-lleva-a-fitur-su-apuesta-por-el-cine-a-la-oferta-turistica\\\/#breadcrumblist\"},\"author\":{\"@id\":\"https:\\\/\\\/eldigitaldeasturias.com\\\/magazine365\\\/author\\\/admin\\\/#author\"},\"creator\":{\"@id\":\"https:\\\/\\\/eldigitaldeasturias.com\\\/magazine365\\\/author\\\/admin\\\/#author\"},\"image\":{\"@type\":\"ImageObject\",\"url\":\"https:\\\/\\\/eldigitaldeasturias.com\\\/magazine365\\\/wp-content\\\/uploads\\\/2016\\\/01\\\/fotonoticia_20160114174314_800.jpg\",\"@id\":\"https:\\\/\\\/eldigitaldeasturias.com\\\/magazine365\\\/la-diputacion-de-jaen-lleva-a-fitur-su-apuesta-por-el-cine-a-la-oferta-turistica\\\/#mainImage\",\"width\":800,\"height\":600},\"primaryImageOfPage\":{\"@id\":\"https:\\\/\\\/eldigitaldeasturias.com\\\/magazine365\\\/la-diputacion-de-jaen-lleva-a-fitur-su-apuesta-por-el-cine-a-la-oferta-turistica\\\/#mainImage\"},\"datePublished\":\"2016-01-15T01:24:26+01:00\",\"dateModified\":\"2016-01-15T01:24:26+01:00\"},{\"@type\":\"WebSite\",\"@id\":\"https:\\\/\\\/eldigitaldeasturias.com\\\/magazine365\\\/#website\",\"url\":\"https:\\\/\\\/eldigitaldeasturias.com\\\/magazine365\\\/\",\"name\":\"El Digital de Asturias\",\"description\":\"Revista de ocio, turismo y estilo de vida\",\"inLanguage\":\"es-ES\",\"publisher\":{\"@id\":\"https:\\\/\\\/eldigitaldeasturias.com\\\/magazine365\\\/#organization\"}}]}\n\t\t<\/script>\n\t\t<!-- All in One SEO Pro -->\r\n\t\t<title>La Diputaci\u00f3n de Ja\u00e9n lleva a Fitur su apuesta por el cine a la oferta tur\u00edstica | El Digital de Asturias<\/title>\n\n","aioseo_head_json":{"title":"La Diputaci\u00f3n de Ja\u00e9n lleva a Fitur su apuesta por el cine a la oferta tur\u00edstica | El Digital de Asturias","description":"La provincia de Ja\u00e9n se presentar\u00e1 en la Feria Internacional de Turismo, Fitur 2016, con dos nuevos productos, en este caso en torno al s\u00e9ptimo arte y la costa de interior. 'Ja\u00e9n con el cine. 25 a\u00f1os' y el complejo tur\u00edstico deportivo del Tranco, con su barco solar a la cabeza, ser\u00e1n este a\u00f1o los","canonical_url":"https:\/\/eldigitaldeasturias.com\/magazine365\/la-diputacion-de-jaen-lleva-a-fitur-su-apuesta-por-el-cine-a-la-oferta-turistica\/","robots":"max-image-preview:large","keywords":"noticias y actualidad","webmasterTools":{"google-site-verification":"UA-38556648-1","miscellaneous":""},"schema":{"@context":"https:\/\/schema.org","@graph":[{"@type":"Article","@id":"https:\/\/eldigitaldeasturias.com\/magazine365\/la-diputacion-de-jaen-lleva-a-fitur-su-apuesta-por-el-cine-a-la-oferta-turistica\/#article","name":"La Diputaci\u00f3n de Ja\u00e9n lleva a Fitur su apuesta por el cine a la oferta tur\u00edstica | El Digital de Asturias","headline":"La Diputaci\u00f3n de Ja\u00e9n lleva a Fitur su apuesta por el cine a la oferta tur\u00edstica","author":{"@id":"https:\/\/eldigitaldeasturias.com\/magazine365\/author\/admin\/#author"},"publisher":{"@id":"https:\/\/eldigitaldeasturias.com\/magazine365\/#organization"},"image":{"@type":"ImageObject","url":"https:\/\/eldigitaldeasturias.com\/magazine365\/wp-content\/uploads\/2016\/01\/fotonoticia_20160114174314_800.jpg","width":800,"height":600},"datePublished":"2016-01-15T01:24:26+01:00","dateModified":"2016-01-15T01:24:26+01:00","inLanguage":"es-ES","mainEntityOfPage":{"@id":"https:\/\/eldigitaldeasturias.com\/magazine365\/la-diputacion-de-jaen-lleva-a-fitur-su-apuesta-por-el-cine-a-la-oferta-turistica\/#webpage"},"isPartOf":{"@id":"https:\/\/eldigitaldeasturias.com\/magazine365\/la-diputacion-de-jaen-lleva-a-fitur-su-apuesta-por-el-cine-a-la-oferta-turistica\/#webpage"},"articleSection":"Noticias y Actualidad"},{"@type":"BreadcrumbList","@id":"https:\/\/eldigitaldeasturias.com\/magazine365\/la-diputacion-de-jaen-lleva-a-fitur-su-apuesta-por-el-cine-a-la-oferta-turistica\/#breadcrumblist","itemListElement":[{"@type":"ListItem","@id":"https:\/\/eldigitaldeasturias.com\/magazine365#listItem","position":1,"name":"Home","item":"https:\/\/eldigitaldeasturias.com\/magazine365","nextItem":{"@type":"ListItem","@id":"https:\/\/eldigitaldeasturias.com\/magazine365\/category\/noticias-actualidad\/#listItem","name":"Noticias y Actualidad"}},{"@type":"ListItem","@id":"https:\/\/eldigitaldeasturias.com\/magazine365\/category\/noticias-actualidad\/#listItem","position":2,"name":"Noticias y Actualidad","item":"https:\/\/eldigitaldeasturias.com\/magazine365\/category\/noticias-actualidad\/","nextItem":{"@type":"ListItem","@id":"https:\/\/eldigitaldeasturias.com\/magazine365\/la-diputacion-de-jaen-lleva-a-fitur-su-apuesta-por-el-cine-a-la-oferta-turistica\/#listItem","name":"La Diputaci\u00f3n de Ja\u00e9n lleva a Fitur su apuesta por el cine a la oferta tur\u00edstica"},"previousItem":{"@type":"ListItem","@id":"https:\/\/eldigitaldeasturias.com\/magazine365#listItem","name":"Home"}},{"@type":"ListItem","@id":"https:\/\/eldigitaldeasturias.com\/magazine365\/la-diputacion-de-jaen-lleva-a-fitur-su-apuesta-por-el-cine-a-la-oferta-turistica\/#listItem","position":3,"name":"La Diputaci\u00f3n de Ja\u00e9n lleva a Fitur su apuesta por el cine a la oferta tur\u00edstica","previousItem":{"@type":"ListItem","@id":"https:\/\/eldigitaldeasturias.com\/magazine365\/category\/noticias-actualidad\/#listItem","name":"Noticias y Actualidad"}}]},{"@type":"Organization","@id":"https:\/\/eldigitaldeasturias.com\/magazine365\/#organization","name":"El digital de Asturias","description":"Revista de ocio, turismo y estilo de vida","url":"https:\/\/eldigitaldeasturias.com\/magazine365\/","logo":{"@type":"ImageObject","url":"https:\/\/www.eldigitaldeasturias.com\/noticias\/wp-content\/uploads\/2020\/12\/EDA.jpg","@id":"https:\/\/eldigitaldeasturias.com\/magazine365\/la-diputacion-de-jaen-lleva-a-fitur-su-apuesta-por-el-cine-a-la-oferta-turistica\/#organizationLogo"},"image":{"@id":"https:\/\/eldigitaldeasturias.com\/magazine365\/la-diputacion-de-jaen-lleva-a-fitur-su-apuesta-por-el-cine-a-la-oferta-turistica\/#organizationLogo"}},{"@type":"Person","@id":"https:\/\/eldigitaldeasturias.com\/magazine365\/author\/admin\/#author","url":"https:\/\/eldigitaldeasturias.com\/magazine365\/author\/admin\/","name":"admin","image":{"@type":"ImageObject","@id":"https:\/\/eldigitaldeasturias.com\/magazine365\/la-diputacion-de-jaen-lleva-a-fitur-su-apuesta-por-el-cine-a-la-oferta-turistica\/#authorImage","url":"https:\/\/eldigitaldeasturias.com\/magazine365\/wp-content\/litespeed\/avatar\/e571bcf59a0edd6fa6838245a470f2fe.jpg?ver=1777574230","width":96,"height":96,"caption":"admin"}},{"@type":"WebPage","@id":"https:\/\/eldigitaldeasturias.com\/magazine365\/la-diputacion-de-jaen-lleva-a-fitur-su-apuesta-por-el-cine-a-la-oferta-turistica\/#webpage","url":"https:\/\/eldigitaldeasturias.com\/magazine365\/la-diputacion-de-jaen-lleva-a-fitur-su-apuesta-por-el-cine-a-la-oferta-turistica\/","name":"La Diputaci\u00f3n de Ja\u00e9n lleva a Fitur su apuesta por el cine a la oferta tur\u00edstica | El Digital de Asturias","description":"La provincia de Ja\u00e9n se presentar\u00e1 en la Feria Internacional de Turismo, Fitur 2016, con dos nuevos productos, en este caso en torno al s\u00e9ptimo arte y la costa de interior. 'Ja\u00e9n con el cine. 25 a\u00f1os' y el complejo tur\u00edstico deportivo del Tranco, con su barco solar a la cabeza, ser\u00e1n este a\u00f1o los","inLanguage":"es-ES","isPartOf":{"@id":"https:\/\/eldigitaldeasturias.com\/magazine365\/#website"},"breadcrumb":{"@id":"https:\/\/eldigitaldeasturias.com\/magazine365\/la-diputacion-de-jaen-lleva-a-fitur-su-apuesta-por-el-cine-a-la-oferta-turistica\/#breadcrumblist"},"author":{"@id":"https:\/\/eldigitaldeasturias.com\/magazine365\/author\/admin\/#author"},"creator":{"@id":"https:\/\/eldigitaldeasturias.com\/magazine365\/author\/admin\/#author"},"image":{"@type":"ImageObject","url":"https:\/\/eldigitaldeasturias.com\/magazine365\/wp-content\/uploads\/2016\/01\/fotonoticia_20160114174314_800.jpg","@id":"https:\/\/eldigitaldeasturias.com\/magazine365\/la-diputacion-de-jaen-lleva-a-fitur-su-apuesta-por-el-cine-a-la-oferta-turistica\/#mainImage","width":800,"height":600},"primaryImageOfPage":{"@id":"https:\/\/eldigitaldeasturias.com\/magazine365\/la-diputacion-de-jaen-lleva-a-fitur-su-apuesta-por-el-cine-a-la-oferta-turistica\/#mainImage"},"datePublished":"2016-01-15T01:24:26+01:00","dateModified":"2016-01-15T01:24:26+01:00"},{"@type":"WebSite","@id":"https:\/\/eldigitaldeasturias.com\/magazine365\/#website","url":"https:\/\/eldigitaldeasturias.com\/magazine365\/","name":"El Digital de Asturias","description":"Revista de ocio, turismo y estilo de vida","inLanguage":"es-ES","publisher":{"@id":"https:\/\/eldigitaldeasturias.com\/magazine365\/#organization"}}]},"og:locale":"es_ES","og:site_name":"El Digital de Asturias \u2013 Revista de ocio, turismo y estilo de vida","og:type":"article","og:title":"La Diputaci\u00f3n de Ja\u00e9n lleva a Fitur su apuesta por el cine a la oferta tur\u00edstica | El Digital de Asturias","og:description":"La provincia de Ja\u00e9n se presentar\u00e1 en la Feria Internacional de Turismo, Fitur 2016, con dos nuevos productos, en este caso en torno al s\u00e9ptimo arte y la costa de interior. 'Ja\u00e9n con el cine. 25 a\u00f1os' y el complejo tur\u00edstico deportivo del Tranco, con su barco solar a la cabeza, ser\u00e1n este a\u00f1o los","og:url":"https:\/\/eldigitaldeasturias.com\/magazine365\/la-diputacion-de-jaen-lleva-a-fitur-su-apuesta-por-el-cine-a-la-oferta-turistica\/","og:image":"https:\/\/eldigitaldeasturias.com\/magazine365\/wp-content\/uploads\/2016\/01\/fotonoticia_20160114174314_800.jpg","og:image:secure_url":"https:\/\/eldigitaldeasturias.com\/magazine365\/wp-content\/uploads\/2016\/01\/fotonoticia_20160114174314_800.jpg","og:image:width":800,"og:image:height":600,"article:published_time":"2016-01-15T00:24:26+00:00","article:modified_time":"2016-01-15T00:24:26+00:00","twitter:card":"summary_large_image","twitter:title":"La Diputaci\u00f3n de Ja\u00e9n lleva a Fitur su apuesta por el cine a la oferta tur\u00edstica | El Digital de Asturias","twitter:description":"La provincia de Ja\u00e9n se presentar\u00e1 en la Feria Internacional de Turismo, Fitur 2016, con dos nuevos productos, en este caso en torno al s\u00e9ptimo arte y la costa de interior. 'Ja\u00e9n con el cine. 25 a\u00f1os' y el complejo tur\u00edstico deportivo del Tranco, con su barco solar a la cabeza, ser\u00e1n este a\u00f1o los","twitter:image":"https:\/\/eldigitaldeasturias.com\/magazine365\/wp-content\/uploads\/2016\/01\/fotonoticia_20160114174314_800.jpg"},"aioseo_meta_data":{"post_id":"60718","title":null,"description":null,"keywords":null,"keyphrases":null,"primary_term":null,"canonical_url":null,"og_title":null,"og_description":null,"og_object_type":"default","og_image_type":"default","og_image_url":null,"og_image_width":null,"og_image_height":null,"og_image_custom_url":null,"og_image_custom_fields":null,"og_video":null,"og_custom_url":null,"og_article_section":null,"og_article_tags":null,"twitter_use_og":false,"twitter_card":"default","twitter_image_type":"default","twitter_image_url":null,"twitter_image_custom_url":null,"twitter_image_custom_fields":null,"twitter_title":null,"twitter_description":null,"schema":{"blockGraphs":[],"customGraphs":[],"default":{"data":{"Article":[],"Course":[],"Dataset":[],"FAQPage":[],"Movie":[],"Person":[],"Product":[],"ProductReview":[],"Car":[],"Recipe":[],"Service":[],"SoftwareApplication":[],"WebPage":[]},"graphName":"","isEnabled":true},"graphs":[],"defaultGraph":"","defaultPostTypeGraph":""},"schema_type":null,"schema_type_options":null,"pillar_content":false,"robots_default":true,"robots_noindex":false,"robots_noarchive":false,"robots_nosnippet":false,"robots_nofollow":false,"robots_noimageindex":false,"robots_noodp":false,"robots_notranslate":false,"robots_max_snippet":null,"robots_max_videopreview":null,"robots_max_imagepreview":"large","priority":null,"frequency":null,"location":null,"local_seo":null,"seo_analyzer_scan_date":"2025-09-25 07:24:07","breadcrumb_settings":null,"limit_modified_date":false,"open_ai":null,"ai":null,"created":"2021-03-08 21:57:16","updated":"2025-09-25 07:24:07"},"aioseo_breadcrumb":"<div class=\"aioseo-breadcrumbs\"><span class=\"aioseo-breadcrumb\">\n\t<a href=\"https:\/\/eldigitaldeasturias.com\/magazine365\" title=\"Home\">Home<\/a>\n<\/span><span class=\"aioseo-breadcrumb-separator\">\u2013<\/span><span class=\"aioseo-breadcrumb\">\n\t<a href=\"https:\/\/eldigitaldeasturias.com\/magazine365\/category\/noticias-actualidad\/\" title=\"Noticias y Actualidad\">Noticias y Actualidad<\/a>\n<\/span><span class=\"aioseo-breadcrumb-separator\">\u2013<\/span><span class=\"aioseo-breadcrumb\">\n\t<a href=\"https:\/\/eldigitaldeasturias.com\/magazine365\/la-diputacion-de-jaen-lleva-a-fitur-su-apuesta-por-el-cine-a-la-oferta-turistica\/\" title=\"La Diputaci\u00f3n de Ja\u00e9n lleva a Fitur su apuesta por el cine a la oferta tur\u00edstica\">La Diputaci\u00f3n de Ja\u00e9n lleva a Fitur su apuesta por el cine a la oferta tur\u00edstica<\/a>\n<\/span><\/div>","aioseo_breadcrumb_json":[{"label":"Home","link":"https:\/\/eldigitaldeasturias.com\/magazine365"},{"label":"Noticias y Actualidad","link":"https:\/\/eldigitaldeasturias.com\/magazine365\/category\/noticias-actualidad\/"},{"label":"La Diputaci\u00f3n de Ja\u00e9n lleva a Fitur su apuesta por el cine a la oferta tur\u00edstica","link":"https:\/\/eldigitaldeasturias.com\/magazine365\/la-diputacion-de-jaen-lleva-a-fitur-su-apuesta-por-el-cine-a-la-oferta-turistica\/"}],"_links":{"self":[{"href":"https:\/\/eldigitaldeasturias.com\/magazine365\/wp-json\/wp\/v2\/posts\/60718","targetHints":{"allow":["GET"]}}],"collection":[{"href":"https:\/\/eldigitaldeasturias.com\/magazine365\/wp-json\/wp\/v2\/posts"}],"about":[{"href":"https:\/\/eldigitaldeasturias.com\/magazine365\/wp-json\/wp\/v2\/types\/post"}],"author":[{"embeddable":true,"href":"https:\/\/eldigitaldeasturias.com\/magazine365\/wp-json\/wp\/v2\/users\/1"}],"replies":[{"embeddable":true,"href":"https:\/\/eldigitaldeasturias.com\/magazine365\/wp-json\/wp\/v2\/comments?post=60718"}],"version-history":[{"count":0,"href":"https:\/\/eldigitaldeasturias.com\/magazine365\/wp-json\/wp\/v2\/posts\/60718\/revisions"}],"wp:featuredmedia":[{"embeddable":true,"href":"https:\/\/eldigitaldeasturias.com\/magazine365\/wp-json\/wp\/v2\/media\/60719"}],"wp:attachment":[{"href":"https:\/\/eldigitaldeasturias.com\/magazine365\/wp-json\/wp\/v2\/media?parent=60718"}],"wp:term":[{"taxonomy":"category","embeddable":true,"href":"https:\/\/eldigitaldeasturias.com\/magazine365\/wp-json\/wp\/v2\/categories?post=60718"},{"taxonomy":"post_tag","embeddable":true,"href":"https:\/\/eldigitaldeasturias.com\/magazine365\/wp-json\/wp\/v2\/tags?post=60718"}],"curies":[{"name":"wp","href":"https:\/\/api.w.org\/{rel}","templated":true}]}}