{"id":60712,"date":"2016-01-15T01:22:17","date_gmt":"2016-01-15T00:22:17","guid":{"rendered":"http:\/\/eldigitaldeasturias.com\/magazine365\/?p=60712"},"modified":"2016-01-15T01:22:17","modified_gmt":"2016-01-15T00:22:17","slug":"una-beluga-de-ocho-metros-y-150-kilos-presidira-el-stand-del-oceanografic-en-fitur","status":"publish","type":"post","link":"https:\/\/eldigitaldeasturias.com\/magazine365\/una-beluga-de-ocho-metros-y-150-kilos-presidira-el-stand-del-oceanografic-en-fitur\/","title":{"rendered":"Una beluga de ocho metros y 150 kilos presidir\u00e1 el stand del Oceanogr\u00e1fic en Fitur"},"content":{"rendered":"<p><img fetchpriority=\"high\" decoding=\"async\" class=\"alignleft size-medium wp-image-60713\" src=\"https:\/\/eldigitaldeasturias.com\/magazine365\/wp-content\/uploads\/2016\/01\/fotonoticia_20160114173617_800-360x261.jpg\" alt=\"fotonoticia_20160114173617_800\" width=\"360\" height=\"261\" srcset=\"https:\/\/eldigitaldeasturias.com\/magazine365\/wp-content\/uploads\/2016\/01\/fotonoticia_20160114173617_800-360x261.jpg 360w, https:\/\/eldigitaldeasturias.com\/magazine365\/wp-content\/uploads\/2016\/01\/fotonoticia_20160114173617_800-650x470.jpg 650w, https:\/\/eldigitaldeasturias.com\/magazine365\/wp-content\/uploads\/2016\/01\/fotonoticia_20160114173617_800-768x556.jpg 768w, https:\/\/eldigitaldeasturias.com\/magazine365\/wp-content\/uploads\/2016\/01\/fotonoticia_20160114173617_800-150x109.jpg 150w, https:\/\/eldigitaldeasturias.com\/magazine365\/wp-content\/uploads\/2016\/01\/fotonoticia_20160114173617_800-450x326.jpg 450w, https:\/\/eldigitaldeasturias.com\/magazine365\/wp-content\/uploads\/2016\/01\/fotonoticia_20160114173617_800-324x235.jpg 324w, https:\/\/eldigitaldeasturias.com\/magazine365\/wp-content\/uploads\/2016\/01\/fotonoticia_20160114173617_800-696x504.jpg 696w, https:\/\/eldigitaldeasturias.com\/magazine365\/wp-content\/uploads\/2016\/01\/fotonoticia_20160114173617_800-580x420.jpg 580w, https:\/\/eldigitaldeasturias.com\/magazine365\/wp-content\/uploads\/2016\/01\/fotonoticia_20160114173617_800.jpg 800w\" sizes=\"(max-width: 360px) 100vw, 360px\" \/>Una escultura de una beluga de ocho metros y 150 kilogramos ser\u00e1 el s\u00edmbolo principal del stand del Oceanogr\u00e0fic de la Ciudad de las Artes y las Ciencias de Valencia en la Feria Internacional de Turismo (Fitur), que se celebrar\u00e1 la pr\u00f3xima semana en Madrid del 20 al 24 de enero.<\/p>\n<p>La pieza, que ha sido elaborada por el reconocido artista fallero Manolo Garc\u00eda, est\u00e1 realizada con la t\u00e9cnica de la vareta por lo que, seg\u00fan ha explicado el artista \u00abno dispone de estructura interna\u00bb. En concreto, mide m\u00e1s de 8 metros de largo, pesa m\u00e1s de 150 kilos y ha supuesto cerca de 400 horas de trabajo artesanal.<\/p>\n<p>La presidenta de Avanqua Oceanogr\u00e0fic-\u00c1gora S.L, Celia Calabuig, y el director general del Oceanogr\u00e0fic, Juan Jos\u00e9 de Torres, han visitado este jueves el taller del artista fallero donde se est\u00e1 ultimando la construcci\u00f3n de este enorme ballena que presidir\u00e1 el stand, seg\u00fan ha informado la entidad a trav\u00e9s de un comunicado.<\/p>\n<p>De esta forma, la empresa ha querido dedicar un \u00abgui\u00f1o\u00bb a la ciudad de Valencia en su representaci\u00f3n en el certamen, con la elecci\u00f3n de una beluga porque \u00abes un s\u00edmbolo que representa muy bien el Oceanogr\u00e0fic de Valencia\u00bb.<\/p>\n<p>SE INSTALAR\u00c1 EN EL OCEANOGR\u00c0FIC<\/p>\n<p>Seg\u00fan explican, una vez finalizada la feria, Avanqua tiene previsto instalarla en el edificio de acceso al Oceanogr\u00e0fic como \u00abun referente visual de enorme importancia de cara a los visitantes acceden al complejo\u00bb.<\/p>\n<p>De hecho, ha indicado que \u00abpese a sus enormes dimensiones, la beluga ha sido dise\u00f1ada con las medidas exactas para que se pueda proceder a su instalaci\u00f3n y acceso con las mejores garant\u00edas\u00bb.<\/p>\n","protected":false},"excerpt":{"rendered":"<p>Una escultura de una beluga de ocho metros y 150 kilogramos ser\u00e1 el s\u00edmbolo principal del stand del Oceanogr\u00e0fic de la Ciudad de las Artes y las Ciencias de Valencia en la Feria Internacional de Turismo (Fitur), que se celebrar\u00e1 la pr\u00f3xima semana en Madrid del 20 al 24 de enero. La pieza, que ha<\/p>\n","protected":false},"author":1,"featured_media":60713,"comment_status":"open","ping_status":"closed","sticky":false,"template":"","format":"standard","meta":{"footnotes":""},"categories":[224],"tags":[],"class_list":{"0":"post-60712","1":"post","2":"type-post","3":"status-publish","4":"format-standard","5":"has-post-thumbnail","7":"category-noticias-actualidad"},"aioseo_notices":[],"aioseo_head":"\n\t\t<!-- All in One SEO Pro 4.9.6.1 - aioseo.com -->\n\t<meta name=\"description\" content=\"Una escultura de una beluga de ocho metros y 150 kilogramos ser\u00e1 el s\u00edmbolo principal del stand del Oceanogr\u00e0fic de la Ciudad de las Artes y las Ciencias de Valencia en la Feria Internacional de Turismo (Fitur), que se celebrar\u00e1 la pr\u00f3xima semana en Madrid del 20 al 24 de enero. La pieza, que ha\" \/>\n\t<meta name=\"robots\" content=\"max-image-preview:large\" \/>\n\t<meta name=\"author\" content=\"admin\"\/>\n\t<meta name=\"google-site-verification\" content=\"UA-38556648-1\" \/>\n\t<meta name=\"keywords\" content=\"noticias y actualidad\" \/>\n\t<link rel=\"canonical\" href=\"https:\/\/eldigitaldeasturias.com\/magazine365\/una-beluga-de-ocho-metros-y-150-kilos-presidira-el-stand-del-oceanografic-en-fitur\/\" \/>\n\t<meta name=\"generator\" content=\"All in One SEO Pro (AIOSEO) 4.9.6.1\" \/>\n\t\t<meta property=\"og:locale\" content=\"es_ES\" \/>\n\t\t<meta property=\"og:site_name\" content=\"El Digital de Asturias \u2013 Revista de ocio, turismo y estilo de vida\" \/>\n\t\t<meta property=\"og:type\" content=\"article\" \/>\n\t\t<meta property=\"og:title\" content=\"Una beluga de ocho metros y 150 kilos presidir\u00e1 el stand del Oceanogr\u00e1fic en Fitur | El Digital de Asturias\" \/>\n\t\t<meta property=\"og:description\" content=\"Una escultura de una beluga de ocho metros y 150 kilogramos ser\u00e1 el s\u00edmbolo principal del stand del Oceanogr\u00e0fic de la Ciudad de las Artes y las Ciencias de Valencia en la Feria Internacional de Turismo (Fitur), que se celebrar\u00e1 la pr\u00f3xima semana en Madrid del 20 al 24 de enero. La pieza, que ha\" \/>\n\t\t<meta property=\"og:url\" content=\"https:\/\/eldigitaldeasturias.com\/magazine365\/una-beluga-de-ocho-metros-y-150-kilos-presidira-el-stand-del-oceanografic-en-fitur\/\" \/>\n\t\t<meta property=\"og:image\" content=\"https:\/\/eldigitaldeasturias.com\/magazine365\/wp-content\/uploads\/2016\/01\/fotonoticia_20160114173617_800.jpg\" \/>\n\t\t<meta property=\"og:image:secure_url\" content=\"https:\/\/eldigitaldeasturias.com\/magazine365\/wp-content\/uploads\/2016\/01\/fotonoticia_20160114173617_800.jpg\" \/>\n\t\t<meta property=\"og:image:width\" content=\"800\" \/>\n\t\t<meta property=\"og:image:height\" content=\"579\" \/>\n\t\t<meta property=\"article:published_time\" content=\"2016-01-15T00:22:17+00:00\" \/>\n\t\t<meta property=\"article:modified_time\" content=\"2016-01-15T00:22:17+00:00\" \/>\n\t\t<meta name=\"twitter:card\" content=\"summary_large_image\" \/>\n\t\t<meta name=\"twitter:title\" content=\"Una beluga de ocho metros y 150 kilos presidir\u00e1 el stand del Oceanogr\u00e1fic en Fitur | El Digital de Asturias\" \/>\n\t\t<meta name=\"twitter:description\" content=\"Una escultura de una beluga de ocho metros y 150 kilogramos ser\u00e1 el s\u00edmbolo principal del stand del Oceanogr\u00e0fic de la Ciudad de las Artes y las Ciencias de Valencia en la Feria Internacional de Turismo (Fitur), que se celebrar\u00e1 la pr\u00f3xima semana en Madrid del 20 al 24 de enero. La pieza, que ha\" \/>\n\t\t<meta name=\"twitter:image\" content=\"https:\/\/eldigitaldeasturias.com\/magazine365\/wp-content\/uploads\/2016\/01\/fotonoticia_20160114173617_800.jpg\" \/>\n\t\t<script type=\"application\/ld+json\" class=\"aioseo-schema\">\n\t\t\t{\"@context\":\"https:\\\/\\\/schema.org\",\"@graph\":[{\"@type\":\"Article\",\"@id\":\"https:\\\/\\\/eldigitaldeasturias.com\\\/magazine365\\\/una-beluga-de-ocho-metros-y-150-kilos-presidira-el-stand-del-oceanografic-en-fitur\\\/#article\",\"name\":\"Una beluga de ocho metros y 150 kilos presidir\\u00e1 el stand del Oceanogr\\u00e1fic en Fitur | El Digital de Asturias\",\"headline\":\"Una beluga de ocho metros y 150 kilos presidir\\u00e1 el stand del Oceanogr\\u00e1fic en Fitur\",\"author\":{\"@id\":\"https:\\\/\\\/eldigitaldeasturias.com\\\/magazine365\\\/author\\\/admin\\\/#author\"},\"publisher\":{\"@id\":\"https:\\\/\\\/eldigitaldeasturias.com\\\/magazine365\\\/#organization\"},\"image\":{\"@type\":\"ImageObject\",\"url\":\"https:\\\/\\\/eldigitaldeasturias.com\\\/magazine365\\\/wp-content\\\/uploads\\\/2016\\\/01\\\/fotonoticia_20160114173617_800.jpg\",\"width\":800,\"height\":579},\"datePublished\":\"2016-01-15T01:22:17+01:00\",\"dateModified\":\"2016-01-15T01:22:17+01:00\",\"inLanguage\":\"es-ES\",\"mainEntityOfPage\":{\"@id\":\"https:\\\/\\\/eldigitaldeasturias.com\\\/magazine365\\\/una-beluga-de-ocho-metros-y-150-kilos-presidira-el-stand-del-oceanografic-en-fitur\\\/#webpage\"},\"isPartOf\":{\"@id\":\"https:\\\/\\\/eldigitaldeasturias.com\\\/magazine365\\\/una-beluga-de-ocho-metros-y-150-kilos-presidira-el-stand-del-oceanografic-en-fitur\\\/#webpage\"},\"articleSection\":\"Noticias y Actualidad\"},{\"@type\":\"BreadcrumbList\",\"@id\":\"https:\\\/\\\/eldigitaldeasturias.com\\\/magazine365\\\/una-beluga-de-ocho-metros-y-150-kilos-presidira-el-stand-del-oceanografic-en-fitur\\\/#breadcrumblist\",\"itemListElement\":[{\"@type\":\"ListItem\",\"@id\":\"https:\\\/\\\/eldigitaldeasturias.com\\\/magazine365#listItem\",\"position\":1,\"name\":\"Home\",\"item\":\"https:\\\/\\\/eldigitaldeasturias.com\\\/magazine365\",\"nextItem\":{\"@type\":\"ListItem\",\"@id\":\"https:\\\/\\\/eldigitaldeasturias.com\\\/magazine365\\\/category\\\/noticias-actualidad\\\/#listItem\",\"name\":\"Noticias y Actualidad\"}},{\"@type\":\"ListItem\",\"@id\":\"https:\\\/\\\/eldigitaldeasturias.com\\\/magazine365\\\/category\\\/noticias-actualidad\\\/#listItem\",\"position\":2,\"name\":\"Noticias y Actualidad\",\"item\":\"https:\\\/\\\/eldigitaldeasturias.com\\\/magazine365\\\/category\\\/noticias-actualidad\\\/\",\"nextItem\":{\"@type\":\"ListItem\",\"@id\":\"https:\\\/\\\/eldigitaldeasturias.com\\\/magazine365\\\/una-beluga-de-ocho-metros-y-150-kilos-presidira-el-stand-del-oceanografic-en-fitur\\\/#listItem\",\"name\":\"Una beluga de ocho metros y 150 kilos presidir\\u00e1 el stand del Oceanogr\\u00e1fic en Fitur\"},\"previousItem\":{\"@type\":\"ListItem\",\"@id\":\"https:\\\/\\\/eldigitaldeasturias.com\\\/magazine365#listItem\",\"name\":\"Home\"}},{\"@type\":\"ListItem\",\"@id\":\"https:\\\/\\\/eldigitaldeasturias.com\\\/magazine365\\\/una-beluga-de-ocho-metros-y-150-kilos-presidira-el-stand-del-oceanografic-en-fitur\\\/#listItem\",\"position\":3,\"name\":\"Una beluga de ocho metros y 150 kilos presidir\\u00e1 el stand del Oceanogr\\u00e1fic en Fitur\",\"previousItem\":{\"@type\":\"ListItem\",\"@id\":\"https:\\\/\\\/eldigitaldeasturias.com\\\/magazine365\\\/category\\\/noticias-actualidad\\\/#listItem\",\"name\":\"Noticias y Actualidad\"}}]},{\"@type\":\"Organization\",\"@id\":\"https:\\\/\\\/eldigitaldeasturias.com\\\/magazine365\\\/#organization\",\"name\":\"El digital de Asturias\",\"description\":\"Revista de ocio, turismo y estilo de vida\",\"url\":\"https:\\\/\\\/eldigitaldeasturias.com\\\/magazine365\\\/\",\"logo\":{\"@type\":\"ImageObject\",\"url\":\"https:\\\/\\\/www.eldigitaldeasturias.com\\\/noticias\\\/wp-content\\\/uploads\\\/2020\\\/12\\\/EDA.jpg\",\"@id\":\"https:\\\/\\\/eldigitaldeasturias.com\\\/magazine365\\\/una-beluga-de-ocho-metros-y-150-kilos-presidira-el-stand-del-oceanografic-en-fitur\\\/#organizationLogo\"},\"image\":{\"@id\":\"https:\\\/\\\/eldigitaldeasturias.com\\\/magazine365\\\/una-beluga-de-ocho-metros-y-150-kilos-presidira-el-stand-del-oceanografic-en-fitur\\\/#organizationLogo\"}},{\"@type\":\"Person\",\"@id\":\"https:\\\/\\\/eldigitaldeasturias.com\\\/magazine365\\\/author\\\/admin\\\/#author\",\"url\":\"https:\\\/\\\/eldigitaldeasturias.com\\\/magazine365\\\/author\\\/admin\\\/\",\"name\":\"admin\",\"image\":{\"@type\":\"ImageObject\",\"@id\":\"https:\\\/\\\/eldigitaldeasturias.com\\\/magazine365\\\/una-beluga-de-ocho-metros-y-150-kilos-presidira-el-stand-del-oceanografic-en-fitur\\\/#authorImage\",\"url\":\"https:\\\/\\\/eldigitaldeasturias.com\\\/magazine365\\\/wp-content\\\/litespeed\\\/avatar\\\/e571bcf59a0edd6fa6838245a470f2fe.jpg?ver=1777574230\",\"width\":96,\"height\":96,\"caption\":\"admin\"}},{\"@type\":\"WebPage\",\"@id\":\"https:\\\/\\\/eldigitaldeasturias.com\\\/magazine365\\\/una-beluga-de-ocho-metros-y-150-kilos-presidira-el-stand-del-oceanografic-en-fitur\\\/#webpage\",\"url\":\"https:\\\/\\\/eldigitaldeasturias.com\\\/magazine365\\\/una-beluga-de-ocho-metros-y-150-kilos-presidira-el-stand-del-oceanografic-en-fitur\\\/\",\"name\":\"Una beluga de ocho metros y 150 kilos presidir\\u00e1 el stand del Oceanogr\\u00e1fic en Fitur | El Digital de Asturias\",\"description\":\"Una escultura de una beluga de ocho metros y 150 kilogramos ser\\u00e1 el s\\u00edmbolo principal del stand del Oceanogr\\u00e0fic de la Ciudad de las Artes y las Ciencias de Valencia en la Feria Internacional de Turismo (Fitur), que se celebrar\\u00e1 la pr\\u00f3xima semana en Madrid del 20 al 24 de enero. La pieza, que ha\",\"inLanguage\":\"es-ES\",\"isPartOf\":{\"@id\":\"https:\\\/\\\/eldigitaldeasturias.com\\\/magazine365\\\/#website\"},\"breadcrumb\":{\"@id\":\"https:\\\/\\\/eldigitaldeasturias.com\\\/magazine365\\\/una-beluga-de-ocho-metros-y-150-kilos-presidira-el-stand-del-oceanografic-en-fitur\\\/#breadcrumblist\"},\"author\":{\"@id\":\"https:\\\/\\\/eldigitaldeasturias.com\\\/magazine365\\\/author\\\/admin\\\/#author\"},\"creator\":{\"@id\":\"https:\\\/\\\/eldigitaldeasturias.com\\\/magazine365\\\/author\\\/admin\\\/#author\"},\"image\":{\"@type\":\"ImageObject\",\"url\":\"https:\\\/\\\/eldigitaldeasturias.com\\\/magazine365\\\/wp-content\\\/uploads\\\/2016\\\/01\\\/fotonoticia_20160114173617_800.jpg\",\"@id\":\"https:\\\/\\\/eldigitaldeasturias.com\\\/magazine365\\\/una-beluga-de-ocho-metros-y-150-kilos-presidira-el-stand-del-oceanografic-en-fitur\\\/#mainImage\",\"width\":800,\"height\":579},\"primaryImageOfPage\":{\"@id\":\"https:\\\/\\\/eldigitaldeasturias.com\\\/magazine365\\\/una-beluga-de-ocho-metros-y-150-kilos-presidira-el-stand-del-oceanografic-en-fitur\\\/#mainImage\"},\"datePublished\":\"2016-01-15T01:22:17+01:00\",\"dateModified\":\"2016-01-15T01:22:17+01:00\"},{\"@type\":\"WebSite\",\"@id\":\"https:\\\/\\\/eldigitaldeasturias.com\\\/magazine365\\\/#website\",\"url\":\"https:\\\/\\\/eldigitaldeasturias.com\\\/magazine365\\\/\",\"name\":\"El Digital de Asturias\",\"description\":\"Revista de ocio, turismo y estilo de vida\",\"inLanguage\":\"es-ES\",\"publisher\":{\"@id\":\"https:\\\/\\\/eldigitaldeasturias.com\\\/magazine365\\\/#organization\"}}]}\n\t\t<\/script>\n\t\t<!-- All in One SEO Pro -->\r\n\t\t<title>Una beluga de ocho metros y 150 kilos presidir\u00e1 el stand del Oceanogr\u00e1fic en Fitur | El Digital de Asturias<\/title>\n\n","aioseo_head_json":{"title":"Una beluga de ocho metros y 150 kilos presidir\u00e1 el stand del Oceanogr\u00e1fic en Fitur | El Digital de Asturias","description":"Una escultura de una beluga de ocho metros y 150 kilogramos ser\u00e1 el s\u00edmbolo principal del stand del Oceanogr\u00e0fic de la Ciudad de las Artes y las Ciencias de Valencia en la Feria Internacional de Turismo (Fitur), que se celebrar\u00e1 la pr\u00f3xima semana en Madrid del 20 al 24 de enero. La pieza, que ha","canonical_url":"https:\/\/eldigitaldeasturias.com\/magazine365\/una-beluga-de-ocho-metros-y-150-kilos-presidira-el-stand-del-oceanografic-en-fitur\/","robots":"max-image-preview:large","keywords":"noticias y actualidad","webmasterTools":{"google-site-verification":"UA-38556648-1","miscellaneous":""},"schema":{"@context":"https:\/\/schema.org","@graph":[{"@type":"Article","@id":"https:\/\/eldigitaldeasturias.com\/magazine365\/una-beluga-de-ocho-metros-y-150-kilos-presidira-el-stand-del-oceanografic-en-fitur\/#article","name":"Una beluga de ocho metros y 150 kilos presidir\u00e1 el stand del Oceanogr\u00e1fic en Fitur | El Digital de Asturias","headline":"Una beluga de ocho metros y 150 kilos presidir\u00e1 el stand del Oceanogr\u00e1fic en Fitur","author":{"@id":"https:\/\/eldigitaldeasturias.com\/magazine365\/author\/admin\/#author"},"publisher":{"@id":"https:\/\/eldigitaldeasturias.com\/magazine365\/#organization"},"image":{"@type":"ImageObject","url":"https:\/\/eldigitaldeasturias.com\/magazine365\/wp-content\/uploads\/2016\/01\/fotonoticia_20160114173617_800.jpg","width":800,"height":579},"datePublished":"2016-01-15T01:22:17+01:00","dateModified":"2016-01-15T01:22:17+01:00","inLanguage":"es-ES","mainEntityOfPage":{"@id":"https:\/\/eldigitaldeasturias.com\/magazine365\/una-beluga-de-ocho-metros-y-150-kilos-presidira-el-stand-del-oceanografic-en-fitur\/#webpage"},"isPartOf":{"@id":"https:\/\/eldigitaldeasturias.com\/magazine365\/una-beluga-de-ocho-metros-y-150-kilos-presidira-el-stand-del-oceanografic-en-fitur\/#webpage"},"articleSection":"Noticias y Actualidad"},{"@type":"BreadcrumbList","@id":"https:\/\/eldigitaldeasturias.com\/magazine365\/una-beluga-de-ocho-metros-y-150-kilos-presidira-el-stand-del-oceanografic-en-fitur\/#breadcrumblist","itemListElement":[{"@type":"ListItem","@id":"https:\/\/eldigitaldeasturias.com\/magazine365#listItem","position":1,"name":"Home","item":"https:\/\/eldigitaldeasturias.com\/magazine365","nextItem":{"@type":"ListItem","@id":"https:\/\/eldigitaldeasturias.com\/magazine365\/category\/noticias-actualidad\/#listItem","name":"Noticias y Actualidad"}},{"@type":"ListItem","@id":"https:\/\/eldigitaldeasturias.com\/magazine365\/category\/noticias-actualidad\/#listItem","position":2,"name":"Noticias y Actualidad","item":"https:\/\/eldigitaldeasturias.com\/magazine365\/category\/noticias-actualidad\/","nextItem":{"@type":"ListItem","@id":"https:\/\/eldigitaldeasturias.com\/magazine365\/una-beluga-de-ocho-metros-y-150-kilos-presidira-el-stand-del-oceanografic-en-fitur\/#listItem","name":"Una beluga de ocho metros y 150 kilos presidir\u00e1 el stand del Oceanogr\u00e1fic en Fitur"},"previousItem":{"@type":"ListItem","@id":"https:\/\/eldigitaldeasturias.com\/magazine365#listItem","name":"Home"}},{"@type":"ListItem","@id":"https:\/\/eldigitaldeasturias.com\/magazine365\/una-beluga-de-ocho-metros-y-150-kilos-presidira-el-stand-del-oceanografic-en-fitur\/#listItem","position":3,"name":"Una beluga de ocho metros y 150 kilos presidir\u00e1 el stand del Oceanogr\u00e1fic en Fitur","previousItem":{"@type":"ListItem","@id":"https:\/\/eldigitaldeasturias.com\/magazine365\/category\/noticias-actualidad\/#listItem","name":"Noticias y Actualidad"}}]},{"@type":"Organization","@id":"https:\/\/eldigitaldeasturias.com\/magazine365\/#organization","name":"El digital de Asturias","description":"Revista de ocio, turismo y estilo de vida","url":"https:\/\/eldigitaldeasturias.com\/magazine365\/","logo":{"@type":"ImageObject","url":"https:\/\/www.eldigitaldeasturias.com\/noticias\/wp-content\/uploads\/2020\/12\/EDA.jpg","@id":"https:\/\/eldigitaldeasturias.com\/magazine365\/una-beluga-de-ocho-metros-y-150-kilos-presidira-el-stand-del-oceanografic-en-fitur\/#organizationLogo"},"image":{"@id":"https:\/\/eldigitaldeasturias.com\/magazine365\/una-beluga-de-ocho-metros-y-150-kilos-presidira-el-stand-del-oceanografic-en-fitur\/#organizationLogo"}},{"@type":"Person","@id":"https:\/\/eldigitaldeasturias.com\/magazine365\/author\/admin\/#author","url":"https:\/\/eldigitaldeasturias.com\/magazine365\/author\/admin\/","name":"admin","image":{"@type":"ImageObject","@id":"https:\/\/eldigitaldeasturias.com\/magazine365\/una-beluga-de-ocho-metros-y-150-kilos-presidira-el-stand-del-oceanografic-en-fitur\/#authorImage","url":"https:\/\/eldigitaldeasturias.com\/magazine365\/wp-content\/litespeed\/avatar\/e571bcf59a0edd6fa6838245a470f2fe.jpg?ver=1777574230","width":96,"height":96,"caption":"admin"}},{"@type":"WebPage","@id":"https:\/\/eldigitaldeasturias.com\/magazine365\/una-beluga-de-ocho-metros-y-150-kilos-presidira-el-stand-del-oceanografic-en-fitur\/#webpage","url":"https:\/\/eldigitaldeasturias.com\/magazine365\/una-beluga-de-ocho-metros-y-150-kilos-presidira-el-stand-del-oceanografic-en-fitur\/","name":"Una beluga de ocho metros y 150 kilos presidir\u00e1 el stand del Oceanogr\u00e1fic en Fitur | El Digital de Asturias","description":"Una escultura de una beluga de ocho metros y 150 kilogramos ser\u00e1 el s\u00edmbolo principal del stand del Oceanogr\u00e0fic de la Ciudad de las Artes y las Ciencias de Valencia en la Feria Internacional de Turismo (Fitur), que se celebrar\u00e1 la pr\u00f3xima semana en Madrid del 20 al 24 de enero. La pieza, que ha","inLanguage":"es-ES","isPartOf":{"@id":"https:\/\/eldigitaldeasturias.com\/magazine365\/#website"},"breadcrumb":{"@id":"https:\/\/eldigitaldeasturias.com\/magazine365\/una-beluga-de-ocho-metros-y-150-kilos-presidira-el-stand-del-oceanografic-en-fitur\/#breadcrumblist"},"author":{"@id":"https:\/\/eldigitaldeasturias.com\/magazine365\/author\/admin\/#author"},"creator":{"@id":"https:\/\/eldigitaldeasturias.com\/magazine365\/author\/admin\/#author"},"image":{"@type":"ImageObject","url":"https:\/\/eldigitaldeasturias.com\/magazine365\/wp-content\/uploads\/2016\/01\/fotonoticia_20160114173617_800.jpg","@id":"https:\/\/eldigitaldeasturias.com\/magazine365\/una-beluga-de-ocho-metros-y-150-kilos-presidira-el-stand-del-oceanografic-en-fitur\/#mainImage","width":800,"height":579},"primaryImageOfPage":{"@id":"https:\/\/eldigitaldeasturias.com\/magazine365\/una-beluga-de-ocho-metros-y-150-kilos-presidira-el-stand-del-oceanografic-en-fitur\/#mainImage"},"datePublished":"2016-01-15T01:22:17+01:00","dateModified":"2016-01-15T01:22:17+01:00"},{"@type":"WebSite","@id":"https:\/\/eldigitaldeasturias.com\/magazine365\/#website","url":"https:\/\/eldigitaldeasturias.com\/magazine365\/","name":"El Digital de Asturias","description":"Revista de ocio, turismo y estilo de vida","inLanguage":"es-ES","publisher":{"@id":"https:\/\/eldigitaldeasturias.com\/magazine365\/#organization"}}]},"og:locale":"es_ES","og:site_name":"El Digital de Asturias \u2013 Revista de ocio, turismo y estilo de vida","og:type":"article","og:title":"Una beluga de ocho metros y 150 kilos presidir\u00e1 el stand del Oceanogr\u00e1fic en Fitur | El Digital de Asturias","og:description":"Una escultura de una beluga de ocho metros y 150 kilogramos ser\u00e1 el s\u00edmbolo principal del stand del Oceanogr\u00e0fic de la Ciudad de las Artes y las Ciencias de Valencia en la Feria Internacional de Turismo (Fitur), que se celebrar\u00e1 la pr\u00f3xima semana en Madrid del 20 al 24 de enero. La pieza, que ha","og:url":"https:\/\/eldigitaldeasturias.com\/magazine365\/una-beluga-de-ocho-metros-y-150-kilos-presidira-el-stand-del-oceanografic-en-fitur\/","og:image":"https:\/\/eldigitaldeasturias.com\/magazine365\/wp-content\/uploads\/2016\/01\/fotonoticia_20160114173617_800.jpg","og:image:secure_url":"https:\/\/eldigitaldeasturias.com\/magazine365\/wp-content\/uploads\/2016\/01\/fotonoticia_20160114173617_800.jpg","og:image:width":800,"og:image:height":579,"article:published_time":"2016-01-15T00:22:17+00:00","article:modified_time":"2016-01-15T00:22:17+00:00","twitter:card":"summary_large_image","twitter:title":"Una beluga de ocho metros y 150 kilos presidir\u00e1 el stand del Oceanogr\u00e1fic en Fitur | El Digital de Asturias","twitter:description":"Una escultura de una beluga de ocho metros y 150 kilogramos ser\u00e1 el s\u00edmbolo principal del stand del Oceanogr\u00e0fic de la Ciudad de las Artes y las Ciencias de Valencia en la Feria Internacional de Turismo (Fitur), que se celebrar\u00e1 la pr\u00f3xima semana en Madrid del 20 al 24 de enero. La pieza, que ha","twitter:image":"https:\/\/eldigitaldeasturias.com\/magazine365\/wp-content\/uploads\/2016\/01\/fotonoticia_20160114173617_800.jpg"},"aioseo_meta_data":{"post_id":"60712","title":null,"description":null,"keywords":null,"keyphrases":null,"primary_term":null,"canonical_url":null,"og_title":null,"og_description":null,"og_object_type":"default","og_image_type":"default","og_image_url":null,"og_image_width":null,"og_image_height":null,"og_image_custom_url":null,"og_image_custom_fields":null,"og_video":null,"og_custom_url":null,"og_article_section":null,"og_article_tags":null,"twitter_use_og":false,"twitter_card":"default","twitter_image_type":"default","twitter_image_url":null,"twitter_image_custom_url":null,"twitter_image_custom_fields":null,"twitter_title":null,"twitter_description":null,"schema":{"blockGraphs":[],"customGraphs":[],"default":{"data":{"Article":[],"Course":[],"Dataset":[],"FAQPage":[],"Movie":[],"Person":[],"Product":[],"ProductReview":[],"Car":[],"Recipe":[],"Service":[],"SoftwareApplication":[],"WebPage":[]},"graphName":"","isEnabled":true},"graphs":[],"defaultGraph":"","defaultPostTypeGraph":""},"schema_type":null,"schema_type_options":null,"pillar_content":false,"robots_default":true,"robots_noindex":false,"robots_noarchive":false,"robots_nosnippet":false,"robots_nofollow":false,"robots_noimageindex":false,"robots_noodp":false,"robots_notranslate":false,"robots_max_snippet":null,"robots_max_videopreview":null,"robots_max_imagepreview":"large","priority":null,"frequency":null,"location":null,"local_seo":null,"seo_analyzer_scan_date":"2025-09-25 07:24:03","breadcrumb_settings":null,"limit_modified_date":false,"open_ai":null,"ai":null,"created":"2021-03-08 21:57:16","updated":"2025-09-25 07:24:03"},"aioseo_breadcrumb":"<div class=\"aioseo-breadcrumbs\"><span class=\"aioseo-breadcrumb\">\n\t<a href=\"https:\/\/eldigitaldeasturias.com\/magazine365\" title=\"Home\">Home<\/a>\n<\/span><span class=\"aioseo-breadcrumb-separator\">\u2013<\/span><span class=\"aioseo-breadcrumb\">\n\t<a href=\"https:\/\/eldigitaldeasturias.com\/magazine365\/category\/noticias-actualidad\/\" title=\"Noticias y Actualidad\">Noticias y Actualidad<\/a>\n<\/span><span class=\"aioseo-breadcrumb-separator\">\u2013<\/span><span class=\"aioseo-breadcrumb\">\n\t<a href=\"https:\/\/eldigitaldeasturias.com\/magazine365\/una-beluga-de-ocho-metros-y-150-kilos-presidira-el-stand-del-oceanografic-en-fitur\/\" title=\"Una beluga de ocho metros y 150 kilos presidir\u00e1 el stand del Oceanogr\u00e1fic en Fitur\">Una beluga de ocho metros y 150 kilos presidir\u00e1 el stand del Oceanogr\u00e1fic en Fitur<\/a>\n<\/span><\/div>","aioseo_breadcrumb_json":[{"label":"Home","link":"https:\/\/eldigitaldeasturias.com\/magazine365"},{"label":"Noticias y Actualidad","link":"https:\/\/eldigitaldeasturias.com\/magazine365\/category\/noticias-actualidad\/"},{"label":"Una beluga de ocho metros y 150 kilos presidir\u00e1 el stand del Oceanogr\u00e1fic en Fitur","link":"https:\/\/eldigitaldeasturias.com\/magazine365\/una-beluga-de-ocho-metros-y-150-kilos-presidira-el-stand-del-oceanografic-en-fitur\/"}],"_links":{"self":[{"href":"https:\/\/eldigitaldeasturias.com\/magazine365\/wp-json\/wp\/v2\/posts\/60712","targetHints":{"allow":["GET"]}}],"collection":[{"href":"https:\/\/eldigitaldeasturias.com\/magazine365\/wp-json\/wp\/v2\/posts"}],"about":[{"href":"https:\/\/eldigitaldeasturias.com\/magazine365\/wp-json\/wp\/v2\/types\/post"}],"author":[{"embeddable":true,"href":"https:\/\/eldigitaldeasturias.com\/magazine365\/wp-json\/wp\/v2\/users\/1"}],"replies":[{"embeddable":true,"href":"https:\/\/eldigitaldeasturias.com\/magazine365\/wp-json\/wp\/v2\/comments?post=60712"}],"version-history":[{"count":0,"href":"https:\/\/eldigitaldeasturias.com\/magazine365\/wp-json\/wp\/v2\/posts\/60712\/revisions"}],"wp:featuredmedia":[{"embeddable":true,"href":"https:\/\/eldigitaldeasturias.com\/magazine365\/wp-json\/wp\/v2\/media\/60713"}],"wp:attachment":[{"href":"https:\/\/eldigitaldeasturias.com\/magazine365\/wp-json\/wp\/v2\/media?parent=60712"}],"wp:term":[{"taxonomy":"category","embeddable":true,"href":"https:\/\/eldigitaldeasturias.com\/magazine365\/wp-json\/wp\/v2\/categories?post=60712"},{"taxonomy":"post_tag","embeddable":true,"href":"https:\/\/eldigitaldeasturias.com\/magazine365\/wp-json\/wp\/v2\/tags?post=60712"}],"curies":[{"name":"wp","href":"https:\/\/api.w.org\/{rel}","templated":true}]}}